{"id":3189,"date":"2018-10-25T14:57:52","date_gmt":"2018-10-25T12:57:52","guid":{"rendered":"https:\/\/polowiec.pl\/?p=3189"},"modified":"2019-04-23T20:48:12","modified_gmt":"2019-04-23T18:48:12","slug":"legal-bulletin-of-the-law-office-of-adam-polowiec-1-october-2018-r-21-october-2018-r","status":"publish","type":"post","link":"https:\/\/polowiec.pl\/en\/legal-bulletin-of-the-law-office-of-adam-polowiec-1-october-2018-r-21-october-2018-r\/","title":{"rendered":"Legal Bulletin Of The Law Office Of Adam Polowiec (1 October 2018 r. \u2013 21 October 2018 r.)"},"content":{"rendered":"<div class=\"wpb-content-wrapper\"><p>[vc_row][vc_column][vc_column_text]We would like to present the next issue of legal bulletin of the Law Office of Adam Polowiec.<br \/>\nWhat you will find here is some information about the new provisions of law and the projects of amendments to acts, but also case-laws including the case laws of Supreme Court, Constitutional Tribunal and European Court of Justice.<\/p>\n<p><!--more--><\/p>\n<div>\n<p><strong>_____Nowe Prawo<\/strong><\/p>\n<p><strong>PRAWO MEDYCZNE<\/strong><br \/>\nUstawa z dnia 13 wrze\u015bnia 2018 r. o zmianie ustawy o \u015bwiadczeniach pieni\u0119\u017cnych z ubezpieczenia spo\u0142ecznego w razie choroby i macierzy\u0144stwa, ustawy o rehabilitacji zawodowej i spo\u0142ecznej oraz zatrudnianiu os\u00f3b niepe\u0142nosprawnych oraz ustawy o \u015bwiadczeniach opieki zdrowotnej finansowanych ze \u015brodk\u00f3w publicznych (Dz. U. z 2018 r., poz. 1925) \u2013 wejdzie w \u017cycie z dniem 23 pa\u017adziernika 2018 r.<br \/>\nW ustawie z dnia 25 czerwca 1999 r. o \u015bwiadczeniach pieni\u0119\u017cnych z ubezpieczenia spo\u0142ecznego w razie choroby i macierzy\u0144stwa (Dz. U. z 2017 r. poz. 1368 oraz z 2018 r. poz. 1076, 1544, 1629 i 1669) zmianie ulegnie brzmienie art. 60, dodaje si\u0119 art. 54a.<br \/>\nW ustawie z dnia 27 sierpnia 2004 r. o \u015bwiadczeniach opieki zdrowotnej finansowanych ze \u015brodk\u00f3w publicznych (Dz. U. z 2018 r. poz. 1510, 1515, 1532, 1544, 1552 i 1669) w art. 97 w ust. 3 dodaje si\u0119 pkt 4c, w art. 117 w ust. 1 dodaje si\u0119 pkt 4a.<br \/>\nRozporz\u0105dzenie Ministra Zdrowia z dnia 27 wrze\u015bnia 2018 r. zmieniaj\u0105ce rozporz\u0105dzenie w sprawie wzor\u00f3w deklaracji wyboru \u015bwiadczeniodawcy udzielaj\u0105cego \u015bwiadcze\u0144 z zakresu podstawowej opieki zdrowotnej (Dz. U. z 2018 r., poz. 1852) \u2013 wesz\u0142o w \u017cycie z dniem 30 wrze\u015bnia 2018 r.<br \/>\nW rozporz\u0105dzeniu Ministra Zdrowia z dnia 12 czerwca 2018 r. w sprawie wzor\u00f3w deklaracji wyboru \u015bwiadczeniodawcy udzielaj\u0105cego \u015bwiadcze\u0144 z zakresu podstawowej opieki zdrowotnej (Dz. U. poz. 1295) zmianie uleg\u0142o brzmienie \u00a7 2.<br \/>\nRozporz\u0105dzenie Ministra Zdrowia z dnia 11 pa\u017adziernika 2018 r. zmieniaj\u0105ce rozporz\u0105dzenie w sprawie podzia\u0142u kwoty \u015brodk\u00f3w finansowych w 2018 r. stanowi\u0105cej wzrost ca\u0142kowitego bud\u017cetu na refundacj\u0119 (Dz. U. z 2018 r., poz. 1962) \u2013 wesz\u0142o w \u017cycie z dniem 16 pa\u017adziernika 2018 r.<br \/>\nW rozporz\u0105dzeniu Ministra Zdrowia z dnia 28 sierpnia 2017 r. w sprawie podzia\u0142u kwoty \u015brodk\u00f3w finansowych w 2018 r. stanowi\u0105cej wzrost ca\u0142kowitego bud\u017cetu na refundacj\u0119 (Dz. U. poz. 1638) w \u00a7 2 wyrazy &#8220;70 000 000 z\u0142&#8221; zast\u0119puje si\u0119 wyrazami &#8220;295 071 000 z\u0142&#8221;; w \u00a7 3 wyrazy &#8220;3 222 000 z\u0142&#8221; zast\u0119puje si\u0119 wyrazami &#8220;26 040 000 z\u0142&#8221;; w \u00a7 4 wyrazy &#8220;534 899 000 z\u0142&#8221; zast\u0119puje si\u0119 wyrazami &#8220;810 078 000 z\u0142&#8221;.<br \/>\nRozporz\u0105dzenie Ministra Zdrowia z dnia 12 pa\u017adziernika 2018 r. w sprawie wzor\u00f3w dokument\u00f3w przedk\u0142adanych w zwi\u0105zku z badaniem klinicznym produktu leczniczego oraz op\u0142at za z\u0142o\u017cenie wniosku o rozpocz\u0119cie badania klinicznego (Dz. U. z 2018 r., poz. 1994) \u2013 wesz\u0142o w \u017cycie z dniem 18 pa\u017adziernika 2018 r.<br \/>\nUstawa z dnia 13 wrze\u015bnia 2018 r. o zmianie ustawy o sposobie ustalania najni\u017cszego wynagrodzenia zasadniczego pracownik\u00f3w wykonuj\u0105cych zawody medyczne zatrudnionych w podmiotach leczniczych oraz ustawy o zmianie ustawy o Pa\u0144stwowym Ratownictwie Medycznym oraz niekt\u00f3rych innych ustaw (Dz. U. z 2018 r., poz. 1942) \u2013 wejdzie w \u017cycie z dniem 25 pa\u017adziernika 2018 r.<br \/>\nW ustawie z dnia 8 czerwca 2017 r. o sposobie ustalania najni\u017cszego wynagrodzenia zasadniczego pracownik\u00f3w wykonuj\u0105cych zawody medyczne zatrudnionych w podmiotach leczniczych (Dz. U. poz. 1473) zmianie ulegnie brzmienie tytu\u0142u ustawy, art. 1, art. 2, art. 3, za\u0142\u0105cznika do ustawy.<br \/>\nW ustawie z dnia 10 maja 2018 r. o zmianie ustawy o Pa\u0144stwowym Ratownictwie Medycznym oraz niekt\u00f3rych innych ustaw (Dz. U. poz. 1115) dodaje si\u0119 art. 21a i art. 21b, zmianie ulegnie brzmienie art. 25.<\/p>\n<p><strong>PRAWO BUDOWLANE<\/strong><br \/>\nRozporz\u0105dzenie Ministra Infrastruktury z dnia 13 wrze\u015bnia 2018 r. zmieniaj\u0105ce rozporz\u0105dzenie w sprawie warunk\u00f3w technicznych, jakim powinny odpowiada\u0107 skrzy\u017cowania linii kolejowych oraz bocznic kolejowych z drogami i ich usytuowanie<br \/>\n(Dz.U.2018.1876) \u2013 wesz\u0142o w \u017cycie z dniem 17 pa\u017adziernika 2018 r.<br \/>\nW rozporz\u0105dzeniu Ministra Infrastruktury i Rozwoju z dnia 20 pa\u017adziernika 2015 r. w sprawie warunk\u00f3w technicznych, jakim powinny odpowiada\u0107 skrzy\u017cowania linii kolejowych oraz bocznic kolejowych z drogami i ich usytuowanie (Dz. U. poz. 1744) zmianie ulegnie brzmienie \u00a7 2, \u00a7 3 pkt 9, \u00a7 5, \u00a7 6, \u00a7 10 wprowadzenie do wyliczenia, \u00a7 16 ust. 2 pkt 2, \u00a7 21 ust. 1, \u00a7 22, \u00a7 25, \u00a7 28, \u00a7 29, \u00a7 36, \u00a7 39, \u00a7 40, \u00a7 50, \u00a7 51, \u00a7 53, \u00a7 58 ust. 2 pkt 4, \u00a7 61 ust. 3, \u00a7 71 ust. 2, \u00a7 77 ust. 3, \u00a7 82 ust. 1, \u00a7 84, za\u0142\u0105cznika nr 1, 3, 4 do rozporz\u0105dzenia, w \u00a7 11 dodaje si\u0119 ust. 5, dodaje si\u0119 \u00a7 15a, w \u00a7 20 dodaje si\u0119 zdanie trzecie, w \u00a7 26 dodaje si\u0119 ust. 6, w \u00a7 49 dodaje si\u0119 ust. 1a, w \u00a7 52 wyraz &#8220;przej\u015bcia&#8221; zast\u0119puje si\u0119 wyrazem &#8220;przej\u015bciach&#8221;, w \u00a7 65 dotychczasow\u0105 tre\u015b\u0107 oznacza si\u0119 jako ust. 1 i dodaje si\u0119 ust. 2, dodaje si\u0119 \u00a7 74a, w \u00a7 80 dotychczasow\u0105 tre\u015b\u0107 oznacza si\u0119 jako ust. 1 i dodaje si\u0119 ust. 2, w \u00a7 81 w pkt 4 po lit. b dodaje si\u0119 lit. ba, w \u00a7 83 dodaje si\u0119 ust. 1a.<\/p>\n<p><strong>PRAWO ZAM\u00d3WIE\u0143 PUBLICZNYCH<\/strong><br \/>\nRozporz\u0105dzenie Ministra Przedsi\u0119biorczo\u015bci i Technologii z dnia 16 pa\u017adziernika 2018 r. zmieniaj\u0105ce rozporz\u0105dzenie w sprawie rodzaj\u00f3w dokument\u00f3w, jakich mo\u017ce \u017c\u0105da\u0107 zamawiaj\u0105cy od wykonawcy w post\u0119powaniu o udzielenie zam\u00f3wienia (Dz. U. z 2018 r., poz. 1993) \u2013 wesz\u0142o w \u017cycie z dniem 18 pa\u017adziernika 2018 r.<br \/>\nW rozporz\u0105dzeniu Ministra Rozwoju z dnia 26 lipca 2016 r. w sprawie rodzaj\u00f3w dokument\u00f3w, jakich mo\u017ce \u017c\u0105da\u0107 zamawiaj\u0105cy od wykonawcy w post\u0119powaniu o udzielenie zam\u00f3wienia (Dz. U. poz. 1126) zmianie uleg\u0142o brzmienie \u00a7 14, \u00a7 15, \u00a7 16 ust. 1.<br \/>\nRozporz\u0105dzenie Prezesa Rady Ministr\u00f3w z dnia 17 pa\u017adziernika 2018 r. zmieniaj\u0105ce rozporz\u0105dzenie w sprawie u\u017cycia \u015brodk\u00f3w komunikacji elektronicznej w post\u0119powaniu o udzielenie zam\u00f3wienia publicznego oraz udost\u0119pniania i przechowywania dokument\u00f3w elektronicznych (Dz. U. z 2018 r., poz. 1991) \u2013 wesz\u0142o w \u017cycie z dniem 18 pa\u017adziernika 2018 r.<br \/>\nW rozporz\u0105dzeniu Prezesa Rady Ministr\u00f3w z dnia 27 czerwca 2017 r. w sprawie u\u017cycia \u015brodk\u00f3w komunikacji elektronicznej w post\u0119powaniu o udzielenie zam\u00f3wienia publicznego oraz udost\u0119pniania i przechowywania dokument\u00f3w elektronicznych (Dz. U. poz. 1320) zmianie uleg\u0142o brzmienie \u00a7 3, \u00a7 5 ust. 1 i 2, w \u00a7 7 dodaje si\u0119 ust. 2a.<br \/>\nRozporz\u0105dzenie Prezesa Rady Ministr\u00f3w z dnia 17 pa\u017adziernika 2018 r. zmieniaj\u0105ce rozporz\u0105dzenie w sprawie regulaminu post\u0119powania przy rozpoznawaniu odwo\u0142a\u0144 (Dz. U. z 2018 r., poz. 1992) \u2013 wesz\u0142o w \u017cycie z dniem 18 pa\u017adziernika 2018 r.<br \/>\nW rozporz\u0105dzeniu Prezesa Rady Ministr\u00f3w z dnia 22 marca 2010 r. w sprawie regulaminu post\u0119powania przy rozpoznawaniu odwo\u0142a\u0144 (Dz. U. z 2018 r. poz. 1092) zmianie uleg\u0142o brzmienie \u00a7 4 ust. 1 pkt 1 i 2, \u00a7 5, \u00a7 8 ust. 1, \u00a7 10, \u00a7 25 ust. 2.<\/p>\n<p><strong>PRAWO PRACY<\/strong><br \/>\nRozporz\u0105dzenie Ministra Rodziny, Pracy i Polityki Spo\u0142ecznej z dnia 27 wrze\u015bnia 2018 r.<br \/>\nzmieniaj\u0105ce rozporz\u0105dzenie w sprawie ustalenia wzor\u00f3w deklaracji sk\u0142adanych Zarz\u0105dowi Pa\u0144stwowego Funduszu Rehabilitacji Os\u00f3b Niepe\u0142nosprawnych przez pracodawc\u00f3w zobowi\u0105zanych do wp\u0142at na ten Fundusz (Dz. U. z 2018 r., poz. 1863) \u2013 wesz\u0142o w \u017cycie z dniem 1 pa\u017adziernika 2018 r.<br \/>\nW rozporz\u0105dzeniu Ministra Rodziny, Pracy i Polityki Spo\u0142ecznej z dnia 22 czerwca 2016 r. w sprawie ustalenia wzor\u00f3w deklaracji sk\u0142adanych Zarz\u0105dowi Pa\u0144stwowego Funduszu Rehabilitacji Os\u00f3b Niepe\u0142nosprawnych przez pracodawc\u00f3w zobowi\u0105zanych do wp\u0142at na ten Fundusz (Dz. U. poz. 956 oraz z 2017 r. poz. 2091) zmianie uleg\u0142o brzmienie za\u0142\u0105cznik\u00f3w nr 1-3, 7 i 10 do rozporz\u0105dzenia<br \/>\nRozporz\u0105dzenie Ministra Rodziny, Pracy i Polityki Spo\u0142ecznej z dnia 27 wrze\u015bnia 2018 r.<br \/>\nw sprawie przyznawania \u015brodk\u00f3w na podj\u0119cie dzia\u0142alno\u015bci na zasadach okre\u015blonych dla sp\u00f3\u0142dzielni socjalnych, utworzenie stanowiska pracy oraz na finansowanie koszt\u00f3w wynagrodzenia skierowanej osoby w sp\u00f3\u0142dzielni socjalnej (Dz. U. z 2018 r., poz. 1859) \u2013 wesz\u0142o w \u017cycie z dniem 1 pa\u017adziernika 2018 r.<br \/>\nRozporz\u0105dzenie Ministra Rodziny, Pracy i Polityki Spo\u0142ecznej z dnia 27 wrze\u015bnia 2018 r.<br \/>\nw sprawie okre\u015blenia wzor\u00f3w miesi\u0119cznych i rocznych informacji o zatrudnieniu, kszta\u0142ceniu lub o dzia\u0142alno\u015bci na rzecz os\u00f3b niepe\u0142nosprawnych (Dz. U. z 2018 r., poz. 1857) \u2013 wesz\u0142o w \u017cycie z dniem 1 pa\u017adziernika 2018 r.<br \/>\nRozporz\u0105dzenie Ministra Rodziny, Pracy i Polityki Spo\u0142ecznej z dnia 27 wrze\u015bnia 2018 r.<br \/>\nw sprawie informacji dotycz\u0105cych kwot obni\u017cenia wp\u0142at na Pa\u0144stwowy Fundusz Rehabilitacji Os\u00f3b Niepe\u0142nosprawnych oraz ewidencji wystawionych informacji o kwocie obni\u017cenia (Dz. U. z 2018 r., poz. 1858) \u2013 wesz\u0142o w \u017cycie z dniem 1 pa\u017adziernika 2018 r.<\/p>\n<p><strong>PRAWO PODATKOWE<\/strong><br \/>\nRozporz\u0105dzenie Ministra Finans\u00f3w z dnia 24 wrze\u015bnia 2018 r. zmieniaj\u0105ce rozporz\u0105dzenie w sprawie przypadk\u00f3w i trybu zwrotu podatku od towar\u00f3w i us\u0142ug si\u0142om zbrojnym, wielonarodowym kwaterom i dow\u00f3dztwom oraz ich personelowi cywilnemu (Dz. U. z 2018 r., poz. 1853) \u2013 wesz\u0142o w \u017cycie z dniem 1 pa\u017adziernika 2018 r.<br \/>\nW rozporz\u0105dzeniu Ministra Finans\u00f3w z dnia 22 grudnia 2011 r. w sprawie przypadk\u00f3w i trybu zwrotu podatku od towar\u00f3w i us\u0142ug si\u0142om zbrojnym, wielonarodowym kwaterom i dow\u00f3dztwom oraz ich personelowi cywilnemu (Dz. U. z 2018 r. poz. 980) zmianie uleg\u0142o brzmienie \u00a7 1 pkt 3, \u00a7 2, \u00a7 6 ust. 1, uchyla si\u0119 rozdzia\u0142 4, uchyla si\u0119 rozdzia\u0142 4b, dodaje si\u0119 rozdzia\u0142 4c.<\/p>\n<p><strong>PRAWO O USTROJ\u00d3W S\u0104D\u00d3W POWSZECHNYCH<\/strong><br \/>\nRozporz\u0105dzenie Ministra Sprawiedliwo\u015bci z dnia 26 wrze\u015bnia 2018 r. w sprawie zmiany rozporz\u0105dzenia zmieniaj\u0105cego rozporz\u0105dzenie &#8211; Regulamin urz\u0119dowania s\u0105d\u00f3w powszechnych (Dz. U. z 2018 r., poz. 1847) \u2013 wesz\u0142o w \u017cycie z dniem 29 wrze\u015bnia 2018 r.<br \/>\nW rozporz\u0105dzeniu Ministra Sprawiedliwo\u015bci z dnia 28 grudnia 2017 r. zmieniaj\u0105cym rozporz\u0105dzenie &#8211; Regulamin urz\u0119dowania s\u0105d\u00f3w powszechnych (Dz. U. poz. 2481 oraz z 2018 r. poz. 656 i 1732) zmianie uleg\u0142o brzmienie \u00a7 2 ust. 6 i 7.<\/p>\n<p><strong>MONITOROWANIE DROGOWE I KOLEJOWY PRZEW\u00d3Z TOWAR\u00d3W<\/strong><br \/>\nRozporz\u0105dzenie Ministra Finans\u00f3w z dnia 19 wrze\u015bnia 2018 r. w sprawie zg\u0142osze\u0144 przewozu towar\u00f3w (Dz. U. z 2018 r., poz. 1849) \u2013 wesz\u0142o w \u017cycie z dniem 1 pa\u017adziernika 2018 r., z wyj\u0105tkiem \u00a7 5:<br \/>\n1) ust. 2 &#8211; kt\u00f3ry wchodzi w \u017cycie z dniem 1 maja 2019 r.;<br \/>\n2) ust. 3 &#8211; kt\u00f3ry wchodzi w \u017cycie z dniem 1 sierpnia 2019 r.<br \/>\nRozporz\u0105dzenie Ministra Energii z dnia 27 wrze\u015bnia 2018 r. w sprawie wzoru \u015bwiadectwa jako\u015bci paliw sta\u0142ych (Dz. U. z 2018 r., poz. 1892) \u2013 wejdzie w \u017cycie z dniem 4 listopada 2018 r.<br \/>\nRozporz\u0105dzenie Ministra Energii z dnia 27 wrze\u015bnia 2018 r. w sprawie wymaga\u0144 jako\u015bciowych dla paliw sta\u0142ych (Dz. U. z 2018 r., poz. 1890) \u2013 wejdzie w \u017cycie z dniem 4 listopada 2018 r.<br \/>\nRozporz\u0105dzenie Ministra Energii z dnia 27 wrze\u015bnia 2018 r.<br \/>\nw sprawie sposobu pobierania pr\u00f3bek paliw sta\u0142ych (Dz.U.2018.1891) \u2013 wejdzie w \u017cycie z dniem 4 listopada 2018 r.<br \/>\nRozporz\u0105dzenie Ministra Energii z dnia 27 wrze\u015bnia 2018 r. w sprawie metod badania jako\u015bci paliw sta\u0142ych (Dz. U. z 2018 r., poz. 1893) \u2013 wejdzie w \u017cycie z dniem 4 listopada 2018 r.<br \/>\nRozporz\u0105dzenie Ministra Finans\u00f3w z dnia 19 wrze\u015bnia 2018 r. w sprawie wy\u0142\u0105czenia niekt\u00f3rych obowi\u0105zk\u00f3w w zakresie zg\u0142osze\u0144 przewozu towar\u00f3w (Dz. U. z 2018 r., poz. 1839) \u2013 wesz\u0142o w \u017cycie z dniem 1 pa\u017adziernika 2018 r.<\/p>\n<p><strong>PRZECIWDZIA\u0141ANIE PRANIU PIENI\u0118DZY ORAZ FINANSOWANIU TERRORYZMU<\/strong><br \/>\nRozporz\u0105dzenie Ministra Finans\u00f3w z dnia 4 pa\u017adziernika 2018 r. w sprawie przekazywania informacji o transakcjach oraz formularza identyfikuj\u0105cego instytucj\u0119 obowi\u0105zan\u0105 (Dz. U. z 2018 r., poz. 1946) \u2013 wesz\u0142o w \u017cycie z dniem 13 pa\u017adziernika 2018 r.<\/p>\n<p><strong>KIERUJ\u0104CY POJAZDAMI<\/strong><br \/>\nRozporz\u0105dzenie Ministra Zdrowia z dnia 4 pa\u017adziernika 2018 r. zmieniaj\u0105ce rozporz\u0105dzenie w sprawie bada\u0144 lekarskich os\u00f3b ubiegaj\u0105cych si\u0119 o uprawnienia do kierowania pojazdami i kierowc\u00f3w (Dz. U. z 2018 r., poz. 1938) \u2013 wesz\u0142o w \u017cycie z dniem 10 pa\u017adziernika 2018 r.<br \/>\nW rozporz\u0105dzeniu Ministra Zdrowia z dnia 17 lipca 2014 r. w sprawie bada\u0144 lekarskich os\u00f3b ubiegaj\u0105cych si\u0119 o uprawnienia do kierowania pojazdami i kierowc\u00f3w (Dz. U. z 2017 r. poz. 250 i 293 oraz z 2018 r. poz. 970) zmianie uleg\u0142o brzmienie za\u0142\u0105cznika nr 3, 7-9.<\/p>\n<p><strong>POMOC SPO\u0141ECZNA<\/strong><br \/>\nRozporz\u0105dzenie Ministra Rodziny, Pracy i Polityki Spo\u0142ecznej z dnia 27 wrze\u015bnia 2018 r. zmieniaj\u0105ce rozporz\u0105dzenie w sprawie udzielania pomocy cudzoziemcom (Dz. U. z 2018 r., poz. 1854) \u2013 wesz\u0142o w \u017cycie z dniem 1 pa\u017adziernika 2018 r.<br \/>\nW rozporz\u0105dzeniu Ministra Pracy i Polityki Spo\u0142ecznej z dnia 7 kwietnia 2015 r. w sprawie udzielania pomocy cudzoziemcom (Dz. U. z 2016 r. poz. 1837) zmianie uleg\u0142o brzmienie \u00a7 3 ust. 1 w pkt 1 lit. a.<\/p>\n<p><strong>KODEKS POST\u0118POWANIA W SPRAWACH O WYKROCZENIA<\/strong><br \/>\nRozporz\u0105dzenie Ministra Spraw Wewn\u0119trznych i Administracji z dnia 11 pa\u017adziernika 2018 r. zmieniaj\u0105ce rozporz\u0105dzenie w sprawie wykrocze\u0144, za kt\u00f3re stra\u017cnicy stra\u017cy gminnych s\u0105 uprawnieni do nak\u0142adania grzywien w drodze mandatu karnego (Dz. U. z 2018 r., poz. 1996) \u2013 wejdzie w \u017cycie z dniem 1 listopada 2018 r.<br \/>\nW rozporz\u0105dzeniu Ministra Spraw Wewn\u0119trznych i Administracji z dnia 17 listopada 2003 r. w sprawie wykrocze\u0144, za kt\u00f3re stra\u017cnicy stra\u017cy gminnych s\u0105 uprawnieni do nak\u0142adania grzywien w drodze mandatu karnego (Dz. U. poz. 2026, z p\u00f3\u017an. zm.) zmianie ulegnie brzmienie \u00a7 2.<\/p>\n<p><strong>PRAWO UNII EUROPEJSKIEJ<\/strong><br \/>\nRozporz\u0105dzenie delegowane Komisji (UE) 2018\/1298 z dnia 11 lipca 2018 r. zmieniaj\u0105ce rozporz\u0105dzenie Parlamentu Europejskiego i Rady (UE) nr 658\/2014 w odniesieniu do dostosowania do stopy inflacji wysoko\u015bci op\u0142at wnoszonych na rzecz Europejskiej Agencji Lek\u00f3w za prowadzenie dzia\u0142a\u0144 z zakresu nadzoru nad bezpiecze\u0144stwem farmakoterapii w odniesieniu do produkt\u00f3w leczniczych stosowanych u ludzi (Tekst maj\u0105cy znaczenie dla EOG.), C\/2018\/4364<br \/>\nRozporz\u0105dzenie Komisji (UE) 2018\/1461 z dnia 28 wrze\u015bnia 2018 r. zmieniaj\u0105ce za\u0142\u0105cznik II do rozporz\u0105dzenia Parlamentu Europejskiego i Rady (WE) nr 1333\/2008 oraz za\u0142\u0105cznik do rozporz\u0105dzenia Komisji (UE) nr 231\/2012 w odniesieniu do stosowania hydroksypropylocelulozy o niskim stopniu podstawienia (L-HPC) w suplementach diety (Tekst maj\u0105cy znaczenie dla EOG.), C\/2018\/6178<br \/>\nRozporz\u0105dzenie Komisji (UE) 2018\/1462 z dnia 28 wrze\u015bnia 2018 r. zmieniaj\u0105ce za\u0142\u0105cznik do rozporz\u0105dzenia (UE) nr 231\/2012 ustanawiaj\u0105cego specyfikacje dla dodatk\u00f3w do \u017cywno\u015bci wymienionych w za\u0142\u0105cznikach II i III do rozporz\u0105dzenia (WE) nr 1333\/2008 Parlamentu Europejskiego i Rady w odniesieniu do specyfikacji dla niekt\u00f3rych estr\u00f3w sorbitolu (E 491 monostearynian sorbitolu, E 492 tristearynian sorbitolu oraz E 495 monopalmitynian sorbitolu) (Tekst maj\u0105cy znaczenie dla EOG.), C\/2018\/6185<br \/>\nRozporz\u0105dzenie wykonawcze Komisji (UE) 2018\/1469 z dnia 1 pa\u017adziernika 2018 r. nak\u0142adaj\u0105ce ostateczne c\u0142o antydumpingowe na przyw\u00f3z niekt\u00f3rych rur i przewod\u00f3w bez szwu, z \u017celaza lub stali, pochodz\u0105cych z Rosji i Ukrainy, w nast\u0119pstwie przegl\u0105du wyga\u015bni\u0119cia na podstawie art. 11 ust. 2 rozporz\u0105dzenia Parlamentu Europejskiego i Rady (UE) 2016\/1036, C\/2018\/6260<br \/>\nRozporz\u0105dzenie Komisji (UE) 2018\/1472 z dnia 28 wrze\u015bnia 2018 r. zmieniaj\u0105ce za\u0142\u0105cznik II do rozporz\u0105dzenia Parlamentu Europejskiego i Rady (WE) nr 1333\/2008 oraz za\u0142\u0105cznik do rozporz\u0105dzenia Komisji (UE) nr 231\/2012 w odniesieniu do koszenili, kwasu karminowego, karmin\u00f3w (E 120) (Tekst maj\u0105cy znaczenie dla EOG.), C\/2018\/6192<br \/>\nRozporz\u0105dzenie Parlamentu Europejskiego i Rady (UE) 2018\/1240 z dnia 12 wrze\u015bnia 2018 r. ustanawiaj\u0105ce europejski system informacji o podr\u00f3\u017cy oraz zezwole\u0144 na podr\u00f3\u017c (ETIAS) i zmieniaj\u0105ce rozporz\u0105dzenia (UE) nr 1077\/2011, (UE) nr 515\/2014, (UE) 2016\/399, (UE) 2016\/1624 i (UE) 2017\/2226, PE\/21\/2018\/REV\/1<br \/>\nRozporz\u0105dzenie Parlamentu Europejskiego i Rady (UE) 2018\/1241 z dnia 12 wrze\u015bnia 2018 r. zmieniaj\u0105ce rozporz\u0105dzenie (UE) 2016\/794 w celu ustanowienia europejskiego systemu informacji o podr\u00f3\u017cy oraz zezwole\u0144 na podr\u00f3\u017c (ETIAS), PE\/22\/2018\/REV\/1<br \/>\nSprostowanie do rozporz\u0105dzenia Komisji (UE) 2018\/832 z dnia 5 czerwca 2018 r. zmieniaj\u0105cego za\u0142\u0105czniki II, III i V do rozporz\u0105dzenia (WE) nr 396\/2005 Parlamentu Europejskiego i Rady w odniesieniu do najwy\u017cszych dopuszczalnych poziom\u00f3w pozosta\u0142o\u015bci cyjanotraniliprolu, cymoksanilu, deltametryny, difenokonazolu, fenamidonu, flubendiamidu, fluopikolidu, folpetu, fosetylu, mandestrobiny, mepikwatu, metazachloru, propamokarbu, propargitu, pirymetanilu, sulfoksafloru i trifloksystrobiny w okre\u015blonych produktach lub na ich powierzchni (Dz.U. L 140 z 6.6.2018), C\/2018\/6407<br \/>\nRozporz\u0105dzenie wykonawcze Komisji (UE) 2018\/1473 z dnia 2 pa\u017adziernika 2018 r. ustalaj\u0105ce stopy procentowe, kt\u00f3re maj\u0105 by\u0107 stosowane do obliczania koszt\u00f3w finansowania \u015brodk\u00f3w interwencyjnych obejmuj\u0105cych zakup, przechowywanie i zbyt zapas\u00f3w, na rok bud\u017cetowy 2019 EFRG, C\/2018\/6310<br \/>\nRozporz\u0105dzenie Komisji (UE) 2018\/1472 z dnia 28 wrze\u015bnia 2018 r. zmieniaj\u0105ce za\u0142\u0105cznik II do rozporz\u0105dzenia Parlamentu Europejskiego i Rady (WE) nr 1333\/2008 oraz za\u0142\u0105cznik do rozporz\u0105dzenia Komisji (UE) nr 231\/2012 w odniesieniu do koszenili, kwasu karminowego, karmin\u00f3w (E 120) (Tekst maj\u0105cy znaczenie dla EOG.), C\/2018\/6192<br \/>\nRozporz\u0105dzenie wykonawcze Komisji (UE) 2018\/1473 z dnia 2 pa\u017adziernika 2018 r. ustalaj\u0105ce stopy procentowe, kt\u00f3re maj\u0105 by\u0107 stosowane do obliczania koszt\u00f3w finansowania \u015brodk\u00f3w interwencyjnych obejmuj\u0105cych zakup, przechowywanie i zbyt zapas\u00f3w, na rok bud\u017cetowy 2019 EFRG, C\/2018\/6310<br \/>\nRozporz\u0105dzenie Parlamentu Europejskiego i Rady (UE) 2018\/1240 z dnia 12 wrze\u015bnia 2018 r. ustanawiaj\u0105ce europejski system informacji o podr\u00f3\u017cy oraz zezwole\u0144 na podr\u00f3\u017c (ETIAS) i zmieniaj\u0105ce rozporz\u0105dzenia (UE) nr 1077\/2011, (UE) nr 515\/2014, (UE) 2016\/399, (UE) 2016\/1624 i (UE) 2017\/2226, PE\/21\/2018\/REV\/1<br \/>\nRozporz\u0105dzenie Parlamentu Europejskiego i Rady (UE) 2018\/1241 z dnia 12 wrze\u015bnia 2018 r. zmieniaj\u0105ce rozporz\u0105dzenie (UE) 2016\/794 w celu ustanowienia europejskiego systemu informacji o podr\u00f3\u017cy oraz zezwole\u0144 na podr\u00f3\u017c (ETIAS), PE\/22\/2018\/REV\/1<br \/>\nSprostowanie do rozporz\u0105dzenia Komisji (UE) 2017\/227 z dnia 9 lutego 2017 r. zmieniaj\u0105cego za\u0142\u0105cznik XVII do rozporz\u0105dzenia (WE) nr 1907\/2006 Parlamentu Europejskiego i Rady w sprawie rejestracji, oceny, udzielania zezwole\u0144 i stosowanych ogranicze\u0144 w zakresie chemikali\u00f3w (REACH) w odniesieniu do eteru bis(pentabromofenylowego) (Dz.U. L 35 z 10.2.2017)<br \/>\nSprostowanie do rozporz\u0105dzenia (WE) nr 1907\/2006 Parlamentu Europejskiego i Rady z dnia 18 grudnia 2006 r. w sprawie rejestracji, oceny, udzielania zezwole\u0144 i stosowanych ogranicze\u0144 w zakresie chemikali\u00f3w (REACH), utworzenia Europejskiej Agencji Chemikali\u00f3w, zmieniaj\u0105cego dyrektyw\u0119 1999\/45\/WE oraz uchylaj\u0105cego rozporz\u0105dzenie Rady (EWG) nr 793\/93 i rozporz\u0105dzenie Komisji (WE) nr 1488\/94, jak r\u00f3wnie\u017c dyrektyw\u0119 Rady 76\/769\/EWG i dyrektywy Komisji 91\/155\/EWG, 93\/67\/EWG, 93\/105\/WE i 2000\/21\/WE (Dz.U. L 396 z 30.12.2006), ST\/11601\/2018\/INIT<br \/>\nRozporz\u0105dzenie Komisji (UE) 2018\/1480 z dnia 4 pa\u017adziernika 2018 r. zmieniaj\u0105ce, w celu dostosowania do post\u0119pu naukowo-technicznego, rozporz\u0105dzenie Parlamentu Europejskiego i Rady (WE) nr 1272\/2008 w sprawie klasyfikacji, oznakowania i pakowania substancji i mieszanin, oraz w sprawie sprostowania rozporz\u0105dzenia Komisji (UE) 2017\/776 (Tekst maj\u0105cy znaczenie dla EOG.), C\/2018\/6348<br \/>\nRozporz\u0105dzenie Komisji (UE) 2018\/1482 z dnia 4 pa\u017adziernika 2018 r. zmieniaj\u0105ce za\u0142\u0105cznik I do rozporz\u0105dzenia Parlamentu Europejskiego i Rady (WE) nr 1334\/2008 w odniesieniu do kofeiny i teobrominy (Tekst maj\u0105cy znaczenie dla EOG.), C\/2018\/6355<br \/>\nRozporz\u0105dzenie Komisji (UE) 2018\/1481 z dnia 4 pa\u017adziernika 2018 r. zmieniaj\u0105ce za\u0142\u0105czniki II i III do rozporz\u0105dzenia Parlamentu Europejskiego i Rady (WE) nr 1333\/2008 oraz za\u0142\u0105cznik do rozporz\u0105dzenia Komisji (UE) nr 231\/2012 w odniesieniu do galusanu oktylu (E 311) i galusanu dodecylu (E 312) (Tekst maj\u0105cy znaczenie dla EOG.), C\/2018\/6353<br \/>\nRozporz\u0105dzenie Komisji (UE) 2018\/1497 z dnia 8 pa\u017adziernika 2018 r. zmieniaj\u0105ce za\u0142\u0105cznik II do rozporz\u0105dzenia Parlamentu Europejskiego i Rady (WE) nr 1333\/2008 w odniesieniu do kategorii \u017cywno\u015bci 17 i stosowania dodatk\u00f3w do \u017cywno\u015bci w suplementach diety (Tekst maj\u0105cy znaczenie dla EOG.), C\/2018\/6410<br \/>\nRozporz\u0105dzenie Rady (UE) 2018\/1488 z dnia 28 wrze\u015bnia 2018 r. w sprawie ustanowienia Wsp\u00f3lnego Przedsi\u0119wzi\u0119cia w dziedzinie Europejskich Oblicze\u0144 Wielkiej Skali, ST\/10594\/2018\/INIT<br \/>\nRozporz\u0105dzenie wykonawcze Komisji (UE) 2018\/1489 z dnia 3 pa\u017adziernika 2018 r. dotycz\u0105ce klasyfikacji niekt\u00f3rych towar\u00f3w wed\u0142ug Nomenklatury scalonej, C\/2018\/6586<br \/>\nRozporz\u0105dzenie wykonawcze Komisji (UE) 2018\/1501 z dnia 9 pa\u017adziernika 2018 r. w sprawie nieodnowienia zatwierdzenia substancji czynnej pimetrozyna, zgodnie z rozporz\u0105dzeniem Parlamentu Europejskiego i Rady (WE) nr 1107\/2009 dotycz\u0105cym wprowadzania do obrotu \u015brodk\u00f3w ochrony ro\u015blin, oraz w sprawie zmiany rozporz\u0105dzenia wykonawczego Komisji (UE) nr 540\/2011 (Tekst maj\u0105cy znaczenie dla EOG.), C\/2018\/6456<br \/>\nSprostowanie do rozporz\u0105dzenia Parlamentu Europejskiego i Rady (UE) nr 596\/2014 z dnia 16 kwietnia 2014 r. w sprawie nadu\u017cy\u0107 na rynku (rozporz\u0105dzenia w sprawie nadu\u017cy\u0107 na rynku) oraz uchylaj\u0105cego dyrektyw\u0119 2003\/6\/WE Parlamentu Europejskiego i Rady i dyrektywy Komisji 2003\/124\/WE, 2003\/125\/WE i 2004\/72\/WE (Dz.U. L 173 z 12.6.2014), ST\/15964\/2017\/INIT<br \/>\nRozporz\u0105dzenie wykonawcze Komisji (UE) 2018\/1495 z dnia 8 pa\u017adziernika 2018 r. zmieniaj\u0105ce rozporz\u0105dzenie wykonawcze (UE) nr 540\/2011 w odniesieniu do warunk\u00f3w zatwierdzenia substancji czynnej malation (Tekst maj\u0105cy znaczenie dla EOG.), C\/2018\/6453<br \/>\nRozporz\u0105dzenie Komisji (UE) 2018\/1515 z dnia 10 pa\u017adziernika 2018 r. zmieniaj\u0105ce za\u0142\u0105czniki III i V do rozporz\u0105dzenia (WE) nr 396\/2005 Parlamentu Europejskiego i Rady w odniesieniu do najwy\u017cszych dopuszczalnych poziom\u00f3w pozosta\u0142o\u015bci difenyloaminy i oksadiksylu w okre\u015blonych produktach lub na ich powierzchni (Tekst maj\u0105cy znaczenie dla EOG.), C\/2018\/6509<br \/>\nRozporz\u0105dzenie Komisji (UE) 2018\/1514 z dnia 10 pa\u017adziernika 2018 r. zmieniaj\u0105ce za\u0142\u0105czniki II, III i IV do rozporz\u0105dzenia (WE) nr 396\/2005 Parlamentu Europejskiego i Rady w odniesieniu do najwy\u017cszych dopuszczalnych poziom\u00f3w pozosta\u0142o\u015bci abamektyny, acibenzolaru-s-metylu, klopyralidu, emamektyny, fenheksamidu, fenpyrazaminy, fluazyfopu-P, izofetamidu, Pasteuria nishizawae Pn1, talku E553B i tebukonazolu w okre\u015blonych produktach lub na ich powierzchni (Tekst maj\u0105cy znaczenie dla EOG.), C\/2018\/6506<br \/>\nRozporz\u0105dzenie Komisji (UE) 2018\/1513 z dnia 10 pa\u017adziernika 2018 r. zmieniaj\u0105ce za\u0142\u0105cznik XVII do rozporz\u0105dzenia (WE) nr 1907\/2006 Parlamentu Europejskiego i Rady w sprawie rejestracji, oceny, udzielania zezwole\u0144 i stosowanych ogranicze\u0144 w zakresie chemikali\u00f3w (REACH) w odniesieniu do niekt\u00f3rych substancji sklasyfikowanych jako rakotw\u00f3rcze, mutagenne lub dzia\u0142aj\u0105ce szkodliwie na rozrodczo\u015b\u0107, kategorii 1A lub 1B (Tekst maj\u0105cy znaczenie dla EOG.), C\/2018\/6521<br \/>\nRozporz\u0105dzenie Komisji (UE) 2018\/1516 z dnia 10 pa\u017adziernika 2018 r. zmieniaj\u0105ce za\u0142\u0105czniki II i III do rozporz\u0105dzenia (WE) nr 396\/2005 Parlamentu Europejskiego i Rady w odniesieniu do najwy\u017cszych dopuszczalnych poziom\u00f3w pozosta\u0142o\u015bci penoksulamu, triflumizolu i triflumuronu w okre\u015blonych produktach lub na ich powierzchni (Tekst maj\u0105cy znaczenie dla EOG.), C\/2018\/6502<br \/>\nRozporz\u0105dzenie Komisji (UE) 2018\/1513 z dnia 10 pa\u017adziernika 2018 r. zmieniaj\u0105ce za\u0142\u0105cznik XVII do rozporz\u0105dzenia (WE) nr 1907\/2006 Parlamentu Europejskiego i Rady w sprawie rejestracji, oceny, udzielania zezwole\u0144 i stosowanych ogranicze\u0144 w zakresie chemikali\u00f3w (REACH) w odniesieniu do niekt\u00f3rych substancji sklasyfikowanych jako rakotw\u00f3rcze, mutagenne lub dzia\u0142aj\u0105ce szkodliwie na rozrodczo\u015b\u0107, kategorii 1A lub 1B (Tekst maj\u0105cy znaczenie dla EOG.), C\/2018\/6521<br \/>\nRozporz\u0105dzenie Komisji (UE) 2018\/1515 z dnia 10 pa\u017adziernika 2018 r. zmieniaj\u0105ce za\u0142\u0105czniki III i V do rozporz\u0105dzenia (WE) nr 396\/2005 Parlamentu Europejskiego i Rady w odniesieniu do najwy\u017cszych dopuszczalnych poziom\u00f3w pozosta\u0142o\u015bci difenyloaminy i oksadiksylu w okre\u015blonych produktach lub na ich powierzchni (Tekst maj\u0105cy znaczenie dla EOG.), C\/2018\/6509<br \/>\nRozporz\u0105dzenie Parlamentu Europejskiego i Rady (UE) 2018\/1504 z dnia 2 pa\u017adziernika 2018 r. uchylaj\u0105ce rozporz\u0105dzenie (UE) nr 256\/2014 w sprawie zg\u0142aszania Komisji projekt\u00f3w inwestycyjnych dotycz\u0105cych infrastruktury energetycznej w Unii Europejskiej, PE\/46\/2018\/REV\/1<br \/>\nSprostowanie do rozporz\u0105dzenia Parlamentu Europejskiego i Rady (UE) 2017\/2226 z dnia 30 listopada 2017 r. ustanawiaj\u0105cego system wjazdu\/wyjazdu (EES) w celu rejestrowania danych dotycz\u0105cych wjazdu i wyjazdu obywateli pa\u0144stw trzecich przekraczaj\u0105cych granice zewn\u0119trzne pa\u0144stw cz\u0142onkowskich i danych dotycz\u0105cych odmowy wjazdu w odniesieniu do takich obywateli oraz okre\u015blaj\u0105cego warunki dost\u0119pu do EES na potrzeby ochrony porz\u0105dku publicznego i zmieniaj\u0105cego konwencj\u0119 wykonawcz\u0105 do uk\u0142adu z Schengen i rozporz\u0105dzenia (WE) nr 767\/2008 i (UE) nr 1077\/2011 (Dz.U. L 327 z 9.12.2017), ST\/10215\/2018\/REV\/3<br \/>\nRozporz\u0105dzenie wykonawcze Komisji (UE) 2018\/1531 z dnia 10 pa\u017adziernika 2018 r. dotycz\u0105ce klasyfikacji niekt\u00f3rych towar\u00f3w wed\u0142ug Nomenklatury scalonej, C\/2018\/6769<br \/>\nRozporz\u0105dzenie wykonawcze Komisji (UE) 2018\/1532 z dnia 12 pa\u017adziernika 2018 r. w sprawie nieodnawiania zatwierdzenia substancji czynnej dikwat zgodnie z rozporz\u0105dzeniem Parlamentu Europejskiego i Rady (WE) nr 1107\/2009 dotycz\u0105cym wprowadzania do obrotu \u015brodk\u00f3w ochrony ro\u015blin, oraz w sprawie zmiany rozporz\u0105dzenia wykonawczego Komisji (UE) nr 540\/2011 (Tekst maj\u0105cy znaczenie dla EOG.), C\/2018\/6461<br \/>\nRozporz\u0105dzenie Komisji (UE) 2018\/1516 z dnia 10 pa\u017adziernika 2018 r. zmieniaj\u0105ce za\u0142\u0105czniki II i III do rozporz\u0105dzenia (WE) nr 396\/2005 Parlamentu Europejskiego i Rady w odniesieniu do najwy\u017cszych dopuszczalnych poziom\u00f3w pozosta\u0142o\u015bci penoksulamu, triflumizolu i triflumuronu w okre\u015blonych produktach lub na ich powierzchni (Tekst maj\u0105cy znaczenie dla EOG.), C\/2018\/6502<br \/>\nRozporz\u0105dzenie wykonawcze Komisji (UE) 2018\/1530 z dnia 10 pa\u017adziernika 2018 r. dotycz\u0105ce klasyfikacji niekt\u00f3rych towar\u00f3w wed\u0142ug Nomenklatury scalonej, C\/2018\/6768,<br \/>\nRozporz\u0105dzenie Rady (UE) 2018\/1541 z dnia 2 pa\u017adziernika 2018 r. zmieniaj\u0105ce rozporz\u0105dzenia (UE) nr 904\/2010 i (UE) 2017\/2454 w odniesieniu do \u015brodk\u00f3w wzmacniania wsp\u00f3\u0142pracy administracyjnej w dziedzinie podatku od warto\u015bci dodanej, ST\/10472\/2018\/INIT<br \/>\nSprostowanie do rozporz\u0105dzenia Parlamentu Europejskiego i Rady (UE) 2018\/848 z dnia 30 maja 2018 r. w sprawie produkcji ekologicznej i znakowania produkt\u00f3w ekologicznych i uchylaj\u0105cego rozporz\u0105dzenie Rady (WE) nr 834\/2007 (Dz.U. L 150 z 14.6.2018), ST\/12297\/2018\/INIT<br \/>\nRozporz\u0105dzenie wykonawcze Komisji (UE) 2018\/1557 z dnia 17 pa\u017adziernika 2018 r. zmieniaj\u0105ce rozporz\u0105dzenie wykonawcze (UE) 2016\/1368 ustanawiaj\u0105ce wykaz kluczowych wska\u017anik\u00f3w referencyjnych stosowanych na rynkach finansowych na podstawie rozporz\u0105dzenia Parlamentu Europejskiego i Rady (UE) 2016\/1011 (Tekst maj\u0105cy znaczenie dla EOG.), C\/2018\/6727<br \/>\nRozporz\u0105dzenie Komisji (UE) 2018\/1555 z dnia 17 pa\u017adziernika 2018 r. w sprawie odmowy udzielenia zezwolenia na niekt\u00f3re o\u015bwiadczenia zdrowotne dotycz\u0105ce \u017cywno\u015bci i odnosz\u0105ce si\u0119 do zmniejszenia ryzyka choroby (Tekst maj\u0105cy znaczenie dla EOG.), C\/2018\/5475<br \/>\nRozporz\u0105dzenie Komisji (UE) 2018\/1556 z dnia 17 pa\u017adziernika 2018 r. w sprawie odmowy udzielenia zezwolenia na niekt\u00f3re o\u015bwiadczenia zdrowotne dotycz\u0105ce \u017cywno\u015bci inne ni\u017c odnosz\u0105ce si\u0119 do zmniejszenia ryzyka choroby oraz rozwoju i zdrowia dzieci (Tekst maj\u0105cy znaczenie dla EOG.), C\/2018\/5476<br \/>\nRozporz\u0105dzenie wykonawcze Komisji (UE) 2018\/1551 z dnia 16 pa\u017adziernika 2018 r. uniewa\u017cniaj\u0105ce faktury wystawione przez dw\u00f3ch producent\u00f3w eksportuj\u0105cych z naruszeniem zobowi\u0105zania uchylonego rozporz\u0105dzeniem wykonawczym (UE) 2017\/1570, C\/2018\/6716<br \/>\nRozporz\u0105dzenie Rady (Euratom) 2018\/1563 z dnia 15 pa\u017adziernika 2018 r. w sprawie programu badawczo-szkoleniowego Europejskiej Wsp\u00f3lnoty Energii Atomowej (2019\u20132020) uzupe\u0142niaj\u0105cego \u201eHoryzont 2020\u201d \u2013 program ramowy w zakresie bada\u0144 naukowych i innowacji, a tak\u017ce uchylaj\u0105ce rozporz\u0105dzenie (Euratom) nr 1314\/2013, ST\/12431\/2018\/INIT<br \/>\nSprostowanie do rozporz\u0105dzenia Parlamentu Europejskiego i Rady (UE) 2018\/848 z dnia 30 maja 2018 r. w sprawie produkcji ekologicznej i znakowania produkt\u00f3w ekologicznych i uchylaj\u0105cego rozporz\u0105dzenie Rady (WE) nr 834\/2007 (Dz.U. L 260 z 17.10.2018).<\/p>\n<p><strong>ZARZ\u0104DZENIA PREZESA NARODOWEGO FUNDUSZU ZDROWIA<\/strong><br \/>\nZarz\u0105dzenie Nr 101\/2018\/DSOZ Prezesa Narodowego Funduszu Zdrowia z dnia 28 wrze\u015bnia 2018 r. zmieniaj\u0105ce zarz\u0105dzenie w sprawie warunk\u00f3w zawarcia i realizacji um\u00f3w o udzielanie \u015bwiadcze\u0144 opieki zdrowotnej w zakresie podstawowej opieki zdrowotnej &#8211; wchodzi w \u017cycie z dniem podpisania.<br \/>\nZarz\u0105dzenie Nr 102\/2018\/DGL Prezesa Narodowego Funduszu Zdrowia z dnia 28 wrze\u015bnia 2018 r. zmieniaj\u0105ce zarz\u0105dzenie w sprawie okre\u015blenia warunk\u00f3w zawierania i realizacji um\u00f3w w rodzaju leczenie szpitalne w zakresie chemioterapia &#8211; wchodzi w \u017cycie z dniem 1 pa\u017adziernika 2018 r.<br \/>\nZarz\u0105dzenie Nr 104\/2018\/DSOZ Prezesa Narodowego Funduszu Zdrowia z dnia 2 pa\u017adziernika 2018 r. zmieniaj\u0105ce zarz\u0105dzenie w sprawie warunk\u00f3w zawarcia i realizacji um\u00f3w o udzielanie \u015bwiadcze\u0144 opieki zdrowotnej w zakresie podstawowej opieki zdrowotnej &#8211; wchodzi w \u017cycie z dniem nast\u0119puj\u0105cym po dniu podpisania i znajduje zastosowanie do sprawozdawania \u015bwiadcze\u0144 udzielanych od dnia 1 pa\u017adziernika 2018 r.<br \/>\nZarz\u0105dzenie Nr 105\/2018\/DSOZ Prezesa Narodowego Funduszu Zdrowia z dnia 3 pa\u017adziernika 2018 r. zmieniaj\u0105ce zarz\u0105dzenie w sprawie okre\u015blenia warunk\u00f3w zawierania i realizacji um\u00f3w w rodzaju programy zdrowotne \u2013 w zakresach: profilaktyczne programy zdrowotne &#8211; wchodzi w \u017cycie po up\u0142ywie 30 dni od dnia podpisania i stosuje si\u0119 do rozliczania \u015bwiadcze\u0144 udzielanych od dnia 15 wrze\u015bnia 2018 r.<\/p>\n<p><strong>_____Orzecznictwo<\/strong><br \/>\n<strong>Trybuna\u0142 Konstytucyjny<\/strong><\/p>\n<p><strong>BRAK MO\u017bLIWO\u015aCI WNIESIENIA ZA\u017bALENIA NA POSTANOWIENIE S\u0104DU O POZBAWIENIU STATUSU STRONY PROCESOWEJ<\/strong><br \/>\nTrybuna\u0142 stwierdzi\u0142, \u017ce cho\u0107 wy\u0142\u0105czenie zaskar\u017calno\u015bci postanowie\u0144 wydawanych na podstawie art. 56 \u00a7 2 k.p.k. mo\u017ce by\u0107 uznane za przydatne do osi\u0105gni\u0119cia efektywno\u015bci, sprawno\u015bci i szybko\u015bci procesu karnego, a wi\u0119c warto\u015bci wsp\u00f3\u0142tworz\u0105cych przes\u0142ank\u0119 porz\u0105dku publicznego z art. 31 ust. 3 Konstytucji, to jednak nie spe\u0142nia ono przes\u0142anki konieczno\u015bci (niezb\u0119dno\u015bci). Dokonywana przez s\u0105d karny na podstawie art. 56 \u00a7 2 k.p.k. \u2013 niezaskar\u017calna na mocy art. 56 \u00a7 3 k.p.k. \u2013 ingerencja w prawo oskar\u017cyciela posi\u0142kowego ubocznego do udzia\u0142u w post\u0119powaniu s\u0105dowym ma charakter pe\u0142ny i definitywny &#8211; Wyrok Trybuna\u0142u Konstytucyjnego z dnia 3 pa\u017adziernika 2018 r., sygn. akt SK 5\/16.<\/p>\n<p><strong>ZASADY USTALANIA REGULAMINU WYNAGRADZANIA ORAZ REGULAMINU NAGR\u00d3D I PREMIOWANIA<\/strong><br \/>\nPracodawca, o kt\u00f3rym mowa w art. 772 \u00a7 1 i 12 k.p., ma \u201ebezwzgl\u0119dny\u201d obowi\u0105zek ustalenia regulaminu wynagradzania tak\u017ce w przypadku, gdy proponowane rozwi\u0105zania spotykaj\u0105 si\u0119 z negatywnym stanowiskiem jedynej organizacji zwi\u0105zkowej dzia\u0142aj\u0105cej u niego lub wsp\u00f3lnym negatywnym stanowiskiem organizacji zwi\u0105zkowych albo organizacji zwi\u0105zkowych reprezentatywnych. Pracodawca mo\u017ce zrealizowa\u0107 sw\u00f3j ustawowy obowi\u0105zek jedynie poprzez porozumienie z organizacjami zwi\u0105zkowymi. W ocenie wnioskodawcy oznacza\u0142o to na\u0142o\u017cenie na pracodawc\u0119 obowi\u0105zku niemo\u017cliwego do spe\u0142nienia, w przypadku negatywnego stanowiska organizacji zwi\u0105zkowych; z\u0142amanie zasady dobrowolno\u015bci rokowa\u0144, gdy\u017c jedna ze stron (pracodawca) jest zmuszona osi\u0105gn\u0105\u0107 porozumienie; niedopuszczalne ograniczenie wolno\u015bci dzia\u0142alno\u015bci gospodarczej z uwagi na niemo\u017cno\u015b\u0107 samodzielnego ustalania przez pracodawc\u0119 regulaminu wynagradzania w przypadku braku zgody organizacji zwi\u0105zkowych. Trybuna\u0142 nie podzieli\u0142 przekonania o istnieniu takiego bezwzgl\u0119dnego obowi\u0105zku i przypomnia\u0142, \u017ce sam regulamin wynagradzania ma charakter subsydiarny i tymczasowy i nie powinien zast\u0119powa\u0107 uk\u0142ad\u00f3w zbiorowych pracy &#8211; Wyrok Trybuna\u0142u Konstytucyjnego z dnia 2 pa\u017adziernika 2018 r., sygn. akt. K 26\/15.<\/p>\n<p><strong>S\u0105d Najwy\u017cszy<\/strong><\/p>\n<p><strong>USTALENIE PODSTAWY WYMIARU ZASI\u0141KU CHOROBOWEGO PO ZAKO\u0143CZENIU POBIERANIA ZASI\u0141KU MACIERZY\u0143SKIEGO<\/strong><br \/>\nOd dnia 1 stycznia 2016 r. wyst\u0105pienie po zako\u0144czeniu pobierania zasi\u0142ku macierzy\u0144skiego nieprzekraczaj\u0105cej 30 dni przerwy w podleganiu dobrowolnemu ubezpieczeniu chorobowemu przez ubezpieczonego nieb\u0119d\u0105cego pracownikiem powoduje, \u017ce podstaw\u0119 wymiaru zasi\u0142ku chorobowego dla tego ubezpieczonego ustala si\u0119 zgodnie z art. 48a ustawy z dnia 25 czerwca 1999 r. o \u015bwiadczeniach pieni\u0119\u017cnych z ubezpieczenia spo\u0142ecznego w razie choroby i macierzy\u0144stwa w brzmieniu nadanym ustaw\u0105 z dnia 15 maja 2015 r. o zmianie ustawy o \u015bwiadczeniach pieni\u0119\u017cnych z ubezpieczenia spo\u0142ecznego w razie choroby i macierzy\u0144stwa oraz niekt\u00f3rych innych ustaw, Dz. U. z 2015 r., poz. 1066), natomiast nie stosuje si\u0119 art. 43 w zwi\u0105zku z art. 48 ust. 2 tej ustawy \u2013 Uchwa\u0142a S\u0105du Najwy\u017cszego z dnia 4 pa\u017adziernika 2018 r., sygn. akt III UZP 6\/18.<\/p>\n<\/div>\n<p>[\/vc_column_text][\/vc_column][\/vc_row]<\/p>\n<\/div>","protected":false},"excerpt":{"rendered":"<p>[vc_row][vc_column][vc_column_text]We would like to present the next issue of legal bulletin of the Law Office of Adam Polowiec. What you will find here is some information about the new provisions of law and the projects of amendments to acts, but also case-laws including the case laws of Supreme Court, Constitutional Tribunal and European Court of [&hellip;]<\/p>\n","protected":false},"author":4,"featured_media":0,"comment_status":"closed","ping_status":"closed","sticky":false,"template":"","format":"standard","meta":{"footnotes":""},"categories":[11],"tags":[],"class_list":["post-3189","post","type-post","status-publish","format-standard","hentry","category-newsletters"],"featured_image_src":{"landsacpe":false,"list":false,"medium":false,"full":false},"yoast_head":"<!-- This site is optimized with the Yoast SEO plugin v27.2 - https:\/\/yoast.com\/product\/yoast-seo-wordpress\/ -->\n<title>Legal Bulletin Of The Law Office Of Adam Polowiec (1 October 2018 r. \u2013 21 October 2018 r.) - Polowiec i Wsp\u00f3lnicy - Kancelaria prawna<\/title>\n<meta name=\"robots\" content=\"index, follow, max-snippet:-1, max-image-preview:large, max-video-preview:-1\" \/>\n<link rel=\"canonical\" href=\"https:\/\/polowiec.pl\/en\/legal-bulletin-of-the-law-office-of-adam-polowiec-1-october-2018-r-21-october-2018-r\/\" \/>\n<meta property=\"og:locale\" content=\"en_US\" \/>\n<meta property=\"og:type\" content=\"article\" \/>\n<meta property=\"og:title\" content=\"Legal Bulletin Of The Law Office Of Adam Polowiec (1 October 2018 r. \u2013 21 October 2018 r.) - Polowiec i Wsp\u00f3lnicy - Kancelaria prawna\" \/>\n<meta property=\"og:description\" content=\"[vc_row][vc_column][vc_column_text]We would like to present the next issue of legal bulletin of the Law Office of Adam Polowiec. What you will find here is some information about the new provisions of law and the projects of amendments to acts, but also case-laws including the case laws of Supreme Court, Constitutional Tribunal and European Court of [&hellip;]\" \/>\n<meta property=\"og:url\" content=\"https:\/\/polowiec.pl\/en\/legal-bulletin-of-the-law-office-of-adam-polowiec-1-october-2018-r-21-october-2018-r\/\" \/>\n<meta property=\"og:site_name\" content=\"Polowiec i Wsp\u00f3lnicy - Kancelaria prawna\" \/>\n<meta property=\"article:publisher\" content=\"https:\/\/www.facebook.com\/polowieciwspolnicy\/\" \/>\n<meta property=\"article:published_time\" content=\"2018-10-25T12:57:52+00:00\" \/>\n<meta property=\"article:modified_time\" content=\"2019-04-23T18:48:12+00:00\" \/>\n<meta name=\"author\" content=\"Monika\" \/>\n<meta name=\"twitter:card\" content=\"summary_large_image\" \/>\n<meta name=\"twitter:label1\" content=\"Written by\" \/>\n\t<meta name=\"twitter:data1\" content=\"Monika\" \/>\n\t<meta name=\"twitter:label2\" content=\"Est. reading time\" \/>\n\t<meta name=\"twitter:data2\" content=\"24 minutes\" \/>\n<script type=\"application\/ld+json\" class=\"yoast-schema-graph\">{\"@context\":\"https:\/\/schema.org\",\"@graph\":[{\"@type\":\"Article\",\"@id\":\"https:\/\/polowiec.pl\/en\/legal-bulletin-of-the-law-office-of-adam-polowiec-1-october-2018-r-21-october-2018-r\/#article\",\"isPartOf\":{\"@id\":\"https:\/\/polowiec.pl\/en\/legal-bulletin-of-the-law-office-of-adam-polowiec-1-october-2018-r-21-october-2018-r\/\"},\"author\":{\"name\":\"Monika\",\"@id\":\"https:\/\/polowiec.pl\/en\/#\/schema\/person\/6178ac96ba1d4d590993734f8a0a6539\"},\"headline\":\"Legal Bulletin Of The Law Office Of Adam Polowiec (1 October 2018 r. \u2013 21 October 2018 r.)\",\"datePublished\":\"2018-10-25T12:57:52+00:00\",\"dateModified\":\"2019-04-23T18:48:12+00:00\",\"mainEntityOfPage\":{\"@id\":\"https:\/\/polowiec.pl\/en\/legal-bulletin-of-the-law-office-of-adam-polowiec-1-october-2018-r-21-october-2018-r\/\"},\"wordCount\":4804,\"publisher\":{\"@id\":\"https:\/\/polowiec.pl\/en\/#organization\"},\"articleSection\":[\"Newsletter\"],\"inLanguage\":\"en-US\"},{\"@type\":\"WebPage\",\"@id\":\"https:\/\/polowiec.pl\/en\/legal-bulletin-of-the-law-office-of-adam-polowiec-1-october-2018-r-21-october-2018-r\/\",\"url\":\"https:\/\/polowiec.pl\/en\/legal-bulletin-of-the-law-office-of-adam-polowiec-1-october-2018-r-21-october-2018-r\/\",\"name\":\"Legal Bulletin Of The Law Office Of Adam Polowiec (1 October 2018 r. \u2013 21 October 2018 r.) - Polowiec i Wsp\u00f3lnicy - Kancelaria prawna\",\"isPartOf\":{\"@id\":\"https:\/\/polowiec.pl\/en\/#website\"},\"datePublished\":\"2018-10-25T12:57:52+00:00\",\"dateModified\":\"2019-04-23T18:48:12+00:00\",\"breadcrumb\":{\"@id\":\"https:\/\/polowiec.pl\/en\/legal-bulletin-of-the-law-office-of-adam-polowiec-1-october-2018-r-21-october-2018-r\/#breadcrumb\"},\"inLanguage\":\"en-US\",\"potentialAction\":[{\"@type\":\"ReadAction\",\"target\":[\"https:\/\/polowiec.pl\/en\/legal-bulletin-of-the-law-office-of-adam-polowiec-1-october-2018-r-21-october-2018-r\/\"]}]},{\"@type\":\"BreadcrumbList\",\"@id\":\"https:\/\/polowiec.pl\/en\/legal-bulletin-of-the-law-office-of-adam-polowiec-1-october-2018-r-21-october-2018-r\/#breadcrumb\",\"itemListElement\":[{\"@type\":\"ListItem\",\"position\":1,\"name\":\"Strona g\u0142\u00f3wna\",\"item\":\"https:\/\/polowiec.pl\/en\/\"},{\"@type\":\"ListItem\",\"position\":2,\"name\":\"Legal Bulletin Of The Law Office Of Adam Polowiec (1 October 2018 r. \u2013 21 October 2018 r.)\"}]},{\"@type\":\"WebSite\",\"@id\":\"https:\/\/polowiec.pl\/en\/#website\",\"url\":\"https:\/\/polowiec.pl\/en\/\",\"name\":\"Polowiec i Wsp\u00f3lnicy - Kancelaria prawna\",\"description\":\"Obs\u0142uga prawna\",\"publisher\":{\"@id\":\"https:\/\/polowiec.pl\/en\/#organization\"},\"potentialAction\":[{\"@type\":\"SearchAction\",\"target\":{\"@type\":\"EntryPoint\",\"urlTemplate\":\"https:\/\/polowiec.pl\/en\/?s={search_term_string}\"},\"query-input\":{\"@type\":\"PropertyValueSpecification\",\"valueRequired\":true,\"valueName\":\"search_term_string\"}}],\"inLanguage\":\"en-US\"},{\"@type\":\"Organization\",\"@id\":\"https:\/\/polowiec.pl\/en\/#organization\",\"name\":\"Polowiec i Wsp\u00f3lnicy - Kancelaria prawna\",\"url\":\"https:\/\/polowiec.pl\/en\/\",\"logo\":{\"@type\":\"ImageObject\",\"inLanguage\":\"en-US\",\"@id\":\"https:\/\/polowiec.pl\/en\/#\/schema\/logo\/image\/\",\"url\":\"https:\/\/polowiec.pl\/wp-content\/uploads\/2018\/10\/polowiec_logo2-1.png\",\"contentUrl\":\"https:\/\/polowiec.pl\/wp-content\/uploads\/2018\/10\/polowiec_logo2-1.png\",\"width\":540,\"height\":381,\"caption\":\"Polowiec i Wsp\u00f3lnicy - Kancelaria prawna\"},\"image\":{\"@id\":\"https:\/\/polowiec.pl\/en\/#\/schema\/logo\/image\/\"},\"sameAs\":[\"https:\/\/www.facebook.com\/polowieciwspolnicy\/\",\"https:\/\/www.linkedin.com\/company\/polowiec-i-wsplnicy-sp.j.\/about\/\"]},{\"@type\":\"Person\",\"@id\":\"https:\/\/polowiec.pl\/en\/#\/schema\/person\/6178ac96ba1d4d590993734f8a0a6539\",\"name\":\"Monika\",\"image\":{\"@type\":\"ImageObject\",\"inLanguage\":\"en-US\",\"@id\":\"https:\/\/secure.gravatar.com\/avatar\/525d12775156493d0259a4384e9f7b0a0e6cc1c583cc1d0ae144bd6ca07140ea?s=96&d=mm&r=g\",\"url\":\"https:\/\/secure.gravatar.com\/avatar\/525d12775156493d0259a4384e9f7b0a0e6cc1c583cc1d0ae144bd6ca07140ea?s=96&d=mm&r=g\",\"contentUrl\":\"https:\/\/secure.gravatar.com\/avatar\/525d12775156493d0259a4384e9f7b0a0e6cc1c583cc1d0ae144bd6ca07140ea?s=96&d=mm&r=g\",\"caption\":\"Monika\"}}]}<\/script>\n<!-- \/ Yoast SEO plugin. -->","yoast_head_json":{"title":"Legal Bulletin Of The Law Office Of Adam Polowiec (1 October 2018 r. \u2013 21 October 2018 r.) - Polowiec i Wsp\u00f3lnicy - Kancelaria prawna","robots":{"index":"index","follow":"follow","max-snippet":"max-snippet:-1","max-image-preview":"max-image-preview:large","max-video-preview":"max-video-preview:-1"},"canonical":"https:\/\/polowiec.pl\/en\/legal-bulletin-of-the-law-office-of-adam-polowiec-1-october-2018-r-21-october-2018-r\/","og_locale":"en_US","og_type":"article","og_title":"Legal Bulletin Of The Law Office Of Adam Polowiec (1 October 2018 r. \u2013 21 October 2018 r.) - Polowiec i Wsp\u00f3lnicy - Kancelaria prawna","og_description":"[vc_row][vc_column][vc_column_text]We would like to present the next issue of legal bulletin of the Law Office of Adam Polowiec. What you will find here is some information about the new provisions of law and the projects of amendments to acts, but also case-laws including the case laws of Supreme Court, Constitutional Tribunal and European Court of [&hellip;]","og_url":"https:\/\/polowiec.pl\/en\/legal-bulletin-of-the-law-office-of-adam-polowiec-1-october-2018-r-21-october-2018-r\/","og_site_name":"Polowiec i Wsp\u00f3lnicy - Kancelaria prawna","article_publisher":"https:\/\/www.facebook.com\/polowieciwspolnicy\/","article_published_time":"2018-10-25T12:57:52+00:00","article_modified_time":"2019-04-23T18:48:12+00:00","author":"Monika","twitter_card":"summary_large_image","twitter_misc":{"Written by":"Monika","Est. reading time":"24 minutes"},"schema":{"@context":"https:\/\/schema.org","@graph":[{"@type":"Article","@id":"https:\/\/polowiec.pl\/en\/legal-bulletin-of-the-law-office-of-adam-polowiec-1-october-2018-r-21-october-2018-r\/#article","isPartOf":{"@id":"https:\/\/polowiec.pl\/en\/legal-bulletin-of-the-law-office-of-adam-polowiec-1-october-2018-r-21-october-2018-r\/"},"author":{"name":"Monika","@id":"https:\/\/polowiec.pl\/en\/#\/schema\/person\/6178ac96ba1d4d590993734f8a0a6539"},"headline":"Legal Bulletin Of The Law Office Of Adam Polowiec (1 October 2018 r. \u2013 21 October 2018 r.)","datePublished":"2018-10-25T12:57:52+00:00","dateModified":"2019-04-23T18:48:12+00:00","mainEntityOfPage":{"@id":"https:\/\/polowiec.pl\/en\/legal-bulletin-of-the-law-office-of-adam-polowiec-1-october-2018-r-21-october-2018-r\/"},"wordCount":4804,"publisher":{"@id":"https:\/\/polowiec.pl\/en\/#organization"},"articleSection":["Newsletter"],"inLanguage":"en-US"},{"@type":"WebPage","@id":"https:\/\/polowiec.pl\/en\/legal-bulletin-of-the-law-office-of-adam-polowiec-1-october-2018-r-21-october-2018-r\/","url":"https:\/\/polowiec.pl\/en\/legal-bulletin-of-the-law-office-of-adam-polowiec-1-october-2018-r-21-october-2018-r\/","name":"Legal Bulletin Of The Law Office Of Adam Polowiec (1 October 2018 r. \u2013 21 October 2018 r.) - Polowiec i Wsp\u00f3lnicy - Kancelaria prawna","isPartOf":{"@id":"https:\/\/polowiec.pl\/en\/#website"},"datePublished":"2018-10-25T12:57:52+00:00","dateModified":"2019-04-23T18:48:12+00:00","breadcrumb":{"@id":"https:\/\/polowiec.pl\/en\/legal-bulletin-of-the-law-office-of-adam-polowiec-1-october-2018-r-21-october-2018-r\/#breadcrumb"},"inLanguage":"en-US","potentialAction":[{"@type":"ReadAction","target":["https:\/\/polowiec.pl\/en\/legal-bulletin-of-the-law-office-of-adam-polowiec-1-october-2018-r-21-october-2018-r\/"]}]},{"@type":"BreadcrumbList","@id":"https:\/\/polowiec.pl\/en\/legal-bulletin-of-the-law-office-of-adam-polowiec-1-october-2018-r-21-october-2018-r\/#breadcrumb","itemListElement":[{"@type":"ListItem","position":1,"name":"Strona g\u0142\u00f3wna","item":"https:\/\/polowiec.pl\/en\/"},{"@type":"ListItem","position":2,"name":"Legal Bulletin Of The Law Office Of Adam Polowiec (1 October 2018 r. \u2013 21 October 2018 r.)"}]},{"@type":"WebSite","@id":"https:\/\/polowiec.pl\/en\/#website","url":"https:\/\/polowiec.pl\/en\/","name":"Polowiec i Wsp\u00f3lnicy - Kancelaria prawna","description":"Obs\u0142uga prawna","publisher":{"@id":"https:\/\/polowiec.pl\/en\/#organization"},"potentialAction":[{"@type":"SearchAction","target":{"@type":"EntryPoint","urlTemplate":"https:\/\/polowiec.pl\/en\/?s={search_term_string}"},"query-input":{"@type":"PropertyValueSpecification","valueRequired":true,"valueName":"search_term_string"}}],"inLanguage":"en-US"},{"@type":"Organization","@id":"https:\/\/polowiec.pl\/en\/#organization","name":"Polowiec i Wsp\u00f3lnicy - Kancelaria prawna","url":"https:\/\/polowiec.pl\/en\/","logo":{"@type":"ImageObject","inLanguage":"en-US","@id":"https:\/\/polowiec.pl\/en\/#\/schema\/logo\/image\/","url":"https:\/\/polowiec.pl\/wp-content\/uploads\/2018\/10\/polowiec_logo2-1.png","contentUrl":"https:\/\/polowiec.pl\/wp-content\/uploads\/2018\/10\/polowiec_logo2-1.png","width":540,"height":381,"caption":"Polowiec i Wsp\u00f3lnicy - Kancelaria prawna"},"image":{"@id":"https:\/\/polowiec.pl\/en\/#\/schema\/logo\/image\/"},"sameAs":["https:\/\/www.facebook.com\/polowieciwspolnicy\/","https:\/\/www.linkedin.com\/company\/polowiec-i-wsplnicy-sp.j.\/about\/"]},{"@type":"Person","@id":"https:\/\/polowiec.pl\/en\/#\/schema\/person\/6178ac96ba1d4d590993734f8a0a6539","name":"Monika","image":{"@type":"ImageObject","inLanguage":"en-US","@id":"https:\/\/secure.gravatar.com\/avatar\/525d12775156493d0259a4384e9f7b0a0e6cc1c583cc1d0ae144bd6ca07140ea?s=96&d=mm&r=g","url":"https:\/\/secure.gravatar.com\/avatar\/525d12775156493d0259a4384e9f7b0a0e6cc1c583cc1d0ae144bd6ca07140ea?s=96&d=mm&r=g","contentUrl":"https:\/\/secure.gravatar.com\/avatar\/525d12775156493d0259a4384e9f7b0a0e6cc1c583cc1d0ae144bd6ca07140ea?s=96&d=mm&r=g","caption":"Monika"}}]}},"_links":{"self":[{"href":"https:\/\/polowiec.pl\/en\/wp-json\/wp\/v2\/posts\/3189","targetHints":{"allow":["GET"]}}],"collection":[{"href":"https:\/\/polowiec.pl\/en\/wp-json\/wp\/v2\/posts"}],"about":[{"href":"https:\/\/polowiec.pl\/en\/wp-json\/wp\/v2\/types\/post"}],"author":[{"embeddable":true,"href":"https:\/\/polowiec.pl\/en\/wp-json\/wp\/v2\/users\/4"}],"replies":[{"embeddable":true,"href":"https:\/\/polowiec.pl\/en\/wp-json\/wp\/v2\/comments?post=3189"}],"version-history":[{"count":0,"href":"https:\/\/polowiec.pl\/en\/wp-json\/wp\/v2\/posts\/3189\/revisions"}],"wp:attachment":[{"href":"https:\/\/polowiec.pl\/en\/wp-json\/wp\/v2\/media?parent=3189"}],"wp:term":[{"taxonomy":"category","embeddable":true,"href":"https:\/\/polowiec.pl\/en\/wp-json\/wp\/v2\/categories?post=3189"},{"taxonomy":"post_tag","embeddable":true,"href":"https:\/\/polowiec.pl\/en\/wp-json\/wp\/v2\/tags?post=3189"}],"curies":[{"name":"wp","href":"https:\/\/api.w.org\/{rel}","templated":true}]}}