{"id":3195,"date":"2018-11-26T15:06:04","date_gmt":"2018-11-26T14:06:04","guid":{"rendered":"https:\/\/polowiec.pl\/?p=3195"},"modified":"2019-04-23T20:48:11","modified_gmt":"2019-04-23T18:48:11","slug":"legal-bulletin-of-the-law-office-of-adam-polowiec-22-october-2018-r-25-november-2018-r","status":"publish","type":"post","link":"https:\/\/polowiec.pl\/en\/legal-bulletin-of-the-law-office-of-adam-polowiec-22-october-2018-r-25-november-2018-r\/","title":{"rendered":"Legal Bulletin Of The Law Office Of Adam Polowiec (22 October 2018 r. \u2013 25 November 2018 r.)"},"content":{"rendered":"<div class=\"wpb-content-wrapper\"><p>[vc_row][vc_column][vc_column_text]We would like to present the next issue of legal bulletin of the Law Office of Adam Polowiec.<br \/>\nWhat you will find here is some information about the new provisions of law and the projects of amendments to acts, but also case-laws including the case laws of Supreme Court, Constitutional Tribunal and European Court of Justice.<\/p>\n<p><!--more--><\/p>\n<p><strong>_____Nowe Prawo<\/strong><\/p>\n<p><strong>PRAWO O RUCHU DROGOWYM<\/strong><br \/>\nUstawa z dnia 5 lipca 2018 r. o zmianie ustawy o transporcie drogowym oraz niekt\u00f3rych innych ustaw (Dz. U. z 2018 r., poz. 1481) \u2013 wesz\u0142a w \u017cycie z dniem 3 wrze\u015bnia 2018 r., z wyj\u0105tkiem:<br \/>\n1) art. 1 pkt 7, kt\u00f3ry wchodzi w \u017cycie po up\u0142ywie 14 dni od dnia og\u0142oszenia;<br \/>\n2) art. 1 pkt 8-10, kt\u00f3re wchodz\u0105 w \u017cycie po up\u0142ywie 3 miesi\u0119cy od dnia og\u0142oszenia.<br \/>\nZmianie uleg\u0142o brzmienie ustawy z dnia 6 wrze\u015bnia 2001 r. o transporcie drogowym (Dz. U. z 2017 r. poz. 2200, z p\u00f3\u017an. zm.), ustawy z dnia 20 czerwca 1997 r. &#8211; Prawo o ruchu drogowym (Dz. U. z 2017 r. poz. 1260, z p\u00f3\u017an. zm.), ustawy z dnia 24 sierpnia 2001 r. &#8211; Kodeks post\u0119powania w sprawach o wykroczenia (Dz. U. z 2018 r. poz. 475, 1039, 1387 i 1467), ustawy z dnia 19 sierpnia 2011 r. o przewozie towar\u00f3w niebezpiecznych (Dz. U. z 2018 r. poz. 169 i 650).<br \/>\nUstawa z dnia 8 grudnia 2017 r. o zmianie ustawy o drogach publicznych oraz niekt\u00f3rych innych ustaw (Dz. U. z 2018 r., poz. 12) \u2013 wesz\u0142a w \u017cycie z dniem 3 listopada 2018 r., z wyj\u0105tkiem:<br \/>\n1) art. 1 pkt 8 i 9, art. 2, art. 3 pkt 6 lit. a w zakresie art. 39f ust. 1 pkt 6 lit. a i c ustawy zmienianej w art. 3, w brzmieniu nadanym niniejsz\u0105 ustaw\u0105, lit. b i d oraz pkt 7 lit. a, art. 6, art. 8 ust. 3, art. 9, art. 12-15, kt\u00f3re wchodz\u0105 w \u017cycie z dniem nast\u0119puj\u0105cym po dniu og\u0142oszenia;<br \/>\n2) art. 3 pkt 3 oraz art. 4 pkt 4, kt\u00f3re wchodz\u0105 w \u017cycie po up\u0142ywie 14 dni od dnia og\u0142oszenia;<br \/>\n3) art. 1 pkt 3 oraz art. 4 pkt 7-9, kt\u00f3re wchodz\u0105 w \u017cycie po up\u0142ywie 6 miesi\u0119cy od dnia og\u0142oszenia;<br \/>\n4) art. 4 pkt 6, kt\u00f3ry wchodzi w \u017cycie z dniem 25 maja 2018 r.<br \/>\nZmianie uleg\u0142o brzmienie ustawy z dnia 21 marca 1985 r. o drogach publicznych (Dz. U. z 2017 r. poz. 2222), ustawy z dnia 7 lipca 1994 r. &#8211; Prawo budowlane (Dz. U. z 2017 r. poz. 1332 i 1529), ustawy z dnia 27 pa\u017adziernika 1994 r. o autostradach p\u0142atnych oraz o Krajowym Funduszu Drogowym (Dz. U. z 2017 r. poz. 1057), ustawy z dnia 6 wrze\u015bnia 2001 r. o transporcie drogowym (Dz. U. z 2017 r. poz. 2200), ustawy z dnia 12 stycznia 2007 r. o drogowych sp\u00f3\u0142kach specjalnego przeznaczenia (Dz. U. z 2017 r. poz. 2093).<br \/>\nRozporz\u0105dzenie Ministra Infrastruktury z dnia 17 pa\u017adziernika 2018 r. zmieniaj\u0105ce rozporz\u0105dzenie w sprawie wnoszenia i rozliczania op\u0142at elektronicznych (Dz. U. z 2018 r., poz. 2015) \u2013 wesz\u0142o w \u017cycie z dniem 3 listopada 2018 r.<br \/>\nZmianie uleg\u0142o brzmienie rozporz\u0105dzenia Ministra Infrastruktury i Rozwoju z dnia 27 sierpnia 2015 r. w sprawie wnoszenia i rozliczania op\u0142at elektronicznych (Dz. U. poz. 1406).<br \/>\nRozporz\u0105dzenie Ministra Infrastruktury z dnia 17 pa\u017adziernika 2018 r. w sprawie wzoru sprawozdania z prac badawczych zwi\u0105zanych z testowaniem pojazd\u00f3w autonomicznych oraz ich wyposa\u017cenia (Dz. U. z 2018 r., poz. 2023) \u2013 wesz\u0142o w \u017cycie z dniem 23 pa\u017adziernika 2018 r.<br \/>\nRozporz\u0105dzenie Ministra Infrastruktury z dnia 25 pa\u017adziernika 2018 r. w sprawie sposobu ustalania wyst\u0105pienia zagro\u017cenia bezpiecze\u0144stwa ruchu drogowego lub wyst\u0105pienia zdarzenia zmniejszaj\u0105cego stopie\u0144 tego bezpiecze\u0144stwa (Dz. U. z 2018 r., poz. 2063) \u2013 wesz\u0142o w \u017cycie z dniem 3 listopada 2018 r.<br \/>\nRozporz\u0105dzenie Rady Ministr\u00f3w z dnia 26 pa\u017adziernika 2018 r. zmieniaj\u0105ce rozporz\u0105dzenie w sprawie dr\u00f3g krajowych lub ich odcink\u00f3w, na kt\u00f3rych pobiera si\u0119 op\u0142at\u0119 elektroniczn\u0105, oraz wysoko\u015bci stawek op\u0142aty elektronicznej (Dz. U. z 2018 r., poz. 2071) \u2013 wesz\u0142o w \u017cycie z dniem 31 pa\u017adziernika 2018 r.<br \/>\nZmianie uleg\u0142o brzmienie rozporz\u0105dzenia Rady Ministr\u00f3w z dnia 22 marca 2011 r. w sprawie dr\u00f3g krajowych lub ich odcink\u00f3w, na kt\u00f3rych pobiera si\u0119 op\u0142at\u0119 elektroniczn\u0105, oraz wysoko\u015bci stawek op\u0142aty elektronicznej (Dz. U. z 2018 r. poz. 890).<br \/>\nUstawa z dnia 23 pa\u017adziernika 2018 r. o Funduszu Dr\u00f3g Samorz\u0105dowych (Dz. U. z 2018 r., poz. 2161) \u2013 wejdzie w \u017cycie z dniem 4 grudnia 2018 r., z wyj\u0105tkiem art. 5 ust. 1 pkt 1, 2, 4 i 5 oraz art. 40 i art. 41, kt\u00f3re wchodz\u0105 w \u017cycie z dniem 1 stycznia 2019 r.<\/p>\n<p><strong>DZIA\u0141ALNO\u015aCI PO\u017bYTKU PUBLICZNEGO I O WOLONTARIACIE<\/strong><br \/>\nRozporz\u0105dzenie Ministra Finans\u00f3w z dnia 22 pa\u017adziernika 2018 r. w sprawie prowadzenia uproszczonej ewidencji przychod\u00f3w i koszt\u00f3w przez niekt\u00f3re organizacje pozarz\u0105dowe oraz stowarzyszenia jednostek samorz\u0105du terytorialnego (Dz. U. z 2018 r., poz. 2050) \u2013 wesz\u0142o w \u017cycie z dniem 28 pa\u017adziernika 2018 r.<br \/>\nRozporz\u0105dzenie Ministra Finans\u00f3w z dnia 13 listopada 2018 r. w sprawie obowi\u0105zku badania sprawozda\u0144 finansowych organizacji po\u017cytku publicznego (Dz. U. z 2018 r., poz. 2148) \u2013 wesz\u0142o w \u017cycie z dniem 16 listopada 2018 r.<\/p>\n<p><strong>PRAWO PRACY<\/strong><br \/>\nRozporz\u0105dzenie Ministra Rodziny, Pracy i Polityki Spo\u0142ecznej z dnia 23 pa\u017adziernika 2018 r. zmieniaj\u0105ce rozporz\u0105dzenie w sprawie warunk\u00f3w wynagradzania za prac\u0119 i przyznawania innych \u015bwiadcze\u0144 zwi\u0105zanych z prac\u0105 dla pracownik\u00f3w zatrudnionych w pa\u0144stwowych jednostkach bud\u017cetowych resortu spraw wewn\u0119trznych i administracji (Dz. U. z 2018 r., poz. 2066) \u2013 wesz\u0142o w \u017cycie z dniem 14 listopada 2018 r.<br \/>\nZmianie uleg\u0142o brzmienie rozporz\u0105dzenia Ministra Pracy i Polityki Spo\u0142ecznej z dnia 30 kwietnia 2008 r. w sprawie warunk\u00f3w wynagradzania za prac\u0119 i przyznawania innych \u015bwiadcze\u0144 zwi\u0105zanych z prac\u0105 dla pracownik\u00f3w zatrudnionych w pa\u0144stwowych jednostkach bud\u017cetowych resortu spraw wewn\u0119trznych i administracji (Dz. U. z 2014 r. poz. 1056, z 2016 r. poz. 933 oraz z 2017 r. poz. 483).<br \/>\nRozporz\u0105dzenie Ministra Przedsi\u0119biorczo\u015bci i Technologii z dnia 22 pa\u017adziernika 2018 r. w sprawie bezpiecze\u0144stwa i higieny pracy przy obs\u0142udze \u017curawi wie\u017cowych i szybkomontuj\u0105cych (Dz.U.2018.2147) \u2013 wejdzie w \u017cycie z dniem 16 lutego 2019 r., z wyj\u0105tkiem \u00a7 20 i \u00a7 21, kt\u00f3re wchodz\u0105 w \u017cycie po up\u0142ywie 6 miesi\u0119cy od dnia og\u0142oszenia, oraz \u00a7 22, kt\u00f3ry wchodzi w \u017cycie po up\u0142ywie 12 miesi\u0119cy od dnia og\u0142oszenia.<br \/>\nRozporz\u0105dzenie Rady Ministr\u00f3w z dnia 30 pa\u017adziernika 2018 r. zmieniaj\u0105ce rozporz\u0105dzenie w sprawie zasad wynagradzania pracownik\u00f3w nieb\u0119d\u0105cych cz\u0142onkami korpusu s\u0142u\u017cby cywilnej zatrudnionych w urz\u0119dach administracji rz\u0105dowej i pracownik\u00f3w innych jednostek (Dz. U. z 2018 r., poz. 2131) \u2013 wejdzie w \u017cycie z dniem 28 listopada 2018 r.<br \/>\nZmianie ulegnie brzmienie rozporz\u0105dzenia Rady Ministr\u00f3w z dnia 2 lutego 2010 r. w sprawie zasad wynagradzania pracownik\u00f3w nieb\u0119d\u0105cych cz\u0142onkami korpusu s\u0142u\u017cby cywilnej zatrudnionych w urz\u0119dach administracji rz\u0105dowej i pracownik\u00f3w innych jednostek (Dz. U. poz. 134, z p\u00f3\u017an. zm.).<\/p>\n<p><strong>SYSTEMIE MONITOROWANIA DROGOWEGO I KOLEJOWEGO PRZEWOZU TOWAR\u00d3W<\/strong><br \/>\nRozporz\u0105dzenie Ministra Finans\u00f3w z dnia 14 sierpnia 2018 r. w sprawie dodatkowych danych podlegaj\u0105cych wskazaniu w zg\u0142oszeniu przewozu towar\u00f3w (Dz. U. z 2018 r., poz. 1663) \u2013 wesz\u0142o w \u017cycie z dniem 30 pa\u017adziernika 2018 r.<br \/>\nRozporz\u0105dzenie Ministra Energii z dnia 27 wrze\u015bnia 2018 r. w sprawie wzoru \u015bwiadectwa jako\u015bci paliw sta\u0142ych (Dz. U. z 2018 r., poz. 1892) \u2013 wesz\u0142o w \u017cycie z dniem 4 listopada 2018 r.<br \/>\nRozporz\u0105dzenie Ministra Energii z dnia 27 wrze\u015bnia 2018 r. w sprawie wymaga\u0144 jako\u015bciowych dla paliw sta\u0142ych (Dz. U. z 2018 r., poz. 1890) \u2013 wesz\u0142o w \u017cycie z dniem 4 listopada 2018 r.<br \/>\nRozporz\u0105dzenie Ministra Energii z dnia 27 wrze\u015bnia 2018 r. w sprawie sposobu pobierania pr\u00f3bek paliw sta\u0142ych (Dz. U. z 2018 r., poz. 1891) \u2013 wesz\u0142o w \u017cycie z dniem 4 listopada 2018 r.<br \/>\nRozporz\u0105dzenie Ministra Energii z dnia 27 wrze\u015bnia 2018 r. w sprawie metod badania jako\u015bci paliw sta\u0142ych (Dz. U. z 2018 r., poz. 1893) \u2013 wesz\u0142o w \u017cycie z dniem 4 listopada 2018 r.<\/p>\n<p><strong>PRAWO OCHRONY \u015aRODOWISKA<\/strong><br \/>\nRozporz\u0105dzenie Ministra \u015arodowiska z dnia 2 pa\u017adziernika 2018 r. zmieniaj\u0105ce rozporz\u0105dzenie w sprawie szczeg\u00f3\u0142owych warunk\u00f3w udzielania pomocy publicznej na cele z zakresu ochrony \u015brodowiska wynikaj\u0105ce z zamkni\u0119cia jednostek produkcyjnych w\u0119gla (Dz. U. z 2018 r., poz. 2005) \u2013 wesz\u0142o w \u017cycie z dniem 3 listopada 2018 r.<\/p>\n<p><strong>BEZPIECZE\u0143STWIE \u017bYWNO\u015aCI I \u017bYWIENIA<\/strong><br \/>\nRozporz\u0105dzenie Ministra Zdrowia z dnia 16 sierpnia 2018 r. zmieniaj\u0105ce rozporz\u0105dzenie w sprawie rozpuszczalnik\u00f3w ekstrakcyjnych, kt\u00f3re mog\u0105 by\u0107 stosowane w produkcji \u017cywno\u015bci (Dz. U. z 2018 r., poz. 1674) \u2013 wesz\u0142o w \u017cycie z dniem 9 listopada 2018 r.<br \/>\nZmianie uleg\u0142o brzmienie rozporz\u0105dzenia Ministra Zdrowia z dnia 4 wrze\u015bnia 2008 r. w sprawie rozpuszczalnik\u00f3w ekstrakcyjnych, kt\u00f3re mog\u0105 by\u0107 stosowane w produkcji \u017cywno\u015bci (Dz. U. poz. 1093 oraz z 2011 r. poz. 272).<br \/>\nUstawa z dnia 4 pa\u017adziernika 2018 r. o zmianie ustawy o produktach pochodzenia zwierz\u0119cego oraz ustawy o bezpiecze\u0144stwie \u017cywno\u015bci i \u017cywienia (Dz. U. z 2018 r., poz. 2136) \u2013 wejdzie w \u017cycie z dniem 1 stycznia 2019 r.<br \/>\nZmianie ulegnie brzmienie ustawy z dnia 16 grudnia 2005 r. o produktach pochodzenia zwierz\u0119cego (Dz. U. z 2017 r. poz. 242 i 471 oraz z 2018 r. poz. 650), ustawy z dnia 25 sierpnia 2006 r. o bezpiecze\u0144stwie \u017cywno\u015bci i \u017cywienia (Dz. U. z 2018 r. poz. 1541 i 1669).<\/p>\n<p><strong>SYSTEM UBEZPIECZE\u0143 SPO\u0141ECZNYCH<\/strong><br \/>\nUstawa z dnia 5 lipca 2018 r. o zmianie ustawy o systemie ubezpiecze\u0144 spo\u0142ecznych (Dz. U. z 2018 r., poz. 1613) \u2013 wesz\u0142a w \u017cycie z dniem 23 pa\u017adziernika 2018 r., z wyj\u0105tkiem art. 1 pkt 5, kt\u00f3ry wchodzi w \u017cycie po up\u0142ywie 14 dni od dnia og\u0142oszenia.<br \/>\nZmianie uleg\u0142o brzmienie ustawy z dnia 13 pa\u017adziernika 1998 r. o systemie ubezpiecze\u0144 spo\u0142ecznych (Dz. U. z 2017 r. poz. 1778, z p\u00f3\u017an. zm.).<\/p>\n<p><strong>\u015aWIADCZENIA PIENI\u0118\u017bNE Z UBEZPIECZENIA SPO\u0141ECZNEGO W RAZIE CHOROBY I MACIERZY\u0143STWA<\/strong><br \/>\nUstawa z dnia 13 wrze\u015bnia 2018 r. o zmianie ustawy o \u015bwiadczeniach pieni\u0119\u017cnych z ubezpieczenia spo\u0142ecznego w razie choroby i macierzy\u0144stwa, ustawy o rehabilitacji zawodowej i spo\u0142ecznej oraz zatrudnianiu os\u00f3b niepe\u0142nosprawnych oraz ustawy o \u015bwiadczeniach opieki zdrowotnej finansowanych ze \u015brodk\u00f3w publicznych (Dz. U. z 2018 r., poz. 1925) \u2013 wesz\u0142o w \u017cycie z dniem 23 pa\u017adziernika 2018 r.<br \/>\nZmianie uleg\u0142o brzmienie ustawy z dnia 25 czerwca 1999 r. o \u015bwiadczeniach pieni\u0119\u017cnych z ubezpieczenia spo\u0142ecznego w razie choroby i macierzy\u0144stwa (Dz. U. z 2017 r. poz. 1368 oraz z 2018 r. poz. 1076, 1544, 1629 i 1669), ustawy z dnia 27 sierpnia 1997 r. o rehabilitacji zawodowej i spo\u0142ecznej oraz zatrudnianiu os\u00f3b niepe\u0142nosprawnych (Dz. U. z 2018 r. poz. 511, 1000 i 1076), ustawy z dnia 27 sierpnia 2004 r. o \u015bwiadczeniach opieki zdrowotnej finansowanych ze \u015brodk\u00f3w publicznych (Dz. U. z 2018 r. poz. 1510, 1515, 1532, 1544, 1552 i 1669).<\/p>\n<p><strong>PRAWO MEDYCZNE<\/strong><br \/>\nUstawa z dnia 13 wrze\u015bnia 2018 r. o zmianie ustawy o sposobie ustalania najni\u017cszego wynagrodzenia zasadniczego pracownik\u00f3w wykonuj\u0105cych zawody medyczne zatrudnionych w podmiotach leczniczych oraz ustawy o zmianie ustawy o Pa\u0144stwowym Ratownictwie Medycznym oraz niekt\u00f3rych innych ustaw (Dz. U. z 2018 r., poz. 1942) \u2013 wesz\u0142a w \u017cycie z dniem 25 pa\u017adziernika 2018 r.<br \/>\nZmianie uleg\u0142o brzmienie ustawy z dnia 8 czerwca 2017 r. o sposobie ustalania najni\u017cszego wynagrodzenia zasadniczego pracownik\u00f3w wykonuj\u0105cych zawody medyczne zatrudnionych w podmiotach leczniczych (Dz. U. poz. 1473), ustawy z dnia 10 maja 2018 r. o zmianie ustawy o Pa\u0144stwowym Ratownictwie Medycznym oraz niekt\u00f3rych innych ustaw (Dz. U. poz. 1115).<br \/>\nUstawa z dnia 13 wrze\u015bnia 2018 r. o Centrum Medycznym Kszta\u0142cenia Podyplomowego (Dz. U. z 2018 r., poz. 2024) \u2013 wejdzie w \u017cycie z dniem 1 stycznia 2019 r., z wyj\u0105tkiem art. 18 ust. 3, kt\u00f3ry wchodzi w \u017cycie po up\u0142ywie 14 dni od dnia og\u0142oszenia.<br \/>\nRozporz\u0105dzenie Ministra Spraw Wewn\u0119trznych i Administracji z dnia 24 wrze\u015bnia 2018 r. w sprawie medycznego kursu kwalifikacyjnego ministra w\u0142a\u015bciwego do spraw wewn\u0119trznych (Dz. U. z 2018 r., poz. 1976) &#8211; wesz\u0142o w \u017cycie z dniem 31 pa\u017adziernika 2018 r.<br \/>\nUstawa z dnia 4 pa\u017adziernika 2018 r. zmieniaj\u0105ca ustaw\u0119 o zmianie ustawy o Pa\u0144stwowym Ratownictwie Medycznym oraz niekt\u00f3rych innych ustaw (Dz. U. z 2018 r., poz. 2130) &#8211; wesz\u0142a w \u017cycie z dniem 14 listopada 2018 r.<br \/>\nZmianie uleg\u0142o brzmienie ustawy z dnia 10 maja 2018 r. o zmianie ustawy o Pa\u0144stwowym Ratownictwie Medycznym oraz niekt\u00f3rych innych ustaw (Dz. U. poz. 1115 i 1942).<br \/>\nRozporz\u0105dzenie Ministra Zdrowia z dnia 11 pa\u017adziernika 2018 r. zmieniaj\u0105ce rozporz\u0105dzenie w sprawie \u015bwiadcze\u0144 gwarantowanych z zakresu leczenia szpitalnego (Dz. U. z 2018 r., poz. 2012) \u2013 wejdzie w \u017cycie z dniem 1 stycznia 2019 r., z wyj\u0105tkiem \u00a7 1 pkt 1:<br \/>\n1) lit. a w zakresie \u00a7 4 ust. 4 pkt 1,<br \/>\n2) lit. b<br \/>\n&#8211; kt\u00f3re wchodz\u0105 w \u017cycie po up\u0142ywie 14 dni od dnia og\u0142oszenia.<br \/>\nZmianie ulegnie brzmienie rozporz\u0105dzenia Ministra Zdrowia z dnia 22 listopada 2013 r. w sprawie \u015bwiadcze\u0144 gwarantowanych z zakresu leczenia szpitalnego (Dz. U. z 2017 r. poz. 2295).<br \/>\nRozporz\u0105dzenie Ministra Zdrowia z dnia 12 pa\u017adziernika 2018 r. w sprawie organizacji dyspozytorni medycznej (Dz. U. z 2018 r., poz. 2001) \u2013 wesz\u0142o w \u017cycie z dniem 18 listopada 2018 r., z wyj\u0105tkiem \u00a7 2 ust. 1 pkt 1-3, ust. 2 i 3 oraz \u00a7 3 ust. 1 pkt 6 i 7 lit. a i ust. 3 pkt 2 lit. a, kt\u00f3re wchodz\u0105 w \u017cycie z dniem 1 stycznia 2020 r.<br \/>\nRozporz\u0105dzenie Ministra Zdrowia z dnia 16 pa\u017adziernika 2018 r. zmieniaj\u0105ce rozporz\u0105dzenie w sprawie centrum urazowego dla dzieci (Dz. U. z 2018 r., poz. 2042) &#8211; wesz\u0142o w \u017cycie z dniem 9 listopada 2018 r.<br \/>\nZmianie uleg\u0142o brzmienie rozporz\u0105dzenia Ministra Zdrowia z dnia 25 stycznia 2016 r. w sprawie centrum urazowego dla dzieci (Dz. U. z 2018 r. poz. 558).<br \/>\nRozporz\u0105dzenie Ministra Zdrowia z dnia 26 pa\u017adziernika 2018 r. zmieniaj\u0105ce rozporz\u0105dzenie w sprawie okre\u015blenia wykazu \u015bwiadcze\u0144 opieki zdrowotnej wymagaj\u0105cych ustalenia odr\u0119bnego sposobu finansowania (Dz. U. z 2018 r., poz. 2056) &#8211; wesz\u0142o w \u017cycie z dniem 30 pa\u017adziernika 2018 r.<br \/>\nZmianie uleg\u0142o brzmienie rozporz\u0105dzenia Ministra Zdrowia z dnia 19 czerwca 2017 r. w sprawie okre\u015blenia wykazu \u015bwiadcze\u0144 opieki zdrowotnej wymagaj\u0105cych ustalenia odr\u0119bnego sposobu finansowania (Dz. U. poz. 1225 oraz z 2018 r. poz. 1558).<br \/>\nRozporz\u0105dzenie Ministra Zdrowia z dnia 8 listopada 2018 r. w sprawie wojew\u00f3dzkiego planu dzia\u0142ania systemu Pa\u0144stwowe Ratownictwo Medyczne (Dz. U. z 2018 r., poz. 2154) &#8211; wesz\u0142o w \u017cycie z dniem 17 listopada 2018 r.<br \/>\nRozporz\u0105dzenie Ministra Zdrowia z dnia 8 listopada 2018 r. w sprawie zmiany rozporz\u0105dzenia zmieniaj\u0105cego rozporz\u0105dzenie w sprawie sta\u017cu podyplomowego lekarza i lekarza dentysty (Dz. U. z 2018 r., poz. 2128) &#8211; wesz\u0142o w \u017cycie z dniem 10 listopada 2018 r.<br \/>\nZmianie uleg\u0142o brzmienie rozporz\u0105dzenia Ministra Zdrowia z dnia 24 listopada 2017 r. zmieniaj\u0105cym rozporz\u0105dzenie w sprawie sta\u017cu podyplomowego lekarza i lekarza dentysty (Dz. U. poz. 2194).<\/p>\n<p><strong>KRAJOWY SYSTEM CYBERBEZPIECZE\u0143STWA<\/strong><br \/>\nRozporz\u0105dzenie Rady Ministr\u00f3w z dnia 16 pa\u017adziernika 2018 r. w sprawie rodzaj\u00f3w dokumentacji dotycz\u0105cej cyberbezpiecze\u0144stwa systemu informacyjnego wykorzystywanego do \u015bwiadczenia us\u0142ugi kluczowej (Dz. U. z 2018 r., poz. 2080) \u2013 wesz\u0142o w \u017cycie z dniem 31 pa\u017adziernika 2018 r.<\/p>\n<p><strong>OBR\u00d3T INSTRUMENTAMI FINANSOWYMI<\/strong><br \/>\nRozporz\u0105dzenie Ministra Finans\u00f3w z dnia 12 pa\u017adziernika 2018 r. w sprawie obowi\u0105zk\u00f3w sprawozdawczych w zakresie obrotu papierami warto\u015bciowymi emitowanymi przez Skarb Pa\u0144stwa (Dz. U. z 2018 r., poz. 2064) \u2013 wesz\u0142o w \u017cycie z dniem 1 listopada 2018 r.<\/p>\n<p><strong>PRAWO PODATKOWE<\/strong><br \/>\nUstawa z dnia 4 pa\u017adziernika 2018 r. o zmianie ustawy o podatku dochodowym od os\u00f3b fizycznych oraz niekt\u00f3rych innych ustaw (Dz. U. z 2018 r., poz. 2126) \u2013 wejdzie w \u017cycie z dniem 1 stycznia 2019 r., z wyj\u0105tkiem:<br \/>\n1) art. 1 pkt 7 lit. b tiret drugie, kt\u00f3ry wchodzi w \u017cycie z dniem nast\u0119puj\u0105cym po dniu og\u0142oszenia;<br \/>\n2) art. 1 pkt 6 lit. a-c, art. 2 pkt 2, art. 4, art. 6 i art. 7, kt\u00f3re wchodz\u0105 w \u017cycie z dniem 1 stycznia 2020 r.<br \/>\nZmianie ulegnie brzmienie ustawy z dnia 26 lipca 1991 r. o podatku dochodowym od os\u00f3b fizycznych (Dz. U. z 2018 r. poz. 1509, z p\u00f3\u017an. zm.), ustawy z dnia 13 pa\u017adziernika 1995 r. o zasadach ewidencji i identyfikacji podatnik\u00f3w i p\u0142atnik\u00f3w (Dz. U. z 2017 r. poz. 869 i 2491 oraz z 2018 r. poz. 106, 650, 771 i 1629), ustawy z dnia 29 sierpnia 1997 r. &#8211; Ordynacja podatkowa (Dz. U. z 2018 r. poz. 800, z p\u00f3\u017an. zm.), ustawy z dnia 13 pa\u017adziernika 1998 r. o systemie ubezpiecze\u0144 spo\u0142ecznych (Dz. U. z 2017 r. poz. 1778, z p\u00f3\u017an. zm.), ustawy z dnia 20 listopada 1998 r. o zrycza\u0142towanym podatku dochodowym od niekt\u00f3rych przychod\u00f3w osi\u0105ganych przez osoby fizyczne (Dz. U. z 2017 r. poz. 2157 i 2175 oraz z 2018 r. poz. 650, 1291 i 1629).<br \/>\nUstawa z dnia 23 pa\u017adziernika 2018 r. o zmianie ustawy o podatku dochodowym od os\u00f3b fizycznych, ustawy o podatku dochodowym od os\u00f3b prawnych oraz niekt\u00f3rych innych ustaw (Dz. U. z 2018 r., poz. 2159) \u2013 wejdzie w \u017cycie z dniem 1 stycznia 2019 r., z wyj\u0105tkiem art. 11 i art. 12, kt\u00f3re wchodz\u0105 w \u017cycie z dniem nast\u0119puj\u0105cym po dniu og\u0142oszenia.<br \/>\nZmianie ulegnie brzmienie ustawy z dnia 26 lipca 1991 r. o podatku dochodowym od os\u00f3b fizycznych (Dz. U. z 2018 r. poz. 1509, z p\u00f3\u017an. zm.), ustawy z dnia 15 lutego 1992 r. o podatku dochodowym od os\u00f3b prawnych (Dz. U. z 2018 r. poz. 1036, z p\u00f3\u017an. zm.), ustawy z dnia 20 listopada 1998 r. o zrycza\u0142towanym podatku dochodowym od niekt\u00f3rych przychod\u00f3w osi\u0105ganych przez osoby fizyczne (Dz. U. z 2017 r. poz. 2157 i 2175 oraz z 2018 r. poz. 650, 1291, 1629 i 2126), ustawy z dnia 9 wrze\u015bnia 2000 r. o podatku od czynno\u015bci cywilnoprawnych (Dz. U. z 2017 r. poz. 1150), ustawy z dnia 25 wrze\u015bnia 2015 r. o zmianie niekt\u00f3rych ustaw w zwi\u0105zku ze wspieraniem innowacyjno\u015bci (Dz. U. poz. 1767, z 2016 r. poz. 1311 i 1933 oraz z 2017 r. poz. 2201), ustawy z dnia 16 grudnia 2016 r. &#8211; Przepisy wprowadzaj\u0105ce ustaw\u0119 o zasadach zarz\u0105dzania mieniem pa\u0144stwowym (Dz. U. poz. 2260 oraz z 2018 r. poz. 1669), ustawy z dnia 27 pa\u017adziernika 2017 r. o zmianie ustawy o podatku dochodowym od os\u00f3b fizycznych, ustawy o podatku dochodowym od os\u00f3b prawnych oraz ustawy o zrycza\u0142towanym podatku dochodowym od niekt\u00f3rych przychod\u00f3w osi\u0105ganych przez osoby fizyczne (Dz. U. poz. 2175).<\/p>\n<p><strong>PRAWO ZAM\u00d3WIE\u0143 PUBLICZNYCH<\/strong><br \/>\nRozporz\u0105dzenie Rady Ministr\u00f3w z dnia 18 pa\u017adziernika 2018 r. zmieniaj\u0105ce rozporz\u0105dzenie w sprawie wykazu dokument\u00f3w publicznych i druk\u00f3w o strategicznym znaczeniu dla bezpiecze\u0144stwa pa\u0144stwa (Dz. U. z 2018 r., poz. 2123) \u2013 wejdzie w \u017cycie z dniem 24 listopada 2018 r.<\/p>\n<p><strong>PRAWO KARNE<\/strong><br \/>\nUstawa z dnia 4 pa\u017adziernika 2018 r. o zmianie ustawy &#8211; Kodeks wykrocze\u0144 oraz niekt\u00f3rych innych ustaw (Dz. U. z 2018 r., poz. 2077) \u2013 wesz\u0142o w \u017cycie z dniem 15 listopada 2018 r., z wyj\u0105tkiem:<br \/>\n1) art. 2 i art. 4 pkt 1 lit. b, kt\u00f3re wchodz\u0105 w \u017cycie po up\u0142ywie 12 miesi\u0119cy od dnia og\u0142oszenia;<br \/>\n2) art. 4 pkt 2 lit. b i pkt 3, kt\u00f3re wchodz\u0105 w \u017cycie po up\u0142ywie 6 miesi\u0119cy od dnia og\u0142oszenia.<br \/>\nZmianie uleg\u0142o brzmienie ustawy z dnia 20 maja 1971 r. &#8211; Kodeks wykrocze\u0144 (Dz. U. z 2018 r. poz. 618 i 911), ustawy z dnia 6 kwietnia 1990 r. o Policji (Dz. U. z 2017 r. poz. 2067, z p\u00f3\u017an. zm.), ustawy z dnia 6 czerwca 1997 r. &#8211; Kodeks kamy (Dz. U. z 2018 r. poz. 1600), ustawy z dnia 24 sierpnia 2001 r. &#8211; Kodeks post\u0119powania w sprawach o wykroczenia (Dz. U. z 2018 r. poz. 475, 1039, 1387, 1467 i 1481), ustawy z dnia 20 kwietnia 2004 r. o promocji zatrudnienia i instytucjach rynku pracy (Dz. U. z 2018 r. poz. 1265, 1149, 1544, 1629 i 1669).<br \/>\nRozporz\u0105dzenie Ministra Spraw Wewn\u0119trznych i Administracji z dnia 11 pa\u017adziernika 2018 r. zmieniaj\u0105ce rozporz\u0105dzenie w sprawie wykrocze\u0144, za kt\u00f3re stra\u017cnicy stra\u017cy gminnych s\u0105 uprawnieni do nak\u0142adania grzywien w drodze mandatu karnego (Dz. U. z 2018 r., poz. 1996) \u2013 wesz\u0142o w \u017cycie z dniem 1 listopada 2018 r.<br \/>\nZmianie uleg\u0142o brzmienie rozporz\u0105dzenia Ministra Spraw Wewn\u0119trznych i Administracji z dnia 17 listopada 2003 r. w sprawie wykrocze\u0144, za kt\u00f3re stra\u017cnicy stra\u017cy gminnych s\u0105 uprawnieni do nak\u0142adania grzywien w drodze mandatu karnego (Dz. U. poz. 2026, z p\u00f3\u017an. zm.).<\/p>\n<p><strong>PRAWO WODNE<\/strong><br \/>\nRozporz\u0105dzenie Ministra Gospodarki Morskiej i \u017beglugi \u015ar\u00f3dl\u0105dowej z dnia 4 pa\u017adziernika 2018 r. w sprawie opracowywania map zagro\u017cenia powodziowego oraz map ryzyka powodziowego (Dz. U. z 2018 r., poz. 2031) \u2013 wesz\u0142o w \u017cycie z dniem 7 listopada 2018 r.<br \/>\nRozporz\u0105dzenie Rady Ministr\u00f3w z dnia 19 pa\u017adziernika 2018 r. w sprawie sposobu przeprowadzania przetarg\u00f3w na zbycie grunt\u00f3w pod \u015br\u00f3dl\u0105dowymi wodami stoj\u0105cymi stanowi\u0105cymi w\u0142asno\u015b\u0107 Skarbu Pa\u0144stwa (Dz. U. z 2018 r., poz. 2119) \u2013 wesz\u0142o w \u017cycie z dniem 23 listopada 2018 r.<\/p>\n<p><strong>PRAWO UNII EUROPEJSKIEJ<\/strong><br \/>\nRozporz\u0105dzenie Parlamentu Europejskiego i Rady (UE) 2018\/1725 z dnia 23 pa\u017adziernika 2018 r. w sprawie ochrony os\u00f3b fizycznych w zwi\u0105zku z przetwarzaniem danych osobowych przez instytucje, organy i jednostki organizacyjne Unii i swobodnego przep\u0142ywu takich danych oraz uchylenia rozporz\u0105dzenia (WE) nr 45\/2001 i decyzji nr 1247\/2002\/WETekst maj\u0105cy znaczenie dla EOG, PE\/31\/2018\/REV\/1.<br \/>\nRozporz\u0105dzenie Parlamentu Europejskiego i Rady (UE) 2018\/1719 z dnia 14 listopada 2018 r. zmieniaj\u0105ce rozporz\u0105dzenie (UE) nr 1303\/2013 w odniesieniu do zasob\u00f3w na rzecz sp\u00f3jno\u015bci gospodarczej, spo\u0142ecznej i terytorialnej oraz zasob\u00f3w na cel \u201eInwestycje na rzecz wzrostu i zatrudnienia\u201d, PE\/57\/2018\/REV\/1.<br \/>\nRozporz\u0105dzenie Komisji (UE) 2018\/1649 z dnia 5 listopada 2018 r. zmieniaj\u0105ce za\u0142\u0105cznik I do rozporz\u0105dzenia Parlamentu Europejskiego i Rady (WE) nr 1334\/2008 w odniesieniu do usuni\u0119cia z unijnego wykazu niekt\u00f3rych substancji aromatycznych (Tekst maj\u0105cy znaczenie dla EOG.), C\/2018\/7218.<br \/>\nRozporz\u0105dzenie Komisji (UE) 2018\/1555 z dnia 17 pa\u017adziernika 2018 r. w sprawie odmowy udzielenia zezwolenia na niekt\u00f3re o\u015bwiadczenia zdrowotne dotycz\u0105ce \u017cywno\u015bci i odnosz\u0105ce si\u0119 do zmniejszenia ryzyka choroby (Tekst maj\u0105cy znaczenie dla EOG.), C\/2018\/5475.<br \/>\nRozporz\u0105dzenie Komisji (UE) 2018\/1556 z dnia 17 pa\u017adziernika 2018 r. w sprawie odmowy udzielenia zezwolenia na niekt\u00f3re o\u015bwiadczenia zdrowotne dotycz\u0105ce \u017cywno\u015bci inne ni\u017c odnosz\u0105ce si\u0119 do zmniejszenia ryzyka choroby oraz rozwoju i zdrowia dzieci (Tekst maj\u0105cy znaczenie dla EOG.), C\/2018\/5476.<br \/>\nRozporz\u0105dzenie Rady (UE) 2018\/1541 z dnia 2 pa\u017adziernika 2018 r. zmieniaj\u0105ce rozporz\u0105dzenia (UE) nr 904\/2010 i (UE) 2017\/2454 w odniesieniu do \u015brodk\u00f3w wzmacniania wsp\u00f3\u0142pracy administracyjnej w dziedzinie podatku od warto\u015bci dodanej, ST\/10472\/2018\/INIT.<br \/>\nRozporz\u0105dzenie Parlamentu Europejskiego i Rady (UE) 2018\/1504 z dnia 2 pa\u017adziernika 2018 r. uchylaj\u0105ce rozporz\u0105dzenie (UE) nr 256\/2014 w sprawie zg\u0142aszania Komisji projekt\u00f3w inwestycyjnych dotycz\u0105cych infrastruktury energetycznej w Unii Europejskiej, PE\/46\/2018\/REV\/1.<br \/>\nRozporz\u0105dzenie Komisji (UE) 2018\/1515 z dnia 10 pa\u017adziernika 2018 r. zmieniaj\u0105ce za\u0142\u0105czniki III i V do rozporz\u0105dzenia (WE) nr 396\/2005 Parlamentu Europejskiego i Rady w odniesieniu do najwy\u017cszych dopuszczalnych poziom\u00f3w pozosta\u0142o\u015bci difenyloaminy i oksadiksylu w okre\u015blonych produktach lub na ich powierzchni (Tekst maj\u0105cy znaczenie dla EOG.), C\/2018\/6509.<br \/>\nRozporz\u0105dzenie Komisji (UE) 2018\/1514 z dnia 10 pa\u017adziernika 2018 r. zmieniaj\u0105ce za\u0142\u0105czniki II, III i IV do rozporz\u0105dzenia (WE) nr 396\/2005 Parlamentu Europejskiego i Rady w odniesieniu do najwy\u017cszych dopuszczalnych poziom\u00f3w pozosta\u0142o\u015bci abamektyny, acibenzolaru-s-metylu, klopyralidu, emamektyny, fenheksamidu, fenpyrazaminy, fluazyfopu-P, izofetamidu, Pasteuria nishizawae Pn1, talku E553B i tebukonazolu w okre\u015blonych produktach lub na ich powierzchni (Tekst maj\u0105cy znaczenie dla EOG.), C\/2018\/6506.<br \/>\nRozporz\u0105dzenie Komisji (UE) 2018\/1516 z dnia 10 pa\u017adziernika 2018 r. zmieniaj\u0105ce za\u0142\u0105czniki II i III do rozporz\u0105dzenia (WE) nr 396\/2005 Parlamentu Europejskiego i Rady w odniesieniu do najwy\u017cszych dopuszczalnych poziom\u00f3w pozosta\u0142o\u015bci penoksulamu, triflumizolu i triflumuronu w okre\u015blonych produktach lub na ich powierzchni (Tekst maj\u0105cy znaczenie dla EOG.), C\/2018\/6502.<br \/>\nRozporz\u0105dzenie Komisji (UE) 2018\/1497 z dnia 8 pa\u017adziernika 2018 r. zmieniaj\u0105ce za\u0142\u0105cznik II do rozporz\u0105dzenia Parlamentu Europejskiego i Rady (WE) nr 1333\/2008 w odniesieniu do kategorii \u017cywno\u015bci 17 i stosowania dodatk\u00f3w do \u017cywno\u015bci w suplementach diety (Tekst maj\u0105cy znaczenie dla EOG.), C\/2018\/6410.<br \/>\nRozporz\u0105dzenie Komisji (UE) 2018\/1480 z dnia 4 pa\u017adziernika 2018 r. zmieniaj\u0105ce, w celu dostosowania do post\u0119pu naukowo-technicznego, rozporz\u0105dzenie Parlamentu Europejskiego i Rady (WE) nr 1272\/2008 w sprawie klasyfikacji, oznakowania i pakowania substancji i mieszanin, oraz w sprawie sprostowania rozporz\u0105dzenia Komisji (UE) 2017\/776 (Tekst maj\u0105cy znaczenie dla EOG.), C\/2018\/6348.<br \/>\nRozporz\u0105dzenie Komisji (UE) 2018\/1481 z dnia 4 pa\u017adziernika 2018 r. zmieniaj\u0105ce za\u0142\u0105czniki II i III do rozporz\u0105dzenia Parlamentu Europejskiego i Rady (WE) nr 1333\/2008 oraz za\u0142\u0105cznik do rozporz\u0105dzenia Komisji (UE) nr 231\/2012 w odniesieniu do galusanu oktylu (E 311) i galusanu dodecylu (E 312) (Tekst maj\u0105cy znaczenie dla EOG.), C\/2018\/6353.<br \/>\nRozporz\u0105dzenie Komisji (UE) 2018\/1472 z dnia 28 wrze\u015bnia 2018 r. zmieniaj\u0105ce za\u0142\u0105cznik II do rozporz\u0105dzenia Parlamentu Europejskiego i Rady (WE) nr 1333\/2008 oraz za\u0142\u0105cznik do rozporz\u0105dzenia Komisji (UE) nr 231\/2012 w odniesieniu do koszenili, kwasu karminowego, karmin\u00f3w (E 120) (Tekst maj\u0105cy znaczenie dla EOG.), C\/2018\/6192.<br \/>\nRozporz\u0105dzenie wykonawcze Komisji (UE) 2018\/1785 z dnia 15 listopada 2018 r. dotycz\u0105ce klasyfikacji niekt\u00f3rych towar\u00f3w wed\u0142ug Nomenklatury scalonej, C\/2018\/7708.<br \/>\nRozporz\u0105dzenie wykonawcze Komisji (UE) 2018\/1712 z dnia 13 listopada 2018 r. zmieniaj\u0105ce rozporz\u0105dzenie wykonawcze (UE) 2018\/1013 nak\u0142adaj\u0105ce tymczasowe \u015brodki ochronne w odniesieniu do przywozu niekt\u00f3rych wyrob\u00f3w ze stali, C\/2018\/7426.<br \/>\nRozporz\u0105dzenie wykonawcze Komisji (UE) 2018\/1709 z dnia 13 listopada 2018 r. okre\u015blaj\u0105ce cechy techniczne modu\u0142u ad hoc na 2020 r. dotycz\u0105cego wypadk\u00f3w przy pracy i innych problem\u00f3w zdrowotnych zwi\u0105zanych z prac\u0105 w odniesieniu do badania reprezentacyjnego dotycz\u0105cego si\u0142y roboczej zgodnie z rozporz\u0105dzeniem Rady (WE) nr 577\/98 (Tekst maj\u0105cy znaczenie dla EOG.), C\/2018\/7433.<br \/>\nRozporz\u0105dzenie wykonawcze Komisji (UE) 2018\/1627 z dnia 9 pa\u017adziernika 2018 r. zmieniaj\u0105ce rozporz\u0105dzenie wykonawcze (UE) nr 680\/2014 w odniesieniu do ostro\u017cnej wyceny do cel\u00f3w sprawozdawczo\u015bci nadzorczej (Tekst maj\u0105cy znaczenie dla EOG).<br \/>\nRozporz\u0105dzenie wykonawcze Komisji (UE) 2018\/1648 z dnia 29 pa\u017adziernika 2018 r. zezwalaj\u0105ce na wprowadzenie na rynek ksylooligosacharyd\u00f3w jako nowej \u017cywno\u015bci zgodnie z rozporz\u0105dzeniem Parlamentu Europejskiego i Rady (UE) 2015\/2283 oraz zmieniaj\u0105ce rozporz\u0105dzenie wykonawcze Komisji (UE) 2017\/2470 (Tekst maj\u0105cy znaczenie dla EOG.), C\/2018\/7006.<br \/>\nRozporz\u0105dzenie wykonawcze Komisji (UE) 2018\/1631 z dnia 30 pa\u017adziernika 2018 r. zezwalaj\u0105ce na wprowadzenie na rynek sproszkowanego ekstraktu z \u017curawiny jako nowej \u017cywno\u015bci zgodnie z rozporz\u0105dzeniem Parlamentu Europejskiego i Rady (UE) 2015\/2283 oraz zmieniaj\u0105ce rozporz\u0105dzenie wykonawcze Komisji (UE) 2017\/2470 (Tekst maj\u0105cy znaczenie dla EOG.), C\/2018\/7033.<br \/>\nRozporz\u0105dzenie wykonawcze Komisji (UE) 2018\/1602 z dnia 11 pa\u017adziernika 2018 r. zmieniaj\u0105ce za\u0142\u0105cznik I do rozporz\u0105dzenia Rady (EWG) nr 2658\/87 w sprawie nomenklatury taryfowej i statystycznej oraz w sprawie Wsp\u00f3lnej Taryfy Celnej.<br \/>\nRozporz\u0105dzenie wykonawcze Komisji (UE) 2018\/1584 z dnia 22 pa\u017adziernika 2018 r. zmieniaj\u0105ce rozporz\u0105dzenie (WE) nr 889\/2008 ustanawiaj\u0105ce szczeg\u00f3\u0142owe zasady wdra\u017cania rozporz\u0105dzenia Rady (WE) nr 834\/2007 w sprawie produkcji ekologicznej i znakowania produkt\u00f3w ekologicznych w odniesieniu do produkcji ekologicznej, znakowania i kontroli (Tekst maj\u0105cy znaczenie dla EOG.), C\/2018\/6828.<br \/>\nRozporz\u0105dzenie wykonawcze Komisji (UE) 2018\/1580 z dnia 19 pa\u017adziernika 2018 r. zmieniaj\u0105ce rozporz\u0105dzenie wykonawcze Komisji (UE) 2015\/2197 ustanawiaj\u0105ce wykonawcze standardy techniczne w odniesieniu do walut silnie ze sob\u0105 skorelowanych zgodnie z rozporz\u0105dzeniem Parlamentu Europejskiego i Rady (UE) nr 575\/2013 (Tekst maj\u0105cy znaczenie dla EOG.), C\/2018\/6821.<br \/>\nRozporz\u0105dzenie wykonawcze Komisji (UE) 2018\/1531 z dnia 10 pa\u017adziernika 2018 r. dotycz\u0105ce klasyfikacji niekt\u00f3rych towar\u00f3w wed\u0142ug Nomenklatury scalonej, C\/2018\/6769.<br \/>\nRozporz\u0105dzenie wykonawcze Komisji (UE) 2018\/1530 z dnia 10 pa\u017adziernika 2018 r. dotycz\u0105ce klasyfikacji niekt\u00f3rych towar\u00f3w wed\u0142ug Nomenklatury scalonej, C\/2018\/6768.<br \/>\nRozporz\u0105dzenie wykonawcze Komisji (UE) 2018\/1517 z dnia 11 pa\u017adziernika 2018 r. ustanawiaj\u0105ce szczeg\u00f3\u0142owe zasady wykonywania niekt\u00f3rych przepis\u00f3w rozporz\u0105dzenia Rady (UE) 2018\/581 w sprawie tymczasowego zawieszenia autonomicznych ce\u0142 wsp\u00f3lnej taryfy celnej na niekt\u00f3re towary przeznaczone do zamontowania lub wykorzystania w statkach powietrznych, C\/2018\/6550.<br \/>\nRozporz\u0105dzenie wykonawcze Komisji (UE) 2018\/1489 z dnia 3 pa\u017adziernika 2018 r. dotycz\u0105ce klasyfikacji niekt\u00f3rych towar\u00f3w wed\u0142ug Nomenklatury scalonej, C\/2018\/6586.<br \/>\nRozporz\u0105dzenie wykonawcze Komisji (UE) 2018\/1105 z dnia 8 sierpnia 2018 r. ustanawiaj\u0105ce wykonawcze standardy techniczne w odniesieniu do procedur i formularzy na potrzeby przekazywania ESMA informacji przez w\u0142a\u015bciwe organy zgodnie z rozporz\u0105dzeniem Parlamentu Europejskiego i Rady (UE) 2016\/1011 (Tekst maj\u0105cy znaczenie dla EOG.), C\/2018\/4993.<br \/>\nRozporz\u0105dzenie wykonawcze Komisji (UE) 2018\/1106 z dnia 8 sierpnia 2018 r. ustanawiaj\u0105ce wykonawcze standardy techniczne w odniesieniu do wzor\u00f3w o\u015bwiadczenia o zgodno\u015bci, kt\u00f3re ma by\u0107 publikowane i zachowywane przez administrator\u00f3w istotnych i pozaistotnych wska\u017anik\u00f3w referencyjnych na podstawie rozporz\u0105dzenia Parlamentu Europejskiego i Rady (UE) 2016\/1011 (Tekst maj\u0105cy znaczenie dla EOG.), C\/2018\/4995.<br \/>\nRozporz\u0105dzenie wykonawcze Komisji (UE) 2018\/1019 z dnia 18 lipca 2018 r. w sprawie nieodnawiania zatwierdzenia substancji czynnej oksasulfuron zgodnie z rozporz\u0105dzeniem Parlamentu Europejskiego i Rady (WE) nr 1107\/2009 dotycz\u0105cym wprowadzania do obrotu \u015brodk\u00f3w ochrony ro\u015blin, oraz w sprawie zmiany rozporz\u0105dzenia wykonawczego Komisji (UE) nr 540\/2011 (Tekst maj\u0105cy znaczenie dla EOG.), C\/2018\/4540.<br \/>\nRozporz\u0105dzenie wykonawcze Komisji (UE) 2015\/2378 z dnia 15 grudnia 2015 r. ustanawiaj\u0105ce szczeg\u00f3\u0142owe zasady wykonywania niekt\u00f3rych przepis\u00f3w dyrektywy Rady 2011\/16\/UE w sprawie wsp\u00f3\u0142pracy administracyjnej w dziedzinie opodatkowania i uchylaj\u0105ce rozporz\u0105dzenie wykonawcze (UE) nr 1156\/2012.<br \/>\nRozporz\u0105dzenie Parlamentu Europejskiego i Rady (UE) 2018\/1671 z dnia 23 pa\u017adziernika 2018 r. zmieniaj\u0105ce rozporz\u0105dzenie (UE) 2017\/825 w celu zwi\u0119kszenia puli \u015brodk\u00f3w finansowych Programu wspierania reform strukturalnych i dostosowania jego celu og\u00f3lnego, PE\/58\/2018\/REV\/2.<br \/>\nSprostowanie do rozporz\u0105dzenia Parlamentu Europejskiego i Rady (WE) nr 810\/2009 z dnia 13 lipca 2009 r. ustanawiaj\u0105cego Wsp\u00f3lnotowy Kodeks Wizowy (kodeks wizowy) (Dz.U. L 243 z 15.9.2009), ST\/10552\/2018\/INIT.<br \/>\nRozporz\u0105dzenie Parlamentu Europejskiego i Rady (UE) 2018\/1672 z dnia 23 pa\u017adziernika 2018 r. w sprawie kontroli \u015brodk\u00f3w pieni\u0119\u017cnych wwo\u017conych do Unii lub wywo\u017conych z Unii oraz uchylaj\u0105ce rozporz\u0105dzenie (WE) nr 1889\/2005,PE\/49\/2018\/REV\/1.<br \/>\nRozporz\u0105dzenie wykonawcze Komisji (UE) 2018\/1712 z dnia 13 listopada 2018 r. zmieniaj\u0105ce rozporz\u0105dzenie wykonawcze (UE) 2018\/1013 nak\u0142adaj\u0105ce tymczasowe \u015brodki ochronne w odniesieniu do przywozu niekt\u00f3rych wyrob\u00f3w ze stali, C\/2018\/7426.<br \/>\nRozporz\u0105dzenie delegowane Komisji (UE) 2018\/1728 z dnia 13 lipca 2018 r. uzupe\u0142niaj\u0105ce rozporz\u0105dzenie (UE) nr 515\/2014 w odniesieniu do przydzia\u0142u dodatkowych \u015brodk\u00f3w z bud\u017cetu UE na wdro\u017cenie systemu wjazdu\/wyjazdu, C\/2018\/4362.<br \/>\nRozporz\u0105dzenie wykonawcze Komisji (UE) 2018\/1796 z dnia 20 listopada 2018 r. zmieniaj\u0105ce rozporz\u0105dzenie wykonawcze (UE) nr 540\/2011 w odniesieniu do przed\u0142u\u017cenia okres\u00f3w zatwierdzenia substancji czynnych: amidosulfuron, bifenoks, chloropiryfos, chloropiryfos metylu, klofentezyna, dikamba, difenokonazol, diflubenzuron, diflufenikan, dimoksystrobina, fenoksaprop-P, fenpropidyna, lenacyl, mankozeb, mekoprop-P, metiram, nikosulfuron, oksamyl, pikloram, piraklostrobina, piryproksyfen i tritosulfuron (Tekst maj\u0105cy znaczenie dla EOG.), C\/2018\/7577.<br \/>\nRozporz\u0105dzenie wykonawcze Komisji (UE) 2018\/1795 z dnia 20 listopada 2018 r. ustanawiaj\u0105ce procedur\u0119 i kryteria do cel\u00f3w stosowania badania r\u00f3wnowagi ekonomicznej zgodnie z art. 11 dyrektywy Parlamentu Europejskiego i Rady 2012\/34\/UE (Tekst maj\u0105cy znaczenie dla EOG.), C\/2018\/7569.<br \/>\nRozporz\u0105dzenie Parlamentu Europejskiego i Rady (UE) 2018\/1724 z dnia 2 pa\u017adziernika 2018 r. w sprawie utworzenia jednolitego portalu cyfrowego w celu zapewnienia dost\u0119pu do informacji, procedur oraz us\u0142ug wsparcia i rozwi\u0105zywania problem\u00f3w, a tak\u017ce zmieniaj\u0105ce rozporz\u0105dzenie (UE) nr 1024\/2012Tekst maj\u0105cy znaczenie dla EOG., PE\/41\/2018\/REV\/2.<\/p>\n<p><strong>ZARZ\u0104DZENIA PREZESA NARODOWEGO FUNDUSZU ZDROWIA<\/strong><br \/>\nZarz\u0105dzenie Nr 111\/2018\/DWM Prezesa Narodowego Funduszu Zdrowia z dnia 19 pa\u017adziernika 2018 r. w sprawie okresu wa\u017cno\u015bci oraz trybu wydawania Europejskiej Karty Ubezpieczenia Zdrowotnego w zwi\u0105zku z pobytem czasowym w innym ni\u017c Rzeczpospolita Polska pa\u0144stwie cz\u0142onkowskim UE\/EFTA &#8211; wchodzi w \u017cycie z dniem nast\u0119puj\u0105cym po dniu podpisania.<br \/>\nZarz\u0105dzenie Nr 112\/2018\/DSOZ Prezesa Narodowego Funduszu Zdrowia z dnia 26 pa\u017adziernika 2018 r. zmieniaj\u0105ce zarz\u0105dzenie w sprawie um\u00f3w o realizacj\u0119 programu pilota\u017cowego w centrach zdrowia psychicznego &#8211; wchodzi w \u017cycie z dniem nast\u0119puj\u0105cym po dniu og\u0142oszenia.<br \/>\nZarz\u0105dzenie Nr 113\/2018\/DGL Prezesa Narodowego Funduszu Zdrowia z dnia 31 pa\u017adziernika 2018 r. uchylaj\u0105ce zarz\u0105dzenie Prezesa Narodowego Funduszu Zdrowia w sprawie uruchomienia i realizacji Projektu budowy Platformy Informacji Analitycznej &#8211; wchodzi w \u017cycie z dniem podpisania.<br \/>\nZarz\u0105dzenie Nr 114\/2018\/DSOZ Prezesa Narodowego Funduszu Zdrowia z dnia 31 pa\u017adziernika 2018 r. zmieniaj\u0105ce zarz\u0105dzenie w sprawie warunk\u00f3w wyp\u0142aty nale\u017cno\u015bci i rozliczania \u015brodk\u00f3w finansowych przekazanych na pokrycie koszt\u00f3w wzrostu wynagrodze\u0144 lekarzy &#8211; wchodzi w \u017cycie z dniem nast\u0119puj\u0105cym po dniu podpisania.<br \/>\nZarz\u0105dzenie Nr 115\/2018\/DEF Prezesa Narodowego Funduszu Zdrowia z dnia 6 listopada 2018 r. w sprawie warunk\u00f3w rozliczania \u015brodk\u00f3w pochodz\u0105cych z dotacji celowej z bud\u017cetu pa\u0144stwa na dofinansowanie zakupu urz\u0105dze\u0144 informatycznych i oprogramowania oraz koszt\u00f3w niezb\u0119dnego szkolenia \u015bwiadczeniodawc\u00f3w &#8211; wchodzi w \u017cycie z dniem nast\u0119puj\u0105cym po dniu podpisania.<\/p>\n<p><strong>_____Orzecznictwo<\/strong><br \/>\n<strong>Trybuna\u0142 Konstytucyjny<\/strong><\/p>\n<p><strong>EKWIWALENT PIENI\u0118\u017bNY ZA NIEWYKORZYSTANY URLOP WYPOCZYNKOWY; ZASADY OBLICZANIA<\/strong><br \/>\nTrybuna\u0142 orzek\u0142, \u017ce art. 115a ustawy z dnia 6 kwietnia 1990 r. o Policji w zakresie, w jakim ustala wysoko\u015b\u0107 ekwiwalentu pieni\u0119\u017cnego za 1 dzie\u0144 niewykorzystanego urlopu wypoczynkowego lub dodatkowego w wymiarze 1\/30 cz\u0119\u015bci miesi\u0119cznego uposa\u017cenia, jest niezgodny z art. 66 ust. 2 w zwi\u0105zku z art. 31 ust. 3 zdanie drugie Konstytucji RP &#8211; Wyrok Trybuna\u0142u Konstytucyjnego z dnia 30 pa\u017adziernika 2018 r., sygn. akt K 7\/15.<\/p>\n<p><strong>DWUINSTANCYJNE POST\u0118POWANIE; PRAWO DO S\u0104DU<\/strong><br \/>\nOceniaj\u0105c art. 30i pkt 1 ustawy o zasadach prowadzenia polityki rozwoju (dalej: u.z.p.p.r.) Trybuna\u0142 Konstytucyjny stwierdzi\u0142, \u017ce przepis ten wprowadza dopuszczalny w \u015bwietle art. 78 Konstytucji wyj\u0105tek od zasady zaskar\u017calno\u015bci orzecze\u0144 i decyzji wydanych w pierwszej instancji &#8211; Wyrok Trybuna\u0142u Konstytucyjnego z dnia 13 listopada 2018 r., sygn. akt SK 17\/17.<\/p>\n<p><strong>UBEZPIECZENIA SPO\u0141ECZNE<\/strong><br \/>\nTrybuna\u0142 orzek\u0142, \u017ce ustawa z dnia 15 grudnia 2017 r. o zmianie ustawy o systemie ubezpiecze\u0144 spo\u0142ecznych oraz niekt\u00f3rych innych ustaw jest zgodna z art. 2 Konstytucji Rzeczypospolitej Polskiej i jest niezgodna z art. 7 Konstytucji Rzeczypospolitej Polskiej &#8211; Wyrok Trybuna\u0142u Konstytucyjnego z dnia 14 listopada 2018 r., sygn. akt Kp 1\/18.<\/p>\n<p><strong>S\u0105d Najwy\u017cszy<\/strong><br \/>\n<strong>POST\u0118POWANIE W PRZEDMIOCIE UMIESZCZENIA W KRAJOWYM O\u015aRODKU ZAPOBIEGANIA ZACHOWANIOM DYSSOCJALNYM<\/strong><br \/>\nO umieszczeniu w Krajowym O\u015brodku Zapobiegania Zachowaniom Dyssocjalnym osoby, wobec kt\u00f3rej zastosowano nadz\u00f3r prewencyjny, s\u0105d orzeka w sk\u0142adzie trzech s\u0119dzi\u00f3w zawodowych po przeprowadzeniu rozprawy z obowi\u0105zkowym udzia\u0142em prokuratora i pe\u0142nomocnika tej osoby (art. 21 ust. 1 lub 2 oraz art. 15 ust. 1 ustawy z dnia 22 listopada 2013 r. o post\u0119powaniu wobec os\u00f3b z zaburzeniami psychicznymi stwarzaj\u0105cych zagro\u017cenie \u017cycia, zdrowia lub wolno\u015bci seksualnej innych os\u00f3b, Dz. U. z 2014 r. poz. 24 z p\u00f3\u017an. zm.) \u2013 Uchwa\u0142a S\u0105du Najwy\u017cszego z dnia 19 pa\u017adziernika 2018 r., sygn. akt III CZP 46\/18.<\/p>\n<p><strong>MAJ\u0104TEK OSOBISTY A MAJ\u0104TEK WSP\u00d3LNY MA\u0141\u017bONK\u00d3W<\/strong><br \/>\nRzecz nabyta w trakcie trwania ma\u0142\u017ce\u0144stwa, w kt\u00f3rym obowi\u0105zuje ustawowa wsp\u00f3lno\u015b\u0107 maj\u0105tkowa, w cz\u0119\u015bci ze \u015brodk\u00f3w pochodz\u0105cych z maj\u0105tku osobistego jednego z ma\u0142\u017conk\u00f3w, a w cz\u0119\u015bci z ich maj\u0105tku wsp\u00f3lnego, wchodzi do maj\u0105tku osobistego ma\u0142\u017conka i do maj\u0105tku wsp\u00f3lnego ma\u0142\u017conk\u00f3w w udzia\u0142ach odpowiadaj\u0105cych stosunkowi \u015brodk\u00f3w przeznaczonych z tych maj\u0105tk\u00f3w na jej nabycie, chyba \u017ce \u015bwiadczenie z maj\u0105tku osobistego lub maj\u0105tku wsp\u00f3lnego przekazane na nabycie rzeczy mia\u0142o charakter nak\u0142adu, odpowiednio, na maj\u0105tek wsp\u00f3lny lub osobisty \u2013 Uchwa\u0142a S\u0105du Najwy\u017cszego z dnia 19 pa\u017adziernika 2018 r., sygn. akt III CZP 45\/18.<\/p>\n<p><strong>PRZEBACZENIE UPRAWNIONEMU DO ZACHOWKU WYDZIEDZICZONEMU TESTAMENTOWO<\/strong><br \/>\nPrzebaczenie przez spadkodawc\u0119 uprawnionemu do zachowku mo\u017ce nast\u0105pi\u0107 tak\u017ce po wydziedziczeniu go w testamencie i do swej skuteczno\u015bci nie wymaga zachowania formy testamentowej \u2013 Uchwa\u0142a S\u0105du Najwy\u017cszego z dnia 19 pa\u017adziernika 2018 r., sygn. akt III CZP 37\/18.<\/p>\n<p><strong>Z\u0141O\u017bENIE O\u015aWIADCZENIA O ODRZUCENIU SPADKU<\/strong><br \/>\nZ\u0142o\u017cenie o\u015bwiadczenia o odrzuceniu spadku przez osob\u0119, w stosunku do kt\u00f3rej nie rozpocz\u0105\u0142 jeszcze biegu termin okre\u015blony w art. 1015 \u00a7 1 k.c., jest bezskuteczne \u2013 Uchwa\u0142a S\u0105du Najwy\u017cszego z dnia 19 pa\u017adziernika 2018 r., sygn. akt III CZP 36\/18.<\/p>\n<p><strong>PRAWO PODMIOTOWE DO \u017b\u0104DANIA ZMIANY WYSOKO\u015aCI \u015aWIADCZE\u0143 PIENI\u0118\u017bNYCH SPE\u0141NIANYCH NA PODSTAWIE UMOWY RENTY A SPADEK<\/strong><br \/>\nPrawo podmiotowe do \u017c\u0105dania zmiany wysoko\u015bci \u015bwiadcze\u0144 pieni\u0119\u017cnych (art. 3581 \u00a7 3 k.c.) spe\u0142nianych na podstawie umowy renty nie wchodzi do spadku nawet wtedy, gdy pow\u00f3dztwo obejmuj\u0105ce takie \u017c\u0105danie zosta\u0142o wytoczone jeszcze przez spadkodawc\u0119 &#8211; Uchwa\u0142a S\u0105du Najwy\u017cszego z dnia 19 pa\u017adziernika 2018 r., sygn. akt III CZP 29\/18.<\/p>\n<p><strong>POST\u0118POWANIE ROZGRANICZENIOWE W STOSUNKU DO NIERUCHOMO\u015aCI ODDANYCH W U\u017bYTKOWANIE WIECZYSTE<\/strong><br \/>\nU\u017cytkownik wieczysty nie mo\u017ce \u017c\u0105da\u0107 rozgraniczenia s\u0105siaduj\u0105cych nieruchomo\u015bci oddanych w u\u017cytkowanie wieczyste r\u00f3\u017cnym osobom, je\u017celi stanowi\u0105 one w\u0142asno\u015b\u0107 tego samego w\u0142a\u015bciciela \u2013 Uchwa\u0142a S\u0105du Najwy\u017cszego z dnia 19 pa\u017adziernika 2018 r., sygn. akt III CZP 115\/17.<\/p>\n<p><strong>ZAKAZ REFORMATIONIS IN PEIUS W SPRAWIE O ZASIEDZENIE<\/strong><br \/>\nW post\u0119powaniu o stwierdzenie zasiedzenia w\u0142asno\u015bci nieruchomo\u015bci zakaz zmiany postanowienia na niekorzy\u015b\u0107 uczestnika post\u0119powania wnosz\u0105cego apelacj\u0119 (art. 384 w zwi\u0105zku z art. 13 \u00a7 2 k.p.c.) nie stoi na przeszkodzie stwierdzeniu zasiedzenia przez s\u0105d drugiej instancji w innej dacie, ni\u017c uczyni\u0142 to s\u0105d pierwszej instancji \u2013 Uchwa\u0142a S\u0105du Najwy\u017cszego z dnia 19 pa\u017adziernika 2018 r., sygn. akt III CZP 1\/18.<\/p>\n<p><strong>WYST\u0104PIENIE PO ZAKO\u0143CZENIU POBIERANIA ZASI\u0141KU MACIERZY\u0143SKIEGO PRZERWY W PODLEGANIU DOBROWOLNEMU UBEZPIECZENIU CHOROBOWEMU PRZEZ UBEZPIECZONEGO NIEB\u0118D\u0104CEGO PRACOWNIKIEM<\/strong><br \/>\nW stanie prawnym obowi\u0105zuj\u0105cym do 31 grudnia 2015 r. wyst\u0105pienie po zako\u0144czeniu pobierania zasi\u0142ku macierzy\u0144skiego przerwy w podleganiu dobrowolnemu ubezpieczeniu chorobowemu przez ubezpieczonego nieb\u0119d\u0105cego pracownikiem powoduje, \u017ce podstaw\u0119 wymiaru zasi\u0142ku z ubezpieczenia chorobowego tego ubezpieczonego ustala si\u0119 zgodnie z art. 49 ust. 1 ustawy z dnia 25 czerwca 1999 r. o \u015bwiadczeniach pieni\u0119\u017cnych z ubezpieczenia spo\u0142ecznego w razie choroby i macierzy\u0144stwa (tekst jedn.: Dz. U. z 2017 r. poz. 1368 z p\u00f3\u017an. zm.), natomiast nie stosuje si\u0119 art. 43 w zwi\u0105zku z art. 48 ust. 2 tej ustawy \u2013 Uchwa\u0142a S\u0105du Najwy\u017cszego z dnia 25 pa\u017adziernika 2018 r., sygn. akt III UZP 8\/18.<\/p>\n<p><strong>ZWROT OP\u0141AT S\u0104DOWYCH<\/strong><br \/>\nW razie cofni\u0119cia skierowanego do Komisji Prawa Autorskiego wniosku o zatwierdzenie tabel wynagrodze\u0144 przed dor\u0119czeniem uczestnikom post\u0119powania jego odpisu stosuje si\u0119 art. 79 ust. 1 pkt 1 lit. b ustawy z dnia 28 lipca 2005 r. o kosztach s\u0105dowych w sprawach cywilnych (jedn. tekst : Dz.U z 2018 r., poz. 300 ze zm.); na postanowienie Komisji o odmowie zwrotu op\u0142aty przys\u0142uguje za\u017calenie \u2013 Uchwa\u0142a S\u0105du Najwy\u017cszego z dnia 15 listopada 2018 r., sygn. akt III CZP 56\/18.<\/p>\n<p><strong>ZBYCIE POMIESZCZENIA PRZYNALE\u017bNEGO DO LOKALU STANOWI\u0104CEGO ODR\u0118BN\u0104 NIERUCHOMO\u015a\u0106<\/strong><br \/>\nDopuszczalne jest zbycie pomieszczenia przynale\u017cnego do lokalu stanowi\u0105cego odr\u0119bn\u0105 nieruchomo\u015b\u0107 wraz z odpowiednim udzia\u0142em w nieruchomo\u015bci wsp\u00f3lnej w celu przy\u0142\u0105czenia tego pomieszczenia do innego lokalu stanowi\u0105cego odr\u0119bn\u0105 nieruchomo\u015b\u0107 i po\u0142o\u017conego w granicach tej samej wsp\u00f3lnoty mieszkaniowej; do dokonania w ten spos\u00f3b podzia\u0142u prawnego lokalu stanowi\u0105cego odr\u0119bn\u0105 nieruchomo\u015b\u0107 wymagana jest zgoda w\u0142a\u015bcicieli lokali wyra\u017cona w formie uchwa\u0142y, o kt\u00f3rej stanowi art. 22 ust. 4 ustawy z dnia 24 czerwca 1994 r. o w\u0142asno\u015bci lokali (jedn. tekst: Dz.U. z 2018 r., poz. 716 ze zm.) \u2013 Uchwa\u0142a S\u0105du Najwy\u017cszego z dnia 15 listopada 2018 r., sygn. akt III CZP 52\/18.<\/p>\n<p><strong>OSOBA KORZYSTAJ\u0104CA Z LOKALU MIESZKALNEGO NA PODSTAWIE UMOWY U\u017bYCZENIA JAKO LOKATOR<\/strong><br \/>\nOsoba korzystaj\u0105ca z lokalu mieszkalnego na podstawie umowy u\u017cyczenia, zawartej z najemc\u0105 lokalu bez zgody wynajmuj\u0105cego wymaganej w art. 6882 k.c., jest lokatorem w rozumieniu art. 2 ust 1 pkt 1 ustawy z dnia 21 czerwca 2001 r. o ochronie praw lokator\u00f3w, mieszkaniowym zasobie gminy i o zmianie Kodeksu cywilnego (jedn. tekst Dz.U. z 2018 r., poz. 1234 ze zm.) \u2013 Uchwa\u0142a S\u0105du Najwy\u017cszego z dnia 15 listopada 2018 r., sygn. akt III CZP 49\/18.<\/p>\n<p><strong>ROSZCZENIE O WYNAGRODZENIE ZA BEZUMOWNE KORZYSTANIE Z NIERUCHOMO\u015aCI<\/strong><br \/>\nDochodzenie przez jednego ze wsp\u00f3\u0142w\u0142a\u015bcicieli nieruchomo\u015bci wynagrodzenia za bezumowne korzystanie z tej nieruchomo\u015bci nie jest czynno\u015bci\u0105 zmierzaj\u0105c\u0105 do zachowania wsp\u00f3lnego prawa w rozumieniu art. 209 k.c. \u2013 Uchwa\u0142a S\u0105du Najwy\u017cszego z dnia 15 listopada 2018 r., sygn. akt II CZP 50\/18.[\/vc_column_text][\/vc_column][\/vc_row]<\/p>\n<\/div>","protected":false},"excerpt":{"rendered":"<p>[vc_row][vc_column][vc_column_text]We would like to present the next issue of legal bulletin of the Law Office of Adam Polowiec. What you will find here is some information about the new provisions of law and the projects of amendments to acts, but also case-laws including the case laws of Supreme Court, Constitutional Tribunal and European Court of [&hellip;]<\/p>\n","protected":false},"author":4,"featured_media":0,"comment_status":"closed","ping_status":"closed","sticky":false,"template":"","format":"standard","meta":{"footnotes":""},"categories":[11],"tags":[],"class_list":["post-3195","post","type-post","status-publish","format-standard","hentry","category-newsletters"],"featured_image_src":{"landsacpe":false,"list":false,"medium":false,"full":false},"yoast_head":"<!-- This site is optimized with the Yoast SEO plugin v27.2 - https:\/\/yoast.com\/product\/yoast-seo-wordpress\/ -->\n<title>Legal Bulletin Of The Law Office Of Adam Polowiec (22 October 2018 r. \u2013 25 November 2018 r.) - Polowiec i Wsp\u00f3lnicy - Kancelaria prawna<\/title>\n<meta name=\"robots\" content=\"index, follow, max-snippet:-1, max-image-preview:large, max-video-preview:-1\" \/>\n<link rel=\"canonical\" href=\"https:\/\/polowiec.pl\/en\/legal-bulletin-of-the-law-office-of-adam-polowiec-22-october-2018-r-25-november-2018-r\/\" \/>\n<meta property=\"og:locale\" content=\"en_US\" \/>\n<meta property=\"og:type\" content=\"article\" \/>\n<meta property=\"og:title\" content=\"Legal Bulletin Of The Law Office Of Adam Polowiec (22 October 2018 r. \u2013 25 November 2018 r.) - Polowiec i Wsp\u00f3lnicy - Kancelaria prawna\" \/>\n<meta property=\"og:description\" content=\"[vc_row][vc_column][vc_column_text]We would like to present the next issue of legal bulletin of the Law Office of Adam Polowiec. What you will find here is some information about the new provisions of law and the projects of amendments to acts, but also case-laws including the case laws of Supreme Court, Constitutional Tribunal and European Court of [&hellip;]\" \/>\n<meta property=\"og:url\" content=\"https:\/\/polowiec.pl\/en\/legal-bulletin-of-the-law-office-of-adam-polowiec-22-october-2018-r-25-november-2018-r\/\" \/>\n<meta property=\"og:site_name\" content=\"Polowiec i Wsp\u00f3lnicy - Kancelaria prawna\" \/>\n<meta property=\"article:publisher\" content=\"https:\/\/www.facebook.com\/polowieciwspolnicy\/\" \/>\n<meta property=\"article:published_time\" content=\"2018-11-26T14:06:04+00:00\" \/>\n<meta property=\"article:modified_time\" content=\"2019-04-23T18:48:11+00:00\" \/>\n<meta name=\"author\" content=\"Monika\" \/>\n<meta name=\"twitter:card\" content=\"summary_large_image\" \/>\n<meta name=\"twitter:label1\" content=\"Written by\" \/>\n\t<meta name=\"twitter:data1\" content=\"Monika\" \/>\n\t<meta name=\"twitter:label2\" content=\"Est. reading time\" \/>\n\t<meta name=\"twitter:data2\" content=\"32 minutes\" \/>\n<script type=\"application\/ld+json\" class=\"yoast-schema-graph\">{\"@context\":\"https:\/\/schema.org\",\"@graph\":[{\"@type\":\"Article\",\"@id\":\"https:\/\/polowiec.pl\/en\/legal-bulletin-of-the-law-office-of-adam-polowiec-22-october-2018-r-25-november-2018-r\/#article\",\"isPartOf\":{\"@id\":\"https:\/\/polowiec.pl\/en\/legal-bulletin-of-the-law-office-of-adam-polowiec-22-october-2018-r-25-november-2018-r\/\"},\"author\":{\"name\":\"Monika\",\"@id\":\"https:\/\/polowiec.pl\/en\/#\/schema\/person\/6178ac96ba1d4d590993734f8a0a6539\"},\"headline\":\"Legal Bulletin Of The Law Office Of Adam Polowiec (22 October 2018 r. \u2013 25 November 2018 r.)\",\"datePublished\":\"2018-11-26T14:06:04+00:00\",\"dateModified\":\"2019-04-23T18:48:11+00:00\",\"mainEntityOfPage\":{\"@id\":\"https:\/\/polowiec.pl\/en\/legal-bulletin-of-the-law-office-of-adam-polowiec-22-october-2018-r-25-november-2018-r\/\"},\"wordCount\":6400,\"publisher\":{\"@id\":\"https:\/\/polowiec.pl\/en\/#organization\"},\"articleSection\":[\"Newsletter\"],\"inLanguage\":\"en-US\"},{\"@type\":\"WebPage\",\"@id\":\"https:\/\/polowiec.pl\/en\/legal-bulletin-of-the-law-office-of-adam-polowiec-22-october-2018-r-25-november-2018-r\/\",\"url\":\"https:\/\/polowiec.pl\/en\/legal-bulletin-of-the-law-office-of-adam-polowiec-22-october-2018-r-25-november-2018-r\/\",\"name\":\"Legal Bulletin Of The Law Office Of Adam Polowiec (22 October 2018 r. \u2013 25 November 2018 r.) - Polowiec i Wsp\u00f3lnicy - Kancelaria prawna\",\"isPartOf\":{\"@id\":\"https:\/\/polowiec.pl\/en\/#website\"},\"datePublished\":\"2018-11-26T14:06:04+00:00\",\"dateModified\":\"2019-04-23T18:48:11+00:00\",\"breadcrumb\":{\"@id\":\"https:\/\/polowiec.pl\/en\/legal-bulletin-of-the-law-office-of-adam-polowiec-22-october-2018-r-25-november-2018-r\/#breadcrumb\"},\"inLanguage\":\"en-US\",\"potentialAction\":[{\"@type\":\"ReadAction\",\"target\":[\"https:\/\/polowiec.pl\/en\/legal-bulletin-of-the-law-office-of-adam-polowiec-22-october-2018-r-25-november-2018-r\/\"]}]},{\"@type\":\"BreadcrumbList\",\"@id\":\"https:\/\/polowiec.pl\/en\/legal-bulletin-of-the-law-office-of-adam-polowiec-22-october-2018-r-25-november-2018-r\/#breadcrumb\",\"itemListElement\":[{\"@type\":\"ListItem\",\"position\":1,\"name\":\"Strona g\u0142\u00f3wna\",\"item\":\"https:\/\/polowiec.pl\/en\/\"},{\"@type\":\"ListItem\",\"position\":2,\"name\":\"Legal Bulletin Of The Law Office Of Adam Polowiec (22 October 2018 r. \u2013 25 November 2018 r.)\"}]},{\"@type\":\"WebSite\",\"@id\":\"https:\/\/polowiec.pl\/en\/#website\",\"url\":\"https:\/\/polowiec.pl\/en\/\",\"name\":\"Polowiec i Wsp\u00f3lnicy - Kancelaria prawna\",\"description\":\"Obs\u0142uga prawna\",\"publisher\":{\"@id\":\"https:\/\/polowiec.pl\/en\/#organization\"},\"potentialAction\":[{\"@type\":\"SearchAction\",\"target\":{\"@type\":\"EntryPoint\",\"urlTemplate\":\"https:\/\/polowiec.pl\/en\/?s={search_term_string}\"},\"query-input\":{\"@type\":\"PropertyValueSpecification\",\"valueRequired\":true,\"valueName\":\"search_term_string\"}}],\"inLanguage\":\"en-US\"},{\"@type\":\"Organization\",\"@id\":\"https:\/\/polowiec.pl\/en\/#organization\",\"name\":\"Polowiec i Wsp\u00f3lnicy - Kancelaria prawna\",\"url\":\"https:\/\/polowiec.pl\/en\/\",\"logo\":{\"@type\":\"ImageObject\",\"inLanguage\":\"en-US\",\"@id\":\"https:\/\/polowiec.pl\/en\/#\/schema\/logo\/image\/\",\"url\":\"https:\/\/polowiec.pl\/wp-content\/uploads\/2018\/10\/polowiec_logo2-1.png\",\"contentUrl\":\"https:\/\/polowiec.pl\/wp-content\/uploads\/2018\/10\/polowiec_logo2-1.png\",\"width\":540,\"height\":381,\"caption\":\"Polowiec i Wsp\u00f3lnicy - Kancelaria prawna\"},\"image\":{\"@id\":\"https:\/\/polowiec.pl\/en\/#\/schema\/logo\/image\/\"},\"sameAs\":[\"https:\/\/www.facebook.com\/polowieciwspolnicy\/\",\"https:\/\/www.linkedin.com\/company\/polowiec-i-wsplnicy-sp.j.\/about\/\"]},{\"@type\":\"Person\",\"@id\":\"https:\/\/polowiec.pl\/en\/#\/schema\/person\/6178ac96ba1d4d590993734f8a0a6539\",\"name\":\"Monika\",\"image\":{\"@type\":\"ImageObject\",\"inLanguage\":\"en-US\",\"@id\":\"https:\/\/secure.gravatar.com\/avatar\/525d12775156493d0259a4384e9f7b0a0e6cc1c583cc1d0ae144bd6ca07140ea?s=96&d=mm&r=g\",\"url\":\"https:\/\/secure.gravatar.com\/avatar\/525d12775156493d0259a4384e9f7b0a0e6cc1c583cc1d0ae144bd6ca07140ea?s=96&d=mm&r=g\",\"contentUrl\":\"https:\/\/secure.gravatar.com\/avatar\/525d12775156493d0259a4384e9f7b0a0e6cc1c583cc1d0ae144bd6ca07140ea?s=96&d=mm&r=g\",\"caption\":\"Monika\"}}]}<\/script>\n<!-- \/ Yoast SEO plugin. -->","yoast_head_json":{"title":"Legal Bulletin Of The Law Office Of Adam Polowiec (22 October 2018 r. \u2013 25 November 2018 r.) - Polowiec i Wsp\u00f3lnicy - Kancelaria prawna","robots":{"index":"index","follow":"follow","max-snippet":"max-snippet:-1","max-image-preview":"max-image-preview:large","max-video-preview":"max-video-preview:-1"},"canonical":"https:\/\/polowiec.pl\/en\/legal-bulletin-of-the-law-office-of-adam-polowiec-22-october-2018-r-25-november-2018-r\/","og_locale":"en_US","og_type":"article","og_title":"Legal Bulletin Of The Law Office Of Adam Polowiec (22 October 2018 r. \u2013 25 November 2018 r.) - Polowiec i Wsp\u00f3lnicy - Kancelaria prawna","og_description":"[vc_row][vc_column][vc_column_text]We would like to present the next issue of legal bulletin of the Law Office of Adam Polowiec. What you will find here is some information about the new provisions of law and the projects of amendments to acts, but also case-laws including the case laws of Supreme Court, Constitutional Tribunal and European Court of [&hellip;]","og_url":"https:\/\/polowiec.pl\/en\/legal-bulletin-of-the-law-office-of-adam-polowiec-22-october-2018-r-25-november-2018-r\/","og_site_name":"Polowiec i Wsp\u00f3lnicy - Kancelaria prawna","article_publisher":"https:\/\/www.facebook.com\/polowieciwspolnicy\/","article_published_time":"2018-11-26T14:06:04+00:00","article_modified_time":"2019-04-23T18:48:11+00:00","author":"Monika","twitter_card":"summary_large_image","twitter_misc":{"Written by":"Monika","Est. reading time":"32 minutes"},"schema":{"@context":"https:\/\/schema.org","@graph":[{"@type":"Article","@id":"https:\/\/polowiec.pl\/en\/legal-bulletin-of-the-law-office-of-adam-polowiec-22-october-2018-r-25-november-2018-r\/#article","isPartOf":{"@id":"https:\/\/polowiec.pl\/en\/legal-bulletin-of-the-law-office-of-adam-polowiec-22-october-2018-r-25-november-2018-r\/"},"author":{"name":"Monika","@id":"https:\/\/polowiec.pl\/en\/#\/schema\/person\/6178ac96ba1d4d590993734f8a0a6539"},"headline":"Legal Bulletin Of The Law Office Of Adam Polowiec (22 October 2018 r. \u2013 25 November 2018 r.)","datePublished":"2018-11-26T14:06:04+00:00","dateModified":"2019-04-23T18:48:11+00:00","mainEntityOfPage":{"@id":"https:\/\/polowiec.pl\/en\/legal-bulletin-of-the-law-office-of-adam-polowiec-22-october-2018-r-25-november-2018-r\/"},"wordCount":6400,"publisher":{"@id":"https:\/\/polowiec.pl\/en\/#organization"},"articleSection":["Newsletter"],"inLanguage":"en-US"},{"@type":"WebPage","@id":"https:\/\/polowiec.pl\/en\/legal-bulletin-of-the-law-office-of-adam-polowiec-22-october-2018-r-25-november-2018-r\/","url":"https:\/\/polowiec.pl\/en\/legal-bulletin-of-the-law-office-of-adam-polowiec-22-october-2018-r-25-november-2018-r\/","name":"Legal Bulletin Of The Law Office Of Adam Polowiec (22 October 2018 r. \u2013 25 November 2018 r.) - Polowiec i Wsp\u00f3lnicy - Kancelaria prawna","isPartOf":{"@id":"https:\/\/polowiec.pl\/en\/#website"},"datePublished":"2018-11-26T14:06:04+00:00","dateModified":"2019-04-23T18:48:11+00:00","breadcrumb":{"@id":"https:\/\/polowiec.pl\/en\/legal-bulletin-of-the-law-office-of-adam-polowiec-22-october-2018-r-25-november-2018-r\/#breadcrumb"},"inLanguage":"en-US","potentialAction":[{"@type":"ReadAction","target":["https:\/\/polowiec.pl\/en\/legal-bulletin-of-the-law-office-of-adam-polowiec-22-october-2018-r-25-november-2018-r\/"]}]},{"@type":"BreadcrumbList","@id":"https:\/\/polowiec.pl\/en\/legal-bulletin-of-the-law-office-of-adam-polowiec-22-october-2018-r-25-november-2018-r\/#breadcrumb","itemListElement":[{"@type":"ListItem","position":1,"name":"Strona g\u0142\u00f3wna","item":"https:\/\/polowiec.pl\/en\/"},{"@type":"ListItem","position":2,"name":"Legal Bulletin Of The Law Office Of Adam Polowiec (22 October 2018 r. \u2013 25 November 2018 r.)"}]},{"@type":"WebSite","@id":"https:\/\/polowiec.pl\/en\/#website","url":"https:\/\/polowiec.pl\/en\/","name":"Polowiec i Wsp\u00f3lnicy - Kancelaria prawna","description":"Obs\u0142uga prawna","publisher":{"@id":"https:\/\/polowiec.pl\/en\/#organization"},"potentialAction":[{"@type":"SearchAction","target":{"@type":"EntryPoint","urlTemplate":"https:\/\/polowiec.pl\/en\/?s={search_term_string}"},"query-input":{"@type":"PropertyValueSpecification","valueRequired":true,"valueName":"search_term_string"}}],"inLanguage":"en-US"},{"@type":"Organization","@id":"https:\/\/polowiec.pl\/en\/#organization","name":"Polowiec i Wsp\u00f3lnicy - Kancelaria prawna","url":"https:\/\/polowiec.pl\/en\/","logo":{"@type":"ImageObject","inLanguage":"en-US","@id":"https:\/\/polowiec.pl\/en\/#\/schema\/logo\/image\/","url":"https:\/\/polowiec.pl\/wp-content\/uploads\/2018\/10\/polowiec_logo2-1.png","contentUrl":"https:\/\/polowiec.pl\/wp-content\/uploads\/2018\/10\/polowiec_logo2-1.png","width":540,"height":381,"caption":"Polowiec i Wsp\u00f3lnicy - Kancelaria prawna"},"image":{"@id":"https:\/\/polowiec.pl\/en\/#\/schema\/logo\/image\/"},"sameAs":["https:\/\/www.facebook.com\/polowieciwspolnicy\/","https:\/\/www.linkedin.com\/company\/polowiec-i-wsplnicy-sp.j.\/about\/"]},{"@type":"Person","@id":"https:\/\/polowiec.pl\/en\/#\/schema\/person\/6178ac96ba1d4d590993734f8a0a6539","name":"Monika","image":{"@type":"ImageObject","inLanguage":"en-US","@id":"https:\/\/secure.gravatar.com\/avatar\/525d12775156493d0259a4384e9f7b0a0e6cc1c583cc1d0ae144bd6ca07140ea?s=96&d=mm&r=g","url":"https:\/\/secure.gravatar.com\/avatar\/525d12775156493d0259a4384e9f7b0a0e6cc1c583cc1d0ae144bd6ca07140ea?s=96&d=mm&r=g","contentUrl":"https:\/\/secure.gravatar.com\/avatar\/525d12775156493d0259a4384e9f7b0a0e6cc1c583cc1d0ae144bd6ca07140ea?s=96&d=mm&r=g","caption":"Monika"}}]}},"_links":{"self":[{"href":"https:\/\/polowiec.pl\/en\/wp-json\/wp\/v2\/posts\/3195","targetHints":{"allow":["GET"]}}],"collection":[{"href":"https:\/\/polowiec.pl\/en\/wp-json\/wp\/v2\/posts"}],"about":[{"href":"https:\/\/polowiec.pl\/en\/wp-json\/wp\/v2\/types\/post"}],"author":[{"embeddable":true,"href":"https:\/\/polowiec.pl\/en\/wp-json\/wp\/v2\/users\/4"}],"replies":[{"embeddable":true,"href":"https:\/\/polowiec.pl\/en\/wp-json\/wp\/v2\/comments?post=3195"}],"version-history":[{"count":0,"href":"https:\/\/polowiec.pl\/en\/wp-json\/wp\/v2\/posts\/3195\/revisions"}],"wp:attachment":[{"href":"https:\/\/polowiec.pl\/en\/wp-json\/wp\/v2\/media?parent=3195"}],"wp:term":[{"taxonomy":"category","embeddable":true,"href":"https:\/\/polowiec.pl\/en\/wp-json\/wp\/v2\/categories?post=3195"},{"taxonomy":"post_tag","embeddable":true,"href":"https:\/\/polowiec.pl\/en\/wp-json\/wp\/v2\/tags?post=3195"}],"curies":[{"name":"wp","href":"https:\/\/api.w.org\/{rel}","templated":true}]}}