{"id":444,"date":"2012-10-07T13:13:06","date_gmt":"2012-10-07T11:13:06","guid":{"rendered":"https:\/\/nowa.polowiec.pl\/legal-bulletin-of-the-law-office-of-adam-polowiec-24-30-september-2012-r\/"},"modified":"2018-10-11T10:43:04","modified_gmt":"2018-10-11T08:43:04","slug":"legal-bulletin-of-the-law-office-of-adam-polowiec-24-30-september-2012-r","status":"publish","type":"post","link":"https:\/\/polowiec.pl\/en\/legal-bulletin-of-the-law-office-of-adam-polowiec-24-30-september-2012-r\/","title":{"rendered":"Legal Bulletin Of The Law Office Of Adam Polowiec (24 \u2013 30 september 2012 r.)"},"content":{"rendered":"<p>We would like to present the next issue of legal bulletin of the Law Office of Adam Polowiec.<br \/>What you will find here is some information about the new provisions of law and the projects of amendments to acts, but also case-laws including the case laws of Supreme Court, Constitutional Tribunal and European Court of Justice. <!--more--> <\/p>\n<p>Spis tre\u015bci:<\/p>\n<p><h3 class=\"newsletter-naglowek\">Nowe Prawo<\/h3>\n<p>.. 1<\/p>\n<p>PRAWO ADMINISTRACYJNE.. 1<\/p>\n<p>PODATKI I RACHUNKOWO\u015a\u0106.. 1<\/p>\n<p><h3 class=\"newsletter-naglowek\">Orzecznictwo<\/h3>\n<p>.. 1<\/p>\n<p>S\u0105d Najwy\u017cszy.. 1<\/p>\n<p>ZNIEWA\u017bENIE FUNKCJONARIUSZA.. 1<\/p>\n<p><h2 class=\"newsletter-naglowek\">Projekty, Nowelizacje, Zmiany<\/h2>\n<p>.. 2<\/p>\n<p>PRAWO PRACY I UBEZPIECZE\u0143 SPO\u0141ECZNYCH.. 2<\/p>\n<p>Od dnia 1 stycznia 2013 r. wzrosn\u0105 p\u0142ace, dodatki i odszkodowania. 2<\/p>\n<p>OCHRONA ZDROWIA.. 2<\/p>\n<p>Sta\u017c dla piel\u0119gniarki z zagranicy b\u0119dzie obowi\u0105zkowy i p\u0142atny. 2<\/p>\n<p>\u00a0<\/p>\n<h3 class=\"newsletter-naglowek\">Nowe Prawo<\/h3>\n<p>PRAWO ADMINISTRACYJNE<\/p>\n<p><strong>Rozporz\u0105dzenie<\/strong> Ministra \u015arodowiska z 11 wrze\u015bnia 2012 r. w sprawie mechaniczno\u00a0\u00a0\u00a0\u00a0\u00a0\u00a0 -biologicznego przetwarzania zmieszanych odpad\u00f3w komunalnych (Dz. U. z 2012 r., poz.\u00a01052) \u2013 <strong>wejdzie w \u017cycie z dniem 9 pa\u017adziernika 2012 r.<\/strong><\/p>\n<p>PODATKI I RACHUNKOWO\u015a\u0106<\/p>\n<p><strong>Rozporz\u0105dzenie<\/strong> Ministra Finans\u00f3w z 14 wrze\u015bnia 2012 r. zmieniaj\u0105ce rozporz\u0105dzenie w\u00a0sprawie oznaczania wyrob\u00f3w akcyzowych znakami akcyzy (Dz. U. z 2012 r., poz.\u00a01066) \u2013 <strong>wejdzie w \u017cycie z dniem 11 pa\u017adziernika 2012 r.<\/strong><\/p>\n<p>W rozporz\u0105dzeniu Ministra Finans\u00f3w z dnia 20 sierpnia 2010 r. w sprawie oznaczania wyrob\u00f3w akcyzowych znakami akcyzy (Dz. U. y 2010 r., nr 160, poz. 1074 i nr 221, poz.\u00a01450) uleg\u0142o zmianie brzmienie za\u0142\u0105cznik\u00f3w nr 7, 9 i 10.<\/p>\n<p>\u00a0<\/p>\n<h3 class=\"newsletter-naglowek\">Orzecznictwo<\/h3>\n<p>S\u0105d Najwy\u017cszy<\/p>\n<p>ZNIEWA\u017bENIE FUNKCJONARIUSZA<\/p>\n<p>Do znamion przest\u0119pstwa okre\u015blonego w art. 226 \u00a7 1 kodeksu karnego (kt\u00f3ry m\u00f3wi, \u017ce ten, kto zniewa\u017ca funkcjonariusza publicznego lub osob\u0119 do pomocy mu przybran\u0105, podczas i w zwi\u0105zku z pe\u0142nieniem obowi\u0105zk\u00f3w s\u0142u\u017cbowych, podlega grzywnie, karze ograniczenia wolno\u015bci albo pozbawienia wolno\u015bci do roku) nie nale\u017cy publiczne dzia\u0142anie sprawcy. Tym samym zniewa\u017cy\u0107 funkcjonariusza publicznego mo\u017cna r\u00f3wnie\u017c twarz\u0105 w\u00a0twarz, niekoniecznie w obecno\u015bci wielu innych os\u00f3b, poniewa\u017c nie spos\u00f3b zaakceptowa\u0107 bezkarno\u015bci niepublicznego zniewa\u017cenia dokonanego podczas i w zwi\u0105zku z\u00a0pe\u0142nieniem przez funkcjonariuszy publicznych obowi\u0105zk\u00f3w s\u0142u\u017cbowych \u2013 <strong>uchwa\u0142a 7\u00a0s\u0119dzi\u00f3w S\u0105du Najwy\u017cszego z dnia 20 czerwca 2012 r., sygn. akt: KZP 8\/12.<\/strong><\/p>\n<p>\u00a0<\/p>\n<h2 class=\"newsletter-naglowek\">Projekty, Nowelizacje, Zmiany<\/h2>\n<p>PRAWO PRACY I UBEZPIECZE\u0143 SPO\u0141ECZNYCH<\/p>\n<p>Od dnia 1 stycznia 2013 r. wzrosn\u0105 p\u0142ace, dodatki i odszkodowania<\/p>\n<p>W roku 2013 minimalne wynagrodzenie za prac\u0119 wyniesie 1\u00a0600 z\u0142. Najni\u017csze pensje netto w zale\u017cno\u015bci od obci\u0105\u017ce\u0144 podatkowych b\u0119d\u0105 si\u0119 waha\u0107 od 1\u00a0064,86 z\u0142 do\u00a01\u00a0111,86\u00a0z\u0142.<\/p>\n<p>OCHRONA ZDROWIA<\/p>\n<p>Sta\u017c dla piel\u0119gniarki z zagranicy b\u0119dzie obowi\u0105zkowy i p\u0142atny<\/p>\n<p>Od dnia 25 wrze\u015bnia 2012 r. cudzoziemiec, kt\u00f3ry chce wykonywa\u0107 zaw\u00f3d piel\u0119gniarki lub\u00a0po\u0142o\u017cnej w Polsce, musi sam sobie sfinansowa\u0107 roczne szkolenie w szpitalu.<\/p>\n<p>\u00a0<\/p>\n<p>\u00a0<\/p>\n","protected":false},"excerpt":{"rendered":"<p>We would like to present the next issue of legal bulletin of the Law Office of Adam Polowiec.What you will find here is some information about the new provisions of law and the projects of amendments to acts, but also case-laws including the case laws of Supreme Court, Constitutional Tribunal and European Court of Justice.<\/p>\n","protected":false},"author":2,"featured_media":0,"comment_status":"closed","ping_status":"open","sticky":false,"template":"","format":"standard","meta":{"footnotes":""},"categories":[11],"tags":[],"class_list":["post-444","post","type-post","status-publish","format-standard","hentry","category-newsletters"],"featured_image_src":{"landsacpe":false,"list":false,"medium":false,"full":false},"yoast_head":"<!-- This site is optimized with the Yoast SEO plugin v27.2 - https:\/\/yoast.com\/product\/yoast-seo-wordpress\/ -->\n<title>Legal Bulletin Of The Law Office Of Adam Polowiec (24 \u2013 30 september 2012 r.) - Polowiec i Wsp\u00f3lnicy - Kancelaria prawna<\/title>\n<meta name=\"robots\" content=\"index, follow, max-snippet:-1, max-image-preview:large, max-video-preview:-1\" \/>\n<link rel=\"canonical\" href=\"https:\/\/polowiec.pl\/en\/legal-bulletin-of-the-law-office-of-adam-polowiec-24-30-september-2012-r\/\" \/>\n<meta property=\"og:locale\" content=\"en_US\" \/>\n<meta property=\"og:type\" content=\"article\" \/>\n<meta property=\"og:title\" content=\"Legal Bulletin Of The Law Office Of Adam Polowiec (24 \u2013 30 september 2012 r.) - Polowiec i Wsp\u00f3lnicy - Kancelaria prawna\" \/>\n<meta property=\"og:description\" content=\"We would like to present the next issue of legal bulletin of the Law Office of Adam Polowiec.What you will find here is some information about the new provisions of law and the projects of amendments to acts, but also case-laws including the case laws of Supreme Court, Constitutional Tribunal and European Court of Justice.\" \/>\n<meta property=\"og:url\" content=\"https:\/\/polowiec.pl\/en\/legal-bulletin-of-the-law-office-of-adam-polowiec-24-30-september-2012-r\/\" \/>\n<meta property=\"og:site_name\" content=\"Polowiec i Wsp\u00f3lnicy - Kancelaria prawna\" \/>\n<meta property=\"article:publisher\" content=\"https:\/\/www.facebook.com\/polowieciwspolnicy\/\" \/>\n<meta property=\"article:published_time\" content=\"2012-10-07T11:13:06+00:00\" \/>\n<meta property=\"article:modified_time\" content=\"2018-10-11T08:43:04+00:00\" \/>\n<meta name=\"author\" content=\"Super User\" \/>\n<meta name=\"twitter:card\" content=\"summary_large_image\" \/>\n<meta name=\"twitter:label1\" content=\"Written by\" \/>\n\t<meta name=\"twitter:data1\" content=\"Super User\" \/>\n\t<meta name=\"twitter:label2\" content=\"Est. reading time\" \/>\n\t<meta name=\"twitter:data2\" content=\"2 minutes\" \/>\n<script type=\"application\/ld+json\" class=\"yoast-schema-graph\">{\"@context\":\"https:\/\/schema.org\",\"@graph\":[{\"@type\":\"Article\",\"@id\":\"https:\/\/polowiec.pl\/en\/legal-bulletin-of-the-law-office-of-adam-polowiec-24-30-september-2012-r\/#article\",\"isPartOf\":{\"@id\":\"https:\/\/polowiec.pl\/en\/legal-bulletin-of-the-law-office-of-adam-polowiec-24-30-september-2012-r\/\"},\"author\":{\"name\":\"Super User\",\"@id\":\"https:\/\/polowiec.pl\/en\/#\/schema\/person\/ed8994874b775675a86115f307352d24\"},\"headline\":\"Legal Bulletin Of The Law Office Of Adam Polowiec (24 \u2013 30 september 2012 r.)\",\"datePublished\":\"2012-10-07T11:13:06+00:00\",\"dateModified\":\"2018-10-11T08:43:04+00:00\",\"mainEntityOfPage\":{\"@id\":\"https:\/\/polowiec.pl\/en\/legal-bulletin-of-the-law-office-of-adam-polowiec-24-30-september-2012-r\/\"},\"wordCount\":449,\"publisher\":{\"@id\":\"https:\/\/polowiec.pl\/en\/#organization\"},\"articleSection\":[\"Newsletter\"],\"inLanguage\":\"en-US\"},{\"@type\":\"WebPage\",\"@id\":\"https:\/\/polowiec.pl\/en\/legal-bulletin-of-the-law-office-of-adam-polowiec-24-30-september-2012-r\/\",\"url\":\"https:\/\/polowiec.pl\/en\/legal-bulletin-of-the-law-office-of-adam-polowiec-24-30-september-2012-r\/\",\"name\":\"Legal Bulletin Of The Law Office Of Adam Polowiec (24 \u2013 30 september 2012 r.) - Polowiec i Wsp\u00f3lnicy - Kancelaria prawna\",\"isPartOf\":{\"@id\":\"https:\/\/polowiec.pl\/en\/#website\"},\"datePublished\":\"2012-10-07T11:13:06+00:00\",\"dateModified\":\"2018-10-11T08:43:04+00:00\",\"breadcrumb\":{\"@id\":\"https:\/\/polowiec.pl\/en\/legal-bulletin-of-the-law-office-of-adam-polowiec-24-30-september-2012-r\/#breadcrumb\"},\"inLanguage\":\"en-US\",\"potentialAction\":[{\"@type\":\"ReadAction\",\"target\":[\"https:\/\/polowiec.pl\/en\/legal-bulletin-of-the-law-office-of-adam-polowiec-24-30-september-2012-r\/\"]}]},{\"@type\":\"BreadcrumbList\",\"@id\":\"https:\/\/polowiec.pl\/en\/legal-bulletin-of-the-law-office-of-adam-polowiec-24-30-september-2012-r\/#breadcrumb\",\"itemListElement\":[{\"@type\":\"ListItem\",\"position\":1,\"name\":\"Strona g\u0142\u00f3wna\",\"item\":\"https:\/\/polowiec.pl\/en\/\"},{\"@type\":\"ListItem\",\"position\":2,\"name\":\"Legal Bulletin Of The Law Office Of Adam Polowiec (24 \u2013 30 september 2012 r.)\"}]},{\"@type\":\"WebSite\",\"@id\":\"https:\/\/polowiec.pl\/en\/#website\",\"url\":\"https:\/\/polowiec.pl\/en\/\",\"name\":\"Polowiec i Wsp\u00f3lnicy - Kancelaria prawna\",\"description\":\"Obs\u0142uga prawna\",\"publisher\":{\"@id\":\"https:\/\/polowiec.pl\/en\/#organization\"},\"potentialAction\":[{\"@type\":\"SearchAction\",\"target\":{\"@type\":\"EntryPoint\",\"urlTemplate\":\"https:\/\/polowiec.pl\/en\/?s={search_term_string}\"},\"query-input\":{\"@type\":\"PropertyValueSpecification\",\"valueRequired\":true,\"valueName\":\"search_term_string\"}}],\"inLanguage\":\"en-US\"},{\"@type\":\"Organization\",\"@id\":\"https:\/\/polowiec.pl\/en\/#organization\",\"name\":\"Polowiec i Wsp\u00f3lnicy - Kancelaria prawna\",\"url\":\"https:\/\/polowiec.pl\/en\/\",\"logo\":{\"@type\":\"ImageObject\",\"inLanguage\":\"en-US\",\"@id\":\"https:\/\/polowiec.pl\/en\/#\/schema\/logo\/image\/\",\"url\":\"https:\/\/polowiec.pl\/wp-content\/uploads\/2018\/10\/polowiec_logo2-1.png\",\"contentUrl\":\"https:\/\/polowiec.pl\/wp-content\/uploads\/2018\/10\/polowiec_logo2-1.png\",\"width\":540,\"height\":381,\"caption\":\"Polowiec i Wsp\u00f3lnicy - Kancelaria prawna\"},\"image\":{\"@id\":\"https:\/\/polowiec.pl\/en\/#\/schema\/logo\/image\/\"},\"sameAs\":[\"https:\/\/www.facebook.com\/polowieciwspolnicy\/\",\"https:\/\/www.linkedin.com\/company\/polowiec-i-wsplnicy-sp.j.\/about\/\"]},{\"@type\":\"Person\",\"@id\":\"https:\/\/polowiec.pl\/en\/#\/schema\/person\/ed8994874b775675a86115f307352d24\",\"name\":\"Super User\",\"image\":{\"@type\":\"ImageObject\",\"inLanguage\":\"en-US\",\"@id\":\"https:\/\/secure.gravatar.com\/avatar\/e759b874f0fa459bd87c83ff47148fc5718f86d9459564657124e571997afbf7?s=96&d=mm&r=g\",\"url\":\"https:\/\/secure.gravatar.com\/avatar\/e759b874f0fa459bd87c83ff47148fc5718f86d9459564657124e571997afbf7?s=96&d=mm&r=g\",\"contentUrl\":\"https:\/\/secure.gravatar.com\/avatar\/e759b874f0fa459bd87c83ff47148fc5718f86d9459564657124e571997afbf7?s=96&d=mm&r=g\",\"caption\":\"Super User\"}}]}<\/script>\n<!-- \/ Yoast SEO plugin. -->","yoast_head_json":{"title":"Legal Bulletin Of The Law Office Of Adam Polowiec (24 \u2013 30 september 2012 r.) - Polowiec i Wsp\u00f3lnicy - Kancelaria prawna","robots":{"index":"index","follow":"follow","max-snippet":"max-snippet:-1","max-image-preview":"max-image-preview:large","max-video-preview":"max-video-preview:-1"},"canonical":"https:\/\/polowiec.pl\/en\/legal-bulletin-of-the-law-office-of-adam-polowiec-24-30-september-2012-r\/","og_locale":"en_US","og_type":"article","og_title":"Legal Bulletin Of The Law Office Of Adam Polowiec (24 \u2013 30 september 2012 r.) - Polowiec i Wsp\u00f3lnicy - Kancelaria prawna","og_description":"We would like to present the next issue of legal bulletin of the Law Office of Adam Polowiec.What you will find here is some information about the new provisions of law and the projects of amendments to acts, but also case-laws including the case laws of Supreme Court, Constitutional Tribunal and European Court of Justice.","og_url":"https:\/\/polowiec.pl\/en\/legal-bulletin-of-the-law-office-of-adam-polowiec-24-30-september-2012-r\/","og_site_name":"Polowiec i Wsp\u00f3lnicy - Kancelaria prawna","article_publisher":"https:\/\/www.facebook.com\/polowieciwspolnicy\/","article_published_time":"2012-10-07T11:13:06+00:00","article_modified_time":"2018-10-11T08:43:04+00:00","author":"Super User","twitter_card":"summary_large_image","twitter_misc":{"Written by":"Super User","Est. reading time":"2 minutes"},"schema":{"@context":"https:\/\/schema.org","@graph":[{"@type":"Article","@id":"https:\/\/polowiec.pl\/en\/legal-bulletin-of-the-law-office-of-adam-polowiec-24-30-september-2012-r\/#article","isPartOf":{"@id":"https:\/\/polowiec.pl\/en\/legal-bulletin-of-the-law-office-of-adam-polowiec-24-30-september-2012-r\/"},"author":{"name":"Super User","@id":"https:\/\/polowiec.pl\/en\/#\/schema\/person\/ed8994874b775675a86115f307352d24"},"headline":"Legal Bulletin Of The Law Office Of Adam Polowiec (24 \u2013 30 september 2012 r.)","datePublished":"2012-10-07T11:13:06+00:00","dateModified":"2018-10-11T08:43:04+00:00","mainEntityOfPage":{"@id":"https:\/\/polowiec.pl\/en\/legal-bulletin-of-the-law-office-of-adam-polowiec-24-30-september-2012-r\/"},"wordCount":449,"publisher":{"@id":"https:\/\/polowiec.pl\/en\/#organization"},"articleSection":["Newsletter"],"inLanguage":"en-US"},{"@type":"WebPage","@id":"https:\/\/polowiec.pl\/en\/legal-bulletin-of-the-law-office-of-adam-polowiec-24-30-september-2012-r\/","url":"https:\/\/polowiec.pl\/en\/legal-bulletin-of-the-law-office-of-adam-polowiec-24-30-september-2012-r\/","name":"Legal Bulletin Of The Law Office Of Adam Polowiec (24 \u2013 30 september 2012 r.) - Polowiec i Wsp\u00f3lnicy - Kancelaria prawna","isPartOf":{"@id":"https:\/\/polowiec.pl\/en\/#website"},"datePublished":"2012-10-07T11:13:06+00:00","dateModified":"2018-10-11T08:43:04+00:00","breadcrumb":{"@id":"https:\/\/polowiec.pl\/en\/legal-bulletin-of-the-law-office-of-adam-polowiec-24-30-september-2012-r\/#breadcrumb"},"inLanguage":"en-US","potentialAction":[{"@type":"ReadAction","target":["https:\/\/polowiec.pl\/en\/legal-bulletin-of-the-law-office-of-adam-polowiec-24-30-september-2012-r\/"]}]},{"@type":"BreadcrumbList","@id":"https:\/\/polowiec.pl\/en\/legal-bulletin-of-the-law-office-of-adam-polowiec-24-30-september-2012-r\/#breadcrumb","itemListElement":[{"@type":"ListItem","position":1,"name":"Strona g\u0142\u00f3wna","item":"https:\/\/polowiec.pl\/en\/"},{"@type":"ListItem","position":2,"name":"Legal Bulletin Of The Law Office Of Adam Polowiec (24 \u2013 30 september 2012 r.)"}]},{"@type":"WebSite","@id":"https:\/\/polowiec.pl\/en\/#website","url":"https:\/\/polowiec.pl\/en\/","name":"Polowiec i Wsp\u00f3lnicy - Kancelaria prawna","description":"Obs\u0142uga prawna","publisher":{"@id":"https:\/\/polowiec.pl\/en\/#organization"},"potentialAction":[{"@type":"SearchAction","target":{"@type":"EntryPoint","urlTemplate":"https:\/\/polowiec.pl\/en\/?s={search_term_string}"},"query-input":{"@type":"PropertyValueSpecification","valueRequired":true,"valueName":"search_term_string"}}],"inLanguage":"en-US"},{"@type":"Organization","@id":"https:\/\/polowiec.pl\/en\/#organization","name":"Polowiec i Wsp\u00f3lnicy - Kancelaria prawna","url":"https:\/\/polowiec.pl\/en\/","logo":{"@type":"ImageObject","inLanguage":"en-US","@id":"https:\/\/polowiec.pl\/en\/#\/schema\/logo\/image\/","url":"https:\/\/polowiec.pl\/wp-content\/uploads\/2018\/10\/polowiec_logo2-1.png","contentUrl":"https:\/\/polowiec.pl\/wp-content\/uploads\/2018\/10\/polowiec_logo2-1.png","width":540,"height":381,"caption":"Polowiec i Wsp\u00f3lnicy - Kancelaria prawna"},"image":{"@id":"https:\/\/polowiec.pl\/en\/#\/schema\/logo\/image\/"},"sameAs":["https:\/\/www.facebook.com\/polowieciwspolnicy\/","https:\/\/www.linkedin.com\/company\/polowiec-i-wsplnicy-sp.j.\/about\/"]},{"@type":"Person","@id":"https:\/\/polowiec.pl\/en\/#\/schema\/person\/ed8994874b775675a86115f307352d24","name":"Super User","image":{"@type":"ImageObject","inLanguage":"en-US","@id":"https:\/\/secure.gravatar.com\/avatar\/e759b874f0fa459bd87c83ff47148fc5718f86d9459564657124e571997afbf7?s=96&d=mm&r=g","url":"https:\/\/secure.gravatar.com\/avatar\/e759b874f0fa459bd87c83ff47148fc5718f86d9459564657124e571997afbf7?s=96&d=mm&r=g","contentUrl":"https:\/\/secure.gravatar.com\/avatar\/e759b874f0fa459bd87c83ff47148fc5718f86d9459564657124e571997afbf7?s=96&d=mm&r=g","caption":"Super User"}}]}},"_links":{"self":[{"href":"https:\/\/polowiec.pl\/en\/wp-json\/wp\/v2\/posts\/444","targetHints":{"allow":["GET"]}}],"collection":[{"href":"https:\/\/polowiec.pl\/en\/wp-json\/wp\/v2\/posts"}],"about":[{"href":"https:\/\/polowiec.pl\/en\/wp-json\/wp\/v2\/types\/post"}],"author":[{"embeddable":true,"href":"https:\/\/polowiec.pl\/en\/wp-json\/wp\/v2\/users\/2"}],"replies":[{"embeddable":true,"href":"https:\/\/polowiec.pl\/en\/wp-json\/wp\/v2\/comments?post=444"}],"version-history":[{"count":0,"href":"https:\/\/polowiec.pl\/en\/wp-json\/wp\/v2\/posts\/444\/revisions"}],"wp:attachment":[{"href":"https:\/\/polowiec.pl\/en\/wp-json\/wp\/v2\/media?parent=444"}],"wp:term":[{"taxonomy":"category","embeddable":true,"href":"https:\/\/polowiec.pl\/en\/wp-json\/wp\/v2\/categories?post=444"},{"taxonomy":"post_tag","embeddable":true,"href":"https:\/\/polowiec.pl\/en\/wp-json\/wp\/v2\/tags?post=444"}],"curies":[{"name":"wp","href":"https:\/\/api.w.org\/{rel}","templated":true}]}}