{"id":445,"date":"2012-10-12T23:15:33","date_gmt":"2012-10-12T21:15:33","guid":{"rendered":"https:\/\/nowa.polowiec.pl\/legal-bulletin-of-the-law-office-of-adam-polowiec-1-7-october-2012-r\/"},"modified":"2018-10-11T10:43:04","modified_gmt":"2018-10-11T08:43:04","slug":"legal-bulletin-of-the-law-office-of-adam-polowiec-1-7-october-2012-r","status":"publish","type":"post","link":"https:\/\/polowiec.pl\/en\/legal-bulletin-of-the-law-office-of-adam-polowiec-1-7-october-2012-r\/","title":{"rendered":"Legal Bulletin Of The Law Office Of Adam Polowiec (1 \u2013 7 october 2012 r.)"},"content":{"rendered":"<p>We would like to present the next issue of legal bulletin of the Law Office of Adam Polowiec.<br \/>What you will find here is some information about the new provisions of law and the projects of amendments to acts, but also case-laws including the case laws of Supreme Court, Constitutional Tribunal and European Court of Justice. <!--more--> <\/p>\n<h3 class=\"newsletter-naglowek\">Nowe Prawo<\/h3>\n<p>S\u0104DOWNICTWO<\/p>\n<p><strong>Rozporz\u0105dzenie<\/strong> Ministra Sprawiedliwo\u015bci z dnia 19 wrze\u015bnia 2012 r. zmieniaj\u0105ce rozporz\u0105dzenie \u2013 Regulamin urz\u0119dowania s\u0105d\u00f3w powszechnych (Dz. U. z 2012 r., poz.\u00a01070) \u2013 <strong>wesz\u0142o w \u017cycie z dniem 1 pa\u017adziernika 2012 r.<\/strong><\/p>\n<p>W rozporz\u0105dzeniu Ministra Sprawiedliwo\u015bci z dnia 23 lutego 2007 r. \u2013 Regulamin urz\u0119dowania s\u0105d\u00f3w powszechnych (Dz. U. z 2007 r., nr 38, poz. 249 z p\u00f3\u017an. zm.) uleg\u0142o zmianie brzmienie \u00a722, \u00a724, \u00a781, \u00a786, \u00a792, \u00a794 \u2013 97, \u00a7124, \u00a7272a, zosta\u0142y dodane \u00a790a, \u00a7 98a, \u00a798b, \u00a7115a, \u00a7119a.<\/p>\n<p>PODATKI I RACHUNKOWO\u015a\u0106<\/p>\n<p><strong>Rozporz\u0105dzenie<\/strong> Ministra Finans\u00f3w z dnia 26 wrze\u015bnia 2012 r. zmieniaj\u0105ce rozporz\u0105dzenie w sprawie sposobu przesy\u0142ania deklaracji i poda\u0144 oraz rodzaj\u00f3w podpisu elektronicznego, kt\u00f3rymi powinny by\u0107 opatrzone (Dz. U z 2012 r., poz. 1083) \u2013 <strong>wesz\u0142o w \u017cycie z dniem 1 pa\u017adziernika 2012 r.<\/strong><\/p>\n<p>W rozporz\u0105dzeniu Ministra Finans\u00f3w z dnia 30 grudnia 2010 r. w sprawie sposobu przesy\u0142ania deklaracji i poda\u0144 oraz rodzaj\u00f3w podpisu elektronicznego, kt\u00f3rymi powinny by\u0107 opatrzone (Dz. U. z 2010 r., nr 259, poz. 1769 oraz z 2012 r., poz. 18 i 387) uleg\u0142o zmianie brzmienie za\u0142\u0105cznik\u00f3w nr 3, nr 4 i nr 6.<\/p>\n<p>PRAWO PRACY I UBEZPIECZE\u0143 SPO\u0141ECZNYCH<\/p>\n<p><strong>Rozporz\u0105dzenie<\/strong> Ministra Zdrowia z dnia 26 wrze\u015bnia 2012 r. w sprawie sta\u017cu podyplomowego lekarza i lekarza dentysty (Dz. U. z 2012 r., poz. 1082) \u2013 <strong>wesz\u0142o w\u00a0\u017cycie z dniem 1 pa\u017adziernika 2012 r.<\/strong><\/p>\n<p>PRAWO OCHRONY \u015aRODOWISKA<\/p>\n<p><strong>Rozporz\u0105dzenie <\/strong>Ministra \u015arodowiska z dnia 11 wrze\u015bnia 2012 r. w sprawie centralnego rejestru form ochrony przyrody (Dz. U. z 2012 r., poz. 1080) \u2013 <strong>wejdzie w \u017cycie z\u00a0dniem 27 marca 2013 r.<\/strong><\/p>\n<p>POMOC SPO\u0141ECZNA<\/p>\n<p><strong>Rozporz\u0105dzenie<\/strong> Ministra Pracy i Polityki Spo\u0142ecznej z dnia 26 wrze\u015bnia 2012 r. w\u00a0sprawie specjalizacji z zakresu organizacji pomocy spo\u0142ecznej (Dz. U. z 2012 r., poz.\u00a01081) \u2013 wesz\u0142o<strong> w \u017cycie z dniem 1 pa\u017adziernika 2012 r.<\/strong><\/p>\n<p>\u00a0<\/p>\n<h2 class=\"newsletter-naglowek\">Projekty, Nowelizacje, Zmiany<\/h2>\n<p>POMOC SPO\u0141ECZNA<\/p>\n<p>\u015awiadczenia z pomocy spo\u0142ecznej b\u0119d\u0105 wi\u0119ksze<\/p>\n<p>Od dnia 1 pa\u017adziernika 2012 r. osoby o najni\u017cszych dochodach b\u0119d\u0105 otrzymywa\u0107 wy\u017csze zasi\u0142ki sta\u0142e i okresowe.<\/p>\n<p>PODATKI I RACHUNKOWO\u015a\u0106<\/p>\n<p>B\u0119dzie ni\u017cszy limit dla ksi\u0105g<\/p>\n<p>Podmioty, kt\u00f3rych przychody netto w 2012 roku przekrocz\u0105 4\u00a0936\u00a0560 z\u0142, od stycznia 2013 r. b\u0119d\u0105 musia\u0142y prowadzi\u0107 pe\u0142n\u0105 rachunkowo\u015b\u0107.<\/p>\n<p>\u00a0<\/p>\n<p>\u00a0<\/p>\n","protected":false},"excerpt":{"rendered":"<p>We would like to present the next issue of legal bulletin of the Law Office of Adam Polowiec.What you will find here is some information about the new provisions of law and the projects of amendments to acts, but also case-laws including the case laws of Supreme Court, Constitutional Tribunal and European Court of Justice.<\/p>\n","protected":false},"author":2,"featured_media":0,"comment_status":"closed","ping_status":"open","sticky":false,"template":"","format":"standard","meta":{"footnotes":""},"categories":[11],"tags":[],"class_list":["post-445","post","type-post","status-publish","format-standard","hentry","category-newsletters"],"featured_image_src":{"landsacpe":false,"list":false,"medium":false,"full":false},"yoast_head":"<!-- This site is optimized with the Yoast SEO plugin v27.2 - https:\/\/yoast.com\/product\/yoast-seo-wordpress\/ -->\n<title>Legal Bulletin Of The Law Office Of Adam Polowiec (1 \u2013 7 october 2012 r.) - Polowiec i Wsp\u00f3lnicy - Kancelaria prawna<\/title>\n<meta name=\"robots\" content=\"index, follow, max-snippet:-1, max-image-preview:large, max-video-preview:-1\" \/>\n<link rel=\"canonical\" href=\"https:\/\/polowiec.pl\/en\/legal-bulletin-of-the-law-office-of-adam-polowiec-1-7-october-2012-r\/\" \/>\n<meta property=\"og:locale\" content=\"en_US\" \/>\n<meta property=\"og:type\" content=\"article\" \/>\n<meta property=\"og:title\" content=\"Legal Bulletin Of The Law Office Of Adam Polowiec (1 \u2013 7 october 2012 r.) - Polowiec i Wsp\u00f3lnicy - Kancelaria prawna\" \/>\n<meta property=\"og:description\" content=\"We would like to present the next issue of legal bulletin of the Law Office of Adam Polowiec.What you will find here is some information about the new provisions of law and the projects of amendments to acts, but also case-laws including the case laws of Supreme Court, Constitutional Tribunal and European Court of Justice.\" \/>\n<meta property=\"og:url\" content=\"https:\/\/polowiec.pl\/en\/legal-bulletin-of-the-law-office-of-adam-polowiec-1-7-october-2012-r\/\" \/>\n<meta property=\"og:site_name\" content=\"Polowiec i Wsp\u00f3lnicy - Kancelaria prawna\" \/>\n<meta property=\"article:publisher\" content=\"https:\/\/www.facebook.com\/polowieciwspolnicy\/\" \/>\n<meta property=\"article:published_time\" content=\"2012-10-12T21:15:33+00:00\" \/>\n<meta property=\"article:modified_time\" content=\"2018-10-11T08:43:04+00:00\" \/>\n<meta name=\"author\" content=\"Super User\" \/>\n<meta name=\"twitter:card\" content=\"summary_large_image\" \/>\n<meta name=\"twitter:label1\" content=\"Written by\" \/>\n\t<meta name=\"twitter:data1\" content=\"Super User\" \/>\n\t<meta name=\"twitter:label2\" content=\"Est. reading time\" \/>\n\t<meta name=\"twitter:data2\" content=\"2 minutes\" \/>\n<script type=\"application\/ld+json\" class=\"yoast-schema-graph\">{\"@context\":\"https:\/\/schema.org\",\"@graph\":[{\"@type\":\"Article\",\"@id\":\"https:\/\/polowiec.pl\/en\/legal-bulletin-of-the-law-office-of-adam-polowiec-1-7-october-2012-r\/#article\",\"isPartOf\":{\"@id\":\"https:\/\/polowiec.pl\/en\/legal-bulletin-of-the-law-office-of-adam-polowiec-1-7-october-2012-r\/\"},\"author\":{\"name\":\"Super User\",\"@id\":\"https:\/\/polowiec.pl\/en\/#\/schema\/person\/ed8994874b775675a86115f307352d24\"},\"headline\":\"Legal Bulletin Of The Law Office Of Adam Polowiec (1 \u2013 7 october 2012 r.)\",\"datePublished\":\"2012-10-12T21:15:33+00:00\",\"dateModified\":\"2018-10-11T08:43:04+00:00\",\"mainEntityOfPage\":{\"@id\":\"https:\/\/polowiec.pl\/en\/legal-bulletin-of-the-law-office-of-adam-polowiec-1-7-october-2012-r\/\"},\"wordCount\":420,\"publisher\":{\"@id\":\"https:\/\/polowiec.pl\/en\/#organization\"},\"articleSection\":[\"Newsletter\"],\"inLanguage\":\"en-US\"},{\"@type\":\"WebPage\",\"@id\":\"https:\/\/polowiec.pl\/en\/legal-bulletin-of-the-law-office-of-adam-polowiec-1-7-october-2012-r\/\",\"url\":\"https:\/\/polowiec.pl\/en\/legal-bulletin-of-the-law-office-of-adam-polowiec-1-7-october-2012-r\/\",\"name\":\"Legal Bulletin Of The Law Office Of Adam Polowiec (1 \u2013 7 october 2012 r.) - Polowiec i Wsp\u00f3lnicy - Kancelaria prawna\",\"isPartOf\":{\"@id\":\"https:\/\/polowiec.pl\/en\/#website\"},\"datePublished\":\"2012-10-12T21:15:33+00:00\",\"dateModified\":\"2018-10-11T08:43:04+00:00\",\"breadcrumb\":{\"@id\":\"https:\/\/polowiec.pl\/en\/legal-bulletin-of-the-law-office-of-adam-polowiec-1-7-october-2012-r\/#breadcrumb\"},\"inLanguage\":\"en-US\",\"potentialAction\":[{\"@type\":\"ReadAction\",\"target\":[\"https:\/\/polowiec.pl\/en\/legal-bulletin-of-the-law-office-of-adam-polowiec-1-7-october-2012-r\/\"]}]},{\"@type\":\"BreadcrumbList\",\"@id\":\"https:\/\/polowiec.pl\/en\/legal-bulletin-of-the-law-office-of-adam-polowiec-1-7-october-2012-r\/#breadcrumb\",\"itemListElement\":[{\"@type\":\"ListItem\",\"position\":1,\"name\":\"Strona g\u0142\u00f3wna\",\"item\":\"https:\/\/polowiec.pl\/en\/\"},{\"@type\":\"ListItem\",\"position\":2,\"name\":\"Legal Bulletin Of The Law Office Of Adam Polowiec (1 \u2013 7 october 2012 r.)\"}]},{\"@type\":\"WebSite\",\"@id\":\"https:\/\/polowiec.pl\/en\/#website\",\"url\":\"https:\/\/polowiec.pl\/en\/\",\"name\":\"Polowiec i Wsp\u00f3lnicy - Kancelaria prawna\",\"description\":\"Obs\u0142uga prawna\",\"publisher\":{\"@id\":\"https:\/\/polowiec.pl\/en\/#organization\"},\"potentialAction\":[{\"@type\":\"SearchAction\",\"target\":{\"@type\":\"EntryPoint\",\"urlTemplate\":\"https:\/\/polowiec.pl\/en\/?s={search_term_string}\"},\"query-input\":{\"@type\":\"PropertyValueSpecification\",\"valueRequired\":true,\"valueName\":\"search_term_string\"}}],\"inLanguage\":\"en-US\"},{\"@type\":\"Organization\",\"@id\":\"https:\/\/polowiec.pl\/en\/#organization\",\"name\":\"Polowiec i Wsp\u00f3lnicy - Kancelaria prawna\",\"url\":\"https:\/\/polowiec.pl\/en\/\",\"logo\":{\"@type\":\"ImageObject\",\"inLanguage\":\"en-US\",\"@id\":\"https:\/\/polowiec.pl\/en\/#\/schema\/logo\/image\/\",\"url\":\"https:\/\/polowiec.pl\/wp-content\/uploads\/2018\/10\/polowiec_logo2-1.png\",\"contentUrl\":\"https:\/\/polowiec.pl\/wp-content\/uploads\/2018\/10\/polowiec_logo2-1.png\",\"width\":540,\"height\":381,\"caption\":\"Polowiec i Wsp\u00f3lnicy - Kancelaria prawna\"},\"image\":{\"@id\":\"https:\/\/polowiec.pl\/en\/#\/schema\/logo\/image\/\"},\"sameAs\":[\"https:\/\/www.facebook.com\/polowieciwspolnicy\/\",\"https:\/\/www.linkedin.com\/company\/polowiec-i-wsplnicy-sp.j.\/about\/\"]},{\"@type\":\"Person\",\"@id\":\"https:\/\/polowiec.pl\/en\/#\/schema\/person\/ed8994874b775675a86115f307352d24\",\"name\":\"Super User\",\"image\":{\"@type\":\"ImageObject\",\"inLanguage\":\"en-US\",\"@id\":\"https:\/\/secure.gravatar.com\/avatar\/e759b874f0fa459bd87c83ff47148fc5718f86d9459564657124e571997afbf7?s=96&d=mm&r=g\",\"url\":\"https:\/\/secure.gravatar.com\/avatar\/e759b874f0fa459bd87c83ff47148fc5718f86d9459564657124e571997afbf7?s=96&d=mm&r=g\",\"contentUrl\":\"https:\/\/secure.gravatar.com\/avatar\/e759b874f0fa459bd87c83ff47148fc5718f86d9459564657124e571997afbf7?s=96&d=mm&r=g\",\"caption\":\"Super User\"}}]}<\/script>\n<!-- \/ Yoast SEO plugin. -->","yoast_head_json":{"title":"Legal Bulletin Of The Law Office Of Adam Polowiec (1 \u2013 7 october 2012 r.) - Polowiec i Wsp\u00f3lnicy - Kancelaria prawna","robots":{"index":"index","follow":"follow","max-snippet":"max-snippet:-1","max-image-preview":"max-image-preview:large","max-video-preview":"max-video-preview:-1"},"canonical":"https:\/\/polowiec.pl\/en\/legal-bulletin-of-the-law-office-of-adam-polowiec-1-7-october-2012-r\/","og_locale":"en_US","og_type":"article","og_title":"Legal Bulletin Of The Law Office Of Adam Polowiec (1 \u2013 7 october 2012 r.) - Polowiec i Wsp\u00f3lnicy - Kancelaria prawna","og_description":"We would like to present the next issue of legal bulletin of the Law Office of Adam Polowiec.What you will find here is some information about the new provisions of law and the projects of amendments to acts, but also case-laws including the case laws of Supreme Court, Constitutional Tribunal and European Court of Justice.","og_url":"https:\/\/polowiec.pl\/en\/legal-bulletin-of-the-law-office-of-adam-polowiec-1-7-october-2012-r\/","og_site_name":"Polowiec i Wsp\u00f3lnicy - Kancelaria prawna","article_publisher":"https:\/\/www.facebook.com\/polowieciwspolnicy\/","article_published_time":"2012-10-12T21:15:33+00:00","article_modified_time":"2018-10-11T08:43:04+00:00","author":"Super User","twitter_card":"summary_large_image","twitter_misc":{"Written by":"Super User","Est. reading time":"2 minutes"},"schema":{"@context":"https:\/\/schema.org","@graph":[{"@type":"Article","@id":"https:\/\/polowiec.pl\/en\/legal-bulletin-of-the-law-office-of-adam-polowiec-1-7-october-2012-r\/#article","isPartOf":{"@id":"https:\/\/polowiec.pl\/en\/legal-bulletin-of-the-law-office-of-adam-polowiec-1-7-october-2012-r\/"},"author":{"name":"Super User","@id":"https:\/\/polowiec.pl\/en\/#\/schema\/person\/ed8994874b775675a86115f307352d24"},"headline":"Legal Bulletin Of The Law Office Of Adam Polowiec (1 \u2013 7 october 2012 r.)","datePublished":"2012-10-12T21:15:33+00:00","dateModified":"2018-10-11T08:43:04+00:00","mainEntityOfPage":{"@id":"https:\/\/polowiec.pl\/en\/legal-bulletin-of-the-law-office-of-adam-polowiec-1-7-october-2012-r\/"},"wordCount":420,"publisher":{"@id":"https:\/\/polowiec.pl\/en\/#organization"},"articleSection":["Newsletter"],"inLanguage":"en-US"},{"@type":"WebPage","@id":"https:\/\/polowiec.pl\/en\/legal-bulletin-of-the-law-office-of-adam-polowiec-1-7-october-2012-r\/","url":"https:\/\/polowiec.pl\/en\/legal-bulletin-of-the-law-office-of-adam-polowiec-1-7-october-2012-r\/","name":"Legal Bulletin Of The Law Office Of Adam Polowiec (1 \u2013 7 october 2012 r.) - Polowiec i Wsp\u00f3lnicy - Kancelaria prawna","isPartOf":{"@id":"https:\/\/polowiec.pl\/en\/#website"},"datePublished":"2012-10-12T21:15:33+00:00","dateModified":"2018-10-11T08:43:04+00:00","breadcrumb":{"@id":"https:\/\/polowiec.pl\/en\/legal-bulletin-of-the-law-office-of-adam-polowiec-1-7-october-2012-r\/#breadcrumb"},"inLanguage":"en-US","potentialAction":[{"@type":"ReadAction","target":["https:\/\/polowiec.pl\/en\/legal-bulletin-of-the-law-office-of-adam-polowiec-1-7-october-2012-r\/"]}]},{"@type":"BreadcrumbList","@id":"https:\/\/polowiec.pl\/en\/legal-bulletin-of-the-law-office-of-adam-polowiec-1-7-october-2012-r\/#breadcrumb","itemListElement":[{"@type":"ListItem","position":1,"name":"Strona g\u0142\u00f3wna","item":"https:\/\/polowiec.pl\/en\/"},{"@type":"ListItem","position":2,"name":"Legal Bulletin Of The Law Office Of Adam Polowiec (1 \u2013 7 october 2012 r.)"}]},{"@type":"WebSite","@id":"https:\/\/polowiec.pl\/en\/#website","url":"https:\/\/polowiec.pl\/en\/","name":"Polowiec i Wsp\u00f3lnicy - Kancelaria prawna","description":"Obs\u0142uga prawna","publisher":{"@id":"https:\/\/polowiec.pl\/en\/#organization"},"potentialAction":[{"@type":"SearchAction","target":{"@type":"EntryPoint","urlTemplate":"https:\/\/polowiec.pl\/en\/?s={search_term_string}"},"query-input":{"@type":"PropertyValueSpecification","valueRequired":true,"valueName":"search_term_string"}}],"inLanguage":"en-US"},{"@type":"Organization","@id":"https:\/\/polowiec.pl\/en\/#organization","name":"Polowiec i Wsp\u00f3lnicy - Kancelaria prawna","url":"https:\/\/polowiec.pl\/en\/","logo":{"@type":"ImageObject","inLanguage":"en-US","@id":"https:\/\/polowiec.pl\/en\/#\/schema\/logo\/image\/","url":"https:\/\/polowiec.pl\/wp-content\/uploads\/2018\/10\/polowiec_logo2-1.png","contentUrl":"https:\/\/polowiec.pl\/wp-content\/uploads\/2018\/10\/polowiec_logo2-1.png","width":540,"height":381,"caption":"Polowiec i Wsp\u00f3lnicy - Kancelaria prawna"},"image":{"@id":"https:\/\/polowiec.pl\/en\/#\/schema\/logo\/image\/"},"sameAs":["https:\/\/www.facebook.com\/polowieciwspolnicy\/","https:\/\/www.linkedin.com\/company\/polowiec-i-wsplnicy-sp.j.\/about\/"]},{"@type":"Person","@id":"https:\/\/polowiec.pl\/en\/#\/schema\/person\/ed8994874b775675a86115f307352d24","name":"Super User","image":{"@type":"ImageObject","inLanguage":"en-US","@id":"https:\/\/secure.gravatar.com\/avatar\/e759b874f0fa459bd87c83ff47148fc5718f86d9459564657124e571997afbf7?s=96&d=mm&r=g","url":"https:\/\/secure.gravatar.com\/avatar\/e759b874f0fa459bd87c83ff47148fc5718f86d9459564657124e571997afbf7?s=96&d=mm&r=g","contentUrl":"https:\/\/secure.gravatar.com\/avatar\/e759b874f0fa459bd87c83ff47148fc5718f86d9459564657124e571997afbf7?s=96&d=mm&r=g","caption":"Super User"}}]}},"_links":{"self":[{"href":"https:\/\/polowiec.pl\/en\/wp-json\/wp\/v2\/posts\/445","targetHints":{"allow":["GET"]}}],"collection":[{"href":"https:\/\/polowiec.pl\/en\/wp-json\/wp\/v2\/posts"}],"about":[{"href":"https:\/\/polowiec.pl\/en\/wp-json\/wp\/v2\/types\/post"}],"author":[{"embeddable":true,"href":"https:\/\/polowiec.pl\/en\/wp-json\/wp\/v2\/users\/2"}],"replies":[{"embeddable":true,"href":"https:\/\/polowiec.pl\/en\/wp-json\/wp\/v2\/comments?post=445"}],"version-history":[{"count":0,"href":"https:\/\/polowiec.pl\/en\/wp-json\/wp\/v2\/posts\/445\/revisions"}],"wp:attachment":[{"href":"https:\/\/polowiec.pl\/en\/wp-json\/wp\/v2\/media?parent=445"}],"wp:term":[{"taxonomy":"category","embeddable":true,"href":"https:\/\/polowiec.pl\/en\/wp-json\/wp\/v2\/categories?post=445"},{"taxonomy":"post_tag","embeddable":true,"href":"https:\/\/polowiec.pl\/en\/wp-json\/wp\/v2\/tags?post=445"}],"curies":[{"name":"wp","href":"https:\/\/api.w.org\/{rel}","templated":true}]}}