{"id":446,"date":"2012-10-16T11:59:44","date_gmt":"2012-10-16T09:59:44","guid":{"rendered":"https:\/\/nowa.polowiec.pl\/legal-bulletin-of-the-law-office-of-adam-polowiec-8-14-october-2012-r\/"},"modified":"2018-10-11T10:43:04","modified_gmt":"2018-10-11T08:43:04","slug":"legal-bulletin-of-the-law-office-of-adam-polowiec-8-14-october-2012-r","status":"publish","type":"post","link":"https:\/\/polowiec.pl\/en\/legal-bulletin-of-the-law-office-of-adam-polowiec-8-14-october-2012-r\/","title":{"rendered":"Legal Bulletin Of The Law Office Of Adam Polowiec (8 \u2013 14 october 2012 r.)"},"content":{"rendered":"<p>We would like to present the next issue of legal bulletin of the Law Office of Adam Polowiec.<br \/>What you will find here is some information about the new provisions of law and the projects of amendments to acts, but also case-laws including the case laws of Supreme Court, Constitutional Tribunal and European Court of Justice. <!--more--> <\/p>\n<h3 class=\"newsletter-naglowek\">Nowe Prawo<\/h3>\n<p>PRAWO PRACY I UBEZPIECZE\u0143 SPO\u0141ECZNYCH<\/p>\n<p><strong>Rozporz\u0105dzenie<\/strong> Ministra \u015arodowiska z dnia 11 wrze\u015bnia 2012 r. w sprawie upowa\u017cnienia do uznawania nabytych w pa\u0144stwach cz\u0142onkowskich Unii Europejskiej kwalifikacji do wykonywania zawod\u00f3w regulowanych (Dz. U. z 2012 r., poz. 1088) \u2013 <strong>wejdzie w \u017cycie z dniem 18 pa\u017adziernika 2012 r.<\/strong><\/p>\n<p>POST\u0118POWANIE KARNE<\/p>\n<p><strong>Rozporz\u0105dzenie<\/strong> Ministra Sprawiedliwo\u015bci z dnia 14 wrze\u015bnia 2012 r. w sprawie rodzaju urz\u0105dze\u0144 i \u015brodk\u00f3w technicznych s\u0142u\u017c\u0105cych do utrwalania obrazu lub d\u017awi\u0119ku dla cel\u00f3w procesowych oraz sposobu przechowywania, odtwarzania i kopiowania zapis\u00f3w (Dz.\u00a0U.\u00a0z\u00a02012 r., poz. 1090) \u2013 <strong>wejdzie w \u017cycie z dniem 3 kwietnia 2013 r.<\/strong><\/p>\n<p><strong>Ustawa <\/strong>z dnia 31 sierpnia 2012 r. o zmianie ustawy &#8211; Kodeks post\u0119powania karnego (Dz. U. z 2012 r., poz. 1091) \u2013 <strong>wejdzie w \u017cycie z dniem 18 pa\u017adziernika 2012 r., z\u00a0wyj\u0105tkiem art. 1 pkt. 2, kt\u00f3ry wchodzi w \u017cycie z dniem 1 grudnia 2012 r.<\/strong><\/p>\n<p>W ustawie z dnia 6 czerwca 1997 r. &#8211; Kodeks post\u0119powania karnego (Dz. U. z 1997 r., nr\u00a089, poz. 555 z p\u00f3\u017an. zm.) uleg\u0142o zmianie brzmienie art. 613, zosta\u0142y dodane art. 592a &#8211; 592f oraz rozdzia\u0142y 65c i 65d.<\/p>\n<p><strong>Ustawa<\/strong> z dnia 31 sierpnia 2012 r. o zmianie ustawy &#8211; Kodeks post\u0119powania karnego oraz niekt\u00f3rych innych ustaw (Dz. U. z 2012 r., poz. 1101) \u2013 <strong>wejdzie w \u017cycie z dniem 5 listopada 2012 r.<\/strong><\/p>\n<p>W ustawie z dnia 6 czerwca 1997 r. &#8211; Kodeks post\u0119powania karnego (Dz. U. z 1997 r., nr\u00a089, poz. 555 z p\u00f3\u017an. zm.) zosta\u0142y dodane art. 618a &#8211; 618l.<\/p>\n<p>W ustawie z dnia 21 listopada 1967 r. o powszechnym obowi\u0105zku obrony Rzeczypospolitej Polskiej (Dz. U. z 2012 r., poz. 461) uleg\u0142o zmianie brzmienie art. 52.<\/p>\n<p>W ustawie z dnia 14 czerwca 1960 r. &#8211; Kodeks post\u0119powania administracyjnego (Dz.\u00a0U.\u00a0z\u00a02000 r., nr 98, poz. 1071 z p\u00f3\u017an. zm.) uleg\u0142o zmianie brzmienie art. 56.<\/p>\n<p>W ustawie z dnia 29 sierpnia 1997 r. &#8211; Ordynacja podatkowa (Dz. U. z 2012 r., poz. 749) uleg\u0142o zmianie brzmienie art. 265.<\/p>\n<p>W ustawie z dnia 24 sierpnia 2001 r. &#8211; Kodeks post\u0119powania w sprawach o wykroczenia (Dz. U. z 2008 r., nr 133, poz. 848 z p\u00f3\u017an. zm.) uleg\u0142o zmianie brzmienie art. 119.<\/p>\n<p>W ustawie z dnia 30 sierpnia 2002 r. &#8211; Prawo o post\u0119powaniu przed s\u0105dami administracyjnymi (Dz. U. z 2012 r., poz. 270) uleg\u0142o zmianie brzmienie art. 205.<\/p>\n<p>W ustawie z dnia 28 listopada 2003 r. o s\u0142u\u017cbie zast\u0119pczej (Dz. U. z 2003 r., nr 223, poz.\u00a02217 z p\u00f3\u017an. zm.) uleg\u0142o zmianie brzmienie art. 17.<\/p>\n<p>W ustawie z dnia 29 stycznia 2004 r. &#8211; Prawo zam\u00f3wie\u0144 publicznych (Dz. U. z 2010 r., nr\u00a0113, poz. 759 z p\u00f3\u017an. zm.) uleg\u0142o zmianie brzmienie art. 163 i art. 190.<\/p>\n<p>W ustawie z dnia 28 lipca 2005 r. o kosztach s\u0105dowych w sprawach cywilnych (Dz.\u00a0U.\u00a0z\u00a02010 r., nr 90, poz. 594 z p\u00f3\u017an. zm.) uleg\u0142o zmianie brzmienie art. 9, art. 85, art. 86, art. 88 \u2013 90, art. 92 oraz zosta\u0142 dodany art. 88a.<\/p>\n<p><strong>Rozporz\u0105dzenie<\/strong> Ministra Spraw Wewn\u0119trznych z dnia 13 wrze\u015bnia 2012 r. w sprawie bada\u0144 lekarskich os\u00f3b zatrzymanych przez Policj\u0119 (Dz. U. z 2012 r., poz. 1102)\u00a0\u00a0\u00a0\u00a0\u00a0\u00a0\u00a0\u00a0\u00a0\u00a0\u00a0\u00a0 \u2013 <strong>wejdzie w \u017cycie z dniem 5 listopada 2012 r.<\/strong><\/p>\n<p>OCHRONA ZDROWIA<\/p>\n<p><strong>Rozporz\u0105dzenie<\/strong> Ministra Zdrowia z dnia 20 wrze\u015bnia 2012 r. w sprawie warunk\u00f3w, sposobu i trybu zaopatrywania pacjent\u00f3w szpitala w znaki identyfikacyjne oraz sposobu post\u0119powania w razie stwierdzenia ich braku (Dz. U. z 2012 r., poz. 1098) \u2013 <strong>wejdzie w\u00a0\u017cycie z dniem 1 stycznia 2013 r.<\/strong><\/p>\n<p><strong>Rozporz\u0105dzenie<\/strong> Ministra Zdrowia z dnia 20 wrze\u015bnia 2012 r. w sprawie standard\u00f3w post\u0119powania medycznego przy udzielaniu \u015bwiadcze\u0144 zdrowotnych z zakresu opieki oko\u0142oporodowej sprawowanej nad kobiet\u0105 w okresie fizjologicznej ci\u0105\u017cy, fizjologicznego porodu, po\u0142ogu oraz opieki nad noworodkiem (Dz. U. z 2012 r., poz. 1100) \u2013 <strong>wejdzie w\u00a0\u017cycie z dniem 19 pa\u017adziernika 2012 r.<\/strong><\/p>\n<p><strong>Rozporz\u0105dzenie<\/strong> Ministra Zdrowia z dnia 26 wrze\u015bnia 2012 r. w sprawie sk\u0142adu komisji, trybu orzekania o niezdolno\u015bci do wykonywania zawodu piel\u0119gniarki lub po\u0142o\u017cnej oraz szczeg\u00f3\u0142owego sposobu i trybu post\u0119powania w sprawach zawieszania prawa wykonywania zawodu albo ograniczenia wykonywania okre\u015blonych czynno\u015bci zawodowych (Dz. U. z 2012 r., poz. 1106) \u2013 <strong>wejdzie w \u017cycie z dniem 23\u00a0pa\u017adziernika 2012 r.<\/strong><\/p>\n<p><strong>Rozporz\u0105dzenie<\/strong> Ministra Zdrowia z dnia 20 wrze\u015bnia 2012 r. zmieniaj\u0105ce rozporz\u0105dzenie w sprawie \u015bwiadcze\u0144 gwarantowanych z zakresu ambulatoryjnej opieki specjalistycznej (Dz. U z 2012 r., poz. 1108) \u2013 <strong>wejdzie w \u017cycie z dniem 23\u00a0pa\u017adziernika 2012 r.<\/strong><\/p>\n<p>W rozporz\u0105dzeniu Ministra Zdrowia z dnia 27 maja 2011 r. w sprawie \u015bwiadcze\u0144 gwarantowanych z zakresu ambulatoryjnej opieki specjalistycznej (Dz. U. z 2011 r., nr\u00a0111, poz. 653 z p\u00f3\u017an. zm.) uleg\u0142o zmianie brzmienie \u00a73 oraz za\u0142\u0105cznik\u00f3w nr 1 \u2013 3, nr\u00a05 i nr 6.<\/p>\n<p>OCHRONA \u015aRODOWISKA<\/p>\n<p><strong>Rozporz\u0105dzenie<\/strong> Ministra \u015arodowiska z dnia 1 pa\u017adziernika 2012 r. zmieniaj\u0105ce rozporz\u0105dzenie w sprawie dopuszczalnych poziom\u00f3w ha\u0142asu w \u015brodowisku (Dz.\u00a0U.\u00a0z\u00a02012\u00a0r., poz. 1109) \u2013 <strong>wejdzie w \u017cycie z dniem 23 pa\u017adziernika 2012 r.<\/strong><\/p>\n<p>W rozporz\u0105dzeniu Ministra \u015arodowiska z dnia 14 czerwca 2007 r. w sprawie dopuszczalnych poziom\u00f3w ha\u0142asu w \u015brodowisku (Dz. U. z 2007 r., nr 120, poz. 826) uleg\u0142o zmianie brzmienie za\u0142\u0105cznika.<\/p>\n<h3 class=\"newsletter-naglowek\">Orzecznictwo<\/h3>\n<p>Trybuna\u0142 Konstytucyjny; Trybuna\u0142 Sprawiedliwo\u015bci Unii Europejskiej<\/p>\n<p>SUBSYDIARNY AKT OSKAR\u017bENIA<\/p>\n<p>Trybuna\u0142 orzek\u0142, \u017ce nadanie terminowi do wniesienia subsydiarnego aktu oskar\u017cenia charakteru prekluzyjnego, czyli nieprzekraczalnego i niemo\u017cliwego do przywr\u00f3cenia, nie\u00a0mo\u017ce by\u0107 uznane za naruszenie zasad sprawiedliwej procedury s\u0105dowej. Trybuna\u0142 Konstytucyjne przypomnia\u0142, \u017ce sprawa karna jest spraw\u0105 oskar\u017conego, chocia\u017c mo\u017ce dotyka\u0107 r\u00f3wnie\u017c interes\u00f3w pokrzywdzonego. Z tego wzgl\u0119du i on mo\u017ce zosta\u0107 uznany za\u00a0szczeg\u00f3lnego rodzaju podmiot obj\u0119ty gwarancjami wynikaj\u0105cymi z konstytucyjnego prawa do sprawiedliwego i jawnego rozpatrzenia sprawy bez nieuzasadnionej zw\u0142oki przez w\u0142a\u015bciwy, bezstronny i niezawis\u0142y s\u0105d. Podstawow\u0105 gwarancj\u0105 jego prawa do s\u0105du jest prawo do zaskar\u017cenia do s\u0105du postanowienie o odmowie wszcz\u0119cia post\u0119powania i\u00a0o\u00a0umorzeniu post\u0119powania. Mo\u017ce on wykorzysta\u0107 ten instrument w razie sporu z\u00a0w\u0142a\u015bciwymi organami decyduj\u0105cymi w sprawie wniesienia aktu oskar\u017cenia. Uprawnienie do wniesienia subsydiarnego aktu oskar\u017cenia jest wi\u0119c wzmocnieniem praw pokrzywdzonego. Zaskar\u017caj\u0105c postanowienie o odmowie wszcz\u0119cie lub o umorzeniu post\u0119powania, pokrzywdzony musi liczy\u0107 si\u0119 z ryzykiem nieuwzgl\u0119dnienia za\u017calenia, zatem \u2013 je\u017celi d\u0105\u017cy do uruchomienia post\u0119powania przed s\u0105dem, mo\u017ce i powinien przewidywa\u0107 potrzeb\u0119 sporz\u0105dzenia aktu oskar\u017cenia. Dlatego nie jest niekonstytucyjnym warunek dochowania miesi\u0119cznego terminu na wniesienie subsydiarnego aktu oskar\u017cenia. I nie mo\u017ce to zosta\u0107 uznane za naruszenie zasad sprawiedliwej procedury s\u0105dowej \u2013 <strong>wyrok Trybuna\u0142u Konstytucyjnego z dnia 25 wrze\u015bnia 2012 r., sygn.\u00a0akt: SK 28\/10.<\/strong><\/p>\n<p>SKARGA NA PRAWOMOCNE ORZECZENIE<\/p>\n<p>Skarga o stwierdzenie niezgodno\u015bci z prawem prawomocnego orzeczenia s\u0105du drugiej instancji przys\u0142uguje tylko wtedy, kiedy niezgodno\u015b\u0107 ta jest oczywista, ra\u017c\u0105ca i przybiera posta\u0107 kwalifikowan\u0105 \u2013 przypomnia\u0142 Trybuna\u0142 Konstytucyjny. Nie zgodzi\u0142 si\u0119, \u017ce taki stan rzeczy ogranicza mo\u017cliwo\u015b\u0107 dochodzenia odszkodowania za szkod\u0119 wyrz\u0105dzon\u0105 niezgodnym z prawem dzia\u0142aniem w\u0142adzy publicznej. Trybuna\u0142 Konstytucyjny nie podzieli\u0142 te\u017c zawartego w skardze zarzutu o braku podstaw r\u00f3\u017cnicowania przes\u0142anki niezgodno\u015bci z\u00a0prawem prawomocnego wyroku w przypadku skargi kasacyjnej i skargi na niezgodne\u00a0z\u00a0prawem orzeczenie. Ostatecznym celem skargi na niezgodne z prawem prawomocne orzeczenie jest bowiem naprawienie szkody wyrz\u0105dzonej przez jego wydanie, a\u00a0nie\u00a0szkody b\u0119d\u0105cej podstaw\u0105 pierwotnie wytoczonego pow\u00f3dztwa. Dlatego \u2013 zdaniem Trybuna\u0142u Konstytucyjnego \u2013 uznanie wyroku za niezgodny z prawem jako ocena wykonywania przez pa\u0144stwo jednej z jego podstawowych funkcji, czyli wymiaru sprawiedliwo\u015bci, musi opiera\u0107 si\u0119 na innych przes\u0142ankach ni\u017c orzeczenie kasatoryjne. To\u00a0ostatnie bowiem zmierza jedynie do skorygowania rozstrzygni\u0119cia sporu w\u00a0indywidualnej sprawie &#8211; <strong>wyrok Trybuna\u0142u Konstytucyjnego z dnia 27\u00a0wrze\u015bnia\u00a02012 r., sygn. akt: SK 4\/11.<\/strong><\/p>\n<p>\u015aWI\u0118TO W WOLN\u0104 SOBOT\u0118<\/p>\n<p>Ustawowe ograniczenie liczby dni wolnych od pracy w okresie rozliczeniowym powinno w\u00a0r\u00f3wnej mierze dotyczy\u0107 wszystkich pracownik\u00f3w i musi by\u0107 oparte na racjonalnych i\u00a0zobiektywizowanych, a tak\u017ce przewidywalnych kryteriach \u2013 orzek\u0142 Trybuna\u0142 Konstytucyjny. Wprowadzenie r\u00f3\u017cnic w liczbie dni wolnych przys\u0142uguj\u0105cych pracownikom tylko na podstawie przyj\u0119tego przez danego pracodawc\u0119 rozk\u0142adu czasu pracy nie\u00a0znajduje racjonalnego uzasadnienia. Przyj\u0119te przez ustawodawc\u0119 kryterium zr\u00f3\u017cnicowania nie wynika ani z cech osobowych pracownika, ani z charakteru jego pracy. Tym bardziej, \u017ce zr\u00f3\u017cnicowanie sytuacji prawnej pracownik\u00f3w w zakresie prawa do dnia wolnego od pracy w zamian za \u015bwi\u0119to w zale\u017cno\u015bci od tego, czy przypada ono w dniu wolnym od pracy wynikaj\u0105cym z rozk\u0142adu czasu pracy w przeci\u0119tnie pi\u0119ciodniowym tygodniu pracy, czy w dniu b\u0119d\u0105cym wed\u0142ug tego rozk\u0142adu czasu pracy dniem pracy, nie\u00a0znajduje usprawiedliwienia w potrzebach i interesach gospodarki narodowej. Rozwa\u017cania natury bud\u017cetowej nie mog\u0105 uzasadnia\u0107 dyskryminacji. Dlatego \u2013 m\u00f3wi\u0105c kolokwialnie \u2013 za \u015bwi\u0119to w woln\u0105 sobot\u0119 nale\u017cy si\u0119 pracownikom dzie\u0144 wolny od pracy\u00a0\u00a0\u00a0 &#8211; <strong>wyrok Trybuna\u0142u Konstytucyjnego z dnia 2 pa\u017adziernika 2012 r., sygn.\u00a0akt:\u00a0K\u00a027\/11.<\/strong><\/p>\n<h2 class=\"newsletter-naglowek\">Projekty, Nowelizacje, Zmiany<\/h2>\n<p>SPADKI<\/p>\n<p>Sprawdzisz testament w Europie<\/p>\n<p>Od dnia 12 pa\u017adziernika 2012 r. b\u0119dzie mo\u017cna ustali\u0107 czy nasz bliski zmar\u0142y nie spisa\u0142 ostatniej woli za granic\u0105.<\/p>\n<p>\u00a0<\/p>\n<p>\u00a0<\/p>\n","protected":false},"excerpt":{"rendered":"<p>We would like to present the next issue of legal bulletin of the Law Office of Adam Polowiec.What you will find here is some information about the new provisions of law and the projects of amendments to acts, but also case-laws including the case laws of Supreme Court, Constitutional Tribunal and European Court of Justice.<\/p>\n","protected":false},"author":2,"featured_media":0,"comment_status":"closed","ping_status":"open","sticky":false,"template":"","format":"standard","meta":{"footnotes":""},"categories":[11],"tags":[],"class_list":["post-446","post","type-post","status-publish","format-standard","hentry","category-newsletters"],"featured_image_src":{"landsacpe":false,"list":false,"medium":false,"full":false},"yoast_head":"<!-- This site is optimized with the Yoast SEO plugin v27.2 - https:\/\/yoast.com\/product\/yoast-seo-wordpress\/ -->\n<title>Legal Bulletin Of The Law Office Of Adam Polowiec (8 \u2013 14 october 2012 r.) - Polowiec i Wsp\u00f3lnicy - Kancelaria prawna<\/title>\n<meta name=\"robots\" content=\"index, follow, max-snippet:-1, max-image-preview:large, max-video-preview:-1\" \/>\n<link rel=\"canonical\" href=\"https:\/\/polowiec.pl\/en\/legal-bulletin-of-the-law-office-of-adam-polowiec-8-14-october-2012-r\/\" \/>\n<meta property=\"og:locale\" content=\"en_US\" \/>\n<meta property=\"og:type\" content=\"article\" \/>\n<meta property=\"og:title\" content=\"Legal Bulletin Of The Law Office Of Adam Polowiec (8 \u2013 14 october 2012 r.) - Polowiec i Wsp\u00f3lnicy - Kancelaria prawna\" \/>\n<meta property=\"og:description\" content=\"We would like to present the next issue of legal bulletin of the Law Office of Adam Polowiec.What you will find here is some information about the new provisions of law and the projects of amendments to acts, but also case-laws including the case laws of Supreme Court, Constitutional Tribunal and European Court of Justice.\" \/>\n<meta property=\"og:url\" content=\"https:\/\/polowiec.pl\/en\/legal-bulletin-of-the-law-office-of-adam-polowiec-8-14-october-2012-r\/\" \/>\n<meta property=\"og:site_name\" content=\"Polowiec i Wsp\u00f3lnicy - Kancelaria prawna\" \/>\n<meta property=\"article:publisher\" content=\"https:\/\/www.facebook.com\/polowieciwspolnicy\/\" \/>\n<meta property=\"article:published_time\" content=\"2012-10-16T09:59:44+00:00\" \/>\n<meta property=\"article:modified_time\" content=\"2018-10-11T08:43:04+00:00\" \/>\n<meta name=\"author\" content=\"Super User\" \/>\n<meta name=\"twitter:card\" content=\"summary_large_image\" \/>\n<meta name=\"twitter:label1\" content=\"Written by\" \/>\n\t<meta name=\"twitter:data1\" content=\"Super User\" \/>\n\t<meta name=\"twitter:label2\" content=\"Est. reading time\" \/>\n\t<meta name=\"twitter:data2\" content=\"8 minutes\" \/>\n<script type=\"application\/ld+json\" class=\"yoast-schema-graph\">{\"@context\":\"https:\/\/schema.org\",\"@graph\":[{\"@type\":\"Article\",\"@id\":\"https:\/\/polowiec.pl\/en\/legal-bulletin-of-the-law-office-of-adam-polowiec-8-14-october-2012-r\/#article\",\"isPartOf\":{\"@id\":\"https:\/\/polowiec.pl\/en\/legal-bulletin-of-the-law-office-of-adam-polowiec-8-14-october-2012-r\/\"},\"author\":{\"name\":\"Super User\",\"@id\":\"https:\/\/polowiec.pl\/en\/#\/schema\/person\/ed8994874b775675a86115f307352d24\"},\"headline\":\"Legal Bulletin Of The Law Office Of Adam Polowiec (8 \u2013 14 october 2012 r.)\",\"datePublished\":\"2012-10-16T09:59:44+00:00\",\"dateModified\":\"2018-10-11T08:43:04+00:00\",\"mainEntityOfPage\":{\"@id\":\"https:\/\/polowiec.pl\/en\/legal-bulletin-of-the-law-office-of-adam-polowiec-8-14-october-2012-r\/\"},\"wordCount\":1530,\"publisher\":{\"@id\":\"https:\/\/polowiec.pl\/en\/#organization\"},\"articleSection\":[\"Newsletter\"],\"inLanguage\":\"en-US\"},{\"@type\":\"WebPage\",\"@id\":\"https:\/\/polowiec.pl\/en\/legal-bulletin-of-the-law-office-of-adam-polowiec-8-14-october-2012-r\/\",\"url\":\"https:\/\/polowiec.pl\/en\/legal-bulletin-of-the-law-office-of-adam-polowiec-8-14-october-2012-r\/\",\"name\":\"Legal Bulletin Of The Law Office Of Adam Polowiec (8 \u2013 14 october 2012 r.) - Polowiec i Wsp\u00f3lnicy - Kancelaria prawna\",\"isPartOf\":{\"@id\":\"https:\/\/polowiec.pl\/en\/#website\"},\"datePublished\":\"2012-10-16T09:59:44+00:00\",\"dateModified\":\"2018-10-11T08:43:04+00:00\",\"breadcrumb\":{\"@id\":\"https:\/\/polowiec.pl\/en\/legal-bulletin-of-the-law-office-of-adam-polowiec-8-14-october-2012-r\/#breadcrumb\"},\"inLanguage\":\"en-US\",\"potentialAction\":[{\"@type\":\"ReadAction\",\"target\":[\"https:\/\/polowiec.pl\/en\/legal-bulletin-of-the-law-office-of-adam-polowiec-8-14-october-2012-r\/\"]}]},{\"@type\":\"BreadcrumbList\",\"@id\":\"https:\/\/polowiec.pl\/en\/legal-bulletin-of-the-law-office-of-adam-polowiec-8-14-october-2012-r\/#breadcrumb\",\"itemListElement\":[{\"@type\":\"ListItem\",\"position\":1,\"name\":\"Strona g\u0142\u00f3wna\",\"item\":\"https:\/\/polowiec.pl\/en\/\"},{\"@type\":\"ListItem\",\"position\":2,\"name\":\"Legal Bulletin Of The Law Office Of Adam Polowiec (8 \u2013 14 october 2012 r.)\"}]},{\"@type\":\"WebSite\",\"@id\":\"https:\/\/polowiec.pl\/en\/#website\",\"url\":\"https:\/\/polowiec.pl\/en\/\",\"name\":\"Polowiec i Wsp\u00f3lnicy - Kancelaria prawna\",\"description\":\"Obs\u0142uga prawna\",\"publisher\":{\"@id\":\"https:\/\/polowiec.pl\/en\/#organization\"},\"potentialAction\":[{\"@type\":\"SearchAction\",\"target\":{\"@type\":\"EntryPoint\",\"urlTemplate\":\"https:\/\/polowiec.pl\/en\/?s={search_term_string}\"},\"query-input\":{\"@type\":\"PropertyValueSpecification\",\"valueRequired\":true,\"valueName\":\"search_term_string\"}}],\"inLanguage\":\"en-US\"},{\"@type\":\"Organization\",\"@id\":\"https:\/\/polowiec.pl\/en\/#organization\",\"name\":\"Polowiec i Wsp\u00f3lnicy - Kancelaria prawna\",\"url\":\"https:\/\/polowiec.pl\/en\/\",\"logo\":{\"@type\":\"ImageObject\",\"inLanguage\":\"en-US\",\"@id\":\"https:\/\/polowiec.pl\/en\/#\/schema\/logo\/image\/\",\"url\":\"https:\/\/polowiec.pl\/wp-content\/uploads\/2018\/10\/polowiec_logo2-1.png\",\"contentUrl\":\"https:\/\/polowiec.pl\/wp-content\/uploads\/2018\/10\/polowiec_logo2-1.png\",\"width\":540,\"height\":381,\"caption\":\"Polowiec i Wsp\u00f3lnicy - Kancelaria prawna\"},\"image\":{\"@id\":\"https:\/\/polowiec.pl\/en\/#\/schema\/logo\/image\/\"},\"sameAs\":[\"https:\/\/www.facebook.com\/polowieciwspolnicy\/\",\"https:\/\/www.linkedin.com\/company\/polowiec-i-wsplnicy-sp.j.\/about\/\"]},{\"@type\":\"Person\",\"@id\":\"https:\/\/polowiec.pl\/en\/#\/schema\/person\/ed8994874b775675a86115f307352d24\",\"name\":\"Super User\",\"image\":{\"@type\":\"ImageObject\",\"inLanguage\":\"en-US\",\"@id\":\"https:\/\/secure.gravatar.com\/avatar\/e759b874f0fa459bd87c83ff47148fc5718f86d9459564657124e571997afbf7?s=96&d=mm&r=g\",\"url\":\"https:\/\/secure.gravatar.com\/avatar\/e759b874f0fa459bd87c83ff47148fc5718f86d9459564657124e571997afbf7?s=96&d=mm&r=g\",\"contentUrl\":\"https:\/\/secure.gravatar.com\/avatar\/e759b874f0fa459bd87c83ff47148fc5718f86d9459564657124e571997afbf7?s=96&d=mm&r=g\",\"caption\":\"Super User\"}}]}<\/script>\n<!-- \/ Yoast SEO plugin. -->","yoast_head_json":{"title":"Legal Bulletin Of The Law Office Of Adam Polowiec (8 \u2013 14 october 2012 r.) - Polowiec i Wsp\u00f3lnicy - Kancelaria prawna","robots":{"index":"index","follow":"follow","max-snippet":"max-snippet:-1","max-image-preview":"max-image-preview:large","max-video-preview":"max-video-preview:-1"},"canonical":"https:\/\/polowiec.pl\/en\/legal-bulletin-of-the-law-office-of-adam-polowiec-8-14-october-2012-r\/","og_locale":"en_US","og_type":"article","og_title":"Legal Bulletin Of The Law Office Of Adam Polowiec (8 \u2013 14 october 2012 r.) - Polowiec i Wsp\u00f3lnicy - Kancelaria prawna","og_description":"We would like to present the next issue of legal bulletin of the Law Office of Adam Polowiec.What you will find here is some information about the new provisions of law and the projects of amendments to acts, but also case-laws including the case laws of Supreme Court, Constitutional Tribunal and European Court of Justice.","og_url":"https:\/\/polowiec.pl\/en\/legal-bulletin-of-the-law-office-of-adam-polowiec-8-14-october-2012-r\/","og_site_name":"Polowiec i Wsp\u00f3lnicy - Kancelaria prawna","article_publisher":"https:\/\/www.facebook.com\/polowieciwspolnicy\/","article_published_time":"2012-10-16T09:59:44+00:00","article_modified_time":"2018-10-11T08:43:04+00:00","author":"Super User","twitter_card":"summary_large_image","twitter_misc":{"Written by":"Super User","Est. reading time":"8 minutes"},"schema":{"@context":"https:\/\/schema.org","@graph":[{"@type":"Article","@id":"https:\/\/polowiec.pl\/en\/legal-bulletin-of-the-law-office-of-adam-polowiec-8-14-october-2012-r\/#article","isPartOf":{"@id":"https:\/\/polowiec.pl\/en\/legal-bulletin-of-the-law-office-of-adam-polowiec-8-14-october-2012-r\/"},"author":{"name":"Super User","@id":"https:\/\/polowiec.pl\/en\/#\/schema\/person\/ed8994874b775675a86115f307352d24"},"headline":"Legal Bulletin Of The Law Office Of Adam Polowiec (8 \u2013 14 october 2012 r.)","datePublished":"2012-10-16T09:59:44+00:00","dateModified":"2018-10-11T08:43:04+00:00","mainEntityOfPage":{"@id":"https:\/\/polowiec.pl\/en\/legal-bulletin-of-the-law-office-of-adam-polowiec-8-14-october-2012-r\/"},"wordCount":1530,"publisher":{"@id":"https:\/\/polowiec.pl\/en\/#organization"},"articleSection":["Newsletter"],"inLanguage":"en-US"},{"@type":"WebPage","@id":"https:\/\/polowiec.pl\/en\/legal-bulletin-of-the-law-office-of-adam-polowiec-8-14-october-2012-r\/","url":"https:\/\/polowiec.pl\/en\/legal-bulletin-of-the-law-office-of-adam-polowiec-8-14-october-2012-r\/","name":"Legal Bulletin Of The Law Office Of Adam Polowiec (8 \u2013 14 october 2012 r.) - Polowiec i Wsp\u00f3lnicy - Kancelaria prawna","isPartOf":{"@id":"https:\/\/polowiec.pl\/en\/#website"},"datePublished":"2012-10-16T09:59:44+00:00","dateModified":"2018-10-11T08:43:04+00:00","breadcrumb":{"@id":"https:\/\/polowiec.pl\/en\/legal-bulletin-of-the-law-office-of-adam-polowiec-8-14-october-2012-r\/#breadcrumb"},"inLanguage":"en-US","potentialAction":[{"@type":"ReadAction","target":["https:\/\/polowiec.pl\/en\/legal-bulletin-of-the-law-office-of-adam-polowiec-8-14-october-2012-r\/"]}]},{"@type":"BreadcrumbList","@id":"https:\/\/polowiec.pl\/en\/legal-bulletin-of-the-law-office-of-adam-polowiec-8-14-october-2012-r\/#breadcrumb","itemListElement":[{"@type":"ListItem","position":1,"name":"Strona g\u0142\u00f3wna","item":"https:\/\/polowiec.pl\/en\/"},{"@type":"ListItem","position":2,"name":"Legal Bulletin Of The Law Office Of Adam Polowiec (8 \u2013 14 october 2012 r.)"}]},{"@type":"WebSite","@id":"https:\/\/polowiec.pl\/en\/#website","url":"https:\/\/polowiec.pl\/en\/","name":"Polowiec i Wsp\u00f3lnicy - Kancelaria prawna","description":"Obs\u0142uga prawna","publisher":{"@id":"https:\/\/polowiec.pl\/en\/#organization"},"potentialAction":[{"@type":"SearchAction","target":{"@type":"EntryPoint","urlTemplate":"https:\/\/polowiec.pl\/en\/?s={search_term_string}"},"query-input":{"@type":"PropertyValueSpecification","valueRequired":true,"valueName":"search_term_string"}}],"inLanguage":"en-US"},{"@type":"Organization","@id":"https:\/\/polowiec.pl\/en\/#organization","name":"Polowiec i Wsp\u00f3lnicy - Kancelaria prawna","url":"https:\/\/polowiec.pl\/en\/","logo":{"@type":"ImageObject","inLanguage":"en-US","@id":"https:\/\/polowiec.pl\/en\/#\/schema\/logo\/image\/","url":"https:\/\/polowiec.pl\/wp-content\/uploads\/2018\/10\/polowiec_logo2-1.png","contentUrl":"https:\/\/polowiec.pl\/wp-content\/uploads\/2018\/10\/polowiec_logo2-1.png","width":540,"height":381,"caption":"Polowiec i Wsp\u00f3lnicy - Kancelaria prawna"},"image":{"@id":"https:\/\/polowiec.pl\/en\/#\/schema\/logo\/image\/"},"sameAs":["https:\/\/www.facebook.com\/polowieciwspolnicy\/","https:\/\/www.linkedin.com\/company\/polowiec-i-wsplnicy-sp.j.\/about\/"]},{"@type":"Person","@id":"https:\/\/polowiec.pl\/en\/#\/schema\/person\/ed8994874b775675a86115f307352d24","name":"Super User","image":{"@type":"ImageObject","inLanguage":"en-US","@id":"https:\/\/secure.gravatar.com\/avatar\/e759b874f0fa459bd87c83ff47148fc5718f86d9459564657124e571997afbf7?s=96&d=mm&r=g","url":"https:\/\/secure.gravatar.com\/avatar\/e759b874f0fa459bd87c83ff47148fc5718f86d9459564657124e571997afbf7?s=96&d=mm&r=g","contentUrl":"https:\/\/secure.gravatar.com\/avatar\/e759b874f0fa459bd87c83ff47148fc5718f86d9459564657124e571997afbf7?s=96&d=mm&r=g","caption":"Super User"}}]}},"_links":{"self":[{"href":"https:\/\/polowiec.pl\/en\/wp-json\/wp\/v2\/posts\/446","targetHints":{"allow":["GET"]}}],"collection":[{"href":"https:\/\/polowiec.pl\/en\/wp-json\/wp\/v2\/posts"}],"about":[{"href":"https:\/\/polowiec.pl\/en\/wp-json\/wp\/v2\/types\/post"}],"author":[{"embeddable":true,"href":"https:\/\/polowiec.pl\/en\/wp-json\/wp\/v2\/users\/2"}],"replies":[{"embeddable":true,"href":"https:\/\/polowiec.pl\/en\/wp-json\/wp\/v2\/comments?post=446"}],"version-history":[{"count":0,"href":"https:\/\/polowiec.pl\/en\/wp-json\/wp\/v2\/posts\/446\/revisions"}],"wp:attachment":[{"href":"https:\/\/polowiec.pl\/en\/wp-json\/wp\/v2\/media?parent=446"}],"wp:term":[{"taxonomy":"category","embeddable":true,"href":"https:\/\/polowiec.pl\/en\/wp-json\/wp\/v2\/categories?post=446"},{"taxonomy":"post_tag","embeddable":true,"href":"https:\/\/polowiec.pl\/en\/wp-json\/wp\/v2\/tags?post=446"}],"curies":[{"name":"wp","href":"https:\/\/api.w.org\/{rel}","templated":true}]}}