{"id":453,"date":"2012-12-02T19:05:40","date_gmt":"2012-12-02T18:05:40","guid":{"rendered":"https:\/\/nowa.polowiec.pl\/legal-bulletin-of-the-law-office-of-adam-polowiec-26-november-2-december-2012-r\/"},"modified":"2018-10-11T10:43:03","modified_gmt":"2018-10-11T08:43:03","slug":"legal-bulletin-of-the-law-office-of-adam-polowiec-26-november-2-december-2012-r","status":"publish","type":"post","link":"https:\/\/polowiec.pl\/en\/legal-bulletin-of-the-law-office-of-adam-polowiec-26-november-2-december-2012-r\/","title":{"rendered":"Legal Bulletin Of The Law Office Of Adam Polowiec (26 november \u2013 2 december 2012 r.)"},"content":{"rendered":"<p>We would like to present the next issue of legal bulletin of the Law Office of Adam Polowiec.<br \/>What you will find here is some information about the new provisions of law and the projects of amendments to acts, but also case-laws including the case laws of Supreme Court, Constitutional Tribunal and European Court of Justice. <!--more--> <\/p>\n<p><strong><\/p>\n<h3 class=\"newsletter-naglowek\">Nowe Prawo<\/h3>\n<p><\/strong><\/p>\n<p><strong>PRAWO BUDOWLANE<\/strong><\/p>\n<p><strong>Rozporz\u0105dzenie<\/strong> Ministra Transportu, Budownictwa i Gospodarki Morskiej z dnia 6\u00a0listopada 2012 r. zmieniaj\u0105ce rozporz\u0105dzenie w sprawie warunk\u00f3w technicznych, jakim powinny odpowiada\u0107 budynki i ich usytuowanie (Dz. U. z 2012 r., poz. 1289) \u2013 <strong>wejdzie w \u017cycie z dniem 23 lutego 1013 r.<\/strong><\/p>\n<p>W rozporz\u0105dzeniu Ministra Infrastruktury z dnia 12 kwietnia 2002 r. w sprawie warunk\u00f3w technicznych, jakim powinny odpowiada\u0107 budynki i ich usytuowanie (Dz. U. z 2002 r., nr\u00a075, poz. 690 z p\u00f3\u017an. zm.) uleg\u0142o zmianie brzmienie za\u0142\u0105cznika nr 1, zosta\u0142y uchylone \u00a7191 i \u00a7192, zosta\u0142 dodany rozdzia\u0142 8a.<\/p>\n<p>\u00a0<\/p>\n<p><strong>PRAWO TRANSPORTOWE<\/strong><\/p>\n<p><strong>Rozporz\u0105dzenie<\/strong> Ministra Spraw Wewn\u0119trznych z dnia 13 listopada 2012 r. w sprawie warunk\u00f3w technicznych parking\u00f3w, na kt\u00f3re s\u0105 usuwane pojazdy przewo\u017c\u0105ce towary niebezpieczne (Dz. U. z 2012 r., poz. 1293) \u2013 <strong>wejdzie w \u017cycie z dniem 1\u00a0grudnia\u00a02012 r.<\/strong><\/p>\n<p><strong>Rozporz\u0105dzenie<\/strong> Ministra Transportu, Budownictwa i Gospodarki Morskiej z dnia 13\u00a0listopada 2012 r. zmieniaj\u0105ce rozporz\u0105dzenie w sprawie egzamin\u00f3w dla kierowc\u00f3w przewo\u017c\u0105cych towary niebezpieczne (Dz. U. z 2012 r., poz. 1297) \u2013 <strong>wejdzie w \u017cycie z\u00a0dniem 11 grudnia 2012 r., z wyj\u0105tkiem \u00a71 pkt 5 \u2013 9 i pkt 11, kt\u00f3re wejd\u0105 w\u00a0\u017cycie z dniem 1 stycznia 2013 r.<\/strong><\/p>\n<p>W rozporz\u0105dzeniu Ministra Transportu, Budownictwa i Gospodarki Morskiej z dnia 15\u00a0lutego 2012 r. w sprawie egzamin\u00f3w dla kierowc\u00f3w przewo\u017c\u0105cych towary niebezpieczne (Dz. U. 2012 r., poz. 191) uleg\u0142o zmianie brzmienie \u00a72 \u2013 6, \u00a79, \u00a710, \u00a712, \u00a714, za\u0142\u0105cznika nr 1, zosta\u0142 dodany za\u0142\u0105cznik nr 2.<\/p>\n<p>\u00a0<\/p>\n<p><strong>ANTYDUMPING<\/strong><\/p>\n<p><strong>Rozporz\u0105dzenie<\/strong> wykonawcze Rady Unii Europejskiej nr 1039\/2012 z\u00a0dnia\u00a029\u00a0pa\u017adziernika\u00a02012 r. nak\u0142adaj\u0105ce ostateczne c\u0142o antydumpingowe i stanowi\u0105ce o\u00a0ostatecznym pobraniu c\u0142a tymczasowego na\u0142o\u017conego na przyw\u00f3z grzejnik\u00f3w aluminiowych pochodz\u0105cych z Chi\u0144skiej Republiki Ludowej (Dz. UE z 9.11.12 r., nr L 310) \u2013 <strong>wesz\u0142o w \u017cycie z dniem 10 listopada 2012 r. Wi\u0105\u017ce w ca\u0142o\u015bci i\u00a0jest\u00a0bezpo\u015brednio stosowane we wszystkich pa\u0144stwach cz\u0142onkowskich Unii Europejskiej.<\/strong><\/p>\n<p>\u00a0<\/p>\n<p><strong>PRAWO PRACY I UBEZPIECZE\u0143 SPO\u0141ECZNYCH<\/strong><\/p>\n<p><strong>Rozporz\u0105dzenie<\/strong> Ministra Pracy i Polityki Spo\u0142ecznej z dnia 12 listopada 2012 r. w\u00a0sprawie rejestracji bezrobotnych i poszukuj\u0105cych pracy (Dz. U. z 2012 r., poz. 1299)\u00a0\u00a0\u00a0 \u2013 <strong>wejdzie w \u017cycie z dniem 11 grudnia 2012 r., z wyj\u0105tkiem \u00a72 ust. 1 pkt 2 i ust.2 pkt 2, \u00a73, \u00a75 ust. 9 \u2013 11, \u00a78 ust. 1 pkt 2, ust. 3, 8 i ust. 9 pkt 2, \u00a79 pkt 4 oraz \u00a710 ust. 1 pkt 2, kt\u00f3re wchodz\u0105 w \u017cycie z dniem 27 maja 2013 r.<\/strong><\/p>\n<p>\u00a0<\/p>\n<p><strong>CUDZOZIEMCY<\/strong><\/p>\n<p><strong>Rozporz\u0105dzenie<\/strong> Ministra Spraw Wewn\u0119trznych z dnia 12 listopada 2012 r. zmieniaj\u0105ce rozporz\u0105dzenie w sprawie post\u0119powania ze zw\u0142okami cudzoziemc\u00f3w umieszczonych w\u00a0strze\u017conym o\u015brodku lub przebywaj\u0105cych w areszcie w celu wydalenia (Dz. U. z 2012 r., poz. 1305) \u2013 <strong>wejdzie w \u017cycie z dniem 11 grudnia 2012 r.<\/strong><\/p>\n<p>W rozporz\u0105dzeniu Ministra Spraw Wewn\u0119trznych i Administracji z dnia 26 pa\u017adziernika 2010 r. w sprawie post\u0119powania ze zw\u0142okami cudzoziemc\u00f3w umieszczonych w\u00a0strze\u017conym o\u015brodku lub przebywaj\u0105cych w areszcie w celu wydalenia (Dz. U. z 2010 r., nr 213, poz. 1405) uleg\u0142o zmianie brzmienie \u00a72.<\/p>\n<p>\u00a0<\/p>\n<p><strong><\/p>\n<h3 class=\"newsletter-naglowek\">Orzecznictwo<\/h3>\n<p><\/strong><\/p>\n<p><strong>Trybuna\u0142 Konstytucyjny; Trybuna\u0142 Sprawiedliwo\u015bci Unii Europejskiej<\/strong><\/p>\n<p><strong>EMERYTURA I ETAT RAZEM Z PRAC\u0104<\/strong><\/p>\n<p>Zawieszenie prawa do emerytury z powodu zatrudnienia osobom, kt\u00f3re naby\u0142y to prawo mi\u0119dzy dniem 8 stycznia 2009 r. a dniem 31 grudnia 2010 r. narusza zasad\u0119 zaufania do\u00a0pa\u0144stwa i\u00a0stanowionego przez nie prawa \u2013 orzek\u0142 Trybuna\u0142 Konstytucyjny. Zasada ta \u2013 zgodnie z\u00a0utrwalonym orzecznictwem Trybuna\u0142u Konstytucyjnego \u2013 zwi\u0105zana jest z\u00a0poczuciem bezpiecze\u0144stwa jednostki. W ci\u0105gu branych pod uwag\u0119 dw\u00f3ch lat mo\u017cna by\u0142o bowiem uzyska\u0107 emerytur\u0119 wy\u0142\u0105cznie po osi\u0105gni\u0119ciu stosownego wieku (konieczne przy tym by\u0142o udokumentowanie sta\u017cu ubezpieczeniowego). Oznacza to, \u017ce realizacja \u015bwiadczenia nast\u0119powa\u0142a niezale\u017cnie od dalszej pracy. Rzetelno\u015b\u0107 post\u0119powania w\u0142adzy publicznej przejawia si\u0119 w takim stanowieniu i stosowaniu prawa, by nie stawa\u0142o si\u0119\u00a0ono\u00a0pu\u0142apk\u0105 dla\u00a0obywatela. Chodzi o to, by m\u00f3g\u0142 on uk\u0142ada\u0107 swoje sprawy ufaj\u0105c, \u017ce\u00a0nie nara\u017ca si\u0119\u00a0na\u00a0skutki, kt\u00f3rych nie by\u0142 w stanie przewidzie\u0107 w momencie podejmowania decyzji. Rozwi\u0105zanie przyj\u0119te przez ustawodawc\u0119 w art. 28 ustawy z\u00a0dnia 16\u00a0grudnia 2010 r. spowodowa\u0142o natomiast, \u017ce osoby, kt\u00f3re skutecznie naby\u0142y i\u00a0zrealizowa\u0142y prawo do\u00a0emerytury w 2009 i 2010 r. zosta\u0142y obj\u0119te now\u0105, mniej korzystn\u0105 dla nich tre\u015bci\u0105 ryzyka emerytalnego: po to, by dalej dostawa\u0107 emerytur\u0119 po dniu 1\u00a0pa\u017adziernika 2011 r., musia\u0142y rozwi\u0105za\u0107 umow\u0119 o prac\u0119 z dotychczasowym pracodawc\u0105. W przeciwnym razie ich emerytura ulega\u0142a zawieszeniu. Gdyby wi\u0119c wiele os\u00f3b w momencie przechodzenia na\u00a0emerytur\u0119 wiedzia\u0142o, \u017ce b\u0119d\u0105 musia\u0142y przerwa\u0107 zatrudnienie, \u017ceby uzyska\u0107 to\u00a0\u015bwiadczenie, to ich decyzja mog\u0142aby by\u0107 inna \u2013 nie\u00a0sk\u0142ada\u0142yby wniosku o ustalenie prawa do emerytury i kontynuowa\u0142y prac\u0119. Korzystniejsze by\u0142oby bowiem dla nich osi\u0105ganie wysokiego dochodu ze stosunku pracy ni\u017c otrzymywanie du\u017co mniejszej emerytury. Co wi\u0119cej \u2013 p\u00f3\u017aniejsze z\u0142o\u017cenie wniosku oznacza\u0142oby wy\u017csze \u015bwiadczenie emerytalne. Dlatego z chwil\u0105 og\u0142oszenia sentencji wyroku, czyli dnia 22 listopada 2012 r. utraci\u0142 moc art. 28 ustawy zmieniaj\u0105cej z\u00a0dnia 16\u00a0grudnia 2010 r. w zakresie, w jakim przewidywa\u0142 stosowanie art. 103a ustawy o\u00a0emeryturach i rentach z Funduszu Ubezpiecze\u0144 Spo\u0142ecznych do os\u00f3b, kt\u00f3re naby\u0142y prawo do emerytury przed dniem 1\u00a0stycznia\u00a02011 r. Art. 103a tej ustawy pozosta\u0142 nadal w obrocie prawnym i znajduje zastosowanie do os\u00f3b, kt\u00f3re naby\u0142y prawo do emerytury w\u00a0momencie jego wej\u015bcia w\u00a0\u017cycie i p\u00f3\u017aniej, tj. od dnia 1 stycznia 2011 r. &#8211; <strong>wyrok Trybuna\u0142u Konstytucyjnego z dnia 13 listopada 2012 r., sygn. akt: K 2\/12.<\/strong><\/p>\n<p>\u00a0<\/p>\n<p><strong><\/p>\n<h2 class=\"newsletter-naglowek\">Projekty, Nowelizacje, Zmiany<\/h2>\n<p><\/strong><\/p>\n<p><strong>OCHRONA ZDROWIA<\/strong><\/p>\n<p><strong>Fundusz odzyska pieni\u0105dze od pacjent\u00f3w<\/strong><\/p>\n<p>Od dnia 1 stycznia 20123. Narodowy Fundusz Zdrowia b\u0119dzie konsekwentnie \u015bciga\u0142 nieubezpieczonych.<\/p>\n<p>\u00a0<\/p>\n<p><strong>Medyk z podpisem elektronicznym<\/strong><\/p>\n<p>Od dnia 1 stycznia 2013 r. wszystkie wnioski dotycz\u0105ce praktyki lekarskiej medyk b\u0119dzie musia\u0142 sk\u0142ada\u0107 w postaci elektronicznej.<\/p>\n<p>\u00a0<\/p>\n<p><strong>PRAWO RUCHU DROGOWEGO<\/strong><\/p>\n<p><strong>Egzamin po nowemu, jazda po staremu<\/strong><\/p>\n<p>Od dnia 19 stycznia 2013 r. wejd\u0105 w \u017cycie przepisy wprowadzaj\u0105ce dwuletni okres pr\u00f3bny dla\u00a0m\u0142odych kierowc\u00f3w.<\/p>\n<p>\u00a0<\/p>\n<p><strong>PRAWO PRACY I UBEZPIECZE\u0143 SPO\u0141ECZNYCH<\/strong><\/p>\n<p><strong>Na nowej emeryturze straci ten, kto pobiera\u0142 wcze\u015bniejsz\u0105<\/strong><\/p>\n<p>Od dnia 1 stycznia 2013 r. osoby, kt\u00f3re nab\u0119d\u0105 prawo do \u015bwiadczenia powszechnego, a\u00a0wcze\u015bniej pobierali wyp\u0142aty z Zak\u0142adu Ubezpiecze\u0144 Spo\u0142ecznych, b\u0119d\u0105 mieli w\u00a0niekorzystny spos\u00f3b przeliczane wysoko\u015bci nowych emerytur.<\/p>\n<p><strong>PODATKI I RACHUNKOWO\u015a\u0106<\/strong><\/p>\n<p><strong>Nowe wzory PIT za 2012 r. ju\u017c og\u0142oszone<\/strong><\/p>\n<p>Znane s\u0105 ju\u017c druki rocznych zezna\u0144 PIT, na kt\u00f3rych podatnicy rozlicz\u0105 dochody i straty uzyskane za 2012 r.<\/p>\n","protected":false},"excerpt":{"rendered":"<p>We would like to present the next issue of legal bulletin of the Law Office of Adam Polowiec.What you will find here is some information about the new provisions of law and the projects of amendments to acts, but also case-laws including the case laws of Supreme Court, Constitutional Tribunal and European Court of Justice.<\/p>\n","protected":false},"author":2,"featured_media":0,"comment_status":"closed","ping_status":"open","sticky":false,"template":"","format":"standard","meta":{"footnotes":""},"categories":[11],"tags":[],"class_list":["post-453","post","type-post","status-publish","format-standard","hentry","category-newsletters"],"featured_image_src":{"landsacpe":false,"list":false,"medium":false,"full":false},"yoast_head":"<!-- This site is optimized with the Yoast SEO plugin v27.2 - https:\/\/yoast.com\/product\/yoast-seo-wordpress\/ -->\n<title>Legal Bulletin Of The Law Office Of Adam Polowiec (26 november \u2013 2 december 2012 r.) - Polowiec i Wsp\u00f3lnicy - Kancelaria prawna<\/title>\n<meta name=\"robots\" content=\"index, follow, max-snippet:-1, max-image-preview:large, max-video-preview:-1\" \/>\n<link rel=\"canonical\" href=\"https:\/\/polowiec.pl\/en\/legal-bulletin-of-the-law-office-of-adam-polowiec-26-november-2-december-2012-r\/\" \/>\n<meta property=\"og:locale\" content=\"en_US\" \/>\n<meta property=\"og:type\" content=\"article\" \/>\n<meta property=\"og:title\" content=\"Legal Bulletin Of The Law Office Of Adam Polowiec (26 november \u2013 2 december 2012 r.) - Polowiec i Wsp\u00f3lnicy - Kancelaria prawna\" \/>\n<meta property=\"og:description\" content=\"We would like to present the next issue of legal bulletin of the Law Office of Adam Polowiec.What you will find here is some information about the new provisions of law and the projects of amendments to acts, but also case-laws including the case laws of Supreme Court, Constitutional Tribunal and European Court of Justice.\" \/>\n<meta property=\"og:url\" content=\"https:\/\/polowiec.pl\/en\/legal-bulletin-of-the-law-office-of-adam-polowiec-26-november-2-december-2012-r\/\" \/>\n<meta property=\"og:site_name\" content=\"Polowiec i Wsp\u00f3lnicy - Kancelaria prawna\" \/>\n<meta property=\"article:publisher\" content=\"https:\/\/www.facebook.com\/polowieciwspolnicy\/\" \/>\n<meta property=\"article:published_time\" content=\"2012-12-02T18:05:40+00:00\" \/>\n<meta property=\"article:modified_time\" content=\"2018-10-11T08:43:03+00:00\" \/>\n<meta name=\"author\" content=\"Super User\" \/>\n<meta name=\"twitter:card\" content=\"summary_large_image\" \/>\n<meta name=\"twitter:label1\" content=\"Written by\" \/>\n\t<meta name=\"twitter:data1\" content=\"Super User\" \/>\n\t<meta name=\"twitter:label2\" content=\"Est. reading time\" \/>\n\t<meta name=\"twitter:data2\" content=\"6 minutes\" \/>\n<script type=\"application\/ld+json\" class=\"yoast-schema-graph\">{\"@context\":\"https:\/\/schema.org\",\"@graph\":[{\"@type\":\"Article\",\"@id\":\"https:\/\/polowiec.pl\/en\/legal-bulletin-of-the-law-office-of-adam-polowiec-26-november-2-december-2012-r\/#article\",\"isPartOf\":{\"@id\":\"https:\/\/polowiec.pl\/en\/legal-bulletin-of-the-law-office-of-adam-polowiec-26-november-2-december-2012-r\/\"},\"author\":{\"name\":\"Super User\",\"@id\":\"https:\/\/polowiec.pl\/en\/#\/schema\/person\/ed8994874b775675a86115f307352d24\"},\"headline\":\"Legal Bulletin Of The Law Office Of Adam Polowiec (26 november \u2013 2 december 2012 r.)\",\"datePublished\":\"2012-12-02T18:05:40+00:00\",\"dateModified\":\"2018-10-11T08:43:03+00:00\",\"mainEntityOfPage\":{\"@id\":\"https:\/\/polowiec.pl\/en\/legal-bulletin-of-the-law-office-of-adam-polowiec-26-november-2-december-2012-r\/\"},\"wordCount\":1113,\"publisher\":{\"@id\":\"https:\/\/polowiec.pl\/en\/#organization\"},\"articleSection\":[\"Newsletter\"],\"inLanguage\":\"en-US\"},{\"@type\":\"WebPage\",\"@id\":\"https:\/\/polowiec.pl\/en\/legal-bulletin-of-the-law-office-of-adam-polowiec-26-november-2-december-2012-r\/\",\"url\":\"https:\/\/polowiec.pl\/en\/legal-bulletin-of-the-law-office-of-adam-polowiec-26-november-2-december-2012-r\/\",\"name\":\"Legal Bulletin Of The Law Office Of Adam Polowiec (26 november \u2013 2 december 2012 r.) - Polowiec i Wsp\u00f3lnicy - Kancelaria prawna\",\"isPartOf\":{\"@id\":\"https:\/\/polowiec.pl\/en\/#website\"},\"datePublished\":\"2012-12-02T18:05:40+00:00\",\"dateModified\":\"2018-10-11T08:43:03+00:00\",\"breadcrumb\":{\"@id\":\"https:\/\/polowiec.pl\/en\/legal-bulletin-of-the-law-office-of-adam-polowiec-26-november-2-december-2012-r\/#breadcrumb\"},\"inLanguage\":\"en-US\",\"potentialAction\":[{\"@type\":\"ReadAction\",\"target\":[\"https:\/\/polowiec.pl\/en\/legal-bulletin-of-the-law-office-of-adam-polowiec-26-november-2-december-2012-r\/\"]}]},{\"@type\":\"BreadcrumbList\",\"@id\":\"https:\/\/polowiec.pl\/en\/legal-bulletin-of-the-law-office-of-adam-polowiec-26-november-2-december-2012-r\/#breadcrumb\",\"itemListElement\":[{\"@type\":\"ListItem\",\"position\":1,\"name\":\"Strona g\u0142\u00f3wna\",\"item\":\"https:\/\/polowiec.pl\/en\/\"},{\"@type\":\"ListItem\",\"position\":2,\"name\":\"Legal Bulletin Of The Law Office Of Adam Polowiec (26 november \u2013 2 december 2012 r.)\"}]},{\"@type\":\"WebSite\",\"@id\":\"https:\/\/polowiec.pl\/en\/#website\",\"url\":\"https:\/\/polowiec.pl\/en\/\",\"name\":\"Polowiec i Wsp\u00f3lnicy - Kancelaria prawna\",\"description\":\"Obs\u0142uga prawna\",\"publisher\":{\"@id\":\"https:\/\/polowiec.pl\/en\/#organization\"},\"potentialAction\":[{\"@type\":\"SearchAction\",\"target\":{\"@type\":\"EntryPoint\",\"urlTemplate\":\"https:\/\/polowiec.pl\/en\/?s={search_term_string}\"},\"query-input\":{\"@type\":\"PropertyValueSpecification\",\"valueRequired\":true,\"valueName\":\"search_term_string\"}}],\"inLanguage\":\"en-US\"},{\"@type\":\"Organization\",\"@id\":\"https:\/\/polowiec.pl\/en\/#organization\",\"name\":\"Polowiec i Wsp\u00f3lnicy - Kancelaria prawna\",\"url\":\"https:\/\/polowiec.pl\/en\/\",\"logo\":{\"@type\":\"ImageObject\",\"inLanguage\":\"en-US\",\"@id\":\"https:\/\/polowiec.pl\/en\/#\/schema\/logo\/image\/\",\"url\":\"https:\/\/polowiec.pl\/wp-content\/uploads\/2018\/10\/polowiec_logo2-1.png\",\"contentUrl\":\"https:\/\/polowiec.pl\/wp-content\/uploads\/2018\/10\/polowiec_logo2-1.png\",\"width\":540,\"height\":381,\"caption\":\"Polowiec i Wsp\u00f3lnicy - Kancelaria prawna\"},\"image\":{\"@id\":\"https:\/\/polowiec.pl\/en\/#\/schema\/logo\/image\/\"},\"sameAs\":[\"https:\/\/www.facebook.com\/polowieciwspolnicy\/\",\"https:\/\/www.linkedin.com\/company\/polowiec-i-wsplnicy-sp.j.\/about\/\"]},{\"@type\":\"Person\",\"@id\":\"https:\/\/polowiec.pl\/en\/#\/schema\/person\/ed8994874b775675a86115f307352d24\",\"name\":\"Super User\",\"image\":{\"@type\":\"ImageObject\",\"inLanguage\":\"en-US\",\"@id\":\"https:\/\/secure.gravatar.com\/avatar\/e759b874f0fa459bd87c83ff47148fc5718f86d9459564657124e571997afbf7?s=96&d=mm&r=g\",\"url\":\"https:\/\/secure.gravatar.com\/avatar\/e759b874f0fa459bd87c83ff47148fc5718f86d9459564657124e571997afbf7?s=96&d=mm&r=g\",\"contentUrl\":\"https:\/\/secure.gravatar.com\/avatar\/e759b874f0fa459bd87c83ff47148fc5718f86d9459564657124e571997afbf7?s=96&d=mm&r=g\",\"caption\":\"Super User\"}}]}<\/script>\n<!-- \/ Yoast SEO plugin. -->","yoast_head_json":{"title":"Legal Bulletin Of The Law Office Of Adam Polowiec (26 november \u2013 2 december 2012 r.) - Polowiec i Wsp\u00f3lnicy - Kancelaria prawna","robots":{"index":"index","follow":"follow","max-snippet":"max-snippet:-1","max-image-preview":"max-image-preview:large","max-video-preview":"max-video-preview:-1"},"canonical":"https:\/\/polowiec.pl\/en\/legal-bulletin-of-the-law-office-of-adam-polowiec-26-november-2-december-2012-r\/","og_locale":"en_US","og_type":"article","og_title":"Legal Bulletin Of The Law Office Of Adam Polowiec (26 november \u2013 2 december 2012 r.) - Polowiec i Wsp\u00f3lnicy - Kancelaria prawna","og_description":"We would like to present the next issue of legal bulletin of the Law Office of Adam Polowiec.What you will find here is some information about the new provisions of law and the projects of amendments to acts, but also case-laws including the case laws of Supreme Court, Constitutional Tribunal and European Court of Justice.","og_url":"https:\/\/polowiec.pl\/en\/legal-bulletin-of-the-law-office-of-adam-polowiec-26-november-2-december-2012-r\/","og_site_name":"Polowiec i Wsp\u00f3lnicy - Kancelaria prawna","article_publisher":"https:\/\/www.facebook.com\/polowieciwspolnicy\/","article_published_time":"2012-12-02T18:05:40+00:00","article_modified_time":"2018-10-11T08:43:03+00:00","author":"Super User","twitter_card":"summary_large_image","twitter_misc":{"Written by":"Super User","Est. reading time":"6 minutes"},"schema":{"@context":"https:\/\/schema.org","@graph":[{"@type":"Article","@id":"https:\/\/polowiec.pl\/en\/legal-bulletin-of-the-law-office-of-adam-polowiec-26-november-2-december-2012-r\/#article","isPartOf":{"@id":"https:\/\/polowiec.pl\/en\/legal-bulletin-of-the-law-office-of-adam-polowiec-26-november-2-december-2012-r\/"},"author":{"name":"Super User","@id":"https:\/\/polowiec.pl\/en\/#\/schema\/person\/ed8994874b775675a86115f307352d24"},"headline":"Legal Bulletin Of The Law Office Of Adam Polowiec (26 november \u2013 2 december 2012 r.)","datePublished":"2012-12-02T18:05:40+00:00","dateModified":"2018-10-11T08:43:03+00:00","mainEntityOfPage":{"@id":"https:\/\/polowiec.pl\/en\/legal-bulletin-of-the-law-office-of-adam-polowiec-26-november-2-december-2012-r\/"},"wordCount":1113,"publisher":{"@id":"https:\/\/polowiec.pl\/en\/#organization"},"articleSection":["Newsletter"],"inLanguage":"en-US"},{"@type":"WebPage","@id":"https:\/\/polowiec.pl\/en\/legal-bulletin-of-the-law-office-of-adam-polowiec-26-november-2-december-2012-r\/","url":"https:\/\/polowiec.pl\/en\/legal-bulletin-of-the-law-office-of-adam-polowiec-26-november-2-december-2012-r\/","name":"Legal Bulletin Of The Law Office Of Adam Polowiec (26 november \u2013 2 december 2012 r.) - Polowiec i Wsp\u00f3lnicy - Kancelaria prawna","isPartOf":{"@id":"https:\/\/polowiec.pl\/en\/#website"},"datePublished":"2012-12-02T18:05:40+00:00","dateModified":"2018-10-11T08:43:03+00:00","breadcrumb":{"@id":"https:\/\/polowiec.pl\/en\/legal-bulletin-of-the-law-office-of-adam-polowiec-26-november-2-december-2012-r\/#breadcrumb"},"inLanguage":"en-US","potentialAction":[{"@type":"ReadAction","target":["https:\/\/polowiec.pl\/en\/legal-bulletin-of-the-law-office-of-adam-polowiec-26-november-2-december-2012-r\/"]}]},{"@type":"BreadcrumbList","@id":"https:\/\/polowiec.pl\/en\/legal-bulletin-of-the-law-office-of-adam-polowiec-26-november-2-december-2012-r\/#breadcrumb","itemListElement":[{"@type":"ListItem","position":1,"name":"Strona g\u0142\u00f3wna","item":"https:\/\/polowiec.pl\/en\/"},{"@type":"ListItem","position":2,"name":"Legal Bulletin Of The Law Office Of Adam Polowiec (26 november \u2013 2 december 2012 r.)"}]},{"@type":"WebSite","@id":"https:\/\/polowiec.pl\/en\/#website","url":"https:\/\/polowiec.pl\/en\/","name":"Polowiec i Wsp\u00f3lnicy - Kancelaria prawna","description":"Obs\u0142uga prawna","publisher":{"@id":"https:\/\/polowiec.pl\/en\/#organization"},"potentialAction":[{"@type":"SearchAction","target":{"@type":"EntryPoint","urlTemplate":"https:\/\/polowiec.pl\/en\/?s={search_term_string}"},"query-input":{"@type":"PropertyValueSpecification","valueRequired":true,"valueName":"search_term_string"}}],"inLanguage":"en-US"},{"@type":"Organization","@id":"https:\/\/polowiec.pl\/en\/#organization","name":"Polowiec i Wsp\u00f3lnicy - Kancelaria prawna","url":"https:\/\/polowiec.pl\/en\/","logo":{"@type":"ImageObject","inLanguage":"en-US","@id":"https:\/\/polowiec.pl\/en\/#\/schema\/logo\/image\/","url":"https:\/\/polowiec.pl\/wp-content\/uploads\/2018\/10\/polowiec_logo2-1.png","contentUrl":"https:\/\/polowiec.pl\/wp-content\/uploads\/2018\/10\/polowiec_logo2-1.png","width":540,"height":381,"caption":"Polowiec i Wsp\u00f3lnicy - Kancelaria prawna"},"image":{"@id":"https:\/\/polowiec.pl\/en\/#\/schema\/logo\/image\/"},"sameAs":["https:\/\/www.facebook.com\/polowieciwspolnicy\/","https:\/\/www.linkedin.com\/company\/polowiec-i-wsplnicy-sp.j.\/about\/"]},{"@type":"Person","@id":"https:\/\/polowiec.pl\/en\/#\/schema\/person\/ed8994874b775675a86115f307352d24","name":"Super User","image":{"@type":"ImageObject","inLanguage":"en-US","@id":"https:\/\/secure.gravatar.com\/avatar\/e759b874f0fa459bd87c83ff47148fc5718f86d9459564657124e571997afbf7?s=96&d=mm&r=g","url":"https:\/\/secure.gravatar.com\/avatar\/e759b874f0fa459bd87c83ff47148fc5718f86d9459564657124e571997afbf7?s=96&d=mm&r=g","contentUrl":"https:\/\/secure.gravatar.com\/avatar\/e759b874f0fa459bd87c83ff47148fc5718f86d9459564657124e571997afbf7?s=96&d=mm&r=g","caption":"Super User"}}]}},"_links":{"self":[{"href":"https:\/\/polowiec.pl\/en\/wp-json\/wp\/v2\/posts\/453","targetHints":{"allow":["GET"]}}],"collection":[{"href":"https:\/\/polowiec.pl\/en\/wp-json\/wp\/v2\/posts"}],"about":[{"href":"https:\/\/polowiec.pl\/en\/wp-json\/wp\/v2\/types\/post"}],"author":[{"embeddable":true,"href":"https:\/\/polowiec.pl\/en\/wp-json\/wp\/v2\/users\/2"}],"replies":[{"embeddable":true,"href":"https:\/\/polowiec.pl\/en\/wp-json\/wp\/v2\/comments?post=453"}],"version-history":[{"count":0,"href":"https:\/\/polowiec.pl\/en\/wp-json\/wp\/v2\/posts\/453\/revisions"}],"wp:attachment":[{"href":"https:\/\/polowiec.pl\/en\/wp-json\/wp\/v2\/media?parent=453"}],"wp:term":[{"taxonomy":"category","embeddable":true,"href":"https:\/\/polowiec.pl\/en\/wp-json\/wp\/v2\/categories?post=453"},{"taxonomy":"post_tag","embeddable":true,"href":"https:\/\/polowiec.pl\/en\/wp-json\/wp\/v2\/tags?post=453"}],"curies":[{"name":"wp","href":"https:\/\/api.w.org\/{rel}","templated":true}]}}