{"id":456,"date":"2012-12-25T20:37:10","date_gmt":"2012-12-25T19:37:10","guid":{"rendered":"https:\/\/nowa.polowiec.pl\/legal-bulletin-of-the-law-office-of-adam-polowiec-17-23-december-2012-r\/"},"modified":"2018-10-11T10:43:03","modified_gmt":"2018-10-11T08:43:03","slug":"legal-bulletin-of-the-law-office-of-adam-polowiec-17-23-december-2012-r","status":"publish","type":"post","link":"https:\/\/polowiec.pl\/en\/legal-bulletin-of-the-law-office-of-adam-polowiec-17-23-december-2012-r\/","title":{"rendered":"Legal Bulletin Of The Law Office Of Adam Polowiec (17 \u2013 23 december 2012 r.)"},"content":{"rendered":"<p>We would like to present the next issue of legal bulletin of the Law Office of Adam Polowiec.<br \/>What you will find here is some information about the new provisions of law and the projects of amendments to acts, but also case-laws including the case laws of Supreme Court, Constitutional Tribunal and European Court of Justice. <!--more--> <\/p>\n<p><strong><\/p>\n<h3 class=\"newsletter-naglowek\">Nowe Prawo<\/h3>\n<p><\/strong><\/p>\n<p><strong>OCHRONA ZDROWIA<\/strong><\/p>\n<p><strong>Rozporz\u0105dzenie<\/strong> Ministra Zdrowia z dnia 6 grudnia 2012 r. zmieniaj\u0105ce rozporz\u0105dzenie w sprawie szczeg\u00f3\u0142owego zakresu danych obj\u0119tych wpisem do rejestru podmiot\u00f3w wykonuj\u0105cych dzia\u0142alno\u015b\u0107 lecznicz\u0105 oraz szczeg\u00f3\u0142owego trybu post\u0119powania w sprawach dokonywania wpis\u00f3w, zmian w rejestrze oraz wykre\u015ble\u0144 z tego rejestru (Dz. U. z 2012 r., poz. 1373) \u2013 <strong>wesz\u0142o w \u017cycie z dniem 10 grudnia 2012 r.<\/strong><\/p>\n<p>W rozporz\u0105dzeniu Ministra Zdrowia z dnia 29 wrze\u015bnia 2011 r. w sprawie szczeg\u00f3\u0142owego zakresu danych obj\u0119tych wpisem do rejestru podmiot\u00f3w wykonuj\u0105cych dzia\u0142alno\u015b\u0107 lecznicz\u0105 oraz szczeg\u00f3\u0142owego trybu post\u0119powania w sprawach dokonywania wpis\u00f3w, zmian w rejestrze oraz wykre\u015ble\u0144 z tego rejestru (Dz. U. z 2011 r., nr 221, poz. 1319) uleg\u0142o zmianie brzmienie \u00a71, \u00a75, \u00a78, \u00a79, \u00a711 \u2013 13, \u00a716, \u00a718.<\/p>\n<p><strong>Rozporz\u0105dzenie<\/strong> Ministra Zdrowia z dnia 11 grudnia 2012 r. w sprawie wykazu specjalizacji uprawniaj\u0105cych lekarza do samodzielnego wykonywania czynno\u015bci diagnostyki laboratoryjnej w medycznym laboratorium diagnostycznym (Dz. U. z 2012 r., poz. 1420) \u2013 <strong>wejdzie w \u017cycie z dniem 1 stycznia 2013 r.<\/strong><\/p>\n<p><strong>Rozporz\u0105dzenie<\/strong> Ministra Zdrowia z dnia 11 grudnia 2012 r. w sprawie wzor\u00f3w o\u015bwiadcze\u0144 o przys\u0142uguj\u0105cym \u015bwiadczeniobiorcy prawie do \u015bwiadcze\u0144 opieki zdrowotnej (Dz. U. z 2012 r., poz. 1421) \u2013 <strong>wejdzie w \u017cycie z dniem 1 stycznia 2013 r.<\/strong><\/p>\n<p><strong>Rozporz\u0105dzenie<\/strong> Ministra Zdrowia z dnia 6 grudnia 2012 r. w sprawie \u015bwiadcze\u0144 gwarantowanych z zakresu program\u00f3w zdrowotnych (Dz. U. z 2012 r., poz. 1422)\u00a0\u00a0\u2013 <strong>wejdzie w \u017cycie z dniem 19 grudnia 2012 r. z moc\u0105 od dnia 1 lipca 2012 r., z\u00a0wyj\u0105tkiem jest lp. 6 za\u0142\u0105cznika do rozporz\u0105dzenie, kt\u00f3ry wejdzie w \u017cycie z\u00a0dniem 1 stycznia 2013 r.<\/strong><\/p>\n<p>\u00a0<\/p>\n<p><strong>PODATKI I RACHUNKOWO\u015a\u0106<\/strong><\/p>\n<p><strong>Rozporz\u0105dzenie<\/strong> Ministra Finans\u00f3w z dnia 29 listopada 2012 r. w sprawie zwolnie\u0144 z\u00a0obowi\u0105zku prowadzenia ewidencji przy zastosowaniu kas rejestruj\u0105cych (Dz.\u00a0U.\u00a0z\u00a02012\u00a0r., poz. 1381) \u2013 <strong>wejdzie w \u017cycie z dniem 1 stycznia 2013 r.<\/strong><\/p>\n<p>\u00a0<\/p>\n<p><strong>PRAWO WYBORCZE<\/strong><\/p>\n<p><strong>Ustawa<\/strong> z dnia 12 pa\u017adziernika 2012 r. o zmianie ustawy &#8211; Przepisy wprowadzaj\u0105ce ustaw\u0119 &#8211; Kodeks wyborczy (Dz. U. z 2012 r., poz. 1399) \u2013 <strong>wejdzie w \u017cycie z dniem 27\u00a0grudnia 2012 r.<\/strong><\/p>\n<p>W ustawie z dnia 5 stycznia 2011 r. &#8211; Przepisy wprowadzaj\u0105ce ustaw\u0119 &#8211; Kodeks wyborczy (Dz. U. z 2011 r., nr 21, poz. 113 z p\u00f3\u017an. zm.) uleg\u0142o zmianie brzmienie art. 16.<\/p>\n<p>\u00a0<\/p>\n<p><strong>PRAWO ADMINISTRACYJNE<\/strong><\/p>\n<p><strong>Ustawa<\/strong> z dnia 7 grudnia 2012 r. o zmianie ustawy o ewidencji ludno\u015bci i dowodach osobistych oraz niekt\u00f3rych innych ustaw (Dz. U. z 2012 r., poz. 1407) \u2013 <strong>wejdzie w\u00a0\u017cycie z dniem 31 grudnia 2012 r., z wyj\u0105tkiem art. 1 pkt 23, kt\u00f3ry wchodzi w\u00a0\u017cycie z dniem 1 stycznia 2013 r.<\/strong><\/p>\n<p>W ustawie z dnia 10 kwietnia 1974 r. o ewidencji ludno\u015bci i dowodach osobistych (Dz.\u00a0U.\u00a0z 2006 r., nr 139, poz. 993 z p\u00f3\u017an. zm.) uleg\u0142o zmianie brzmienie art. 1, art. 9\u00a0\u00a0\u00a0 \u2013 12, art. 15, art. 16, art. 44c, art. 44h, art. 46, art. 51, art. 55, art. 56, zosta\u0142y uchylone art. 13, art. 16, art. 25, art. 28, art. 44b, rozdzia\u0142 5 i 7 oraz zosta\u0142 dodany art.\u00a015a.<\/p>\n<p><strong>Ustawa<\/strong> z dnia 16 listopada 2012 r. o zmianie ustawy o dokumentach paszportowych (Dz. U. z 2012 r., poz. 1415) \u2013 <strong>wejdzie w \u017cycie z dniem 17 stycznia 2013 r.<\/strong><\/p>\n<p>W ustawie z dnia 13 lipca 2006 r. o dokumentach paszportowych (Dz. U. z 2006 r., nr\u00a0143, poz. 1027 z p\u00f3\u017an. zm.) uleg\u0142o zmianie brzmienie art. 23, art. 43, art. 44.<\/p>\n<p>\u00a0<\/p>\n<p><strong>S\u0104DOWNICTWO<\/strong><\/p>\n<p><strong>Rozporz\u0105dzenie<\/strong> Ministra Sprawiedliwo\u015bci z dnia 7 grudnia 2012 r. zmieniaj\u0105ce rozporz\u0105dzenie w sprawie utworzenia prokuratur apelacyjnych, okr\u0119gowych i rejonowych oraz ustalenia ich siedzib i obszar\u00f3w w\u0142a\u015bciwo\u015bci (Dz. U. z 2012 r., poz. 1417) \u2013 <strong>wejdzie w \u017cycie z dniem 1 stycznia 2013 r.<\/strong><\/p>\n<p>W rozporz\u0105dzeniu Ministra Sprawiedliwo\u015bci z dnia 25 marca 2010 r. w sprawie utworzenia prokuratur apelacyjnych, okr\u0119gowych i rejonowych oraz ustalenia ich siedzib i obszar\u00f3w w\u0142a\u015bciwo\u015bci (Dz. U. z 2010 r., nr 49, poz. 297 z p\u00f3\u017an. zm.) uleg\u0142o zmianie brzmienie \u00a75.<\/p>\n<p>\u00a0<\/p>\n<p><strong><\/p>\n<h3 class=\"newsletter-naglowek\">Orzecznictwo<\/h3>\n<p><\/strong><\/p>\n<p><strong>Trybuna\u0142 Konstytucyjny; Trybuna\u0142 Sprawiedliwo\u015bci Unii Europejskiej<\/strong><\/p>\n<p><strong>REGULAMIN S\u0104DU NAJWY\u017bSZEGO<\/strong><\/p>\n<p>Trybuna\u0142 Konstytucyjny stwierdzi\u0142, \u017ce \u017caden przepis ustawy o S\u0105dzie Najwy\u017cszym nie\u00a0upowa\u017cnia Zgromadzenia Og\u00f3lnego S\u0119dzi\u00f3w S\u0105du Najwy\u017cszego do uregulowania problematyki uniewa\u017cniania prawomocnego orzeczenia s\u0105dowego wydanego w sprawie, kt\u00f3ra ze wzgl\u0119du na osob\u0119 lub przedmiot nie podlega\u0142a orzecznictwu s\u0105d\u00f3w. Tymczasem postanowienie o uniewa\u017cnieniu takiego prawomocnego orzeczenia S\u0105d Najwy\u017cszy mo\u017ce wyda\u0107 na posiedzeniu niejawnym, po czym wraz z uzasadnieniem dor\u0119cza je stronom oraz prokuratorowi generalnemu. Wynika to z regulaminu S\u0105du Najwy\u017cszego. Dlatego Trybuna\u0142 Konstytucyjny stwierdzi\u0142, \u017ce skoro \u00a7104 regulaminu S\u0105du Najwy\u017cszego cechuje abstrakcyjno\u015b\u0107 i generalno\u015b\u0107, to w konsekwencji mo\u017ce on zosta\u0107 uznany za \u201eprzepis prawa\u201d w rozumieniu art. 188 pkt 3 Konstytucji. Poza tym Trybuna\u0142 Konstytucyjny stwierdzi\u0142, \u017ce Zgromadzenie Og\u00f3lne S\u0119dzi\u00f3w S\u0105du Najwy\u017cszego jest \u201ecentralnym organem pa\u0144stwowym\u201d w rozumieniu art. 188 pkt 3 Konstytucji &#8211; <strong>wyrok Trybuna\u0142u Konstytucyjnego z dnia 4 grudnia 2012 r., sygn. akt: U 3\/11.<\/strong><\/p>\n<p>\u00a0<\/p>\n<p><strong><\/p>\n<h2 class=\"newsletter-naglowek\">Projekty, Nowelizacje, Zmiany<\/h2>\n<p><\/strong><\/p>\n<p><strong>PRAWO PRACY I UBEZPIECZE\u0143 SPO\u0141ECZYCH<\/strong><\/p>\n<p><strong>P\u0142atna opieka nad dzieckiem przez rok<\/strong><\/p>\n<p>W 2013 r. zatrudnieni zyskaj\u0105 prawo do 26 \u2013 tygodniowego urlopu rodzicielskiego.<\/p>\n","protected":false},"excerpt":{"rendered":"<p>We would like to present the next issue of legal bulletin of the Law Office of Adam Polowiec.What you will find here is some information about the new provisions of law and the projects of amendments to acts, but also case-laws including the case laws of Supreme Court, Constitutional Tribunal and European Court of Justice.<\/p>\n","protected":false},"author":2,"featured_media":0,"comment_status":"closed","ping_status":"open","sticky":false,"template":"","format":"standard","meta":{"footnotes":""},"categories":[11],"tags":[],"class_list":["post-456","post","type-post","status-publish","format-standard","hentry","category-newsletters"],"featured_image_src":{"landsacpe":false,"list":false,"medium":false,"full":false},"yoast_head":"<!-- This site is optimized with the Yoast SEO plugin v27.2 - https:\/\/yoast.com\/product\/yoast-seo-wordpress\/ -->\n<title>Legal Bulletin Of The Law Office Of Adam Polowiec (17 \u2013 23 december 2012 r.) - Polowiec i Wsp\u00f3lnicy - Kancelaria prawna<\/title>\n<meta name=\"robots\" content=\"index, follow, max-snippet:-1, max-image-preview:large, max-video-preview:-1\" \/>\n<link rel=\"canonical\" href=\"https:\/\/polowiec.pl\/en\/legal-bulletin-of-the-law-office-of-adam-polowiec-17-23-december-2012-r\/\" \/>\n<meta property=\"og:locale\" content=\"en_US\" \/>\n<meta property=\"og:type\" content=\"article\" \/>\n<meta property=\"og:title\" content=\"Legal Bulletin Of The Law Office Of Adam Polowiec (17 \u2013 23 december 2012 r.) - Polowiec i Wsp\u00f3lnicy - Kancelaria prawna\" \/>\n<meta property=\"og:description\" content=\"We would like to present the next issue of legal bulletin of the Law Office of Adam Polowiec.What you will find here is some information about the new provisions of law and the projects of amendments to acts, but also case-laws including the case laws of Supreme Court, Constitutional Tribunal and European Court of Justice.\" \/>\n<meta property=\"og:url\" content=\"https:\/\/polowiec.pl\/en\/legal-bulletin-of-the-law-office-of-adam-polowiec-17-23-december-2012-r\/\" \/>\n<meta property=\"og:site_name\" content=\"Polowiec i Wsp\u00f3lnicy - Kancelaria prawna\" \/>\n<meta property=\"article:publisher\" content=\"https:\/\/www.facebook.com\/polowieciwspolnicy\/\" \/>\n<meta property=\"article:published_time\" content=\"2012-12-25T19:37:10+00:00\" \/>\n<meta property=\"article:modified_time\" content=\"2018-10-11T08:43:03+00:00\" \/>\n<meta name=\"author\" content=\"Super User\" \/>\n<meta name=\"twitter:card\" content=\"summary_large_image\" \/>\n<meta name=\"twitter:label1\" content=\"Written by\" \/>\n\t<meta name=\"twitter:data1\" content=\"Super User\" \/>\n\t<meta name=\"twitter:label2\" content=\"Est. reading time\" \/>\n\t<meta name=\"twitter:data2\" content=\"4 minutes\" \/>\n<script type=\"application\/ld+json\" class=\"yoast-schema-graph\">{\"@context\":\"https:\/\/schema.org\",\"@graph\":[{\"@type\":\"Article\",\"@id\":\"https:\/\/polowiec.pl\/en\/legal-bulletin-of-the-law-office-of-adam-polowiec-17-23-december-2012-r\/#article\",\"isPartOf\":{\"@id\":\"https:\/\/polowiec.pl\/en\/legal-bulletin-of-the-law-office-of-adam-polowiec-17-23-december-2012-r\/\"},\"author\":{\"name\":\"Super User\",\"@id\":\"https:\/\/polowiec.pl\/en\/#\/schema\/person\/ed8994874b775675a86115f307352d24\"},\"headline\":\"Legal Bulletin Of The Law Office Of Adam Polowiec (17 \u2013 23 december 2012 r.)\",\"datePublished\":\"2012-12-25T19:37:10+00:00\",\"dateModified\":\"2018-10-11T08:43:03+00:00\",\"mainEntityOfPage\":{\"@id\":\"https:\/\/polowiec.pl\/en\/legal-bulletin-of-the-law-office-of-adam-polowiec-17-23-december-2012-r\/\"},\"wordCount\":858,\"publisher\":{\"@id\":\"https:\/\/polowiec.pl\/en\/#organization\"},\"articleSection\":[\"Newsletter\"],\"inLanguage\":\"en-US\"},{\"@type\":\"WebPage\",\"@id\":\"https:\/\/polowiec.pl\/en\/legal-bulletin-of-the-law-office-of-adam-polowiec-17-23-december-2012-r\/\",\"url\":\"https:\/\/polowiec.pl\/en\/legal-bulletin-of-the-law-office-of-adam-polowiec-17-23-december-2012-r\/\",\"name\":\"Legal Bulletin Of The Law Office Of Adam Polowiec (17 \u2013 23 december 2012 r.) - Polowiec i Wsp\u00f3lnicy - Kancelaria prawna\",\"isPartOf\":{\"@id\":\"https:\/\/polowiec.pl\/en\/#website\"},\"datePublished\":\"2012-12-25T19:37:10+00:00\",\"dateModified\":\"2018-10-11T08:43:03+00:00\",\"breadcrumb\":{\"@id\":\"https:\/\/polowiec.pl\/en\/legal-bulletin-of-the-law-office-of-adam-polowiec-17-23-december-2012-r\/#breadcrumb\"},\"inLanguage\":\"en-US\",\"potentialAction\":[{\"@type\":\"ReadAction\",\"target\":[\"https:\/\/polowiec.pl\/en\/legal-bulletin-of-the-law-office-of-adam-polowiec-17-23-december-2012-r\/\"]}]},{\"@type\":\"BreadcrumbList\",\"@id\":\"https:\/\/polowiec.pl\/en\/legal-bulletin-of-the-law-office-of-adam-polowiec-17-23-december-2012-r\/#breadcrumb\",\"itemListElement\":[{\"@type\":\"ListItem\",\"position\":1,\"name\":\"Strona g\u0142\u00f3wna\",\"item\":\"https:\/\/polowiec.pl\/en\/\"},{\"@type\":\"ListItem\",\"position\":2,\"name\":\"Legal Bulletin Of The Law Office Of Adam Polowiec (17 \u2013 23 december 2012 r.)\"}]},{\"@type\":\"WebSite\",\"@id\":\"https:\/\/polowiec.pl\/en\/#website\",\"url\":\"https:\/\/polowiec.pl\/en\/\",\"name\":\"Polowiec i Wsp\u00f3lnicy - Kancelaria prawna\",\"description\":\"Obs\u0142uga prawna\",\"publisher\":{\"@id\":\"https:\/\/polowiec.pl\/en\/#organization\"},\"potentialAction\":[{\"@type\":\"SearchAction\",\"target\":{\"@type\":\"EntryPoint\",\"urlTemplate\":\"https:\/\/polowiec.pl\/en\/?s={search_term_string}\"},\"query-input\":{\"@type\":\"PropertyValueSpecification\",\"valueRequired\":true,\"valueName\":\"search_term_string\"}}],\"inLanguage\":\"en-US\"},{\"@type\":\"Organization\",\"@id\":\"https:\/\/polowiec.pl\/en\/#organization\",\"name\":\"Polowiec i Wsp\u00f3lnicy - Kancelaria prawna\",\"url\":\"https:\/\/polowiec.pl\/en\/\",\"logo\":{\"@type\":\"ImageObject\",\"inLanguage\":\"en-US\",\"@id\":\"https:\/\/polowiec.pl\/en\/#\/schema\/logo\/image\/\",\"url\":\"https:\/\/polowiec.pl\/wp-content\/uploads\/2018\/10\/polowiec_logo2-1.png\",\"contentUrl\":\"https:\/\/polowiec.pl\/wp-content\/uploads\/2018\/10\/polowiec_logo2-1.png\",\"width\":540,\"height\":381,\"caption\":\"Polowiec i Wsp\u00f3lnicy - Kancelaria prawna\"},\"image\":{\"@id\":\"https:\/\/polowiec.pl\/en\/#\/schema\/logo\/image\/\"},\"sameAs\":[\"https:\/\/www.facebook.com\/polowieciwspolnicy\/\",\"https:\/\/www.linkedin.com\/company\/polowiec-i-wsplnicy-sp.j.\/about\/\"]},{\"@type\":\"Person\",\"@id\":\"https:\/\/polowiec.pl\/en\/#\/schema\/person\/ed8994874b775675a86115f307352d24\",\"name\":\"Super User\",\"image\":{\"@type\":\"ImageObject\",\"inLanguage\":\"en-US\",\"@id\":\"https:\/\/secure.gravatar.com\/avatar\/e759b874f0fa459bd87c83ff47148fc5718f86d9459564657124e571997afbf7?s=96&d=mm&r=g\",\"url\":\"https:\/\/secure.gravatar.com\/avatar\/e759b874f0fa459bd87c83ff47148fc5718f86d9459564657124e571997afbf7?s=96&d=mm&r=g\",\"contentUrl\":\"https:\/\/secure.gravatar.com\/avatar\/e759b874f0fa459bd87c83ff47148fc5718f86d9459564657124e571997afbf7?s=96&d=mm&r=g\",\"caption\":\"Super User\"}}]}<\/script>\n<!-- \/ Yoast SEO plugin. -->","yoast_head_json":{"title":"Legal Bulletin Of The Law Office Of Adam Polowiec (17 \u2013 23 december 2012 r.) - Polowiec i Wsp\u00f3lnicy - Kancelaria prawna","robots":{"index":"index","follow":"follow","max-snippet":"max-snippet:-1","max-image-preview":"max-image-preview:large","max-video-preview":"max-video-preview:-1"},"canonical":"https:\/\/polowiec.pl\/en\/legal-bulletin-of-the-law-office-of-adam-polowiec-17-23-december-2012-r\/","og_locale":"en_US","og_type":"article","og_title":"Legal Bulletin Of The Law Office Of Adam Polowiec (17 \u2013 23 december 2012 r.) - Polowiec i Wsp\u00f3lnicy - Kancelaria prawna","og_description":"We would like to present the next issue of legal bulletin of the Law Office of Adam Polowiec.What you will find here is some information about the new provisions of law and the projects of amendments to acts, but also case-laws including the case laws of Supreme Court, Constitutional Tribunal and European Court of Justice.","og_url":"https:\/\/polowiec.pl\/en\/legal-bulletin-of-the-law-office-of-adam-polowiec-17-23-december-2012-r\/","og_site_name":"Polowiec i Wsp\u00f3lnicy - Kancelaria prawna","article_publisher":"https:\/\/www.facebook.com\/polowieciwspolnicy\/","article_published_time":"2012-12-25T19:37:10+00:00","article_modified_time":"2018-10-11T08:43:03+00:00","author":"Super User","twitter_card":"summary_large_image","twitter_misc":{"Written by":"Super User","Est. reading time":"4 minutes"},"schema":{"@context":"https:\/\/schema.org","@graph":[{"@type":"Article","@id":"https:\/\/polowiec.pl\/en\/legal-bulletin-of-the-law-office-of-adam-polowiec-17-23-december-2012-r\/#article","isPartOf":{"@id":"https:\/\/polowiec.pl\/en\/legal-bulletin-of-the-law-office-of-adam-polowiec-17-23-december-2012-r\/"},"author":{"name":"Super User","@id":"https:\/\/polowiec.pl\/en\/#\/schema\/person\/ed8994874b775675a86115f307352d24"},"headline":"Legal Bulletin Of The Law Office Of Adam Polowiec (17 \u2013 23 december 2012 r.)","datePublished":"2012-12-25T19:37:10+00:00","dateModified":"2018-10-11T08:43:03+00:00","mainEntityOfPage":{"@id":"https:\/\/polowiec.pl\/en\/legal-bulletin-of-the-law-office-of-adam-polowiec-17-23-december-2012-r\/"},"wordCount":858,"publisher":{"@id":"https:\/\/polowiec.pl\/en\/#organization"},"articleSection":["Newsletter"],"inLanguage":"en-US"},{"@type":"WebPage","@id":"https:\/\/polowiec.pl\/en\/legal-bulletin-of-the-law-office-of-adam-polowiec-17-23-december-2012-r\/","url":"https:\/\/polowiec.pl\/en\/legal-bulletin-of-the-law-office-of-adam-polowiec-17-23-december-2012-r\/","name":"Legal Bulletin Of The Law Office Of Adam Polowiec (17 \u2013 23 december 2012 r.) - Polowiec i Wsp\u00f3lnicy - Kancelaria prawna","isPartOf":{"@id":"https:\/\/polowiec.pl\/en\/#website"},"datePublished":"2012-12-25T19:37:10+00:00","dateModified":"2018-10-11T08:43:03+00:00","breadcrumb":{"@id":"https:\/\/polowiec.pl\/en\/legal-bulletin-of-the-law-office-of-adam-polowiec-17-23-december-2012-r\/#breadcrumb"},"inLanguage":"en-US","potentialAction":[{"@type":"ReadAction","target":["https:\/\/polowiec.pl\/en\/legal-bulletin-of-the-law-office-of-adam-polowiec-17-23-december-2012-r\/"]}]},{"@type":"BreadcrumbList","@id":"https:\/\/polowiec.pl\/en\/legal-bulletin-of-the-law-office-of-adam-polowiec-17-23-december-2012-r\/#breadcrumb","itemListElement":[{"@type":"ListItem","position":1,"name":"Strona g\u0142\u00f3wna","item":"https:\/\/polowiec.pl\/en\/"},{"@type":"ListItem","position":2,"name":"Legal Bulletin Of The Law Office Of Adam Polowiec (17 \u2013 23 december 2012 r.)"}]},{"@type":"WebSite","@id":"https:\/\/polowiec.pl\/en\/#website","url":"https:\/\/polowiec.pl\/en\/","name":"Polowiec i Wsp\u00f3lnicy - Kancelaria prawna","description":"Obs\u0142uga prawna","publisher":{"@id":"https:\/\/polowiec.pl\/en\/#organization"},"potentialAction":[{"@type":"SearchAction","target":{"@type":"EntryPoint","urlTemplate":"https:\/\/polowiec.pl\/en\/?s={search_term_string}"},"query-input":{"@type":"PropertyValueSpecification","valueRequired":true,"valueName":"search_term_string"}}],"inLanguage":"en-US"},{"@type":"Organization","@id":"https:\/\/polowiec.pl\/en\/#organization","name":"Polowiec i Wsp\u00f3lnicy - Kancelaria prawna","url":"https:\/\/polowiec.pl\/en\/","logo":{"@type":"ImageObject","inLanguage":"en-US","@id":"https:\/\/polowiec.pl\/en\/#\/schema\/logo\/image\/","url":"https:\/\/polowiec.pl\/wp-content\/uploads\/2018\/10\/polowiec_logo2-1.png","contentUrl":"https:\/\/polowiec.pl\/wp-content\/uploads\/2018\/10\/polowiec_logo2-1.png","width":540,"height":381,"caption":"Polowiec i Wsp\u00f3lnicy - Kancelaria prawna"},"image":{"@id":"https:\/\/polowiec.pl\/en\/#\/schema\/logo\/image\/"},"sameAs":["https:\/\/www.facebook.com\/polowieciwspolnicy\/","https:\/\/www.linkedin.com\/company\/polowiec-i-wsplnicy-sp.j.\/about\/"]},{"@type":"Person","@id":"https:\/\/polowiec.pl\/en\/#\/schema\/person\/ed8994874b775675a86115f307352d24","name":"Super User","image":{"@type":"ImageObject","inLanguage":"en-US","@id":"https:\/\/secure.gravatar.com\/avatar\/e759b874f0fa459bd87c83ff47148fc5718f86d9459564657124e571997afbf7?s=96&d=mm&r=g","url":"https:\/\/secure.gravatar.com\/avatar\/e759b874f0fa459bd87c83ff47148fc5718f86d9459564657124e571997afbf7?s=96&d=mm&r=g","contentUrl":"https:\/\/secure.gravatar.com\/avatar\/e759b874f0fa459bd87c83ff47148fc5718f86d9459564657124e571997afbf7?s=96&d=mm&r=g","caption":"Super User"}}]}},"_links":{"self":[{"href":"https:\/\/polowiec.pl\/en\/wp-json\/wp\/v2\/posts\/456","targetHints":{"allow":["GET"]}}],"collection":[{"href":"https:\/\/polowiec.pl\/en\/wp-json\/wp\/v2\/posts"}],"about":[{"href":"https:\/\/polowiec.pl\/en\/wp-json\/wp\/v2\/types\/post"}],"author":[{"embeddable":true,"href":"https:\/\/polowiec.pl\/en\/wp-json\/wp\/v2\/users\/2"}],"replies":[{"embeddable":true,"href":"https:\/\/polowiec.pl\/en\/wp-json\/wp\/v2\/comments?post=456"}],"version-history":[{"count":0,"href":"https:\/\/polowiec.pl\/en\/wp-json\/wp\/v2\/posts\/456\/revisions"}],"wp:attachment":[{"href":"https:\/\/polowiec.pl\/en\/wp-json\/wp\/v2\/media?parent=456"}],"wp:term":[{"taxonomy":"category","embeddable":true,"href":"https:\/\/polowiec.pl\/en\/wp-json\/wp\/v2\/categories?post=456"},{"taxonomy":"post_tag","embeddable":true,"href":"https:\/\/polowiec.pl\/en\/wp-json\/wp\/v2\/tags?post=456"}],"curies":[{"name":"wp","href":"https:\/\/api.w.org\/{rel}","templated":true}]}}