{"id":457,"date":"2013-01-03T21:46:35","date_gmt":"2013-01-03T20:46:35","guid":{"rendered":"https:\/\/nowa.polowiec.pl\/legal-bulletin-of-the-law-office-of-adam-polowiec-24-december-2012-r-1-january-2013-r\/"},"modified":"2018-10-11T10:43:03","modified_gmt":"2018-10-11T08:43:03","slug":"legal-bulletin-of-the-law-office-of-adam-polowiec-24-december-2012-r-1-january-2013-r","status":"publish","type":"post","link":"https:\/\/polowiec.pl\/en\/legal-bulletin-of-the-law-office-of-adam-polowiec-24-december-2012-r-1-january-2013-r\/","title":{"rendered":"Legal Bulletin Of The Law Office Of Adam Polowiec (24 december 2012 r.\u2013 1 january 2013 r.)"},"content":{"rendered":"<p>We would like to present the next issue of legal bulletin of the Law Office of Adam Polowiec.<br \/>What you will find here is some information about the new provisions of law and the projects of amendments to acts, but also case-laws including the case laws of Supreme Court, Constitutional Tribunal and European Court of Justice. <!--more--> <\/p>\n<p><strong><\/p>\n<h3 class=\"newsletter-naglowek\">Nowe Prawo<\/h3>\n<p><\/strong><\/p>\n<p><strong>ZAWODY PRAWNICZE<\/strong><\/p>\n<p><strong>Rozporz\u0105dzenie<\/strong> Ministra Sprawiedliwo\u015bci z dnia 10 grudnia 2012 r. w sprawie wysoko\u015bci op\u0142aty rocznej za aplikacj\u0119 radcowsk\u0105 (Dz. U. z 2012 r., poz. 1426) \u2013 <strong>wejdzie w \u017cycie z dniem 1 stycznia 2013 r.<\/strong><\/p>\n<p><strong>Rozporz\u0105dzenie<\/strong> Ministra Sprawiedliwo\u015bci z dnia 12 grudnia 2012 r. zmieniaj\u0105ce rozporz\u0105dzenie w sprawie zespo\u0142u do przygotowania zestawu pyta\u0144 testowych i zada\u0144 na\u00a0egzamin notarialny oraz wykazu tytu\u0142\u00f3w akt\u00f3w prawnych (Dz. U. z 2012 r., poz.\u00a01433) \u2013 <strong>wesz\u0142o w \u017cycie z dniem 27 grudnia 2012 r.<\/strong><\/p>\n<p>W rozporz\u0105dzeniu Ministra Sprawiedliwo\u015bci z dnia 29 kwietnia 2009 r. w sprawie zespo\u0142u do przygotowania zestawu pyta\u0144 testowych i zada\u0144 na egzamin notarialny oraz wykazu tytu\u0142\u00f3w akt\u00f3w prawnych (Dz. U. z 2009 r., nr 70, poz. 607 oraz z 2012 r., poz. 792) uleg\u0142o zmianie brzmienie \u00a79a.<\/p>\n<p><strong>Rozporz\u0105dzenie<\/strong> Ministra Sprawiedliwo\u015bci z dnia 12 grudnia 2012 r. zmieniaj\u0105ce rozporz\u0105dzenie w sprawie komisji egzaminacyjnej II stopnia przy Ministrze Sprawiedliwo\u015bci do spraw odwo\u0142a\u0144 od wynik\u00f3w egzaminu notarialnego (Dz. U. z 2012 r., poz. 1434) \u2013 <strong>wesz\u0142o w \u017cycie z dniem 27 grudnia 2012 r.<\/strong><\/p>\n<p>W rozporz\u0105dzeniu Ministra Sprawiedliwo\u015bci z dnia 16 lipca 2009 r. w sprawie komisji egzaminacyjnej II stopnia przy Ministrze Sprawiedliwo\u015bci do spraw odwo\u0142a\u0144 od wynik\u00f3w egzaminu notarialnego (Dz. U. z 2009 r., nr 114, poz. 955, z 2011 r., nr 187, poz. 1120 oraz z 2012 r., poz. 791) uleg\u0142o zmianie brzmienie \u00a77a.<\/p>\n<p><strong>Rozporz\u0105dzenie<\/strong>Ministra Sprawiedliwo\u015bci z dnia 12 grudnia 2012 r. zmieniaj\u0105ce rozporz\u0105dzenie w sprawie zespo\u0142u do przygotowania pyta\u0144 testowych na egzamin wst\u0119pny na aplikacj\u0119 notarialn\u0105 oraz wykazu tytu\u0142\u00f3w akt\u00f3w prawnych (Dz. U. z 2012 r., poz. 1435) \u2013 <strong>wesz\u0142o w \u017cycie z dniem 27 grudnia 2012 r.<\/strong><\/p>\n<p>W rozporz\u0105dzeniu Ministra Sprawiedliwo\u015bci z dnia 29 kwietnia 2009 r. w sprawie zespo\u0142u do przygotowania pyta\u0144 testowych na egzamin wst\u0119pny na aplikacj\u0119 notarialn\u0105 oraz wykazu tytu\u0142\u00f3w akt\u00f3w prawnych (Dz. U. z 2009 r., nr 66, poz. 559 oraz z 2012 r., poz.\u00a0795) uleg\u0142o zmianie brzmienie \u00a710a.<\/p>\n<p><strong>Rozporz\u0105dzenie<\/strong> Ministra Sprawiedliwo\u015bci z dnia 12 grudnia 2012 r. zmieniaj\u0105ce rozporz\u0105dzenie w sprawie komisji egzaminacyjnej do spraw aplikacji notarialnej oraz przeprowadzania egzaminu wst\u0119pnego i notarialnego (Dz. U. z 2012 r., poz. 1436)\u00a0\u2013 <strong>wejdzie w \u017cycie z dniem 3 stycznia 2013 r.<\/strong><\/p>\n<p>W rozporz\u0105dzeniu Ministra Sprawiedliwo\u015bci z dnia 2 czerwca 2009 r. w sprawie komisji egzaminacyjnej do spraw aplikacji notarialnej oraz przeprowadzania egzaminu wst\u0119pnego i notarialnego (Dz. U. z 2009 r., nr 84, poz. 708 z p\u00f3\u017an. zm.) wprowadza si\u0119 nast\u0119puj\u0105ce zmiany uleg\u0142o zmianie brzmienie \u00a722, \u00a728.<\/p>\n<p><strong>Rozporz\u0105dzenie<\/strong> Ministra Sprawiedliwo\u015bci z dnia 12 grudnia 2012 r. zmieniaj\u0105ce rozporz\u0105dzenie w sprawie komisji egzaminacyjnej do spraw aplikacji notarialnej oraz przeprowadzania egzaminu wst\u0119pnego i notarialnego (Dz. U. z 2012 r., poz. 1437)\u00a0\u2013 <strong>wesz\u0142o w \u017cycie z dniem 27 grudnia 2012 r.<\/strong><\/p>\n<p>W rozporz\u0105dzeniu Ministra Sprawiedliwo\u015bci z dnia 2 czerwca 2009 r. w sprawie komisji egzaminacyjnej do spraw aplikacji notarialnej oraz przeprowadzania egzaminu wst\u0119pnego i notarialnego (Dz. U. z 2009 r., nr 84, poz. 708 z p\u00f3\u017an. zm.) uleg\u0142o zmianie brzmienie rozdzia\u0142u 6a.<\/p>\n<p>\u00a0<\/p>\n<p><strong>PODATKI I RACHUNKOWO\u015a\u0106<\/strong><\/p>\n<p><strong>Rozporz\u0105dzenie<\/strong> Ministra Finans\u00f3w z dnia 11 grudnia 2012 r. zmieniaj\u0105ce rozporz\u0105dzenie w sprawie zwrotu podatku niekt\u00f3rym podatnikom, wystawiania faktur, sposobu ich przechowywania oraz listy towar\u00f3w i us\u0142ug, do kt\u00f3rych nie maj\u0105 zastosowania zwolnienia od podatku od towar\u00f3w i us\u0142ug (Dz. U. z 2012 r., poz. 1527) \u2013 <strong>wejdzie w \u017cycie z\u00a0dniem 1 stycznia 2013 r.<\/strong><\/p>\n<p>W rozporz\u0105dzeniu Ministra Finans\u00f3w z dnia 28 marca 2011 r. w sprawie zwrotu podatku niekt\u00f3rym podatnikom, wystawiania faktur, sposobu ich przechowywania oraz listy towar\u00f3w i us\u0142ug, do kt\u00f3rych nie maj\u0105 zastosowania zwolnienia od podatku od towar\u00f3w i\u00a0us\u0142ug (Dz. U. z 2011 r., nr 68, poz. 360) uleg\u0142o zmianie brzmienie \u00a72, \u00a74 \u2013 11, \u00a713\u00a0\u00a0\u00a0\u00a0\u00a0 \u2013 15, \u00a717, \u00a719 \u2013 21, \u00a723, \u00a724, zosta\u0142y dodane \u00a720a, \u00a7 26a, zosta\u0142y uchylone \u00a722, \u00a725, \u00a726.<\/p>\n<p>\u00a0<\/p>\n<p><strong>PRAWO ADMINISTRACYJNE<\/strong><\/p>\n<p><strong>Ustawa <\/strong>z dnia 9 listopada 2012 r. o zmianie ustawy o gospodarce nieruchomo\u015bciami (Dz. u. z 2012 r., poz. 1429) \u2013 <strong>wejdzie w \u017cycie z dniem 3 stycznia 2013 r.<\/strong><\/p>\n<p>W ustawie z dnia 21 sierpnia 1997 r. o gospodarce nieruchomo\u015bciami (Dz. U. z 2010 r., nr 102, poz. 651 z p\u00f3\u017an. zm.) uleg\u0142o zmianie brzmienie art. 216.<\/p>\n<p>\u00a0<\/p>\n<p><strong><\/p>\n<h3 class=\"newsletter-naglowek\">Orzecznictwo<\/h3>\n<p><\/strong><\/p>\n<p><strong>Trybuna\u0142 Konstytucyjny; Trybuna\u0142 Sprawiedliwo\u015bci Unii Europejskiej<\/strong><\/p>\n<p><strong>KONTROLA KORESPONDENCJI<\/strong><\/p>\n<p>Brak przes\u0142anek, kt\u00f3re uprawnia\u0142yby prokuratora do zastrze\u017cenia korespondencji podejrzanego z obro\u0144c\u0105, jest niezgodny z Konstytucj\u0105 \u2013 uzna\u0142 Trybuna\u0142 Konstytucyjny.Dlatego przepis art. 73 \u00a73 k.p.k traci moc z up\u0142ywem dwunastu miesi\u0119cy od og\u0142oszenia go w Dzienniku Ustaw , czyli 19 grudnia 2013 r. \u2013 <strong>wyrok Trybuna\u0142u Konstytucyjnego z dnia 10 grudnia 2012 r., sygn. akt: K 25\/11.<\/strong><\/p>\n<p>\u00a0<\/p>\n<p><strong><\/p>\n<h2 class=\"newsletter-naglowek\">Projekty, Nowelizacje, Zmiany<\/h2>\n<p><\/strong><\/p>\n<p><strong>PODATKI I RACHUNKOWO\u015a\u0106<\/strong><\/p>\n<p><strong>Korekta koszt\u00f3w handl\u00f3wki da si\u0119 we znaki<\/strong><\/p>\n<p>Od 1 stycznia 2013 r. obowi\u0105zek korekty koszt\u00f3w zostanie zastosowany na firmach stosuj\u0105cych d\u0142ugie terminy p\u0142atno\u015bci.<\/p>\n<p>\u00a0<\/p>\n<p><strong>OCHRONA ZDROWIA<\/strong><\/p>\n<p><strong>Do lekarza z numerem PESEL<\/strong><\/p>\n<p>Od 1 stycznia 2013 r. sprawdzanie uprawnie\u0144 pacjent\u00f3w do bezp\u0142atnego leczenia b\u0119dzie si\u0119 odbywa\u0142o elektronicznie.<\/p>\n<p><strong>Narodowy Fundusz Zdrowia policzy wydatki na przeszczepy<\/strong><\/p>\n<p>Od 1 stycznia 2013 r. szpitale zap\u0142ac\u0105 wi\u0119cej za sk\u0142adniki krwi.<\/p>\n","protected":false},"excerpt":{"rendered":"<p>We would like to present the next issue of legal bulletin of the Law Office of Adam Polowiec.What you will find here is some information about the new provisions of law and the projects of amendments to acts, but also case-laws including the case laws of Supreme Court, Constitutional Tribunal and European Court of Justice.<\/p>\n","protected":false},"author":2,"featured_media":0,"comment_status":"closed","ping_status":"open","sticky":false,"template":"","format":"standard","meta":{"footnotes":""},"categories":[11],"tags":[],"class_list":["post-457","post","type-post","status-publish","format-standard","hentry","category-newsletters"],"featured_image_src":{"landsacpe":false,"list":false,"medium":false,"full":false},"yoast_head":"<!-- This site is optimized with the Yoast SEO plugin v27.2 - https:\/\/yoast.com\/product\/yoast-seo-wordpress\/ -->\n<title>Legal Bulletin Of The Law Office Of Adam Polowiec (24 december 2012 r.\u2013 1 january 2013 r.) - Polowiec i Wsp\u00f3lnicy - Kancelaria prawna<\/title>\n<meta name=\"robots\" content=\"index, follow, max-snippet:-1, max-image-preview:large, max-video-preview:-1\" \/>\n<link rel=\"canonical\" href=\"https:\/\/polowiec.pl\/en\/legal-bulletin-of-the-law-office-of-adam-polowiec-24-december-2012-r-1-january-2013-r\/\" \/>\n<meta property=\"og:locale\" content=\"en_US\" \/>\n<meta property=\"og:type\" content=\"article\" \/>\n<meta property=\"og:title\" content=\"Legal Bulletin Of The Law Office Of Adam Polowiec (24 december 2012 r.\u2013 1 january 2013 r.) - Polowiec i Wsp\u00f3lnicy - Kancelaria prawna\" \/>\n<meta property=\"og:description\" content=\"We would like to present the next issue of legal bulletin of the Law Office of Adam Polowiec.What you will find here is some information about the new provisions of law and the projects of amendments to acts, but also case-laws including the case laws of Supreme Court, Constitutional Tribunal and European Court of Justice.\" \/>\n<meta property=\"og:url\" content=\"https:\/\/polowiec.pl\/en\/legal-bulletin-of-the-law-office-of-adam-polowiec-24-december-2012-r-1-january-2013-r\/\" \/>\n<meta property=\"og:site_name\" content=\"Polowiec i Wsp\u00f3lnicy - Kancelaria prawna\" \/>\n<meta property=\"article:publisher\" content=\"https:\/\/www.facebook.com\/polowieciwspolnicy\/\" \/>\n<meta property=\"article:published_time\" content=\"2013-01-03T20:46:35+00:00\" \/>\n<meta property=\"article:modified_time\" content=\"2018-10-11T08:43:03+00:00\" \/>\n<meta name=\"author\" content=\"Super User\" \/>\n<meta name=\"twitter:card\" content=\"summary_large_image\" \/>\n<meta name=\"twitter:label1\" content=\"Written by\" \/>\n\t<meta name=\"twitter:data1\" content=\"Super User\" \/>\n\t<meta name=\"twitter:label2\" content=\"Est. reading time\" \/>\n\t<meta name=\"twitter:data2\" content=\"4 minutes\" \/>\n<script type=\"application\/ld+json\" class=\"yoast-schema-graph\">{\"@context\":\"https:\/\/schema.org\",\"@graph\":[{\"@type\":\"Article\",\"@id\":\"https:\/\/polowiec.pl\/en\/legal-bulletin-of-the-law-office-of-adam-polowiec-24-december-2012-r-1-january-2013-r\/#article\",\"isPartOf\":{\"@id\":\"https:\/\/polowiec.pl\/en\/legal-bulletin-of-the-law-office-of-adam-polowiec-24-december-2012-r-1-january-2013-r\/\"},\"author\":{\"name\":\"Super User\",\"@id\":\"https:\/\/polowiec.pl\/en\/#\/schema\/person\/ed8994874b775675a86115f307352d24\"},\"headline\":\"Legal Bulletin Of The Law Office Of Adam Polowiec (24 december 2012 r.\u2013 1 january 2013 r.)\",\"datePublished\":\"2013-01-03T20:46:35+00:00\",\"dateModified\":\"2018-10-11T08:43:03+00:00\",\"mainEntityOfPage\":{\"@id\":\"https:\/\/polowiec.pl\/en\/legal-bulletin-of-the-law-office-of-adam-polowiec-24-december-2012-r-1-january-2013-r\/\"},\"wordCount\":873,\"publisher\":{\"@id\":\"https:\/\/polowiec.pl\/en\/#organization\"},\"articleSection\":[\"Newsletter\"],\"inLanguage\":\"en-US\"},{\"@type\":\"WebPage\",\"@id\":\"https:\/\/polowiec.pl\/en\/legal-bulletin-of-the-law-office-of-adam-polowiec-24-december-2012-r-1-january-2013-r\/\",\"url\":\"https:\/\/polowiec.pl\/en\/legal-bulletin-of-the-law-office-of-adam-polowiec-24-december-2012-r-1-january-2013-r\/\",\"name\":\"Legal Bulletin Of The Law Office Of Adam Polowiec (24 december 2012 r.\u2013 1 january 2013 r.) - Polowiec i Wsp\u00f3lnicy - Kancelaria prawna\",\"isPartOf\":{\"@id\":\"https:\/\/polowiec.pl\/en\/#website\"},\"datePublished\":\"2013-01-03T20:46:35+00:00\",\"dateModified\":\"2018-10-11T08:43:03+00:00\",\"breadcrumb\":{\"@id\":\"https:\/\/polowiec.pl\/en\/legal-bulletin-of-the-law-office-of-adam-polowiec-24-december-2012-r-1-january-2013-r\/#breadcrumb\"},\"inLanguage\":\"en-US\",\"potentialAction\":[{\"@type\":\"ReadAction\",\"target\":[\"https:\/\/polowiec.pl\/en\/legal-bulletin-of-the-law-office-of-adam-polowiec-24-december-2012-r-1-january-2013-r\/\"]}]},{\"@type\":\"BreadcrumbList\",\"@id\":\"https:\/\/polowiec.pl\/en\/legal-bulletin-of-the-law-office-of-adam-polowiec-24-december-2012-r-1-january-2013-r\/#breadcrumb\",\"itemListElement\":[{\"@type\":\"ListItem\",\"position\":1,\"name\":\"Strona g\u0142\u00f3wna\",\"item\":\"https:\/\/polowiec.pl\/en\/\"},{\"@type\":\"ListItem\",\"position\":2,\"name\":\"Legal Bulletin Of The Law Office Of Adam Polowiec (24 december 2012 r.\u2013 1 january 2013 r.)\"}]},{\"@type\":\"WebSite\",\"@id\":\"https:\/\/polowiec.pl\/en\/#website\",\"url\":\"https:\/\/polowiec.pl\/en\/\",\"name\":\"Polowiec i Wsp\u00f3lnicy - Kancelaria prawna\",\"description\":\"Obs\u0142uga prawna\",\"publisher\":{\"@id\":\"https:\/\/polowiec.pl\/en\/#organization\"},\"potentialAction\":[{\"@type\":\"SearchAction\",\"target\":{\"@type\":\"EntryPoint\",\"urlTemplate\":\"https:\/\/polowiec.pl\/en\/?s={search_term_string}\"},\"query-input\":{\"@type\":\"PropertyValueSpecification\",\"valueRequired\":true,\"valueName\":\"search_term_string\"}}],\"inLanguage\":\"en-US\"},{\"@type\":\"Organization\",\"@id\":\"https:\/\/polowiec.pl\/en\/#organization\",\"name\":\"Polowiec i Wsp\u00f3lnicy - Kancelaria prawna\",\"url\":\"https:\/\/polowiec.pl\/en\/\",\"logo\":{\"@type\":\"ImageObject\",\"inLanguage\":\"en-US\",\"@id\":\"https:\/\/polowiec.pl\/en\/#\/schema\/logo\/image\/\",\"url\":\"https:\/\/polowiec.pl\/wp-content\/uploads\/2018\/10\/polowiec_logo2-1.png\",\"contentUrl\":\"https:\/\/polowiec.pl\/wp-content\/uploads\/2018\/10\/polowiec_logo2-1.png\",\"width\":540,\"height\":381,\"caption\":\"Polowiec i Wsp\u00f3lnicy - Kancelaria prawna\"},\"image\":{\"@id\":\"https:\/\/polowiec.pl\/en\/#\/schema\/logo\/image\/\"},\"sameAs\":[\"https:\/\/www.facebook.com\/polowieciwspolnicy\/\",\"https:\/\/www.linkedin.com\/company\/polowiec-i-wsplnicy-sp.j.\/about\/\"]},{\"@type\":\"Person\",\"@id\":\"https:\/\/polowiec.pl\/en\/#\/schema\/person\/ed8994874b775675a86115f307352d24\",\"name\":\"Super User\",\"image\":{\"@type\":\"ImageObject\",\"inLanguage\":\"en-US\",\"@id\":\"https:\/\/secure.gravatar.com\/avatar\/e759b874f0fa459bd87c83ff47148fc5718f86d9459564657124e571997afbf7?s=96&d=mm&r=g\",\"url\":\"https:\/\/secure.gravatar.com\/avatar\/e759b874f0fa459bd87c83ff47148fc5718f86d9459564657124e571997afbf7?s=96&d=mm&r=g\",\"contentUrl\":\"https:\/\/secure.gravatar.com\/avatar\/e759b874f0fa459bd87c83ff47148fc5718f86d9459564657124e571997afbf7?s=96&d=mm&r=g\",\"caption\":\"Super User\"}}]}<\/script>\n<!-- \/ Yoast SEO plugin. -->","yoast_head_json":{"title":"Legal Bulletin Of The Law Office Of Adam Polowiec (24 december 2012 r.\u2013 1 january 2013 r.) - Polowiec i Wsp\u00f3lnicy - Kancelaria prawna","robots":{"index":"index","follow":"follow","max-snippet":"max-snippet:-1","max-image-preview":"max-image-preview:large","max-video-preview":"max-video-preview:-1"},"canonical":"https:\/\/polowiec.pl\/en\/legal-bulletin-of-the-law-office-of-adam-polowiec-24-december-2012-r-1-january-2013-r\/","og_locale":"en_US","og_type":"article","og_title":"Legal Bulletin Of The Law Office Of Adam Polowiec (24 december 2012 r.\u2013 1 january 2013 r.) - Polowiec i Wsp\u00f3lnicy - Kancelaria prawna","og_description":"We would like to present the next issue of legal bulletin of the Law Office of Adam Polowiec.What you will find here is some information about the new provisions of law and the projects of amendments to acts, but also case-laws including the case laws of Supreme Court, Constitutional Tribunal and European Court of Justice.","og_url":"https:\/\/polowiec.pl\/en\/legal-bulletin-of-the-law-office-of-adam-polowiec-24-december-2012-r-1-january-2013-r\/","og_site_name":"Polowiec i Wsp\u00f3lnicy - Kancelaria prawna","article_publisher":"https:\/\/www.facebook.com\/polowieciwspolnicy\/","article_published_time":"2013-01-03T20:46:35+00:00","article_modified_time":"2018-10-11T08:43:03+00:00","author":"Super User","twitter_card":"summary_large_image","twitter_misc":{"Written by":"Super User","Est. reading time":"4 minutes"},"schema":{"@context":"https:\/\/schema.org","@graph":[{"@type":"Article","@id":"https:\/\/polowiec.pl\/en\/legal-bulletin-of-the-law-office-of-adam-polowiec-24-december-2012-r-1-january-2013-r\/#article","isPartOf":{"@id":"https:\/\/polowiec.pl\/en\/legal-bulletin-of-the-law-office-of-adam-polowiec-24-december-2012-r-1-january-2013-r\/"},"author":{"name":"Super User","@id":"https:\/\/polowiec.pl\/en\/#\/schema\/person\/ed8994874b775675a86115f307352d24"},"headline":"Legal Bulletin Of The Law Office Of Adam Polowiec (24 december 2012 r.\u2013 1 january 2013 r.)","datePublished":"2013-01-03T20:46:35+00:00","dateModified":"2018-10-11T08:43:03+00:00","mainEntityOfPage":{"@id":"https:\/\/polowiec.pl\/en\/legal-bulletin-of-the-law-office-of-adam-polowiec-24-december-2012-r-1-january-2013-r\/"},"wordCount":873,"publisher":{"@id":"https:\/\/polowiec.pl\/en\/#organization"},"articleSection":["Newsletter"],"inLanguage":"en-US"},{"@type":"WebPage","@id":"https:\/\/polowiec.pl\/en\/legal-bulletin-of-the-law-office-of-adam-polowiec-24-december-2012-r-1-january-2013-r\/","url":"https:\/\/polowiec.pl\/en\/legal-bulletin-of-the-law-office-of-adam-polowiec-24-december-2012-r-1-january-2013-r\/","name":"Legal Bulletin Of The Law Office Of Adam Polowiec (24 december 2012 r.\u2013 1 january 2013 r.) - Polowiec i Wsp\u00f3lnicy - Kancelaria prawna","isPartOf":{"@id":"https:\/\/polowiec.pl\/en\/#website"},"datePublished":"2013-01-03T20:46:35+00:00","dateModified":"2018-10-11T08:43:03+00:00","breadcrumb":{"@id":"https:\/\/polowiec.pl\/en\/legal-bulletin-of-the-law-office-of-adam-polowiec-24-december-2012-r-1-january-2013-r\/#breadcrumb"},"inLanguage":"en-US","potentialAction":[{"@type":"ReadAction","target":["https:\/\/polowiec.pl\/en\/legal-bulletin-of-the-law-office-of-adam-polowiec-24-december-2012-r-1-january-2013-r\/"]}]},{"@type":"BreadcrumbList","@id":"https:\/\/polowiec.pl\/en\/legal-bulletin-of-the-law-office-of-adam-polowiec-24-december-2012-r-1-january-2013-r\/#breadcrumb","itemListElement":[{"@type":"ListItem","position":1,"name":"Strona g\u0142\u00f3wna","item":"https:\/\/polowiec.pl\/en\/"},{"@type":"ListItem","position":2,"name":"Legal Bulletin Of The Law Office Of Adam Polowiec (24 december 2012 r.\u2013 1 january 2013 r.)"}]},{"@type":"WebSite","@id":"https:\/\/polowiec.pl\/en\/#website","url":"https:\/\/polowiec.pl\/en\/","name":"Polowiec i Wsp\u00f3lnicy - Kancelaria prawna","description":"Obs\u0142uga prawna","publisher":{"@id":"https:\/\/polowiec.pl\/en\/#organization"},"potentialAction":[{"@type":"SearchAction","target":{"@type":"EntryPoint","urlTemplate":"https:\/\/polowiec.pl\/en\/?s={search_term_string}"},"query-input":{"@type":"PropertyValueSpecification","valueRequired":true,"valueName":"search_term_string"}}],"inLanguage":"en-US"},{"@type":"Organization","@id":"https:\/\/polowiec.pl\/en\/#organization","name":"Polowiec i Wsp\u00f3lnicy - Kancelaria prawna","url":"https:\/\/polowiec.pl\/en\/","logo":{"@type":"ImageObject","inLanguage":"en-US","@id":"https:\/\/polowiec.pl\/en\/#\/schema\/logo\/image\/","url":"https:\/\/polowiec.pl\/wp-content\/uploads\/2018\/10\/polowiec_logo2-1.png","contentUrl":"https:\/\/polowiec.pl\/wp-content\/uploads\/2018\/10\/polowiec_logo2-1.png","width":540,"height":381,"caption":"Polowiec i Wsp\u00f3lnicy - Kancelaria prawna"},"image":{"@id":"https:\/\/polowiec.pl\/en\/#\/schema\/logo\/image\/"},"sameAs":["https:\/\/www.facebook.com\/polowieciwspolnicy\/","https:\/\/www.linkedin.com\/company\/polowiec-i-wsplnicy-sp.j.\/about\/"]},{"@type":"Person","@id":"https:\/\/polowiec.pl\/en\/#\/schema\/person\/ed8994874b775675a86115f307352d24","name":"Super User","image":{"@type":"ImageObject","inLanguage":"en-US","@id":"https:\/\/secure.gravatar.com\/avatar\/e759b874f0fa459bd87c83ff47148fc5718f86d9459564657124e571997afbf7?s=96&d=mm&r=g","url":"https:\/\/secure.gravatar.com\/avatar\/e759b874f0fa459bd87c83ff47148fc5718f86d9459564657124e571997afbf7?s=96&d=mm&r=g","contentUrl":"https:\/\/secure.gravatar.com\/avatar\/e759b874f0fa459bd87c83ff47148fc5718f86d9459564657124e571997afbf7?s=96&d=mm&r=g","caption":"Super User"}}]}},"_links":{"self":[{"href":"https:\/\/polowiec.pl\/en\/wp-json\/wp\/v2\/posts\/457","targetHints":{"allow":["GET"]}}],"collection":[{"href":"https:\/\/polowiec.pl\/en\/wp-json\/wp\/v2\/posts"}],"about":[{"href":"https:\/\/polowiec.pl\/en\/wp-json\/wp\/v2\/types\/post"}],"author":[{"embeddable":true,"href":"https:\/\/polowiec.pl\/en\/wp-json\/wp\/v2\/users\/2"}],"replies":[{"embeddable":true,"href":"https:\/\/polowiec.pl\/en\/wp-json\/wp\/v2\/comments?post=457"}],"version-history":[{"count":0,"href":"https:\/\/polowiec.pl\/en\/wp-json\/wp\/v2\/posts\/457\/revisions"}],"wp:attachment":[{"href":"https:\/\/polowiec.pl\/en\/wp-json\/wp\/v2\/media?parent=457"}],"wp:term":[{"taxonomy":"category","embeddable":true,"href":"https:\/\/polowiec.pl\/en\/wp-json\/wp\/v2\/categories?post=457"},{"taxonomy":"post_tag","embeddable":true,"href":"https:\/\/polowiec.pl\/en\/wp-json\/wp\/v2\/tags?post=457"}],"curies":[{"name":"wp","href":"https:\/\/api.w.org\/{rel}","templated":true}]}}