{"id":458,"date":"2013-01-08T10:10:53","date_gmt":"2013-01-08T09:10:53","guid":{"rendered":"https:\/\/nowa.polowiec.pl\/legal-bulletin-of-the-law-office-of-adam-polowiec-2-6-january-2013-r\/"},"modified":"2018-10-11T10:43:03","modified_gmt":"2018-10-11T08:43:03","slug":"legal-bulletin-of-the-law-office-of-adam-polowiec-2-6-january-2013-r","status":"publish","type":"post","link":"https:\/\/polowiec.pl\/en\/legal-bulletin-of-the-law-office-of-adam-polowiec-2-6-january-2013-r\/","title":{"rendered":"Legal Bulletin Of The Law Office Of Adam Polowiec (2 \u2013 6 january 2013 r.)"},"content":{"rendered":"<p>We would like to present the next issue of legal bulletin of the Law Office of Adam Polowiec.<br \/>What you will find here is some information about the new provisions of law and the projects of amendments to acts, but also case-laws including the case laws of Supreme Court, Constitutional Tribunal and European Court of Justice. <!--more--> <\/p>\n<p><strong><\/p>\n<h3 class=\"newsletter-naglowek\">Nowe Prawo<\/h3>\n<p><\/strong><\/p>\n<p>\u00a0<\/p>\n<p><strong>OCHRONA ZDROWIA<\/strong><\/p>\n<p><strong>Rozporz\u0105dzenie<\/strong> Ministra Zdrowia z dnia 29 listopada 2012 r. w sprawie Krajowej Rady Akredytacyjnej Szk\u00f3\u0142 Piel\u0119gniarek i Po\u0142o\u017cnych (Dz. U. z 2012 r., poz. 1441) \u2013 <strong>wejdzie w\u00a0\u017cycie z dniem 4 stycznia 2013 r.<\/strong><\/p>\n<p><strong>Rozporz\u0105dzenie<\/strong> Ministra Zdrowia z dnia 17 grudnia 2012 r. w sprawie szczeg\u00f3\u0142owego zakresu oraz sposobu przekazywania danych dotycz\u0105cych os\u00f3b obj\u0119tych ubezpieczeniem zdrowotnym i p\u0142atnik\u00f3w sk\u0142adek, os\u00f3b pobieraj\u0105cych zasi\u0142ki przyznane na podstawie przepis\u00f3w o ubezpieczeniu chorobowym lub wypadkowym, os\u00f3b ubiegaj\u0105cych si\u0119\u00a0o\u00a0przyznanie emerytury lub renty oraz pracownik\u00f3w korzystaj\u0105cych z urlopu bezp\u0142atnego (Dz. U. z 2012 r., poz. 1446) \u2013 <strong>wesz\u0142o w \u017cycie z dniem 1\u00a0stycznia\u00a02013\u00a0r., z wyj\u0105tkiem \u00a75 pkt 2 lit. b, \u00a79 pkt 7, \u00a710 ust. 1 pkt 4, \u00a711\u00a0pkt 9, kt\u00f3re wyjd\u0105 w \u017cycie z dniem 1 stycznia 2015 r.<\/strong><\/p>\n<p><strong>Rozporz\u0105dzenie<\/strong> Ministra Zdrowia z dnia 11 grudnia 2012 r. w sprawie sposobu i trybu przeprowadzania kontroli podmiot\u00f3w prowadz\u0105cych bazy danych w zakresie ochrony zdrowia (Dz. U. z 2012 r., poz. 1458) \u2013 <strong>wejdzie w \u017cycie z dniem 11 stycznia 2013 r.<\/strong><\/p>\n<p><strong>Ustawa<\/strong> z dnia 23 listopada 2012 r. o zmianie ustawy o Pa\u0144stwowym Ratownictwie Medycznym (Dz. U. z 2012 r., poz. 1459) \u2013 <strong>wesz\u0142o w \u017cycie z dniem 31\u00a0stycznia\u00a02012\u00a0r.<\/strong><\/p>\n<p>W ustawie z dnia 8 wrze\u015bnia 2006 r. o Pa\u0144stwowym Ratownictwie Medycznym (Dz.\u00a0U.\u00a0z\u00a02006 r., nr 191, poz. 1410 z p\u00f3\u017an. zm.) uleg\u0142o zmianie brzmienie art. 57, zosta\u0142 uchylony art. 35.<\/p>\n<p>\u00a0<\/p>\n<p><strong>PRAWO ADMINISTRACYJNE<\/strong><\/p>\n<p><strong>Rozporz\u0105dzenie<\/strong> Ministra Spraw Wewn\u0119trznych z dnia 12 grudnia 2012 r. zmieniaj\u0105ce rozporz\u0105dzenie w sprawie kontroli korzystania z dost\u0119pu do danych z Rejestru dowod\u00f3w osobistych w trybie ograniczonej teletransmisji danych (Dz. u. z 2012 r., poz. 1461)\u00a0 \u2013 <strong>wesz\u0142o w \u017cycie z dniem 28 grudnia 2012 r.<\/strong><\/p>\n<p>W rozporz\u0105dzeniu Ministra Spraw Wewn\u0119trznych i Administracji z dnia 7 pa\u017adziernika 2011 r. w sprawie kontroli korzystania z dost\u0119pu do danych z Rejestru Dowod\u00f3w Osobistych w trybie ograniczonej teletransmisji danych (Dz. U. z 2012 r., poz. 34) uleg\u0142o zmianie brzmienie \u00a711.<\/p>\n<p><strong>Rozporz\u0105dzenie<\/strong> Ministra Spraw Wewn\u0119trznych z dnia 12 grudnia 2012 r. zmieniaj\u0105ce rozporz\u0105dzenie w sprawie nadania lub zmiany numeru PESEL (Dz. u. z 2012 r., poz.\u00a01462) \u2013 <strong>wesz\u0142o w \u017cycie z dniem 31 grudnia 2012 r.<\/strong><\/p>\n<p>W rozporz\u0105dzeniu Ministra Spraw Wewn\u0119trznych z dnia 4 stycznia 2012 r. w sprawie nadania lub zmiany numeru PESEL (Dz. U. z 2012 r., poz. 74) uleg\u0142o zmianie brzmienie \u00a78.<\/p>\n<p><strong>Rozporz\u0105dzenie<\/strong> Rady Ministr\u00f3w z dnia 12 grudnia 2012 r. zmieniaj\u0105ce rozporz\u0105dzenie w sprawie op\u0142at za udost\u0119pnienie danych z Rejestru Dowod\u00f3w Osobistych i dokumentacji zwi\u0105zanej z dowodami osobistymi (Dz. U. z 2012 r., poz. 1463) \u2013 <strong>wesz\u0142o w \u017cycie z\u00a0dniem 28 grudnia 2012 r.<\/strong><\/p>\n<p>W rozporz\u0105dzeniu Rady Ministr\u00f3w z dnia 21 listopada 2011 r. w sprawie op\u0142at za\u00a0udost\u0119pnienie danych z Rejestru Dowod\u00f3w Osobistych i dokumentacji zwi\u0105zanej z\u00a0dowodami osobistymi (Dz. U. z 2012 r., poz. 75) uleg\u0142o zmianie brzmienie \u00a77.<\/p>\n<p><strong>Rozporz\u0105dzenie<\/strong> Rady Ministr\u00f3w z dnia 12 grudnia 2012 r. zmieniaj\u0105ce rozporz\u0105dzenie w sprawie op\u0142at za udost\u0119pnienie danych z rejestr\u00f3w mieszka\u0144c\u00f3w, rejestr\u00f3w zamieszkania cudzoziemc\u00f3w oraz rejestru PESEL (Dz. U. z 2012 r., poz. 1464) \u2013 <strong>wesz\u0142o w \u017cycie z dniem 31 grudnia 2012 r.<\/strong><\/p>\n<p>W rozporz\u0105dzeniu Rady Ministr\u00f3w z dnia 12 wrze\u015bnia 2011 r. w sprawie op\u0142at za\u00a0udost\u0119pnienie danych z rejestr\u00f3w mieszka\u0144c\u00f3w, rejestr\u00f3w zamieszkania cudzoziemc\u00f3w oraz rejestru PESEL (Dz. U. z 2011 r., nr 195, poz. 1153 i nr 291, poz.\u00a01710) uleg\u0142o zmianie brzmienie \u00a77.<\/p>\n<p><strong>Rozporz\u0105dzenie<\/strong> Ministra Spraw Wewn\u0119trznych z dnia 12 grudnia 2012 r. zmieniaj\u0105ce rozporz\u0105dzenie w sprawie okre\u015blenia wzor\u00f3w wniosk\u00f3w o udost\u0119pnienie danych z\u00a0Rejestru Dowod\u00f3w Osobistych oraz dokumentacji zwi\u0105zanej z dowodami osobistymi (Dz. U. z 2012 r., poz. 1465) \u2013 <strong>wesz\u0142o w \u017cycie z dniem 31 grudnia 2012 r.<\/strong><\/p>\n<p>W rozporz\u0105dzeniu Ministra Spraw Wewn\u0119trznych i Administracji z dnia 7 pa\u017adziernika 2011 r. w sprawie okre\u015blenia wzor\u00f3w wniosk\u00f3w o udost\u0119pnienie danych z Rejestru Dowod\u00f3w Osobistych oraz dokumentacji zwi\u0105zanej z dowodami osobistymi (Dz.\u00a0U.\u00a0z\u00a02011\u00a0r., nr 243, poz. 1452) uleg\u0142o zmianie brzmienie \u00a72.<\/p>\n<p><strong>Rozporz\u0105dzenie<\/strong>Ministra Spraw Wewn\u0119trznych z dnia 12 grudnia 2012 r. zmieniaj\u0105ce rozporz\u0105dzenie w sprawie okre\u015blenia wzor\u00f3w i sposobu wype\u0142niania formularzy\u00a0<strong> s<\/strong>tosowanych przy wykonywaniu obowi\u0105zku meldunkowego (Dz. U. z 2012 r., poz. 1466) \u2013 <strong>wesz\u0142o w \u017cycie z dniem 31 grudnia 2012 r.<\/strong><\/p>\n<p>W rozporz\u0105dzeniu Ministra Spraw Wewn\u0119trznych i Administracji z dnia 29\u00a0wrze\u015bnia\u00a02011\u00a0r. w sprawie okre\u015blenia wzor\u00f3w i sposobu wype\u0142niania formularzy stosowanych przy wykonywaniu obowi\u0105zku meldunkowego (Dz. U. z 2011 r., nr 220, poz.\u00a01306 i nr 295, poz. 1748) uleg\u0142o zmianie brzmienie \u00a76.<\/p>\n<p><strong>Rozporz\u0105dzenie<\/strong> Ministra Spraw Wewn\u0119trznych z dnia 12 grudnia 2012 r. zmieniaj\u0105ce rozporz\u0105dzenie w sprawie trybu i termin\u00f3w przekazywania danych pomi\u0119dzy rejestrem PESEL a rejestrami centralnymi (Dz. U. z 2012 r., poz. 1467) \u2013 <strong>wesz\u0142o w \u017cycie z dniem 31 grudnia 2012 r.<\/strong><\/p>\n<p>W rozporz\u0105dzeniu Ministra Spraw Wewn\u0119trznych z dnia 23 lutego 2012 r. w sprawie trybu i termin\u00f3w przekazywania danych pomi\u0119dzy rejestrem PESEL a rejestrami centralnymi (Dz. U. z 2012 r., poz. 294) uleg\u0142o zmianie brzmienie \u00a72 \u2013 5, \u00a77 \u00a78.<\/p>\n<p><strong>Rozporz\u0105dzenie<\/strong> Ministra Spraw Wewn\u0119trznych z dnia 12 grudnia 2012 r. zmieniaj\u0105ce rozporz\u0105dzenie w sprawie kontroli korzystania z dost\u0119pu do danych z rejestru PESEL w\u00a0drodze weryfikacji danych (Dz. U. z 2012 r., poz. 1470) \u2013 <strong>wesz\u0142o w \u017cycie z dniem 31 grudnia 2012 r.<\/strong><\/p>\n<p>W rozporz\u0105dzeniu Ministra Spraw Wewn\u0119trznych i Administracji z dnia 27\u00a0wrze\u015bnia\u00a02011\u00a0r. w sprawie kontroli korzystania z dost\u0119pu do danych z rejestru PESEL w drodze weryfikacji danych (Dz. U. z 2011 r., nr 224, poz. 1348 i nr 295, poz. 1750) uleg\u0142o zmianie brzmienie \u00a711.<\/p>\n<p><strong>Rozporz\u0105dzenie<\/strong> Ministra Spraw Wewn\u0119trznych z dnia 12 grudnia 2012 r. zmieniaj\u0105ce rozporz\u0105dzenie w sprawie trybu rejestracji danych w rejestrze PESEL oraz w rejestrach mieszka\u0144c\u00f3w i rejestrach zamieszkania cudzoziemc\u00f3w (Dz. U. z 2012 r., poz. 1469)\u00a0\u00a0\u2013 <strong>wesz\u0142o w \u017cycie z dniem 31 grudnia 2012 r.<\/strong><\/p>\n<p>W rozporz\u0105dzeniu Ministra Spraw Wewn\u0119trznych z dnia 16 lutego 2012 r. w sprawie trybu rejestracji danych w rejestrze PESEL oraz w rejestrach mieszka\u0144c\u00f3w i rejestrach zamieszkania cudzoziemc\u00f3w (Dz. U. z 2012 r., poz. 347) uleg\u0142o zmianie brzmienie \u00a716.<\/p>\n<p><strong>Rozporz\u0105dzenie<\/strong> Ministra Spraw Wewn\u0119trznych z dnia 12 grudnia 2012 r. zmieniaj\u0105ce rozporz\u0105dzenie w sprawie okre\u015blenia wzor\u00f3w wniosk\u00f3w o udost\u0119pnienie danych z rejestru mieszka\u0144c\u00f3w, rejestru zamieszkania cudzoziemc\u00f3w i rejestru PESE L oraz trybu uzyskiwania zgody na udost\u0119pnienie danych po wykazaniu interesu faktycznego (Dz.\u00a0U.\u00a0z\u00a02012 r., poz. 1471) \u2013 <strong>wesz\u0142o w \u017cycie z dniem 31 grudnia 2012 r.<\/strong><\/p>\n<p>\u00a0<\/p>\n<p><strong>GAZY<\/strong><\/p>\n<p><strong>Rozporz\u0105dzenie<\/strong> Rady Ministr\u00f3w z dnia 7 grudnia 2012 r. w sprawie rodzaj\u00f3w urz\u0105dze\u0144 technicznych podlegaj\u0105cych dozorowi technicznemu (Dz. U. 2012 r., poz. 1468) \u00a0\u00a0\u00a0\u00a0\u00a0\u00a0\u00a0\u00a0\u00a0\u00a0\u00a0\u00a0\u2013 <strong>wesz\u0142o w \u017cycie z dniem 1 stycznia 2013 r.<\/strong><\/p>\n<p>\u00a0<\/p>\n<p><strong>PRAWO TELEKOMUNIKACYJNE<\/strong><\/p>\n<p><strong>Ustawa<\/strong> z dnia 16 listopada 2012 r. o zmianie ustawy &#8211; Prawo telekomunikacyjne oraz niekt\u00f3rych innych ustaw (Dz. U. z 2012 r., poz. 1445) \u2013 <strong>wejdzie w \u017cycie z dniem 21\u00a0stycznia 2013 r.<\/strong><\/p>\n<p>W ustawie z dnia 16 lipca 2004 r. &#8211; Prawo telekomunikacyjne (Dz. U. z 2004 r., nr 171, poz. 1800 z p\u00f3\u017an. zm.) uleg\u0142o zmianie brzmienie art. 1, art. 2, art.. 4, art. 5, art. 6b, art.\u00a08, art. 10, art. 13a, art. 16 \u2013 25, art. 25a, art. 25c, art. 28, art. 34, art. 25, art. 37, art. 39, art. 40, art. 42 \u2013 44, art. 48, art. 50, art. 51, art. 54, art. 56, art. 57, art. 59, art. 60, art. 60a, art. 61a, art. 62 \u2013 64, art 67 \u2013 71, art. 73 \u2013 88, art. 91, art. 91a, art.\u00a092, art. 93, art. 95 \u2013 99, art. 101 \u2013 107, art. 11 \u2013 126, art. 128, art. 129, art. 139, art. 143 \u2013 145, art. 148, art. 150, art. 151, art. 153, art. 159, art. 161, art. 165, art.\u00a0169, art. 171, art. 173, art. 175, art. 180, art. 180a, art. 183 \u2013 185, art. 189, art.\u00a0190, art. 192, art. 200 \u2013 106, art. 208 \u2013 210, zosta\u0142y dodane art.19a, art. 44a \u2013 g, art. 62a, art. 71b, art. 79a \u2013c, art. 81a, art. 83a, art. 114a, art. 1151, art. 1152, art.\u00a0116a, art. 118b \u2013 e, art. 1221, art. 144b \u2013 d, art. 148a \u2013 b, art. 174a \u2013 d, art.\u00a0175a\u00a0\u2013 e, zosta\u0142y uchylone art. 47, art. 90, art. 94, art. 198.<\/p>\n<p>W ustawie z dnia 17 listopada 1964 r. &#8211; Kodeks post\u0119powania cywilnego (Dz.\u00a0U.\u00a0z\u00a01964\u00a0r., nr 43, poz. 296 z p\u00f3\u017an. zm.) uleg\u0142o zmianie brzmienie art. art. 47963.<\/p>\n<p>W ustawie z dnia 21 listopada 1967 r. o powszechnym obowi\u0105zku obrony Rzeczypospolitej Polskiej (Dz. U. z 2012 r., poz. 461, 1101 i 1407) uleg\u0142o zmianie brzmienie art. 208.<\/p>\n<p>W ustawie z dnia 21 marca 1985 r. o drogach publicznych (Dz. U. z 2007 r., nr 19, poz.\u00a0115 z p\u00f3\u017an. zm.) uleg\u0142o zmianie brzmienie art. 39.<\/p>\n<p>W ustawie z dnia 5 lipca 2002 r. o ochronie niekt\u00f3rych us\u0142ug \u015bwiadczonych drog\u0105 elektroniczn\u0105 opartych lub polegaj\u0105cych na dost\u0119pie warunkowym (Dz. U. z 2002 r., nr\u00a0126, poz. 1068 z p\u00f3\u017an. zm.) uleg\u0142o zmianie brzmienie art. 4.<\/p>\n<p>W ustawie z dnia 18 lipca 2002 r. o \u015bwiadczeniu us\u0142ug drog\u0105 elektroniczn\u0105 (Dz.\u00a0U.\u00a0z\u00a02002\u00a0r., nr 144, poz. 1204 z p\u00f3\u017an. zm.) uleg\u0142o zmianie brzmienie art. 2, art. 10.<\/p>\n<p>W ustawie z dnia 27 marca 2003 r. o planowaniu i zagospodarowaniu przestrzennym (Dz.\u00a0U. z 2012 r., poz. 647 i 951) uleg\u0142o zmianie brzmienie art. 11, art. 17.<\/p>\n<p>W ustawie z dnia 12 czerwca 2003 r. &#8211; Prawo pocztowe (Dz. U. z 2008 r., nr 189, poz.\u00a01159 z p\u00f3\u017an. zm.) uleg\u0142o zmianie brzmienie art. 51, art. 52, art. 55,<\/p>\n<p>W ustawie z dnia 2 lipca 2004 r. o swobodzie dzia\u0142alno\u015bci gospodarczej (Dz. U. z 2010 r., nr 220, poz. 1447 z p\u00f3\u017an. zm.) uleg\u0142o zmianie brzmienie art. 75.<\/p>\n<p>W ustawie z dnia 13 kwietnia 2007 r. o kompatybilno\u015bci elektromagnetycznej (Dz.\u00a0U.\u00a0z\u00a02007 r., nr 82, poz. 556 oraz z 2010 r., nr 107, poz. 679) uleg\u0142o zmianie brzmienie art. 5.<\/p>\n<p>W ustawie z dnia 7 maja 2010 r. o wspieraniu rozwoju us\u0142ug i sieci telekomunikacyjnych (Dz. U. z 2010 r., nr 106, poz. 675 oraz z 2012 r., poz. 951 i 1256) uleg\u0142o zmianie brzmienie art. 12, art. 13, art. 23, art. 33, art. 61 oraz zosta\u0142 uchylony art. 78.<\/p>\n<p>\u00a0<\/p>\n<p><strong>PRAWO RUCHU DROGOWEGO<\/strong><\/p>\n<p><strong>Ustawa <\/strong>z dnia 10 pa\u017adziernika 2012 r. o zmianie ustawy &#8211; Prawo o ruchu drogowym oraz niekt\u00f3rych innych ustaw (Dz. U z 2012 r., poz. 1448) \u2013 <strong>wejdzie w \u017cycie z dniem 22 czerwca 2013 r.<\/strong><\/p>\n<p>W ustawie z dnia 20 czerwca 1997 r. &#8211; Prawo o ruchu drogowym (Dz. U. z 2012 r., poz.\u00a01137) uleg\u0142o zmianie brzmienie odno\u015bnik nr 1, art. 1, art. 2, art. 64, art. 66, art. 71, art. 72, art. 74, art. 79, art. 81, art. 83, art. 86, art. 129, zosta\u0142y dodane rozdzia\u0142 1a \u2013 c oraz dzia\u0142 Vb, zosta\u0142y uchylone art. 68 \u2013 70, art. 86a.<\/p>\n<p>W ustawie z dnia 26 lipca 1991 r. o podatku dochodowym od os\u00f3b fizycznych (Dz.\u00a0U.\u00a0z\u00a02012 r., poz. 361 z p\u00f3\u017an. zm.) uleg\u0142o zmianie brzmienie art. 5a, art. 5d.<\/p>\n<p>W ustawie z dnia 15 lutego 1992 r. o podatku dochodowym od os\u00f3b prawnych (Dz.\u00a0U.\u00a0z\u00a02011 r., nr 74, poz. 397 z p\u00f3\u017an. zm.) uleg\u0142o zmieni brzmienie art. 4a, art. 4c.<\/p>\n<p>W ustawie z dnia 15 grudnia 2000 r. o Inspekcji Handlowej (Dz. U. z 2009 r., nr 151, poz. 1219 z p\u00f3\u017an. zm.) uleg\u0142o zmianie brzmienie art. 3.<\/p>\n<p>W ustawie z dnia 22 maja 2003 r. o ubezpieczeniach obowi\u0105zkowych, Ubezpieczeniowym Funduszu Gwarancyjnym i Polskim Biurze Ubezpieczycieli Komunikacyjnych (Dz.\u00a0U.\u00a02003\u00a0r., nr 124, poz. 1152 z p\u00f3\u017an. zm.) uleg\u0142o zmianie brzmienie art. 29.<\/p>\n<p>W ustawie z dnia 11 marca 2004 r. o podatku od towar\u00f3w i us\u0142ug (Dz. U. z 2011 r., nr\u00a0177, poz. 1054 oraz z 2012 r., poz. 1342) uleg\u0142o zmianie brzmienie art. 86a.<\/p>\n<p>W ustawie z dnia 20 stycznia 2005 r. o recyklingu pojazd\u00f3w wycofanych z eksploatacji (Dz. U. z 2005 r., nr 25, poz. 202 z p\u00f3\u017an. zm.) uleg\u0142o zmianie brzmienie art. 28.<\/p>\n<p>W ustawie z dnia 16 listopada 2006 r. o op\u0142acie skarbowej (Dz. U. z 2012 r., poz. 1282) uleg\u0142o zmianie brzmienie za\u0142\u0105cznika.<\/p>\n<p>\u00a0<\/p>\n<p><strong>ZAWODY PRAWNICZE<\/strong><\/p>\n<p><strong>Rozporz\u0105dzenie <\/strong>Ministra Sprawiedliwo\u015bci z dnia 19 grudnia 2012 r. zmieniaj\u0105ce rozporz\u0105dzenie w sprawie organizacji aplikacji notarialnej (Dz. U. z 2012 r., poz. 1449)\u00a0\u2013 <strong>wesz\u0142o w \u017cycie z dniem 29 grudnia 2012 r.<\/strong><\/p>\n<p>W rozporz\u0105dzeniu Ministra Sprawiedliwo\u015bci z dnia 22 grudnia 2005 r. w sprawie organizacji aplikacji notarialnej (Dz. U. z 2005 r., nr 258, poz. 2169 z p\u00f3\u017an. zm.) uleg\u0142o zmianie brzmienie \u00a71, \u00a710, zosta\u0142 uchylony \u00a713.<\/p>\n<p><strong>Rozporz\u0105dzenie <\/strong>Ministra Sprawiedliwo\u015bci z dnia 12 grudnia 2012 r. zmieniaj\u0105ce rozporz\u0105dzenie w sprawie przeprowadzania egzaminu adwokackiego (Dz. U. z 2012 r., poz. 1453) \u2013 <strong>wejdzie w \u017cycie z dniem 8 stycznia 2013 r.<\/strong><\/p>\n<p>W rozporz\u0105dzeniu Ministra Sprawiedliwo\u015bci z dnia 24 wrze\u015bnia 2009 r. w sprawie przeprowadzania egzaminu adwokackiego (Dz. U. z 2009 r., nr 163, poz. 1301 z p\u00f3\u017an. zm.) uleg\u0142o zmianie brzmienie \u00a79, \u00a715.<\/p>\n<p><strong>Rozporz\u0105dzenie <\/strong>Ministra Sprawiedliwo\u015bci z dnia 12 grudnia 2012 r. zmieniaj\u0105ce rozporz\u0105dzenie w sprawie przeprowadzania egzaminu radcowskiego (Dz. U. z 2012 r., poz. 1454) \u2013 <strong>wejdzie w \u017cycie z dniem 8 stycznia 2013 r.<\/strong><\/p>\n<p>W rozporz\u0105dzeniu Ministra Sprawiedliwo\u015bci z dnia 24 wrze\u015bnia 2009 r. w sprawie przeprowadzania egzaminu radcowskiego (Dz. U. z 2009 r., nr 163, poz. 1302 z p\u00f3\u017an. zm.) uleg\u0142o zmianie brzmienie \u00a79, \u00a715.<\/p>\n<p><strong>Rozporz\u0105dzenie <\/strong>Ministra Sprawiedliwo\u015bci z dnia 20 grudnia 2012 r. w sprawie oceny pracy i opracowania indywidualnego planu rozwoju zawodowego s\u0119dziego (Dz.\u00a0U.\u00a0z\u00a02012\u00a0r., poz. 1455) \u2013 <strong>wesz\u0142o w \u017cycie z dniem 1 stycznia 2013 r.<\/strong><\/p>\n<p>\u00a0<\/p>\n<p><strong>PODATKI I RACHUNKOWO\u015a\u0106<\/strong><\/p>\n<p><strong>Rozporz\u0105dzenie<\/strong> Ministra Finans\u00f3w z dnia 14 grudnia 2012 r. w sprawie wzoru zawiadomienia o skorygowaniu podstawy opodatkowania oraz kwoty podatku nale\u017cnego (Dz. U. z 2012 r., poz. 14451) \u2013 <strong>wesz\u0142o w \u017cycie z dnie 1 stycznia 2013 r.<\/strong><\/p>\n<p>\u00a0<\/p>\n<p><strong>PRAWO PRACY I UBEZPIECZE\u0143 SPO\u0141ECZNYCH<\/strong><\/p>\n<p><strong>Rozporz\u0105dzenie <\/strong>Rady Ministr\u00f3w z dnia 20 grudnia 2012 r. zmieniaj\u0105ce rozporz\u0105dzenie w sprawie algorytmu ustalania kwot \u015brodk\u00f3w Funduszu Pracy na finansowanie zada\u0144\u00a0w\u00a0wojew\u00f3dztwie (Dz. U. z 2012 r., poz. 1457) \u2013 <strong>wesz\u0142o w \u017cycie z dniem 1\u00a0stycznia\u00a02013 r.<\/strong><\/p>\n<p>W rozporz\u0105dzeniu Rady Ministr\u00f3w z dnia 17 lipca 2009 r. w sprawie algorytmu ustalania kwot \u015brodk\u00f3w Funduszu Pracy na finansowanie zada\u0144 w wojew\u00f3dztwie (Dz. U. z 2009 r., nr 123, poz. 1019 oraz z 2011 r., nr 295, poz. 1747) uleg\u0142o zmianie brzmienie \u00a72, \u00a78.<\/p>\n<p>\u00a0<\/p>\n<p><strong><\/p>\n<h3 class=\"newsletter-naglowek\">Orzecznictwo<\/h3>\n<p><\/strong><\/p>\n<p><strong>Trybuna\u0142 Konstytucyjny; Trybuna\u0142 Sprawiedliwo\u015bci Unii Europejskiej<\/strong><\/p>\n<p>\u00a0<\/p>\n<p><strong>PRAWO ZATRZYMANEGO<\/strong><\/p>\n<p>Kwestionowany przepis utraci moc z up\u0142ywem 12 miesi\u0119cy od og\u0142oszenia wyroku w\u00a0Dzienniku Ustaw, tj. 22 grudnia 2013 r. \u2013 <strong>wyrok Trybuna\u0142u Konstytucyjnego z\u00a0dnia 11 grudnia 2012 r., sygn. akt: K 37\/11.<\/strong><\/p>\n<p>\u00a0<\/p>\n<p><strong>CEL WYW\u0141ASZCZENIA<\/strong><\/p>\n<p>Konstytucyjna zasada zwrotu wyw\u0142aszczonych nieruchomo\u015bci nie obejmuje sytuacji, w\u00a0kt\u00f3rej zaniechano realizacji dotychczasowego celu okre\u015blonego w decyzji o\u00a0wyw\u0142aszczeniu i przekazano nieruchomo\u015b\u0107 na realizacj\u0119 innego celu \u2013 orzek\u0142 Trybuna\u0142 Konstytucyjny. S\u0119dziowie Trybuna\u0142u Konstytucyjnego doszli do przekonania, \u017ce art. 137 ust. 1 ustawy o gospodarce nieruchomo\u015bciami (Dz. U. z 1997 r., nr 115, poz. 741 z p\u00f3\u017an. zm.) w zakresie, w jakim nie uznaje za zb\u0119dn\u0105 nieruchomo\u015b\u0107, na kt\u00f3rej w terminach wskazanych w tym przepisie zrealizowano cel okre\u015blony w decyzji o wyw\u0142aszczeniu, a\u00a0nast\u0119pnie nieruchomo\u015b\u0107 t\u0119 przeznaczono na realizacj\u0119 innego celu, nie jest niezgodny z\u00a0art. 21 ust. 2 Konstytucji. Dotychczas Trybuna\u0142 Konstytucyjny nie rozpoznawa\u0142 zagadnienia, czy zakres konstytucyjnej zasady zwrotu wyw\u0142aszczonych nieruchomo\u015bci obejmuje sytuacj\u0119, gdy na takim gruncie prawid\u0142owo zrealizowano pierwotny cel\u00a0wyw\u0142aszczenia, a nast\u0119pnie zaprzestano dalszej realizacji tego celu. Teraz Trybuna\u0142 Konstytucyjny stwierdzi\u0142, \u017ce art. 21 ust. 2 Konstytucji nie obejmuje zachowania si\u0119\u00a0wyw\u0142aszczyciela po wyst\u0105pieniu skutk\u00f3w wyw\u0142aszczenia, tj. po przej\u015bciu w\u0142asno\u015bci w\u00a0zas\u00f3b mienia publicznego oraz po zrealizowaniu celu publicznego okre\u015blonego w decyzji o wyw\u0142aszczeniu. Tre\u015b\u0107 tego przepisu odnosi si\u0119 do oceny prawid\u0142owo\u015bci merytorycznych podstaw i regulacji wyw\u0142aszczenia do momentu uzyskania przymiotu ostateczno\u015bci przez decyzj\u0119 wyw\u0142aszczeniow\u0105 i jej wykonania, a w drodze wyj\u0105tku \u2013 uzasadnionego \u015bcis\u0142ym zwi\u0105zkiem z konstytucyjn\u0105 przes\u0142ank\u0105 konieczno\u015bci wyw\u0142aszczenia \u2013 do chwili wykonania na tej nieruchomo\u015bci celu wyw\u0142aszczenia. Najp\u00f3\u017aniej w tym momencie zatrzymuje si\u0119\u00a0tre\u015b\u0107 art. 21 ust. 2 Konstytucji. Nie obejmuje natomiast dalszych sytuacji zwi\u0105zanych z wykorzystywaniem nieruchomo\u015bci do celu, jaki zosta\u0142 okre\u015blony w decyzji o\u00a0wyw\u0142aszczeniu i po jego zako\u0144czeniu. Za tak okre\u015blon\u0105 wyk\u0142adni\u0105 art. 21 ust. 2 Konstytucji przemawiaj\u0105 wzgl\u0119dy wyk\u0142adni j\u0119zykowej, systemowej, funkcjonalnej i\u00a0historycznej. Trybuna\u0142 Konstytucyjny nie znalaz\u0142 wi\u0119c dodatkowych argument\u00f3w przemawiaj\u0105cych za rozszerzeniem zakresu normatywnego wynikaj\u0105cej z niego konstytucyjnej zasady zwrotu wyw\u0142aszczonych nieruchomo\u015bci &#8211; <strong>wyrok Trybuna\u0142u Konstytucyjnego z dnia 13 grudnia 2012 r., sygn. akt: P 12\/11.<\/strong><\/p>\n<p>\u00a0<\/p>\n<p><strong><\/p>\n<h2 class=\"newsletter-naglowek\">Projekty, Nowelizacje, Zmiany<\/h2>\n<p><\/strong><\/p>\n<p>\u00a0<\/p>\n<p><strong>PODATKI I RACHUNKOWO\u015a\u0106<\/strong><\/p>\n<p><strong>Wy\u017csza kara porz\u0105dkowa<\/strong><\/p>\n<p>Od 2013 r. o 100 z\u0142otych wzrasta kara porz\u0105dkowa na\u0142o\u017cona na stron\u0119 w post\u0119powaniu podatkowym.<\/p>\n<p><strong>Ulga za z\u0142e d\u0142ugi w nowej deklaracji<\/strong><\/p>\n<p>Od 1 stycznia 2013 r. obowi\u0105zuj\u0105 nowe druki VAT \u2013 7, VAT \u2013 7K, VAT \u2013 7D.<\/p>\n<p><strong>Nowy rok z nowym limitem<\/strong><\/p>\n<p>Od 1 stycznia 2013 r. cz\u0119\u015b\u0107 podatnik\u00f3w ma obowi\u0105zek prowadzenia ksi\u0105g rachunkowych co wynika z przekroczenia w 2012 roku ustawowego limitu przychod\u00f3w.<\/p>\n<p><strong>Nowe kwoty zastawu skarbowego<\/strong><\/p>\n<p>Od 1 stycznia 2013 r. fiskus mo\u017ce si\u0119 zabezpiecza\u0107 na nieruchomo\u015bciach i prawach maj\u0105tkowych d\u0142u\u017cnika, kt\u00f3re s\u0105 warte co najmniej 12,3 tys. z\u0142.<\/p>\n<p>\u00a0<\/p>\n<p><strong>PRAWO PRACY I UBEZPIECZE\u0143 SPO\u0141ECZNYCH<\/strong><\/p>\n<p><strong>Zak\u0142ad Ubezpiecze\u0144 Spo\u0142ecznych wysy\u0142a emeryt\u00f3w po pieni\u0105dze do s\u0105d\u00f3w<\/strong><\/p>\n<p>Do 22 lutego 2013 r. dorabiaj\u0105cy emeryci powinni z\u0142o\u017cy\u0107 wniosek do s\u0105d\u00f3w o wznowienie post\u0119powania w sprawie zawieszonych wyp\u0142at o ile zaskar\u017cyli decyzj\u0119 Zak\u0142adu Ubezpiecze\u0144 Spo\u0142ecznych.<\/p>\n<p>\u00a0<\/p>\n<p><strong>SZKOLNICTWO WY\u017bSZE<\/strong><\/p>\n<p><strong>Uczelnie poinformuj\u0105 o zatrudnieniu i p\u0142acach<\/strong><\/p>\n<p>Od 1 stycznia 2013 r. rocznym planie rzeczowo \u2013 finansowym uczelnia publiczna przedstawia m.in. informacje o liczbie student\u00f3w i doktorant\u00f3w, osobach ucz\u0105cych si\u0119, kt\u00f3re korzystaj\u0105 z ro\u017cnych form pomocy materialnej, a tak\u017ce o liczbie miejsc w domach studenckich oraz dane o remontach budynk\u00f3w i lokali, zatrudnieniu i wynagradzaniu wynikaj\u0105cym ze stosunku pracy.<\/p>\n<p>\u00a0<\/p>\n","protected":false},"excerpt":{"rendered":"<p>We would like to present the next issue of legal bulletin of the Law Office of Adam Polowiec.What you will find here is some information about the new provisions of law and the projects of amendments to acts, but also case-laws including the case laws of Supreme Court, Constitutional Tribunal and European Court of Justice.<\/p>\n","protected":false},"author":2,"featured_media":0,"comment_status":"closed","ping_status":"open","sticky":false,"template":"","format":"standard","meta":{"footnotes":""},"categories":[11],"tags":[],"class_list":["post-458","post","type-post","status-publish","format-standard","hentry","category-newsletters"],"featured_image_src":{"landsacpe":false,"list":false,"medium":false,"full":false},"yoast_head":"<!-- This site is optimized with the Yoast SEO plugin v27.2 - https:\/\/yoast.com\/product\/yoast-seo-wordpress\/ -->\n<title>Legal Bulletin Of The Law Office Of Adam Polowiec (2 \u2013 6 january 2013 r.) - Polowiec i Wsp\u00f3lnicy - Kancelaria prawna<\/title>\n<meta name=\"robots\" content=\"index, follow, max-snippet:-1, max-image-preview:large, max-video-preview:-1\" \/>\n<link rel=\"canonical\" href=\"https:\/\/polowiec.pl\/en\/legal-bulletin-of-the-law-office-of-adam-polowiec-2-6-january-2013-r\/\" \/>\n<meta property=\"og:locale\" content=\"en_US\" \/>\n<meta property=\"og:type\" content=\"article\" \/>\n<meta property=\"og:title\" content=\"Legal Bulletin Of The Law Office Of Adam Polowiec (2 \u2013 6 january 2013 r.) - Polowiec i Wsp\u00f3lnicy - Kancelaria prawna\" \/>\n<meta property=\"og:description\" content=\"We would like to present the next issue of legal bulletin of the Law Office of Adam Polowiec.What you will find here is some information about the new provisions of law and the projects of amendments to acts, but also case-laws including the case laws of Supreme Court, Constitutional Tribunal and European Court of Justice.\" \/>\n<meta property=\"og:url\" content=\"https:\/\/polowiec.pl\/en\/legal-bulletin-of-the-law-office-of-adam-polowiec-2-6-january-2013-r\/\" \/>\n<meta property=\"og:site_name\" content=\"Polowiec i Wsp\u00f3lnicy - Kancelaria prawna\" \/>\n<meta property=\"article:publisher\" content=\"https:\/\/www.facebook.com\/polowieciwspolnicy\/\" \/>\n<meta property=\"article:published_time\" content=\"2013-01-08T09:10:53+00:00\" \/>\n<meta property=\"article:modified_time\" content=\"2018-10-11T08:43:03+00:00\" \/>\n<meta name=\"author\" content=\"Super User\" \/>\n<meta name=\"twitter:card\" content=\"summary_large_image\" \/>\n<meta name=\"twitter:label1\" content=\"Written by\" \/>\n\t<meta name=\"twitter:data1\" content=\"Super User\" \/>\n\t<meta name=\"twitter:label2\" content=\"Est. reading time\" \/>\n\t<meta name=\"twitter:data2\" content=\"14 minutes\" \/>\n<script type=\"application\/ld+json\" class=\"yoast-schema-graph\">{\"@context\":\"https:\/\/schema.org\",\"@graph\":[{\"@type\":\"Article\",\"@id\":\"https:\/\/polowiec.pl\/en\/legal-bulletin-of-the-law-office-of-adam-polowiec-2-6-january-2013-r\/#article\",\"isPartOf\":{\"@id\":\"https:\/\/polowiec.pl\/en\/legal-bulletin-of-the-law-office-of-adam-polowiec-2-6-january-2013-r\/\"},\"author\":{\"name\":\"Super User\",\"@id\":\"https:\/\/polowiec.pl\/en\/#\/schema\/person\/ed8994874b775675a86115f307352d24\"},\"headline\":\"Legal Bulletin Of The Law Office Of Adam Polowiec (2 \u2013 6 january 2013 r.)\",\"datePublished\":\"2013-01-08T09:10:53+00:00\",\"dateModified\":\"2018-10-11T08:43:03+00:00\",\"mainEntityOfPage\":{\"@id\":\"https:\/\/polowiec.pl\/en\/legal-bulletin-of-the-law-office-of-adam-polowiec-2-6-january-2013-r\/\"},\"wordCount\":2843,\"publisher\":{\"@id\":\"https:\/\/polowiec.pl\/en\/#organization\"},\"articleSection\":[\"Newsletter\"],\"inLanguage\":\"en-US\"},{\"@type\":\"WebPage\",\"@id\":\"https:\/\/polowiec.pl\/en\/legal-bulletin-of-the-law-office-of-adam-polowiec-2-6-january-2013-r\/\",\"url\":\"https:\/\/polowiec.pl\/en\/legal-bulletin-of-the-law-office-of-adam-polowiec-2-6-january-2013-r\/\",\"name\":\"Legal Bulletin Of The Law Office Of Adam Polowiec (2 \u2013 6 january 2013 r.) - Polowiec i Wsp\u00f3lnicy - Kancelaria prawna\",\"isPartOf\":{\"@id\":\"https:\/\/polowiec.pl\/en\/#website\"},\"datePublished\":\"2013-01-08T09:10:53+00:00\",\"dateModified\":\"2018-10-11T08:43:03+00:00\",\"breadcrumb\":{\"@id\":\"https:\/\/polowiec.pl\/en\/legal-bulletin-of-the-law-office-of-adam-polowiec-2-6-january-2013-r\/#breadcrumb\"},\"inLanguage\":\"en-US\",\"potentialAction\":[{\"@type\":\"ReadAction\",\"target\":[\"https:\/\/polowiec.pl\/en\/legal-bulletin-of-the-law-office-of-adam-polowiec-2-6-january-2013-r\/\"]}]},{\"@type\":\"BreadcrumbList\",\"@id\":\"https:\/\/polowiec.pl\/en\/legal-bulletin-of-the-law-office-of-adam-polowiec-2-6-january-2013-r\/#breadcrumb\",\"itemListElement\":[{\"@type\":\"ListItem\",\"position\":1,\"name\":\"Strona g\u0142\u00f3wna\",\"item\":\"https:\/\/polowiec.pl\/en\/\"},{\"@type\":\"ListItem\",\"position\":2,\"name\":\"Legal Bulletin Of The Law Office Of Adam Polowiec (2 \u2013 6 january 2013 r.)\"}]},{\"@type\":\"WebSite\",\"@id\":\"https:\/\/polowiec.pl\/en\/#website\",\"url\":\"https:\/\/polowiec.pl\/en\/\",\"name\":\"Polowiec i Wsp\u00f3lnicy - Kancelaria prawna\",\"description\":\"Obs\u0142uga prawna\",\"publisher\":{\"@id\":\"https:\/\/polowiec.pl\/en\/#organization\"},\"potentialAction\":[{\"@type\":\"SearchAction\",\"target\":{\"@type\":\"EntryPoint\",\"urlTemplate\":\"https:\/\/polowiec.pl\/en\/?s={search_term_string}\"},\"query-input\":{\"@type\":\"PropertyValueSpecification\",\"valueRequired\":true,\"valueName\":\"search_term_string\"}}],\"inLanguage\":\"en-US\"},{\"@type\":\"Organization\",\"@id\":\"https:\/\/polowiec.pl\/en\/#organization\",\"name\":\"Polowiec i Wsp\u00f3lnicy - Kancelaria prawna\",\"url\":\"https:\/\/polowiec.pl\/en\/\",\"logo\":{\"@type\":\"ImageObject\",\"inLanguage\":\"en-US\",\"@id\":\"https:\/\/polowiec.pl\/en\/#\/schema\/logo\/image\/\",\"url\":\"https:\/\/polowiec.pl\/wp-content\/uploads\/2018\/10\/polowiec_logo2-1.png\",\"contentUrl\":\"https:\/\/polowiec.pl\/wp-content\/uploads\/2018\/10\/polowiec_logo2-1.png\",\"width\":540,\"height\":381,\"caption\":\"Polowiec i Wsp\u00f3lnicy - Kancelaria prawna\"},\"image\":{\"@id\":\"https:\/\/polowiec.pl\/en\/#\/schema\/logo\/image\/\"},\"sameAs\":[\"https:\/\/www.facebook.com\/polowieciwspolnicy\/\",\"https:\/\/www.linkedin.com\/company\/polowiec-i-wsplnicy-sp.j.\/about\/\"]},{\"@type\":\"Person\",\"@id\":\"https:\/\/polowiec.pl\/en\/#\/schema\/person\/ed8994874b775675a86115f307352d24\",\"name\":\"Super User\",\"image\":{\"@type\":\"ImageObject\",\"inLanguage\":\"en-US\",\"@id\":\"https:\/\/secure.gravatar.com\/avatar\/e759b874f0fa459bd87c83ff47148fc5718f86d9459564657124e571997afbf7?s=96&d=mm&r=g\",\"url\":\"https:\/\/secure.gravatar.com\/avatar\/e759b874f0fa459bd87c83ff47148fc5718f86d9459564657124e571997afbf7?s=96&d=mm&r=g\",\"contentUrl\":\"https:\/\/secure.gravatar.com\/avatar\/e759b874f0fa459bd87c83ff47148fc5718f86d9459564657124e571997afbf7?s=96&d=mm&r=g\",\"caption\":\"Super User\"}}]}<\/script>\n<!-- \/ Yoast SEO plugin. -->","yoast_head_json":{"title":"Legal Bulletin Of The Law Office Of Adam Polowiec (2 \u2013 6 january 2013 r.) - Polowiec i Wsp\u00f3lnicy - Kancelaria prawna","robots":{"index":"index","follow":"follow","max-snippet":"max-snippet:-1","max-image-preview":"max-image-preview:large","max-video-preview":"max-video-preview:-1"},"canonical":"https:\/\/polowiec.pl\/en\/legal-bulletin-of-the-law-office-of-adam-polowiec-2-6-january-2013-r\/","og_locale":"en_US","og_type":"article","og_title":"Legal Bulletin Of The Law Office Of Adam Polowiec (2 \u2013 6 january 2013 r.) - Polowiec i Wsp\u00f3lnicy - Kancelaria prawna","og_description":"We would like to present the next issue of legal bulletin of the Law Office of Adam Polowiec.What you will find here is some information about the new provisions of law and the projects of amendments to acts, but also case-laws including the case laws of Supreme Court, Constitutional Tribunal and European Court of Justice.","og_url":"https:\/\/polowiec.pl\/en\/legal-bulletin-of-the-law-office-of-adam-polowiec-2-6-january-2013-r\/","og_site_name":"Polowiec i Wsp\u00f3lnicy - Kancelaria prawna","article_publisher":"https:\/\/www.facebook.com\/polowieciwspolnicy\/","article_published_time":"2013-01-08T09:10:53+00:00","article_modified_time":"2018-10-11T08:43:03+00:00","author":"Super User","twitter_card":"summary_large_image","twitter_misc":{"Written by":"Super User","Est. reading time":"14 minutes"},"schema":{"@context":"https:\/\/schema.org","@graph":[{"@type":"Article","@id":"https:\/\/polowiec.pl\/en\/legal-bulletin-of-the-law-office-of-adam-polowiec-2-6-january-2013-r\/#article","isPartOf":{"@id":"https:\/\/polowiec.pl\/en\/legal-bulletin-of-the-law-office-of-adam-polowiec-2-6-january-2013-r\/"},"author":{"name":"Super User","@id":"https:\/\/polowiec.pl\/en\/#\/schema\/person\/ed8994874b775675a86115f307352d24"},"headline":"Legal Bulletin Of The Law Office Of Adam Polowiec (2 \u2013 6 january 2013 r.)","datePublished":"2013-01-08T09:10:53+00:00","dateModified":"2018-10-11T08:43:03+00:00","mainEntityOfPage":{"@id":"https:\/\/polowiec.pl\/en\/legal-bulletin-of-the-law-office-of-adam-polowiec-2-6-january-2013-r\/"},"wordCount":2843,"publisher":{"@id":"https:\/\/polowiec.pl\/en\/#organization"},"articleSection":["Newsletter"],"inLanguage":"en-US"},{"@type":"WebPage","@id":"https:\/\/polowiec.pl\/en\/legal-bulletin-of-the-law-office-of-adam-polowiec-2-6-january-2013-r\/","url":"https:\/\/polowiec.pl\/en\/legal-bulletin-of-the-law-office-of-adam-polowiec-2-6-january-2013-r\/","name":"Legal Bulletin Of The Law Office Of Adam Polowiec (2 \u2013 6 january 2013 r.) - Polowiec i Wsp\u00f3lnicy - Kancelaria prawna","isPartOf":{"@id":"https:\/\/polowiec.pl\/en\/#website"},"datePublished":"2013-01-08T09:10:53+00:00","dateModified":"2018-10-11T08:43:03+00:00","breadcrumb":{"@id":"https:\/\/polowiec.pl\/en\/legal-bulletin-of-the-law-office-of-adam-polowiec-2-6-january-2013-r\/#breadcrumb"},"inLanguage":"en-US","potentialAction":[{"@type":"ReadAction","target":["https:\/\/polowiec.pl\/en\/legal-bulletin-of-the-law-office-of-adam-polowiec-2-6-january-2013-r\/"]}]},{"@type":"BreadcrumbList","@id":"https:\/\/polowiec.pl\/en\/legal-bulletin-of-the-law-office-of-adam-polowiec-2-6-january-2013-r\/#breadcrumb","itemListElement":[{"@type":"ListItem","position":1,"name":"Strona g\u0142\u00f3wna","item":"https:\/\/polowiec.pl\/en\/"},{"@type":"ListItem","position":2,"name":"Legal Bulletin Of The Law Office Of Adam Polowiec (2 \u2013 6 january 2013 r.)"}]},{"@type":"WebSite","@id":"https:\/\/polowiec.pl\/en\/#website","url":"https:\/\/polowiec.pl\/en\/","name":"Polowiec i Wsp\u00f3lnicy - Kancelaria prawna","description":"Obs\u0142uga prawna","publisher":{"@id":"https:\/\/polowiec.pl\/en\/#organization"},"potentialAction":[{"@type":"SearchAction","target":{"@type":"EntryPoint","urlTemplate":"https:\/\/polowiec.pl\/en\/?s={search_term_string}"},"query-input":{"@type":"PropertyValueSpecification","valueRequired":true,"valueName":"search_term_string"}}],"inLanguage":"en-US"},{"@type":"Organization","@id":"https:\/\/polowiec.pl\/en\/#organization","name":"Polowiec i Wsp\u00f3lnicy - Kancelaria prawna","url":"https:\/\/polowiec.pl\/en\/","logo":{"@type":"ImageObject","inLanguage":"en-US","@id":"https:\/\/polowiec.pl\/en\/#\/schema\/logo\/image\/","url":"https:\/\/polowiec.pl\/wp-content\/uploads\/2018\/10\/polowiec_logo2-1.png","contentUrl":"https:\/\/polowiec.pl\/wp-content\/uploads\/2018\/10\/polowiec_logo2-1.png","width":540,"height":381,"caption":"Polowiec i Wsp\u00f3lnicy - Kancelaria prawna"},"image":{"@id":"https:\/\/polowiec.pl\/en\/#\/schema\/logo\/image\/"},"sameAs":["https:\/\/www.facebook.com\/polowieciwspolnicy\/","https:\/\/www.linkedin.com\/company\/polowiec-i-wsplnicy-sp.j.\/about\/"]},{"@type":"Person","@id":"https:\/\/polowiec.pl\/en\/#\/schema\/person\/ed8994874b775675a86115f307352d24","name":"Super User","image":{"@type":"ImageObject","inLanguage":"en-US","@id":"https:\/\/secure.gravatar.com\/avatar\/e759b874f0fa459bd87c83ff47148fc5718f86d9459564657124e571997afbf7?s=96&d=mm&r=g","url":"https:\/\/secure.gravatar.com\/avatar\/e759b874f0fa459bd87c83ff47148fc5718f86d9459564657124e571997afbf7?s=96&d=mm&r=g","contentUrl":"https:\/\/secure.gravatar.com\/avatar\/e759b874f0fa459bd87c83ff47148fc5718f86d9459564657124e571997afbf7?s=96&d=mm&r=g","caption":"Super User"}}]}},"_links":{"self":[{"href":"https:\/\/polowiec.pl\/en\/wp-json\/wp\/v2\/posts\/458","targetHints":{"allow":["GET"]}}],"collection":[{"href":"https:\/\/polowiec.pl\/en\/wp-json\/wp\/v2\/posts"}],"about":[{"href":"https:\/\/polowiec.pl\/en\/wp-json\/wp\/v2\/types\/post"}],"author":[{"embeddable":true,"href":"https:\/\/polowiec.pl\/en\/wp-json\/wp\/v2\/users\/2"}],"replies":[{"embeddable":true,"href":"https:\/\/polowiec.pl\/en\/wp-json\/wp\/v2\/comments?post=458"}],"version-history":[{"count":0,"href":"https:\/\/polowiec.pl\/en\/wp-json\/wp\/v2\/posts\/458\/revisions"}],"wp:attachment":[{"href":"https:\/\/polowiec.pl\/en\/wp-json\/wp\/v2\/media?parent=458"}],"wp:term":[{"taxonomy":"category","embeddable":true,"href":"https:\/\/polowiec.pl\/en\/wp-json\/wp\/v2\/categories?post=458"},{"taxonomy":"post_tag","embeddable":true,"href":"https:\/\/polowiec.pl\/en\/wp-json\/wp\/v2\/tags?post=458"}],"curies":[{"name":"wp","href":"https:\/\/api.w.org\/{rel}","templated":true}]}}