{"id":461,"date":"2013-02-01T16:25:22","date_gmt":"2013-02-01T15:25:22","guid":{"rendered":"https:\/\/nowa.polowiec.pl\/legal-bulletin-of-the-law-office-of-adam-polowiec-21-27-january-2013-r\/"},"modified":"2018-10-11T10:43:02","modified_gmt":"2018-10-11T08:43:02","slug":"legal-bulletin-of-the-law-office-of-adam-polowiec-21-27-january-2013-r","status":"publish","type":"post","link":"https:\/\/polowiec.pl\/en\/legal-bulletin-of-the-law-office-of-adam-polowiec-21-27-january-2013-r\/","title":{"rendered":"Legal Bulletin Of The Law Office Of Adam Polowiec (21 \u2013 27 january 2013 r.)"},"content":{"rendered":"<p>We would like to present the next issue of legal bulletin of the Law Office of Adam Polowiec.<br \/>What you will find here is some information about the new provisions of law and the projects of amendments to acts, but also case-laws including the case laws of Supreme Court, Constitutional Tribunal and European Court of Justice. <!--more--> <\/p>\n<p><strong><\/p>\n<h3 class=\"newsletter-naglowek\">Nowe Prawo<\/h3>\n<p><\/strong><\/p>\n<p>\u00a0<\/p>\n<p><strong>PRAWO PRACY I UBEZPIECZE\u0143 SPO\u0141ECZNYCH<\/strong><\/p>\n<p><strong>Rozporz\u0105dzenie<\/strong> Ministra Transportu, Budownictwa i Gospodarki Morskiej z dnia 27\u00a0grudnia 2012 r. zmieniaj\u0105ce rozporz\u0105dzenie w sprawie przyznawania nagrody rocznej osobom kieruj\u0105cym niekt\u00f3rymi podmiotami prawnymi (Dz. U. z 2013 r., poz. 4) \u2013 <strong>wesz\u0142o w \u017cycie z dniem 5 stycznia 2013 r.<\/strong><\/p>\n<p>W rozporz\u0105dzeniu Ministra Infrastruktury z dnia 23 marca 2011 r. w sprawie przyznawania nagrody rocznej osobom kieruj\u0105cym niekt\u00f3rymi podmiotami prawnymi (Dz.\u00a0U. z 2011 r., nr 75, poz. 400) uleg\u0142o zmianie brzmienie \u00a71, \u00a73.<\/p>\n<p><strong>Rozporz\u0105dzenie<\/strong> Ministra Gospodarki z dnia 13 grudnia 2012 r. uchylaj\u0105ce rozporz\u0105dzenie w sprawie obs\u0142ugi suwnic elektrycznych w zak\u0142adach pracy (Dz.\u00a0U.\u00a0z\u00a02013\u00a0r., 12) \u2013 <strong>wesz\u0142o w \u017cycie z dniem 22 stycznia 2013 r.<\/strong><\/p>\n<p><strong>Rozporz\u0105dzenie<\/strong> Ministra Gospodarki z dnia 13 grudnia 2012 r. uchylaj\u0105ce rozporz\u0105dzenie w sprawie bezpiecze\u0144stwa pracy przy spr\u0119\u017carkach powietrznych (Dz.\u00a0U.\u00a02013 r., poz. 13) \u2013 <strong>wesz\u0142o w \u017cycie z dniem 22 stycznia 2013 r.<\/strong><\/p>\n<p><strong>Rozporz\u0105dzenie<\/strong> Ministra Pracy i Polityki Spo\u0142ecznej z dnia 20 grudnia 2012 r. w sprawie trybu i sposobu przeprowadzania kontroli przez organy upowa\u017cnione do kontroli na\u00a0podstawie ustawy o rehabilitacji zawodowej i spo\u0142ecznej oraz zatrudnianiu os\u00f3b\u00a0niepe\u0142nosprawnych (Dz. U. z 2013 r., poz. 29) \u2013 <strong>wesz\u0142o w \u017cycie z dniem 24\u00a0stycznia 2013 r.<\/strong><\/p>\n<p><strong>Rozporz\u0105dzenie<\/strong> Ministra Pracy i Polityki Spo\u0142ecznej z dnia 20 grudnia 2012 r. w sprawie ustalenia wzor\u00f3w deklaracji sk\u0142adanych Zarz\u0105dowi Pa\u0144stwowego Funduszu Rehabilitacji Os\u00f3b Niepe\u0142nosprawnych przez pracodawc\u00f3w zobowi\u0105zanych do wp\u0142at na ten Fundusz (Dz. U. z 2013 r., poz. 32) \u2013 <strong>wesz\u0142o w \u017cycie z dniem 24 stycznia 2013 r.<\/strong><\/p>\n<p><strong>Rozporz\u0105dzenie<\/strong> Ministra Pracy i Polityki Spo\u0142ecznej z dnia 20 grudnia 2012 r. w sprawie okre\u015blenia wzor\u00f3w miesi\u0119cznych i rocznych informacji o zatrudnieniu, kszta\u0142ceniu lub\u00a0o\u00a0dzia\u0142alno\u015bci na rzecz os\u00f3b niepe\u0142nosprawnych (Dz. U. z 2013 r., poz. 33) \u2013 <strong>wesz\u0142o w \u017cycie z dniem 24 stycznia 2013 r.<\/strong><\/p>\n<p><strong>Ustawa<\/strong> z dnia 14 grudnia 2012 r. o zmianie ustawy o dzia\u0142alno\u015bci ubezpieczeniowej (Dz.\u00a0U. z 2013 r., poz. 53) \u2013 <strong>wejdzie w \u017cycie z dniem 29 stycznia 2013 r.<\/strong><\/p>\n<p>W ustawie z dnia 22 maja 2003 r. o dzia\u0142alno\u015bci ubezpieczeniowej (Dz. U. z 2010 r., nr\u00a011, poz. 66 z p\u00f3\u017an. zm.) uleg\u0142o zmianie brzmienie art. 18a.<\/p>\n<p>\u00a0<\/p>\n<p><strong>OCHRONA ZDROWIA<\/strong><\/p>\n<p><strong>Rozporz\u0105dzenie<\/strong> Ministra Zdrowia z dnia 11 grudnia 2012 r. w sprawie leczenia krwi\u0105 w\u00a0podmiotach leczniczych wykonuj\u0105cych dzia\u0142alno\u015b\u0107 lecznicz\u0105 w rodzaju stacjonarne i\u00a0ca\u0142odobowe \u015bwiadczenia zdrowotne, w kt\u00f3rych przebywaj\u0105 pacjenci ze wskazaniami do\u00a0leczenia krwi\u0105 i jej sk\u0142adnikami (Dz. U. z 2013 r., poz. 5) \u2013 <strong>wesz\u0142o w \u017cycie z dniem 19 stycznia 2013 r.<\/strong><\/p>\n<p><strong>Rozporz\u0105dzenie<\/strong> Ministra Zdrowia z dnia 18 grudnia 2012 r. w sprawie kursu reedukacyjnego w zakresie problematyki przeciwalkoholowej i przeciwdzia\u0142ania narkomanii oraz szczeg\u00f3\u0142owych warunk\u00f3w i trybu kierowania na badania lekarskie lub\u00a0badania psychologiczne w zakresie psychologii transportu (Dz. U. z 2013 r., poz. 9) \u2013 <strong>wesz\u0142o w \u017cycie z dniem 19 stycznia 2013 r.<\/strong><\/p>\n<p><strong>Rozporz\u0105dzenie<\/strong> Ministra Zdrowia z dnia 20 grudnia 2012 r. w sprawie standard\u00f3w post\u0119powania medycznego w dziedzinie anestezjologii i intensywnej terapii dla\u00a0podmiot\u00f3w wykonuj\u0105cych dzia\u0142alno\u015b\u0107 lecznicz\u0105 (Dz. U. z 2013 r., poz. 15) \u2013 <strong>wejdzie w \u017cycie z dniem 22 stycznia 2013 r.<\/strong><\/p>\n<p><strong>Rozporz\u0105dzenie <\/strong>Ministra Zdrowia z dnia 2 stycznia 2013 r. w sprawie specjalizacji lekarzy i lekarzy dentyst\u00f3w (Dz. U. z 2012 r., poz. 16) \u2013 <strong>wesz\u0142o w \u017cycie z dniem 9\u00a0stycznia 2013 r.<\/strong><\/p>\n<p><strong>Rozporz\u0105dzenie <\/strong>Ministra Zdrowia z dnia 28 grudnia 2012 r. zmieniaj\u0105ce rozporz\u0105dzenie w sprawie jednostek organizacyjnych, kt\u00f3re prowadz\u0105 badania jako\u015bciowe produkt\u00f3w leczniczych i produkt\u00f3w leczniczych weterynaryjnych, oraz op\u0142at pobieranych za\u00a0te\u00a0badania (Dz. U. z 20123 r., poz. 42) \u2013 <strong>wejdzie w \u017cycie z dniem 25\u00a0stycznia\u00a02013 r.<\/strong><\/p>\n<p>W rozporz\u0105dzeniu Ministra Zdrowia z dnia 30 maja 2003 r. w sprawie jednostek organizacyjnych, kt\u00f3re prowadz\u0105 badania jako\u015bciowe produkt\u00f3w leczniczych i produkt\u00f3w leczniczych weterynaryjnych, oraz op\u0142at pobieranych za te badania (Dz. U. z 2003 r., nr\u00a0105, poz. 995) uleg\u0142o zmianie brzmienie \u00a71.<\/p>\n<p><strong>Rozporz\u0105dzenie <\/strong>Ministra Zdrowia z dnia 20 grudnia 2012 r. w sprawie wzor\u00f3w wniosk\u00f3w w zakresie refundacji leku, \u015brodka spo\u017cywczego specjalnego przeznaczenia \u017cywieniowego oraz wyrobu medycznego (Dz. U. z 2013 r., poz. 44) \u2013 <strong>wejdzie w \u017cycie z\u00a0dniem 26 stycznia 2013 r.<\/strong><\/p>\n<p><strong>Rozporz\u0105dzenie <\/strong>Ministra Zdrowia z dnia 4 stycznia 2013 r. zmieniaj\u0105ce rozporz\u0105dzenie w sprawie wykazu zak\u0142ad\u00f3w psychiatrycznych i zak\u0142ad\u00f3w leczenia odwykowego przeznaczonych do wykonywania \u015brodk\u00f3w zabezpieczaj\u0105cych oraz sk\u0142adu, trybu powo\u0142ywania i zada\u0144 komisji psychiatrycznej do spraw \u015brodk\u00f3w zabezpieczaj\u0105cych (Dz.\u00a0U. z 2013 r., poz. 64) \u2013 <strong>wejdzie w \u017cycie z dniem 31 stycznia 2013 r., z\u00a0wyj\u0105tkiem \u00a71 pkt 3 lit. d w zakresie lp. 17, kt\u00f3ry wchodzi w \u017cycie z dniem 1\u00a0kwietnia 2013 r.<\/strong><\/p>\n<p>W rozporz\u0105dzeniu Ministra Zdrowia z dnia 10 sierpnia 2004 r. w sprawie wykazu zak\u0142ad\u00f3w psychiatrycznych i zak\u0142ad\u00f3w leczenia odwykowego przeznaczonych do\u00a0wykonywania \u015brodk\u00f3w zabezpieczaj\u0105cych oraz sk\u0142adu, trybu powo\u0142ywania i zada\u0144 komisji psychiatrycznej do spraw \u015brodk\u00f3w zabezpieczaj\u0105cych (Dz. U. z 2004 r., nr 179, poz. 1854 z p\u00f3\u017an. zm.) uleg\u0142o zmianie brzmienie \u00a74, za\u0142\u0105cznik\u00f3w nr 1 -3.<\/p>\n<p>\u00a0<\/p>\n<p><strong>PRAWO RUCHU DROGOWEGO<\/strong><\/p>\n<p><strong>Rozporz\u0105dzenie<\/strong> Rady Ministr\u00f3w z dnia 18 grudnia 2012 r. zmieniaj\u0105ce rozporz\u0105dzenie w sprawie dr\u00f3g krajowych lub ich odcink\u00f3w, na kt\u00f3rych pobiera si\u0119 op\u0142at\u0119 elektroniczn\u0105, oraz wysoko\u015bci stawek op\u0142aty elektronicznej (Dz. U. z 2013 r., poz. 17) \u2013 <strong>wesz\u0142o w\u00a0\u017cycie z dniem 12 stycznia 2013 r., z wyj\u0105tkiem \u00a71 pkt 1 lit. c, d, e, pkt 2 lit.\u00a0a.\u00a0b. c, kt\u00f3re wchodz\u0105 w \u017cycie z dniem 30 marca 2013 r.<\/strong><\/p>\n<p>W rozporz\u0105dzeniu Rady Ministr\u00f3w z dnia 22 marca 2011 r. w sprawie dr\u00f3g krajowych lub\u00a0ich odcink\u00f3w, na kt\u00f3rych pobiera si\u0119 op\u0142at\u0119 elektroniczn\u0105, oraz wysoko\u015bci stawek op\u0142aty elektronicznej (Dz. U. z 2011 r., nr 80, poz. 433 oraz z 2012 r., poz. 715) uleg\u0142o zmianie brzmienie za\u0142\u0105cznika nr 1 i 2.<\/p>\n<p><strong>Rozporz\u0105dzenie<\/strong> Ministra Transportu, Budownictwa i Gospodarki Morskiej z dnia 21\u00a0grudnia 2012 r. zmieniaj\u0105ce rozporz\u0105dzenie w sprawie warunk\u00f3w technicznych pojazd\u00f3w oraz zakresu ich niezb\u0119dnego wyposa\u017cenia (Dz. U. z 2013 r., poz. 30)\u00a0\u2013 <strong>wesz\u0142o w \u017cycie z dniem 19 stycznia 2013 r., z wyj\u0105tkiem \u00a71 pkt 2 lit. b, kt\u00f3re wejdzie w dniu 30 wrze\u015bnia 2013 r.<\/strong><\/p>\n<p>W rozporz\u0105dzeniu Ministra Infrastruktury z dnia 31 grudnia 2002 r. w sprawie warunk\u00f3w technicznych pojazd\u00f3w oraz zakresu ich niezb\u0119dnego wyposa\u017cenia (Dz. U. z 2003 r., nr\u00a032, poz. 262 z p\u00f3\u017an. zm.) uleg\u0142o zmianie brzmienie \u00a71, \u00a743.<\/p>\n<p><strong>Rozporz\u0105dzenie<\/strong> Ministra Transportu, Budownictwa i Gospodarki Morskiej w sprawie sposobu tworzenia i nadawania numeru ewidencyjnego o\u015brodka szkolenia kierowc\u00f3w i\u00a0innego podmiotu prowadz\u0105cego szkolenie oraz wysoko\u015bci op\u0142aty za wpis do rejestru przedsi\u0119biorc\u00f3w prowadz\u0105cych o\u015brodek szkolenia kierowc\u00f3w i op\u0142aty za wydanie po\u015bwiadczenia potwierdzaj\u0105cego spe\u0142nianie dodatkowych wymaga\u0144 przez o\u015brodek szkolenia kierowc\u00f3w (Dz. U. z 2013 r., poz. 31) \u2013 <strong>wesz\u0142o w \u017cycie z dniem 19\u00a0stycznia\u00a02013 r.<\/strong><\/p>\n<p><strong>Rozporz\u0105dzenie<\/strong> Ministra Transportu, Budownictwa i Gospodarki Morskiej z dnia 16\u00a0stycznia 2013 r. w sprawie wysoko\u015bci op\u0142at za przeprowadzenie egzaminu pa\u0144stwowego oraz stawek wynagrodzenia zwi\u0105zanych z uzyskiwaniem uprawnie\u0144 przez\u00a0egzaminator\u00f3w (Dz. U. z 2013 r., poz. 84) \u2013 <strong>wesz\u0142o w \u017cycie z dniem 19\u00a0stycznia 2013 r.<\/strong><\/p>\n<p>\u00a0<\/p>\n<p><strong>PRAWO OCHRONY \u015aRODOWISKA<\/strong><\/p>\n<p><strong>Ustawa<\/strong> z dnia 14 grudnia 2012 r. o odpadach (Dz. U. z 2013 r., poz. 21) \u2013 <strong>wejdzie w\u00a0\u017cycie z dniem 23 stycznia 2013 r.<\/strong><\/p>\n<p><strong>Rozporz\u0105dzenie<\/strong> Ministra \u015arodowiska z dnia 20 grudnia 2012 r. zmieniaj\u0105ce rozporz\u0105dzenie w sprawie sposobu przedk\u0142adania marsza\u0142kowi wojew\u00f3dztwa informacji o\u00a0rodzaju, ilo\u015bci i miejscach wyst\u0119powania substancji stwarzaj\u0105cych szczeg\u00f3lne zagro\u017cenie dla \u015brodowiska (Dz. U. z 2013 r., poz. 24) \u2013 <strong>wesz\u0142o w \u017cycie z dniem 23\u00a0stycznia 2013 r.<\/strong><\/p>\n<p>W rozporz\u0105dzeniu Ministra \u015arodowiska z dnia 23 lipca 2009 r. w sprawie sposobu przedk\u0142adania marsza\u0142kowi wojew\u00f3dztwa informacji o wyst\u0119powaniu substancji stwarzaj\u0105cych szczeg\u00f3lne zagro\u017cenie dla \u015brodowiska (Dz. U. z 2009 r., nr 124, poz.\u00a01033) uleg\u0142o zmianie brzmienie \u00a74 oraz za\u0142\u0105cznika.<\/p>\n<p><strong>Rozporz\u0105dzenie<\/strong> Ministra Gospodarki z dnia 8 stycznia 2013 r. w sprawie kryteri\u00f3w oraz procedur dopuszczania odpad\u00f3w do sk\u0142adowania na sk\u0142adowisku odpad\u00f3w danego typu (Dz. u. z 2013 r., poz. 38) \u2013 <strong>wesz\u0142o w \u017cycie z dniem 11 stycznia 2013 r., z\u00a0wyj\u0105tkiem \u00a76 ust. 4, kt\u00f3ry wejdzie w \u017cycie z dniem 1 stycznia 2016 r.<\/strong><\/p>\n<p>\u00a0<\/p>\n<p><strong>PODATKI I RACHUNKOWO\u015a\u0106<\/strong><\/p>\n<p><strong>Ustawa<\/strong> z dnia 7 grudnia 2012 r. o zmianie ustawy o podatku od towar\u00f3w i us\u0142ug oraz niekt\u00f3rych innych ustaw (Dz. U. z 2013 r., poz. 35) \u2013 <strong>wejdzie w \u017cycie z dniem 1\u00a0kwietnia 2013 r.<\/strong><\/p>\n<p>W ustawie z dnia 11 marca 2004 r. o podatku od towar\u00f3w i us\u0142ug (Dz. U. z 2011 r., nr\u00a0177, poz. 1054 z p\u00f3\u017an. zm.) uleg\u0142o zmianie brzmienie art. 2, art. 2a, art. 5, art. 7, art.\u00a08, art. 10 \u2013 17, art. 21, art. 23, art. 28, art. 32, art. 33, art. 38, art. 41 \u2013 44, art.\u00a046, art. 83, art. 86 \u2013 90, art. 96 \u2013 100, art. 104, art. 109, art. 111 \u2013 113, art. 117, art. 119, art. 120, art. 127, art. 128, art. 136, art. 138, art. 146c, art., 146h, za\u0142\u0105cznik\u00f3w nr 3, 7 i 10, zosta\u0142y dodane rozdzia\u0142 II, rozdzia\u0142 IIa, art. 29 a, art. 30a \u2013 c, art. 106a, art. 112a, zosta\u0142y uchylone art. 19, art. 29 \u2013 31, art. 106.<\/p>\n<p>W ustawie z dnia 29 sierpnia 1997 r. &#8211; Ordynacja podatkowa (Dz. U. z 2012 r., poz. 749 z p\u00f3\u017an. zm.) uleg\u0142o zmianie brzmienie art. 87.<\/p>\n<p>W ustawie z dnia 16 grudnia 2010 r. o zmianie ustawy o podatku od towar\u00f3w i us\u0142ug oraz ustawy o transporcie drogowym (Dz. U. z 2010 r., nr 247, poz. 1652, z 2011 r., nr 102, poz. 585 oraz z 2012 r., poz. 1456) uleg\u0142o zmianie brzmienie art. 1, art. 9.<\/p>\n<p>\u00a0<\/p>\n<p><strong>PRAWO ADMINISTRACYJNE<\/strong><\/p>\n<p><strong>Rozporz\u0105dzenie<\/strong> Ministra Transportu, Budownictwa i Gospodarki Morskiej z dnia 3\u00a0stycznia 2013 r. zmieniaj\u0105ce rozporz\u0105dzenie w sprawie metodologii obliczania charakterystyki energetycznej budynku i lokalu mieszkalnego lub cz\u0119\u015bci budynku stanowi\u0105cej samodzieln\u0105 ca\u0142o\u015b\u0107 techniczno-u\u017cytkow\u0105 oraz sposobu sporz\u0105dzania i\u00a0wzor\u00f3w \u015bwiadectw ich charakterystyki energetycznej (Dz. U. z 2013 r., poz. 45)\u00a0\u2013 <strong>wesz\u0142o w \u017cycie z dniem 12 stycznia 2013 r.<\/strong><\/p>\n<p>W rozporz\u0105dzeniu Ministra Infrastruktury z dnia 6 listopada 2008 r. w sprawie metodologii obliczania charakterystyki energetycznej budynku i lokalu mieszkalnego lub\u00a0cz\u0119\u015bci budynku stanowi\u0105cej samodzieln\u0105 ca\u0142o\u015b\u0107 techniczno-u\u017cytkow\u0105 oraz sposobu sporz\u0105dzania i wzor\u00f3w \u015bwiadectw ich charakterystyki energetycznej (Dz. U. z 2008 r., nr\u00a0201, poz. 1240) uleg\u0142o zmianie brzmienie \u00a79, za\u0142\u0105cznika nr 6.<\/p>\n<p><strong>Rozporz\u0105dzenie<\/strong> Ministra Transportu, Budownictwa i Gospodarki Morskiej z dnia 3\u00a0stycznia 2013 r. zmieniaj\u0105ce rozporz\u0105dzenie w sprawie aprobat technicznych oraz jednostek organizacyjnych upowa\u017cnionych do ich wydawania (Dz. U. z 2013 r., poz. 46) \u2013 <strong>wesz\u0142o w \u017cycie z dniem 12 stycznia 2013 r.<\/strong><\/p>\n<p>W rozporz\u0105dzeniu Ministra Infrastruktury z dnia 8 listopada 2004 r. w sprawie aprobat technicznych oraz jednostek organizacyjnych upowa\u017cnionych do ich wydawania (Dz.\u00a0U.\u00a0z\u00a02004 r., nr 249, poz. 2497 oraz z 2010 r., nr 34, poz. 183) uleg\u0142o zmianie brzmienie \u00a74.<\/p>\n<p>\u00a0<\/p>\n<p><strong>KRAJOWY REJESTR S\u0104DOWY<\/strong><\/p>\n<p><strong>Rozporz\u0105dzenie<\/strong> Ministra Sprawiedliwo\u015bci z dnia 8 stycznia 2013 r. zmieniaj\u0105ce rozporz\u0105dzenie w sprawie szczeg\u00f3\u0142owego sposobu prowadzenia rejestr\u00f3w wchodz\u0105cych w\u00a0sk\u0142ad Krajowego Rejestru S\u0105dowego oraz szczeg\u00f3\u0142owej tre\u015bci wpis\u00f3w w tych rejestrach (Dz. U. 2013 r., poz. 49) \u2013 <strong>wesz\u0142o w \u017cycie z dniem 15 stycznia 2013 r., z\u00a0wyj\u0105tkiem \u00a71 pkt. 7, kt\u00f3ry wejdzie w \u017cycie z dniem 30 listopada 2013 r.<\/strong><\/p>\n<p>W rozporz\u0105dzeniu Ministra Sprawiedliwo\u015bci z dnia 30 listopada 2011 r. w sprawie szczeg\u00f3\u0142owego sposobu prowadzenia rejestr\u00f3w wchodz\u0105cych w sk\u0142ad Krajowego Rejestru S\u0105dowego oraz szczeg\u00f3\u0142owej tre\u015bci wpis\u00f3w w tych rejestrach (Dz. U. z 2011 r., nr 273, poz. 1616) uleg\u0142o zmianie brzmienie \u00a75, \u00a713, \u00a728, \u00a739, \u00a749, \u00a751, \u00a775, \u00a783, 152, \u00a7167, \u00a7168, za\u0142\u0105cznik\u00f3w nr 2 i 3.<\/p>\n<p>\u00a0<\/p>\n<p><strong><\/p>\n<h2 class=\"newsletter-naglowek\">Projekty, Nowelizacje, Zmiany<\/h2>\n<p><\/strong><\/p>\n<p><strong>PRAWO PRACY I UBEZPIECZE\u0143 SPO\u0141ECZNYCH<\/strong><\/p>\n<p><strong>Gminy b\u0119d\u0105 d\u0142u\u017cej p\u0142aci\u0107 ubezpieczenia za uprawnionych do pomocy<\/strong><\/p>\n<p>Od 1 stycznia 2013 r. wyd\u0142u\u017ca si\u0119 czas trwania obowi\u0105zku op\u0142acania przez organy samorz\u0105du sk\u0142adek emerytalnych i rentowych za osoby pobieraj\u0105ce \u015bwiadczenia piel\u0119gnacyjne.<\/p>\n<p>\u00a0<\/p>\n<p><strong>OCHRONA ZDROWIA<\/strong><\/p>\n<p>Od 23 stycznia 2013 r. samodzielnie mog\u0105 dy\u017curowa\u0107 tylko anestezjolodzy z\u00a0drugim stopniem specjalizacji<\/p>\n<p>Od 23 stycznia 2013 r. obowi\u0105zuj\u0105 nowe standardy znieczulania pacjent\u00f3w do zabieg\u00f3w.<\/p>\n","protected":false},"excerpt":{"rendered":"<p>We would like to present the next issue of legal bulletin of the Law Office of Adam Polowiec.What you will find here is some information about the new provisions of law and the projects of amendments to acts, but also case-laws including the case laws of Supreme Court, Constitutional Tribunal and European Court of Justice.<\/p>\n","protected":false},"author":2,"featured_media":0,"comment_status":"closed","ping_status":"open","sticky":false,"template":"","format":"standard","meta":{"footnotes":""},"categories":[11],"tags":[],"class_list":["post-461","post","type-post","status-publish","format-standard","hentry","category-newsletters"],"featured_image_src":{"landsacpe":false,"list":false,"medium":false,"full":false},"yoast_head":"<!-- This site is optimized with the Yoast SEO plugin v27.2 - https:\/\/yoast.com\/product\/yoast-seo-wordpress\/ -->\n<title>Legal Bulletin Of The Law Office Of Adam Polowiec (21 \u2013 27 january 2013 r.) - Polowiec i Wsp\u00f3lnicy - Kancelaria prawna<\/title>\n<meta name=\"robots\" content=\"index, follow, max-snippet:-1, max-image-preview:large, max-video-preview:-1\" \/>\n<link rel=\"canonical\" href=\"https:\/\/polowiec.pl\/en\/legal-bulletin-of-the-law-office-of-adam-polowiec-21-27-january-2013-r\/\" \/>\n<meta property=\"og:locale\" content=\"en_US\" \/>\n<meta property=\"og:type\" content=\"article\" \/>\n<meta property=\"og:title\" content=\"Legal Bulletin Of The Law Office Of Adam Polowiec (21 \u2013 27 january 2013 r.) - Polowiec i Wsp\u00f3lnicy - Kancelaria prawna\" \/>\n<meta property=\"og:description\" content=\"We would like to present the next issue of legal bulletin of the Law Office of Adam Polowiec.What you will find here is some information about the new provisions of law and the projects of amendments to acts, but also case-laws including the case laws of Supreme Court, Constitutional Tribunal and European Court of Justice.\" \/>\n<meta property=\"og:url\" content=\"https:\/\/polowiec.pl\/en\/legal-bulletin-of-the-law-office-of-adam-polowiec-21-27-january-2013-r\/\" \/>\n<meta property=\"og:site_name\" content=\"Polowiec i Wsp\u00f3lnicy - Kancelaria prawna\" \/>\n<meta property=\"article:publisher\" content=\"https:\/\/www.facebook.com\/polowieciwspolnicy\/\" \/>\n<meta property=\"article:published_time\" content=\"2013-02-01T15:25:22+00:00\" \/>\n<meta property=\"article:modified_time\" content=\"2018-10-11T08:43:02+00:00\" \/>\n<meta name=\"author\" content=\"Super User\" \/>\n<meta name=\"twitter:card\" content=\"summary_large_image\" \/>\n<meta name=\"twitter:label1\" content=\"Written by\" \/>\n\t<meta name=\"twitter:data1\" content=\"Super User\" \/>\n\t<meta name=\"twitter:label2\" content=\"Est. reading time\" \/>\n\t<meta name=\"twitter:data2\" content=\"10 minutes\" \/>\n<script type=\"application\/ld+json\" class=\"yoast-schema-graph\">{\"@context\":\"https:\/\/schema.org\",\"@graph\":[{\"@type\":\"Article\",\"@id\":\"https:\/\/polowiec.pl\/en\/legal-bulletin-of-the-law-office-of-adam-polowiec-21-27-january-2013-r\/#article\",\"isPartOf\":{\"@id\":\"https:\/\/polowiec.pl\/en\/legal-bulletin-of-the-law-office-of-adam-polowiec-21-27-january-2013-r\/\"},\"author\":{\"name\":\"Super User\",\"@id\":\"https:\/\/polowiec.pl\/en\/#\/schema\/person\/ed8994874b775675a86115f307352d24\"},\"headline\":\"Legal Bulletin Of The Law Office Of Adam Polowiec (21 \u2013 27 january 2013 r.)\",\"datePublished\":\"2013-02-01T15:25:22+00:00\",\"dateModified\":\"2018-10-11T08:43:02+00:00\",\"mainEntityOfPage\":{\"@id\":\"https:\/\/polowiec.pl\/en\/legal-bulletin-of-the-law-office-of-adam-polowiec-21-27-january-2013-r\/\"},\"wordCount\":1975,\"publisher\":{\"@id\":\"https:\/\/polowiec.pl\/en\/#organization\"},\"articleSection\":[\"Newsletter\"],\"inLanguage\":\"en-US\"},{\"@type\":\"WebPage\",\"@id\":\"https:\/\/polowiec.pl\/en\/legal-bulletin-of-the-law-office-of-adam-polowiec-21-27-january-2013-r\/\",\"url\":\"https:\/\/polowiec.pl\/en\/legal-bulletin-of-the-law-office-of-adam-polowiec-21-27-january-2013-r\/\",\"name\":\"Legal Bulletin Of The Law Office Of Adam Polowiec (21 \u2013 27 january 2013 r.) - Polowiec i Wsp\u00f3lnicy - Kancelaria prawna\",\"isPartOf\":{\"@id\":\"https:\/\/polowiec.pl\/en\/#website\"},\"datePublished\":\"2013-02-01T15:25:22+00:00\",\"dateModified\":\"2018-10-11T08:43:02+00:00\",\"breadcrumb\":{\"@id\":\"https:\/\/polowiec.pl\/en\/legal-bulletin-of-the-law-office-of-adam-polowiec-21-27-january-2013-r\/#breadcrumb\"},\"inLanguage\":\"en-US\",\"potentialAction\":[{\"@type\":\"ReadAction\",\"target\":[\"https:\/\/polowiec.pl\/en\/legal-bulletin-of-the-law-office-of-adam-polowiec-21-27-january-2013-r\/\"]}]},{\"@type\":\"BreadcrumbList\",\"@id\":\"https:\/\/polowiec.pl\/en\/legal-bulletin-of-the-law-office-of-adam-polowiec-21-27-january-2013-r\/#breadcrumb\",\"itemListElement\":[{\"@type\":\"ListItem\",\"position\":1,\"name\":\"Strona g\u0142\u00f3wna\",\"item\":\"https:\/\/polowiec.pl\/en\/\"},{\"@type\":\"ListItem\",\"position\":2,\"name\":\"Legal Bulletin Of The Law Office Of Adam Polowiec (21 \u2013 27 january 2013 r.)\"}]},{\"@type\":\"WebSite\",\"@id\":\"https:\/\/polowiec.pl\/en\/#website\",\"url\":\"https:\/\/polowiec.pl\/en\/\",\"name\":\"Polowiec i Wsp\u00f3lnicy - Kancelaria prawna\",\"description\":\"Obs\u0142uga prawna\",\"publisher\":{\"@id\":\"https:\/\/polowiec.pl\/en\/#organization\"},\"potentialAction\":[{\"@type\":\"SearchAction\",\"target\":{\"@type\":\"EntryPoint\",\"urlTemplate\":\"https:\/\/polowiec.pl\/en\/?s={search_term_string}\"},\"query-input\":{\"@type\":\"PropertyValueSpecification\",\"valueRequired\":true,\"valueName\":\"search_term_string\"}}],\"inLanguage\":\"en-US\"},{\"@type\":\"Organization\",\"@id\":\"https:\/\/polowiec.pl\/en\/#organization\",\"name\":\"Polowiec i Wsp\u00f3lnicy - Kancelaria prawna\",\"url\":\"https:\/\/polowiec.pl\/en\/\",\"logo\":{\"@type\":\"ImageObject\",\"inLanguage\":\"en-US\",\"@id\":\"https:\/\/polowiec.pl\/en\/#\/schema\/logo\/image\/\",\"url\":\"https:\/\/polowiec.pl\/wp-content\/uploads\/2018\/10\/polowiec_logo2-1.png\",\"contentUrl\":\"https:\/\/polowiec.pl\/wp-content\/uploads\/2018\/10\/polowiec_logo2-1.png\",\"width\":540,\"height\":381,\"caption\":\"Polowiec i Wsp\u00f3lnicy - Kancelaria prawna\"},\"image\":{\"@id\":\"https:\/\/polowiec.pl\/en\/#\/schema\/logo\/image\/\"},\"sameAs\":[\"https:\/\/www.facebook.com\/polowieciwspolnicy\/\",\"https:\/\/www.linkedin.com\/company\/polowiec-i-wsplnicy-sp.j.\/about\/\"]},{\"@type\":\"Person\",\"@id\":\"https:\/\/polowiec.pl\/en\/#\/schema\/person\/ed8994874b775675a86115f307352d24\",\"name\":\"Super User\",\"image\":{\"@type\":\"ImageObject\",\"inLanguage\":\"en-US\",\"@id\":\"https:\/\/secure.gravatar.com\/avatar\/e759b874f0fa459bd87c83ff47148fc5718f86d9459564657124e571997afbf7?s=96&d=mm&r=g\",\"url\":\"https:\/\/secure.gravatar.com\/avatar\/e759b874f0fa459bd87c83ff47148fc5718f86d9459564657124e571997afbf7?s=96&d=mm&r=g\",\"contentUrl\":\"https:\/\/secure.gravatar.com\/avatar\/e759b874f0fa459bd87c83ff47148fc5718f86d9459564657124e571997afbf7?s=96&d=mm&r=g\",\"caption\":\"Super User\"}}]}<\/script>\n<!-- \/ Yoast SEO plugin. -->","yoast_head_json":{"title":"Legal Bulletin Of The Law Office Of Adam Polowiec (21 \u2013 27 january 2013 r.) - Polowiec i Wsp\u00f3lnicy - Kancelaria prawna","robots":{"index":"index","follow":"follow","max-snippet":"max-snippet:-1","max-image-preview":"max-image-preview:large","max-video-preview":"max-video-preview:-1"},"canonical":"https:\/\/polowiec.pl\/en\/legal-bulletin-of-the-law-office-of-adam-polowiec-21-27-january-2013-r\/","og_locale":"en_US","og_type":"article","og_title":"Legal Bulletin Of The Law Office Of Adam Polowiec (21 \u2013 27 january 2013 r.) - Polowiec i Wsp\u00f3lnicy - Kancelaria prawna","og_description":"We would like to present the next issue of legal bulletin of the Law Office of Adam Polowiec.What you will find here is some information about the new provisions of law and the projects of amendments to acts, but also case-laws including the case laws of Supreme Court, Constitutional Tribunal and European Court of Justice.","og_url":"https:\/\/polowiec.pl\/en\/legal-bulletin-of-the-law-office-of-adam-polowiec-21-27-january-2013-r\/","og_site_name":"Polowiec i Wsp\u00f3lnicy - Kancelaria prawna","article_publisher":"https:\/\/www.facebook.com\/polowieciwspolnicy\/","article_published_time":"2013-02-01T15:25:22+00:00","article_modified_time":"2018-10-11T08:43:02+00:00","author":"Super User","twitter_card":"summary_large_image","twitter_misc":{"Written by":"Super User","Est. reading time":"10 minutes"},"schema":{"@context":"https:\/\/schema.org","@graph":[{"@type":"Article","@id":"https:\/\/polowiec.pl\/en\/legal-bulletin-of-the-law-office-of-adam-polowiec-21-27-january-2013-r\/#article","isPartOf":{"@id":"https:\/\/polowiec.pl\/en\/legal-bulletin-of-the-law-office-of-adam-polowiec-21-27-january-2013-r\/"},"author":{"name":"Super User","@id":"https:\/\/polowiec.pl\/en\/#\/schema\/person\/ed8994874b775675a86115f307352d24"},"headline":"Legal Bulletin Of The Law Office Of Adam Polowiec (21 \u2013 27 january 2013 r.)","datePublished":"2013-02-01T15:25:22+00:00","dateModified":"2018-10-11T08:43:02+00:00","mainEntityOfPage":{"@id":"https:\/\/polowiec.pl\/en\/legal-bulletin-of-the-law-office-of-adam-polowiec-21-27-january-2013-r\/"},"wordCount":1975,"publisher":{"@id":"https:\/\/polowiec.pl\/en\/#organization"},"articleSection":["Newsletter"],"inLanguage":"en-US"},{"@type":"WebPage","@id":"https:\/\/polowiec.pl\/en\/legal-bulletin-of-the-law-office-of-adam-polowiec-21-27-january-2013-r\/","url":"https:\/\/polowiec.pl\/en\/legal-bulletin-of-the-law-office-of-adam-polowiec-21-27-january-2013-r\/","name":"Legal Bulletin Of The Law Office Of Adam Polowiec (21 \u2013 27 january 2013 r.) - Polowiec i Wsp\u00f3lnicy - Kancelaria prawna","isPartOf":{"@id":"https:\/\/polowiec.pl\/en\/#website"},"datePublished":"2013-02-01T15:25:22+00:00","dateModified":"2018-10-11T08:43:02+00:00","breadcrumb":{"@id":"https:\/\/polowiec.pl\/en\/legal-bulletin-of-the-law-office-of-adam-polowiec-21-27-january-2013-r\/#breadcrumb"},"inLanguage":"en-US","potentialAction":[{"@type":"ReadAction","target":["https:\/\/polowiec.pl\/en\/legal-bulletin-of-the-law-office-of-adam-polowiec-21-27-january-2013-r\/"]}]},{"@type":"BreadcrumbList","@id":"https:\/\/polowiec.pl\/en\/legal-bulletin-of-the-law-office-of-adam-polowiec-21-27-january-2013-r\/#breadcrumb","itemListElement":[{"@type":"ListItem","position":1,"name":"Strona g\u0142\u00f3wna","item":"https:\/\/polowiec.pl\/en\/"},{"@type":"ListItem","position":2,"name":"Legal Bulletin Of The Law Office Of Adam Polowiec (21 \u2013 27 january 2013 r.)"}]},{"@type":"WebSite","@id":"https:\/\/polowiec.pl\/en\/#website","url":"https:\/\/polowiec.pl\/en\/","name":"Polowiec i Wsp\u00f3lnicy - Kancelaria prawna","description":"Obs\u0142uga prawna","publisher":{"@id":"https:\/\/polowiec.pl\/en\/#organization"},"potentialAction":[{"@type":"SearchAction","target":{"@type":"EntryPoint","urlTemplate":"https:\/\/polowiec.pl\/en\/?s={search_term_string}"},"query-input":{"@type":"PropertyValueSpecification","valueRequired":true,"valueName":"search_term_string"}}],"inLanguage":"en-US"},{"@type":"Organization","@id":"https:\/\/polowiec.pl\/en\/#organization","name":"Polowiec i Wsp\u00f3lnicy - Kancelaria prawna","url":"https:\/\/polowiec.pl\/en\/","logo":{"@type":"ImageObject","inLanguage":"en-US","@id":"https:\/\/polowiec.pl\/en\/#\/schema\/logo\/image\/","url":"https:\/\/polowiec.pl\/wp-content\/uploads\/2018\/10\/polowiec_logo2-1.png","contentUrl":"https:\/\/polowiec.pl\/wp-content\/uploads\/2018\/10\/polowiec_logo2-1.png","width":540,"height":381,"caption":"Polowiec i Wsp\u00f3lnicy - Kancelaria prawna"},"image":{"@id":"https:\/\/polowiec.pl\/en\/#\/schema\/logo\/image\/"},"sameAs":["https:\/\/www.facebook.com\/polowieciwspolnicy\/","https:\/\/www.linkedin.com\/company\/polowiec-i-wsplnicy-sp.j.\/about\/"]},{"@type":"Person","@id":"https:\/\/polowiec.pl\/en\/#\/schema\/person\/ed8994874b775675a86115f307352d24","name":"Super User","image":{"@type":"ImageObject","inLanguage":"en-US","@id":"https:\/\/secure.gravatar.com\/avatar\/e759b874f0fa459bd87c83ff47148fc5718f86d9459564657124e571997afbf7?s=96&d=mm&r=g","url":"https:\/\/secure.gravatar.com\/avatar\/e759b874f0fa459bd87c83ff47148fc5718f86d9459564657124e571997afbf7?s=96&d=mm&r=g","contentUrl":"https:\/\/secure.gravatar.com\/avatar\/e759b874f0fa459bd87c83ff47148fc5718f86d9459564657124e571997afbf7?s=96&d=mm&r=g","caption":"Super User"}}]}},"_links":{"self":[{"href":"https:\/\/polowiec.pl\/en\/wp-json\/wp\/v2\/posts\/461","targetHints":{"allow":["GET"]}}],"collection":[{"href":"https:\/\/polowiec.pl\/en\/wp-json\/wp\/v2\/posts"}],"about":[{"href":"https:\/\/polowiec.pl\/en\/wp-json\/wp\/v2\/types\/post"}],"author":[{"embeddable":true,"href":"https:\/\/polowiec.pl\/en\/wp-json\/wp\/v2\/users\/2"}],"replies":[{"embeddable":true,"href":"https:\/\/polowiec.pl\/en\/wp-json\/wp\/v2\/comments?post=461"}],"version-history":[{"count":0,"href":"https:\/\/polowiec.pl\/en\/wp-json\/wp\/v2\/posts\/461\/revisions"}],"wp:attachment":[{"href":"https:\/\/polowiec.pl\/en\/wp-json\/wp\/v2\/media?parent=461"}],"wp:term":[{"taxonomy":"category","embeddable":true,"href":"https:\/\/polowiec.pl\/en\/wp-json\/wp\/v2\/categories?post=461"},{"taxonomy":"post_tag","embeddable":true,"href":"https:\/\/polowiec.pl\/en\/wp-json\/wp\/v2\/tags?post=461"}],"curies":[{"name":"wp","href":"https:\/\/api.w.org\/{rel}","templated":true}]}}