{"id":462,"date":"2013-02-15T02:33:47","date_gmt":"2013-02-15T01:33:47","guid":{"rendered":"https:\/\/nowa.polowiec.pl\/legal-bulletin-of-the-law-office-of-adam-polowiec-28-january-3-february-2013-r\/"},"modified":"2018-10-11T10:43:02","modified_gmt":"2018-10-11T08:43:02","slug":"legal-bulletin-of-the-law-office-of-adam-polowiec-28-january-3-february-2013-r","status":"publish","type":"post","link":"https:\/\/polowiec.pl\/en\/legal-bulletin-of-the-law-office-of-adam-polowiec-28-january-3-february-2013-r\/","title":{"rendered":"Legal Bulletin Of The Law Office Of Adam Polowiec (28 january \u2013 3 february 2013 r.)"},"content":{"rendered":"<p>We would like to present the next issue of legal bulletin of the Law Office of Adam Polowiec.<br \/>What you will find here is some information about the new provisions of law and the projects of amendments to acts, but also case-laws including the case laws of Supreme Court, Constitutional Tribunal and European Court of Justice. <!--more--> <\/p>\n<p>\u00a0<\/p>\n<p><strong>PRAWO RUCHU DROGOWEGO<\/strong><\/p>\n<p><strong>Ustawa<\/strong> z dnia 4 stycznia 2013 r. o zmianie ustawy o kieruj\u0105cych pojazdami (Dz.\u00a0U.\u00a0z\u00a02013 r., poz. 82) \u2013 <strong>wesz\u0142a w \u017cycie z dniem 18 stycznia 2013 r.<\/strong><\/p>\n<p>W ustawie z dnia 5 stycznia 2011 r. o kieruj\u0105cych pojazdami (Dz. U. z 2011 r., nr 30, poz. 151 z p\u00f3\u017an. zm.) uleg\u0142o zmianie brzmienie art. 82, art. 103, art. 128, art. 136, art.\u00a0139, zosta\u0142y dodane art. 135a i b, art. 138a i b.<\/p>\n<p><strong>Rozporz\u0105dzenie<\/strong> Ministra Transportu, Budownictwa i Gospodarki Morskiej z dnia 11\u00a0stycznia 2013 r. w sprawie wysoko\u015bci op\u0142at za wydanie dokument\u00f3w stwierdzaj\u0105cych uprawnienia do kierowania pojazdami (Dz. U. z 2013 r., poz. 83) \u2013 <strong>wesz\u0142o w \u017cycie z\u00a0dniem 19 stycznia 2013 r.<\/strong><\/p>\n<p><strong>Rozporz\u0105dzenie<\/strong> Ministra Transportu, Budownictwa i Gospodarki Morskiej z dnia 16\u00a0stycznia 2013 r. w sprawie doskonalenia techniki jazdy (Dz. U. z 2013 r., poz. 91)\u00a0\u2013 <strong>wesz\u0142o w \u017cycie z dniem 19 stycznia 2013 r.<\/strong><\/p>\n<p><strong>Rozporz\u0105dzenie<\/strong> Ministra Transportu, Budownictwa i Gospodarki Morskiej z dnia 10\u00a0stycznia 2013 r. zmieniaj\u0105ce rozporz\u0105dzenie w sprawie szkolenia kierowc\u00f3w wykonuj\u0105cych przew\u00f3z drogowy (Dz. U. z 2013 r., poz.92) \u2013 <strong>wesz\u0142o w \u017cycie z dniem 19 stycznia 2013 r.<\/strong><\/p>\n<p>W rozporz\u0105dzeniu Ministra Infrastruktury z dnia 1 kwietnia 2010 r. w sprawie szkolenia kierowc\u00f3w wykonuj\u0105cych przew\u00f3z drogowy (Dz. U. z 2010 r., nr 53, poz. 314) uleg\u0142o zmianie brzmienie \u00a73 i \u00a7 4.<\/p>\n<p><strong>Rozporz\u0105dzenie<\/strong> Ministra Transportu, Budownictwa i Gospodarki Morskiej z dnia 16\u00a0stycznia 2013 r. w sprawie uzyskiwania uprawnie\u0144 przez instruktor\u00f3w i wyk\u0142adowc\u00f3w, op\u0142at oraz wzor\u00f3w dokument\u00f3w stosowanych w tych sprawach, a tak\u017ce stawek wynagrodzenia cz\u0142onk\u00f3w komisji (Dz. U. z 2013 r., poz.93) \u2013 <strong>wesz\u0142o w \u017cycie z dniem 19 stycznia 2013 r.<\/strong><\/p>\n<p>\u00a0<\/p>\n<p><strong>PRAWO TRANSPORTOWE<\/strong><\/p>\n<p><strong>Rozporz\u0105dzenie<\/strong> Ministra Transportu, Budownictwa i Gospodarki Morskiej z dnia 18\u00a0stycznia 2013 r. w sprawie okre\u015blenia wzor\u00f3w zeznania podatkowego oraz o\u015bwiadczenia o wyborze opodatkowania podatkiem tona\u017cowym (Dz. U. z 2013 r., poz.\u00a094) \u2013 <strong>wesz\u0142o w\u00a0\u017cycie z dniem 18 stycznia 2013 r.<\/strong><\/p>\n<p>\u00a0<\/p>\n<p><strong>NIERUCHOMO\u015aCI<\/strong><\/p>\n<p><strong>Rozporz\u0105dzenie<\/strong> Rady Ministr\u00f3w z dnia 7 stycznia 2013 r. zmieniaj\u0105ce rozporz\u0105dzenie w\u00a0sprawie rozlicze\u0144 z bankami z tytu\u0142u przej\u015bciowego wykupienia ze \u015brodk\u00f3w bud\u017cetu pa\u0144stwa odsetek od kredyt\u00f3w mieszkaniowych (Dz. U. z 2013 r., poz. 89) \u2013 <strong>wesz\u0142o w\u00a0\u017cycie z dniem 19 stycznia 2013 r.<\/strong><\/p>\n<p>W rozporz\u0105dzeniu Rady Ministr\u00f3w z dnia 25 lutego 2003 r. w sprawie rozlicze\u0144 z bankami z tytu\u0142u przej\u015bciowego wykupienia ze \u015brodk\u00f3w bud\u017cetu pa\u0144stwa odsetek od kredyt\u00f3w mieszkaniowych (Dz. U. z 2003 r., nr 51, poz. 440, z 2006 r., nr 165, poz. 1169 oraz z\u00a02010 r., nr 259, poz. 1762) uleg\u0142o zmianie brzmienie \u00a75 \u2013 7.<\/p>\n<p><strong>Rozporz\u0105dzenie<\/strong> Rady Ministr\u00f3w z dnia 7 stycznia 2013 r. zmieniaj\u0105ce rozporz\u0105dzenie w\u00a0sprawie umorze\u0144 zad\u0142u\u017cenia z tytu\u0142u przej\u015bciowego wykupienia odsetek od kredyt\u00f3w mieszkaniowych (Dz. U. z 2013 r., poz. 90) \u2013 <strong>wesz\u0142o w \u017cycie z dniem 19\u00a0stycznia\u00a02013 r.<\/strong><\/p>\n<p>W rozporz\u0105dzeniu Rady Ministr\u00f3w z dnia 29 grudnia 2009 r. w sprawie umorze\u0144 zad\u0142u\u017cenia z tytu\u0142u przej\u015bciowego wykupienia odsetek od kredyt\u00f3w mieszkaniowych (Dz.\u00a0U. z 2009 r., nr 226, poz. 1815) uleg\u0142o zmianie brzmienie \u00a78.<\/p>\n<p><strong>Rozporz\u0105dzenie<\/strong> Ministra \u015arodowiska z dnia 11 stycznia 2013 r. w sprawie szczeg\u00f3\u0142owych wymaga\u0144 w zakresie odbierania odpad\u00f3w komunalnych od w\u0142a\u015bcicieli nieruchomo\u015bci (Dz. U. z 2013 r., poz. 122) \u2013 <strong>wejdzie w \u017cycie z dniem 9\u00a0lutego\u00a02013\u00a0r.<\/strong><\/p>\n<p>\u00a0<\/p>\n<p><strong>PODATKI I RACHUNKOWO\u015a\u0106<\/strong><\/p>\n<p><strong>Rozporz\u0105dzenie <\/strong>Ministra Finans\u00f3w z dnia 11 stycznia 2013 r. zmieniaj\u0105ce rozporz\u0105dzenie w sprawie okre\u015blenia rodzaj\u00f3w deklaracji, kt\u00f3re mog\u0105 by\u0107 sk\u0142adane za\u00a0pomoc\u0105 \u015brodk\u00f3w komunikacji elektronicznej (Dz. U. z 2013 r., poz. 98) \u2013 <strong>wesz\u0142o w\u00a0\u017cycie z dniem 29 stycznia 2013 r.<\/strong><\/p>\n<p>W rozporz\u0105dzeniu Ministra Finans\u00f3w z dnia 19 grudnia 2007 r. w sprawie okre\u015blenia rodzaj\u00f3w deklaracji, kt\u00f3re mog\u0105 by\u0107 sk\u0142adane za pomoc\u0105 \u015brodk\u00f3w komunikacji elektronicznej (Dz. U. z 2013 r., poz. 85) uleg\u0142o zmianie brzmienie \u00a71.<\/p>\n<p>\u00a0<\/p>\n<p><strong>PRAWO PRACY I UBEZPIECZE\u0143 SPO\u0141ECZNYCH<\/strong><\/p>\n<p><strong>Rozporz\u0105dzenie<\/strong> Ministra Nauki i Szkolnictwa Wy\u017cszego z dnia 15 stycznia 2013 r. w\u00a0sprawie nagr\u00f3d za wybitne osi\u0105gni\u0119cia naukowe oraz za osi\u0105gni\u0119cia w opiece naukowej i dydaktycznej (Dz. U. z 2013 r., poz. 101) \u2013 <strong>wesz\u0142o w \u017cycie z dniem 23\u00a0stycznia\u00a02013 r.<\/strong><\/p>\n<p>\u00a0<\/p>\n<p><strong>WSP\u00d3\u0141PRACA EUROPEJSKA<\/strong><\/p>\n<p><strong>Rozporz\u0105dzenie <\/strong>Ministra Sprawiedliwo\u015bci z dnia 16 stycznia 2013 r. w sprawie okre\u015blenia wzoru za\u015bwiadczenia stosowanego w razie przekazania do pa\u0144stwa cz\u0142onkowskiego Unii Europejskiej informacji o okoliczno\u015bciach maj\u0105cych wp\u0142yw na\u00a0wykonanie orzeczenia wydanego w celu zapewnienia prawid\u0142owego toku post\u0119powania (Dz. U. z 2013 r., poz. 125) \u2013 <strong>wejdzie w \u017cycie z dniem 12 lutego 2013 r.<\/strong><\/p>\n<p><strong>Rozporz\u0105dzenie <\/strong>Ministra Sprawiedliwo\u015bci z dnia 16 stycznia 2013 r. w sprawie okre\u015blenia wzoru za\u015bwiadczenia stosowanego w razie wyst\u0105pienia do pa\u0144stwa cz\u0142onkowskiego Unii Europejskiej o wykonanie \u015brodka zapobiegawczego (Dz. U. z 2013 r., poz. 126) \u2013 <strong>wejdzie w \u017cycie z dniem 12 lutego 2013 r.<\/strong><\/p>\n<p><strong>Rozporz\u0105dzenie <\/strong>Ministra Sprawiedliwo\u015bci z dnia 16 stycznia 2013 r. zmieniaj\u0105ce rozporz\u0105dzenie w sprawie szczeg\u00f3\u0142owych czynno\u015bci s\u0105d\u00f3w w sprawach z zakresu mi\u0119dzynarodowego post\u0119powania cywilnego oraz karnego w stosunkach mi\u0119dzynarodowych (Dz. U. z 2013 r., poz. 127) \u2013 <strong>wejdzie w \u017cycie z dniem 12\u00a0lutego\u00a02013 r.<\/strong><\/p>\n<p>W rozporz\u0105dzeniu Ministra Sprawiedliwo\u015bci z dnia 28 stycznia 2002 r. w sprawie szczeg\u00f3\u0142owych czynno\u015bci s\u0105d\u00f3w w sprawach z zakresu mi\u0119dzynarodowego post\u0119powania cywilnego oraz karnego w stosunkach mi\u0119dzynarodowych (Dz. U. z 2002 r., nr 17, poz.\u00a0164, z 2005 r., nr 109, poz. 916 oraz z 2009 r., nr 207, poz. 1599) zosta\u0142 dodany rozdzia\u0142 4a.<\/p>\n<p>\u00a0<\/p>\n<p><strong><\/p>\n<h3 class=\"newsletter-naglowek\">Orzecznictwo<\/h3>\n<p><\/strong><\/p>\n<p>\u00a0<\/p>\n<p><strong>REKRUTACJA DO SZK\u00d3\u0141 I PRZEDSZKOLI<\/strong><\/p>\n<p>Trybuna\u0142 Konstytucyjny uzna\u0142, \u017ce uregulowanie kryteri\u00f3w i procedur przyjmowania dzieci do szk\u00f3\u0142 i przedszkoli w rozporz\u0105dzeniu wydanym bez dostatecznych podstaw ustawowych jest niezgodne z Konstytucj\u0105. W ustawie o systemie o\u015bwiaty brakuje bowiem katalogu cech kandydat\u00f3w do plac\u00f3wek edukacyjnych. Nie ma te\u017c procedur odwo\u0142awczych od decyzji o nieprzyj\u0119ciu dziecka do wybranej szko\u0142y lub przedszkola, a\u00a0to\u00a0powoduje samoistno\u015b\u0107 regulacji wprowadzanej w rozporz\u0105dzeniu. Dlatego materia ta\u00a0(a przynajmniej jej og\u00f3lne za\u0142o\u017cenia) zdecydowanie wymaga \u2013 zdaniem s\u0119dzi\u00f3w\u00a0\u2013 regulacji ustawowej. Dotyczy to zw\u0142aszcza preferencji dla niekt\u00f3rych kandydat\u00f3w (powoduj\u0105 one bowiem ograniczenia korzystania z konstytucyjnego prawa do edukacji przez pozosta\u0142e, nieuprzywilejowane osoby), zasad przetwarzania danych o osobach ubiegaj\u0105cych si\u0119 o przyj\u0119cie do poszczeg\u00f3lnych plac\u00f3wek i ich rodzinach oraz modelu procedury odwo\u0142awczej (w tym kontroli s\u0105dowej) od decyzji o nieprzyj\u0119ciu dziecka do\u00a0wybranej szko\u0142y lub przedszkola &#8211; <strong>wyrok Trybuna\u0142u Konstytucyjnego z dnia 8\u00a0stycznia 2013 r., sygn. akt: K 38\/12.<\/strong><\/p>\n<p>\u00a0<\/p>\n<p><strong>PRZYWR\u00d3CENIE TERMINU<\/strong><\/p>\n<p>Trybuna\u0142 Konstytucyjny uzna\u0142 za zgodny z Konstytucj\u0105 jeden z warunk\u00f3w wniesienia subsydiarnego aktu oskar\u017cenia, polegaj\u0105cy na konieczno\u015bci dochowania miesi\u0119cznego terminu od dor\u0119czenia pokrzywdzonemu postanowienia o odmowie wszcz\u0119cia lub\u00a0o\u00a0umorzeniu post\u0119powania. Z uwagi na prekluzyjny charakter tego terminu wniesienie stosownego pisma p\u00f3\u017aniej \u2013 bez wzgl\u0119du na przyczyn\u0119 zw\u0142oki \u2013 poci\u0105ga za\u00a0sob\u0105 utrat\u0119 uprawnienia. Pokrzywdzony nie mo\u017ce \u017c\u0105da\u0107 przywr\u00f3cenia terminu, nawet gdy nie by\u0142 w stanie go dotrzyma\u0107 z powod\u00f3w od niego niezale\u017cnych &#8211; <strong>wyrok Trybuna\u0142u Konstytucyjnego z dnia 8 stycznia 2013 r., sygn. akt: K 18\/10.<\/strong><\/p>\n<p>\u00a0<\/p>\n<p><strong><\/p>\n<h2 class=\"newsletter-naglowek\">Projekty, Nowelizacje, Zmiany<\/h2>\n<p><\/strong><\/p>\n<p><strong>PRAWO PRACY I UBEZPIECZE\u0143 SPO\u0141ECZNYCH<\/strong><\/p>\n<p><strong>Od 1 marca 2013 r. diety za podr\u00f3\u017ce s\u0142u\u017cbowe wy\u017csze o 30%<\/strong><\/p>\n<p>Za dob\u0119 delegacji na obszarze polski pracownik otrzyma 30 z\u0142, czyli o 7 z\u0142 wi\u0119cej ni\u017c\u00a0dotychczas.<\/p>\n","protected":false},"excerpt":{"rendered":"<p>We would like to present the next issue of legal bulletin of the Law Office of Adam Polowiec.What you will find here is some information about the new provisions of law and the projects of amendments to acts, but also case-laws including the case laws of Supreme Court, Constitutional Tribunal and European Court of Justice.<\/p>\n","protected":false},"author":2,"featured_media":0,"comment_status":"closed","ping_status":"open","sticky":false,"template":"","format":"standard","meta":{"footnotes":""},"categories":[11],"tags":[],"class_list":["post-462","post","type-post","status-publish","format-standard","hentry","category-newsletters"],"featured_image_src":{"landsacpe":false,"list":false,"medium":false,"full":false},"yoast_head":"<!-- This site is optimized with the Yoast SEO plugin v27.2 - https:\/\/yoast.com\/product\/yoast-seo-wordpress\/ -->\n<title>Legal Bulletin Of The Law Office Of Adam Polowiec (28 january \u2013 3 february 2013 r.) - Polowiec i Wsp\u00f3lnicy - Kancelaria prawna<\/title>\n<meta name=\"robots\" content=\"index, follow, max-snippet:-1, max-image-preview:large, max-video-preview:-1\" \/>\n<link rel=\"canonical\" href=\"https:\/\/polowiec.pl\/en\/legal-bulletin-of-the-law-office-of-adam-polowiec-28-january-3-february-2013-r\/\" \/>\n<meta property=\"og:locale\" content=\"en_US\" \/>\n<meta property=\"og:type\" content=\"article\" \/>\n<meta property=\"og:title\" content=\"Legal Bulletin Of The Law Office Of Adam Polowiec (28 january \u2013 3 february 2013 r.) - Polowiec i Wsp\u00f3lnicy - Kancelaria prawna\" \/>\n<meta property=\"og:description\" content=\"We would like to present the next issue of legal bulletin of the Law Office of Adam Polowiec.What you will find here is some information about the new provisions of law and the projects of amendments to acts, but also case-laws including the case laws of Supreme Court, Constitutional Tribunal and European Court of Justice.\" \/>\n<meta property=\"og:url\" content=\"https:\/\/polowiec.pl\/en\/legal-bulletin-of-the-law-office-of-adam-polowiec-28-january-3-february-2013-r\/\" \/>\n<meta property=\"og:site_name\" content=\"Polowiec i Wsp\u00f3lnicy - Kancelaria prawna\" \/>\n<meta property=\"article:publisher\" content=\"https:\/\/www.facebook.com\/polowieciwspolnicy\/\" \/>\n<meta property=\"article:published_time\" content=\"2013-02-15T01:33:47+00:00\" \/>\n<meta property=\"article:modified_time\" content=\"2018-10-11T08:43:02+00:00\" \/>\n<meta name=\"author\" content=\"Super User\" \/>\n<meta name=\"twitter:card\" content=\"summary_large_image\" \/>\n<meta name=\"twitter:label1\" content=\"Written by\" \/>\n\t<meta name=\"twitter:data1\" content=\"Super User\" \/>\n\t<meta name=\"twitter:label2\" content=\"Est. reading time\" \/>\n\t<meta name=\"twitter:data2\" content=\"6 minutes\" \/>\n<script type=\"application\/ld+json\" class=\"yoast-schema-graph\">{\"@context\":\"https:\/\/schema.org\",\"@graph\":[{\"@type\":\"Article\",\"@id\":\"https:\/\/polowiec.pl\/en\/legal-bulletin-of-the-law-office-of-adam-polowiec-28-january-3-february-2013-r\/#article\",\"isPartOf\":{\"@id\":\"https:\/\/polowiec.pl\/en\/legal-bulletin-of-the-law-office-of-adam-polowiec-28-january-3-february-2013-r\/\"},\"author\":{\"name\":\"Super User\",\"@id\":\"https:\/\/polowiec.pl\/en\/#\/schema\/person\/ed8994874b775675a86115f307352d24\"},\"headline\":\"Legal Bulletin Of The Law Office Of Adam Polowiec (28 january \u2013 3 february 2013 r.)\",\"datePublished\":\"2013-02-15T01:33:47+00:00\",\"dateModified\":\"2018-10-11T08:43:02+00:00\",\"mainEntityOfPage\":{\"@id\":\"https:\/\/polowiec.pl\/en\/legal-bulletin-of-the-law-office-of-adam-polowiec-28-january-3-february-2013-r\/\"},\"wordCount\":1254,\"publisher\":{\"@id\":\"https:\/\/polowiec.pl\/en\/#organization\"},\"articleSection\":[\"Newsletter\"],\"inLanguage\":\"en-US\"},{\"@type\":\"WebPage\",\"@id\":\"https:\/\/polowiec.pl\/en\/legal-bulletin-of-the-law-office-of-adam-polowiec-28-january-3-february-2013-r\/\",\"url\":\"https:\/\/polowiec.pl\/en\/legal-bulletin-of-the-law-office-of-adam-polowiec-28-january-3-february-2013-r\/\",\"name\":\"Legal Bulletin Of The Law Office Of Adam Polowiec (28 january \u2013 3 february 2013 r.) - Polowiec i Wsp\u00f3lnicy - Kancelaria prawna\",\"isPartOf\":{\"@id\":\"https:\/\/polowiec.pl\/en\/#website\"},\"datePublished\":\"2013-02-15T01:33:47+00:00\",\"dateModified\":\"2018-10-11T08:43:02+00:00\",\"breadcrumb\":{\"@id\":\"https:\/\/polowiec.pl\/en\/legal-bulletin-of-the-law-office-of-adam-polowiec-28-january-3-february-2013-r\/#breadcrumb\"},\"inLanguage\":\"en-US\",\"potentialAction\":[{\"@type\":\"ReadAction\",\"target\":[\"https:\/\/polowiec.pl\/en\/legal-bulletin-of-the-law-office-of-adam-polowiec-28-january-3-february-2013-r\/\"]}]},{\"@type\":\"BreadcrumbList\",\"@id\":\"https:\/\/polowiec.pl\/en\/legal-bulletin-of-the-law-office-of-adam-polowiec-28-january-3-february-2013-r\/#breadcrumb\",\"itemListElement\":[{\"@type\":\"ListItem\",\"position\":1,\"name\":\"Strona g\u0142\u00f3wna\",\"item\":\"https:\/\/polowiec.pl\/en\/\"},{\"@type\":\"ListItem\",\"position\":2,\"name\":\"Legal Bulletin Of The Law Office Of Adam Polowiec (28 january \u2013 3 february 2013 r.)\"}]},{\"@type\":\"WebSite\",\"@id\":\"https:\/\/polowiec.pl\/en\/#website\",\"url\":\"https:\/\/polowiec.pl\/en\/\",\"name\":\"Polowiec i Wsp\u00f3lnicy - Kancelaria prawna\",\"description\":\"Obs\u0142uga prawna\",\"publisher\":{\"@id\":\"https:\/\/polowiec.pl\/en\/#organization\"},\"potentialAction\":[{\"@type\":\"SearchAction\",\"target\":{\"@type\":\"EntryPoint\",\"urlTemplate\":\"https:\/\/polowiec.pl\/en\/?s={search_term_string}\"},\"query-input\":{\"@type\":\"PropertyValueSpecification\",\"valueRequired\":true,\"valueName\":\"search_term_string\"}}],\"inLanguage\":\"en-US\"},{\"@type\":\"Organization\",\"@id\":\"https:\/\/polowiec.pl\/en\/#organization\",\"name\":\"Polowiec i Wsp\u00f3lnicy - Kancelaria prawna\",\"url\":\"https:\/\/polowiec.pl\/en\/\",\"logo\":{\"@type\":\"ImageObject\",\"inLanguage\":\"en-US\",\"@id\":\"https:\/\/polowiec.pl\/en\/#\/schema\/logo\/image\/\",\"url\":\"https:\/\/polowiec.pl\/wp-content\/uploads\/2018\/10\/polowiec_logo2-1.png\",\"contentUrl\":\"https:\/\/polowiec.pl\/wp-content\/uploads\/2018\/10\/polowiec_logo2-1.png\",\"width\":540,\"height\":381,\"caption\":\"Polowiec i Wsp\u00f3lnicy - Kancelaria prawna\"},\"image\":{\"@id\":\"https:\/\/polowiec.pl\/en\/#\/schema\/logo\/image\/\"},\"sameAs\":[\"https:\/\/www.facebook.com\/polowieciwspolnicy\/\",\"https:\/\/www.linkedin.com\/company\/polowiec-i-wsplnicy-sp.j.\/about\/\"]},{\"@type\":\"Person\",\"@id\":\"https:\/\/polowiec.pl\/en\/#\/schema\/person\/ed8994874b775675a86115f307352d24\",\"name\":\"Super User\",\"image\":{\"@type\":\"ImageObject\",\"inLanguage\":\"en-US\",\"@id\":\"https:\/\/secure.gravatar.com\/avatar\/e759b874f0fa459bd87c83ff47148fc5718f86d9459564657124e571997afbf7?s=96&d=mm&r=g\",\"url\":\"https:\/\/secure.gravatar.com\/avatar\/e759b874f0fa459bd87c83ff47148fc5718f86d9459564657124e571997afbf7?s=96&d=mm&r=g\",\"contentUrl\":\"https:\/\/secure.gravatar.com\/avatar\/e759b874f0fa459bd87c83ff47148fc5718f86d9459564657124e571997afbf7?s=96&d=mm&r=g\",\"caption\":\"Super User\"}}]}<\/script>\n<!-- \/ Yoast SEO plugin. -->","yoast_head_json":{"title":"Legal Bulletin Of The Law Office Of Adam Polowiec (28 january \u2013 3 february 2013 r.) - Polowiec i Wsp\u00f3lnicy - Kancelaria prawna","robots":{"index":"index","follow":"follow","max-snippet":"max-snippet:-1","max-image-preview":"max-image-preview:large","max-video-preview":"max-video-preview:-1"},"canonical":"https:\/\/polowiec.pl\/en\/legal-bulletin-of-the-law-office-of-adam-polowiec-28-january-3-february-2013-r\/","og_locale":"en_US","og_type":"article","og_title":"Legal Bulletin Of The Law Office Of Adam Polowiec (28 january \u2013 3 february 2013 r.) - Polowiec i Wsp\u00f3lnicy - Kancelaria prawna","og_description":"We would like to present the next issue of legal bulletin of the Law Office of Adam Polowiec.What you will find here is some information about the new provisions of law and the projects of amendments to acts, but also case-laws including the case laws of Supreme Court, Constitutional Tribunal and European Court of Justice.","og_url":"https:\/\/polowiec.pl\/en\/legal-bulletin-of-the-law-office-of-adam-polowiec-28-january-3-february-2013-r\/","og_site_name":"Polowiec i Wsp\u00f3lnicy - Kancelaria prawna","article_publisher":"https:\/\/www.facebook.com\/polowieciwspolnicy\/","article_published_time":"2013-02-15T01:33:47+00:00","article_modified_time":"2018-10-11T08:43:02+00:00","author":"Super User","twitter_card":"summary_large_image","twitter_misc":{"Written by":"Super User","Est. reading time":"6 minutes"},"schema":{"@context":"https:\/\/schema.org","@graph":[{"@type":"Article","@id":"https:\/\/polowiec.pl\/en\/legal-bulletin-of-the-law-office-of-adam-polowiec-28-january-3-february-2013-r\/#article","isPartOf":{"@id":"https:\/\/polowiec.pl\/en\/legal-bulletin-of-the-law-office-of-adam-polowiec-28-january-3-february-2013-r\/"},"author":{"name":"Super User","@id":"https:\/\/polowiec.pl\/en\/#\/schema\/person\/ed8994874b775675a86115f307352d24"},"headline":"Legal Bulletin Of The Law Office Of Adam Polowiec (28 january \u2013 3 february 2013 r.)","datePublished":"2013-02-15T01:33:47+00:00","dateModified":"2018-10-11T08:43:02+00:00","mainEntityOfPage":{"@id":"https:\/\/polowiec.pl\/en\/legal-bulletin-of-the-law-office-of-adam-polowiec-28-january-3-february-2013-r\/"},"wordCount":1254,"publisher":{"@id":"https:\/\/polowiec.pl\/en\/#organization"},"articleSection":["Newsletter"],"inLanguage":"en-US"},{"@type":"WebPage","@id":"https:\/\/polowiec.pl\/en\/legal-bulletin-of-the-law-office-of-adam-polowiec-28-january-3-february-2013-r\/","url":"https:\/\/polowiec.pl\/en\/legal-bulletin-of-the-law-office-of-adam-polowiec-28-january-3-february-2013-r\/","name":"Legal Bulletin Of The Law Office Of Adam Polowiec (28 january \u2013 3 february 2013 r.) - Polowiec i Wsp\u00f3lnicy - Kancelaria prawna","isPartOf":{"@id":"https:\/\/polowiec.pl\/en\/#website"},"datePublished":"2013-02-15T01:33:47+00:00","dateModified":"2018-10-11T08:43:02+00:00","breadcrumb":{"@id":"https:\/\/polowiec.pl\/en\/legal-bulletin-of-the-law-office-of-adam-polowiec-28-january-3-february-2013-r\/#breadcrumb"},"inLanguage":"en-US","potentialAction":[{"@type":"ReadAction","target":["https:\/\/polowiec.pl\/en\/legal-bulletin-of-the-law-office-of-adam-polowiec-28-january-3-february-2013-r\/"]}]},{"@type":"BreadcrumbList","@id":"https:\/\/polowiec.pl\/en\/legal-bulletin-of-the-law-office-of-adam-polowiec-28-january-3-february-2013-r\/#breadcrumb","itemListElement":[{"@type":"ListItem","position":1,"name":"Strona g\u0142\u00f3wna","item":"https:\/\/polowiec.pl\/en\/"},{"@type":"ListItem","position":2,"name":"Legal Bulletin Of The Law Office Of Adam Polowiec (28 january \u2013 3 february 2013 r.)"}]},{"@type":"WebSite","@id":"https:\/\/polowiec.pl\/en\/#website","url":"https:\/\/polowiec.pl\/en\/","name":"Polowiec i Wsp\u00f3lnicy - Kancelaria prawna","description":"Obs\u0142uga prawna","publisher":{"@id":"https:\/\/polowiec.pl\/en\/#organization"},"potentialAction":[{"@type":"SearchAction","target":{"@type":"EntryPoint","urlTemplate":"https:\/\/polowiec.pl\/en\/?s={search_term_string}"},"query-input":{"@type":"PropertyValueSpecification","valueRequired":true,"valueName":"search_term_string"}}],"inLanguage":"en-US"},{"@type":"Organization","@id":"https:\/\/polowiec.pl\/en\/#organization","name":"Polowiec i Wsp\u00f3lnicy - Kancelaria prawna","url":"https:\/\/polowiec.pl\/en\/","logo":{"@type":"ImageObject","inLanguage":"en-US","@id":"https:\/\/polowiec.pl\/en\/#\/schema\/logo\/image\/","url":"https:\/\/polowiec.pl\/wp-content\/uploads\/2018\/10\/polowiec_logo2-1.png","contentUrl":"https:\/\/polowiec.pl\/wp-content\/uploads\/2018\/10\/polowiec_logo2-1.png","width":540,"height":381,"caption":"Polowiec i Wsp\u00f3lnicy - Kancelaria prawna"},"image":{"@id":"https:\/\/polowiec.pl\/en\/#\/schema\/logo\/image\/"},"sameAs":["https:\/\/www.facebook.com\/polowieciwspolnicy\/","https:\/\/www.linkedin.com\/company\/polowiec-i-wsplnicy-sp.j.\/about\/"]},{"@type":"Person","@id":"https:\/\/polowiec.pl\/en\/#\/schema\/person\/ed8994874b775675a86115f307352d24","name":"Super User","image":{"@type":"ImageObject","inLanguage":"en-US","@id":"https:\/\/secure.gravatar.com\/avatar\/e759b874f0fa459bd87c83ff47148fc5718f86d9459564657124e571997afbf7?s=96&d=mm&r=g","url":"https:\/\/secure.gravatar.com\/avatar\/e759b874f0fa459bd87c83ff47148fc5718f86d9459564657124e571997afbf7?s=96&d=mm&r=g","contentUrl":"https:\/\/secure.gravatar.com\/avatar\/e759b874f0fa459bd87c83ff47148fc5718f86d9459564657124e571997afbf7?s=96&d=mm&r=g","caption":"Super User"}}]}},"_links":{"self":[{"href":"https:\/\/polowiec.pl\/en\/wp-json\/wp\/v2\/posts\/462","targetHints":{"allow":["GET"]}}],"collection":[{"href":"https:\/\/polowiec.pl\/en\/wp-json\/wp\/v2\/posts"}],"about":[{"href":"https:\/\/polowiec.pl\/en\/wp-json\/wp\/v2\/types\/post"}],"author":[{"embeddable":true,"href":"https:\/\/polowiec.pl\/en\/wp-json\/wp\/v2\/users\/2"}],"replies":[{"embeddable":true,"href":"https:\/\/polowiec.pl\/en\/wp-json\/wp\/v2\/comments?post=462"}],"version-history":[{"count":0,"href":"https:\/\/polowiec.pl\/en\/wp-json\/wp\/v2\/posts\/462\/revisions"}],"wp:attachment":[{"href":"https:\/\/polowiec.pl\/en\/wp-json\/wp\/v2\/media?parent=462"}],"wp:term":[{"taxonomy":"category","embeddable":true,"href":"https:\/\/polowiec.pl\/en\/wp-json\/wp\/v2\/categories?post=462"},{"taxonomy":"post_tag","embeddable":true,"href":"https:\/\/polowiec.pl\/en\/wp-json\/wp\/v2\/tags?post=462"}],"curies":[{"name":"wp","href":"https:\/\/api.w.org\/{rel}","templated":true}]}}