{"id":465,"date":"2013-02-22T17:17:22","date_gmt":"2013-02-22T16:17:22","guid":{"rendered":"https:\/\/nowa.polowiec.pl\/legal-bulletin-of-the-law-office-of-adam-polowiec-18-24-february-2013-r\/"},"modified":"2018-10-11T10:43:02","modified_gmt":"2018-10-11T08:43:02","slug":"legal-bulletin-of-the-law-office-of-adam-polowiec-18-24-february-2013-r","status":"publish","type":"post","link":"https:\/\/polowiec.pl\/en\/legal-bulletin-of-the-law-office-of-adam-polowiec-18-24-february-2013-r\/","title":{"rendered":"Legal Bulletin Of The Law Office Of Adam Polowiec (18 \u2013 24 february 2013 r.)"},"content":{"rendered":"<p>We would like to present the next issue of legal bulletin of the Law Office of Adam Polowiec.<br \/>What you will find here is some information about the new provisions of law and the projects of amendments to acts, but also case-laws including the case laws of Supreme Court, Constitutional Tribunal and European Court of Justice. <!--more--> <\/p>\n<p><strong><\/p>\n<h3 class=\"newsletter-naglowek\">Nowe Prawo<\/h3>\n<p><\/strong><\/p>\n<p><strong>OCHRONA ZDROWIA<\/strong><\/p>\n<p><strong>Rozporz\u0105dzenie <\/strong>Ministra Edukacji Narodowej z dnia 1 lutego 2013 r. w sprawie szczeg\u00f3\u0142owych zasad dzia\u0142ania publicznych poradni psychologiczno-pedagogicznych, w\u00a0tym publicznych poradni specjalistycznych (Dz. U. z 2013 r., poz. 199) \u2013 <strong>wejdzie w\u00a0\u017cycie z dniem 16 marca 2013 r.<\/strong><\/p>\n<p><strong>Rozporz\u0105dzenie <\/strong>Ministra Zdrowia z dnia 6 lutego 2013 r. zmieniaj\u0105ce rozporz\u0105dzenie w\u00a0sprawie wykazu instytucji powo\u0142anych do kontroli jako\u015bci surowc\u00f3w u\u017cywanych do\u00a0produkcji produkt\u00f3w leczniczych (Dz. U. z 2013 r., poz. 210) \u2013 <strong>wejdzie w \u017cycie z\u00a0dniem 1 marca 2013 r.<\/strong><\/p>\n<p>W rozporz\u0105dzeniu Ministra Zdrowia z dnia 16 lutego 2011 r. w sprawie wykazu instytucji powo\u0142anych do kontroli jako\u015bci surowc\u00f3w u\u017cywanych do produkcji produkt\u00f3w leczniczych (Dz. U. z 2011 r., nr 37, poz. 194) uleg\u0142o zmianie brzmienie \u00a71.<\/p>\n<p><strong>Rozporz\u0105dzenie <\/strong>Ministra Zdrowia z dnia 4 lutego 2013 r. w sprawie wzor\u00f3w dokument\u00f3w o prawie wykonywania zawodu piel\u0119gniarki lub po\u0142o\u017cnej (Dz. U. z 2013 r., poza. 222) \u2013 <strong>wejdzie w \u017cycie z dniem 5 marca 2013 r.<\/strong><\/p>\n<p>\u00a0<\/p>\n<p><strong>PODATKI I RACHUNKOWO\u015a\u0106<\/strong><\/p>\n<p><strong>Rozporz\u0105dzenie<\/strong> Ministra Finans\u00f3w z dnia 31 stycznia 2013 r. w sprawie okre\u015blenia rodzaj\u00f3w zg\u0142osze\u0144, kt\u00f3re mog\u0105 by\u0107 sk\u0142adane za pomoc\u0105 \u015brodk\u00f3w komunikacji elektronicznej (Dz. U. z 2013 r., poz. 203) \u2013 <strong>wejdzie w \u017cycie z dniem 1 lipca 2013 r.<\/strong><\/p>\n<p><strong>Rozporz\u0105dzenie<\/strong> Ministra Finans\u00f3w z dnia 8 lutego 2013 r. w sprawie zwolnie\u0144 od\u00a0podatku akcyzowego (Dz. U. z 2013 r., poz. 212) \u2013 <strong>wejdzie w \u017cycie z dniem 1\u00a0marca 2013 r.<\/strong><\/p>\n<p><strong>Rozporz\u0105dzenie<\/strong> Ministra Finans\u00f3w z dnia 8 lutego 2013 r. w sprawie warunk\u00f3w stosowania niekt\u00f3rych zwolnie\u0144 od podatku akcyzowego (Dz. U. z 2013 r., poz. 213) \u2013 <strong>wejdzie w \u017cycie z dniem 1 marca 2013 r.<\/strong><\/p>\n<p><strong>Rozporz\u0105dzenie<\/strong> Ministra Finans\u00f3w z dnia 11 lutego 2013 r. zmieniaj\u0105ce rozporz\u0105dzenie w sprawie szczeg\u00f3\u0142owej klasyfikacji dochod\u00f3w, wydatk\u00f3w, przychod\u00f3w i rozchod\u00f3w oraz\u00a0\u015brodk\u00f3w pochodz\u0105cych ze \u017ar\u00f3de\u0142 zagranicznych (Dz. U. z 2013 r., poz. 215)\u00a0\u2013 <strong>wesz\u0142o w \u017cycie z dniem 14 lutego 2013 r., z moc\u0105 od dnia 1 stycznia 2013 r., z\u00a0wyj\u0105tkiem \u00a71 pkt. 4 lit. a w zakresie \u00a7220 oraz lit. b, e, k i n, kt\u00f3re wejd\u0105 w\u00a0\u017cycie z dniem 1 stycznia 2014 r.<\/strong><\/p>\n<p>W rozporz\u0105dzeniu Ministra Finans\u00f3w z dnia 2 marca 2010 r. w sprawie szczeg\u00f3\u0142owej klasyfikacji dochod\u00f3w, wydatk\u00f3w, przychod\u00f3w i rozchod\u00f3w oraz \u015brodk\u00f3w pochodz\u0105cych ze \u017ar\u00f3de\u0142 zagranicznych (Dz. U. z 2010 r., nr 38, poz. 207 z p\u00f3\u017an. zm.) uleg\u0142o zmianie brzmienie \u00a74 oraz za\u0142\u0105cznik\u00f3w nr 2 \u2013 4, 7, 8.<\/p>\n<p><strong>Rozporz\u0105dzenie <\/strong>Ministra Finans\u00f3w z dnia 14 lutego 2013 r. w sprawie deklaracji na\u00a0podatek od \u015brodk\u00f3w transportowych sk\u0142adanych za pomoc\u0105 \u015brodk\u00f3w komunikacji elektronicznej (Dz. U. z 2013 r., poz. 221) \u2013 <strong>wesz\u0142o w \u017cycie z dniem 15\u00a0lutego\u00a02013\u00a0r.<\/strong><\/p>\n<p><strong>Rozporz\u0105dzenie <\/strong>Ministra Finans\u00f3w z dnia 7 lutego 2013 r. zmieniaj\u0105ce rozporz\u0105dzenie w sprawie warunk\u00f3w prowadzenia sk\u0142ad\u00f3w podatkowych oraz ewidencji przez podmioty prowadz\u0105ce sk\u0142ady podatkowe (Dz. U. z 2013 r., poz. 225) \u2013 <strong>wejdzie w \u017cycie z dniem 6 marca 2013 r.<\/strong><\/p>\n<p>W rozporz\u0105dzeniu Ministra Finans\u00f3w z dnia 24 lutego 2009 r. w sprawie warunk\u00f3w prowadzenia sk\u0142ad\u00f3w podatkowych oraz ewidencji przez podmioty prowadz\u0105ce sk\u0142ady podatkowe (Dz. U. z 2009 r., nr 32, poz. 231, z 2010 r., nr 235, poz. 1545 oraz z 2012 r., poz. 1525) uleg\u0142o zmianie brzmienie \u00a79.<\/p>\n<p><strong>Rozporz\u0105dzenie <\/strong>Ministra Finans\u00f3w z dnia 7 lutego 2013 r. zmieniaj\u0105ce rozporz\u0105dzenie w sprawie niekt\u00f3rych ewidencji wyrob\u00f3w akcyzowych (Dz. U. z 2013 r., poz. 226)\u00a0\u2013 <strong>wejdzie w \u017cycie z dniem 6 marca 2013 r.<\/strong><\/p>\n<p>W rozporz\u0105dzeniu Ministra Finans\u00f3w z dnia 23 sierpnia 2010 r. w sprawie niekt\u00f3rych ewidencji wyrob\u00f3w akcyzowych (Dz. U. z 2010 r., nr 158, poz. 1062) uleg\u0142o zmianie brzmienie \u00a72.<\/p>\n<p>\u00a0<\/p>\n<p><strong>KRAJOWY REJESTR S\u0104DOWY<\/strong><\/p>\n<p><strong>Rozporz\u0105dzenie <\/strong>Ministra Sprawiedliwo\u015bci z dnia 29 stycznia 2013 r. zmieniaj\u0105ce rozporz\u0105dzenie w sprawie kwalifikacji wymaganych od kandydat\u00f3w na kurator\u00f3w ustanawianych na podstawie przepis\u00f3w ustawy o Krajowym Rejestrze S\u0105dowym, sposobu prowadzenia listy tych kandydat\u00f3w i danych ujmowanych w li\u015bcie kandydat\u00f3w na\u00a0kurator\u00f3w (Dz. U. z 2013 r., poz. 205) \u2013 <strong>wejdzie w \u017cycie z dniem 16\u00a0marca\u00a02013\u00a0r.<\/strong><\/p>\n<p>W rozporz\u0105dzeniu Ministra Sprawiedliwo\u015bci z dnia 21 grudnia 2000 r. w sprawie kwalifikacji wymaganych od kandydat\u00f3w na kurator\u00f3w ustanawianych na podstawie przepis\u00f3w ustawy o Krajowym Rejestrze S\u0105dowym, sposobu prowadzenia listy tych kandydat\u00f3w i danych ujmowanych w li\u015bcie kandydat\u00f3w na kurator\u00f3w (Dz. U. z 2000 r., nr 117, poz. 1241) uleg\u0142o zmianie brzmienie \u00a71 \u2013 3.<\/p>\n<p>\u00a0<\/p>\n<p><strong>RADIO I TELEWIZJA<\/strong><\/p>\n<p><strong>Rozporz\u0105dzenie <\/strong>Krajowej Rady Radiofonii i Telewizji z dnia 5 lutego 2013 r. w sprawie szczeg\u00f3\u0142owych zasad ochrony ma\u0142oletnich w audiowizualnych us\u0142ugach medialnych na\u00a0\u017c\u0105danie (Dz. U. z 2013 r., poz. 209) \u2013 <strong>wejdzie w \u017cycie z dniem 28 lutego 2013 r.<\/strong><\/p>\n<p>\u00a0<\/p>\n<p><strong>ZAM\u00d3WIENIA PUBLICZNE<\/strong><\/p>\n<p><strong>Rozporz\u0105dzenie <\/strong>Prezesa Rady Ministr\u00f3w z dnia 19 lutego 2013 r. w sprawie rodzaj\u00f3w dokument\u00f3w, jakich mo\u017ce \u017c\u0105da\u0107 zamawiaj\u0105cy od wykonawcy, oraz form, w jakich te\u00a0dokumenty mog\u0105 by\u0107 sk\u0142adane (Dz. U. z 2013 r., poz. 231) \u2013 <strong>wesz\u0142o w \u017cycie z\u00a0dniem 20 lutego 2012 r.<\/strong><\/p>\n<p><strong>Rozporz\u0105dzenie <\/strong>Prezesa Rady Ministr\u00f3w z dnia 19 lutego 2013 r. zmieniaj\u0105ce rozporz\u0105dzenie w sprawie regulaminu post\u0119powania przy rozpoznawaniu odwo\u0142a\u0144 (Dz.\u00a0U.\u00a0z 2013 r., poz. 232) \u2013 <strong>wesz\u0142o w \u017cycie z dniem 20 lutego 2012 r.<\/strong><\/p>\n<p>W rozporz\u0105dzeniu Prezesa Rady Ministr\u00f3w z dnia 22 marca 2010 r. w sprawie regulaminu post\u0119powania przy rozpoznawaniu odwo\u0142a\u0144 (Dz. U. z 2010 r., nr 48, poz. 280) uleg\u0142o zmianie brzmienie \u00a78, \u00a711, \u00a713 \u2013 15, \u00a723, \u00a725, zosta\u0142 dodany \u00a72a.<\/p>\n<p>\u00a0<\/p>\n<p><strong>PRAWO PRACY I UBEZPIECZE\u0143 SPO\u0141ECZNYCH<\/strong><\/p>\n<p>Ustawa z dnia 4 stycznia 2013 r. o zmianie ustawy o emeryturach i rentach z Funduszu Ubezpiecze\u0144 Spo\u0142ecznych (Dz. U. z 2013 r., poz. 240) \u2013 <strong>wesz\u0142a w \u017cycie z dniem 20\u00a0lutego 2013 r.<\/strong><\/p>\n<p>W ustawie z dnia 17 grudnia 1998 r. o emeryturach i rentach z Funduszu Ubezpiecze\u0144 Spo\u0142ecznych (Dz. U. z 2009 r., nr 153, poz. 1227 z p\u00f3\u017an. zm.) uleg\u0142o zmianie brzmienie art. 93.<\/p>\n<p>\u00a0<\/p>\n<p><strong><\/p>\n<h3 class=\"newsletter-naglowek\">Orzecznictwo<\/h3>\n<p><\/strong><\/p>\n<p><strong>Naczelny S\u0105d Aministracyjny<\/strong><\/p>\n<p><strong>ZAGOSPODAROWANIE PRZESTRZENNE<\/strong><\/p>\n<p>Uchwa\u0142a w sprawie przyst\u0105pienia do sporz\u0105dzenia planu miejscowego na okre\u015blonym obszarze nie wywo\u0142uje sama przez si\u0119 skutk\u00f3w materialnoprawnych i nie kszta\u0142tuje sytuacji prawnej podmiot\u00f3w spoza systemu administracji publicznej. Z jej istoty jako aktu prawa wewn\u0119trznego wynika, \u017ce wi\u0105\u017ce organ wykonawczy, kt\u00f3ry jest zobowi\u0105zany do podj\u0119cia dalszych dzia\u0142a\u0144 zmierzaj\u0105cych do uchwalenia planu. Okoliczno\u015b\u0107, \u017ce\u00a0po\u015brednio, refleksowo, uchwa\u0142a o wewn\u0119trznym charakterze mo\u017ce oddzia\u0142ywa\u0107 na\u00a0sytuacj\u0119 prawn\u0105 skar\u017c\u0105cych, nie oznacza, \u017ce naruszenie interesu prawnego nast\u0119puje bezpo\u015brednio poprzez postanowienia tej uchwa\u0142y \u2013 <strong>wyrok Naczelnego S\u0105du Administracyjnego z dnia 24 stycznia 2013 r., sygn. akt: II OSK 2442\/12.<\/strong><\/p>\n<p>\u00a0<\/p>\n<p><strong>PODATKI<\/strong><\/p>\n<p>Pos\u0142uguj\u0105c si\u0119 argumentum a minori ad maius przyj\u0105\u0107 nale\u017cy, i\u017c skoro w toku post\u0119powania kontrolnego wy\u0142\u0105czona jest mo\u017cliwo\u015b\u0107 ingerencji podatnika w wysoko\u015b\u0107 zobowi\u0105zania podatkowego poprzez sk\u0142adanie korekt, to tym bardziej nie\u00a0ma\u00a0on\u00a0mo\u017cliwo\u015bci skutecznego z\u0142o\u017cenia samej deklaracji podatkowej w zakresie obj\u0119tym kontrol\u0105 &#8211;<strong> wyrok Naczelnego S\u0105du Administracyjnego z dnia 29\u00a0stycznia\u00a02013 r., sygn. akt: II FSK 1177\/11.<\/strong><\/p>\n<p>\u00a0<\/p>\n<p><strong><\/p>\n<h2 class=\"newsletter-naglowek\">Projekty, Nowelizacje, Zmiany<\/h2>\n<p><\/strong><\/p>\n<p><strong>ZAM\u00d3WIENIA PUBLICZNE<\/strong><\/p>\n<p><strong>Zam\u00f3wienia publiczne b\u0119d\u0105 udzielane na nowych zasadach<\/strong><\/p>\n<p>Od 20 lutego 2013 r. zaczn\u0105 obowi\u0105zywa\u0107 nowe procedury prowadzenia przetarg\u00f3w.<\/p>\n","protected":false},"excerpt":{"rendered":"<p>We would like to present the next issue of legal bulletin of the Law Office of Adam Polowiec.What you will find here is some information about the new provisions of law and the projects of amendments to acts, but also case-laws including the case laws of Supreme Court, Constitutional Tribunal and European Court of Justice.<\/p>\n","protected":false},"author":2,"featured_media":0,"comment_status":"closed","ping_status":"open","sticky":false,"template":"","format":"standard","meta":{"footnotes":""},"categories":[11],"tags":[],"class_list":["post-465","post","type-post","status-publish","format-standard","hentry","category-newsletters"],"featured_image_src":{"landsacpe":false,"list":false,"medium":false,"full":false},"yoast_head":"<!-- This site is optimized with the Yoast SEO plugin v27.2 - https:\/\/yoast.com\/product\/yoast-seo-wordpress\/ -->\n<title>Legal Bulletin Of The Law Office Of Adam Polowiec (18 \u2013 24 february 2013 r.) - Polowiec i Wsp\u00f3lnicy - Kancelaria prawna<\/title>\n<meta name=\"robots\" content=\"index, follow, max-snippet:-1, max-image-preview:large, max-video-preview:-1\" \/>\n<link rel=\"canonical\" href=\"https:\/\/polowiec.pl\/en\/legal-bulletin-of-the-law-office-of-adam-polowiec-18-24-february-2013-r\/\" \/>\n<meta property=\"og:locale\" content=\"en_US\" \/>\n<meta property=\"og:type\" content=\"article\" \/>\n<meta property=\"og:title\" content=\"Legal Bulletin Of The Law Office Of Adam Polowiec (18 \u2013 24 february 2013 r.) - Polowiec i Wsp\u00f3lnicy - Kancelaria prawna\" \/>\n<meta property=\"og:description\" content=\"We would like to present the next issue of legal bulletin of the Law Office of Adam Polowiec.What you will find here is some information about the new provisions of law and the projects of amendments to acts, but also case-laws including the case laws of Supreme Court, Constitutional Tribunal and European Court of Justice.\" \/>\n<meta property=\"og:url\" content=\"https:\/\/polowiec.pl\/en\/legal-bulletin-of-the-law-office-of-adam-polowiec-18-24-february-2013-r\/\" \/>\n<meta property=\"og:site_name\" content=\"Polowiec i Wsp\u00f3lnicy - Kancelaria prawna\" \/>\n<meta property=\"article:publisher\" content=\"https:\/\/www.facebook.com\/polowieciwspolnicy\/\" \/>\n<meta property=\"article:published_time\" content=\"2013-02-22T16:17:22+00:00\" \/>\n<meta property=\"article:modified_time\" content=\"2018-10-11T08:43:02+00:00\" \/>\n<meta name=\"author\" content=\"Super User\" \/>\n<meta name=\"twitter:card\" content=\"summary_large_image\" \/>\n<meta name=\"twitter:label1\" content=\"Written by\" \/>\n\t<meta name=\"twitter:data1\" content=\"Super User\" \/>\n\t<meta name=\"twitter:label2\" content=\"Est. reading time\" \/>\n\t<meta name=\"twitter:data2\" content=\"6 minutes\" \/>\n<script type=\"application\/ld+json\" class=\"yoast-schema-graph\">{\"@context\":\"https:\/\/schema.org\",\"@graph\":[{\"@type\":\"Article\",\"@id\":\"https:\/\/polowiec.pl\/en\/legal-bulletin-of-the-law-office-of-adam-polowiec-18-24-february-2013-r\/#article\",\"isPartOf\":{\"@id\":\"https:\/\/polowiec.pl\/en\/legal-bulletin-of-the-law-office-of-adam-polowiec-18-24-february-2013-r\/\"},\"author\":{\"name\":\"Super User\",\"@id\":\"https:\/\/polowiec.pl\/en\/#\/schema\/person\/ed8994874b775675a86115f307352d24\"},\"headline\":\"Legal Bulletin Of The Law Office Of Adam Polowiec (18 \u2013 24 february 2013 r.)\",\"datePublished\":\"2013-02-22T16:17:22+00:00\",\"dateModified\":\"2018-10-11T08:43:02+00:00\",\"mainEntityOfPage\":{\"@id\":\"https:\/\/polowiec.pl\/en\/legal-bulletin-of-the-law-office-of-adam-polowiec-18-24-february-2013-r\/\"},\"wordCount\":1216,\"publisher\":{\"@id\":\"https:\/\/polowiec.pl\/en\/#organization\"},\"articleSection\":[\"Newsletter\"],\"inLanguage\":\"en-US\"},{\"@type\":\"WebPage\",\"@id\":\"https:\/\/polowiec.pl\/en\/legal-bulletin-of-the-law-office-of-adam-polowiec-18-24-february-2013-r\/\",\"url\":\"https:\/\/polowiec.pl\/en\/legal-bulletin-of-the-law-office-of-adam-polowiec-18-24-february-2013-r\/\",\"name\":\"Legal Bulletin Of The Law Office Of Adam Polowiec (18 \u2013 24 february 2013 r.) - Polowiec i Wsp\u00f3lnicy - Kancelaria prawna\",\"isPartOf\":{\"@id\":\"https:\/\/polowiec.pl\/en\/#website\"},\"datePublished\":\"2013-02-22T16:17:22+00:00\",\"dateModified\":\"2018-10-11T08:43:02+00:00\",\"breadcrumb\":{\"@id\":\"https:\/\/polowiec.pl\/en\/legal-bulletin-of-the-law-office-of-adam-polowiec-18-24-february-2013-r\/#breadcrumb\"},\"inLanguage\":\"en-US\",\"potentialAction\":[{\"@type\":\"ReadAction\",\"target\":[\"https:\/\/polowiec.pl\/en\/legal-bulletin-of-the-law-office-of-adam-polowiec-18-24-february-2013-r\/\"]}]},{\"@type\":\"BreadcrumbList\",\"@id\":\"https:\/\/polowiec.pl\/en\/legal-bulletin-of-the-law-office-of-adam-polowiec-18-24-february-2013-r\/#breadcrumb\",\"itemListElement\":[{\"@type\":\"ListItem\",\"position\":1,\"name\":\"Strona g\u0142\u00f3wna\",\"item\":\"https:\/\/polowiec.pl\/en\/\"},{\"@type\":\"ListItem\",\"position\":2,\"name\":\"Legal Bulletin Of The Law Office Of Adam Polowiec (18 \u2013 24 february 2013 r.)\"}]},{\"@type\":\"WebSite\",\"@id\":\"https:\/\/polowiec.pl\/en\/#website\",\"url\":\"https:\/\/polowiec.pl\/en\/\",\"name\":\"Polowiec i Wsp\u00f3lnicy - Kancelaria prawna\",\"description\":\"Obs\u0142uga prawna\",\"publisher\":{\"@id\":\"https:\/\/polowiec.pl\/en\/#organization\"},\"potentialAction\":[{\"@type\":\"SearchAction\",\"target\":{\"@type\":\"EntryPoint\",\"urlTemplate\":\"https:\/\/polowiec.pl\/en\/?s={search_term_string}\"},\"query-input\":{\"@type\":\"PropertyValueSpecification\",\"valueRequired\":true,\"valueName\":\"search_term_string\"}}],\"inLanguage\":\"en-US\"},{\"@type\":\"Organization\",\"@id\":\"https:\/\/polowiec.pl\/en\/#organization\",\"name\":\"Polowiec i Wsp\u00f3lnicy - Kancelaria prawna\",\"url\":\"https:\/\/polowiec.pl\/en\/\",\"logo\":{\"@type\":\"ImageObject\",\"inLanguage\":\"en-US\",\"@id\":\"https:\/\/polowiec.pl\/en\/#\/schema\/logo\/image\/\",\"url\":\"https:\/\/polowiec.pl\/wp-content\/uploads\/2018\/10\/polowiec_logo2-1.png\",\"contentUrl\":\"https:\/\/polowiec.pl\/wp-content\/uploads\/2018\/10\/polowiec_logo2-1.png\",\"width\":540,\"height\":381,\"caption\":\"Polowiec i Wsp\u00f3lnicy - Kancelaria prawna\"},\"image\":{\"@id\":\"https:\/\/polowiec.pl\/en\/#\/schema\/logo\/image\/\"},\"sameAs\":[\"https:\/\/www.facebook.com\/polowieciwspolnicy\/\",\"https:\/\/www.linkedin.com\/company\/polowiec-i-wsplnicy-sp.j.\/about\/\"]},{\"@type\":\"Person\",\"@id\":\"https:\/\/polowiec.pl\/en\/#\/schema\/person\/ed8994874b775675a86115f307352d24\",\"name\":\"Super User\",\"image\":{\"@type\":\"ImageObject\",\"inLanguage\":\"en-US\",\"@id\":\"https:\/\/secure.gravatar.com\/avatar\/e759b874f0fa459bd87c83ff47148fc5718f86d9459564657124e571997afbf7?s=96&d=mm&r=g\",\"url\":\"https:\/\/secure.gravatar.com\/avatar\/e759b874f0fa459bd87c83ff47148fc5718f86d9459564657124e571997afbf7?s=96&d=mm&r=g\",\"contentUrl\":\"https:\/\/secure.gravatar.com\/avatar\/e759b874f0fa459bd87c83ff47148fc5718f86d9459564657124e571997afbf7?s=96&d=mm&r=g\",\"caption\":\"Super User\"}}]}<\/script>\n<!-- \/ Yoast SEO plugin. -->","yoast_head_json":{"title":"Legal Bulletin Of The Law Office Of Adam Polowiec (18 \u2013 24 february 2013 r.) - Polowiec i Wsp\u00f3lnicy - Kancelaria prawna","robots":{"index":"index","follow":"follow","max-snippet":"max-snippet:-1","max-image-preview":"max-image-preview:large","max-video-preview":"max-video-preview:-1"},"canonical":"https:\/\/polowiec.pl\/en\/legal-bulletin-of-the-law-office-of-adam-polowiec-18-24-february-2013-r\/","og_locale":"en_US","og_type":"article","og_title":"Legal Bulletin Of The Law Office Of Adam Polowiec (18 \u2013 24 february 2013 r.) - Polowiec i Wsp\u00f3lnicy - Kancelaria prawna","og_description":"We would like to present the next issue of legal bulletin of the Law Office of Adam Polowiec.What you will find here is some information about the new provisions of law and the projects of amendments to acts, but also case-laws including the case laws of Supreme Court, Constitutional Tribunal and European Court of Justice.","og_url":"https:\/\/polowiec.pl\/en\/legal-bulletin-of-the-law-office-of-adam-polowiec-18-24-february-2013-r\/","og_site_name":"Polowiec i Wsp\u00f3lnicy - Kancelaria prawna","article_publisher":"https:\/\/www.facebook.com\/polowieciwspolnicy\/","article_published_time":"2013-02-22T16:17:22+00:00","article_modified_time":"2018-10-11T08:43:02+00:00","author":"Super User","twitter_card":"summary_large_image","twitter_misc":{"Written by":"Super User","Est. reading time":"6 minutes"},"schema":{"@context":"https:\/\/schema.org","@graph":[{"@type":"Article","@id":"https:\/\/polowiec.pl\/en\/legal-bulletin-of-the-law-office-of-adam-polowiec-18-24-february-2013-r\/#article","isPartOf":{"@id":"https:\/\/polowiec.pl\/en\/legal-bulletin-of-the-law-office-of-adam-polowiec-18-24-february-2013-r\/"},"author":{"name":"Super User","@id":"https:\/\/polowiec.pl\/en\/#\/schema\/person\/ed8994874b775675a86115f307352d24"},"headline":"Legal Bulletin Of The Law Office Of Adam Polowiec (18 \u2013 24 february 2013 r.)","datePublished":"2013-02-22T16:17:22+00:00","dateModified":"2018-10-11T08:43:02+00:00","mainEntityOfPage":{"@id":"https:\/\/polowiec.pl\/en\/legal-bulletin-of-the-law-office-of-adam-polowiec-18-24-february-2013-r\/"},"wordCount":1216,"publisher":{"@id":"https:\/\/polowiec.pl\/en\/#organization"},"articleSection":["Newsletter"],"inLanguage":"en-US"},{"@type":"WebPage","@id":"https:\/\/polowiec.pl\/en\/legal-bulletin-of-the-law-office-of-adam-polowiec-18-24-february-2013-r\/","url":"https:\/\/polowiec.pl\/en\/legal-bulletin-of-the-law-office-of-adam-polowiec-18-24-february-2013-r\/","name":"Legal Bulletin Of The Law Office Of Adam Polowiec (18 \u2013 24 february 2013 r.) - Polowiec i Wsp\u00f3lnicy - Kancelaria prawna","isPartOf":{"@id":"https:\/\/polowiec.pl\/en\/#website"},"datePublished":"2013-02-22T16:17:22+00:00","dateModified":"2018-10-11T08:43:02+00:00","breadcrumb":{"@id":"https:\/\/polowiec.pl\/en\/legal-bulletin-of-the-law-office-of-adam-polowiec-18-24-february-2013-r\/#breadcrumb"},"inLanguage":"en-US","potentialAction":[{"@type":"ReadAction","target":["https:\/\/polowiec.pl\/en\/legal-bulletin-of-the-law-office-of-adam-polowiec-18-24-february-2013-r\/"]}]},{"@type":"BreadcrumbList","@id":"https:\/\/polowiec.pl\/en\/legal-bulletin-of-the-law-office-of-adam-polowiec-18-24-february-2013-r\/#breadcrumb","itemListElement":[{"@type":"ListItem","position":1,"name":"Strona g\u0142\u00f3wna","item":"https:\/\/polowiec.pl\/en\/"},{"@type":"ListItem","position":2,"name":"Legal Bulletin Of The Law Office Of Adam Polowiec (18 \u2013 24 february 2013 r.)"}]},{"@type":"WebSite","@id":"https:\/\/polowiec.pl\/en\/#website","url":"https:\/\/polowiec.pl\/en\/","name":"Polowiec i Wsp\u00f3lnicy - Kancelaria prawna","description":"Obs\u0142uga prawna","publisher":{"@id":"https:\/\/polowiec.pl\/en\/#organization"},"potentialAction":[{"@type":"SearchAction","target":{"@type":"EntryPoint","urlTemplate":"https:\/\/polowiec.pl\/en\/?s={search_term_string}"},"query-input":{"@type":"PropertyValueSpecification","valueRequired":true,"valueName":"search_term_string"}}],"inLanguage":"en-US"},{"@type":"Organization","@id":"https:\/\/polowiec.pl\/en\/#organization","name":"Polowiec i Wsp\u00f3lnicy - Kancelaria prawna","url":"https:\/\/polowiec.pl\/en\/","logo":{"@type":"ImageObject","inLanguage":"en-US","@id":"https:\/\/polowiec.pl\/en\/#\/schema\/logo\/image\/","url":"https:\/\/polowiec.pl\/wp-content\/uploads\/2018\/10\/polowiec_logo2-1.png","contentUrl":"https:\/\/polowiec.pl\/wp-content\/uploads\/2018\/10\/polowiec_logo2-1.png","width":540,"height":381,"caption":"Polowiec i Wsp\u00f3lnicy - Kancelaria prawna"},"image":{"@id":"https:\/\/polowiec.pl\/en\/#\/schema\/logo\/image\/"},"sameAs":["https:\/\/www.facebook.com\/polowieciwspolnicy\/","https:\/\/www.linkedin.com\/company\/polowiec-i-wsplnicy-sp.j.\/about\/"]},{"@type":"Person","@id":"https:\/\/polowiec.pl\/en\/#\/schema\/person\/ed8994874b775675a86115f307352d24","name":"Super User","image":{"@type":"ImageObject","inLanguage":"en-US","@id":"https:\/\/secure.gravatar.com\/avatar\/e759b874f0fa459bd87c83ff47148fc5718f86d9459564657124e571997afbf7?s=96&d=mm&r=g","url":"https:\/\/secure.gravatar.com\/avatar\/e759b874f0fa459bd87c83ff47148fc5718f86d9459564657124e571997afbf7?s=96&d=mm&r=g","contentUrl":"https:\/\/secure.gravatar.com\/avatar\/e759b874f0fa459bd87c83ff47148fc5718f86d9459564657124e571997afbf7?s=96&d=mm&r=g","caption":"Super User"}}]}},"_links":{"self":[{"href":"https:\/\/polowiec.pl\/en\/wp-json\/wp\/v2\/posts\/465","targetHints":{"allow":["GET"]}}],"collection":[{"href":"https:\/\/polowiec.pl\/en\/wp-json\/wp\/v2\/posts"}],"about":[{"href":"https:\/\/polowiec.pl\/en\/wp-json\/wp\/v2\/types\/post"}],"author":[{"embeddable":true,"href":"https:\/\/polowiec.pl\/en\/wp-json\/wp\/v2\/users\/2"}],"replies":[{"embeddable":true,"href":"https:\/\/polowiec.pl\/en\/wp-json\/wp\/v2\/comments?post=465"}],"version-history":[{"count":0,"href":"https:\/\/polowiec.pl\/en\/wp-json\/wp\/v2\/posts\/465\/revisions"}],"wp:attachment":[{"href":"https:\/\/polowiec.pl\/en\/wp-json\/wp\/v2\/media?parent=465"}],"wp:term":[{"taxonomy":"category","embeddable":true,"href":"https:\/\/polowiec.pl\/en\/wp-json\/wp\/v2\/categories?post=465"},{"taxonomy":"post_tag","embeddable":true,"href":"https:\/\/polowiec.pl\/en\/wp-json\/wp\/v2\/tags?post=465"}],"curies":[{"name":"wp","href":"https:\/\/api.w.org\/{rel}","templated":true}]}}