{"id":466,"date":"2013-03-04T14:55:04","date_gmt":"2013-03-04T13:55:04","guid":{"rendered":"https:\/\/nowa.polowiec.pl\/legal-bulletin-of-the-law-office-of-adam-polowiec-25-february-3-march-2013-r\/"},"modified":"2018-10-11T10:43:02","modified_gmt":"2018-10-11T08:43:02","slug":"legal-bulletin-of-the-law-office-of-adam-polowiec-25-february-3-march-2013-r","status":"publish","type":"post","link":"https:\/\/polowiec.pl\/en\/legal-bulletin-of-the-law-office-of-adam-polowiec-25-february-3-march-2013-r\/","title":{"rendered":"Legal Bulletin Of The Law Office Of Adam Polowiec (25 february \u2013 3 march 2013 r.)"},"content":{"rendered":"<p>We would like to present the next issue of legal bulletin of the Law Office of Adam Polowiec.<br \/>What you will find here is some information about the new provisions of law and the projects of amendments to acts, but also case-laws including the case laws of Supreme Court, Constitutional Tribunal and European Court of Justice. <!--more--> <\/p>\n<p><strong><\/p>\n<h3 class=\"newsletter-naglowek\">Nowe Prawo<\/h3>\n<p><\/strong><\/p>\n<p><strong>PRAWO PRACY I UBEZPIECZE\u0143 SPO\u0141ECZNYCH<\/strong><\/p>\n<p><strong>Rozporz\u0105dzenie<\/strong> Komisji Unii Europejskiej nr 141\/2013 z 19 lutego 2013 r. w sprawie wykonania rozporz\u0105dzenia Parlamentu Europejskiego i Rady (WE) nr 1338\/2008 w\u00a0sprawie statystyk Wsp\u00f3lnoty w zakresie zdrowia publicznego oraz zdrowia i\u00a0bezpiecze\u0144stwa w pracy w odniesieniu do statystyk na podstawie europejskiego ankietowego badania zdrowia (EHIS) (Dz. UE z 20.02.13 r., nr L 47) \u2013 <strong>wejdzie w \u017cycie z dniem 13 marca 2013 r. Wi\u0105\u017ce w ca\u0142o\u015bci i jest bezpo\u015brednio stosowane we\u00a0wszystkich pa\u0144stwach cz\u0142onkowskich.<\/strong><\/p>\n<p>\u00a0<\/p>\n<p><strong>NIERUCHOMO\u015aCI<\/strong><\/p>\n<p><strong>Rozporz\u0105dzenie <\/strong>Rady Ministr\u00f3w z dnia 17 stycznia 2013 r. w sprawie zintegrowanego systemu informacji o nieruchomo\u015bciach (Dz. U. z 2013 r., poz. 249) \u2013 <strong>wejdzie w \u017cycie z dniem 9 marca 2013 r.<\/strong><\/p>\n<p>\u00a0<\/p>\n<p><strong>GAZY<\/strong><\/p>\n<p><strong>Rozporz\u0105dzenie <\/strong>Rady Ministr\u00f3w z dnia 3 grudnia 2012 r. w sprawie przetargu na\u00a0udzielenie koncesji na poszukiwanie lub rozpoznawanie z\u0142\u00f3\u017c w\u0119glowodor\u00f3w oraz\u00a0wydobywanie w\u0119glowodor\u00f3w ze z\u0142\u00f3\u017c (Dz. U. z 2013 r., poz. 259) \u2013 <strong>wejdzie w\u00a0\u017cycie z dniem 12 marca 2013 r.<\/strong><\/p>\n<p>\u00a0<\/p>\n<p><strong><\/p>\n<h3 class=\"newsletter-naglowek\">Orzecznictwo<\/h3>\n<p><\/strong><\/p>\n<p><strong>Trybuna\u0142 Kontytucyjny; Trybuna\u0142 Sprawiedliwo\u015bci Unii Europejskiej<\/strong><\/p>\n<p><strong>ADWOKATURA<\/strong><\/p>\n<p>Trybuna\u0142 Konstytucyjny rozpozna\u0142 wniosek Naczelnej Rady Adwokackiej dotycz\u0105cy zbadania legalno\u015bci przepis\u00f3w okre\u015blaj\u0105cych zasady wpisu na list\u0119 adwokat\u00f3w bez\u00a0odbycia aplikacji adwokackiej. W ocenie Trybuna\u0142u Konstytucyjnego przepisy uzale\u017cniaj\u0105ce mo\u017cliwo\u015b\u0107 uzyskania wpisu bez obowi\u0105zku z\u0142o\u017cenia egzaminu adwokackiego albo dopuszczenia do egzaminu adwokackiego bez odbycia aplikacji adwokackiej od legitymowania si\u0119 faktycznym wykonywaniem przez odpowiedni czas wymagaj\u0105cych wiedzy prawniczej czynno\u015bci bezpo\u015brednio zwi\u0105zanych ze \u015bwiadczeniem pomocy prawnej przez adwokata lub radc\u0119 prawnego nie naruszaj\u0105 Konstytucji &#8211; <strong>wyrok Trybuna\u0142u Konstytucyjnego z dnia 12 lutego 2013 r., sygn. akt: K 6\/12.<\/strong><\/p>\n<p>\u00a0<\/p>\n<p><strong>Naczelny S\u0105d Administracyjny<\/strong><\/p>\n<p><strong>POST\u0118POWANIE ADMINISTRACYJNE<\/strong><\/p>\n<p>Art. 152 ustawy z 30 sierpnia 2002 r. \u2013 Prawo o post\u0119powaniu przed s\u0105dami administracyjnymi (Dz. U. z 2012 r., poz. 270 z p\u00f3\u017an. zm.) wy\u0142\u0105cza mo\u017cliwo\u015b\u0107 odpowiedniego stosowania na podstawie art. 193 p.p.s.a. przepis\u00f3w art. 61 \u00a73 \u2013 5 p.p.s.a. przed Naczelnym S\u0105dem Administracyjnym. Zasada ta obowi\u0105zuje w odniesieniu do tych spraw, w kt\u00f3rych s\u0105d pierwszej instancji uwzgl\u0119dni\u0142 skarg\u0119 i wypowiedzia\u0142 si\u0119\u00a0na\u00a0podstawie art. 152 p.p.s.a., czy i w jakim zakresie zaskar\u017cone akt lub czynno\u015b\u0107 nie\u00a0mog\u0105 by\u0107 wykonane &#8211; <strong>postanowienie Naczelnego S\u0105du Administracyjnego z\u00a0dnia 26 lutego 2013 r., sygn. akt: II FSK 151\/13.<\/strong><\/p>\n<p>\u00a0<\/p>\n<p><strong><\/p>\n<h2 class=\"newsletter-naglowek\">Projekty, Nowelizacje, Zmiany<\/h2>\n<p><\/strong><\/p>\n<p><strong>PRAWO PRACY I UBEZPIECZE\u0143 SPO\u0141ECZNYCH<\/strong><\/p>\n<p><strong>Najni\u017csza emerytura wzro\u015bnie do 831,15 z\u0142<\/strong><\/p>\n<p>W marcu 2013 r. Zak\u0142ad Ubezpiecze\u0144 Spo\u0142ecznych zwaloryzuje wyp\u0142acane \u015bwiadczenia.<\/p>\n","protected":false},"excerpt":{"rendered":"<p>We would like to present the next issue of legal bulletin of the Law Office of Adam Polowiec.What you will find here is some information about the new provisions of law and the projects of amendments to acts, but also case-laws including the case laws of Supreme Court, Constitutional Tribunal and European Court of Justice.<\/p>\n","protected":false},"author":2,"featured_media":0,"comment_status":"closed","ping_status":"open","sticky":false,"template":"","format":"standard","meta":{"footnotes":""},"categories":[11],"tags":[],"class_list":["post-466","post","type-post","status-publish","format-standard","hentry","category-newsletters"],"featured_image_src":{"landsacpe":false,"list":false,"medium":false,"full":false},"yoast_head":"<!-- This site is optimized with the Yoast SEO plugin v27.2 - https:\/\/yoast.com\/product\/yoast-seo-wordpress\/ -->\n<title>Legal Bulletin Of The Law Office Of Adam Polowiec (25 february \u2013 3 march 2013 r.) - Polowiec i Wsp\u00f3lnicy - Kancelaria prawna<\/title>\n<meta name=\"robots\" content=\"index, follow, max-snippet:-1, max-image-preview:large, max-video-preview:-1\" \/>\n<link rel=\"canonical\" href=\"https:\/\/polowiec.pl\/en\/legal-bulletin-of-the-law-office-of-adam-polowiec-25-february-3-march-2013-r\/\" \/>\n<meta property=\"og:locale\" content=\"en_US\" \/>\n<meta property=\"og:type\" content=\"article\" \/>\n<meta property=\"og:title\" content=\"Legal Bulletin Of The Law Office Of Adam Polowiec (25 february \u2013 3 march 2013 r.) - Polowiec i Wsp\u00f3lnicy - Kancelaria prawna\" \/>\n<meta property=\"og:description\" content=\"We would like to present the next issue of legal bulletin of the Law Office of Adam Polowiec.What you will find here is some information about the new provisions of law and the projects of amendments to acts, but also case-laws including the case laws of Supreme Court, Constitutional Tribunal and European Court of Justice.\" \/>\n<meta property=\"og:url\" content=\"https:\/\/polowiec.pl\/en\/legal-bulletin-of-the-law-office-of-adam-polowiec-25-february-3-march-2013-r\/\" \/>\n<meta property=\"og:site_name\" content=\"Polowiec i Wsp\u00f3lnicy - Kancelaria prawna\" \/>\n<meta property=\"article:publisher\" content=\"https:\/\/www.facebook.com\/polowieciwspolnicy\/\" \/>\n<meta property=\"article:published_time\" content=\"2013-03-04T13:55:04+00:00\" \/>\n<meta property=\"article:modified_time\" content=\"2018-10-11T08:43:02+00:00\" \/>\n<meta name=\"author\" content=\"Super User\" \/>\n<meta name=\"twitter:card\" content=\"summary_large_image\" \/>\n<meta name=\"twitter:label1\" content=\"Written by\" \/>\n\t<meta name=\"twitter:data1\" content=\"Super User\" \/>\n\t<meta name=\"twitter:label2\" content=\"Est. reading time\" \/>\n\t<meta name=\"twitter:data2\" content=\"2 minutes\" \/>\n<script type=\"application\/ld+json\" class=\"yoast-schema-graph\">{\"@context\":\"https:\/\/schema.org\",\"@graph\":[{\"@type\":\"Article\",\"@id\":\"https:\/\/polowiec.pl\/en\/legal-bulletin-of-the-law-office-of-adam-polowiec-25-february-3-march-2013-r\/#article\",\"isPartOf\":{\"@id\":\"https:\/\/polowiec.pl\/en\/legal-bulletin-of-the-law-office-of-adam-polowiec-25-february-3-march-2013-r\/\"},\"author\":{\"name\":\"Super User\",\"@id\":\"https:\/\/polowiec.pl\/en\/#\/schema\/person\/ed8994874b775675a86115f307352d24\"},\"headline\":\"Legal Bulletin Of The Law Office Of Adam Polowiec (25 february \u2013 3 march 2013 r.)\",\"datePublished\":\"2013-03-04T13:55:04+00:00\",\"dateModified\":\"2018-10-11T08:43:02+00:00\",\"mainEntityOfPage\":{\"@id\":\"https:\/\/polowiec.pl\/en\/legal-bulletin-of-the-law-office-of-adam-polowiec-25-february-3-march-2013-r\/\"},\"wordCount\":474,\"publisher\":{\"@id\":\"https:\/\/polowiec.pl\/en\/#organization\"},\"articleSection\":[\"Newsletter\"],\"inLanguage\":\"en-US\"},{\"@type\":\"WebPage\",\"@id\":\"https:\/\/polowiec.pl\/en\/legal-bulletin-of-the-law-office-of-adam-polowiec-25-february-3-march-2013-r\/\",\"url\":\"https:\/\/polowiec.pl\/en\/legal-bulletin-of-the-law-office-of-adam-polowiec-25-february-3-march-2013-r\/\",\"name\":\"Legal Bulletin Of The Law Office Of Adam Polowiec (25 february \u2013 3 march 2013 r.) - Polowiec i Wsp\u00f3lnicy - Kancelaria prawna\",\"isPartOf\":{\"@id\":\"https:\/\/polowiec.pl\/en\/#website\"},\"datePublished\":\"2013-03-04T13:55:04+00:00\",\"dateModified\":\"2018-10-11T08:43:02+00:00\",\"breadcrumb\":{\"@id\":\"https:\/\/polowiec.pl\/en\/legal-bulletin-of-the-law-office-of-adam-polowiec-25-february-3-march-2013-r\/#breadcrumb\"},\"inLanguage\":\"en-US\",\"potentialAction\":[{\"@type\":\"ReadAction\",\"target\":[\"https:\/\/polowiec.pl\/en\/legal-bulletin-of-the-law-office-of-adam-polowiec-25-february-3-march-2013-r\/\"]}]},{\"@type\":\"BreadcrumbList\",\"@id\":\"https:\/\/polowiec.pl\/en\/legal-bulletin-of-the-law-office-of-adam-polowiec-25-february-3-march-2013-r\/#breadcrumb\",\"itemListElement\":[{\"@type\":\"ListItem\",\"position\":1,\"name\":\"Strona g\u0142\u00f3wna\",\"item\":\"https:\/\/polowiec.pl\/en\/\"},{\"@type\":\"ListItem\",\"position\":2,\"name\":\"Legal Bulletin Of The Law Office Of Adam Polowiec (25 february \u2013 3 march 2013 r.)\"}]},{\"@type\":\"WebSite\",\"@id\":\"https:\/\/polowiec.pl\/en\/#website\",\"url\":\"https:\/\/polowiec.pl\/en\/\",\"name\":\"Polowiec i Wsp\u00f3lnicy - Kancelaria prawna\",\"description\":\"Obs\u0142uga prawna\",\"publisher\":{\"@id\":\"https:\/\/polowiec.pl\/en\/#organization\"},\"potentialAction\":[{\"@type\":\"SearchAction\",\"target\":{\"@type\":\"EntryPoint\",\"urlTemplate\":\"https:\/\/polowiec.pl\/en\/?s={search_term_string}\"},\"query-input\":{\"@type\":\"PropertyValueSpecification\",\"valueRequired\":true,\"valueName\":\"search_term_string\"}}],\"inLanguage\":\"en-US\"},{\"@type\":\"Organization\",\"@id\":\"https:\/\/polowiec.pl\/en\/#organization\",\"name\":\"Polowiec i Wsp\u00f3lnicy - Kancelaria prawna\",\"url\":\"https:\/\/polowiec.pl\/en\/\",\"logo\":{\"@type\":\"ImageObject\",\"inLanguage\":\"en-US\",\"@id\":\"https:\/\/polowiec.pl\/en\/#\/schema\/logo\/image\/\",\"url\":\"https:\/\/polowiec.pl\/wp-content\/uploads\/2018\/10\/polowiec_logo2-1.png\",\"contentUrl\":\"https:\/\/polowiec.pl\/wp-content\/uploads\/2018\/10\/polowiec_logo2-1.png\",\"width\":540,\"height\":381,\"caption\":\"Polowiec i Wsp\u00f3lnicy - Kancelaria prawna\"},\"image\":{\"@id\":\"https:\/\/polowiec.pl\/en\/#\/schema\/logo\/image\/\"},\"sameAs\":[\"https:\/\/www.facebook.com\/polowieciwspolnicy\/\",\"https:\/\/www.linkedin.com\/company\/polowiec-i-wsplnicy-sp.j.\/about\/\"]},{\"@type\":\"Person\",\"@id\":\"https:\/\/polowiec.pl\/en\/#\/schema\/person\/ed8994874b775675a86115f307352d24\",\"name\":\"Super User\",\"image\":{\"@type\":\"ImageObject\",\"inLanguage\":\"en-US\",\"@id\":\"https:\/\/secure.gravatar.com\/avatar\/e759b874f0fa459bd87c83ff47148fc5718f86d9459564657124e571997afbf7?s=96&d=mm&r=g\",\"url\":\"https:\/\/secure.gravatar.com\/avatar\/e759b874f0fa459bd87c83ff47148fc5718f86d9459564657124e571997afbf7?s=96&d=mm&r=g\",\"contentUrl\":\"https:\/\/secure.gravatar.com\/avatar\/e759b874f0fa459bd87c83ff47148fc5718f86d9459564657124e571997afbf7?s=96&d=mm&r=g\",\"caption\":\"Super User\"}}]}<\/script>\n<!-- \/ Yoast SEO plugin. -->","yoast_head_json":{"title":"Legal Bulletin Of The Law Office Of Adam Polowiec (25 february \u2013 3 march 2013 r.) - Polowiec i Wsp\u00f3lnicy - Kancelaria prawna","robots":{"index":"index","follow":"follow","max-snippet":"max-snippet:-1","max-image-preview":"max-image-preview:large","max-video-preview":"max-video-preview:-1"},"canonical":"https:\/\/polowiec.pl\/en\/legal-bulletin-of-the-law-office-of-adam-polowiec-25-february-3-march-2013-r\/","og_locale":"en_US","og_type":"article","og_title":"Legal Bulletin Of The Law Office Of Adam Polowiec (25 february \u2013 3 march 2013 r.) - Polowiec i Wsp\u00f3lnicy - Kancelaria prawna","og_description":"We would like to present the next issue of legal bulletin of the Law Office of Adam Polowiec.What you will find here is some information about the new provisions of law and the projects of amendments to acts, but also case-laws including the case laws of Supreme Court, Constitutional Tribunal and European Court of Justice.","og_url":"https:\/\/polowiec.pl\/en\/legal-bulletin-of-the-law-office-of-adam-polowiec-25-february-3-march-2013-r\/","og_site_name":"Polowiec i Wsp\u00f3lnicy - Kancelaria prawna","article_publisher":"https:\/\/www.facebook.com\/polowieciwspolnicy\/","article_published_time":"2013-03-04T13:55:04+00:00","article_modified_time":"2018-10-11T08:43:02+00:00","author":"Super User","twitter_card":"summary_large_image","twitter_misc":{"Written by":"Super User","Est. reading time":"2 minutes"},"schema":{"@context":"https:\/\/schema.org","@graph":[{"@type":"Article","@id":"https:\/\/polowiec.pl\/en\/legal-bulletin-of-the-law-office-of-adam-polowiec-25-february-3-march-2013-r\/#article","isPartOf":{"@id":"https:\/\/polowiec.pl\/en\/legal-bulletin-of-the-law-office-of-adam-polowiec-25-february-3-march-2013-r\/"},"author":{"name":"Super User","@id":"https:\/\/polowiec.pl\/en\/#\/schema\/person\/ed8994874b775675a86115f307352d24"},"headline":"Legal Bulletin Of The Law Office Of Adam Polowiec (25 february \u2013 3 march 2013 r.)","datePublished":"2013-03-04T13:55:04+00:00","dateModified":"2018-10-11T08:43:02+00:00","mainEntityOfPage":{"@id":"https:\/\/polowiec.pl\/en\/legal-bulletin-of-the-law-office-of-adam-polowiec-25-february-3-march-2013-r\/"},"wordCount":474,"publisher":{"@id":"https:\/\/polowiec.pl\/en\/#organization"},"articleSection":["Newsletter"],"inLanguage":"en-US"},{"@type":"WebPage","@id":"https:\/\/polowiec.pl\/en\/legal-bulletin-of-the-law-office-of-adam-polowiec-25-february-3-march-2013-r\/","url":"https:\/\/polowiec.pl\/en\/legal-bulletin-of-the-law-office-of-adam-polowiec-25-february-3-march-2013-r\/","name":"Legal Bulletin Of The Law Office Of Adam Polowiec (25 february \u2013 3 march 2013 r.) - Polowiec i Wsp\u00f3lnicy - Kancelaria prawna","isPartOf":{"@id":"https:\/\/polowiec.pl\/en\/#website"},"datePublished":"2013-03-04T13:55:04+00:00","dateModified":"2018-10-11T08:43:02+00:00","breadcrumb":{"@id":"https:\/\/polowiec.pl\/en\/legal-bulletin-of-the-law-office-of-adam-polowiec-25-february-3-march-2013-r\/#breadcrumb"},"inLanguage":"en-US","potentialAction":[{"@type":"ReadAction","target":["https:\/\/polowiec.pl\/en\/legal-bulletin-of-the-law-office-of-adam-polowiec-25-february-3-march-2013-r\/"]}]},{"@type":"BreadcrumbList","@id":"https:\/\/polowiec.pl\/en\/legal-bulletin-of-the-law-office-of-adam-polowiec-25-february-3-march-2013-r\/#breadcrumb","itemListElement":[{"@type":"ListItem","position":1,"name":"Strona g\u0142\u00f3wna","item":"https:\/\/polowiec.pl\/en\/"},{"@type":"ListItem","position":2,"name":"Legal Bulletin Of The Law Office Of Adam Polowiec (25 february \u2013 3 march 2013 r.)"}]},{"@type":"WebSite","@id":"https:\/\/polowiec.pl\/en\/#website","url":"https:\/\/polowiec.pl\/en\/","name":"Polowiec i Wsp\u00f3lnicy - Kancelaria prawna","description":"Obs\u0142uga prawna","publisher":{"@id":"https:\/\/polowiec.pl\/en\/#organization"},"potentialAction":[{"@type":"SearchAction","target":{"@type":"EntryPoint","urlTemplate":"https:\/\/polowiec.pl\/en\/?s={search_term_string}"},"query-input":{"@type":"PropertyValueSpecification","valueRequired":true,"valueName":"search_term_string"}}],"inLanguage":"en-US"},{"@type":"Organization","@id":"https:\/\/polowiec.pl\/en\/#organization","name":"Polowiec i Wsp\u00f3lnicy - Kancelaria prawna","url":"https:\/\/polowiec.pl\/en\/","logo":{"@type":"ImageObject","inLanguage":"en-US","@id":"https:\/\/polowiec.pl\/en\/#\/schema\/logo\/image\/","url":"https:\/\/polowiec.pl\/wp-content\/uploads\/2018\/10\/polowiec_logo2-1.png","contentUrl":"https:\/\/polowiec.pl\/wp-content\/uploads\/2018\/10\/polowiec_logo2-1.png","width":540,"height":381,"caption":"Polowiec i Wsp\u00f3lnicy - Kancelaria prawna"},"image":{"@id":"https:\/\/polowiec.pl\/en\/#\/schema\/logo\/image\/"},"sameAs":["https:\/\/www.facebook.com\/polowieciwspolnicy\/","https:\/\/www.linkedin.com\/company\/polowiec-i-wsplnicy-sp.j.\/about\/"]},{"@type":"Person","@id":"https:\/\/polowiec.pl\/en\/#\/schema\/person\/ed8994874b775675a86115f307352d24","name":"Super User","image":{"@type":"ImageObject","inLanguage":"en-US","@id":"https:\/\/secure.gravatar.com\/avatar\/e759b874f0fa459bd87c83ff47148fc5718f86d9459564657124e571997afbf7?s=96&d=mm&r=g","url":"https:\/\/secure.gravatar.com\/avatar\/e759b874f0fa459bd87c83ff47148fc5718f86d9459564657124e571997afbf7?s=96&d=mm&r=g","contentUrl":"https:\/\/secure.gravatar.com\/avatar\/e759b874f0fa459bd87c83ff47148fc5718f86d9459564657124e571997afbf7?s=96&d=mm&r=g","caption":"Super User"}}]}},"_links":{"self":[{"href":"https:\/\/polowiec.pl\/en\/wp-json\/wp\/v2\/posts\/466","targetHints":{"allow":["GET"]}}],"collection":[{"href":"https:\/\/polowiec.pl\/en\/wp-json\/wp\/v2\/posts"}],"about":[{"href":"https:\/\/polowiec.pl\/en\/wp-json\/wp\/v2\/types\/post"}],"author":[{"embeddable":true,"href":"https:\/\/polowiec.pl\/en\/wp-json\/wp\/v2\/users\/2"}],"replies":[{"embeddable":true,"href":"https:\/\/polowiec.pl\/en\/wp-json\/wp\/v2\/comments?post=466"}],"version-history":[{"count":0,"href":"https:\/\/polowiec.pl\/en\/wp-json\/wp\/v2\/posts\/466\/revisions"}],"wp:attachment":[{"href":"https:\/\/polowiec.pl\/en\/wp-json\/wp\/v2\/media?parent=466"}],"wp:term":[{"taxonomy":"category","embeddable":true,"href":"https:\/\/polowiec.pl\/en\/wp-json\/wp\/v2\/categories?post=466"},{"taxonomy":"post_tag","embeddable":true,"href":"https:\/\/polowiec.pl\/en\/wp-json\/wp\/v2\/tags?post=466"}],"curies":[{"name":"wp","href":"https:\/\/api.w.org\/{rel}","templated":true}]}}