{"id":469,"date":"2013-03-25T22:18:21","date_gmt":"2013-03-25T21:18:21","guid":{"rendered":"https:\/\/nowa.polowiec.pl\/legal-bulletin-of-the-law-office-of-adam-polowiec-18-24-march-2013-r\/"},"modified":"2018-10-11T10:43:02","modified_gmt":"2018-10-11T08:43:02","slug":"legal-bulletin-of-the-law-office-of-adam-polowiec-18-24-march-2013-r","status":"publish","type":"post","link":"https:\/\/polowiec.pl\/en\/legal-bulletin-of-the-law-office-of-adam-polowiec-18-24-march-2013-r\/","title":{"rendered":"Legal Bulletin Of The Law Office Of Adam Polowiec (18 \u2013 24 march 2013 r.)"},"content":{"rendered":"<p>We would like to present the next issue of legal bulletin of the Law Office of Adam Polowiec.<br \/>What you will find here is some information about the new provisions of law and the projects of amendments to acts, but also case-laws including the case laws of Supreme Court, Constitutional Tribunal and European Court of Justice. <!--more--> <\/p>\n<p><strong><\/p>\n<h3 class=\"newsletter-naglowek\">Nowe Prawo<\/h3>\n<p><\/strong><\/p>\n<p><strong>PODATKI I RACHUNKOWO\u015a\u0106<\/strong><\/p>\n<p><strong>Rozporz\u0105dzenie <\/strong>Ministra Finans\u00f3w z dnia 12 marca 2013 r. w sprawie wzoru deklaracji dla podatku od towar\u00f3w i us\u0142ug przedstawiciela podatkowego (Dz. U. z 2013 r., poz. 357) \u2013 <strong>wejdzie w \u017cycie z dniem 1 kwietnia 2013 r.<\/strong><\/p>\n<p><strong>Rozporz\u0105dzenie <\/strong>Ministra Finans\u00f3w z dnia 12 marca 2013 r. zmieniaj\u0105ce rozporz\u0105dzenie w sprawie wykaz\u00f3w towar\u00f3w do cel\u00f3w poboru podatku od towar\u00f3w i us\u0142ug w imporcie (Dz. U. z 2013 r., poz. 359) \u2013 wejdzie w \u017cycie z dniem 1 kwietnia 2013 r.<\/p>\n<p>W rozporz\u0105dzeniu Ministra Finans\u00f3w z dnia 22 grudnia 2011 r. w sprawie wykaz\u00f3w towar\u00f3w do cel\u00f3w poboru podatku od towar\u00f3w i us\u0142ug w imporcie (Dz. U. z 2013 r., poz.\u00a0206) uleg\u0142o zmianie brzmienie za\u0142\u0105cznika nr 1 i nr 2.<\/p>\n<p><strong>Rozporz\u0105dzenie <\/strong>Ministra Finans\u00f3w z dnia 14 marca 2013 r. zmieniaj\u0105ce rozporz\u0105dzenie w sprawie okre\u015blenia wzor\u00f3w: znaku informuj\u0105cego podr\u00f3\u017cnych o mo\u017cliwo\u015bci zakupu w\u00a0punktach sprzeda\u017cy towar\u00f3w, od kt\u00f3rych przys\u0142uguje zwrot podatku od towar\u00f3w i\u00a0us\u0142ug, oraz stempla potwierdzaj\u0105cego wyw\u00f3z towar\u00f3w poza terytorium Unii Europejskiej, a tak\u017ce okre\u015blenia niezb\u0119dnych danych, kt\u00f3re powinien zawiera\u0107 dokument b\u0119d\u0105cy podstaw\u0105 do dokonania zwrotu podatku podr\u00f3\u017cnym (Dz. U. z 2013 r., poz. 360)\u00a0\u2013 <strong>wejdzie w \u017cycie z dniem 1 kwietnia 2013 r.<\/strong><\/p>\n<p>W rozporz\u0105dzeniu Ministra Finans\u00f3w z dnia 28 marca 2011 r. w sprawie okre\u015blenia wzor\u00f3w: znaku informuj\u0105cego podr\u00f3\u017cnych o mo\u017cliwo\u015bci zakupu w punktach sprzeda\u017cy towar\u00f3w, od kt\u00f3rych przys\u0142uguje zwrot podatku od towar\u00f3w i us\u0142ug, oraz stempla potwierdzaj\u0105cego wyw\u00f3z towar\u00f3w poza terytorium Unii Europejskiej, a tak\u017ce okre\u015blenia niezb\u0119dnych danych, kt\u00f3re powinien zawiera\u0107 dokument b\u0119d\u0105cy podstaw\u0105 do dokonania zwrotu podatku podr\u00f3\u017cnym (Dz. U. z 2011 r., nr 68, poz. 361) uleg\u0142o zmianie brzmienie \u00a74.<\/p>\n<p><strong>Rozporz\u0105dzenie <\/strong>Ministra Finans\u00f3w z dnia 14 marca 2013 r. zmieniaj\u0105ce rozporz\u0105dzenie w sprawie wykonania niekt\u00f3rych przepis\u00f3w ustawy o podatku od towar\u00f3w i us\u0142ug (Dz.\u00a0U.\u00a0z 2013 r., poz. 362) \u2013 <strong>wejdzie w \u017cycie z dniem 1 kwietnia 2013 r.<\/strong><\/p>\n<p>W rozporz\u0105dzeniu Ministra Finans\u00f3w z dnia 4 kwietnia 2011 r. w sprawie wykonania niekt\u00f3rych przepis\u00f3w ustawy o podatku od towar\u00f3w i us\u0142ug (Dz. U. z 2013 r., poz. 247) uleg\u0142o zmianie brzmienie \u00a77, \u00a710 \u2013 15, za\u0142\u0105cznika nr 1, zosta\u0142 dodany \u00a7 42a \u2013 d.<\/p>\n<p><strong>Rozporz\u0105dzenie <\/strong>Ministra Finans\u00f3w z dnia 14 marca 2013 r. w sprawie kas\u00a0rejestruj\u0105cych (Dz. U. z 2013 r., poz. 363) \u2013 <strong>wejdzie w \u017cycie z dniem 1\u00a0kwietnia\u00a02013 r.<\/strong><\/p>\n<p><strong>Rozporz\u0105dzenie <\/strong>Ministra Finans\u00f3w z dnia 14 marca 2013 r. w sprawie wzor\u00f3w deklaracji dla podatku od towar\u00f3w i us\u0142ug dotycz\u0105cych transakcji wewn\u0105trzwsp\u00f3lnotowych w zakresie nowych \u015brodk\u00f3w transportu (Dz. U. z 2013 r., poz.\u00a0367) \u2013 <strong>wejdzie w \u017cycie z dniem 1 kwietnia 2013 r.<\/strong><\/p>\n<p>\u00a0<\/p>\n<p><strong>SZKOLNICTWO<\/strong><\/p>\n<p><strong>Rozporz\u0105dzenie<\/strong> Ministra Edukacji Narodowej z dnia 1 marca 2013 r. w sprawie ramowego programu szkolenia kandydat\u00f3w na ekspert\u00f3w wchodz\u0105cych w sk\u0142ad komisji egzaminacyjnych i kwalifikacyjnych dla nauczycieli ubiegaj\u0105cych si\u0119 o awans na stopie\u0144 zawodowy, sposobu prowadzenia listy ekspert\u00f3w oraz trybu wpisywania i skre\u015blania ekspert\u00f3w z listy (Dz. U. z 2013 r., poz. 354) \u2013 <strong>wesz\u0142o w \u017cycie z dniem 16\u00a0marca\u00a02013 r.<\/strong><\/p>\n<p>\u00a0<\/p>\n<p><strong>PRAWO UPAD\u0141O\u015aCIOWE I NAPRAWCZE<\/strong><\/p>\n<p><strong>Ustawa<\/strong> z dnia 25 stycznia 2013 r. o zmianie ustawy &#8211; Prawo upad\u0142o\u015bciowe i naprawcze (Dz. U. z 2013 r., poz. 355) \u2013 <strong>wejdzie w \u017cycie z dniem 30 marca 2013 r.<\/strong><\/p>\n<p>W ustawie z dnia 28 lutego 2003 r. &#8211; Prawo upad\u0142o\u015bciowe i naprawcze (Dz. U. z 2012 r., poz. 1112 i 1529) uleg\u0142o zmianie brzmienie art. 32, art. 4912.<\/p>\n<p>\u00a0<\/p>\n<p><strong>PALIWA<\/strong><\/p>\n<p><strong>Rozporz\u0105dzenie <\/strong>Ministra Gospodarki z dnia 25 lutego 2013 r. zmieniaj\u0105ce rozporz\u0105dzenie w sprawie sposobu pobierania pr\u00f3bek paliw ciek\u0142ych i biopaliw ciek\u0142ych (Dz. U. z 2013 r., poz. 346) \u2013 <strong>wejdzie w \u017cycie z dniem 1 kwietnia 2013 r.<\/strong><\/p>\n<p>W rozporz\u0105dzeniu Ministra Gospodarki z dnia 1 wrze\u015bnia 2009 r. w sprawie sposobu pobierania pr\u00f3bek paliw ciek\u0142ych i biopaliw ciek\u0142ych (Dz. U. z 2009 r., nr 147, poz. 1189) uleg\u0142o zmianie brzmienie za\u0142\u0105cznika.<\/p>\n<p>\u00a0<\/p>\n<p><strong>PRAWO RUCHU DROGOWEGO<\/strong><\/p>\n<p><strong>Rozporz\u0105dzenie <\/strong>Ministra Transportu, Budownictwa i Gospodarki Morskiej z dnia 14\u00a0marca 2013 r. w sprawie warunk\u00f3w lokalizacji, sposobu oznakowania i dokonywania pomiar\u00f3w przez urz\u0105dzenia rejestruj\u0105ce (Dz. U. z 2013 r., poz. 366) \u2013 <strong>wejdzie w \u017cycie z dniem 27 marca 2013 r.<\/strong><\/p>\n<p>\u00a0<\/p>\n<p><strong>OCHRONA ZDROWIA<\/strong><\/p>\n<p><strong>Rozporz\u0105dzenie<\/strong> Ministra Zdrowia z dnia 1 marca 2013 r. w sprawie leczenia substytucyjnego (Dz. U. 2013 r., poz. 368) \u2013 <strong>wejdzie w \u017cycie z dniem 3\u00a0kwietnia\u00a02013 r., z wyj\u0105tkiem \u00a75 ust. 4 pkt 1 lit. b, kt\u00f3ry wchodzi w \u017cycie z\u00a0dniem 1 czerwca 2013 r.<\/strong><\/p>\n<p>\u00a0<\/p>\n<p><strong><\/p>\n<h3 class=\"newsletter-naglowek\">Orzecznictwo<\/h3>\n<p><\/strong><\/p>\n<p><strong>Trybuna\u0142 Konstytucyjny; Trybuna\u0142 Sprawiedliwo\u015bci Unii Europejskiej<\/strong><\/p>\n<p><strong>OP\u0141ATY OD D\u0141U\u017bNIK\u00d3W<\/strong><\/p>\n<p>Pobieranie op\u0142aty egzekucyjnej od d\u0142u\u017cnika w wypadku umorzenia post\u0119powania jest sprzeczne z koncepcj\u0105 ustawy o komornikach. Po to bowiem, \u017ceby komornikowi nale\u017ca\u0142o si\u0119 wynagrodzenie, potrzebny jest z jego strony realny, a nie rozumiany formalnie, nak\u0142ad koszt\u00f3w, czasu i wysi\u0142ku. Komornik jest z jednej strony organem pa\u0144stwowym, a\u00a0z drugiej ponosi ryzyko finansowe swej dzia\u0142alno\u015bci. Dlatego op\u0142ata egzekucyjna jest i\u00a0danin\u0105 publiczn\u0105 (nie musi mie\u0107 charakteru ekwiwalentnego), i powinna by\u0107 powi\u0105zana z efektami dzia\u0142a\u0144 komornika i nak\u0142adem jego pracy (jest swoistym wynagrodzeniem za\u00a0prowadzenie egzekucji). Trybuna\u0142 Konstytucyjny nie mo\u017ce wi\u0119c zaakceptowa\u0107 sytuacji, w kt\u00f3rej ustalona na 5% wysoko\u015b\u0107 op\u0142aty egzekucyjnej w przypadku umorzenia post\u0119powania na wniosek wierzyciela pozostaje w ra\u017c\u0105cej dysproporcji do nak\u0142adu pracy komornika. Dlatego s\u0119dziowie uwa\u017caj\u0105, \u017ce dobrym instrumentem s\u0142u\u017c\u0105cym eliminowaniu ra\u017c\u0105cej niewsp\u00f3\u0142mierno\u015bci op\u0142aty egzekucyjnej do nak\u0142adu pracy komornika i efekt\u00f3w jego dzia\u0142a\u0144, w przypadku umorzenia post\u0119powania egzekucyjnego z przyczyn le\u017c\u0105cych po stronie wierzyciela, jest mechanizm miarkowania op\u0142aty uregulowany w art. 49 ust. 7 \u2013 10 ustawy o komornikach &#8211; <strong>wyrok Trybuna\u0142u Konstytucyjnego z dnia 26 lutego 2013 r., sygn. akt: SK 12\/11.<\/strong><\/p>\n<p>\u00a0<\/p>\n<p><strong>LICYTACJE SYNDYK\u00d3W<\/strong><\/p>\n<p>Wymaganie od os\u00f3b wpisanych na listy kandydat\u00f3w na syndyk\u00f3w uzyskania licencji jest zgodne z Konstytucj\u0105 \u2013 uzna\u0142 Trybuna\u0142 Konstytucyjny. Zmiany dotycz\u0105ce ich zawodu wi\u0105za\u0142y si\u0119 z zasadnicz\u0105 reform\u0105 prawa upad\u0142o\u015bciowego i zamiarem podniesienia efektywno\u015bci pracy syndyk\u00f3w. Dlatego nieuzasadniony jest zdaniem s\u0119dzi\u00f3w pogl\u0105d, \u017ce\u00a0mo\u017cliwe by\u0142o dalsze, bezterminowe utrzymanie prawa do wykonywania czynno\u015bci syndyka przez osoby wpisane na listy kandydat\u00f3w bez z\u0142o\u017cenia egzaminu. Przez licencj\u0119 ustawodawca wprowadzi\u0142 bowiem jedynie tryb skutecznej weryfikacji wiedzy i\u00a0do\u015bwiadczenia. Teraz ka\u017cdy zainteresowany musi spe\u0142ni\u0107 takie same warunki, by\u00a0ubiega\u0107 si\u0119 o licencj\u0119 syndyka. Tym bardziej \u017ce nikt, kto wcze\u015bniej by\u0142 wpisany na\u00a0list\u0119 kandydat\u00f3w, nie zosta\u0142 zaskoczony zmianami i wszyscy mieli do\u015b\u0107 czasu, \u017ceby spe\u0142ni\u0107 wymagania okre\u015blone przez ustawodawc\u0119 &#8211; <strong>wyrok Trybuna\u0142u Konstytucyjnego z dnia 26 lutego 2013 r., sygn. akt: K 15\/10.<\/strong><\/p>\n<p>\u00a0<\/p>\n<p><strong>NIEDOPUSZCZALNY PRZYMUS<\/strong><\/p>\n<p>Prawo do prywatno\u015bci wymaga poszanowania godno\u015bci ludzkiej oskar\u017conego lub osoby podejrzanej w trakcie zbierania dowod\u00f3w biologicznych, kt\u00f3re s\u0105 czynno\u015bciami stanowi\u0105cymi ingerencj\u0119 w integralno\u015b\u0107 organizmu cz\u0142owieka \u2013 orzek\u0142 Trybuna\u0142 Konstytucyjny. Co wi\u0119cej, \u00a75 rozporz\u0105dzenia ministra sprawiedliwo\u015bci z\u00a023\u00a0lutego\u00a02005 r. w sprawie poddawania badaniom lub wykonywania czynno\u015bci z\u00a0udzia\u0142em oskar\u017conego oraz osoby podejrzanej jest niezgodny z Konstytucj\u0105 wprowadzaj\u0105c mo\u017cliwo\u015b\u0107 stosowania przymusu bezpo\u015bredniego podczas bada\u0144 i\u00a0czynno\u015bci, o kt\u00f3rych mowa w\u00a0art.\u00a074 kodeksu post\u0119powania karnego, poniewa\u017c uzupe\u0142nia ustaw\u0119, trac\u0105c charakter wykonawczy i zrywaj wi\u0119\u017a mi\u0119dzy rozporz\u0105dzeniem a\u00a0ustaw\u0105 \u2013 <strong>wyrok Trybuna\u0142u Konstytucyjnego z dnia 5 marca 2013 r., sygn.\u00a0akt:\u00a0U 2\/11.<\/strong><\/p>\n<p>\u00a0<\/p>\n<p><strong><\/p>\n<h2 class=\"newsletter-naglowek\">Projekty, Nowelizacje, Zmiany<\/h2>\n<p><\/strong><\/p>\n<p><strong>SZKOLNICTWO<\/strong><\/p>\n<p><strong>Zmienione zasady wyboru ekspert\u00f3w do komisji<\/strong><\/p>\n<p>Nowy program szkole\u0144 sprawdzi umiej\u0119tno\u015bci nauczycieli ubiegaj\u0105cych si\u0119 o mo\u017cliwo\u015b\u0107 zasiadania w komisjach oceniaj\u0105cych innych dydaktyk\u00f3w.<\/p>\n","protected":false},"excerpt":{"rendered":"<p>We would like to present the next issue of legal bulletin of the Law Office of Adam Polowiec.What you will find here is some information about the new provisions of law and the projects of amendments to acts, but also case-laws including the case laws of Supreme Court, Constitutional Tribunal and European Court of Justice.<\/p>\n","protected":false},"author":2,"featured_media":0,"comment_status":"closed","ping_status":"open","sticky":false,"template":"","format":"standard","meta":{"footnotes":""},"categories":[11],"tags":[],"class_list":["post-469","post","type-post","status-publish","format-standard","hentry","category-newsletters"],"featured_image_src":{"landsacpe":false,"list":false,"medium":false,"full":false},"yoast_head":"<!-- This site is optimized with the Yoast SEO plugin v27.2 - https:\/\/yoast.com\/product\/yoast-seo-wordpress\/ -->\n<title>Legal Bulletin Of The Law Office Of Adam Polowiec (18 \u2013 24 march 2013 r.) - Polowiec i Wsp\u00f3lnicy - Kancelaria prawna<\/title>\n<meta name=\"robots\" content=\"index, follow, max-snippet:-1, max-image-preview:large, max-video-preview:-1\" \/>\n<link rel=\"canonical\" href=\"https:\/\/polowiec.pl\/en\/legal-bulletin-of-the-law-office-of-adam-polowiec-18-24-march-2013-r\/\" \/>\n<meta property=\"og:locale\" content=\"en_US\" \/>\n<meta property=\"og:type\" content=\"article\" \/>\n<meta property=\"og:title\" content=\"Legal Bulletin Of The Law Office Of Adam Polowiec (18 \u2013 24 march 2013 r.) - Polowiec i Wsp\u00f3lnicy - Kancelaria prawna\" \/>\n<meta property=\"og:description\" content=\"We would like to present the next issue of legal bulletin of the Law Office of Adam Polowiec.What you will find here is some information about the new provisions of law and the projects of amendments to acts, but also case-laws including the case laws of Supreme Court, Constitutional Tribunal and European Court of Justice.\" \/>\n<meta property=\"og:url\" content=\"https:\/\/polowiec.pl\/en\/legal-bulletin-of-the-law-office-of-adam-polowiec-18-24-march-2013-r\/\" \/>\n<meta property=\"og:site_name\" content=\"Polowiec i Wsp\u00f3lnicy - Kancelaria prawna\" \/>\n<meta property=\"article:publisher\" content=\"https:\/\/www.facebook.com\/polowieciwspolnicy\/\" \/>\n<meta property=\"article:published_time\" content=\"2013-03-25T21:18:21+00:00\" \/>\n<meta property=\"article:modified_time\" content=\"2018-10-11T08:43:02+00:00\" \/>\n<meta name=\"author\" content=\"Super User\" \/>\n<meta name=\"twitter:card\" content=\"summary_large_image\" \/>\n<meta name=\"twitter:label1\" content=\"Written by\" \/>\n\t<meta name=\"twitter:data1\" content=\"Super User\" \/>\n\t<meta name=\"twitter:label2\" content=\"Est. reading time\" \/>\n\t<meta name=\"twitter:data2\" content=\"7 minutes\" \/>\n<script type=\"application\/ld+json\" class=\"yoast-schema-graph\">{\"@context\":\"https:\/\/schema.org\",\"@graph\":[{\"@type\":\"Article\",\"@id\":\"https:\/\/polowiec.pl\/en\/legal-bulletin-of-the-law-office-of-adam-polowiec-18-24-march-2013-r\/#article\",\"isPartOf\":{\"@id\":\"https:\/\/polowiec.pl\/en\/legal-bulletin-of-the-law-office-of-adam-polowiec-18-24-march-2013-r\/\"},\"author\":{\"name\":\"Super User\",\"@id\":\"https:\/\/polowiec.pl\/en\/#\/schema\/person\/ed8994874b775675a86115f307352d24\"},\"headline\":\"Legal Bulletin Of The Law Office Of Adam Polowiec (18 \u2013 24 march 2013 r.)\",\"datePublished\":\"2013-03-25T21:18:21+00:00\",\"dateModified\":\"2018-10-11T08:43:02+00:00\",\"mainEntityOfPage\":{\"@id\":\"https:\/\/polowiec.pl\/en\/legal-bulletin-of-the-law-office-of-adam-polowiec-18-24-march-2013-r\/\"},\"wordCount\":1342,\"publisher\":{\"@id\":\"https:\/\/polowiec.pl\/en\/#organization\"},\"articleSection\":[\"Newsletter\"],\"inLanguage\":\"en-US\"},{\"@type\":\"WebPage\",\"@id\":\"https:\/\/polowiec.pl\/en\/legal-bulletin-of-the-law-office-of-adam-polowiec-18-24-march-2013-r\/\",\"url\":\"https:\/\/polowiec.pl\/en\/legal-bulletin-of-the-law-office-of-adam-polowiec-18-24-march-2013-r\/\",\"name\":\"Legal Bulletin Of The Law Office Of Adam Polowiec (18 \u2013 24 march 2013 r.) - Polowiec i Wsp\u00f3lnicy - Kancelaria prawna\",\"isPartOf\":{\"@id\":\"https:\/\/polowiec.pl\/en\/#website\"},\"datePublished\":\"2013-03-25T21:18:21+00:00\",\"dateModified\":\"2018-10-11T08:43:02+00:00\",\"breadcrumb\":{\"@id\":\"https:\/\/polowiec.pl\/en\/legal-bulletin-of-the-law-office-of-adam-polowiec-18-24-march-2013-r\/#breadcrumb\"},\"inLanguage\":\"en-US\",\"potentialAction\":[{\"@type\":\"ReadAction\",\"target\":[\"https:\/\/polowiec.pl\/en\/legal-bulletin-of-the-law-office-of-adam-polowiec-18-24-march-2013-r\/\"]}]},{\"@type\":\"BreadcrumbList\",\"@id\":\"https:\/\/polowiec.pl\/en\/legal-bulletin-of-the-law-office-of-adam-polowiec-18-24-march-2013-r\/#breadcrumb\",\"itemListElement\":[{\"@type\":\"ListItem\",\"position\":1,\"name\":\"Strona g\u0142\u00f3wna\",\"item\":\"https:\/\/polowiec.pl\/en\/\"},{\"@type\":\"ListItem\",\"position\":2,\"name\":\"Legal Bulletin Of The Law Office Of Adam Polowiec (18 \u2013 24 march 2013 r.)\"}]},{\"@type\":\"WebSite\",\"@id\":\"https:\/\/polowiec.pl\/en\/#website\",\"url\":\"https:\/\/polowiec.pl\/en\/\",\"name\":\"Polowiec i Wsp\u00f3lnicy - Kancelaria prawna\",\"description\":\"Obs\u0142uga prawna\",\"publisher\":{\"@id\":\"https:\/\/polowiec.pl\/en\/#organization\"},\"potentialAction\":[{\"@type\":\"SearchAction\",\"target\":{\"@type\":\"EntryPoint\",\"urlTemplate\":\"https:\/\/polowiec.pl\/en\/?s={search_term_string}\"},\"query-input\":{\"@type\":\"PropertyValueSpecification\",\"valueRequired\":true,\"valueName\":\"search_term_string\"}}],\"inLanguage\":\"en-US\"},{\"@type\":\"Organization\",\"@id\":\"https:\/\/polowiec.pl\/en\/#organization\",\"name\":\"Polowiec i Wsp\u00f3lnicy - Kancelaria prawna\",\"url\":\"https:\/\/polowiec.pl\/en\/\",\"logo\":{\"@type\":\"ImageObject\",\"inLanguage\":\"en-US\",\"@id\":\"https:\/\/polowiec.pl\/en\/#\/schema\/logo\/image\/\",\"url\":\"https:\/\/polowiec.pl\/wp-content\/uploads\/2018\/10\/polowiec_logo2-1.png\",\"contentUrl\":\"https:\/\/polowiec.pl\/wp-content\/uploads\/2018\/10\/polowiec_logo2-1.png\",\"width\":540,\"height\":381,\"caption\":\"Polowiec i Wsp\u00f3lnicy - Kancelaria prawna\"},\"image\":{\"@id\":\"https:\/\/polowiec.pl\/en\/#\/schema\/logo\/image\/\"},\"sameAs\":[\"https:\/\/www.facebook.com\/polowieciwspolnicy\/\",\"https:\/\/www.linkedin.com\/company\/polowiec-i-wsplnicy-sp.j.\/about\/\"]},{\"@type\":\"Person\",\"@id\":\"https:\/\/polowiec.pl\/en\/#\/schema\/person\/ed8994874b775675a86115f307352d24\",\"name\":\"Super User\",\"image\":{\"@type\":\"ImageObject\",\"inLanguage\":\"en-US\",\"@id\":\"https:\/\/secure.gravatar.com\/avatar\/e759b874f0fa459bd87c83ff47148fc5718f86d9459564657124e571997afbf7?s=96&d=mm&r=g\",\"url\":\"https:\/\/secure.gravatar.com\/avatar\/e759b874f0fa459bd87c83ff47148fc5718f86d9459564657124e571997afbf7?s=96&d=mm&r=g\",\"contentUrl\":\"https:\/\/secure.gravatar.com\/avatar\/e759b874f0fa459bd87c83ff47148fc5718f86d9459564657124e571997afbf7?s=96&d=mm&r=g\",\"caption\":\"Super User\"}}]}<\/script>\n<!-- \/ Yoast SEO plugin. -->","yoast_head_json":{"title":"Legal Bulletin Of The Law Office Of Adam Polowiec (18 \u2013 24 march 2013 r.) - Polowiec i Wsp\u00f3lnicy - Kancelaria prawna","robots":{"index":"index","follow":"follow","max-snippet":"max-snippet:-1","max-image-preview":"max-image-preview:large","max-video-preview":"max-video-preview:-1"},"canonical":"https:\/\/polowiec.pl\/en\/legal-bulletin-of-the-law-office-of-adam-polowiec-18-24-march-2013-r\/","og_locale":"en_US","og_type":"article","og_title":"Legal Bulletin Of The Law Office Of Adam Polowiec (18 \u2013 24 march 2013 r.) - Polowiec i Wsp\u00f3lnicy - Kancelaria prawna","og_description":"We would like to present the next issue of legal bulletin of the Law Office of Adam Polowiec.What you will find here is some information about the new provisions of law and the projects of amendments to acts, but also case-laws including the case laws of Supreme Court, Constitutional Tribunal and European Court of Justice.","og_url":"https:\/\/polowiec.pl\/en\/legal-bulletin-of-the-law-office-of-adam-polowiec-18-24-march-2013-r\/","og_site_name":"Polowiec i Wsp\u00f3lnicy - Kancelaria prawna","article_publisher":"https:\/\/www.facebook.com\/polowieciwspolnicy\/","article_published_time":"2013-03-25T21:18:21+00:00","article_modified_time":"2018-10-11T08:43:02+00:00","author":"Super User","twitter_card":"summary_large_image","twitter_misc":{"Written by":"Super User","Est. reading time":"7 minutes"},"schema":{"@context":"https:\/\/schema.org","@graph":[{"@type":"Article","@id":"https:\/\/polowiec.pl\/en\/legal-bulletin-of-the-law-office-of-adam-polowiec-18-24-march-2013-r\/#article","isPartOf":{"@id":"https:\/\/polowiec.pl\/en\/legal-bulletin-of-the-law-office-of-adam-polowiec-18-24-march-2013-r\/"},"author":{"name":"Super User","@id":"https:\/\/polowiec.pl\/en\/#\/schema\/person\/ed8994874b775675a86115f307352d24"},"headline":"Legal Bulletin Of The Law Office Of Adam Polowiec (18 \u2013 24 march 2013 r.)","datePublished":"2013-03-25T21:18:21+00:00","dateModified":"2018-10-11T08:43:02+00:00","mainEntityOfPage":{"@id":"https:\/\/polowiec.pl\/en\/legal-bulletin-of-the-law-office-of-adam-polowiec-18-24-march-2013-r\/"},"wordCount":1342,"publisher":{"@id":"https:\/\/polowiec.pl\/en\/#organization"},"articleSection":["Newsletter"],"inLanguage":"en-US"},{"@type":"WebPage","@id":"https:\/\/polowiec.pl\/en\/legal-bulletin-of-the-law-office-of-adam-polowiec-18-24-march-2013-r\/","url":"https:\/\/polowiec.pl\/en\/legal-bulletin-of-the-law-office-of-adam-polowiec-18-24-march-2013-r\/","name":"Legal Bulletin Of The Law Office Of Adam Polowiec (18 \u2013 24 march 2013 r.) - Polowiec i Wsp\u00f3lnicy - Kancelaria prawna","isPartOf":{"@id":"https:\/\/polowiec.pl\/en\/#website"},"datePublished":"2013-03-25T21:18:21+00:00","dateModified":"2018-10-11T08:43:02+00:00","breadcrumb":{"@id":"https:\/\/polowiec.pl\/en\/legal-bulletin-of-the-law-office-of-adam-polowiec-18-24-march-2013-r\/#breadcrumb"},"inLanguage":"en-US","potentialAction":[{"@type":"ReadAction","target":["https:\/\/polowiec.pl\/en\/legal-bulletin-of-the-law-office-of-adam-polowiec-18-24-march-2013-r\/"]}]},{"@type":"BreadcrumbList","@id":"https:\/\/polowiec.pl\/en\/legal-bulletin-of-the-law-office-of-adam-polowiec-18-24-march-2013-r\/#breadcrumb","itemListElement":[{"@type":"ListItem","position":1,"name":"Strona g\u0142\u00f3wna","item":"https:\/\/polowiec.pl\/en\/"},{"@type":"ListItem","position":2,"name":"Legal Bulletin Of The Law Office Of Adam Polowiec (18 \u2013 24 march 2013 r.)"}]},{"@type":"WebSite","@id":"https:\/\/polowiec.pl\/en\/#website","url":"https:\/\/polowiec.pl\/en\/","name":"Polowiec i Wsp\u00f3lnicy - Kancelaria prawna","description":"Obs\u0142uga prawna","publisher":{"@id":"https:\/\/polowiec.pl\/en\/#organization"},"potentialAction":[{"@type":"SearchAction","target":{"@type":"EntryPoint","urlTemplate":"https:\/\/polowiec.pl\/en\/?s={search_term_string}"},"query-input":{"@type":"PropertyValueSpecification","valueRequired":true,"valueName":"search_term_string"}}],"inLanguage":"en-US"},{"@type":"Organization","@id":"https:\/\/polowiec.pl\/en\/#organization","name":"Polowiec i Wsp\u00f3lnicy - Kancelaria prawna","url":"https:\/\/polowiec.pl\/en\/","logo":{"@type":"ImageObject","inLanguage":"en-US","@id":"https:\/\/polowiec.pl\/en\/#\/schema\/logo\/image\/","url":"https:\/\/polowiec.pl\/wp-content\/uploads\/2018\/10\/polowiec_logo2-1.png","contentUrl":"https:\/\/polowiec.pl\/wp-content\/uploads\/2018\/10\/polowiec_logo2-1.png","width":540,"height":381,"caption":"Polowiec i Wsp\u00f3lnicy - Kancelaria prawna"},"image":{"@id":"https:\/\/polowiec.pl\/en\/#\/schema\/logo\/image\/"},"sameAs":["https:\/\/www.facebook.com\/polowieciwspolnicy\/","https:\/\/www.linkedin.com\/company\/polowiec-i-wsplnicy-sp.j.\/about\/"]},{"@type":"Person","@id":"https:\/\/polowiec.pl\/en\/#\/schema\/person\/ed8994874b775675a86115f307352d24","name":"Super User","image":{"@type":"ImageObject","inLanguage":"en-US","@id":"https:\/\/secure.gravatar.com\/avatar\/e759b874f0fa459bd87c83ff47148fc5718f86d9459564657124e571997afbf7?s=96&d=mm&r=g","url":"https:\/\/secure.gravatar.com\/avatar\/e759b874f0fa459bd87c83ff47148fc5718f86d9459564657124e571997afbf7?s=96&d=mm&r=g","contentUrl":"https:\/\/secure.gravatar.com\/avatar\/e759b874f0fa459bd87c83ff47148fc5718f86d9459564657124e571997afbf7?s=96&d=mm&r=g","caption":"Super User"}}]}},"_links":{"self":[{"href":"https:\/\/polowiec.pl\/en\/wp-json\/wp\/v2\/posts\/469","targetHints":{"allow":["GET"]}}],"collection":[{"href":"https:\/\/polowiec.pl\/en\/wp-json\/wp\/v2\/posts"}],"about":[{"href":"https:\/\/polowiec.pl\/en\/wp-json\/wp\/v2\/types\/post"}],"author":[{"embeddable":true,"href":"https:\/\/polowiec.pl\/en\/wp-json\/wp\/v2\/users\/2"}],"replies":[{"embeddable":true,"href":"https:\/\/polowiec.pl\/en\/wp-json\/wp\/v2\/comments?post=469"}],"version-history":[{"count":0,"href":"https:\/\/polowiec.pl\/en\/wp-json\/wp\/v2\/posts\/469\/revisions"}],"wp:attachment":[{"href":"https:\/\/polowiec.pl\/en\/wp-json\/wp\/v2\/media?parent=469"}],"wp:term":[{"taxonomy":"category","embeddable":true,"href":"https:\/\/polowiec.pl\/en\/wp-json\/wp\/v2\/categories?post=469"},{"taxonomy":"post_tag","embeddable":true,"href":"https:\/\/polowiec.pl\/en\/wp-json\/wp\/v2\/tags?post=469"}],"curies":[{"name":"wp","href":"https:\/\/api.w.org\/{rel}","templated":true}]}}