{"id":470,"date":"2013-05-15T14:56:00","date_gmt":"2013-05-15T12:56:00","guid":{"rendered":"https:\/\/nowa.polowiec.pl\/legal-bulletin-of-the-law-office-of-adam-polowiec-25-march-1-april-2013-r\/"},"modified":"2018-10-11T10:43:01","modified_gmt":"2018-10-11T08:43:01","slug":"legal-bulletin-of-the-law-office-of-adam-polowiec-25-march-1-april-2013-r","status":"publish","type":"post","link":"https:\/\/polowiec.pl\/en\/legal-bulletin-of-the-law-office-of-adam-polowiec-25-march-1-april-2013-r\/","title":{"rendered":"Legal Bulletin Of The Law Office Of Adam Polowiec (25 march \u2013 1 april 2013 r.)"},"content":{"rendered":"<p>We would like to present the next issue of legal bulletin of the Law Office of Adam Polowiec.<br \/>What you will find here is some information about the new provisions of law and the projects of amendments to acts, but also case-laws including the case laws of Supreme Court, Constitutional Tribunal and European Court of Justice. <!--more--> <\/p>\n<p><strong><\/p>\n<h3 class=\"newsletter-naglowek\">Nowe Prawo<\/h3>\n<p><\/strong><\/p>\n<p>\u00a0<\/p>\n<p><strong>PRAWO PRACY I UBEZPIECZE\u0143 SPO\u0141ECZNYCH<\/strong><\/p>\n<p><strong>Rozporz\u0105dzenie<\/strong> Ministra Gospodarki z dnia 1 marca 2013 r. uchylaj\u0105ce rozporz\u0105dzenie w sprawie bezpiecze\u0144stwa i higieny pracy przy obs\u0142udze \u017curawi (Dz. U. z 2013 r., poz.\u00a0376) \u2013 <strong>wejdzie w \u017cycie z dniem 4 kwietnia 2013 r.<\/strong><\/p>\n<p><strong>Rozporz\u0105dzenie<\/strong> Ministra Gospodarki z dnia 11 marca 2013 r. w sprawie upowa\u017cnienia do uznawania nabytych w pa\u0144stwach cz\u0142onkowskich Unii Europejskiej kwalifikacji w\u00a0zawodach regulowanych (Dz. U. z 2013 r., poz.\u00a0377) \u2013 <strong>wejdzie w \u017cycie z dniem 4\u00a0kwietnia 2013 r.<\/strong><\/p>\n<p>\u00a0<\/p>\n<p><strong>RADIO I TELEWIZJA<\/strong><\/p>\n<p><strong>Rozporz\u0105dzenie<\/strong> Krajowej Rady Radiofonii i Telewizji z dnia 26 lutego 2013 r. zmieniaj\u0105ce rozporz\u0105dzenie w sprawie rodzaj\u00f3w dokument\u00f3w oraz wzoru o\u015bwiadczenia potwierdzaj\u0105cych uprawnienia do zwolnie\u0144 od op\u0142at abonamentowych (Dz. U. z 2013 r., poz. 379) \u2013 <strong>wejdzie w \u017cycie z dniem 4 kwietnia 2013 r.<\/strong><\/p>\n<p>W rozporz\u0105dzeniu Krajowej Rady Radiofonii i Telewizji z dnia 16 lutego 2010 r. w sprawie rodzaj\u00f3w dokument\u00f3w oraz wzoru o\u015bwiadczenia potwierdzaj\u0105cych uprawnienia do\u00a0zwolnie\u0144 od op\u0142at abonamentowych (Dz. U. z 2010 r., nr 29, poz. 152 oraz z 2011 r., nr 146, poz. 877) uleg\u0142o zmianie brzmienie \u00a71.<\/p>\n<p>\u00a0<\/p>\n<p><strong>SZKOLNICTWO<\/strong><\/p>\n<p><strong>Rozporz\u0105dzenie<\/strong> Ministra Edukacji Narodowej z dnia 5 marca 2013 r. zmieniaj\u0105ce rozporz\u0105dzenie w sprawie \u015bwiadectw, dyplom\u00f3w pa\u0144stwowych i innych druk\u00f3w szkolnych (Dz. U. z 2013 r., poz. 384) \u2013 <strong>wejdzie w \u017cycie z dniem 5 kwietnia 2013 r.<\/strong><\/p>\n<p>W rozporz\u0105dzeniu Ministra Edukacji Narodowej z dnia 28 maja 2010 r. w sprawie \u015bwiadectw, dyplom\u00f3w pa\u0144stwowych i innych druk\u00f3w szkolnych (Dz. U. z 2010 r., nr 97, poz. 624 oraz z 2012 r., poz. 205) uleg\u0142o zmianie brzmienie \u00a71 -5, \u00a711 \u2013 14, \u00a716 \u2013 18, \u00a720 \u2013 23, \u00a725, za\u0142\u0105cznika nr 1 \u2013 3, zosta\u0142y dodane \u00a710a, \u00a714a, \u00a716a.<\/p>\n<p>\u00a0<\/p>\n<p><strong>ANTYDUMPING<\/strong><\/p>\n<p><strong>Rozporz\u0105dzenie <\/strong>wykonawcze Rady Unii Europejskiej nr 217\/2013 z 11 marca 2013 r. nak\u0142adaj\u0105ce ostateczne c\u0142o antydumpingowe i stanowi\u0105ce o ostatecznym pobraniu c\u0142a\u00a0tymczasowego na\u0142o\u017conego na przew\u00f3z niekt\u00f3rych rodzaj\u00f3w foli aluminiowej w rolkach pochodz\u0105cych z Chi\u0144skiej Republiki Ludowej (DZ. UE z 13.03.13 r., nr L 69) \u2013 <strong>wesz\u0142o w\u00a0\u017cycie z dniem 14 marca 2013 r. Wi\u0105\u017ce w ca\u0142o\u015bci i jest bezpo\u015brednio stosowane we wszystkich pa\u0144stwach cz\u0142onkowskich Unii Europejskiej.<\/strong><\/p>\n<p>\u00a0<\/p>\n<p><strong>OCHRONA ZDROWIA<\/strong><\/p>\n<p><strong>Rozporz\u0105dzenie<\/strong> Komisji Unii Europejskiej nr 220\/2013 z 13 marca 2013 r. zmieniaj\u0105ce rozporz\u0105dzenie Rady (WE) nr 297\/995 w zakresie korygowania op\u0142at na rzecz Europejskiej Agencji Lek\u00f3w w oparciu o stop\u0119 inflacji (DZ. UE z 13.03.13 r., nr L 69)\u00a0\u2013 <strong>wesz\u0142o w\u00a0\u017cycie z dniem 1 kwietnia 2013 r. Wi\u0105\u017ce w ca\u0142o\u015bci i jest bezpo\u015brednio stosowane we wszystkich pa\u0144stwach cz\u0142onkowskich Unii Europejskiej.<\/strong><\/p>\n","protected":false},"excerpt":{"rendered":"<p>We would like to present the next issue of legal bulletin of the Law Office of Adam Polowiec.What you will find here is some information about the new provisions of law and the projects of amendments to acts, but also case-laws including the case laws of Supreme Court, Constitutional Tribunal and European Court of Justice.<\/p>\n","protected":false},"author":2,"featured_media":0,"comment_status":"closed","ping_status":"open","sticky":false,"template":"","format":"standard","meta":{"footnotes":""},"categories":[11],"tags":[],"class_list":["post-470","post","type-post","status-publish","format-standard","hentry","category-newsletters"],"featured_image_src":{"landsacpe":false,"list":false,"medium":false,"full":false},"yoast_head":"<!-- This site is optimized with the Yoast SEO plugin v27.2 - https:\/\/yoast.com\/product\/yoast-seo-wordpress\/ -->\n<title>Legal Bulletin Of The Law Office Of Adam Polowiec (25 march \u2013 1 april 2013 r.) - Polowiec i Wsp\u00f3lnicy - Kancelaria prawna<\/title>\n<meta name=\"robots\" content=\"index, follow, max-snippet:-1, max-image-preview:large, max-video-preview:-1\" \/>\n<link rel=\"canonical\" href=\"https:\/\/polowiec.pl\/en\/legal-bulletin-of-the-law-office-of-adam-polowiec-25-march-1-april-2013-r\/\" \/>\n<meta property=\"og:locale\" content=\"en_US\" \/>\n<meta property=\"og:type\" content=\"article\" \/>\n<meta property=\"og:title\" content=\"Legal Bulletin Of The Law Office Of Adam Polowiec (25 march \u2013 1 april 2013 r.) - Polowiec i Wsp\u00f3lnicy - Kancelaria prawna\" \/>\n<meta property=\"og:description\" content=\"We would like to present the next issue of legal bulletin of the Law Office of Adam Polowiec.What you will find here is some information about the new provisions of law and the projects of amendments to acts, but also case-laws including the case laws of Supreme Court, Constitutional Tribunal and European Court of Justice.\" \/>\n<meta property=\"og:url\" content=\"https:\/\/polowiec.pl\/en\/legal-bulletin-of-the-law-office-of-adam-polowiec-25-march-1-april-2013-r\/\" \/>\n<meta property=\"og:site_name\" content=\"Polowiec i Wsp\u00f3lnicy - Kancelaria prawna\" \/>\n<meta property=\"article:publisher\" content=\"https:\/\/www.facebook.com\/polowieciwspolnicy\/\" \/>\n<meta property=\"article:published_time\" content=\"2013-05-15T12:56:00+00:00\" \/>\n<meta property=\"article:modified_time\" content=\"2018-10-11T08:43:01+00:00\" \/>\n<meta name=\"author\" content=\"Super User\" \/>\n<meta name=\"twitter:card\" content=\"summary_large_image\" \/>\n<meta name=\"twitter:label1\" content=\"Written by\" \/>\n\t<meta name=\"twitter:data1\" content=\"Super User\" \/>\n\t<meta name=\"twitter:label2\" content=\"Est. reading time\" \/>\n\t<meta name=\"twitter:data2\" content=\"2 minutes\" \/>\n<script type=\"application\/ld+json\" class=\"yoast-schema-graph\">{\"@context\":\"https:\/\/schema.org\",\"@graph\":[{\"@type\":\"Article\",\"@id\":\"https:\/\/polowiec.pl\/en\/legal-bulletin-of-the-law-office-of-adam-polowiec-25-march-1-april-2013-r\/#article\",\"isPartOf\":{\"@id\":\"https:\/\/polowiec.pl\/en\/legal-bulletin-of-the-law-office-of-adam-polowiec-25-march-1-april-2013-r\/\"},\"author\":{\"name\":\"Super User\",\"@id\":\"https:\/\/polowiec.pl\/en\/#\/schema\/person\/ed8994874b775675a86115f307352d24\"},\"headline\":\"Legal Bulletin Of The Law Office Of Adam Polowiec (25 march \u2013 1 april 2013 r.)\",\"datePublished\":\"2013-05-15T12:56:00+00:00\",\"dateModified\":\"2018-10-11T08:43:01+00:00\",\"mainEntityOfPage\":{\"@id\":\"https:\/\/polowiec.pl\/en\/legal-bulletin-of-the-law-office-of-adam-polowiec-25-march-1-april-2013-r\/\"},\"wordCount\":476,\"publisher\":{\"@id\":\"https:\/\/polowiec.pl\/en\/#organization\"},\"articleSection\":[\"Newsletter\"],\"inLanguage\":\"en-US\"},{\"@type\":\"WebPage\",\"@id\":\"https:\/\/polowiec.pl\/en\/legal-bulletin-of-the-law-office-of-adam-polowiec-25-march-1-april-2013-r\/\",\"url\":\"https:\/\/polowiec.pl\/en\/legal-bulletin-of-the-law-office-of-adam-polowiec-25-march-1-april-2013-r\/\",\"name\":\"Legal Bulletin Of The Law Office Of Adam Polowiec (25 march \u2013 1 april 2013 r.) - Polowiec i Wsp\u00f3lnicy - Kancelaria prawna\",\"isPartOf\":{\"@id\":\"https:\/\/polowiec.pl\/en\/#website\"},\"datePublished\":\"2013-05-15T12:56:00+00:00\",\"dateModified\":\"2018-10-11T08:43:01+00:00\",\"breadcrumb\":{\"@id\":\"https:\/\/polowiec.pl\/en\/legal-bulletin-of-the-law-office-of-adam-polowiec-25-march-1-april-2013-r\/#breadcrumb\"},\"inLanguage\":\"en-US\",\"potentialAction\":[{\"@type\":\"ReadAction\",\"target\":[\"https:\/\/polowiec.pl\/en\/legal-bulletin-of-the-law-office-of-adam-polowiec-25-march-1-april-2013-r\/\"]}]},{\"@type\":\"BreadcrumbList\",\"@id\":\"https:\/\/polowiec.pl\/en\/legal-bulletin-of-the-law-office-of-adam-polowiec-25-march-1-april-2013-r\/#breadcrumb\",\"itemListElement\":[{\"@type\":\"ListItem\",\"position\":1,\"name\":\"Strona g\u0142\u00f3wna\",\"item\":\"https:\/\/polowiec.pl\/en\/\"},{\"@type\":\"ListItem\",\"position\":2,\"name\":\"Legal Bulletin Of The Law Office Of Adam Polowiec (25 march \u2013 1 april 2013 r.)\"}]},{\"@type\":\"WebSite\",\"@id\":\"https:\/\/polowiec.pl\/en\/#website\",\"url\":\"https:\/\/polowiec.pl\/en\/\",\"name\":\"Polowiec i Wsp\u00f3lnicy - Kancelaria prawna\",\"description\":\"Obs\u0142uga prawna\",\"publisher\":{\"@id\":\"https:\/\/polowiec.pl\/en\/#organization\"},\"potentialAction\":[{\"@type\":\"SearchAction\",\"target\":{\"@type\":\"EntryPoint\",\"urlTemplate\":\"https:\/\/polowiec.pl\/en\/?s={search_term_string}\"},\"query-input\":{\"@type\":\"PropertyValueSpecification\",\"valueRequired\":true,\"valueName\":\"search_term_string\"}}],\"inLanguage\":\"en-US\"},{\"@type\":\"Organization\",\"@id\":\"https:\/\/polowiec.pl\/en\/#organization\",\"name\":\"Polowiec i Wsp\u00f3lnicy - Kancelaria prawna\",\"url\":\"https:\/\/polowiec.pl\/en\/\",\"logo\":{\"@type\":\"ImageObject\",\"inLanguage\":\"en-US\",\"@id\":\"https:\/\/polowiec.pl\/en\/#\/schema\/logo\/image\/\",\"url\":\"https:\/\/polowiec.pl\/wp-content\/uploads\/2018\/10\/polowiec_logo2-1.png\",\"contentUrl\":\"https:\/\/polowiec.pl\/wp-content\/uploads\/2018\/10\/polowiec_logo2-1.png\",\"width\":540,\"height\":381,\"caption\":\"Polowiec i Wsp\u00f3lnicy - Kancelaria prawna\"},\"image\":{\"@id\":\"https:\/\/polowiec.pl\/en\/#\/schema\/logo\/image\/\"},\"sameAs\":[\"https:\/\/www.facebook.com\/polowieciwspolnicy\/\",\"https:\/\/www.linkedin.com\/company\/polowiec-i-wsplnicy-sp.j.\/about\/\"]},{\"@type\":\"Person\",\"@id\":\"https:\/\/polowiec.pl\/en\/#\/schema\/person\/ed8994874b775675a86115f307352d24\",\"name\":\"Super User\",\"image\":{\"@type\":\"ImageObject\",\"inLanguage\":\"en-US\",\"@id\":\"https:\/\/secure.gravatar.com\/avatar\/e759b874f0fa459bd87c83ff47148fc5718f86d9459564657124e571997afbf7?s=96&d=mm&r=g\",\"url\":\"https:\/\/secure.gravatar.com\/avatar\/e759b874f0fa459bd87c83ff47148fc5718f86d9459564657124e571997afbf7?s=96&d=mm&r=g\",\"contentUrl\":\"https:\/\/secure.gravatar.com\/avatar\/e759b874f0fa459bd87c83ff47148fc5718f86d9459564657124e571997afbf7?s=96&d=mm&r=g\",\"caption\":\"Super User\"}}]}<\/script>\n<!-- \/ Yoast SEO plugin. -->","yoast_head_json":{"title":"Legal Bulletin Of The Law Office Of Adam Polowiec (25 march \u2013 1 april 2013 r.) - Polowiec i Wsp\u00f3lnicy - Kancelaria prawna","robots":{"index":"index","follow":"follow","max-snippet":"max-snippet:-1","max-image-preview":"max-image-preview:large","max-video-preview":"max-video-preview:-1"},"canonical":"https:\/\/polowiec.pl\/en\/legal-bulletin-of-the-law-office-of-adam-polowiec-25-march-1-april-2013-r\/","og_locale":"en_US","og_type":"article","og_title":"Legal Bulletin Of The Law Office Of Adam Polowiec (25 march \u2013 1 april 2013 r.) - Polowiec i Wsp\u00f3lnicy - Kancelaria prawna","og_description":"We would like to present the next issue of legal bulletin of the Law Office of Adam Polowiec.What you will find here is some information about the new provisions of law and the projects of amendments to acts, but also case-laws including the case laws of Supreme Court, Constitutional Tribunal and European Court of Justice.","og_url":"https:\/\/polowiec.pl\/en\/legal-bulletin-of-the-law-office-of-adam-polowiec-25-march-1-april-2013-r\/","og_site_name":"Polowiec i Wsp\u00f3lnicy - Kancelaria prawna","article_publisher":"https:\/\/www.facebook.com\/polowieciwspolnicy\/","article_published_time":"2013-05-15T12:56:00+00:00","article_modified_time":"2018-10-11T08:43:01+00:00","author":"Super User","twitter_card":"summary_large_image","twitter_misc":{"Written by":"Super User","Est. reading time":"2 minutes"},"schema":{"@context":"https:\/\/schema.org","@graph":[{"@type":"Article","@id":"https:\/\/polowiec.pl\/en\/legal-bulletin-of-the-law-office-of-adam-polowiec-25-march-1-april-2013-r\/#article","isPartOf":{"@id":"https:\/\/polowiec.pl\/en\/legal-bulletin-of-the-law-office-of-adam-polowiec-25-march-1-april-2013-r\/"},"author":{"name":"Super User","@id":"https:\/\/polowiec.pl\/en\/#\/schema\/person\/ed8994874b775675a86115f307352d24"},"headline":"Legal Bulletin Of The Law Office Of Adam Polowiec (25 march \u2013 1 april 2013 r.)","datePublished":"2013-05-15T12:56:00+00:00","dateModified":"2018-10-11T08:43:01+00:00","mainEntityOfPage":{"@id":"https:\/\/polowiec.pl\/en\/legal-bulletin-of-the-law-office-of-adam-polowiec-25-march-1-april-2013-r\/"},"wordCount":476,"publisher":{"@id":"https:\/\/polowiec.pl\/en\/#organization"},"articleSection":["Newsletter"],"inLanguage":"en-US"},{"@type":"WebPage","@id":"https:\/\/polowiec.pl\/en\/legal-bulletin-of-the-law-office-of-adam-polowiec-25-march-1-april-2013-r\/","url":"https:\/\/polowiec.pl\/en\/legal-bulletin-of-the-law-office-of-adam-polowiec-25-march-1-april-2013-r\/","name":"Legal Bulletin Of The Law Office Of Adam Polowiec (25 march \u2013 1 april 2013 r.) - Polowiec i Wsp\u00f3lnicy - Kancelaria prawna","isPartOf":{"@id":"https:\/\/polowiec.pl\/en\/#website"},"datePublished":"2013-05-15T12:56:00+00:00","dateModified":"2018-10-11T08:43:01+00:00","breadcrumb":{"@id":"https:\/\/polowiec.pl\/en\/legal-bulletin-of-the-law-office-of-adam-polowiec-25-march-1-april-2013-r\/#breadcrumb"},"inLanguage":"en-US","potentialAction":[{"@type":"ReadAction","target":["https:\/\/polowiec.pl\/en\/legal-bulletin-of-the-law-office-of-adam-polowiec-25-march-1-april-2013-r\/"]}]},{"@type":"BreadcrumbList","@id":"https:\/\/polowiec.pl\/en\/legal-bulletin-of-the-law-office-of-adam-polowiec-25-march-1-april-2013-r\/#breadcrumb","itemListElement":[{"@type":"ListItem","position":1,"name":"Strona g\u0142\u00f3wna","item":"https:\/\/polowiec.pl\/en\/"},{"@type":"ListItem","position":2,"name":"Legal Bulletin Of The Law Office Of Adam Polowiec (25 march \u2013 1 april 2013 r.)"}]},{"@type":"WebSite","@id":"https:\/\/polowiec.pl\/en\/#website","url":"https:\/\/polowiec.pl\/en\/","name":"Polowiec i Wsp\u00f3lnicy - Kancelaria prawna","description":"Obs\u0142uga prawna","publisher":{"@id":"https:\/\/polowiec.pl\/en\/#organization"},"potentialAction":[{"@type":"SearchAction","target":{"@type":"EntryPoint","urlTemplate":"https:\/\/polowiec.pl\/en\/?s={search_term_string}"},"query-input":{"@type":"PropertyValueSpecification","valueRequired":true,"valueName":"search_term_string"}}],"inLanguage":"en-US"},{"@type":"Organization","@id":"https:\/\/polowiec.pl\/en\/#organization","name":"Polowiec i Wsp\u00f3lnicy - Kancelaria prawna","url":"https:\/\/polowiec.pl\/en\/","logo":{"@type":"ImageObject","inLanguage":"en-US","@id":"https:\/\/polowiec.pl\/en\/#\/schema\/logo\/image\/","url":"https:\/\/polowiec.pl\/wp-content\/uploads\/2018\/10\/polowiec_logo2-1.png","contentUrl":"https:\/\/polowiec.pl\/wp-content\/uploads\/2018\/10\/polowiec_logo2-1.png","width":540,"height":381,"caption":"Polowiec i Wsp\u00f3lnicy - Kancelaria prawna"},"image":{"@id":"https:\/\/polowiec.pl\/en\/#\/schema\/logo\/image\/"},"sameAs":["https:\/\/www.facebook.com\/polowieciwspolnicy\/","https:\/\/www.linkedin.com\/company\/polowiec-i-wsplnicy-sp.j.\/about\/"]},{"@type":"Person","@id":"https:\/\/polowiec.pl\/en\/#\/schema\/person\/ed8994874b775675a86115f307352d24","name":"Super User","image":{"@type":"ImageObject","inLanguage":"en-US","@id":"https:\/\/secure.gravatar.com\/avatar\/e759b874f0fa459bd87c83ff47148fc5718f86d9459564657124e571997afbf7?s=96&d=mm&r=g","url":"https:\/\/secure.gravatar.com\/avatar\/e759b874f0fa459bd87c83ff47148fc5718f86d9459564657124e571997afbf7?s=96&d=mm&r=g","contentUrl":"https:\/\/secure.gravatar.com\/avatar\/e759b874f0fa459bd87c83ff47148fc5718f86d9459564657124e571997afbf7?s=96&d=mm&r=g","caption":"Super User"}}]}},"_links":{"self":[{"href":"https:\/\/polowiec.pl\/en\/wp-json\/wp\/v2\/posts\/470","targetHints":{"allow":["GET"]}}],"collection":[{"href":"https:\/\/polowiec.pl\/en\/wp-json\/wp\/v2\/posts"}],"about":[{"href":"https:\/\/polowiec.pl\/en\/wp-json\/wp\/v2\/types\/post"}],"author":[{"embeddable":true,"href":"https:\/\/polowiec.pl\/en\/wp-json\/wp\/v2\/users\/2"}],"replies":[{"embeddable":true,"href":"https:\/\/polowiec.pl\/en\/wp-json\/wp\/v2\/comments?post=470"}],"version-history":[{"count":0,"href":"https:\/\/polowiec.pl\/en\/wp-json\/wp\/v2\/posts\/470\/revisions"}],"wp:attachment":[{"href":"https:\/\/polowiec.pl\/en\/wp-json\/wp\/v2\/media?parent=470"}],"wp:term":[{"taxonomy":"category","embeddable":true,"href":"https:\/\/polowiec.pl\/en\/wp-json\/wp\/v2\/categories?post=470"},{"taxonomy":"post_tag","embeddable":true,"href":"https:\/\/polowiec.pl\/en\/wp-json\/wp\/v2\/tags?post=470"}],"curies":[{"name":"wp","href":"https:\/\/api.w.org\/{rel}","templated":true}]}}