{"id":477,"date":"2013-07-10T14:19:32","date_gmt":"2013-07-10T12:19:32","guid":{"rendered":"https:\/\/nowa.polowiec.pl\/legal-bulletin-of-the-law-office-of-adam-polowiec-20-26-may-2013-r\/"},"modified":"2018-10-11T10:43:01","modified_gmt":"2018-10-11T08:43:01","slug":"legal-bulletin-of-the-law-office-of-adam-polowiec-20-26-may-2013-r","status":"publish","type":"post","link":"https:\/\/polowiec.pl\/en\/legal-bulletin-of-the-law-office-of-adam-polowiec-20-26-may-2013-r\/","title":{"rendered":"Legal Bulletin Of The Law Office Of Adam Polowiec (20 \u2013 26 may 2013 r.)"},"content":{"rendered":"<p>We would like to present the next issue of legal bulletin of the Law Office of Adam Polowiec.<br \/>What you will find here is some information about the new provisions of law and the projects of amendments to acts, but also case-laws including the case laws of Supreme Court, Constitutional Tribunal and European Court of Justice. <!--more--> <\/p>\n<p><strong><\/p>\n<h3 class=\"newsletter-naglowek\">Nowe Prawo<\/h3>\n<p><\/strong><\/p>\n<p><strong>SZKOLNICTWO WY\u017bSZE<\/strong><\/p>\n<p><strong>Rozporz\u0105dzenie <\/strong>Ministra Edukacji Narodowej z dnia 10 maja 2013 r. zmieniaj\u0105ce rozporz\u0105dzenie w sprawie nadzoru pedagogicznego (Dz. U. z 2013 r., poz. 560) \u2013 <strong>wejdzie w \u017cycie z dniem 14 czerwca 2013r., z wyj\u0105tkiem przepis\u00f3w \u00a7 1 pkt. 1 lit. a, pkt. 2, 6, 13, 15 oraz 16, kt\u00f3re wejd\u0105 w \u017cycie z dniem 1 wrze\u015bnia 2013 r.<\/strong><\/p>\n<p>W rozporz\u0105dzeniu Ministra Edukacji Narodowej z dnia 7 pa\u017adziernika 2009 r. w sprawie nadzoru pedagogicznego (Dz. U. z 2009 r., nr 168, poz. 1324) uleg\u0142o zmianie brzmienie<\/p>\n<p>\u00a72, \u00a77 \u2013 10, \u00a714, \u00a716 \u2013 22, zosta\u0142y dodane \u00a78a, \u00a717a.<\/p>\n<p><strong>Rozporz\u0105dzenie <\/strong>Ministra Nauki i Szkolnictwa Wy\u017cszego z dnia 17 maja 2013 r. w\u00a0sprawie maksymalnej wysoko\u015bci op\u0142at za post\u0119powanie zwi\u0105zane z przyj\u0119ciem na\u00a0studia na rok akademicki 2013\/2014 (Dz. U. z 2013 r., poz. 579) \u2013 <strong>wejdzie w \u017cycie z dniem 4 czerwca 2013 r.<\/strong><\/p>\n<p>\u00a0<\/p>\n<p><strong>RADIO I TELEWIZJA<\/strong><\/p>\n<p><strong>Rozporz\u0105dzenie<\/strong> Krajowej Rady Radiofonii i Telewizji z dnia 7 maja 2013 r. w sprawie wysoko\u015bci op\u0142at abonamentowych za u\u017cywanie odbiornik\u00f3w radiofonicznych i\u00a0telewizyjnych oraz zni\u017cek za ich uiszczanie z g\u00f3ry za okres d\u0142u\u017cszy ni\u017c jeden miesi\u0105c w\u00a02014 r. (Dz. U. z 2013 r., poz. 566) \u2013 <strong>wejdzie w \u017cycie z dniem 30 maja 2013 r.<\/strong><\/p>\n<p>\u00a0<\/p>\n<p><strong>PRAWO PRACY I UBEZPIECZE\u0143 SPO\u0141ECZNYCH<\/strong><\/p>\n<p><strong>Ustawa <\/strong>z dnia 5 kwietnia 2013 r. o zmianie ustawy o transporcie drogowym oraz ustawy o czasie pracy kierowc\u00f3w (Dz. U. z 2013 r., poz. 567) \u2013 <strong>wejdzie w \u017cycie z dniem 15\u00a0sierpnia 2013 r., z wyj\u0105tkiem art. 1 pkt. 38 lit. a, pkt 39, pkt 50 lit. c i\u00a0pkt\u00a052\u00a0lit. e oraz art. 2, kt\u00f3re wejd\u0105 w \u017cycie w dniu 15 lipca 2013 r.<\/strong><\/p>\n<p>W ustawie z dnia 6 wrze\u015bnia 2001 r. o transporcie drogowym (Dz. U. z 2012 r., poz.\u00a01265 oraz z 2013 r., poz. 21) uleg\u0142o zmianie brzmienie art. 4 \u2013 8, art. 11 \u2013 16, art.\u00a016a, art. 19 \u2013 22, art. 22a, art. 23 \u2013 25, art. 25a, art. 28 \u2013 30, art. 32b, art. 33, art.37 &#8211; 41, art. 38a, art. 46, art. 47, art. 47a, art. 50, art. 68, art. 76a, art. 83, art. 84, art. 86, art. 87, art. 90, art. 92, art. 92c, art. 94, art. 95a, za\u0142\u0105cznik\u00f3w nr 1 \u2013 3, zosta\u0142y dodane art. 5a \u2013 c, art. 7 a \u2013 e, art. 16b, zosta\u0142y uchylone art. 9 i art. 10.<\/p>\n<p>W ustawie z dnia 16 kwietnia 2004 r. o czasie pracy kierowc\u00f3w (Dz. U. z 2012 r., poz.\u00a01155) zosta\u0142y dodane art. 1a i b, rozdzia\u0142 3a.<\/p>\n","protected":false},"excerpt":{"rendered":"<p>We would like to present the next issue of legal bulletin of the Law Office of Adam Polowiec.What you will find here is some information about the new provisions of law and the projects of amendments to acts, but also case-laws including the case laws of Supreme Court, Constitutional Tribunal and European Court of Justice.<\/p>\n","protected":false},"author":2,"featured_media":0,"comment_status":"closed","ping_status":"open","sticky":false,"template":"","format":"standard","meta":{"footnotes":""},"categories":[11],"tags":[],"class_list":["post-477","post","type-post","status-publish","format-standard","hentry","category-newsletters"],"featured_image_src":{"landsacpe":false,"list":false,"medium":false,"full":false},"yoast_head":"<!-- This site is optimized with the Yoast SEO plugin v27.2 - https:\/\/yoast.com\/product\/yoast-seo-wordpress\/ -->\n<title>Legal Bulletin Of The Law Office Of Adam Polowiec (20 \u2013 26 may 2013 r.) - Polowiec i Wsp\u00f3lnicy - Kancelaria prawna<\/title>\n<meta name=\"robots\" content=\"index, follow, max-snippet:-1, max-image-preview:large, max-video-preview:-1\" \/>\n<link rel=\"canonical\" href=\"https:\/\/polowiec.pl\/en\/legal-bulletin-of-the-law-office-of-adam-polowiec-20-26-may-2013-r\/\" \/>\n<meta property=\"og:locale\" content=\"en_US\" \/>\n<meta property=\"og:type\" content=\"article\" \/>\n<meta property=\"og:title\" content=\"Legal Bulletin Of The Law Office Of Adam Polowiec (20 \u2013 26 may 2013 r.) - Polowiec i Wsp\u00f3lnicy - Kancelaria prawna\" \/>\n<meta property=\"og:description\" content=\"We would like to present the next issue of legal bulletin of the Law Office of Adam Polowiec.What you will find here is some information about the new provisions of law and the projects of amendments to acts, but also case-laws including the case laws of Supreme Court, Constitutional Tribunal and European Court of Justice.\" \/>\n<meta property=\"og:url\" content=\"https:\/\/polowiec.pl\/en\/legal-bulletin-of-the-law-office-of-adam-polowiec-20-26-may-2013-r\/\" \/>\n<meta property=\"og:site_name\" content=\"Polowiec i Wsp\u00f3lnicy - Kancelaria prawna\" \/>\n<meta property=\"article:publisher\" content=\"https:\/\/www.facebook.com\/polowieciwspolnicy\/\" \/>\n<meta property=\"article:published_time\" content=\"2013-07-10T12:19:32+00:00\" \/>\n<meta property=\"article:modified_time\" content=\"2018-10-11T08:43:01+00:00\" \/>\n<meta name=\"author\" content=\"Super User\" \/>\n<meta name=\"twitter:card\" content=\"summary_large_image\" \/>\n<meta name=\"twitter:label1\" content=\"Written by\" \/>\n\t<meta name=\"twitter:data1\" content=\"Super User\" \/>\n\t<meta name=\"twitter:label2\" content=\"Est. reading time\" \/>\n\t<meta name=\"twitter:data2\" content=\"2 minutes\" \/>\n<script type=\"application\/ld+json\" class=\"yoast-schema-graph\">{\"@context\":\"https:\/\/schema.org\",\"@graph\":[{\"@type\":\"Article\",\"@id\":\"https:\/\/polowiec.pl\/en\/legal-bulletin-of-the-law-office-of-adam-polowiec-20-26-may-2013-r\/#article\",\"isPartOf\":{\"@id\":\"https:\/\/polowiec.pl\/en\/legal-bulletin-of-the-law-office-of-adam-polowiec-20-26-may-2013-r\/\"},\"author\":{\"name\":\"Super User\",\"@id\":\"https:\/\/polowiec.pl\/en\/#\/schema\/person\/ed8994874b775675a86115f307352d24\"},\"headline\":\"Legal Bulletin Of The Law Office Of Adam Polowiec (20 \u2013 26 may 2013 r.)\",\"datePublished\":\"2013-07-10T12:19:32+00:00\",\"dateModified\":\"2018-10-11T08:43:01+00:00\",\"mainEntityOfPage\":{\"@id\":\"https:\/\/polowiec.pl\/en\/legal-bulletin-of-the-law-office-of-adam-polowiec-20-26-may-2013-r\/\"},\"wordCount\":424,\"publisher\":{\"@id\":\"https:\/\/polowiec.pl\/en\/#organization\"},\"articleSection\":[\"Newsletter\"],\"inLanguage\":\"en-US\"},{\"@type\":\"WebPage\",\"@id\":\"https:\/\/polowiec.pl\/en\/legal-bulletin-of-the-law-office-of-adam-polowiec-20-26-may-2013-r\/\",\"url\":\"https:\/\/polowiec.pl\/en\/legal-bulletin-of-the-law-office-of-adam-polowiec-20-26-may-2013-r\/\",\"name\":\"Legal Bulletin Of The Law Office Of Adam Polowiec (20 \u2013 26 may 2013 r.) - Polowiec i Wsp\u00f3lnicy - Kancelaria prawna\",\"isPartOf\":{\"@id\":\"https:\/\/polowiec.pl\/en\/#website\"},\"datePublished\":\"2013-07-10T12:19:32+00:00\",\"dateModified\":\"2018-10-11T08:43:01+00:00\",\"breadcrumb\":{\"@id\":\"https:\/\/polowiec.pl\/en\/legal-bulletin-of-the-law-office-of-adam-polowiec-20-26-may-2013-r\/#breadcrumb\"},\"inLanguage\":\"en-US\",\"potentialAction\":[{\"@type\":\"ReadAction\",\"target\":[\"https:\/\/polowiec.pl\/en\/legal-bulletin-of-the-law-office-of-adam-polowiec-20-26-may-2013-r\/\"]}]},{\"@type\":\"BreadcrumbList\",\"@id\":\"https:\/\/polowiec.pl\/en\/legal-bulletin-of-the-law-office-of-adam-polowiec-20-26-may-2013-r\/#breadcrumb\",\"itemListElement\":[{\"@type\":\"ListItem\",\"position\":1,\"name\":\"Strona g\u0142\u00f3wna\",\"item\":\"https:\/\/polowiec.pl\/en\/\"},{\"@type\":\"ListItem\",\"position\":2,\"name\":\"Legal Bulletin Of The Law Office Of Adam Polowiec (20 \u2013 26 may 2013 r.)\"}]},{\"@type\":\"WebSite\",\"@id\":\"https:\/\/polowiec.pl\/en\/#website\",\"url\":\"https:\/\/polowiec.pl\/en\/\",\"name\":\"Polowiec i Wsp\u00f3lnicy - Kancelaria prawna\",\"description\":\"Obs\u0142uga prawna\",\"publisher\":{\"@id\":\"https:\/\/polowiec.pl\/en\/#organization\"},\"potentialAction\":[{\"@type\":\"SearchAction\",\"target\":{\"@type\":\"EntryPoint\",\"urlTemplate\":\"https:\/\/polowiec.pl\/en\/?s={search_term_string}\"},\"query-input\":{\"@type\":\"PropertyValueSpecification\",\"valueRequired\":true,\"valueName\":\"search_term_string\"}}],\"inLanguage\":\"en-US\"},{\"@type\":\"Organization\",\"@id\":\"https:\/\/polowiec.pl\/en\/#organization\",\"name\":\"Polowiec i Wsp\u00f3lnicy - Kancelaria prawna\",\"url\":\"https:\/\/polowiec.pl\/en\/\",\"logo\":{\"@type\":\"ImageObject\",\"inLanguage\":\"en-US\",\"@id\":\"https:\/\/polowiec.pl\/en\/#\/schema\/logo\/image\/\",\"url\":\"https:\/\/polowiec.pl\/wp-content\/uploads\/2018\/10\/polowiec_logo2-1.png\",\"contentUrl\":\"https:\/\/polowiec.pl\/wp-content\/uploads\/2018\/10\/polowiec_logo2-1.png\",\"width\":540,\"height\":381,\"caption\":\"Polowiec i Wsp\u00f3lnicy - Kancelaria prawna\"},\"image\":{\"@id\":\"https:\/\/polowiec.pl\/en\/#\/schema\/logo\/image\/\"},\"sameAs\":[\"https:\/\/www.facebook.com\/polowieciwspolnicy\/\",\"https:\/\/www.linkedin.com\/company\/polowiec-i-wsplnicy-sp.j.\/about\/\"]},{\"@type\":\"Person\",\"@id\":\"https:\/\/polowiec.pl\/en\/#\/schema\/person\/ed8994874b775675a86115f307352d24\",\"name\":\"Super User\",\"image\":{\"@type\":\"ImageObject\",\"inLanguage\":\"en-US\",\"@id\":\"https:\/\/secure.gravatar.com\/avatar\/e759b874f0fa459bd87c83ff47148fc5718f86d9459564657124e571997afbf7?s=96&d=mm&r=g\",\"url\":\"https:\/\/secure.gravatar.com\/avatar\/e759b874f0fa459bd87c83ff47148fc5718f86d9459564657124e571997afbf7?s=96&d=mm&r=g\",\"contentUrl\":\"https:\/\/secure.gravatar.com\/avatar\/e759b874f0fa459bd87c83ff47148fc5718f86d9459564657124e571997afbf7?s=96&d=mm&r=g\",\"caption\":\"Super User\"}}]}<\/script>\n<!-- \/ Yoast SEO plugin. -->","yoast_head_json":{"title":"Legal Bulletin Of The Law Office Of Adam Polowiec (20 \u2013 26 may 2013 r.) - Polowiec i Wsp\u00f3lnicy - Kancelaria prawna","robots":{"index":"index","follow":"follow","max-snippet":"max-snippet:-1","max-image-preview":"max-image-preview:large","max-video-preview":"max-video-preview:-1"},"canonical":"https:\/\/polowiec.pl\/en\/legal-bulletin-of-the-law-office-of-adam-polowiec-20-26-may-2013-r\/","og_locale":"en_US","og_type":"article","og_title":"Legal Bulletin Of The Law Office Of Adam Polowiec (20 \u2013 26 may 2013 r.) - Polowiec i Wsp\u00f3lnicy - Kancelaria prawna","og_description":"We would like to present the next issue of legal bulletin of the Law Office of Adam Polowiec.What you will find here is some information about the new provisions of law and the projects of amendments to acts, but also case-laws including the case laws of Supreme Court, Constitutional Tribunal and European Court of Justice.","og_url":"https:\/\/polowiec.pl\/en\/legal-bulletin-of-the-law-office-of-adam-polowiec-20-26-may-2013-r\/","og_site_name":"Polowiec i Wsp\u00f3lnicy - Kancelaria prawna","article_publisher":"https:\/\/www.facebook.com\/polowieciwspolnicy\/","article_published_time":"2013-07-10T12:19:32+00:00","article_modified_time":"2018-10-11T08:43:01+00:00","author":"Super User","twitter_card":"summary_large_image","twitter_misc":{"Written by":"Super User","Est. reading time":"2 minutes"},"schema":{"@context":"https:\/\/schema.org","@graph":[{"@type":"Article","@id":"https:\/\/polowiec.pl\/en\/legal-bulletin-of-the-law-office-of-adam-polowiec-20-26-may-2013-r\/#article","isPartOf":{"@id":"https:\/\/polowiec.pl\/en\/legal-bulletin-of-the-law-office-of-adam-polowiec-20-26-may-2013-r\/"},"author":{"name":"Super User","@id":"https:\/\/polowiec.pl\/en\/#\/schema\/person\/ed8994874b775675a86115f307352d24"},"headline":"Legal Bulletin Of The Law Office Of Adam Polowiec (20 \u2013 26 may 2013 r.)","datePublished":"2013-07-10T12:19:32+00:00","dateModified":"2018-10-11T08:43:01+00:00","mainEntityOfPage":{"@id":"https:\/\/polowiec.pl\/en\/legal-bulletin-of-the-law-office-of-adam-polowiec-20-26-may-2013-r\/"},"wordCount":424,"publisher":{"@id":"https:\/\/polowiec.pl\/en\/#organization"},"articleSection":["Newsletter"],"inLanguage":"en-US"},{"@type":"WebPage","@id":"https:\/\/polowiec.pl\/en\/legal-bulletin-of-the-law-office-of-adam-polowiec-20-26-may-2013-r\/","url":"https:\/\/polowiec.pl\/en\/legal-bulletin-of-the-law-office-of-adam-polowiec-20-26-may-2013-r\/","name":"Legal Bulletin Of The Law Office Of Adam Polowiec (20 \u2013 26 may 2013 r.) - Polowiec i Wsp\u00f3lnicy - Kancelaria prawna","isPartOf":{"@id":"https:\/\/polowiec.pl\/en\/#website"},"datePublished":"2013-07-10T12:19:32+00:00","dateModified":"2018-10-11T08:43:01+00:00","breadcrumb":{"@id":"https:\/\/polowiec.pl\/en\/legal-bulletin-of-the-law-office-of-adam-polowiec-20-26-may-2013-r\/#breadcrumb"},"inLanguage":"en-US","potentialAction":[{"@type":"ReadAction","target":["https:\/\/polowiec.pl\/en\/legal-bulletin-of-the-law-office-of-adam-polowiec-20-26-may-2013-r\/"]}]},{"@type":"BreadcrumbList","@id":"https:\/\/polowiec.pl\/en\/legal-bulletin-of-the-law-office-of-adam-polowiec-20-26-may-2013-r\/#breadcrumb","itemListElement":[{"@type":"ListItem","position":1,"name":"Strona g\u0142\u00f3wna","item":"https:\/\/polowiec.pl\/en\/"},{"@type":"ListItem","position":2,"name":"Legal Bulletin Of The Law Office Of Adam Polowiec (20 \u2013 26 may 2013 r.)"}]},{"@type":"WebSite","@id":"https:\/\/polowiec.pl\/en\/#website","url":"https:\/\/polowiec.pl\/en\/","name":"Polowiec i Wsp\u00f3lnicy - Kancelaria prawna","description":"Obs\u0142uga prawna","publisher":{"@id":"https:\/\/polowiec.pl\/en\/#organization"},"potentialAction":[{"@type":"SearchAction","target":{"@type":"EntryPoint","urlTemplate":"https:\/\/polowiec.pl\/en\/?s={search_term_string}"},"query-input":{"@type":"PropertyValueSpecification","valueRequired":true,"valueName":"search_term_string"}}],"inLanguage":"en-US"},{"@type":"Organization","@id":"https:\/\/polowiec.pl\/en\/#organization","name":"Polowiec i Wsp\u00f3lnicy - Kancelaria prawna","url":"https:\/\/polowiec.pl\/en\/","logo":{"@type":"ImageObject","inLanguage":"en-US","@id":"https:\/\/polowiec.pl\/en\/#\/schema\/logo\/image\/","url":"https:\/\/polowiec.pl\/wp-content\/uploads\/2018\/10\/polowiec_logo2-1.png","contentUrl":"https:\/\/polowiec.pl\/wp-content\/uploads\/2018\/10\/polowiec_logo2-1.png","width":540,"height":381,"caption":"Polowiec i Wsp\u00f3lnicy - Kancelaria prawna"},"image":{"@id":"https:\/\/polowiec.pl\/en\/#\/schema\/logo\/image\/"},"sameAs":["https:\/\/www.facebook.com\/polowieciwspolnicy\/","https:\/\/www.linkedin.com\/company\/polowiec-i-wsplnicy-sp.j.\/about\/"]},{"@type":"Person","@id":"https:\/\/polowiec.pl\/en\/#\/schema\/person\/ed8994874b775675a86115f307352d24","name":"Super User","image":{"@type":"ImageObject","inLanguage":"en-US","@id":"https:\/\/secure.gravatar.com\/avatar\/e759b874f0fa459bd87c83ff47148fc5718f86d9459564657124e571997afbf7?s=96&d=mm&r=g","url":"https:\/\/secure.gravatar.com\/avatar\/e759b874f0fa459bd87c83ff47148fc5718f86d9459564657124e571997afbf7?s=96&d=mm&r=g","contentUrl":"https:\/\/secure.gravatar.com\/avatar\/e759b874f0fa459bd87c83ff47148fc5718f86d9459564657124e571997afbf7?s=96&d=mm&r=g","caption":"Super User"}}]}},"_links":{"self":[{"href":"https:\/\/polowiec.pl\/en\/wp-json\/wp\/v2\/posts\/477","targetHints":{"allow":["GET"]}}],"collection":[{"href":"https:\/\/polowiec.pl\/en\/wp-json\/wp\/v2\/posts"}],"about":[{"href":"https:\/\/polowiec.pl\/en\/wp-json\/wp\/v2\/types\/post"}],"author":[{"embeddable":true,"href":"https:\/\/polowiec.pl\/en\/wp-json\/wp\/v2\/users\/2"}],"replies":[{"embeddable":true,"href":"https:\/\/polowiec.pl\/en\/wp-json\/wp\/v2\/comments?post=477"}],"version-history":[{"count":0,"href":"https:\/\/polowiec.pl\/en\/wp-json\/wp\/v2\/posts\/477\/revisions"}],"wp:attachment":[{"href":"https:\/\/polowiec.pl\/en\/wp-json\/wp\/v2\/media?parent=477"}],"wp:term":[{"taxonomy":"category","embeddable":true,"href":"https:\/\/polowiec.pl\/en\/wp-json\/wp\/v2\/categories?post=477"},{"taxonomy":"post_tag","embeddable":true,"href":"https:\/\/polowiec.pl\/en\/wp-json\/wp\/v2\/tags?post=477"}],"curies":[{"name":"wp","href":"https:\/\/api.w.org\/{rel}","templated":true}]}}