{"id":480,"date":"2013-07-10T14:59:36","date_gmt":"2013-07-10T12:59:36","guid":{"rendered":"https:\/\/nowa.polowiec.pl\/legal-bulletin-of-the-law-office-of-adam-polowiec-17-23-june-2013-r\/"},"modified":"2018-10-11T10:43:01","modified_gmt":"2018-10-11T08:43:01","slug":"legal-bulletin-of-the-law-office-of-adam-polowiec-17-23-june-2013-r","status":"publish","type":"post","link":"https:\/\/polowiec.pl\/en\/legal-bulletin-of-the-law-office-of-adam-polowiec-17-23-june-2013-r\/","title":{"rendered":"Legal Bulletin Of The Law Office Of Adam Polowiec (17 \u2013 23 june 2013 r.)"},"content":{"rendered":"<p>We would like to present the next issue of legal bulletin of the Law Office of Adam Polowiec.<br \/>What you will find here is some information about the new provisions of law and the projects of amendments to acts, but also case-laws including the case laws of Supreme Court, Constitutional Tribunal and European Court of Justice. <!--more--> <\/p>\n<p><strong><\/p>\n<h3 class=\"newsletter-naglowek\">Nowe Prawo<\/h3>\n<p><\/strong><\/p>\n<p><strong>PODATKI I RACHUNKOWO\u015a\u0106<\/strong><\/p>\n<p><strong>Rozporz\u0105dzenie<\/strong> Ministra Finans\u00f3w z dnia 5 czerwca 2013 r. w sprawie okre\u015blenia rodzaj\u00f3w deklaracji, kt\u00f3re mog\u0105 by\u0107 sk\u0142adane za pomoc\u0105 \u015brodk\u00f3w komunikacji elektronicznej (Dz. U. z 2013 r., poz. 669) \u2013 <strong>wesz\u0142o w \u017cycie z dniem 11\u00a0czerwca\u00a02013 r.<\/strong><\/p>\n<p>\u00a0<\/p>\n<p><strong>OCHRONA ZDROWIA<\/strong><\/p>\n<p><strong>Rozporz\u0105dzenie<\/strong> Ministra Zdrowia z dnia 6 czerwca 2013 r. w sprawie Systemu Ewidencji Zasob\u00f3w Ochrony Zdrowia (Dz. U. z 2013 r., poz. 671) \u2013 <strong>wejdzie w \u017cycie z\u00a0dniem 26 czerwca 2013 r.<\/strong><\/p>\n<p><strong>Rozporz\u0105dzenie<\/strong> Ministra Zdrowia z dnia 22 maja 2013 r. w sprawie Dobrej Praktyki Laboratoryjnej i wykonywania bada\u0144 zgodnie z zasadami Dobrej Praktyki Laboratoryjnej (Dz. U. z 2013 r., poz. 665) \u2013 <strong>wesz\u0142o w \u017cycie z dniem 11 czerwca 2013 r.<\/strong><\/p>\n<p>\u00a0<\/p>\n<p><strong>PRAWO PRACY<\/strong><\/p>\n<p><strong>Ustawa<\/strong> z dnia 28 maja 2013 r. o zmianie ustawy &#8211; Kodeks pracy oraz niekt\u00f3rych innych ustaw (Dz. U. z 2013 r., poz. 675) \u2013 <strong>wejdzie w \u017cycie z dniem 17 czerwca 2013 r., z\u00a0wyj\u0105tkiem art. 34 ust. 2 \u2013 5, kt\u00f3re wejd\u0105 w \u017cycie z dniem 1 stycznia 2014 r.<\/strong><\/p>\n<p>W ustawie z dnia 26 czerwca 1974 r. &#8211; Kodeks pracy (Dz. U. z 1998 r., nr 21, poz. 94 z\u00a0p\u00f3\u017an. zm.) uleg\u0142o zmianie brzmienie art. 180, art. 1821, art. 183, art. 184, art. 186, art. 1891, zosta\u0142y dodane art. 1791 &#8211; 1795, art. 1821a, art. 1824, zosta\u0142 uchylony art. 1822.<\/p>\n<p>W ustawie z dnia 26 stycznia 1982 r. &#8211; Karta Nauczyciela (Dz. U. z 2006 r., nr 97, poz.\u00a0674 z p\u00f3\u017an. zm.) uleg\u0142o zmianie brzmienie art. 66.<\/p>\n<p>W ustawie z dnia 6 kwietnia 1990 r. o Policji (Dz. U. z 2011 r., nr 287, poz. 1687 z p\u00f3\u017an. zm.)uleg\u0142o zmianie brzmienie art. 41, zosta\u0142o dodane art. 79a, art. 121a.<\/p>\n<p>W ustawie z dnia 12 pa\u017adziernika 1990 r. o Stra\u017cy Granicznej (Dz. U. z 2011 r., nr 116, poz. 675 z p\u00f3\u017an. zm.) uleg\u0142o zmianie brzmienie art. 48, art. 71, zosta\u0142y dodane art. 83a, art.\u00a0125a, art. 105a.<\/p>\n<p>W ustawie z dnia 10 grudnia 1993 r. o zaopatrzeniu emerytalnym \u017co\u0142nierzy zawodowych oraz ich rodzin (Dz. U. z 2013 r., poz. 666) uleg\u0142o zmianie brzmienie art. 5.<\/p>\n<p>W ustawie z dnia 18 lutego 1994 r. o zaopatrzeniu emerytalnym funkcjonariuszy Policji, Agencji Bezpiecze\u0144stwa Wewn\u0119trznego, Agencji Wywiadu, S\u0142u\u017cby Kontrwywiadu Wojskowego, S\u0142u\u017cby Wywiadu Wojskowego, Centralnego Biura Antykorupcyjnego, Stra\u017cy Granicznej, Biura Ochrony Rz\u0105du, Pa\u0144stwowej Stra\u017cy Po\u017carnej i S\u0142u\u017cby Wi\u0119ziennej oraz ich rodzin (Dz. U. z 2013 r., poz. 667) uleg\u0142o zmianie brzmienie art. 5.<\/p>\n<p>W ustawie z dnia 27 sierpnia 1997 r. o rehabilitacji zawodowej i spo\u0142ecznej oraz zatrudnianiu os\u00f3b niepe\u0142nosprawnych (Dz. U. z 2011 r., nr 127, poz. 721 z p\u00f3\u017an. zm.) uleg\u0142o zmianie brzmienie art. 21.<\/p>\n<p>W ustawie z dnia 12 grudnia 1997 r. o dodatkowym wynagrodzeniu rocznym dla\u00a0pracownik\u00f3w jednostek sfery bud\u017cetowej (Dz. U. z 1997 r., nr 160, poz. 1080 z p\u00f3\u017an. zm.) uleg\u0142o zmianie brzmienie art. 2.<\/p>\n<p>W ustawie z dnia 13 pa\u017adziernika 1998 r. o systemie ubezpiecze\u0144 spo\u0142ecznych (Dz.\u00a0U.\u00a0z\u00a02009 r., nr 205, poz. 1585 z p\u00f3\u017an. zm.) uleg\u0142o zmianie brzmienie art. 9.<\/p>\n<p>W ustawie z dnia 25 czerwca 1999 r. o \u015bwiadczeniach pieni\u0119\u017cnych z ubezpieczenia spo\u0142ecznego w razie choroby i macierzy\u0144stwa (Dz. U. z 2010 r., nr 77, poz. 512 z p\u00f3\u017an. zm.) uleg\u0142o zmianie brzmienie art. 29, art. 29a, art. 31.<\/p>\n<p>W ustawie z dnia 16 marca 2001 r. o Biurze Ochrony Rz\u0105du (Dz. U. z 2004 r., nr 163, poz.\u00a01712 z p\u00f3\u017an. zm.) uleg\u0142o zmianie brzmienie art. 38, zosta\u0142o dodane art. 30b, art.\u00a0108a.<\/p>\n<p>W ustawie z dnia 24 maja 2002 r. o Agencji Bezpiecze\u0144stwa Wewn\u0119trznego oraz Agencji Wywiadu (Dz. U. z 2010 r., nr 29, poz. 154 z p\u00f3\u017an. zm.) uleg\u0142o zmianie brzmienie art.\u00a064, zosta\u0142o dodane art. 136a.<\/p>\n<p>W ustawie z dnia 11 wrze\u015bnia 2003 r. o s\u0142u\u017cbie wojskowej \u017co\u0142nierzy zawodowych (Dz.\u00a0U.\u00a0z 2010 r., nr 90, poz. 593 z p\u00f3\u017an. zm.) uleg\u0142o zmianie brzmienie art. 65, art. 89, art. 90, art. 111a.<\/p>\n<p>W ustawie z dnia 20 kwietnia 2004 r. o promocji zatrudnienia i instytucjach rynku pracy (Dz. U. z 2013 r., poz. 674) uleg\u0142o zmianie brzmienie art. 33, art. 104a.<\/p>\n<p>W ustawie z dnia 2 lipca 2004 r. o swobodzie dzia\u0142alno\u015bci gospodarczej (Dz. U. z 2013 r., poz. 672) uleg\u0142o zmianie brzmienie art. 109.<\/p>\n<p>W ustawie z dnia 27 lipca 2005 r. &#8211; Prawo o szkolnictwie wy\u017cszym (Dz. U. z 2012 r., poz.\u00a0572, 742 i 1544) uleg\u0142o zmianie brzmienie art. 132, art. 151, art. 201.<\/p>\n<p>W ustawie z dnia 9 czerwca 2006 r. o s\u0142u\u017cbie funkcjonariuszy S\u0142u\u017cby Kontrwywiadu Wojskowego oraz S\u0142u\u017cby Wywiadu Wojskowego (Dz. U. z 2006 r., nr 104, poz. 710 z\u00a0p\u00f3\u017an. zm.) uleg\u0142o zmianie brzmienie art. 23, zosta\u0142o dodane art. 96a.<\/p>\n<p>W ustawie z dnia 9 czerwca 2006 r. o Centralnym Biurze Antykorupcyjnym (Dz.\u00a0U.\u00a0z\u00a02012 r., poz. 621 z p\u00f3\u017an. zm.) uleg\u0142o zmianie brzmienie art. 68, zosta\u0142o dodane art. 102a.<\/p>\n<p>W ustawie z dnia 13 lipca 2006 r. o ochronie roszcze\u0144 pracowniczych w razie niewyp\u0142acalno\u015bci pracodawcy (Dz. U. z 2006 r., nr 158, poz. 1121 z p\u00f3\u017an. zm.) uleg\u0142o zmianie brzmienie art. 9a.<\/p>\n<p>W ustawie z dnia 6 grudnia 2008 r. o zmianie ustawy &#8211; Kodeks pracy oraz niekt\u00f3rych innych ustaw (Dz. U. z 2008 r., nr 237, poz. 1654) uleg\u0142o zmianie brzmienie art. 12, art.\u00a013.<\/p>\n<p>W ustawie z dnia 27 sierpnia 2009 r. o S\u0142u\u017cbie Celnej (Dz. U. z 2009 r., nr 168, poz.\u00a01323 z p\u00f3\u017an. zm.) uleg\u0142o zmianie brzmienie art. 105a, art. 137a, art. 152a.<\/p>\n<p>W ustawie z dnia 9 kwietnia 2010 r. o S\u0142u\u017cbie Wi\u0119ziennej (Dz. U. z 2010 r., nr 79, poz.\u00a0523 z p\u00f3\u017an. zm.) uleg\u0142o zmianie brzmienie art. 89, art. 108, art. 143, zosta\u0142o dodane art. 60a i b.<\/p>\n<p>W ustawie z dnia 30 kwietnia 2010 r. o zasadach finansowania nauki (Dz. U. z 2010 r., nr\u00a096, poz. 615 oraz z 2011 r., nr 84, poz. 455 i nr 185, poz. 1092) uleg\u0142o zmianie brzmienie art. 28.<\/p>\n<p>W ustawie z dnia 30 kwietnia 2010 r. o Narodowym Centrum Nauki (Dz. U. z 2010 r., nr\u00a096, poz. 617 i nr 257, poz. 1726 oraz z 2011 r., nr 185, poz. 1092) uleg\u0142o zmianie brzmienie art. 2.<\/p>\n<p>W ustawie z dnia 30 kwietnia 2010 r. o Polskiej Akademii Nauk (Dz. U. z 2010 r., nr 96, poz. 619 oraz z 2011 r., nr 84, poz. 455) uleg\u0142o zmianie brzmienie art. 92.<\/p>\n<p>W ustawie z dnia 3 grudnia 2010 r. o wdro\u017ceniu niekt\u00f3rych przepis\u00f3w Unii Europejskiej w\u00a0zakresie r\u00f3wnego traktowania (Dz. U. z 2010 r., nr 254, poz. 1700) uleg\u0142o zmianie brzmienie art. 12.<\/p>\n<p>\u00a0<\/p>\n<p><strong>PRAWO RUCHU DROGOWEGO<\/strong><\/p>\n<p><strong>Ustawa <\/strong>z dnia 10 maja 2013 r. o zmianie ustawy o kieruj\u0105cych pojazdami (Dz.\u00a0U.\u00a0z\u00a02013\u00a0r., poz. 657) \u2013 <strong>wejdzie w \u017cycie z dniem 8 lipca 2013 r.<\/strong><\/p>\n<p>W ustawie z dnia 5 stycznia 2011 r. o kieruj\u0105cych pojazdami (Dz. U. z 2011 r., nr 30, poz. 151 z p\u00f3\u017an. zm.) uleg\u0142o zmianie brzmienie art. 51.<\/p>\n<p>\u00a0<\/p>\n<p><strong>S\u0104DOWNICTWO<\/strong><\/p>\n<p><strong>Ustawa<\/strong> z dnia 10 maja 2013 r. o zmianie ustawy &#8211; Prawo o ustroju s\u0105d\u00f3w powszechnych (Dz. U. z 2013 r., poz. 662) \u2013 <strong>wejdzie w \u017cycie z dniem 8 lipca 2013 r.<\/strong><\/p>\n<p>W ustawie z dnia 27 lipca 2001 r. &#8211; Prawo o ustroju s\u0105d\u00f3w powszechnych (Dz.\u00a0U.\u00a0z\u00a02013r., poz. 427) uleg\u0142o zmianie brzmienie art. 57b, art. 61, art. 106e, art.\u00a0155, zosta\u0142o dodane art. 155ca, art. 155cb.<\/p>\n<p>\u00a0<\/p>\n<p><strong><\/p>\n<h3 class=\"newsletter-naglowek\">Orzecznictwo<\/h3>\n<p><\/strong><\/p>\n<p><strong>Trybuna\u0142 Konstytucyjny; Trybuna\u0142 Sprawiedliwo\u015bci Unii Europejskiej<\/strong><\/p>\n<p><strong>S\u0141U\u017bBA CELNA<\/strong><\/p>\n<p>Trybuna\u0142 Konstytucyjny stwierdzi\u0142, \u017ce stosowanie do trybu odwo\u0142awczego od decyzji o\u00a0zawieszeniu funkcjonariusza S\u0142u\u017cby Celnej kodeksu post\u0119powania administracyjnego jest zgodne z Konstytucj\u0105. Opr\u00f3cz procedury administracyjnej celnik dysponuje bowiem r\u00f3wnie\u017c prawem odwo\u0142ania si\u0119 do s\u0105du. Trybuna\u0142 Konstytucyjny zwr\u00f3ci\u0142 uwag\u0119, \u017ce zakres zada\u0144 S\u0142u\u017cby Celnej zasadniczo wyklucza mo\u017cliwo\u015b\u0107 czynnego ich wykonywania przez osoby z zarzutem pope\u0142nienia przest\u0119pstwa, wszak ju\u017c wcze\u015bniej s\u0119dziowie s\u0105du konstytucyjnego orzekali, \u017ce \u201eproblem uczciwo\u015bci i wiarygodno\u015bci os\u00f3b realizuj\u0105cych s\u0142u\u017cb\u0119 publiczn\u0105, w tym te\u017c w dziedzinie prawa celnego, ze wzgl\u0119du na skal\u0119 tzw. presji korupcyjnej pojawi\u0142 si\u0119 w wyj\u0105tkowym nat\u0119\u017ceniu. Ustawodawca musi mie\u0107 to\u00a0na\u00a0wzgl\u0119dzie, poniewa\u017c zjawisko takie mo\u017ce przyczynia\u0107 si\u0119 do destrukcji struktur pa\u0144stwowych, os\u0142abienia roli i autorytetu prawa oraz mie\u0107 wp\u0142yw na stan finans\u00f3w pa\u0144stwa\u201d. Dalsze stosowanie sankcji, mimo wniesienia \u015brodka zaskar\u017cenia, pozwala zachowa\u0107 wiarygodno\u015b\u0107 S\u0142u\u017cbie Celnej. Wobec prowadzenia post\u0119powania karnego przeciwko funkcjonariuszowi przed\u0142u\u017cenie okresu zawieszenia go w pe\u0142nieniu obowi\u0105zk\u00f3w s\u0142u\u017cbowych jest najmniej dolegliwym \u015brodkiem, zastosowanie kt\u00f3rego \u2013 z jednej strony \u2013 pozwala na wype\u0142nienie ustawowej roli S\u0142u\u017cby Celnej, z drugiej za\u015b \u2013 umo\u017cliwia powr\u00f3t do pracy &#8211; <strong>wyrok Trybuna\u0142u Konstytucyjnego z dnia 14 maja 2013 r., sygn.<\/strong>\u00a0<strong>akt:\u00a0P\u00a027\/12.<\/strong><\/p>\n<p>\u00a0<\/p>\n<p><strong>PRZYWR\u00d3CENIE DO PRACY<\/strong><\/p>\n<p>Trybuna\u0142 Konstytucyjny orzek\u0142, \u017ce przyznane pracownikowi roszczenie dotycz\u0105ce podj\u0119cia pracy w wyniku przywr\u00f3cenia do pracy i prawa do wynagrodzenia za czas pozostawania bez pracy jest zgodne z Konstytucj\u0105. \u015awiadczenie to ma bowiem charakter kompensacyjny. Trybuna\u0142 Konstytucyjny wskaza\u0142, \u017ce przewidziane w kodeksie pracy rycza\u0142towe okre\u015blenie wysoko\u015bci \u015bwiadczenia pieni\u0119\u017cnego nale\u017cnego pracownikowi nie narusza konstytucyjnej zasady ochrony praw maj\u0105tkowych. Limitowanie wysoko\u015bci \u015bwiadczenia nale\u017cnego pracownikowi przywracanemu do pracy wynika ze specyfiki stosunku pracy i zosta\u0142o oparte na racjonalnym kompromisie, godz\u0105cym usprawiedliwione interesy pracownika i pracodawcy &#8211; <strong>wyrok Trybuna\u0142u Konstytucyjnego z dnia 22 maja 2013 r., sygn. akt: P 46\/11.<\/strong><\/p>\n<p>\u00a0<\/p>\n<p><strong><\/p>\n<h2 class=\"newsletter-naglowek\">Projekty, Nowelizacje, Zmiany<\/h2>\n<p><\/strong><\/p>\n<p><strong>PRAWO PRACY I UBEZPIECZE\u0143 SPO\u0141ECZNYCH<\/strong><\/p>\n<p><strong>Urlopy rodzicielskie na nowych zasadach<\/strong><\/p>\n<p>Od dnia 17 czerwca 2013 r. obowi\u0105zuj\u0105 nowe zasady pobierania urlopu rodzicielskiego.<\/p>\n","protected":false},"excerpt":{"rendered":"<p>We would like to present the next issue of legal bulletin of the Law Office of Adam Polowiec.What you will find here is some information about the new provisions of law and the projects of amendments to acts, but also case-laws including the case laws of Supreme Court, Constitutional Tribunal and European Court of Justice.<\/p>\n","protected":false},"author":2,"featured_media":0,"comment_status":"closed","ping_status":"open","sticky":false,"template":"","format":"standard","meta":{"footnotes":""},"categories":[11],"tags":[],"class_list":["post-480","post","type-post","status-publish","format-standard","hentry","category-newsletters"],"featured_image_src":{"landsacpe":false,"list":false,"medium":false,"full":false},"yoast_head":"<!-- This site is optimized with the Yoast SEO plugin v27.2 - https:\/\/yoast.com\/product\/yoast-seo-wordpress\/ -->\n<title>Legal Bulletin Of The Law Office Of Adam Polowiec (17 \u2013 23 june 2013 r.) - Polowiec i Wsp\u00f3lnicy - Kancelaria prawna<\/title>\n<meta name=\"robots\" content=\"index, follow, max-snippet:-1, max-image-preview:large, max-video-preview:-1\" \/>\n<link rel=\"canonical\" href=\"https:\/\/polowiec.pl\/en\/legal-bulletin-of-the-law-office-of-adam-polowiec-17-23-june-2013-r\/\" \/>\n<meta property=\"og:locale\" content=\"en_US\" \/>\n<meta property=\"og:type\" content=\"article\" \/>\n<meta property=\"og:title\" content=\"Legal Bulletin Of The Law Office Of Adam Polowiec (17 \u2013 23 june 2013 r.) - Polowiec i Wsp\u00f3lnicy - Kancelaria prawna\" \/>\n<meta property=\"og:description\" content=\"We would like to present the next issue of legal bulletin of the Law Office of Adam Polowiec.What you will find here is some information about the new provisions of law and the projects of amendments to acts, but also case-laws including the case laws of Supreme Court, Constitutional Tribunal and European Court of Justice.\" \/>\n<meta property=\"og:url\" content=\"https:\/\/polowiec.pl\/en\/legal-bulletin-of-the-law-office-of-adam-polowiec-17-23-june-2013-r\/\" \/>\n<meta property=\"og:site_name\" content=\"Polowiec i Wsp\u00f3lnicy - Kancelaria prawna\" \/>\n<meta property=\"article:publisher\" content=\"https:\/\/www.facebook.com\/polowieciwspolnicy\/\" \/>\n<meta property=\"article:published_time\" content=\"2013-07-10T12:59:36+00:00\" \/>\n<meta property=\"article:modified_time\" content=\"2018-10-11T08:43:01+00:00\" \/>\n<meta name=\"author\" content=\"Super User\" \/>\n<meta name=\"twitter:card\" content=\"summary_large_image\" \/>\n<meta name=\"twitter:label1\" content=\"Written by\" \/>\n\t<meta name=\"twitter:data1\" content=\"Super User\" \/>\n\t<meta name=\"twitter:label2\" content=\"Est. reading time\" \/>\n\t<meta name=\"twitter:data2\" content=\"8 minutes\" \/>\n<script type=\"application\/ld+json\" class=\"yoast-schema-graph\">{\"@context\":\"https:\/\/schema.org\",\"@graph\":[{\"@type\":\"Article\",\"@id\":\"https:\/\/polowiec.pl\/en\/legal-bulletin-of-the-law-office-of-adam-polowiec-17-23-june-2013-r\/#article\",\"isPartOf\":{\"@id\":\"https:\/\/polowiec.pl\/en\/legal-bulletin-of-the-law-office-of-adam-polowiec-17-23-june-2013-r\/\"},\"author\":{\"name\":\"Super User\",\"@id\":\"https:\/\/polowiec.pl\/en\/#\/schema\/person\/ed8994874b775675a86115f307352d24\"},\"headline\":\"Legal Bulletin Of The Law Office Of Adam Polowiec (17 \u2013 23 june 2013 r.)\",\"datePublished\":\"2013-07-10T12:59:36+00:00\",\"dateModified\":\"2018-10-11T08:43:01+00:00\",\"mainEntityOfPage\":{\"@id\":\"https:\/\/polowiec.pl\/en\/legal-bulletin-of-the-law-office-of-adam-polowiec-17-23-june-2013-r\/\"},\"wordCount\":1552,\"publisher\":{\"@id\":\"https:\/\/polowiec.pl\/en\/#organization\"},\"articleSection\":[\"Newsletter\"],\"inLanguage\":\"en-US\"},{\"@type\":\"WebPage\",\"@id\":\"https:\/\/polowiec.pl\/en\/legal-bulletin-of-the-law-office-of-adam-polowiec-17-23-june-2013-r\/\",\"url\":\"https:\/\/polowiec.pl\/en\/legal-bulletin-of-the-law-office-of-adam-polowiec-17-23-june-2013-r\/\",\"name\":\"Legal Bulletin Of The Law Office Of Adam Polowiec (17 \u2013 23 june 2013 r.) - Polowiec i Wsp\u00f3lnicy - Kancelaria prawna\",\"isPartOf\":{\"@id\":\"https:\/\/polowiec.pl\/en\/#website\"},\"datePublished\":\"2013-07-10T12:59:36+00:00\",\"dateModified\":\"2018-10-11T08:43:01+00:00\",\"breadcrumb\":{\"@id\":\"https:\/\/polowiec.pl\/en\/legal-bulletin-of-the-law-office-of-adam-polowiec-17-23-june-2013-r\/#breadcrumb\"},\"inLanguage\":\"en-US\",\"potentialAction\":[{\"@type\":\"ReadAction\",\"target\":[\"https:\/\/polowiec.pl\/en\/legal-bulletin-of-the-law-office-of-adam-polowiec-17-23-june-2013-r\/\"]}]},{\"@type\":\"BreadcrumbList\",\"@id\":\"https:\/\/polowiec.pl\/en\/legal-bulletin-of-the-law-office-of-adam-polowiec-17-23-june-2013-r\/#breadcrumb\",\"itemListElement\":[{\"@type\":\"ListItem\",\"position\":1,\"name\":\"Strona g\u0142\u00f3wna\",\"item\":\"https:\/\/polowiec.pl\/en\/\"},{\"@type\":\"ListItem\",\"position\":2,\"name\":\"Legal Bulletin Of The Law Office Of Adam Polowiec (17 \u2013 23 june 2013 r.)\"}]},{\"@type\":\"WebSite\",\"@id\":\"https:\/\/polowiec.pl\/en\/#website\",\"url\":\"https:\/\/polowiec.pl\/en\/\",\"name\":\"Polowiec i Wsp\u00f3lnicy - Kancelaria prawna\",\"description\":\"Obs\u0142uga prawna\",\"publisher\":{\"@id\":\"https:\/\/polowiec.pl\/en\/#organization\"},\"potentialAction\":[{\"@type\":\"SearchAction\",\"target\":{\"@type\":\"EntryPoint\",\"urlTemplate\":\"https:\/\/polowiec.pl\/en\/?s={search_term_string}\"},\"query-input\":{\"@type\":\"PropertyValueSpecification\",\"valueRequired\":true,\"valueName\":\"search_term_string\"}}],\"inLanguage\":\"en-US\"},{\"@type\":\"Organization\",\"@id\":\"https:\/\/polowiec.pl\/en\/#organization\",\"name\":\"Polowiec i Wsp\u00f3lnicy - Kancelaria prawna\",\"url\":\"https:\/\/polowiec.pl\/en\/\",\"logo\":{\"@type\":\"ImageObject\",\"inLanguage\":\"en-US\",\"@id\":\"https:\/\/polowiec.pl\/en\/#\/schema\/logo\/image\/\",\"url\":\"https:\/\/polowiec.pl\/wp-content\/uploads\/2018\/10\/polowiec_logo2-1.png\",\"contentUrl\":\"https:\/\/polowiec.pl\/wp-content\/uploads\/2018\/10\/polowiec_logo2-1.png\",\"width\":540,\"height\":381,\"caption\":\"Polowiec i Wsp\u00f3lnicy - Kancelaria prawna\"},\"image\":{\"@id\":\"https:\/\/polowiec.pl\/en\/#\/schema\/logo\/image\/\"},\"sameAs\":[\"https:\/\/www.facebook.com\/polowieciwspolnicy\/\",\"https:\/\/www.linkedin.com\/company\/polowiec-i-wsplnicy-sp.j.\/about\/\"]},{\"@type\":\"Person\",\"@id\":\"https:\/\/polowiec.pl\/en\/#\/schema\/person\/ed8994874b775675a86115f307352d24\",\"name\":\"Super User\",\"image\":{\"@type\":\"ImageObject\",\"inLanguage\":\"en-US\",\"@id\":\"https:\/\/secure.gravatar.com\/avatar\/e759b874f0fa459bd87c83ff47148fc5718f86d9459564657124e571997afbf7?s=96&d=mm&r=g\",\"url\":\"https:\/\/secure.gravatar.com\/avatar\/e759b874f0fa459bd87c83ff47148fc5718f86d9459564657124e571997afbf7?s=96&d=mm&r=g\",\"contentUrl\":\"https:\/\/secure.gravatar.com\/avatar\/e759b874f0fa459bd87c83ff47148fc5718f86d9459564657124e571997afbf7?s=96&d=mm&r=g\",\"caption\":\"Super User\"}}]}<\/script>\n<!-- \/ Yoast SEO plugin. -->","yoast_head_json":{"title":"Legal Bulletin Of The Law Office Of Adam Polowiec (17 \u2013 23 june 2013 r.) - Polowiec i Wsp\u00f3lnicy - Kancelaria prawna","robots":{"index":"index","follow":"follow","max-snippet":"max-snippet:-1","max-image-preview":"max-image-preview:large","max-video-preview":"max-video-preview:-1"},"canonical":"https:\/\/polowiec.pl\/en\/legal-bulletin-of-the-law-office-of-adam-polowiec-17-23-june-2013-r\/","og_locale":"en_US","og_type":"article","og_title":"Legal Bulletin Of The Law Office Of Adam Polowiec (17 \u2013 23 june 2013 r.) - Polowiec i Wsp\u00f3lnicy - Kancelaria prawna","og_description":"We would like to present the next issue of legal bulletin of the Law Office of Adam Polowiec.What you will find here is some information about the new provisions of law and the projects of amendments to acts, but also case-laws including the case laws of Supreme Court, Constitutional Tribunal and European Court of Justice.","og_url":"https:\/\/polowiec.pl\/en\/legal-bulletin-of-the-law-office-of-adam-polowiec-17-23-june-2013-r\/","og_site_name":"Polowiec i Wsp\u00f3lnicy - Kancelaria prawna","article_publisher":"https:\/\/www.facebook.com\/polowieciwspolnicy\/","article_published_time":"2013-07-10T12:59:36+00:00","article_modified_time":"2018-10-11T08:43:01+00:00","author":"Super User","twitter_card":"summary_large_image","twitter_misc":{"Written by":"Super User","Est. reading time":"8 minutes"},"schema":{"@context":"https:\/\/schema.org","@graph":[{"@type":"Article","@id":"https:\/\/polowiec.pl\/en\/legal-bulletin-of-the-law-office-of-adam-polowiec-17-23-june-2013-r\/#article","isPartOf":{"@id":"https:\/\/polowiec.pl\/en\/legal-bulletin-of-the-law-office-of-adam-polowiec-17-23-june-2013-r\/"},"author":{"name":"Super User","@id":"https:\/\/polowiec.pl\/en\/#\/schema\/person\/ed8994874b775675a86115f307352d24"},"headline":"Legal Bulletin Of The Law Office Of Adam Polowiec (17 \u2013 23 june 2013 r.)","datePublished":"2013-07-10T12:59:36+00:00","dateModified":"2018-10-11T08:43:01+00:00","mainEntityOfPage":{"@id":"https:\/\/polowiec.pl\/en\/legal-bulletin-of-the-law-office-of-adam-polowiec-17-23-june-2013-r\/"},"wordCount":1552,"publisher":{"@id":"https:\/\/polowiec.pl\/en\/#organization"},"articleSection":["Newsletter"],"inLanguage":"en-US"},{"@type":"WebPage","@id":"https:\/\/polowiec.pl\/en\/legal-bulletin-of-the-law-office-of-adam-polowiec-17-23-june-2013-r\/","url":"https:\/\/polowiec.pl\/en\/legal-bulletin-of-the-law-office-of-adam-polowiec-17-23-june-2013-r\/","name":"Legal Bulletin Of The Law Office Of Adam Polowiec (17 \u2013 23 june 2013 r.) - Polowiec i Wsp\u00f3lnicy - Kancelaria prawna","isPartOf":{"@id":"https:\/\/polowiec.pl\/en\/#website"},"datePublished":"2013-07-10T12:59:36+00:00","dateModified":"2018-10-11T08:43:01+00:00","breadcrumb":{"@id":"https:\/\/polowiec.pl\/en\/legal-bulletin-of-the-law-office-of-adam-polowiec-17-23-june-2013-r\/#breadcrumb"},"inLanguage":"en-US","potentialAction":[{"@type":"ReadAction","target":["https:\/\/polowiec.pl\/en\/legal-bulletin-of-the-law-office-of-adam-polowiec-17-23-june-2013-r\/"]}]},{"@type":"BreadcrumbList","@id":"https:\/\/polowiec.pl\/en\/legal-bulletin-of-the-law-office-of-adam-polowiec-17-23-june-2013-r\/#breadcrumb","itemListElement":[{"@type":"ListItem","position":1,"name":"Strona g\u0142\u00f3wna","item":"https:\/\/polowiec.pl\/en\/"},{"@type":"ListItem","position":2,"name":"Legal Bulletin Of The Law Office Of Adam Polowiec (17 \u2013 23 june 2013 r.)"}]},{"@type":"WebSite","@id":"https:\/\/polowiec.pl\/en\/#website","url":"https:\/\/polowiec.pl\/en\/","name":"Polowiec i Wsp\u00f3lnicy - Kancelaria prawna","description":"Obs\u0142uga prawna","publisher":{"@id":"https:\/\/polowiec.pl\/en\/#organization"},"potentialAction":[{"@type":"SearchAction","target":{"@type":"EntryPoint","urlTemplate":"https:\/\/polowiec.pl\/en\/?s={search_term_string}"},"query-input":{"@type":"PropertyValueSpecification","valueRequired":true,"valueName":"search_term_string"}}],"inLanguage":"en-US"},{"@type":"Organization","@id":"https:\/\/polowiec.pl\/en\/#organization","name":"Polowiec i Wsp\u00f3lnicy - Kancelaria prawna","url":"https:\/\/polowiec.pl\/en\/","logo":{"@type":"ImageObject","inLanguage":"en-US","@id":"https:\/\/polowiec.pl\/en\/#\/schema\/logo\/image\/","url":"https:\/\/polowiec.pl\/wp-content\/uploads\/2018\/10\/polowiec_logo2-1.png","contentUrl":"https:\/\/polowiec.pl\/wp-content\/uploads\/2018\/10\/polowiec_logo2-1.png","width":540,"height":381,"caption":"Polowiec i Wsp\u00f3lnicy - Kancelaria prawna"},"image":{"@id":"https:\/\/polowiec.pl\/en\/#\/schema\/logo\/image\/"},"sameAs":["https:\/\/www.facebook.com\/polowieciwspolnicy\/","https:\/\/www.linkedin.com\/company\/polowiec-i-wsplnicy-sp.j.\/about\/"]},{"@type":"Person","@id":"https:\/\/polowiec.pl\/en\/#\/schema\/person\/ed8994874b775675a86115f307352d24","name":"Super User","image":{"@type":"ImageObject","inLanguage":"en-US","@id":"https:\/\/secure.gravatar.com\/avatar\/e759b874f0fa459bd87c83ff47148fc5718f86d9459564657124e571997afbf7?s=96&d=mm&r=g","url":"https:\/\/secure.gravatar.com\/avatar\/e759b874f0fa459bd87c83ff47148fc5718f86d9459564657124e571997afbf7?s=96&d=mm&r=g","contentUrl":"https:\/\/secure.gravatar.com\/avatar\/e759b874f0fa459bd87c83ff47148fc5718f86d9459564657124e571997afbf7?s=96&d=mm&r=g","caption":"Super User"}}]}},"_links":{"self":[{"href":"https:\/\/polowiec.pl\/en\/wp-json\/wp\/v2\/posts\/480","targetHints":{"allow":["GET"]}}],"collection":[{"href":"https:\/\/polowiec.pl\/en\/wp-json\/wp\/v2\/posts"}],"about":[{"href":"https:\/\/polowiec.pl\/en\/wp-json\/wp\/v2\/types\/post"}],"author":[{"embeddable":true,"href":"https:\/\/polowiec.pl\/en\/wp-json\/wp\/v2\/users\/2"}],"replies":[{"embeddable":true,"href":"https:\/\/polowiec.pl\/en\/wp-json\/wp\/v2\/comments?post=480"}],"version-history":[{"count":0,"href":"https:\/\/polowiec.pl\/en\/wp-json\/wp\/v2\/posts\/480\/revisions"}],"wp:attachment":[{"href":"https:\/\/polowiec.pl\/en\/wp-json\/wp\/v2\/media?parent=480"}],"wp:term":[{"taxonomy":"category","embeddable":true,"href":"https:\/\/polowiec.pl\/en\/wp-json\/wp\/v2\/categories?post=480"},{"taxonomy":"post_tag","embeddable":true,"href":"https:\/\/polowiec.pl\/en\/wp-json\/wp\/v2\/tags?post=480"}],"curies":[{"name":"wp","href":"https:\/\/api.w.org\/{rel}","templated":true}]}}