{"id":482,"date":"2013-07-10T15:05:10","date_gmt":"2013-07-10T13:05:10","guid":{"rendered":"https:\/\/nowa.polowiec.pl\/legal-bulletin-of-the-law-office-of-adam-polowiec-1-7-july-2013-r\/"},"modified":"2018-10-11T10:43:00","modified_gmt":"2018-10-11T08:43:00","slug":"legal-bulletin-of-the-law-office-of-adam-polowiec-1-7-july-2013-r","status":"publish","type":"post","link":"https:\/\/polowiec.pl\/en\/legal-bulletin-of-the-law-office-of-adam-polowiec-1-7-july-2013-r\/","title":{"rendered":"Legal Bulletin Of The Law Office Of Adam Polowiec (1 \u2013 7 july 2013 r.)"},"content":{"rendered":"<p>We would like to present the next issue of legal bulletin of the Law Office of Adam Polowiec.<br \/>What you will find here is some information about the new provisions of law and the projects of amendments to acts, but also case-laws including the case laws of Supreme Court, Constitutional Tribunal and European Court of Justice. <!--more--> <\/p>\n<p><strong>PODATKI I RACHUNKOWO\u015a\u0106<\/strong><\/p>\n<p><strong>Rozporz\u0105dzenie <\/strong>Ministra Finans\u00f3w z dnia 17 czerwca 2013 r. zmieniaj\u0105ce rozporz\u0105dzenie w sprawie wzor\u00f3w deklaracji podatkowych dla podatku akcyzowego, deklaracji w sprawie przedp\u0142aty akcyzy oraz informacji o wyrobach akcyzowych w\u00a0sk\u0142adzie podatkowym (Dz. U. z 2013 r., poz. 728) \u2013 <strong>wejdzie w \u017cycie z dniem 1\u00a0lipca\u00a02013 r.<\/strong><\/p>\n<p>W rozporz\u0105dzeniu Ministra Finans\u00f3w z dnia 14 grudnia 2011 r. w sprawie wzor\u00f3w deklaracji podatkowych dla podatku akcyzowego, deklaracji w sprawie przedp\u0142aty akcyzy oraz informacji o wyrobach akcyzowych w sk\u0142adzie podatkowym (Dz. U. z 2011 r., nr\u00a0280, poz. 1647 oraz z 2013 r., poz. 34) uleg\u0142o zmianie brzmienie za\u0142\u0105cznika nr 12.<\/p>\n<p><strong>Rozporz\u0105dzenie <\/strong>Ministra Finans\u00f3w z dnia 12 czerwca 2013 r. zmieniaj\u0105ce rozporz\u0105dzenie w sprawie wzor\u00f3w formularzy stosowanych w sprawach celnych (Dz.\u00a0U.\u00a0z\u00a02013 r., poz. 129) \u2013 <strong>wejdzie w \u017cycie z dniem 10 lipca 2013 r.<\/strong><\/p>\n<p>W rozporz\u0105dzeniu Ministra Finans\u00f3w z dnia 22 lipca 2011 r. w sprawie wzor\u00f3w formularzy stosowanych w sprawach celnych (Dz. U. z 2011 r., nr 166, poz. 995 oraz z 2012 r., poz.\u00a0766) uleg\u0142o zmianie brzmienie za\u0142\u0105cznik\u00f3w nr 7 i 8.<\/p>\n<p><strong>Rozporz\u0105dzenie <\/strong>Ministra Finans\u00f3w z dnia 25 czerwca 2013 r. w sprawie sposobu przesy\u0142ania zg\u0142osze\u0144 oraz rodzaj\u00f3w podpisu elektronicznego, kt\u00f3rymi powinny by\u0107\u00a0opatrzone (Dz. U. z 2013 r., poz. 753) \u2013 <strong>wesz\u0142o w \u017cycie z dniem 1 lipca 2013 r.<\/strong><\/p>\n<p>\u00a0<\/p>\n<p><strong>PRAWO RUCHU DROGOWEGO<\/strong><\/p>\n<p><strong>Rozporz\u0105dzenie<\/strong> Ministra Spraw Wewn\u0119trznych z dnia 24 czerwca 2013 r. zmieniaj\u0105ce rozporz\u0105dzenie w sprawie kontroli ruchu drogowego (Dz. U. z 2013 r., poz. 730)\u00a0\u00a0\u00a0\u00a0\u00a0\u00a0\u00a0\u00a0\u00a0\u00a0\u00a0\u00a0 \u2013 <strong>wejdzie w \u017cycie z dniem 1 lipca 2013 r., z wyj\u0105tkiem \u00a71 pkt 1 lit. a, kt\u00f3ry wchodzi w \u017cycie z dniem 1 stycznia 2014 r., \u00a71 lit. b, kt\u00f3ry wchodzi w \u017cycie z\u00a0dniem 16 listopada 2013 r.<\/strong><\/p>\n<p>W rozporz\u0105dzeniu Ministra Spraw Wewn\u0119trznych i Administracji z dnia 18 lipca 2008 r. w\u00a0sprawie kontroli ruchu drogowego (Dz. U. z 2008 r., nr 132, poz. 841 z p\u00f3\u017an. zm.) uleg\u0142o zmianie brzmienie za\u0142\u0105cznika nr 6.<\/p>\n<p>\u00a0<\/p>\n<p><strong>KRAJOWY REJESTR KARNY<\/strong><\/p>\n<p><strong>Rozporz\u0105dzenie <\/strong>Ministra Sprawiedliwo\u015bci z dnia 19 czerwca 2013 r. zmieniaj\u0105ce rozporz\u0105dzenie w sprawie gromadzenia danych osobowych i danych o podmiotach zbiorowych w Krajowym Rejestrze Karnym oraz usuwania tych danych z Rejestru (Dz.\u00a0U.\u00a0z 2013 r., poz. 731) \u2013 <strong>wesz\u0142o w \u017cycie z dniem 30 czerwca 2013 r.<\/strong><\/p>\n<p>W rozporz\u0105dzeniu Ministra Sprawiedliwo\u015bci z dnia 16 maja 2012 r. w sprawie gromadzenia danych osobowych i danych o podmiotach zbiorowych w Krajowym Rejestrze Karnym oraz usuwania tych danych z Rejestru (Dz. U. z 2012 r., poz. 564) uleg\u0142o zmianie brzmienie \u00a78.<\/p>\n<p>\u00a0<\/p>\n<p><strong>PRAWO RODZINNE I OPIEKU\u0143CZE<\/strong><\/p>\n<p><strong>Ustawa<\/strong> z dnia 10 maja 2013 r. o zmianie ustawy o opiece nad dzie\u0107mi w wieku do lat 3 oraz niekt\u00f3rych innych ustaw (Dz. U. z 2013 r., poz. 747) \u2013 <strong>wejdzie w \u017cycie z dniem 13 lipca 2013 r. <\/strong><\/p>\n<p>W ustawie z dnia 4 lutego 2011 r. o opiece nad dzie\u0107mi w wieku do lat 3 (Dz.\u00a0U.\u00a0z\u00a02011\u00a0r., nr 45, poz. 235, nr 131, poz. 764 i nr 171, poz. 1016) uleg\u0142o zmianie brzmienie art. 5, art. 25, art. 27, art. 28, art. 36, art. 39, art. 41 \u2013 43, art. 46, art. 51, art. 53, art. 58, art. 60 \u2013 63, zosta\u0142o dodane art. 3a, art. 9a, art. 35a, art. 46a, art. 64a, zosta\u0142o uchylone art. 29.<\/p>\n<p>W ustawie z dnia 4 marca 1994 r. o zak\u0142adowym funduszu \u015bwiadcze\u0144 socjalnych (Dz.\u00a0U.\u00a0z\u00a02012 r., poz. 592, 908 i 1456) uleg\u0142o zmianie brzmienie art. 2.<\/p>\n<p>W ustawie z dnia 25 czerwca 1999 r. o \u015bwiadczeniach pieni\u0119\u017cnych z ubezpieczenia spo\u0142ecznego w razie choroby i macierzy\u0144stwa (Dz. U. z 2010 r., nr 77, poz. 512 z p\u00f3\u017an. zm.) uleg\u0142o zmianie brzmienie art. 32.<\/p>\n<p>\u00a0<\/p>\n<p><strong>PRAWO CELNE<\/strong><\/p>\n<p><strong>Rozporz\u0105dzenie<\/strong> Ministra Finans\u00f3w z dnia 25 czerwca 2013 r. zmieniaj\u0105ce rozporz\u0105dzenie w sprawie urz\u0119d\u00f3w celnych, w kt\u00f3rych s\u0105 dokonywane czynno\u015bci przewidziane przepisami prawa celnego w zale\u017cno\u015bci od rodzaju towar\u00f3w lub procedur celnych, kt\u00f3rymi mog\u0105 by\u0107 obejmowane towary (Dz. U. z 2013 r., poz. 748) \u2013 <strong>wesz\u0142o w\u00a0\u017cycie z dniem 1 lipca 2013 r.<\/strong><\/p>\n<p>W rozporz\u0105dzeniu Ministra Finans\u00f3w z dnia 18 listopada 2004 r. w sprawie urz\u0119d\u00f3w celnych, w kt\u00f3rych s\u0105 dokonywane czynno\u015bci przewidziane przepisami prawa celnego w\u00a0zale\u017cno\u015bci od rodzaju towar\u00f3w lub procedur celnych, kt\u00f3rymi mog\u0105 by\u0107 obejmowane towary (Dz. U. z 2013 r., poz. 564) uleg\u0142o zmianie brzmienie za\u0142\u0105cznik\u00f3w nr 1 \u2013 3.<\/p>\n<p><strong>Rozporz\u0105dzenie<\/strong> Ministra Finans\u00f3w z dnia 25 czerwca 2013 r. w sprawie urz\u0119d\u00f3w celnych, w kt\u00f3rych mo\u017ce by\u0107 dokonywany wyw\u00f3z, przyw\u00f3z i tranzyt towar\u00f3w o znaczeniu strategicznym (Dz. U. z 2013 r., poz. 754) \u2013 <strong>wesz\u0142o w \u017cycie z dniem 1 lipca 2013 r.<\/strong><\/p>\n<p>\u00a0<\/p>\n<p><strong>OCHRONA \u015aRODOWISKA<\/strong><\/p>\n<p><strong>Rozporz\u0105dzenie<\/strong> Ministra Gospodarki z dnia 28 czerwca 2013 r. zmieniaj\u0105ce rozporz\u0105dzenie w sprawie szczeg\u00f3\u0142owych wymaga\u0144 dla niekt\u00f3rych produkt\u00f3w ze wzgl\u0119du na ich negatywne oddzia\u0142ywanie na \u015brodowisko (Dz. U. z 2013 r., poz. 755) \u2013 <strong>wesz\u0142o w\u00a0\u017cycie z dniem 30 czerwca 2013 r.<\/strong><\/p>\n<p><strong>Rozporz\u0105dzenie<\/strong> Ministra \u015arodowiska z dnia 20 czerwca 2013 r. w sprawie charakterystyki odpad\u00f3w wydobywczych (Dz. U. z 2013 r., poz. 759) \u2013 <strong>wejdzie w \u017cycie z dniem 16 lipca 2013 r.<\/strong><\/p>\n<p>\u00a0<\/p>\n<p><strong>OCHRONA ZDROWIA<\/strong><\/p>\n<p><strong>Rozporz\u0105dzenie<\/strong> Ministra Zdrowia z dnia 27 czerwca 2013 r. w sprawie szczeg\u00f3\u0142owego zakresu oraz warunk\u00f3w ustalania wysoko\u015bci \u015bwiadczenia w przypadku zdarzenia medycznego (Dz. U. 2013 r., poz. 750) \u2013 <strong>wesz\u0142o w \u017cycie z dniem 1 lipca 2013 r.<\/strong><\/p>\n<p>\u00a0<\/p>\n<p><strong>PRAWO BUDOWLANE<\/strong><\/p>\n<p><strong>Rozporz\u0105dzenie<\/strong> Ministra Transportu, Budownictwa i Gospodarki Morskiej z dnia 21\u00a0czerwca 2013 r. zmieniaj\u0105ce rozporz\u0105dzenie w sprawie szczeg\u00f3\u0142owego zakresu i formy projektu budowlanego (Dz. U. z 2013 r., poz. 762) \u2013 <strong>wejdzie w \u017cycie z dniem 3\u00a0pa\u017adziernika 2013 r.<\/strong><\/p>\n<p>W rozporz\u0105dzeniu Ministra Transportu, Budownictwa i Gospodarki Morskiej z dnia 25\u00a0kwietnia 2012 r. w sprawie szczeg\u00f3\u0142owego zakresu i formy projektu budowlanego (Dz.\u00a0U. z 2012 r., poz. 462) uleg\u0142o zmianie brzmienie \u00a711 oraz za\u0142\u0105cznika.<\/p>\n<p>\u00a0<\/p>\n<p><strong><\/p>\n<h2 class=\"newsletter-naglowek\">Projekty, Nowelizacje, Zmiany<\/h2>\n<p><\/strong><\/p>\n<p><strong>PODATKI I RACHUNKOWO\u015a\u0106<\/strong><\/p>\n<p><strong>Nowe e \u2013 deklaracje<\/strong><\/p>\n<p>Od dnia 1 lipca 2013 r. obowi\u0105zuj\u0105 nowe formularze NIP \u2013 7, ZAP \u2013 3, NIP \u2013 B, NIP \u2013 C.<\/p>\n","protected":false},"excerpt":{"rendered":"<p>We would like to present the next issue of legal bulletin of the Law Office of Adam Polowiec.What you will find here is some information about the new provisions of law and the projects of amendments to acts, but also case-laws including the case laws of Supreme Court, Constitutional Tribunal and European Court of Justice.<\/p>\n","protected":false},"author":2,"featured_media":0,"comment_status":"closed","ping_status":"open","sticky":false,"template":"","format":"standard","meta":{"footnotes":""},"categories":[11],"tags":[],"class_list":["post-482","post","type-post","status-publish","format-standard","hentry","category-newsletters"],"featured_image_src":{"landsacpe":false,"list":false,"medium":false,"full":false},"yoast_head":"<!-- This site is optimized with the Yoast SEO plugin v27.2 - https:\/\/yoast.com\/product\/yoast-seo-wordpress\/ -->\n<title>Legal Bulletin Of The Law Office Of Adam Polowiec (1 \u2013 7 july 2013 r.) - Polowiec i Wsp\u00f3lnicy - Kancelaria prawna<\/title>\n<meta name=\"robots\" content=\"index, follow, max-snippet:-1, max-image-preview:large, max-video-preview:-1\" \/>\n<link rel=\"canonical\" href=\"https:\/\/polowiec.pl\/en\/legal-bulletin-of-the-law-office-of-adam-polowiec-1-7-july-2013-r\/\" \/>\n<meta property=\"og:locale\" content=\"en_US\" \/>\n<meta property=\"og:type\" content=\"article\" \/>\n<meta property=\"og:title\" content=\"Legal Bulletin Of The Law Office Of Adam Polowiec (1 \u2013 7 july 2013 r.) - Polowiec i Wsp\u00f3lnicy - Kancelaria prawna\" \/>\n<meta property=\"og:description\" content=\"We would like to present the next issue of legal bulletin of the Law Office of Adam Polowiec.What you will find here is some information about the new provisions of law and the projects of amendments to acts, but also case-laws including the case laws of Supreme Court, Constitutional Tribunal and European Court of Justice.\" \/>\n<meta property=\"og:url\" content=\"https:\/\/polowiec.pl\/en\/legal-bulletin-of-the-law-office-of-adam-polowiec-1-7-july-2013-r\/\" \/>\n<meta property=\"og:site_name\" content=\"Polowiec i Wsp\u00f3lnicy - Kancelaria prawna\" \/>\n<meta property=\"article:publisher\" content=\"https:\/\/www.facebook.com\/polowieciwspolnicy\/\" \/>\n<meta property=\"article:published_time\" content=\"2013-07-10T13:05:10+00:00\" \/>\n<meta property=\"article:modified_time\" content=\"2018-10-11T08:43:00+00:00\" \/>\n<meta name=\"author\" content=\"Super User\" \/>\n<meta name=\"twitter:card\" content=\"summary_large_image\" \/>\n<meta name=\"twitter:label1\" content=\"Written by\" \/>\n\t<meta name=\"twitter:data1\" content=\"Super User\" \/>\n\t<meta name=\"twitter:label2\" content=\"Est. reading time\" \/>\n\t<meta name=\"twitter:data2\" content=\"5 minutes\" \/>\n<script type=\"application\/ld+json\" class=\"yoast-schema-graph\">{\"@context\":\"https:\/\/schema.org\",\"@graph\":[{\"@type\":\"Article\",\"@id\":\"https:\/\/polowiec.pl\/en\/legal-bulletin-of-the-law-office-of-adam-polowiec-1-7-july-2013-r\/#article\",\"isPartOf\":{\"@id\":\"https:\/\/polowiec.pl\/en\/legal-bulletin-of-the-law-office-of-adam-polowiec-1-7-july-2013-r\/\"},\"author\":{\"name\":\"Super User\",\"@id\":\"https:\/\/polowiec.pl\/en\/#\/schema\/person\/ed8994874b775675a86115f307352d24\"},\"headline\":\"Legal Bulletin Of The Law Office Of Adam Polowiec (1 \u2013 7 july 2013 r.)\",\"datePublished\":\"2013-07-10T13:05:10+00:00\",\"dateModified\":\"2018-10-11T08:43:00+00:00\",\"mainEntityOfPage\":{\"@id\":\"https:\/\/polowiec.pl\/en\/legal-bulletin-of-the-law-office-of-adam-polowiec-1-7-july-2013-r\/\"},\"wordCount\":993,\"publisher\":{\"@id\":\"https:\/\/polowiec.pl\/en\/#organization\"},\"articleSection\":[\"Newsletter\"],\"inLanguage\":\"en-US\"},{\"@type\":\"WebPage\",\"@id\":\"https:\/\/polowiec.pl\/en\/legal-bulletin-of-the-law-office-of-adam-polowiec-1-7-july-2013-r\/\",\"url\":\"https:\/\/polowiec.pl\/en\/legal-bulletin-of-the-law-office-of-adam-polowiec-1-7-july-2013-r\/\",\"name\":\"Legal Bulletin Of The Law Office Of Adam Polowiec (1 \u2013 7 july 2013 r.) - Polowiec i Wsp\u00f3lnicy - Kancelaria prawna\",\"isPartOf\":{\"@id\":\"https:\/\/polowiec.pl\/en\/#website\"},\"datePublished\":\"2013-07-10T13:05:10+00:00\",\"dateModified\":\"2018-10-11T08:43:00+00:00\",\"breadcrumb\":{\"@id\":\"https:\/\/polowiec.pl\/en\/legal-bulletin-of-the-law-office-of-adam-polowiec-1-7-july-2013-r\/#breadcrumb\"},\"inLanguage\":\"en-US\",\"potentialAction\":[{\"@type\":\"ReadAction\",\"target\":[\"https:\/\/polowiec.pl\/en\/legal-bulletin-of-the-law-office-of-adam-polowiec-1-7-july-2013-r\/\"]}]},{\"@type\":\"BreadcrumbList\",\"@id\":\"https:\/\/polowiec.pl\/en\/legal-bulletin-of-the-law-office-of-adam-polowiec-1-7-july-2013-r\/#breadcrumb\",\"itemListElement\":[{\"@type\":\"ListItem\",\"position\":1,\"name\":\"Strona g\u0142\u00f3wna\",\"item\":\"https:\/\/polowiec.pl\/en\/\"},{\"@type\":\"ListItem\",\"position\":2,\"name\":\"Legal Bulletin Of The Law Office Of Adam Polowiec (1 \u2013 7 july 2013 r.)\"}]},{\"@type\":\"WebSite\",\"@id\":\"https:\/\/polowiec.pl\/en\/#website\",\"url\":\"https:\/\/polowiec.pl\/en\/\",\"name\":\"Polowiec i Wsp\u00f3lnicy - Kancelaria prawna\",\"description\":\"Obs\u0142uga prawna\",\"publisher\":{\"@id\":\"https:\/\/polowiec.pl\/en\/#organization\"},\"potentialAction\":[{\"@type\":\"SearchAction\",\"target\":{\"@type\":\"EntryPoint\",\"urlTemplate\":\"https:\/\/polowiec.pl\/en\/?s={search_term_string}\"},\"query-input\":{\"@type\":\"PropertyValueSpecification\",\"valueRequired\":true,\"valueName\":\"search_term_string\"}}],\"inLanguage\":\"en-US\"},{\"@type\":\"Organization\",\"@id\":\"https:\/\/polowiec.pl\/en\/#organization\",\"name\":\"Polowiec i Wsp\u00f3lnicy - Kancelaria prawna\",\"url\":\"https:\/\/polowiec.pl\/en\/\",\"logo\":{\"@type\":\"ImageObject\",\"inLanguage\":\"en-US\",\"@id\":\"https:\/\/polowiec.pl\/en\/#\/schema\/logo\/image\/\",\"url\":\"https:\/\/polowiec.pl\/wp-content\/uploads\/2018\/10\/polowiec_logo2-1.png\",\"contentUrl\":\"https:\/\/polowiec.pl\/wp-content\/uploads\/2018\/10\/polowiec_logo2-1.png\",\"width\":540,\"height\":381,\"caption\":\"Polowiec i Wsp\u00f3lnicy - Kancelaria prawna\"},\"image\":{\"@id\":\"https:\/\/polowiec.pl\/en\/#\/schema\/logo\/image\/\"},\"sameAs\":[\"https:\/\/www.facebook.com\/polowieciwspolnicy\/\",\"https:\/\/www.linkedin.com\/company\/polowiec-i-wsplnicy-sp.j.\/about\/\"]},{\"@type\":\"Person\",\"@id\":\"https:\/\/polowiec.pl\/en\/#\/schema\/person\/ed8994874b775675a86115f307352d24\",\"name\":\"Super User\",\"image\":{\"@type\":\"ImageObject\",\"inLanguage\":\"en-US\",\"@id\":\"https:\/\/secure.gravatar.com\/avatar\/e759b874f0fa459bd87c83ff47148fc5718f86d9459564657124e571997afbf7?s=96&d=mm&r=g\",\"url\":\"https:\/\/secure.gravatar.com\/avatar\/e759b874f0fa459bd87c83ff47148fc5718f86d9459564657124e571997afbf7?s=96&d=mm&r=g\",\"contentUrl\":\"https:\/\/secure.gravatar.com\/avatar\/e759b874f0fa459bd87c83ff47148fc5718f86d9459564657124e571997afbf7?s=96&d=mm&r=g\",\"caption\":\"Super User\"}}]}<\/script>\n<!-- \/ Yoast SEO plugin. -->","yoast_head_json":{"title":"Legal Bulletin Of The Law Office Of Adam Polowiec (1 \u2013 7 july 2013 r.) - Polowiec i Wsp\u00f3lnicy - Kancelaria prawna","robots":{"index":"index","follow":"follow","max-snippet":"max-snippet:-1","max-image-preview":"max-image-preview:large","max-video-preview":"max-video-preview:-1"},"canonical":"https:\/\/polowiec.pl\/en\/legal-bulletin-of-the-law-office-of-adam-polowiec-1-7-july-2013-r\/","og_locale":"en_US","og_type":"article","og_title":"Legal Bulletin Of The Law Office Of Adam Polowiec (1 \u2013 7 july 2013 r.) - Polowiec i Wsp\u00f3lnicy - Kancelaria prawna","og_description":"We would like to present the next issue of legal bulletin of the Law Office of Adam Polowiec.What you will find here is some information about the new provisions of law and the projects of amendments to acts, but also case-laws including the case laws of Supreme Court, Constitutional Tribunal and European Court of Justice.","og_url":"https:\/\/polowiec.pl\/en\/legal-bulletin-of-the-law-office-of-adam-polowiec-1-7-july-2013-r\/","og_site_name":"Polowiec i Wsp\u00f3lnicy - Kancelaria prawna","article_publisher":"https:\/\/www.facebook.com\/polowieciwspolnicy\/","article_published_time":"2013-07-10T13:05:10+00:00","article_modified_time":"2018-10-11T08:43:00+00:00","author":"Super User","twitter_card":"summary_large_image","twitter_misc":{"Written by":"Super User","Est. reading time":"5 minutes"},"schema":{"@context":"https:\/\/schema.org","@graph":[{"@type":"Article","@id":"https:\/\/polowiec.pl\/en\/legal-bulletin-of-the-law-office-of-adam-polowiec-1-7-july-2013-r\/#article","isPartOf":{"@id":"https:\/\/polowiec.pl\/en\/legal-bulletin-of-the-law-office-of-adam-polowiec-1-7-july-2013-r\/"},"author":{"name":"Super User","@id":"https:\/\/polowiec.pl\/en\/#\/schema\/person\/ed8994874b775675a86115f307352d24"},"headline":"Legal Bulletin Of The Law Office Of Adam Polowiec (1 \u2013 7 july 2013 r.)","datePublished":"2013-07-10T13:05:10+00:00","dateModified":"2018-10-11T08:43:00+00:00","mainEntityOfPage":{"@id":"https:\/\/polowiec.pl\/en\/legal-bulletin-of-the-law-office-of-adam-polowiec-1-7-july-2013-r\/"},"wordCount":993,"publisher":{"@id":"https:\/\/polowiec.pl\/en\/#organization"},"articleSection":["Newsletter"],"inLanguage":"en-US"},{"@type":"WebPage","@id":"https:\/\/polowiec.pl\/en\/legal-bulletin-of-the-law-office-of-adam-polowiec-1-7-july-2013-r\/","url":"https:\/\/polowiec.pl\/en\/legal-bulletin-of-the-law-office-of-adam-polowiec-1-7-july-2013-r\/","name":"Legal Bulletin Of The Law Office Of Adam Polowiec (1 \u2013 7 july 2013 r.) - Polowiec i Wsp\u00f3lnicy - Kancelaria prawna","isPartOf":{"@id":"https:\/\/polowiec.pl\/en\/#website"},"datePublished":"2013-07-10T13:05:10+00:00","dateModified":"2018-10-11T08:43:00+00:00","breadcrumb":{"@id":"https:\/\/polowiec.pl\/en\/legal-bulletin-of-the-law-office-of-adam-polowiec-1-7-july-2013-r\/#breadcrumb"},"inLanguage":"en-US","potentialAction":[{"@type":"ReadAction","target":["https:\/\/polowiec.pl\/en\/legal-bulletin-of-the-law-office-of-adam-polowiec-1-7-july-2013-r\/"]}]},{"@type":"BreadcrumbList","@id":"https:\/\/polowiec.pl\/en\/legal-bulletin-of-the-law-office-of-adam-polowiec-1-7-july-2013-r\/#breadcrumb","itemListElement":[{"@type":"ListItem","position":1,"name":"Strona g\u0142\u00f3wna","item":"https:\/\/polowiec.pl\/en\/"},{"@type":"ListItem","position":2,"name":"Legal Bulletin Of The Law Office Of Adam Polowiec (1 \u2013 7 july 2013 r.)"}]},{"@type":"WebSite","@id":"https:\/\/polowiec.pl\/en\/#website","url":"https:\/\/polowiec.pl\/en\/","name":"Polowiec i Wsp\u00f3lnicy - Kancelaria prawna","description":"Obs\u0142uga prawna","publisher":{"@id":"https:\/\/polowiec.pl\/en\/#organization"},"potentialAction":[{"@type":"SearchAction","target":{"@type":"EntryPoint","urlTemplate":"https:\/\/polowiec.pl\/en\/?s={search_term_string}"},"query-input":{"@type":"PropertyValueSpecification","valueRequired":true,"valueName":"search_term_string"}}],"inLanguage":"en-US"},{"@type":"Organization","@id":"https:\/\/polowiec.pl\/en\/#organization","name":"Polowiec i Wsp\u00f3lnicy - Kancelaria prawna","url":"https:\/\/polowiec.pl\/en\/","logo":{"@type":"ImageObject","inLanguage":"en-US","@id":"https:\/\/polowiec.pl\/en\/#\/schema\/logo\/image\/","url":"https:\/\/polowiec.pl\/wp-content\/uploads\/2018\/10\/polowiec_logo2-1.png","contentUrl":"https:\/\/polowiec.pl\/wp-content\/uploads\/2018\/10\/polowiec_logo2-1.png","width":540,"height":381,"caption":"Polowiec i Wsp\u00f3lnicy - Kancelaria prawna"},"image":{"@id":"https:\/\/polowiec.pl\/en\/#\/schema\/logo\/image\/"},"sameAs":["https:\/\/www.facebook.com\/polowieciwspolnicy\/","https:\/\/www.linkedin.com\/company\/polowiec-i-wsplnicy-sp.j.\/about\/"]},{"@type":"Person","@id":"https:\/\/polowiec.pl\/en\/#\/schema\/person\/ed8994874b775675a86115f307352d24","name":"Super User","image":{"@type":"ImageObject","inLanguage":"en-US","@id":"https:\/\/secure.gravatar.com\/avatar\/e759b874f0fa459bd87c83ff47148fc5718f86d9459564657124e571997afbf7?s=96&d=mm&r=g","url":"https:\/\/secure.gravatar.com\/avatar\/e759b874f0fa459bd87c83ff47148fc5718f86d9459564657124e571997afbf7?s=96&d=mm&r=g","contentUrl":"https:\/\/secure.gravatar.com\/avatar\/e759b874f0fa459bd87c83ff47148fc5718f86d9459564657124e571997afbf7?s=96&d=mm&r=g","caption":"Super User"}}]}},"_links":{"self":[{"href":"https:\/\/polowiec.pl\/en\/wp-json\/wp\/v2\/posts\/482","targetHints":{"allow":["GET"]}}],"collection":[{"href":"https:\/\/polowiec.pl\/en\/wp-json\/wp\/v2\/posts"}],"about":[{"href":"https:\/\/polowiec.pl\/en\/wp-json\/wp\/v2\/types\/post"}],"author":[{"embeddable":true,"href":"https:\/\/polowiec.pl\/en\/wp-json\/wp\/v2\/users\/2"}],"replies":[{"embeddable":true,"href":"https:\/\/polowiec.pl\/en\/wp-json\/wp\/v2\/comments?post=482"}],"version-history":[{"count":0,"href":"https:\/\/polowiec.pl\/en\/wp-json\/wp\/v2\/posts\/482\/revisions"}],"wp:attachment":[{"href":"https:\/\/polowiec.pl\/en\/wp-json\/wp\/v2\/media?parent=482"}],"wp:term":[{"taxonomy":"category","embeddable":true,"href":"https:\/\/polowiec.pl\/en\/wp-json\/wp\/v2\/categories?post=482"},{"taxonomy":"post_tag","embeddable":true,"href":"https:\/\/polowiec.pl\/en\/wp-json\/wp\/v2\/tags?post=482"}],"curies":[{"name":"wp","href":"https:\/\/api.w.org\/{rel}","templated":true}]}}