{"id":484,"date":"2013-08-23T10:04:57","date_gmt":"2013-08-23T08:04:57","guid":{"rendered":"https:\/\/nowa.polowiec.pl\/legal-bulletin-of-the-law-office-of-adam-polowiec-15-22-juli-2013-r\/"},"modified":"2018-10-11T10:43:00","modified_gmt":"2018-10-11T08:43:00","slug":"legal-bulletin-of-the-law-office-of-adam-polowiec-15-22-juli-2013-r","status":"publish","type":"post","link":"https:\/\/polowiec.pl\/en\/legal-bulletin-of-the-law-office-of-adam-polowiec-15-22-juli-2013-r\/","title":{"rendered":"Legal Bulletin Of The Law Office Of Adam Polowiec (15 \u2013 22 juli 2013 r.)"},"content":{"rendered":"<p>We would like to present the next issue of legal bulletin of the Law Office of Adam Polowiec.<br \/>What you will find here is some information about the new provisions of law and the projects of amendments to acts, but also case-laws including the case laws of Supreme Court, Constitutional Tribunal and European Court of Justice. <!--more--> <\/p>\n<p><strong><\/p>\n<h3 class=\"newsletter-naglowek\">Nowe Prawo<\/h3>\n<p><\/strong><\/p>\n<p><strong>PRAWO RUCHU DROGOWEGO<\/strong><\/p>\n<p><strong>Rozporz\u0105dzenie <\/strong>Ministra Transportu, Budownictwa i Gospodarki Morskiej z dnia 17\u00a0czerwca 2013 r. w sprawie okre\u015blenia dodatkowych wymaga\u0144 dotycz\u0105cych przewozu towar\u00f3w niebezpiecznych statkami niepodlegaj\u0105cymi konwencji SOLAS (Dz. U. z 2013 r., poz. 798) \u2013 <strong>wejdzie w \u017cycie z dniem 25 lipca 2013 r.<\/strong><\/p>\n<p>\u00a0<\/p>\n<p><strong>ANTYDUMPING<\/strong><\/p>\n<p><strong>Rozporz\u0105dzenie<\/strong> Komisji Unii Europejskiej nr 638\/2013 z dnia 2 lipca 2013 r. zamykaj\u0105ce dochodzenie dotycz\u0105ce mo\u017cliwego obchodzenia \u015brodk\u00f3w antydumpingowych na\u0142o\u017conych na mocy rozporz\u0105dzenia Rady WE nr 925\/2009 na przew\u00f3z niekt\u00f3rych rodzaj\u00f3w folii aluminiowej pochodz\u0105cych z Chi\u0144skiej Republiki Ludowej w drodze przewozu niekt\u00f3rych rodzaj\u00f3w niewy\u017carzonej folii aluminiowej w rolkach o szeroko\u015bci przekraczaj\u0105cej 650\u00a0mm, pochodz\u0105cych z Chi\u0144skiej Republiki Ludowej (Dz.\u00a0UE\u00a0z\u00a03.07.2013 r., nr L 184) \u00a0\u2013 <strong>wesz\u0142o w \u017cycie z dniem 4 lipca 2013 r. Wi\u0105\u017c\u0105ce w ca\u0142o\u015bci i jest bezpo\u015brednio stosowane we wszystkich pa\u0144stwach cz\u0142onkowskich Unii Europejskiej<\/strong>.<\/p>\n<p>\u00a0<\/p>\n<p><strong>NOMENKLATURA SCALONA<\/strong><\/p>\n<p><strong>Rozporz\u0105dzenie <\/strong>wykonawcze Komisji Unii Europejskiej nr 641\/2013 z\u00a024\u00a0czerwca\u00a02013\u00a0r. dotycz\u0105ce klasyfikacji niekt\u00f3rych towar\u00f3w wed\u0142ug Nomenklatury Scalonej (Dz. UE\u00a0z\u00a05.07.2013 r., nr L 186)\u00a0 \u2013 <strong>wesz\u0142o w \u017cycie z dniem 25 lipca 2013 r. Wi\u0105\u017c\u0105ce w ca\u0142o\u015bci i jest bezpo\u015brednio stosowane we wszystkich pa\u0144stwach cz\u0142onkowskich Unii Europejskiej<\/strong>.<\/p>\n<p>\u00a0<\/p>\n<p><strong><\/p>\n<h3 class=\"newsletter-naglowek\">Orzecznictwo<\/h3>\n<p><\/strong><\/p>\n<p><strong>Trybuna\u0142 Konstytucyjny; Trybuna\u0142 Sprawiedliwo\u015bci Unii Europejskiej<\/strong><\/p>\n<p><strong>WYMIAR EMERYTURY<\/strong><\/p>\n<p>Prawo do zabezpieczenia spo\u0142ecznego okre\u015blone w art. 67 ust. 1 Konstytucji gwarantuje ka\u017cdemu obywatelowi \u015bwiadczenie na wypadek niezdolno\u015bci do pracy ze wzgl\u0119du na\u00a0chorob\u0119 lub inwalidztwo po osi\u0105gni\u0119ciu wieku emerytalnego. Niemniej wyliczenie w\u00a0art. 67 nie odnosi si\u0119 do sytuacji w nim niewymienionych. Poza wskazaniem podstawowych sytuacji, w kt\u00f3rych obywatelowi musi przys\u0142ugiwa\u0107 prawo do\u00a0zabezpieczenia spo\u0142ecznego, w pozosta\u0142ym zakresie pozostawia ustawodawcy du\u017c\u0105 swobod\u0119 regulacyjn\u0105. Skar\u017c\u0105ca kwestionowa\u0142a nie tyle sam\u0105 regulacj\u0119 z zakresu zabezpieczenia spo\u0142ecznego, ile jej niepe\u0142no\u015b\u0107 polegaj\u0105c\u0105 na pomini\u0119ciu w\u00a0kwestionowanym przepisie os\u00f3b pobieraj\u0105cych wcze\u015bniejsz\u0105 emerytur\u0119 przyznan\u0105 na\u00a0podstawie rozporz\u0105dzenia z 1990 roku. W tym przypadku brak jest mo\u017cliwo\u015bci ustalenia emerytury na nowo, wed\u0142ug zasad okre\u015blonych w art. 15 ustawy o emeryturach i rentach z Funduszu Ubezpiecze\u0144 Spo\u0142ecznych, jak ma to miejsce w wypadku os\u00f3b pobieraj\u0105cych \u015bwiadczenia przedemerytalne. Trybuna\u0142 Konstytucyjny stwierdzi\u0142 przy tym, \u017ce z przepisu 67 ust. 1 Konstytucji nie da si\u0119 jednak wyprowadzi\u0107 prawa do konkretnej postaci \u015bwiadczenia na rzecz emeryt\u00f3w. W konsekwencji nie mo\u017cna wskaza\u0107 sposobu, w\u00a0jaki ustawodawca ma okre\u015bli\u0107 poszczeg\u00f3lne wymogi i zasady przyznawania \u015bwiadcze\u0144. Skar\u017c\u0105ca musia\u0142aby wykaza\u0107, \u017ce pomi\u0119dzy materi\u0105 unormowan\u0105 w zakwestionowanym przepisie a materi\u0105 pozostawion\u0105 poza przepisem zachodzi jako\u015bciowa to\u017csamo\u015b\u0107 &#8211; <strong>wyrok Trybuna\u0142u Konstytucyjnego z dnia 11 czerwca 2013 r., sygn.\u00a0akt:\u00a0SK\u00a023\/10.<\/strong><\/p>\n<p>\u00a0<\/p>\n<p><strong>RENTA SOCJALNA<\/strong><\/p>\n<p>Wymaganie przebywania w Polsce jako warunek nabycia i zachowania prawa do renty socjalnej jest niezgodne z Konstytucj\u0105 \u2013 orzek\u0142 Trybuna\u0142 Konstytucyjny. Warunek bycia obywatelem polskim, stawiany ubiegaj\u0105cym si\u0119 o prawo do renty socjalnej, jest\u00a0wystarczaj\u0105co restrykcyjny dla oceny integracji z pa\u0144stwem i spo\u0142ecze\u0144stwem polskim. Obarczanie obywateli polskich mieszkaj\u0105cych na terytorium RP dodatkowym obowi\u0105zkiem faktycznego na nim przebywania jest nadmierne i nieproporcjonalne ze\u00a0wzgl\u0119du na zasad\u0119 solidaryzmu spo\u0142ecznego, kt\u00f3rej czyni zado\u015b\u0107 w stopniu wystarczaj\u0105cym warunek zamieszkiwania na terytorium Rzeczypospolitej Polskiej. Sytuacja prawna pobieraj\u0105cych rent\u0119 socjaln\u0105 jest podobna do statusu rencist\u00f3w z tytu\u0142u niezdolno\u015bci do pracy z Funduszu Ubezpiecze\u0144 Spo\u0142ecznych. Zasadnicz\u0105 cech\u0105 wsp\u00f3ln\u0105 obu grup jest to, \u017ce s\u0105 to osoby niezdolne do pracy i nabywaj\u0105 z tego tytu\u0142u prawo do\u00a0\u015bwiadczenia ustalanego przez organ rentowy. Kwestionowany przepis, w zakresie, w\u00a0jakim ustanawia przes\u0142ank\u0119 przebywania na terytorium RP, jako warunek nabycia i\u00a0zachowania prawa do renty socjalnej, stanowi w ocenie trybuna\u0142u niedozwolone kryterium r\u00f3\u017cnicuj\u0105ce w obr\u0119bie jednej kategorii \u2013 obywateli polskich niezdolnych do\u00a0pracy. Konieczno\u015b\u0107 zamieszkiwania w Polsce nie dotyczy bowiem obywateli ubiegaj\u0105cych si\u0119 o rent\u0119 z tytu\u0142u niezdolno\u015bci do pracy &#8211; <strong>wyrok Trybuna\u0142u Konstytucyjnego z dnia 25 czerwca 2013 r., sygn. akt: P 11\/12.<\/strong><\/p>\n<p>\u00a0<\/p>\n<p><strong>OP\u0141ATA ZA WYPISY I WYRYSY<\/strong><\/p>\n<p>Trybuna\u0142 Konstytucyjny stwierdzi\u0142, \u017ce op\u0142aty za czynno\u015bci zwi\u0105zane z prowadzeniem pa\u0144stwowego zasobu geodezyjnego i kartograficznego, uzgadnianiem usytuowania projektowanych sieci uzbrojenia terenu oraz zwi\u0105zane z prowadzeniem krajowego systemu informacji o terenie, op\u0142aty za udzielanie informacji, a tak\u017ce za wykonywanie wyrys\u00f3w i wypis\u00f3w z operatu ewidencyjnego maj\u0105 charakter danin publicznych w\u00a0rozumieniu art. 217 Konstytucji. Zdaniem s\u0119dzi\u00f3w Trybuna\u0142u Konstytucyjnego na rzecz niezgodno\u015bci przepisu m\u00f3wi\u0105cego o tych op\u0142atach z konstytucj\u0105 przemawia jego og\u00f3lnikowo\u015b\u0107 powoduj\u0105ca, \u017ce daniny publiczne zosta\u0142y w pe\u0142ni uregulowane w akcie wykonawczym do ustawy. Sformu\u0142owany w zaskar\u017conym przepisie nakaz uwzgl\u0119dnienia przez w\u0142a\u015bciwego ministra \u201epotrzeb r\u00f3\u017cnych podmiot\u00f3w\u201d nie stanowi\u0142 precyzyjnego kryterium okre\u015blenia wysoko\u015bci op\u0142aty oraz metody jej obliczania lub waloryzacji. Nakazuj\u0105c organowi wydaj\u0105cemu rozporz\u0105dzenie uwzgl\u0119dni\u0107 \u201ekonieczno\u015b\u0107 zapewnienia \u015brodk\u00f3w na aktualizacj\u0119 i utrzymywanie pa\u0144stwowego zasobu geodezyjnego i\u00a0kartograficznego\u201d, prawodawca wskazywa\u0142 jedynie cel op\u0142at. Z tego nie spos\u00f3b jednak by\u0142o wyprowadzi\u0107 wytycznych odno\u015bnie do wysoko\u015bci i metody obliczania. Organowi w\u0142adzy wykonawczej pozostawiono w tym zakresie pe\u0142n\u0105 swobod\u0119 regulacyjn\u0105. Ponadto zakwestionowany przepis nie odnosi\u0142 si\u0119 te\u017c w og\u00f3le do kwestii zr\u00f3\u017cnicowania wysoko\u015bci op\u0142at z uwagi na zr\u00f3\u017cnicowanie czynno\u015bci zwi\u0105zanych z funkcjonowaniem pa\u0144stwowego zasobu geodezyjnego i kartograficznego lub zr\u00f3\u017cnicowaniem zakresu i formy udost\u0119pnianych danych i informacji &#8211; <strong>wyrok Trybuna\u0142u Konstytucyjnego z dnia 25\u00a0czerwca 2013 r., sygn. akt: K 30\/12.<\/strong><\/p>\n<p>\u00a0<\/p>\n<p><strong>ZWROT WK\u0141ADU MIESZKANIOWEGO<\/strong><\/p>\n<p>Upowa\u017cnienie sp\u00f3\u0142dzielni mieszkaniowej do uregulowania w statucie zasad rozliczenia z\u00a0tytu\u0142u zwrotu wk\u0142adu mieszkaniowego, b\u0119d\u0105cego ekwiwalentem sp\u00f3\u0142dzielczego lokatorskiego prawa do lokalu, w sytuacjach gdy samo mieszkanie nie podlega zbyciu w\u00a0drodze przetargu, jest niezgodny z Konstytucj\u0105 \u2013 orzek\u0142 Trybuna\u0142 Konstytucyjny. W\u00a0tej\u00a0sprawie podstawowe znaczenie mia\u0142o rozstrzygni\u0119cie, czy przekazanie tego rodzaju materii do uregulowania w statucie sp\u00f3\u0142dzielni mieszkaniowej by\u0142o konstytucyjnie dopuszczalne. TK udzieli\u0142 odpowiedzi negatywnej. Prawo do wk\u0142adu jest bowiem innym prawem maj\u0105tkowym, kt\u00f3rego ochrony nie gwarantuje uregulowanie w statucie. Kwestia ta powinna zosta\u0107 zapisana w ustawie. Dotyczy bowiem prawa konstytucyjnie chronionego. Brak ustawowej regulacji zasad rozliczania wk\u0142adu mieszkaniowego, gdy\u00a0lokal mieszkalny nie podlega zbyciu w drodze przetargu, oznacza przyzwolenie na\u00a0faktyczne ustalenie przez sp\u00f3\u0142dzielni\u0119 mieszkaniow\u0105 tre\u015bci prawa do wk\u0142adu mieszkaniowego i sposobu jego realizacji. Osoby nieb\u0119d\u0105ce cz\u0142onkami nie maj\u0105 bowiem wp\u0142ywu na tre\u015b\u0107 statutu. To za\u015b oznacza, \u017ce art. 8 pkt 3 ustawy narusza art. 2 Konstytucji. Umowny charakter statutu wyklucza mo\u017cliwo\u015b\u0107 kszta\u0142towania w jego tre\u015bci rozlicze\u0144 z tytu\u0142u wk\u0142adu mieszkaniowego sp\u00f3\u0142dzielni z osobami nieb\u0119d\u0105cymi stron\u0105 tej umowy, tj. z by\u0142ymi cz\u0142onkami, kt\u00f3rych sp\u00f3\u0142dzielcze lokatorskie prawo do lokalu wygas\u0142o oraz z ich spadkobiercami. Osoby takie nie maj\u0105 bowiem \u017cadnego wp\u0142ywu na tre\u015b\u0107 statutu. Nie mog\u0105 uczestniczy\u0107 w procesie jego uchwalania ani zaskar\u017cy\u0107 jego postanowie\u0144 do s\u0105du. Nie da si\u0119 wi\u0119c uzna\u0107, \u017ce zapisanie w statucie sp\u00f3\u0142dzielni mieszkaniowej zasad rozlicze\u0144 z tytu\u0142u wk\u0142adu mieszkaniowego gwarantuje im\u00a0wystarczaj\u0105c\u0105 ochron\u0119 prawa do tego wk\u0142adu. Skoro wi\u0119c prawo do wk\u0142adu mieszkaniowego jest prawem maj\u0105tkowym, to uregulowanie jego zakresu podmiotowego i przedmiotowego, w tym zasad zwrotu wniesionego wk\u0142adu mieszkaniowego, powinno nast\u0105pi\u0107 w ustawie. Skutkiem tego wyroku b\u0119dzie konieczno\u015b\u0107 nowelizacji ustawy o\u00a0sp\u00f3\u0142dzielniach mieszkaniowych &#8211; <strong>wyrok Trybuna\u0142u Konstytucyjnego z dnia 27\u00a0czerwca 2013 r., sygn. akt: K 36\/12.<\/strong><\/p>\n","protected":false},"excerpt":{"rendered":"<p>We would like to present the next issue of legal bulletin of the Law Office of Adam Polowiec.What you will find here is some information about the new provisions of law and the projects of amendments to acts, but also case-laws including the case laws of Supreme Court, Constitutional Tribunal and European Court of Justice.<\/p>\n","protected":false},"author":2,"featured_media":0,"comment_status":"closed","ping_status":"open","sticky":false,"template":"","format":"standard","meta":{"footnotes":""},"categories":[11],"tags":[],"class_list":["post-484","post","type-post","status-publish","format-standard","hentry","category-newsletters"],"featured_image_src":{"landsacpe":false,"list":false,"medium":false,"full":false},"yoast_head":"<!-- This site is optimized with the Yoast SEO plugin v27.2 - https:\/\/yoast.com\/product\/yoast-seo-wordpress\/ -->\n<title>Legal Bulletin Of The Law Office Of Adam Polowiec (15 \u2013 22 juli 2013 r.) - Polowiec i Wsp\u00f3lnicy - Kancelaria prawna<\/title>\n<meta name=\"robots\" content=\"index, follow, max-snippet:-1, max-image-preview:large, max-video-preview:-1\" \/>\n<link rel=\"canonical\" href=\"https:\/\/polowiec.pl\/en\/legal-bulletin-of-the-law-office-of-adam-polowiec-15-22-juli-2013-r\/\" \/>\n<meta property=\"og:locale\" content=\"en_US\" \/>\n<meta property=\"og:type\" content=\"article\" \/>\n<meta property=\"og:title\" content=\"Legal Bulletin Of The Law Office Of Adam Polowiec (15 \u2013 22 juli 2013 r.) - Polowiec i Wsp\u00f3lnicy - Kancelaria prawna\" \/>\n<meta property=\"og:description\" content=\"We would like to present the next issue of legal bulletin of the Law Office of Adam Polowiec.What you will find here is some information about the new provisions of law and the projects of amendments to acts, but also case-laws including the case laws of Supreme Court, Constitutional Tribunal and European Court of Justice.\" \/>\n<meta property=\"og:url\" content=\"https:\/\/polowiec.pl\/en\/legal-bulletin-of-the-law-office-of-adam-polowiec-15-22-juli-2013-r\/\" \/>\n<meta property=\"og:site_name\" content=\"Polowiec i Wsp\u00f3lnicy - Kancelaria prawna\" \/>\n<meta property=\"article:publisher\" content=\"https:\/\/www.facebook.com\/polowieciwspolnicy\/\" \/>\n<meta property=\"article:published_time\" content=\"2013-08-23T08:04:57+00:00\" \/>\n<meta property=\"article:modified_time\" content=\"2018-10-11T08:43:00+00:00\" \/>\n<meta name=\"author\" content=\"Super User\" \/>\n<meta name=\"twitter:card\" content=\"summary_large_image\" \/>\n<meta name=\"twitter:label1\" content=\"Written by\" \/>\n\t<meta name=\"twitter:data1\" content=\"Super User\" \/>\n\t<meta name=\"twitter:label2\" content=\"Est. reading time\" \/>\n\t<meta name=\"twitter:data2\" content=\"7 minutes\" \/>\n<script type=\"application\/ld+json\" class=\"yoast-schema-graph\">{\"@context\":\"https:\/\/schema.org\",\"@graph\":[{\"@type\":\"Article\",\"@id\":\"https:\/\/polowiec.pl\/en\/legal-bulletin-of-the-law-office-of-adam-polowiec-15-22-juli-2013-r\/#article\",\"isPartOf\":{\"@id\":\"https:\/\/polowiec.pl\/en\/legal-bulletin-of-the-law-office-of-adam-polowiec-15-22-juli-2013-r\/\"},\"author\":{\"name\":\"Super User\",\"@id\":\"https:\/\/polowiec.pl\/en\/#\/schema\/person\/ed8994874b775675a86115f307352d24\"},\"headline\":\"Legal Bulletin Of The Law Office Of Adam Polowiec (15 \u2013 22 juli 2013 r.)\",\"datePublished\":\"2013-08-23T08:04:57+00:00\",\"dateModified\":\"2018-10-11T08:43:00+00:00\",\"mainEntityOfPage\":{\"@id\":\"https:\/\/polowiec.pl\/en\/legal-bulletin-of-the-law-office-of-adam-polowiec-15-22-juli-2013-r\/\"},\"wordCount\":1326,\"publisher\":{\"@id\":\"https:\/\/polowiec.pl\/en\/#organization\"},\"articleSection\":[\"Newsletter\"],\"inLanguage\":\"en-US\"},{\"@type\":\"WebPage\",\"@id\":\"https:\/\/polowiec.pl\/en\/legal-bulletin-of-the-law-office-of-adam-polowiec-15-22-juli-2013-r\/\",\"url\":\"https:\/\/polowiec.pl\/en\/legal-bulletin-of-the-law-office-of-adam-polowiec-15-22-juli-2013-r\/\",\"name\":\"Legal Bulletin Of The Law Office Of Adam Polowiec (15 \u2013 22 juli 2013 r.) - Polowiec i Wsp\u00f3lnicy - Kancelaria prawna\",\"isPartOf\":{\"@id\":\"https:\/\/polowiec.pl\/en\/#website\"},\"datePublished\":\"2013-08-23T08:04:57+00:00\",\"dateModified\":\"2018-10-11T08:43:00+00:00\",\"breadcrumb\":{\"@id\":\"https:\/\/polowiec.pl\/en\/legal-bulletin-of-the-law-office-of-adam-polowiec-15-22-juli-2013-r\/#breadcrumb\"},\"inLanguage\":\"en-US\",\"potentialAction\":[{\"@type\":\"ReadAction\",\"target\":[\"https:\/\/polowiec.pl\/en\/legal-bulletin-of-the-law-office-of-adam-polowiec-15-22-juli-2013-r\/\"]}]},{\"@type\":\"BreadcrumbList\",\"@id\":\"https:\/\/polowiec.pl\/en\/legal-bulletin-of-the-law-office-of-adam-polowiec-15-22-juli-2013-r\/#breadcrumb\",\"itemListElement\":[{\"@type\":\"ListItem\",\"position\":1,\"name\":\"Strona g\u0142\u00f3wna\",\"item\":\"https:\/\/polowiec.pl\/en\/\"},{\"@type\":\"ListItem\",\"position\":2,\"name\":\"Legal Bulletin Of The Law Office Of Adam Polowiec (15 \u2013 22 juli 2013 r.)\"}]},{\"@type\":\"WebSite\",\"@id\":\"https:\/\/polowiec.pl\/en\/#website\",\"url\":\"https:\/\/polowiec.pl\/en\/\",\"name\":\"Polowiec i Wsp\u00f3lnicy - Kancelaria prawna\",\"description\":\"Obs\u0142uga prawna\",\"publisher\":{\"@id\":\"https:\/\/polowiec.pl\/en\/#organization\"},\"potentialAction\":[{\"@type\":\"SearchAction\",\"target\":{\"@type\":\"EntryPoint\",\"urlTemplate\":\"https:\/\/polowiec.pl\/en\/?s={search_term_string}\"},\"query-input\":{\"@type\":\"PropertyValueSpecification\",\"valueRequired\":true,\"valueName\":\"search_term_string\"}}],\"inLanguage\":\"en-US\"},{\"@type\":\"Organization\",\"@id\":\"https:\/\/polowiec.pl\/en\/#organization\",\"name\":\"Polowiec i Wsp\u00f3lnicy - Kancelaria prawna\",\"url\":\"https:\/\/polowiec.pl\/en\/\",\"logo\":{\"@type\":\"ImageObject\",\"inLanguage\":\"en-US\",\"@id\":\"https:\/\/polowiec.pl\/en\/#\/schema\/logo\/image\/\",\"url\":\"https:\/\/polowiec.pl\/wp-content\/uploads\/2018\/10\/polowiec_logo2-1.png\",\"contentUrl\":\"https:\/\/polowiec.pl\/wp-content\/uploads\/2018\/10\/polowiec_logo2-1.png\",\"width\":540,\"height\":381,\"caption\":\"Polowiec i Wsp\u00f3lnicy - Kancelaria prawna\"},\"image\":{\"@id\":\"https:\/\/polowiec.pl\/en\/#\/schema\/logo\/image\/\"},\"sameAs\":[\"https:\/\/www.facebook.com\/polowieciwspolnicy\/\",\"https:\/\/www.linkedin.com\/company\/polowiec-i-wsplnicy-sp.j.\/about\/\"]},{\"@type\":\"Person\",\"@id\":\"https:\/\/polowiec.pl\/en\/#\/schema\/person\/ed8994874b775675a86115f307352d24\",\"name\":\"Super User\",\"image\":{\"@type\":\"ImageObject\",\"inLanguage\":\"en-US\",\"@id\":\"https:\/\/secure.gravatar.com\/avatar\/e759b874f0fa459bd87c83ff47148fc5718f86d9459564657124e571997afbf7?s=96&d=mm&r=g\",\"url\":\"https:\/\/secure.gravatar.com\/avatar\/e759b874f0fa459bd87c83ff47148fc5718f86d9459564657124e571997afbf7?s=96&d=mm&r=g\",\"contentUrl\":\"https:\/\/secure.gravatar.com\/avatar\/e759b874f0fa459bd87c83ff47148fc5718f86d9459564657124e571997afbf7?s=96&d=mm&r=g\",\"caption\":\"Super User\"}}]}<\/script>\n<!-- \/ Yoast SEO plugin. -->","yoast_head_json":{"title":"Legal Bulletin Of The Law Office Of Adam Polowiec (15 \u2013 22 juli 2013 r.) - Polowiec i Wsp\u00f3lnicy - Kancelaria prawna","robots":{"index":"index","follow":"follow","max-snippet":"max-snippet:-1","max-image-preview":"max-image-preview:large","max-video-preview":"max-video-preview:-1"},"canonical":"https:\/\/polowiec.pl\/en\/legal-bulletin-of-the-law-office-of-adam-polowiec-15-22-juli-2013-r\/","og_locale":"en_US","og_type":"article","og_title":"Legal Bulletin Of The Law Office Of Adam Polowiec (15 \u2013 22 juli 2013 r.) - Polowiec i Wsp\u00f3lnicy - Kancelaria prawna","og_description":"We would like to present the next issue of legal bulletin of the Law Office of Adam Polowiec.What you will find here is some information about the new provisions of law and the projects of amendments to acts, but also case-laws including the case laws of Supreme Court, Constitutional Tribunal and European Court of Justice.","og_url":"https:\/\/polowiec.pl\/en\/legal-bulletin-of-the-law-office-of-adam-polowiec-15-22-juli-2013-r\/","og_site_name":"Polowiec i Wsp\u00f3lnicy - Kancelaria prawna","article_publisher":"https:\/\/www.facebook.com\/polowieciwspolnicy\/","article_published_time":"2013-08-23T08:04:57+00:00","article_modified_time":"2018-10-11T08:43:00+00:00","author":"Super User","twitter_card":"summary_large_image","twitter_misc":{"Written by":"Super User","Est. reading time":"7 minutes"},"schema":{"@context":"https:\/\/schema.org","@graph":[{"@type":"Article","@id":"https:\/\/polowiec.pl\/en\/legal-bulletin-of-the-law-office-of-adam-polowiec-15-22-juli-2013-r\/#article","isPartOf":{"@id":"https:\/\/polowiec.pl\/en\/legal-bulletin-of-the-law-office-of-adam-polowiec-15-22-juli-2013-r\/"},"author":{"name":"Super User","@id":"https:\/\/polowiec.pl\/en\/#\/schema\/person\/ed8994874b775675a86115f307352d24"},"headline":"Legal Bulletin Of The Law Office Of Adam Polowiec (15 \u2013 22 juli 2013 r.)","datePublished":"2013-08-23T08:04:57+00:00","dateModified":"2018-10-11T08:43:00+00:00","mainEntityOfPage":{"@id":"https:\/\/polowiec.pl\/en\/legal-bulletin-of-the-law-office-of-adam-polowiec-15-22-juli-2013-r\/"},"wordCount":1326,"publisher":{"@id":"https:\/\/polowiec.pl\/en\/#organization"},"articleSection":["Newsletter"],"inLanguage":"en-US"},{"@type":"WebPage","@id":"https:\/\/polowiec.pl\/en\/legal-bulletin-of-the-law-office-of-adam-polowiec-15-22-juli-2013-r\/","url":"https:\/\/polowiec.pl\/en\/legal-bulletin-of-the-law-office-of-adam-polowiec-15-22-juli-2013-r\/","name":"Legal Bulletin Of The Law Office Of Adam Polowiec (15 \u2013 22 juli 2013 r.) - Polowiec i Wsp\u00f3lnicy - Kancelaria prawna","isPartOf":{"@id":"https:\/\/polowiec.pl\/en\/#website"},"datePublished":"2013-08-23T08:04:57+00:00","dateModified":"2018-10-11T08:43:00+00:00","breadcrumb":{"@id":"https:\/\/polowiec.pl\/en\/legal-bulletin-of-the-law-office-of-adam-polowiec-15-22-juli-2013-r\/#breadcrumb"},"inLanguage":"en-US","potentialAction":[{"@type":"ReadAction","target":["https:\/\/polowiec.pl\/en\/legal-bulletin-of-the-law-office-of-adam-polowiec-15-22-juli-2013-r\/"]}]},{"@type":"BreadcrumbList","@id":"https:\/\/polowiec.pl\/en\/legal-bulletin-of-the-law-office-of-adam-polowiec-15-22-juli-2013-r\/#breadcrumb","itemListElement":[{"@type":"ListItem","position":1,"name":"Strona g\u0142\u00f3wna","item":"https:\/\/polowiec.pl\/en\/"},{"@type":"ListItem","position":2,"name":"Legal Bulletin Of The Law Office Of Adam Polowiec (15 \u2013 22 juli 2013 r.)"}]},{"@type":"WebSite","@id":"https:\/\/polowiec.pl\/en\/#website","url":"https:\/\/polowiec.pl\/en\/","name":"Polowiec i Wsp\u00f3lnicy - Kancelaria prawna","description":"Obs\u0142uga prawna","publisher":{"@id":"https:\/\/polowiec.pl\/en\/#organization"},"potentialAction":[{"@type":"SearchAction","target":{"@type":"EntryPoint","urlTemplate":"https:\/\/polowiec.pl\/en\/?s={search_term_string}"},"query-input":{"@type":"PropertyValueSpecification","valueRequired":true,"valueName":"search_term_string"}}],"inLanguage":"en-US"},{"@type":"Organization","@id":"https:\/\/polowiec.pl\/en\/#organization","name":"Polowiec i Wsp\u00f3lnicy - Kancelaria prawna","url":"https:\/\/polowiec.pl\/en\/","logo":{"@type":"ImageObject","inLanguage":"en-US","@id":"https:\/\/polowiec.pl\/en\/#\/schema\/logo\/image\/","url":"https:\/\/polowiec.pl\/wp-content\/uploads\/2018\/10\/polowiec_logo2-1.png","contentUrl":"https:\/\/polowiec.pl\/wp-content\/uploads\/2018\/10\/polowiec_logo2-1.png","width":540,"height":381,"caption":"Polowiec i Wsp\u00f3lnicy - Kancelaria prawna"},"image":{"@id":"https:\/\/polowiec.pl\/en\/#\/schema\/logo\/image\/"},"sameAs":["https:\/\/www.facebook.com\/polowieciwspolnicy\/","https:\/\/www.linkedin.com\/company\/polowiec-i-wsplnicy-sp.j.\/about\/"]},{"@type":"Person","@id":"https:\/\/polowiec.pl\/en\/#\/schema\/person\/ed8994874b775675a86115f307352d24","name":"Super User","image":{"@type":"ImageObject","inLanguage":"en-US","@id":"https:\/\/secure.gravatar.com\/avatar\/e759b874f0fa459bd87c83ff47148fc5718f86d9459564657124e571997afbf7?s=96&d=mm&r=g","url":"https:\/\/secure.gravatar.com\/avatar\/e759b874f0fa459bd87c83ff47148fc5718f86d9459564657124e571997afbf7?s=96&d=mm&r=g","contentUrl":"https:\/\/secure.gravatar.com\/avatar\/e759b874f0fa459bd87c83ff47148fc5718f86d9459564657124e571997afbf7?s=96&d=mm&r=g","caption":"Super User"}}]}},"_links":{"self":[{"href":"https:\/\/polowiec.pl\/en\/wp-json\/wp\/v2\/posts\/484","targetHints":{"allow":["GET"]}}],"collection":[{"href":"https:\/\/polowiec.pl\/en\/wp-json\/wp\/v2\/posts"}],"about":[{"href":"https:\/\/polowiec.pl\/en\/wp-json\/wp\/v2\/types\/post"}],"author":[{"embeddable":true,"href":"https:\/\/polowiec.pl\/en\/wp-json\/wp\/v2\/users\/2"}],"replies":[{"embeddable":true,"href":"https:\/\/polowiec.pl\/en\/wp-json\/wp\/v2\/comments?post=484"}],"version-history":[{"count":0,"href":"https:\/\/polowiec.pl\/en\/wp-json\/wp\/v2\/posts\/484\/revisions"}],"wp:attachment":[{"href":"https:\/\/polowiec.pl\/en\/wp-json\/wp\/v2\/media?parent=484"}],"wp:term":[{"taxonomy":"category","embeddable":true,"href":"https:\/\/polowiec.pl\/en\/wp-json\/wp\/v2\/categories?post=484"},{"taxonomy":"post_tag","embeddable":true,"href":"https:\/\/polowiec.pl\/en\/wp-json\/wp\/v2\/tags?post=484"}],"curies":[{"name":"wp","href":"https:\/\/api.w.org\/{rel}","templated":true}]}}