{"id":485,"date":"2013-08-23T10:07:53","date_gmt":"2013-08-23T08:07:53","guid":{"rendered":"https:\/\/nowa.polowiec.pl\/legal-bulletin-of-the-law-office-of-adam-polowiec-29-juli-4-august-2013-r\/"},"modified":"2018-10-11T10:43:00","modified_gmt":"2018-10-11T08:43:00","slug":"legal-bulletin-of-the-law-office-of-adam-polowiec-29-juli-4-august-2013-r","status":"publish","type":"post","link":"https:\/\/polowiec.pl\/en\/legal-bulletin-of-the-law-office-of-adam-polowiec-29-juli-4-august-2013-r\/","title":{"rendered":"Legal Bulletin Of The Law Office Of Adam Polowiec (29 juli &#8211; 4 august 2013 r.)"},"content":{"rendered":"<p>We would like to present the next issue of legal bulletin of the Law Office of Adam Polowiec.<br \/>What you will find here is some information about the new provisions of law and the projects of amendments to acts, but also case-laws including the case laws of Supreme Court, Constitutional Tribunal and European Court of Justice. <!--more--> <\/p>\n<p><strong><\/p>\n<h3 class=\"newsletter-naglowek\">Nowe Prawo<\/h3>\n<p><\/strong><\/p>\n<p><strong>OCHRONA ZDROWIA<\/strong><\/p>\n<p><strong>Rozporz\u0105dzenie<\/strong> Ministra Zdrowia z dnia 10 lipca 2013 r. w sprawie zg\u0142osze\u0144 podejrzenia lub rozpoznania zaka\u017cenia, choroby zaka\u017anej lub zgonu z powodu zaka\u017cenia lub choroby zaka\u017anej (Dz. U. z 2013 r., poz. 848) \u2013 <strong>wejdzie w \u017cycie z dniem 14\u00a0sierpnia 2013 r.<\/strong><\/p>\n<p><strong>Rozporz\u0105dzenie<\/strong> Ministra Rolnictwa i Rozwoju Wsi z dnia 24 czerwca 2013 r. zmieniaj\u0105ce rozporz\u0105dzenie w sprawie wykazu chor\u00f3b zaka\u017anych zwierz\u0105t podlegaj\u0105cych notyfikacji w Unii Europejskiej oraz zakresu, sposobu i termin\u00f3w przekazywania informacji o tych chorobach (Dz. U. z 2013 r., poz. 850) \u2013 <strong>wejdzie w \u017cycie z dniem 10\u00a0sierpnia 2013 r.<\/strong><\/p>\n<p>\u00a0<\/p>\n<p><strong>POST\u0118POWANIE CYWILNE<\/strong><\/p>\n<p><strong>Rozporz\u0105dzenie<\/strong> Ministra Sprawiedliwo\u015bci z dnia 18 lipca 2013 r. zmieniaj\u0105ce rozporz\u0105dzenie w sprawie okre\u015blenia brzmienia klauzuli wykonalno\u015bci (Dz. U. z 2013 r., poz. 859) \u2013 <strong>wejdzie w \u017cycie z dniem 14 sierpnia 2013 r.<\/strong><\/p>\n<p>W rozporz\u0105dzeniu Ministra Sprawiedliwo\u015bci z dnia 5 kwietnia 2012 r. w sprawie okre\u015blenia brzmienia klauzuli wykonalno\u015bci (Dz. U. z 2012 r., poz. 443) zosta\u0142 dodany \u00a721.<\/p>\n<p>\u00a0<\/p>\n<p><strong>KODEKS KARNY<\/strong><\/p>\n<p><strong>Ustawa<\/strong> z dnia 13 czerwca 2013 r. o zmianie ustawy &#8211; Kodeks karny oraz ustawy &#8211; Kodeks post\u0119powania karnego (Dz. U. z 2013 r., poz. 849) \u2013 <strong>wejdzie w \u017cycie z dniem 27 stycznia 2014 r.<\/strong><\/p>\n<p>W ustawie z dnia 6 czerwca 1997 r. &#8211; Kodeks karny (Dz. U. z 1997 r., nr 88, poz. 553 z\u00a0p\u00f3\u017an. zm.) zosta\u0142 uchylony art. 205.<\/p>\n<p>W ustawie z dnia 6 czerwca 1997 r. &#8211; Kodeks post\u0119powania karnego (Dz. U. z 1997 r., nr\u00a089, poz. 555 z p\u00f3\u017an. zm.) uleg\u0142o zmianie brzmienie art. 12, art. 147, art. 185a, art.\u00a0185b, zosta\u0142y dodane art. 185c, art. 185d.<\/p>\n<p>\u00a0<\/p>\n<p><strong><\/p>\n<h3 class=\"newsletter-naglowek\">Orzecznictwo<\/h3>\n<p><\/strong><\/p>\n<p><strong>Trybuna\u0142 Konstytucyjny; Trybuna\u0142 Sprawiedliwo\u015bci Unii Europejskiej<\/strong><\/p>\n<p>\u00a0<\/p>\n<p><strong>KOREKTY VAT<\/strong><\/p>\n<p>Pozbawienie podatnik\u00f3w podatku od towar\u00f3w i us\u0142ug uprawnienia do dokonania korekty deklaracji jest zgodne z Konstytucj\u0105. S\u0119dziowie Trybuna\u0142u Konstytucyjnego doszli do\u00a0przekonania, \u017ce nie spos\u00f3b uzna\u0107, by podmioty uprawnione do z\u0142o\u017cenia korekty deklaracji po zako\u0144czeniu kontroli podatkowej w podatkach wykorzystuj\u0105cych technik\u0119 samoobliczenia stanowi\u0142y grup\u0119 relewantn\u0105 (istotn\u0105). W konsekwencji tego odpada konstytucyjny obowi\u0105zek traktowania podmiot\u00f3w nale\u017c\u0105cych do tej grupy w spos\u00f3b r\u00f3wny. Dlatego Trybuna\u0142 Konstytucyjny uzna\u0142, \u017ce domniemanie konstytucyjno\u015bci art. 81b \u00a73 Ordynacji podatkowej nie zosta\u0142o obalone &#8211; <strong>wyrok Trybuna\u0142u Konstytucyjnego z\u00a0dnia 4\u00a0lipca 2013 r., sygn. akt: P 7\/10.<\/strong><\/p>\n<p>\u00a0<\/p>\n<p><strong>WYMIAR EMERYTURY<\/strong><\/p>\n<p>Prawo do zabezpieczenia spo\u0142ecznego okre\u015blone w art. 67 ust. 1 Konstytucji gwarantuje ka\u017cdemu obywatelowi \u015bwiadczenie na wypadek niezdolno\u015bci do pracy ze wzgl\u0119du na\u00a0chorob\u0119 lub inwalidztwo po osi\u0105gni\u0119ciu wieku emerytalnego. Wyliczenie to jest enumeratywne, co oznacza, \u017ce art. 67 nie odnosi si\u0119 do sytuacji w nim niewymienionych. Poza wskazaniem podstawowych sytuacji, w kt\u00f3rych obywatelowi musi przys\u0142ugiwa\u0107 prawo do zabezpieczenia spo\u0142ecznego, w pozosta\u0142ym zakresie pozostawia ustawodawcy du\u017c\u0105 swobod\u0119 regulacyjn\u0105. Skar\u017c\u0105ca kwestionowa\u0142a nie tyle sam\u0105 regulacj\u0119 z zakresu zabezpieczenia spo\u0142ecznego, ile jej niepe\u0142no\u015b\u0107 polegaj\u0105c\u0105 na pomini\u0119ciu w\u00a0kwestionowanym przepisie os\u00f3b pobieraj\u0105cych wcze\u015bniejsz\u0105 emerytur\u0119 przyznan\u0105 na\u00a0podstawie rozporz\u0105dzenia z 1990 roku. W tym przypadku brak jest mo\u017cliwo\u015bci ustalenia emerytury na nowo, wed\u0142ug zasad okre\u015blonych w art. 15 ustawy o emeryturach i rentach z Funduszu Ubezpiecze\u0144 Spo\u0142ecznych, jak to ma miejsce w wypadku os\u00f3b pobieraj\u0105cych \u015bwiadczenia przedemerytalne. Trybuna\u0142 Konstytucyjny stwierdzi\u0142, \u017ce\u00a0z\u00a0przepisu 67 ust. 1 Konstytucji nie da si\u0119 jednak wyprowadzi\u0107 konstytucyjnego prawa do konkretnej postaci \u015bwiadczenia na rzecz emeryt\u00f3w. W konsekwencji nie mo\u017cna wskaza\u0107 sposobu, w jaki ustawodawca powinien okre\u015bli\u0107 poszczeg\u00f3lne wymagania i\u00a0zasady przyznawania \u015bwiadcze\u0144. Skar\u017c\u0105ca musia\u0142aby wykaza\u0107, \u017ce mi\u0119dzy materi\u0105 unormowan\u0105 w zakwestionowanym przepisie a pozostawion\u0105 poza przepisem zachodzi jako\u015bciowa to\u017csamo\u015b\u0107. Skoro nie zosta\u0142o to jednak wykazane, Trybuna\u0142 Konstytucyjny uzna\u0142 kwestionowany przepis za zgodny z Konstytucj\u0105 &#8211; <strong>wyrok Trybuna\u0142u Konstytucyjnego z dnia 11 lipca 2013 r., sygn. akt: SK 16\/12.<\/strong><\/p>\n","protected":false},"excerpt":{"rendered":"<p>We would like to present the next issue of legal bulletin of the Law Office of Adam Polowiec.What you will find here is some information about the new provisions of law and the projects of amendments to acts, but also case-laws including the case laws of Supreme Court, Constitutional Tribunal and European Court of Justice.<\/p>\n","protected":false},"author":2,"featured_media":0,"comment_status":"closed","ping_status":"open","sticky":false,"template":"","format":"standard","meta":{"footnotes":""},"categories":[11],"tags":[],"class_list":["post-485","post","type-post","status-publish","format-standard","hentry","category-newsletters"],"featured_image_src":{"landsacpe":false,"list":false,"medium":false,"full":false},"yoast_head":"<!-- This site is optimized with the Yoast SEO plugin v27.2 - https:\/\/yoast.com\/product\/yoast-seo-wordpress\/ -->\n<title>Legal Bulletin Of The Law Office Of Adam Polowiec (29 juli - 4 august 2013 r.) - Polowiec i Wsp\u00f3lnicy - Kancelaria prawna<\/title>\n<meta name=\"robots\" content=\"index, follow, max-snippet:-1, max-image-preview:large, max-video-preview:-1\" \/>\n<link rel=\"canonical\" href=\"https:\/\/polowiec.pl\/en\/legal-bulletin-of-the-law-office-of-adam-polowiec-29-juli-4-august-2013-r\/\" \/>\n<meta property=\"og:locale\" content=\"en_US\" \/>\n<meta property=\"og:type\" content=\"article\" \/>\n<meta property=\"og:title\" content=\"Legal Bulletin Of The Law Office Of Adam Polowiec (29 juli - 4 august 2013 r.) - Polowiec i Wsp\u00f3lnicy - Kancelaria prawna\" \/>\n<meta property=\"og:description\" content=\"We would like to present the next issue of legal bulletin of the Law Office of Adam Polowiec.What you will find here is some information about the new provisions of law and the projects of amendments to acts, but also case-laws including the case laws of Supreme Court, Constitutional Tribunal and European Court of Justice.\" \/>\n<meta property=\"og:url\" content=\"https:\/\/polowiec.pl\/en\/legal-bulletin-of-the-law-office-of-adam-polowiec-29-juli-4-august-2013-r\/\" \/>\n<meta property=\"og:site_name\" content=\"Polowiec i Wsp\u00f3lnicy - Kancelaria prawna\" \/>\n<meta property=\"article:publisher\" content=\"https:\/\/www.facebook.com\/polowieciwspolnicy\/\" \/>\n<meta property=\"article:published_time\" content=\"2013-08-23T08:07:53+00:00\" \/>\n<meta property=\"article:modified_time\" content=\"2018-10-11T08:43:00+00:00\" \/>\n<meta name=\"author\" content=\"Super User\" \/>\n<meta name=\"twitter:card\" content=\"summary_large_image\" \/>\n<meta name=\"twitter:label1\" content=\"Written by\" \/>\n\t<meta name=\"twitter:data1\" content=\"Super User\" \/>\n\t<meta name=\"twitter:label2\" content=\"Est. reading time\" \/>\n\t<meta name=\"twitter:data2\" content=\"3 minutes\" \/>\n<script type=\"application\/ld+json\" class=\"yoast-schema-graph\">{\"@context\":\"https:\/\/schema.org\",\"@graph\":[{\"@type\":\"Article\",\"@id\":\"https:\/\/polowiec.pl\/en\/legal-bulletin-of-the-law-office-of-adam-polowiec-29-juli-4-august-2013-r\/#article\",\"isPartOf\":{\"@id\":\"https:\/\/polowiec.pl\/en\/legal-bulletin-of-the-law-office-of-adam-polowiec-29-juli-4-august-2013-r\/\"},\"author\":{\"name\":\"Super User\",\"@id\":\"https:\/\/polowiec.pl\/en\/#\/schema\/person\/ed8994874b775675a86115f307352d24\"},\"headline\":\"Legal Bulletin Of The Law Office Of Adam Polowiec (29 juli &#8211; 4 august 2013 r.)\",\"datePublished\":\"2013-08-23T08:07:53+00:00\",\"dateModified\":\"2018-10-11T08:43:00+00:00\",\"mainEntityOfPage\":{\"@id\":\"https:\/\/polowiec.pl\/en\/legal-bulletin-of-the-law-office-of-adam-polowiec-29-juli-4-august-2013-r\/\"},\"wordCount\":687,\"publisher\":{\"@id\":\"https:\/\/polowiec.pl\/en\/#organization\"},\"articleSection\":[\"Newsletter\"],\"inLanguage\":\"en-US\"},{\"@type\":\"WebPage\",\"@id\":\"https:\/\/polowiec.pl\/en\/legal-bulletin-of-the-law-office-of-adam-polowiec-29-juli-4-august-2013-r\/\",\"url\":\"https:\/\/polowiec.pl\/en\/legal-bulletin-of-the-law-office-of-adam-polowiec-29-juli-4-august-2013-r\/\",\"name\":\"Legal Bulletin Of The Law Office Of Adam Polowiec (29 juli - 4 august 2013 r.) - Polowiec i Wsp\u00f3lnicy - Kancelaria prawna\",\"isPartOf\":{\"@id\":\"https:\/\/polowiec.pl\/en\/#website\"},\"datePublished\":\"2013-08-23T08:07:53+00:00\",\"dateModified\":\"2018-10-11T08:43:00+00:00\",\"breadcrumb\":{\"@id\":\"https:\/\/polowiec.pl\/en\/legal-bulletin-of-the-law-office-of-adam-polowiec-29-juli-4-august-2013-r\/#breadcrumb\"},\"inLanguage\":\"en-US\",\"potentialAction\":[{\"@type\":\"ReadAction\",\"target\":[\"https:\/\/polowiec.pl\/en\/legal-bulletin-of-the-law-office-of-adam-polowiec-29-juli-4-august-2013-r\/\"]}]},{\"@type\":\"BreadcrumbList\",\"@id\":\"https:\/\/polowiec.pl\/en\/legal-bulletin-of-the-law-office-of-adam-polowiec-29-juli-4-august-2013-r\/#breadcrumb\",\"itemListElement\":[{\"@type\":\"ListItem\",\"position\":1,\"name\":\"Strona g\u0142\u00f3wna\",\"item\":\"https:\/\/polowiec.pl\/en\/\"},{\"@type\":\"ListItem\",\"position\":2,\"name\":\"Legal Bulletin Of The Law Office Of Adam Polowiec (29 juli &#8211; 4 august 2013 r.)\"}]},{\"@type\":\"WebSite\",\"@id\":\"https:\/\/polowiec.pl\/en\/#website\",\"url\":\"https:\/\/polowiec.pl\/en\/\",\"name\":\"Polowiec i Wsp\u00f3lnicy - Kancelaria prawna\",\"description\":\"Obs\u0142uga prawna\",\"publisher\":{\"@id\":\"https:\/\/polowiec.pl\/en\/#organization\"},\"potentialAction\":[{\"@type\":\"SearchAction\",\"target\":{\"@type\":\"EntryPoint\",\"urlTemplate\":\"https:\/\/polowiec.pl\/en\/?s={search_term_string}\"},\"query-input\":{\"@type\":\"PropertyValueSpecification\",\"valueRequired\":true,\"valueName\":\"search_term_string\"}}],\"inLanguage\":\"en-US\"},{\"@type\":\"Organization\",\"@id\":\"https:\/\/polowiec.pl\/en\/#organization\",\"name\":\"Polowiec i Wsp\u00f3lnicy - Kancelaria prawna\",\"url\":\"https:\/\/polowiec.pl\/en\/\",\"logo\":{\"@type\":\"ImageObject\",\"inLanguage\":\"en-US\",\"@id\":\"https:\/\/polowiec.pl\/en\/#\/schema\/logo\/image\/\",\"url\":\"https:\/\/polowiec.pl\/wp-content\/uploads\/2018\/10\/polowiec_logo2-1.png\",\"contentUrl\":\"https:\/\/polowiec.pl\/wp-content\/uploads\/2018\/10\/polowiec_logo2-1.png\",\"width\":540,\"height\":381,\"caption\":\"Polowiec i Wsp\u00f3lnicy - Kancelaria prawna\"},\"image\":{\"@id\":\"https:\/\/polowiec.pl\/en\/#\/schema\/logo\/image\/\"},\"sameAs\":[\"https:\/\/www.facebook.com\/polowieciwspolnicy\/\",\"https:\/\/www.linkedin.com\/company\/polowiec-i-wsplnicy-sp.j.\/about\/\"]},{\"@type\":\"Person\",\"@id\":\"https:\/\/polowiec.pl\/en\/#\/schema\/person\/ed8994874b775675a86115f307352d24\",\"name\":\"Super User\",\"image\":{\"@type\":\"ImageObject\",\"inLanguage\":\"en-US\",\"@id\":\"https:\/\/secure.gravatar.com\/avatar\/e759b874f0fa459bd87c83ff47148fc5718f86d9459564657124e571997afbf7?s=96&d=mm&r=g\",\"url\":\"https:\/\/secure.gravatar.com\/avatar\/e759b874f0fa459bd87c83ff47148fc5718f86d9459564657124e571997afbf7?s=96&d=mm&r=g\",\"contentUrl\":\"https:\/\/secure.gravatar.com\/avatar\/e759b874f0fa459bd87c83ff47148fc5718f86d9459564657124e571997afbf7?s=96&d=mm&r=g\",\"caption\":\"Super User\"}}]}<\/script>\n<!-- \/ Yoast SEO plugin. -->","yoast_head_json":{"title":"Legal Bulletin Of The Law Office Of Adam Polowiec (29 juli - 4 august 2013 r.) - Polowiec i Wsp\u00f3lnicy - Kancelaria prawna","robots":{"index":"index","follow":"follow","max-snippet":"max-snippet:-1","max-image-preview":"max-image-preview:large","max-video-preview":"max-video-preview:-1"},"canonical":"https:\/\/polowiec.pl\/en\/legal-bulletin-of-the-law-office-of-adam-polowiec-29-juli-4-august-2013-r\/","og_locale":"en_US","og_type":"article","og_title":"Legal Bulletin Of The Law Office Of Adam Polowiec (29 juli - 4 august 2013 r.) - Polowiec i Wsp\u00f3lnicy - Kancelaria prawna","og_description":"We would like to present the next issue of legal bulletin of the Law Office of Adam Polowiec.What you will find here is some information about the new provisions of law and the projects of amendments to acts, but also case-laws including the case laws of Supreme Court, Constitutional Tribunal and European Court of Justice.","og_url":"https:\/\/polowiec.pl\/en\/legal-bulletin-of-the-law-office-of-adam-polowiec-29-juli-4-august-2013-r\/","og_site_name":"Polowiec i Wsp\u00f3lnicy - Kancelaria prawna","article_publisher":"https:\/\/www.facebook.com\/polowieciwspolnicy\/","article_published_time":"2013-08-23T08:07:53+00:00","article_modified_time":"2018-10-11T08:43:00+00:00","author":"Super User","twitter_card":"summary_large_image","twitter_misc":{"Written by":"Super User","Est. reading time":"3 minutes"},"schema":{"@context":"https:\/\/schema.org","@graph":[{"@type":"Article","@id":"https:\/\/polowiec.pl\/en\/legal-bulletin-of-the-law-office-of-adam-polowiec-29-juli-4-august-2013-r\/#article","isPartOf":{"@id":"https:\/\/polowiec.pl\/en\/legal-bulletin-of-the-law-office-of-adam-polowiec-29-juli-4-august-2013-r\/"},"author":{"name":"Super User","@id":"https:\/\/polowiec.pl\/en\/#\/schema\/person\/ed8994874b775675a86115f307352d24"},"headline":"Legal Bulletin Of The Law Office Of Adam Polowiec (29 juli &#8211; 4 august 2013 r.)","datePublished":"2013-08-23T08:07:53+00:00","dateModified":"2018-10-11T08:43:00+00:00","mainEntityOfPage":{"@id":"https:\/\/polowiec.pl\/en\/legal-bulletin-of-the-law-office-of-adam-polowiec-29-juli-4-august-2013-r\/"},"wordCount":687,"publisher":{"@id":"https:\/\/polowiec.pl\/en\/#organization"},"articleSection":["Newsletter"],"inLanguage":"en-US"},{"@type":"WebPage","@id":"https:\/\/polowiec.pl\/en\/legal-bulletin-of-the-law-office-of-adam-polowiec-29-juli-4-august-2013-r\/","url":"https:\/\/polowiec.pl\/en\/legal-bulletin-of-the-law-office-of-adam-polowiec-29-juli-4-august-2013-r\/","name":"Legal Bulletin Of The Law Office Of Adam Polowiec (29 juli - 4 august 2013 r.) - Polowiec i Wsp\u00f3lnicy - Kancelaria prawna","isPartOf":{"@id":"https:\/\/polowiec.pl\/en\/#website"},"datePublished":"2013-08-23T08:07:53+00:00","dateModified":"2018-10-11T08:43:00+00:00","breadcrumb":{"@id":"https:\/\/polowiec.pl\/en\/legal-bulletin-of-the-law-office-of-adam-polowiec-29-juli-4-august-2013-r\/#breadcrumb"},"inLanguage":"en-US","potentialAction":[{"@type":"ReadAction","target":["https:\/\/polowiec.pl\/en\/legal-bulletin-of-the-law-office-of-adam-polowiec-29-juli-4-august-2013-r\/"]}]},{"@type":"BreadcrumbList","@id":"https:\/\/polowiec.pl\/en\/legal-bulletin-of-the-law-office-of-adam-polowiec-29-juli-4-august-2013-r\/#breadcrumb","itemListElement":[{"@type":"ListItem","position":1,"name":"Strona g\u0142\u00f3wna","item":"https:\/\/polowiec.pl\/en\/"},{"@type":"ListItem","position":2,"name":"Legal Bulletin Of The Law Office Of Adam Polowiec (29 juli &#8211; 4 august 2013 r.)"}]},{"@type":"WebSite","@id":"https:\/\/polowiec.pl\/en\/#website","url":"https:\/\/polowiec.pl\/en\/","name":"Polowiec i Wsp\u00f3lnicy - Kancelaria prawna","description":"Obs\u0142uga prawna","publisher":{"@id":"https:\/\/polowiec.pl\/en\/#organization"},"potentialAction":[{"@type":"SearchAction","target":{"@type":"EntryPoint","urlTemplate":"https:\/\/polowiec.pl\/en\/?s={search_term_string}"},"query-input":{"@type":"PropertyValueSpecification","valueRequired":true,"valueName":"search_term_string"}}],"inLanguage":"en-US"},{"@type":"Organization","@id":"https:\/\/polowiec.pl\/en\/#organization","name":"Polowiec i Wsp\u00f3lnicy - Kancelaria prawna","url":"https:\/\/polowiec.pl\/en\/","logo":{"@type":"ImageObject","inLanguage":"en-US","@id":"https:\/\/polowiec.pl\/en\/#\/schema\/logo\/image\/","url":"https:\/\/polowiec.pl\/wp-content\/uploads\/2018\/10\/polowiec_logo2-1.png","contentUrl":"https:\/\/polowiec.pl\/wp-content\/uploads\/2018\/10\/polowiec_logo2-1.png","width":540,"height":381,"caption":"Polowiec i Wsp\u00f3lnicy - Kancelaria prawna"},"image":{"@id":"https:\/\/polowiec.pl\/en\/#\/schema\/logo\/image\/"},"sameAs":["https:\/\/www.facebook.com\/polowieciwspolnicy\/","https:\/\/www.linkedin.com\/company\/polowiec-i-wsplnicy-sp.j.\/about\/"]},{"@type":"Person","@id":"https:\/\/polowiec.pl\/en\/#\/schema\/person\/ed8994874b775675a86115f307352d24","name":"Super User","image":{"@type":"ImageObject","inLanguage":"en-US","@id":"https:\/\/secure.gravatar.com\/avatar\/e759b874f0fa459bd87c83ff47148fc5718f86d9459564657124e571997afbf7?s=96&d=mm&r=g","url":"https:\/\/secure.gravatar.com\/avatar\/e759b874f0fa459bd87c83ff47148fc5718f86d9459564657124e571997afbf7?s=96&d=mm&r=g","contentUrl":"https:\/\/secure.gravatar.com\/avatar\/e759b874f0fa459bd87c83ff47148fc5718f86d9459564657124e571997afbf7?s=96&d=mm&r=g","caption":"Super User"}}]}},"_links":{"self":[{"href":"https:\/\/polowiec.pl\/en\/wp-json\/wp\/v2\/posts\/485","targetHints":{"allow":["GET"]}}],"collection":[{"href":"https:\/\/polowiec.pl\/en\/wp-json\/wp\/v2\/posts"}],"about":[{"href":"https:\/\/polowiec.pl\/en\/wp-json\/wp\/v2\/types\/post"}],"author":[{"embeddable":true,"href":"https:\/\/polowiec.pl\/en\/wp-json\/wp\/v2\/users\/2"}],"replies":[{"embeddable":true,"href":"https:\/\/polowiec.pl\/en\/wp-json\/wp\/v2\/comments?post=485"}],"version-history":[{"count":0,"href":"https:\/\/polowiec.pl\/en\/wp-json\/wp\/v2\/posts\/485\/revisions"}],"wp:attachment":[{"href":"https:\/\/polowiec.pl\/en\/wp-json\/wp\/v2\/media?parent=485"}],"wp:term":[{"taxonomy":"category","embeddable":true,"href":"https:\/\/polowiec.pl\/en\/wp-json\/wp\/v2\/categories?post=485"},{"taxonomy":"post_tag","embeddable":true,"href":"https:\/\/polowiec.pl\/en\/wp-json\/wp\/v2\/tags?post=485"}],"curies":[{"name":"wp","href":"https:\/\/api.w.org\/{rel}","templated":true}]}}