{"id":487,"date":"2013-09-09T21:21:17","date_gmt":"2013-09-09T19:21:17","guid":{"rendered":"https:\/\/nowa.polowiec.pl\/legal-bulletin-of-the-law-office-of-adam-polowiec-12-19-august-2013-r\/"},"modified":"2018-10-11T10:43:00","modified_gmt":"2018-10-11T08:43:00","slug":"legal-bulletin-of-the-law-office-of-adam-polowiec-12-19-august-2013-r","status":"publish","type":"post","link":"https:\/\/polowiec.pl\/en\/legal-bulletin-of-the-law-office-of-adam-polowiec-12-19-august-2013-r\/","title":{"rendered":"Legal Bulletin Of The Law Office Of Adam Polowiec (12 &#8211; 19 august 2013 r.)"},"content":{"rendered":"<p>We would like to present the next issue of legal bulletin of the Law Office of Adam Polowiec.<br \/>What you will find here is some information about the new provisions of law and the projects of amendments to acts, but also case-laws including the case laws of Supreme Court, Constitutional Tribunal and European Court of Justice. <!--more--> <\/p>\n<p><strong><\/p>\n<h3 class=\"newsletter-naglowek\">Nowe Prawo<\/h3>\n<p><\/strong><\/p>\n<p><strong>POST\u0118POWANIE CYWILNE<\/strong><\/p>\n<p><strong>Rozporz\u0105dzenie<\/strong> Ministra Sprawiedliwo\u015bci z dnia 18 lipca 2013 r. zmieniaj\u0105ce rozporz\u0105dzenie w sprawie okre\u015blenia brzmienia klauzuli wykonalno\u015bci (Dz. U. z 2013 r., poz. 859) \u2013 <strong>wesz\u0142o w \u017cycie z dniem 14 sierpnia 2013 r.<\/strong><\/p>\n<p>W\u00a0rozporz\u0105dzeniu\u00a0Ministra Sprawiedliwo\u015bci z dnia 5 kwietnia 2012 r. w sprawie okre\u015blenia brzmienia klauzuli wykonalno\u015bci (Dz. U. poz. 443) zosta\u0142 dodany\u00a0\u00a7 21.<\/p>\n<p>\u00a0<\/p>\n<p><strong>TRANSPORT DROGOWY<\/strong><\/p>\n<p><strong>Ustawa<\/strong> z dnia 5 kwietnia 2013 r. o zmianie ustawy o transporcie drogowym oraz ustawy o czasie pracy kierowc\u00f3w &#8211; (Dz. U. z 2013 r., poz. 567) \u2013 <strong>wesz\u0142a w \u017cycie z dniem 15\u00a0sierpnia 2013 r., za wyj\u0105tkiem art. 1 pkt 38 lit. a, pkt 39, pkt 50 lit. c i pkt 52 lit. e oraz art. 2, kt\u00f3re wesz\u0142y w \u017cycie 16 lipca 2013 r.<\/strong><\/p>\n<p>W ustawie z dnia 6 wrze\u015bnia 2001 r. o transporcie drogowym (Dz. U. z 2012 r. poz. 1265 oraz z 2013 r. poz. 21) zmianie uleg\u0142o brzmienie: art. 4 pkt 19a, pkt 22, art. 5, art. 6 ust. 1, art. 7 , art. 8, art. 9, art. 10, art. 12-14, art. 15 ust. 1, ust. 2 zdanie drugie, ust.\u00a03, art. 16 i art. 16a,\u00a0 art. 17 ust., art. 19 ust. 2, art. 20 ust. 2, art. 21 ust. 2, art. 22 ust. 2a, art. 23 ust. 2, art. 24 ust. 1, ust. 4 pkt 1, ust. 7, art. 25 ust. 1, art. 25a ust. 1, art. 28 ust. 1 art. 28 ust. 1a, art. 28 ust. 3, art. 30 ust. 1, art. 32b ust. 2, art. 32b ust. 5 pkt 1, art. 32b ust. 5a, art. 33 ust. 6, art. 37, art. 38a, art. 39, art. 40 pkt 2, art. 41 w\u00a0ust. 1, art. 46 w ust. 1 w pkt 1 lit. a, art. 47 ust. 2, art. 47a, art. 50, art. 68 ust. 1, art. 83 ust. 1-3 , art. 84 ust. 1, art. 86 ust. 1 i 2 art. 87, art. 90, art. 92 ust. 3, art. 92c w ust. 1, art. 94a, art. 95a, za\u0142\u0105cznik nr 1, za\u0142\u0105cznik nr 2, za\u0142\u0105cznik nr 3; zosta\u0142o dodane: art. 4 pkt 21a, art. 5a-5c, art. 7a-7e, art. 11a, art. 16b, art. 19 ust. 3 i 4, art. 29\u00a0 ust. 3 i\u00a04.\u00a0<\/p>\n<p>W ustawie z dnia 16 kwietnia 2004 r. o czasie pracy kierowc\u00f3w (Dz. U. z 2012 r. poz.\u00a01155) zosta\u0142o dodane: art. 1\u00a0 pkt 1a i 1b, rozdzia\u0142 3a.<\/p>\n<p>\u00a0<\/p>\n<p><strong><\/p>\n<h3 class=\"newsletter-naglowek\">Orzecznictwo<\/h3>\n<p><\/strong><\/p>\n<p><strong>Trybuna\u0142 Konstytucyjny<\/strong><\/p>\n<p><strong>Sk\u0142adki na ubezpieczenie<\/strong><\/p>\n<p>Ustawa podwy\u017cszaj\u0105ca sk\u0142adki na ubezpieczenie rentowe z 6 do 8 proc. Podstawy wymiaru, w cz\u0119\u015bci op\u0142acanej przez pracodawc\u0119, jest zgodna z konstytucj\u0105 \u2013 orzek\u0142 TK. Jednocze\u015bnie s\u0119dziowie przyj\u0119li, \u017ce o tym, czy mamy do czynienia z ustaw\u0105 podatkow\u0105, decyduje charakter daniny publicznej, kt\u00f3rej dotyczy ustawa. Po to za\u015b by ustawa by\u0142a\u00a0podatkowa, danina publiczna musi nosi\u0107 wszelkie cechy podatku. Nie ma znaczenia nazewnictwo przyj\u0119te przez ustawodawc\u0119. Trybuna\u0142 stwierdzi\u0142, \u017ce sk\u0142adka na\u00a0ubezpieczenie rentowe w cz\u0119\u015bci op\u0142acanej przez pracodawc\u0119 nie ma charakteru podatkowego. Jest bowiem \u015bwiadczeniem wzajemnym i celowym, stanowi\u0105cym doch\u00f3d pozabud\u017cetowy podmiotu publicznego (Funduszu Ubezpiecze\u0144 Spo\u0142ecznych). Podatek i\u00a0sk\u0142adka na ubezpieczenie rentowe w cz\u0119\u015bci finansowanej przez pracodawc\u0119 to dwie r\u00f3\u017cne instytucje. Skoro sk\u0142adka na ubezpieczenie rentowe w cz\u0119\u015bci finansowanej przez pracodawc\u0119 nie jest podatkiem, to tak\u017ce ustawa wprowadzaj\u0105ca zmiany w jej wysoko\u015bci nie mo\u017ce by\u0107 uznana za podatkow\u0105. &#8211; <strong>wyrok Trybuna\u0142u Konstytucyjnego \u00a0z dnia 15\u00a0lipca 2013 r., sygn. akt: K 7\/12.<\/strong><\/p>\n","protected":false},"excerpt":{"rendered":"<p>We would like to present the next issue of legal bulletin of the Law Office of Adam Polowiec.What you will find here is some information about the new provisions of law and the projects of amendments to acts, but also case-laws including the case laws of Supreme Court, Constitutional Tribunal and European Court of Justice.<\/p>\n","protected":false},"author":2,"featured_media":0,"comment_status":"closed","ping_status":"open","sticky":false,"template":"","format":"standard","meta":{"footnotes":""},"categories":[11],"tags":[],"class_list":["post-487","post","type-post","status-publish","format-standard","hentry","category-newsletters"],"featured_image_src":{"landsacpe":false,"list":false,"medium":false,"full":false},"yoast_head":"<!-- This site is optimized with the Yoast SEO plugin v27.2 - https:\/\/yoast.com\/product\/yoast-seo-wordpress\/ -->\n<title>Legal Bulletin Of The Law Office Of Adam Polowiec (12 - 19 august 2013 r.) - Polowiec i Wsp\u00f3lnicy - Kancelaria prawna<\/title>\n<meta name=\"robots\" content=\"index, follow, max-snippet:-1, max-image-preview:large, max-video-preview:-1\" \/>\n<link rel=\"canonical\" href=\"https:\/\/polowiec.pl\/en\/legal-bulletin-of-the-law-office-of-adam-polowiec-12-19-august-2013-r\/\" \/>\n<meta property=\"og:locale\" content=\"en_US\" \/>\n<meta property=\"og:type\" content=\"article\" \/>\n<meta property=\"og:title\" content=\"Legal Bulletin Of The Law Office Of Adam Polowiec (12 - 19 august 2013 r.) - Polowiec i Wsp\u00f3lnicy - Kancelaria prawna\" \/>\n<meta property=\"og:description\" content=\"We would like to present the next issue of legal bulletin of the Law Office of Adam Polowiec.What you will find here is some information about the new provisions of law and the projects of amendments to acts, but also case-laws including the case laws of Supreme Court, Constitutional Tribunal and European Court of Justice.\" \/>\n<meta property=\"og:url\" content=\"https:\/\/polowiec.pl\/en\/legal-bulletin-of-the-law-office-of-adam-polowiec-12-19-august-2013-r\/\" \/>\n<meta property=\"og:site_name\" content=\"Polowiec i Wsp\u00f3lnicy - Kancelaria prawna\" \/>\n<meta property=\"article:publisher\" content=\"https:\/\/www.facebook.com\/polowieciwspolnicy\/\" \/>\n<meta property=\"article:published_time\" content=\"2013-09-09T19:21:17+00:00\" \/>\n<meta property=\"article:modified_time\" content=\"2018-10-11T08:43:00+00:00\" \/>\n<meta name=\"author\" content=\"Super User\" \/>\n<meta name=\"twitter:card\" content=\"summary_large_image\" \/>\n<meta name=\"twitter:label1\" content=\"Written by\" \/>\n\t<meta name=\"twitter:data1\" content=\"Super User\" \/>\n\t<meta name=\"twitter:label2\" content=\"Est. reading time\" \/>\n\t<meta name=\"twitter:data2\" content=\"3 minutes\" \/>\n<script type=\"application\/ld+json\" class=\"yoast-schema-graph\">{\"@context\":\"https:\/\/schema.org\",\"@graph\":[{\"@type\":\"Article\",\"@id\":\"https:\/\/polowiec.pl\/en\/legal-bulletin-of-the-law-office-of-adam-polowiec-12-19-august-2013-r\/#article\",\"isPartOf\":{\"@id\":\"https:\/\/polowiec.pl\/en\/legal-bulletin-of-the-law-office-of-adam-polowiec-12-19-august-2013-r\/\"},\"author\":{\"name\":\"Super User\",\"@id\":\"https:\/\/polowiec.pl\/en\/#\/schema\/person\/ed8994874b775675a86115f307352d24\"},\"headline\":\"Legal Bulletin Of The Law Office Of Adam Polowiec (12 &#8211; 19 august 2013 r.)\",\"datePublished\":\"2013-09-09T19:21:17+00:00\",\"dateModified\":\"2018-10-11T08:43:00+00:00\",\"mainEntityOfPage\":{\"@id\":\"https:\/\/polowiec.pl\/en\/legal-bulletin-of-the-law-office-of-adam-polowiec-12-19-august-2013-r\/\"},\"wordCount\":561,\"publisher\":{\"@id\":\"https:\/\/polowiec.pl\/en\/#organization\"},\"articleSection\":[\"Newsletter\"],\"inLanguage\":\"en-US\"},{\"@type\":\"WebPage\",\"@id\":\"https:\/\/polowiec.pl\/en\/legal-bulletin-of-the-law-office-of-adam-polowiec-12-19-august-2013-r\/\",\"url\":\"https:\/\/polowiec.pl\/en\/legal-bulletin-of-the-law-office-of-adam-polowiec-12-19-august-2013-r\/\",\"name\":\"Legal Bulletin Of The Law Office Of Adam Polowiec (12 - 19 august 2013 r.) - Polowiec i Wsp\u00f3lnicy - Kancelaria prawna\",\"isPartOf\":{\"@id\":\"https:\/\/polowiec.pl\/en\/#website\"},\"datePublished\":\"2013-09-09T19:21:17+00:00\",\"dateModified\":\"2018-10-11T08:43:00+00:00\",\"breadcrumb\":{\"@id\":\"https:\/\/polowiec.pl\/en\/legal-bulletin-of-the-law-office-of-adam-polowiec-12-19-august-2013-r\/#breadcrumb\"},\"inLanguage\":\"en-US\",\"potentialAction\":[{\"@type\":\"ReadAction\",\"target\":[\"https:\/\/polowiec.pl\/en\/legal-bulletin-of-the-law-office-of-adam-polowiec-12-19-august-2013-r\/\"]}]},{\"@type\":\"BreadcrumbList\",\"@id\":\"https:\/\/polowiec.pl\/en\/legal-bulletin-of-the-law-office-of-adam-polowiec-12-19-august-2013-r\/#breadcrumb\",\"itemListElement\":[{\"@type\":\"ListItem\",\"position\":1,\"name\":\"Strona g\u0142\u00f3wna\",\"item\":\"https:\/\/polowiec.pl\/en\/\"},{\"@type\":\"ListItem\",\"position\":2,\"name\":\"Legal Bulletin Of The Law Office Of Adam Polowiec (12 &#8211; 19 august 2013 r.)\"}]},{\"@type\":\"WebSite\",\"@id\":\"https:\/\/polowiec.pl\/en\/#website\",\"url\":\"https:\/\/polowiec.pl\/en\/\",\"name\":\"Polowiec i Wsp\u00f3lnicy - Kancelaria prawna\",\"description\":\"Obs\u0142uga prawna\",\"publisher\":{\"@id\":\"https:\/\/polowiec.pl\/en\/#organization\"},\"potentialAction\":[{\"@type\":\"SearchAction\",\"target\":{\"@type\":\"EntryPoint\",\"urlTemplate\":\"https:\/\/polowiec.pl\/en\/?s={search_term_string}\"},\"query-input\":{\"@type\":\"PropertyValueSpecification\",\"valueRequired\":true,\"valueName\":\"search_term_string\"}}],\"inLanguage\":\"en-US\"},{\"@type\":\"Organization\",\"@id\":\"https:\/\/polowiec.pl\/en\/#organization\",\"name\":\"Polowiec i Wsp\u00f3lnicy - Kancelaria prawna\",\"url\":\"https:\/\/polowiec.pl\/en\/\",\"logo\":{\"@type\":\"ImageObject\",\"inLanguage\":\"en-US\",\"@id\":\"https:\/\/polowiec.pl\/en\/#\/schema\/logo\/image\/\",\"url\":\"https:\/\/polowiec.pl\/wp-content\/uploads\/2018\/10\/polowiec_logo2-1.png\",\"contentUrl\":\"https:\/\/polowiec.pl\/wp-content\/uploads\/2018\/10\/polowiec_logo2-1.png\",\"width\":540,\"height\":381,\"caption\":\"Polowiec i Wsp\u00f3lnicy - Kancelaria prawna\"},\"image\":{\"@id\":\"https:\/\/polowiec.pl\/en\/#\/schema\/logo\/image\/\"},\"sameAs\":[\"https:\/\/www.facebook.com\/polowieciwspolnicy\/\",\"https:\/\/www.linkedin.com\/company\/polowiec-i-wsplnicy-sp.j.\/about\/\"]},{\"@type\":\"Person\",\"@id\":\"https:\/\/polowiec.pl\/en\/#\/schema\/person\/ed8994874b775675a86115f307352d24\",\"name\":\"Super User\",\"image\":{\"@type\":\"ImageObject\",\"inLanguage\":\"en-US\",\"@id\":\"https:\/\/secure.gravatar.com\/avatar\/e759b874f0fa459bd87c83ff47148fc5718f86d9459564657124e571997afbf7?s=96&d=mm&r=g\",\"url\":\"https:\/\/secure.gravatar.com\/avatar\/e759b874f0fa459bd87c83ff47148fc5718f86d9459564657124e571997afbf7?s=96&d=mm&r=g\",\"contentUrl\":\"https:\/\/secure.gravatar.com\/avatar\/e759b874f0fa459bd87c83ff47148fc5718f86d9459564657124e571997afbf7?s=96&d=mm&r=g\",\"caption\":\"Super User\"}}]}<\/script>\n<!-- \/ Yoast SEO plugin. -->","yoast_head_json":{"title":"Legal Bulletin Of The Law Office Of Adam Polowiec (12 - 19 august 2013 r.) - Polowiec i Wsp\u00f3lnicy - Kancelaria prawna","robots":{"index":"index","follow":"follow","max-snippet":"max-snippet:-1","max-image-preview":"max-image-preview:large","max-video-preview":"max-video-preview:-1"},"canonical":"https:\/\/polowiec.pl\/en\/legal-bulletin-of-the-law-office-of-adam-polowiec-12-19-august-2013-r\/","og_locale":"en_US","og_type":"article","og_title":"Legal Bulletin Of The Law Office Of Adam Polowiec (12 - 19 august 2013 r.) - Polowiec i Wsp\u00f3lnicy - Kancelaria prawna","og_description":"We would like to present the next issue of legal bulletin of the Law Office of Adam Polowiec.What you will find here is some information about the new provisions of law and the projects of amendments to acts, but also case-laws including the case laws of Supreme Court, Constitutional Tribunal and European Court of Justice.","og_url":"https:\/\/polowiec.pl\/en\/legal-bulletin-of-the-law-office-of-adam-polowiec-12-19-august-2013-r\/","og_site_name":"Polowiec i Wsp\u00f3lnicy - Kancelaria prawna","article_publisher":"https:\/\/www.facebook.com\/polowieciwspolnicy\/","article_published_time":"2013-09-09T19:21:17+00:00","article_modified_time":"2018-10-11T08:43:00+00:00","author":"Super User","twitter_card":"summary_large_image","twitter_misc":{"Written by":"Super User","Est. reading time":"3 minutes"},"schema":{"@context":"https:\/\/schema.org","@graph":[{"@type":"Article","@id":"https:\/\/polowiec.pl\/en\/legal-bulletin-of-the-law-office-of-adam-polowiec-12-19-august-2013-r\/#article","isPartOf":{"@id":"https:\/\/polowiec.pl\/en\/legal-bulletin-of-the-law-office-of-adam-polowiec-12-19-august-2013-r\/"},"author":{"name":"Super User","@id":"https:\/\/polowiec.pl\/en\/#\/schema\/person\/ed8994874b775675a86115f307352d24"},"headline":"Legal Bulletin Of The Law Office Of Adam Polowiec (12 &#8211; 19 august 2013 r.)","datePublished":"2013-09-09T19:21:17+00:00","dateModified":"2018-10-11T08:43:00+00:00","mainEntityOfPage":{"@id":"https:\/\/polowiec.pl\/en\/legal-bulletin-of-the-law-office-of-adam-polowiec-12-19-august-2013-r\/"},"wordCount":561,"publisher":{"@id":"https:\/\/polowiec.pl\/en\/#organization"},"articleSection":["Newsletter"],"inLanguage":"en-US"},{"@type":"WebPage","@id":"https:\/\/polowiec.pl\/en\/legal-bulletin-of-the-law-office-of-adam-polowiec-12-19-august-2013-r\/","url":"https:\/\/polowiec.pl\/en\/legal-bulletin-of-the-law-office-of-adam-polowiec-12-19-august-2013-r\/","name":"Legal Bulletin Of The Law Office Of Adam Polowiec (12 - 19 august 2013 r.) - Polowiec i Wsp\u00f3lnicy - Kancelaria prawna","isPartOf":{"@id":"https:\/\/polowiec.pl\/en\/#website"},"datePublished":"2013-09-09T19:21:17+00:00","dateModified":"2018-10-11T08:43:00+00:00","breadcrumb":{"@id":"https:\/\/polowiec.pl\/en\/legal-bulletin-of-the-law-office-of-adam-polowiec-12-19-august-2013-r\/#breadcrumb"},"inLanguage":"en-US","potentialAction":[{"@type":"ReadAction","target":["https:\/\/polowiec.pl\/en\/legal-bulletin-of-the-law-office-of-adam-polowiec-12-19-august-2013-r\/"]}]},{"@type":"BreadcrumbList","@id":"https:\/\/polowiec.pl\/en\/legal-bulletin-of-the-law-office-of-adam-polowiec-12-19-august-2013-r\/#breadcrumb","itemListElement":[{"@type":"ListItem","position":1,"name":"Strona g\u0142\u00f3wna","item":"https:\/\/polowiec.pl\/en\/"},{"@type":"ListItem","position":2,"name":"Legal Bulletin Of The Law Office Of Adam Polowiec (12 &#8211; 19 august 2013 r.)"}]},{"@type":"WebSite","@id":"https:\/\/polowiec.pl\/en\/#website","url":"https:\/\/polowiec.pl\/en\/","name":"Polowiec i Wsp\u00f3lnicy - Kancelaria prawna","description":"Obs\u0142uga prawna","publisher":{"@id":"https:\/\/polowiec.pl\/en\/#organization"},"potentialAction":[{"@type":"SearchAction","target":{"@type":"EntryPoint","urlTemplate":"https:\/\/polowiec.pl\/en\/?s={search_term_string}"},"query-input":{"@type":"PropertyValueSpecification","valueRequired":true,"valueName":"search_term_string"}}],"inLanguage":"en-US"},{"@type":"Organization","@id":"https:\/\/polowiec.pl\/en\/#organization","name":"Polowiec i Wsp\u00f3lnicy - Kancelaria prawna","url":"https:\/\/polowiec.pl\/en\/","logo":{"@type":"ImageObject","inLanguage":"en-US","@id":"https:\/\/polowiec.pl\/en\/#\/schema\/logo\/image\/","url":"https:\/\/polowiec.pl\/wp-content\/uploads\/2018\/10\/polowiec_logo2-1.png","contentUrl":"https:\/\/polowiec.pl\/wp-content\/uploads\/2018\/10\/polowiec_logo2-1.png","width":540,"height":381,"caption":"Polowiec i Wsp\u00f3lnicy - Kancelaria prawna"},"image":{"@id":"https:\/\/polowiec.pl\/en\/#\/schema\/logo\/image\/"},"sameAs":["https:\/\/www.facebook.com\/polowieciwspolnicy\/","https:\/\/www.linkedin.com\/company\/polowiec-i-wsplnicy-sp.j.\/about\/"]},{"@type":"Person","@id":"https:\/\/polowiec.pl\/en\/#\/schema\/person\/ed8994874b775675a86115f307352d24","name":"Super User","image":{"@type":"ImageObject","inLanguage":"en-US","@id":"https:\/\/secure.gravatar.com\/avatar\/e759b874f0fa459bd87c83ff47148fc5718f86d9459564657124e571997afbf7?s=96&d=mm&r=g","url":"https:\/\/secure.gravatar.com\/avatar\/e759b874f0fa459bd87c83ff47148fc5718f86d9459564657124e571997afbf7?s=96&d=mm&r=g","contentUrl":"https:\/\/secure.gravatar.com\/avatar\/e759b874f0fa459bd87c83ff47148fc5718f86d9459564657124e571997afbf7?s=96&d=mm&r=g","caption":"Super User"}}]}},"_links":{"self":[{"href":"https:\/\/polowiec.pl\/en\/wp-json\/wp\/v2\/posts\/487","targetHints":{"allow":["GET"]}}],"collection":[{"href":"https:\/\/polowiec.pl\/en\/wp-json\/wp\/v2\/posts"}],"about":[{"href":"https:\/\/polowiec.pl\/en\/wp-json\/wp\/v2\/types\/post"}],"author":[{"embeddable":true,"href":"https:\/\/polowiec.pl\/en\/wp-json\/wp\/v2\/users\/2"}],"replies":[{"embeddable":true,"href":"https:\/\/polowiec.pl\/en\/wp-json\/wp\/v2\/comments?post=487"}],"version-history":[{"count":0,"href":"https:\/\/polowiec.pl\/en\/wp-json\/wp\/v2\/posts\/487\/revisions"}],"wp:attachment":[{"href":"https:\/\/polowiec.pl\/en\/wp-json\/wp\/v2\/media?parent=487"}],"wp:term":[{"taxonomy":"category","embeddable":true,"href":"https:\/\/polowiec.pl\/en\/wp-json\/wp\/v2\/categories?post=487"},{"taxonomy":"post_tag","embeddable":true,"href":"https:\/\/polowiec.pl\/en\/wp-json\/wp\/v2\/tags?post=487"}],"curies":[{"name":"wp","href":"https:\/\/api.w.org\/{rel}","templated":true}]}}