{"id":488,"date":"2013-09-09T21:24:46","date_gmt":"2013-09-09T19:24:46","guid":{"rendered":"https:\/\/nowa.polowiec.pl\/legal-bulletin-of-the-law-office-of-adam-polowiec-19-26-august-2013-r\/"},"modified":"2018-10-11T10:43:00","modified_gmt":"2018-10-11T08:43:00","slug":"legal-bulletin-of-the-law-office-of-adam-polowiec-19-26-august-2013-r","status":"publish","type":"post","link":"https:\/\/polowiec.pl\/en\/legal-bulletin-of-the-law-office-of-adam-polowiec-19-26-august-2013-r\/","title":{"rendered":"Legal Bulletin Of The Law Office Of Adam Polowiec (19 &#8211; 26 august 2013 r.)"},"content":{"rendered":"<p>We would like to present the next issue of legal bulletin of the Law Office of Adam Polowiec.<br \/>What you will find here is some information about the new provisions of law and the projects of amendments to acts, but also case-laws including the case laws of Supreme Court, Constitutional Tribunal and European Court of Justice. <!--more--> <\/p>\n<p><strong><\/p>\n<h3 class=\"newsletter-naglowek\">Nowe Prawo<\/h3>\n<p><\/strong><\/p>\n<p><strong>TRANSPORT DROGOWY<\/strong><\/p>\n<p><strong>Ustawa <\/strong>z dnia 11 lipca 2013 r. zmieniaj\u0105ca ustaw\u0119 o zmianie ustawy o transporcie drogowym oraz o czasie pracy kierowc\u00f3w (Dz. U. z 2013 r., poz. 914) \u2013 <strong>wesz\u0142a w \u017cycie z dniem 14\u00a0sierpnia 2013 r.<\/strong><\/p>\n<p>W\u00a0ustawie\u00a0z dnia 5 kwietnia 2013 r. o zmianie ustawy o transporcie drogowym oraz\u00a0ustawy o czasie pracy kierowc\u00f3w (Dz. U. poz. 567) w\u00a0art. 1\u00a0uchyla si\u0119 pkt 40.\u00a0<\/p>\n<p><strong>Rozporz\u0105dzenie<\/strong>\u00a0Ministra Transportu, Budownictwa i Gospodarki Morskiej z dnia 6\u00a0sierpnia 2013 r. w sprawie wysoko\u015bci op\u0142at za czynno\u015bci administracyjne zwi\u0105zane z\u00a0wykonywaniem przewozu drogowego oraz\u00a0za egzaminowanie i wydanie certyfikatu kompetencji zawodowych (Dz. U. z 2013 r., poz. 916) \u2013 <strong>wesz\u0142o w \u017cycie 20\u00a0sierpnia\u00a02013 r.<\/strong><\/p>\n<p>\u00a0<\/p>\n<p><strong>ANTYDUMPING<\/strong><\/p>\n<p><strong>Rozporz\u0105dzenie<\/strong> Komisji (UE) nr 748\/2013 z dnia 2 sierpnia 2013 r. zmieniaj\u0105ce rozporz\u0105dzenie (UE) nr 513\/2013 nak\u0142adaj\u0105ce tymczasowe c\u0142o antydumpingowe na\u00a0przyw\u00f3z modu\u0142\u00f3w fotowoltaicznych z krzemu krystalicznego i g\u0142\u00f3wnych komponent\u00f3w (tj. ogniw i p\u0142ytek) pochodz\u0105cych lub wys\u0142anych z Chi\u0144skiej Republiki Ludowej \u2013 <strong>wesz\u0142o w \u017cycie 6 sierpnia 2013 r.<\/strong><\/p>\n<p>\u00a0<\/p>\n<p><strong>PRAWO BUDOWLANE<\/strong><\/p>\n<p><strong>Rozporz\u0105dzenie<\/strong> Ministra Transportu, Budownictwa i Gospodarki Morskiej z dnia 5\u00a0lipca\u00a02013 r. zmieniaj\u0105ce rozporz\u0105dzenie w sprawie warunk\u00f3w technicznych, jakim powinny odpowiada\u0107 budynki i ich usytuowanie (Dz. U. z 2013 r., poz. 926) &#8211; <strong>wejdzie w\u00a0\u017cycie 6 sierpnia 2013 r.<\/strong><\/p>\n<p>W\u00a0rozporz\u0105dzeniu Ministra Infrastruktury z dnia 12 kwietnia 2002 r. w sprawie warunk\u00f3w technicznych, jakim powinny odpowiada\u0107 budynki i ich usytuowanie (Dz. U. nr 75, poz.\u00a0690 z p\u00f3\u017an. zm.) ulega zmianie brzmienie: \u00a7 148 ust. 1 i 2, \u00a7 151 ust. 1, \u00a7 154 ust.\u00a010, \u00a7 328 ust. 1, \u00a7 329 ust. 1, za\u0142. Nr 1, za\u0142. nr 2, zostaje dodane: \u00a7 154\u00a0ust. 12 i\u00a013, \u00a7\u00a0328 ust. 1a.<\/p>\n<p>\u00a0<\/p>\n<p><strong>PODATKI<\/strong><\/p>\n<p>Ustawa z dnia 12 lipca 2013 r. o zmianie ustawy o podatku akcyzowym (Dz. U. z 2013 r., poz. 939) \u2013 <strong>wejdzie w \u017cycie z dniem 20\u00a0wrze\u015bnia 2013 r.<\/strong><\/p>\n<p>W\u00a0ustawie\u00a0z dnia 6 grudnia 2008 r. o podatku akcyzowym (Dz. U. z 2011 r. Nr 108, poz.\u00a0626 z p\u00f3\u017an. zm.) ulega zmianie brzmienie: \u00a0art. 2\u00a0w ust. 1 pkt 20, pkt 23a, \u00a0art.\u00a09a<strong>\u00a0<\/strong>ust. 1, art. 21 ust. 9, art. 30 ust. 4\u00a0, art. 31a, w\u00a0art. 38 ust. 1 pkt 1 i 2, art. 38 ust. 2, \u00a0art. 85 ust. 1 i ust. 2, art. 89 ust. 4 pkt 3; dodaje si\u0119: art. 2\u00a0ust. 1 pkt 23c, art.\u00a09a<strong>\u00a0<\/strong>ust. 4 i 5, art. 13\u00a0w ust. 1 pkt 10 i 11, art. 85 ust. 7, 8 i 9, art. 91a.<\/p>\n<p>\u00a0<\/p>\n<p><strong>PRAWO PRACY<\/strong><\/p>\n<p><strong>Ustawa<\/strong> z dnia 12 lipca 2013 r. o zmianie ustawy &#8211; Kodeks pracy oraz ustawy o\u00a0zwi\u0105zkach zawodowych (Dz. U. z 2013 r., poz. 896) \u2013 <strong>wesz\u0142o w \u017cycie z dniem 23\u00a0sierpnia 2013 r.<\/strong><\/p>\n<p>W\u00a0ustawie z dnia 26 czerwca 1974 r. &#8211; Kodeks pracy (Dz. U. z 1998 r. Nr 21, poz. 94, z\u00a0p\u00f3\u017an. zm.) uleg\u0142o zmianie brzmienie: \u00a0art. 129, art. 139<strong>\u00a0<\/strong>\u00a7 3; zosta\u0142o dodane: art.\u00a0139<strong>\u00a0<\/strong>\u00a7\u00a05, art. 1401, art. 150, art. 151 \u00a7 21 .<\/p>\n<p>W\u00a0ustawie\u00a0z dnia 23 maja 1991 r. o zwi\u0105zkach zawodowych (Dz. U. z 2001 r. Nr 79, poz.\u00a0854, z p\u00f3\u017an. zm.) uleg\u0142o zmianie brzmienie: art. 30 ust. 5.<\/p>\n<p>\u00a0<\/p>\n<p><strong><\/p>\n<h3 class=\"newsletter-naglowek\">Orzecznictwo<\/h3>\n<p><\/strong><\/p>\n<p><strong>Naczelny S\u0105d Administracyjny<\/strong><\/p>\n<p><strong>Ochrona danych osobowych<\/strong><\/p>\n<p>Orzekaj\u0105c w sprawie, Naczelny S\u0105d Administracyjny powo\u0142a\u0142 si\u0119 na wyrok Trybuna\u0142u Sprawiedliwo\u015bci Unii Europejskiej z 19 kwietnia 2012 r. (C-461\/10) w analogicznej szwedzkiej sprawie. Firma dzia\u0142aj\u0105ca na rynku musi si\u0119 liczy\u0107 z tym, \u017ce u\u017cytkownicy Internetu mog\u0105 pisa\u0107 o niej \u017ale. Z drugiej jednak strony, jak stwierdzi\u0142 s\u0105d, w pa\u0144stwie prawa nie mo\u017ce by\u0107 tak, \u017ce dane os\u00f3b wypowiadaj\u0105cych si\u0119 publicznie podlegaj\u0105 bezwzgl\u0119dnej ochronie tylko z tego powodu, \u017ce dzia\u0142aj\u0105 w Internecie. Sprawa, jak\u0105 rozpozna\u0142 s\u0105d, dotyczy\u0142a \u017c\u0105dania ujawnienia danych autor\u00f3w kilkudziesi\u0119ciu wpis\u00f3w na popularnym forum internetowym. Sp\u00f3\u0142ka z\u0142o\u017cy\u0142a wniosek do GIODO, aby ten nakaza\u0142 operatorowi portalu przekazanie numer\u00f3w IP, dat i godzin logowania, adresu e-mail u\u017cytkownika, jego imienia, nazwiska, adresu, numeru ewidencyjnego PESEL oraz serii i numeru jego dowodu osobistego. W uzasadnieniu \u017c\u0105dania pe\u0142nomocnicy firmy podali, \u017ce wskazane wpisy naruszy\u0142y jej renom\u0119. A po identyfikacji autora wpis\u00f3w sp\u00f3\u0142ka b\u0119dzie mog\u0142a dochodzi\u0107 swoich praw przed s\u0105dem. GIODO nakaza\u0142 us\u0142ugodawcy przekazanie adresu IP, adresu e-mail poszczeg\u00f3lnych u\u017cytkownik\u00f3w o konkretnych nickach, a tak\u017ce dat i godzin logowania. Jednak operator uzna\u0142, \u017ce udost\u0119pnienie tych danych mo\u017ce narusza\u0107 dobra osobiste internaut\u00f3w. Zw\u0142aszcza \u017ce ustawa o \u015bwiadczeniu us\u0142ug drog\u0105 elektroniczn\u0105 (Dz. U. z 2002 r. nr 144, poz. 1204 z p\u00f3\u017an. zm.) wprowadza odr\u0119bne regu\u0142y ochrony ni\u017c wynikaj\u0105ce z ustawy o ochronie danych osobowych (Dz. U. z 2002 r. nr 101, poz. 926 z p\u00f3\u017an. zm.). Przede wszystkim pozwala udost\u0119pni\u0107 takie dane tylko na\u00a0\u017c\u0105danie organ\u00f3w i na potrzeby prowadzonych post\u0119powa\u0144. GIODO mimo to\u00a0nie\u00a0zmieni\u0142 decyzji i sprawa trafi\u0142a do Wojew\u00f3dzkiego S\u0105du Administracyjnego w\u00a0Warszawie, kt\u00f3ry uchyli\u0142 decyzj\u0119. Orzek\u0142, \u017ce gdyby sp\u00f3\u0142ce udost\u0119pni\u0107 takie dane, nie\u00a0by\u0142oby mo\u017cliwo\u015bci w \u017caden spos\u00f3b skontrolowa\u0107, do jakich cel\u00f3w sp\u00f3\u0142ka je p\u00f3\u017aniej wykorzysta. Wydanie przez GIODO danych internaut\u00f3w prowadzi\u0142oby do naruszenia ich\u00a0praw i wolno\u015bci \u2013 podkre\u015bli\u0142 warszawski s\u0105d. R\u00f3wnie\u017c wed\u0142ug NSA decyzja GIODO, kt\u00f3ry z\u0142o\u017cy\u0142 kasacj\u0119, nie by\u0142a prawid\u0142owa. NSA zaznaczy\u0142, \u017ce GIODO przy udost\u0119pnianiu danych musi bra\u0107 pod uwag\u0119 zar\u00f3wno interes firmy, jak i dobra u\u017cytkownik\u00f3w. &#8211; <strong>wyrok Naczelnego S\u0105du Administracyjnego z dnia 21 sierpnia 2013 r., sygn. akt: I\u00a0OSK\u00a01666\/12.<\/strong><\/p>\n","protected":false},"excerpt":{"rendered":"<p>We would like to present the next issue of legal bulletin of the Law Office of Adam Polowiec.What you will find here is some information about the new provisions of law and the projects of amendments to acts, but also case-laws including the case laws of Supreme Court, Constitutional Tribunal and European Court of Justice.<\/p>\n","protected":false},"author":2,"featured_media":0,"comment_status":"closed","ping_status":"open","sticky":false,"template":"","format":"standard","meta":{"footnotes":""},"categories":[11],"tags":[],"class_list":["post-488","post","type-post","status-publish","format-standard","hentry","category-newsletters"],"featured_image_src":{"landsacpe":false,"list":false,"medium":false,"full":false},"yoast_head":"<!-- This site is optimized with the Yoast SEO plugin v27.2 - https:\/\/yoast.com\/product\/yoast-seo-wordpress\/ -->\n<title>Legal Bulletin Of The Law Office Of Adam Polowiec (19 - 26 august 2013 r.) - Polowiec i Wsp\u00f3lnicy - Kancelaria prawna<\/title>\n<meta name=\"robots\" content=\"index, follow, max-snippet:-1, max-image-preview:large, max-video-preview:-1\" \/>\n<link rel=\"canonical\" href=\"https:\/\/polowiec.pl\/en\/legal-bulletin-of-the-law-office-of-adam-polowiec-19-26-august-2013-r\/\" \/>\n<meta property=\"og:locale\" content=\"en_US\" \/>\n<meta property=\"og:type\" content=\"article\" \/>\n<meta property=\"og:title\" content=\"Legal Bulletin Of The Law Office Of Adam Polowiec (19 - 26 august 2013 r.) - Polowiec i Wsp\u00f3lnicy - Kancelaria prawna\" \/>\n<meta property=\"og:description\" content=\"We would like to present the next issue of legal bulletin of the Law Office of Adam Polowiec.What you will find here is some information about the new provisions of law and the projects of amendments to acts, but also case-laws including the case laws of Supreme Court, Constitutional Tribunal and European Court of Justice.\" \/>\n<meta property=\"og:url\" content=\"https:\/\/polowiec.pl\/en\/legal-bulletin-of-the-law-office-of-adam-polowiec-19-26-august-2013-r\/\" \/>\n<meta property=\"og:site_name\" content=\"Polowiec i Wsp\u00f3lnicy - Kancelaria prawna\" \/>\n<meta property=\"article:publisher\" content=\"https:\/\/www.facebook.com\/polowieciwspolnicy\/\" \/>\n<meta property=\"article:published_time\" content=\"2013-09-09T19:24:46+00:00\" \/>\n<meta property=\"article:modified_time\" content=\"2018-10-11T08:43:00+00:00\" \/>\n<meta name=\"author\" content=\"Super User\" \/>\n<meta name=\"twitter:card\" content=\"summary_large_image\" \/>\n<meta name=\"twitter:label1\" content=\"Written by\" \/>\n\t<meta name=\"twitter:data1\" content=\"Super User\" \/>\n\t<meta name=\"twitter:label2\" content=\"Est. reading time\" \/>\n\t<meta name=\"twitter:data2\" content=\"5 minutes\" \/>\n<script type=\"application\/ld+json\" class=\"yoast-schema-graph\">{\"@context\":\"https:\/\/schema.org\",\"@graph\":[{\"@type\":\"Article\",\"@id\":\"https:\/\/polowiec.pl\/en\/legal-bulletin-of-the-law-office-of-adam-polowiec-19-26-august-2013-r\/#article\",\"isPartOf\":{\"@id\":\"https:\/\/polowiec.pl\/en\/legal-bulletin-of-the-law-office-of-adam-polowiec-19-26-august-2013-r\/\"},\"author\":{\"name\":\"Super User\",\"@id\":\"https:\/\/polowiec.pl\/en\/#\/schema\/person\/ed8994874b775675a86115f307352d24\"},\"headline\":\"Legal Bulletin Of The Law Office Of Adam Polowiec (19 &#8211; 26 august 2013 r.)\",\"datePublished\":\"2013-09-09T19:24:46+00:00\",\"dateModified\":\"2018-10-11T08:43:00+00:00\",\"mainEntityOfPage\":{\"@id\":\"https:\/\/polowiec.pl\/en\/legal-bulletin-of-the-law-office-of-adam-polowiec-19-26-august-2013-r\/\"},\"wordCount\":925,\"publisher\":{\"@id\":\"https:\/\/polowiec.pl\/en\/#organization\"},\"articleSection\":[\"Newsletter\"],\"inLanguage\":\"en-US\"},{\"@type\":\"WebPage\",\"@id\":\"https:\/\/polowiec.pl\/en\/legal-bulletin-of-the-law-office-of-adam-polowiec-19-26-august-2013-r\/\",\"url\":\"https:\/\/polowiec.pl\/en\/legal-bulletin-of-the-law-office-of-adam-polowiec-19-26-august-2013-r\/\",\"name\":\"Legal Bulletin Of The Law Office Of Adam Polowiec (19 - 26 august 2013 r.) - Polowiec i Wsp\u00f3lnicy - Kancelaria prawna\",\"isPartOf\":{\"@id\":\"https:\/\/polowiec.pl\/en\/#website\"},\"datePublished\":\"2013-09-09T19:24:46+00:00\",\"dateModified\":\"2018-10-11T08:43:00+00:00\",\"breadcrumb\":{\"@id\":\"https:\/\/polowiec.pl\/en\/legal-bulletin-of-the-law-office-of-adam-polowiec-19-26-august-2013-r\/#breadcrumb\"},\"inLanguage\":\"en-US\",\"potentialAction\":[{\"@type\":\"ReadAction\",\"target\":[\"https:\/\/polowiec.pl\/en\/legal-bulletin-of-the-law-office-of-adam-polowiec-19-26-august-2013-r\/\"]}]},{\"@type\":\"BreadcrumbList\",\"@id\":\"https:\/\/polowiec.pl\/en\/legal-bulletin-of-the-law-office-of-adam-polowiec-19-26-august-2013-r\/#breadcrumb\",\"itemListElement\":[{\"@type\":\"ListItem\",\"position\":1,\"name\":\"Strona g\u0142\u00f3wna\",\"item\":\"https:\/\/polowiec.pl\/en\/\"},{\"@type\":\"ListItem\",\"position\":2,\"name\":\"Legal Bulletin Of The Law Office Of Adam Polowiec (19 &#8211; 26 august 2013 r.)\"}]},{\"@type\":\"WebSite\",\"@id\":\"https:\/\/polowiec.pl\/en\/#website\",\"url\":\"https:\/\/polowiec.pl\/en\/\",\"name\":\"Polowiec i Wsp\u00f3lnicy - Kancelaria prawna\",\"description\":\"Obs\u0142uga prawna\",\"publisher\":{\"@id\":\"https:\/\/polowiec.pl\/en\/#organization\"},\"potentialAction\":[{\"@type\":\"SearchAction\",\"target\":{\"@type\":\"EntryPoint\",\"urlTemplate\":\"https:\/\/polowiec.pl\/en\/?s={search_term_string}\"},\"query-input\":{\"@type\":\"PropertyValueSpecification\",\"valueRequired\":true,\"valueName\":\"search_term_string\"}}],\"inLanguage\":\"en-US\"},{\"@type\":\"Organization\",\"@id\":\"https:\/\/polowiec.pl\/en\/#organization\",\"name\":\"Polowiec i Wsp\u00f3lnicy - Kancelaria prawna\",\"url\":\"https:\/\/polowiec.pl\/en\/\",\"logo\":{\"@type\":\"ImageObject\",\"inLanguage\":\"en-US\",\"@id\":\"https:\/\/polowiec.pl\/en\/#\/schema\/logo\/image\/\",\"url\":\"https:\/\/polowiec.pl\/wp-content\/uploads\/2018\/10\/polowiec_logo2-1.png\",\"contentUrl\":\"https:\/\/polowiec.pl\/wp-content\/uploads\/2018\/10\/polowiec_logo2-1.png\",\"width\":540,\"height\":381,\"caption\":\"Polowiec i Wsp\u00f3lnicy - Kancelaria prawna\"},\"image\":{\"@id\":\"https:\/\/polowiec.pl\/en\/#\/schema\/logo\/image\/\"},\"sameAs\":[\"https:\/\/www.facebook.com\/polowieciwspolnicy\/\",\"https:\/\/www.linkedin.com\/company\/polowiec-i-wsplnicy-sp.j.\/about\/\"]},{\"@type\":\"Person\",\"@id\":\"https:\/\/polowiec.pl\/en\/#\/schema\/person\/ed8994874b775675a86115f307352d24\",\"name\":\"Super User\",\"image\":{\"@type\":\"ImageObject\",\"inLanguage\":\"en-US\",\"@id\":\"https:\/\/secure.gravatar.com\/avatar\/e759b874f0fa459bd87c83ff47148fc5718f86d9459564657124e571997afbf7?s=96&d=mm&r=g\",\"url\":\"https:\/\/secure.gravatar.com\/avatar\/e759b874f0fa459bd87c83ff47148fc5718f86d9459564657124e571997afbf7?s=96&d=mm&r=g\",\"contentUrl\":\"https:\/\/secure.gravatar.com\/avatar\/e759b874f0fa459bd87c83ff47148fc5718f86d9459564657124e571997afbf7?s=96&d=mm&r=g\",\"caption\":\"Super User\"}}]}<\/script>\n<!-- \/ Yoast SEO plugin. -->","yoast_head_json":{"title":"Legal Bulletin Of The Law Office Of Adam Polowiec (19 - 26 august 2013 r.) - Polowiec i Wsp\u00f3lnicy - Kancelaria prawna","robots":{"index":"index","follow":"follow","max-snippet":"max-snippet:-1","max-image-preview":"max-image-preview:large","max-video-preview":"max-video-preview:-1"},"canonical":"https:\/\/polowiec.pl\/en\/legal-bulletin-of-the-law-office-of-adam-polowiec-19-26-august-2013-r\/","og_locale":"en_US","og_type":"article","og_title":"Legal Bulletin Of The Law Office Of Adam Polowiec (19 - 26 august 2013 r.) - Polowiec i Wsp\u00f3lnicy - Kancelaria prawna","og_description":"We would like to present the next issue of legal bulletin of the Law Office of Adam Polowiec.What you will find here is some information about the new provisions of law and the projects of amendments to acts, but also case-laws including the case laws of Supreme Court, Constitutional Tribunal and European Court of Justice.","og_url":"https:\/\/polowiec.pl\/en\/legal-bulletin-of-the-law-office-of-adam-polowiec-19-26-august-2013-r\/","og_site_name":"Polowiec i Wsp\u00f3lnicy - Kancelaria prawna","article_publisher":"https:\/\/www.facebook.com\/polowieciwspolnicy\/","article_published_time":"2013-09-09T19:24:46+00:00","article_modified_time":"2018-10-11T08:43:00+00:00","author":"Super User","twitter_card":"summary_large_image","twitter_misc":{"Written by":"Super User","Est. reading time":"5 minutes"},"schema":{"@context":"https:\/\/schema.org","@graph":[{"@type":"Article","@id":"https:\/\/polowiec.pl\/en\/legal-bulletin-of-the-law-office-of-adam-polowiec-19-26-august-2013-r\/#article","isPartOf":{"@id":"https:\/\/polowiec.pl\/en\/legal-bulletin-of-the-law-office-of-adam-polowiec-19-26-august-2013-r\/"},"author":{"name":"Super User","@id":"https:\/\/polowiec.pl\/en\/#\/schema\/person\/ed8994874b775675a86115f307352d24"},"headline":"Legal Bulletin Of The Law Office Of Adam Polowiec (19 &#8211; 26 august 2013 r.)","datePublished":"2013-09-09T19:24:46+00:00","dateModified":"2018-10-11T08:43:00+00:00","mainEntityOfPage":{"@id":"https:\/\/polowiec.pl\/en\/legal-bulletin-of-the-law-office-of-adam-polowiec-19-26-august-2013-r\/"},"wordCount":925,"publisher":{"@id":"https:\/\/polowiec.pl\/en\/#organization"},"articleSection":["Newsletter"],"inLanguage":"en-US"},{"@type":"WebPage","@id":"https:\/\/polowiec.pl\/en\/legal-bulletin-of-the-law-office-of-adam-polowiec-19-26-august-2013-r\/","url":"https:\/\/polowiec.pl\/en\/legal-bulletin-of-the-law-office-of-adam-polowiec-19-26-august-2013-r\/","name":"Legal Bulletin Of The Law Office Of Adam Polowiec (19 - 26 august 2013 r.) - Polowiec i Wsp\u00f3lnicy - Kancelaria prawna","isPartOf":{"@id":"https:\/\/polowiec.pl\/en\/#website"},"datePublished":"2013-09-09T19:24:46+00:00","dateModified":"2018-10-11T08:43:00+00:00","breadcrumb":{"@id":"https:\/\/polowiec.pl\/en\/legal-bulletin-of-the-law-office-of-adam-polowiec-19-26-august-2013-r\/#breadcrumb"},"inLanguage":"en-US","potentialAction":[{"@type":"ReadAction","target":["https:\/\/polowiec.pl\/en\/legal-bulletin-of-the-law-office-of-adam-polowiec-19-26-august-2013-r\/"]}]},{"@type":"BreadcrumbList","@id":"https:\/\/polowiec.pl\/en\/legal-bulletin-of-the-law-office-of-adam-polowiec-19-26-august-2013-r\/#breadcrumb","itemListElement":[{"@type":"ListItem","position":1,"name":"Strona g\u0142\u00f3wna","item":"https:\/\/polowiec.pl\/en\/"},{"@type":"ListItem","position":2,"name":"Legal Bulletin Of The Law Office Of Adam Polowiec (19 &#8211; 26 august 2013 r.)"}]},{"@type":"WebSite","@id":"https:\/\/polowiec.pl\/en\/#website","url":"https:\/\/polowiec.pl\/en\/","name":"Polowiec i Wsp\u00f3lnicy - Kancelaria prawna","description":"Obs\u0142uga prawna","publisher":{"@id":"https:\/\/polowiec.pl\/en\/#organization"},"potentialAction":[{"@type":"SearchAction","target":{"@type":"EntryPoint","urlTemplate":"https:\/\/polowiec.pl\/en\/?s={search_term_string}"},"query-input":{"@type":"PropertyValueSpecification","valueRequired":true,"valueName":"search_term_string"}}],"inLanguage":"en-US"},{"@type":"Organization","@id":"https:\/\/polowiec.pl\/en\/#organization","name":"Polowiec i Wsp\u00f3lnicy - Kancelaria prawna","url":"https:\/\/polowiec.pl\/en\/","logo":{"@type":"ImageObject","inLanguage":"en-US","@id":"https:\/\/polowiec.pl\/en\/#\/schema\/logo\/image\/","url":"https:\/\/polowiec.pl\/wp-content\/uploads\/2018\/10\/polowiec_logo2-1.png","contentUrl":"https:\/\/polowiec.pl\/wp-content\/uploads\/2018\/10\/polowiec_logo2-1.png","width":540,"height":381,"caption":"Polowiec i Wsp\u00f3lnicy - Kancelaria prawna"},"image":{"@id":"https:\/\/polowiec.pl\/en\/#\/schema\/logo\/image\/"},"sameAs":["https:\/\/www.facebook.com\/polowieciwspolnicy\/","https:\/\/www.linkedin.com\/company\/polowiec-i-wsplnicy-sp.j.\/about\/"]},{"@type":"Person","@id":"https:\/\/polowiec.pl\/en\/#\/schema\/person\/ed8994874b775675a86115f307352d24","name":"Super User","image":{"@type":"ImageObject","inLanguage":"en-US","@id":"https:\/\/secure.gravatar.com\/avatar\/e759b874f0fa459bd87c83ff47148fc5718f86d9459564657124e571997afbf7?s=96&d=mm&r=g","url":"https:\/\/secure.gravatar.com\/avatar\/e759b874f0fa459bd87c83ff47148fc5718f86d9459564657124e571997afbf7?s=96&d=mm&r=g","contentUrl":"https:\/\/secure.gravatar.com\/avatar\/e759b874f0fa459bd87c83ff47148fc5718f86d9459564657124e571997afbf7?s=96&d=mm&r=g","caption":"Super User"}}]}},"_links":{"self":[{"href":"https:\/\/polowiec.pl\/en\/wp-json\/wp\/v2\/posts\/488","targetHints":{"allow":["GET"]}}],"collection":[{"href":"https:\/\/polowiec.pl\/en\/wp-json\/wp\/v2\/posts"}],"about":[{"href":"https:\/\/polowiec.pl\/en\/wp-json\/wp\/v2\/types\/post"}],"author":[{"embeddable":true,"href":"https:\/\/polowiec.pl\/en\/wp-json\/wp\/v2\/users\/2"}],"replies":[{"embeddable":true,"href":"https:\/\/polowiec.pl\/en\/wp-json\/wp\/v2\/comments?post=488"}],"version-history":[{"count":0,"href":"https:\/\/polowiec.pl\/en\/wp-json\/wp\/v2\/posts\/488\/revisions"}],"wp:attachment":[{"href":"https:\/\/polowiec.pl\/en\/wp-json\/wp\/v2\/media?parent=488"}],"wp:term":[{"taxonomy":"category","embeddable":true,"href":"https:\/\/polowiec.pl\/en\/wp-json\/wp\/v2\/categories?post=488"},{"taxonomy":"post_tag","embeddable":true,"href":"https:\/\/polowiec.pl\/en\/wp-json\/wp\/v2\/tags?post=488"}],"curies":[{"name":"wp","href":"https:\/\/api.w.org\/{rel}","templated":true}]}}