{"id":489,"date":"2013-09-09T21:28:45","date_gmt":"2013-09-09T19:28:45","guid":{"rendered":"https:\/\/nowa.polowiec.pl\/legal-bulletin-of-the-law-office-of-adam-polowiec-27-august-1-september-2013-r\/"},"modified":"2018-10-11T10:43:00","modified_gmt":"2018-10-11T08:43:00","slug":"legal-bulletin-of-the-law-office-of-adam-polowiec-27-august-1-september-2013-r","status":"publish","type":"post","link":"https:\/\/polowiec.pl\/en\/legal-bulletin-of-the-law-office-of-adam-polowiec-27-august-1-september-2013-r\/","title":{"rendered":"Legal Bulletin Of The Law Office Of Adam Polowiec (27 august &#8211; 1 september 2013 r.)"},"content":{"rendered":"<p>We would like to present the next issue of legal bulletin of the Law Office of Adam Polowiec.<br \/>What you will find here is some information about the new provisions of law and the projects of amendments to acts, but also case-laws including the case laws of Supreme Court, Constitutional Tribunal and European Court of Justice. <!--more--> <\/p>\n<p><strong><\/p>\n<h3 class=\"newsletter-naglowek\">Nowe Prawo<\/h3>\n<p><\/strong><\/p>\n<p><strong>PRAWO PRACY I UBEZPIECZE\u0143 SPO\u0141ECZNYCH<\/strong><\/p>\n<p><strong>Ustawa<\/strong> z dnia 26 lipca 2013 r. o zmianie ustawy o systemie ubezpiecze\u0144 spo\u0142ecznych oraz niekt\u00f3rych innych ustaw (Dz. U. z 2013 r., poz. 983) \u2013 <strong>wejdzie w \u017cycie z dniem 1\u00a0wrze\u015bnia 2013 r., z wyj\u0105tkiem art. 1 pkt 8 lit. a, kt\u00f3ry wchodzi w \u017cycie z dniem 1 stycznia 2014 r.<\/strong><\/p>\n<p>W ustawie z dnia 13 pa\u017adziernika 1998 r. o systemie ubezpiecze\u0144 spo\u0142ecznych (Dz.\u00a0U.\u00a0z\u00a02009 r., nr 205, poz. 1585 z p\u00f3\u017an. zm.) uleg\u0142o zmianie brzmienie art. 4, art. 9, art. 13, art.16, art. 18, art. 20, art. 36, art. 36a, zosta\u0142y dodane art. 6a i b, art. 18b.<\/p>\n<p>W ustawie z dnia 20 grudnia 1990 r. o ubezpieczeniu spo\u0142ecznym rolnik\u00f3w (Dz.\u00a0U.\u00a0z\u00a02008\u00a0r., nr 50, poz. 291 z p\u00f3\u017an. zm.) uleg\u0142o zmianie art. 15, art. 78, zosta\u0142y dodane art. 16a \u2013 f.<\/p>\n<p>W ustawie z dnia 28 listopada 2003 r. o \u015bwiadczeniach rodzinnych (Dz. U. z 2006 r., nr\u00a0139, poz. 992 z p\u00f3\u017an. zm.) uleg\u0142o zmianie brzmienie art. 3.<\/p>\n<p>W ustawie z dnia 2 lipca 2004 r. o swobodzie dzia\u0142alno\u015bci gospodarczej (Dz. U. z 2013 r., poz. 672 i 675) uleg\u0142o zmianie brzmienie art. 14a, art. 34.<\/p>\n<p>W ustawie z dnia 27 sierpnia 2004 r. o \u015bwiadczeniach opieki zdrowotnej finansowanych ze \u015brodk\u00f3w publicznych (Dz. U. z 2008 r., nr 164, poz. 1027 z p\u00f3\u017an. zm.) uleg\u0142o zmianie brzmienie art. 66, art. 73, art. 77, art. 81, art. 85, art. 86.<\/p>\n<p>W ustawie z dnia 4 lutego 2011 r. o opiece nad dzie\u0107mi w wieku do lat 3 (Dz.\u00a0U.\u00a0z\u00a02011\u00a0r., nr 45, poz. 235 z p\u00f3\u017an. zm.) w art. 51.<\/p>\n<p><strong>Ustawa<\/strong> z dnia 21 czerwca 2013 r. o zmianie ustawy o emeryturach i rentach z Funduszu Ubezpiecze\u0144 Spo\u0142ecznych (Dz. U. z 2013 r., poz. 960) \u2013 <strong>wejdzie w \u017cycie z dniem 1\u00a0pa\u017adziernika 2013 r.<\/strong><\/p>\n<p>W ustawie z dnia 17 grudnia 1998 r. o emeryturach i rentach z Funduszu Ubezpiecze\u0144 Spo\u0142ecznych (Dz. U. z 2009 r., nr 153, poz. 1227 z p\u00f3\u017an. zm.) uleg\u0142o zmianie brzmienie art. 174.<\/p>\n<p>\u00a0<\/p>\n<p><strong>PRAWO ENERGETYCZNE<\/strong><\/p>\n<p><strong>Ustawa<\/strong> z dnia 26 lipca 2013 r. o zmianie ustawy &#8211; Prawo energetyczne oraz niekt\u00f3rych innych ustaw (Dz. U. z 2013 r., poz. 984) \u2013 <strong>wejdzie w \u017cycie z dniem 11\u00a0wrze\u015bnia\u00a02013 r., z wyj\u0105tkiem art. 4e1 ustawy zmienianej w art. 1, w\u00a0brzmieniu nadanym niniejsz\u0105 ustaw\u0105, kt\u00f3ry wchodzi w \u017cycie\u00a0 w dniu 27\u00a0sierpnia 2013 r., art. 44 ustawy zmienianej w art. 1, w brzmieniu nadanym niniejsz\u0105 ustaw\u0105, kt\u00f3ry wchodzi w \u017cycie z dniem 1 stycznia 2014 r.<\/strong><\/p>\n<p>W ustawie z dnia 10 kwietnia 1997 r. &#8211; Prawo energetyczne (Dz. U. z 2012 r., poz. 1059) uleg\u0142o zmianie brzmienie art. 3, art. 4j, art. 6, art. 7, art. 9, art. 9a, art. 9c, art. 9d, art.\u00a09g, art. 9p, art. 12a, art. 16, art. 21, art. 23, art. 24, art. 32, art. 44, art. 56, zosta\u0142y dodane art. 4e1, art. 5c \u2013 g, art. 6b \u2013 f, art. 9 h1-2, art. 9u \u2013 x, art. 15 f, art. 49, b \u2013c, rozdzia\u0142 2a, rozdzia\u0142 2a, rozdzia\u0142 6a, zosta\u0142y uchylone art. 9f, art. 22.<\/p>\n<p>W ustawie z dnia 7 lipca 1994 r. &#8211; Prawo budowlane (Dz. U. z 2010 r., nr 243, poz. 1623 z p\u00f3\u017an. zm.) uleg\u0142o zmianie brzmienie art. 5, art. 29.<\/p>\n<p>W ustawie z dnia 4 wrze\u015bnia 1997 r. o dzia\u0142ach administracji rz\u0105dowej (Dz. U. z 2013 r., poz. 743) uleg\u0142o zmianie brzmienie art. 9, art. 33a.<\/p>\n<p>W ustawie z dnia 26 pa\u017adziernika 2000 r. o gie\u0142dach towarowych (Dz. U. z 2010 r., nr 48, poz. 284 z p\u00f3\u017an. zm.) uleg\u0142o zmianie brzmienie art. 2, art. 3, art. 5, art. 9, art. 14 \u2013 16, art. 18, art. 24, art. 50b, art. 56a, zosta\u0142 dodany art. 25a.<\/p>\n<p>W ustawie z dnia 15 grudnia 2000 r. o Inspekcji Handlowej (Dz. U. z 2009 r., nr 151, poz. 1219 z p\u00f3\u017an. zm.) uleg\u0142o zmianie brzmienie art. 4, art. 37.<\/p>\n<p>W ustawie z dnia 21 grudnia 2000 r. o dozorze technicznym (Dz. U. z 2013 r., poz. 963) uleg\u0142o zmianie brzmienie art. 37.<\/p>\n<p>W ustawie z dnia 21 czerwca 2001 r. o dodatkach mieszkaniowych (Dz. U. z 2013 r., poz.\u00a0966) uleg\u0142o zmianie brzmienie art. 3.<\/p>\n<p>W ustawie z dnia 29 stycznia 2004 r. &#8211; Prawo zam\u00f3wie\u0144 publicznych (Dz. U. z 2013 r., poz. 907) uleg\u0142o zmianie brzmienie art. 67, art. 138a.<\/p>\n<p>W ustawie z dnia 29 lipca 2005 r. o obrocie instrumentami finansowymi (Dz. U. z 2010 r., nr 211, poz. 1384 z p\u00f3\u017an. zm.) uleg\u0142o zmianie brzmienie art. 68a.<\/p>\n<p>W ustawie z dnia 16 lutego 2007 r. o zapasach ropy naftowej, produkt\u00f3w naftowych i\u00a0gazu ziemnego oraz zasadach post\u0119powania w sytuacjach zagro\u017cenia bezpiecze\u0144stwa paliwowego pa\u0144stwa i zak\u0142\u00f3ce\u0144 na rynku naftowym (Dz. U. z 2012 r., poz. 1190) uleg\u0142o zmianie brzmienie art. 24a.<\/p>\n<p>\u00a0<\/p>\n<p><strong>SUBSTANCJE NIEBEZPIECZNE<\/strong><\/p>\n<p><strong>Rozporz\u0105dzenie<\/strong> Unii Europejskiej nr 777\/2013 z 12 sierpnia 2013 r. zmieniaj\u0105ce za\u0142\u0105czniki II, III i V do rozporz\u0105dzenia (WE) nr 396\/2005 Parlamentu Europejskiego i\u00a0Rady w odniesieniu do najwy\u017cszych dopuszczalnych poziom\u00f3w pozosta\u0142o\u015bci klodinafopu, chlomazonu, diuronu, etalfluraliny, joksynilu, iprowalikarbu, hydrazydu kwasu maleinowego, mepanipirymu, metkonazolu, prosulfokarbu i tepraloksydimu w\u00a0okre\u015blonych produktach oraz na ich powierzchni (Dz. UE z 17.08.13 r., nr L 221) \u2013 <strong>wejdzie w \u017cycie z dniem 6 marca 2013 r., a nale\u017cy je stosowa\u0107 od dnia 6\u00a0marca 2014 r. Wi\u0105\u017ce w ca\u0142o\u015bci i jest bezpo\u015brednio stosowane we wszystkich pa\u0144stwach cz\u0142onkowskich.<\/strong><\/p>\n<p><strong>Rozporz\u0105dzenie <\/strong>wykonawcze Komisji Unii Europejskiej nr 762\/2013 z 7 sierpnia 2013 r. zmieniaj\u0105ce rozporz\u0105dzenie wykonawcze Unii Eurpejskiej nr 540\/2011 w odniesieniu do\u00a0przed\u0142u\u017cenia okres\u00f3w zatwierdzenia substancji czynnych: chloropiryfosu, chloropiryfosu metylu, mankozebu, manebu, MCPA, MCPB i metiramu (Dz.\u00a0UE\u00a0z\u00a08.08.13\u00a0r., nr L 213) \u2013 <strong>wejdzie w \u017cycie z dniem 28 wrze\u015bnia 2013 r. Wi\u0105\u017ce w ca\u0142o\u015bci i jest bezpo\u015brednio stosowane we wszystkich pa\u0144stwach cz\u0142onkowskich.<\/strong><\/p>\n<p>\u00a0<\/p>\n<p><strong>NOMENKLATURA SCALONA<\/strong><\/p>\n<p><strong>Rozporz\u0105dzenie<\/strong> wykonawcze Komisji Unii Europejskiej nr 766\/2013 z 7 sierpnia 2013 r. dotycz\u0105ce klasyfikacji niekt\u00f3rych towar\u00f3w wed\u0142ug Nomenklatury scalonej (Dz.\u00a0UE\u00a0z\u00a09.08.13 r., nr\u00a0L\u00a0214) \u2013 <strong>wejdzie w \u017cycie z dniem 12 wrze\u015bnia 2013 r. Wi\u0105\u017ce w ca\u0142o\u015bci i jest bezpo\u015brednio stosowane we wszystkich pa\u0144stwach cz\u0142onkowskich.<\/strong><\/p>\n<p>\u00a0<\/p>\n<p><strong>ZAWODY PRAWNICZE<\/strong><\/p>\n<p><strong>Rozporz\u0105dzenie <\/strong>Ministra Sprawiedliwo\u015bci z dnia 8 sierpnia 2013 r. zmieniaj\u0105ce rozporz\u0105dzenie w sprawie komisji egzaminacyjnej do spraw aplikacji radcowskiej oraz przeprowadzania egzaminu wst\u0119pnego (Dz. U. z 2013 r., poz. 948) \u2013 <strong>wesz\u0142o w \u017cycie z\u00a0dniem 23 sierpnia 2013 r.<\/strong><\/p>\n<p>W rozporz\u0105dzeniu Ministra Sprawiedliwo\u015bci z dnia 9 czerwca 2009 r. w sprawie komisji egzaminacyjnej do spraw aplikacji radcowskiej oraz przeprowadzania egzaminu wst\u0119pnego (Dz. U. z 2013 r., poz. 946) uleg\u0142o zmianie brzmienie \u00a78 \u2013 10, \u00a715, \u00a716, \u00a721 oraz za\u0142\u0105cznika, zosta\u0142y uchylone \u00a711, \u00a712.<\/p>\n<p><strong>Rozporz\u0105dzenie <\/strong>Ministra Sprawiedliwo\u015bci z dnia 8 sierpnia 2013 r. zmieniaj\u0105ce rozporz\u0105dzenie w sprawie komisji egzaminacyjnej do spraw aplikacji adwokackiej oraz przeprowadzania egzaminu wst\u0119pnego (Dz. U. z 2013 r., poz. 949) \u2013 <strong>wesz\u0142o w \u017cycie z\u00a0dniem 23 sierpnia 2013 r.<\/strong><\/p>\n<p>W rozporz\u0105dzeniu Ministra Sprawiedliwo\u015bci z dnia 9 czerwca 2009 r. w sprawie komisji egzaminacyjnej do spraw aplikacji adwokackiej oraz przeprowadzania egzaminu wst\u0119pnego (Dz. U. z 2013 r., poz. 945) uleg\u0142o zmianie brzmienie \u00a78 \u2013 10, \u00a715, \u00a716, \u00a721 oraz za\u0142\u0105cznika, zosta\u0142y uchylone \u00a711, \u00a712.<\/p>\n<p>\u00a0<\/p>\n<p><strong><\/p>\n<h3 class=\"newsletter-naglowek\">Orzecznictwo<\/h3>\n<p><\/strong><\/p>\n<p><strong>Trybuna\u0142 Konstytucyjny; Trybuna\u0142 Sprawiedliwo\u015bci Unii Europejskiej<\/strong><\/p>\n<p><strong>OPODATKOWANIE DOCHOD\u00d3W<\/strong><\/p>\n<p>Trybuna\u0142 Konstytucyjny rozpozna\u0142 skarg\u0119 konstytucyjn\u0105 dotycz\u0105c\u0105 zasad opodatkowania dochodu niezg\u0142oszonego przez podatnika. Orzek\u0142 on, \u017ce podatek od dochod\u00f3w nieujawnionych stanowi nadzwyczajn\u0105 reakcj\u0119 ustawodawcy na zjawisko zatajania uzyskiwanych przez podatnika przychod\u00f3w, a wysoka stawka tego podatku pe\u0142ni dwie funkcje: rekompensacyjn\u0105 i prewencyjn\u0105. Umo\u017cliwia ona bowiem odzyskanie przez pa\u0144stwo podatku nieuiszczonego na zasadach og\u00f3lnych i nale\u017cnych odsetek za zw\u0142ok\u0119 oraz pokrycie koszt\u00f3w prowadzonych post\u0119powa\u0144. Poza tym ma zniech\u0119ca\u0107 do oszustw podatkowych, wyj\u0105tkowo trudnych do wykrycia przez organy administracji podatkowej\u00a0&#8211; <strong>wyrok Trybuna\u0142u Konstytucyjnego z dnia 18 lipca 2013 r., sygn. akt: SK 18\/09.<\/strong><\/p>\n<p>\u00a0<\/p>\n<p><strong>Naczelny S\u0105d Administracyjny<\/strong><\/p>\n<p><strong>OP\u0141ATA SKARBOWA<\/strong><\/p>\n<p>Ka\u017cdorazowo do wydania za\u015bwiadczenia pe\u0142nomocnikowi podatnika na podstawie przepis\u00f3w dzia\u0142u VIII A Ordynacji podatkowej niezb\u0119dne jest z\u0142o\u017cenie dokumentu stwierdzaj\u0105cego udzielenie pe\u0142nomocnictwa (jego orygina\u0142u, odpisu, wypisu czy kopii). Na\u00a0podstawie przepisu art. 1 ust. 1 pkt 2 ustawy z 16 listopada 2006 r. o op\u0142acie skarbowej obliguje to zobowi\u0105zanego do uiszczenia stosownej op\u0142aty skarbowej &#8211; <strong>wyrok Naczelnego S\u0105du Administracyjnego z dnia 23 lipca 2013 r., sygn.\u00a0akt:\u00a0II\u00a0FSK\u00a02303\/11.<\/strong><\/p>\n","protected":false},"excerpt":{"rendered":"<p>We would like to present the next issue of legal bulletin of the Law Office of Adam Polowiec.What you will find here is some information about the new provisions of law and the projects of amendments to acts, but also case-laws including the case laws of Supreme Court, Constitutional Tribunal and European Court of Justice.<\/p>\n","protected":false},"author":2,"featured_media":0,"comment_status":"closed","ping_status":"open","sticky":false,"template":"","format":"standard","meta":{"footnotes":""},"categories":[11],"tags":[],"class_list":["post-489","post","type-post","status-publish","format-standard","hentry","category-newsletters"],"featured_image_src":{"landsacpe":false,"list":false,"medium":false,"full":false},"yoast_head":"<!-- This site is optimized with the Yoast SEO plugin v27.2 - https:\/\/yoast.com\/product\/yoast-seo-wordpress\/ -->\n<title>Legal Bulletin Of The Law Office Of Adam Polowiec (27 august - 1 september 2013 r.) - Polowiec i Wsp\u00f3lnicy - Kancelaria prawna<\/title>\n<meta name=\"robots\" content=\"index, follow, max-snippet:-1, max-image-preview:large, max-video-preview:-1\" \/>\n<link rel=\"canonical\" href=\"https:\/\/polowiec.pl\/en\/legal-bulletin-of-the-law-office-of-adam-polowiec-27-august-1-september-2013-r\/\" \/>\n<meta property=\"og:locale\" content=\"en_US\" \/>\n<meta property=\"og:type\" content=\"article\" \/>\n<meta property=\"og:title\" content=\"Legal Bulletin Of The Law Office Of Adam Polowiec (27 august - 1 september 2013 r.) - Polowiec i Wsp\u00f3lnicy - Kancelaria prawna\" \/>\n<meta property=\"og:description\" content=\"We would like to present the next issue of legal bulletin of the Law Office of Adam Polowiec.What you will find here is some information about the new provisions of law and the projects of amendments to acts, but also case-laws including the case laws of Supreme Court, Constitutional Tribunal and European Court of Justice.\" \/>\n<meta property=\"og:url\" content=\"https:\/\/polowiec.pl\/en\/legal-bulletin-of-the-law-office-of-adam-polowiec-27-august-1-september-2013-r\/\" \/>\n<meta property=\"og:site_name\" content=\"Polowiec i Wsp\u00f3lnicy - Kancelaria prawna\" \/>\n<meta property=\"article:publisher\" content=\"https:\/\/www.facebook.com\/polowieciwspolnicy\/\" \/>\n<meta property=\"article:published_time\" content=\"2013-09-09T19:28:45+00:00\" \/>\n<meta property=\"article:modified_time\" content=\"2018-10-11T08:43:00+00:00\" \/>\n<meta name=\"author\" content=\"Super User\" \/>\n<meta name=\"twitter:card\" content=\"summary_large_image\" \/>\n<meta name=\"twitter:label1\" content=\"Written by\" \/>\n\t<meta name=\"twitter:data1\" content=\"Super User\" \/>\n\t<meta name=\"twitter:label2\" content=\"Est. reading time\" \/>\n\t<meta name=\"twitter:data2\" content=\"7 minutes\" \/>\n<script type=\"application\/ld+json\" class=\"yoast-schema-graph\">{\"@context\":\"https:\/\/schema.org\",\"@graph\":[{\"@type\":\"Article\",\"@id\":\"https:\/\/polowiec.pl\/en\/legal-bulletin-of-the-law-office-of-adam-polowiec-27-august-1-september-2013-r\/#article\",\"isPartOf\":{\"@id\":\"https:\/\/polowiec.pl\/en\/legal-bulletin-of-the-law-office-of-adam-polowiec-27-august-1-september-2013-r\/\"},\"author\":{\"name\":\"Super User\",\"@id\":\"https:\/\/polowiec.pl\/en\/#\/schema\/person\/ed8994874b775675a86115f307352d24\"},\"headline\":\"Legal Bulletin Of The Law Office Of Adam Polowiec (27 august &#8211; 1 september 2013 r.)\",\"datePublished\":\"2013-09-09T19:28:45+00:00\",\"dateModified\":\"2018-10-11T08:43:00+00:00\",\"mainEntityOfPage\":{\"@id\":\"https:\/\/polowiec.pl\/en\/legal-bulletin-of-the-law-office-of-adam-polowiec-27-august-1-september-2013-r\/\"},\"wordCount\":1345,\"publisher\":{\"@id\":\"https:\/\/polowiec.pl\/en\/#organization\"},\"articleSection\":[\"Newsletter\"],\"inLanguage\":\"en-US\"},{\"@type\":\"WebPage\",\"@id\":\"https:\/\/polowiec.pl\/en\/legal-bulletin-of-the-law-office-of-adam-polowiec-27-august-1-september-2013-r\/\",\"url\":\"https:\/\/polowiec.pl\/en\/legal-bulletin-of-the-law-office-of-adam-polowiec-27-august-1-september-2013-r\/\",\"name\":\"Legal Bulletin Of The Law Office Of Adam Polowiec (27 august - 1 september 2013 r.) - Polowiec i Wsp\u00f3lnicy - Kancelaria prawna\",\"isPartOf\":{\"@id\":\"https:\/\/polowiec.pl\/en\/#website\"},\"datePublished\":\"2013-09-09T19:28:45+00:00\",\"dateModified\":\"2018-10-11T08:43:00+00:00\",\"breadcrumb\":{\"@id\":\"https:\/\/polowiec.pl\/en\/legal-bulletin-of-the-law-office-of-adam-polowiec-27-august-1-september-2013-r\/#breadcrumb\"},\"inLanguage\":\"en-US\",\"potentialAction\":[{\"@type\":\"ReadAction\",\"target\":[\"https:\/\/polowiec.pl\/en\/legal-bulletin-of-the-law-office-of-adam-polowiec-27-august-1-september-2013-r\/\"]}]},{\"@type\":\"BreadcrumbList\",\"@id\":\"https:\/\/polowiec.pl\/en\/legal-bulletin-of-the-law-office-of-adam-polowiec-27-august-1-september-2013-r\/#breadcrumb\",\"itemListElement\":[{\"@type\":\"ListItem\",\"position\":1,\"name\":\"Strona g\u0142\u00f3wna\",\"item\":\"https:\/\/polowiec.pl\/en\/\"},{\"@type\":\"ListItem\",\"position\":2,\"name\":\"Legal Bulletin Of The Law Office Of Adam Polowiec (27 august &#8211; 1 september 2013 r.)\"}]},{\"@type\":\"WebSite\",\"@id\":\"https:\/\/polowiec.pl\/en\/#website\",\"url\":\"https:\/\/polowiec.pl\/en\/\",\"name\":\"Polowiec i Wsp\u00f3lnicy - Kancelaria prawna\",\"description\":\"Obs\u0142uga prawna\",\"publisher\":{\"@id\":\"https:\/\/polowiec.pl\/en\/#organization\"},\"potentialAction\":[{\"@type\":\"SearchAction\",\"target\":{\"@type\":\"EntryPoint\",\"urlTemplate\":\"https:\/\/polowiec.pl\/en\/?s={search_term_string}\"},\"query-input\":{\"@type\":\"PropertyValueSpecification\",\"valueRequired\":true,\"valueName\":\"search_term_string\"}}],\"inLanguage\":\"en-US\"},{\"@type\":\"Organization\",\"@id\":\"https:\/\/polowiec.pl\/en\/#organization\",\"name\":\"Polowiec i Wsp\u00f3lnicy - Kancelaria prawna\",\"url\":\"https:\/\/polowiec.pl\/en\/\",\"logo\":{\"@type\":\"ImageObject\",\"inLanguage\":\"en-US\",\"@id\":\"https:\/\/polowiec.pl\/en\/#\/schema\/logo\/image\/\",\"url\":\"https:\/\/polowiec.pl\/wp-content\/uploads\/2018\/10\/polowiec_logo2-1.png\",\"contentUrl\":\"https:\/\/polowiec.pl\/wp-content\/uploads\/2018\/10\/polowiec_logo2-1.png\",\"width\":540,\"height\":381,\"caption\":\"Polowiec i Wsp\u00f3lnicy - Kancelaria prawna\"},\"image\":{\"@id\":\"https:\/\/polowiec.pl\/en\/#\/schema\/logo\/image\/\"},\"sameAs\":[\"https:\/\/www.facebook.com\/polowieciwspolnicy\/\",\"https:\/\/www.linkedin.com\/company\/polowiec-i-wsplnicy-sp.j.\/about\/\"]},{\"@type\":\"Person\",\"@id\":\"https:\/\/polowiec.pl\/en\/#\/schema\/person\/ed8994874b775675a86115f307352d24\",\"name\":\"Super User\",\"image\":{\"@type\":\"ImageObject\",\"inLanguage\":\"en-US\",\"@id\":\"https:\/\/secure.gravatar.com\/avatar\/e759b874f0fa459bd87c83ff47148fc5718f86d9459564657124e571997afbf7?s=96&d=mm&r=g\",\"url\":\"https:\/\/secure.gravatar.com\/avatar\/e759b874f0fa459bd87c83ff47148fc5718f86d9459564657124e571997afbf7?s=96&d=mm&r=g\",\"contentUrl\":\"https:\/\/secure.gravatar.com\/avatar\/e759b874f0fa459bd87c83ff47148fc5718f86d9459564657124e571997afbf7?s=96&d=mm&r=g\",\"caption\":\"Super User\"}}]}<\/script>\n<!-- \/ Yoast SEO plugin. -->","yoast_head_json":{"title":"Legal Bulletin Of The Law Office Of Adam Polowiec (27 august - 1 september 2013 r.) - Polowiec i Wsp\u00f3lnicy - Kancelaria prawna","robots":{"index":"index","follow":"follow","max-snippet":"max-snippet:-1","max-image-preview":"max-image-preview:large","max-video-preview":"max-video-preview:-1"},"canonical":"https:\/\/polowiec.pl\/en\/legal-bulletin-of-the-law-office-of-adam-polowiec-27-august-1-september-2013-r\/","og_locale":"en_US","og_type":"article","og_title":"Legal Bulletin Of The Law Office Of Adam Polowiec (27 august - 1 september 2013 r.) - Polowiec i Wsp\u00f3lnicy - Kancelaria prawna","og_description":"We would like to present the next issue of legal bulletin of the Law Office of Adam Polowiec.What you will find here is some information about the new provisions of law and the projects of amendments to acts, but also case-laws including the case laws of Supreme Court, Constitutional Tribunal and European Court of Justice.","og_url":"https:\/\/polowiec.pl\/en\/legal-bulletin-of-the-law-office-of-adam-polowiec-27-august-1-september-2013-r\/","og_site_name":"Polowiec i Wsp\u00f3lnicy - Kancelaria prawna","article_publisher":"https:\/\/www.facebook.com\/polowieciwspolnicy\/","article_published_time":"2013-09-09T19:28:45+00:00","article_modified_time":"2018-10-11T08:43:00+00:00","author":"Super User","twitter_card":"summary_large_image","twitter_misc":{"Written by":"Super User","Est. reading time":"7 minutes"},"schema":{"@context":"https:\/\/schema.org","@graph":[{"@type":"Article","@id":"https:\/\/polowiec.pl\/en\/legal-bulletin-of-the-law-office-of-adam-polowiec-27-august-1-september-2013-r\/#article","isPartOf":{"@id":"https:\/\/polowiec.pl\/en\/legal-bulletin-of-the-law-office-of-adam-polowiec-27-august-1-september-2013-r\/"},"author":{"name":"Super User","@id":"https:\/\/polowiec.pl\/en\/#\/schema\/person\/ed8994874b775675a86115f307352d24"},"headline":"Legal Bulletin Of The Law Office Of Adam Polowiec (27 august &#8211; 1 september 2013 r.)","datePublished":"2013-09-09T19:28:45+00:00","dateModified":"2018-10-11T08:43:00+00:00","mainEntityOfPage":{"@id":"https:\/\/polowiec.pl\/en\/legal-bulletin-of-the-law-office-of-adam-polowiec-27-august-1-september-2013-r\/"},"wordCount":1345,"publisher":{"@id":"https:\/\/polowiec.pl\/en\/#organization"},"articleSection":["Newsletter"],"inLanguage":"en-US"},{"@type":"WebPage","@id":"https:\/\/polowiec.pl\/en\/legal-bulletin-of-the-law-office-of-adam-polowiec-27-august-1-september-2013-r\/","url":"https:\/\/polowiec.pl\/en\/legal-bulletin-of-the-law-office-of-adam-polowiec-27-august-1-september-2013-r\/","name":"Legal Bulletin Of The Law Office Of Adam Polowiec (27 august - 1 september 2013 r.) - Polowiec i Wsp\u00f3lnicy - Kancelaria prawna","isPartOf":{"@id":"https:\/\/polowiec.pl\/en\/#website"},"datePublished":"2013-09-09T19:28:45+00:00","dateModified":"2018-10-11T08:43:00+00:00","breadcrumb":{"@id":"https:\/\/polowiec.pl\/en\/legal-bulletin-of-the-law-office-of-adam-polowiec-27-august-1-september-2013-r\/#breadcrumb"},"inLanguage":"en-US","potentialAction":[{"@type":"ReadAction","target":["https:\/\/polowiec.pl\/en\/legal-bulletin-of-the-law-office-of-adam-polowiec-27-august-1-september-2013-r\/"]}]},{"@type":"BreadcrumbList","@id":"https:\/\/polowiec.pl\/en\/legal-bulletin-of-the-law-office-of-adam-polowiec-27-august-1-september-2013-r\/#breadcrumb","itemListElement":[{"@type":"ListItem","position":1,"name":"Strona g\u0142\u00f3wna","item":"https:\/\/polowiec.pl\/en\/"},{"@type":"ListItem","position":2,"name":"Legal Bulletin Of The Law Office Of Adam Polowiec (27 august &#8211; 1 september 2013 r.)"}]},{"@type":"WebSite","@id":"https:\/\/polowiec.pl\/en\/#website","url":"https:\/\/polowiec.pl\/en\/","name":"Polowiec i Wsp\u00f3lnicy - Kancelaria prawna","description":"Obs\u0142uga prawna","publisher":{"@id":"https:\/\/polowiec.pl\/en\/#organization"},"potentialAction":[{"@type":"SearchAction","target":{"@type":"EntryPoint","urlTemplate":"https:\/\/polowiec.pl\/en\/?s={search_term_string}"},"query-input":{"@type":"PropertyValueSpecification","valueRequired":true,"valueName":"search_term_string"}}],"inLanguage":"en-US"},{"@type":"Organization","@id":"https:\/\/polowiec.pl\/en\/#organization","name":"Polowiec i Wsp\u00f3lnicy - Kancelaria prawna","url":"https:\/\/polowiec.pl\/en\/","logo":{"@type":"ImageObject","inLanguage":"en-US","@id":"https:\/\/polowiec.pl\/en\/#\/schema\/logo\/image\/","url":"https:\/\/polowiec.pl\/wp-content\/uploads\/2018\/10\/polowiec_logo2-1.png","contentUrl":"https:\/\/polowiec.pl\/wp-content\/uploads\/2018\/10\/polowiec_logo2-1.png","width":540,"height":381,"caption":"Polowiec i Wsp\u00f3lnicy - Kancelaria prawna"},"image":{"@id":"https:\/\/polowiec.pl\/en\/#\/schema\/logo\/image\/"},"sameAs":["https:\/\/www.facebook.com\/polowieciwspolnicy\/","https:\/\/www.linkedin.com\/company\/polowiec-i-wsplnicy-sp.j.\/about\/"]},{"@type":"Person","@id":"https:\/\/polowiec.pl\/en\/#\/schema\/person\/ed8994874b775675a86115f307352d24","name":"Super User","image":{"@type":"ImageObject","inLanguage":"en-US","@id":"https:\/\/secure.gravatar.com\/avatar\/e759b874f0fa459bd87c83ff47148fc5718f86d9459564657124e571997afbf7?s=96&d=mm&r=g","url":"https:\/\/secure.gravatar.com\/avatar\/e759b874f0fa459bd87c83ff47148fc5718f86d9459564657124e571997afbf7?s=96&d=mm&r=g","contentUrl":"https:\/\/secure.gravatar.com\/avatar\/e759b874f0fa459bd87c83ff47148fc5718f86d9459564657124e571997afbf7?s=96&d=mm&r=g","caption":"Super User"}}]}},"_links":{"self":[{"href":"https:\/\/polowiec.pl\/en\/wp-json\/wp\/v2\/posts\/489","targetHints":{"allow":["GET"]}}],"collection":[{"href":"https:\/\/polowiec.pl\/en\/wp-json\/wp\/v2\/posts"}],"about":[{"href":"https:\/\/polowiec.pl\/en\/wp-json\/wp\/v2\/types\/post"}],"author":[{"embeddable":true,"href":"https:\/\/polowiec.pl\/en\/wp-json\/wp\/v2\/users\/2"}],"replies":[{"embeddable":true,"href":"https:\/\/polowiec.pl\/en\/wp-json\/wp\/v2\/comments?post=489"}],"version-history":[{"count":0,"href":"https:\/\/polowiec.pl\/en\/wp-json\/wp\/v2\/posts\/489\/revisions"}],"wp:attachment":[{"href":"https:\/\/polowiec.pl\/en\/wp-json\/wp\/v2\/media?parent=489"}],"wp:term":[{"taxonomy":"category","embeddable":true,"href":"https:\/\/polowiec.pl\/en\/wp-json\/wp\/v2\/categories?post=489"},{"taxonomy":"post_tag","embeddable":true,"href":"https:\/\/polowiec.pl\/en\/wp-json\/wp\/v2\/tags?post=489"}],"curies":[{"name":"wp","href":"https:\/\/api.w.org\/{rel}","templated":true}]}}