{"id":502,"date":"2014-01-29T00:37:29","date_gmt":"2014-01-28T23:37:29","guid":{"rendered":"https:\/\/nowa.polowiec.pl\/legal-bulletin-of-the-law-office-of-adam-polowiec-2-8-december-2013-r\/"},"modified":"2018-10-11T10:42:59","modified_gmt":"2018-10-11T08:42:59","slug":"legal-bulletin-of-the-law-office-of-adam-polowiec-2-8-december-2013-r","status":"publish","type":"post","link":"https:\/\/polowiec.pl\/en\/legal-bulletin-of-the-law-office-of-adam-polowiec-2-8-december-2013-r\/","title":{"rendered":"Legal Bulletin Of The Law Office Of Adam Polowiec (2 &#8211; 8 december 2013 r.)"},"content":{"rendered":"<p>We would like to present the next issue of legal bulletin of the Law Office of Adam Polowiec.<br \/>What you will find here is some information about the new provisions of law and the projects of amendments to acts, but also case-laws including the case laws of Supreme Court, Constitutional Tribunal and European Court of Justice. <!--more--> <\/p>\n<h3 class=\"newsletter-naglowek\">Nowe Prawo<\/h3>\n<p><strong>PRAWO PRACY I UBEZPIECZE\u0143 SPO\u0141ECZNYCH<\/strong><\/p>\n<p><strong>Rozporz\u0105dzenie<\/strong> Ministra Pracy i Polityki Spo\u0142ecznej z dnia 7 listopada 2013 r. zmieniaj\u0105ce rozporz\u0105dzenie w sprawie okre\u015blenia dowod\u00f3w stanowi\u0105cych podstaw\u0119 przyznania i wyp\u0142aty zasi\u0142k\u00f3w z ubezpieczenia spo\u0142ecznego w razie choroby i\u00a0macierzy\u0144stwa (Dz. U. z 2013 r., poz. 1380) \u2013 <strong>wesz\u0142o w \u017cycie z dniem 26\u00a0listopada\u00a02013 r.<\/strong><\/p>\n<p>W rozporz\u0105dzeniu Ministra Pracy i Polityki Spo\u0142ecznej z dnia 2 kwietnia 2012 r. w sprawie okre\u015blenia dowod\u00f3w stanowi\u0105cych podstaw\u0119 przyznania i wyp\u0142aty zasi\u0142k\u00f3w z\u00a0ubezpieczenia spo\u0142ecznego w razie choroby i macierzy\u0144stwa (Dz. U. z 2012 r., poz.\u00a0444) uleg\u0142o zmianie brzmienie \u00a712, \u00a714 \u2013 19, \u00a723, za\u0142\u0105cznik nr 1, zosta\u0142o dodane \u00a718a, \u00a719a \u2013 c.<\/p>\n<p><strong>\u00a0<\/strong><\/p>\n<p><strong>OCHRONA ZDROWIA<\/strong><\/p>\n<p><strong>Rozporz\u0105dzenie <\/strong>Ministra Zdrowia z dnia 6 listopada 2013 r. w sprawie \u015bwiadcze\u0144 gwarantowanych z zakresu opieki psychiatrycznej i leczenia uzale\u017cnie\u0144 (Dz. U. z\u00a0 2013 r., poz. 1386) \u2013 <strong>wejdzie w \u017cycie z dniem 12 grudnia 2013 r.<\/strong><\/p>\n<p><strong>\u00a0<\/strong><\/p>\n<p><strong>PODATKI I RACHUNKOWO\u015a\u0106<\/strong><\/p>\n<p><strong>Ustawa<\/strong> z dnia 8 listopada 2013 r. o zmianie ustawy o podatku dochodowym od os\u00f3b prawnych, ustawy o podatku dochodowym od os\u00f3b fizycznych oraz ustawy o podatku tona\u017cowym (Dz. U. z 2013 r., poz. 1387) \u2013 <strong>wejdzie w \u017cycie z dniem 1\u00a0stycznia\u00a02014\u00a0r., z wyj\u0105tkiem art. 4 ust. 2, kt\u00f3ry wchodzi w \u017cycie w dniu 12\u00a0grudnia 2013 r.<\/strong><\/p>\n<p>W ustawie z dnia 15 lutego 1992 r. o podatku dochodowym od os\u00f3b prawnych (Dz.\u00a0U.\u00a0z\u00a02011 r., nr 74, poz. 397 z p\u00f3\u017an. zm.) uleg\u0142o zmianie brzmienie art. 1, art. 4a, art. 5, art. 10, art. 12, art. 15, art. 16, art. 16g, art. 16 h, art. 17, art. 17b, art. 20 \u2013 22, art. 25, art. 26 oraz za\u0142\u0105cznika nr 3.<\/p>\n<p>W ustawie z dnia 26 lipca 1991 r. o podatku dochodowym od os\u00f3b fizycznych (Dz.\u00a0U.\u00a0z\u00a02012 r., poz. 361 z p\u00f3\u017an. zm.) uleg\u0142o zmianie brzmienie art. 5a, art. 5b, art. 9, art. 9a, art. 10, art. 17, art. 21, art. 22, art. 22g, art. 22h, art. 22k, art. 23, art. 23b, 24, art. 30a, art. 30b, art. 41, art. 44 oraz za\u0142\u0105cznika nr 3.<\/p>\n<p>W ustawie z dnia 24 sierpnia 2006 r. o podatku tona\u017cowym (Dz. U. z 2006 r., nr 183, poz. 1353, z 2008 r., nr 209, poz. 1316 oraz z 2012 r., poz. 1540) uleg\u0142o zmianie brzmienie art. 2 i art. 7.<\/p>\n<p><strong>\u00a0<\/strong><\/p>\n<p><strong>KSI\u0118GI WIECZYSTE<\/strong><strong>\u00a0\u00a0\u00a0\u00a0\u00a0\u00a0\u00a0\u00a0\u00a0\u00a0\u00a0\u00a0\u00a0\u00a0\u00a0\u00a0\u00a0\u00a0\u00a0\u00a0\u00a0\u00a0\u00a0\u00a0 <\/strong><\/p>\n<p><strong>Rozporz\u0105dzenie <\/strong>Ministra Sprawiedliwo\u015bci z dnia 21 listopada 2013 r. w sprawie okre\u015blenia s\u0105d\u00f3w rejonowych prowadz\u0105cych ksi\u0119gi wieczyste oraz obszar\u00f3w ich\u00a0w\u0142a\u015bciwo\u015bci miejscowej (Dz. U. z 2013 r., poz. 1394) \u2013 <strong>wesz\u0142o w \u017cycie z dniem 1\u00a0grudnia 2013 r.<\/strong><\/p>\n<p><strong>Rozporz\u0105dzenie <\/strong>Ministra Sprawiedliwo\u015bci z dnia 21 listopada 2013 r. w sprawie wzoru zawiadomienia o zmianie w\u0142a\u015bciciela nieruchomo\u015bci, dla kt\u00f3rej za\u0142o\u017cona jest ksi\u0119ga wieczysta (Dz. U. z 2013 r., poz. 1395) \u2013 <strong>wesz\u0142o w \u017cycie z dniem 1\u00a0grudnia 2013 r.<\/strong><\/p>\n<p><strong>Rozporz\u0105dzenie <\/strong>Ministra Sprawiedliwo\u015bci z dnia 21 listopada 2013 r. w sprawie okre\u015blenia czynno\u015bci, kt\u00f3re przy prowadzeniu i przechowywaniu ksi\u0105g wieczystych mog\u0105 spe\u0142nia\u0107 samodzielnie pracownicy s\u0105dowi (Dz. U. z 2013 r., poz. 1396) \u2013 <strong>wesz\u0142o w\u00a0\u017cycie z dniem 1\u00a0grudnia 2013 r.<\/strong><\/p>\n<p><strong>Rozporz\u0105dzenie <\/strong>Ministra Sprawiedliwo\u015bci z dnia 21 listopada 2013 r. w sprawie prowadzenia zbioru dokument\u00f3w dla nieruchomo\u015bci, kt\u00f3re nie maj\u0105 za\u0142o\u017conych ksi\u0105g wieczystych albo kt\u00f3rych ksi\u0119gi wieczyste zagin\u0119\u0142y lub uleg\u0142y zniszczeniu, oraz post\u0119powania w tych sprawach (Dz. U. z 2013 r., poz. 1397) \u2013 <strong>wesz\u0142o w\u00a0\u017cycie z dniem 1\u00a0grudnia 2013 r.<\/strong><\/p>\n<p><strong>Rozporz\u0105dzenie <\/strong>Ministra Sprawiedliwo\u015bci z dnia 27 listopada 2013 r. w sprawie Centralnej Informacji Ksi\u0105g Wieczystych (Dz. U. z 2013 r., poz. 1407) \u2013 <strong>wesz\u0142o w\u00a0\u017cycie z dniem 1\u00a0grudnia 2013 r.<\/strong><\/p>\n<p><strong>Rozporz\u0105dzenie <\/strong>Ministra Sprawiedliwo\u015bci z dnia 21 listopada 2013 r. w sprawie zak\u0142adania i prowadzenia ksi\u0105g wieczystych w systemie informatycznym (Dz.\u00a0U.\u00a0z\u00a02013\u00a0r., poz. 1411) \u2013 <strong>wesz\u0142o w\u00a0\u017cycie z dniem 1\u00a0grudnia 2013 r.<\/strong><\/p>\n<p><strong>Rozporz\u0105dzenie <\/strong>Ministra Sprawiedliwo\u015bci z dnia 29 listopada 2013 r. w sprawie wysoko\u015bci op\u0142at od wniosk\u00f3w o wydanie przez Centraln\u0105 Informacj\u0119 Ksi\u0105g Wieczystych odpis\u00f3w ksi\u0105g wieczystych, wyci\u0105g\u00f3w z ksi\u0105g wieczystych i za\u015bwiadcze\u0144 o zamkni\u0119ciu ksi\u0105g wieczystych oraz od wniosku o wyszukanie ksi\u0105g wieczystych w centralnej bazie danych ksi\u0105g wieczystych (Dz.\u00a0U.\u00a0z\u00a02013\u00a0r., poz. 1412) \u2013 <strong>wesz\u0142o w\u00a0\u017cycie z dniem 1\u00a0grudnia 2013 r.<\/strong><\/p>\n","protected":false},"excerpt":{"rendered":"<p>We would like to present the next issue of legal bulletin of the Law Office of Adam Polowiec.What you will find here is some information about the new provisions of law and the projects of amendments to acts, but also case-laws including the case laws of Supreme Court, Constitutional Tribunal and European Court of Justice.<\/p>\n","protected":false},"author":2,"featured_media":0,"comment_status":"closed","ping_status":"open","sticky":false,"template":"","format":"standard","meta":{"footnotes":""},"categories":[11],"tags":[],"class_list":["post-502","post","type-post","status-publish","format-standard","hentry","category-newsletters"],"featured_image_src":{"landsacpe":false,"list":false,"medium":false,"full":false},"yoast_head":"<!-- This site is optimized with the Yoast SEO plugin v27.2 - https:\/\/yoast.com\/product\/yoast-seo-wordpress\/ -->\n<title>Legal Bulletin Of The Law Office Of Adam Polowiec (2 - 8 december 2013 r.) - Polowiec i Wsp\u00f3lnicy - Kancelaria prawna<\/title>\n<meta name=\"robots\" content=\"index, follow, max-snippet:-1, max-image-preview:large, max-video-preview:-1\" \/>\n<link rel=\"canonical\" href=\"https:\/\/polowiec.pl\/en\/legal-bulletin-of-the-law-office-of-adam-polowiec-2-8-december-2013-r\/\" \/>\n<meta property=\"og:locale\" content=\"en_US\" \/>\n<meta property=\"og:type\" content=\"article\" \/>\n<meta property=\"og:title\" content=\"Legal Bulletin Of The Law Office Of Adam Polowiec (2 - 8 december 2013 r.) - Polowiec i Wsp\u00f3lnicy - Kancelaria prawna\" \/>\n<meta property=\"og:description\" content=\"We would like to present the next issue of legal bulletin of the Law Office of Adam Polowiec.What you will find here is some information about the new provisions of law and the projects of amendments to acts, but also case-laws including the case laws of Supreme Court, Constitutional Tribunal and European Court of Justice.\" \/>\n<meta property=\"og:url\" content=\"https:\/\/polowiec.pl\/en\/legal-bulletin-of-the-law-office-of-adam-polowiec-2-8-december-2013-r\/\" \/>\n<meta property=\"og:site_name\" content=\"Polowiec i Wsp\u00f3lnicy - Kancelaria prawna\" \/>\n<meta property=\"article:publisher\" content=\"https:\/\/www.facebook.com\/polowieciwspolnicy\/\" \/>\n<meta property=\"article:published_time\" content=\"2014-01-28T23:37:29+00:00\" \/>\n<meta property=\"article:modified_time\" content=\"2018-10-11T08:42:59+00:00\" \/>\n<meta name=\"author\" content=\"Super User\" \/>\n<meta name=\"twitter:card\" content=\"summary_large_image\" \/>\n<meta name=\"twitter:label1\" content=\"Written by\" \/>\n\t<meta name=\"twitter:data1\" content=\"Super User\" \/>\n\t<meta name=\"twitter:label2\" content=\"Est. reading time\" \/>\n\t<meta name=\"twitter:data2\" content=\"4 minutes\" \/>\n<script type=\"application\/ld+json\" class=\"yoast-schema-graph\">{\"@context\":\"https:\/\/schema.org\",\"@graph\":[{\"@type\":\"Article\",\"@id\":\"https:\/\/polowiec.pl\/en\/legal-bulletin-of-the-law-office-of-adam-polowiec-2-8-december-2013-r\/#article\",\"isPartOf\":{\"@id\":\"https:\/\/polowiec.pl\/en\/legal-bulletin-of-the-law-office-of-adam-polowiec-2-8-december-2013-r\/\"},\"author\":{\"name\":\"Super User\",\"@id\":\"https:\/\/polowiec.pl\/en\/#\/schema\/person\/ed8994874b775675a86115f307352d24\"},\"headline\":\"Legal Bulletin Of The Law Office Of Adam Polowiec (2 &#8211; 8 december 2013 r.)\",\"datePublished\":\"2014-01-28T23:37:29+00:00\",\"dateModified\":\"2018-10-11T08:42:59+00:00\",\"mainEntityOfPage\":{\"@id\":\"https:\/\/polowiec.pl\/en\/legal-bulletin-of-the-law-office-of-adam-polowiec-2-8-december-2013-r\/\"},\"wordCount\":747,\"publisher\":{\"@id\":\"https:\/\/polowiec.pl\/en\/#organization\"},\"articleSection\":[\"Newsletter\"],\"inLanguage\":\"en-US\"},{\"@type\":\"WebPage\",\"@id\":\"https:\/\/polowiec.pl\/en\/legal-bulletin-of-the-law-office-of-adam-polowiec-2-8-december-2013-r\/\",\"url\":\"https:\/\/polowiec.pl\/en\/legal-bulletin-of-the-law-office-of-adam-polowiec-2-8-december-2013-r\/\",\"name\":\"Legal Bulletin Of The Law Office Of Adam Polowiec (2 - 8 december 2013 r.) - Polowiec i Wsp\u00f3lnicy - Kancelaria prawna\",\"isPartOf\":{\"@id\":\"https:\/\/polowiec.pl\/en\/#website\"},\"datePublished\":\"2014-01-28T23:37:29+00:00\",\"dateModified\":\"2018-10-11T08:42:59+00:00\",\"breadcrumb\":{\"@id\":\"https:\/\/polowiec.pl\/en\/legal-bulletin-of-the-law-office-of-adam-polowiec-2-8-december-2013-r\/#breadcrumb\"},\"inLanguage\":\"en-US\",\"potentialAction\":[{\"@type\":\"ReadAction\",\"target\":[\"https:\/\/polowiec.pl\/en\/legal-bulletin-of-the-law-office-of-adam-polowiec-2-8-december-2013-r\/\"]}]},{\"@type\":\"BreadcrumbList\",\"@id\":\"https:\/\/polowiec.pl\/en\/legal-bulletin-of-the-law-office-of-adam-polowiec-2-8-december-2013-r\/#breadcrumb\",\"itemListElement\":[{\"@type\":\"ListItem\",\"position\":1,\"name\":\"Strona g\u0142\u00f3wna\",\"item\":\"https:\/\/polowiec.pl\/en\/\"},{\"@type\":\"ListItem\",\"position\":2,\"name\":\"Legal Bulletin Of The Law Office Of Adam Polowiec (2 &#8211; 8 december 2013 r.)\"}]},{\"@type\":\"WebSite\",\"@id\":\"https:\/\/polowiec.pl\/en\/#website\",\"url\":\"https:\/\/polowiec.pl\/en\/\",\"name\":\"Polowiec i Wsp\u00f3lnicy - Kancelaria prawna\",\"description\":\"Obs\u0142uga prawna\",\"publisher\":{\"@id\":\"https:\/\/polowiec.pl\/en\/#organization\"},\"potentialAction\":[{\"@type\":\"SearchAction\",\"target\":{\"@type\":\"EntryPoint\",\"urlTemplate\":\"https:\/\/polowiec.pl\/en\/?s={search_term_string}\"},\"query-input\":{\"@type\":\"PropertyValueSpecification\",\"valueRequired\":true,\"valueName\":\"search_term_string\"}}],\"inLanguage\":\"en-US\"},{\"@type\":\"Organization\",\"@id\":\"https:\/\/polowiec.pl\/en\/#organization\",\"name\":\"Polowiec i Wsp\u00f3lnicy - Kancelaria prawna\",\"url\":\"https:\/\/polowiec.pl\/en\/\",\"logo\":{\"@type\":\"ImageObject\",\"inLanguage\":\"en-US\",\"@id\":\"https:\/\/polowiec.pl\/en\/#\/schema\/logo\/image\/\",\"url\":\"https:\/\/polowiec.pl\/wp-content\/uploads\/2018\/10\/polowiec_logo2-1.png\",\"contentUrl\":\"https:\/\/polowiec.pl\/wp-content\/uploads\/2018\/10\/polowiec_logo2-1.png\",\"width\":540,\"height\":381,\"caption\":\"Polowiec i Wsp\u00f3lnicy - Kancelaria prawna\"},\"image\":{\"@id\":\"https:\/\/polowiec.pl\/en\/#\/schema\/logo\/image\/\"},\"sameAs\":[\"https:\/\/www.facebook.com\/polowieciwspolnicy\/\",\"https:\/\/www.linkedin.com\/company\/polowiec-i-wsplnicy-sp.j.\/about\/\"]},{\"@type\":\"Person\",\"@id\":\"https:\/\/polowiec.pl\/en\/#\/schema\/person\/ed8994874b775675a86115f307352d24\",\"name\":\"Super User\",\"image\":{\"@type\":\"ImageObject\",\"inLanguage\":\"en-US\",\"@id\":\"https:\/\/secure.gravatar.com\/avatar\/e759b874f0fa459bd87c83ff47148fc5718f86d9459564657124e571997afbf7?s=96&d=mm&r=g\",\"url\":\"https:\/\/secure.gravatar.com\/avatar\/e759b874f0fa459bd87c83ff47148fc5718f86d9459564657124e571997afbf7?s=96&d=mm&r=g\",\"contentUrl\":\"https:\/\/secure.gravatar.com\/avatar\/e759b874f0fa459bd87c83ff47148fc5718f86d9459564657124e571997afbf7?s=96&d=mm&r=g\",\"caption\":\"Super User\"}}]}<\/script>\n<!-- \/ Yoast SEO plugin. -->","yoast_head_json":{"title":"Legal Bulletin Of The Law Office Of Adam Polowiec (2 - 8 december 2013 r.) - Polowiec i Wsp\u00f3lnicy - Kancelaria prawna","robots":{"index":"index","follow":"follow","max-snippet":"max-snippet:-1","max-image-preview":"max-image-preview:large","max-video-preview":"max-video-preview:-1"},"canonical":"https:\/\/polowiec.pl\/en\/legal-bulletin-of-the-law-office-of-adam-polowiec-2-8-december-2013-r\/","og_locale":"en_US","og_type":"article","og_title":"Legal Bulletin Of The Law Office Of Adam Polowiec (2 - 8 december 2013 r.) - Polowiec i Wsp\u00f3lnicy - Kancelaria prawna","og_description":"We would like to present the next issue of legal bulletin of the Law Office of Adam Polowiec.What you will find here is some information about the new provisions of law and the projects of amendments to acts, but also case-laws including the case laws of Supreme Court, Constitutional Tribunal and European Court of Justice.","og_url":"https:\/\/polowiec.pl\/en\/legal-bulletin-of-the-law-office-of-adam-polowiec-2-8-december-2013-r\/","og_site_name":"Polowiec i Wsp\u00f3lnicy - Kancelaria prawna","article_publisher":"https:\/\/www.facebook.com\/polowieciwspolnicy\/","article_published_time":"2014-01-28T23:37:29+00:00","article_modified_time":"2018-10-11T08:42:59+00:00","author":"Super User","twitter_card":"summary_large_image","twitter_misc":{"Written by":"Super User","Est. reading time":"4 minutes"},"schema":{"@context":"https:\/\/schema.org","@graph":[{"@type":"Article","@id":"https:\/\/polowiec.pl\/en\/legal-bulletin-of-the-law-office-of-adam-polowiec-2-8-december-2013-r\/#article","isPartOf":{"@id":"https:\/\/polowiec.pl\/en\/legal-bulletin-of-the-law-office-of-adam-polowiec-2-8-december-2013-r\/"},"author":{"name":"Super User","@id":"https:\/\/polowiec.pl\/en\/#\/schema\/person\/ed8994874b775675a86115f307352d24"},"headline":"Legal Bulletin Of The Law Office Of Adam Polowiec (2 &#8211; 8 december 2013 r.)","datePublished":"2014-01-28T23:37:29+00:00","dateModified":"2018-10-11T08:42:59+00:00","mainEntityOfPage":{"@id":"https:\/\/polowiec.pl\/en\/legal-bulletin-of-the-law-office-of-adam-polowiec-2-8-december-2013-r\/"},"wordCount":747,"publisher":{"@id":"https:\/\/polowiec.pl\/en\/#organization"},"articleSection":["Newsletter"],"inLanguage":"en-US"},{"@type":"WebPage","@id":"https:\/\/polowiec.pl\/en\/legal-bulletin-of-the-law-office-of-adam-polowiec-2-8-december-2013-r\/","url":"https:\/\/polowiec.pl\/en\/legal-bulletin-of-the-law-office-of-adam-polowiec-2-8-december-2013-r\/","name":"Legal Bulletin Of The Law Office Of Adam Polowiec (2 - 8 december 2013 r.) - Polowiec i Wsp\u00f3lnicy - Kancelaria prawna","isPartOf":{"@id":"https:\/\/polowiec.pl\/en\/#website"},"datePublished":"2014-01-28T23:37:29+00:00","dateModified":"2018-10-11T08:42:59+00:00","breadcrumb":{"@id":"https:\/\/polowiec.pl\/en\/legal-bulletin-of-the-law-office-of-adam-polowiec-2-8-december-2013-r\/#breadcrumb"},"inLanguage":"en-US","potentialAction":[{"@type":"ReadAction","target":["https:\/\/polowiec.pl\/en\/legal-bulletin-of-the-law-office-of-adam-polowiec-2-8-december-2013-r\/"]}]},{"@type":"BreadcrumbList","@id":"https:\/\/polowiec.pl\/en\/legal-bulletin-of-the-law-office-of-adam-polowiec-2-8-december-2013-r\/#breadcrumb","itemListElement":[{"@type":"ListItem","position":1,"name":"Strona g\u0142\u00f3wna","item":"https:\/\/polowiec.pl\/en\/"},{"@type":"ListItem","position":2,"name":"Legal Bulletin Of The Law Office Of Adam Polowiec (2 &#8211; 8 december 2013 r.)"}]},{"@type":"WebSite","@id":"https:\/\/polowiec.pl\/en\/#website","url":"https:\/\/polowiec.pl\/en\/","name":"Polowiec i Wsp\u00f3lnicy - Kancelaria prawna","description":"Obs\u0142uga prawna","publisher":{"@id":"https:\/\/polowiec.pl\/en\/#organization"},"potentialAction":[{"@type":"SearchAction","target":{"@type":"EntryPoint","urlTemplate":"https:\/\/polowiec.pl\/en\/?s={search_term_string}"},"query-input":{"@type":"PropertyValueSpecification","valueRequired":true,"valueName":"search_term_string"}}],"inLanguage":"en-US"},{"@type":"Organization","@id":"https:\/\/polowiec.pl\/en\/#organization","name":"Polowiec i Wsp\u00f3lnicy - Kancelaria prawna","url":"https:\/\/polowiec.pl\/en\/","logo":{"@type":"ImageObject","inLanguage":"en-US","@id":"https:\/\/polowiec.pl\/en\/#\/schema\/logo\/image\/","url":"https:\/\/polowiec.pl\/wp-content\/uploads\/2018\/10\/polowiec_logo2-1.png","contentUrl":"https:\/\/polowiec.pl\/wp-content\/uploads\/2018\/10\/polowiec_logo2-1.png","width":540,"height":381,"caption":"Polowiec i Wsp\u00f3lnicy - Kancelaria prawna"},"image":{"@id":"https:\/\/polowiec.pl\/en\/#\/schema\/logo\/image\/"},"sameAs":["https:\/\/www.facebook.com\/polowieciwspolnicy\/","https:\/\/www.linkedin.com\/company\/polowiec-i-wsplnicy-sp.j.\/about\/"]},{"@type":"Person","@id":"https:\/\/polowiec.pl\/en\/#\/schema\/person\/ed8994874b775675a86115f307352d24","name":"Super User","image":{"@type":"ImageObject","inLanguage":"en-US","@id":"https:\/\/secure.gravatar.com\/avatar\/e759b874f0fa459bd87c83ff47148fc5718f86d9459564657124e571997afbf7?s=96&d=mm&r=g","url":"https:\/\/secure.gravatar.com\/avatar\/e759b874f0fa459bd87c83ff47148fc5718f86d9459564657124e571997afbf7?s=96&d=mm&r=g","contentUrl":"https:\/\/secure.gravatar.com\/avatar\/e759b874f0fa459bd87c83ff47148fc5718f86d9459564657124e571997afbf7?s=96&d=mm&r=g","caption":"Super User"}}]}},"_links":{"self":[{"href":"https:\/\/polowiec.pl\/en\/wp-json\/wp\/v2\/posts\/502","targetHints":{"allow":["GET"]}}],"collection":[{"href":"https:\/\/polowiec.pl\/en\/wp-json\/wp\/v2\/posts"}],"about":[{"href":"https:\/\/polowiec.pl\/en\/wp-json\/wp\/v2\/types\/post"}],"author":[{"embeddable":true,"href":"https:\/\/polowiec.pl\/en\/wp-json\/wp\/v2\/users\/2"}],"replies":[{"embeddable":true,"href":"https:\/\/polowiec.pl\/en\/wp-json\/wp\/v2\/comments?post=502"}],"version-history":[{"count":0,"href":"https:\/\/polowiec.pl\/en\/wp-json\/wp\/v2\/posts\/502\/revisions"}],"wp:attachment":[{"href":"https:\/\/polowiec.pl\/en\/wp-json\/wp\/v2\/media?parent=502"}],"wp:term":[{"taxonomy":"category","embeddable":true,"href":"https:\/\/polowiec.pl\/en\/wp-json\/wp\/v2\/categories?post=502"},{"taxonomy":"post_tag","embeddable":true,"href":"https:\/\/polowiec.pl\/en\/wp-json\/wp\/v2\/tags?post=502"}],"curies":[{"name":"wp","href":"https:\/\/api.w.org\/{rel}","templated":true}]}}