{"id":507,"date":"2014-02-18T13:14:16","date_gmt":"2014-02-18T12:14:16","guid":{"rendered":"https:\/\/nowa.polowiec.pl\/legal-bulletin-of-the-law-office-of-adam-polowiec-7-12-january-2014-r\/"},"modified":"2018-10-11T10:42:58","modified_gmt":"2018-10-11T08:42:58","slug":"legal-bulletin-of-the-law-office-of-adam-polowiec-7-12-january-2014-r","status":"publish","type":"post","link":"https:\/\/polowiec.pl\/en\/legal-bulletin-of-the-law-office-of-adam-polowiec-7-12-january-2014-r\/","title":{"rendered":"Legal Bulletin Of The Law Office Of Adam Polowiec (7 \u2013 12 january 2014 r.)"},"content":{"rendered":"<p>We would like to present the next issue of legal bulletin of the Law Office of Adam Polowiec.<br \/>What you will find here is some information about the new provisions of law and the projects of amendments to acts, but also case-laws including the case laws of Supreme Court, Constitutional Tribunal and European Court of Justice. <!--more--> <\/p>\n<h3 class=\"newsletter-naglowek\">Nowe Prawo<\/h3>\n<p><strong>PRAWO PRACY I UBEZPIECZE\u0143 SPO\u0141ECZNYCH<\/strong><\/p>\n<p><strong>Rozporz\u0105dzenie<\/strong> Ministra Spraw Wewn\u0119trznych z dnia 9 grudnia 2013 r. zmieniaj\u0105ce rozporz\u0105dzenie w sprawie upowa\u017cnienia organ\u00f3w do uznawania kwalifikacji w\u00a0zawodach\u00a0regulowanych (Dz. U. z 2013 r., poz. 1561) \u2013 <strong>wesz\u0142o w \u017cycie z dniem 1\u00a0stycznia\u00a02014 r.<\/strong><\/p>\n<p>W rozporz\u0105dzeniu Ministra Spraw Wewn\u0119trznych i Administracji z dnia 2 marca 2010 r. w\u00a0sprawie upowa\u017cnienia organ\u00f3w do uznawania kwalifikacji w zawodach regulowanych (Dz. U. z 2010 r., nr 45, poz. 268) uleg\u0142o zmianie brzmienie \u00a71.<\/p>\n<p><strong>\u00a0<\/strong><\/p>\n<p><strong>PODATKI I RACHUNKOWO\u015a\u0106<\/strong><\/p>\n<p><strong>Rozporz\u0105dzenie<\/strong> Ministra Finans\u00f3w z dnia 9 grudnia 2013 r. zmieniaj\u0105ce rozporz\u0105dzenie w sprawie okre\u015blenia rodzaj\u00f3w deklaracji, kt\u00f3re mog\u0105 by\u0107 sk\u0142adane za pomoc\u0105 \u015brodk\u00f3w komunikacji elektronicznej (Dz. U. z 2013 r., poz. 1547) \u2013 <strong>wesz\u0142o w \u017cycie z dniem 14\u00a0grudnia 2013 r.<\/strong><\/p>\n<p>W rozporz\u0105dzeniu Ministra Finans\u00f3w z dnia 5 czerwca 2013 r. w sprawie okre\u015blenia rodzaj\u00f3w deklaracji, kt\u00f3re mog\u0105 by\u0107 sk\u0142adane za pomoc\u0105 \u015brodk\u00f3w komunikacji elektronicznej (Dz. U. z 2013 r., poz. 669) uleg\u0142o zmianie brzmienie \u00a71.<\/p>\n<p><strong>Rozporz\u0105dzenie<\/strong> Ministra Finans\u00f3w z dnia 13 grudnia 2013 r. zmieniaj\u0105ce rozporz\u0105dzenie w sprawie zwolnie\u0144 od podatku akcyzowego (Dz. U. z 2013 r., 1580)\u00a0\u2013 <strong>wesz\u0142o w \u017cycie z dniem 1 stycznia 2014 r.<\/strong><\/p>\n<p>W rozporz\u0105dzeniu Ministra Finans\u00f3w z dnia 8 lutego 2013 r. w sprawie zwolnie\u0144 od\u00a0podatku akcyzowego (Dz. U. z 2013 r., poz. 212) uleg\u0142o zmianie brzmienie \u00a72, \u00a719, \u00a720, \u00a722, \u00a723, \u00a726, \u00a729, \u00a731, \u00a733, \u00a735.<\/p>\n<p><strong>Rozporz\u0105dzenie<\/strong> Ministra Finans\u00f3w z dnia 13 grudnia 2013 r. zmieniaj\u0105ce rozporz\u0105dzenie w sprawie wykaz\u00f3w towar\u00f3w do cel\u00f3w poboru podatku od towar\u00f3w i\u00a0us\u0142ug w imporcie (Dz. U. z 2013 r., poz. 1589) \u2013 <strong>wesz\u0142o w \u017cycie z dniem 1\u00a0stycznia\u00a02014 r.<\/strong><\/p>\n<p>W rozporz\u0105dzeniu Ministra Finans\u00f3w z dnia 22 grudnia 2011 r. w sprawie wykaz\u00f3w towar\u00f3w do cel\u00f3w poboru podatku od towar\u00f3w i us\u0142ug w imporcie (Dz. U. z 2013 r., poz.\u00a0206 i 359) uleg\u0142o zmianie brzmienie za\u0142\u0105cznika nr 1.<\/p>\n<p><strong>Ustawa <\/strong>z dnia 8 listopada 2013 r. o zmianie ustawy o podatku od towar\u00f3w i us\u0142ug oraz niekt\u00f3rych innych ustaw (Dz. U. z 2013 r., poz. 1608) \u2013 <strong>wesz\u0142a w \u017cycie z dniem 31\u00a0grudnia 2013 r.<\/strong><\/p>\n<p>W ustawie z dnia 11 marca 2004 r. o podatku od towar\u00f3w i us\u0142ug (Dz. U. z 2011 r., nr\u00a0177, poz. 1054 z p\u00f3\u017an. zm.) uleg\u0142o zmianie brzmienie art. 146a, art. 146f, art. 146g, art., 146gm art., 146h, art. 146i.<\/p>\n<p>W ustawie z dnia 29 sierpnia 2005 r. o zwrocie osobom fizycznym niekt\u00f3rych wydatk\u00f3w zwi\u0105zanych z budownictwem mieszkaniowym (Dz. U. z 2005 r., nr 177, poz. 1468 z p\u00f3\u017an. zm.) uleg\u0142 zmianie brzmienie art. 11a.<\/p>\n<p>W ustawie z dnia 7 grudnia 2012 r. o zmianie ustawy o podatku od towar\u00f3w i us\u0142ug oraz niekt\u00f3rych innych ustaw (Dz. U. z 2013 r., poz. 35 i 1027) uleg\u0142o zmianie brzmienie art.\u00a07, art. 8.<\/p>\n<p>W ustawie z dnia 27 wrze\u015bnia 2013 r. o pomocy pa\u0144stwa w nabyciu pierwszego mieszkania przez m\u0142odych ludzi (Dz. U. z2013 r., poz. 1304) uleg\u0142o zmianie brzmienie art. 21.<\/p>\n<p><strong>Rozporz\u0105dzenie <\/strong>Rady Ministr\u00f3w z dnia 20 grudnia 2013 r. zmieniaj\u0105ce rozporz\u0105dzenie w sprawie warunk\u00f3w udzielania zwolnie\u0144 od podatku od nieruchomo\u015bci oraz podatku od\u00a0\u015brodk\u00f3w transportowych, stanowi\u0105cych regionaln\u0105 pomoc inwestycyjn\u0105 (Dz.\u00a0U.\u00a0z\u00a02013\u00a0r., poz. 1648) \u2013 <strong>wesz\u0142o w \u017cycie z dniem 28 grudnia 2013 r.<\/strong><\/p>\n<p>W rozporz\u0105dzeniu Rady Ministr\u00f3w z dnia 5 sierpnia 2008 r. w sprawie warunk\u00f3w udzielania zwolnie\u0144 od podatku od nieruchomo\u015bci oraz podatku od \u015brodk\u00f3w transportowych, stanowi\u0105cych regionaln\u0105 pomoc inwestycyjn\u0105 (Dz. U. z 2008 r., nr 146, poz. 927) uleg\u0142o zmianie brzmienie \u00a71, \u00a713.<\/p>\n<p><strong>Rozporz\u0105dzenie<\/strong> Ministra Finans\u00f3w z dnia 16 grudnia 2013 r. w sprawie miejsca \u015bwiadczenia us\u0142ug oraz zwrotu kwoty podatku naliczonego jednostce dokonuj\u0105cej nabycia (importu) towar\u00f3w lub us\u0142ug (Dz. U. z 2013 r., poz. 1656) \u2013 <strong>wesz\u0142o w \u017cycie z dniem 1\u00a0stycznia 2014 r.<\/strong><\/p>\n<p><strong>\u00a0<\/strong><\/p>\n<p><strong>OCHRONA ZDROWIA<\/strong><\/p>\n<p><strong>Rozporz\u0105dzenie <\/strong>Ministra Zdrowia z dnia 12 grudnia 2013 r. w sprawie okre\u015blenia wysoko\u015bci op\u0142at za krew i jej sk\u0142adniki w 2014 r. (Dz. U. z 2013 r., poz. 1559) \u2013 <strong>wesz\u0142o\u00a0 w \u017cycie z dniem 1 stycznia 2014 r.<\/strong><\/p>\n<p><strong>Rozporz\u0105dzenie <\/strong>Ministra Zdrowia z dnia 12 grudnia 2013 r. w sprawie wykazu dziedzin piel\u0119gniarstwa oraz dziedzin maj\u0105cych zastosowanie w ochronie zdrowia, w kt\u00f3rych mo\u017ce by\u0107 prowadzona specjalizacja i kursy kwalifikacyjne (Dz. U. z 2013 r., poz. 1562) \u2013 <strong>wejdzie w \u017cycie z dniem 24 sierpnia 2014 r.<\/strong><\/p>\n<p><strong>Ustawa <\/strong>z dnia 4 stycznia 2013 r. o zmianie ustawy o wychowaniu w trze\u017awo\u015bci i\u00a0przeciwdzia\u0142aniu alkoholizmowi (Dz. U. z 2013 r., poz. 1563) \u2013 <strong>wesz\u0142a w \u017cycie z\u00a0dniem 2 stycznia 2014 r.<\/strong><\/p>\n<p>W ustawie z dnia 26 pa\u017adziernika 1982 r. o wychowaniu w trze\u017awo\u015bci i przeciwdzia\u0142aniu alkoholizmowi (Dz. U. z 2012 r., poz. 1356) uleg\u0142o zmianie brzmienie art. 21,\u00a0art. 39 \u2013 42, zosta\u0142y dodane art. 391, art. 401 \u2013 404, art. 421 \u2013 423.<\/p>\n<p><strong>Rozporz\u0105dzenie <\/strong>Ministra Zdrowia z dnia 6 grudnia 2013 r. w sprawie wykazu wyrob\u00f3w medycznych wydawanych na zlecenie (Dz. U. z 2013 r., poz. 1565) \u2013 <strong>wesz\u0142o\u00a0 w \u017cycie z\u00a0dniem 1 stycznia 2014 r.<\/strong><\/p>\n<p><strong>Rozporz\u0105dzenie <\/strong>Ministra Spraw Wewn\u0119trznych z dnia 6 grudnia 2013 r. w sprawie wzoru wniosku o udzielenie lub zmian\u0119 koncesji na wykonywanie dzia\u0142alno\u015bci gospodarczej w zakresie us\u0142ug ochrony os\u00f3b i mienia (Dz. U. z 2013 r., poz. 1566) \u2013 <strong>wesz\u0142o w \u017cycie z dniem 1 stycznia 2014 r.<\/strong><\/p>\n<p><strong>Rozporz\u0105dzenie <\/strong>Ministra Zdrowia z dnia 12 grudnia 2013 r. w sprawie szczeg\u00f3\u0142owych wymaga\u0144, jakim powinien odpowiada\u0107 lokal podmiotu wykonuj\u0105cego czynno\u015bci z zakresu zaopatrzenia w wyroby medyczne dost\u0119pne na zlecenie (Dz. U. z 2013 r., poz. 1567)\u00a0\u2013 <strong>wesz\u0142o\u00a0 w \u017cycie z\u00a0dniem 1 stycznia 2014 r.<\/strong><\/p>\n<p><strong>Ustawa <\/strong>z dnia 22 listopada 2013 r. o systemie powiadamiania ratunkowego (Dz.\u00a0U.\u00a0z\u00a02013 r., poz. 1635) \u2013<strong> wesz\u0142a w \u017cycie z dniem\u00a0 1 stycznia 2014 r., z\u00a0wyj\u0105tkiem art. 20 ust. 1 pkt 2 lit. b, art. 27 pkt 1, 3 i pkt 4 lit. b oraz art.\u00a029\u00a0ust. 1 pkt 1, kt\u00f3re wchodz\u0105 w \u017cycie z dniem 1 stycznia 2015 r.<\/strong><\/p>\n<p><strong>Rozporz\u0105dzenie <\/strong>Ministra Zdrowia z dnia 12 grudnia 2013 r. zmieniaj\u0105ce rozporz\u0105dzenie w sprawie \u015bwiadcze\u0144 gwarantowanych z zakresu opieki psychiatrycznej i\u00a0leczenia\u00a0uzale\u017cnie\u0144 (Dz. U. z 2013 r., poz. 1610) \u2013 <strong>wesz\u0142o w \u017cycie z dniem 21\u00a0grudnia\u00a02013\u00a0r.<\/strong><\/p>\n<p><strong>\u00a0<\/strong><\/p>\n<p><strong>PRAWO RUCHU DROGOWEGO<\/strong><\/p>\n<p><strong>Ustawa <\/strong>z dnia 8 listopada 2013 r. o zmianie ustawy o drogach publicznych oraz ustawy o autostradach p\u0142atnych oraz o Krajowym Funduszu Drogowym (Dz. U. z 2013 r., poz.\u00a01543) \u2013 <strong>wesz\u0142o w \u017cycie z dniem 1 stycznia 2014 r.<\/strong><\/p>\n<p>W ustawie z dnia 21 marca 1985 r. o drogach publicznych (Dz. U. z 2013 r., poz. 260, 843 i 1446) uleg\u0142o zmianie brzmienie art. 20d.<\/p>\n<p>W ustawie z dnia 27 pa\u017adziernika 1994 r. o autostradach p\u0142atnych oraz o Krajowym Funduszu Drogowym (Dz. U. z 2012 r., poz. 931 z p\u00f3\u017an. zm.) uleg\u0142o zmianie brzmienie art. 39b, art. 39f, art. 39l.<\/p>\n<p><strong>Ustawa<\/strong> z dnia 8 listopada 2013 r. o zmianie ustawy &#8211; Prawo o ruchu drogowym oraz ustawy o dozorze technicznym (Dz. U. z 2013 r., poz. 1611) \u2013 <strong>wesz\u0142a w \u017cycie z dniem 1 stycznia 2014 r., z wyj\u0105tkiem art. 5, kt\u00f3ry wchodzi w \u017cycie z dniem 4\u00a0stycznia\u00a02014 r.<\/strong><\/p>\n<p>W ustawie z dnia 20 czerwca 1997 r. &#8211; Prawo o mchu drogowym (Dz. U. z 2012 r., poz.\u00a01137 z p\u00f3\u017an. zm.) uleg\u0142o zmianie brzmienie art. 70za, art. 70zj, art. 70zr, art. 70zw, art. 140n.<\/p>\n<p>W ustawie z dnia 21 grudnia 2000 r. o dozorze technicznym (Dz. U. z 2013 r., poz. 963 i\u00a0984) uleg\u0142o zmianie brzmienie art. 44.<\/p>\n<p><strong>\u00a0<\/strong><\/p>\n<p><strong>PRAWO ADMINISTRACYJNE<\/strong><\/p>\n<p><strong>Rozporz\u0105dzenie <\/strong>Ministra Administracji i Cyfryzacji z dnia 29 listopada 2013 r. zmieniaj\u0105ce rozporz\u0105dzenie w sprawie ewidencji grunt\u00f3w i budynk\u00f3w (Dz. U. z 2013 r., poz. 1551) \u2013 <strong>wesz\u0142o w \u017cycie z dniem 31 grudnia 2013 r., z wyj\u0105tkiem \u00a71 pkt 30 lit. a tiret drugie, kt\u00f3ry wchodzi w \u017cycie z dniem 17 grudnia 2016 r.<\/strong><\/p>\n<p>W rozporz\u0105dzeniu Ministra Rozwoju Regionalnego i Budownictwa z dnia 29 marca 2001 r. w sprawie ewidencji grunt\u00f3w i budynk\u00f3w (Dz. U. z 2001 r., nr 38, poz. 454) uleg\u0142o zmianie brzmienie \u00a72, \u00a75, \u00a77, \u00a79 \u2013 11, \u00a713 \u2013 16, \u00a718, \u00a719, \u00a722 \u2013 31, \u00a736 \u2013 40, \u00a744, \u00a745, \u00a749, \u00a751 \u2013 57, \u00a759 \u2013 72, \u00a774 \u2013 76, \u00a778 \u2013 80, \u00a782, za\u0142\u0105cznik\u00f3w nr 1 \u2013 6, zosta\u0142y dodane \u00a725a, \u00a763a, \u00a776a, \u00a782a, za\u0142\u0105czniki nr 1a, 4a, 5a, 7, 8, zosta\u0142y uchylone \u00a720, \u00a721, \u00a748, \u00a758, \u00a765.<\/p>\n<p><strong>\u00a0<\/strong><\/p>\n<p><strong>POST\u0118POWANIE KARNE<\/strong><\/p>\n<p><strong>Rozporz\u0105dzenie<\/strong> Ministra Sprawiedliwo\u015bci z dnia 18 grudnia 2013 r. w sprawie sposobu przygotowania przes\u0142uchania przeprowadzanego w trybie okre\u015blonym w art. 185a &#8211; 185c Kodeksu post\u0119powania karnego (Dz. U. z\u00a0 2013 r., poz. 1642) \u2013 <strong>wejdzie w \u017cycie z\u00a0dniem 27 stycznia 2014 r. <\/strong><\/p>\n<p><strong>\u00a0<\/strong><\/p>\n<p><strong>S\u0104DOWNICTWO<\/strong><\/p>\n<p><strong>Rozporz\u0105dzenie<\/strong> Ministra Sprawiedliwo\u015bci z dnia 12 grudnia 2013 r. zmieniaj\u0105ce rozporz\u0105dzenie w sprawie ustalenia siedzib i obszar\u00f3w w\u0142a\u015bciwo\u015bci s\u0105d\u00f3w apelacyjnych, s\u0105d\u00f3w okr\u0119gowych i s\u0105d\u00f3w rejonowych (Dz. U. z 2013 r., poz. 1596) \u2013 <strong>wesz\u0142o w\u00a0\u017cycie z\u00a0dniem 1 stycznia 2014 r.<\/strong><\/p>\n<p>W rozporz\u0105dzeniu Ministra Sprawiedliwo\u015bci z dnia 25 pa\u017adziernika 2012 r. w sprawie ustalenia siedzib i obszar\u00f3w w\u0142a\u015bciwo\u015bci s\u0105d\u00f3w apelacyjnych, s\u0105d\u00f3w okr\u0119gowych i s\u0105d\u00f3w rejonowych (Dz. U. z 2012 r., poz. 1223) uleg\u0142o zmianie brzmienie \u00a73.<\/p>\n<p><strong>\u00a0<\/strong><\/p>\n<p><strong>KRAJOWY REJESTR KARNY<\/strong><\/p>\n<p><strong>Ustawa<\/strong> z dnia 22 listopada 2013 r. o zmianie ustawy o zmianie ustawy o Krajowym Rejestrze Karnym oraz niekt\u00f3rych innych ustaw (Dz. U. z 2013 r., poz. 1621) \u2013 <strong>wesz\u0142a w \u017cycie z dniem 31 grudnia 2013 r.<\/strong><\/p>\n<p>W ustawie z dnia 7 grudnia 2012 r. o zmianie ustawy o Krajowym Rejestrze Karnym oraz niekt\u00f3rych innych ustaw (Dz. U. z 2012 r., poz. 1514) uleg\u0142o zmianie brzmienie art. 6.<\/p>\n<p><strong>Ustawa<\/strong> z dnia 22 listopada 2013 r. o zmianie ustawy &#8211; Przepisy wprowadzaj\u0105ce ustaw\u0119 o Krajowym Rejestrze S\u0105dowym (Dz. U. z 2013 r., poz. 1622) \u2013 <strong>wesz\u0142a w \u017cycie z\u00a0dniem 30 grudnia 2013 r.<\/strong><\/p>\n<p>W ustawie z dnia 20 sierpnia 1997 r. &#8211; Przepisy wprowadzaj\u0105ce ustaw\u0119 o Krajowym Rejestrze S\u0105dowym (Dz. U. z 1997 r., nr 121, poz. 770 z p\u00f3\u017an. zm.) uleg\u0142o zmianie brzmienie art. 9.<\/p>\n<p><strong>\u00a0<\/strong><\/p>\n<p><strong>KSI\u0118GI WIECZYSTE<\/strong><\/p>\n<p><strong>Ustawa <\/strong>z dnia 12 grudnia 2013 r. o zmianie ustawy o zmianie ustawy o ksi\u0119gach wieczystych i hipotece (Dz. U. z 2013 r., poz. 1641) \u2013 <strong>wesz\u0142a w \u017cycie z dniem 23\u00a0grudnia 2013 r., z moc\u0105 od dnia 1 grudnia 2013 r.<\/strong><\/p>\n<p>W ustawie z dnia 24 maja 2013 r. o zmianie ustawy o ksi\u0119gach wieczystych i hipotece (Dz. U. z 2013 r., \u00a0poz. 941) uleg\u0142o zmianie brzmienie art. 3.<\/p>\n<p><strong>\u00a0<\/strong><\/p>\n<p><strong>ZAWODY PRAWNICZE<\/strong><\/p>\n<p><strong>Rozporz\u0105dzenie<\/strong> Ministra Sprawiedliwo\u015bci z dnia 2 grudnia 2013 r. w sprawie zespo\u0142u do\u00a0przygotowania zada\u0144 na egzamin notarialny (Dz. U. z 2013 r., poz. 1560) \u2013 <strong>wesz\u0142o w\u00a0\u017cycie z dniem 31 grudnia 2013 r.<\/strong><\/p>\n<p><strong>Rozporz\u0105dzenie<\/strong> Ministra Sprawiedliwo\u015bci z dnia 10 grudnia 2013 r. zmieniaj\u0105ce rozporz\u0105dzenie w sprawie komisji egzaminacyjnej II stopnia przy Ministrze \u00a0Sprawiedliwo\u015bci do spraw odwo\u0142a\u0144 od wynik\u00f3w egzaminu adwokackiego (Dz.\u00a0U.\u00a0z\u00a02013r., poz. 1572) \u2013 <strong>wesz\u0142o\u00a0 w \u017cycie z\u00a0dniem 1 stycznia 2014 r.<\/strong><\/p>\n<p>W rozporz\u0105dzeniu Ministra Sprawiedliwo\u015bci z dnia 24 wrze\u015bnia 2009 r. w sprawie komisji egzaminacyjnej II stopnia przy Ministrze Sprawiedliwo\u015bci do spraw odwo\u0142a\u0144 od wynik\u00f3w egzaminu adwokackiego (Dz. U. z 2013 r., poz. 1172) uleg\u0142o zmianie brzmienie \u00a74, \u00a75, \u00a77a i za\u0142\u0105cznika.<\/p>\n<p><strong>Rozporz\u0105dzenie<\/strong> Ministra Sprawiedliwo\u015bci z dnia 10 grudnia 2013 r. zmieniaj\u0105ce rozporz\u0105dzenie w sprawie komisji egzaminacyjnej II stopnia przy Ministrze Sprawiedliwo\u015bci do spraw odwo\u0142a\u0144 od wynik\u00f3w egzaminu radcowskiego (Dz.\u00a0U.\u00a0z\u00a02013 r., poz. 1573) \u2013 <strong>wesz\u0142o\u00a0 w \u017cycie z\u00a0dniem 1 stycznia 2014 r.<\/strong><\/p>\n<p>W rozporz\u0105dzeniu Ministra Sprawiedliwo\u015bci z dnia 24 wrze\u015bnia 2009 r. w sprawie komisji egzaminacyjnej II stopnia przy Ministrze Sprawiedliwo\u015bci do spraw odwo\u0142a\u0144 od wynik\u00f3w egzaminu radcowskiego (Dz. U. z 2013 r., poz. 1209) uleg\u0142o zmianie brzmienie \u00a74, \u00a75, \u00a77a i za\u0142\u0105cznika.<\/p>\n<p><strong>Rozporz\u0105dzenie<\/strong> Ministra Sprawiedliwo\u015bci z dnia 10 grudnia 2013 r. zmieniaj\u0105ce rozporz\u0105dzenie w sprawie komisji egzaminacyjnej do spraw aplikacji adwokackiej oraz przeprowadzania egzaminu wst\u0119pnego (Dz.\u00a0U.\u00a0z\u00a02013 r., poz. 1578) \u2013 <strong>wesz\u0142o\u00a0 w \u017cycie z\u00a0dniem 1 stycznia 2014 r.<\/strong><\/p>\n<p>W rozporz\u0105dzeniu Ministra Sprawiedliwo\u015bci z dnia 9 czerwca 2009 r. w sprawie komisji egzaminacyjnej do spraw aplikacji adwokackiej oraz przeprowadzania egzaminu wst\u0119pnego (Dz. U. z 2013 r., poz. 945 i 949) uleg\u0142o zmianie brzmienie \u00a722a.<\/p>\n<p><strong>Rozporz\u0105dzenie<\/strong> Ministra Sprawiedliwo\u015bci z dnia 10 grudnia 2013 r. zmieniaj\u0105ce rozporz\u0105dzenie w sprawie zespo\u0142u do przygotowania pyta\u0144 testowych na egzamin wst\u0119pny na aplikacj\u0119 adwokack\u0105 i radcowsk\u0105 oraz wykazu tytu\u0142\u00f3w akt\u00f3w prawnych (Dz.\u00a0U.\u00a0z\u00a02013 r., poz. 1579) \u2013 <strong>wesz\u0142o\u00a0 w \u017cycie z\u00a0dniem 1 stycznia 2014 r.<\/strong><\/p>\n<p>W rozporz\u0105dzeniu Ministra Sprawiedliwo\u015bci z dnia 29 kwietnia 2009 r. w sprawie zespo\u0142u do przygotowania pyta\u0144 testowych na egzamin wst\u0119pny na aplikacj\u0119 adwokack\u0105 i\u00a0radcowsk\u0105 oraz wykazu tytu\u0142\u00f3w akt\u00f3w prawnych (Dz. U. z 2013 r., poz. 1141) uleg\u0142o zmianie brzmienie \u00a710a.<\/p>\n<p><strong>Rozporz\u0105dzenie<\/strong> Ministra Sprawiedliwo\u015bci z dnia 13 grudnia 2013 r. zmieniaj\u0105ce rozporz\u0105dzenie w sprawie komisji egzaminacyjnej do spraw aplikacji notarialnej oraz przeprowadzania egzaminu wst\u0119pnego i notarialnego (Dz. U. z 2013 r., poz. 1614)\u00a0\u2013 <strong>wesz\u0142o w \u017cycie z dniem 1 stycznia 2014 r.<\/strong><\/p>\n<p>W rozporz\u0105dzeniu Ministra Sprawiedliwo\u015bci z dnia 19 wrze\u015bnia 2013 r. w sprawie komisji egzaminacyjnej do spraw aplikacji notarialnej oraz przeprowadzania egzaminu wst\u0119pnego i notarialnego (Dz. U. z 2013 r., poz. 1135) uleg\u0142o zmianie brzmienie tytu\u0142 rozdzia\u0142u 7 oraz \u00a732.<\/p>\n<p><strong>Rozporz\u0105dzenie<\/strong> Ministra Sprawiedliwo\u015bci z dnia 10 grudnia 2013 r. w sprawie zespo\u0142u do przygotowania zada\u0144 na egzamin adwokacki (Dz. U. z 2013 r., poz. 1583) \u2013 <strong>wesz\u0142o w \u017cycie z dniem 1 stycznia 2014 r.<\/strong><\/p>\n<p><strong>Rozporz\u0105dzenie<\/strong> Ministra Sprawiedliwo\u015bci z dnia 10 grudnia 2013 r. w sprawie zespo\u0142u do przygotowania zada\u0144 na egzamin radcowski (Dz. U. z 2013 r., poz. 1584) \u2013 <strong>wesz\u0142o w\u00a0\u017cycie z dniem 1 stycznia 2014 r.<\/strong><\/p>\n<p><strong>Rozporz\u0105dzenie<\/strong> Ministra Sprawiedliwo\u015bci z dnia 10 grudnia 2013 r. zmieniaj\u0105ce rozporz\u0105dzenie w sprawie komisji egzaminacyjnej do spraw aplikacji radcowskiej oraz przeprowadzania egzaminu wst\u0119pnego (Dz. U. z 2013 r., poz. 1590) \u2013 <strong>wesz\u0142o w\u00a0\u017cycie z\u00a0dniem 1 stycznia 2014 r.<\/strong><\/p>\n<p><strong>Rozporz\u0105dzenie<\/strong> Ministra Sprawiedliwo\u015bci z dnia 17 grudnia 2013 r. w sprawie komisji egzaminacyjnej II stopnia przy Ministrze Sprawiedliwo\u015bci do spraw odwo\u0142a\u0144 od wyniku egzaminu komorniczego (Dz. U. z 2013 r., poz. 1657) \u2013 <strong>wesz\u0142o w\u00a0\u017cycie z\u00a0dniem 3\u00a0stycznia 2014 r.<\/strong><\/p>\n<p><strong>\u00a0<\/strong><\/p>\n<p><strong>US\u0141UGI DETEKTYWISTYCZNE<\/strong><\/p>\n<p><strong>Rozporz\u0105dzenie<\/strong> Ministra Spraw Wewn\u0119trznych z dnia 16 grudnia 2013 r. w sprawie szkolenia dla os\u00f3b ubiegaj\u0105cych si\u0119 o wydanie licencji detektywa (Dz. U. z 2013 r., poz.\u00a01638) \u2013 <strong>wesz\u0142o w \u017cycie z dniem 1 stycznia 2014 r.<\/strong><\/p>\n<p><strong>\u00a0<\/strong><\/p>\n<p><strong>SZKOLNICTWO WY\u017bSZE<\/strong><\/p>\n<p><strong>Rozporz\u0105dzenie <\/strong>Ministra Nauki i Szkolnictwa Wy\u017cszego z dnia 12 grudnia 2013 r. w\u00a0sprawie studi\u00f3w doktoranckich i stypendi\u00f3w doktoranckich (Dz. U. z 2013 r., poz.\u00a01581) \u2013 <strong>wesz\u0142o w \u017cycie z dniem 18 grudnia 2013 r.<\/strong><\/p>\n<p><strong>\u00a0<\/strong><\/p>\n<p><strong>CUDZOZIEMCY<\/strong><\/p>\n<p><strong>Rozporz\u0105dzenie<\/strong> Ministra Pracy i Polityki Spo\u0142ecznej z dnia 10 grudnia 2013 r. w sprawie wysoko\u015bci wp\u0142aty dokonywanej w zwi\u0105zku ze z\u0142o\u017ceniem wniosku o wydanie zezwolenia na\u00a0prac\u0119 cudzoziemca (Dz. U. z 2013 r., poz. 1644) \u2013 <strong>wejdzie w \u017cycie z dniem 11\u00a0stycznia 2014 r.<\/strong><\/p>\n<p><strong>Ustawa <\/strong>z dnia 12 grudnia 2013 r. o cudzoziemcach(Dz. U. z 2013 r., poz. 1650) \u2013 <strong>wejdzie w \u017cycie z dniem 1 maja 2014 r., z wyj\u0105tkiem art. 470 pkt 3 lit. a w\u00a0zakresie art. 3a pkt 3, art. 470 pkt 3 lit. b oraz art. 470 pkt 4, 5 i 11-16, kt\u00f3re wchodz\u0105 w \u017cycie z dniem 3 stycznia 2014 r.<\/strong><\/p>\n<p><strong>\u00a0<\/strong><\/p>\n<p><strong>ENERGIA<\/strong><\/p>\n<p><strong>Rozporz\u0105dzenie <\/strong>Ministra Gospodarki z dnia 16 grudnia 2013 r. zmieniaj\u0105ce rozporz\u0105dzenie w sprawie udzielania pomocy publicznej na inwestycje w zakresie budowy lub rozbudowy jednostek wytwarzaj\u0105cych energi\u0119 elektryczn\u0105 lub ciep\u0142o z odnawialnych \u017ar\u00f3de\u0142 energii (Dz. U. z 2013 r., poz. 1599) \u2013 <strong>wesz\u0142o w \u017cycie z dniem 20 grudnia 2013 r. i obwi\u0105zuje od dnia 30 czerwca 2014 r.<\/strong><\/p>\n<p>W rozporz\u0105dzeniu Ministra Gospodarki z dnia 3 lutego 2009 r. w sprawie udzielania pomocy publicznej na inwestycje w zakresie budowy lub rozbudowy jednostek wytwarzaj\u0105cych energi\u0119 elektryczn\u0105 lub ciep\u0142o z odnawialnych \u017ar\u00f3de\u0142 energii (Dz.\u00a0U.\u00a0z\u00a02009 r., nr 21, poz. 112) uleg\u0142o zmianie brzmienie \u00a77, \u00a712.<\/p>\n<p><strong>\u00a0<\/strong><\/p>\n<h3 class=\"newsletter-naglowek\">Orzecznictwo<\/h3>\n<p><strong>Trybuna\u0142 Konstytucyjny; Trybuna\u0142 Sprawiedliwo\u015bci Unii Europejskiej<\/strong><\/p>\n<p><strong>PRAWA NOSICIELI HIV<\/strong><\/p>\n<p>Automatyczne uznawanie, \u017ce ka\u017cdy nosiciel wirusa HIV, osoba chora na nabyte upo\u015bledzenie odporno\u015bci (AIDS) lub na przewlek\u0142e zapalenie w\u0105troby s\u0105 ca\u0142kowicie niezdolne do s\u0142u\u017cby w Policji lub Pa\u0144stwowej Stra\u017cy Po\u017carnej na jakimkolwiek stanowisku, bez wzgl\u0119du na stan zdrowia, jest niezgodne z Konstytucj\u0105. Stwierdzenie u\u00a0stra\u017caka nosicielstwa wirusa HIV lub \u017ce policjant, wzgl\u0119dnie stra\u017cak, jest chory na AIDS wzgl\u0119dnie na przewlek\u0142e zapalenie w\u0105troby, jest r\u00f3wnoznaczne z uznaniem takiej osoby za ca\u0142kowicie niezdoln\u0105 do s\u0142u\u017cby (kategoria zdrowia D) i jej zwolnieniem z Policji lub\u00a0Pa\u0144stwowej Stra\u017cy Po\u017carnej. Komisje lekarskie nie maj\u0105 mo\u017cliwo\u015bci przyznania takim stra\u017cakom lub policjantom kategorii zdrowia C (zdolny do s\u0142u\u017cby z ograniczeniem, np.\u00a0na\u00a0niekt\u00f3rych stanowiskach). I chocia\u017c nie ulega w\u0105tpliwo\u015bci, \u017ce ze wzgl\u0119du na\u00a0zadania Policji i Pa\u0144stwowej Stra\u017cy Po\u017carnej od ich funkcjonariuszy mo\u017cna wymaga\u0107 szczeg\u00f3lnej sprawno\u015bci psychofizycznej, to ocena stanu zdrowia pod k\u0105tem przydatno\u015bci do s\u0142u\u017cby powinna by\u0107 dokonywana przez komisje lekarskie z uwzgl\u0119dnieniem zar\u00f3wno aktualnego stanu zdrowia funkcjonariusza, jak i zakresu czynno\u015bci zwi\u0105zanych ze\u00a0stanowiskiem, na kt\u00f3rym do tej pory pe\u0142ni\u0142 s\u0142u\u017cb\u0119. Osoby obj\u0119te zaskar\u017conymi przepisami nie powinny pracowa\u0107 w s\u0142u\u017cbie patrolowo-interwencyjnej ani ratowniczej, gdzie stosunkowo du\u017ce jest ryzyko urazu i kontaktu z zaka\u017con\u0105 krwi\u0105. Nic jednak nie stoi na przeszkodzie, by pracowa\u0142y w administracji, szkolnictwie, pionach analitycznych czy\u00a0w\u00a0laboratoriach policyjnych lub stra\u017cackich \u2013 <strong>wyrok Trybuna\u0142u Konstytucyjnego z\u00a0dnia 10 grudnia 2013 r., sygn. akt: U 5\/13.<\/strong><\/p>\n<p><strong>\u00a0<\/strong><\/p>\n<p><strong>\u015aMIECIOWE PRZETARGI<\/strong><\/p>\n<p>Trybuna\u0142 Konstytucyjny stwierdzi\u0142 zgodno\u015b\u0107 zakwestionowanych przepis\u00f3w z Konstytucj\u0105. Skar\u017c\u0105cym chodzi\u0142o o przepisy dotycz\u0105ce: organizacji przetarg\u00f3w na odbi\u00f3r odpad\u00f3w komunalnych lub odbi\u00f3r i zagospodarowanie tych odpad\u00f3w, zaanga\u017cowania sp\u00f3\u0142ek z\u00a0udzia\u0142em gminy w gospodark\u0119 odpadami komunalnymi, obowi\u0105zk\u00f3w w\u0142a\u015bcicieli nieruchomo\u015bci do ponoszenia op\u0142at za gospodarowanie odpadami komunalnymi, kompetencji rady gminy do wydawania akt\u00f3w prawa miejscowego reguluj\u0105cych op\u0142aty za\u00a0gospodarowanie odpadami komunalnymi, obowi\u0105zk\u00f3w w\u0142a\u015bcicieli nieruchomo\u015bci do\u00a0przedk\u0142adania deklaracji o wysoko\u015bci op\u0142aty za gospodarowanie op\u0142atami komunalnymi. Trybuna\u0142 Konstytucyjny stwierdzi\u0142, \u017ce przepisy o organizacji przetarg\u00f3w oraz zaanga\u017cowaniu w nie sp\u00f3\u0142ek z udzia\u0142em gminy, a tak\u017ce dotycz\u0105ce obowi\u0105zk\u00f3w w\u0142a\u015bcicieli nieruchomo\u015bci s\u0105 zgodne z zasad\u0105 poprawnej legislacji. Zosta\u0142y bowiem sformu\u0142owane w spos\u00f3b, kt\u00f3ry pozwala na odtworzenie norm prawnych wyznaczaj\u0105cych gminom obowi\u0105zek zorganizowania przetargu na odbi\u00f3r odpad\u00f3w komunalnych. Poza tym\u00a0zakwestionowane przepisy, w zwi\u0105zku z przepisami innych ustaw, a w szczeg\u00f3lno\u015bci o\u00a0w\u0142asno\u015bci lokali oraz o sp\u00f3\u0142dzielniach mieszkaniowych, pozwalaj\u0105 ustali\u0107, kto jest zobowi\u0105zany do ponoszenia op\u0142aty za gospodarowanie odpadami komunalnymi oraz z\u0142o\u017cenia deklaracji o wysoko\u015bci tej\u017ce op\u0142aty w wypadku nieruchomo\u015bci zabudowanej budynkami wielolokalowymi, a tak\u017ce w razie krzy\u017cowania si\u0119 praw rzeczowych i\u00a0obligacyjnych na nieruchomo\u015bci. Zdaniem Trybuna\u0142u Konstytucyjnego prawodawca nie\u00a0dopu\u015bci\u0142 si\u0119 nadmiernej ingerencji w sfer\u0119 samodzielno\u015bci jednostek samorz\u0105du terytorialnego \u2013 <strong>wyrok Trybuna\u0142u Konstytucyjnego z dnia 28 listopada 2013 r., sygn. akt: K 17\/12.<\/strong><\/p>\n<p><strong>\u00a0<\/strong><\/p>\n<p><strong>DOTOWANIE SZK\u00d3\u0141 WY\u017bSZYCH<\/strong><\/p>\n<p>Uregulowanie w rozporz\u0105dzeniu warunk\u00f3w otrzymywania dotacji ze \u015brodk\u00f3w publicznych przez niepubliczne wy\u017csze uczelnie jest niezgodne z Konstytucj\u0105. Niekonstytucyjno\u015b\u0107 zaskar\u017conych przepis\u00f3w ma charakter oczywisty i ra\u017c\u0105cy. Nakazuj\u0105 one ministrowi zastosowanie nieprawid\u0142owej formy regulacji (rozporz\u0105dzenia zamiast ustawy), a\u00a0dodatkowo pozostawiaj\u0105 mu praktycznie ca\u0142kowit\u0105 swobod\u0119 decydowania o tre\u015bci aktu wykonawczego, kt\u00f3ry staje si\u0119 tym samym samoistnym \u017ar\u00f3d\u0142em prawa. Minister lub\u00a0podleg\u0142e mu instytucje jest tak\u017ce odpowiedzialny za rozpoznawanie wniosk\u00f3w o\u00a0dotacje. Tym samym skupia kompetencje prawotw\u00f3rcze i wykonawcze. Uczelnie niepubliczne po ponad o\u015bmiu latach oczekiwania na realizacj\u0119 art. 94 ust. 5 prawa o\u00a0szkolnictwie wy\u017cszym powinny wreszcie otrzyma\u0107 ustawowe gwarancje zasad ubiegania si\u0119 o \u015brodki z bud\u017cetu pa\u0144stwa. I to nawet je\u017celi ze wzgl\u0119du na obecn\u0105 sytuacj\u0119 bud\u017cetow\u0105 to \u017ar\u00f3d\u0142o finansowania b\u0119dzie bardzo ograniczone. Je\u015bli natomiast ustawodawca uznaje, \u017ce dotacje nie powinny by\u0107 dost\u0119pne dla szk\u00f3\u0142 niepublicznych, np.\u00a0ze wzgl\u0119du na ich dublowanie z innymi sposobami finansowania, to powinien wyra\u017anie spraw\u0119 t\u0119 przes\u0105dzi\u0107 w ustawie \u2013 <strong>wyrok Trybuna\u0142u Konstytucyjnego z dnia 10 grudnia 2013 r., sygn. akt: K 16\/13.<\/strong><\/p>\n<p><strong>\u00a0<\/strong><\/p>\n<p><strong>WPIS DO EWIDENCJI<\/strong><\/p>\n<p>Brak mo\u017cliwo\u015bci wpisania do ewidencji i nadania numer\u00f3w identyfikacyjnych obojgu ma\u0142\u017conkom, gdy istnieje mi\u0119dzy nimi rozdzielno\u015b\u0107 maj\u0105tkowa, a oboje prowadz\u0105 odr\u0119bne gospodarstwa rolne, narusza konstytucyjn\u0105 zasad\u0119 r\u00f3wno\u015bci. S\u0119dziowie zauwa\u017cyli przy tym, \u017ce system zarz\u0105dzania i kontroli zwi\u0105zany jest z ochron\u0105 interes\u00f3w finansowych Unii Europejskiej, a na\u0142o\u017cony na pa\u0144stwa cz\u0142onkowskie obowi\u0105zek utworzenia systemu zwi\u0119kszaj\u0105cego skuteczno\u015b\u0107 sprawdzania, jak wykorzystywane jest unijne wsparcie. Niemniej nie mo\u017cna przyj\u0105\u0107 by z zasady zaufania do pa\u0144stwa i stanowionego przez nie\u00a0prawa wynika\u0142 zakaz stanowienia przez ustawodawc\u0119 przepis\u00f3w dotycz\u0105cych warunk\u00f3w przyznawania pomocy z fundusz\u00f3w przewidzianych w ramach wsp\u00f3lnej polityki rolnej ze wzgl\u0119du na przepisy kodeksu rodzinnego i opieku\u0144czego odnosz\u0105ce si\u0119\u00a0do\u00a0stosunk\u00f3w maj\u0105tkowych mi\u0119dzy ma\u0142\u017conkami. Trybuna\u0142 Konstytucyjny uzna\u0142, \u017ce\u00a0stosowanie obowi\u0105zuj\u0105cych regulacji mo\u017ce spowodowa\u0107 wy\u0142\u0105czenie ze wsparcia pewnej kategorii rolnik\u00f3w pozostaj\u0105cych w zwi\u0105zku ma\u0142\u017ce\u0144skim i posiadaj\u0105cych odr\u0119bne gospodarstwo rolne, lecz niewpisanych do ewidencji i z tego powodu pozbawionych statusu producenta rolnego &#8211; <strong>wyrok Trybuna\u0142u Konstytucyjnego z dnia 3\u00a0grudnia\u00a02013 r., sygn. akt: P 40\/12.<\/strong><\/p>\n<p>\u00a0<\/p>\n<h2 class=\"newsletter-naglowek\">Projekty, Nowelizacje, Zmiany<\/h2>\n<p><strong>PRAWO ADMINISTRACYJNE<\/strong><\/p>\n<p><strong>Za sze\u015b\u0107 lat cyfrowy rejestr grunt\u00f3w w ka\u017cdym powiecie<\/strong><\/p>\n<p>W dniu 8 stycznia 2014 r. wchodz\u0105 przepisy dotycz\u0105ce stworzenia elektronicznej bazy z\u00a0rejestrem grunt\u00f3w.<\/p>\n","protected":false},"excerpt":{"rendered":"<p>We would like to present the next issue of legal bulletin of the Law Office of Adam Polowiec.What you will find here is some information about the new provisions of law and the projects of amendments to acts, but also case-laws including the case laws of Supreme Court, Constitutional Tribunal and European Court of Justice.<\/p>\n","protected":false},"author":2,"featured_media":0,"comment_status":"closed","ping_status":"open","sticky":false,"template":"","format":"standard","meta":{"footnotes":""},"categories":[11],"tags":[],"class_list":["post-507","post","type-post","status-publish","format-standard","hentry","category-newsletters"],"featured_image_src":{"landsacpe":false,"list":false,"medium":false,"full":false},"yoast_head":"<!-- This site is optimized with the Yoast SEO plugin v27.2 - https:\/\/yoast.com\/product\/yoast-seo-wordpress\/ -->\n<title>Legal Bulletin Of The Law Office Of Adam Polowiec (7 \u2013 12 january 2014 r.) - Polowiec i Wsp\u00f3lnicy - Kancelaria prawna<\/title>\n<meta name=\"robots\" content=\"index, follow, max-snippet:-1, max-image-preview:large, max-video-preview:-1\" \/>\n<link rel=\"canonical\" href=\"https:\/\/polowiec.pl\/en\/legal-bulletin-of-the-law-office-of-adam-polowiec-7-12-january-2014-r\/\" \/>\n<meta property=\"og:locale\" content=\"en_US\" \/>\n<meta property=\"og:type\" content=\"article\" \/>\n<meta property=\"og:title\" content=\"Legal Bulletin Of The Law Office Of Adam Polowiec (7 \u2013 12 january 2014 r.) - Polowiec i Wsp\u00f3lnicy - Kancelaria prawna\" \/>\n<meta property=\"og:description\" content=\"We would like to present the next issue of legal bulletin of the Law Office of Adam Polowiec.What you will find here is some information about the new provisions of law and the projects of amendments to acts, but also case-laws including the case laws of Supreme Court, Constitutional Tribunal and European Court of Justice.\" \/>\n<meta property=\"og:url\" content=\"https:\/\/polowiec.pl\/en\/legal-bulletin-of-the-law-office-of-adam-polowiec-7-12-january-2014-r\/\" \/>\n<meta property=\"og:site_name\" content=\"Polowiec i Wsp\u00f3lnicy - Kancelaria prawna\" \/>\n<meta property=\"article:publisher\" content=\"https:\/\/www.facebook.com\/polowieciwspolnicy\/\" \/>\n<meta property=\"article:published_time\" content=\"2014-02-18T12:14:16+00:00\" \/>\n<meta property=\"article:modified_time\" content=\"2018-10-11T08:42:58+00:00\" \/>\n<meta name=\"author\" content=\"Super User\" \/>\n<meta name=\"twitter:card\" content=\"summary_large_image\" \/>\n<meta name=\"twitter:label1\" content=\"Written by\" \/>\n\t<meta name=\"twitter:data1\" content=\"Super User\" \/>\n\t<meta name=\"twitter:label2\" content=\"Est. reading time\" \/>\n\t<meta name=\"twitter:data2\" content=\"18 minutes\" \/>\n<script type=\"application\/ld+json\" class=\"yoast-schema-graph\">{\"@context\":\"https:\/\/schema.org\",\"@graph\":[{\"@type\":\"Article\",\"@id\":\"https:\/\/polowiec.pl\/en\/legal-bulletin-of-the-law-office-of-adam-polowiec-7-12-january-2014-r\/#article\",\"isPartOf\":{\"@id\":\"https:\/\/polowiec.pl\/en\/legal-bulletin-of-the-law-office-of-adam-polowiec-7-12-january-2014-r\/\"},\"author\":{\"name\":\"Super User\",\"@id\":\"https:\/\/polowiec.pl\/en\/#\/schema\/person\/ed8994874b775675a86115f307352d24\"},\"headline\":\"Legal Bulletin Of The Law Office Of Adam Polowiec (7 \u2013 12 january 2014 r.)\",\"datePublished\":\"2014-02-18T12:14:16+00:00\",\"dateModified\":\"2018-10-11T08:42:58+00:00\",\"mainEntityOfPage\":{\"@id\":\"https:\/\/polowiec.pl\/en\/legal-bulletin-of-the-law-office-of-adam-polowiec-7-12-january-2014-r\/\"},\"wordCount\":3538,\"publisher\":{\"@id\":\"https:\/\/polowiec.pl\/en\/#organization\"},\"articleSection\":[\"Newsletter\"],\"inLanguage\":\"en-US\"},{\"@type\":\"WebPage\",\"@id\":\"https:\/\/polowiec.pl\/en\/legal-bulletin-of-the-law-office-of-adam-polowiec-7-12-january-2014-r\/\",\"url\":\"https:\/\/polowiec.pl\/en\/legal-bulletin-of-the-law-office-of-adam-polowiec-7-12-january-2014-r\/\",\"name\":\"Legal Bulletin Of The Law Office Of Adam Polowiec (7 \u2013 12 january 2014 r.) - Polowiec i Wsp\u00f3lnicy - Kancelaria prawna\",\"isPartOf\":{\"@id\":\"https:\/\/polowiec.pl\/en\/#website\"},\"datePublished\":\"2014-02-18T12:14:16+00:00\",\"dateModified\":\"2018-10-11T08:42:58+00:00\",\"breadcrumb\":{\"@id\":\"https:\/\/polowiec.pl\/en\/legal-bulletin-of-the-law-office-of-adam-polowiec-7-12-january-2014-r\/#breadcrumb\"},\"inLanguage\":\"en-US\",\"potentialAction\":[{\"@type\":\"ReadAction\",\"target\":[\"https:\/\/polowiec.pl\/en\/legal-bulletin-of-the-law-office-of-adam-polowiec-7-12-january-2014-r\/\"]}]},{\"@type\":\"BreadcrumbList\",\"@id\":\"https:\/\/polowiec.pl\/en\/legal-bulletin-of-the-law-office-of-adam-polowiec-7-12-january-2014-r\/#breadcrumb\",\"itemListElement\":[{\"@type\":\"ListItem\",\"position\":1,\"name\":\"Strona g\u0142\u00f3wna\",\"item\":\"https:\/\/polowiec.pl\/en\/\"},{\"@type\":\"ListItem\",\"position\":2,\"name\":\"Legal Bulletin Of The Law Office Of Adam Polowiec (7 \u2013 12 january 2014 r.)\"}]},{\"@type\":\"WebSite\",\"@id\":\"https:\/\/polowiec.pl\/en\/#website\",\"url\":\"https:\/\/polowiec.pl\/en\/\",\"name\":\"Polowiec i Wsp\u00f3lnicy - Kancelaria prawna\",\"description\":\"Obs\u0142uga prawna\",\"publisher\":{\"@id\":\"https:\/\/polowiec.pl\/en\/#organization\"},\"potentialAction\":[{\"@type\":\"SearchAction\",\"target\":{\"@type\":\"EntryPoint\",\"urlTemplate\":\"https:\/\/polowiec.pl\/en\/?s={search_term_string}\"},\"query-input\":{\"@type\":\"PropertyValueSpecification\",\"valueRequired\":true,\"valueName\":\"search_term_string\"}}],\"inLanguage\":\"en-US\"},{\"@type\":\"Organization\",\"@id\":\"https:\/\/polowiec.pl\/en\/#organization\",\"name\":\"Polowiec i Wsp\u00f3lnicy - Kancelaria prawna\",\"url\":\"https:\/\/polowiec.pl\/en\/\",\"logo\":{\"@type\":\"ImageObject\",\"inLanguage\":\"en-US\",\"@id\":\"https:\/\/polowiec.pl\/en\/#\/schema\/logo\/image\/\",\"url\":\"https:\/\/polowiec.pl\/wp-content\/uploads\/2018\/10\/polowiec_logo2-1.png\",\"contentUrl\":\"https:\/\/polowiec.pl\/wp-content\/uploads\/2018\/10\/polowiec_logo2-1.png\",\"width\":540,\"height\":381,\"caption\":\"Polowiec i Wsp\u00f3lnicy - Kancelaria prawna\"},\"image\":{\"@id\":\"https:\/\/polowiec.pl\/en\/#\/schema\/logo\/image\/\"},\"sameAs\":[\"https:\/\/www.facebook.com\/polowieciwspolnicy\/\",\"https:\/\/www.linkedin.com\/company\/polowiec-i-wsplnicy-sp.j.\/about\/\"]},{\"@type\":\"Person\",\"@id\":\"https:\/\/polowiec.pl\/en\/#\/schema\/person\/ed8994874b775675a86115f307352d24\",\"name\":\"Super User\",\"image\":{\"@type\":\"ImageObject\",\"inLanguage\":\"en-US\",\"@id\":\"https:\/\/secure.gravatar.com\/avatar\/e759b874f0fa459bd87c83ff47148fc5718f86d9459564657124e571997afbf7?s=96&d=mm&r=g\",\"url\":\"https:\/\/secure.gravatar.com\/avatar\/e759b874f0fa459bd87c83ff47148fc5718f86d9459564657124e571997afbf7?s=96&d=mm&r=g\",\"contentUrl\":\"https:\/\/secure.gravatar.com\/avatar\/e759b874f0fa459bd87c83ff47148fc5718f86d9459564657124e571997afbf7?s=96&d=mm&r=g\",\"caption\":\"Super User\"}}]}<\/script>\n<!-- \/ Yoast SEO plugin. -->","yoast_head_json":{"title":"Legal Bulletin Of The Law Office Of Adam Polowiec (7 \u2013 12 january 2014 r.) - Polowiec i Wsp\u00f3lnicy - Kancelaria prawna","robots":{"index":"index","follow":"follow","max-snippet":"max-snippet:-1","max-image-preview":"max-image-preview:large","max-video-preview":"max-video-preview:-1"},"canonical":"https:\/\/polowiec.pl\/en\/legal-bulletin-of-the-law-office-of-adam-polowiec-7-12-january-2014-r\/","og_locale":"en_US","og_type":"article","og_title":"Legal Bulletin Of The Law Office Of Adam Polowiec (7 \u2013 12 january 2014 r.) - Polowiec i Wsp\u00f3lnicy - Kancelaria prawna","og_description":"We would like to present the next issue of legal bulletin of the Law Office of Adam Polowiec.What you will find here is some information about the new provisions of law and the projects of amendments to acts, but also case-laws including the case laws of Supreme Court, Constitutional Tribunal and European Court of Justice.","og_url":"https:\/\/polowiec.pl\/en\/legal-bulletin-of-the-law-office-of-adam-polowiec-7-12-january-2014-r\/","og_site_name":"Polowiec i Wsp\u00f3lnicy - Kancelaria prawna","article_publisher":"https:\/\/www.facebook.com\/polowieciwspolnicy\/","article_published_time":"2014-02-18T12:14:16+00:00","article_modified_time":"2018-10-11T08:42:58+00:00","author":"Super User","twitter_card":"summary_large_image","twitter_misc":{"Written by":"Super User","Est. reading time":"18 minutes"},"schema":{"@context":"https:\/\/schema.org","@graph":[{"@type":"Article","@id":"https:\/\/polowiec.pl\/en\/legal-bulletin-of-the-law-office-of-adam-polowiec-7-12-january-2014-r\/#article","isPartOf":{"@id":"https:\/\/polowiec.pl\/en\/legal-bulletin-of-the-law-office-of-adam-polowiec-7-12-january-2014-r\/"},"author":{"name":"Super User","@id":"https:\/\/polowiec.pl\/en\/#\/schema\/person\/ed8994874b775675a86115f307352d24"},"headline":"Legal Bulletin Of The Law Office Of Adam Polowiec (7 \u2013 12 january 2014 r.)","datePublished":"2014-02-18T12:14:16+00:00","dateModified":"2018-10-11T08:42:58+00:00","mainEntityOfPage":{"@id":"https:\/\/polowiec.pl\/en\/legal-bulletin-of-the-law-office-of-adam-polowiec-7-12-january-2014-r\/"},"wordCount":3538,"publisher":{"@id":"https:\/\/polowiec.pl\/en\/#organization"},"articleSection":["Newsletter"],"inLanguage":"en-US"},{"@type":"WebPage","@id":"https:\/\/polowiec.pl\/en\/legal-bulletin-of-the-law-office-of-adam-polowiec-7-12-january-2014-r\/","url":"https:\/\/polowiec.pl\/en\/legal-bulletin-of-the-law-office-of-adam-polowiec-7-12-january-2014-r\/","name":"Legal Bulletin Of The Law Office Of Adam Polowiec (7 \u2013 12 january 2014 r.) - Polowiec i Wsp\u00f3lnicy - Kancelaria prawna","isPartOf":{"@id":"https:\/\/polowiec.pl\/en\/#website"},"datePublished":"2014-02-18T12:14:16+00:00","dateModified":"2018-10-11T08:42:58+00:00","breadcrumb":{"@id":"https:\/\/polowiec.pl\/en\/legal-bulletin-of-the-law-office-of-adam-polowiec-7-12-january-2014-r\/#breadcrumb"},"inLanguage":"en-US","potentialAction":[{"@type":"ReadAction","target":["https:\/\/polowiec.pl\/en\/legal-bulletin-of-the-law-office-of-adam-polowiec-7-12-january-2014-r\/"]}]},{"@type":"BreadcrumbList","@id":"https:\/\/polowiec.pl\/en\/legal-bulletin-of-the-law-office-of-adam-polowiec-7-12-january-2014-r\/#breadcrumb","itemListElement":[{"@type":"ListItem","position":1,"name":"Strona g\u0142\u00f3wna","item":"https:\/\/polowiec.pl\/en\/"},{"@type":"ListItem","position":2,"name":"Legal Bulletin Of The Law Office Of Adam Polowiec (7 \u2013 12 january 2014 r.)"}]},{"@type":"WebSite","@id":"https:\/\/polowiec.pl\/en\/#website","url":"https:\/\/polowiec.pl\/en\/","name":"Polowiec i Wsp\u00f3lnicy - Kancelaria prawna","description":"Obs\u0142uga prawna","publisher":{"@id":"https:\/\/polowiec.pl\/en\/#organization"},"potentialAction":[{"@type":"SearchAction","target":{"@type":"EntryPoint","urlTemplate":"https:\/\/polowiec.pl\/en\/?s={search_term_string}"},"query-input":{"@type":"PropertyValueSpecification","valueRequired":true,"valueName":"search_term_string"}}],"inLanguage":"en-US"},{"@type":"Organization","@id":"https:\/\/polowiec.pl\/en\/#organization","name":"Polowiec i Wsp\u00f3lnicy - Kancelaria prawna","url":"https:\/\/polowiec.pl\/en\/","logo":{"@type":"ImageObject","inLanguage":"en-US","@id":"https:\/\/polowiec.pl\/en\/#\/schema\/logo\/image\/","url":"https:\/\/polowiec.pl\/wp-content\/uploads\/2018\/10\/polowiec_logo2-1.png","contentUrl":"https:\/\/polowiec.pl\/wp-content\/uploads\/2018\/10\/polowiec_logo2-1.png","width":540,"height":381,"caption":"Polowiec i Wsp\u00f3lnicy - Kancelaria prawna"},"image":{"@id":"https:\/\/polowiec.pl\/en\/#\/schema\/logo\/image\/"},"sameAs":["https:\/\/www.facebook.com\/polowieciwspolnicy\/","https:\/\/www.linkedin.com\/company\/polowiec-i-wsplnicy-sp.j.\/about\/"]},{"@type":"Person","@id":"https:\/\/polowiec.pl\/en\/#\/schema\/person\/ed8994874b775675a86115f307352d24","name":"Super User","image":{"@type":"ImageObject","inLanguage":"en-US","@id":"https:\/\/secure.gravatar.com\/avatar\/e759b874f0fa459bd87c83ff47148fc5718f86d9459564657124e571997afbf7?s=96&d=mm&r=g","url":"https:\/\/secure.gravatar.com\/avatar\/e759b874f0fa459bd87c83ff47148fc5718f86d9459564657124e571997afbf7?s=96&d=mm&r=g","contentUrl":"https:\/\/secure.gravatar.com\/avatar\/e759b874f0fa459bd87c83ff47148fc5718f86d9459564657124e571997afbf7?s=96&d=mm&r=g","caption":"Super User"}}]}},"_links":{"self":[{"href":"https:\/\/polowiec.pl\/en\/wp-json\/wp\/v2\/posts\/507","targetHints":{"allow":["GET"]}}],"collection":[{"href":"https:\/\/polowiec.pl\/en\/wp-json\/wp\/v2\/posts"}],"about":[{"href":"https:\/\/polowiec.pl\/en\/wp-json\/wp\/v2\/types\/post"}],"author":[{"embeddable":true,"href":"https:\/\/polowiec.pl\/en\/wp-json\/wp\/v2\/users\/2"}],"replies":[{"embeddable":true,"href":"https:\/\/polowiec.pl\/en\/wp-json\/wp\/v2\/comments?post=507"}],"version-history":[{"count":0,"href":"https:\/\/polowiec.pl\/en\/wp-json\/wp\/v2\/posts\/507\/revisions"}],"wp:attachment":[{"href":"https:\/\/polowiec.pl\/en\/wp-json\/wp\/v2\/media?parent=507"}],"wp:term":[{"taxonomy":"category","embeddable":true,"href":"https:\/\/polowiec.pl\/en\/wp-json\/wp\/v2\/categories?post=507"},{"taxonomy":"post_tag","embeddable":true,"href":"https:\/\/polowiec.pl\/en\/wp-json\/wp\/v2\/tags?post=507"}],"curies":[{"name":"wp","href":"https:\/\/api.w.org\/{rel}","templated":true}]}}