{"id":508,"date":"2014-02-18T13:19:53","date_gmt":"2014-02-18T12:19:53","guid":{"rendered":"https:\/\/nowa.polowiec.pl\/legal-bulletin-of-the-law-office-of-adam-polowiec-13-19-january-2014-r\/"},"modified":"2018-10-11T10:42:58","modified_gmt":"2018-10-11T08:42:58","slug":"legal-bulletin-of-the-law-office-of-adam-polowiec-13-19-january-2014-r","status":"publish","type":"post","link":"https:\/\/polowiec.pl\/en\/legal-bulletin-of-the-law-office-of-adam-polowiec-13-19-january-2014-r\/","title":{"rendered":"Legal Bulletin Of The Law Office Of Adam Polowiec (13 \u2013 19 january 2014 r.)"},"content":{"rendered":"<p>We would like to present the next issue of legal bulletin of the Law Office of Adam Polowiec.<br \/>What you will find here is some information about the new provisions of law and the projects of amendments to acts, but also case-laws including the case laws of Supreme Court, Constitutional Tribunal and European Court of Justice. <!--more--> <\/p>\n<h3 class=\"newsletter-naglowek\">Nowe Prawo<\/h3>\n<p><strong>PRAWO PRACY I UBEZPIECZE\u0143 SPO\u0141ECZNYCH<\/strong><\/p>\n<p><strong>Rozporz\u0105dzenie<\/strong> Ministra Pracy i Polityki Spo\u0142ecznej z dnia 19 grudnia 2013 r. zmieniaj\u0105ce rozporz\u0105dzenie w sprawie refundowania ze \u015brodk\u00f3w Funduszu Pracy wynagrodze\u0144 wyp\u0142acanych m\u0142odocianym pracownikom (Dz. U. z 2013 r., poz. 1671)\u00a0\u2013 <strong>wesz\u0142o w \u017cycie z dniem 31 grudnia 2013 r.<\/strong><\/p>\n<p>W rozporz\u0105dzeniu Ministra Pracy i Polityki Spo\u0142ecznej z dnia 26 kwietnia 2007 r. w\u00a0sprawie refundowania ze \u015brodk\u00f3w Funduszu Pracy wynagrodze\u0144 wyp\u0142acanych m\u0142odocianym pracownikom (Dz. U. z 2007 r., nr 77, poz. 518 z p\u00f3\u017an. zm.) uleg\u0142o zmianie brzmienie \u00a711.<\/p>\n<p><strong>Ustawa<\/strong> z dnia 22 listopada 2013 r. o zmianie ustawy o emeryturach i rentach z\u00a0Funduszu Ubezpiecze\u0144 Spo\u0142ecznych (Dz. U. z 2013 r., poz. 1734) \u2013 <strong>wesz\u0142a w \u017cycie z\u00a0dniem 1 stycznia 2014 r.<\/strong><\/p>\n<p>W ustawie z dnia 17 grudnia 1998 r. o emeryturach i rentach z Funduszu Ubezpiecze\u0144 Spo\u0142ecznych (Dz. U. z 2013 r., poz. 1440 i 1717) uleg\u0142o zmianie brzmienie art. 5, art. 7, art. 57, art. 117.<\/p>\n<p><strong>\u00a0<\/strong><\/p>\n<p><strong>PODATKI I RACHUNKOWO\u015a\u0106<\/strong><\/p>\n<p><strong>Rozporz\u0105dzenie<\/strong> Ministra Finans\u00f3w z dnia 27 grudnia 2013 r. zmieniaj\u0105ce rozporz\u0105dzenie w sprawie sposobu przesy\u0142ania deklaracji i poda\u0144 oraz rodzaj\u00f3w podpisu elektronicznego, kt\u00f3rymi powinny by\u0107 opatrzone (Dz. U. z 2013 r., poz. 1689) \u2013 <strong>wesz\u0142o w \u017cycie z dniem 1 stycznia 2014 r.<\/strong><\/p>\n<p><strong>Rozporz\u0105dzenie<\/strong> Ministra Finans\u00f3w z dnia 23 grudnia 2013 r. w sprawie towar\u00f3w i\u00a0us\u0142ug, dla kt\u00f3rych obni\u017ca si\u0119 stawk\u0119 podatku od towar\u00f3w i us\u0142ug, oraz warunk\u00f3w stosowania stawek obni\u017conych (Dz. U. z 2013 r., poz. 16719) \u2013 <strong>wesz\u0142o w \u017cycie z\u00a0dniem 1 stycznia 2014 r.<\/strong><\/p>\n<p><strong>\u00a0<\/strong><\/p>\n<p><strong>OCHRONA ZDROWIA<\/strong><\/p>\n<p><strong>Rozporz\u0105dzenie <\/strong>Ministra Zdrowia z dnia 6 grudnia 2013 r. w sprawie wzoru zlecenia na\u00a0zaopatrzenie w wyroby medyczne oraz wzoru zlecenia naprawy (Dz. U. z\u00a0 2013 r., poz. 1678) \u2013 <strong>wejdzie w \u017cycie z dniem 1 lipca 2014 r.<\/strong><\/p>\n<p><strong>Rozporz\u0105dzenie<\/strong> Rady Ministr\u00f3w z dnia 24 grudnia 2013 r. w sprawie szczeg\u00f3\u0142owych warunk\u00f3w realizacji rz\u0105dowego programu wspierania os\u00f3b uprawnionych do\u00a0\u015bwiadczenia\u00a0piel\u0119gnacyjnego (Dz. U. z 2013 r., poz. 1741) \u2013 <strong>wesz\u0142o w \u017cycie z\u00a0dniem 1\u00a0stycznia\u00a02014 r.<\/strong><\/p>\n<p><strong>Rozporz\u0105dzenie <\/strong>Ministra Zdrowia z dnia 18 grudnia 2013 r. w sprawie sposobu i\u00a0procedur przygotowania analizy weryfikacyjnej Agencji Oceny Technologii Medycznych oraz wysoko\u015bci op\u0142aty za t\u0119 analiz\u0119 (Dz. U. z 2014 r., poz. 4) \u2013 <strong>wejdzie w \u017cycie z\u00a0dniem 18\u00a0stycznia 2014 r.<\/strong><\/p>\n<p><strong>Rozporz\u0105dzenie <\/strong>Ministra Zdrowia z dnia 12 grudnia 2013 r. w sprawie wzoru wniosk\u00f3w o przed\u0142u\u017cenie lub skr\u00f3cenie okresu wa\u017cno\u015bci pozwolenia na dopuszczenie do obrotu produktu leczniczego (Dz. U. z 2014 r., poz. 10) \u2013 <strong>wesz\u0142o w \u017cycie z dniem 4\u00a0stycznia\u00a02014 r.<\/strong><\/p>\n<p><strong>\u00a0<\/strong><\/p>\n<p><strong>PRAWO RUCHU DROGOWEGO<\/strong><\/p>\n<p><strong>Rozporz\u0105dzenie <\/strong>Ministra Infrastruktury i Rozwoju z dnia 18 grudnia 2013 r. zmieniaj\u0105ce rozporz\u0105dzenie w sprawie zakresu i sposobu przeprowadzania bada\u0144 technicznych pojazd\u00f3w oraz wzor\u00f3w dokument\u00f3w stosowanych przy tych badaniach (Dz. U. z 2013 r., poz. 1675) \u2013 <strong>wesz\u0142o w \u017cycie z dniem 1 stycznia 2014 r.<\/strong><\/p>\n<p>W rozporz\u0105dzeniu Ministra Transportu, Budownictwa i Gospodarki Morskiej z dnia 26\u00a0czerwca 2012 r. w sprawie zakresu i sposobu przeprowadzania bada\u0144 technicznych pojazd\u00f3w oraz wzor\u00f3w dokument\u00f3w stosowanych przy tych badaniach (Dz.\u00a0U.\u00a0z\u00a02012\u00a0r.,\u00a0poz. 996) uleg\u0142o zmianie brzmienie \u00a74, \u00a76, za\u0142\u0105cznika nr 3 i 8.<\/p>\n<p><strong>Rozporz\u0105dzenie<\/strong> Ministra Infrastruktury i Rozwoju z dnia 18 grudnia 2013 r. w sprawie certyfikat\u00f3w potwierdzaj\u0105cych spe\u0142nienie przez pojazd odpowiednich wymog\u00f3w bezpiecze\u0144stwa lub warunk\u00f3w dopuszczenia do ruchu (Dz. U. z 2013 r., poz. 1679)\u00a0\u2013 <strong>wesz\u0142o w \u017cycie z dniem 1 stycznia 2014 r.<\/strong><\/p>\n<p><strong>Rozporz\u0105dzenie<\/strong> Ministra Infrastruktury i Rozwoju z dnia 30 grudnia 2013 r. zmieniaj\u0105ce rozporz\u0105dzenie w sprawie homologacji sposobu monta\u017cu instalacji przystosowuj\u0105cej dany typ pojazdu do zasilania gazem (Dz. U. z 2013 r., poz. 1698) \u2013 <strong>wesz\u0142o w \u017cycie z dniem 1 stycznia 2014 r.<\/strong><\/p>\n<p>W rozporz\u0105dzeniu Ministra Transportu, Budownictwa i Gospodarki Morskiej z dnia 10\u00a0maja 2013 r. w sprawie homologacji sposobu monta\u017cu instalacji przystosowuj\u0105cej dany typ pojazdu do zasilania gazem (Dz. U. z 2013 r., poz. 610) uleg\u0142o zmianie brzmienie \u00a74 oraz za\u0142\u0105cznik\u00f3w nr 4 i 5.<\/p>\n<p><strong>Rozporz\u0105dzenie<\/strong> Ministra Infrastruktury i Rozwoju z dnia 30 grudnia 2013 r. zmieniaj\u0105ce rozporz\u0105dzenie w sprawie homologacji typu pojazd\u00f3w samochodowych i przyczep oraz ich przedmiot\u00f3w wyposa\u017cenia lub cz\u0119\u015bci (Dz. U. z 2013 r., poz. 1718) \u2013 <strong>wesz\u0142o w \u017cycie z dniem 1 stycznia 2014 r.<\/strong><\/p>\n<p>W rozporz\u0105dzeniu Ministra Transportu, Budownictwa i Gospodarki Morskiej z dnia 25\u00a0marca 2013 r. w sprawie homologacji typu pojazd\u00f3w samochodowych i przyczep oraz ich przedmiot\u00f3w wyposa\u017cenia lub cz\u0119\u015bci (Dz. U. z 2013 r., poz. 407) uleg\u0142o zmianie brzmienie \u00a75, \u00a78 i \u00a710, za\u0142\u0105cznik\u00f3w nr 3, 5, 10.<\/p>\n<p><strong>Rozporz\u0105dzenie<\/strong> Ministra Infrastruktury i Rozwoju z dnia 30 grudnia 2013 r. zmieniaj\u0105ce rozporz\u0105dzenie w sprawie warunk\u00f3w technicznych pojazd\u00f3w oraz zakresu ich\u00a0niezb\u0119dnego wyposa\u017cenia (Dz. U. z 2013 r., poz. 1720) \u2013 <strong>wesz\u0142o w \u017cycie z dniem 1 stycznia 2014 r.<\/strong><\/p>\n<p>W rozporz\u0105dzeniu Ministra Infrastruktury z dnia 31 grudnia 2002 r. w sprawie warunk\u00f3w technicznych pojazd\u00f3w oraz zakresu ich niezb\u0119dnego wyposa\u017cenia (Dz. U. z 2013 r., poz.\u00a0951) uleg\u0142o zmianie brzmienie \u00a743.<\/p>\n<p><strong>Rozporz\u0105dzenie<\/strong> Ministra Infrastruktury i Rozwoju z dnia 30 grudnia 2013 r. zmieniaj\u0105ce rozporz\u0105dzenie w sprawie dopuszczenia jednostkowego pojazdu (Dz. U. z 2013 r., poz.\u00a01725) \u2013 <strong>wesz\u0142o w \u017cycie z dniem 1 stycznia 2014 r.<\/strong><\/p>\n<p><strong>\u00a0<\/strong><\/p>\n<p><strong>TRANSPORT PUBLICZNY<\/strong><\/p>\n<p><strong>Rozporz\u0105dzenie <\/strong>Ministra Infrastruktury i Rozwoju z dnia 18 grudnia 2013 r. zmieniaj\u0105ce rozporz\u0105dzenie w sprawie rodzaj\u00f3w dokument\u00f3w po\u015bwiadczaj\u0105cych uprawnienia do\u00a0korzystania z ulgowych przejazd\u00f3w \u015brodkami publicznego transportu zbiorowego (Dz.\u00a0U. z 2013 r., poz. 1661) \u2013 <strong>wesz\u0142o w \u017cycie z dniem 1 stycznia 2014 r.<\/strong><\/p>\n<p>W rozporz\u0105dzeniu Ministra Infrastruktury z dnia 25 pa\u017adziernika 2002 r. w sprawie rodzaj\u00f3w dokument\u00f3w po\u015bwiadczaj\u0105cych uprawnienia do korzystania z ulgowych przejazd\u00f3w \u015brodkami publicznego transportu zbiorowego (Dz. U. z 2002 r., nr 179, poz.\u00a01495 z p\u00f3\u017an. zm.) uleg\u0142o zmianie brzmienie \u00a711.<\/p>\n<p><strong>\u00a0<\/strong><\/p>\n<p><strong>PRAWO KONSUMENCKIE<\/strong><\/p>\n<p><strong>Rozporz\u0105dzenie <\/strong>Ministra Finans\u00f3w z dnia 27 grudnia 2013 r. zmieniaj\u0105ce rozporz\u0105dzenie w sprawie szczeg\u00f3\u0142owych zasad uwidaczniania cen towar\u00f3w i us\u0142ug oraz sposobu oznaczania cen\u0105 towar\u00f3w przeznaczonych do sprzeda\u017cy (Dz. U. z 2013 r., poz.\u00a01701) \u2013 <strong>wesz\u0142o w \u017cycie z dniem 1 stycznia 2014 r.<\/strong><\/p>\n<p>W rozporz\u0105dzeniu Ministra Finans\u00f3w z dnia 10 czerwca 2002 r. w sprawie szczeg\u00f3\u0142owych zasad uwidaczniania cen towar\u00f3w i us\u0142ug oraz sposobu oznaczania cen\u0105 towar\u00f3w przeznaczonych do sprzeda\u017cy (Dz. U. z 2002 r., nr 99, poz. 89, z p\u00f3\u017an. zm.) uleg\u0142o zmianie brzmienie \u00a713, \u00a713a.<\/p>\n<p><strong>\u00a0<\/strong><\/p>\n<p><strong>PRAWO WSP\u00d3LNOTOWE<\/strong><\/p>\n<p><strong>Rozporz\u0105dzenie<\/strong> Ministra Finans\u00f3w z dnia 16 grudnia 2013 r. w sprawie potwierdzania zidentyfikowania okre\u015blonego podmiotu na potrzeby transakcji wewn\u0105trzwsp\u00f3lnotowych na terytorium pa\u0144stwa cz\u0142onkowskiego innym ni\u017c terytorium kraju (Dz. U. z 2013 r., poz.\u00a01662) \u2013 <strong>wesz\u0142o\u00a0 w \u017cycie z dniem 1 stycznia 2014 r.<\/strong> <\/p>\n<p><strong>\u00a0<\/strong><\/p>\n<p><strong>ZAWODY PRAWNICZE<\/strong><\/p>\n<p><strong>Rozporz\u0105dzenie <\/strong>Ministra Sprawiedliwo\u015bci z dnia 17 grudnia 2013 r. w sprawie przeprowadzania egzaminu adwokackiego (Dz. U. z 2013 r., poz. 1666) \u2013 <strong>wesz\u0142o w\u00a0\u017cycie z dniem 1 stycznia 2014 r.<\/strong><\/p>\n<p><strong>Rozporz\u0105dzenie <\/strong>Ministra Sprawiedliwo\u015bci z dnia 17 grudnia 2013 r. w sprawie organizacji i przebiegu aplikacji notarialnej (Dz. U. z 2013 r., poz. 1668) \u2013 <strong>wesz\u0142o w\u00a0\u017cycie z dniem 1 stycznia 2014 r.<\/strong><\/p>\n<p><strong>Rozporz\u0105dzenie <\/strong>Ministra Sprawiedliwo\u015bci z dnia 17 grudnia 2013 r. w sprawie wynagrodzenia przewodnicz\u0105cego i cz\u0142onk\u00f3w komisji do spraw przeprowadzenia egzamin\u00f3w konkursowego i komorniczego oraz przewodnicz\u0105cego i cz\u0142onk\u00f3w zespo\u0142u do\u00a0przygotowywania pyta\u0144 testowych oraz zada\u0144 pisemnych na egzaminy konkursowy\u00a0i\u00a0komorniczy (Dz. U. z 2013 r., poz. 1673) \u2013 <strong>wesz\u0142o w \u017cycie z dniem 1\u00a0stycznia\u00a02014\u00a0r.<\/strong><\/p>\n<p><strong>Rozporz\u0105dzenie <\/strong>Ministra Sprawiedliwo\u015bci z dnia 17 grudnia 2013 r. w sprawie przeprowadzania egzaminu radcowskiego (Dz. U. z 2013 r., poz. 1685) \u2013 <strong>wesz\u0142o w\u00a0\u017cycie z dniem 1\u00a0stycznia\u00a02014\u00a0r.<\/strong><\/p>\n<p><strong>\u00a0<\/strong><\/p>\n<p><strong>US\u0141UGI DETEKTYWISTYCZNE<\/strong><\/p>\n<p><strong>Rozporz\u0105dzenie<\/strong> Ministra Spraw Wewn\u0119trznych z dnia 18 grudnia 2013 r. zmieniaj\u0105ce\u00a0rozporz\u0105dzenie w sprawie sk\u0142adania wniosku o wydanie licencji detektywa (Dz. U. z 2013 r., poz. 1672) \u2013 <strong>wesz\u0142o w\u00a0\u017cycie z dniem 1 stycznia 2014 r.<\/strong><\/p>\n<p>W rozporz\u0105dzeniu Ministra Spraw Wewn\u0119trznych i Administracji z dnia 30 sierpnia 2004 r. w sprawie sk\u0142adania wniosku o wydanie licencji detektywa (Dz. U. z 2004 r., nr 196, poz.\u00a02020) uleg\u0142o zmianie brzmienie \u00a72, \u00a73.<\/p>\n<p><strong>\u00a0<\/strong><\/p>\n<p><strong>SUBSTANCJE CHEMICZNE<\/strong><\/p>\n<p><strong>Rozporz\u0105dzenie <\/strong>Ministra Zdrowia z dnia 23 grudnia 2013 r. zmieniaj\u0105ce rozporz\u0105dzenie w sprawie kryteri\u00f3w i sposobu klasyfikacji substancji chemicznych i ich mieszanin (Dz.\u00a0U.\u00a0z 2014 r., poz. 8) \u2013 <strong>wesz\u0142o w \u017cycie z dniem 4 stycznia 2014 r.<\/strong>\u00a0\u00a0 <\/p>\n<p><strong>\u00a0<\/strong><\/p>\n<p><strong>CUDZOZIEMCY<\/strong><\/p>\n<p><strong>Rozporz\u0105dzenie<\/strong> Ministra Pracy i Polityki Spo\u0142ecznej z dnia 10 grudnia 2013 r. zmieniaj\u0105ce rozporz\u0105dzenie w sprawie wydawania zezwolenia na prac\u0119 cudzoziemca (Dz.\u00a0U. z 2013 r., poz. 1674) \u2013 <strong>wejdzie w \u017cycie z dniem 14 stycznia 2014 r.<\/strong><\/p>\n<p>W rozporz\u0105dzeniu Ministra Pracy i Polityki Spo\u0142ecznej z dnia 29 stycznia 2009 r. w\u00a0sprawie wydawania zezwolenia na prac\u0119 cudzoziemca (Dz. U. z 2009 r., nr 16, poz. 84) uleg\u0142o zmianie brzmienie \u00a72, \u00a74 \u2013 6, za\u0142\u0105cznik\u00f3w nr 1 \u2013 6.<\/p>\n<p><strong>\u00a0<\/strong><\/p>\n<p><strong>RADIO I TELEWIZJA<\/strong><\/p>\n<p><strong>Rozporz\u0105dzenie <\/strong>Ministra Administracji i Cyfryzacji z dnia 17 grudnia 2013 r. w\u00a0sprawie\u00a0warunk\u00f3w i trybu rejestracji odbiornik\u00f3w radiofonicznych i telewizyjnych (Dz.\u00a0U. z 2013 r., poz. 1676) \u2013 <strong>wesz\u0142o w \u017cycie z dniem 1 stycznia 2014 r.<\/strong><\/p>\n<p>\u00a0<\/p>\n<h3 class=\"newsletter-naglowek\">Orzecznictwo<\/h3>\n<p><strong>Trybuna\u0142 Konstytucyjny; Trybuna\u0142 Sprawiedliwo\u015bci Unii Europejskiej<\/strong><\/p>\n<p><strong>\u015aWIADCZENIE PIEL\u0118GNACYJNE<\/strong><\/p>\n<p>Przepisy przej\u015bciowe dotycz\u0105ce \u015bwiadczenia piel\u0119gnacyjnego s\u0105 niezgodne z Konstytucj\u0105. Przedmiotem badania \u2013 zgodnie z \u017c\u0105daniem wnioskodawcy \u2013 by\u0142y tylko przepisy intertemporalne. Dlatego Trybuna\u0142 Konstytucyjny nie odnosi\u0142 si\u0119 do poprawno\u015bci nowych, bardziej restrykcyjnych w por\u00f3wnaniu ze stanem dotychczasowym kryteri\u00f3w uzyskania \u015bwiadczenia piel\u0119gnacyjnego i specjalnego zasi\u0142ku opieku\u0144czego. Zrealizowanie wyroku Trybuna\u0142u Konstytucyjnego, kt\u00f3ry zakwestionowa\u0142 art. 11 ust. 1 i 3 ustawy zmieniaj\u0105cej, b\u0119dzie wymaga\u0142o zmiany prawa. Samo orzeczenie bowiem nie tworzy ani roszcze\u0144 o\u00a0wyp\u0142at\u0119 utraconych korzy\u015bci po 30 czerwca 2013 r., ani nie daje podstaw do ubiegania si\u0119 o nowe \u015bwiadczenie piel\u0119gnacyjne lub specjalny zasi\u0142ek opieku\u0144czy, kt\u00f3re przewiduje obowi\u0105zuj\u0105ca ustawa o \u015bwiadczeniach rodzinnych &#8211; <strong>wyrok Trybuna\u0142u Konstytucyjnego z dnia 5 grudnia 2013 r., sygn. akt: K 27\/13.<\/strong><\/p>\n","protected":false},"excerpt":{"rendered":"<p>We would like to present the next issue of legal bulletin of the Law Office of Adam Polowiec.What you will find here is some information about the new provisions of law and the projects of amendments to acts, but also case-laws including the case laws of Supreme Court, Constitutional Tribunal and European Court of Justice.<\/p>\n","protected":false},"author":2,"featured_media":0,"comment_status":"closed","ping_status":"open","sticky":false,"template":"","format":"standard","meta":{"footnotes":""},"categories":[11],"tags":[],"class_list":["post-508","post","type-post","status-publish","format-standard","hentry","category-newsletters"],"featured_image_src":{"landsacpe":false,"list":false,"medium":false,"full":false},"yoast_head":"<!-- This site is optimized with the Yoast SEO plugin v27.2 - https:\/\/yoast.com\/product\/yoast-seo-wordpress\/ -->\n<title>Legal Bulletin Of The Law Office Of Adam Polowiec (13 \u2013 19 january 2014 r.) - Polowiec i Wsp\u00f3lnicy - Kancelaria prawna<\/title>\n<meta name=\"robots\" content=\"index, follow, max-snippet:-1, max-image-preview:large, max-video-preview:-1\" \/>\n<link rel=\"canonical\" href=\"https:\/\/polowiec.pl\/en\/legal-bulletin-of-the-law-office-of-adam-polowiec-13-19-january-2014-r\/\" \/>\n<meta property=\"og:locale\" content=\"en_US\" \/>\n<meta property=\"og:type\" content=\"article\" \/>\n<meta property=\"og:title\" content=\"Legal Bulletin Of The Law Office Of Adam Polowiec (13 \u2013 19 january 2014 r.) - Polowiec i Wsp\u00f3lnicy - Kancelaria prawna\" \/>\n<meta property=\"og:description\" content=\"We would like to present the next issue of legal bulletin of the Law Office of Adam Polowiec.What you will find here is some information about the new provisions of law and the projects of amendments to acts, but also case-laws including the case laws of Supreme Court, Constitutional Tribunal and European Court of Justice.\" \/>\n<meta property=\"og:url\" content=\"https:\/\/polowiec.pl\/en\/legal-bulletin-of-the-law-office-of-adam-polowiec-13-19-january-2014-r\/\" \/>\n<meta property=\"og:site_name\" content=\"Polowiec i Wsp\u00f3lnicy - Kancelaria prawna\" \/>\n<meta property=\"article:publisher\" content=\"https:\/\/www.facebook.com\/polowieciwspolnicy\/\" \/>\n<meta property=\"article:published_time\" content=\"2014-02-18T12:19:53+00:00\" \/>\n<meta property=\"article:modified_time\" content=\"2018-10-11T08:42:58+00:00\" \/>\n<meta name=\"author\" content=\"Super User\" \/>\n<meta name=\"twitter:card\" content=\"summary_large_image\" \/>\n<meta name=\"twitter:label1\" content=\"Written by\" \/>\n\t<meta name=\"twitter:data1\" content=\"Super User\" \/>\n\t<meta name=\"twitter:label2\" content=\"Est. reading time\" \/>\n\t<meta name=\"twitter:data2\" content=\"8 minutes\" \/>\n<script type=\"application\/ld+json\" class=\"yoast-schema-graph\">{\"@context\":\"https:\/\/schema.org\",\"@graph\":[{\"@type\":\"Article\",\"@id\":\"https:\/\/polowiec.pl\/en\/legal-bulletin-of-the-law-office-of-adam-polowiec-13-19-january-2014-r\/#article\",\"isPartOf\":{\"@id\":\"https:\/\/polowiec.pl\/en\/legal-bulletin-of-the-law-office-of-adam-polowiec-13-19-january-2014-r\/\"},\"author\":{\"name\":\"Super User\",\"@id\":\"https:\/\/polowiec.pl\/en\/#\/schema\/person\/ed8994874b775675a86115f307352d24\"},\"headline\":\"Legal Bulletin Of The Law Office Of Adam Polowiec (13 \u2013 19 january 2014 r.)\",\"datePublished\":\"2014-02-18T12:19:53+00:00\",\"dateModified\":\"2018-10-11T08:42:58+00:00\",\"mainEntityOfPage\":{\"@id\":\"https:\/\/polowiec.pl\/en\/legal-bulletin-of-the-law-office-of-adam-polowiec-13-19-january-2014-r\/\"},\"wordCount\":1634,\"publisher\":{\"@id\":\"https:\/\/polowiec.pl\/en\/#organization\"},\"articleSection\":[\"Newsletter\"],\"inLanguage\":\"en-US\"},{\"@type\":\"WebPage\",\"@id\":\"https:\/\/polowiec.pl\/en\/legal-bulletin-of-the-law-office-of-adam-polowiec-13-19-january-2014-r\/\",\"url\":\"https:\/\/polowiec.pl\/en\/legal-bulletin-of-the-law-office-of-adam-polowiec-13-19-january-2014-r\/\",\"name\":\"Legal Bulletin Of The Law Office Of Adam Polowiec (13 \u2013 19 january 2014 r.) - Polowiec i Wsp\u00f3lnicy - Kancelaria prawna\",\"isPartOf\":{\"@id\":\"https:\/\/polowiec.pl\/en\/#website\"},\"datePublished\":\"2014-02-18T12:19:53+00:00\",\"dateModified\":\"2018-10-11T08:42:58+00:00\",\"breadcrumb\":{\"@id\":\"https:\/\/polowiec.pl\/en\/legal-bulletin-of-the-law-office-of-adam-polowiec-13-19-january-2014-r\/#breadcrumb\"},\"inLanguage\":\"en-US\",\"potentialAction\":[{\"@type\":\"ReadAction\",\"target\":[\"https:\/\/polowiec.pl\/en\/legal-bulletin-of-the-law-office-of-adam-polowiec-13-19-january-2014-r\/\"]}]},{\"@type\":\"BreadcrumbList\",\"@id\":\"https:\/\/polowiec.pl\/en\/legal-bulletin-of-the-law-office-of-adam-polowiec-13-19-january-2014-r\/#breadcrumb\",\"itemListElement\":[{\"@type\":\"ListItem\",\"position\":1,\"name\":\"Strona g\u0142\u00f3wna\",\"item\":\"https:\/\/polowiec.pl\/en\/\"},{\"@type\":\"ListItem\",\"position\":2,\"name\":\"Legal Bulletin Of The Law Office Of Adam Polowiec (13 \u2013 19 january 2014 r.)\"}]},{\"@type\":\"WebSite\",\"@id\":\"https:\/\/polowiec.pl\/en\/#website\",\"url\":\"https:\/\/polowiec.pl\/en\/\",\"name\":\"Polowiec i Wsp\u00f3lnicy - Kancelaria prawna\",\"description\":\"Obs\u0142uga prawna\",\"publisher\":{\"@id\":\"https:\/\/polowiec.pl\/en\/#organization\"},\"potentialAction\":[{\"@type\":\"SearchAction\",\"target\":{\"@type\":\"EntryPoint\",\"urlTemplate\":\"https:\/\/polowiec.pl\/en\/?s={search_term_string}\"},\"query-input\":{\"@type\":\"PropertyValueSpecification\",\"valueRequired\":true,\"valueName\":\"search_term_string\"}}],\"inLanguage\":\"en-US\"},{\"@type\":\"Organization\",\"@id\":\"https:\/\/polowiec.pl\/en\/#organization\",\"name\":\"Polowiec i Wsp\u00f3lnicy - Kancelaria prawna\",\"url\":\"https:\/\/polowiec.pl\/en\/\",\"logo\":{\"@type\":\"ImageObject\",\"inLanguage\":\"en-US\",\"@id\":\"https:\/\/polowiec.pl\/en\/#\/schema\/logo\/image\/\",\"url\":\"https:\/\/polowiec.pl\/wp-content\/uploads\/2018\/10\/polowiec_logo2-1.png\",\"contentUrl\":\"https:\/\/polowiec.pl\/wp-content\/uploads\/2018\/10\/polowiec_logo2-1.png\",\"width\":540,\"height\":381,\"caption\":\"Polowiec i Wsp\u00f3lnicy - Kancelaria prawna\"},\"image\":{\"@id\":\"https:\/\/polowiec.pl\/en\/#\/schema\/logo\/image\/\"},\"sameAs\":[\"https:\/\/www.facebook.com\/polowieciwspolnicy\/\",\"https:\/\/www.linkedin.com\/company\/polowiec-i-wsplnicy-sp.j.\/about\/\"]},{\"@type\":\"Person\",\"@id\":\"https:\/\/polowiec.pl\/en\/#\/schema\/person\/ed8994874b775675a86115f307352d24\",\"name\":\"Super User\",\"image\":{\"@type\":\"ImageObject\",\"inLanguage\":\"en-US\",\"@id\":\"https:\/\/secure.gravatar.com\/avatar\/e759b874f0fa459bd87c83ff47148fc5718f86d9459564657124e571997afbf7?s=96&d=mm&r=g\",\"url\":\"https:\/\/secure.gravatar.com\/avatar\/e759b874f0fa459bd87c83ff47148fc5718f86d9459564657124e571997afbf7?s=96&d=mm&r=g\",\"contentUrl\":\"https:\/\/secure.gravatar.com\/avatar\/e759b874f0fa459bd87c83ff47148fc5718f86d9459564657124e571997afbf7?s=96&d=mm&r=g\",\"caption\":\"Super User\"}}]}<\/script>\n<!-- \/ Yoast SEO plugin. -->","yoast_head_json":{"title":"Legal Bulletin Of The Law Office Of Adam Polowiec (13 \u2013 19 january 2014 r.) - Polowiec i Wsp\u00f3lnicy - Kancelaria prawna","robots":{"index":"index","follow":"follow","max-snippet":"max-snippet:-1","max-image-preview":"max-image-preview:large","max-video-preview":"max-video-preview:-1"},"canonical":"https:\/\/polowiec.pl\/en\/legal-bulletin-of-the-law-office-of-adam-polowiec-13-19-january-2014-r\/","og_locale":"en_US","og_type":"article","og_title":"Legal Bulletin Of The Law Office Of Adam Polowiec (13 \u2013 19 january 2014 r.) - Polowiec i Wsp\u00f3lnicy - Kancelaria prawna","og_description":"We would like to present the next issue of legal bulletin of the Law Office of Adam Polowiec.What you will find here is some information about the new provisions of law and the projects of amendments to acts, but also case-laws including the case laws of Supreme Court, Constitutional Tribunal and European Court of Justice.","og_url":"https:\/\/polowiec.pl\/en\/legal-bulletin-of-the-law-office-of-adam-polowiec-13-19-january-2014-r\/","og_site_name":"Polowiec i Wsp\u00f3lnicy - Kancelaria prawna","article_publisher":"https:\/\/www.facebook.com\/polowieciwspolnicy\/","article_published_time":"2014-02-18T12:19:53+00:00","article_modified_time":"2018-10-11T08:42:58+00:00","author":"Super User","twitter_card":"summary_large_image","twitter_misc":{"Written by":"Super User","Est. reading time":"8 minutes"},"schema":{"@context":"https:\/\/schema.org","@graph":[{"@type":"Article","@id":"https:\/\/polowiec.pl\/en\/legal-bulletin-of-the-law-office-of-adam-polowiec-13-19-january-2014-r\/#article","isPartOf":{"@id":"https:\/\/polowiec.pl\/en\/legal-bulletin-of-the-law-office-of-adam-polowiec-13-19-january-2014-r\/"},"author":{"name":"Super User","@id":"https:\/\/polowiec.pl\/en\/#\/schema\/person\/ed8994874b775675a86115f307352d24"},"headline":"Legal Bulletin Of The Law Office Of Adam Polowiec (13 \u2013 19 january 2014 r.)","datePublished":"2014-02-18T12:19:53+00:00","dateModified":"2018-10-11T08:42:58+00:00","mainEntityOfPage":{"@id":"https:\/\/polowiec.pl\/en\/legal-bulletin-of-the-law-office-of-adam-polowiec-13-19-january-2014-r\/"},"wordCount":1634,"publisher":{"@id":"https:\/\/polowiec.pl\/en\/#organization"},"articleSection":["Newsletter"],"inLanguage":"en-US"},{"@type":"WebPage","@id":"https:\/\/polowiec.pl\/en\/legal-bulletin-of-the-law-office-of-adam-polowiec-13-19-january-2014-r\/","url":"https:\/\/polowiec.pl\/en\/legal-bulletin-of-the-law-office-of-adam-polowiec-13-19-january-2014-r\/","name":"Legal Bulletin Of The Law Office Of Adam Polowiec (13 \u2013 19 january 2014 r.) - Polowiec i Wsp\u00f3lnicy - Kancelaria prawna","isPartOf":{"@id":"https:\/\/polowiec.pl\/en\/#website"},"datePublished":"2014-02-18T12:19:53+00:00","dateModified":"2018-10-11T08:42:58+00:00","breadcrumb":{"@id":"https:\/\/polowiec.pl\/en\/legal-bulletin-of-the-law-office-of-adam-polowiec-13-19-january-2014-r\/#breadcrumb"},"inLanguage":"en-US","potentialAction":[{"@type":"ReadAction","target":["https:\/\/polowiec.pl\/en\/legal-bulletin-of-the-law-office-of-adam-polowiec-13-19-january-2014-r\/"]}]},{"@type":"BreadcrumbList","@id":"https:\/\/polowiec.pl\/en\/legal-bulletin-of-the-law-office-of-adam-polowiec-13-19-january-2014-r\/#breadcrumb","itemListElement":[{"@type":"ListItem","position":1,"name":"Strona g\u0142\u00f3wna","item":"https:\/\/polowiec.pl\/en\/"},{"@type":"ListItem","position":2,"name":"Legal Bulletin Of The Law Office Of Adam Polowiec (13 \u2013 19 january 2014 r.)"}]},{"@type":"WebSite","@id":"https:\/\/polowiec.pl\/en\/#website","url":"https:\/\/polowiec.pl\/en\/","name":"Polowiec i Wsp\u00f3lnicy - Kancelaria prawna","description":"Obs\u0142uga prawna","publisher":{"@id":"https:\/\/polowiec.pl\/en\/#organization"},"potentialAction":[{"@type":"SearchAction","target":{"@type":"EntryPoint","urlTemplate":"https:\/\/polowiec.pl\/en\/?s={search_term_string}"},"query-input":{"@type":"PropertyValueSpecification","valueRequired":true,"valueName":"search_term_string"}}],"inLanguage":"en-US"},{"@type":"Organization","@id":"https:\/\/polowiec.pl\/en\/#organization","name":"Polowiec i Wsp\u00f3lnicy - Kancelaria prawna","url":"https:\/\/polowiec.pl\/en\/","logo":{"@type":"ImageObject","inLanguage":"en-US","@id":"https:\/\/polowiec.pl\/en\/#\/schema\/logo\/image\/","url":"https:\/\/polowiec.pl\/wp-content\/uploads\/2018\/10\/polowiec_logo2-1.png","contentUrl":"https:\/\/polowiec.pl\/wp-content\/uploads\/2018\/10\/polowiec_logo2-1.png","width":540,"height":381,"caption":"Polowiec i Wsp\u00f3lnicy - Kancelaria prawna"},"image":{"@id":"https:\/\/polowiec.pl\/en\/#\/schema\/logo\/image\/"},"sameAs":["https:\/\/www.facebook.com\/polowieciwspolnicy\/","https:\/\/www.linkedin.com\/company\/polowiec-i-wsplnicy-sp.j.\/about\/"]},{"@type":"Person","@id":"https:\/\/polowiec.pl\/en\/#\/schema\/person\/ed8994874b775675a86115f307352d24","name":"Super User","image":{"@type":"ImageObject","inLanguage":"en-US","@id":"https:\/\/secure.gravatar.com\/avatar\/e759b874f0fa459bd87c83ff47148fc5718f86d9459564657124e571997afbf7?s=96&d=mm&r=g","url":"https:\/\/secure.gravatar.com\/avatar\/e759b874f0fa459bd87c83ff47148fc5718f86d9459564657124e571997afbf7?s=96&d=mm&r=g","contentUrl":"https:\/\/secure.gravatar.com\/avatar\/e759b874f0fa459bd87c83ff47148fc5718f86d9459564657124e571997afbf7?s=96&d=mm&r=g","caption":"Super User"}}]}},"_links":{"self":[{"href":"https:\/\/polowiec.pl\/en\/wp-json\/wp\/v2\/posts\/508","targetHints":{"allow":["GET"]}}],"collection":[{"href":"https:\/\/polowiec.pl\/en\/wp-json\/wp\/v2\/posts"}],"about":[{"href":"https:\/\/polowiec.pl\/en\/wp-json\/wp\/v2\/types\/post"}],"author":[{"embeddable":true,"href":"https:\/\/polowiec.pl\/en\/wp-json\/wp\/v2\/users\/2"}],"replies":[{"embeddable":true,"href":"https:\/\/polowiec.pl\/en\/wp-json\/wp\/v2\/comments?post=508"}],"version-history":[{"count":0,"href":"https:\/\/polowiec.pl\/en\/wp-json\/wp\/v2\/posts\/508\/revisions"}],"wp:attachment":[{"href":"https:\/\/polowiec.pl\/en\/wp-json\/wp\/v2\/media?parent=508"}],"wp:term":[{"taxonomy":"category","embeddable":true,"href":"https:\/\/polowiec.pl\/en\/wp-json\/wp\/v2\/categories?post=508"},{"taxonomy":"post_tag","embeddable":true,"href":"https:\/\/polowiec.pl\/en\/wp-json\/wp\/v2\/tags?post=508"}],"curies":[{"name":"wp","href":"https:\/\/api.w.org\/{rel}","templated":true}]}}