{"id":509,"date":"2014-02-18T13:23:08","date_gmt":"2014-02-18T12:23:08","guid":{"rendered":"https:\/\/nowa.polowiec.pl\/legal-bulletin-of-the-law-office-of-adam-polowiec-20-january-2-february-2014-r\/"},"modified":"2018-10-11T10:42:58","modified_gmt":"2018-10-11T08:42:58","slug":"legal-bulletin-of-the-law-office-of-adam-polowiec-20-january-2-february-2014-r","status":"publish","type":"post","link":"https:\/\/polowiec.pl\/en\/legal-bulletin-of-the-law-office-of-adam-polowiec-20-january-2-february-2014-r\/","title":{"rendered":"Legal Bulletin Of The Law Office Of Adam Polowiec (20 january \u2013 2 february 2014 r.)"},"content":{"rendered":"<p>We would like to present the next issue of legal bulletin of the Law Office of Adam Polowiec.<br \/>What you will find here is some information about the new provisions of law and the projects of amendments to acts, but also case-laws including the case laws of Supreme Court, Constitutional Tribunal and European Court of Justice. <!--more--> <\/p>\n<h3 class=\"newsletter-naglowek\">Nowe Prawo<\/h3>\n<p><strong>PODATKI I RACHUNKOWO\u015a\u0106<\/strong><\/p>\n<p><strong>Ustawa <\/strong>z dnia 22 listopada 2013 r. zmieniaj\u0105ca ustaw\u0119 o zmianie ustawy o podatku od\u00a0spadk\u00f3w i darowizn oraz ustawy o podatku od czynno\u015bci cywilnoprawnych (Dz.\u00a0U.\u00a0z\u00a02014 r., poz. 19) \u2013 <strong>wejdzie w \u017cycie z dniem 22 stycznia 2014 r.<\/strong><\/p>\n<p>W ustawie z dnia 16 listopada 2006 r. o zmianie ustawy o podatku od spadk\u00f3w i darowizn oraz ustawy o podatku od czynno\u015bci cywilnoprawnych (Dz. U. z 2006 r., nr 222, poz.\u00a01629 oraz z 2011 r. Nr 144, poz. 867) zosta\u0142 dodany art. 3a.<\/p>\n<p><strong>\u00a0<\/strong><\/p>\n<p><strong>OCHRONA ZDROWIA<\/strong><\/p>\n<p><strong>Rozporz\u0105dzenie<\/strong> Ministra Zdrowia z dnia 20 grudnia 2013 r. zmieniaj\u0105ce rozporz\u0105dzenie w sprawie specjalizacji i uzyskiwania tytu\u0142u specjalisty przez diagnost\u00f3w laboratoryjnych (Dz. U. z 2014 r., poz. 20) \u2013 <strong>wejdzie w \u017cycie z dniem 22 stycznia 2014 r., z\u00a0wyj\u0105tkiem \u00a73 i \u00a77, kt\u00f3re wchodz\u0105 w \u017cycie z dniem 7 stycznia 2014 r. oraz\u00a0\u00a71\u00a0pkt 1 i 32 oraz za\u0142\u0105cznika nr 3, kt\u00f3re wchodz\u0105 w \u017cycie z dniem 16\u00a0czerwca\u00a02014 r.<\/strong><\/p>\n<p>W rozporz\u0105dzeniu Ministra Zdrowia z dnia 16 kwietnia 2004 r. w sprawie specjalizacji i\u00a0uzyskiwania tytu\u0142u specjalisty przez diagnost\u00f3w laboratoryjnych (Dz. U. z 2004 r., nr\u00a0126, poz. 1319, z 2006 r., nr 109, poz. 754 oraz z 2009 r., nr 62, poz. 516) uleg\u0142o zmianie brzmienie \u00a72 \u2013 5, \u00a77, \u00a78, \u00a712 \u2013 32, \u00a734, za\u0142\u0105cznik\u00f3w nr 6 \u2013 7, zosta\u0142 dodany za\u0142\u0105cznik nr 5a, zosta\u0142 uchylony za\u0142\u0105cznik nr 2.<\/p>\n<p><strong>Rozporz\u0105dzenie<\/strong> Ministra Zdrowia z dnia 10 stycznia 2014 r. w sprawie ramowych procedur przyjmowania wezwa\u0144 przez dyspozytora medycznego i dysponowania zespo\u0142ami ratownictwa medycznego (Dz. U. z 2014 r., poz. 66) \u2013 <strong>wejdzie w \u017cycie z\u00a0dniem 29 stycznia 2014 r., z wyj\u0105tkiem \u00a7 2 ust. 2, kt\u00f3ry wchodzi w \u017cycie z\u00a0dniem 1 lipca 2014 r.<\/strong><\/p>\n<p><strong>\u00a0<\/strong><\/p>\n<p><strong>POST\u0118POWANIE KARNE<\/strong><\/p>\n<p><strong>Ustawa<\/strong> z dnia 6 grudnia 2013 r. o zmianie ustawy &#8211; Kodeks post\u0119powania karnego (Dz.\u00a0U. z 2014 r., poz. 85) \u2013 <strong>wejdzie w \u017cycie z dniem 1 lutego 2014 r.<\/strong><\/p>\n<p>W ustawie z dnia 6 czerwca 1997 r. &#8211; Kodeks post\u0119powania karnego (Dz. U. z 1997 r., nr\u00a089, poz. 555 z p\u00f3\u017an. zm.) uleg\u0142o zmianie brzmienie art. 284.<\/p>\n<p><strong>\u00a0<\/strong><\/p>\n<p><strong>S\u0104DOWNICTWO<\/strong><\/p>\n<p><strong>Ustawa<\/strong> z dnia 8 listopada 2013 r. o zmianie ustawy &#8211; Prawo o ustroju s\u0105d\u00f3w powszechnych (Dz. U. z 2014 r., poz. 31) \u2013 <strong>wejdzie w \u017cycie z dniem 23\u00a0stycznia\u00a02014 r.<\/strong><\/p>\n<p>W ustawie z dnia 27 lipca 2001 r. &#8211; Prawo o ustroju s\u0105d\u00f3w powszechnych (Dz.\u00a0U.\u00a0z\u00a02013\u00a0r., poz. 427, z p\u00f3\u017an. zm.) uleg\u0142o zmianie brzmienie art. 21, art. 32d, art.\u00a0110.<\/p>\n<p><strong>\u00a0<\/strong><\/p>\n<p><strong>ZAWODY PRAWNICZE<\/strong><\/p>\n<p><strong>Rozporz\u0105dzenie <\/strong>Ministra Sprawiedliwo\u015bci z dnia 12 grudnia 2013 r. w sprawie zespo\u0142u do przygotowywania pyta\u0144 testowych i zada\u0144 pisemnych na egzaminy konkursowy i\u00a0komorniczy (Dz. U. z 2014 r., poz. 32) \u2013 <strong>wejdzie w \u017cycie z dniem 23\u00a0stycznia\u00a02014\u00a0r.<\/strong><\/p>\n<p><strong>\u00a0<\/strong><\/p>\n<p><strong>OCHRONA \u015aRODOWISKA<\/strong><\/p>\n<p><strong>Ustawa<\/strong> z dnia 8 listopada 2013 r. o zmianie ustawy &#8211; Prawo ochrony \u015brodowiska (Dz.\u00a0U.\u00a0z 2014 r., poz. 47) \u2013 <strong>wejdzie w \u017cycie z dniem 25 stycznia 2014 r.<\/strong><\/p>\n<p>W ustawie z dnia 27 kwietnia 2001 r. &#8211; Prawo ochrony \u015brodowiska (Dz. U. z 2013 r., poz.\u00a01232 i 1238 oraz z 2014 r., poz. 40) uleg\u0142o zmianie brzmienie art. 402.<\/p>\n<p>\u00a0<\/p>\n<h3 class=\"newsletter-naglowek\">Orzecznictwo<\/h3>\n<p><strong>Trybuna\u0142 Konstytucyjny; Trybuna\u0142 Sprawiedliwo\u015bci Unii Europejskiej<\/strong><\/p>\n<p><strong>BEZTERMINOWE PRAWA JAZDY<\/strong><\/p>\n<p>Wymiana praw jazdy wydanych bezterminowo jest zgodna z Konstytucj\u0105. Przepis przewiduj\u0105cy tak\u0105 mo\u017cliwo\u015b\u0107 jest zgodny z zasadami okre\u015blono\u015bci przepis\u00f3w prawa, ochrony zaufania do pa\u0144stwa i stanowionego przez nie prawa oraz ochrony praw s\u0142usznie nabytych. S\u0119dziowie konstytucyjni przypomnieli, \u017ce dokument prawa jazdy stwierdza jedynie posiadanie uprawnie\u0144 do kierowania pojazdami, za\u015b utrata jego wa\u017cno\u015bci nie\u00a0powoduje utraty wa\u017cno\u015bci uprawnie\u0144. Sam dokument potwierdzaj\u0105cy posiadanie takich uprawnie\u0144 nie mo\u017ce wi\u0119c by\u0107 traktowany jako prawo s\u0142usznie nabyte &#8211; <strong>wyrok Trybuna\u0142u Konstytucyjnego z dnia 12 grudnia 2013 r., sygn. akt: K 5\/13.<\/strong><\/p>\n<p><strong>\u00a0<\/strong><\/p>\n<p><strong>WALORYZACJA EMERYTUR MUNDUROWYCH<\/strong><\/p>\n<p>Waloryzacja emerytur mundurowych jest zgodna z Konstytucj\u0105. Wszystkie emerytury policyjne od momentu wej\u015bcia w \u017cycie zakwestionowanego przepisu waloryzowane s\u0105\u00a0wed\u0142ug tej samej metody, niezale\u017cnie od daty uzyskania przez funkcjonariusza prawa do \u015bwiadczenia. Nie dosz\u0142o wi\u0119c do zr\u00f3\u017cnicowania sytuacji prawnej emeryt\u00f3w mundurowych w oparciu o kryterium daty przej\u015bcia na emerytur\u0119. Waloryzacja cenowa, cho\u0107 z zasady jest mniej korzystna dla zainteresowanych ni\u017c waloryzacja p\u0142acowa, to\u00a0jednak zapewnia ona zachowanie realnej warto\u015bci emerytur. Jednocze\u015bnie Trybuna\u0142 wskaza\u0142, \u017ce zmiana systemu, czyli obj\u0119cie funkcjonariuszy powszechnym systemem emerytalnym w 1999 r., a nast\u0119pnie powr\u00f3t do systemu zaopatrzenia w 2003 r. nie\u00a0wp\u0142ywa na obowi\u0105zek ponownego wprowadzenia przez ustawodawc\u0119 waloryzacji p\u0142acowej. Konstytucja nie przewiduje bowiem zale\u017cno\u015bci mi\u0119dzy konkretnym systemem emerytalnym a okre\u015blon\u0105 metod\u0105 waloryzacji &#8211; <strong>wyrok Trybuna\u0142u Konstytucyjnego z\u00a0dnia 17 grudnia 2013 r., sygn. akt: SK 29\/12.<\/strong><\/p>\n<p><strong>\u00a0<\/strong><\/p>\n<p><strong>ODEBRANIE BRONI OSKAR\u017bONEMU<\/strong><\/p>\n<p>Tymczasowe odebranie broni oskar\u017conemu o pope\u0142nienie umy\u015blnego przest\u0119pstwa lub\u00a0nieumy\u015blnego przest\u0119pstwa przeciwko \u017cyciu i zdrowiu, albo przeciwko bezpiecze\u0144stwu w komunikacji, je\u017celi zosta\u0142o pope\u0142nione w stanie nietrze\u017awo\u015bci lub pod wp\u0142ywem \u015brodka odurzaj\u0105cego, albo gdy sprawca zbieg\u0142 z miejsca zdarzenia, jest zgodne z Konstytucj\u0105. Niemniej postawienie zarzutu pope\u0142nienia jednego z przest\u0119pstw wymienionych w art. 15 ust. 1 pkt 6 ustawy o broni i amunicji oznacza jedynie zezwolenie, a nie nakaz dla Policji albo \u017bandarmerii Wojskowej wykonania czynno\u015bci materialno-technicznej odebrania broni, amunicji oraz pozwolenia na bro\u0144. Oskar\u017cony prawomocnie uniewinniony ponownie mo\u017ce naby\u0107 bro\u0144 lub odzyska\u0107 bro\u0144 odebran\u0105 mu na podstawie art. 19 ust. 1a ustawy. Trybuna\u0142 Konstytucyjny podkre\u015bli\u0142 jednak, \u017ce polskie prawo, a wi\u0119c ani Konstytucja, ani\u00a0ustawa o broni i amunicji nie gwarantuje prawa do posiadania broni. Tym samym odebranie jej oskar\u017conemu o przest\u0119pstwo przeciwko \u017cyciu i zdrowiu jest proporcjonaln\u0105 konstytucyjnie ingerencj\u0105 w prawo w\u0142asno\u015bci. Ograniczenie wykonywania tego prawa jest bowiem uzasadnione konieczno\u015bci\u0105 ochrony praw i wolno\u015bci innych os\u00f3b. A spos\u00f3b ograniczenia jest adekwatny do za\u0142o\u017conego celu &#8211; <strong>wyrok Trybuna\u0142u Konstytucyjnego z dnia 18 grudnia 2013 r., sygn. akt: P 43\/12.<\/strong><\/p>\n<p>\u00a0<\/p>\n<h2 class=\"newsletter-naglowek\">Projekty, Nowelizacje, Zmiany<\/h2>\n<p><strong>PODATKI I RACHUNKOWO\u015a\u0106<\/strong><\/p>\n<p><strong>B\u0119dzie \u0142atwiej i taniej przy sprowadzaniu samochodu<\/strong><\/p>\n<p>Od 2015 r. przy rejestracji pojazd\u00f3w przywo\u017conych z Unii Europejskiej nie b\u0119dzie trzeba mie\u0107 za\u015bwiadczenia z urz\u0119du skarbowego.<\/p>\n","protected":false},"excerpt":{"rendered":"<p>We would like to present the next issue of legal bulletin of the Law Office of Adam Polowiec.What you will find here is some information about the new provisions of law and the projects of amendments to acts, but also case-laws including the case laws of Supreme Court, Constitutional Tribunal and European Court of Justice.<\/p>\n","protected":false},"author":2,"featured_media":0,"comment_status":"closed","ping_status":"open","sticky":false,"template":"","format":"standard","meta":{"footnotes":""},"categories":[11],"tags":[],"class_list":["post-509","post","type-post","status-publish","format-standard","hentry","category-newsletters"],"featured_image_src":{"landsacpe":false,"list":false,"medium":false,"full":false},"yoast_head":"<!-- This site is optimized with the Yoast SEO plugin v27.2 - https:\/\/yoast.com\/product\/yoast-seo-wordpress\/ -->\n<title>Legal Bulletin Of The Law Office Of Adam Polowiec (20 january \u2013 2 february 2014 r.) - Polowiec i Wsp\u00f3lnicy - Kancelaria prawna<\/title>\n<meta name=\"robots\" content=\"index, follow, max-snippet:-1, max-image-preview:large, max-video-preview:-1\" \/>\n<link rel=\"canonical\" href=\"https:\/\/polowiec.pl\/en\/legal-bulletin-of-the-law-office-of-adam-polowiec-20-january-2-february-2014-r\/\" \/>\n<meta property=\"og:locale\" content=\"en_US\" \/>\n<meta property=\"og:type\" content=\"article\" \/>\n<meta property=\"og:title\" content=\"Legal Bulletin Of The Law Office Of Adam Polowiec (20 january \u2013 2 february 2014 r.) - Polowiec i Wsp\u00f3lnicy - Kancelaria prawna\" \/>\n<meta property=\"og:description\" content=\"We would like to present the next issue of legal bulletin of the Law Office of Adam Polowiec.What you will find here is some information about the new provisions of law and the projects of amendments to acts, but also case-laws including the case laws of Supreme Court, Constitutional Tribunal and European Court of Justice.\" \/>\n<meta property=\"og:url\" content=\"https:\/\/polowiec.pl\/en\/legal-bulletin-of-the-law-office-of-adam-polowiec-20-january-2-february-2014-r\/\" \/>\n<meta property=\"og:site_name\" content=\"Polowiec i Wsp\u00f3lnicy - Kancelaria prawna\" \/>\n<meta property=\"article:publisher\" content=\"https:\/\/www.facebook.com\/polowieciwspolnicy\/\" \/>\n<meta property=\"article:published_time\" content=\"2014-02-18T12:23:08+00:00\" \/>\n<meta property=\"article:modified_time\" content=\"2018-10-11T08:42:58+00:00\" \/>\n<meta name=\"author\" content=\"Super User\" \/>\n<meta name=\"twitter:card\" content=\"summary_large_image\" \/>\n<meta name=\"twitter:label1\" content=\"Written by\" \/>\n\t<meta name=\"twitter:data1\" content=\"Super User\" \/>\n\t<meta name=\"twitter:label2\" content=\"Est. reading time\" \/>\n\t<meta name=\"twitter:data2\" content=\"5 minutes\" \/>\n<script type=\"application\/ld+json\" class=\"yoast-schema-graph\">{\"@context\":\"https:\/\/schema.org\",\"@graph\":[{\"@type\":\"Article\",\"@id\":\"https:\/\/polowiec.pl\/en\/legal-bulletin-of-the-law-office-of-adam-polowiec-20-january-2-february-2014-r\/#article\",\"isPartOf\":{\"@id\":\"https:\/\/polowiec.pl\/en\/legal-bulletin-of-the-law-office-of-adam-polowiec-20-january-2-february-2014-r\/\"},\"author\":{\"name\":\"Super User\",\"@id\":\"https:\/\/polowiec.pl\/en\/#\/schema\/person\/ed8994874b775675a86115f307352d24\"},\"headline\":\"Legal Bulletin Of The Law Office Of Adam Polowiec (20 january \u2013 2 february 2014 r.)\",\"datePublished\":\"2014-02-18T12:23:08+00:00\",\"dateModified\":\"2018-10-11T08:42:58+00:00\",\"mainEntityOfPage\":{\"@id\":\"https:\/\/polowiec.pl\/en\/legal-bulletin-of-the-law-office-of-adam-polowiec-20-january-2-february-2014-r\/\"},\"wordCount\":1031,\"publisher\":{\"@id\":\"https:\/\/polowiec.pl\/en\/#organization\"},\"articleSection\":[\"Newsletter\"],\"inLanguage\":\"en-US\"},{\"@type\":\"WebPage\",\"@id\":\"https:\/\/polowiec.pl\/en\/legal-bulletin-of-the-law-office-of-adam-polowiec-20-january-2-february-2014-r\/\",\"url\":\"https:\/\/polowiec.pl\/en\/legal-bulletin-of-the-law-office-of-adam-polowiec-20-january-2-february-2014-r\/\",\"name\":\"Legal Bulletin Of The Law Office Of Adam Polowiec (20 january \u2013 2 february 2014 r.) - Polowiec i Wsp\u00f3lnicy - Kancelaria prawna\",\"isPartOf\":{\"@id\":\"https:\/\/polowiec.pl\/en\/#website\"},\"datePublished\":\"2014-02-18T12:23:08+00:00\",\"dateModified\":\"2018-10-11T08:42:58+00:00\",\"breadcrumb\":{\"@id\":\"https:\/\/polowiec.pl\/en\/legal-bulletin-of-the-law-office-of-adam-polowiec-20-january-2-february-2014-r\/#breadcrumb\"},\"inLanguage\":\"en-US\",\"potentialAction\":[{\"@type\":\"ReadAction\",\"target\":[\"https:\/\/polowiec.pl\/en\/legal-bulletin-of-the-law-office-of-adam-polowiec-20-january-2-february-2014-r\/\"]}]},{\"@type\":\"BreadcrumbList\",\"@id\":\"https:\/\/polowiec.pl\/en\/legal-bulletin-of-the-law-office-of-adam-polowiec-20-january-2-february-2014-r\/#breadcrumb\",\"itemListElement\":[{\"@type\":\"ListItem\",\"position\":1,\"name\":\"Strona g\u0142\u00f3wna\",\"item\":\"https:\/\/polowiec.pl\/en\/\"},{\"@type\":\"ListItem\",\"position\":2,\"name\":\"Legal Bulletin Of The Law Office Of Adam Polowiec (20 january \u2013 2 february 2014 r.)\"}]},{\"@type\":\"WebSite\",\"@id\":\"https:\/\/polowiec.pl\/en\/#website\",\"url\":\"https:\/\/polowiec.pl\/en\/\",\"name\":\"Polowiec i Wsp\u00f3lnicy - Kancelaria prawna\",\"description\":\"Obs\u0142uga prawna\",\"publisher\":{\"@id\":\"https:\/\/polowiec.pl\/en\/#organization\"},\"potentialAction\":[{\"@type\":\"SearchAction\",\"target\":{\"@type\":\"EntryPoint\",\"urlTemplate\":\"https:\/\/polowiec.pl\/en\/?s={search_term_string}\"},\"query-input\":{\"@type\":\"PropertyValueSpecification\",\"valueRequired\":true,\"valueName\":\"search_term_string\"}}],\"inLanguage\":\"en-US\"},{\"@type\":\"Organization\",\"@id\":\"https:\/\/polowiec.pl\/en\/#organization\",\"name\":\"Polowiec i Wsp\u00f3lnicy - Kancelaria prawna\",\"url\":\"https:\/\/polowiec.pl\/en\/\",\"logo\":{\"@type\":\"ImageObject\",\"inLanguage\":\"en-US\",\"@id\":\"https:\/\/polowiec.pl\/en\/#\/schema\/logo\/image\/\",\"url\":\"https:\/\/polowiec.pl\/wp-content\/uploads\/2018\/10\/polowiec_logo2-1.png\",\"contentUrl\":\"https:\/\/polowiec.pl\/wp-content\/uploads\/2018\/10\/polowiec_logo2-1.png\",\"width\":540,\"height\":381,\"caption\":\"Polowiec i Wsp\u00f3lnicy - Kancelaria prawna\"},\"image\":{\"@id\":\"https:\/\/polowiec.pl\/en\/#\/schema\/logo\/image\/\"},\"sameAs\":[\"https:\/\/www.facebook.com\/polowieciwspolnicy\/\",\"https:\/\/www.linkedin.com\/company\/polowiec-i-wsplnicy-sp.j.\/about\/\"]},{\"@type\":\"Person\",\"@id\":\"https:\/\/polowiec.pl\/en\/#\/schema\/person\/ed8994874b775675a86115f307352d24\",\"name\":\"Super User\",\"image\":{\"@type\":\"ImageObject\",\"inLanguage\":\"en-US\",\"@id\":\"https:\/\/secure.gravatar.com\/avatar\/e759b874f0fa459bd87c83ff47148fc5718f86d9459564657124e571997afbf7?s=96&d=mm&r=g\",\"url\":\"https:\/\/secure.gravatar.com\/avatar\/e759b874f0fa459bd87c83ff47148fc5718f86d9459564657124e571997afbf7?s=96&d=mm&r=g\",\"contentUrl\":\"https:\/\/secure.gravatar.com\/avatar\/e759b874f0fa459bd87c83ff47148fc5718f86d9459564657124e571997afbf7?s=96&d=mm&r=g\",\"caption\":\"Super User\"}}]}<\/script>\n<!-- \/ Yoast SEO plugin. -->","yoast_head_json":{"title":"Legal Bulletin Of The Law Office Of Adam Polowiec (20 january \u2013 2 february 2014 r.) - Polowiec i Wsp\u00f3lnicy - Kancelaria prawna","robots":{"index":"index","follow":"follow","max-snippet":"max-snippet:-1","max-image-preview":"max-image-preview:large","max-video-preview":"max-video-preview:-1"},"canonical":"https:\/\/polowiec.pl\/en\/legal-bulletin-of-the-law-office-of-adam-polowiec-20-january-2-february-2014-r\/","og_locale":"en_US","og_type":"article","og_title":"Legal Bulletin Of The Law Office Of Adam Polowiec (20 january \u2013 2 february 2014 r.) - Polowiec i Wsp\u00f3lnicy - Kancelaria prawna","og_description":"We would like to present the next issue of legal bulletin of the Law Office of Adam Polowiec.What you will find here is some information about the new provisions of law and the projects of amendments to acts, but also case-laws including the case laws of Supreme Court, Constitutional Tribunal and European Court of Justice.","og_url":"https:\/\/polowiec.pl\/en\/legal-bulletin-of-the-law-office-of-adam-polowiec-20-january-2-february-2014-r\/","og_site_name":"Polowiec i Wsp\u00f3lnicy - Kancelaria prawna","article_publisher":"https:\/\/www.facebook.com\/polowieciwspolnicy\/","article_published_time":"2014-02-18T12:23:08+00:00","article_modified_time":"2018-10-11T08:42:58+00:00","author":"Super User","twitter_card":"summary_large_image","twitter_misc":{"Written by":"Super User","Est. reading time":"5 minutes"},"schema":{"@context":"https:\/\/schema.org","@graph":[{"@type":"Article","@id":"https:\/\/polowiec.pl\/en\/legal-bulletin-of-the-law-office-of-adam-polowiec-20-january-2-february-2014-r\/#article","isPartOf":{"@id":"https:\/\/polowiec.pl\/en\/legal-bulletin-of-the-law-office-of-adam-polowiec-20-january-2-february-2014-r\/"},"author":{"name":"Super User","@id":"https:\/\/polowiec.pl\/en\/#\/schema\/person\/ed8994874b775675a86115f307352d24"},"headline":"Legal Bulletin Of The Law Office Of Adam Polowiec (20 january \u2013 2 february 2014 r.)","datePublished":"2014-02-18T12:23:08+00:00","dateModified":"2018-10-11T08:42:58+00:00","mainEntityOfPage":{"@id":"https:\/\/polowiec.pl\/en\/legal-bulletin-of-the-law-office-of-adam-polowiec-20-january-2-february-2014-r\/"},"wordCount":1031,"publisher":{"@id":"https:\/\/polowiec.pl\/en\/#organization"},"articleSection":["Newsletter"],"inLanguage":"en-US"},{"@type":"WebPage","@id":"https:\/\/polowiec.pl\/en\/legal-bulletin-of-the-law-office-of-adam-polowiec-20-january-2-february-2014-r\/","url":"https:\/\/polowiec.pl\/en\/legal-bulletin-of-the-law-office-of-adam-polowiec-20-january-2-february-2014-r\/","name":"Legal Bulletin Of The Law Office Of Adam Polowiec (20 january \u2013 2 february 2014 r.) - Polowiec i Wsp\u00f3lnicy - Kancelaria prawna","isPartOf":{"@id":"https:\/\/polowiec.pl\/en\/#website"},"datePublished":"2014-02-18T12:23:08+00:00","dateModified":"2018-10-11T08:42:58+00:00","breadcrumb":{"@id":"https:\/\/polowiec.pl\/en\/legal-bulletin-of-the-law-office-of-adam-polowiec-20-january-2-february-2014-r\/#breadcrumb"},"inLanguage":"en-US","potentialAction":[{"@type":"ReadAction","target":["https:\/\/polowiec.pl\/en\/legal-bulletin-of-the-law-office-of-adam-polowiec-20-january-2-february-2014-r\/"]}]},{"@type":"BreadcrumbList","@id":"https:\/\/polowiec.pl\/en\/legal-bulletin-of-the-law-office-of-adam-polowiec-20-january-2-february-2014-r\/#breadcrumb","itemListElement":[{"@type":"ListItem","position":1,"name":"Strona g\u0142\u00f3wna","item":"https:\/\/polowiec.pl\/en\/"},{"@type":"ListItem","position":2,"name":"Legal Bulletin Of The Law Office Of Adam Polowiec (20 january \u2013 2 february 2014 r.)"}]},{"@type":"WebSite","@id":"https:\/\/polowiec.pl\/en\/#website","url":"https:\/\/polowiec.pl\/en\/","name":"Polowiec i Wsp\u00f3lnicy - Kancelaria prawna","description":"Obs\u0142uga prawna","publisher":{"@id":"https:\/\/polowiec.pl\/en\/#organization"},"potentialAction":[{"@type":"SearchAction","target":{"@type":"EntryPoint","urlTemplate":"https:\/\/polowiec.pl\/en\/?s={search_term_string}"},"query-input":{"@type":"PropertyValueSpecification","valueRequired":true,"valueName":"search_term_string"}}],"inLanguage":"en-US"},{"@type":"Organization","@id":"https:\/\/polowiec.pl\/en\/#organization","name":"Polowiec i Wsp\u00f3lnicy - Kancelaria prawna","url":"https:\/\/polowiec.pl\/en\/","logo":{"@type":"ImageObject","inLanguage":"en-US","@id":"https:\/\/polowiec.pl\/en\/#\/schema\/logo\/image\/","url":"https:\/\/polowiec.pl\/wp-content\/uploads\/2018\/10\/polowiec_logo2-1.png","contentUrl":"https:\/\/polowiec.pl\/wp-content\/uploads\/2018\/10\/polowiec_logo2-1.png","width":540,"height":381,"caption":"Polowiec i Wsp\u00f3lnicy - Kancelaria prawna"},"image":{"@id":"https:\/\/polowiec.pl\/en\/#\/schema\/logo\/image\/"},"sameAs":["https:\/\/www.facebook.com\/polowieciwspolnicy\/","https:\/\/www.linkedin.com\/company\/polowiec-i-wsplnicy-sp.j.\/about\/"]},{"@type":"Person","@id":"https:\/\/polowiec.pl\/en\/#\/schema\/person\/ed8994874b775675a86115f307352d24","name":"Super User","image":{"@type":"ImageObject","inLanguage":"en-US","@id":"https:\/\/secure.gravatar.com\/avatar\/e759b874f0fa459bd87c83ff47148fc5718f86d9459564657124e571997afbf7?s=96&d=mm&r=g","url":"https:\/\/secure.gravatar.com\/avatar\/e759b874f0fa459bd87c83ff47148fc5718f86d9459564657124e571997afbf7?s=96&d=mm&r=g","contentUrl":"https:\/\/secure.gravatar.com\/avatar\/e759b874f0fa459bd87c83ff47148fc5718f86d9459564657124e571997afbf7?s=96&d=mm&r=g","caption":"Super User"}}]}},"_links":{"self":[{"href":"https:\/\/polowiec.pl\/en\/wp-json\/wp\/v2\/posts\/509","targetHints":{"allow":["GET"]}}],"collection":[{"href":"https:\/\/polowiec.pl\/en\/wp-json\/wp\/v2\/posts"}],"about":[{"href":"https:\/\/polowiec.pl\/en\/wp-json\/wp\/v2\/types\/post"}],"author":[{"embeddable":true,"href":"https:\/\/polowiec.pl\/en\/wp-json\/wp\/v2\/users\/2"}],"replies":[{"embeddable":true,"href":"https:\/\/polowiec.pl\/en\/wp-json\/wp\/v2\/comments?post=509"}],"version-history":[{"count":0,"href":"https:\/\/polowiec.pl\/en\/wp-json\/wp\/v2\/posts\/509\/revisions"}],"wp:attachment":[{"href":"https:\/\/polowiec.pl\/en\/wp-json\/wp\/v2\/media?parent=509"}],"wp:term":[{"taxonomy":"category","embeddable":true,"href":"https:\/\/polowiec.pl\/en\/wp-json\/wp\/v2\/categories?post=509"},{"taxonomy":"post_tag","embeddable":true,"href":"https:\/\/polowiec.pl\/en\/wp-json\/wp\/v2\/tags?post=509"}],"curies":[{"name":"wp","href":"https:\/\/api.w.org\/{rel}","templated":true}]}}