{"id":511,"date":"2014-02-21T10:18:49","date_gmt":"2014-02-21T09:18:49","guid":{"rendered":"https:\/\/nowa.polowiec.pl\/legal-bulletin-of-the-law-office-of-adam-polowiec-10-23-february-2014-r\/"},"modified":"2018-10-11T10:42:58","modified_gmt":"2018-10-11T08:42:58","slug":"legal-bulletin-of-the-law-office-of-adam-polowiec-10-23-february-2014-r","status":"publish","type":"post","link":"https:\/\/polowiec.pl\/en\/legal-bulletin-of-the-law-office-of-adam-polowiec-10-23-february-2014-r\/","title":{"rendered":"Legal Bulletin Of The Law Office Of Adam Polowiec (10 \u2013 23 february 2014 r.)"},"content":{"rendered":"<p>We would like to present the next issue of legal bulletin of the Law Office of Adam Polowiec.<br \/>What you will find here is some information about the new provisions of law and the projects of amendments to acts, but also case-laws including the case laws of Supreme Court, Constitutional Tribunal and European Court of Justice. <!--more--> <\/p>\n<p>\u00a0<\/p>\n<h3 class=\"newsletter-naglowek\">Nowe Prawo<\/h3>\n<\/p>\n<p><strong>PRAWO PRACY I UBEZPIECZE\u0143 SPO\u0141ECZNYCH<\/strong><\/p>\n<p><strong>Ustawa <\/strong>z dnia 24 stycznia 2014 r. o zmianie ustawy &#8211; Kodeks pracy (Dz. U. z 2014 r., poz. 208) \u2013 <strong>wejdzie w \u017cycie z dniem 4 marca 2014 r.<\/strong><\/p>\n<p>W\u00a0ustawie z dnia 26 czerwca 1974 r. &#8211; Kodeks pracy (Dz. U. z 1998 r., nr 21, poz. 94 z\u00a0p\u00f3\u017an. zm.) uleg\u0142o zmianie brzmienie art. 15110, art. 15111.<\/p>\n<p>\u00a0<strong>\u00a0<\/strong><\/p>\n<p><strong>PODATKI I RACHUNKOWO\u015a\u0106<\/strong><\/p>\n<p><strong>Rozporz\u0105dzenie <\/strong>Ministra Finans\u00f3w z dnia 7 lutego 2014 r. zmieniaj\u0105ce rozporz\u0105dzenie w sprawie wzor\u00f3w deklaracji dla podatku od towar\u00f3w i us\u0142ug dotycz\u0105cych transakcji wewn\u0105trzwsp\u00f3lnotowych w zakresie nowych \u015brodk\u00f3w transportu (Dz. U. z 2014 r., poz.\u00a0209) \u2013 <strong>wesz\u0142o w \u017cycie 18 lutego 2013 r.<\/strong><\/p>\n<p>\u00a0<\/p>\n<h3 class=\"newsletter-naglowek\">Orzecznictwo<\/h3>\n<p><strong>S\u0105d Najwy\u017cszy<\/strong><\/p>\n<p><strong>ZAPIS WINDYKACYJNY<\/strong><\/p>\n<p>Je\u017celi s\u0105d w sprawie o stwierdzenie nabycia spadku nie orzek\u0142 o zapisie windykacyjnym, uczestnik post\u0119powania mo\u017ce wyst\u0105pi\u0107 z odr\u0119bnym wnioskiem o stwierdzenie nabycia przedmiotu zapisu windykacyjnego. Skuteczno\u015b\u0107 zapisu windykacyjnego podlega ocenie na podstawie prawa obowi\u0105zuj\u0105cego w chwili otwarcia spadku &#8211; <strong>uchwa\u0142a w\u00a0sk\u0142adzie\u00a0trzech s\u0119dzi\u00f3w S\u0105du Najwy\u017cszego z dnia 7 lutego 2014 r., sygn.\u00a0akt:\u00a0III CZP\u00a095\/13.<\/strong><\/p>\n<p><strong>\u00a0<\/strong><\/p>\n<p><strong>ZAM\u00d3WIENIA PUBLICZNE<\/strong><\/p>\n<p>Do zachowania &#8211; przewidzianego w art. 182 ust. 1 pkt 2 ustawy z dnia 29\u00a0stycznia\u00a02004\u00a0r. &#8211; Prawo zam\u00f3wie\u0144 publicznych (tekst jednolity: Dz. U. z 2013 r., poz.\u00a0907 z p\u00f3\u017an. zm.) &#8211; terminu do wniesienia odwo\u0142ania od czynno\u015bci zamawiaj\u0105cego w\u00a0post\u0119powaniu o\u00a0udzielenie zam\u00f3wienia nie ma znaczenia dzie\u0144 oddania odwo\u0142ania w\u00a0polskiej plac\u00f3wce pocztowej operatora wyznaczonego w rozumieniu ustawy z dnia 23\u00a0listopada 2012 r. &#8211; Prawo pocztowe lub w plac\u00f3wce pocztowej operatora \u015bwiadcz\u0105cego\u00a0 pocztowe us\u0142ugi powszechne w innym\u00a0 pa\u0144stwie cz\u0142onkowskim Unii Europejskiej\u00a0&#8211; <strong>uchwa\u0142a w sk\u0142adzie trzech s\u0119dzi\u00f3w S\u0105du Najwy\u017cszego z dnia 7 lutego 2014 r., sygn. akt: III CZP 90\/13.<\/strong><\/p>\n<p>\u00a0<\/p>\n<p><strong>PRAWO LOTNICZE<\/strong><\/p>\n<p>W sprawie, w kt\u00f3rej pasa\u017cer domaga si\u0119 od przewo\u017anika lotniczego odszkodowania za\u00a0op\u00f3\u017aniony lot na podstawie art. 7 Rozporz\u0105dzenia (WE) nr 261\/2004 Parlamentu Europejskiego i Rady z dnia 11 lutego 2004 r. ustanawiaj\u0105cego wsp\u00f3lne zasady odszkodowania i pomocy dla pasa\u017cer\u00f3w w przypadku odmowy przyj\u0119cia na pok\u0142ad albo odwo\u0142ania lub du\u017cego op\u00f3\u017anienia lot\u00f3w, uchylaj\u0105cego Rozporz\u0105dzenie (EWG) nr 295\/91 (Dz. U. UE. z dnia 17 lutego 2004 r. s. 1 i n.) zachodzi przemienno\u015b\u0107 drogi post\u0119powania przed s\u0105dami powszechnymi lub przed Prezesem Urz\u0119du Lotnictwa Cywilnego &#8211; <strong>uchwa\u0142a w sk\u0142adzie trzech s\u0119dzi\u00f3w S\u0105du Najwy\u017cszego z dnia 7 lutego 2014 r., sygn.\u00a0akt:\u00a0III CZP 113\/13.<\/strong><strong>\u00a0<\/strong><\/p>\n<p><strong>\u00a0<\/strong><\/p>\n<p><strong>DEPOZYT S\u0104DOWY<\/strong><\/p>\n<p>Termin s\u0105dowy oznaczony na podstawie art. 967 zdanie drugie k.p.c. jest zachowany, je\u017celi przed jego up\u0142ywem nabywca licytacyjny z\u0142o\u017cy\u0142 polecenie przelewu w banku, a\u00a0wskazana w tym poleceniu kwota mia\u0142a pokrycie na rachunku zleceniodawcy &#8211; <strong>uchwa\u0142a w sk\u0142adzie trzech s\u0119dzi\u00f3w S\u0105du Najwy\u017cszego z dnia 30\u00a0stycznia\u00a02014\u00a0r., sygn. akt: III CZP 99\/13.<\/strong><\/p>\n<p>\u00a0<\/p>\n<p><strong>LIKWIDATOR SP\u00d3\u0141DZIELNI<\/strong><\/p>\n<p>Likwidator sp\u00f3\u0142dzielni nie ponosi odpowiedzialno\u015bci za zaleg\u0142o\u015bci sk\u0142adkowe tej sp\u00f3\u0142dzielni na podstawie art. 116a ustawy z dnia 29 sierpnia 1997 roku &#8211; Ordynacja podatkowa (tekst jednolity: Dz. U. z 2012 r., poz. 749 z p\u00f3\u017an. zm.) w zwi\u0105zku z art. 31 ustawy z\u00a0dnia 13 pa\u017adziernika 1998 roku o systemie ubezpiecze\u0144 spo\u0142ecznych (tekst jednolity: Dz. U. z 2013 r., poz. 1442 z p\u00f3\u017an. zm.) \u2013 <strong>uchwa\u0142a w sk\u0142adzie trzech s\u0119dzi\u00f3w S\u0105du Najwy\u017cszego z dnia 11 lutego 2014 r., sygn. akt: I UZP 3\/13.<\/strong><\/p>\n<p>\u00a0<\/p>\n<p><strong>PRZEDAWNIENIE SK\u0141ADEK<\/strong><\/p>\n<p>Termin przedawnienia roszczenia pracodawcy (p\u0142atnika sk\u0142adek) z tytu\u0142u bezpodstawnego wzbogacenia (art. 405 i nast\u0119pne k.c.), b\u0119d\u0105cego nast\u0119pstwem zap\u0142aty przez niego sk\u0142adek na ubezpieczenie spo\u0142eczne pracownik\u00f3w w cz\u0119\u015bci, kt\u00f3ra powinna by\u0107 przez nich\u00a0finansowana, rozpoczyna bieg od dnia zap\u0142aty tych sk\u0142adek przez pracodawc\u0119\u00a0&#8211; <strong>uchwa\u0142a w sk\u0142adzie trzech s\u0119dzi\u00f3w S\u0105du Najwy\u017cszego z dnia 5\u00a0grudnia\u00a02013\u00a0r., sygn. akt: III PZP 6\/13.<\/strong><\/p>\n<p>\u00a0<\/p>\n","protected":false},"excerpt":{"rendered":"<p>We would like to present the next issue of legal bulletin of the Law Office of Adam Polowiec.What you will find here is some information about the new provisions of law and the projects of amendments to acts, but also case-laws including the case laws of Supreme Court, Constitutional Tribunal and European Court of Justice.<\/p>\n","protected":false},"author":2,"featured_media":0,"comment_status":"closed","ping_status":"open","sticky":false,"template":"","format":"standard","meta":{"footnotes":""},"categories":[11],"tags":[],"class_list":["post-511","post","type-post","status-publish","format-standard","hentry","category-newsletters"],"featured_image_src":{"landsacpe":false,"list":false,"medium":false,"full":false},"yoast_head":"<!-- This site is optimized with the Yoast SEO plugin v27.2 - https:\/\/yoast.com\/product\/yoast-seo-wordpress\/ -->\n<title>Legal Bulletin Of The Law Office Of Adam Polowiec (10 \u2013 23 february 2014 r.) - Polowiec i Wsp\u00f3lnicy - Kancelaria prawna<\/title>\n<meta name=\"robots\" content=\"index, follow, max-snippet:-1, max-image-preview:large, max-video-preview:-1\" \/>\n<link rel=\"canonical\" href=\"https:\/\/polowiec.pl\/en\/legal-bulletin-of-the-law-office-of-adam-polowiec-10-23-february-2014-r\/\" \/>\n<meta property=\"og:locale\" content=\"en_US\" \/>\n<meta property=\"og:type\" content=\"article\" \/>\n<meta property=\"og:title\" content=\"Legal Bulletin Of The Law Office Of Adam Polowiec (10 \u2013 23 february 2014 r.) - Polowiec i Wsp\u00f3lnicy - Kancelaria prawna\" \/>\n<meta property=\"og:description\" content=\"We would like to present the next issue of legal bulletin of the Law Office of Adam Polowiec.What you will find here is some information about the new provisions of law and the projects of amendments to acts, but also case-laws including the case laws of Supreme Court, Constitutional Tribunal and European Court of Justice.\" \/>\n<meta property=\"og:url\" content=\"https:\/\/polowiec.pl\/en\/legal-bulletin-of-the-law-office-of-adam-polowiec-10-23-february-2014-r\/\" \/>\n<meta property=\"og:site_name\" content=\"Polowiec i Wsp\u00f3lnicy - Kancelaria prawna\" \/>\n<meta property=\"article:publisher\" content=\"https:\/\/www.facebook.com\/polowieciwspolnicy\/\" \/>\n<meta property=\"article:published_time\" content=\"2014-02-21T09:18:49+00:00\" \/>\n<meta property=\"article:modified_time\" content=\"2018-10-11T08:42:58+00:00\" \/>\n<meta name=\"author\" content=\"Super User\" \/>\n<meta name=\"twitter:card\" content=\"summary_large_image\" \/>\n<meta name=\"twitter:label1\" content=\"Written by\" \/>\n\t<meta name=\"twitter:data1\" content=\"Super User\" \/>\n\t<meta name=\"twitter:label2\" content=\"Est. reading time\" \/>\n\t<meta name=\"twitter:data2\" content=\"4 minutes\" \/>\n<script type=\"application\/ld+json\" class=\"yoast-schema-graph\">{\"@context\":\"https:\/\/schema.org\",\"@graph\":[{\"@type\":\"Article\",\"@id\":\"https:\/\/polowiec.pl\/en\/legal-bulletin-of-the-law-office-of-adam-polowiec-10-23-february-2014-r\/#article\",\"isPartOf\":{\"@id\":\"https:\/\/polowiec.pl\/en\/legal-bulletin-of-the-law-office-of-adam-polowiec-10-23-february-2014-r\/\"},\"author\":{\"name\":\"Super User\",\"@id\":\"https:\/\/polowiec.pl\/en\/#\/schema\/person\/ed8994874b775675a86115f307352d24\"},\"headline\":\"Legal Bulletin Of The Law Office Of Adam Polowiec (10 \u2013 23 february 2014 r.)\",\"datePublished\":\"2014-02-21T09:18:49+00:00\",\"dateModified\":\"2018-10-11T08:42:58+00:00\",\"mainEntityOfPage\":{\"@id\":\"https:\/\/polowiec.pl\/en\/legal-bulletin-of-the-law-office-of-adam-polowiec-10-23-february-2014-r\/\"},\"wordCount\":724,\"publisher\":{\"@id\":\"https:\/\/polowiec.pl\/en\/#organization\"},\"articleSection\":[\"Newsletter\"],\"inLanguage\":\"en-US\"},{\"@type\":\"WebPage\",\"@id\":\"https:\/\/polowiec.pl\/en\/legal-bulletin-of-the-law-office-of-adam-polowiec-10-23-february-2014-r\/\",\"url\":\"https:\/\/polowiec.pl\/en\/legal-bulletin-of-the-law-office-of-adam-polowiec-10-23-february-2014-r\/\",\"name\":\"Legal Bulletin Of The Law Office Of Adam Polowiec (10 \u2013 23 february 2014 r.) - Polowiec i Wsp\u00f3lnicy - Kancelaria prawna\",\"isPartOf\":{\"@id\":\"https:\/\/polowiec.pl\/en\/#website\"},\"datePublished\":\"2014-02-21T09:18:49+00:00\",\"dateModified\":\"2018-10-11T08:42:58+00:00\",\"breadcrumb\":{\"@id\":\"https:\/\/polowiec.pl\/en\/legal-bulletin-of-the-law-office-of-adam-polowiec-10-23-february-2014-r\/#breadcrumb\"},\"inLanguage\":\"en-US\",\"potentialAction\":[{\"@type\":\"ReadAction\",\"target\":[\"https:\/\/polowiec.pl\/en\/legal-bulletin-of-the-law-office-of-adam-polowiec-10-23-february-2014-r\/\"]}]},{\"@type\":\"BreadcrumbList\",\"@id\":\"https:\/\/polowiec.pl\/en\/legal-bulletin-of-the-law-office-of-adam-polowiec-10-23-february-2014-r\/#breadcrumb\",\"itemListElement\":[{\"@type\":\"ListItem\",\"position\":1,\"name\":\"Strona g\u0142\u00f3wna\",\"item\":\"https:\/\/polowiec.pl\/en\/\"},{\"@type\":\"ListItem\",\"position\":2,\"name\":\"Legal Bulletin Of The Law Office Of Adam Polowiec (10 \u2013 23 february 2014 r.)\"}]},{\"@type\":\"WebSite\",\"@id\":\"https:\/\/polowiec.pl\/en\/#website\",\"url\":\"https:\/\/polowiec.pl\/en\/\",\"name\":\"Polowiec i Wsp\u00f3lnicy - Kancelaria prawna\",\"description\":\"Obs\u0142uga prawna\",\"publisher\":{\"@id\":\"https:\/\/polowiec.pl\/en\/#organization\"},\"potentialAction\":[{\"@type\":\"SearchAction\",\"target\":{\"@type\":\"EntryPoint\",\"urlTemplate\":\"https:\/\/polowiec.pl\/en\/?s={search_term_string}\"},\"query-input\":{\"@type\":\"PropertyValueSpecification\",\"valueRequired\":true,\"valueName\":\"search_term_string\"}}],\"inLanguage\":\"en-US\"},{\"@type\":\"Organization\",\"@id\":\"https:\/\/polowiec.pl\/en\/#organization\",\"name\":\"Polowiec i Wsp\u00f3lnicy - Kancelaria prawna\",\"url\":\"https:\/\/polowiec.pl\/en\/\",\"logo\":{\"@type\":\"ImageObject\",\"inLanguage\":\"en-US\",\"@id\":\"https:\/\/polowiec.pl\/en\/#\/schema\/logo\/image\/\",\"url\":\"https:\/\/polowiec.pl\/wp-content\/uploads\/2018\/10\/polowiec_logo2-1.png\",\"contentUrl\":\"https:\/\/polowiec.pl\/wp-content\/uploads\/2018\/10\/polowiec_logo2-1.png\",\"width\":540,\"height\":381,\"caption\":\"Polowiec i Wsp\u00f3lnicy - Kancelaria prawna\"},\"image\":{\"@id\":\"https:\/\/polowiec.pl\/en\/#\/schema\/logo\/image\/\"},\"sameAs\":[\"https:\/\/www.facebook.com\/polowieciwspolnicy\/\",\"https:\/\/www.linkedin.com\/company\/polowiec-i-wsplnicy-sp.j.\/about\/\"]},{\"@type\":\"Person\",\"@id\":\"https:\/\/polowiec.pl\/en\/#\/schema\/person\/ed8994874b775675a86115f307352d24\",\"name\":\"Super User\",\"image\":{\"@type\":\"ImageObject\",\"inLanguage\":\"en-US\",\"@id\":\"https:\/\/secure.gravatar.com\/avatar\/e759b874f0fa459bd87c83ff47148fc5718f86d9459564657124e571997afbf7?s=96&d=mm&r=g\",\"url\":\"https:\/\/secure.gravatar.com\/avatar\/e759b874f0fa459bd87c83ff47148fc5718f86d9459564657124e571997afbf7?s=96&d=mm&r=g\",\"contentUrl\":\"https:\/\/secure.gravatar.com\/avatar\/e759b874f0fa459bd87c83ff47148fc5718f86d9459564657124e571997afbf7?s=96&d=mm&r=g\",\"caption\":\"Super User\"}}]}<\/script>\n<!-- \/ Yoast SEO plugin. -->","yoast_head_json":{"title":"Legal Bulletin Of The Law Office Of Adam Polowiec (10 \u2013 23 february 2014 r.) - Polowiec i Wsp\u00f3lnicy - Kancelaria prawna","robots":{"index":"index","follow":"follow","max-snippet":"max-snippet:-1","max-image-preview":"max-image-preview:large","max-video-preview":"max-video-preview:-1"},"canonical":"https:\/\/polowiec.pl\/en\/legal-bulletin-of-the-law-office-of-adam-polowiec-10-23-february-2014-r\/","og_locale":"en_US","og_type":"article","og_title":"Legal Bulletin Of The Law Office Of Adam Polowiec (10 \u2013 23 february 2014 r.) - Polowiec i Wsp\u00f3lnicy - Kancelaria prawna","og_description":"We would like to present the next issue of legal bulletin of the Law Office of Adam Polowiec.What you will find here is some information about the new provisions of law and the projects of amendments to acts, but also case-laws including the case laws of Supreme Court, Constitutional Tribunal and European Court of Justice.","og_url":"https:\/\/polowiec.pl\/en\/legal-bulletin-of-the-law-office-of-adam-polowiec-10-23-february-2014-r\/","og_site_name":"Polowiec i Wsp\u00f3lnicy - Kancelaria prawna","article_publisher":"https:\/\/www.facebook.com\/polowieciwspolnicy\/","article_published_time":"2014-02-21T09:18:49+00:00","article_modified_time":"2018-10-11T08:42:58+00:00","author":"Super User","twitter_card":"summary_large_image","twitter_misc":{"Written by":"Super User","Est. reading time":"4 minutes"},"schema":{"@context":"https:\/\/schema.org","@graph":[{"@type":"Article","@id":"https:\/\/polowiec.pl\/en\/legal-bulletin-of-the-law-office-of-adam-polowiec-10-23-february-2014-r\/#article","isPartOf":{"@id":"https:\/\/polowiec.pl\/en\/legal-bulletin-of-the-law-office-of-adam-polowiec-10-23-february-2014-r\/"},"author":{"name":"Super User","@id":"https:\/\/polowiec.pl\/en\/#\/schema\/person\/ed8994874b775675a86115f307352d24"},"headline":"Legal Bulletin Of The Law Office Of Adam Polowiec (10 \u2013 23 february 2014 r.)","datePublished":"2014-02-21T09:18:49+00:00","dateModified":"2018-10-11T08:42:58+00:00","mainEntityOfPage":{"@id":"https:\/\/polowiec.pl\/en\/legal-bulletin-of-the-law-office-of-adam-polowiec-10-23-february-2014-r\/"},"wordCount":724,"publisher":{"@id":"https:\/\/polowiec.pl\/en\/#organization"},"articleSection":["Newsletter"],"inLanguage":"en-US"},{"@type":"WebPage","@id":"https:\/\/polowiec.pl\/en\/legal-bulletin-of-the-law-office-of-adam-polowiec-10-23-february-2014-r\/","url":"https:\/\/polowiec.pl\/en\/legal-bulletin-of-the-law-office-of-adam-polowiec-10-23-february-2014-r\/","name":"Legal Bulletin Of The Law Office Of Adam Polowiec (10 \u2013 23 february 2014 r.) - Polowiec i Wsp\u00f3lnicy - Kancelaria prawna","isPartOf":{"@id":"https:\/\/polowiec.pl\/en\/#website"},"datePublished":"2014-02-21T09:18:49+00:00","dateModified":"2018-10-11T08:42:58+00:00","breadcrumb":{"@id":"https:\/\/polowiec.pl\/en\/legal-bulletin-of-the-law-office-of-adam-polowiec-10-23-february-2014-r\/#breadcrumb"},"inLanguage":"en-US","potentialAction":[{"@type":"ReadAction","target":["https:\/\/polowiec.pl\/en\/legal-bulletin-of-the-law-office-of-adam-polowiec-10-23-february-2014-r\/"]}]},{"@type":"BreadcrumbList","@id":"https:\/\/polowiec.pl\/en\/legal-bulletin-of-the-law-office-of-adam-polowiec-10-23-february-2014-r\/#breadcrumb","itemListElement":[{"@type":"ListItem","position":1,"name":"Strona g\u0142\u00f3wna","item":"https:\/\/polowiec.pl\/en\/"},{"@type":"ListItem","position":2,"name":"Legal Bulletin Of The Law Office Of Adam Polowiec (10 \u2013 23 february 2014 r.)"}]},{"@type":"WebSite","@id":"https:\/\/polowiec.pl\/en\/#website","url":"https:\/\/polowiec.pl\/en\/","name":"Polowiec i Wsp\u00f3lnicy - Kancelaria prawna","description":"Obs\u0142uga prawna","publisher":{"@id":"https:\/\/polowiec.pl\/en\/#organization"},"potentialAction":[{"@type":"SearchAction","target":{"@type":"EntryPoint","urlTemplate":"https:\/\/polowiec.pl\/en\/?s={search_term_string}"},"query-input":{"@type":"PropertyValueSpecification","valueRequired":true,"valueName":"search_term_string"}}],"inLanguage":"en-US"},{"@type":"Organization","@id":"https:\/\/polowiec.pl\/en\/#organization","name":"Polowiec i Wsp\u00f3lnicy - Kancelaria prawna","url":"https:\/\/polowiec.pl\/en\/","logo":{"@type":"ImageObject","inLanguage":"en-US","@id":"https:\/\/polowiec.pl\/en\/#\/schema\/logo\/image\/","url":"https:\/\/polowiec.pl\/wp-content\/uploads\/2018\/10\/polowiec_logo2-1.png","contentUrl":"https:\/\/polowiec.pl\/wp-content\/uploads\/2018\/10\/polowiec_logo2-1.png","width":540,"height":381,"caption":"Polowiec i Wsp\u00f3lnicy - Kancelaria prawna"},"image":{"@id":"https:\/\/polowiec.pl\/en\/#\/schema\/logo\/image\/"},"sameAs":["https:\/\/www.facebook.com\/polowieciwspolnicy\/","https:\/\/www.linkedin.com\/company\/polowiec-i-wsplnicy-sp.j.\/about\/"]},{"@type":"Person","@id":"https:\/\/polowiec.pl\/en\/#\/schema\/person\/ed8994874b775675a86115f307352d24","name":"Super User","image":{"@type":"ImageObject","inLanguage":"en-US","@id":"https:\/\/secure.gravatar.com\/avatar\/e759b874f0fa459bd87c83ff47148fc5718f86d9459564657124e571997afbf7?s=96&d=mm&r=g","url":"https:\/\/secure.gravatar.com\/avatar\/e759b874f0fa459bd87c83ff47148fc5718f86d9459564657124e571997afbf7?s=96&d=mm&r=g","contentUrl":"https:\/\/secure.gravatar.com\/avatar\/e759b874f0fa459bd87c83ff47148fc5718f86d9459564657124e571997afbf7?s=96&d=mm&r=g","caption":"Super User"}}]}},"_links":{"self":[{"href":"https:\/\/polowiec.pl\/en\/wp-json\/wp\/v2\/posts\/511","targetHints":{"allow":["GET"]}}],"collection":[{"href":"https:\/\/polowiec.pl\/en\/wp-json\/wp\/v2\/posts"}],"about":[{"href":"https:\/\/polowiec.pl\/en\/wp-json\/wp\/v2\/types\/post"}],"author":[{"embeddable":true,"href":"https:\/\/polowiec.pl\/en\/wp-json\/wp\/v2\/users\/2"}],"replies":[{"embeddable":true,"href":"https:\/\/polowiec.pl\/en\/wp-json\/wp\/v2\/comments?post=511"}],"version-history":[{"count":0,"href":"https:\/\/polowiec.pl\/en\/wp-json\/wp\/v2\/posts\/511\/revisions"}],"wp:attachment":[{"href":"https:\/\/polowiec.pl\/en\/wp-json\/wp\/v2\/media?parent=511"}],"wp:term":[{"taxonomy":"category","embeddable":true,"href":"https:\/\/polowiec.pl\/en\/wp-json\/wp\/v2\/categories?post=511"},{"taxonomy":"post_tag","embeddable":true,"href":"https:\/\/polowiec.pl\/en\/wp-json\/wp\/v2\/tags?post=511"}],"curies":[{"name":"wp","href":"https:\/\/api.w.org\/{rel}","templated":true}]}}