{"id":519,"date":"2014-06-04T15:49:57","date_gmt":"2014-06-04T13:49:57","guid":{"rendered":"https:\/\/nowa.polowiec.pl\/legal-bulletin-of-the-law-office-of-adam-polowiec-26-may-1-june-2014\/"},"modified":"2018-10-11T10:42:57","modified_gmt":"2018-10-11T08:42:57","slug":"legal-bulletin-of-the-law-office-of-adam-polowiec-26-may-1-june-2014","status":"publish","type":"post","link":"https:\/\/polowiec.pl\/en\/legal-bulletin-of-the-law-office-of-adam-polowiec-26-may-1-june-2014\/","title":{"rendered":"Legal Bulletin Of The Law Office Of Adam Polowiec (26 May &#8211; 1 June 2014)"},"content":{"rendered":"<p>We would like to present the next issue of legal bulletin of the Law Office of Adam Polowiec.<br \/>What you will find here is some information about the new provisions of law and the projects of amendments to acts, but also case-laws including the case laws of Supreme Court, Constitutional Tribunal and European Court of Justice. <!--more--> <\/p>\n<h3 class=\"newsletter-naglowek\">Nowe Prawo<\/h3>\n<p><strong>PRAWO RUCHU DROGOWEGO<\/strong><\/p>\n<p><strong>Rozporz\u0105dzenie<\/strong> Ministra Finans\u00f3w z dnia 28 maja 2014 r. w sprawie przypadk\u00f3w, w\u00a0kt\u00f3rych nie stosuje si\u0119 warunku prowadzenia ewidencji przebiegu pojazdu (Dz.\u00a0U.\u00a0z\u00a02014 r., poz. 709) \u2013 <strong>wejdzie w \u017cycie z dniem 1 czerwca 2014 r.<\/strong><\/p>\n<p><strong>\u00a0<\/strong><\/p>\n<p><strong>RADIO I TELEWIZJA<\/strong><\/p>\n<p><strong>Rozporz\u0105dzenie<\/strong> Krajowej Rady Radiofonii i Telewizji z dnia 19 maja 2014 r. zmieniaj\u0105ce rozporz\u0105dzenie w sprawie rodzaj\u00f3w dokument\u00f3w oraz wzoru o\u015bwiadczenia potwierdzaj\u0105cych uprawnienia do zwolnie\u0144 od op\u0142at abonamentowych (Dz. U. z 2014 r., poz. 666) \u2013 <strong>wesz\u0142o w \u017cycie z dniem 22 maja 2014 r.<\/strong><\/p>\n<p>W rozporz\u0105dzeniu Krajowej Rady Radiofonii i Telewizji z dnia 16 lutego 2010 r. w sprawie rodzaj\u00f3w dokument\u00f3w oraz wzoru o\u015bwiadczenia potwierdzaj\u0105cych uprawnienia do\u00a0zwolnie\u0144 od op\u0142at abonamentowych (Dz. U. z 2010 r., nr 29, poz. 152 z p\u00f3\u017an. zm.) uleg\u0142o zmianie brzmienie \u00a71.<\/p>\n<p><strong>\u00a0<\/strong><\/p>\n<p><strong>PRAWO PRACY I UBEZPIECZE\u0143 SPO\u0141ECZNYCH<\/strong><\/p>\n<p><strong>Rozporz\u0105dzenie<\/strong> Ministra Pracy i Polityki Spo\u0142ecznej z dnia 14 maja 2014 r. w sprawie szczeg\u00f3\u0142owych warunk\u00f3w realizacji oraz trybu i sposob\u00f3w prowadzenia us\u0142ug rynku pracy (Dz. U. z 2014 r., poz. 667) \u2013 <strong>wesz\u0142o\u00a0 w \u017cycie z dniem 27 maja 2014 r., z\u00a0wyj\u0105tkiem:<\/strong><\/p>\n<p><strong>1) \u00a71 pkt 2, \u00a75 ust. 2, \u00a733 ust. 6, \u00a735 \u2013 42, \u00a7 43 ust. 2, ust. 3 pkt 2 i ust. 4, \u00a744\u00a0ust. 1 i\u00a0ust. 2 pkt 3, \u00a745 ust. 1 pkt 2 i ust. 2 oraz \u00a787 ust. 3 w zakresie dzia\u0142a\u0144 prowadzonych przez Ochotnicze Hufce Pracy,<\/strong><\/p>\n<p><strong>2) \u00a728 ust. 1 w odniesieniu do wsp\u00f3\u0142pracy wojew\u00f3dzkiego urz\u0119du pracy z\u00a0wojew\u00f3dzk\u0105 komend\u0105 oraz centrami edukacji i pracy z terenu wojew\u00f3dztwa oraz<\/strong><\/p>\n<p><strong>3) \u00a733 ust. 1 pkt 2 w odniesieniu do upowszechniania zagranicznej oferty pracy przez przekazanie do wojew\u00f3dzkiej komendy<\/strong><\/p>\n<p><strong>&#8211; kt\u00f3re wchodz\u0105 w \u017cycie z dniem 1 stycznia 2015 r.<\/strong><\/p>\n<p><strong>\u00a0<\/strong><\/p>\n<p><strong>POST\u0118POWANIE ADMINISTRACYJNE<\/strong><\/p>\n<p><strong>Rozporz\u0105dzenie <\/strong>Ministra Finans\u00f3w z dnia 21 maja 2014 r. w sprawie sposobu ustalania i dokumentowania wydatk\u00f3w egzekucyjnych (Dz. U. z 2014 r., poz. 668) \u2013 <strong>wesz\u0142o w\u00a0\u017cycie z dniem 22 maja 2014 r.<\/strong><\/p>\n<p><strong>\u00a0<\/strong><\/p>\n<p><strong>ENERGIA<\/strong><\/p>\n<p><strong>Rozporz\u0105dzenie <\/strong>Ministra Gospodarki z dnia 5 maja 2014 r. zmieniaj\u0105ce rozporz\u0105dzenie w sprawie szczeg\u00f3\u0142owego zakresu obowi\u0105zk\u00f3w uzyskania i przedstawienia do umorzenia \u015bwiadectw pochodzenia, uiszczenia op\u0142aty zast\u0119pczej, zakupu energii elektrycznej i ciep\u0142a wytworzonych w odnawialnych \u017ar\u00f3d\u0142ach energii oraz obowi\u0105zku potwierdzania danych dotycz\u0105cych ilo\u015bci energii elektrycznej wytworzonej w odnawialnym \u017ar\u00f3dle energii (Dz.\u00a0U.\u00a0z 2014 r., poz. 671) \u2013 <strong>wejdzie w \u017cycie z dniem 7 czerwca 2014 r.<\/strong><\/p>\n<p>W rozporz\u0105dzeniu Ministra Gospodarki z dnia 18 pa\u017adziernika 2012 r. w sprawie szczeg\u00f3\u0142owego zakresu obowi\u0105zk\u00f3w uzyskania i przedstawienia do umorzenia \u015bwiadectw pochodzenia, uiszczenia op\u0142aty zast\u0119pczej, zakupu energii elektrycznej i ciep\u0142a wytworzonych w odnawialnych \u017ar\u00f3d\u0142ach energii oraz obowi\u0105zku potwierdzania danych dotycz\u0105cych ilo\u015bci energii elektrycznej wytworzonej w odnawialnym \u017ar\u00f3dle energii (Dz.\u00a0U.\u00a0z 2012 r., poz. 1229 oraz z 2013 r., poz. 1362) uleg\u0142o zmianie brzmienie \u00a73 \u2013 5, oraz zosta\u0142 dodany \u00a72a.<\/p>\n<p><strong>\u00a0<\/strong><\/p>\n<p><strong>SZKOLNICTWO<\/strong><\/p>\n<p><strong>Rozporz\u0105dzenie <\/strong>Ministra Nauki i Szkolnictwa Wy\u017cszego z dnia 15 maja 2014 r. w\u00a0sprawie maksymalnej wysoko\u015bci op\u0142at za post\u0119powanie zwi\u0105zane z przyj\u0119ciem na\u00a0studia na rok akademicki 2014\/2015 (Dz. U. z 2014 r., poz. 672) \u2013 <strong>wejdzie w \u017cycie z dniem 7 czerwca 2014 r.<\/strong><\/p>\n<p><strong>\u00a0<\/strong><\/p>\n<p><strong>OCHRONA ZDROWIA<\/strong><\/p>\n<p><strong>Rozporz\u0105dzenie <\/strong>Ministra Zdrowia z dnia 12 maja 2014 r. w sprawie dokonywania zmian w pozwoleniu i dokumentacji dotycz\u0105cej wprowadzania do obrotu produktu leczniczego (Dz. U. z 2014 r., poz. 679) \u2013 <strong>wesz\u0142o w \u017cycie z dniem 24 maja 2014 r.<\/strong><\/p>\n<p><strong>\u00a0<\/strong><\/p>\n<p><strong>OCHRONA \u015aRODOWISKA<\/strong><\/p>\n<p><strong>Ustawa <\/strong>z dnia 4 kwietnia 2014 r. o zmianie ustawy o odpadach (Dz. U. z 2014 r., poz.\u00a0695) \u2013 <strong>wejdzie w \u017cycie z dniem 12 czerwca 2014 r.<\/strong><\/p>\n<p>W ustawie z dnia 14 grudnia 2012 r. o odpadach (Dz. U. z 2013 r., poz. 21, 888 i 1238) zosta\u0142 dodany art. 244a.<\/p>\n<p>\u00a0<\/p>\n<h3 class=\"newsletter-naglowek\">Orzecznictwo<\/h3>\n<p><strong>Trybuna\u0142 Konstytucyjny; Trybuna\u0142 Sprawiedliwo\u015bci Unii Europejskiej<\/strong><\/p>\n<p><strong>AKTA SPRAW U MINISTRA<\/strong><\/p>\n<p>Paragraf 20 rozporz\u0105dzenia ministra sprawiedliwo\u015bci z 20 grudnia 2012 r. w sprawie nadzoru administracyjnego nad dzia\u0142alno\u015bci\u0105 administracyjn\u0105 s\u0105d\u00f3w powszechnych w\u00a0cz\u0119\u015bci obejmuj\u0105cej s\u0142owa \u201ea w uzasadnionych przypadkach \u2013 tak\u017ce akt s\u0105dowych\u201d jest\u00a0niezgodny z art. 92 ust. 1 Konstytucji. Tymczasem Minister Sprawiedliwo\u015bci przyzna\u0142 sobie kompetencj\u0119 do \u017c\u0105dania akt w ramach nadzoru zewn\u0119trznego. W spos\u00f3b niebudz\u0105cy w\u0105tpliwo\u015bci wykroczy\u0142 poza przedmiotowy zakres upowa\u017cnienia. Ustawodawca nie uregulowa\u0142 bowiem w ustawie upowa\u017cniaj\u0105cej dost\u0119pu do\u00a0akt\u00a0s\u0105dowych. Nie przewidzia\u0142 nawet zr\u0119b\u00f3w trybu takiego wgl\u0105du. Minister sprawiedliwo\u015bci za\u015b zinterpretowa\u0142 przepis upowa\u017cniaj\u0105cy w spos\u00f3b ekstensywny, oderwany od normowania ustawy upowa\u017cniaj\u0105cej. Poza tym kompetencja do \u017c\u0105dania akt\u00a0s\u0105dowych w ramach czynno\u015bci nadzorczych nie mo\u017ce by\u0107 traktowana jako element trybu sprawowania tego nadzoru, lecz jako \u015brodek tego nadzoru. \u015arodka takiego nie\u00a0okre\u015bli\u0142 ustawodawca. Wykreowa\u0142 go dopiero zaskar\u017cony przepis rozporz\u0105dzenia. Tym\u00a0samym akt \u00f3w nabra\u0142 charakteru samoistnego \u017ar\u00f3d\u0142a prawa. A okre\u015blenie podmiot\u00f3w, kt\u00f3re maj\u0105 prawo wgl\u0105du do akt s\u0105dowych, musi by\u0107 uregulowane w ustawie &#8211; <strong>wyrok Trybuna\u0142u Konstytucyjnego z dnia 8 maja 2014 r., sygn. akt: U 9\/13.<\/strong><\/p>\n","protected":false},"excerpt":{"rendered":"<p>We would like to present the next issue of legal bulletin of the Law Office of Adam Polowiec.What you will find here is some information about the new provisions of law and the projects of amendments to acts, but also case-laws including the case laws of Supreme Court, Constitutional Tribunal and European Court of Justice.<\/p>\n","protected":false},"author":2,"featured_media":0,"comment_status":"closed","ping_status":"open","sticky":false,"template":"","format":"standard","meta":{"footnotes":""},"categories":[11],"tags":[],"class_list":["post-519","post","type-post","status-publish","format-standard","hentry","category-newsletters"],"featured_image_src":{"landsacpe":false,"list":false,"medium":false,"full":false},"yoast_head":"<!-- This site is optimized with the Yoast SEO plugin v27.2 - https:\/\/yoast.com\/product\/yoast-seo-wordpress\/ -->\n<title>Legal Bulletin Of The Law Office Of Adam Polowiec (26 May - 1 June 2014) - Polowiec i Wsp\u00f3lnicy - Kancelaria prawna<\/title>\n<meta name=\"robots\" content=\"index, follow, max-snippet:-1, max-image-preview:large, max-video-preview:-1\" \/>\n<link rel=\"canonical\" href=\"https:\/\/polowiec.pl\/en\/legal-bulletin-of-the-law-office-of-adam-polowiec-26-may-1-june-2014\/\" \/>\n<meta property=\"og:locale\" content=\"en_US\" \/>\n<meta property=\"og:type\" content=\"article\" \/>\n<meta property=\"og:title\" content=\"Legal Bulletin Of The Law Office Of Adam Polowiec (26 May - 1 June 2014) - Polowiec i Wsp\u00f3lnicy - Kancelaria prawna\" \/>\n<meta property=\"og:description\" content=\"We would like to present the next issue of legal bulletin of the Law Office of Adam Polowiec.What you will find here is some information about the new provisions of law and the projects of amendments to acts, but also case-laws including the case laws of Supreme Court, Constitutional Tribunal and European Court of Justice.\" \/>\n<meta property=\"og:url\" content=\"https:\/\/polowiec.pl\/en\/legal-bulletin-of-the-law-office-of-adam-polowiec-26-may-1-june-2014\/\" \/>\n<meta property=\"og:site_name\" content=\"Polowiec i Wsp\u00f3lnicy - Kancelaria prawna\" \/>\n<meta property=\"article:publisher\" content=\"https:\/\/www.facebook.com\/polowieciwspolnicy\/\" \/>\n<meta property=\"article:published_time\" content=\"2014-06-04T13:49:57+00:00\" \/>\n<meta property=\"article:modified_time\" content=\"2018-10-11T08:42:57+00:00\" \/>\n<meta name=\"author\" content=\"Super User\" \/>\n<meta name=\"twitter:card\" content=\"summary_large_image\" \/>\n<meta name=\"twitter:label1\" content=\"Written by\" \/>\n\t<meta name=\"twitter:data1\" content=\"Super User\" \/>\n\t<meta name=\"twitter:label2\" content=\"Est. reading time\" \/>\n\t<meta name=\"twitter:data2\" content=\"4 minutes\" \/>\n<script type=\"application\/ld+json\" class=\"yoast-schema-graph\">{\"@context\":\"https:\/\/schema.org\",\"@graph\":[{\"@type\":\"Article\",\"@id\":\"https:\/\/polowiec.pl\/en\/legal-bulletin-of-the-law-office-of-adam-polowiec-26-may-1-june-2014\/#article\",\"isPartOf\":{\"@id\":\"https:\/\/polowiec.pl\/en\/legal-bulletin-of-the-law-office-of-adam-polowiec-26-may-1-june-2014\/\"},\"author\":{\"name\":\"Super User\",\"@id\":\"https:\/\/polowiec.pl\/en\/#\/schema\/person\/ed8994874b775675a86115f307352d24\"},\"headline\":\"Legal Bulletin Of The Law Office Of Adam Polowiec (26 May &#8211; 1 June 2014)\",\"datePublished\":\"2014-06-04T13:49:57+00:00\",\"dateModified\":\"2018-10-11T08:42:57+00:00\",\"mainEntityOfPage\":{\"@id\":\"https:\/\/polowiec.pl\/en\/legal-bulletin-of-the-law-office-of-adam-polowiec-26-may-1-june-2014\/\"},\"wordCount\":859,\"publisher\":{\"@id\":\"https:\/\/polowiec.pl\/en\/#organization\"},\"articleSection\":[\"Newsletter\"],\"inLanguage\":\"en-US\"},{\"@type\":\"WebPage\",\"@id\":\"https:\/\/polowiec.pl\/en\/legal-bulletin-of-the-law-office-of-adam-polowiec-26-may-1-june-2014\/\",\"url\":\"https:\/\/polowiec.pl\/en\/legal-bulletin-of-the-law-office-of-adam-polowiec-26-may-1-june-2014\/\",\"name\":\"Legal Bulletin Of The Law Office Of Adam Polowiec (26 May - 1 June 2014) - Polowiec i Wsp\u00f3lnicy - Kancelaria prawna\",\"isPartOf\":{\"@id\":\"https:\/\/polowiec.pl\/en\/#website\"},\"datePublished\":\"2014-06-04T13:49:57+00:00\",\"dateModified\":\"2018-10-11T08:42:57+00:00\",\"breadcrumb\":{\"@id\":\"https:\/\/polowiec.pl\/en\/legal-bulletin-of-the-law-office-of-adam-polowiec-26-may-1-june-2014\/#breadcrumb\"},\"inLanguage\":\"en-US\",\"potentialAction\":[{\"@type\":\"ReadAction\",\"target\":[\"https:\/\/polowiec.pl\/en\/legal-bulletin-of-the-law-office-of-adam-polowiec-26-may-1-june-2014\/\"]}]},{\"@type\":\"BreadcrumbList\",\"@id\":\"https:\/\/polowiec.pl\/en\/legal-bulletin-of-the-law-office-of-adam-polowiec-26-may-1-june-2014\/#breadcrumb\",\"itemListElement\":[{\"@type\":\"ListItem\",\"position\":1,\"name\":\"Strona g\u0142\u00f3wna\",\"item\":\"https:\/\/polowiec.pl\/en\/\"},{\"@type\":\"ListItem\",\"position\":2,\"name\":\"Legal Bulletin Of The Law Office Of Adam Polowiec (26 May &#8211; 1 June 2014)\"}]},{\"@type\":\"WebSite\",\"@id\":\"https:\/\/polowiec.pl\/en\/#website\",\"url\":\"https:\/\/polowiec.pl\/en\/\",\"name\":\"Polowiec i Wsp\u00f3lnicy - Kancelaria prawna\",\"description\":\"Obs\u0142uga prawna\",\"publisher\":{\"@id\":\"https:\/\/polowiec.pl\/en\/#organization\"},\"potentialAction\":[{\"@type\":\"SearchAction\",\"target\":{\"@type\":\"EntryPoint\",\"urlTemplate\":\"https:\/\/polowiec.pl\/en\/?s={search_term_string}\"},\"query-input\":{\"@type\":\"PropertyValueSpecification\",\"valueRequired\":true,\"valueName\":\"search_term_string\"}}],\"inLanguage\":\"en-US\"},{\"@type\":\"Organization\",\"@id\":\"https:\/\/polowiec.pl\/en\/#organization\",\"name\":\"Polowiec i Wsp\u00f3lnicy - Kancelaria prawna\",\"url\":\"https:\/\/polowiec.pl\/en\/\",\"logo\":{\"@type\":\"ImageObject\",\"inLanguage\":\"en-US\",\"@id\":\"https:\/\/polowiec.pl\/en\/#\/schema\/logo\/image\/\",\"url\":\"https:\/\/polowiec.pl\/wp-content\/uploads\/2018\/10\/polowiec_logo2-1.png\",\"contentUrl\":\"https:\/\/polowiec.pl\/wp-content\/uploads\/2018\/10\/polowiec_logo2-1.png\",\"width\":540,\"height\":381,\"caption\":\"Polowiec i Wsp\u00f3lnicy - Kancelaria prawna\"},\"image\":{\"@id\":\"https:\/\/polowiec.pl\/en\/#\/schema\/logo\/image\/\"},\"sameAs\":[\"https:\/\/www.facebook.com\/polowieciwspolnicy\/\",\"https:\/\/www.linkedin.com\/company\/polowiec-i-wsplnicy-sp.j.\/about\/\"]},{\"@type\":\"Person\",\"@id\":\"https:\/\/polowiec.pl\/en\/#\/schema\/person\/ed8994874b775675a86115f307352d24\",\"name\":\"Super User\",\"image\":{\"@type\":\"ImageObject\",\"inLanguage\":\"en-US\",\"@id\":\"https:\/\/secure.gravatar.com\/avatar\/e759b874f0fa459bd87c83ff47148fc5718f86d9459564657124e571997afbf7?s=96&d=mm&r=g\",\"url\":\"https:\/\/secure.gravatar.com\/avatar\/e759b874f0fa459bd87c83ff47148fc5718f86d9459564657124e571997afbf7?s=96&d=mm&r=g\",\"contentUrl\":\"https:\/\/secure.gravatar.com\/avatar\/e759b874f0fa459bd87c83ff47148fc5718f86d9459564657124e571997afbf7?s=96&d=mm&r=g\",\"caption\":\"Super User\"}}]}<\/script>\n<!-- \/ Yoast SEO plugin. -->","yoast_head_json":{"title":"Legal Bulletin Of The Law Office Of Adam Polowiec (26 May - 1 June 2014) - Polowiec i Wsp\u00f3lnicy - Kancelaria prawna","robots":{"index":"index","follow":"follow","max-snippet":"max-snippet:-1","max-image-preview":"max-image-preview:large","max-video-preview":"max-video-preview:-1"},"canonical":"https:\/\/polowiec.pl\/en\/legal-bulletin-of-the-law-office-of-adam-polowiec-26-may-1-june-2014\/","og_locale":"en_US","og_type":"article","og_title":"Legal Bulletin Of The Law Office Of Adam Polowiec (26 May - 1 June 2014) - Polowiec i Wsp\u00f3lnicy - Kancelaria prawna","og_description":"We would like to present the next issue of legal bulletin of the Law Office of Adam Polowiec.What you will find here is some information about the new provisions of law and the projects of amendments to acts, but also case-laws including the case laws of Supreme Court, Constitutional Tribunal and European Court of Justice.","og_url":"https:\/\/polowiec.pl\/en\/legal-bulletin-of-the-law-office-of-adam-polowiec-26-may-1-june-2014\/","og_site_name":"Polowiec i Wsp\u00f3lnicy - Kancelaria prawna","article_publisher":"https:\/\/www.facebook.com\/polowieciwspolnicy\/","article_published_time":"2014-06-04T13:49:57+00:00","article_modified_time":"2018-10-11T08:42:57+00:00","author":"Super User","twitter_card":"summary_large_image","twitter_misc":{"Written by":"Super User","Est. reading time":"4 minutes"},"schema":{"@context":"https:\/\/schema.org","@graph":[{"@type":"Article","@id":"https:\/\/polowiec.pl\/en\/legal-bulletin-of-the-law-office-of-adam-polowiec-26-may-1-june-2014\/#article","isPartOf":{"@id":"https:\/\/polowiec.pl\/en\/legal-bulletin-of-the-law-office-of-adam-polowiec-26-may-1-june-2014\/"},"author":{"name":"Super User","@id":"https:\/\/polowiec.pl\/en\/#\/schema\/person\/ed8994874b775675a86115f307352d24"},"headline":"Legal Bulletin Of The Law Office Of Adam Polowiec (26 May &#8211; 1 June 2014)","datePublished":"2014-06-04T13:49:57+00:00","dateModified":"2018-10-11T08:42:57+00:00","mainEntityOfPage":{"@id":"https:\/\/polowiec.pl\/en\/legal-bulletin-of-the-law-office-of-adam-polowiec-26-may-1-june-2014\/"},"wordCount":859,"publisher":{"@id":"https:\/\/polowiec.pl\/en\/#organization"},"articleSection":["Newsletter"],"inLanguage":"en-US"},{"@type":"WebPage","@id":"https:\/\/polowiec.pl\/en\/legal-bulletin-of-the-law-office-of-adam-polowiec-26-may-1-june-2014\/","url":"https:\/\/polowiec.pl\/en\/legal-bulletin-of-the-law-office-of-adam-polowiec-26-may-1-june-2014\/","name":"Legal Bulletin Of The Law Office Of Adam Polowiec (26 May - 1 June 2014) - Polowiec i Wsp\u00f3lnicy - Kancelaria prawna","isPartOf":{"@id":"https:\/\/polowiec.pl\/en\/#website"},"datePublished":"2014-06-04T13:49:57+00:00","dateModified":"2018-10-11T08:42:57+00:00","breadcrumb":{"@id":"https:\/\/polowiec.pl\/en\/legal-bulletin-of-the-law-office-of-adam-polowiec-26-may-1-june-2014\/#breadcrumb"},"inLanguage":"en-US","potentialAction":[{"@type":"ReadAction","target":["https:\/\/polowiec.pl\/en\/legal-bulletin-of-the-law-office-of-adam-polowiec-26-may-1-june-2014\/"]}]},{"@type":"BreadcrumbList","@id":"https:\/\/polowiec.pl\/en\/legal-bulletin-of-the-law-office-of-adam-polowiec-26-may-1-june-2014\/#breadcrumb","itemListElement":[{"@type":"ListItem","position":1,"name":"Strona g\u0142\u00f3wna","item":"https:\/\/polowiec.pl\/en\/"},{"@type":"ListItem","position":2,"name":"Legal Bulletin Of The Law Office Of Adam Polowiec (26 May &#8211; 1 June 2014)"}]},{"@type":"WebSite","@id":"https:\/\/polowiec.pl\/en\/#website","url":"https:\/\/polowiec.pl\/en\/","name":"Polowiec i Wsp\u00f3lnicy - Kancelaria prawna","description":"Obs\u0142uga prawna","publisher":{"@id":"https:\/\/polowiec.pl\/en\/#organization"},"potentialAction":[{"@type":"SearchAction","target":{"@type":"EntryPoint","urlTemplate":"https:\/\/polowiec.pl\/en\/?s={search_term_string}"},"query-input":{"@type":"PropertyValueSpecification","valueRequired":true,"valueName":"search_term_string"}}],"inLanguage":"en-US"},{"@type":"Organization","@id":"https:\/\/polowiec.pl\/en\/#organization","name":"Polowiec i Wsp\u00f3lnicy - Kancelaria prawna","url":"https:\/\/polowiec.pl\/en\/","logo":{"@type":"ImageObject","inLanguage":"en-US","@id":"https:\/\/polowiec.pl\/en\/#\/schema\/logo\/image\/","url":"https:\/\/polowiec.pl\/wp-content\/uploads\/2018\/10\/polowiec_logo2-1.png","contentUrl":"https:\/\/polowiec.pl\/wp-content\/uploads\/2018\/10\/polowiec_logo2-1.png","width":540,"height":381,"caption":"Polowiec i Wsp\u00f3lnicy - Kancelaria prawna"},"image":{"@id":"https:\/\/polowiec.pl\/en\/#\/schema\/logo\/image\/"},"sameAs":["https:\/\/www.facebook.com\/polowieciwspolnicy\/","https:\/\/www.linkedin.com\/company\/polowiec-i-wsplnicy-sp.j.\/about\/"]},{"@type":"Person","@id":"https:\/\/polowiec.pl\/en\/#\/schema\/person\/ed8994874b775675a86115f307352d24","name":"Super User","image":{"@type":"ImageObject","inLanguage":"en-US","@id":"https:\/\/secure.gravatar.com\/avatar\/e759b874f0fa459bd87c83ff47148fc5718f86d9459564657124e571997afbf7?s=96&d=mm&r=g","url":"https:\/\/secure.gravatar.com\/avatar\/e759b874f0fa459bd87c83ff47148fc5718f86d9459564657124e571997afbf7?s=96&d=mm&r=g","contentUrl":"https:\/\/secure.gravatar.com\/avatar\/e759b874f0fa459bd87c83ff47148fc5718f86d9459564657124e571997afbf7?s=96&d=mm&r=g","caption":"Super User"}}]}},"_links":{"self":[{"href":"https:\/\/polowiec.pl\/en\/wp-json\/wp\/v2\/posts\/519","targetHints":{"allow":["GET"]}}],"collection":[{"href":"https:\/\/polowiec.pl\/en\/wp-json\/wp\/v2\/posts"}],"about":[{"href":"https:\/\/polowiec.pl\/en\/wp-json\/wp\/v2\/types\/post"}],"author":[{"embeddable":true,"href":"https:\/\/polowiec.pl\/en\/wp-json\/wp\/v2\/users\/2"}],"replies":[{"embeddable":true,"href":"https:\/\/polowiec.pl\/en\/wp-json\/wp\/v2\/comments?post=519"}],"version-history":[{"count":0,"href":"https:\/\/polowiec.pl\/en\/wp-json\/wp\/v2\/posts\/519\/revisions"}],"wp:attachment":[{"href":"https:\/\/polowiec.pl\/en\/wp-json\/wp\/v2\/media?parent=519"}],"wp:term":[{"taxonomy":"category","embeddable":true,"href":"https:\/\/polowiec.pl\/en\/wp-json\/wp\/v2\/categories?post=519"},{"taxonomy":"post_tag","embeddable":true,"href":"https:\/\/polowiec.pl\/en\/wp-json\/wp\/v2\/tags?post=519"}],"curies":[{"name":"wp","href":"https:\/\/api.w.org\/{rel}","templated":true}]}}