{"id":525,"date":"2014-07-28T10:24:43","date_gmt":"2014-07-28T08:24:43","guid":{"rendered":"https:\/\/nowa.polowiec.pl\/legal-bulletin-of-the-law-office-of-adam-polowiec-14-20-july-2014\/"},"modified":"2018-10-11T10:42:57","modified_gmt":"2018-10-11T08:42:57","slug":"legal-bulletin-of-the-law-office-of-adam-polowiec-14-20-july-2014","status":"publish","type":"post","link":"https:\/\/polowiec.pl\/en\/legal-bulletin-of-the-law-office-of-adam-polowiec-14-20-july-2014\/","title":{"rendered":"Legal Bulletin Of The Law Office Of Adam Polowiec (14 &#8211; 20 July 2014)"},"content":{"rendered":"<p>We would like to present the next issue of legal bulletin of the Law Office of Adam Polowiec.<br \/>What you will find here is some information about the new provisions of law and the projects of amendments to acts, but also case-laws including the case laws of Supreme Court, Constitutional Tribunal and European Court of Justice. <!--more--> <\/p>\n<h3 class=\"newsletter-naglowek\">Nowe Prawo<\/h3>\n<p><strong>PRAWO PRACY I UBEZPIECZE\u0143 SPO\u0141ECZNYCH<\/strong><\/p>\n<p><strong>Ustawa <\/strong>z dnia 30 maja 2014 r. o zmianie ustawy o ochronie roszcze\u0144 pracowniczych w\u00a0razie niewyp\u0142acalno\u015bci pracodawcy (Dz. U. z 2014 r., poz. 923) \u2013 <strong>wejdzie w \u017cycie z\u00a0dniem 26 lipca 2014 r.<\/strong><\/p>\n<p>W ustawie z dnia 13 lipca 2006 r. o ochronie roszcze\u0144 pracowniczych w razie niewyp\u0142acalno\u015bci pracodawcy (Dz. U. z 2014 r., poz. 272 i 598) uleg\u0142o zmianie brzmienie art. 3, art. 23.<\/p>\n<p><strong>Rozporz\u0105dzenie<\/strong> Ministra Edukacji Narodowej z dnia 18 czerwca 2014 r. zmieniaj\u0105ce rozporz\u0105dzenie w sprawie wysoko\u015bci minimalnych stawek wynagrodzenia zasadniczego nauczycieli, og\u00f3lnych warunk\u00f3w przyznawania dodatk\u00f3w do wynagrodzenia zasadniczego oraz wynagradzania za prac\u0119 w dniu wolnym od pracy (Dz. U. z 2014 r., poz. 922)\u00a0\u2013 <strong>wejdzie w \u017cycie z dniem 1 wrze\u015bnia 2014 r.<\/strong><\/p>\n<p>W rozporz\u0105dzeniu Ministra Edukacji Narodowej i Sportu z dnia 31 stycznia 2005 r. w\u00a0sprawie wysoko\u015bci minimalnych stawek wynagrodzenia zasadniczego nauczycieli, og\u00f3lnych warunk\u00f3w przyznawania dodatk\u00f3w do wynagrodzenia zasadniczego oraz wynagradzania za prac\u0119 w dniu wolnym od pracy (Dz. U. z 2014 r., poz. 416) uleg\u0142o zmianie brzmienie za\u0142\u0105cznika.<\/p>\n<p><strong>Rozporz\u0105dzenie<\/strong> Rady Ministr\u00f3w z dnia 11 lipca 2014 r. w sprawie wysoko\u015bci zwi\u0119kszenia wska\u017anika waloryzacji emerytur i rent w 2015 r. (Dz. U. z 2014 r., poz. 938) \u2013 <strong>wesz\u0142o w \u017cycie z dniem 17 lipca 2014 r.<\/strong><\/p>\n<p><strong>\u00a0<\/strong><\/p>\n<p><strong>PODATKI I RACHUNKOWO\u015a\u0106<\/strong><\/p>\n<p><strong>Rozporz\u0105dzenie <\/strong>Ministra Finans\u00f3w z dnia 2 lipca 2014 r. zmieniaj\u0105ce rozporz\u0105dzenie w\u00a0sprawie zeznania podatkowego sk\u0142adanego przez podatnik\u00f3w podatku od spadk\u00f3w i\u00a0darowizn (Dz. U. z 2014 r., poz. 938) \u2013 <strong>wesz\u0142o w \u017cycie z dniem 1 wrze\u015bnia 2014 r.<\/strong><\/p>\n<p>W rozporz\u0105dzeniu Ministra Finans\u00f3w z dnia 26 wrze\u015bnia 2011 r. w sprawie zeznania podatkowego sk\u0142adanego przez podatnik\u00f3w podatku od spadk\u00f3w i darowizn (Dz.\u00a0U.\u00a0z\u00a02014 r., nr 216, poz. 1276) uleg\u0142o zmianie brzmienie za\u0142\u0105cznika.<\/p>\n<p><strong>Rozporz\u0105dzenie <\/strong>Ministra Finans\u00f3w z dnia 2 lipca 2014 r. zmieniaj\u0105ce rozporz\u0105dzenie w\u00a0sprawie sposobu pobierania i zwrotu podatku od czynno\u015bci cywilnoprawnych (Dz.\u00a0U.\u00a0z\u00a02014 r., poz. 940) \u2013 <strong>wesz\u0142o w \u017cycie z dniem 1 wrze\u015bnia 2014 r.<\/strong><\/p>\n<p>W rozporz\u0105dzeniu Ministra Finans\u00f3w z dnia 16 grudnia 2008 r. w sprawie sposobu pobierania i zwrotu podatku od czynno\u015bci cywilnoprawnych (Dz. U. z 2013 r., poz. 179 i\u00a0598) uleg\u0142o zmianie brzmienie \u00a73, za\u0142\u0105cznika nr 1.<\/p>\n<p><strong>\u00a0<\/strong><\/p>\n<p><strong>GAZ ZIEMNY<\/strong><\/p>\n<p><strong>Ustawa<\/strong> z dnia 30 maja 2014 r. o zmianie ustawy o inwestycjach w zakresie terminalu regazyfikacyjnego skroplonego gazu ziemnego w \u015awinouj\u015bciu oraz ustawy o gospodarce nieruchomo\u015bciami (Dz. U. z 2014 r., poz. 906) \u2013 <strong>wejdzie w \u017cycie z dniem 24\u00a0lipca\u00a02014 r.<\/strong><\/p>\n<p>W ustawie z dnia 24 kwietnia 2009 r. o inwestycjach w zakresie terminalu regazyfikacyjnego skroplonego gazu ziemnego w \u015awinouj\u015bciu (Dz. U. z 2009 r., nr 84, poz. 700 z p\u00f3\u017an. zm.) uleg\u0142o zmianie brzmienie art. 2, art. 6, art. 8, art. 11, art. 12, art.\u00a014 \u2013 18, art. 20, art. 22 \u2013 24, art. 27, art. 38, art. 41, zosta\u0142o dodane art. 37a.<\/p>\n<p>W ustawie z dnia 21 sierpnia 1997 r. o gospodarce nieruchomo\u015bciami (Dz. U. z 2014 r., poz. 518 z p\u00f3\u017an. zm.) uleg\u0142o zmianie brzmienie art. 37.<\/p>\n<p><strong>\u00a0<\/strong><\/p>\n<p><strong>OCHRONA \u015aRODOWISKA<\/strong><\/p>\n<p><strong>Rozporz\u0105dzenie<\/strong> Ministra \u015arodowiska z dnia 2 lipca 2014 r. w sprawie szczeg\u00f3\u0142owych warunk\u00f3w udzielania horyzontalnej pomocy publicznej na niekt\u00f3re cele z zakresu ochrony \u015brodowiska (Dz. U. z 2014 r., poz. 908) \u2013 <strong>wesz\u0142o w \u017cycie z dniem 10 lipca 2014 r.<\/strong><\/p>\n<p><strong>\u00a0<\/strong><\/p>\n<p><strong>PRAWO ADMINISTRACYJNE<\/strong><\/p>\n<p><strong>Rozporz\u0105dzenie<\/strong> Ministra Administracji i Cyfryzacji z dnia 8 lipca 2014 r. w sprawie sposobu i trybu uwierzytelniania przez organy S\u0142u\u017cby Geodezyjnej i Kartograficznej dokument\u00f3w na potrzeby post\u0119powa\u0144 administracyjnych, s\u0105dowych lub czynno\u015bci cywilnoprawnych (Dz. U. z 2014 r., poz. 914) \u2013 <strong>wesz\u0142o w \u017cycie z dniem 12\u00a0lipca\u00a02014\u00a0r.<\/strong><\/p>\n<p><strong>Rozporz\u0105dzenie<\/strong> Ministra Administracji i Cyfryzacji z dnia 9 lipca 2014 r. w sprawie udost\u0119pniania materia\u0142\u00f3w pa\u0144stwowego zasobu geodezyjnego i kartograficznego, wydawania licencji oraz wzoru Dokumentu Obliczenia Op\u0142aty (Dz. U. z 2014 r., poz. 917) \u2013 <strong>wesz\u0142o w \u017cycie z dniem 12 lipca 2014 r.<\/strong><\/p>\n<p><strong>\u00a0<\/strong><\/p>\n<p><strong>PRAWO RUCHU DROGOWEGO<\/strong><\/p>\n<p><strong>Rozporz\u0105dzenie<\/strong> Ministra Zdrowia z dnia 8 lipca 2014 r. w sprawie bada\u0144 psychologicznych os\u00f3b ubiegaj\u0105cych si\u0119 o uprawnienia do kierowania pojazdami, kierowc\u00f3w oraz os\u00f3b wykonuj\u0105cych prac\u0119 na stanowisku kierowcy (Dz. U. z 2014 r., poz.\u00a0937) \u2013 <strong>wejdzie w \u017cycie z dniem 20 lipca 2014 r.<\/strong><\/p>\n<p><strong>\u00a0<\/strong><\/p>\n<p><strong>DZIA\u0141ALNO\u015a\u0106 GOSPODARCZA<\/strong><\/p>\n<p><strong>Ustawa<\/strong> z dnia 9 maja 2014 r. o informowaniu o cenach towar\u00f3w i us\u0142ug (Dz.\u00a0U.\u00a0z\u00a02014\u00a0r., poz. 915) \u2013 <strong>wejdzie w \u017cycie z dniem 25 lipca 2014 r.<\/strong><\/p>\n<p><strong>Rozporz\u0105dzenie<\/strong> Ministra Pracy i Polityki Spo\u0142ecznej z dnia 10 lipca 2014 r. w sprawie wymaga\u0144 lokalowych i sanitarnych jakie musi spe\u0142nia\u0107 lokal, w kt\u00f3rym ma\u00a0by\u0107\u00a0prowadzony \u017c\u0142obek lub klub dzieci\u0119cy (Dz. U. z 2014 r., poz. 925) \u2013 <strong>wesz\u0142o w\u00a0\u017cycie z\u00a0dniem 14 lipca 2014 r.<\/strong><\/p>\n<p>\u00a0<\/p>\n<h3 class=\"newsletter-naglowek\">Orzecznictwo<\/h3>\n<p><strong>S\u0105d Najwy\u017cszy<\/strong><\/p>\n<p><strong>WY\u0141\u0104CZENIE S\u0118DZIEGO<\/strong><\/p>\n<p>Przewidziany w art. 386 \u00a7 5 k.p.c. nakaz rozpoznania sprawy w innym sk\u0142adzie nie\u00a0dotyczy s\u0119dziego, kt\u00f3ry nie bra\u0142 udzia\u0142u w wydaniu uchylonego wyroku &#8211; <strong>uchwa\u0142a S\u0105du Najwy\u017cszego z dnia 17 lipca 2014 r., sygn. akt: III CZP 55\/14.<\/strong><\/p>\n<p><strong>\u00a0<\/strong><\/p>\n<p><strong>UZUPE\u0141NIENIE BRAK\u00d3W<\/strong><\/p>\n<p>Przepis art. 132 \u00a711 k.p.c. dotyczy r\u00f3wnie\u017c wniesionego przez pe\u0142nomocnika odpisu pisma procesowego zawieraj\u0105cego uzupe\u0142nienie brak\u00f3w formalnych apelacji &#8211; <strong>uchwa\u0142a S\u0105du Najwy\u017cszego z dnia 17 lipca 2014 r., sygn. akt: III CZP 47\/14.<\/strong><\/p>\n<p><strong>\u00a0<\/strong><\/p>\n<p><strong>ADRES POZWANEGO<\/strong><\/p>\n<p>Niewskazanie przez powoda w pozwie miejsca i adresu\u00a0 zamieszkania pozwanego b\u0119d\u0105cego osob\u0105 fizyczn\u0105 jest brakiem formalnym pozwu uniemo\u017cliwiaj\u0105cym nadanie mu\u00a0prawid\u0142owego biegu &#8211; <strong>uchwa\u0142a S\u0105du Najwy\u017cszego z dnia 17 lipca 2014 r., sygn.\u00a0akt: III CZP 43\/14.<\/strong><\/p>\n","protected":false},"excerpt":{"rendered":"<p>We would like to present the next issue of legal bulletin of the Law Office of Adam Polowiec.What you will find here is some information about the new provisions of law and the projects of amendments to acts, but also case-laws including the case laws of Supreme Court, Constitutional Tribunal and European Court of Justice.<\/p>\n","protected":false},"author":2,"featured_media":0,"comment_status":"closed","ping_status":"open","sticky":false,"template":"","format":"standard","meta":{"footnotes":""},"categories":[11],"tags":[],"class_list":["post-525","post","type-post","status-publish","format-standard","hentry","category-newsletters"],"featured_image_src":{"landsacpe":false,"list":false,"medium":false,"full":false},"yoast_head":"<!-- This site is optimized with the Yoast SEO plugin v27.2 - https:\/\/yoast.com\/product\/yoast-seo-wordpress\/ -->\n<title>Legal Bulletin Of The Law Office Of Adam Polowiec (14 - 20 July 2014) - Polowiec i Wsp\u00f3lnicy - Kancelaria prawna<\/title>\n<meta name=\"robots\" content=\"index, follow, max-snippet:-1, max-image-preview:large, max-video-preview:-1\" \/>\n<link rel=\"canonical\" href=\"https:\/\/polowiec.pl\/en\/legal-bulletin-of-the-law-office-of-adam-polowiec-14-20-july-2014\/\" \/>\n<meta property=\"og:locale\" content=\"en_US\" \/>\n<meta property=\"og:type\" content=\"article\" \/>\n<meta property=\"og:title\" content=\"Legal Bulletin Of The Law Office Of Adam Polowiec (14 - 20 July 2014) - Polowiec i Wsp\u00f3lnicy - Kancelaria prawna\" \/>\n<meta property=\"og:description\" content=\"We would like to present the next issue of legal bulletin of the Law Office of Adam Polowiec.What you will find here is some information about the new provisions of law and the projects of amendments to acts, but also case-laws including the case laws of Supreme Court, Constitutional Tribunal and European Court of Justice.\" \/>\n<meta property=\"og:url\" content=\"https:\/\/polowiec.pl\/en\/legal-bulletin-of-the-law-office-of-adam-polowiec-14-20-july-2014\/\" \/>\n<meta property=\"og:site_name\" content=\"Polowiec i Wsp\u00f3lnicy - Kancelaria prawna\" \/>\n<meta property=\"article:publisher\" content=\"https:\/\/www.facebook.com\/polowieciwspolnicy\/\" \/>\n<meta property=\"article:published_time\" content=\"2014-07-28T08:24:43+00:00\" \/>\n<meta property=\"article:modified_time\" content=\"2018-10-11T08:42:57+00:00\" \/>\n<meta name=\"author\" content=\"Super User\" \/>\n<meta name=\"twitter:card\" content=\"summary_large_image\" \/>\n<meta name=\"twitter:label1\" content=\"Written by\" \/>\n\t<meta name=\"twitter:data1\" content=\"Super User\" \/>\n\t<meta name=\"twitter:label2\" content=\"Est. reading time\" \/>\n\t<meta name=\"twitter:data2\" content=\"5 minutes\" \/>\n<script type=\"application\/ld+json\" class=\"yoast-schema-graph\">{\"@context\":\"https:\/\/schema.org\",\"@graph\":[{\"@type\":\"Article\",\"@id\":\"https:\/\/polowiec.pl\/en\/legal-bulletin-of-the-law-office-of-adam-polowiec-14-20-july-2014\/#article\",\"isPartOf\":{\"@id\":\"https:\/\/polowiec.pl\/en\/legal-bulletin-of-the-law-office-of-adam-polowiec-14-20-july-2014\/\"},\"author\":{\"name\":\"Super User\",\"@id\":\"https:\/\/polowiec.pl\/en\/#\/schema\/person\/ed8994874b775675a86115f307352d24\"},\"headline\":\"Legal Bulletin Of The Law Office Of Adam Polowiec (14 &#8211; 20 July 2014)\",\"datePublished\":\"2014-07-28T08:24:43+00:00\",\"dateModified\":\"2018-10-11T08:42:57+00:00\",\"mainEntityOfPage\":{\"@id\":\"https:\/\/polowiec.pl\/en\/legal-bulletin-of-the-law-office-of-adam-polowiec-14-20-july-2014\/\"},\"wordCount\":938,\"publisher\":{\"@id\":\"https:\/\/polowiec.pl\/en\/#organization\"},\"articleSection\":[\"Newsletter\"],\"inLanguage\":\"en-US\"},{\"@type\":\"WebPage\",\"@id\":\"https:\/\/polowiec.pl\/en\/legal-bulletin-of-the-law-office-of-adam-polowiec-14-20-july-2014\/\",\"url\":\"https:\/\/polowiec.pl\/en\/legal-bulletin-of-the-law-office-of-adam-polowiec-14-20-july-2014\/\",\"name\":\"Legal Bulletin Of The Law Office Of Adam Polowiec (14 - 20 July 2014) - Polowiec i Wsp\u00f3lnicy - Kancelaria prawna\",\"isPartOf\":{\"@id\":\"https:\/\/polowiec.pl\/en\/#website\"},\"datePublished\":\"2014-07-28T08:24:43+00:00\",\"dateModified\":\"2018-10-11T08:42:57+00:00\",\"breadcrumb\":{\"@id\":\"https:\/\/polowiec.pl\/en\/legal-bulletin-of-the-law-office-of-adam-polowiec-14-20-july-2014\/#breadcrumb\"},\"inLanguage\":\"en-US\",\"potentialAction\":[{\"@type\":\"ReadAction\",\"target\":[\"https:\/\/polowiec.pl\/en\/legal-bulletin-of-the-law-office-of-adam-polowiec-14-20-july-2014\/\"]}]},{\"@type\":\"BreadcrumbList\",\"@id\":\"https:\/\/polowiec.pl\/en\/legal-bulletin-of-the-law-office-of-adam-polowiec-14-20-july-2014\/#breadcrumb\",\"itemListElement\":[{\"@type\":\"ListItem\",\"position\":1,\"name\":\"Strona g\u0142\u00f3wna\",\"item\":\"https:\/\/polowiec.pl\/en\/\"},{\"@type\":\"ListItem\",\"position\":2,\"name\":\"Legal Bulletin Of The Law Office Of Adam Polowiec (14 &#8211; 20 July 2014)\"}]},{\"@type\":\"WebSite\",\"@id\":\"https:\/\/polowiec.pl\/en\/#website\",\"url\":\"https:\/\/polowiec.pl\/en\/\",\"name\":\"Polowiec i Wsp\u00f3lnicy - Kancelaria prawna\",\"description\":\"Obs\u0142uga prawna\",\"publisher\":{\"@id\":\"https:\/\/polowiec.pl\/en\/#organization\"},\"potentialAction\":[{\"@type\":\"SearchAction\",\"target\":{\"@type\":\"EntryPoint\",\"urlTemplate\":\"https:\/\/polowiec.pl\/en\/?s={search_term_string}\"},\"query-input\":{\"@type\":\"PropertyValueSpecification\",\"valueRequired\":true,\"valueName\":\"search_term_string\"}}],\"inLanguage\":\"en-US\"},{\"@type\":\"Organization\",\"@id\":\"https:\/\/polowiec.pl\/en\/#organization\",\"name\":\"Polowiec i Wsp\u00f3lnicy - Kancelaria prawna\",\"url\":\"https:\/\/polowiec.pl\/en\/\",\"logo\":{\"@type\":\"ImageObject\",\"inLanguage\":\"en-US\",\"@id\":\"https:\/\/polowiec.pl\/en\/#\/schema\/logo\/image\/\",\"url\":\"https:\/\/polowiec.pl\/wp-content\/uploads\/2018\/10\/polowiec_logo2-1.png\",\"contentUrl\":\"https:\/\/polowiec.pl\/wp-content\/uploads\/2018\/10\/polowiec_logo2-1.png\",\"width\":540,\"height\":381,\"caption\":\"Polowiec i Wsp\u00f3lnicy - Kancelaria prawna\"},\"image\":{\"@id\":\"https:\/\/polowiec.pl\/en\/#\/schema\/logo\/image\/\"},\"sameAs\":[\"https:\/\/www.facebook.com\/polowieciwspolnicy\/\",\"https:\/\/www.linkedin.com\/company\/polowiec-i-wsplnicy-sp.j.\/about\/\"]},{\"@type\":\"Person\",\"@id\":\"https:\/\/polowiec.pl\/en\/#\/schema\/person\/ed8994874b775675a86115f307352d24\",\"name\":\"Super User\",\"image\":{\"@type\":\"ImageObject\",\"inLanguage\":\"en-US\",\"@id\":\"https:\/\/secure.gravatar.com\/avatar\/e759b874f0fa459bd87c83ff47148fc5718f86d9459564657124e571997afbf7?s=96&d=mm&r=g\",\"url\":\"https:\/\/secure.gravatar.com\/avatar\/e759b874f0fa459bd87c83ff47148fc5718f86d9459564657124e571997afbf7?s=96&d=mm&r=g\",\"contentUrl\":\"https:\/\/secure.gravatar.com\/avatar\/e759b874f0fa459bd87c83ff47148fc5718f86d9459564657124e571997afbf7?s=96&d=mm&r=g\",\"caption\":\"Super User\"}}]}<\/script>\n<!-- \/ Yoast SEO plugin. -->","yoast_head_json":{"title":"Legal Bulletin Of The Law Office Of Adam Polowiec (14 - 20 July 2014) - Polowiec i Wsp\u00f3lnicy - Kancelaria prawna","robots":{"index":"index","follow":"follow","max-snippet":"max-snippet:-1","max-image-preview":"max-image-preview:large","max-video-preview":"max-video-preview:-1"},"canonical":"https:\/\/polowiec.pl\/en\/legal-bulletin-of-the-law-office-of-adam-polowiec-14-20-july-2014\/","og_locale":"en_US","og_type":"article","og_title":"Legal Bulletin Of The Law Office Of Adam Polowiec (14 - 20 July 2014) - Polowiec i Wsp\u00f3lnicy - Kancelaria prawna","og_description":"We would like to present the next issue of legal bulletin of the Law Office of Adam Polowiec.What you will find here is some information about the new provisions of law and the projects of amendments to acts, but also case-laws including the case laws of Supreme Court, Constitutional Tribunal and European Court of Justice.","og_url":"https:\/\/polowiec.pl\/en\/legal-bulletin-of-the-law-office-of-adam-polowiec-14-20-july-2014\/","og_site_name":"Polowiec i Wsp\u00f3lnicy - Kancelaria prawna","article_publisher":"https:\/\/www.facebook.com\/polowieciwspolnicy\/","article_published_time":"2014-07-28T08:24:43+00:00","article_modified_time":"2018-10-11T08:42:57+00:00","author":"Super User","twitter_card":"summary_large_image","twitter_misc":{"Written by":"Super User","Est. reading time":"5 minutes"},"schema":{"@context":"https:\/\/schema.org","@graph":[{"@type":"Article","@id":"https:\/\/polowiec.pl\/en\/legal-bulletin-of-the-law-office-of-adam-polowiec-14-20-july-2014\/#article","isPartOf":{"@id":"https:\/\/polowiec.pl\/en\/legal-bulletin-of-the-law-office-of-adam-polowiec-14-20-july-2014\/"},"author":{"name":"Super User","@id":"https:\/\/polowiec.pl\/en\/#\/schema\/person\/ed8994874b775675a86115f307352d24"},"headline":"Legal Bulletin Of The Law Office Of Adam Polowiec (14 &#8211; 20 July 2014)","datePublished":"2014-07-28T08:24:43+00:00","dateModified":"2018-10-11T08:42:57+00:00","mainEntityOfPage":{"@id":"https:\/\/polowiec.pl\/en\/legal-bulletin-of-the-law-office-of-adam-polowiec-14-20-july-2014\/"},"wordCount":938,"publisher":{"@id":"https:\/\/polowiec.pl\/en\/#organization"},"articleSection":["Newsletter"],"inLanguage":"en-US"},{"@type":"WebPage","@id":"https:\/\/polowiec.pl\/en\/legal-bulletin-of-the-law-office-of-adam-polowiec-14-20-july-2014\/","url":"https:\/\/polowiec.pl\/en\/legal-bulletin-of-the-law-office-of-adam-polowiec-14-20-july-2014\/","name":"Legal Bulletin Of The Law Office Of Adam Polowiec (14 - 20 July 2014) - Polowiec i Wsp\u00f3lnicy - Kancelaria prawna","isPartOf":{"@id":"https:\/\/polowiec.pl\/en\/#website"},"datePublished":"2014-07-28T08:24:43+00:00","dateModified":"2018-10-11T08:42:57+00:00","breadcrumb":{"@id":"https:\/\/polowiec.pl\/en\/legal-bulletin-of-the-law-office-of-adam-polowiec-14-20-july-2014\/#breadcrumb"},"inLanguage":"en-US","potentialAction":[{"@type":"ReadAction","target":["https:\/\/polowiec.pl\/en\/legal-bulletin-of-the-law-office-of-adam-polowiec-14-20-july-2014\/"]}]},{"@type":"BreadcrumbList","@id":"https:\/\/polowiec.pl\/en\/legal-bulletin-of-the-law-office-of-adam-polowiec-14-20-july-2014\/#breadcrumb","itemListElement":[{"@type":"ListItem","position":1,"name":"Strona g\u0142\u00f3wna","item":"https:\/\/polowiec.pl\/en\/"},{"@type":"ListItem","position":2,"name":"Legal Bulletin Of The Law Office Of Adam Polowiec (14 &#8211; 20 July 2014)"}]},{"@type":"WebSite","@id":"https:\/\/polowiec.pl\/en\/#website","url":"https:\/\/polowiec.pl\/en\/","name":"Polowiec i Wsp\u00f3lnicy - Kancelaria prawna","description":"Obs\u0142uga prawna","publisher":{"@id":"https:\/\/polowiec.pl\/en\/#organization"},"potentialAction":[{"@type":"SearchAction","target":{"@type":"EntryPoint","urlTemplate":"https:\/\/polowiec.pl\/en\/?s={search_term_string}"},"query-input":{"@type":"PropertyValueSpecification","valueRequired":true,"valueName":"search_term_string"}}],"inLanguage":"en-US"},{"@type":"Organization","@id":"https:\/\/polowiec.pl\/en\/#organization","name":"Polowiec i Wsp\u00f3lnicy - Kancelaria prawna","url":"https:\/\/polowiec.pl\/en\/","logo":{"@type":"ImageObject","inLanguage":"en-US","@id":"https:\/\/polowiec.pl\/en\/#\/schema\/logo\/image\/","url":"https:\/\/polowiec.pl\/wp-content\/uploads\/2018\/10\/polowiec_logo2-1.png","contentUrl":"https:\/\/polowiec.pl\/wp-content\/uploads\/2018\/10\/polowiec_logo2-1.png","width":540,"height":381,"caption":"Polowiec i Wsp\u00f3lnicy - Kancelaria prawna"},"image":{"@id":"https:\/\/polowiec.pl\/en\/#\/schema\/logo\/image\/"},"sameAs":["https:\/\/www.facebook.com\/polowieciwspolnicy\/","https:\/\/www.linkedin.com\/company\/polowiec-i-wsplnicy-sp.j.\/about\/"]},{"@type":"Person","@id":"https:\/\/polowiec.pl\/en\/#\/schema\/person\/ed8994874b775675a86115f307352d24","name":"Super User","image":{"@type":"ImageObject","inLanguage":"en-US","@id":"https:\/\/secure.gravatar.com\/avatar\/e759b874f0fa459bd87c83ff47148fc5718f86d9459564657124e571997afbf7?s=96&d=mm&r=g","url":"https:\/\/secure.gravatar.com\/avatar\/e759b874f0fa459bd87c83ff47148fc5718f86d9459564657124e571997afbf7?s=96&d=mm&r=g","contentUrl":"https:\/\/secure.gravatar.com\/avatar\/e759b874f0fa459bd87c83ff47148fc5718f86d9459564657124e571997afbf7?s=96&d=mm&r=g","caption":"Super User"}}]}},"_links":{"self":[{"href":"https:\/\/polowiec.pl\/en\/wp-json\/wp\/v2\/posts\/525","targetHints":{"allow":["GET"]}}],"collection":[{"href":"https:\/\/polowiec.pl\/en\/wp-json\/wp\/v2\/posts"}],"about":[{"href":"https:\/\/polowiec.pl\/en\/wp-json\/wp\/v2\/types\/post"}],"author":[{"embeddable":true,"href":"https:\/\/polowiec.pl\/en\/wp-json\/wp\/v2\/users\/2"}],"replies":[{"embeddable":true,"href":"https:\/\/polowiec.pl\/en\/wp-json\/wp\/v2\/comments?post=525"}],"version-history":[{"count":0,"href":"https:\/\/polowiec.pl\/en\/wp-json\/wp\/v2\/posts\/525\/revisions"}],"wp:attachment":[{"href":"https:\/\/polowiec.pl\/en\/wp-json\/wp\/v2\/media?parent=525"}],"wp:term":[{"taxonomy":"category","embeddable":true,"href":"https:\/\/polowiec.pl\/en\/wp-json\/wp\/v2\/categories?post=525"},{"taxonomy":"post_tag","embeddable":true,"href":"https:\/\/polowiec.pl\/en\/wp-json\/wp\/v2\/tags?post=525"}],"curies":[{"name":"wp","href":"https:\/\/api.w.org\/{rel}","templated":true}]}}