{"id":532,"date":"2014-09-08T10:11:39","date_gmt":"2014-09-08T08:11:39","guid":{"rendered":"https:\/\/nowa.polowiec.pl\/legal-bulletin-of-the-law-office-of-adam-polowiec-1-7-september-2014\/"},"modified":"2018-10-11T10:42:56","modified_gmt":"2018-10-11T08:42:56","slug":"legal-bulletin-of-the-law-office-of-adam-polowiec-1-7-september-2014","status":"publish","type":"post","link":"https:\/\/polowiec.pl\/en\/legal-bulletin-of-the-law-office-of-adam-polowiec-1-7-september-2014\/","title":{"rendered":"Legal Bulletin Of The Law Office Of Adam Polowiec (1 &#8211; 7 September 2014)"},"content":{"rendered":"<p>We would like to present the next issue of legal bulletin of the Law Office of Adam Polowiec.<br \/>What you will find here is some information about the new provisions of law and the projects of amendments to acts, but also case-laws including the case laws of Supreme Court, Constitutional Tribunal and European Court of Justice. <!--more--> <\/p>\n<h3 class=\"newsletter-naglowek\">Nowe Prawo<\/h3>\n<p><strong>UBEZPIECZENIA SPO\u0141ECZNE I \u015aWIADCZENIA OPIEKI ZDROWOTNEJ<\/strong><\/p>\n<p><strong>Ustawa<\/strong> z dnia 22 lipca 2014 r. o zmianie ustawy o \u015bwiadczeniach opieki zdrowotnej finansowanych ze \u015brodk\u00f3w publicznych oraz niekt\u00f3rych innych ustaw\u00a0(Dz. U. z 2014 r. poz. 1138) \u2013 <strong>wejdzie w \u017cycie z dniem 1 stycznia 2015 r., z wyj\u0105tkiem art. 1 pkt 8 lit. c i pkt 10, art. 12 ust. 4, art. 15 i art. 23, kt\u00f3re wesz\u0142y w \u017cycie z dniem 28 sierpnia 2014 r., art. 1 pkt 52-54 i pkt 55 w zakresie art. 149 ust. 1 pkt 7, oraz art. 8 pkt 1, kt\u00f3re wchodz\u0105 w \u017cycie z dniem 1 stycznia 2016 r., art. 1 pkt 35 w zakresie art. 95d i art. 95e, kt\u00f3ry wchodzi\u00a0 w \u017cycie z dniem 30 czerwca 2016 r., art. 1 pkt 15, kt\u00f3ry wchodzi\u00a0 w \u017cycie \u00a0z dniem 1 stycznia 2018 r., art. 1 pkt 16 w zakresie art.\u00a031lc ust. 6, \u00a0kt\u00f3ry wchodzi w \u017cycie z dniem 1 stycznia 2020 r.<\/strong><\/p>\n<p>W ustawie z dnia 27 sierpnia 2004 r. o \u015bwiadczeniach opieki zdrowotnej finansowanych ze \u015brodk\u00f3w publicznych (Dz. U. z 2008 r. Nr 164, poz. 1027, z p\u00f3\u017an. zm.) zmianie ulegnie brzmienie art. 1 pkt 6a, art. 3 ust. 2 pkt 2, pkt 6, art. 5 pkt 3 lit. a, pkt 30, pkt 38, dotychczasow\u0105 tre\u015b\u0107 pkt 42a oznacza si\u0119 jako pkt 42b i dodaje si\u0119 pkt 42a, art. 7 ust. 1 pkt 1 i 2, art. 8 pkt 1 i 2, art. 9 pkt 1 i 2, art. 10, art. 11 ust. 4 i 4a, <br \/> art. 13a, art. 20 ust. 8, ust. 10, art., 23, art. 23a ust. 1 i 2, rozdzia\u0142 1b, art. 31n pkt 1 i 2, art. 31o ust. 2 pkt 5 lit. e, ust. 4, art. 31p, art. 31q ust. 1, art. 31s ust. 6 pkt 3, ust. 9, ust. 12, 19, art. 31t ust. 4, art. 33 ust. 2, w dziale II rozdzia\u0142 4, art. 66 ust. 2, art. 67 ust. 5 pkt 2, art. 73 pkt 4, art. 89, art. 96 ust. 8, art. 97 ust 3 pkt 4 i 5, ust. 3a pkt 1, ust. 3b, ust. 8, art. 99 ust. 1, ust. 6 pkt 5, ust. 7, art. 100 ust. 5, <br \/> ust. 6 i 7, art. 102 ust. 2 i 3, ust. 5, ust. 6, art. 106 ust. 2 i 3, ust. 7 pkt 8, ust. 10,\u00a0ust. 10 pkt 5, pkt 12, ust. 15, ust. 16, art. 107 ust. 2, ust. 4, ust. 5 pkt 9, art. 107a\u00a0ust. 1, art. 116 ust. 1 pkt 5, art. 132 ust. 1, art. 137, art. 139, art. 142 ust. 2 pkt 2,\u00a0ust. 5 pkt 1, art. 146, art. 148, art. 149 ust. 1 pkt 7 i 8, art. 151 ust. 5, art. 155 ust. 2, art. 156 ust. 1, art. 159 ust. 1, art. 169 ust. 2, art. 178 ust. 4,\u00a0art. 190 ust. 3,\u00a0dodany zostanie w art. 5 pkt 29a, w art. 11 ust. 1 pkt 9a, w art. 20 ust. 1a i 1b,\u00a0w ust. 2 pkt 5, ust. 2a i 2b, ust. 10a-10g, ust. 12-14, w art. 31a ust. 3, rozdzia\u0142 1aa,\u00a0w art. 31n pkt 1a i 1b, art. 31sa, art. 31 sb, w art. 31t ust. 2 pkt 1a, ust. 5-14, art. 32a\u00a0i art. 32b, art. 33b, w art. 75 ust. 1a i 1b, dzia\u0142 IV a, w art. 97 ust. 3 pkt 2b, w art. 100 ust. 1a, w art. 102 ust. 6a, w art. 107 ust. 5 pkt 3a, w art. 116 ust. 1a, art. 131b,\u00a0art. 132a, w art. 136 dotychczasow\u0105 tre\u015b\u0107 oznacza si\u0119 jako ust. 1 i dodaje si\u0119 ust. 2,\u00a0art. 159 ust. 2a, w art. 188 ust. 5a-5d, art. 189a, w art. 190 ust. 1a, w art. 193 pkt 5a, uchyla si\u0119 w art. 3 pkt 2a, pkt 2 w art. 11 ust. 1, art. 15a, art. 22, w art. 31s ust. 10\u00a0i 11, w art. 57 w ust. 2 pkt 3 i 6, w art. 129 ust. 2 zdanie drugie, w art. 156 ust. 2, w art. 161 ust. 3-3c, art. 166.<\/p>\n<p>W ustawie z dnia 15 lutego 1992 r. o podatku dochodowym od os\u00f3b prawnych\u00a0(Dz. U. z 2014 r. poz. 851 i 915) w art. 6 w ust. 1 dodaje si\u0119 pkt 16,\u00a0w art. 17 uchyla si\u0119 pkt 4p.<\/p>\n<p>W ustawie z dnia 5 grudnia 1996 r. o zawodach lekarza i lekarza dentysty\u00a0(Dz. U. z 2011 r. Nr 277, poz. 1634, z p\u00f3\u017an. zm.) zmianie ulegnie brzmienie art. 42.<\/p>\n<p>W ustawie z dnia 24 kwietnia 2003 r. o dzia\u0142alno\u015bci po\u017cytku publicznego i o wolontariacie (Dz. U. z 2014 r. poz. 1118) w art. 35 w ust. 2 uchyla si\u0119 pkt 7.<\/p>\n<p>W ustawie z dnia 2 lipca 2004 r. o swobodzie dzia\u0142alno\u015bci gospodarczej\u00a0(Dz. U. z 2013 r. poz. 672, z p\u00f3\u017an. zm.) po art. 84aa dodaje si\u0119 art. 84ab.<\/p>\n<p>W ustawie z dnia 5 grudnia 2008 r. o zapobieganiu oraz zwalczaniu zaka\u017ce\u0144 i chor\u00f3b zaka\u017anych u ludzi (Dz. U. z 2013 r. poz. 947 oraz z 2014 r. poz. 619) zmianie ulegnie brzmienie art. 41 ust. 3.<\/p>\n<p>W ustawie z dnia 20 maja 2010 r. o wyrobach medycznych (Dz. U. Nr 107, poz. 679\u00a0oraz z 2011 r. Nr 102, poz. 586 i Nr 113, poz. 657) zmianie ulegnie brzmienie\u00a0art. 15 ust. 2, art. 68 ust. 2 pkt 13.<\/p>\n<p>W ustawie z dnia 15 kwietnia 2011 r. o dzia\u0142alno\u015bci leczniczej (Dz. U. z 2013 r. poz. 217, z p\u00f3\u017an. zm.) zmianie ulegnie brzmienie art. 26 ust. 4, art. 114 ust. 1 pkt 1.<\/p>\n<p>W ustawie z dnia 28 kwietnia 2011 r. o systemie informacji w ochronie zdrowia\u00a0(Dz. U. Nr 113, poz. 657, z p\u00f3\u017an. zm.) zmianie ulegnie brzmienie art. 12, art. 27 ust. 1.<\/p>\n<p>W ustawie z dnia 12 maja 2011 r. o refundacji lek\u00f3w, \u015brodk\u00f3w spo\u017cywczych specjalnego przeznaczenia \u017cywieniowego oraz wyrob\u00f3w medycznych (Dz. U. Nr 122, poz. 696,\u00a0z p\u00f3\u017an. zm.) zmianie ulegnie brzmienie art. 2 pkt 1.<\/p>\n<p><strong>\u00a0<\/strong><\/p>\n<p><strong>U<\/strong><strong>stawa<\/strong> z dnia 25 lipca 2014 r. o zmianie ustawy o rencie socjalnej i ustawy\u00a0o \u015bwiadczeniach opieki zdrowotnej finansowanych ze \u015brodk\u00f3w publicznych\u00a0(Dz. U. z 2014 r., poz. 1175) <strong>\u2013 wejdzie w \u017cycie z dniem 18 wrze\u015bnia 2014 r.<\/strong><\/p>\n<p>W ustawie z dnia 27 czerwca 2003 r. o rencie socjalnej (Dz. U. z 2013 r. poz. 982 i 1650) zmianie ulegnie brzmienie art. 2, art. 10 ust. 6, art., 12c ust. 1, dodaje si\u0119\u00a0w art. 10 ust. 5a i 5b.<\/p>\n<p>W ustawie z dnia 27 sierpnia 2004 r. o \u015bwiadczeniach opieki zdrowotnej finansowanych ze \u015brodk\u00f3w publicznych (Dz. U. z 2008 r. Nr 164, poz. 1027, z p\u00f3\u017an. zm.)\u00a0zmianie ulegnie brzmienie art. 72 ust. 2. <\/p>\n<p><strong>\u00a0<\/strong><\/p>\n<p><strong>KRAJOWY REJESTR S\u0104DOWY<\/strong><\/p>\n<p><strong>Ustawa<\/strong> z dnia 26 czerwca 2014 r. o zmianie ustawy o Krajowym Rejestrze S\u0105dowym oraz o zmianie niekt\u00f3rych innych ustaw (Dz. U. z 2014 r., poz. 1161)<strong>\u2013 wejdzie w \u017cycie z dniem 1 grudnia 2014 r.<\/strong><\/p>\n<p>W ustawie z dnia 20 sierpnia 1997 r. o Krajowym Rejestrze S\u0105dowym (Dz. U. z 2013 r. poz. 1203) zmianie ulegnie brzmienie art. 2 ust. 1, art. 4 ust. 2 pkt 3, ust. 4b pkt 2 i 3, art. 6 pkt 5, art. 19b, art. 20 ust. 1, art. 22a ust. 1 pkt 2 i 3, art. 23 ust. 2,\u00a0art. 34 ust. 1 pkt 4, art. 35 pkt 2, art. 38 pkt 1 lit. h, pkt 3, art. 40 pkt 1,\u00a0dodaje si\u0119 w art. 2 ust. 1a-1e, w art. 35 pkt 3, art. 35a, uchyla si\u0119 w art. 19a ust. 3 i 3a, w art. 20 ust. 2 dodaje si\u0119 zdanie drugie, art. 48, art. 54, w art. 60 ust. 2.<\/p>\n<p>W ustawie z dnia 17 listopada 1964 r. &#8211; Kodeks post\u0119powania cywilnego\u00a0(Dz. U. z 2014 r. poz. 101, z p\u00f3\u017an. zm.) zmianie ulegnie brzmienie art. 6955 \u00a71.<\/p>\n<p>W ustawie z dnia 29 czerwca 1995 r. o statystyce publicznej (Dz. U. z 2012 r. poz. 591 oraz z 2013 r. poz. 2) zmianie ulegnie brzmienie art. 42 ust. 6, ust. 8,\u00a0art. 45 ust. 1 zdanie pierwsze, ust. 3, art. 45a, art. 46, dodaje si\u0119 w art. 42 ust. 3a,\u00a0ust. 6a i 6b, w ust. 10 zdanie drugie, ust. 11-14, w art. 44 ust. 1a, uchyla si\u0119 w art. 42 ust. 7 pkt 2.<\/p>\n<p>W ustawie z dnia 13 pa\u017adziernika 1995 r. o zasadach ewidencji i identyfikacji podatnik\u00f3w i p\u0142atnik\u00f3w (Dz. U. z 2012 r. poz. 1314 oraz z 2013 r. poz. 2) zmianie ulegnie brzmienie art. 5 ust. 3, ust. 5, ust. 6, art. 5a ust. 1, art. 8b ust. 3, art. 8d, art. 14 ust. 1,\u00a0ust. 3, ust. 8b, art. 15 ust. 1, dodaje si\u0119 w art. 5 ust. 2b i 2c, w art. 8c ust. 2a, ust. 4,\u00a0w art. 9 w ust. 1 dodaje si\u0119 zdanie drugie, w art. 10a ust. 1a i 1b, w art. 14 ust. 2 pkt 3, ust. 3a i 3b, w art. 15 ust. 1b, ust. 2b i 2c, dotychczasow\u0105 tre\u015b\u0107 art. 8a oznacza si\u0119 jako ust. 1 i dodaje si\u0119 ust. 2-5, uchyla si\u0119 w art. 13 ust. 1, art. 14b.<\/p>\n<p>W ustawie z dnia 13 pa\u017adziernika 1998 r. o systemie ubezpiecze\u0144 spo\u0142ecznych\u00a0(Dz. U. z 2013 r. poz. 1442, z p\u00f3\u017an. zm.) zmianie ulegnie brzmienie art. 43 ust. 1,\u00a0art. 44, dodaje si\u0119 w art. 43 ust. 5b-5d.<\/p>\n<p>W ustawie z dnia 15 wrze\u015bnia 2000 r. &#8211; Kodeks sp\u00f3\u0142ek handlowych\u00a0(Dz. U. z 2013 r. poz. 1030 oraz z 2014 r. poz. 265) uchyla si\u0119 art. 171 i art. 324.<\/p>\n<p><strong>\u00a0<\/strong><\/p>\n<p><strong>PRAWO PRACY<\/strong><\/p>\n<p><strong>Rozporz\u0105dzenie<\/strong> Ministra Pracy I Polityki Spo\u0142ecznej\u00a0z dnia 7 sierpnia 2014 r. w sprawie klasyfikacji zawod\u00f3w i specjalno\u015bci na potrzeby rynku pracy oraz zakresu jej stosowania (Dz. U. z 2014 r., poz. 1145) <strong>\u2013 wejdzie w \u017cycie z dniem 1 stycznia 2015 r.<\/strong><\/p>\n<p><strong>\u00a0<\/strong><\/p>\n<p><strong>PRAWO ADMINISTRACYJNE<\/strong><\/p>\n<p><strong>Rozporz\u0105dzenie<\/strong> Ministra Administracji I Cyfryzacji\u00a0z dnia 21 sierpnia 2014 r.\u00a0w sprawie wymaga\u0144 funkcjonalnych dla systemu teleinformatycznego\u00a0i interfejsu komunikacyjnego oraz warunk\u00f3w wsp\u00f3\u0142pracy systemu powiadamiania ratunkowego z Policj\u0105, Pa\u0144stwow\u0105 Stra\u017c\u0105 Po\u017carn\u0105 oraz dysponentami zespo\u0142\u00f3w ratownictwa medycznego (Dz. U. z 2014 r. poz. 1159) <strong>\u2013 wejdzie w \u017cycie z dniem 16 wrze\u015bnia 2014 r. z wyj\u0105tkiem \u00a7 2 pkt 17, \u00a7 3 pkt 3, 8 i 10, \u00a7 4 i \u00a7 5\u00a0w zakresie odnosz\u0105cym si\u0119 do Systemu Wspomagania Dowodzenia Pa\u0144stwowego Ratownictwa Medycznego oraz \u00a76, kt\u00f3re wchodz\u0105\u00a0w \u017cycie z dniem 1 stycznia 20<\/strong><strong>15 r.<\/strong><\/p>\n<p><strong>\u00a0<\/strong><\/p>\n<p><strong>PRAWO PODATKOWE<\/strong><\/p>\n<p><strong>Ustawa <\/strong>z dnia 25 lipca 2014 r. o zmianie ustawy o podatku od towar\u00f3w i us\u0142ug\u00a0oraz ustawy &#8211; Ordynacja podatkowa (Dz. U. z 2014 r., poz. 1171) <br \/><strong>\u2013 wejdzie w \u017cycie z dniem 1 stycznia 2015 r., z wyj\u0105tkiem art. 1 pkt 1 lit. a, kt\u00f3ry wchodzi w \u017cycie z dniem og\u0142oszenia, z moc\u0105 od dnia 1 stycznia 2014 r., art. 3 i art. 4, kt\u00f3re wchodz\u0105 w \u017cycie z dniem 1 pa\u017adziernika 2014 r.<\/strong><\/p>\n<p>W ustawie z dnia 11 marca 2004 r. o podatku od towar\u00f3w i us\u0142ug\u00a0(Dz. U. z 2011 r. Nr 177, poz. 1054, z p\u00f3\u017an. zm.) zmianie ulegnie brzmienie <br \/> art. 2 pkt 3 lit b tiret czwarte, pkt 26, art. 3 ust. 3 pkt 2, ust. 4, 9a w ust. 5, pkt 4 lit. b tiret pierwsze, art. 28k, art. 29a ust. 15 pkt 3, art. 41 ust. 14 e pkt 2, art. 89 ust. 5 pkt 1, pkt 7,\u00a0 art. 99 ust. 1, art. 109 ust. 3, art. 112, w dziale XII tytu\u0142 rozdzia\u0142u 7, art. 131 pkt 4, art. 132 ust. 1, ust. 3-5, 6 i 7, art. 133 ust. 1 i 2,\u00a0ust. 4 pkt 2 lit. a-c, ust. 5 i 6, ust. 8, art. 134 ust. 1, ust. 3, dodaje si\u0119 w art. 2 pkt 5a, pkt 25a i 25b, w art. 3 ust. 3 pkt 3, w art. 89 ust. 1 pkt 4, ust. 1m, w dziale XII rozdzia\u0142 6a, w art. 131 pkt 6, w art. 132 ust. 5a, w art. 133 ust. 2a, uchyla si\u0119 w art. 28l <br \/> pkt 8-10, art. 28m, w art. 131 pkt 3, pkt 5, w art. 132 pkt 2, w art. 133 ust. 3, ust. 7.<\/p>\n<p>W ustawie z dnia 29 sierpnia 1997 r. &#8211; Ordynacja podatkowa (Dz. U. z 2012 r. poz. 749, z p\u00f3\u017an. zm.) zmianie ulegnie brzmienie art. 12 \u00a75, art. 81 \u00a72, art. 86 \u00a71, dodaje si\u0119 w\u00a0art. 81 \u00a73, w art. 137 \u00a71b. <\/p>\n<p><strong>\u00a0<\/strong><\/p>\n<p><strong>SYSTEM O\u015aWIATY<\/strong><\/p>\n<p><strong>Rozporz\u0105dzenie<\/strong> Ministra Edukacji Narodowej\u00a0z dnia 29 sierpnia 2014 r.\u00a0w sprawie sposobu prowadzenia przez publiczne przedszkola, szko\u0142y i plac\u00f3wki dokumentacji przebiegu nauczania, dzia\u0142alno\u015bci wychowawczej i opieku\u0144czej\u00a0oraz rodzaj\u00f3w tej dokumentacji (Dz. U. z 2014 r., poz. 1170) <strong>\u2013 wesz\u0142o w \u017cycie z dniem 3 wrze\u015bnia 2014 r.<\/strong><\/p>\n<p><strong>\u00a0<\/strong><\/p>\n<p><strong>OCHRONA \u015aRODOWISKA<\/strong><\/p>\n<p><strong>Rozporz\u0105dzenie<\/strong> Ministra \u015arodowiska z dnia 27 sierpnia 2014 r. w sprawie rodzaj\u00f3w instalacji mog\u0105cych powodowa\u0107 znaczne zanieczyszczenie poszczeg\u00f3lnych element\u00f3w przyrodniczych albo \u015brodowiska jako ca\u0142o\u015bci (Dz. U. z 2014 r., poz. 1169)\u00a0&#8211;<strong> wesz\u0142o w \u017cycie 5 wrze\u015bnia 2014 r.<\/strong><\/p>\n<p>\u00a0<\/p>\n<h3 class=\"newsletter-naglowek\">Orzecznictwo<\/h3>\n<p><strong>S\u0105d Najwy\u017cszy<\/strong><\/p>\n<p><strong>WA\u017bNO\u015a\u0106 WYBOR\u00d3W DO PARLAMENTU EUROPEJSKIEGO<\/strong><\/p>\n<p>S\u0105d Najwy\u017cszy po rozpoznaniu na posiedzeniu jawnym w Izbie Pracy, Ubezpiecze\u0144 Spo\u0142ecznych i Spraw Publicznych w dniu 7 sierpnia 2014 r. sprawy o stwierdzenie wa\u017cno\u015bci wybor\u00f3w pos\u0142\u00f3w do Parlamentu Europejskiego przeprowadzonych\u00a0w dniu 25 maja 2014 r., po rozwa\u017ceniu sprawozdania Pa\u0144stwowej Komisji Wyborczej\u00a0i opinii wydanych w wyniku rozpoznania protest\u00f3w, przy uwzgl\u0119dnieniu obwieszczenia Pa\u0144stwowej Komisji Wyborczej z dnia 26 maja 2014 r. o wynikach wybor\u00f3w pos\u0142\u00f3w\u00a0do Parlamentu Europejskiego przeprowadzonych w dniu 25 maja 2014 r. <br \/> (Dz. U. poz. 692) oraz bior\u0105c pod uwag\u0119 wnioski Prokuratora Generalnego\u00a0i Przewodnicz\u0105cego Pa\u0144stwowej Komisji Wyborczej, na podstawie art. 244 \u00a7 1 i 2\u00a0w zwi\u0105zku z art. 336 ustawy z dnia 5 stycznia 2011 r. &#8211; Kodeks wyborczy (Dz. U. Nr 21, poz. 112, z p\u00f3\u017an. zm.) stwierdza wa\u017cno\u015b\u0107 wybor\u00f3w do Parlamentu Europejskiego przeprowadzonych w dniu 25 maja 2014 r. <strong>\u2013 Uchwa\u0142a sk\u0142adu Ca\u0142ej Izby Pracy, Ubezpiecze\u0144 Spo\u0142ecznych i Spraw Publicznych S\u0105du Najwy\u017cszego\u00a0z dnia 7 sierpnia 2014 r.<\/strong><\/p>\n","protected":false},"excerpt":{"rendered":"<p>We would like to present the next issue of legal bulletin of the Law Office of Adam Polowiec.What you will find here is some information about the new provisions of law and the projects of amendments to acts, but also case-laws including the case laws of Supreme Court, Constitutional Tribunal and European Court of Justice.<\/p>\n","protected":false},"author":2,"featured_media":0,"comment_status":"closed","ping_status":"open","sticky":false,"template":"","format":"standard","meta":{"footnotes":""},"categories":[11],"tags":[],"class_list":["post-532","post","type-post","status-publish","format-standard","hentry","category-newsletters"],"featured_image_src":{"landsacpe":false,"list":false,"medium":false,"full":false},"yoast_head":"<!-- This site is optimized with the Yoast SEO plugin v27.2 - https:\/\/yoast.com\/product\/yoast-seo-wordpress\/ -->\n<title>Legal Bulletin Of The Law Office Of Adam Polowiec (1 - 7 September 2014) - Polowiec i Wsp\u00f3lnicy - Kancelaria prawna<\/title>\n<meta name=\"robots\" content=\"index, follow, max-snippet:-1, max-image-preview:large, max-video-preview:-1\" \/>\n<link rel=\"canonical\" href=\"https:\/\/polowiec.pl\/en\/legal-bulletin-of-the-law-office-of-adam-polowiec-1-7-september-2014\/\" \/>\n<meta property=\"og:locale\" content=\"en_US\" \/>\n<meta property=\"og:type\" content=\"article\" \/>\n<meta property=\"og:title\" content=\"Legal Bulletin Of The Law Office Of Adam Polowiec (1 - 7 September 2014) - Polowiec i Wsp\u00f3lnicy - Kancelaria prawna\" \/>\n<meta property=\"og:description\" content=\"We would like to present the next issue of legal bulletin of the Law Office of Adam Polowiec.What you will find here is some information about the new provisions of law and the projects of amendments to acts, but also case-laws including the case laws of Supreme Court, Constitutional Tribunal and European Court of Justice.\" \/>\n<meta property=\"og:url\" content=\"https:\/\/polowiec.pl\/en\/legal-bulletin-of-the-law-office-of-adam-polowiec-1-7-september-2014\/\" \/>\n<meta property=\"og:site_name\" content=\"Polowiec i Wsp\u00f3lnicy - Kancelaria prawna\" \/>\n<meta property=\"article:publisher\" content=\"https:\/\/www.facebook.com\/polowieciwspolnicy\/\" \/>\n<meta property=\"article:published_time\" content=\"2014-09-08T08:11:39+00:00\" \/>\n<meta property=\"article:modified_time\" content=\"2018-10-11T08:42:56+00:00\" \/>\n<meta name=\"author\" content=\"Super User\" \/>\n<meta name=\"twitter:card\" content=\"summary_large_image\" \/>\n<meta name=\"twitter:label1\" content=\"Written by\" \/>\n\t<meta name=\"twitter:data1\" content=\"Super User\" \/>\n\t<meta name=\"twitter:label2\" content=\"Est. reading time\" \/>\n\t<meta name=\"twitter:data2\" content=\"10 minutes\" \/>\n<script type=\"application\/ld+json\" class=\"yoast-schema-graph\">{\"@context\":\"https:\/\/schema.org\",\"@graph\":[{\"@type\":\"Article\",\"@id\":\"https:\/\/polowiec.pl\/en\/legal-bulletin-of-the-law-office-of-adam-polowiec-1-7-september-2014\/#article\",\"isPartOf\":{\"@id\":\"https:\/\/polowiec.pl\/en\/legal-bulletin-of-the-law-office-of-adam-polowiec-1-7-september-2014\/\"},\"author\":{\"name\":\"Super User\",\"@id\":\"https:\/\/polowiec.pl\/en\/#\/schema\/person\/ed8994874b775675a86115f307352d24\"},\"headline\":\"Legal Bulletin Of The Law Office Of Adam Polowiec (1 &#8211; 7 September 2014)\",\"datePublished\":\"2014-09-08T08:11:39+00:00\",\"dateModified\":\"2018-10-11T08:42:56+00:00\",\"mainEntityOfPage\":{\"@id\":\"https:\/\/polowiec.pl\/en\/legal-bulletin-of-the-law-office-of-adam-polowiec-1-7-september-2014\/\"},\"wordCount\":1947,\"publisher\":{\"@id\":\"https:\/\/polowiec.pl\/en\/#organization\"},\"articleSection\":[\"Newsletter\"],\"inLanguage\":\"en-US\"},{\"@type\":\"WebPage\",\"@id\":\"https:\/\/polowiec.pl\/en\/legal-bulletin-of-the-law-office-of-adam-polowiec-1-7-september-2014\/\",\"url\":\"https:\/\/polowiec.pl\/en\/legal-bulletin-of-the-law-office-of-adam-polowiec-1-7-september-2014\/\",\"name\":\"Legal Bulletin Of The Law Office Of Adam Polowiec (1 - 7 September 2014) - Polowiec i Wsp\u00f3lnicy - Kancelaria prawna\",\"isPartOf\":{\"@id\":\"https:\/\/polowiec.pl\/en\/#website\"},\"datePublished\":\"2014-09-08T08:11:39+00:00\",\"dateModified\":\"2018-10-11T08:42:56+00:00\",\"breadcrumb\":{\"@id\":\"https:\/\/polowiec.pl\/en\/legal-bulletin-of-the-law-office-of-adam-polowiec-1-7-september-2014\/#breadcrumb\"},\"inLanguage\":\"en-US\",\"potentialAction\":[{\"@type\":\"ReadAction\",\"target\":[\"https:\/\/polowiec.pl\/en\/legal-bulletin-of-the-law-office-of-adam-polowiec-1-7-september-2014\/\"]}]},{\"@type\":\"BreadcrumbList\",\"@id\":\"https:\/\/polowiec.pl\/en\/legal-bulletin-of-the-law-office-of-adam-polowiec-1-7-september-2014\/#breadcrumb\",\"itemListElement\":[{\"@type\":\"ListItem\",\"position\":1,\"name\":\"Strona g\u0142\u00f3wna\",\"item\":\"https:\/\/polowiec.pl\/en\/\"},{\"@type\":\"ListItem\",\"position\":2,\"name\":\"Legal Bulletin Of The Law Office Of Adam Polowiec (1 &#8211; 7 September 2014)\"}]},{\"@type\":\"WebSite\",\"@id\":\"https:\/\/polowiec.pl\/en\/#website\",\"url\":\"https:\/\/polowiec.pl\/en\/\",\"name\":\"Polowiec i Wsp\u00f3lnicy - Kancelaria prawna\",\"description\":\"Obs\u0142uga prawna\",\"publisher\":{\"@id\":\"https:\/\/polowiec.pl\/en\/#organization\"},\"potentialAction\":[{\"@type\":\"SearchAction\",\"target\":{\"@type\":\"EntryPoint\",\"urlTemplate\":\"https:\/\/polowiec.pl\/en\/?s={search_term_string}\"},\"query-input\":{\"@type\":\"PropertyValueSpecification\",\"valueRequired\":true,\"valueName\":\"search_term_string\"}}],\"inLanguage\":\"en-US\"},{\"@type\":\"Organization\",\"@id\":\"https:\/\/polowiec.pl\/en\/#organization\",\"name\":\"Polowiec i Wsp\u00f3lnicy - Kancelaria prawna\",\"url\":\"https:\/\/polowiec.pl\/en\/\",\"logo\":{\"@type\":\"ImageObject\",\"inLanguage\":\"en-US\",\"@id\":\"https:\/\/polowiec.pl\/en\/#\/schema\/logo\/image\/\",\"url\":\"https:\/\/polowiec.pl\/wp-content\/uploads\/2018\/10\/polowiec_logo2-1.png\",\"contentUrl\":\"https:\/\/polowiec.pl\/wp-content\/uploads\/2018\/10\/polowiec_logo2-1.png\",\"width\":540,\"height\":381,\"caption\":\"Polowiec i Wsp\u00f3lnicy - Kancelaria prawna\"},\"image\":{\"@id\":\"https:\/\/polowiec.pl\/en\/#\/schema\/logo\/image\/\"},\"sameAs\":[\"https:\/\/www.facebook.com\/polowieciwspolnicy\/\",\"https:\/\/www.linkedin.com\/company\/polowiec-i-wsplnicy-sp.j.\/about\/\"]},{\"@type\":\"Person\",\"@id\":\"https:\/\/polowiec.pl\/en\/#\/schema\/person\/ed8994874b775675a86115f307352d24\",\"name\":\"Super User\",\"image\":{\"@type\":\"ImageObject\",\"inLanguage\":\"en-US\",\"@id\":\"https:\/\/secure.gravatar.com\/avatar\/e759b874f0fa459bd87c83ff47148fc5718f86d9459564657124e571997afbf7?s=96&d=mm&r=g\",\"url\":\"https:\/\/secure.gravatar.com\/avatar\/e759b874f0fa459bd87c83ff47148fc5718f86d9459564657124e571997afbf7?s=96&d=mm&r=g\",\"contentUrl\":\"https:\/\/secure.gravatar.com\/avatar\/e759b874f0fa459bd87c83ff47148fc5718f86d9459564657124e571997afbf7?s=96&d=mm&r=g\",\"caption\":\"Super User\"}}]}<\/script>\n<!-- \/ Yoast SEO plugin. -->","yoast_head_json":{"title":"Legal Bulletin Of The Law Office Of Adam Polowiec (1 - 7 September 2014) - Polowiec i Wsp\u00f3lnicy - Kancelaria prawna","robots":{"index":"index","follow":"follow","max-snippet":"max-snippet:-1","max-image-preview":"max-image-preview:large","max-video-preview":"max-video-preview:-1"},"canonical":"https:\/\/polowiec.pl\/en\/legal-bulletin-of-the-law-office-of-adam-polowiec-1-7-september-2014\/","og_locale":"en_US","og_type":"article","og_title":"Legal Bulletin Of The Law Office Of Adam Polowiec (1 - 7 September 2014) - Polowiec i Wsp\u00f3lnicy - Kancelaria prawna","og_description":"We would like to present the next issue of legal bulletin of the Law Office of Adam Polowiec.What you will find here is some information about the new provisions of law and the projects of amendments to acts, but also case-laws including the case laws of Supreme Court, Constitutional Tribunal and European Court of Justice.","og_url":"https:\/\/polowiec.pl\/en\/legal-bulletin-of-the-law-office-of-adam-polowiec-1-7-september-2014\/","og_site_name":"Polowiec i Wsp\u00f3lnicy - Kancelaria prawna","article_publisher":"https:\/\/www.facebook.com\/polowieciwspolnicy\/","article_published_time":"2014-09-08T08:11:39+00:00","article_modified_time":"2018-10-11T08:42:56+00:00","author":"Super User","twitter_card":"summary_large_image","twitter_misc":{"Written by":"Super User","Est. reading time":"10 minutes"},"schema":{"@context":"https:\/\/schema.org","@graph":[{"@type":"Article","@id":"https:\/\/polowiec.pl\/en\/legal-bulletin-of-the-law-office-of-adam-polowiec-1-7-september-2014\/#article","isPartOf":{"@id":"https:\/\/polowiec.pl\/en\/legal-bulletin-of-the-law-office-of-adam-polowiec-1-7-september-2014\/"},"author":{"name":"Super User","@id":"https:\/\/polowiec.pl\/en\/#\/schema\/person\/ed8994874b775675a86115f307352d24"},"headline":"Legal Bulletin Of The Law Office Of Adam Polowiec (1 &#8211; 7 September 2014)","datePublished":"2014-09-08T08:11:39+00:00","dateModified":"2018-10-11T08:42:56+00:00","mainEntityOfPage":{"@id":"https:\/\/polowiec.pl\/en\/legal-bulletin-of-the-law-office-of-adam-polowiec-1-7-september-2014\/"},"wordCount":1947,"publisher":{"@id":"https:\/\/polowiec.pl\/en\/#organization"},"articleSection":["Newsletter"],"inLanguage":"en-US"},{"@type":"WebPage","@id":"https:\/\/polowiec.pl\/en\/legal-bulletin-of-the-law-office-of-adam-polowiec-1-7-september-2014\/","url":"https:\/\/polowiec.pl\/en\/legal-bulletin-of-the-law-office-of-adam-polowiec-1-7-september-2014\/","name":"Legal Bulletin Of The Law Office Of Adam Polowiec (1 - 7 September 2014) - Polowiec i Wsp\u00f3lnicy - Kancelaria prawna","isPartOf":{"@id":"https:\/\/polowiec.pl\/en\/#website"},"datePublished":"2014-09-08T08:11:39+00:00","dateModified":"2018-10-11T08:42:56+00:00","breadcrumb":{"@id":"https:\/\/polowiec.pl\/en\/legal-bulletin-of-the-law-office-of-adam-polowiec-1-7-september-2014\/#breadcrumb"},"inLanguage":"en-US","potentialAction":[{"@type":"ReadAction","target":["https:\/\/polowiec.pl\/en\/legal-bulletin-of-the-law-office-of-adam-polowiec-1-7-september-2014\/"]}]},{"@type":"BreadcrumbList","@id":"https:\/\/polowiec.pl\/en\/legal-bulletin-of-the-law-office-of-adam-polowiec-1-7-september-2014\/#breadcrumb","itemListElement":[{"@type":"ListItem","position":1,"name":"Strona g\u0142\u00f3wna","item":"https:\/\/polowiec.pl\/en\/"},{"@type":"ListItem","position":2,"name":"Legal Bulletin Of The Law Office Of Adam Polowiec (1 &#8211; 7 September 2014)"}]},{"@type":"WebSite","@id":"https:\/\/polowiec.pl\/en\/#website","url":"https:\/\/polowiec.pl\/en\/","name":"Polowiec i Wsp\u00f3lnicy - Kancelaria prawna","description":"Obs\u0142uga prawna","publisher":{"@id":"https:\/\/polowiec.pl\/en\/#organization"},"potentialAction":[{"@type":"SearchAction","target":{"@type":"EntryPoint","urlTemplate":"https:\/\/polowiec.pl\/en\/?s={search_term_string}"},"query-input":{"@type":"PropertyValueSpecification","valueRequired":true,"valueName":"search_term_string"}}],"inLanguage":"en-US"},{"@type":"Organization","@id":"https:\/\/polowiec.pl\/en\/#organization","name":"Polowiec i Wsp\u00f3lnicy - Kancelaria prawna","url":"https:\/\/polowiec.pl\/en\/","logo":{"@type":"ImageObject","inLanguage":"en-US","@id":"https:\/\/polowiec.pl\/en\/#\/schema\/logo\/image\/","url":"https:\/\/polowiec.pl\/wp-content\/uploads\/2018\/10\/polowiec_logo2-1.png","contentUrl":"https:\/\/polowiec.pl\/wp-content\/uploads\/2018\/10\/polowiec_logo2-1.png","width":540,"height":381,"caption":"Polowiec i Wsp\u00f3lnicy - Kancelaria prawna"},"image":{"@id":"https:\/\/polowiec.pl\/en\/#\/schema\/logo\/image\/"},"sameAs":["https:\/\/www.facebook.com\/polowieciwspolnicy\/","https:\/\/www.linkedin.com\/company\/polowiec-i-wsplnicy-sp.j.\/about\/"]},{"@type":"Person","@id":"https:\/\/polowiec.pl\/en\/#\/schema\/person\/ed8994874b775675a86115f307352d24","name":"Super User","image":{"@type":"ImageObject","inLanguage":"en-US","@id":"https:\/\/secure.gravatar.com\/avatar\/e759b874f0fa459bd87c83ff47148fc5718f86d9459564657124e571997afbf7?s=96&d=mm&r=g","url":"https:\/\/secure.gravatar.com\/avatar\/e759b874f0fa459bd87c83ff47148fc5718f86d9459564657124e571997afbf7?s=96&d=mm&r=g","contentUrl":"https:\/\/secure.gravatar.com\/avatar\/e759b874f0fa459bd87c83ff47148fc5718f86d9459564657124e571997afbf7?s=96&d=mm&r=g","caption":"Super User"}}]}},"_links":{"self":[{"href":"https:\/\/polowiec.pl\/en\/wp-json\/wp\/v2\/posts\/532","targetHints":{"allow":["GET"]}}],"collection":[{"href":"https:\/\/polowiec.pl\/en\/wp-json\/wp\/v2\/posts"}],"about":[{"href":"https:\/\/polowiec.pl\/en\/wp-json\/wp\/v2\/types\/post"}],"author":[{"embeddable":true,"href":"https:\/\/polowiec.pl\/en\/wp-json\/wp\/v2\/users\/2"}],"replies":[{"embeddable":true,"href":"https:\/\/polowiec.pl\/en\/wp-json\/wp\/v2\/comments?post=532"}],"version-history":[{"count":0,"href":"https:\/\/polowiec.pl\/en\/wp-json\/wp\/v2\/posts\/532\/revisions"}],"wp:attachment":[{"href":"https:\/\/polowiec.pl\/en\/wp-json\/wp\/v2\/media?parent=532"}],"wp:term":[{"taxonomy":"category","embeddable":true,"href":"https:\/\/polowiec.pl\/en\/wp-json\/wp\/v2\/categories?post=532"},{"taxonomy":"post_tag","embeddable":true,"href":"https:\/\/polowiec.pl\/en\/wp-json\/wp\/v2\/tags?post=532"}],"curies":[{"name":"wp","href":"https:\/\/api.w.org\/{rel}","templated":true}]}}