{"id":540,"date":"2014-11-02T12:04:22","date_gmt":"2014-11-02T11:04:22","guid":{"rendered":"https:\/\/nowa.polowiec.pl\/legal-bulletin-of-the-law-office-of-adam-polowiec-27-october-2-november-2014\/"},"modified":"2018-10-11T10:42:56","modified_gmt":"2018-10-11T08:42:56","slug":"legal-bulletin-of-the-law-office-of-adam-polowiec-27-october-2-november-2014","status":"publish","type":"post","link":"https:\/\/polowiec.pl\/en\/legal-bulletin-of-the-law-office-of-adam-polowiec-27-october-2-november-2014\/","title":{"rendered":"Legal Bulletin Of The Law Office Of Adam Polowiec (27 October &#8211; 2 November 2014)"},"content":{"rendered":"<p>We would like to present the next issue of legal bulletin of the Law Office of Adam Polowiec.<br \/>What you will find here is some information about the new provisions of law and the projects of amendments to acts, but also case-laws including the case laws of Supreme Court, Constitutional Tribunal and European Court of Justice. <!--more--> <\/p>\n<h3 class=\"newsletter-naglowek\">Nowe Prawo<\/h3>\n<p><strong>PODATKI I RACHUNKOWO\u015a\u0106<\/strong><\/p>\n<p><strong>Ustawa<\/strong> z dnia 21 pa\u017adziernika 2014 r. zmieniaj\u0105ca ustaw\u0119 o zmianie ustawy o podatku dochodowym od os\u00f3b prawnych, ustawy o podatku dochodowym od os\u00f3b fizycznych oraz\u00a0niekt\u00f3rych innych ustaw (Dz. U. 2014 r., poz. 1478) <strong>\u2013 wesz\u0142a w \u017cycie z dniem 30\u00a0pa\u017adziernika 2014 r. <\/strong><\/p>\n<p>W ustawie z dnia 29 sierpnia 2014 r. o zmianie ustawy o podatku dochodowym od os\u00f3b prawnych, ustawy o podatku dochodowym od os\u00f3b fizycznych oraz niekt\u00f3rych innych ustaw (Dz. U. poz. 1328) zmianie uleg\u0142o brzmienie art. 9, w art. 17 uchylono pkt 1.<\/p>\n<p><strong>Rozporz\u0105dzenie<\/strong> Ministra Finans\u00f3w z dnia 9 pa\u017adziernika 2014 r. zmieniaj\u0105ce rozporz\u0105dzenie w sprawie zwolnie\u0144 wyrob\u00f3w akcyzowych z obowi\u0105zku oznaczania znakami akcyzy (Dz. U. z 2014 r., poz. 1445) <strong>\u2013 wejdzie w \u017cycie z dniem 8 listopada 2014 r. <\/strong><\/p>\n<p>W rozporz\u0105dzeniu Ministra Finans\u00f3w z dnia 20 sierpnia 2010 r. w sprawie zwolnie\u0144 wyrob\u00f3w akcyzowych z obowi\u0105zku oznaczania znakami akcyzy (Dz. U. z 2014 r. poz.\u00a0733) zmianie ulegnie brzmienie \u00a72, \u00a73 ust. 1, dodany zostanie \u00a72a.<\/p>\n<p><strong>\u00a0<\/strong><\/p>\n<p><strong>PRAWO PRACY I UBEZPIECZE\u0143 SPO\u0141ECZNYCH<\/strong><\/p>\n<p><strong>Ustawa <\/strong>z dnia 29 sierpnia 2014 r. o zmianie ustawy o rehabilitacji zawodowej i\u00a0spo\u0142ecznej oraz zatrudnianiu os\u00f3b niepe\u0142nosprawnych oraz niekt\u00f3rych innych ustaw (Dz.\u00a0U. z 2014 r., poz. 1457) <strong>\u2013 wejdzie w \u017cycie z dniem 1 sierpnia 2014 r.<\/strong><\/p>\n<p>W ustawie z dnia 27 sierpnia 1997 r. o rehabilitacji zawodowej i spo\u0142ecznej oraz\u00a0zatrudnianiu os\u00f3b niepe\u0142nosprawnych (Dz. U. z 2011 r. Nr 127, poz. 721, z p\u00f3\u017an. zm.) zmianie ulegnie brzmienie art. 45 ust. 1, dodany zostanie ust. 2a.<\/p>\n<p>W ustawie z dnia 15 lutego 1992 r. o podatku dochodowym od os\u00f3b prawnych (Dz.\u00a0U.\u00a0z\u00a02014 r. poz. 851, z p\u00f3\u017an. zm.) w art. 17 w ust. 1 dodany zostanie pkt 4pa.<\/p>\n<p>W ustawie z dnia 27 sierpnia 2009 r. &#8211; Przepisy wprowadzaj\u0105ce ustaw\u0119 o finansach publicznych (Dz. U. Nr 157, poz. 1241, z p\u00f3\u017an. zm.) uchylony zostanie art. 33, w art. 91 pkt 1, art. 98, w art. 119 ust. 4, w art. 123 pkt 6. <\/p>\n<p><strong>Rozporz\u0105dzenie<\/strong> Ministra Zdrowia\u00a0z dnia 17 pa\u017adziernika 2014 r. w sprawie system\u00f3w wymiany informacji w zakresie dotycz\u0105cym zada\u0144 Pa\u0144stwowej Inspekcji Sanitarnej (Dz.\u00a0U. z 2014 r., poz. 1474) <strong>\u2013 wejdzie w \u017cycie z dniem 13 listopada 2014 r. \u00a0\u00a0\u00a0\u00a0\u00a0\u00a0\u00a0\u00a0 <\/strong><\/p>\n<p>\u00a0<\/p>\n<h3 class=\"newsletter-naglowek\">Orzecznictwo<\/h3>\n<p><strong>Trybuna\u0142 Konstytucyjny; Trybuna\u0142 Sprawiedliwo\u015bci Unii Europejskiej<\/strong><\/p>\n<p><strong>NIELEGALNY POB\u00d3R ENERGII<\/strong><\/p>\n<p>Trybuna\u0142 Konstytucyjny orzek\u0142, \u017ce art. 278 \u00a7 5 Kodeksu karnego oraz art. 57 ust. 1 pkt 1 Prawa energetycznego w zakresie, w jakim dopuszczaj\u0105 jednoczesne stosowanie wobec tej samej osoby fizycznej, za ten sam czyn polegaj\u0105cy na nielegalnym poborze energii elektrycznej, odpowiedzialno\u015bci karnej za przest\u0119pstwo kradzie\u017cy energii z art. 278 \u00a7 5 kk oraz op\u0142aty przewidzianej w art. 57 ust. 1 pkt 1 Prawa energetycznego &#8211; s\u0105 zgodne z\u00a0art. 2 Konstytucji. Jak wskaza\u0142 Trybuna\u0142, op\u0142ata z art. 57 ust. 1 pkt 1 Prawa\u00a0energetycznego jest \u015brodkiem prawnym z dziedziny prawa cywilnego. Traktowana\u00a0jest jako alternatywna w stosunku do zasad og\u00f3lnych metoda dochodzenia odszkodowania za nielegalny pob\u00f3r energii. Zawiera specyficzny spos\u00f3b ustalania wysoko\u015bci owego odszkodowania, kt\u00f3ra to wysoko\u015b\u0107 ma gwarantowa\u0107 przedsi\u0119biorstwu energetycznemu pe\u0142n\u0105 restytucj\u0119 szk\u00f3d. Op\u0142ata nak\u0142adana jest przez przedsi\u0119biorstwo, a\u00a0zatem podmiot prywatny. Ponadto jak stwierdzi\u0142 Trybuna\u0142, odpowiedzialno\u015b\u0107 cywilna mo\u017ce pe\u0142ni\u0107, poza g\u0142\u00f3wn\u0105 funkcj\u0105 kompensacyjn\u0105, tak\u017ce inne &#8211; w tym prewencyjn\u0105 i\u00a0represyjn\u0105. Wspomniana op\u0142ata poza funkcj\u0105 kompensacyjn\u0105 realizuje tak\u017ce funkcj\u0119 prewencyjn\u0105, a nawet uzupe\u0142niaj\u0105co &#8211; ze wzgl\u0119du na wysoko\u015b\u0107 op\u0142aty &#8211; represyjn\u0105; nie powoduje to jednak utraty przez ni\u0105 charakteru \u015brodka prawnego z zakresu prawa cywilnego. Trybuna\u0142 zwr\u00f3ci\u0142 tak\u017ce uwag\u0119, \u017ce s\u0105d, dokonuj\u0105c prawnokarnej oceny zachowania sprawcy za przest\u0119pstwo, powinien uwzgl\u0119dni\u0107 w odpowiednim zakresie &#8211; przy wyborze \u015brodka i sposobu prawnokarnej reakcji na pope\u0142niony czyn &#8211; fakt poniesienia przez sprawc\u0119 innej ni\u017c karna odpowiedzialno\u015bci za ten sam czyn, realizuj\u0105cej uzupe\u0142niaj\u0105co funkcj\u0119 represyjn\u0105 <strong>\u2013 Wyrok Trybuna\u0142u Konstytucyjnego z dnia 21\u00a0pa\u017adziernika 2014 r., sygn. akt P 50\/13.<\/strong><\/p>\n<p><strong>\u00a0<\/strong><\/p>\n<p><strong>SWOBODA KONTAKTOWANIA<\/strong><\/p>\n<p>Trybuna\u0142 Konstytucyjny rozpatrywa\u0142 skarg\u0119 sp\u00f3\u0142ki z o. o. dotycz\u0105c\u0105 wy\u0142\u0105czenia mo\u017cliwo\u015bci zawierania um\u00f3w, na podstawie kt\u00f3rych maj\u0105 by\u0107 pobierane inne ni\u017c mar\u017ca handlowa\u00a0op\u0142aty za przyj\u0119cie towaru do sprzeda\u017cy. Trybuna\u0142 stwierdzi\u0142, \u017ce zaskar\u017cony przepis art. 15 ust. 1 pkt 4 ustawy o zwalczaniu nieuczciwej konkurencji jest zgodny z\u00a0Konstytucj\u0105.\u00a0W pozosta\u0142ym zakresie umorzy\u0142 post\u0119powanie. Zdaniem Trybuna\u0142u wspomniana regulacja nie stanowi nadmiernego ograniczenia wolno\u015bci dzia\u0142alno\u015bci gospodarczej. Nie zakazuje ona bezwzgl\u0119dnie pobierania op\u0142at przez przedsi\u0119biorc\u00f3w przyjmuj\u0105cych towar do sprzeda\u017cy w zwi\u0105zku z realizacj\u0105 um\u00f3w zawartych z innymi przedsi\u0119biorcami. W szczeg\u00f3lno\u015bci nie wyklucza mo\u017cliwo\u015bci zawierania um\u00f3w, w kt\u00f3rych jedna ze stron zobowi\u0105\u017ce si\u0119 do uiszczenia sumy pieni\u0119\u017cnej w zamian za reklam\u0119 lub promocj\u0119 albo innego rodzaju \u015bwiadczenie zwi\u0105zane z transportem, sk\u0142adowaniem lub ekspozycj\u0105 towaru, b\u0119d\u0105cego przedmiotem umowy sprzeda\u017cy lub innej. Trybuna\u0142 podkre\u015bli\u0142 ponadto, \u017ce nie ka\u017cda op\u0142ata pobrana przez przedsi\u0119biorc\u0119 przyjmuj\u0105cego towar do sprzeda\u017cy jest czynem nieuczciwej konkurencji <strong>Wyrok Trybuna\u0142u Konstytucyjnego z dnia 16 pa\u017adziernika 2014 r., sygn. akt SK\u00a020\/12.<\/strong><\/p>\n","protected":false},"excerpt":{"rendered":"<p>We would like to present the next issue of legal bulletin of the Law Office of Adam Polowiec.What you will find here is some information about the new provisions of law and the projects of amendments to acts, but also case-laws including the case laws of Supreme Court, Constitutional Tribunal and European Court of Justice.<\/p>\n","protected":false},"author":2,"featured_media":0,"comment_status":"closed","ping_status":"open","sticky":false,"template":"","format":"standard","meta":{"footnotes":""},"categories":[11],"tags":[],"class_list":["post-540","post","type-post","status-publish","format-standard","hentry","category-newsletters"],"featured_image_src":{"landsacpe":false,"list":false,"medium":false,"full":false},"yoast_head":"<!-- This site is optimized with the Yoast SEO plugin v27.2 - https:\/\/yoast.com\/product\/yoast-seo-wordpress\/ -->\n<title>Legal Bulletin Of The Law Office Of Adam Polowiec (27 October - 2 November 2014) - Polowiec i Wsp\u00f3lnicy - Kancelaria prawna<\/title>\n<meta name=\"robots\" content=\"index, follow, max-snippet:-1, max-image-preview:large, max-video-preview:-1\" \/>\n<link rel=\"canonical\" href=\"https:\/\/polowiec.pl\/en\/legal-bulletin-of-the-law-office-of-adam-polowiec-27-october-2-november-2014\/\" \/>\n<meta property=\"og:locale\" content=\"en_US\" \/>\n<meta property=\"og:type\" content=\"article\" \/>\n<meta property=\"og:title\" content=\"Legal Bulletin Of The Law Office Of Adam Polowiec (27 October - 2 November 2014) - Polowiec i Wsp\u00f3lnicy - Kancelaria prawna\" \/>\n<meta property=\"og:description\" content=\"We would like to present the next issue of legal bulletin of the Law Office of Adam Polowiec.What you will find here is some information about the new provisions of law and the projects of amendments to acts, but also case-laws including the case laws of Supreme Court, Constitutional Tribunal and European Court of Justice.\" \/>\n<meta property=\"og:url\" content=\"https:\/\/polowiec.pl\/en\/legal-bulletin-of-the-law-office-of-adam-polowiec-27-october-2-november-2014\/\" \/>\n<meta property=\"og:site_name\" content=\"Polowiec i Wsp\u00f3lnicy - Kancelaria prawna\" \/>\n<meta property=\"article:publisher\" content=\"https:\/\/www.facebook.com\/polowieciwspolnicy\/\" \/>\n<meta property=\"article:published_time\" content=\"2014-11-02T11:04:22+00:00\" \/>\n<meta property=\"article:modified_time\" content=\"2018-10-11T08:42:56+00:00\" \/>\n<meta name=\"author\" content=\"Super User\" \/>\n<meta name=\"twitter:card\" content=\"summary_large_image\" \/>\n<meta name=\"twitter:label1\" content=\"Written by\" \/>\n\t<meta name=\"twitter:data1\" content=\"Super User\" \/>\n\t<meta name=\"twitter:label2\" content=\"Est. reading time\" \/>\n\t<meta name=\"twitter:data2\" content=\"4 minutes\" \/>\n<script type=\"application\/ld+json\" class=\"yoast-schema-graph\">{\"@context\":\"https:\/\/schema.org\",\"@graph\":[{\"@type\":\"Article\",\"@id\":\"https:\/\/polowiec.pl\/en\/legal-bulletin-of-the-law-office-of-adam-polowiec-27-october-2-november-2014\/#article\",\"isPartOf\":{\"@id\":\"https:\/\/polowiec.pl\/en\/legal-bulletin-of-the-law-office-of-adam-polowiec-27-october-2-november-2014\/\"},\"author\":{\"name\":\"Super User\",\"@id\":\"https:\/\/polowiec.pl\/en\/#\/schema\/person\/ed8994874b775675a86115f307352d24\"},\"headline\":\"Legal Bulletin Of The Law Office Of Adam Polowiec (27 October &#8211; 2 November 2014)\",\"datePublished\":\"2014-11-02T11:04:22+00:00\",\"dateModified\":\"2018-10-11T08:42:56+00:00\",\"mainEntityOfPage\":{\"@id\":\"https:\/\/polowiec.pl\/en\/legal-bulletin-of-the-law-office-of-adam-polowiec-27-october-2-november-2014\/\"},\"wordCount\":894,\"publisher\":{\"@id\":\"https:\/\/polowiec.pl\/en\/#organization\"},\"articleSection\":[\"Newsletter\"],\"inLanguage\":\"en-US\"},{\"@type\":\"WebPage\",\"@id\":\"https:\/\/polowiec.pl\/en\/legal-bulletin-of-the-law-office-of-adam-polowiec-27-october-2-november-2014\/\",\"url\":\"https:\/\/polowiec.pl\/en\/legal-bulletin-of-the-law-office-of-adam-polowiec-27-october-2-november-2014\/\",\"name\":\"Legal Bulletin Of The Law Office Of Adam Polowiec (27 October - 2 November 2014) - Polowiec i Wsp\u00f3lnicy - Kancelaria prawna\",\"isPartOf\":{\"@id\":\"https:\/\/polowiec.pl\/en\/#website\"},\"datePublished\":\"2014-11-02T11:04:22+00:00\",\"dateModified\":\"2018-10-11T08:42:56+00:00\",\"breadcrumb\":{\"@id\":\"https:\/\/polowiec.pl\/en\/legal-bulletin-of-the-law-office-of-adam-polowiec-27-october-2-november-2014\/#breadcrumb\"},\"inLanguage\":\"en-US\",\"potentialAction\":[{\"@type\":\"ReadAction\",\"target\":[\"https:\/\/polowiec.pl\/en\/legal-bulletin-of-the-law-office-of-adam-polowiec-27-october-2-november-2014\/\"]}]},{\"@type\":\"BreadcrumbList\",\"@id\":\"https:\/\/polowiec.pl\/en\/legal-bulletin-of-the-law-office-of-adam-polowiec-27-october-2-november-2014\/#breadcrumb\",\"itemListElement\":[{\"@type\":\"ListItem\",\"position\":1,\"name\":\"Strona g\u0142\u00f3wna\",\"item\":\"https:\/\/polowiec.pl\/en\/\"},{\"@type\":\"ListItem\",\"position\":2,\"name\":\"Legal Bulletin Of The Law Office Of Adam Polowiec (27 October &#8211; 2 November 2014)\"}]},{\"@type\":\"WebSite\",\"@id\":\"https:\/\/polowiec.pl\/en\/#website\",\"url\":\"https:\/\/polowiec.pl\/en\/\",\"name\":\"Polowiec i Wsp\u00f3lnicy - Kancelaria prawna\",\"description\":\"Obs\u0142uga prawna\",\"publisher\":{\"@id\":\"https:\/\/polowiec.pl\/en\/#organization\"},\"potentialAction\":[{\"@type\":\"SearchAction\",\"target\":{\"@type\":\"EntryPoint\",\"urlTemplate\":\"https:\/\/polowiec.pl\/en\/?s={search_term_string}\"},\"query-input\":{\"@type\":\"PropertyValueSpecification\",\"valueRequired\":true,\"valueName\":\"search_term_string\"}}],\"inLanguage\":\"en-US\"},{\"@type\":\"Organization\",\"@id\":\"https:\/\/polowiec.pl\/en\/#organization\",\"name\":\"Polowiec i Wsp\u00f3lnicy - Kancelaria prawna\",\"url\":\"https:\/\/polowiec.pl\/en\/\",\"logo\":{\"@type\":\"ImageObject\",\"inLanguage\":\"en-US\",\"@id\":\"https:\/\/polowiec.pl\/en\/#\/schema\/logo\/image\/\",\"url\":\"https:\/\/polowiec.pl\/wp-content\/uploads\/2018\/10\/polowiec_logo2-1.png\",\"contentUrl\":\"https:\/\/polowiec.pl\/wp-content\/uploads\/2018\/10\/polowiec_logo2-1.png\",\"width\":540,\"height\":381,\"caption\":\"Polowiec i Wsp\u00f3lnicy - Kancelaria prawna\"},\"image\":{\"@id\":\"https:\/\/polowiec.pl\/en\/#\/schema\/logo\/image\/\"},\"sameAs\":[\"https:\/\/www.facebook.com\/polowieciwspolnicy\/\",\"https:\/\/www.linkedin.com\/company\/polowiec-i-wsplnicy-sp.j.\/about\/\"]},{\"@type\":\"Person\",\"@id\":\"https:\/\/polowiec.pl\/en\/#\/schema\/person\/ed8994874b775675a86115f307352d24\",\"name\":\"Super User\",\"image\":{\"@type\":\"ImageObject\",\"inLanguage\":\"en-US\",\"@id\":\"https:\/\/secure.gravatar.com\/avatar\/e759b874f0fa459bd87c83ff47148fc5718f86d9459564657124e571997afbf7?s=96&d=mm&r=g\",\"url\":\"https:\/\/secure.gravatar.com\/avatar\/e759b874f0fa459bd87c83ff47148fc5718f86d9459564657124e571997afbf7?s=96&d=mm&r=g\",\"contentUrl\":\"https:\/\/secure.gravatar.com\/avatar\/e759b874f0fa459bd87c83ff47148fc5718f86d9459564657124e571997afbf7?s=96&d=mm&r=g\",\"caption\":\"Super User\"}}]}<\/script>\n<!-- \/ Yoast SEO plugin. -->","yoast_head_json":{"title":"Legal Bulletin Of The Law Office Of Adam Polowiec (27 October - 2 November 2014) - Polowiec i Wsp\u00f3lnicy - Kancelaria prawna","robots":{"index":"index","follow":"follow","max-snippet":"max-snippet:-1","max-image-preview":"max-image-preview:large","max-video-preview":"max-video-preview:-1"},"canonical":"https:\/\/polowiec.pl\/en\/legal-bulletin-of-the-law-office-of-adam-polowiec-27-october-2-november-2014\/","og_locale":"en_US","og_type":"article","og_title":"Legal Bulletin Of The Law Office Of Adam Polowiec (27 October - 2 November 2014) - Polowiec i Wsp\u00f3lnicy - Kancelaria prawna","og_description":"We would like to present the next issue of legal bulletin of the Law Office of Adam Polowiec.What you will find here is some information about the new provisions of law and the projects of amendments to acts, but also case-laws including the case laws of Supreme Court, Constitutional Tribunal and European Court of Justice.","og_url":"https:\/\/polowiec.pl\/en\/legal-bulletin-of-the-law-office-of-adam-polowiec-27-october-2-november-2014\/","og_site_name":"Polowiec i Wsp\u00f3lnicy - Kancelaria prawna","article_publisher":"https:\/\/www.facebook.com\/polowieciwspolnicy\/","article_published_time":"2014-11-02T11:04:22+00:00","article_modified_time":"2018-10-11T08:42:56+00:00","author":"Super User","twitter_card":"summary_large_image","twitter_misc":{"Written by":"Super User","Est. reading time":"4 minutes"},"schema":{"@context":"https:\/\/schema.org","@graph":[{"@type":"Article","@id":"https:\/\/polowiec.pl\/en\/legal-bulletin-of-the-law-office-of-adam-polowiec-27-october-2-november-2014\/#article","isPartOf":{"@id":"https:\/\/polowiec.pl\/en\/legal-bulletin-of-the-law-office-of-adam-polowiec-27-october-2-november-2014\/"},"author":{"name":"Super User","@id":"https:\/\/polowiec.pl\/en\/#\/schema\/person\/ed8994874b775675a86115f307352d24"},"headline":"Legal Bulletin Of The Law Office Of Adam Polowiec (27 October &#8211; 2 November 2014)","datePublished":"2014-11-02T11:04:22+00:00","dateModified":"2018-10-11T08:42:56+00:00","mainEntityOfPage":{"@id":"https:\/\/polowiec.pl\/en\/legal-bulletin-of-the-law-office-of-adam-polowiec-27-october-2-november-2014\/"},"wordCount":894,"publisher":{"@id":"https:\/\/polowiec.pl\/en\/#organization"},"articleSection":["Newsletter"],"inLanguage":"en-US"},{"@type":"WebPage","@id":"https:\/\/polowiec.pl\/en\/legal-bulletin-of-the-law-office-of-adam-polowiec-27-october-2-november-2014\/","url":"https:\/\/polowiec.pl\/en\/legal-bulletin-of-the-law-office-of-adam-polowiec-27-october-2-november-2014\/","name":"Legal Bulletin Of The Law Office Of Adam Polowiec (27 October - 2 November 2014) - Polowiec i Wsp\u00f3lnicy - Kancelaria prawna","isPartOf":{"@id":"https:\/\/polowiec.pl\/en\/#website"},"datePublished":"2014-11-02T11:04:22+00:00","dateModified":"2018-10-11T08:42:56+00:00","breadcrumb":{"@id":"https:\/\/polowiec.pl\/en\/legal-bulletin-of-the-law-office-of-adam-polowiec-27-october-2-november-2014\/#breadcrumb"},"inLanguage":"en-US","potentialAction":[{"@type":"ReadAction","target":["https:\/\/polowiec.pl\/en\/legal-bulletin-of-the-law-office-of-adam-polowiec-27-october-2-november-2014\/"]}]},{"@type":"BreadcrumbList","@id":"https:\/\/polowiec.pl\/en\/legal-bulletin-of-the-law-office-of-adam-polowiec-27-october-2-november-2014\/#breadcrumb","itemListElement":[{"@type":"ListItem","position":1,"name":"Strona g\u0142\u00f3wna","item":"https:\/\/polowiec.pl\/en\/"},{"@type":"ListItem","position":2,"name":"Legal Bulletin Of The Law Office Of Adam Polowiec (27 October &#8211; 2 November 2014)"}]},{"@type":"WebSite","@id":"https:\/\/polowiec.pl\/en\/#website","url":"https:\/\/polowiec.pl\/en\/","name":"Polowiec i Wsp\u00f3lnicy - Kancelaria prawna","description":"Obs\u0142uga prawna","publisher":{"@id":"https:\/\/polowiec.pl\/en\/#organization"},"potentialAction":[{"@type":"SearchAction","target":{"@type":"EntryPoint","urlTemplate":"https:\/\/polowiec.pl\/en\/?s={search_term_string}"},"query-input":{"@type":"PropertyValueSpecification","valueRequired":true,"valueName":"search_term_string"}}],"inLanguage":"en-US"},{"@type":"Organization","@id":"https:\/\/polowiec.pl\/en\/#organization","name":"Polowiec i Wsp\u00f3lnicy - Kancelaria prawna","url":"https:\/\/polowiec.pl\/en\/","logo":{"@type":"ImageObject","inLanguage":"en-US","@id":"https:\/\/polowiec.pl\/en\/#\/schema\/logo\/image\/","url":"https:\/\/polowiec.pl\/wp-content\/uploads\/2018\/10\/polowiec_logo2-1.png","contentUrl":"https:\/\/polowiec.pl\/wp-content\/uploads\/2018\/10\/polowiec_logo2-1.png","width":540,"height":381,"caption":"Polowiec i Wsp\u00f3lnicy - Kancelaria prawna"},"image":{"@id":"https:\/\/polowiec.pl\/en\/#\/schema\/logo\/image\/"},"sameAs":["https:\/\/www.facebook.com\/polowieciwspolnicy\/","https:\/\/www.linkedin.com\/company\/polowiec-i-wsplnicy-sp.j.\/about\/"]},{"@type":"Person","@id":"https:\/\/polowiec.pl\/en\/#\/schema\/person\/ed8994874b775675a86115f307352d24","name":"Super User","image":{"@type":"ImageObject","inLanguage":"en-US","@id":"https:\/\/secure.gravatar.com\/avatar\/e759b874f0fa459bd87c83ff47148fc5718f86d9459564657124e571997afbf7?s=96&d=mm&r=g","url":"https:\/\/secure.gravatar.com\/avatar\/e759b874f0fa459bd87c83ff47148fc5718f86d9459564657124e571997afbf7?s=96&d=mm&r=g","contentUrl":"https:\/\/secure.gravatar.com\/avatar\/e759b874f0fa459bd87c83ff47148fc5718f86d9459564657124e571997afbf7?s=96&d=mm&r=g","caption":"Super User"}}]}},"_links":{"self":[{"href":"https:\/\/polowiec.pl\/en\/wp-json\/wp\/v2\/posts\/540","targetHints":{"allow":["GET"]}}],"collection":[{"href":"https:\/\/polowiec.pl\/en\/wp-json\/wp\/v2\/posts"}],"about":[{"href":"https:\/\/polowiec.pl\/en\/wp-json\/wp\/v2\/types\/post"}],"author":[{"embeddable":true,"href":"https:\/\/polowiec.pl\/en\/wp-json\/wp\/v2\/users\/2"}],"replies":[{"embeddable":true,"href":"https:\/\/polowiec.pl\/en\/wp-json\/wp\/v2\/comments?post=540"}],"version-history":[{"count":0,"href":"https:\/\/polowiec.pl\/en\/wp-json\/wp\/v2\/posts\/540\/revisions"}],"wp:attachment":[{"href":"https:\/\/polowiec.pl\/en\/wp-json\/wp\/v2\/media?parent=540"}],"wp:term":[{"taxonomy":"category","embeddable":true,"href":"https:\/\/polowiec.pl\/en\/wp-json\/wp\/v2\/categories?post=540"},{"taxonomy":"post_tag","embeddable":true,"href":"https:\/\/polowiec.pl\/en\/wp-json\/wp\/v2\/tags?post=540"}],"curies":[{"name":"wp","href":"https:\/\/api.w.org\/{rel}","templated":true}]}}