{"id":547,"date":"2015-01-05T00:15:11","date_gmt":"2015-01-04T23:15:11","guid":{"rendered":"https:\/\/nowa.polowiec.pl\/legal-bulletin-of-the-law-office-of-adam-polowiec-15-december-2014-2-january-2015\/"},"modified":"2018-10-11T10:42:55","modified_gmt":"2018-10-11T08:42:55","slug":"legal-bulletin-of-the-law-office-of-adam-polowiec-15-december-2014-2-january-2015","status":"publish","type":"post","link":"https:\/\/polowiec.pl\/en\/legal-bulletin-of-the-law-office-of-adam-polowiec-15-december-2014-2-january-2015\/","title":{"rendered":"Legal Bulletin Of The Law Office Of Adam Polowiec (15 December 2014 &#8211; 2 January 2015)"},"content":{"rendered":"<p>We would like to present the next issue of legal bulletin of the Law Office of Adam Polowiec.<br \/>What you will find here is some information about the new provisions of law and the projects of amendments to acts, but also case-laws including the case laws of Supreme Court, Constitutional Tribunal and European Court of Justice. <!--more--> <\/p>\n<h3 class=\"newsletter-naglowek\">Nowe Prawo<\/h3>\n<p><strong>UBEZPIECZENIA SPO\u0141ECZNE I \u015aWIADCZENIA OPIEKI ZDROWOTNEJ<\/strong><\/p>\n<p><strong>Ustawa<\/strong> z dnia 28 listopada 2014 r. o zmianie ustawy o rehabilitacji zawodowej i\u00a0spo\u0142ecznej oraz zatrudnianiu os\u00f3b niepe\u0142nosprawnych (Dz. U. z 2014 r., poz. 1873) \u2013 <strong>wesz\u0142a w \u017cycie z dniem 1 stycznia 2015 r.<\/strong><\/p>\n<p>W ustawie z dnia 27 sierpnia 1997 r. o rehabilitacji zawodowej i spo\u0142ecznej oraz zatrudnianiu os\u00f3b niepe\u0142nosprawnych (Dz. U. z 2011 r. Nr 127, poz. 721, z p\u00f3\u017an. zm.) zmianie uleg\u0142o brzmienie art. 26, art. 26b, art. 26d, art. 32 w ust. 1 w pkt 2 lit. a, art.\u00a041\u00a0ust. 2, art. 48a ust. 2.<\/p>\n<p><strong>Rozporz\u0105dzenie<\/strong> Ministra Pracy i Polityki Spo\u0142ecznej\u00a0z dnia 22 grudnia 2014 r. zmieniaj\u0105ce rozporz\u0105dzenie w sprawie szczeg\u00f3\u0142owych zasad ustalania podstawy wymiaru sk\u0142adek na ubezpieczenia emerytalne i rentowe (Dz. U. z 2014 r., poz. 1967) <strong>\u2013 wesz\u0142o\u00a0w \u017cycie z dniem 1 stycznia 2015 r. <\/strong><\/p>\n<p>W rozporz\u0105dzeniu Ministra Pracy i Polityki Socjalnej z dnia 18 grudnia 1998 r. w sprawie szczeg\u00f3\u0142owych zasad ustalania podstawy wymiaru sk\u0142adek na ubezpieczenia emerytalne i\u00a0rentowe (Dz. U. Nr 161, poz. 1106, z p\u00f3\u017an. zm.) zmianie uleg\u0142o brzmienie \u00a72 ust. 1 pkt\u00a03, \u00a75 ust. 2. <\/p>\n<p><strong>Rozporz\u0105dzenie <\/strong>Ministra Pracy i Polityki Spo\u0142ecznej\u00a0z dnia 19 grudnia 2014 r. zmieniaj\u0105ce rozporz\u0105dzenie w sprawie okre\u015blenia wzor\u00f3w zg\u0142osze\u0144 do ubezpiecze\u0144 spo\u0142ecznych i ubezpieczenia zdrowotnego, imiennych raport\u00f3w miesi\u0119cznych i imiennych raport\u00f3w miesi\u0119cznych koryguj\u0105cych, zg\u0142osze\u0144 p\u0142atnika, deklaracji rozliczeniowych i\u00a0deklaracji rozliczeniowych koryguj\u0105cych, zg\u0142osze\u0144 danych o pracy w szczeg\u00f3lnych warunkach lub o szczeg\u00f3lnym charakterze oraz innych dokument\u00f3w (Dz.\u00a0U.\u00a0z\u00a02014\u00a0r.,\u00a0poz. 1957) <strong>\u2013 wesz\u0142o w \u017cycie z dniem 1 stycznia 2015 r. <\/strong><\/p>\n<p>W rozporz\u0105dzeniu Ministra Pracy i Polityki Spo\u0142ecznej z dnia 23 pa\u017adziernika 2009 r. w\u00a0sprawie okre\u015blenia wzor\u00f3w zg\u0142osze\u0144 do ubezpiecze\u0144 spo\u0142ecznych i ubezpieczenia zdrowotnego, imiennych raport\u00f3w miesi\u0119cznych i imiennych raport\u00f3w miesi\u0119cznych koryguj\u0105cych, zg\u0142osze\u0144 p\u0142atnika, deklaracji rozliczeniowych i deklaracji rozliczeniowych koryguj\u0105cych, zg\u0142osze\u0144 danych o pracy w szczeg\u00f3lnych warunkach lub o szczeg\u00f3lnym charakterze oraz innych dokument\u00f3w (Dz. U. z 2014 r. poz. 1844) zmianie uleg\u0142o brzmienie za\u0142\u0105cznika nr 18.<\/p>\n<p><strong>Rozporz\u0105dzenie<\/strong> Ministra Zdrowia\u00a0z dnia 29 grudnia 2014 r. zmieniaj\u0105ce rozporz\u0105dzenie w sprawie \u015bwiadcze\u0144 gwarantowanych z zakresu podstawowej opieki zdrowotnej (Dz.\u00a0U.\u00a0z 2014 r., poz. 1914) <strong>\u2013 wesz\u0142o w \u017cycie z dniem 1 stycznia 2015 r.<\/strong><\/p>\n<p>W rozporz\u0105dzeniu Ministra Zdrowia z dnia 24 wrze\u015bnia 2013 r. w sprawie \u015bwiadcze\u0144 gwarantowanych z zakresu podstawowej opieki zdrowotnej (Dz. U. poz. 1248 oraz z 2014 r. poz. 1440) zmianie uleg\u0142o brzmienie za\u0142\u0105cznika nr 1.<\/p>\n<p><strong>\u00a0<\/strong><\/p>\n<p><strong>PODATKI I RACHUNKOWO\u015a\u0106<\/strong><\/p>\n<p><strong>Rozporz\u0105dzenie<\/strong> Ministra Finans\u00f3w\u00a0z dnia 19 grudnia 2014 r. w sprawie zaniechania poboru podatku dochodowego od os\u00f3b fizycznych od niekt\u00f3rych dochod\u00f3w (przychod\u00f3w) podatnik\u00f3w podatku dochodowego od os\u00f3b fizycznych (Dz. U. z 2014 r., poz. 1931)<strong> \u2013 wesz\u0142o w \u017cycie z dniem 30 grudnia 2014 r. <\/strong><\/p>\n<p><strong>\u00a0<\/strong><\/p>\n<p><strong>OCHRONA DANYCH OSOBOWYCH<\/strong><\/p>\n<p><strong>Rozporz\u0105dzenie<\/strong> Ministra Administracji i Cyfryzacji z dnia 10 grudnia 2014 r. w sprawie wzor\u00f3w zg\u0142osze\u0144 powo\u0142ania i odwo\u0142ania administratora bezpiecze\u0144stwa informacji (Dz.\u00a0U.\u00a0z 2014 r., poz. 1934) <strong>\u2013 wesz\u0142o w \u017cycie z dniem 1 stycznia 2015 r.<\/strong><\/p>\n<p><strong>\u00a0<\/strong><\/p>\n<p><strong>SWOBODA DZIA\u0141ALNO\u015aCI GOSPODARCZEJ<\/strong><\/p>\n<p><strong>Ustawa<\/strong> z dnia 5 grudnia 2014 r. o zmianie ustawy o swobodzie dzia\u0142alno\u015bci gospodarczej (Dz. U. z 2014 r., poz. 1885) <strong>\u2013 wejdzie w \u017cycie z dniem 7\u00a0stycznia\u00a02015 r.<\/strong><\/p>\n<p>W ustawie z dnia 2 lipca 2004 r. o swobodzie dzia\u0142alno\u015bci gospodarczej (Dz.\u00a0U.\u00a0z\u00a02013\u00a0r.\u00a0poz. 672, z p\u00f3\u017an. zm.) zmianie ulegnie brzmienie art. 20 ust. 1 i 2.<\/p>\n<p><strong>\u00a0<\/strong><\/p>\n<p><strong>KRAJOWY REJESTR S\u0104DOWY<\/strong><\/p>\n<p><strong>Ustawa <\/strong>z dnia 28 listopada 2014 r. o zmianie ustawy o Krajowym Rejestrze S\u0105dowym oraz niekt\u00f3rych innych ustaw (Dz. U. z 2014 r., poz. 1924) <strong>\u2013 wesz\u0142a w \u017cycie z dniem 1\u00a0stycznia 2015 r. <\/strong><\/p>\n<p>W ustawie z dnia 20 sierpnia 1997 r. o Krajowym Rejestrze S\u0105dowym (Dz.\u00a0U.\u00a0z\u00a02013\u00a0r.\u00a0poz. 1203 oraz z 2014 r. poz. 1161 i 1306) zmianie uleg\u0142o brzmienie art. 24, dodane zosta\u0142y art. 25a-25e.<\/p>\n<p>W ustawie z dnia 17 listopada 1964 r. &#8211; Kodeks post\u0119powania cywilnego (Dz.\u00a0U.\u00a0z\u00a02014\u00a0r.\u00a0poz. 101, z p\u00f3\u017an. zm.) dodany zosta\u0142 \u00a721.<\/p>\n<p>W ustawie z dnia 20 sierpnia 1997 r. &#8211; Przepisy wprowadzaj\u0105ce ustaw\u0119 o Krajowym Rejestrze S\u0105dowym (Dz. U. Nr 121, poz. 770, z p\u00f3\u017an. zm.) w art. 9 dodaje si\u0119 ust. 2a-2j.<\/p>\n<p>W ustawie z dnia 28 lutego 2003 r. &#8211; Prawo upad\u0142o\u015bciowe i naprawcze (Dz.\u00a0U.\u00a0z\u00a02012\u00a0r.\u00a0poz. 1112, z p\u00f3\u017an. zm.) zmianie uleg\u0142o brzmienie art. 13, art. 361.<\/p>\n<p><strong>\u00a0<\/strong><\/p>\n<p><strong>ZAWODY PRAWNICZE<\/strong><\/p>\n<p><strong>Rozporz\u0105dzenie<\/strong> Ministra Sprawiedliwo\u015bci z dnia 17 grudnia 2014 r. zmieniaj\u0105ce rozporz\u0105dzenie w sprawie przeprowadzania egzaminu radcowskiego (Dz. U. z 2014 r., poz. 1918) <strong>\u2013 wesz\u0142o w \u017cycie z dniem 1 stycznia 2015 r.<\/strong><\/p>\n<p>W rozporz\u0105dzeniu Ministra Sprawiedliwo\u015bci z dnia 17 grudnia 2013 r. w sprawie przeprowadzania egzaminu radcowskiego (Dz. U. poz. 1685) zmianie uleg\u0142o brzmienie \u00a7\u00a04.<\/p>\n<p><strong>Rozporz\u0105dzenie<\/strong> Ministra Sprawiedliwo\u015bci z dnia 17 grudnia 2014 r. zmieniaj\u0105ce rozporz\u0105dzenie w sprawie komisji egzaminacyjnej do spraw aplikacji adwokackiej oraz\u00a0przeprowadzania egzaminu wst\u0119pnego (Dz. U. z 2014 r., poz. 1917) <strong>\u2013 wesz\u0142o\u00a0w\u00a0\u017cycie z\u00a0dniem 1 stycznia 2015 r. <\/strong><\/p>\n<p>W rozporz\u0105dzeniu Ministra Sprawiedliwo\u015bci z dnia 9 czerwca 2009 r. w sprawie komisji egzaminacyjnej do spraw aplikacji adwokackiej oraz przeprowadzania egzaminu wst\u0119pnego (Dz. U. z 2014 r. poz. 1214) zmianie uleg\u0142o brzmienie \u00a7 5.<\/p>\n<p><strong>\u00a0<\/strong><\/p>\n<p><strong>US\u0141UGI P\u0141ATNICZE<\/strong><\/p>\n<p><strong>Ustawa<\/strong> z dnia 28 listopada 2014 r. o zmianie ustawy o us\u0142ugach p\u0142atniczych (Dz.\u00a0U.\u00a0z\u00a02014 r., poz. 1916) <strong>\u2013 wejdzie w \u017cycie z dniem 29 stycznia 2015 r.<\/strong><\/p>\n<p>W ustawie z dnia 19 sierpnia 2011 r. o us\u0142ugach p\u0142atniczych (Dz. U. z 2014 r. poz. 873) zmianie ulegnie brzmienie art. 2, art. 28, art. 38a.<\/p>\n<p><strong>\u00a0<\/strong><\/p>\n<p><strong>EWIDENCJA LUDNO\u015aCI<\/strong><\/p>\n<p><strong>Ustawa <\/strong>z dnia 19 grudnia 2014 r. o zmianie ustawy o dowodach osobistych, ustawy o\u00a0ewidencji ludno\u015bci oraz ustawy &#8211; Prawo o aktach stanu cywilnego (Dz.\u00a0U.\u00a0z\u00a02014\u00a0r.,\u00a0poz. 1888) <strong>\u2013 wesz\u0142o w \u017cycie z dniem 31 grudnia 2014 r.<\/strong><\/p>\n<p>W ustawie z dnia 6 sierpnia 2010 r. o dowodach osobistych (Dz. U. Nr 167, poz. 1131, z\u00a0p\u00f3\u017an. zm.) zmianie uleg\u0142o brzmienie art. 56 pkt 7, art. 88, art. 91 ust. 1,art. 93.<\/p>\n<p>W ustawie z dnia 24 wrze\u015bnia 2010 r. o ewidencji ludno\u015bci (Dz. U. Nr 217, poz. 1427, z\u00a0p\u00f3\u017an. zm.) zmianie uleg\u0142o brzmienie art. 80.<\/p>\n<p>W ustawie z dnia 28 listopada 2014 r. &#8211; Prawo o aktach stanu cywilnego (Dz.\u00a0U.\u00a0poz.\u00a01741) zmianie uleg\u0142o brzmienie art. 145, art. 146 ust. 1, art. 149.<\/p>\n<p><strong>\u00a0<\/strong><\/p>\n<p><strong>ODPADY<\/strong><\/p>\n<p><strong>Rozporz\u0105dzenie<\/strong> Ministra \u015arodowiska z dnia 9 grudnia 2014 r. w sprawie katalogu odpad\u00f3w (Dz. U. z 2014 r., poz. 1923) <strong>\u2013 wesz\u0142o w \u017cycie z dniem 1 stycznia 2015 r.<\/strong><\/p>\n<p>\u00a0<\/p>\n<h3 class=\"newsletter-naglowek\">Orzecznictwo<\/h3>\n<p><strong>Trybuna\u0142 Konstytucyjny; Trybuna\u0142 Sprawiedliwo\u015bci Unii Europejskiej<\/strong><\/p>\n<p><strong>OBOWI\u0104ZKI KURATOR\u00d3W<\/strong><\/p>\n<p>Trybuna\u0142 Konstytucyjny stwierdzi\u0142, \u017ce sprzeczne z ustaw\u0105 zasadnicz\u0105 s\u0105 regulacje rozporz\u0105dzenia dziel\u0105ce skazanych oddanych po doz\u00f3r na trzy grupy ryzyka powrotu do\u00a0przest\u0119pstwa. Niezgodne z Konstytucj\u0105 s\u0105 te\u017c przepisy aktu, kt\u00f3re okre\u015blaj\u0105 zasady kwalifikacji do poszczeg\u00f3lnych grup i zwi\u0105zane z tym obowi\u0105zki kurator\u00f3w. Trybuna\u0142\u00a0odroczy\u0142 utrat\u0119 mocy niekonstytucyjnych przepis\u00f3w do 30 czerwca 2015 r. Natychmiastowe usuni\u0119cie ich z systemu prawnego mog\u0142oby przynie\u015b\u0107 negatywne konsekwencje dla ci\u0105g\u0142o\u015bci i efektywno\u015bci wykonywania zada\u0144 przez kurator\u00f3w, czas\u00a0dany ustawodawcy powinien by\u0107 wystarczaj\u0105cy na przygotowanie niezb\u0119dnych zmian legislacyjnych \u2013 <strong>Wyrok Trybuna\u0142u Konstytucyjnego z dnia 16 grudnia 2014 r., sygn. akt U 2\/14.<\/strong>\u00a0<\/p>\n","protected":false},"excerpt":{"rendered":"<p>We would like to present the next issue of legal bulletin of the Law Office of Adam Polowiec.What you will find here is some information about the new provisions of law and the projects of amendments to acts, but also case-laws including the case laws of Supreme Court, Constitutional Tribunal and European Court of Justice.<\/p>\n","protected":false},"author":2,"featured_media":0,"comment_status":"closed","ping_status":"open","sticky":false,"template":"","format":"standard","meta":{"footnotes":""},"categories":[11],"tags":[],"class_list":["post-547","post","type-post","status-publish","format-standard","hentry","category-newsletters"],"featured_image_src":{"landsacpe":false,"list":false,"medium":false,"full":false},"yoast_head":"<!-- This site is optimized with the Yoast SEO plugin v27.2 - https:\/\/yoast.com\/product\/yoast-seo-wordpress\/ -->\n<title>Legal Bulletin Of The Law Office Of Adam Polowiec (15 December 2014 - 2 January 2015) - Polowiec i Wsp\u00f3lnicy - Kancelaria prawna<\/title>\n<meta name=\"robots\" content=\"index, follow, max-snippet:-1, max-image-preview:large, max-video-preview:-1\" \/>\n<link rel=\"canonical\" href=\"https:\/\/polowiec.pl\/en\/legal-bulletin-of-the-law-office-of-adam-polowiec-15-december-2014-2-january-2015\/\" \/>\n<meta property=\"og:locale\" content=\"en_US\" \/>\n<meta property=\"og:type\" content=\"article\" \/>\n<meta property=\"og:title\" content=\"Legal Bulletin Of The Law Office Of Adam Polowiec (15 December 2014 - 2 January 2015) - Polowiec i Wsp\u00f3lnicy - Kancelaria prawna\" \/>\n<meta property=\"og:description\" content=\"We would like to present the next issue of legal bulletin of the Law Office of Adam Polowiec.What you will find here is some information about the new provisions of law and the projects of amendments to acts, but also case-laws including the case laws of Supreme Court, Constitutional Tribunal and European Court of Justice.\" \/>\n<meta property=\"og:url\" content=\"https:\/\/polowiec.pl\/en\/legal-bulletin-of-the-law-office-of-adam-polowiec-15-december-2014-2-january-2015\/\" \/>\n<meta property=\"og:site_name\" content=\"Polowiec i Wsp\u00f3lnicy - Kancelaria prawna\" \/>\n<meta property=\"article:publisher\" content=\"https:\/\/www.facebook.com\/polowieciwspolnicy\/\" \/>\n<meta property=\"article:published_time\" content=\"2015-01-04T23:15:11+00:00\" \/>\n<meta property=\"article:modified_time\" content=\"2018-10-11T08:42:55+00:00\" \/>\n<meta name=\"author\" content=\"Super User\" \/>\n<meta name=\"twitter:card\" content=\"summary_large_image\" \/>\n<meta name=\"twitter:label1\" content=\"Written by\" \/>\n\t<meta name=\"twitter:data1\" content=\"Super User\" \/>\n\t<meta name=\"twitter:label2\" content=\"Est. reading time\" \/>\n\t<meta name=\"twitter:data2\" content=\"6 minutes\" \/>\n<script type=\"application\/ld+json\" class=\"yoast-schema-graph\">{\"@context\":\"https:\/\/schema.org\",\"@graph\":[{\"@type\":\"Article\",\"@id\":\"https:\/\/polowiec.pl\/en\/legal-bulletin-of-the-law-office-of-adam-polowiec-15-december-2014-2-january-2015\/#article\",\"isPartOf\":{\"@id\":\"https:\/\/polowiec.pl\/en\/legal-bulletin-of-the-law-office-of-adam-polowiec-15-december-2014-2-january-2015\/\"},\"author\":{\"name\":\"Super User\",\"@id\":\"https:\/\/polowiec.pl\/en\/#\/schema\/person\/ed8994874b775675a86115f307352d24\"},\"headline\":\"Legal Bulletin Of The Law Office Of Adam Polowiec (15 December 2014 &#8211; 2 January 2015)\",\"datePublished\":\"2015-01-04T23:15:11+00:00\",\"dateModified\":\"2018-10-11T08:42:55+00:00\",\"mainEntityOfPage\":{\"@id\":\"https:\/\/polowiec.pl\/en\/legal-bulletin-of-the-law-office-of-adam-polowiec-15-december-2014-2-january-2015\/\"},\"wordCount\":1221,\"publisher\":{\"@id\":\"https:\/\/polowiec.pl\/en\/#organization\"},\"articleSection\":[\"Newsletter\"],\"inLanguage\":\"en-US\"},{\"@type\":\"WebPage\",\"@id\":\"https:\/\/polowiec.pl\/en\/legal-bulletin-of-the-law-office-of-adam-polowiec-15-december-2014-2-january-2015\/\",\"url\":\"https:\/\/polowiec.pl\/en\/legal-bulletin-of-the-law-office-of-adam-polowiec-15-december-2014-2-january-2015\/\",\"name\":\"Legal Bulletin Of The Law Office Of Adam Polowiec (15 December 2014 - 2 January 2015) - Polowiec i Wsp\u00f3lnicy - Kancelaria prawna\",\"isPartOf\":{\"@id\":\"https:\/\/polowiec.pl\/en\/#website\"},\"datePublished\":\"2015-01-04T23:15:11+00:00\",\"dateModified\":\"2018-10-11T08:42:55+00:00\",\"breadcrumb\":{\"@id\":\"https:\/\/polowiec.pl\/en\/legal-bulletin-of-the-law-office-of-adam-polowiec-15-december-2014-2-january-2015\/#breadcrumb\"},\"inLanguage\":\"en-US\",\"potentialAction\":[{\"@type\":\"ReadAction\",\"target\":[\"https:\/\/polowiec.pl\/en\/legal-bulletin-of-the-law-office-of-adam-polowiec-15-december-2014-2-january-2015\/\"]}]},{\"@type\":\"BreadcrumbList\",\"@id\":\"https:\/\/polowiec.pl\/en\/legal-bulletin-of-the-law-office-of-adam-polowiec-15-december-2014-2-january-2015\/#breadcrumb\",\"itemListElement\":[{\"@type\":\"ListItem\",\"position\":1,\"name\":\"Strona g\u0142\u00f3wna\",\"item\":\"https:\/\/polowiec.pl\/en\/\"},{\"@type\":\"ListItem\",\"position\":2,\"name\":\"Legal Bulletin Of The Law Office Of Adam Polowiec (15 December 2014 &#8211; 2 January 2015)\"}]},{\"@type\":\"WebSite\",\"@id\":\"https:\/\/polowiec.pl\/en\/#website\",\"url\":\"https:\/\/polowiec.pl\/en\/\",\"name\":\"Polowiec i Wsp\u00f3lnicy - Kancelaria prawna\",\"description\":\"Obs\u0142uga prawna\",\"publisher\":{\"@id\":\"https:\/\/polowiec.pl\/en\/#organization\"},\"potentialAction\":[{\"@type\":\"SearchAction\",\"target\":{\"@type\":\"EntryPoint\",\"urlTemplate\":\"https:\/\/polowiec.pl\/en\/?s={search_term_string}\"},\"query-input\":{\"@type\":\"PropertyValueSpecification\",\"valueRequired\":true,\"valueName\":\"search_term_string\"}}],\"inLanguage\":\"en-US\"},{\"@type\":\"Organization\",\"@id\":\"https:\/\/polowiec.pl\/en\/#organization\",\"name\":\"Polowiec i Wsp\u00f3lnicy - Kancelaria prawna\",\"url\":\"https:\/\/polowiec.pl\/en\/\",\"logo\":{\"@type\":\"ImageObject\",\"inLanguage\":\"en-US\",\"@id\":\"https:\/\/polowiec.pl\/en\/#\/schema\/logo\/image\/\",\"url\":\"https:\/\/polowiec.pl\/wp-content\/uploads\/2018\/10\/polowiec_logo2-1.png\",\"contentUrl\":\"https:\/\/polowiec.pl\/wp-content\/uploads\/2018\/10\/polowiec_logo2-1.png\",\"width\":540,\"height\":381,\"caption\":\"Polowiec i Wsp\u00f3lnicy - Kancelaria prawna\"},\"image\":{\"@id\":\"https:\/\/polowiec.pl\/en\/#\/schema\/logo\/image\/\"},\"sameAs\":[\"https:\/\/www.facebook.com\/polowieciwspolnicy\/\",\"https:\/\/www.linkedin.com\/company\/polowiec-i-wsplnicy-sp.j.\/about\/\"]},{\"@type\":\"Person\",\"@id\":\"https:\/\/polowiec.pl\/en\/#\/schema\/person\/ed8994874b775675a86115f307352d24\",\"name\":\"Super User\",\"image\":{\"@type\":\"ImageObject\",\"inLanguage\":\"en-US\",\"@id\":\"https:\/\/secure.gravatar.com\/avatar\/e759b874f0fa459bd87c83ff47148fc5718f86d9459564657124e571997afbf7?s=96&d=mm&r=g\",\"url\":\"https:\/\/secure.gravatar.com\/avatar\/e759b874f0fa459bd87c83ff47148fc5718f86d9459564657124e571997afbf7?s=96&d=mm&r=g\",\"contentUrl\":\"https:\/\/secure.gravatar.com\/avatar\/e759b874f0fa459bd87c83ff47148fc5718f86d9459564657124e571997afbf7?s=96&d=mm&r=g\",\"caption\":\"Super User\"}}]}<\/script>\n<!-- \/ Yoast SEO plugin. -->","yoast_head_json":{"title":"Legal Bulletin Of The Law Office Of Adam Polowiec (15 December 2014 - 2 January 2015) - Polowiec i Wsp\u00f3lnicy - Kancelaria prawna","robots":{"index":"index","follow":"follow","max-snippet":"max-snippet:-1","max-image-preview":"max-image-preview:large","max-video-preview":"max-video-preview:-1"},"canonical":"https:\/\/polowiec.pl\/en\/legal-bulletin-of-the-law-office-of-adam-polowiec-15-december-2014-2-january-2015\/","og_locale":"en_US","og_type":"article","og_title":"Legal Bulletin Of The Law Office Of Adam Polowiec (15 December 2014 - 2 January 2015) - Polowiec i Wsp\u00f3lnicy - Kancelaria prawna","og_description":"We would like to present the next issue of legal bulletin of the Law Office of Adam Polowiec.What you will find here is some information about the new provisions of law and the projects of amendments to acts, but also case-laws including the case laws of Supreme Court, Constitutional Tribunal and European Court of Justice.","og_url":"https:\/\/polowiec.pl\/en\/legal-bulletin-of-the-law-office-of-adam-polowiec-15-december-2014-2-january-2015\/","og_site_name":"Polowiec i Wsp\u00f3lnicy - Kancelaria prawna","article_publisher":"https:\/\/www.facebook.com\/polowieciwspolnicy\/","article_published_time":"2015-01-04T23:15:11+00:00","article_modified_time":"2018-10-11T08:42:55+00:00","author":"Super User","twitter_card":"summary_large_image","twitter_misc":{"Written by":"Super User","Est. reading time":"6 minutes"},"schema":{"@context":"https:\/\/schema.org","@graph":[{"@type":"Article","@id":"https:\/\/polowiec.pl\/en\/legal-bulletin-of-the-law-office-of-adam-polowiec-15-december-2014-2-january-2015\/#article","isPartOf":{"@id":"https:\/\/polowiec.pl\/en\/legal-bulletin-of-the-law-office-of-adam-polowiec-15-december-2014-2-january-2015\/"},"author":{"name":"Super User","@id":"https:\/\/polowiec.pl\/en\/#\/schema\/person\/ed8994874b775675a86115f307352d24"},"headline":"Legal Bulletin Of The Law Office Of Adam Polowiec (15 December 2014 &#8211; 2 January 2015)","datePublished":"2015-01-04T23:15:11+00:00","dateModified":"2018-10-11T08:42:55+00:00","mainEntityOfPage":{"@id":"https:\/\/polowiec.pl\/en\/legal-bulletin-of-the-law-office-of-adam-polowiec-15-december-2014-2-january-2015\/"},"wordCount":1221,"publisher":{"@id":"https:\/\/polowiec.pl\/en\/#organization"},"articleSection":["Newsletter"],"inLanguage":"en-US"},{"@type":"WebPage","@id":"https:\/\/polowiec.pl\/en\/legal-bulletin-of-the-law-office-of-adam-polowiec-15-december-2014-2-january-2015\/","url":"https:\/\/polowiec.pl\/en\/legal-bulletin-of-the-law-office-of-adam-polowiec-15-december-2014-2-january-2015\/","name":"Legal Bulletin Of The Law Office Of Adam Polowiec (15 December 2014 - 2 January 2015) - Polowiec i Wsp\u00f3lnicy - Kancelaria prawna","isPartOf":{"@id":"https:\/\/polowiec.pl\/en\/#website"},"datePublished":"2015-01-04T23:15:11+00:00","dateModified":"2018-10-11T08:42:55+00:00","breadcrumb":{"@id":"https:\/\/polowiec.pl\/en\/legal-bulletin-of-the-law-office-of-adam-polowiec-15-december-2014-2-january-2015\/#breadcrumb"},"inLanguage":"en-US","potentialAction":[{"@type":"ReadAction","target":["https:\/\/polowiec.pl\/en\/legal-bulletin-of-the-law-office-of-adam-polowiec-15-december-2014-2-january-2015\/"]}]},{"@type":"BreadcrumbList","@id":"https:\/\/polowiec.pl\/en\/legal-bulletin-of-the-law-office-of-adam-polowiec-15-december-2014-2-january-2015\/#breadcrumb","itemListElement":[{"@type":"ListItem","position":1,"name":"Strona g\u0142\u00f3wna","item":"https:\/\/polowiec.pl\/en\/"},{"@type":"ListItem","position":2,"name":"Legal Bulletin Of The Law Office Of Adam Polowiec (15 December 2014 &#8211; 2 January 2015)"}]},{"@type":"WebSite","@id":"https:\/\/polowiec.pl\/en\/#website","url":"https:\/\/polowiec.pl\/en\/","name":"Polowiec i Wsp\u00f3lnicy - Kancelaria prawna","description":"Obs\u0142uga prawna","publisher":{"@id":"https:\/\/polowiec.pl\/en\/#organization"},"potentialAction":[{"@type":"SearchAction","target":{"@type":"EntryPoint","urlTemplate":"https:\/\/polowiec.pl\/en\/?s={search_term_string}"},"query-input":{"@type":"PropertyValueSpecification","valueRequired":true,"valueName":"search_term_string"}}],"inLanguage":"en-US"},{"@type":"Organization","@id":"https:\/\/polowiec.pl\/en\/#organization","name":"Polowiec i Wsp\u00f3lnicy - Kancelaria prawna","url":"https:\/\/polowiec.pl\/en\/","logo":{"@type":"ImageObject","inLanguage":"en-US","@id":"https:\/\/polowiec.pl\/en\/#\/schema\/logo\/image\/","url":"https:\/\/polowiec.pl\/wp-content\/uploads\/2018\/10\/polowiec_logo2-1.png","contentUrl":"https:\/\/polowiec.pl\/wp-content\/uploads\/2018\/10\/polowiec_logo2-1.png","width":540,"height":381,"caption":"Polowiec i Wsp\u00f3lnicy - Kancelaria prawna"},"image":{"@id":"https:\/\/polowiec.pl\/en\/#\/schema\/logo\/image\/"},"sameAs":["https:\/\/www.facebook.com\/polowieciwspolnicy\/","https:\/\/www.linkedin.com\/company\/polowiec-i-wsplnicy-sp.j.\/about\/"]},{"@type":"Person","@id":"https:\/\/polowiec.pl\/en\/#\/schema\/person\/ed8994874b775675a86115f307352d24","name":"Super User","image":{"@type":"ImageObject","inLanguage":"en-US","@id":"https:\/\/secure.gravatar.com\/avatar\/e759b874f0fa459bd87c83ff47148fc5718f86d9459564657124e571997afbf7?s=96&d=mm&r=g","url":"https:\/\/secure.gravatar.com\/avatar\/e759b874f0fa459bd87c83ff47148fc5718f86d9459564657124e571997afbf7?s=96&d=mm&r=g","contentUrl":"https:\/\/secure.gravatar.com\/avatar\/e759b874f0fa459bd87c83ff47148fc5718f86d9459564657124e571997afbf7?s=96&d=mm&r=g","caption":"Super User"}}]}},"_links":{"self":[{"href":"https:\/\/polowiec.pl\/en\/wp-json\/wp\/v2\/posts\/547","targetHints":{"allow":["GET"]}}],"collection":[{"href":"https:\/\/polowiec.pl\/en\/wp-json\/wp\/v2\/posts"}],"about":[{"href":"https:\/\/polowiec.pl\/en\/wp-json\/wp\/v2\/types\/post"}],"author":[{"embeddable":true,"href":"https:\/\/polowiec.pl\/en\/wp-json\/wp\/v2\/users\/2"}],"replies":[{"embeddable":true,"href":"https:\/\/polowiec.pl\/en\/wp-json\/wp\/v2\/comments?post=547"}],"version-history":[{"count":0,"href":"https:\/\/polowiec.pl\/en\/wp-json\/wp\/v2\/posts\/547\/revisions"}],"wp:attachment":[{"href":"https:\/\/polowiec.pl\/en\/wp-json\/wp\/v2\/media?parent=547"}],"wp:term":[{"taxonomy":"category","embeddable":true,"href":"https:\/\/polowiec.pl\/en\/wp-json\/wp\/v2\/categories?post=547"},{"taxonomy":"post_tag","embeddable":true,"href":"https:\/\/polowiec.pl\/en\/wp-json\/wp\/v2\/tags?post=547"}],"curies":[{"name":"wp","href":"https:\/\/api.w.org\/{rel}","templated":true}]}}