{"id":550,"date":"2015-02-06T18:03:48","date_gmt":"2015-02-06T17:03:48","guid":{"rendered":"https:\/\/nowa.polowiec.pl\/legal-bulletin-of-the-law-office-of-adam-polowiec-19-25-january-2015\/"},"modified":"2018-10-11T10:42:55","modified_gmt":"2018-10-11T08:42:55","slug":"legal-bulletin-of-the-law-office-of-adam-polowiec-19-25-january-2015","status":"publish","type":"post","link":"https:\/\/polowiec.pl\/en\/legal-bulletin-of-the-law-office-of-adam-polowiec-19-25-january-2015\/","title":{"rendered":"Legal Bulletin Of The Law Office Of Adam Polowiec (19 &#8211; 25 January 2015)"},"content":{"rendered":"<p>We would like to present the next issue of legal bulletin of the Law Office of Adam Polowiec.<br \/>What you will find here is some information about the new provisions of law and the projects of amendments to acts, but also case-laws including the case laws of Supreme Court, Constitutional Tribunal and European Court of Justice. <!--more--> <\/p>\n<h3 class=\"newsletter-naglowek\">Nowe Prawo<\/h3>\n<p><strong>ODPADY<\/strong><\/p>\n<p><strong>Ustawa<\/strong> z dnia 15 stycznia 2015 r. o zmianie ustawy o odpadach oraz niekt\u00f3rych innych ustaw (Dz. U. z 2015 r., poz. 122) <strong>\u2013 wejdzie w \u017cycie z dniem 6 lutego 2015 r., z\u00a0wyj\u0105tkiem art. 1 pkt 11 i 13, kt\u00f3re wchodz\u0105 w \u017cycie z dniem og\u0142oszenia, z\u00a0moc\u0105 od dnia 23 stycznia 2015 r., oraz art. 1 pkt 3 lit. a i lit. b w zakresie art.\u00a035 ust. 4a oraz pkt 6 lit. a, kt\u00f3re wchodz\u0105 w \u017cycie z dniem 1 lipca 2018 r.<\/strong><\/p>\n<p>W ustawie z dnia 14 grudnia 2012 r. o odpadach (Dz. U. z 2013 r. poz. 21, z p\u00f3\u017an. zm.) zmianie ulega brzmienie art. 20, art. 33, art. 35, art. 36, art. 38, art. 40, art. 41 w ust. 3 w pkt 1 lit. c, art. 232, art. 250 ust. 1 i 2, dodany zostanie art. 35a, art. 38a, art.\u00a046\u00a0dodaje si\u0119 ust. 3, art. 243a.<\/p>\n<p>W ustawie z dnia 13 wrze\u015bnia 1996 r. o utrzymaniu czysto\u015bci i porz\u0105dku w gminach (Dz.\u00a0U. z 2013 r. poz. 1399 i 1593 oraz z 2015 r. poz. 87) w art. 9e dodaje si\u0119 ust. 1a.<\/p>\n<p>W ustawie z dnia 27 kwietnia 2001 r. &#8211; Prawo ochrony \u015brodowiska (Dz. U. z 2013 r. poz.\u00a01232, z p\u00f3\u017an. zm.) zmianie ulegnie brzmienie art. 186, art. 378.<\/p>\n<p><strong>Rozporz\u0105dzenie<\/strong> Ministra Gospodarki z dnia 16 stycznia 2015 r. w sprawie rodzaj\u00f3w odpad\u00f3w, kt\u00f3re mog\u0105 by\u0107 sk\u0142adowane na sk\u0142adowisku odpad\u00f3w w spos\u00f3b nieselektywny (Dz. U. z 2015 r., poz. 110) <strong>\u2013 wesz\u0142o w \u017cycie z dniem 23 stycznia 2015 r.<\/strong><\/p>\n<p><strong>\u00a0<\/strong><\/p>\n<h3 class=\"newsletter-naglowek\">Orzecznictwo<\/h3>\n<p><strong>Trybuna\u0142 Konstytucyjny; Trybuna\u0142 Sprawiedliwo\u015bci Unii Europejskiej<\/strong><\/p>\n<p><strong>DANE WRA\u017bLIWE DLA NAJWY\u017bSZEJ IZBY KONTROLI<\/strong><\/p>\n<p>Trybuna\u0142 Konstytucyjny stwierdzi\u0142, \u017ce dost\u0119p Najwy\u017cszej Izby Kontroli do danych o\u00a0pogl\u0105dach politycznych i religijnych, o kodzie genetycznym, na\u0142ogach i \u017cyciu seksualnym obywateli jest niezgodny z Konstytucj\u0105. Ustawa o ochronie danych osobowych zakazuje przetwarzania danych wra\u017cliwych &#8211; czyli ujawniaj\u0105cych pochodzenie rasowe lub etniczne, pogl\u0105dy polityczne, przekonania religijne lub filozoficzne, przynale\u017cno\u015b\u0107 wyznaniow\u0105, partyjn\u0105 lub zwi\u0105zkow\u0105, dane o stanie zdrowia, kodzie genetycznym, na\u0142ogach lub \u017cyciu seksualnym oraz dane dotycz\u0105ce skaza\u0144, orzecze\u0144 o\u00a0ukaraniu i mandat\u00f3w karnych. Te dane mo\u017cna przetwarza\u0107, tylko je\u015bli inna ustawa na\u00a0to zezwala bez zgody danej osoby i stwarza pe\u0142ne gwarancje ich ochrony. W ustawie o\u00a0NIK zapisano, \u017ce Izba mo\u017ce je przetwarza\u0107, je\u017celi jest to niezb\u0119dne do\u00a0przeprowadzenia kontroli. Trybuna\u0142 Konstytucyjny uzna\u0142 kwestionowany zapis ustawy o NIK za niekonstytucyjny tylko w zakresie, w jakim uprawnia przedstawicieli NIK do\u00a0przetwarzania danych ujawniaj\u0105cych pogl\u0105dy polityczne, przekonania religijne lub\u00a0filozoficzne, dane o kodzie genetycznym, na\u0142ogach lub \u017cyciu seksualnym. Zdaniem Trybuna\u0142u Konstytucyjnego dane te nie s\u0105 przydatne NIK w \u015bwietle konstytucyjnego i\u00a0ustawowego katalogu podmiot\u00f3w kontrolowanych przez Izb\u0119 oraz zakresu dopuszczalnej kontroli. W pozosta\u0142ym zakresie Trybuna\u0142 Konstytucyjny uzna\u0142 konstytucyjno\u015b\u0107 zapisu &#8211; bo inne dane wra\u017cliwe s\u0105 przydatne do realizacji kompetencji NIK. Trybuna\u0142 oceni\u0142, \u017ce nie jest to nadmierne ograniczenie prawa do prywatno\u015bci, gdy\u017c kontrola NIK nie ma charakteru bezpo\u015brednio kszta\u0142tuj\u0105cego sfer\u0119 danych osobowych. Dodano, \u017ce Izba korzysta ze zbior\u00f3w podmiot\u00f3w kontrolowanych i nie ingeruje w\u00a0przetwarzanie przez nie danych osobowych, a dost\u0119p do danych wra\u017cliwych maj\u0105 kontrolerzy NIK o szczeg\u00f3lnym statusie gwarantuj\u0105cym apolityczno\u015b\u0107 i bezstronno\u015b\u0107. Dane wra\u017cliwe stanowi\u0105 tajemnic\u0119 kontrolersk\u0105, kt\u00f3rej obowi\u0105zek dochowania trwa r\u00f3wnie\u017c po ustaniu zatrudnienia, i zabezpieczony jest sankcj\u0105 dyscyplinarn\u0105 oraz karn\u0105. Wed\u0142ug Trybuna\u0142u dane o stanie zdrowia s\u0105 istotnym elementem kontroli jednostek opieki zdrowotnej, zw\u0142aszcza dla ochrony praw pacjent\u00f3w i zwi\u0119kszenia efektywno\u015bci leczenia. Trybuna\u0142 Konstytucyjny orzek\u0142, \u017ce dane ujawniaj\u0105ce przynale\u017cno\u015b\u0107 wyznaniow\u0105 oraz dane o pochodzeniu etnicznym s\u0105 niezb\u0119dne w toku kontroli przestrzegania przez w\u0142adze publiczne zasady ochrony mniejszo\u015bci narodowych oraz mniejszo\u015bci religijnych. Tego rodzaju dane mog\u0105 tak\u017ce okaza\u0107 si\u0119 niezb\u0119dne w wypadku kontroli dzia\u0142a\u0144 organ\u00f3w zobowi\u0105zanych do zapewnienia porz\u0105dku publicznego w zwi\u0105zku z zagro\u017ceniem terrorystycznym. Dane o przynale\u017cno\u015bci partyjnej mog\u0105 by\u0107 wykorzystane przez NIK przy ocenie apolityczno\u015bci Korpusu S\u0142u\u017cby Cywilnej i pracownik\u00f3w w\u0142adzy publicznej. Wed\u0142ug Trybuna\u0142u Konstytucyjnego dane ujawniaj\u0105ce t\u0119 przynale\u017cno\u015b\u0107 nie nale\u017c\u0105 wy\u0142\u0105cznie do sfery prywatnej, gdy\u017c dzia\u0142alno\u015b\u0107 partyjna ma charakter po\u015brednicz\u0105cy mi\u0119dzy sfer\u0105 prywatn\u0105 a publiczn\u0105, a przepisy konstytucyjne zakazuj\u0105 utajniania przynale\u017cno\u015bci partyjnej. Przetwarzanie przez NIK danych o przynale\u017cno\u015bci zwi\u0105zkowej niezb\u0119dne jest za\u015b dla zagwarantowania efektywnej ochrony konstytucyjnej wolno\u015bci zrzeszania si\u0119 <strong>&#8211; Wyrok Trybuna\u0142u Konstytucyjnego z dnia 20 stycznia 2015 r., sygn. alt K. 39\/2012.<\/strong><\/p>\n","protected":false},"excerpt":{"rendered":"<p>We would like to present the next issue of legal bulletin of the Law Office of Adam Polowiec.What you will find here is some information about the new provisions of law and the projects of amendments to acts, but also case-laws including the case laws of Supreme Court, Constitutional Tribunal and European Court of Justice.<\/p>\n","protected":false},"author":2,"featured_media":0,"comment_status":"closed","ping_status":"open","sticky":false,"template":"","format":"standard","meta":{"footnotes":""},"categories":[11],"tags":[],"class_list":["post-550","post","type-post","status-publish","format-standard","hentry","category-newsletters"],"featured_image_src":{"landsacpe":false,"list":false,"medium":false,"full":false},"yoast_head":"<!-- This site is optimized with the Yoast SEO plugin v27.2 - https:\/\/yoast.com\/product\/yoast-seo-wordpress\/ -->\n<title>Legal Bulletin Of The Law Office Of Adam Polowiec (19 - 25 January 2015) - Polowiec i Wsp\u00f3lnicy - Kancelaria prawna<\/title>\n<meta name=\"robots\" content=\"index, follow, max-snippet:-1, max-image-preview:large, max-video-preview:-1\" \/>\n<link rel=\"canonical\" href=\"https:\/\/polowiec.pl\/en\/legal-bulletin-of-the-law-office-of-adam-polowiec-19-25-january-2015\/\" \/>\n<meta property=\"og:locale\" content=\"en_US\" \/>\n<meta property=\"og:type\" content=\"article\" \/>\n<meta property=\"og:title\" content=\"Legal Bulletin Of The Law Office Of Adam Polowiec (19 - 25 January 2015) - Polowiec i Wsp\u00f3lnicy - Kancelaria prawna\" \/>\n<meta property=\"og:description\" content=\"We would like to present the next issue of legal bulletin of the Law Office of Adam Polowiec.What you will find here is some information about the new provisions of law and the projects of amendments to acts, but also case-laws including the case laws of Supreme Court, Constitutional Tribunal and European Court of Justice.\" \/>\n<meta property=\"og:url\" content=\"https:\/\/polowiec.pl\/en\/legal-bulletin-of-the-law-office-of-adam-polowiec-19-25-january-2015\/\" \/>\n<meta property=\"og:site_name\" content=\"Polowiec i Wsp\u00f3lnicy - Kancelaria prawna\" \/>\n<meta property=\"article:publisher\" content=\"https:\/\/www.facebook.com\/polowieciwspolnicy\/\" \/>\n<meta property=\"article:published_time\" content=\"2015-02-06T17:03:48+00:00\" \/>\n<meta property=\"article:modified_time\" content=\"2018-10-11T08:42:55+00:00\" \/>\n<meta name=\"author\" content=\"Super User\" \/>\n<meta name=\"twitter:card\" content=\"summary_large_image\" \/>\n<meta name=\"twitter:label1\" content=\"Written by\" \/>\n\t<meta name=\"twitter:data1\" content=\"Super User\" \/>\n\t<meta name=\"twitter:label2\" content=\"Est. reading time\" \/>\n\t<meta name=\"twitter:data2\" content=\"4 minutes\" \/>\n<script type=\"application\/ld+json\" class=\"yoast-schema-graph\">{\"@context\":\"https:\/\/schema.org\",\"@graph\":[{\"@type\":\"Article\",\"@id\":\"https:\/\/polowiec.pl\/en\/legal-bulletin-of-the-law-office-of-adam-polowiec-19-25-january-2015\/#article\",\"isPartOf\":{\"@id\":\"https:\/\/polowiec.pl\/en\/legal-bulletin-of-the-law-office-of-adam-polowiec-19-25-january-2015\/\"},\"author\":{\"name\":\"Super User\",\"@id\":\"https:\/\/polowiec.pl\/en\/#\/schema\/person\/ed8994874b775675a86115f307352d24\"},\"headline\":\"Legal Bulletin Of The Law Office Of Adam Polowiec (19 &#8211; 25 January 2015)\",\"datePublished\":\"2015-02-06T17:03:48+00:00\",\"dateModified\":\"2018-10-11T08:42:55+00:00\",\"mainEntityOfPage\":{\"@id\":\"https:\/\/polowiec.pl\/en\/legal-bulletin-of-the-law-office-of-adam-polowiec-19-25-january-2015\/\"},\"wordCount\":808,\"publisher\":{\"@id\":\"https:\/\/polowiec.pl\/en\/#organization\"},\"articleSection\":[\"Newsletter\"],\"inLanguage\":\"en-US\"},{\"@type\":\"WebPage\",\"@id\":\"https:\/\/polowiec.pl\/en\/legal-bulletin-of-the-law-office-of-adam-polowiec-19-25-january-2015\/\",\"url\":\"https:\/\/polowiec.pl\/en\/legal-bulletin-of-the-law-office-of-adam-polowiec-19-25-january-2015\/\",\"name\":\"Legal Bulletin Of The Law Office Of Adam Polowiec (19 - 25 January 2015) - Polowiec i Wsp\u00f3lnicy - Kancelaria prawna\",\"isPartOf\":{\"@id\":\"https:\/\/polowiec.pl\/en\/#website\"},\"datePublished\":\"2015-02-06T17:03:48+00:00\",\"dateModified\":\"2018-10-11T08:42:55+00:00\",\"breadcrumb\":{\"@id\":\"https:\/\/polowiec.pl\/en\/legal-bulletin-of-the-law-office-of-adam-polowiec-19-25-january-2015\/#breadcrumb\"},\"inLanguage\":\"en-US\",\"potentialAction\":[{\"@type\":\"ReadAction\",\"target\":[\"https:\/\/polowiec.pl\/en\/legal-bulletin-of-the-law-office-of-adam-polowiec-19-25-january-2015\/\"]}]},{\"@type\":\"BreadcrumbList\",\"@id\":\"https:\/\/polowiec.pl\/en\/legal-bulletin-of-the-law-office-of-adam-polowiec-19-25-january-2015\/#breadcrumb\",\"itemListElement\":[{\"@type\":\"ListItem\",\"position\":1,\"name\":\"Strona g\u0142\u00f3wna\",\"item\":\"https:\/\/polowiec.pl\/en\/\"},{\"@type\":\"ListItem\",\"position\":2,\"name\":\"Legal Bulletin Of The Law Office Of Adam Polowiec (19 &#8211; 25 January 2015)\"}]},{\"@type\":\"WebSite\",\"@id\":\"https:\/\/polowiec.pl\/en\/#website\",\"url\":\"https:\/\/polowiec.pl\/en\/\",\"name\":\"Polowiec i Wsp\u00f3lnicy - Kancelaria prawna\",\"description\":\"Obs\u0142uga prawna\",\"publisher\":{\"@id\":\"https:\/\/polowiec.pl\/en\/#organization\"},\"potentialAction\":[{\"@type\":\"SearchAction\",\"target\":{\"@type\":\"EntryPoint\",\"urlTemplate\":\"https:\/\/polowiec.pl\/en\/?s={search_term_string}\"},\"query-input\":{\"@type\":\"PropertyValueSpecification\",\"valueRequired\":true,\"valueName\":\"search_term_string\"}}],\"inLanguage\":\"en-US\"},{\"@type\":\"Organization\",\"@id\":\"https:\/\/polowiec.pl\/en\/#organization\",\"name\":\"Polowiec i Wsp\u00f3lnicy - Kancelaria prawna\",\"url\":\"https:\/\/polowiec.pl\/en\/\",\"logo\":{\"@type\":\"ImageObject\",\"inLanguage\":\"en-US\",\"@id\":\"https:\/\/polowiec.pl\/en\/#\/schema\/logo\/image\/\",\"url\":\"https:\/\/polowiec.pl\/wp-content\/uploads\/2018\/10\/polowiec_logo2-1.png\",\"contentUrl\":\"https:\/\/polowiec.pl\/wp-content\/uploads\/2018\/10\/polowiec_logo2-1.png\",\"width\":540,\"height\":381,\"caption\":\"Polowiec i Wsp\u00f3lnicy - Kancelaria prawna\"},\"image\":{\"@id\":\"https:\/\/polowiec.pl\/en\/#\/schema\/logo\/image\/\"},\"sameAs\":[\"https:\/\/www.facebook.com\/polowieciwspolnicy\/\",\"https:\/\/www.linkedin.com\/company\/polowiec-i-wsplnicy-sp.j.\/about\/\"]},{\"@type\":\"Person\",\"@id\":\"https:\/\/polowiec.pl\/en\/#\/schema\/person\/ed8994874b775675a86115f307352d24\",\"name\":\"Super User\",\"image\":{\"@type\":\"ImageObject\",\"inLanguage\":\"en-US\",\"@id\":\"https:\/\/secure.gravatar.com\/avatar\/e759b874f0fa459bd87c83ff47148fc5718f86d9459564657124e571997afbf7?s=96&d=mm&r=g\",\"url\":\"https:\/\/secure.gravatar.com\/avatar\/e759b874f0fa459bd87c83ff47148fc5718f86d9459564657124e571997afbf7?s=96&d=mm&r=g\",\"contentUrl\":\"https:\/\/secure.gravatar.com\/avatar\/e759b874f0fa459bd87c83ff47148fc5718f86d9459564657124e571997afbf7?s=96&d=mm&r=g\",\"caption\":\"Super User\"}}]}<\/script>\n<!-- \/ Yoast SEO plugin. -->","yoast_head_json":{"title":"Legal Bulletin Of The Law Office Of Adam Polowiec (19 - 25 January 2015) - Polowiec i Wsp\u00f3lnicy - Kancelaria prawna","robots":{"index":"index","follow":"follow","max-snippet":"max-snippet:-1","max-image-preview":"max-image-preview:large","max-video-preview":"max-video-preview:-1"},"canonical":"https:\/\/polowiec.pl\/en\/legal-bulletin-of-the-law-office-of-adam-polowiec-19-25-january-2015\/","og_locale":"en_US","og_type":"article","og_title":"Legal Bulletin Of The Law Office Of Adam Polowiec (19 - 25 January 2015) - Polowiec i Wsp\u00f3lnicy - Kancelaria prawna","og_description":"We would like to present the next issue of legal bulletin of the Law Office of Adam Polowiec.What you will find here is some information about the new provisions of law and the projects of amendments to acts, but also case-laws including the case laws of Supreme Court, Constitutional Tribunal and European Court of Justice.","og_url":"https:\/\/polowiec.pl\/en\/legal-bulletin-of-the-law-office-of-adam-polowiec-19-25-january-2015\/","og_site_name":"Polowiec i Wsp\u00f3lnicy - Kancelaria prawna","article_publisher":"https:\/\/www.facebook.com\/polowieciwspolnicy\/","article_published_time":"2015-02-06T17:03:48+00:00","article_modified_time":"2018-10-11T08:42:55+00:00","author":"Super User","twitter_card":"summary_large_image","twitter_misc":{"Written by":"Super User","Est. reading time":"4 minutes"},"schema":{"@context":"https:\/\/schema.org","@graph":[{"@type":"Article","@id":"https:\/\/polowiec.pl\/en\/legal-bulletin-of-the-law-office-of-adam-polowiec-19-25-january-2015\/#article","isPartOf":{"@id":"https:\/\/polowiec.pl\/en\/legal-bulletin-of-the-law-office-of-adam-polowiec-19-25-january-2015\/"},"author":{"name":"Super User","@id":"https:\/\/polowiec.pl\/en\/#\/schema\/person\/ed8994874b775675a86115f307352d24"},"headline":"Legal Bulletin Of The Law Office Of Adam Polowiec (19 &#8211; 25 January 2015)","datePublished":"2015-02-06T17:03:48+00:00","dateModified":"2018-10-11T08:42:55+00:00","mainEntityOfPage":{"@id":"https:\/\/polowiec.pl\/en\/legal-bulletin-of-the-law-office-of-adam-polowiec-19-25-january-2015\/"},"wordCount":808,"publisher":{"@id":"https:\/\/polowiec.pl\/en\/#organization"},"articleSection":["Newsletter"],"inLanguage":"en-US"},{"@type":"WebPage","@id":"https:\/\/polowiec.pl\/en\/legal-bulletin-of-the-law-office-of-adam-polowiec-19-25-january-2015\/","url":"https:\/\/polowiec.pl\/en\/legal-bulletin-of-the-law-office-of-adam-polowiec-19-25-january-2015\/","name":"Legal Bulletin Of The Law Office Of Adam Polowiec (19 - 25 January 2015) - Polowiec i Wsp\u00f3lnicy - Kancelaria prawna","isPartOf":{"@id":"https:\/\/polowiec.pl\/en\/#website"},"datePublished":"2015-02-06T17:03:48+00:00","dateModified":"2018-10-11T08:42:55+00:00","breadcrumb":{"@id":"https:\/\/polowiec.pl\/en\/legal-bulletin-of-the-law-office-of-adam-polowiec-19-25-january-2015\/#breadcrumb"},"inLanguage":"en-US","potentialAction":[{"@type":"ReadAction","target":["https:\/\/polowiec.pl\/en\/legal-bulletin-of-the-law-office-of-adam-polowiec-19-25-january-2015\/"]}]},{"@type":"BreadcrumbList","@id":"https:\/\/polowiec.pl\/en\/legal-bulletin-of-the-law-office-of-adam-polowiec-19-25-january-2015\/#breadcrumb","itemListElement":[{"@type":"ListItem","position":1,"name":"Strona g\u0142\u00f3wna","item":"https:\/\/polowiec.pl\/en\/"},{"@type":"ListItem","position":2,"name":"Legal Bulletin Of The Law Office Of Adam Polowiec (19 &#8211; 25 January 2015)"}]},{"@type":"WebSite","@id":"https:\/\/polowiec.pl\/en\/#website","url":"https:\/\/polowiec.pl\/en\/","name":"Polowiec i Wsp\u00f3lnicy - Kancelaria prawna","description":"Obs\u0142uga prawna","publisher":{"@id":"https:\/\/polowiec.pl\/en\/#organization"},"potentialAction":[{"@type":"SearchAction","target":{"@type":"EntryPoint","urlTemplate":"https:\/\/polowiec.pl\/en\/?s={search_term_string}"},"query-input":{"@type":"PropertyValueSpecification","valueRequired":true,"valueName":"search_term_string"}}],"inLanguage":"en-US"},{"@type":"Organization","@id":"https:\/\/polowiec.pl\/en\/#organization","name":"Polowiec i Wsp\u00f3lnicy - Kancelaria prawna","url":"https:\/\/polowiec.pl\/en\/","logo":{"@type":"ImageObject","inLanguage":"en-US","@id":"https:\/\/polowiec.pl\/en\/#\/schema\/logo\/image\/","url":"https:\/\/polowiec.pl\/wp-content\/uploads\/2018\/10\/polowiec_logo2-1.png","contentUrl":"https:\/\/polowiec.pl\/wp-content\/uploads\/2018\/10\/polowiec_logo2-1.png","width":540,"height":381,"caption":"Polowiec i Wsp\u00f3lnicy - Kancelaria prawna"},"image":{"@id":"https:\/\/polowiec.pl\/en\/#\/schema\/logo\/image\/"},"sameAs":["https:\/\/www.facebook.com\/polowieciwspolnicy\/","https:\/\/www.linkedin.com\/company\/polowiec-i-wsplnicy-sp.j.\/about\/"]},{"@type":"Person","@id":"https:\/\/polowiec.pl\/en\/#\/schema\/person\/ed8994874b775675a86115f307352d24","name":"Super User","image":{"@type":"ImageObject","inLanguage":"en-US","@id":"https:\/\/secure.gravatar.com\/avatar\/e759b874f0fa459bd87c83ff47148fc5718f86d9459564657124e571997afbf7?s=96&d=mm&r=g","url":"https:\/\/secure.gravatar.com\/avatar\/e759b874f0fa459bd87c83ff47148fc5718f86d9459564657124e571997afbf7?s=96&d=mm&r=g","contentUrl":"https:\/\/secure.gravatar.com\/avatar\/e759b874f0fa459bd87c83ff47148fc5718f86d9459564657124e571997afbf7?s=96&d=mm&r=g","caption":"Super User"}}]}},"_links":{"self":[{"href":"https:\/\/polowiec.pl\/en\/wp-json\/wp\/v2\/posts\/550","targetHints":{"allow":["GET"]}}],"collection":[{"href":"https:\/\/polowiec.pl\/en\/wp-json\/wp\/v2\/posts"}],"about":[{"href":"https:\/\/polowiec.pl\/en\/wp-json\/wp\/v2\/types\/post"}],"author":[{"embeddable":true,"href":"https:\/\/polowiec.pl\/en\/wp-json\/wp\/v2\/users\/2"}],"replies":[{"embeddable":true,"href":"https:\/\/polowiec.pl\/en\/wp-json\/wp\/v2\/comments?post=550"}],"version-history":[{"count":0,"href":"https:\/\/polowiec.pl\/en\/wp-json\/wp\/v2\/posts\/550\/revisions"}],"wp:attachment":[{"href":"https:\/\/polowiec.pl\/en\/wp-json\/wp\/v2\/media?parent=550"}],"wp:term":[{"taxonomy":"category","embeddable":true,"href":"https:\/\/polowiec.pl\/en\/wp-json\/wp\/v2\/categories?post=550"},{"taxonomy":"post_tag","embeddable":true,"href":"https:\/\/polowiec.pl\/en\/wp-json\/wp\/v2\/tags?post=550"}],"curies":[{"name":"wp","href":"https:\/\/api.w.org\/{rel}","templated":true}]}}