{"id":555,"date":"2015-03-02T10:28:48","date_gmt":"2015-03-02T09:28:48","guid":{"rendered":"https:\/\/nowa.polowiec.pl\/legal-bulletin-of-the-law-office-of-adam-polowiec-23-february-1-march-2015\/"},"modified":"2018-10-11T20:27:48","modified_gmt":"2018-10-11T18:27:48","slug":"legal-bulletin-of-the-law-office-of-adam-polowiec-23-february-1-march-2015","status":"publish","type":"post","link":"https:\/\/polowiec.pl\/en\/legal-bulletin-of-the-law-office-of-adam-polowiec-23-february-1-march-2015\/","title":{"rendered":"Legal Bulletin Of The Law Office Of Adam Polowiec (23 February &#8211; 1 March 2015)"},"content":{"rendered":"<p>We would like to present the next issue of legal bulletin of the Law Office of Adam Polowiec.<br \/>\nWhat you will find here is some information about the new provisions of law and the projects of amendments to acts, but also case-laws including the case laws of Supreme Court, Constitutional Tribunal and European Court of Justice. <!--more--><\/p>\n<h3 class=\"newsletter-naglowek\">Nowe Prawo<\/h3>\n<p><strong>PODATKI I RACHUNKOWO\u015a\u0106<\/strong><\/p>\n<p><strong>Ustawa <\/strong>z dnia 16 stycznia 2015 r. o zmianie ustawy o podatku dochodowym od os\u00f3b fizycznych oraz ustawy &#8211; Ordynacja podatkowa (Dz. U. z 2015 r., poz. 251) <strong>\u2013\u00a0wejdzie\u00a0w\u00a0\u017cycie z dniem 1 stycznia 2016 r., z wyj\u0105tkiem art. 4, kt\u00f3ry wchodzi w\u00a0\u017cycie z\u00a0dniem 28 lutego 2015 r. <\/strong><\/p>\n<p>W ustawie z dnia 26 lipca 1991 r. o podatku dochodowym od os\u00f3b fizycznych (Dz.\u00a0U.\u00a0z\u00a02012 r. poz. 361, z p\u00f3\u017an. zm.) zmianie ulegnie brzmienie art. 2, art. 9 ust. 1a, art. 11 ust. 1, art. 20, dodany zostanie rozdzia\u0142 5a, uchylony zostanie w art. 30 ust. 1 pkt\u00a07.<\/p>\n<p>W ustawie z dnia 29 sierpnia 1997 r. &#8211; Ordynacja podatkowa (Dz. U. z 2012 r. poz. 749, z p\u00f3\u017an. zm.) zmianie ulegnie brzmienie art. 99, art. 306f \u00a72, dodany zostanie w\u00a0art.\u00a068\u00a0\u00a74a, w art. 272 w pkt 3 kropk\u0119 zast\u0119puje si\u0119 \u015brednikiem i dodaje si\u0119 pkt 4.<\/p>\n<p><strong>\u00a0<\/strong><\/p>\n<p><strong>OBLIGACJE<\/strong><\/p>\n<p><strong>Ustawa<\/strong> z dnia 15 stycznia 2015 r. o obligacjach (Dz. U. z 2015 r., poz. 238)<br \/>\n<strong>\u2013 wejdzie w \u017cycie z dniem 1 lipca 2015 r. <\/strong><\/p>\n<h3 class=\"newsletter-naglowek\">Orzecznictwo<\/h3>\n<p><strong>Trybuna\u0142 Konstytucyjny; Trybuna\u0142 Sprawiedliwo\u015bci Unii Europejskiej<\/strong><\/p>\n<p><strong>SPRZEDA\u017b OLEJU OPA\u0141OWEGO<\/strong><\/p>\n<p>Trybuna\u0142 Konstytucyjny orzek\u0142, \u017ce \u00a7 6 ust. 5 w zwi\u0105zku z \u00a7 5 pkt 1, w brzmieniu obowi\u0105zuj\u0105cym od 1 stycznia 2003 r., oraz \u00a7 12 ust. 1 pkt 1 rozporz\u0105dzenia Ministra Finans\u00f3w z 22 marca 2002 r. w sprawie podatku akcyzowego w zakresie, w jakim dotyczy przypadk\u00f3w nie\u015bwiadomego przyj\u0119cia przez sprzedaj\u0105cego o\u015bwiadczenia o\u00a0przeznaczeniu nabywanego oleju na cele opa\u0142owe zawieraj\u0105cego nieprawdziwe dane, jest niezgodny z art. 64 ust. 1 i 3 w zwi\u0105zku z art. 2 oraz art. 31 ust. 3 Konstytucji. Trybuna\u0142 Konstytucyjny stwierdzi\u0142, \u017ce podatnik nie mo\u017ce ponosi\u0107 negatywnych konsekwencji sk\u0142adania fa\u0142szywych o\u015bwiadcze\u0144 przez osoby trzecie &#8211; nabywc\u00f3w oleju opa\u0142owego, w przypadku, gdy nie mia\u0142 on \u015bwiadomo\u015bci, \u017ce przyjmuje o\u015bwiadczenie o\u00a0przeznaczeniu oleju opa\u0142owego zawieraj\u0105ce nieprawdziwe dane. W takiej sytuacji bowiem warunek skorzystania z preferencyjnej stawki podatkowej mia\u0142by cechy niemo\u017cliwego do spe\u0142nienia, co godzi w zasad\u0119 zaufania do pa\u0144stwa i stanowionego przez nie prawa oraz zasad\u0119 proporcjonalno\u015bci ogranicze\u0144 praw maj\u0105tkowych jednostki &#8211; <strong>Wyrok Trybuna\u0142u Konstytucyjnego z dnia 12 lutego 2015 r., sygn. akt SK 14\/12.<\/strong><\/p>\n<p><strong>\u00a0<\/strong><\/p>\n<p><strong>SWOBODA WYPOWIEDZI<\/strong><\/p>\n<p>Trybuna\u0142 Konstytucyjny w odpowiedzi na pytanie, czy zniewa\u017cenie funkcjonariusza publicznego w sytuacji niepublicznej jest karalne, stwierdzi\u0142, \u017ce wa\u017cniejsza jest nieskr\u0119powana debata publiczna ni\u017c ochrona funkcjonariusza-polityka. Wed\u0142ug Trybuna\u0142u, badaj\u0105c, czy dosz\u0142o do przest\u0119pstwa, prokuratury i s\u0105dy powinny bra\u0107 pod uwag\u0119 status autora zniewa\u017caj\u0105cej wypowiedzi i osoby zniewa\u017canej oraz charakter wypowiedzi &#8211; czy pad\u0142a w ramach debaty publicznej i jakie racje sta\u0142y za danymi s\u0142owami. Je\u017celi wypowied\u017a zniewa\u017caj\u0105ca nie by\u0142a nakierowana wy\u0142\u0105cznie na naruszenie czci osoby lub godno\u015bci urz\u0119du, wymierzane sankcje karne nie powinny eliminowa\u0107 mo\u017cliwo\u015bci uczestniczenia oskar\u017conego w debacie publicznej lub wywo\u0142ywa\u0107 w tym zakresie efektu mro\u017c\u0105cego. Zdaniem Trybuna\u0142u w przypadku funkcjonariuszy nieb\u0119d\u0105cych jednocze\u015bnie politykami, w razie kolizji z wolno\u015bci\u0105 wypowiedzi, nale\u017cy przyzna\u0107 pierwsze\u0144stwo ochronie porz\u0105dku publicznego, zar\u00f3wno ze wzgl\u0119du na sprawne funkcjonowanie urz\u0119du, jak i ze wzgl\u0119du na ochron\u0119 godno\u015bci funkcjonariusza. Natomiast\u00a0wa\u017cenie konstytucyjnych warto\u015bci, jakimi s\u0105 wolno\u015b\u0107 wypowiedzi oraz porz\u0105dek publiczny &#8211; w sytuacji, gdy ochrona porz\u0105dku publicznego mia\u0142aby polega\u0107 na ochronie niezak\u0142\u00f3conego dzia\u0142ania i godno\u015bci funkcjonariusza-polityka &#8211; nakazuje da\u0107 priorytet wolno\u015bci wypowiedzi. Wa\u017cniejsza jest nieskr\u0119powana debata publiczna ni\u017c ochrona funkcjonariusza-polityka <strong>\u2013 Wyrok Trybuna\u0142u Konstytucyjnego z dnia 12 lutego 2015 r., sygn. akt SK 70\/13.<\/strong><\/p>\n","protected":false},"excerpt":{"rendered":"<p>We would like to present the next issue of legal bulletin of the Law Office of Adam Polowiec. What you will find here is some information about the new provisions of law and the projects of amendments to acts, but also case-laws including the case laws of Supreme Court, Constitutional Tribunal and European Court of [&hellip;]<\/p>\n","protected":false},"author":2,"featured_media":0,"comment_status":"closed","ping_status":"open","sticky":false,"template":"","format":"standard","meta":{"footnotes":""},"categories":[11],"tags":[],"class_list":["post-555","post","type-post","status-publish","format-standard","hentry","category-newsletters"],"featured_image_src":{"landsacpe":false,"list":false,"medium":false,"full":false},"yoast_head":"<!-- This site is optimized with the Yoast SEO plugin v27.2 - https:\/\/yoast.com\/product\/yoast-seo-wordpress\/ -->\n<title>Legal Bulletin Of The Law Office Of Adam Polowiec (23 February - 1 March 2015) - Polowiec i Wsp\u00f3lnicy - Kancelaria prawna<\/title>\n<meta name=\"robots\" content=\"index, follow, max-snippet:-1, max-image-preview:large, max-video-preview:-1\" \/>\n<link rel=\"canonical\" href=\"https:\/\/polowiec.pl\/en\/legal-bulletin-of-the-law-office-of-adam-polowiec-23-february-1-march-2015\/\" \/>\n<meta property=\"og:locale\" content=\"en_US\" \/>\n<meta property=\"og:type\" content=\"article\" \/>\n<meta property=\"og:title\" content=\"Legal Bulletin Of The Law Office Of Adam Polowiec (23 February - 1 March 2015) - Polowiec i Wsp\u00f3lnicy - Kancelaria prawna\" \/>\n<meta property=\"og:description\" content=\"We would like to present the next issue of legal bulletin of the Law Office of Adam Polowiec. What you will find here is some information about the new provisions of law and the projects of amendments to acts, but also case-laws including the case laws of Supreme Court, Constitutional Tribunal and European Court of [&hellip;]\" \/>\n<meta property=\"og:url\" content=\"https:\/\/polowiec.pl\/en\/legal-bulletin-of-the-law-office-of-adam-polowiec-23-february-1-march-2015\/\" \/>\n<meta property=\"og:site_name\" content=\"Polowiec i Wsp\u00f3lnicy - Kancelaria prawna\" \/>\n<meta property=\"article:publisher\" content=\"https:\/\/www.facebook.com\/polowieciwspolnicy\/\" \/>\n<meta property=\"article:published_time\" content=\"2015-03-02T09:28:48+00:00\" \/>\n<meta property=\"article:modified_time\" content=\"2018-10-11T18:27:48+00:00\" \/>\n<meta name=\"author\" content=\"Super User\" \/>\n<meta name=\"twitter:card\" content=\"summary_large_image\" \/>\n<meta name=\"twitter:label1\" content=\"Written by\" \/>\n\t<meta name=\"twitter:data1\" content=\"Super User\" \/>\n\t<meta name=\"twitter:label2\" content=\"Est. reading time\" \/>\n\t<meta name=\"twitter:data2\" content=\"3 minutes\" \/>\n<script type=\"application\/ld+json\" class=\"yoast-schema-graph\">{\"@context\":\"https:\/\/schema.org\",\"@graph\":[{\"@type\":\"Article\",\"@id\":\"https:\/\/polowiec.pl\/en\/legal-bulletin-of-the-law-office-of-adam-polowiec-23-february-1-march-2015\/#article\",\"isPartOf\":{\"@id\":\"https:\/\/polowiec.pl\/en\/legal-bulletin-of-the-law-office-of-adam-polowiec-23-february-1-march-2015\/\"},\"author\":{\"name\":\"Super User\",\"@id\":\"https:\/\/polowiec.pl\/en\/#\/schema\/person\/ed8994874b775675a86115f307352d24\"},\"headline\":\"Legal Bulletin Of The Law Office Of Adam Polowiec (23 February &#8211; 1 March 2015)\",\"datePublished\":\"2015-03-02T09:28:48+00:00\",\"dateModified\":\"2018-10-11T18:27:48+00:00\",\"mainEntityOfPage\":{\"@id\":\"https:\/\/polowiec.pl\/en\/legal-bulletin-of-the-law-office-of-adam-polowiec-23-february-1-march-2015\/\"},\"wordCount\":645,\"publisher\":{\"@id\":\"https:\/\/polowiec.pl\/en\/#organization\"},\"articleSection\":[\"Newsletter\"],\"inLanguage\":\"en-US\"},{\"@type\":\"WebPage\",\"@id\":\"https:\/\/polowiec.pl\/en\/legal-bulletin-of-the-law-office-of-adam-polowiec-23-february-1-march-2015\/\",\"url\":\"https:\/\/polowiec.pl\/en\/legal-bulletin-of-the-law-office-of-adam-polowiec-23-february-1-march-2015\/\",\"name\":\"Legal Bulletin Of The Law Office Of Adam Polowiec (23 February - 1 March 2015) - Polowiec i Wsp\u00f3lnicy - Kancelaria prawna\",\"isPartOf\":{\"@id\":\"https:\/\/polowiec.pl\/en\/#website\"},\"datePublished\":\"2015-03-02T09:28:48+00:00\",\"dateModified\":\"2018-10-11T18:27:48+00:00\",\"breadcrumb\":{\"@id\":\"https:\/\/polowiec.pl\/en\/legal-bulletin-of-the-law-office-of-adam-polowiec-23-february-1-march-2015\/#breadcrumb\"},\"inLanguage\":\"en-US\",\"potentialAction\":[{\"@type\":\"ReadAction\",\"target\":[\"https:\/\/polowiec.pl\/en\/legal-bulletin-of-the-law-office-of-adam-polowiec-23-february-1-march-2015\/\"]}]},{\"@type\":\"BreadcrumbList\",\"@id\":\"https:\/\/polowiec.pl\/en\/legal-bulletin-of-the-law-office-of-adam-polowiec-23-february-1-march-2015\/#breadcrumb\",\"itemListElement\":[{\"@type\":\"ListItem\",\"position\":1,\"name\":\"Strona g\u0142\u00f3wna\",\"item\":\"https:\/\/polowiec.pl\/en\/\"},{\"@type\":\"ListItem\",\"position\":2,\"name\":\"Legal Bulletin Of The Law Office Of Adam Polowiec (23 February &#8211; 1 March 2015)\"}]},{\"@type\":\"WebSite\",\"@id\":\"https:\/\/polowiec.pl\/en\/#website\",\"url\":\"https:\/\/polowiec.pl\/en\/\",\"name\":\"Polowiec i Wsp\u00f3lnicy - Kancelaria prawna\",\"description\":\"Obs\u0142uga prawna\",\"publisher\":{\"@id\":\"https:\/\/polowiec.pl\/en\/#organization\"},\"potentialAction\":[{\"@type\":\"SearchAction\",\"target\":{\"@type\":\"EntryPoint\",\"urlTemplate\":\"https:\/\/polowiec.pl\/en\/?s={search_term_string}\"},\"query-input\":{\"@type\":\"PropertyValueSpecification\",\"valueRequired\":true,\"valueName\":\"search_term_string\"}}],\"inLanguage\":\"en-US\"},{\"@type\":\"Organization\",\"@id\":\"https:\/\/polowiec.pl\/en\/#organization\",\"name\":\"Polowiec i Wsp\u00f3lnicy - Kancelaria prawna\",\"url\":\"https:\/\/polowiec.pl\/en\/\",\"logo\":{\"@type\":\"ImageObject\",\"inLanguage\":\"en-US\",\"@id\":\"https:\/\/polowiec.pl\/en\/#\/schema\/logo\/image\/\",\"url\":\"https:\/\/polowiec.pl\/wp-content\/uploads\/2018\/10\/polowiec_logo2-1.png\",\"contentUrl\":\"https:\/\/polowiec.pl\/wp-content\/uploads\/2018\/10\/polowiec_logo2-1.png\",\"width\":540,\"height\":381,\"caption\":\"Polowiec i Wsp\u00f3lnicy - Kancelaria prawna\"},\"image\":{\"@id\":\"https:\/\/polowiec.pl\/en\/#\/schema\/logo\/image\/\"},\"sameAs\":[\"https:\/\/www.facebook.com\/polowieciwspolnicy\/\",\"https:\/\/www.linkedin.com\/company\/polowiec-i-wsplnicy-sp.j.\/about\/\"]},{\"@type\":\"Person\",\"@id\":\"https:\/\/polowiec.pl\/en\/#\/schema\/person\/ed8994874b775675a86115f307352d24\",\"name\":\"Super User\",\"image\":{\"@type\":\"ImageObject\",\"inLanguage\":\"en-US\",\"@id\":\"https:\/\/secure.gravatar.com\/avatar\/e759b874f0fa459bd87c83ff47148fc5718f86d9459564657124e571997afbf7?s=96&d=mm&r=g\",\"url\":\"https:\/\/secure.gravatar.com\/avatar\/e759b874f0fa459bd87c83ff47148fc5718f86d9459564657124e571997afbf7?s=96&d=mm&r=g\",\"contentUrl\":\"https:\/\/secure.gravatar.com\/avatar\/e759b874f0fa459bd87c83ff47148fc5718f86d9459564657124e571997afbf7?s=96&d=mm&r=g\",\"caption\":\"Super User\"}}]}<\/script>\n<!-- \/ Yoast SEO plugin. -->","yoast_head_json":{"title":"Legal Bulletin Of The Law Office Of Adam Polowiec (23 February - 1 March 2015) - Polowiec i Wsp\u00f3lnicy - Kancelaria prawna","robots":{"index":"index","follow":"follow","max-snippet":"max-snippet:-1","max-image-preview":"max-image-preview:large","max-video-preview":"max-video-preview:-1"},"canonical":"https:\/\/polowiec.pl\/en\/legal-bulletin-of-the-law-office-of-adam-polowiec-23-february-1-march-2015\/","og_locale":"en_US","og_type":"article","og_title":"Legal Bulletin Of The Law Office Of Adam Polowiec (23 February - 1 March 2015) - Polowiec i Wsp\u00f3lnicy - Kancelaria prawna","og_description":"We would like to present the next issue of legal bulletin of the Law Office of Adam Polowiec. What you will find here is some information about the new provisions of law and the projects of amendments to acts, but also case-laws including the case laws of Supreme Court, Constitutional Tribunal and European Court of [&hellip;]","og_url":"https:\/\/polowiec.pl\/en\/legal-bulletin-of-the-law-office-of-adam-polowiec-23-february-1-march-2015\/","og_site_name":"Polowiec i Wsp\u00f3lnicy - Kancelaria prawna","article_publisher":"https:\/\/www.facebook.com\/polowieciwspolnicy\/","article_published_time":"2015-03-02T09:28:48+00:00","article_modified_time":"2018-10-11T18:27:48+00:00","author":"Super User","twitter_card":"summary_large_image","twitter_misc":{"Written by":"Super User","Est. reading time":"3 minutes"},"schema":{"@context":"https:\/\/schema.org","@graph":[{"@type":"Article","@id":"https:\/\/polowiec.pl\/en\/legal-bulletin-of-the-law-office-of-adam-polowiec-23-february-1-march-2015\/#article","isPartOf":{"@id":"https:\/\/polowiec.pl\/en\/legal-bulletin-of-the-law-office-of-adam-polowiec-23-february-1-march-2015\/"},"author":{"name":"Super User","@id":"https:\/\/polowiec.pl\/en\/#\/schema\/person\/ed8994874b775675a86115f307352d24"},"headline":"Legal Bulletin Of The Law Office Of Adam Polowiec (23 February &#8211; 1 March 2015)","datePublished":"2015-03-02T09:28:48+00:00","dateModified":"2018-10-11T18:27:48+00:00","mainEntityOfPage":{"@id":"https:\/\/polowiec.pl\/en\/legal-bulletin-of-the-law-office-of-adam-polowiec-23-february-1-march-2015\/"},"wordCount":645,"publisher":{"@id":"https:\/\/polowiec.pl\/en\/#organization"},"articleSection":["Newsletter"],"inLanguage":"en-US"},{"@type":"WebPage","@id":"https:\/\/polowiec.pl\/en\/legal-bulletin-of-the-law-office-of-adam-polowiec-23-february-1-march-2015\/","url":"https:\/\/polowiec.pl\/en\/legal-bulletin-of-the-law-office-of-adam-polowiec-23-february-1-march-2015\/","name":"Legal Bulletin Of The Law Office Of Adam Polowiec (23 February - 1 March 2015) - Polowiec i Wsp\u00f3lnicy - Kancelaria prawna","isPartOf":{"@id":"https:\/\/polowiec.pl\/en\/#website"},"datePublished":"2015-03-02T09:28:48+00:00","dateModified":"2018-10-11T18:27:48+00:00","breadcrumb":{"@id":"https:\/\/polowiec.pl\/en\/legal-bulletin-of-the-law-office-of-adam-polowiec-23-february-1-march-2015\/#breadcrumb"},"inLanguage":"en-US","potentialAction":[{"@type":"ReadAction","target":["https:\/\/polowiec.pl\/en\/legal-bulletin-of-the-law-office-of-adam-polowiec-23-february-1-march-2015\/"]}]},{"@type":"BreadcrumbList","@id":"https:\/\/polowiec.pl\/en\/legal-bulletin-of-the-law-office-of-adam-polowiec-23-february-1-march-2015\/#breadcrumb","itemListElement":[{"@type":"ListItem","position":1,"name":"Strona g\u0142\u00f3wna","item":"https:\/\/polowiec.pl\/en\/"},{"@type":"ListItem","position":2,"name":"Legal Bulletin Of The Law Office Of Adam Polowiec (23 February &#8211; 1 March 2015)"}]},{"@type":"WebSite","@id":"https:\/\/polowiec.pl\/en\/#website","url":"https:\/\/polowiec.pl\/en\/","name":"Polowiec i Wsp\u00f3lnicy - Kancelaria prawna","description":"Obs\u0142uga prawna","publisher":{"@id":"https:\/\/polowiec.pl\/en\/#organization"},"potentialAction":[{"@type":"SearchAction","target":{"@type":"EntryPoint","urlTemplate":"https:\/\/polowiec.pl\/en\/?s={search_term_string}"},"query-input":{"@type":"PropertyValueSpecification","valueRequired":true,"valueName":"search_term_string"}}],"inLanguage":"en-US"},{"@type":"Organization","@id":"https:\/\/polowiec.pl\/en\/#organization","name":"Polowiec i Wsp\u00f3lnicy - Kancelaria prawna","url":"https:\/\/polowiec.pl\/en\/","logo":{"@type":"ImageObject","inLanguage":"en-US","@id":"https:\/\/polowiec.pl\/en\/#\/schema\/logo\/image\/","url":"https:\/\/polowiec.pl\/wp-content\/uploads\/2018\/10\/polowiec_logo2-1.png","contentUrl":"https:\/\/polowiec.pl\/wp-content\/uploads\/2018\/10\/polowiec_logo2-1.png","width":540,"height":381,"caption":"Polowiec i Wsp\u00f3lnicy - Kancelaria prawna"},"image":{"@id":"https:\/\/polowiec.pl\/en\/#\/schema\/logo\/image\/"},"sameAs":["https:\/\/www.facebook.com\/polowieciwspolnicy\/","https:\/\/www.linkedin.com\/company\/polowiec-i-wsplnicy-sp.j.\/about\/"]},{"@type":"Person","@id":"https:\/\/polowiec.pl\/en\/#\/schema\/person\/ed8994874b775675a86115f307352d24","name":"Super User","image":{"@type":"ImageObject","inLanguage":"en-US","@id":"https:\/\/secure.gravatar.com\/avatar\/e759b874f0fa459bd87c83ff47148fc5718f86d9459564657124e571997afbf7?s=96&d=mm&r=g","url":"https:\/\/secure.gravatar.com\/avatar\/e759b874f0fa459bd87c83ff47148fc5718f86d9459564657124e571997afbf7?s=96&d=mm&r=g","contentUrl":"https:\/\/secure.gravatar.com\/avatar\/e759b874f0fa459bd87c83ff47148fc5718f86d9459564657124e571997afbf7?s=96&d=mm&r=g","caption":"Super User"}}]}},"_links":{"self":[{"href":"https:\/\/polowiec.pl\/en\/wp-json\/wp\/v2\/posts\/555","targetHints":{"allow":["GET"]}}],"collection":[{"href":"https:\/\/polowiec.pl\/en\/wp-json\/wp\/v2\/posts"}],"about":[{"href":"https:\/\/polowiec.pl\/en\/wp-json\/wp\/v2\/types\/post"}],"author":[{"embeddable":true,"href":"https:\/\/polowiec.pl\/en\/wp-json\/wp\/v2\/users\/2"}],"replies":[{"embeddable":true,"href":"https:\/\/polowiec.pl\/en\/wp-json\/wp\/v2\/comments?post=555"}],"version-history":[{"count":0,"href":"https:\/\/polowiec.pl\/en\/wp-json\/wp\/v2\/posts\/555\/revisions"}],"wp:attachment":[{"href":"https:\/\/polowiec.pl\/en\/wp-json\/wp\/v2\/media?parent=555"}],"wp:term":[{"taxonomy":"category","embeddable":true,"href":"https:\/\/polowiec.pl\/en\/wp-json\/wp\/v2\/categories?post=555"},{"taxonomy":"post_tag","embeddable":true,"href":"https:\/\/polowiec.pl\/en\/wp-json\/wp\/v2\/tags?post=555"}],"curies":[{"name":"wp","href":"https:\/\/api.w.org\/{rel}","templated":true}]}}