{"id":556,"date":"2015-03-17T14:34:56","date_gmt":"2015-03-17T13:34:56","guid":{"rendered":"https:\/\/nowa.polowiec.pl\/legal-bulletin-of-the-law-office-of-adam-polowiec-2-8-march-2015\/"},"modified":"2018-10-11T20:27:53","modified_gmt":"2018-10-11T18:27:53","slug":"legal-bulletin-of-the-law-office-of-adam-polowiec-2-8-march-2015","status":"publish","type":"post","link":"https:\/\/polowiec.pl\/en\/legal-bulletin-of-the-law-office-of-adam-polowiec-2-8-march-2015\/","title":{"rendered":"Legal Bulletin Of The Law Office Of Adam Polowiec (2 &#8211; 8 March 2015)"},"content":{"rendered":"<p>We would like to present the next issue of legal bulletin of the Law Office of Adam Polowiec.<br \/>What you will find here is some information about the new provisions of law and the projects of amendments to acts, but also case-laws including the case laws of Supreme Court, Constitutional Tribunal and European Court of Justice. <!--more--> <\/p>\n<h3 class=\"newsletter-naglowek\">Nowe Prawo<\/h3>\n<p><strong>KOMORNICY S\u0104DOWI I EGZEKUCJA<\/strong><\/p>\n<p><strong>Rozporz\u0105dzenie <\/strong>Ministra Sprawiedliwo\u015bci z dnia 19 lutego 2015 r. zmieniaj\u0105ce rozporz\u0105dzenie w sprawie komisji egzaminacyjnych oraz przeprowadzania egzamin\u00f3w konkursowego i komorniczego (Dz. U. z 2015 r., poz. 267) <strong>\u2013 wesz\u0142o w \u017cycie z dniem 27 lutego 2015 r.<\/strong><\/p>\n<p>W rozporz\u0105dzeniu Ministra Sprawiedliwo\u015bci z dnia 6 wrze\u015bnia 2013 r. w sprawie komisji egzaminacyjnych oraz przeprowadzania egzamin\u00f3w konkursowego i komorniczego (Dz.\u00a0U. poz. 1078 oraz z 2014 r. poz. 264) zmianie uleg\u0142o brzmienie \u00a726 ust. 1, dodany zosta\u0142 w \u00a722 w ust. 5 pkt 2a, \u00a722a. <\/p>\n<p><strong>Rozporz\u0105dzenie<\/strong> Ministra Sprawiedliwo\u015bci z dnia 26 lutego 2015 r. w sprawie trybu post\u0119powania przy likwidacji kancelarii komorniczych (Dz. U. z 2015 r., poz. 291) <strong>\u2013wesz\u0142o w \u017cycie z dniem 4 marca 2015 r.<\/strong><\/p>\n<p><strong>\u00a0<\/strong><\/p>\n<p><strong>ODPADY<\/strong><\/p>\n<p><strong>Rozporz\u0105dzenie <\/strong>Ministra \u015arodowiska z dnia 27 lutego 2015 r. zmieniaj\u0105ce rozporz\u0105dzenie w sprawie rodzaj\u00f3w odpad\u00f3w i ilo\u015bci odpad\u00f3w, dla kt\u00f3rych nie ma obowi\u0105zku prowadzenia ewidencji odpad\u00f3w (Dz. U. z 2015 r., poz. 314) <strong>\u2013 wesz\u0142o\u00a0w\u00a0\u017cycie z dniem 6 marca 2015 r.<\/strong><\/p>\n<p>W rozporz\u0105dzeniu Ministra \u015arodowiska z dnia 12 grudnia 2014 r. w sprawie rodzaj\u00f3w odpad\u00f3w i ilo\u015bci odpad\u00f3w, dla kt\u00f3rych nie ma obowi\u0105zku prowadzenia ewidencji odpad\u00f3w (Dz. U. poz. 1974) za\u0142\u0105cznik otrzymuje brzmienie okre\u015blone w za\u0142\u0105czniku do niniejszego rozporz\u0105dzenia.<\/p>\n<p><strong>\u00a0<\/strong><\/p>\n<p><strong>PO\u015aREDNICTWO UBEZPIECZENIOWE<\/strong><\/p>\n<p><strong>Rozporz\u0105dzenie<\/strong> Ministra Finans\u00f3w z dnia 12 lutego 2015 r. w sprawie obowi\u0105zkowego ubezpieczenia odpowiedzialno\u015bci cywilnej z tytu\u0142u wykonywania dzia\u0142alno\u015bci brokerskiej (Dz. U. z 2015 r., poz. 275) <strong>\u2013 wejdzie \u017cycie z dniem 1 czerwca 2015 r. <\/strong><\/p>\n<p><strong>Rozporz\u0105dzenie <\/strong>Ministra Finans\u00f3w z dnia 12 lutego 2015 r. w sprawie obowi\u0105zkowego ubezpieczenia odpowiedzialno\u015bci cywilnej z tytu\u0142u wykonywania czynno\u015bci agencyjnych (Dz. U. z 2015 r., poz. 276) <strong>\u2013 wejdzie w \u017cycie z dniem 1 czerwca 2015 r.<\/strong><\/p>\n<p>\u00a0<\/p>\n<h3 class=\"newsletter-naglowek\">Orzecznictwo<\/h3>\n<p><strong>Trybuna\u0142 Konstytucyjny; Trybuna\u0142 Sprawiedliwo\u015bci Unii Europejskiej<\/strong><\/p>\n<p><strong>PRZEPISY PRAWA AUTORSKIEGO<\/strong><\/p>\n<p>Trybuna\u0142 Konstytucyjny orzek\u0142, \u017ce art. 115 ust. 3 ustawy z 4 lutego 1994 r. o prawie autorskim i prawach pokrewnych jest zgodny z art. 42 ust. 1 Konstytucji. W uzasadnieniu rozstrzygni\u0119cia Trybuna\u0142 Konstytucyjny wyja\u015bni\u0142, \u017ce wym\u00f3g okre\u015blono\u015bci nie jest spe\u0142niony jedynie w takim wypadku, gdy adresat normy prawnokarnej nie jest w sprawie zrekonstruowa\u0107 zasadniczych znamion czynu zabronionego. Zgodnie z wcze\u015bniejszym orzecznictwem konstytucyjnym standard okre\u015blono\u015bci przepis\u00f3w prawnych, tak\u017ce w\u00a0zakresie normowania art. 42 ust. 1 Konstytucji, nie wyklucza mo\u017cliwo\u015bci pos\u0142ugiwania si\u0119 w obr\u0119bie prawa karnego pewnym marginesem swobody regulacyjnej pa\u0144stwa. Dlatego standard ten w zakresie regulacji karnej, jakkolwiek stawiaj\u0105cy wy\u017csze wymagania ustawodawcy, nie wymaga jasno\u015bci czy komunikatywno\u015bci wyra\u017cenia zakazu lub nakazu prawnego w stopniu absolutny<strong>. \u2013 Wyrok Trybuna\u0142u Konstytucyjnego z\u00a0dnia 17 lutego 2015 r. sygn. akt K 15\/13.<\/strong><\/p>\n<p><strong>\u00a0<\/strong><\/p>\n<p><strong>KOSZTY PROCESU KARNEGO<\/strong><\/p>\n<p>Trybuna\u0142 Konstytucyjny stwierdzi\u0142, \u017ce brak mo\u017cliwo\u015bci zaskar\u017cenia orzeczenia o kosztach procesu karnego zas\u0105dzonych po raz pierwszy przez s\u0105d odwo\u0142awczy, jest niezgodny z\u00a0Konstytucj\u0105. Trybuna\u0142 uzna\u0142, \u017ce orzekanie o kosztach procesu w post\u0119powaniu karnym \u2013 chocia\u017c uboczne w stosunku do g\u0142\u00f3wnego post\u0119powania karnego, jest odr\u0119bn\u0105 spraw\u0105. S\u0105d rozstrzyga bowiem w tym orzeczeniu o ekonomicznym ci\u0119\u017carze procesu, zobowi\u0105zuj\u0105c okre\u015blone podmioty do jego poniesienia. Orzeczenie to, jako dotycz\u0105ce praw podmiot\u00f3w wyst\u0119puj\u0105cych w procesie karnym i realizuj\u0105cych w tym procesie swoje interesy maj\u0105tkowe, wydane po raz pierwszy na tle g\u0142\u00f3wnej sprawy karnej, powinno by\u0107 traktowane jako orzeczenie wydane w pierwszej instancji. Bez wzgl\u0119du na to, jaki status ma wydaj\u0105cy je s\u0105d w sprawie g\u0142\u00f3wnej. W konsekwencji orzeczenie takie, co do zasady, ma by\u0107 zaskar\u017calne. <strong>&#8211; Wyrok Trybuna\u0142u Konstytucyjnego z dnia 24 lutego 2015 r., sygn. akt K 34\/12.<\/strong><\/p>\n","protected":false},"excerpt":{"rendered":"<p>We would like to present the next issue of legal bulletin of the Law Office of Adam Polowiec.What you will find here is some information about the new provisions of law and the projects of amendments to acts, but also case-laws including the case laws of Supreme Court, Constitutional Tribunal and European Court of Justice.<\/p>\n","protected":false},"author":2,"featured_media":0,"comment_status":"closed","ping_status":"open","sticky":false,"template":"","format":"standard","meta":{"footnotes":""},"categories":[11],"tags":[],"class_list":["post-556","post","type-post","status-publish","format-standard","hentry","category-newsletters"],"featured_image_src":{"landsacpe":false,"list":false,"medium":false,"full":false},"yoast_head":"<!-- This site is optimized with the Yoast SEO plugin v27.2 - https:\/\/yoast.com\/product\/yoast-seo-wordpress\/ -->\n<title>Legal Bulletin Of The Law Office Of Adam Polowiec (2 - 8 March 2015) - Polowiec i Wsp\u00f3lnicy - Kancelaria prawna<\/title>\n<meta name=\"robots\" content=\"index, follow, max-snippet:-1, max-image-preview:large, max-video-preview:-1\" \/>\n<link rel=\"canonical\" href=\"https:\/\/polowiec.pl\/en\/legal-bulletin-of-the-law-office-of-adam-polowiec-2-8-march-2015\/\" \/>\n<meta property=\"og:locale\" content=\"en_US\" \/>\n<meta property=\"og:type\" content=\"article\" \/>\n<meta property=\"og:title\" content=\"Legal Bulletin Of The Law Office Of Adam Polowiec (2 - 8 March 2015) - Polowiec i Wsp\u00f3lnicy - Kancelaria prawna\" \/>\n<meta property=\"og:description\" content=\"We would like to present the next issue of legal bulletin of the Law Office of Adam Polowiec.What you will find here is some information about the new provisions of law and the projects of amendments to acts, but also case-laws including the case laws of Supreme Court, Constitutional Tribunal and European Court of Justice.\" \/>\n<meta property=\"og:url\" content=\"https:\/\/polowiec.pl\/en\/legal-bulletin-of-the-law-office-of-adam-polowiec-2-8-march-2015\/\" \/>\n<meta property=\"og:site_name\" content=\"Polowiec i Wsp\u00f3lnicy - Kancelaria prawna\" \/>\n<meta property=\"article:publisher\" content=\"https:\/\/www.facebook.com\/polowieciwspolnicy\/\" \/>\n<meta property=\"article:published_time\" content=\"2015-03-17T13:34:56+00:00\" \/>\n<meta property=\"article:modified_time\" content=\"2018-10-11T18:27:53+00:00\" \/>\n<meta name=\"author\" content=\"Super User\" \/>\n<meta name=\"twitter:card\" content=\"summary_large_image\" \/>\n<meta name=\"twitter:label1\" content=\"Written by\" \/>\n\t<meta name=\"twitter:data1\" content=\"Super User\" \/>\n\t<meta name=\"twitter:label2\" content=\"Est. reading time\" \/>\n\t<meta name=\"twitter:data2\" content=\"3 minutes\" \/>\n<script type=\"application\/ld+json\" class=\"yoast-schema-graph\">{\"@context\":\"https:\/\/schema.org\",\"@graph\":[{\"@type\":\"Article\",\"@id\":\"https:\/\/polowiec.pl\/en\/legal-bulletin-of-the-law-office-of-adam-polowiec-2-8-march-2015\/#article\",\"isPartOf\":{\"@id\":\"https:\/\/polowiec.pl\/en\/legal-bulletin-of-the-law-office-of-adam-polowiec-2-8-march-2015\/\"},\"author\":{\"name\":\"Super User\",\"@id\":\"https:\/\/polowiec.pl\/en\/#\/schema\/person\/ed8994874b775675a86115f307352d24\"},\"headline\":\"Legal Bulletin Of The Law Office Of Adam Polowiec (2 &#8211; 8 March 2015)\",\"datePublished\":\"2015-03-17T13:34:56+00:00\",\"dateModified\":\"2018-10-11T18:27:53+00:00\",\"mainEntityOfPage\":{\"@id\":\"https:\/\/polowiec.pl\/en\/legal-bulletin-of-the-law-office-of-adam-polowiec-2-8-march-2015\/\"},\"wordCount\":664,\"publisher\":{\"@id\":\"https:\/\/polowiec.pl\/en\/#organization\"},\"articleSection\":[\"Newsletter\"],\"inLanguage\":\"en-US\"},{\"@type\":\"WebPage\",\"@id\":\"https:\/\/polowiec.pl\/en\/legal-bulletin-of-the-law-office-of-adam-polowiec-2-8-march-2015\/\",\"url\":\"https:\/\/polowiec.pl\/en\/legal-bulletin-of-the-law-office-of-adam-polowiec-2-8-march-2015\/\",\"name\":\"Legal Bulletin Of The Law Office Of Adam Polowiec (2 - 8 March 2015) - Polowiec i Wsp\u00f3lnicy - Kancelaria prawna\",\"isPartOf\":{\"@id\":\"https:\/\/polowiec.pl\/en\/#website\"},\"datePublished\":\"2015-03-17T13:34:56+00:00\",\"dateModified\":\"2018-10-11T18:27:53+00:00\",\"breadcrumb\":{\"@id\":\"https:\/\/polowiec.pl\/en\/legal-bulletin-of-the-law-office-of-adam-polowiec-2-8-march-2015\/#breadcrumb\"},\"inLanguage\":\"en-US\",\"potentialAction\":[{\"@type\":\"ReadAction\",\"target\":[\"https:\/\/polowiec.pl\/en\/legal-bulletin-of-the-law-office-of-adam-polowiec-2-8-march-2015\/\"]}]},{\"@type\":\"BreadcrumbList\",\"@id\":\"https:\/\/polowiec.pl\/en\/legal-bulletin-of-the-law-office-of-adam-polowiec-2-8-march-2015\/#breadcrumb\",\"itemListElement\":[{\"@type\":\"ListItem\",\"position\":1,\"name\":\"Strona g\u0142\u00f3wna\",\"item\":\"https:\/\/polowiec.pl\/en\/\"},{\"@type\":\"ListItem\",\"position\":2,\"name\":\"Legal Bulletin Of The Law Office Of Adam Polowiec (2 &#8211; 8 March 2015)\"}]},{\"@type\":\"WebSite\",\"@id\":\"https:\/\/polowiec.pl\/en\/#website\",\"url\":\"https:\/\/polowiec.pl\/en\/\",\"name\":\"Polowiec i Wsp\u00f3lnicy - Kancelaria prawna\",\"description\":\"Obs\u0142uga prawna\",\"publisher\":{\"@id\":\"https:\/\/polowiec.pl\/en\/#organization\"},\"potentialAction\":[{\"@type\":\"SearchAction\",\"target\":{\"@type\":\"EntryPoint\",\"urlTemplate\":\"https:\/\/polowiec.pl\/en\/?s={search_term_string}\"},\"query-input\":{\"@type\":\"PropertyValueSpecification\",\"valueRequired\":true,\"valueName\":\"search_term_string\"}}],\"inLanguage\":\"en-US\"},{\"@type\":\"Organization\",\"@id\":\"https:\/\/polowiec.pl\/en\/#organization\",\"name\":\"Polowiec i Wsp\u00f3lnicy - Kancelaria prawna\",\"url\":\"https:\/\/polowiec.pl\/en\/\",\"logo\":{\"@type\":\"ImageObject\",\"inLanguage\":\"en-US\",\"@id\":\"https:\/\/polowiec.pl\/en\/#\/schema\/logo\/image\/\",\"url\":\"https:\/\/polowiec.pl\/wp-content\/uploads\/2018\/10\/polowiec_logo2-1.png\",\"contentUrl\":\"https:\/\/polowiec.pl\/wp-content\/uploads\/2018\/10\/polowiec_logo2-1.png\",\"width\":540,\"height\":381,\"caption\":\"Polowiec i Wsp\u00f3lnicy - Kancelaria prawna\"},\"image\":{\"@id\":\"https:\/\/polowiec.pl\/en\/#\/schema\/logo\/image\/\"},\"sameAs\":[\"https:\/\/www.facebook.com\/polowieciwspolnicy\/\",\"https:\/\/www.linkedin.com\/company\/polowiec-i-wsplnicy-sp.j.\/about\/\"]},{\"@type\":\"Person\",\"@id\":\"https:\/\/polowiec.pl\/en\/#\/schema\/person\/ed8994874b775675a86115f307352d24\",\"name\":\"Super User\",\"image\":{\"@type\":\"ImageObject\",\"inLanguage\":\"en-US\",\"@id\":\"https:\/\/secure.gravatar.com\/avatar\/e759b874f0fa459bd87c83ff47148fc5718f86d9459564657124e571997afbf7?s=96&d=mm&r=g\",\"url\":\"https:\/\/secure.gravatar.com\/avatar\/e759b874f0fa459bd87c83ff47148fc5718f86d9459564657124e571997afbf7?s=96&d=mm&r=g\",\"contentUrl\":\"https:\/\/secure.gravatar.com\/avatar\/e759b874f0fa459bd87c83ff47148fc5718f86d9459564657124e571997afbf7?s=96&d=mm&r=g\",\"caption\":\"Super User\"}}]}<\/script>\n<!-- \/ Yoast SEO plugin. -->","yoast_head_json":{"title":"Legal Bulletin Of The Law Office Of Adam Polowiec (2 - 8 March 2015) - Polowiec i Wsp\u00f3lnicy - Kancelaria prawna","robots":{"index":"index","follow":"follow","max-snippet":"max-snippet:-1","max-image-preview":"max-image-preview:large","max-video-preview":"max-video-preview:-1"},"canonical":"https:\/\/polowiec.pl\/en\/legal-bulletin-of-the-law-office-of-adam-polowiec-2-8-march-2015\/","og_locale":"en_US","og_type":"article","og_title":"Legal Bulletin Of The Law Office Of Adam Polowiec (2 - 8 March 2015) - Polowiec i Wsp\u00f3lnicy - Kancelaria prawna","og_description":"We would like to present the next issue of legal bulletin of the Law Office of Adam Polowiec.What you will find here is some information about the new provisions of law and the projects of amendments to acts, but also case-laws including the case laws of Supreme Court, Constitutional Tribunal and European Court of Justice.","og_url":"https:\/\/polowiec.pl\/en\/legal-bulletin-of-the-law-office-of-adam-polowiec-2-8-march-2015\/","og_site_name":"Polowiec i Wsp\u00f3lnicy - Kancelaria prawna","article_publisher":"https:\/\/www.facebook.com\/polowieciwspolnicy\/","article_published_time":"2015-03-17T13:34:56+00:00","article_modified_time":"2018-10-11T18:27:53+00:00","author":"Super User","twitter_card":"summary_large_image","twitter_misc":{"Written by":"Super User","Est. reading time":"3 minutes"},"schema":{"@context":"https:\/\/schema.org","@graph":[{"@type":"Article","@id":"https:\/\/polowiec.pl\/en\/legal-bulletin-of-the-law-office-of-adam-polowiec-2-8-march-2015\/#article","isPartOf":{"@id":"https:\/\/polowiec.pl\/en\/legal-bulletin-of-the-law-office-of-adam-polowiec-2-8-march-2015\/"},"author":{"name":"Super User","@id":"https:\/\/polowiec.pl\/en\/#\/schema\/person\/ed8994874b775675a86115f307352d24"},"headline":"Legal Bulletin Of The Law Office Of Adam Polowiec (2 &#8211; 8 March 2015)","datePublished":"2015-03-17T13:34:56+00:00","dateModified":"2018-10-11T18:27:53+00:00","mainEntityOfPage":{"@id":"https:\/\/polowiec.pl\/en\/legal-bulletin-of-the-law-office-of-adam-polowiec-2-8-march-2015\/"},"wordCount":664,"publisher":{"@id":"https:\/\/polowiec.pl\/en\/#organization"},"articleSection":["Newsletter"],"inLanguage":"en-US"},{"@type":"WebPage","@id":"https:\/\/polowiec.pl\/en\/legal-bulletin-of-the-law-office-of-adam-polowiec-2-8-march-2015\/","url":"https:\/\/polowiec.pl\/en\/legal-bulletin-of-the-law-office-of-adam-polowiec-2-8-march-2015\/","name":"Legal Bulletin Of The Law Office Of Adam Polowiec (2 - 8 March 2015) - Polowiec i Wsp\u00f3lnicy - Kancelaria prawna","isPartOf":{"@id":"https:\/\/polowiec.pl\/en\/#website"},"datePublished":"2015-03-17T13:34:56+00:00","dateModified":"2018-10-11T18:27:53+00:00","breadcrumb":{"@id":"https:\/\/polowiec.pl\/en\/legal-bulletin-of-the-law-office-of-adam-polowiec-2-8-march-2015\/#breadcrumb"},"inLanguage":"en-US","potentialAction":[{"@type":"ReadAction","target":["https:\/\/polowiec.pl\/en\/legal-bulletin-of-the-law-office-of-adam-polowiec-2-8-march-2015\/"]}]},{"@type":"BreadcrumbList","@id":"https:\/\/polowiec.pl\/en\/legal-bulletin-of-the-law-office-of-adam-polowiec-2-8-march-2015\/#breadcrumb","itemListElement":[{"@type":"ListItem","position":1,"name":"Strona g\u0142\u00f3wna","item":"https:\/\/polowiec.pl\/en\/"},{"@type":"ListItem","position":2,"name":"Legal Bulletin Of The Law Office Of Adam Polowiec (2 &#8211; 8 March 2015)"}]},{"@type":"WebSite","@id":"https:\/\/polowiec.pl\/en\/#website","url":"https:\/\/polowiec.pl\/en\/","name":"Polowiec i Wsp\u00f3lnicy - Kancelaria prawna","description":"Obs\u0142uga prawna","publisher":{"@id":"https:\/\/polowiec.pl\/en\/#organization"},"potentialAction":[{"@type":"SearchAction","target":{"@type":"EntryPoint","urlTemplate":"https:\/\/polowiec.pl\/en\/?s={search_term_string}"},"query-input":{"@type":"PropertyValueSpecification","valueRequired":true,"valueName":"search_term_string"}}],"inLanguage":"en-US"},{"@type":"Organization","@id":"https:\/\/polowiec.pl\/en\/#organization","name":"Polowiec i Wsp\u00f3lnicy - Kancelaria prawna","url":"https:\/\/polowiec.pl\/en\/","logo":{"@type":"ImageObject","inLanguage":"en-US","@id":"https:\/\/polowiec.pl\/en\/#\/schema\/logo\/image\/","url":"https:\/\/polowiec.pl\/wp-content\/uploads\/2018\/10\/polowiec_logo2-1.png","contentUrl":"https:\/\/polowiec.pl\/wp-content\/uploads\/2018\/10\/polowiec_logo2-1.png","width":540,"height":381,"caption":"Polowiec i Wsp\u00f3lnicy - Kancelaria prawna"},"image":{"@id":"https:\/\/polowiec.pl\/en\/#\/schema\/logo\/image\/"},"sameAs":["https:\/\/www.facebook.com\/polowieciwspolnicy\/","https:\/\/www.linkedin.com\/company\/polowiec-i-wsplnicy-sp.j.\/about\/"]},{"@type":"Person","@id":"https:\/\/polowiec.pl\/en\/#\/schema\/person\/ed8994874b775675a86115f307352d24","name":"Super User","image":{"@type":"ImageObject","inLanguage":"en-US","@id":"https:\/\/secure.gravatar.com\/avatar\/e759b874f0fa459bd87c83ff47148fc5718f86d9459564657124e571997afbf7?s=96&d=mm&r=g","url":"https:\/\/secure.gravatar.com\/avatar\/e759b874f0fa459bd87c83ff47148fc5718f86d9459564657124e571997afbf7?s=96&d=mm&r=g","contentUrl":"https:\/\/secure.gravatar.com\/avatar\/e759b874f0fa459bd87c83ff47148fc5718f86d9459564657124e571997afbf7?s=96&d=mm&r=g","caption":"Super User"}}]}},"_links":{"self":[{"href":"https:\/\/polowiec.pl\/en\/wp-json\/wp\/v2\/posts\/556","targetHints":{"allow":["GET"]}}],"collection":[{"href":"https:\/\/polowiec.pl\/en\/wp-json\/wp\/v2\/posts"}],"about":[{"href":"https:\/\/polowiec.pl\/en\/wp-json\/wp\/v2\/types\/post"}],"author":[{"embeddable":true,"href":"https:\/\/polowiec.pl\/en\/wp-json\/wp\/v2\/users\/2"}],"replies":[{"embeddable":true,"href":"https:\/\/polowiec.pl\/en\/wp-json\/wp\/v2\/comments?post=556"}],"version-history":[{"count":0,"href":"https:\/\/polowiec.pl\/en\/wp-json\/wp\/v2\/posts\/556\/revisions"}],"wp:attachment":[{"href":"https:\/\/polowiec.pl\/en\/wp-json\/wp\/v2\/media?parent=556"}],"wp:term":[{"taxonomy":"category","embeddable":true,"href":"https:\/\/polowiec.pl\/en\/wp-json\/wp\/v2\/categories?post=556"},{"taxonomy":"post_tag","embeddable":true,"href":"https:\/\/polowiec.pl\/en\/wp-json\/wp\/v2\/tags?post=556"}],"curies":[{"name":"wp","href":"https:\/\/api.w.org\/{rel}","templated":true}]}}