{"id":559,"date":"2015-04-14T10:21:00","date_gmt":"2015-04-14T08:21:00","guid":{"rendered":"https:\/\/nowa.polowiec.pl\/legal-bulletin-of-the-law-office-of-adam-polowiec-30-march-12-april-2015\/"},"modified":"2018-10-11T10:42:54","modified_gmt":"2018-10-11T08:42:54","slug":"legal-bulletin-of-the-law-office-of-adam-polowiec-30-march-12-april-2015","status":"publish","type":"post","link":"https:\/\/polowiec.pl\/en\/legal-bulletin-of-the-law-office-of-adam-polowiec-30-march-12-april-2015\/","title":{"rendered":"Legal Bulletin Of The Law Office Of Adam Polowiec (30 March &#8211; 12 April 2015)"},"content":{"rendered":"<p>We would like to present the next issue of legal bulletin of the Law Office of Adam Polowiec.<br \/>What you will find here is some information about the new provisions of law and the projects of amendments to acts, but also case-laws including the case laws of Supreme Court, Constitutional Tribunal and European Court of Justice. <!--more--> <\/p>\n<h3 class=\"newsletter-naglowek\">Nowe Prawo<\/h3>\n<p><strong>POST\u0118POWANIE KARNE<\/strong><\/p>\n<p><strong>Rozporz\u0105dzenie<\/strong> Ministra Sprawiedliwo\u015bci z dnia 3 kwietnia 2015 r. w sprawie okre\u015blenia wzoru pouczenia o uprawnieniach i obowi\u0105zkach \u015bwiadka w post\u0119powaniu karnym (Dz.\u00a0U.\u00a0z 2015 r., poz. 490) <strong>\u2013 wejdzie w \u017cycie z dniem 22 kwietnia 2015 r.<\/strong><\/p>\n<p><strong>\u00a0<\/strong><\/p>\n<p><strong>PRAWO KARNE SKARBOWE<\/strong><\/p>\n<p><strong>Rozporz\u0105dzenie<\/strong> Rady Ministr\u00f3w z dnia 23 marca 2015 r.<\/p>\n<p>zmieniaj\u0105ce rozporz\u0105dzenie w sprawie nak\u0142adania kary grzywny w drodze mandatu karnego za wykroczenia skarbowe (Dz. U. z 2015 r., poz. 439) <strong>\u2013 wesz\u0142o w \u017cycie z\u00a0dniem 1 kwietnia 2015 r. <\/strong><\/p>\n<p>W rozporz\u0105dzeniu Rady Ministr\u00f3w z dnia 28 kwietnia 2011 r. w sprawie nak\u0142adania kary grzywny w drodze mandatu karnego za wykroczenia skarbowe (Dz. U. Nr 94, poz. 552) zmianie ulegnie brzmienie \u00a7 2 pkt 1.<\/p>\n<p><strong>\u00a0<\/strong><\/p>\n<p><strong>UBEZPIECZENIA SPO\u0141ECZNIE I \u015aWIADCZENIA OPIEKI ZDROWOTNEJ<\/strong><\/p>\n<p><strong>Rozporz\u0105dzenie <\/strong>Ministra Zdrowia z dnia 10 marca 2015 r.<\/p>\n<p>w sprawie wzor\u00f3w o\u015bwiadcze\u0144 o przys\u0142uguj\u0105cym \u015bwiadczeniobiorcy prawie do \u015bwiadcze\u0144 opieki zdrowotnej (Dz. U. z 2015 r., poz. 438) <strong>\u2013 wchodzi w \u017cycie z dniem 1 kwietnia 2015 r. <\/strong><\/p>\n<p><strong>\u00a0<\/strong><\/p>\n<p><strong>S\u0141U\u017bBA WOJSKOWA I POWSZECHNY OBOWI\u0104ZEK OBRONY<\/strong><\/p>\n<p><strong>Rozporz\u0105dzenie<\/strong> Rady Ministr\u00f3w z dnia 10 marca 2015 r. w sprawie pe\u0142nienia zawodowej s\u0142u\u017cby wojskowej poza granicami pa\u0144stwa (Dz. U. z 2015 r, poz. 479) \u2013 <strong>wesz\u0142o w \u017cycie z dniem 4 kwietnia 2015 r.<\/strong><\/p>\n<p><strong>Rozporz\u0105dzenie<\/strong> Ministra Obrony Narodowej z dnia 16 marca 2015 r. zmieniaj\u0105ce rozporz\u0105dzenie w sprawie wzywania os\u00f3b podlegaj\u0105cych powszechnemu obowi\u0105zkowi obrony przez organy wojskowe (Dz. U. z 2015 r., poz. 448) <strong>\u2013 wejdzie w \u017cycie z dniem 11 kwietnia 2015 r. <\/strong><\/p>\n<p>W rozporz\u0105dzeniu Ministra Obrony Narodowej z dnia 18 marca 2004 r. w sprawie wzywania os\u00f3b podlegaj\u0105cych powszechnemu obowi\u0105zkowi obrony przez organy wojskowe (Dz. U. Nr 50, poz. 484, z p\u00f3\u017an. zm.) zmianie ulegnie brzmienie \u00a72 pkt 2, \u00a74, \u00a78, dodany zostanie \u00a76a, \u00a76b.<\/p>\n<p><strong>Rozporz\u0105dzenie<\/strong> Ministra Obrony Narodowej z dnia 16 marca 2015 r. w sprawie s\u0142u\u017cby przygotowawczej (Dz. U. z 2015 r., poz. 449) <strong>\u2013 wejdzie w \u017cycie 11 kwietnia 2015 r.<\/strong><\/p>\n<p><strong>\u00a0<\/strong><\/p>\n<p><strong>PRAWO FARMACEUTYCZNE<\/strong><\/p>\n<p><strong>Rozporz\u0105dzenie<\/strong> Ministra Zdrowia z dnia 26 marca 2015 r. w sprawie wysy\u0142kowej sprzeda\u017cy produkt\u00f3w leczniczych (Dz. U. z 2015 r., poz. 481) <strong>\u2013 wejdzie w \u017cycie 4\u00a0maja 2015 r. <\/strong><\/p>\n<p><strong>Rozporz\u0105dzenie <\/strong>Ministra Zdrowia z dnia 2 kwietnia 2015 r.zmieniaj\u0105ce rozporz\u0105dzenie w sprawie wydawania z apteki produkt\u00f3w leczniczych i wyrob\u00f3w medycznych (Dz.\u00a0U.\u00a0z\u00a02015 r., poz. 477) <strong>\u2013 wejdzie w \u017cycie z dniem 17 kwietnia 2015 r. <\/strong><\/p>\n<p>W rozporz\u0105dzeniu Ministra Zdrowia z dnia 18 pa\u017adziernika 2002 r. w sprawie wydawania z apteki produkt\u00f3w leczniczych i wyrob\u00f3w medycznych (Dz. U. Nr 183, poz. 1531) w\u00a0\u00a7\u00a05\u00a0dotychczasow\u0105 tre\u015b\u0107 oznacza si\u0119 jako ust. 1 i dodaje si\u0119 ust. 2.<\/p>\n<p><strong>\u00a0<\/strong><\/p>\n<p><strong>TRANSPORT DROGOWY<\/strong><\/p>\n<p><strong>Rozporz\u0105dzenie<\/strong> Ministra Infrastruktury i Rozwoju z dnia 3 kwietnia 2014 r. w sprawie zezwole\u0144 na mi\u0119dzynarodowy przew\u00f3z drogowy rzeczy oraz przew\u00f3z kabota\u017cowy (Dz.\u00a0U.\u00a0z 2015 r., poz. 491) <strong>\u2013 wejdzie w \u017cycie z dniem 10 maja 2015 r. <\/strong><\/p>\n<p><strong>\u00a0<\/strong><\/p>\n<p><strong>PRAWO BUDOWLANE<\/strong><\/p>\n<p><strong>Ustawa<\/strong> z dnia 20 lutego 2015 r. o zmianie ustawy &#8211; Prawo budowlane oraz niekt\u00f3rych innych ustaw (Dz. U. z 2015 r., poz. 443) <strong>\u2013 wejdzie w \u017cycie z dniem 28 czerwca 2015 r., z wyj\u0105tkiem art. 1 pkt 34, kt\u00f3ry wchodzi w \u017cycie w dniu 1 stycznia 2016\u00a0r.<\/strong><\/p>\n<p>W ustawie z dnia 7 lipca 1994 r. &#8211; Prawo budowlane (Dz. U. z 2013 r. poz. 1409, z p\u00f3\u017an. zm.) zmianie ulegnie brzmienie art. 3, art. 8, art. 20 ust. 1, art. 22 pkt 3, art. 25 pkt 1, art. 28, art. 29, art. 30, art. 32, art. 33, art. 34, art. 35 ust. 1 pkt 3, art. 37, art. 38 ust. 1 i 2, art. 41 ust. 4, art. 42 ust. 3, art. 43, art. 44, art. 48, art. 49 ust. 3, art. 49b, art. 50 ust. 1 pkt 4, art. 54, art. 55, art. 57, art. 59c ust. 1, art. 59g ust. 5, art. 71, art. 82b, art. 83, art. 84a,dodaje si\u0119 art. 36 ust. 1a, w art. 40 ust. 4, w art. 51 ust. 1a, w art. 56 ust. 1a.<\/p>\n<p>W ustawie z dnia 27 marca 2003 r. o planowaniu i zagospodarowaniu przestrzennym (Dz.\u00a0U. z 2015 r. poz. 199) dodany zostanie w art. 50 ust. 2a, w art. 59 ust. 2a.<\/p>\n<p>W ustawie z dnia 16 listopada 2006 r. o op\u0142acie skarbowej (Dz. U. z 2014 r. poz. 1628, z\u00a0p\u00f3\u017an. zm.) w cz\u0119\u015bci I za\u0142\u0105cznika dodaje si\u0119 ust. 9a-9d, ust. 11a.<\/p>\n<p>W ustawie z dnia 8 grudnia 2006 r. o finansowym wsparciu tworzenia lokali socjalnych, mieszka\u0144 chronionych, noclegowni i dom\u00f3w dla bezdomnych (Dz. U. Nr 251, poz. 1844, z\u00a0p\u00f3\u017an. zm.) zmianie ulegnie brzmienie art. 16 w ust. 2 pkt 1.<\/p>\n<p><strong>\u00a0<\/strong><\/p>\n<p><strong>PRAWO ENERGETYCZNE<\/strong><\/p>\n<p><strong>Ustawa<\/strong> z dnia 20 lutego 2015 r. o odnawialnych \u017ar\u00f3d\u0142ach energii (Dz. U. z 2015 r., poz.\u00a0478) <strong>\u2013 wejdzie w \u017cycie z dniem 4 maja 2015 r., z wyj\u0105tkiem:<\/strong><\/p>\n<p><strong>1) rozdzia\u0142u 4, art. 130, art. 178, art. 179 pkt 11 w zakresie uchylenia art. 9o, pkt 13 w\u00a0zakresie uchylenia art. 9v, pkt 20, 21 i 29 oraz art. 182 pkt 1 lit. a, kt\u00f3re wchodz\u0105 w\u00a0\u017cycie z dniem 1 stycznia 2016 r., z wyj\u0105tkiem:<\/strong><\/p>\n<p><strong>a) art. 75, art. 76 oraz art. 78 ust. 7-11, kt\u00f3re wchodz\u0105 w \u017cycie z dniem 1 maja 2015 r.,<\/strong><\/p>\n<p><strong>b) art. 106-115, kt\u00f3re wchodz\u0105 w \u017cycie z dniem 1 pa\u017adziernika 2015 r.;<\/strong><\/p>\n<p><strong>2) art. 179 pkt 5 i 7-10, art. 188, art. 189 oraz art. 206, kt\u00f3re wchodz\u0105 w \u017cycie z\u00a0dniem nast\u0119puj\u0105cym po dniu og\u0142oszenia.<\/strong><\/p>\n<p>\u00a0<\/p>\n<h3 class=\"newsletter-naglowek\">Orzecznictwo<\/h3>\n<p><strong>Trybuna\u0142 Konstytucyjny; Trybuna\u0142 Sprawiedliwo\u015bci Unii Europejskiej<\/strong><\/p>\n<p><strong>TERMIN NA Z\u0141O\u017bENIE WNIOSKU O ZASI\u0141EK MACIERZY\u0143SKI<\/strong><\/p>\n<p>Trybuna\u0142 Konstytucyjny orzek\u0142, i\u017c zar\u00f3wno \u00a7 18 pkt 2, jak i \u00a7 20 pkt 3 rozporz\u0105dzenia Ministra Pracy i Polityki Spo\u0142ecznej z dnia 2 kwietnia 2012 r. w sprawie okre\u015blenia dowod\u00f3w stanowi\u0105cych podstaw\u0119 przyznania i wyp\u0142aty zasi\u0142k\u00f3w z ubezpieczenia spo\u0142ecznego w razie choroby i macierzy\u0144stwa (Dz. U. z 2014 r. poz. 1594), w zakresie, w jakim okre\u015bla termin do z\u0142o\u017cenia wniosku o wyp\u0142at\u0119 zasi\u0142ku macierzy\u0144skiego, jest zgodny z art. 59 ust. 15 ustawy zasi\u0142kowej oraz z art. 92 ust. 1 Konstytucji RP. Zdaniem Trybuna\u0142u, aby pracownik m\u00f3g\u0142 skorzysta\u0107 z zasi\u0142ku macierzy\u0144skiego, musi post\u0105pi\u0107 zgodnie z przepisami Kodeksu pracy, uzale\u017cniaj\u0105cymi wprost realizacj\u0119 prawa do urlopu od wyst\u0105pienia w odpowiednim czasie ze stosownym wnioskiem. W odniesieniu do\u00a0ubezpieczonych nieb\u0119d\u0105cych pracownikami tego rodzaju gwarancj\u0119 stwarza natomiast zasadniczo taka interpretacja przepis\u00f3w ustawowych i wykonawczych, zgodnie z kt\u00f3r\u0105 osoby te winny sk\u0142ada\u0107 wniosek o przyznanie i wyp\u0142at\u0119 zasi\u0142ku macierzy\u0144skiego przed\u00a0pocz\u0105tkiem wskazywanego w nim okresu. W odniesieniu wi\u0119c do wszystkich \u015bwiadczeniobiorc\u00f3w termin ko\u0144cowy na z\u0142o\u017cenie wniosku o przyznanie i wyp\u0142at\u0119 zasi\u0142ku musi przypada\u0107 najp\u00f3\u017aniej w przededniu rozpocz\u0119cia okresu, przez kt\u00f3ry ma\u00a0on\u00a0przys\u0142ugiwa\u0107. Ustawa zasi\u0142kowa nie r\u00f3\u017cnicuje w tej mierze sytuacji ubezpieczonych w\u00a0zale\u017cno\u015bci od tego, czy s\u0105, czy te\u017c nie s\u0105 pracownikami \u2013 <strong>Wyrok\u00a0Trybuna\u0142u Konstytucyjnego z dnia 24 marca 2015 r., sygn. akt P 42\/13.<\/strong><\/p>\n<p><strong>\u00a0<\/strong><\/p>\n<p><strong>S\u0104D NAJWY\u017bSZY<\/strong><\/p>\n<p><strong>PODZIA\u0141 GRUNTU ODDANEGO W U\u017bYTKOWANIE WIECZYSTE<\/strong><\/p>\n<p>U\u017cytkownik wieczysty nie mo\u017ce dokona\u0107 podzia\u0142u gruntu oddanego mu w u\u017cytkowanie wieczyste <strong>\u2013 Uchwa\u0142a S\u0105du Najwy\u017cszego z dnia 13 marca 2015 r., sygn. akt: III\u00a0CZP 116\/14.<\/strong><\/p>\n<p><strong>\u00a0<\/strong><\/p>\n<p><strong>WYNAGRODZENIE KURATORA Z URZ\u0118DU<\/strong><\/p>\n<p>Wynagrodzenie dla kuratora ustanowionego z urz\u0119du na podstawie art. 42 k.c. w braku maj\u0105tku lub dochod\u00f3w osoby prawnej jest pokrywane przez Skarb Pa\u0144stwa \u2013 s\u0105d\u00a0rejestrowy \u2013 <strong>Uchwa\u0142a S\u0105du Najwy\u017cszego z dnia 13 marca 2015 r., sygn. akt: III\u00a0CZP 4\/15. <\/strong><\/p>\n<p><strong>\u00a0<\/strong><\/p>\n<p><strong>PRAWO PIERWOKUPU DLA GMINY NIERUCHOMO\u015aCI NIEZABUDOWANEJ NABYTEJ W DRODZE DECYZJI O PRZEKSZTA\u0141CENIU U\u017bYTKOWANIA WIECZYSTEGO<\/strong><\/p>\n<p>Gminie przys\u0142uguje prawo pierwokupu na podstawie art. 109 ust. 1 punkt 1 ustawy z\u00a0dnia 21 sierpnia 1997 r. o gospodarce nieruchomo\u015bciami (tekst jedn. Dz. U. z 2014 r. poz. 518 ze zm.) w przypadku sprzeda\u017cy niezabudowanej nieruchomo\u015bci nabytej w\u00a0drodze decyzji o przekszta\u0142ceniu prawa u\u017cytkowania wieczystego przyznanego na\u00a0podstawie art. 7 ust. 1, 2, 3 dekretu z dnia 26 pa\u017adziernika 1945 r. o w\u0142asno\u015bci i\u00a0u\u017cytkowaniu grunt\u00f3w na obszarze m. st. Warszawy (Dz. U. z 1945 r. Nr 50, poz. 279 ze\u00a0zm.), w prawo w\u0142asno\u015bci nieruchomo\u015bci <strong>\u2013 Uchwa\u0142a S\u0105du Najwy\u017cszego z dnia 6\u00a0marca 2015 r., sygn. akt: III CZP 111\/14<\/strong><\/p>\n<p><strong>\u00a0<\/strong><\/p>\n<p><strong>ZA\u017bALENIE NA ZARZ\u0104DZENIE PRZEWODNICZ\u0104CEGO W S\u0104DZIE PIERWSZEJ INSTANCJI O ZWROCIE WNIOSKU UCZESTNIKA POST\u0118POWANIA O\u00a0ROZLICZENIE NAK\u0141AD\u00d3W W TOKU POST\u0118POWANIA O DZIA\u0141 SPADKU<\/strong><\/p>\n<p>Na zarz\u0105dzenie przewodnicz\u0105cego w s\u0105dzie pierwszej instancji o zwrocie wniosku uczestnika post\u0119powania o rozliczenie nak\u0142ad\u00f3w, z\u0142o\u017conego w toku post\u0119powania o dzia\u0142 spadku i zniesienie wsp\u00f3\u0142w\u0142asno\u015bci, przys\u0142uguje za\u017calenie <strong>\u2013 Uchwa\u0142a S\u0105du Najwy\u017cszego z dnia 6 marca 2015 r., sygn. akt: III CZP 115\/14.<\/strong><\/p>\n<p><strong>\u00a0<\/strong><\/p>\n<p><strong>ZABURZENIA PSYCHICZNE<\/strong><\/p>\n<p>Osoba z zaburzeniami psychicznymi, maj\u0105ca zdolno\u015b\u0107 procesow\u0105, mo\u017ce udzieli\u0107 pe\u0142nomocnictwa procesowego <strong>\u2013 Uchwa\u0142a S\u0105du Najwy\u017cszego z dnia 26 lutego 2015\u00a0r., sygn. akt: III CZP 102\/14.<\/strong><\/p>\n","protected":false},"excerpt":{"rendered":"<p>We would like to present the next issue of legal bulletin of the Law Office of Adam Polowiec.What you will find here is some information about the new provisions of law and the projects of amendments to acts, but also case-laws including the case laws of Supreme Court, Constitutional Tribunal and European Court of Justice.<\/p>\n","protected":false},"author":2,"featured_media":0,"comment_status":"closed","ping_status":"open","sticky":false,"template":"","format":"standard","meta":{"footnotes":""},"categories":[11],"tags":[],"class_list":["post-559","post","type-post","status-publish","format-standard","hentry","category-newsletters"],"featured_image_src":{"landsacpe":false,"list":false,"medium":false,"full":false},"yoast_head":"<!-- This site is optimized with the Yoast SEO plugin v27.2 - https:\/\/yoast.com\/product\/yoast-seo-wordpress\/ -->\n<title>Legal Bulletin Of The Law Office Of Adam Polowiec (30 March - 12 April 2015) - Polowiec i Wsp\u00f3lnicy - Kancelaria prawna<\/title>\n<meta name=\"robots\" content=\"index, follow, max-snippet:-1, max-image-preview:large, max-video-preview:-1\" \/>\n<link rel=\"canonical\" href=\"https:\/\/polowiec.pl\/en\/legal-bulletin-of-the-law-office-of-adam-polowiec-30-march-12-april-2015\/\" \/>\n<meta property=\"og:locale\" content=\"en_US\" \/>\n<meta property=\"og:type\" content=\"article\" \/>\n<meta property=\"og:title\" content=\"Legal Bulletin Of The Law Office Of Adam Polowiec (30 March - 12 April 2015) - Polowiec i Wsp\u00f3lnicy - Kancelaria prawna\" \/>\n<meta property=\"og:description\" content=\"We would like to present the next issue of legal bulletin of the Law Office of Adam Polowiec.What you will find here is some information about the new provisions of law and the projects of amendments to acts, but also case-laws including the case laws of Supreme Court, Constitutional Tribunal and European Court of Justice.\" \/>\n<meta property=\"og:url\" content=\"https:\/\/polowiec.pl\/en\/legal-bulletin-of-the-law-office-of-adam-polowiec-30-march-12-april-2015\/\" \/>\n<meta property=\"og:site_name\" content=\"Polowiec i Wsp\u00f3lnicy - Kancelaria prawna\" \/>\n<meta property=\"article:publisher\" content=\"https:\/\/www.facebook.com\/polowieciwspolnicy\/\" \/>\n<meta property=\"article:published_time\" content=\"2015-04-14T08:21:00+00:00\" \/>\n<meta property=\"article:modified_time\" content=\"2018-10-11T08:42:54+00:00\" \/>\n<meta name=\"author\" content=\"Super User\" \/>\n<meta name=\"twitter:card\" content=\"summary_large_image\" \/>\n<meta name=\"twitter:label1\" content=\"Written by\" \/>\n\t<meta name=\"twitter:data1\" content=\"Super User\" \/>\n\t<meta name=\"twitter:label2\" content=\"Est. reading time\" \/>\n\t<meta name=\"twitter:data2\" content=\"7 minutes\" \/>\n<script type=\"application\/ld+json\" class=\"yoast-schema-graph\">{\"@context\":\"https:\/\/schema.org\",\"@graph\":[{\"@type\":\"Article\",\"@id\":\"https:\/\/polowiec.pl\/en\/legal-bulletin-of-the-law-office-of-adam-polowiec-30-march-12-april-2015\/#article\",\"isPartOf\":{\"@id\":\"https:\/\/polowiec.pl\/en\/legal-bulletin-of-the-law-office-of-adam-polowiec-30-march-12-april-2015\/\"},\"author\":{\"name\":\"Super User\",\"@id\":\"https:\/\/polowiec.pl\/en\/#\/schema\/person\/ed8994874b775675a86115f307352d24\"},\"headline\":\"Legal Bulletin Of The Law Office Of Adam Polowiec (30 March &#8211; 12 April 2015)\",\"datePublished\":\"2015-04-14T08:21:00+00:00\",\"dateModified\":\"2018-10-11T08:42:54+00:00\",\"mainEntityOfPage\":{\"@id\":\"https:\/\/polowiec.pl\/en\/legal-bulletin-of-the-law-office-of-adam-polowiec-30-march-12-april-2015\/\"},\"wordCount\":1440,\"publisher\":{\"@id\":\"https:\/\/polowiec.pl\/en\/#organization\"},\"articleSection\":[\"Newsletter\"],\"inLanguage\":\"en-US\"},{\"@type\":\"WebPage\",\"@id\":\"https:\/\/polowiec.pl\/en\/legal-bulletin-of-the-law-office-of-adam-polowiec-30-march-12-april-2015\/\",\"url\":\"https:\/\/polowiec.pl\/en\/legal-bulletin-of-the-law-office-of-adam-polowiec-30-march-12-april-2015\/\",\"name\":\"Legal Bulletin Of The Law Office Of Adam Polowiec (30 March - 12 April 2015) - Polowiec i Wsp\u00f3lnicy - Kancelaria prawna\",\"isPartOf\":{\"@id\":\"https:\/\/polowiec.pl\/en\/#website\"},\"datePublished\":\"2015-04-14T08:21:00+00:00\",\"dateModified\":\"2018-10-11T08:42:54+00:00\",\"breadcrumb\":{\"@id\":\"https:\/\/polowiec.pl\/en\/legal-bulletin-of-the-law-office-of-adam-polowiec-30-march-12-april-2015\/#breadcrumb\"},\"inLanguage\":\"en-US\",\"potentialAction\":[{\"@type\":\"ReadAction\",\"target\":[\"https:\/\/polowiec.pl\/en\/legal-bulletin-of-the-law-office-of-adam-polowiec-30-march-12-april-2015\/\"]}]},{\"@type\":\"BreadcrumbList\",\"@id\":\"https:\/\/polowiec.pl\/en\/legal-bulletin-of-the-law-office-of-adam-polowiec-30-march-12-april-2015\/#breadcrumb\",\"itemListElement\":[{\"@type\":\"ListItem\",\"position\":1,\"name\":\"Strona g\u0142\u00f3wna\",\"item\":\"https:\/\/polowiec.pl\/en\/\"},{\"@type\":\"ListItem\",\"position\":2,\"name\":\"Legal Bulletin Of The Law Office Of Adam Polowiec (30 March &#8211; 12 April 2015)\"}]},{\"@type\":\"WebSite\",\"@id\":\"https:\/\/polowiec.pl\/en\/#website\",\"url\":\"https:\/\/polowiec.pl\/en\/\",\"name\":\"Polowiec i Wsp\u00f3lnicy - Kancelaria prawna\",\"description\":\"Obs\u0142uga prawna\",\"publisher\":{\"@id\":\"https:\/\/polowiec.pl\/en\/#organization\"},\"potentialAction\":[{\"@type\":\"SearchAction\",\"target\":{\"@type\":\"EntryPoint\",\"urlTemplate\":\"https:\/\/polowiec.pl\/en\/?s={search_term_string}\"},\"query-input\":{\"@type\":\"PropertyValueSpecification\",\"valueRequired\":true,\"valueName\":\"search_term_string\"}}],\"inLanguage\":\"en-US\"},{\"@type\":\"Organization\",\"@id\":\"https:\/\/polowiec.pl\/en\/#organization\",\"name\":\"Polowiec i Wsp\u00f3lnicy - Kancelaria prawna\",\"url\":\"https:\/\/polowiec.pl\/en\/\",\"logo\":{\"@type\":\"ImageObject\",\"inLanguage\":\"en-US\",\"@id\":\"https:\/\/polowiec.pl\/en\/#\/schema\/logo\/image\/\",\"url\":\"https:\/\/polowiec.pl\/wp-content\/uploads\/2018\/10\/polowiec_logo2-1.png\",\"contentUrl\":\"https:\/\/polowiec.pl\/wp-content\/uploads\/2018\/10\/polowiec_logo2-1.png\",\"width\":540,\"height\":381,\"caption\":\"Polowiec i Wsp\u00f3lnicy - Kancelaria prawna\"},\"image\":{\"@id\":\"https:\/\/polowiec.pl\/en\/#\/schema\/logo\/image\/\"},\"sameAs\":[\"https:\/\/www.facebook.com\/polowieciwspolnicy\/\",\"https:\/\/www.linkedin.com\/company\/polowiec-i-wsplnicy-sp.j.\/about\/\"]},{\"@type\":\"Person\",\"@id\":\"https:\/\/polowiec.pl\/en\/#\/schema\/person\/ed8994874b775675a86115f307352d24\",\"name\":\"Super User\",\"image\":{\"@type\":\"ImageObject\",\"inLanguage\":\"en-US\",\"@id\":\"https:\/\/secure.gravatar.com\/avatar\/e759b874f0fa459bd87c83ff47148fc5718f86d9459564657124e571997afbf7?s=96&d=mm&r=g\",\"url\":\"https:\/\/secure.gravatar.com\/avatar\/e759b874f0fa459bd87c83ff47148fc5718f86d9459564657124e571997afbf7?s=96&d=mm&r=g\",\"contentUrl\":\"https:\/\/secure.gravatar.com\/avatar\/e759b874f0fa459bd87c83ff47148fc5718f86d9459564657124e571997afbf7?s=96&d=mm&r=g\",\"caption\":\"Super User\"}}]}<\/script>\n<!-- \/ Yoast SEO plugin. -->","yoast_head_json":{"title":"Legal Bulletin Of The Law Office Of Adam Polowiec (30 March - 12 April 2015) - Polowiec i Wsp\u00f3lnicy - Kancelaria prawna","robots":{"index":"index","follow":"follow","max-snippet":"max-snippet:-1","max-image-preview":"max-image-preview:large","max-video-preview":"max-video-preview:-1"},"canonical":"https:\/\/polowiec.pl\/en\/legal-bulletin-of-the-law-office-of-adam-polowiec-30-march-12-april-2015\/","og_locale":"en_US","og_type":"article","og_title":"Legal Bulletin Of The Law Office Of Adam Polowiec (30 March - 12 April 2015) - Polowiec i Wsp\u00f3lnicy - Kancelaria prawna","og_description":"We would like to present the next issue of legal bulletin of the Law Office of Adam Polowiec.What you will find here is some information about the new provisions of law and the projects of amendments to acts, but also case-laws including the case laws of Supreme Court, Constitutional Tribunal and European Court of Justice.","og_url":"https:\/\/polowiec.pl\/en\/legal-bulletin-of-the-law-office-of-adam-polowiec-30-march-12-april-2015\/","og_site_name":"Polowiec i Wsp\u00f3lnicy - Kancelaria prawna","article_publisher":"https:\/\/www.facebook.com\/polowieciwspolnicy\/","article_published_time":"2015-04-14T08:21:00+00:00","article_modified_time":"2018-10-11T08:42:54+00:00","author":"Super User","twitter_card":"summary_large_image","twitter_misc":{"Written by":"Super User","Est. reading time":"7 minutes"},"schema":{"@context":"https:\/\/schema.org","@graph":[{"@type":"Article","@id":"https:\/\/polowiec.pl\/en\/legal-bulletin-of-the-law-office-of-adam-polowiec-30-march-12-april-2015\/#article","isPartOf":{"@id":"https:\/\/polowiec.pl\/en\/legal-bulletin-of-the-law-office-of-adam-polowiec-30-march-12-april-2015\/"},"author":{"name":"Super User","@id":"https:\/\/polowiec.pl\/en\/#\/schema\/person\/ed8994874b775675a86115f307352d24"},"headline":"Legal Bulletin Of The Law Office Of Adam Polowiec (30 March &#8211; 12 April 2015)","datePublished":"2015-04-14T08:21:00+00:00","dateModified":"2018-10-11T08:42:54+00:00","mainEntityOfPage":{"@id":"https:\/\/polowiec.pl\/en\/legal-bulletin-of-the-law-office-of-adam-polowiec-30-march-12-april-2015\/"},"wordCount":1440,"publisher":{"@id":"https:\/\/polowiec.pl\/en\/#organization"},"articleSection":["Newsletter"],"inLanguage":"en-US"},{"@type":"WebPage","@id":"https:\/\/polowiec.pl\/en\/legal-bulletin-of-the-law-office-of-adam-polowiec-30-march-12-april-2015\/","url":"https:\/\/polowiec.pl\/en\/legal-bulletin-of-the-law-office-of-adam-polowiec-30-march-12-april-2015\/","name":"Legal Bulletin Of The Law Office Of Adam Polowiec (30 March - 12 April 2015) - Polowiec i Wsp\u00f3lnicy - Kancelaria prawna","isPartOf":{"@id":"https:\/\/polowiec.pl\/en\/#website"},"datePublished":"2015-04-14T08:21:00+00:00","dateModified":"2018-10-11T08:42:54+00:00","breadcrumb":{"@id":"https:\/\/polowiec.pl\/en\/legal-bulletin-of-the-law-office-of-adam-polowiec-30-march-12-april-2015\/#breadcrumb"},"inLanguage":"en-US","potentialAction":[{"@type":"ReadAction","target":["https:\/\/polowiec.pl\/en\/legal-bulletin-of-the-law-office-of-adam-polowiec-30-march-12-april-2015\/"]}]},{"@type":"BreadcrumbList","@id":"https:\/\/polowiec.pl\/en\/legal-bulletin-of-the-law-office-of-adam-polowiec-30-march-12-april-2015\/#breadcrumb","itemListElement":[{"@type":"ListItem","position":1,"name":"Strona g\u0142\u00f3wna","item":"https:\/\/polowiec.pl\/en\/"},{"@type":"ListItem","position":2,"name":"Legal Bulletin Of The Law Office Of Adam Polowiec (30 March &#8211; 12 April 2015)"}]},{"@type":"WebSite","@id":"https:\/\/polowiec.pl\/en\/#website","url":"https:\/\/polowiec.pl\/en\/","name":"Polowiec i Wsp\u00f3lnicy - Kancelaria prawna","description":"Obs\u0142uga prawna","publisher":{"@id":"https:\/\/polowiec.pl\/en\/#organization"},"potentialAction":[{"@type":"SearchAction","target":{"@type":"EntryPoint","urlTemplate":"https:\/\/polowiec.pl\/en\/?s={search_term_string}"},"query-input":{"@type":"PropertyValueSpecification","valueRequired":true,"valueName":"search_term_string"}}],"inLanguage":"en-US"},{"@type":"Organization","@id":"https:\/\/polowiec.pl\/en\/#organization","name":"Polowiec i Wsp\u00f3lnicy - Kancelaria prawna","url":"https:\/\/polowiec.pl\/en\/","logo":{"@type":"ImageObject","inLanguage":"en-US","@id":"https:\/\/polowiec.pl\/en\/#\/schema\/logo\/image\/","url":"https:\/\/polowiec.pl\/wp-content\/uploads\/2018\/10\/polowiec_logo2-1.png","contentUrl":"https:\/\/polowiec.pl\/wp-content\/uploads\/2018\/10\/polowiec_logo2-1.png","width":540,"height":381,"caption":"Polowiec i Wsp\u00f3lnicy - Kancelaria prawna"},"image":{"@id":"https:\/\/polowiec.pl\/en\/#\/schema\/logo\/image\/"},"sameAs":["https:\/\/www.facebook.com\/polowieciwspolnicy\/","https:\/\/www.linkedin.com\/company\/polowiec-i-wsplnicy-sp.j.\/about\/"]},{"@type":"Person","@id":"https:\/\/polowiec.pl\/en\/#\/schema\/person\/ed8994874b775675a86115f307352d24","name":"Super User","image":{"@type":"ImageObject","inLanguage":"en-US","@id":"https:\/\/secure.gravatar.com\/avatar\/e759b874f0fa459bd87c83ff47148fc5718f86d9459564657124e571997afbf7?s=96&d=mm&r=g","url":"https:\/\/secure.gravatar.com\/avatar\/e759b874f0fa459bd87c83ff47148fc5718f86d9459564657124e571997afbf7?s=96&d=mm&r=g","contentUrl":"https:\/\/secure.gravatar.com\/avatar\/e759b874f0fa459bd87c83ff47148fc5718f86d9459564657124e571997afbf7?s=96&d=mm&r=g","caption":"Super User"}}]}},"_links":{"self":[{"href":"https:\/\/polowiec.pl\/en\/wp-json\/wp\/v2\/posts\/559","targetHints":{"allow":["GET"]}}],"collection":[{"href":"https:\/\/polowiec.pl\/en\/wp-json\/wp\/v2\/posts"}],"about":[{"href":"https:\/\/polowiec.pl\/en\/wp-json\/wp\/v2\/types\/post"}],"author":[{"embeddable":true,"href":"https:\/\/polowiec.pl\/en\/wp-json\/wp\/v2\/users\/2"}],"replies":[{"embeddable":true,"href":"https:\/\/polowiec.pl\/en\/wp-json\/wp\/v2\/comments?post=559"}],"version-history":[{"count":0,"href":"https:\/\/polowiec.pl\/en\/wp-json\/wp\/v2\/posts\/559\/revisions"}],"wp:attachment":[{"href":"https:\/\/polowiec.pl\/en\/wp-json\/wp\/v2\/media?parent=559"}],"wp:term":[{"taxonomy":"category","embeddable":true,"href":"https:\/\/polowiec.pl\/en\/wp-json\/wp\/v2\/categories?post=559"},{"taxonomy":"post_tag","embeddable":true,"href":"https:\/\/polowiec.pl\/en\/wp-json\/wp\/v2\/tags?post=559"}],"curies":[{"name":"wp","href":"https:\/\/api.w.org\/{rel}","templated":true}]}}