{"id":566,"date":"2015-09-01T13:26:15","date_gmt":"2015-09-01T11:26:15","guid":{"rendered":"https:\/\/nowa.polowiec.pl\/legal-bulletin-of-the-law-office-of-adam-polowiec-6-19-july-2015\/"},"modified":"2018-10-11T10:42:53","modified_gmt":"2018-10-11T08:42:53","slug":"legal-bulletin-of-the-law-office-of-adam-polowiec-6-19-july-2015","status":"publish","type":"post","link":"https:\/\/polowiec.pl\/en\/legal-bulletin-of-the-law-office-of-adam-polowiec-6-19-july-2015\/","title":{"rendered":"Legal Bulletin Of The Law Office Of Adam Polowiec (6 &#8211; 19 July 2015)"},"content":{"rendered":"<p>We would like to present the next issue of legal bulletin of the Law Office of Adam Polowiec.<br \/>What you will find here is some information about the new provisions of law and the projects of amendments to acts, but also case-laws including the case laws of Supreme Court, Constitutional Tribunal and European Court of Justice. <!--more--> <\/p>\n<h3 class=\"newsletter-naglowek\">Nowe Prawo<\/h3>\n<p><strong>KOSZTY S\u0104DOWE W SPRAWACH CYWILNYCH<\/strong><\/p>\n<p><strong>U<\/strong><strong>stawa<\/strong> z dnia 15 maja 2015 r. o zmianie ustawy o kosztach s\u0105dowych w sprawach cywilnych (Dz. U. 2015, poz. 957) <strong>\u2013 wejdzie w \u017cycie z dniem 23 lipca 2015 r.<\/strong> <\/p>\n<p>W ustawie z dnia 28 lipca 2005 r. o kosztach s\u0105dowych w sprawach cywilnych (Dz.\u00a0U.\u00a0z\u00a02014 r. poz. 1025, z p\u00f3\u017an. zm.) w art. 79 w ust. 1 w pkt 3 w lit. c kropk\u0119 zast\u0119puje si\u0119 przecinkiem i dodaje si\u0119 lit. d w brzmieniu &#8220;d) zarzut\u00f3w od nakazu zap\u0142aty wydanego w post\u0119powaniu nakazowym, je\u017celi post\u0119powanie w pierwszej instancji zako\u0144czy\u0142o si\u0119 zawarciem ugody s\u0105dowej.&#8221;<\/p>\n<p><strong>\u00a0<\/strong><\/p>\n<p><strong>GOSPODARKA NIERUCHOMO\u015aCIAMI<\/strong><\/p>\n<p><strong>U<\/strong><strong>stawa<\/strong> z dnia 15 maja 2015 r. o zmianie ustawy o gospodarce nieruchomo\u015bciami (Dz.\u00a0U. 2015, poz. 985) <strong>\u2013 wejdzie w \u017cycie z dniem 14 pa\u017adziernika 2015 r., z\u00a0wyj\u0105tkiem art. 3, kt\u00f3ry wchodzi w \u017cycie z dniem 16 lipca 2015 r.<\/strong><\/p>\n<p>W ustawie z dnia 21 sierpnia 1997 r. o gospodarce nieruchomo\u015bciami (Dz. U. z 2015 r. poz. 782) zmianie ulegnie brzmienie art. 5, art. 158, uchylony zostanie art. 227.<\/p>\n<p><strong>\u00a0<\/strong><\/p>\n<p><strong>PRAWO RESTRUKTURYZACYJNE<\/strong><\/p>\n<p>Ustawa z dnia 15 maja 2015 r. Prawo restrukturyzacyjne (Dz. U. 2015, poz. 978) -wejdzie w \u017cycie z dniem 1 stycznia 2016 r., z wyj\u0105tkiem:<\/p>\n<p>1) art. 5, kt\u00f3ry wchodzi w \u017cycie z dniem 1 lutego 2018 r.;<\/p>\n<p>2) art. 148 i art. 149, kt\u00f3re wchodz\u0105 w \u017cycie z dniem 1 wrze\u015bnia 2015 r.;<\/p>\n<p>3) art. 428 pkt 138 w zakresie dotycz\u0105cym art. 227, kt\u00f3ry wchodzi w \u017cycie 29\u00a0lipca\u00a02015\u00a0r.<\/p>\n<p><strong>\u00a0<\/strong><\/p>\n<p><strong>PRAWO ENERGETYCZNE<\/strong><\/p>\n<p><strong>U<\/strong><strong>stawa <\/strong>z dnia 27 maja 2015 r. o zmianie ustawy &#8211; Prawo energetyczne (Dz.\u00a0U.\u00a02015.942) <strong>\u2013 wejdzie w \u017cycie z dniem 3 sierpnia 2015 r.<\/strong> <\/p>\n<p>W ustawie z dnia 10 kwietnia 1997 r. &#8211; Prawo energetyczne (Dz. U. z 2012 r. poz. 1059, z p\u00f3\u017an. zm.) zmianie ulegnie brzmienie art. 18 ust. 1 pkt 2 i 3, uchylony zostanie ust. 3. <\/p>\n<p><strong>Rozporz\u0105dzenie<\/strong> Rady Ministr\u00f3w z dnia 18 czerwca 2015 r. w sprawie maksymalnej ilo\u015bci i warto\u015bci energii elektrycznej z odnawialnych \u017ar\u00f3de\u0142 energii, kt\u00f3ra mo\u017ce by\u0107 sprzedana w drodze aukcji w 2016 r. (Dz. U. 2015, poz. 975) <strong>\u2013 wejdzie\u00a0w\u00a0\u017cycie\u00a0z\u00a0dniem 1 stycznia 2016 r. <\/strong><\/p>\n<p><strong>Rozporz\u0105dzenie <\/strong>Ministra Gospodarki z dnia 6 lipca 2015 r. w sprawie wzoru \u015bwiadectwa (Dz. U. z 2015, poz. 970) <strong>\u2013 wejdzie w \u017cycie z dniem 25 lipca 2015 r.<\/strong> <\/p>\n<p><strong>\u00a0<\/strong><\/p>\n<p><strong>PRAWO O CUDZOZIEMCACH<\/strong><\/p>\n<p><strong>Rozporz\u0105dzenie<\/strong> Ministra Spraw Wewn\u0119trznych z dnia 8 czerwca 2015 r. zmieniaj\u0105ce rozporz\u0105dzenie w sprawie wniosku o udzielenie cudzoziemcowi zezwolenia na pobyt czasowy (Dz. U. 2015, poz.934) <strong>\u2013 wchodzi w \u017cycie z dniem 17 lipca 2015 r.<\/strong> <\/p>\n<p>W rozporz\u0105dzeniu Ministra Spraw Wewn\u0119trznych z dnia 28 kwietnia 2014 r. w sprawie wniosku o udzielenie cudzoziemcowi zezwolenia na pobyt czasowy (Dz.\u00a0U.\u00a02014,\u00a0poz.\u00a0566) za\u0142\u0105cznik nr 1 do rozporz\u0105dzenia otrzymuje brzmienie okre\u015blone w za\u0142\u0105czniku do\u00a0niniejszego rozporz\u0105dzenia.<\/p>\n<p>\u00a0<\/p>\n<h3 class=\"newsletter-naglowek\">Orzecznictwo<\/h3>\n<p><strong>Trybuna\u0142 Konstytucyjny; Trybuna\u0142 Sprawiedliwo\u015bci Unii Europejskiej<\/strong><\/p>\n<p>Trybuna\u0142 Konstytucyjny stwierdzi\u0142, \u017ce art. 9c ust. 2a ustawy z dnia 7 wrze\u015bnia 1991 r. o\u00a0systemie o\u015bwiaty (Dz. U. z 2004 r. Nr 256, poz. 2572, ze zm.) zgodnie z kt\u00f3rym wyniki sprawdzianu i egzamin\u00f3w przeprowadzanych w szko\u0142ach podstawowych, gimnazjum, oraz\u00a0szkole ponadgimnazjalnej, a tak\u017ce egzamin\u00f3w eksternistycznych, o kt\u00f3rych mowa w art. 10 ust. 1 i 3, s\u0105 ostateczne i nie s\u0142u\u017cy na nie skarga do s\u0105du administracyjnego, w\u00a0zakresie, w jakim wy\u0142\u0105cza skarg\u0119 do s\u0105du administracyjnego na uniewa\u017cnienie egzaminu maturalnego z\u00a0powodu stwierdzenia niesamodzielnego rozwi\u0105zywania zada\u0144 egzaminacyjnych przez zdaj\u0105cego podczas sprawdzania arkuszy egzaminacyjnych, jest zgodny z art. 45 ust. 1 Konstytucji Rzeczypospolitej Polskiej \u2013 <strong>Wyrok Trybuna\u0142u Konstytucyjnego z dnia 22 czerwca 2015 r., sygn. akt SK 29\/13.<\/strong><\/p>\n<p>\u00a0<\/p>\n<p><strong>S<\/strong><strong>\u0105d Najwy\u017cszy<\/strong><\/p>\n<p><strong>KOSZTY ZAST\u0118PSTWA PROFESJONALNEGO PE\u0141NOMOCNIKA<\/strong><\/p>\n<p>W razie wsp\u00f3\u0142uczestnictwa formalnego (art. 72 \u00a7 1 pkt 2 k.p.c.), do niezb\u0119dnych koszt\u00f3w procesu poniesionych przez wsp\u00f3\u0142uczestnik\u00f3w reprezentowanych przez jednego pe\u0142nomocnika b\u0119d\u0105cego adwokatem lub radc\u0105 prawnym zalicza si\u0119 jego wynagrodzenie ustalone odr\u0119bnie w stosunku do ka\u017cdego wsp\u00f3\u0142uczestnika. S\u0105d powinien jednak obni\u017cy\u0107 to wynagrodzenie, je\u017celi przemawia za tym nak\u0142ad pracy pe\u0142nomocnika, podj\u0119te przez niego czynno\u015bci oraz charakter sprawy (art. 109 \u00a7 2 k.p.c.) \u2013 <strong>Uchwa\u0142a S\u0105du Najwy\u017cszego z dnia 10 lipca 2015 r., sygn. akt III CZP 29\/15. <\/strong><\/p>\n<p><strong>\u00a0<\/strong><\/p>\n<p><strong>ZADO\u015a\u0106UCZYNIENIE<\/strong><\/p>\n<p>Sprawy o zado\u015b\u0107uczynienie za krzywd\u0119 wyrz\u0105dzon\u0105 naruszeniem d\u00f3br osobistych przez opublikowanie materia\u0142u prasowego nale\u017c\u0105 do w\u0142a\u015bciwo\u015bci s\u0105du okr\u0119gowego (art. 17 pkt 3 k.p.c.) <strong>\u2013 Uchwa\u0142a S\u0105du Najwy\u017cszego z dnia 10 lipca 2015 r., sygn.\u00a0akt\u00a0III\u00a0CZP\u00a036\/15.<\/strong><\/p>\n<p><strong>\u00a0<\/strong><\/p>\n<p><strong>ADMINISTRACJA RZ\u0104DOWA<\/strong><\/p>\n<p>Starosta (prezydent miasta na prawach powiatu) wykonuj\u0105cy zadania z zakresu administracji rz\u0105dowej mo\u017ce udzieli\u0107 pe\u0142nomocnictwa do z\u0142o\u017cenia o\u015bwiadczenia o\u00a0wypowiedzeniu wysoko\u015bci op\u0142aty rocznej z tytu\u0142u u\u017cytkowania wieczystego nieruchomo\u015bci stanowi\u0105cej w\u0142asno\u015b\u0107 Skarbu Pa\u0144stwa (art. 11 ust. 1 i art. 78 ust.\u00a01\u00a0ustawy z dnia 21 sierpnia 1997 r. o gospodarce nieruchomo\u015bciami jedn. tekst: Dz.\u00a0U. z 2014 r., poz. 518 ze zm.). \u2013 <strong>Uchwa\u0142a S\u0105du Najwy\u017cszego z dnia 10\u00a0lipca\u00a02015 r., sygn. akt III\u00a0CZP\u00a040\/15.<\/strong><\/p>\n<p><strong>\u00a0<\/strong><\/p>\n<p><strong>DOPUSZCZALNO\u015a\u0106 APELACJI<\/strong><\/p>\n<p>Og\u0142oszenie wyroku przez s\u0105d pierwszej instancji z naruszeniem art. 326 \u00a7 1 zdanie drugie k.p.c. nie wp\u0142ywa na dopuszczalno\u015b\u0107 apelacji \u2013 <strong>Uchwa\u0142a S\u0105du Najwy\u017cszego <\/strong><strong>z dnia 10 lipca 2015 r., sygn. akt III CZP 44\/15.<\/strong><\/p>\n<p><strong>\u00a0<\/strong><\/p>\n<p><strong>UMOWA O ROBOTY BUDOWLANE<\/strong><\/p>\n<p>W razie odst\u0105pienia przez wykonawc\u0119 od umowy o roboty budowlane, zawartej z\u00a0podwykonawc\u0105, inwestor nie ponosi odpowiedzialno\u015bci na podstawie art. 6471 \u00a7 5 k.c. \u2013 <strong>Uchwa\u0142a S\u0105du Najwy\u017cszego z dnia 10 lipca 2015 r., sygn. akt III CZP 45\/15.<\/strong><\/p>\n","protected":false},"excerpt":{"rendered":"<p>We would like to present the next issue of legal bulletin of the Law Office of Adam Polowiec.What you will find here is some information about the new provisions of law and the projects of amendments to acts, but also case-laws including the case laws of Supreme Court, Constitutional Tribunal and European Court of Justice.<\/p>\n","protected":false},"author":2,"featured_media":0,"comment_status":"closed","ping_status":"open","sticky":false,"template":"","format":"standard","meta":{"footnotes":""},"categories":[11],"tags":[],"class_list":["post-566","post","type-post","status-publish","format-standard","hentry","category-newsletters"],"featured_image_src":{"landsacpe":false,"list":false,"medium":false,"full":false},"yoast_head":"<!-- This site is optimized with the Yoast SEO plugin v27.2 - https:\/\/yoast.com\/product\/yoast-seo-wordpress\/ -->\n<title>Legal Bulletin Of The Law Office Of Adam Polowiec (6 - 19 July 2015) - Polowiec i Wsp\u00f3lnicy - Kancelaria prawna<\/title>\n<meta name=\"robots\" content=\"index, follow, max-snippet:-1, max-image-preview:large, max-video-preview:-1\" \/>\n<link rel=\"canonical\" href=\"https:\/\/polowiec.pl\/en\/legal-bulletin-of-the-law-office-of-adam-polowiec-6-19-july-2015\/\" \/>\n<meta property=\"og:locale\" content=\"en_US\" \/>\n<meta property=\"og:type\" content=\"article\" \/>\n<meta property=\"og:title\" content=\"Legal Bulletin Of The Law Office Of Adam Polowiec (6 - 19 July 2015) - Polowiec i Wsp\u00f3lnicy - Kancelaria prawna\" \/>\n<meta property=\"og:description\" content=\"We would like to present the next issue of legal bulletin of the Law Office of Adam Polowiec.What you will find here is some information about the new provisions of law and the projects of amendments to acts, but also case-laws including the case laws of Supreme Court, Constitutional Tribunal and European Court of Justice.\" \/>\n<meta property=\"og:url\" content=\"https:\/\/polowiec.pl\/en\/legal-bulletin-of-the-law-office-of-adam-polowiec-6-19-july-2015\/\" \/>\n<meta property=\"og:site_name\" content=\"Polowiec i Wsp\u00f3lnicy - Kancelaria prawna\" \/>\n<meta property=\"article:publisher\" content=\"https:\/\/www.facebook.com\/polowieciwspolnicy\/\" \/>\n<meta property=\"article:published_time\" content=\"2015-09-01T11:26:15+00:00\" \/>\n<meta property=\"article:modified_time\" content=\"2018-10-11T08:42:53+00:00\" \/>\n<meta name=\"author\" content=\"Super User\" \/>\n<meta name=\"twitter:card\" content=\"summary_large_image\" \/>\n<meta name=\"twitter:label1\" content=\"Written by\" \/>\n\t<meta name=\"twitter:data1\" content=\"Super User\" \/>\n\t<meta name=\"twitter:label2\" content=\"Est. reading time\" \/>\n\t<meta name=\"twitter:data2\" content=\"5 minutes\" \/>\n<script type=\"application\/ld+json\" class=\"yoast-schema-graph\">{\"@context\":\"https:\/\/schema.org\",\"@graph\":[{\"@type\":\"Article\",\"@id\":\"https:\/\/polowiec.pl\/en\/legal-bulletin-of-the-law-office-of-adam-polowiec-6-19-july-2015\/#article\",\"isPartOf\":{\"@id\":\"https:\/\/polowiec.pl\/en\/legal-bulletin-of-the-law-office-of-adam-polowiec-6-19-july-2015\/\"},\"author\":{\"name\":\"Super User\",\"@id\":\"https:\/\/polowiec.pl\/en\/#\/schema\/person\/ed8994874b775675a86115f307352d24\"},\"headline\":\"Legal Bulletin Of The Law Office Of Adam Polowiec (6 &#8211; 19 July 2015)\",\"datePublished\":\"2015-09-01T11:26:15+00:00\",\"dateModified\":\"2018-10-11T08:42:53+00:00\",\"mainEntityOfPage\":{\"@id\":\"https:\/\/polowiec.pl\/en\/legal-bulletin-of-the-law-office-of-adam-polowiec-6-19-july-2015\/\"},\"wordCount\":937,\"publisher\":{\"@id\":\"https:\/\/polowiec.pl\/en\/#organization\"},\"articleSection\":[\"Newsletter\"],\"inLanguage\":\"en-US\"},{\"@type\":\"WebPage\",\"@id\":\"https:\/\/polowiec.pl\/en\/legal-bulletin-of-the-law-office-of-adam-polowiec-6-19-july-2015\/\",\"url\":\"https:\/\/polowiec.pl\/en\/legal-bulletin-of-the-law-office-of-adam-polowiec-6-19-july-2015\/\",\"name\":\"Legal Bulletin Of The Law Office Of Adam Polowiec (6 - 19 July 2015) - Polowiec i Wsp\u00f3lnicy - Kancelaria prawna\",\"isPartOf\":{\"@id\":\"https:\/\/polowiec.pl\/en\/#website\"},\"datePublished\":\"2015-09-01T11:26:15+00:00\",\"dateModified\":\"2018-10-11T08:42:53+00:00\",\"breadcrumb\":{\"@id\":\"https:\/\/polowiec.pl\/en\/legal-bulletin-of-the-law-office-of-adam-polowiec-6-19-july-2015\/#breadcrumb\"},\"inLanguage\":\"en-US\",\"potentialAction\":[{\"@type\":\"ReadAction\",\"target\":[\"https:\/\/polowiec.pl\/en\/legal-bulletin-of-the-law-office-of-adam-polowiec-6-19-july-2015\/\"]}]},{\"@type\":\"BreadcrumbList\",\"@id\":\"https:\/\/polowiec.pl\/en\/legal-bulletin-of-the-law-office-of-adam-polowiec-6-19-july-2015\/#breadcrumb\",\"itemListElement\":[{\"@type\":\"ListItem\",\"position\":1,\"name\":\"Strona g\u0142\u00f3wna\",\"item\":\"https:\/\/polowiec.pl\/en\/\"},{\"@type\":\"ListItem\",\"position\":2,\"name\":\"Legal Bulletin Of The Law Office Of Adam Polowiec (6 &#8211; 19 July 2015)\"}]},{\"@type\":\"WebSite\",\"@id\":\"https:\/\/polowiec.pl\/en\/#website\",\"url\":\"https:\/\/polowiec.pl\/en\/\",\"name\":\"Polowiec i Wsp\u00f3lnicy - Kancelaria prawna\",\"description\":\"Obs\u0142uga prawna\",\"publisher\":{\"@id\":\"https:\/\/polowiec.pl\/en\/#organization\"},\"potentialAction\":[{\"@type\":\"SearchAction\",\"target\":{\"@type\":\"EntryPoint\",\"urlTemplate\":\"https:\/\/polowiec.pl\/en\/?s={search_term_string}\"},\"query-input\":{\"@type\":\"PropertyValueSpecification\",\"valueRequired\":true,\"valueName\":\"search_term_string\"}}],\"inLanguage\":\"en-US\"},{\"@type\":\"Organization\",\"@id\":\"https:\/\/polowiec.pl\/en\/#organization\",\"name\":\"Polowiec i Wsp\u00f3lnicy - Kancelaria prawna\",\"url\":\"https:\/\/polowiec.pl\/en\/\",\"logo\":{\"@type\":\"ImageObject\",\"inLanguage\":\"en-US\",\"@id\":\"https:\/\/polowiec.pl\/en\/#\/schema\/logo\/image\/\",\"url\":\"https:\/\/polowiec.pl\/wp-content\/uploads\/2018\/10\/polowiec_logo2-1.png\",\"contentUrl\":\"https:\/\/polowiec.pl\/wp-content\/uploads\/2018\/10\/polowiec_logo2-1.png\",\"width\":540,\"height\":381,\"caption\":\"Polowiec i Wsp\u00f3lnicy - Kancelaria prawna\"},\"image\":{\"@id\":\"https:\/\/polowiec.pl\/en\/#\/schema\/logo\/image\/\"},\"sameAs\":[\"https:\/\/www.facebook.com\/polowieciwspolnicy\/\",\"https:\/\/www.linkedin.com\/company\/polowiec-i-wsplnicy-sp.j.\/about\/\"]},{\"@type\":\"Person\",\"@id\":\"https:\/\/polowiec.pl\/en\/#\/schema\/person\/ed8994874b775675a86115f307352d24\",\"name\":\"Super User\",\"image\":{\"@type\":\"ImageObject\",\"inLanguage\":\"en-US\",\"@id\":\"https:\/\/secure.gravatar.com\/avatar\/e759b874f0fa459bd87c83ff47148fc5718f86d9459564657124e571997afbf7?s=96&d=mm&r=g\",\"url\":\"https:\/\/secure.gravatar.com\/avatar\/e759b874f0fa459bd87c83ff47148fc5718f86d9459564657124e571997afbf7?s=96&d=mm&r=g\",\"contentUrl\":\"https:\/\/secure.gravatar.com\/avatar\/e759b874f0fa459bd87c83ff47148fc5718f86d9459564657124e571997afbf7?s=96&d=mm&r=g\",\"caption\":\"Super User\"}}]}<\/script>\n<!-- \/ Yoast SEO plugin. -->","yoast_head_json":{"title":"Legal Bulletin Of The Law Office Of Adam Polowiec (6 - 19 July 2015) - Polowiec i Wsp\u00f3lnicy - Kancelaria prawna","robots":{"index":"index","follow":"follow","max-snippet":"max-snippet:-1","max-image-preview":"max-image-preview:large","max-video-preview":"max-video-preview:-1"},"canonical":"https:\/\/polowiec.pl\/en\/legal-bulletin-of-the-law-office-of-adam-polowiec-6-19-july-2015\/","og_locale":"en_US","og_type":"article","og_title":"Legal Bulletin Of The Law Office Of Adam Polowiec (6 - 19 July 2015) - Polowiec i Wsp\u00f3lnicy - Kancelaria prawna","og_description":"We would like to present the next issue of legal bulletin of the Law Office of Adam Polowiec.What you will find here is some information about the new provisions of law and the projects of amendments to acts, but also case-laws including the case laws of Supreme Court, Constitutional Tribunal and European Court of Justice.","og_url":"https:\/\/polowiec.pl\/en\/legal-bulletin-of-the-law-office-of-adam-polowiec-6-19-july-2015\/","og_site_name":"Polowiec i Wsp\u00f3lnicy - Kancelaria prawna","article_publisher":"https:\/\/www.facebook.com\/polowieciwspolnicy\/","article_published_time":"2015-09-01T11:26:15+00:00","article_modified_time":"2018-10-11T08:42:53+00:00","author":"Super User","twitter_card":"summary_large_image","twitter_misc":{"Written by":"Super User","Est. reading time":"5 minutes"},"schema":{"@context":"https:\/\/schema.org","@graph":[{"@type":"Article","@id":"https:\/\/polowiec.pl\/en\/legal-bulletin-of-the-law-office-of-adam-polowiec-6-19-july-2015\/#article","isPartOf":{"@id":"https:\/\/polowiec.pl\/en\/legal-bulletin-of-the-law-office-of-adam-polowiec-6-19-july-2015\/"},"author":{"name":"Super User","@id":"https:\/\/polowiec.pl\/en\/#\/schema\/person\/ed8994874b775675a86115f307352d24"},"headline":"Legal Bulletin Of The Law Office Of Adam Polowiec (6 &#8211; 19 July 2015)","datePublished":"2015-09-01T11:26:15+00:00","dateModified":"2018-10-11T08:42:53+00:00","mainEntityOfPage":{"@id":"https:\/\/polowiec.pl\/en\/legal-bulletin-of-the-law-office-of-adam-polowiec-6-19-july-2015\/"},"wordCount":937,"publisher":{"@id":"https:\/\/polowiec.pl\/en\/#organization"},"articleSection":["Newsletter"],"inLanguage":"en-US"},{"@type":"WebPage","@id":"https:\/\/polowiec.pl\/en\/legal-bulletin-of-the-law-office-of-adam-polowiec-6-19-july-2015\/","url":"https:\/\/polowiec.pl\/en\/legal-bulletin-of-the-law-office-of-adam-polowiec-6-19-july-2015\/","name":"Legal Bulletin Of The Law Office Of Adam Polowiec (6 - 19 July 2015) - Polowiec i Wsp\u00f3lnicy - Kancelaria prawna","isPartOf":{"@id":"https:\/\/polowiec.pl\/en\/#website"},"datePublished":"2015-09-01T11:26:15+00:00","dateModified":"2018-10-11T08:42:53+00:00","breadcrumb":{"@id":"https:\/\/polowiec.pl\/en\/legal-bulletin-of-the-law-office-of-adam-polowiec-6-19-july-2015\/#breadcrumb"},"inLanguage":"en-US","potentialAction":[{"@type":"ReadAction","target":["https:\/\/polowiec.pl\/en\/legal-bulletin-of-the-law-office-of-adam-polowiec-6-19-july-2015\/"]}]},{"@type":"BreadcrumbList","@id":"https:\/\/polowiec.pl\/en\/legal-bulletin-of-the-law-office-of-adam-polowiec-6-19-july-2015\/#breadcrumb","itemListElement":[{"@type":"ListItem","position":1,"name":"Strona g\u0142\u00f3wna","item":"https:\/\/polowiec.pl\/en\/"},{"@type":"ListItem","position":2,"name":"Legal Bulletin Of The Law Office Of Adam Polowiec (6 &#8211; 19 July 2015)"}]},{"@type":"WebSite","@id":"https:\/\/polowiec.pl\/en\/#website","url":"https:\/\/polowiec.pl\/en\/","name":"Polowiec i Wsp\u00f3lnicy - Kancelaria prawna","description":"Obs\u0142uga prawna","publisher":{"@id":"https:\/\/polowiec.pl\/en\/#organization"},"potentialAction":[{"@type":"SearchAction","target":{"@type":"EntryPoint","urlTemplate":"https:\/\/polowiec.pl\/en\/?s={search_term_string}"},"query-input":{"@type":"PropertyValueSpecification","valueRequired":true,"valueName":"search_term_string"}}],"inLanguage":"en-US"},{"@type":"Organization","@id":"https:\/\/polowiec.pl\/en\/#organization","name":"Polowiec i Wsp\u00f3lnicy - Kancelaria prawna","url":"https:\/\/polowiec.pl\/en\/","logo":{"@type":"ImageObject","inLanguage":"en-US","@id":"https:\/\/polowiec.pl\/en\/#\/schema\/logo\/image\/","url":"https:\/\/polowiec.pl\/wp-content\/uploads\/2018\/10\/polowiec_logo2-1.png","contentUrl":"https:\/\/polowiec.pl\/wp-content\/uploads\/2018\/10\/polowiec_logo2-1.png","width":540,"height":381,"caption":"Polowiec i Wsp\u00f3lnicy - Kancelaria prawna"},"image":{"@id":"https:\/\/polowiec.pl\/en\/#\/schema\/logo\/image\/"},"sameAs":["https:\/\/www.facebook.com\/polowieciwspolnicy\/","https:\/\/www.linkedin.com\/company\/polowiec-i-wsplnicy-sp.j.\/about\/"]},{"@type":"Person","@id":"https:\/\/polowiec.pl\/en\/#\/schema\/person\/ed8994874b775675a86115f307352d24","name":"Super User","image":{"@type":"ImageObject","inLanguage":"en-US","@id":"https:\/\/secure.gravatar.com\/avatar\/e759b874f0fa459bd87c83ff47148fc5718f86d9459564657124e571997afbf7?s=96&d=mm&r=g","url":"https:\/\/secure.gravatar.com\/avatar\/e759b874f0fa459bd87c83ff47148fc5718f86d9459564657124e571997afbf7?s=96&d=mm&r=g","contentUrl":"https:\/\/secure.gravatar.com\/avatar\/e759b874f0fa459bd87c83ff47148fc5718f86d9459564657124e571997afbf7?s=96&d=mm&r=g","caption":"Super User"}}]}},"_links":{"self":[{"href":"https:\/\/polowiec.pl\/en\/wp-json\/wp\/v2\/posts\/566","targetHints":{"allow":["GET"]}}],"collection":[{"href":"https:\/\/polowiec.pl\/en\/wp-json\/wp\/v2\/posts"}],"about":[{"href":"https:\/\/polowiec.pl\/en\/wp-json\/wp\/v2\/types\/post"}],"author":[{"embeddable":true,"href":"https:\/\/polowiec.pl\/en\/wp-json\/wp\/v2\/users\/2"}],"replies":[{"embeddable":true,"href":"https:\/\/polowiec.pl\/en\/wp-json\/wp\/v2\/comments?post=566"}],"version-history":[{"count":0,"href":"https:\/\/polowiec.pl\/en\/wp-json\/wp\/v2\/posts\/566\/revisions"}],"wp:attachment":[{"href":"https:\/\/polowiec.pl\/en\/wp-json\/wp\/v2\/media?parent=566"}],"wp:term":[{"taxonomy":"category","embeddable":true,"href":"https:\/\/polowiec.pl\/en\/wp-json\/wp\/v2\/categories?post=566"},{"taxonomy":"post_tag","embeddable":true,"href":"https:\/\/polowiec.pl\/en\/wp-json\/wp\/v2\/tags?post=566"}],"curies":[{"name":"wp","href":"https:\/\/api.w.org\/{rel}","templated":true}]}}