{"id":570,"date":"2015-09-01T14:57:39","date_gmt":"2015-09-01T12:57:39","guid":{"rendered":"https:\/\/nowa.polowiec.pl\/legal-bulletin-of-the-law-office-of-adam-polowiec-17-30-august-2015\/"},"modified":"2018-10-11T10:42:53","modified_gmt":"2018-10-11T08:42:53","slug":"legal-bulletin-of-the-law-office-of-adam-polowiec-17-30-august-2015","status":"publish","type":"post","link":"https:\/\/polowiec.pl\/en\/legal-bulletin-of-the-law-office-of-adam-polowiec-17-30-august-2015\/","title":{"rendered":"Legal Bulletin Of The Law Office Of Adam Polowiec (17 &#8211; 30 August 2015)"},"content":{"rendered":"<p>We would like to present the next issue of legal bulletin of the Law Office of Adam Polowiec.<br \/>What you will find here is some information about the new provisions of law and the projects of amendments to acts, but also case-laws including the case laws of Supreme Court, Constitutional Tribunal and European Court of Justice. <!--more--> <\/p>\n<h3 class=\"newsletter-naglowek\">Nowe Prawo<\/h3>\n<p><strong>W\u0141ASNO\u015a\u0106 LOKALI<\/strong><\/p>\n<p><strong>U<\/strong><strong>stawa<\/strong> z dnia 12 czerwca 2015 r. o zmianie ustawy o w\u0142asno\u015bci lokali (Dz.\u00a0U.\u00a0z\u00a02015\u00a0r.,\u00a0poz. 1168) <strong>\u2013 wejdzie w \u017cycie z dniem 29 sierpnia 2015 r.<\/strong><\/p>\n<p>W ustawie z dnia 24 czerwca 1994 r. o w\u0142asno\u015bci lokali (Dz. U. z 2000 r. Nr 80, poz. 903 oraz z 2004 r. Nr 141, poz. 1492) dodany zostanie art. 1a, w art. 3 ust. 3a, w art. 23 ust. 2b, zmianie ulegnie brzmienie art. 12 ust. 3, art. 22 ust. 4, art. 25 ust. 1a, art.\u00a026\u00a0ust. 1, art. 29 ust. 2, art. 30 ust. 1 pkt 3, art. 31, art. 32 ust. 1.<\/p>\n<p><strong>\u00a0<\/strong><\/p>\n<p><strong>S\u0104D NAJWY\u017bSZY<\/strong><\/p>\n<p><strong>U<\/strong><strong>stawa<\/strong> z dnia 12 czerwca 2015 r. o zmianie ustawy o S\u0105dzie Najwy\u017cszym (Dz.\u00a0U.\u00a0z\u00a02015 r., poz. 1167) <strong>\u2013 wejdzie w \u017cycie z dniem 29 sierpnia 2015 r.<\/strong> <\/p>\n<p>W ustawie z dnia 23 listopada 2002 r. o S\u0105dzie Najwy\u017cszym (Dz. U. z 2013 r. poz. 499, z\u00a0p\u00f3\u017an. zm.) zmianie ulegnie brzmienie art. 13, art. 30.<\/p>\n<p><strong>\u00a0<\/strong><\/p>\n<p><strong>PRAWA PACJENTA I RZECZNIK PRAW PACJENTA<\/strong><\/p>\n<p><strong>U<\/strong><strong>stawa<\/strong> z dnia 12 czerwca 2015 r. o zmianie ustawy o prawach pacjenta i Rzeczniku Praw Pacjenta (Dz. U. z 2015 r., poz. 1163) <strong>\u2013 wchodzi w \u017cycie z dniem 28 sierpnia 2015 r. <\/strong><\/p>\n<p>W ustawie z dnia 6 listopada 2008 r. o prawach pacjenta i Rzeczniku Praw Pacjenta (Dz.\u00a0U. z 2012 r. poz. 159, z p\u00f3\u017an. zm.) zmianie ulega brzmienie art. 30. <\/p>\n<p><strong>\u00a0<\/strong><\/p>\n<p><strong>GOSPODARKA NIERUCHOMO\u015aCIAMI<\/strong><\/p>\n<p>Ustawa z dnia 12 czerwca 2015 r. o zmianie ustawy o gospodarce nieruchomo\u015bciami (Dz.\u00a0U. z 2015 r., poz. 1180) \u2013 wejdzie w \u017cycie z dniem 29 sierpnia 2015 r.<\/p>\n<p>W ustawie z dnia 21 sierpnia 1997 r. o gospodarce nieruchomo\u015bciami (Dz.\u00a0U.\u00a0z\u00a02015\u00a0r.\u00a0poz. 782, 985 i 1039) zmianie ulegnie brzmienie art. 68. <\/p>\n<p><strong>\u00a0<\/strong><\/p>\n<p><strong>PRAWO PODATKOWE ORAZ FINANSE PUBLICZNE<\/strong><\/p>\n<p><strong>U<\/strong><strong>stawa<\/strong> z dnia 12 czerwca 2015 r. o zmianie ustawy o finansach publicznych (Dz.\u00a0U.\u00a0z\u00a02015 r., poz. 1189) <strong>\u2013 wejdzie w \u017cycie z dniem 1 stycznia 2016 r.<\/strong> <\/p>\n<p>W ustawie z dnia 27 sierpnia 2009 r. o finansach publicznych (Dz. U. z 2013 r. poz. 885, z p\u00f3\u017an. zm.) zmianie ulegnie brzmienie art. 24, art. 27 ust. 2, art. 28. <\/p>\n<p><strong>U<\/strong><strong>stawa<\/strong> z dnia 22 lipca 2015 r. o zmianie ustawy o finansach publicznych (Dz.\u00a0U.\u00a0z\u00a02015\u00a0r., poz. 1190) <strong>\u2013 wejdzie w \u017cycie z dniem 1 wrze\u015bnia 2015 r.<\/strong>\u00a0<\/p>\n<p>W ustawie z dnia 27 sierpnia 2009 r. o finansach publicznych (Dz. U. z 2013 r. poz. 885, z p\u00f3\u017an. zm.) zmianie ulegnie brzmienie art. 112aa.<\/p>\n<p><strong>U<\/strong><strong>stawa<\/strong> z dnia 5 sierpnia 2015 r. o zmianie ustawy &#8211; Ordynacja podatkowa oraz niekt\u00f3rych innych ustaw (Dz. U. z 2015 r., poz. 1197) <strong>\u2013 wejdzie w \u017cycie z dniem 1\u00a0stycznia 2016 r. <\/strong><\/p>\n<p>W ustawie z dnia 29 sierpnia 1997 r. &#8211; Ordynacja podatkowa (Dz. U. z 2015 r. poz. 613, 699 i 978) dodany zostanie art. 2a.<\/p>\n<p>W ustawie z dnia 26 lipca 1991 r. o podatku dochodowym od os\u00f3b fizycznych (Dz.\u00a0U.\u00a0z\u00a02012 r. poz. 361, z p\u00f3\u017an. zm.) uchylony zostanie art. 24d.<\/p>\n<p>W ustawie z dnia 15 lutego 1992 r. o podatku dochodowym od os\u00f3b prawnych (Dz.\u00a0U.\u00a0z\u00a02014 r. poz. 851, z p\u00f3\u017an. zm.) uchylony zostanie art. 15b.<\/p>\n<p>W ustawie z dnia 2 lipca 2004 r. o swobodzie dzia\u0142alno\u015bci gospodarczej (Dz.\u00a0U.\u00a0z\u00a02015\u00a0r.\u00a0poz. 584, z p\u00f3\u017an. zm.) zmianie ulegnie brzmienie art. 80a ust. 1.<\/p>\n<p><strong>Rozporz\u0105dzeni<\/strong><strong>e<\/strong> Ministra Finans\u00f3w z dnia 30 lipca 2015 r. zmieniaj\u0105ce rozporz\u0105dzenie w\u00a0sprawie zwrotu akcyzy od wyrob\u00f3w akcyzowych (Dz. U. z 2015 r., poz. 1159) <strong>\u2013wchodzi w \u017cycie z dniem 28 sierpnia 2015 r. <\/strong><\/p>\n<p>W rozporz\u0105dzeniu Ministra Finans\u00f3w z dnia 20 sierpnia 2010 r. w sprawie zwrotu akcyzy od wyrob\u00f3w akcyzowych (Dz. U. Nr 157, poz. 1053) zmianie ulegnie brzmienie \u00a7 2 ust. 1, za\u0142\u0105cznik do rozporz\u0105dzenia otrzymuje brzmienie okre\u015blone w za\u0142\u0105czniku do\u00a0niniejszego rozporz\u0105dzenia.<\/p>\n<p><strong>Rozporz\u0105dzenie<\/strong> Ministra Finans\u00f3w z dnia 11 sierpnia 2015 r. w sprawie zaniechania poboru podatku dochodowego od os\u00f3b fizycznych od niekt\u00f3rych dochod\u00f3w (przychod\u00f3w) podatnik\u00f3w podatku dochodowego od os\u00f3b fizycznych (Dz. U. z 2015 r., poz. 1176) <strong>\u2013 wesz\u0142o w \u017cycie z dniem 15 sierpnia 2015 r.<\/strong><\/p>\n<p><strong>Rozporz\u0105dzenie<\/strong> Ministra Sprawiedliwo\u015bci z dnia 13 sierpnia 2015 r. zmieniaj\u0105ce rozporz\u0105dzenie w sprawie okre\u015blenia rodzaj\u00f3w i zakresu informacji przekazywanych organom podatkowym przez s\u0105dy, komornik\u00f3w s\u0105dowych i notariuszy oraz terminu, formy, z uwzgl\u0119dnieniem formy wypisu aktu i sposobu ich przekazywania (Dz.\u00a0U.\u00a0z\u00a02015\u00a0r., poz. 1174) <strong>\u2013 wesz\u0142o w \u017cycie z dniem 17 sierpnia 2015 r.<\/strong>\u00a0 <\/p>\n<p>W rozporz\u0105dzeniu Ministra Sprawiedliwo\u015bci z dnia 28 czerwca 2004 r. w sprawie okre\u015blenia rodzaj\u00f3w i zakresu informacji przekazywanych organom podatkowym przez s\u0105dy, komornik\u00f3w s\u0105dowych i notariuszy oraz terminu, formy, z uwzgl\u0119dnieniem formy wypisu aktu i sposobu ich przekazywania (Dz. U. Nr 156, poz. 1640 oraz z 2009 r. Nr 32, poz. 252) zmianie uleg\u0142o brzmienie \u00a7 2 pkt 1, \u00a7 5 w pkt 2 na ko\u0144cu dodaje si\u0119 przecinek i\u00a0dodaje si\u0119 pkt 3. <\/p>\n<p><strong>\u00a0<\/strong><\/p>\n<p><strong>POST\u0118POWANIE KARNE ORAZ W SPRAWACH O WYKROCZENIA<\/strong><\/p>\n<p><strong>U<\/strong><strong>stawa<\/strong> z dnia 12 czerwca 2015 r. o zmianie ustawy &#8211; Kodeks post\u0119powania karnego oraz ustawy &#8211; Kodeks post\u0119powania w sprawach o wykroczenia (Dz. U. z 2015 r., poz.\u00a01186) <strong>\u2013 wejdzie w\u00a0 \u017cycie z dniem 17 wrze\u015bnia 2015 r.<\/strong> <\/p>\n<p>W ustawie z dnia 6 czerwca 1997 r. &#8211; Kodeks post\u0119powania karnego (Dz. U. Nr 89, poz.\u00a0555, z p\u00f3\u017an. zm.) zmianie ulegnie brzmienie art. 78 \u00a7 2, art. 80a, art. 81, art. 87a.<\/p>\n<p>W ustawie z dnia 24 sierpnia 2001 r. &#8211; Kodeks post\u0119powania w sprawach o wykroczenia (Dz. U. z 2013 r. poz. 395, z p\u00f3\u017an. zm.) zmianie ulegnie brzmienie art. 23. <\/p>\n<p><strong>Ustawa<\/strong> z dnia 12 czerwca 2015 r. o zmianie ustawy &#8211; Kodeks post\u0119powania karnego (Dz. U. z 2015 r., poz. 1185) <strong>\u2013 wejdzie w <\/strong><strong>\u017cycie z dniem 1 wrze\u015bnia 2015 r.<\/strong> <\/p>\n<p>W ustawie z dnia 6 czerwca 1997 r. &#8211; Kodeks post\u0119powania karnego (Dz.\u00a0U.\u00a0Nr\u00a089,\u00a0poz.\u00a0555, z p\u00f3\u017an. zm.) zmianie ulegnie brzmienie art. 426 \u00a7 2.<\/p>\n<p><strong>\u00a0<\/strong><\/p>\n<p><strong>EMISJA GAZ\u00d3W CIEPLARNIANYCH<\/strong><\/p>\n<p><strong>U<\/strong><strong>stawa<\/strong> z dnia 12 czerwca 2015 r. o systemie handlu uprawnieniami do emisji gaz\u00f3w cieplarnianych (Dz. U. z 2015 r., poz. 1223) <strong>\u2013 wejdzie w \u017cycie z dniem 9\u00a0wrze\u015bnia\u00a02015 r. <\/strong><\/p>\n<p><strong>\u00a0<\/strong><\/p>\n<p><strong>ZAM\u00d3WIENIA PUBLICZNE ORAZ UBEZPIECZENIA SPO\u0141ECZNE<\/strong><\/p>\n<p><strong>U<\/strong><strong>stawa<\/strong> z dnia 25 czerwca 2015 r. o zmianie ustawy o zmianie ustawy &#8211; Prawo zam\u00f3wie\u0144 publicznych oraz ustawy o zmianie ustawy o systemie ubezpiecze\u0144 spo\u0142ecznych oraz niekt\u00f3rych innych ustaw (Dz. U. z 2015 r., poz. 1153) <strong>\u2013 wchodzi w \u017cycie z dniem 28\u00a0sierpnia 2015 r. <\/strong><\/p>\n<p>W ustawie z dnia 29 sierpnia 2014 r. o zmianie ustawy &#8211; Prawo zam\u00f3wie\u0144 publicznych (Dz. U. poz. 1232) zmianie ulegnie brzmienie art. 4.<\/p>\n<p>W ustawie z dnia 23 pa\u017adziernika 2014 r. o zmianie ustawy o systemie ubezpiecze\u0144 spo\u0142ecznych oraz niekt\u00f3rych innych ustaw (Dz. U. poz. 1831) zmianie ulegnie brzmienie\u00a0art. 5.<\/p>\n<p><strong>\u00a0<\/strong><\/p>\n<p><strong>WYROBY BUDOWLANE<\/strong><\/p>\n<p><strong>U<\/strong><strong>stawa<\/strong> z dnia 25 czerwca 2015 r. o zmianie ustawy o wyrobach budowlanych, ustawy &#8211; Prawo budowlane oraz ustawy o zmianie ustawy o wyrobach budowlanych oraz ustawy o systemie oceny zgodno\u015bci (Dz. U. z 2015 r., poz. 1165) &#8211; <strong>wchodzi w \u017cycie z dniem 1\u00a0stycznia 2016 r., z wyj\u0105tkiem:<\/strong><\/p>\n<p><strong>1) art. 3, kt\u00f3ry wchodzi w \u017cycie z dniem og\u0142oszenia;<\/strong><\/p>\n<p><strong>2) art. 1 pkt 5, pkt 6 lit. a-e, pkt 7 w cz\u0119\u015bci dotycz\u0105cej art. 9 ust. 1-8 ustawy wymienionej w art. 1 oraz pkt 8, kt\u00f3re wchodz\u0105 w \u017cycie z dniem 1\u00a0stycznia\u00a02017\u00a0r.<\/strong><\/p>\n<p>W ustawie z dnia 16 kwietnia 2004 r. o wyrobach budowlanych (Dz.\u00a0U.\u00a0z\u00a02014\u00a0r.\u00a0poz.\u00a0883) zmianie ulegnie brzmienie art. 2, art. 3, tytu\u0142u rozdzia\u0142u 2, art. 4, art. 5, art. 8,\u00a0art. 9, tytu\u0142u rozdzia\u0142u 3, art. 12, art. 13 ust. 1, art. 14, art. 15, tytu\u0142u rozdzia\u0142u 4, art. 16, art. 17, art. 18, art. 22c, art. 23a, art. 25, art. 26, art. 30, art.\u00a031, art. 31a, art. 33, art. 34, art. 36, dodany zostanie rozdzia\u0142 2a, art. 32a, art. 35a, uchylony zostanie art. 7.<\/p>\n<p>W ustawie z dnia 7 lipca 1994 r. &#8211; Prawo budowlane (Dz. U. z 2013 r. poz. 1409 z\u00a0p\u00f3\u017an.\u00a0zm.) zmianie ulegnie brzmienie art. 5 ust. 1, art. 10, art. 22, art. 25, art. 26, art.\u00a076, art. 81, art. 81c, art. 84a.<\/p>\n<p>W ustawie z dnia 13 czerwca 2013 r. o zmianie ustawy o wyrobach budowlanych oraz\u00a0ustawy o systemie oceny zgodno\u015bci (Dz. U. poz. 898) zmianie ulegnie brzmienie art.\u00a04. <\/p>\n<p><strong>\u00a0<\/strong><\/p>\n<p><strong>PRAWO PRACY I \u015aWIADCZENIA RODZINNE<\/strong><\/p>\n<p><strong>U<\/strong><strong>stawa<\/strong> z dnia 25 czerwca 2015 r. o zmianie ustawy &#8211; Kodeks pracy oraz niekt\u00f3rych innych ustaw (Dz. U. z 2015 r., poz. 1220) <strong>\u2013 wejdzie w \u017cycie z dniem 22 lutego 2016 r., z wyj\u0105tkiem art. 12, kt\u00f3ry wchodzi w \u017cycie z dniem 30 sierpnia 2015 r.<\/strong><\/p>\n<p>W ustawie z dnia 26 czerwca 1974 r. &#8211; Kodeks pracy (Dz. U. z 2014 r. poz. 1502 i\u00a01662\u00a0oraz z 2015 r. poz. 1066) zmianie ulegnie brzmienie art. 25 i art. 251, art. 30, art.\u00a032, <\/p>\n<p>art. 361, art. 50 \u00a7 3, art. 55 \u00a7 11, art. 58, art. 59, art, 61 2, art. 632 \u00a7 2, art. 97 \u00a7 11,\u00a0 art. 151 9a, art. 151 11, art. 177 \u00a7 3, art. 182, art. 262, art. 281, dodany zostanie w\u00a0art.\u00a029 \u00a7 1 1, art. 362, uchylony zostanie art. 33, art. 331, w art. 411 \u00a7 2.<\/p>\n<p>W ustawie z dnia 21 listopada 1967 r. o powszechnym obowi\u0105zku obrony Rzeczypospolitej Polskiej (Dz. U. z 2015 r. poz. 827) zmianie ulegnie brzmienie art.\u00a0118\u00a0ust. 5, art. 118a ust. 2. <\/p>\n<p>W ustawie z dnia 16 wrze\u015bnia 1982 r. o pracownikach urz\u0119d\u00f3w pa\u0144stwowych (Dz.\u00a0U.\u00a0z\u00a02013 r. poz. 269 oraz z 2014 r. poz. 1199) zmianie ulegnie brzmienie art. 471 ust. 1. <\/p>\n<p>W ustawie z dnia 25 czerwca 1999 r. o \u015bwiadczeniach pieni\u0119\u017cnych z ubezpieczenia spo\u0142ecznego w razie choroby i macierzy\u0144stwa (Dz. U. z 2014 r. poz. 159 oraz z 2015 r. poz. 1066 i 1217) zmianie ulegnie brzmienie art. 30 ust. 4. <\/p>\n<p>W ustawie z dnia 27 lipca 2001 r. o s\u0142u\u017cbie zagranicznej (Dz. U. Nr 128, poz. 1403, z\u00a0p\u00f3\u017an. zm.) zmianie ulegnie brzmienie art. 4 pkt 6, art. 28c.<\/p>\n<p>W ustawie z dnia 13 marca 2003 r. o szczeg\u00f3lnych zasadach rozwi\u0105zywania z\u00a0pracownikami stosunk\u00f3w pracy z przyczyn niedotycz\u0105cych pracownik\u00f3w (Dz.\u00a0U.\u00a0z\u00a02015\u00a0r. poz. 192) zmianie ulegnie brzmienie art. 5, art. 10 ust. 1.<\/p>\n<p>W ustawie z dnia 13 czerwca 2003 r. o zatrudnieniu socjalnym (Dz.\u00a0U.\u00a0z\u00a02011\u00a0r.\u00a0Nr\u00a043,\u00a0poz. 225 i Nr 205, poz. 1211) zmianie ulegnie brzmienie art.\u00a018\u00a0w ust. 2 pkt 1.<\/p>\n<p>W ustawie z dnia 9 lipca 2003 r. o zatrudnianiu pracownik\u00f3w tymczasowych (Dz.\u00a0U.\u00a0Nr\u00a0166, poz. 1608, z p\u00f3\u017an. zm.) zmianie ulegnie brzmienie art. 7, art. 13, art. 21.<\/p>\n<p>W ustawie z dnia 28 listopada 2003 r. o s\u0142u\u017cbie zast\u0119pczej (Dz. U. z 2014 r. poz. 1027 i\u00a01198) zmianie ulegnie brzmienie art. 34 ust. 4.<\/p>\n<p>W ustawie z dnia 21 listopada 2008 r. o s\u0142u\u017cbie cywilnej (Dz. U. z 2014 r. poz. 1111 i\u00a01199 oraz z 2015 r. poz. 211) zmianie ulegnie brzmienie art. 34 ust. 2, art. 35 ust. 3.<\/p>\n<p>W ustawie z dnia 21 listopada 2008 r. o pracownikach samorz\u0105dowych (Dz.\u00a0U.\u00a0z\u00a02014\u00a0r.\u00a0poz. 1202 oraz z 2015 r. poz. 1045) zmianie ulegnie brzmienie art.\u00a016\u00a0ust. 2.<\/p>\n<p>W ustawie z dnia 20 marca 2015 r. o dzia\u0142aczach opozycji antykomunistycznej oraz\u00a0osobach represjonowanych z powod\u00f3w politycznych (Dz. U. poz. 693) zmianie\u00a0ulegnie brzmienie art. 19.<\/p>\n<p><strong>Ustawa<\/strong> z dnia 24 lipca 2015 r. o zmianie ustawy o \u015bwiadczeniach rodzinnych oraz niekt\u00f3rych innych ustaw (Dz. U. z 2015 r., poz. 1217) <strong>\u2013 wejdzie w \u017cycie z dniem 1\u00a0stycznia 2016 r., z wyj\u0105tkiem art. 1 pkt 1 lit. a, pkt 2 lit. b tiret pierwsze i\u00a0lit.\u00a0c\u00a0tiret pierwsze oraz pkt 6, art. 14 pkt 1 lit. a i pkt 2 lit. a oraz art. 17, kt\u00f3re\u00a0wchodz\u0105 w \u017cycie z dniem 5 wrze\u015bnia 2015 r. <\/strong><\/p>\n<p>W ustawie z dnia 28 listopada 2003 r. o \u015bwiadczeniach rodzinnych (Dz.\u00a0U.\u00a0z\u00a02015\u00a0r.\u00a0poz.\u00a0114, 693 i 995) zmianie ulegnie brzmienie art. 2, art. 3, art. 18, art. 23, art. 24, art. 30 ust. 2 pkt 1, art. 33 ust. 2a, dodany zostanie rozdzia\u0142 3a, w\u00a0art.\u00a010 w ust. 5 w pkt 5 kropk\u0119 zast\u0119puje si\u0119 \u015brednikiem i dodaje si\u0119 pkt 6, dodany\u00a0zostanie art. 22b, w art. 27 ust. 5.<\/p>\n<p>W ustawie z dnia 6 kwietnia 1990 r. o Policji (Dz. U. z 2015 r. poz. 355, z p\u00f3\u017an. zm.) w\u00a0art. 121a dodaje si\u0119 ust. 3a.<\/p>\n<p>W ustawie z dnia 12 pa\u017adziernika 1990 r. o Stra\u017cy Granicznej (Dz.\u00a0U.\u00a0z\u00a02014\u00a0r.\u00a0poz.\u00a01402, z p\u00f3\u017an. zm.) w art. 125a dodaje si\u0119 ust. 3a.<\/p>\n<p>W ustawie z dnia 20 grudnia 1990 r. o ubezpieczeniu spo\u0142ecznym rolnik\u00f3w (Dz.\u00a0U.\u00a0z\u00a02015\u00a0r. poz. 704 i 1066) zmianie ulegnie brzmienie art. 9, art. 14, art. 15a, art.\u00a068 ust. 4, art. 70, art. 77 ust. 2, art. 80 ust. 2, dodany zostanie w art. 18 pkt 7, art. 35a, art. 35b, w art. 78 w ust. 2 pkt 2a, uchylony zostanie art. 15.<\/p>\n<p>W ustawie z dnia 26 lipca 1991 r. o podatku dochodowym od os\u00f3b fizycznych (Dz.\u00a0U.\u00a0z\u00a02012 r. poz. 361, z p\u00f3\u017an. zm.) zmianie ulegnie brzmienie art. 21 ust. 1, dodany\u00a0zostanie art. 52f.<\/p>\n<p>W ustawie z dnia 24 sierpnia 1991 r. o Pa\u0144stwowej Stra\u017cy Po\u017carnej (Dz.\u00a0U.\u00a0z\u00a02013\u00a0r.\u00a0poz.\u00a01340, z p\u00f3\u017an. zm.) w art. 105a dodaje si\u0119 ust. 3a.<\/p>\n<p>W ustawie z dnia 25 czerwca 1999 r. o \u015bwiadczeniach pieni\u0119\u017cnych z ubezpieczenia spo\u0142ecznego w razie choroby i macierzy\u0144stwa (Dz. U. z 2014 r. poz. 159 oraz z 2015 r. poz. 1066) dodany zostanie w art. 31 ust. 3a-3c, w art. 62 ust. 4-6.<\/p>\n<p>W ustawie z dnia 16 marca 2001 r. o Biurze Ochrony Rz\u0105du (Dz. U. z 2014 r. poz. 170, z\u00a0p\u00f3\u017an. zm.) w art. 108a dodaje si\u0119 ust. 3a.<\/p>\n<p>W ustawie z dnia 24 maja 2002 r. o Agencji Bezpiecze\u0144stwa Wewn\u0119trznego oraz Agencji Wywiadu (Dz. U. z 2010 r. Nr 29, poz. 154, z p\u00f3\u017an. zm.) w art. 136a dodaje si\u0119 ust. 3a.<\/p>\n<p>W ustawie z dnia 11 wrze\u015bnia 2003 r. o s\u0142u\u017cbie wojskowej \u017co\u0142nierzy zawodowych (Dz.\u00a0U.\u00a0z 2014 r. poz. 1414 i 1822 oraz z 2015 r. poz. 1066) w art. 90 dodaje si\u0119 ust.\u00a01ba.<\/p>\n<p>W ustawie z dnia 20 kwietnia 2004 r. o promocji zatrudnienia i instytucjach rynku pracy (Dz. U. z 2015 r. poz. 149, 357 i 1066) zmianie ulegnie brzmienie art. 33 ust. 4g.<\/p>\n<p>W ustawie z dnia 9 czerwca 2006 r. o s\u0142u\u017cbie funkcjonariuszy S\u0142u\u017cby Kontrwywiadu Wojskowego oraz S\u0142u\u017cby Wywiadu Wojskowego (Dz. U. z 2014 r. poz. 1106 i 1822 oraz\u00a0z\u00a02015 r. poz. 1066) w art. 96a dodaje si\u0119 ust. 3a.<\/p>\n<p>W ustawie z dnia 9 czerwca 2006 r. o Centralnym Biurze Antykorupcyjnym (Dz.\u00a0U.\u00a0z\u00a02014 r. poz. 1411 i 1822 oraz z 2015 r. poz. 1066) w art. 102a dodaje si\u0119 ust.\u00a03a.<\/p>\n<p>W ustawie z dnia 7 wrze\u015bnia 2007 r. o pomocy osobom uprawnionym do aliment\u00f3w (Dz.\u00a0U. z 2015 r. poz. 859) zmianie ulegnie brzmienie art. 2 pkt 17, pkt 18. <\/p>\n<p>W ustawie z dnia 27 sierpnia 2009 r. o S\u0142u\u017cbie Celnej (Dz. U. z 2015 r. poz. 990 i 1045) w art. 152a dodaje si\u0119 ust. 3a.<\/p>\n<p>W ustawie z dnia 9 kwietnia 2010 r. o S\u0142u\u017cbie Wi\u0119ziennej (Dz. U. z 2014 r. poz. 1415, z\u00a0p\u00f3\u017an. zm.) w art. 60a dodaje si\u0119 ust. 3a.<\/p>\n<p>W ustawie z dnia 4 lutego 2011 r. o opiece nad dzie\u0107mi w wieku do lat 3 (Dz.\u00a0U.\u00a0z\u00a02013\u00a0r.\u00a0poz. 1457 oraz z 2015 r. poz. 1045) zmianie ulegnie brzmienie art.\u00a036\u00a0ust. 1.<\/p>\n<p><strong>\u00a0<\/strong><\/p>\n<p><strong>POST\u0118POWANIE PRZED S\u0104DAMI ADMINISTRACYJNYMI<\/strong><\/p>\n<p><strong>Ustawa<\/strong> z dnia 9 lipca 2015 r. o zmianie ustawy \u2013 Prawo o post\u0119powaniu przed s\u0105dami administracyjnymi (Dz. U. z 2015 r., poz. 1191) <strong>\u2013 wejdzie w \u017cycie z dniem 1\u00a0wrze\u015bnia 2015 r. <\/strong><\/p>\n<p>W ustawie z dnia 30 sierpnia 2002 r. &#8211; Prawo o post\u0119powaniu przed s\u0105dami administracyjnymi (Dz. U. z 2012 r. poz. 270, z p\u00f3\u017an. zm.) po art. 177 dodaje si\u0119 art.\u00a0177a. <\/p>\n<p><strong>\u00a0<\/strong><\/p>\n<p><strong>KODEKS RODZINNY I OPIEKU\u0143CZY<\/strong><\/p>\n<p><strong>U<\/strong><strong>stawa <\/strong>z dnia 24 lipca 2015 r. o zmianie ustawy &#8211; Kodeks rodzinny i opieku\u0144czy, ustawy &#8211; Kodeks post\u0119powania cywilnego oraz ustawy o wspieraniu rodziny i systemie pieczy zast\u0119pczej (Dz. U. z 2015 r., poz. 1199) <strong>\u2013 wejdzie w \u017cycie z dniem 18 wrze\u015bnia 2015 r.<\/strong> <\/p>\n<p>W ustawie z dnia 25 lutego 1964 r. &#8211; Kodeks rodzinny i opieku\u0144czy (Dz. U. z 2015 r. poz. 583, 1062 i 1087) dodany zostanie si\u0119 art. 1191a.<\/p>\n<p>W ustawie z dnia 17 listopada 1964 r. &#8211; Kodeks post\u0119powania cywilnego (Dz.\u00a0U.\u00a0z\u00a02014\u00a0r.\u00a0poz. 101, z p\u00f3\u017an. zm.) w art. 585 dodany zostanie \u00a7 21 i 22, zmianie\u00a0ulegnie brzmienie art. 586.<\/p>\n<p>W ustawie z dnia 9 czerwca 2011 r. o wspieraniu rodziny i systemie pieczy zast\u0119pczej (Dz. U. z 2015 r. poz. 332 i 1045) zmianie ulegnie brzmienie art. 156 ust. 1 pkt 11, art.\u00a0169 ust. 1. <\/p>\n<p><strong>\u00a0<\/strong><\/p>\n<p><strong>USTR\u00d3J S\u0104D\u00d3W POWSZECHNYCH<\/strong><\/p>\n<p><strong>Ustawa<\/strong> z dnia 10 lipca 2015 r. o zmianie ustawy \u2013 Prawo o ustroju s\u0105d\u00f3w powszechnych oraz niekt\u00f3rych innych ustaw <strong>\u2013 wejdzie w \u017cycie z dniem 1 stycznia 2016 r.<\/strong><\/p>\n<p>W ustawie z dnia 27 lipca 2001 r. &#8211; Prawo o ustroju s\u0105d\u00f3w powszechnych (Dz. U. z 2015 r. poz. 133, z p\u00f3\u017an. zm.) zmianie ulegnie brzmienie art. 2, art. 4 \u00a7 2, art. 6, art. 9b, art.\u00a011, art. 21 \u00a7 1a, art. 22 \u00a7 1, art. 22 a, art. 22b, art. 31 \u00a71,\u00a0 art. 31a \u00a7 1 pkt 3 i 4, art. 37, art. 37b \u00a7 1 pkt 3, art. 37c \u00a7 4, art. 40, art. 41, art. 41a \u00a7 2, art. 41d, art. 45, art. 46 \u00a7 1, art. 47, art. 48 \u00a7 1, art. 51, art. 52, tytu\u0142u dzia\u0142u II, art. 57 \u00a7 1, art. 57 \u00a7 1, art. 57a \u00a7 1, art. 57b, art. 58, art. 61 \u00a7 1 pkt 7, art. 75 \u00a7 2 pkt 2, art. 82a \u00a7 2, art. 91a \u00a7\u00a04, art. 92 \u00a7 2, art. 101 \u00a7 1, tytu\u0142u rozdzia\u0142u 3 w dziale II, dodany zostanie art. 20a, w\u00a0art. 36a \u00a7 1a, w dziale II rozdzia\u0142 2b, art. 107a, art. 175a, uchylony zostanie art. 56.<\/p>\n<p>W ustawie z dnia 21 listopada 1967 r. o powszechnym obowi\u0105zku obrony Rzeczypospolitej Polskiej (Dz. U. z 2015 r. poz. 827 i 1220) zmianie ulegnie brzmienie art. 59a ust. 3 pkt 5, art. 206a ust. 1 pkt 5.<\/p>\n<p>W ustawie z dnia 26 czerwca 1974 r. &#8211; Kodeks pracy (Dz. U. z 2014 r. poz. 1502, z\u00a0p\u00f3\u017an.\u00a0zm.) zmianie ulegnie brzmienie art. 239 w \u00a7 3 pkt 4.<\/p>\n<p>W ustawie z dnia 26 maja 1982 r. &#8211; Prawo o adwokaturze (Dz. U. z 2015 r. poz. 615 i\u00a01064) zmianie ulegnie brzmienie art. 66 w ust. 1.<\/p>\n<p>W ustawie z dnia 6 lipca 1982 r. o radcach prawnych (Dz. U. z 2015 r. poz. 507 i 1064) zmianie ulegnie brzmienie art. 25 ust. 1, art. 26. <\/p>\n<p>W ustawie z dnia 20 czerwca 1985 r. o prokuraturze (Dz. U. z 2011 r. Nr 270, poz. 1599, ze zm.) zmianie ulegnie brzmienie art. 11 ust. 4, art. 14 ust. 1 pkt 7, art. 14c ust. 2, art.\u00a014g, art. 52 ust. 2.<\/p>\n<p>W ustawie z dnia 14 lutego 1991 r. &#8211; Prawo o notariacie (Dz. U. z 2014 r. poz. 164, z\u00a0p\u00f3\u017an. zm.) dodany zostanie w art. 12 w \u00a7 1 pkt 2a.<\/p>\n<p>W ustawie z dnia 12 pa\u017adziernika 1994 r. o samorz\u0105dowych kolegiach odwo\u0142awczych (Dz.\u00a0U. z 2001 r. Nr 79, poz. 856, z p\u00f3\u017an. zm.) zmianie ulegnie brzmienie art. 9 ust. 2.<\/p>\n<p>W ustawie z dnia 13 pa\u017adziernika 1995 r. o zasadach ewidencji i identyfikacji podatnik\u00f3w i p\u0142atnik\u00f3w (Dz. U. z 2012 r. poz. 1314, z 2013 r. poz. 2 oraz z 2014 r. poz. 1161) zmianie ulegnie brzmienie art. 15 w ust. 1a pkt 2.<\/p>\n<p>W ustawie z dnia 9 maja 1996 r. o wykonywaniu mandatu pos\u0142a i senatora (Dz. U. z 2011 r. Nr 7, poz. 29 i Nr 117, poz. 676 oraz z 2012 r. poz. 1544) zmianie ulegnie brzmienie art. 30 ust. 1.<\/p>\n<p>W ustawie z dnia 5 lipca 1996 r. o doradztwie podatkowym (Dz. U. z 2011 r. Nr 41, poz.\u00a0213 oraz z 2014 r. poz. 768) zmianie ulegnie brzmienie art. 20.<\/p>\n<p>W ustawie z dnia 29 sierpnia 1997 r. o komornikach s\u0105dowych i egzekucji (Dz.\u00a0U.\u00a0z\u00a02015\u00a0r. poz. 790 i 1045) zmianie ulegnie brzmienie art. 10 ust. 4.<\/p>\n<p>W ustawie z dnia 20 lipca 2000 r. o og\u0142aszaniu akt\u00f3w normatywnych i niekt\u00f3rych innych akt\u00f3w prawnych (Dz. U. z 2011 r. Nr 197, poz. 1172 i Nr 232, poz. 1378 oraz z 2015 r. poz. 1045) w art. 10 w ust. 2 w pkt 4 w lit. 1 kropk\u0119 zast\u0119puje si\u0119 przecinkiem i\u00a0dodaje\u00a0si\u0119 lit. m.<\/p>\n<p>W ustawie z dnia 11 kwietnia 2001 r. o rzecznikach patentowych (Dz.\u00a0U.\u00a0z\u00a02011\u00a0r.\u00a0Nr\u00a0155, poz. 925, z p\u00f3\u017an. zm.) zmianie ulegnie brzmienie art. 23a w\u00a0ust. 1 pkt 2.<\/p>\n<p>W ustawie z dnia 24 maja 2002 r. o Agencji Bezpiecze\u0144stwa Wewn\u0119trznego oraz Agencji Wywiadu (Dz. U. z 2010 r. Nr 29, poz. 154, z p\u00f3\u017an. zm.) zmianie ulegnie brzmienie art.\u00a037 w ust. 1 pkt 4.<\/p>\n<p>W ustawie z dnia 25 lipca 2002 r. &#8211; Prawo o ustroju s\u0105d\u00f3w administracyjnych (Dz.\u00a0U.\u00a0z\u00a02014 r. poz. 1647) zmianie ulegnie brzmienie art. 4, art. 9, art. 10, art. 18, art.\u00a022 \u00a7 4, art. 25 \u00a7 1 pkt 1 i 2, art. 25 \u00a71, art. 29, art. 48, dodany zostanie w\u00a0art.\u00a05\u00a0\u00a7\u00a03\u00a0i 4, art. 6a, w art. 24 \u00a7 1a, uchylony zostanie art. 26.<\/p>\n<p>W ustawie z dnia 30 sierpnia 2002 r. &#8211; Prawo o post\u0119powaniu przed s\u0105dami administracyjnymi (Dz. U. z 2012 r. poz. 270, z p\u00f3\u017an. zm.) zmianie ulegnie brzmienie \u00a0art. 24 \u00a7 1. <\/p>\n<p>W ustawie z dnia 8 lipca 2005 r. o Prokuratorii Generalnej Skarbu Pa\u0144stwa (Dz.\u00a0U.\u00a0z\u00a02013\u00a0r. poz. 1150 i 1247 oraz z 2015 r. poz. 1064) zmianie ulegnie brzmienie art. 29 w ust. 1 pkt 4.<\/p>\n<p>W ustawie z dnia 9 czerwca 2006 r. o S\u0142u\u017cbie Kontrwywiadu Wojskowego oraz S\u0142u\u017cbie Wywiadu Wojskowego (Dz. U. z 2014 r. poz. 253, z p\u00f3\u017an. zm.) zmianie ulegnie brzmienie art. 41 w ust. 1 pkt 4.<\/p>\n<p>W ustawie z dnia 9 czerwca 2006 r. o Centralnym Biurze Antykorupcyjnym (Dz.\u00a0U.\u00a0z\u00a02014 r. poz. 1411, z p\u00f3\u017an. zm.) zmianie ulegnie brzmienie art. 26 w ust. 1 pkt 4.<\/p>\n<p>W ustawie z dnia 23 stycznia 2009 r. o Krajowej Szkole S\u0105downictwa i Prokuratury (Dz.\u00a0U. z 2012 r. poz. 1230, z 2014 r. poz. 1071 oraz z 2015 r. poz. 694) zmianie ulegnie brzmienie art. 2 ust. 1, art. 15a, art. 15c, art. 49 ust. 2, art. 52 pkt 2.<\/p>\n<p>W ustawie z dnia 5 sierpnia 2010 r. o ochronie informacji niejawnych (Dz.\u00a0U.\u00a0Nr\u00a0182,\u00a0poz.\u00a01228 oraz z 2015 r. poz. 21) zmianie ulegnie brzmienie art. 34 w\u00a0ust. 10 pkt 15. <\/p>\n<p>W ustawie z dnia 12 maja 2011 r. o Krajowej Radzie S\u0105downictwa (Dz.\u00a0U.\u00a0Nr\u00a0126,\u00a0poz.\u00a0714, z p\u00f3\u017an. zm.) zmianie ulegnie brzmienie art. 3, art. 5, art. 6, art. 19 ust. 1, art. 22, art. 27, art. 32 ust. 1a, art. 34 ust. 1, art. 35 ust. 1, art. 36 ust. 1, art. 43 ust. 2, art. 45 ust. 2, dodany zostanie w art. 37 ust. 1a.<\/p>\n<p><strong>\u00a0<\/strong><\/p>\n<p><strong>KURATORZY S\u0104DOWI<\/strong><\/p>\n<p><strong>Rozporz\u0105dzenie<\/strong> Rady Ministr\u00f3w z dnia 22 lipca 2015 r. zmieniaj\u0105ce rozporz\u0105dzenie w\u00a0sprawie wynagrodze\u0144 kurator\u00f3w zawodowych i aplikant\u00f3w kuratorskich (Dz.\u00a0U.\u00a0z\u00a02015\u00a0r., poz. 1162) <strong>\u2013 wejdzie w \u017cycie z dniem 1 wrze\u015bnia 2015 r.<\/strong> <\/p>\n<p>W rozporz\u0105dzeniu Rady Ministr\u00f3w z dnia 23 grudnia 2002 r. w sprawie wynagrodze\u0144 kurator\u00f3w zawodowych i aplikant\u00f3w kuratorskich (Dz. U. Nr 239, poz. 2037 oraz\u00a0z\u00a02009\u00a0r. Nr 34, poz. 266) za\u0142\u0105cznik nr 1 otrzymuje brzmienie okre\u015blone w\u00a0za\u0142\u0105czniku do niniejszego rozporz\u0105dzenia.<\/p>\n<p><strong>\u00a0<\/strong><\/p>\n<p><strong>OCHRONA \u015aRODOWISKA<\/strong><\/p>\n<p><strong>Ustawa<\/strong> z dnia 24 lipca 2015 r. o zmianie ustawy o udost\u0119pnianiu informacji o\u00a0\u015brodowisku i jego ochronie, udziale spo\u0142ecze\u0144stwa w ochronie \u015brodowiska oraz o\u00a0ocenach oddzia\u0142ywania na \u015brodowisko oraz ustawy o szczeg\u00f3lnych zasadach przygotowania i realizacji inwestycji w zakresie dr\u00f3g publicznych (Dz.\u00a0U.\u00a0z\u00a02015\u00a0r.,\u00a0poz.\u00a01211) <strong>\u2013 wejdzie w \u017cycie z dniem 4 wrze\u015bnia 2015 r.<\/strong> <\/p>\n<p>W ustawie z dnia 3 pa\u017adziernika 2008 r. o udost\u0119pnianiu informacji o \u015brodowisku i jego ochronie, udziale spo\u0142ecze\u0144stwa w ochronie \u015brodowiska oraz o ocenach oddzia\u0142ywania na \u015brodowisko (Dz. U. z 2013 r. poz. 1235, z p\u00f3\u017an. zm.) zmianie ulegnie brzmienie art. 72, art. 88, dodany zostanie art. 82a, w art. 74 w ust. 1 w pkt 6 kropk\u0119 zast\u0119puje si\u0119\u00a0\u015brednikiem i dodaje si\u0119 pkt 7, w art. 155 dotychczasow\u0105 tre\u015b\u0107 oznacza si\u0119 jako ust. 1 i dodaje si\u0119 ust. 2.<\/p>\n<p>W ustawie z dnia 10 kwietnia 2003 r. o szczeg\u00f3lnych zasadach przygotowania i realizacji inwestycji w zakresie dr\u00f3g publicznych (Dz. U. z 2013 r. poz. 687 oraz z 2014 r. poz. 40) dodaje si\u0119 art. 21a.<\/p>\n<p>\u00a0<\/p>\n<h3 class=\"newsletter-naglowek\">Orzecznictwo<\/h3>\n<p><strong>Trybuna\u0142 Konstytucyjny; Trybuna\u0142 Sprawiedliwo\u015bci Unii Europejskiej<\/strong><\/p>\n<p><strong>SP\u00d3\u0141DZIELCZE KASY OSZCZ\u0118DNIO\u015aCIOWO-KREDYTOWE<\/strong><\/p>\n<p>Trybuna\u0142 Konstytucyjny rozpoznawa\u0142 w pe\u0142nym sk\u0142adzie po\u0142\u0105czone wnioski Prezydenta RP, dw\u00f3ch grup pos\u0142\u00f3w na Sejm RP oraz grupy Senator\u00f3w RP dotycz\u0105ce sp\u00f3\u0142dzielczych kas oszcz\u0119dno\u015bciowo-kredytowych. Trybuna\u0142 Konstytucyjny stwierdzi\u0142, \u017ce<\/p>\n<p>1. Art. 60 ustawy z 5 listopada 2009 r. o sp\u00f3\u0142dzielczych kasach oszcz\u0119dno\u015bciowo-kredytowych w zakresie, w jakim nie ogranicza \u015brodk\u00f3w nadzoru Komisji Nadzoru Finansowego nad dzia\u0142alno\u015bci\u0105 ma\u0142ych kas, jest niezgodny z art. 22 w zwi\u0105zku z art. 31 ust. 3 i art. 58 ust. 1 konstytucji.<\/p>\n<p>2. Art. 10 ust. 1 ustawy powo\u0142anej w punkcie 1 jest zgodny z art. 20, art. 22 i art. 58 ust. 1 w zwi\u0105zku z art. 31 ust. 3 konstytucji.<\/p>\n<p>3. Art. 53 ust. 2 i 3 ustawy powo\u0142anej w punkcie 1 jest zgodny z art. 20 i art. 22 konstytucji oraz nie jest niezgodny z art. 58 ust. 1 w zwi\u0105zku z art. 31 ust. 3 konstytucji.<\/p>\n<p>4. Art. 21 ust. 3 ustawy powo\u0142anej w punkcie 1 jest zgodny z art. 20, art. 22 i art. 58 ust. 1 w zwi\u0105zku z art. 31 ust. 3 konstytucji oraz nie jest niezgodny z art. 42 ust. 3 konstytucji.<\/p>\n<p>5. Art. 51 ust. 4 ustawy powo\u0142anej w punkcie 1 jest zgodny z art. 20 i art. 22 konstytucji oraz nie jest niezgodny z art. 42 ust. 3 i art. 58 ust. 1 w zwi\u0105zku z art. 31 ust. 3 konstytucji.<\/p>\n<p>6. Art. 74c ust. 4 ustawy powo\u0142anej w punkcie 1 jest zgodny z art. 58 ust. 1 w zwi\u0105zku z\u00a0art. 31 ust. 3 konstytucji oraz nie jest niezgodny z art. 2 konstytucji.<\/p>\n<p>7. Art. 74c ust. 8 i 9 ustawy powo\u0142anej w punkcie 1 jest zgodny z art. 2 i art. 45 ust. 1 w\u00a0zwi\u0105zku z art. 31 ust. 3 konstytucji.<\/p>\n<p>8. Art. 74c ust. 11 i 12 w zwi\u0105zku z art. 74c ust. 3, 4 i 6 ustawy powo\u0142anej w punkcie 1 jest zgodny z art. 64 ust. 1 i 2 konstytucji.<\/p>\n<p>9. Art. 93 ustawy powo\u0142anej w punkcie 1 jest zgodny z art. 2 konstytucji.<\/p>\n<p>10. Art. 13 ustawy z 19 kwietnia 2013 r. o zmianie ustawy o sp\u00f3\u0142dzielczych kasach oszcz\u0119dno\u015bciowo-kredytowych oraz niekt\u00f3rych innych ustaw jest zgodny z art. 2 konstytucji <strong>&#8211; Wyrok Trybuna\u0142u Konstytucyjnego z dnia 31 lipca 2015 r. , sygn.\u00a0akt\u00a0K 41\/12.<\/strong><\/p>\n<p><strong>\u00a0<\/strong><\/p>\n<p><strong>S\u0105d Najwy\u017cszy<\/strong><\/p>\n<p><strong>WPIS DO REJESTRU ZASTAW\u00d3W<\/strong><\/p>\n<p>W sprawie o wpis do rejestru zastaw\u00f3w skarga kasacyjna jest dopuszczalna <strong>\u2013 Uchwa\u0142a\u00a0S\u0105du Najwy\u017cszego 7 s\u0119dzi\u00f3w z dnia 12 sierpnia 2015 r., sygn. akt III\u00a0CZP 21\/15.<\/strong><\/p>\n","protected":false},"excerpt":{"rendered":"<p>We would like to present the next issue of legal bulletin of the Law Office of Adam Polowiec.What you will find here is some information about the new provisions of law and the projects of amendments to acts, but also case-laws including the case laws of Supreme Court, Constitutional Tribunal and European Court of Justice.<\/p>\n","protected":false},"author":2,"featured_media":0,"comment_status":"closed","ping_status":"open","sticky":false,"template":"","format":"standard","meta":{"footnotes":""},"categories":[11],"tags":[],"class_list":["post-570","post","type-post","status-publish","format-standard","hentry","category-newsletters"],"featured_image_src":{"landsacpe":false,"list":false,"medium":false,"full":false},"yoast_head":"<!-- This site is optimized with the Yoast SEO plugin v27.2 - https:\/\/yoast.com\/product\/yoast-seo-wordpress\/ -->\n<title>Legal Bulletin Of The Law Office Of Adam Polowiec (17 - 30 August 2015) - Polowiec i Wsp\u00f3lnicy - Kancelaria prawna<\/title>\n<meta name=\"robots\" content=\"index, follow, max-snippet:-1, max-image-preview:large, max-video-preview:-1\" \/>\n<link rel=\"canonical\" href=\"https:\/\/polowiec.pl\/en\/legal-bulletin-of-the-law-office-of-adam-polowiec-17-30-august-2015\/\" \/>\n<meta property=\"og:locale\" content=\"en_US\" \/>\n<meta property=\"og:type\" content=\"article\" \/>\n<meta property=\"og:title\" content=\"Legal Bulletin Of The Law Office Of Adam Polowiec (17 - 30 August 2015) - Polowiec i Wsp\u00f3lnicy - Kancelaria prawna\" \/>\n<meta property=\"og:description\" content=\"We would like to present the next issue of legal bulletin of the Law Office of Adam Polowiec.What you will find here is some information about the new provisions of law and the projects of amendments to acts, but also case-laws including the case laws of Supreme Court, Constitutional Tribunal and European Court of Justice.\" \/>\n<meta property=\"og:url\" content=\"https:\/\/polowiec.pl\/en\/legal-bulletin-of-the-law-office-of-adam-polowiec-17-30-august-2015\/\" \/>\n<meta property=\"og:site_name\" content=\"Polowiec i Wsp\u00f3lnicy - Kancelaria prawna\" \/>\n<meta property=\"article:publisher\" content=\"https:\/\/www.facebook.com\/polowieciwspolnicy\/\" \/>\n<meta property=\"article:published_time\" content=\"2015-09-01T12:57:39+00:00\" \/>\n<meta property=\"article:modified_time\" content=\"2018-10-11T08:42:53+00:00\" \/>\n<meta name=\"author\" content=\"Super User\" \/>\n<meta name=\"twitter:card\" content=\"summary_large_image\" \/>\n<meta name=\"twitter:label1\" content=\"Written by\" \/>\n\t<meta name=\"twitter:data1\" content=\"Super User\" \/>\n\t<meta name=\"twitter:label2\" content=\"Est. reading time\" \/>\n\t<meta name=\"twitter:data2\" content=\"20 minutes\" \/>\n<script type=\"application\/ld+json\" class=\"yoast-schema-graph\">{\"@context\":\"https:\/\/schema.org\",\"@graph\":[{\"@type\":\"Article\",\"@id\":\"https:\/\/polowiec.pl\/en\/legal-bulletin-of-the-law-office-of-adam-polowiec-17-30-august-2015\/#article\",\"isPartOf\":{\"@id\":\"https:\/\/polowiec.pl\/en\/legal-bulletin-of-the-law-office-of-adam-polowiec-17-30-august-2015\/\"},\"author\":{\"name\":\"Super User\",\"@id\":\"https:\/\/polowiec.pl\/en\/#\/schema\/person\/ed8994874b775675a86115f307352d24\"},\"headline\":\"Legal Bulletin Of The Law Office Of Adam Polowiec (17 &#8211; 30 August 2015)\",\"datePublished\":\"2015-09-01T12:57:39+00:00\",\"dateModified\":\"2018-10-11T08:42:53+00:00\",\"mainEntityOfPage\":{\"@id\":\"https:\/\/polowiec.pl\/en\/legal-bulletin-of-the-law-office-of-adam-polowiec-17-30-august-2015\/\"},\"wordCount\":3936,\"publisher\":{\"@id\":\"https:\/\/polowiec.pl\/en\/#organization\"},\"articleSection\":[\"Newsletter\"],\"inLanguage\":\"en-US\"},{\"@type\":\"WebPage\",\"@id\":\"https:\/\/polowiec.pl\/en\/legal-bulletin-of-the-law-office-of-adam-polowiec-17-30-august-2015\/\",\"url\":\"https:\/\/polowiec.pl\/en\/legal-bulletin-of-the-law-office-of-adam-polowiec-17-30-august-2015\/\",\"name\":\"Legal Bulletin Of The Law Office Of Adam Polowiec (17 - 30 August 2015) - Polowiec i Wsp\u00f3lnicy - Kancelaria prawna\",\"isPartOf\":{\"@id\":\"https:\/\/polowiec.pl\/en\/#website\"},\"datePublished\":\"2015-09-01T12:57:39+00:00\",\"dateModified\":\"2018-10-11T08:42:53+00:00\",\"breadcrumb\":{\"@id\":\"https:\/\/polowiec.pl\/en\/legal-bulletin-of-the-law-office-of-adam-polowiec-17-30-august-2015\/#breadcrumb\"},\"inLanguage\":\"en-US\",\"potentialAction\":[{\"@type\":\"ReadAction\",\"target\":[\"https:\/\/polowiec.pl\/en\/legal-bulletin-of-the-law-office-of-adam-polowiec-17-30-august-2015\/\"]}]},{\"@type\":\"BreadcrumbList\",\"@id\":\"https:\/\/polowiec.pl\/en\/legal-bulletin-of-the-law-office-of-adam-polowiec-17-30-august-2015\/#breadcrumb\",\"itemListElement\":[{\"@type\":\"ListItem\",\"position\":1,\"name\":\"Strona g\u0142\u00f3wna\",\"item\":\"https:\/\/polowiec.pl\/en\/\"},{\"@type\":\"ListItem\",\"position\":2,\"name\":\"Legal Bulletin Of The Law Office Of Adam Polowiec (17 &#8211; 30 August 2015)\"}]},{\"@type\":\"WebSite\",\"@id\":\"https:\/\/polowiec.pl\/en\/#website\",\"url\":\"https:\/\/polowiec.pl\/en\/\",\"name\":\"Polowiec i Wsp\u00f3lnicy - Kancelaria prawna\",\"description\":\"Obs\u0142uga prawna\",\"publisher\":{\"@id\":\"https:\/\/polowiec.pl\/en\/#organization\"},\"potentialAction\":[{\"@type\":\"SearchAction\",\"target\":{\"@type\":\"EntryPoint\",\"urlTemplate\":\"https:\/\/polowiec.pl\/en\/?s={search_term_string}\"},\"query-input\":{\"@type\":\"PropertyValueSpecification\",\"valueRequired\":true,\"valueName\":\"search_term_string\"}}],\"inLanguage\":\"en-US\"},{\"@type\":\"Organization\",\"@id\":\"https:\/\/polowiec.pl\/en\/#organization\",\"name\":\"Polowiec i Wsp\u00f3lnicy - Kancelaria prawna\",\"url\":\"https:\/\/polowiec.pl\/en\/\",\"logo\":{\"@type\":\"ImageObject\",\"inLanguage\":\"en-US\",\"@id\":\"https:\/\/polowiec.pl\/en\/#\/schema\/logo\/image\/\",\"url\":\"https:\/\/polowiec.pl\/wp-content\/uploads\/2018\/10\/polowiec_logo2-1.png\",\"contentUrl\":\"https:\/\/polowiec.pl\/wp-content\/uploads\/2018\/10\/polowiec_logo2-1.png\",\"width\":540,\"height\":381,\"caption\":\"Polowiec i Wsp\u00f3lnicy - Kancelaria prawna\"},\"image\":{\"@id\":\"https:\/\/polowiec.pl\/en\/#\/schema\/logo\/image\/\"},\"sameAs\":[\"https:\/\/www.facebook.com\/polowieciwspolnicy\/\",\"https:\/\/www.linkedin.com\/company\/polowiec-i-wsplnicy-sp.j.\/about\/\"]},{\"@type\":\"Person\",\"@id\":\"https:\/\/polowiec.pl\/en\/#\/schema\/person\/ed8994874b775675a86115f307352d24\",\"name\":\"Super User\",\"image\":{\"@type\":\"ImageObject\",\"inLanguage\":\"en-US\",\"@id\":\"https:\/\/secure.gravatar.com\/avatar\/e759b874f0fa459bd87c83ff47148fc5718f86d9459564657124e571997afbf7?s=96&d=mm&r=g\",\"url\":\"https:\/\/secure.gravatar.com\/avatar\/e759b874f0fa459bd87c83ff47148fc5718f86d9459564657124e571997afbf7?s=96&d=mm&r=g\",\"contentUrl\":\"https:\/\/secure.gravatar.com\/avatar\/e759b874f0fa459bd87c83ff47148fc5718f86d9459564657124e571997afbf7?s=96&d=mm&r=g\",\"caption\":\"Super User\"}}]}<\/script>\n<!-- \/ Yoast SEO plugin. -->","yoast_head_json":{"title":"Legal Bulletin Of The Law Office Of Adam Polowiec (17 - 30 August 2015) - Polowiec i Wsp\u00f3lnicy - Kancelaria prawna","robots":{"index":"index","follow":"follow","max-snippet":"max-snippet:-1","max-image-preview":"max-image-preview:large","max-video-preview":"max-video-preview:-1"},"canonical":"https:\/\/polowiec.pl\/en\/legal-bulletin-of-the-law-office-of-adam-polowiec-17-30-august-2015\/","og_locale":"en_US","og_type":"article","og_title":"Legal Bulletin Of The Law Office Of Adam Polowiec (17 - 30 August 2015) - Polowiec i Wsp\u00f3lnicy - Kancelaria prawna","og_description":"We would like to present the next issue of legal bulletin of the Law Office of Adam Polowiec.What you will find here is some information about the new provisions of law and the projects of amendments to acts, but also case-laws including the case laws of Supreme Court, Constitutional Tribunal and European Court of Justice.","og_url":"https:\/\/polowiec.pl\/en\/legal-bulletin-of-the-law-office-of-adam-polowiec-17-30-august-2015\/","og_site_name":"Polowiec i Wsp\u00f3lnicy - Kancelaria prawna","article_publisher":"https:\/\/www.facebook.com\/polowieciwspolnicy\/","article_published_time":"2015-09-01T12:57:39+00:00","article_modified_time":"2018-10-11T08:42:53+00:00","author":"Super User","twitter_card":"summary_large_image","twitter_misc":{"Written by":"Super User","Est. reading time":"20 minutes"},"schema":{"@context":"https:\/\/schema.org","@graph":[{"@type":"Article","@id":"https:\/\/polowiec.pl\/en\/legal-bulletin-of-the-law-office-of-adam-polowiec-17-30-august-2015\/#article","isPartOf":{"@id":"https:\/\/polowiec.pl\/en\/legal-bulletin-of-the-law-office-of-adam-polowiec-17-30-august-2015\/"},"author":{"name":"Super User","@id":"https:\/\/polowiec.pl\/en\/#\/schema\/person\/ed8994874b775675a86115f307352d24"},"headline":"Legal Bulletin Of The Law Office Of Adam Polowiec (17 &#8211; 30 August 2015)","datePublished":"2015-09-01T12:57:39+00:00","dateModified":"2018-10-11T08:42:53+00:00","mainEntityOfPage":{"@id":"https:\/\/polowiec.pl\/en\/legal-bulletin-of-the-law-office-of-adam-polowiec-17-30-august-2015\/"},"wordCount":3936,"publisher":{"@id":"https:\/\/polowiec.pl\/en\/#organization"},"articleSection":["Newsletter"],"inLanguage":"en-US"},{"@type":"WebPage","@id":"https:\/\/polowiec.pl\/en\/legal-bulletin-of-the-law-office-of-adam-polowiec-17-30-august-2015\/","url":"https:\/\/polowiec.pl\/en\/legal-bulletin-of-the-law-office-of-adam-polowiec-17-30-august-2015\/","name":"Legal Bulletin Of The Law Office Of Adam Polowiec (17 - 30 August 2015) - Polowiec i Wsp\u00f3lnicy - Kancelaria prawna","isPartOf":{"@id":"https:\/\/polowiec.pl\/en\/#website"},"datePublished":"2015-09-01T12:57:39+00:00","dateModified":"2018-10-11T08:42:53+00:00","breadcrumb":{"@id":"https:\/\/polowiec.pl\/en\/legal-bulletin-of-the-law-office-of-adam-polowiec-17-30-august-2015\/#breadcrumb"},"inLanguage":"en-US","potentialAction":[{"@type":"ReadAction","target":["https:\/\/polowiec.pl\/en\/legal-bulletin-of-the-law-office-of-adam-polowiec-17-30-august-2015\/"]}]},{"@type":"BreadcrumbList","@id":"https:\/\/polowiec.pl\/en\/legal-bulletin-of-the-law-office-of-adam-polowiec-17-30-august-2015\/#breadcrumb","itemListElement":[{"@type":"ListItem","position":1,"name":"Strona g\u0142\u00f3wna","item":"https:\/\/polowiec.pl\/en\/"},{"@type":"ListItem","position":2,"name":"Legal Bulletin Of The Law Office Of Adam Polowiec (17 &#8211; 30 August 2015)"}]},{"@type":"WebSite","@id":"https:\/\/polowiec.pl\/en\/#website","url":"https:\/\/polowiec.pl\/en\/","name":"Polowiec i Wsp\u00f3lnicy - Kancelaria prawna","description":"Obs\u0142uga prawna","publisher":{"@id":"https:\/\/polowiec.pl\/en\/#organization"},"potentialAction":[{"@type":"SearchAction","target":{"@type":"EntryPoint","urlTemplate":"https:\/\/polowiec.pl\/en\/?s={search_term_string}"},"query-input":{"@type":"PropertyValueSpecification","valueRequired":true,"valueName":"search_term_string"}}],"inLanguage":"en-US"},{"@type":"Organization","@id":"https:\/\/polowiec.pl\/en\/#organization","name":"Polowiec i Wsp\u00f3lnicy - Kancelaria prawna","url":"https:\/\/polowiec.pl\/en\/","logo":{"@type":"ImageObject","inLanguage":"en-US","@id":"https:\/\/polowiec.pl\/en\/#\/schema\/logo\/image\/","url":"https:\/\/polowiec.pl\/wp-content\/uploads\/2018\/10\/polowiec_logo2-1.png","contentUrl":"https:\/\/polowiec.pl\/wp-content\/uploads\/2018\/10\/polowiec_logo2-1.png","width":540,"height":381,"caption":"Polowiec i Wsp\u00f3lnicy - Kancelaria prawna"},"image":{"@id":"https:\/\/polowiec.pl\/en\/#\/schema\/logo\/image\/"},"sameAs":["https:\/\/www.facebook.com\/polowieciwspolnicy\/","https:\/\/www.linkedin.com\/company\/polowiec-i-wsplnicy-sp.j.\/about\/"]},{"@type":"Person","@id":"https:\/\/polowiec.pl\/en\/#\/schema\/person\/ed8994874b775675a86115f307352d24","name":"Super User","image":{"@type":"ImageObject","inLanguage":"en-US","@id":"https:\/\/secure.gravatar.com\/avatar\/e759b874f0fa459bd87c83ff47148fc5718f86d9459564657124e571997afbf7?s=96&d=mm&r=g","url":"https:\/\/secure.gravatar.com\/avatar\/e759b874f0fa459bd87c83ff47148fc5718f86d9459564657124e571997afbf7?s=96&d=mm&r=g","contentUrl":"https:\/\/secure.gravatar.com\/avatar\/e759b874f0fa459bd87c83ff47148fc5718f86d9459564657124e571997afbf7?s=96&d=mm&r=g","caption":"Super User"}}]}},"_links":{"self":[{"href":"https:\/\/polowiec.pl\/en\/wp-json\/wp\/v2\/posts\/570","targetHints":{"allow":["GET"]}}],"collection":[{"href":"https:\/\/polowiec.pl\/en\/wp-json\/wp\/v2\/posts"}],"about":[{"href":"https:\/\/polowiec.pl\/en\/wp-json\/wp\/v2\/types\/post"}],"author":[{"embeddable":true,"href":"https:\/\/polowiec.pl\/en\/wp-json\/wp\/v2\/users\/2"}],"replies":[{"embeddable":true,"href":"https:\/\/polowiec.pl\/en\/wp-json\/wp\/v2\/comments?post=570"}],"version-history":[{"count":0,"href":"https:\/\/polowiec.pl\/en\/wp-json\/wp\/v2\/posts\/570\/revisions"}],"wp:attachment":[{"href":"https:\/\/polowiec.pl\/en\/wp-json\/wp\/v2\/media?parent=570"}],"wp:term":[{"taxonomy":"category","embeddable":true,"href":"https:\/\/polowiec.pl\/en\/wp-json\/wp\/v2\/categories?post=570"},{"taxonomy":"post_tag","embeddable":true,"href":"https:\/\/polowiec.pl\/en\/wp-json\/wp\/v2\/tags?post=570"}],"curies":[{"name":"wp","href":"https:\/\/api.w.org\/{rel}","templated":true}]}}