{"id":587,"date":"2016-05-25T20:10:54","date_gmt":"2016-05-25T18:10:54","guid":{"rendered":"https:\/\/nowa.polowiec.pl\/legal-bulletin-of-the-law-office-of-adam-polowiec-31-august-20-september-2015\/"},"modified":"2019-04-18T17:46:41","modified_gmt":"2019-04-18T15:46:41","slug":"legal-bulletin-of-the-law-office-of-adam-polowiec-31-august-20-september-2015","status":"publish","type":"post","link":"https:\/\/polowiec.pl\/en\/legal-bulletin-of-the-law-office-of-adam-polowiec-31-august-20-september-2015\/","title":{"rendered":"Legal Bulletin Of The Law Office Of Adam Polowiec (31 August &#8211; 20 September 2015)"},"content":{"rendered":"<p>We would like to present the next issue of legal bulletin of the Law Office of Adam Polowiec.<br \/>What you will find here is some information about the new provisions of law and the projects of amendments to acts, but also case-laws including the case laws of Supreme Court, Constitutional Tribunal and European Court of Justice.<\/p>\n<p>  <!--more-->  <\/p>\n<p><span style=\"font-size: 12pt;\"><\/span><\/p>\n<p class=\"NowePrawo\" style=\"text-align: justify;\"><span style=\"font-size: 12pt;\"><strong><span style=\"font-family: 'Calibri',sans-serif;\">_____Nowe Prawo<\/span><\/strong><\/span><\/p>\n<p class=\"Dziedzinaprawa\" style=\"text-align: justify;\"><span style=\"font-size: 12pt;\"><strong><span style=\"font-family: 'Calibri',sans-serif;\">PODATKI I&nbsp;RACHUNKOWO\u015a\u0106<\/span><\/strong><\/span><\/p>\n<p class=\"Tekstpraswki0\" style=\"text-align: justify;\"><span style=\"font-size: 12pt;\"><strong><span style=\"font-family: 'Calibri',sans-serif;\">U<\/span><\/strong><strong><span style=\"font-family: 'Calibri',sans-serif;\">stawa <\/span><\/strong><span style=\"font-family: 'Calibri',sans-serif;\">z dnia 10 lipca 2015 r.<\/span><span style=\"font-family: 'Calibri',sans-serif;\">o zmianie ustawy o&nbsp;podatku dochodowym od os&oacute;b fizycznych oraz ustawy o&nbsp;podatku dochodowym od os&oacute;b prawnych<\/span><span style=\"font-family: 'Calibri',sans-serif;\"> (Dz.&nbsp;U.&nbsp;z&nbsp;2015&nbsp;r.,&nbsp;poz.&nbsp;1296) <strong>&ndash; wejdzie w&nbsp;\u017cycie z&nbsp;dniem 1 stycznia 2016 r.<\/strong><\/span><\/span><\/p>\n<p class=\"Omwienie\" style=\"text-align: justify;\"><span style=\"font-size: 12pt;\"><span style=\"font-family: 'Calibri',sans-serif;\">W ustawie z&nbsp;dnia 26 lipca 1991 r. o&nbsp;podatku dochodowym od os&oacute;b fizycznych (Dz.<\/span><span style=\"font-family: 'Calibri',sans-serif;\">U.<\/span><span style=\"font-family: 'Calibri',sans-serif;\">z<\/span><span style=\"font-family: 'Calibri',sans-serif;\">2012 r. poz. 361, z&nbsp;p&oacute;\u017an. zm.)<\/span><span style=\"font-family: 'Calibri',sans-serif;\"> zmianie ulegnie brzmienie art. 21, art. 23, w&nbsp;art.&nbsp;22 dodany zostanie ust. 1p-1r.<\/span><\/span><\/p>\n<p class=\"Omwienie\" style=\"text-align: justify;\"><span style=\"font-family: 'Calibri',sans-serif; font-size: 12pt;\">W ustawie z&nbsp;dnia 15 lutego 1992 r. o&nbsp;podatku dochodowym od os&oacute;b prawnych (Dz.&nbsp;U.&nbsp;z&nbsp;2014 r. poz. 851, z&nbsp;p&oacute;\u017an. zm.) zmianie ulegnie brzmienie art. 16, w&nbsp;art.&nbsp;15&nbsp;dodany zostanie ust. 1za-1zc.<\/span><\/p>\n<p class=\"Tekstpraswki0\" style=\"text-align: justify;\"><span style=\"font-size: 12pt;\"><strong><span style=\"font-family: 'Calibri',sans-serif;\">Ustawa<\/span><\/strong><span style=\"font-family: 'Calibri',sans-serif;\"> z&nbsp;dnia 23 lipca 2015 r. o&nbsp;zmianie ustawy o&nbsp;podatkach i&nbsp;op\u0142atach lokalnych<\/span><span style=\"font-family: 'Calibri',sans-serif;\"> (Dz.&nbsp;U. z&nbsp;2015 r., poz. 1283) <strong>&ndash; wejdzie w&nbsp;\u017cycie z&nbsp;dniem 1 stycznia 2016 r.<\/strong> <\/span><\/span><\/p>\n<p class=\"Omwienie\" style=\"text-align: justify;\"><span style=\"font-size: 12pt;\"><span style=\"font-family: 'Calibri',sans-serif;\">W ustawie z&nbsp;dnia 12 stycznia 1991 r. o&nbsp;podatkach i&nbsp;op\u0142atach lokalnych (Dz.<\/span><span style=\"font-family: 'Calibri',sans-serif;\">U.<\/span><span style=\"font-family: 'Calibri',sans-serif;\">z<\/span><span style=\"font-family: 'Calibri',sans-serif;\">2014<\/span><span style=\"font-family: 'Calibri',sans-serif;\">r.<\/span><span style=\"font-family: 'Calibri',sans-serif;\">poz. 849, z&nbsp;p&oacute;\u017an. zm.) w&nbsp;art. 7 w&nbsp;ust. 1 w&nbsp;pkt 14 kropk\u0119 zast\u0119puje si\u0119 \u015brednikiem oraz dodaje si\u0119 pkt 15<\/span><span style=\"font-family: 'Calibri',sans-serif;\">.<\/span><\/span><\/p>\n<p class=\"Tekstpraswki0\" style=\"text-align: justify;\"><span style=\"font-size: 12pt;\"><strong><span style=\"font-family: 'Calibri',sans-serif;\">Ustawa <\/span><\/strong><span style=\"font-family: 'Calibri',sans-serif;\">z dnia 5 sierpnia 2015 r. o&nbsp;zmianie ustawy &#8211; Ordynacja podatkowa oraz<\/span><span style=\"font-family: 'Calibri',sans-serif;\">niekt&oacute;rych innych ustaw<\/span><span style=\"font-family: 'Calibri',sans-serif;\"> (Dz. U. z&nbsp;2015 r., poz. 1197) <strong>&ndash; wejdzie w&nbsp;\u017cycie z&nbsp;dniem 1&nbsp;stycznia 2016 r. <\/strong><\/span><\/span><\/p>\n<p class=\"Omwienie\" style=\"text-align: justify;\"><span style=\"font-size: 12pt;\"><span style=\"font-family: 'Calibri',sans-serif;\">W ustawie z&nbsp;dnia 29 sierpnia 1997 r. &#8211; Ordynacja podatkowa (Dz. U. z&nbsp;2015 r. poz. 613, 699 i&nbsp;978) doda<\/span><span style=\"font-family: 'Calibri',sans-serif;\">ny zostanie<\/span><span style=\"font-family: 'Calibri',sans-serif;\"> art. 2a<\/span><span style=\"font-family: 'Calibri',sans-serif;\">.<\/span><\/span><\/p>\n<p class=\"Omwienie\" style=\"text-align: justify;\"><span style=\"font-family: 'Calibri',sans-serif; font-size: 12pt;\">W ustawie z&nbsp;dnia 26 lipca 1991 r. o&nbsp;podatku dochodowym od os&oacute;b fizycznych (Dz.&nbsp;U.&nbsp;z&nbsp;2012 r. poz. 361, z&nbsp;p&oacute;\u017an. zm.) uchylony zostanie art. 24d.<\/span><\/p>\n<p class=\"Omwienie\" style=\"text-align: justify;\"><span style=\"font-family: 'Calibri',sans-serif; font-size: 12pt;\">W ustawie z&nbsp;dnia 15 lutego 1992 r. o&nbsp;podatku dochodowym od os&oacute;b prawnych (Dz.&nbsp;U.&nbsp;z&nbsp;2014 r. poz. 851, z&nbsp;p&oacute;\u017an. zm.) uchylony zostanie art. 15b.<\/span><\/p>\n<p class=\"Omwienie\" style=\"text-align: justify;\"><span style=\"font-family: 'Calibri',sans-serif; font-size: 12pt;\">W ustawie z&nbsp;dnia 2 lipca 2004 r. o&nbsp;swobodzie dzia\u0142alno\u015bci gospodarczej (Dz.&nbsp;U.&nbsp;z&nbsp;2015&nbsp;r.&nbsp;poz. 584, z&nbsp;p&oacute;\u017an. zm.) zmianie ulegnie brzmienie art. 80a ust. 1.<\/span><\/p>\n<p class=\"Tekstpraswki0\" style=\"text-align: justify;\"><span style=\"font-size: 12pt;\"><strong><span style=\"font-family: 'Calibri',sans-serif;\">Rozporz\u0105dzenie <\/span><\/strong><span style=\"font-family: 'Calibri',sans-serif;\">Ministra Finans&oacute;w<\/span><span style=\"font-family: 'Calibri',sans-serif;\">z dnia 4 sierpnia 2015 r.<\/span><span style=\"font-family: 'Calibri',sans-serif;\">zmieniaj\u0105ce rozporz\u0105dzenie w&nbsp;sprawie zwolnie\u0144 od podatku akcyzowego<\/span><span style=\"font-family: 'Calibri',sans-serif;\"> (Dz. U. z&nbsp;2015 r., poz. 1285) <strong>&ndash;wesz\u0142o&nbsp;w&nbsp;\u017cycie z&nbsp;dniem 16 wrze\u015bnia 2015 r. <\/strong><\/span><\/span><\/p>\n<p class=\"Omwienie\" style=\"text-align: justify;\"><span style=\"font-size: 12pt;\"><span style=\"font-family: 'Calibri',sans-serif;\">W rozporz\u0105dzeniu Ministra Finans&oacute;w z&nbsp;dnia 8 lutego 2013 r. w&nbsp;sprawie zwolnie\u0144 od podatku akcyzowego (Dz. U. z&nbsp;2015 r. poz. 195 i&nbsp;216)<\/span><span style=\"font-family: 'Calibri',sans-serif;\"> zmianie ulegnie brzmienie &sect;&nbsp;13&nbsp;ust. 10, &sect; 15 ust. 6, &sect; 20 ust. 1, &sect; 21, &sect; 23 w&nbsp;ust. 3, &sect; 26 ust. 8, &sect; 30, &sect; 31 ust. 3, &sect; 34, &sect; 35 ust. 3. <\/span><\/span><\/p>\n<p class=\"Tekstpraswki0\" style=\"text-align: justify;\"><span style=\"font-size: 12pt;\"><strong><span style=\"font-family: 'Calibri',sans-serif;\">Rozporz\u0105dzenie <\/span><\/strong><span style=\"font-family: 'Calibri',sans-serif;\">Ministra Finans&oacute;w<\/span><span style=\"font-family: 'Calibri',sans-serif;\">z dnia 11 sierpnia 2015 r.<\/span><span style=\"font-family: 'Calibri',sans-serif;\">w sprawie norm dopuszczalnych ubytk&oacute;w niekt&oacute;rych wyrob&oacute;w akcyzowych<\/span><span style=\"font-family: 'Calibri',sans-serif;\"> (Dz. U. z&nbsp;2015 r., poz. 1342) <strong>&ndash; wejdzie w&nbsp;\u017cycie z&nbsp;dniem 1 pa\u017adziernika 2015 r. <\/strong><\/span><\/span><\/p>\n<p class=\"Tekstpraswki0\" style=\"text-align: justify;\"><span style=\"font-size: 12pt;\"><strong><span style=\"font-family: 'Calibri',sans-serif;\">Rozporz\u0105dzenie <\/span><\/strong><span style=\"font-family: 'Calibri',sans-serif;\">Ministra Finans&oacute;w<\/span><span style=\"font-family: 'Calibri',sans-serif;\">z dnia 11 sierpnia 2015 r.<\/span><span style=\"font-family: 'Calibri',sans-serif;\">zmieniaj\u0105ce rozporz\u0105dzenie w&nbsp;sprawie maksymalnych norm dopuszczalnych ubytk&oacute;w i<\/span><span style=\"font-family: 'Calibri',sans-serif;\">dopuszczalnych norm zu\u017cycia wyrob&oacute;w akcyzowych<\/span><span style=\"font-family: 'Calibri',sans-serif;\"> (Dz. U. z&nbsp;2015 r., poz. 1343) <strong>&ndash; wejdzie w&nbsp;\u017cycie z&nbsp;dniem 1 pa\u017adziernika 2015 r. <\/strong><\/span><\/span><\/p>\n<p class=\"Omwienie\" style=\"text-align: justify;\"><span style=\"font-size: 12pt;\"><span style=\"font-family: 'Calibri',sans-serif;\">W rozporz\u0105dzeniu Ministra Finans&oacute;w z&nbsp;dnia 24 lutego 2009 r. w&nbsp;sprawie maksymalnych norm dopuszczalnych ubytk&oacute;w i&nbsp;dopuszczalnych norm zu\u017cycia wyrob&oacute;w akcyzowych (Dz.<\/span><span style=\"font-family: 'Calibri',sans-serif;\">U. z&nbsp;2014 r. poz. 1526)<\/span><span style=\"font-family: 'Calibri',sans-serif;\"> zmianie ulegnie brzmienie &sect; 5, w&nbsp;za\u0142\u0105czniku nr 1 do&nbsp;rozporz\u0105dzenia w&nbsp;cz\u0119\u015bci IX po ust. 3 dodany zostanie ust. 3a, uchylony zostanie za\u0142\u0105cznik nr 4 do rozporz\u0105dzenia.<\/span><\/span><\/p>\n<p class=\"Tekstpraswki0\" style=\"text-align: justify;\"><span style=\"font-size: 12pt;\"><strong><span style=\"font-family: 'Calibri',sans-serif;\">U<\/span><\/strong><strong><span style=\"font-family: 'Calibri',sans-serif;\">stawa <\/span><\/strong><span style=\"font-family: 'Calibri',sans-serif;\">z dnia 23 lipca 2015 r.<\/span><span style=\"font-family: 'Calibri',sans-serif;\">o zmianie ustawy o&nbsp;rachunkowo\u015bci oraz niekt&oacute;rych innych ustaw<\/span><span style=\"font-family: 'Calibri',sans-serif;\"> (Dz. U. z&nbsp;2015 r., poz. 1333) <strong>&ndash; wejdzie w&nbsp;\u017cycie z&nbsp;dniem 23&nbsp;wrze\u015bnia&nbsp;2015 r. z&nbsp;wyj\u0105tkiem art. 1 pkt 1 oraz art. 5, kt&oacute;re wchodz\u0105 w&nbsp;\u017cycie z&nbsp;dniem 1 stycznia 2016 r.<\/strong><\/span><\/span><\/p>\n<p class=\"Omwienie\" style=\"text-align: justify;\"><span style=\"font-size: 12pt;\"><span style=\"font-family: 'Calibri',sans-serif;\">W ustawie z&nbsp;dnia 29 wrze\u015bnia 1994 r. o&nbsp;rachunkowo\u015bci (Dz. U. z&nbsp;2013 r. poz. 330, z<\/span><span style=\"font-family: 'Calibri',sans-serif;\">p&oacute;\u017an. zm.)<\/span><span style=\"font-family: 'Calibri',sans-serif;\"> zmianie ulegnie brzmienie art. 2, art. 3, art. 4, art. 4a ust. 1, art. 8 ust. 2, art. 33 ust. 3, art. 37, art. 42, art. 43 ust. 4, art. 44 ust. 4, art. 44b ust. 10, art. 47 ust.&nbsp;4, art. 49, art. 50, art. 55, art. 56, art. 57, art. 59, art 65, art. 66 ust. 4, art. 69, art. 74 ust. 2 pkt 8, art. 77 pkt 2, art. 79 pkt 4, za\u0142\u0105cznik nr 1 do ustawy otrzymuje brzmienie okre\u015blone w&nbsp;za\u0142\u0105czniku nr 1 do niniejszej ustawy , za\u0142\u0105cznik nr 2, za\u0142\u0105cznik&nbsp;nr&nbsp;3, za\u0142\u0105cznik nr 4, dodany zostanie art. 28b, w&nbsp;art. 48 ust. 4, w&nbsp;art. 48a ust.&nbsp;4, w&nbsp;art.&nbsp;48b ust. 5, rozdzia\u0142 6a, w&nbsp;art. 64 w&nbsp;ust. 1 pkt 2b, dodaje si\u0119 za\u0142\u0105cznik nr 5 do ustawy w&nbsp;brzmieniu okre\u015blonym w&nbsp;za\u0142\u0105czniku nr 2 do niniejszej ustawy.<\/span><\/span><\/p>\n<p class=\"Omwienie\" style=\"text-align: justify;\"><span style=\"font-family: 'Calibri',sans-serif; font-size: 12pt;\">W ustawie z&nbsp;dnia 26 lipca 1991 r. o&nbsp;podatku dochodowym od os&oacute;b fizycznych (Dz.&nbsp;U.&nbsp;z&nbsp;2012 r. poz. 361, z&nbsp;p&oacute;\u017an. zm.) zmianie ulegnie brzmienie art. 24a ust. 6.<\/span><\/p>\n<p class=\"Omwienie\" style=\"text-align: justify;\"><span style=\"font-family: 'Calibri',sans-serif; font-size: 12pt;\">W ustawie z&nbsp;dnia 20 listopada 1998 r. o&nbsp;zrycza\u0142towanym podatku dochodowym od&nbsp;niekt&oacute;rych przychod&oacute;w osi\u0105ganych przez osoby fizyczne (Dz. U. Nr 144, poz. 930, z&nbsp;p&oacute;\u017an. zm.) zmianie ulegnie brzmienie art. 4 ust. 2.<\/span><\/p>\n<p class=\"Omwienie\" style=\"text-align: justify;\"><span style=\"font-family: 'Calibri',sans-serif; font-size: 12pt;\">W ustawie z&nbsp;dnia 15 wrze\u015bnia 2000 r. &#8211; Kodeks sp&oacute;\u0142ek handlowych (Dz. U. z&nbsp;2013 r. poz. 1030, z&nbsp;p&oacute;\u017an. zm.) zmianie ulegnie brzmienie art. 191, art. 200 &sect; 3, art. 347, art.&nbsp;363&nbsp;&sect;&nbsp;6.<\/span><\/p>\n<p class=\"Omwienie\" style=\"text-align: justify;\"><span style=\"font-family: 'Calibri',sans-serif; font-size: 12pt;\">W ustawie z&nbsp;dnia 24 kwietnia 2003 r. o&nbsp;dzia\u0142alno\u015bci po\u017cytku publicznego i&nbsp;o wolontariacie (Dz. U. z&nbsp;2014 r. poz. 1118, z&nbsp;p&oacute;\u017an. zm.) dodany zostanie art. 10a.<\/span><\/p>\n<p>&nbsp;<\/p>\n<p>&nbsp;<\/p>\n<p class=\"Dziedzinaprawa\" style=\"text-align: justify;\"><span style=\"font-size: 12pt;\"><strong><span style=\"font-family: 'Calibri',sans-serif;\">FINANSE PUBLICZNE I&nbsp;NADZ&Oacute;R NAD RYNKIEM FINANSOWYM<\/span><\/strong><\/span><\/p>\n<p class=\"Tekstpraswki0\" style=\"text-align: justify;\"><span style=\"font-size: 12pt;\"><strong><span style=\"font-family: 'Calibri',sans-serif;\">U<\/span><\/strong><strong><span style=\"font-family: 'Calibri',sans-serif;\">stawa <\/span><\/strong><span style=\"font-family: 'Calibri',sans-serif;\">z dnia 5 sierpnia 2015 r.<\/span><span style=\"font-family: 'Calibri',sans-serif;\">o zmianie ustawy o&nbsp;nadzorze nad rynkiem finansowym oraz niekt&oacute;rych innych ustaw<\/span><span style=\"font-family: 'Calibri',sans-serif;\"> (Dz. U. z&nbsp;2015 r., poz. 1357) <strong>&ndash; wejdzie w&nbsp;\u017cycie z&nbsp;dniem 11 pa\u017adziernika 2015 r., z&nbsp;wyj\u0105tkiem:<\/strong><\/span><\/span><\/p>\n<p class=\"Tekstpraswki0\" style=\"text-align: justify;\"><span style=\"font-size: 12pt;\"><strong><span style=\"font-family: 'Calibri',sans-serif;\">1) art. 2 oraz art. 7 pkt 2 lit. b, pkt 4, 5 i&nbsp;6, kt&oacute;re wchodz\u0105 w&nbsp;\u017cycie z&nbsp;dniem 11&nbsp;marca 2016 r.,<\/span><\/strong><\/span><\/p>\n<p class=\"Tekstpraswki0\" style=\"text-align: justify;\"><span style=\"font-size: 12pt;\"><strong><span style=\"font-family: 'Calibri',sans-serif;\">2) art. 7 pkt 7 w&nbsp;zakresie dodawanego art. 59e, kt&oacute;ry wchodzi w&nbsp;\u017cycie z&nbsp;dniem 11 kwietnia 2016 r.,<\/span><\/strong><\/span><\/p>\n<p class=\"Tekstpraswki0\" style=\"text-align: justify;\"><span style=\"font-size: 12pt;\"><strong><span style=\"font-family: 'Calibri',sans-serif;\">3) art. 4 pkt 3 lit. b w&nbsp;zakresie dodawanego ust. 4i, art. 4 pkt 6 lit. b oraz&nbsp;art.&nbsp;7&nbsp;pkt 7 w&nbsp;zakresie dodawanego art. 59b ust. 3 i&nbsp;art. 59g, kt&oacute;re&nbsp;wchodz\u0105 w&nbsp;\u017cycie z&nbsp;dniem 11 wrze\u015bnia 2016 r.<\/span><\/strong><\/span><\/p>\n<p class=\"Omwienie\" style=\"text-align: justify;\"><span style=\"font-size: 12pt;\"><span style=\"font-family: 'Calibri',sans-serif;\">W ustawie z&nbsp;dnia 21 lipca 2006 r. o&nbsp;nadzorze nad rynkiem finansowym (Dz.<\/span><span style=\"font-family: 'Calibri',sans-serif;\">U.<\/span><span style=\"font-family: 'Calibri',sans-serif;\">z<\/span><span style=\"font-family: 'Calibri',sans-serif;\">2015<\/span><span style=\"font-family: 'Calibri',sans-serif;\">r.<\/span><span style=\"font-family: 'Calibri',sans-serif;\">poz. 614, 1260 i&nbsp;1348)<\/span><span style=\"font-family: 'Calibri',sans-serif;\"> dodany zostanie w&nbsp;art. 6b ust. 7-13, w&nbsp;art.&nbsp;16&nbsp;ust. 5, rozdzia\u0142 2a, rozdzia\u0142 3a.<\/span><\/span><\/p>\n<p class=\"Omwienie\" style=\"text-align: justify;\"><span style=\"font-family: 'Calibri',sans-serif; font-size: 12pt;\">W ustawie z&nbsp;dnia 23 kwietnia 1964 r. &#8211; Kodeks cywilny (Dz. U. z&nbsp;2014 r. poz. 121, z&nbsp;p&oacute;\u017an. zm.) dodany zostanie w&nbsp;art. 481 &sect; 21 &ndash; 23.<\/span><\/p>\n<p class=\"Omwienie\" style=\"text-align: justify;\"><span style=\"font-family: 'Calibri',sans-serif; font-size: 12pt;\">W ustawie z&nbsp;dnia 28 wrze\u015bnia 1991 r. o&nbsp;kontroli skarbowej (Dz. U. z&nbsp;2015 r. poz. 553, 788 i&nbsp;1269) zmianie ulegnie brzmienie art. 34a w&nbsp;ust. 5 pkt 8.<\/span><\/p>\n<p class=\"Omwienie\" style=\"text-align: justify;\"><span style=\"font-family: 'Calibri',sans-serif; font-size: 12pt;\">W ustawie z&nbsp;dnia 29 sierpnia 1997 r. &#8211; Prawo bankowe (Dz. U. z&nbsp;2015 r. poz. 128, z&nbsp;p&oacute;\u017an. zm.) w&nbsp;art. 4 w&nbsp;ust. 1 w&nbsp;pkt 32 kropk\u0119 zast\u0119puje si\u0119 \u015brednikiem i&nbsp;dodaje&nbsp;si\u0119&nbsp;pkt&nbsp;33, zmianie ulegnie brzmienie art. 104 ust. 3, art. 105, art. 105a, art.&nbsp;106d, art. 171.<\/span><\/p>\n<p class=\"Omwienie\" style=\"text-align: justify;\"><span style=\"font-family: 'Calibri',sans-serif; font-size: 12pt;\">W ustawie z&nbsp;dnia 27 maja 2004 r. o&nbsp;funduszach inwestycyjnych (Dz. U. z&nbsp;2014 r. poz.&nbsp;157, z&nbsp;p&oacute;\u017an. zm.) zmianie ulegnie brzmienie art. 286 ust. 14, art. 287.<\/span><\/p>\n<p class=\"Omwienie\" style=\"text-align: justify;\"><span style=\"font-family: 'Calibri',sans-serif; font-size: 12pt;\">W ustawie z&nbsp;dnia 29 lipca 2005 r. o&nbsp;nadzorze nad rynkiem kapita\u0142owym (Dz. U. z&nbsp;2014 r. poz. 1537, z&nbsp;p&oacute;\u017an. zm.) zmianie ulegnie brzmienie art. 12 ust. 5, tytu\u0142 rozdzia\u0142u 4, art.&nbsp;33 ust. 2, art. 38, art. 46 ust. 1, uchylony zostanie art. 47. <\/span><\/p>\n<p class=\"Omwienie\" style=\"text-align: justify;\"><span style=\"font-family: 'Calibri',sans-serif; font-size: 12pt;\">W ustawie z&nbsp;dnia 12 maja 2011 r. o&nbsp;kredycie konsumenckim (Dz. U. z&nbsp;2014 r. poz. 1497, 1585 i&nbsp;1662) zmianie ulegnie brzmienie art. 4 w&nbsp;ust. 2 pkt 5, art. 5, art. 45 ust. 1, dodany zostanie art. 28a, art. 33a, art. 36a-36d, rozdzia\u0142y 5a i&nbsp;5b.<\/span><\/p>\n<p class=\"Tekstpraswki0\" style=\"text-align: justify;\"><span style=\"font-size: 12pt;\"><strong><span style=\"font-family: 'Calibri',sans-serif;\">U<\/span><\/strong><strong><span style=\"font-family: 'Calibri',sans-serif;\">stawa <\/span><\/strong><span style=\"font-family: 'Calibri',sans-serif;\">z dnia 5 sierpnia 2015 r.<\/span><span style=\"font-family: 'Calibri',sans-serif;\">o rozpatrywaniu reklamacji przez podmioty rynku finansowego i&nbsp;o Rzeczniku Finansowym<\/span><span style=\"font-family: 'Calibri',sans-serif;\"> (Dz. U. z&nbsp;2015 r., poz. 1348) <strong>&ndash; wejdzie&nbsp;w&nbsp;\u017cycie&nbsp;z dniem 11 pa\u017adziernika 2015 r., z&nbsp;wyj\u0105tkiem:<\/strong><\/span><\/span><\/p>\n<p class=\"Tekstpraswki0\" style=\"text-align: justify;\"><span style=\"font-size: 12pt;\"><strong><span style=\"font-family: 'Calibri',sans-serif;\">1) art. 62, kt&oacute;ry wchodzi w&nbsp;\u017cycie z&nbsp;dniem 11 wrze\u015bnia 2015 r., <\/span><\/strong><\/span><\/p>\n<p class=\"Tekstpraswki0\" style=\"text-align: justify;\"><span style=\"font-size: 12pt;\"><strong><span style=\"font-family: 'Calibri',sans-serif;\">2) rozdzia\u0142u 4, kt&oacute;ry wchodzi w&nbsp;\u017cycie z&nbsp;dniem 1 stycznia 2016 r.<\/span><\/strong><\/span><\/p>\n<p class=\"Dziedzinaprawa\" style=\"text-align: justify;\"><span style=\"font-size: 12pt;\"><\/span><\/p>\n<p>&nbsp;<\/p>\n<p class=\"Dziedzinaprawa\" style=\"text-align: justify;\"><span style=\"font-size: 12pt;\"><strong><span style=\"font-family: 'Calibri',sans-serif;\">POST\u0118POWANIE KARNE<\/span><\/strong><\/span><\/p>\n<p class=\"Tekstpraswki0\" style=\"text-align: justify;\"><span style=\"font-size: 12pt;\"><strong><span style=\"font-family: 'Calibri',sans-serif;\">U<\/span><\/strong><strong><span style=\"font-family: 'Calibri',sans-serif;\">stawa <\/span><\/strong><span style=\"font-family: 'Calibri',sans-serif;\">z dnia 10 lipca 2015 r.<\/span><span style=\"font-family: 'Calibri',sans-serif;\">o zmianie ustawy &#8211; Kodeks post\u0119powania karnego<\/span><span style=\"font-family: 'Calibri',sans-serif;\"> (<\/span><span style=\"font-family: 'Calibri',sans-serif;\">Dz.<\/span><span style=\"font-family: 'Calibri',sans-serif;\">U.<\/span><span style=\"font-family: 'Calibri',sans-serif;\">&nbsp;z <\/span><span style=\"font-family: 'Calibri',sans-serif;\">2015<\/span><span style=\"font-family: 'Calibri',sans-serif;\"> r<\/span><span style=\"font-family: 'Calibri',sans-serif;\">.<\/span><span style=\"font-family: 'Calibri',sans-serif;\">, poz. <\/span><span style=\"font-family: 'Calibri',sans-serif;\">1334<\/span><span style=\"font-family: 'Calibri',sans-serif;\">) <strong>&ndash; wejdzie w&nbsp;\u017cycie z&nbsp;dniem 1 stycznia 2016 r. <\/strong><\/span><\/span><\/p>\n<p class=\"Omwienie\" style=\"text-align: justify;\"><span style=\"font-size: 12pt;\"><span style=\"font-family: 'Calibri',sans-serif;\">W ustawie z&nbsp;dnia 6 czerwca 1997 r. &#8211; Kodeks post\u0119powania karnego (Dz.<\/span><span style=\"font-family: 'Calibri',sans-serif;\">U.<\/span><span style=\"font-family: 'Calibri',sans-serif;\">Nr<\/span><span style=\"font-family: 'Calibri',sans-serif;\">89,<\/span><span style=\"font-family: 'Calibri',sans-serif;\">poz.<\/span><span style=\"font-family: 'Calibri',sans-serif;\">555, z&nbsp;p&oacute;\u017an. zm.)<\/span><span style=\"font-family: 'Calibri',sans-serif;\"> zmianie ulegnie brzmienie art. 147.<\/span><\/span><\/p>\n<p class=\"Tekstpraswki0\" style=\"text-align: justify;\"><span style=\"font-size: 12pt;\"><strong><span style=\"font-family: 'Calibri',sans-serif;\">Rozporz\u0105dzenie <\/span><\/strong><span style=\"font-family: 'Calibri',sans-serif;\">Ministra Sprawiedliwo\u015bci<\/span><span style=\"font-family: 'Calibri',sans-serif;\">z dnia 19 sierpnia 2015 r.<\/span><span style=\"font-family: 'Calibri',sans-serif;\">zmieniaj\u0105ce rozporz\u0105dzenie w&nbsp;sprawie post\u0119powania o&nbsp;zachowanie w&nbsp;tajemnicy okoliczno\u015bci umo\u017cliwiaj\u0105cych ujawnienie to\u017csamo\u015bci \u015bwiadka oraz sposobu post\u0119powania z<\/span><span style=\"font-family: 'Calibri',sans-serif;\">protoko\u0142ami z&nbsp;zezna\u0144 tego \u015bwiadka<\/span><span style=\"font-family: 'Calibri',sans-serif;\"> (Dz. U. z&nbsp;2015 r., poz. 1408) <strong>&ndash; wejdzie&nbsp;w&nbsp;\u017cycie&nbsp;z&nbsp;dniem 1 pa\u017adziernika 2016 r. <\/strong><\/span><\/span><\/p>\n<p class=\"Omwienie\" style=\"text-align: justify;\"><span style=\"font-size: 12pt;\"><span style=\"font-family: 'Calibri',sans-serif;\">W rozporz\u0105dzeniu Ministra Sprawiedliwo\u015bci z&nbsp;dnia 18 czerwca 2003 r. w&nbsp;sprawie post\u0119powania o&nbsp;zachowanie w&nbsp;tajemnicy okoliczno\u015bci umo\u017cliwiaj\u0105cych ujawnienie to\u017csamo\u015bci \u015bwiadka oraz sposobu post\u0119powania z&nbsp;protoko\u0142ami z&nbsp;zezna\u0144 tego \u015bwiadka (Dz. U. Nr 108, poz. 1024)<\/span><span style=\"font-family: 'Calibri',sans-serif;\">zmianie ulegnie brzmienie &sect; 3 ust. 3, &sect; 6, &sect; 14, &sect; 16 ust. 1, dodany zostanie w&nbsp;&sect; 2 ust. 3a, &sect; 6a.<\/span><\/span><\/p>\n<p>&nbsp;<\/p>\n<p>&nbsp;<\/p>\n<p class=\"Dziedzinaprawa\" style=\"text-align: justify;\"><span style=\"font-size: 12pt;\"><strong><span style=\"font-family: 'Calibri',sans-serif;\">PRAWO CYWILNE ORAZ POST\u0118POWANIE CYWILNE<\/span><\/strong><\/span><\/p>\n<p class=\"Tekstpraswki0\" style=\"text-align: justify;\"><span style=\"font-size: 12pt;\"><strong><span style=\"font-family: 'Calibri',sans-serif;\">U<\/span><\/strong><strong><span style=\"font-family: 'Calibri',sans-serif;\">stawa <\/span><\/strong><span style=\"font-family: 'Calibri',sans-serif;\">z dnia 10 lipca 2015 r.<\/span><span style=\"font-family: 'Calibri',sans-serif;\">o zmianie ustawy &#8211; Kodeks cywilny, ustawy &ndash; Kodeks<\/span><span style=\"font-family: 'Calibri',sans-serif;\">post\u0119powania cywilnego oraz niekt&oacute;rych innych ustaw<\/span><span style=\"font-family: 'Calibri',sans-serif;\"> (Dz. U. z&nbsp;2015 r., poz.&nbsp;1311) <strong>&ndash; wchodzi w&nbsp;\u017cycie z&nbsp;dniem 16 wrze\u015bnia 2016 r., z&nbsp;wyj\u0105tkiem:<\/strong><\/span><\/span><\/p>\n<p class=\"Tekstpraswki0\" style=\"text-align: justify;\"><span style=\"font-size: 12pt;\"><strong><span style=\"font-family: 'Calibri',sans-serif;\">1) art. 2 pkt 48 lit. b, kt&oacute;ry wchodzi w&nbsp;\u017cycie z&nbsp;dniem 1 kwietnia 2016 r.;<\/span><\/strong><\/span><\/p>\n<p class=\"Tekstpraswki0\" style=\"text-align: justify;\"><span style=\"font-size: 12pt;\"><strong><span style=\"font-family: 'Calibri',sans-serif;\">2) art. 2 pkt 56 i&nbsp;58, art. 14 pkt 2, art. 15 oraz art. 18, kt&oacute;re wchodz\u0105 w&nbsp;\u017cycie z&nbsp;dniem 22 wrze\u015bnia 2015 r.<\/span><\/strong><\/span><\/p>\n<p class=\"Tekstpraswki0\" style=\"text-align: justify;\"><span style=\"font-size: 12pt;\"><strong><span style=\"font-family: 'Calibri',sans-serif;\">3) art. 19, kt&oacute;ry wchodzi w&nbsp;\u017cycie z&nbsp;dniem 7 wrze\u015bnia 2015 r. <\/span><\/strong><\/span><\/p>\n<p class=\"Omwienie\" style=\"text-align: justify;\"><span style=\"font-size: 12pt;\"><span style=\"font-family: 'Calibri',sans-serif;\">W ustawie z&nbsp;dnia 23 kwietnia 1964 r. &#8211; Kodeks cywilny (Dz. U. z&nbsp;2014 r. poz. 121, z<\/span><span style=\"font-family: 'Calibri',sans-serif;\">p&oacute;\u017an. zm.)<\/span><span style=\"font-family: 'Calibri',sans-serif;\"> zmianie ulegnie brzmienie art. 73 &sect; 1, art. 74, art. 76, art. 77 &sect; 2, art. 77<sup>1<\/sup>, art. 79, art. 81, art. 358, art. 720 &sect; 2, dodany zostanie art. 65<sup>1<\/sup>, art. 77<sup>2<\/sup>&nbsp;i art. 77<sup>3<\/sup>, art.&nbsp;78<sup>1<\/sup>, uchylony zostanie w&nbsp;art. 78 &sect; 2.<\/span><\/span><\/p>\n<p class=\"Omwienie\" style=\"text-align: justify;\"><span style=\"font-family: 'Calibri',sans-serif; font-size: 12pt;\">W ustawie z&nbsp;dnia 17 listopada 1964 r. &#8211; Kodeks post\u0119powania cywilnego (Dz.&nbsp;U.&nbsp;z&nbsp;2014&nbsp;r.&nbsp;poz. 101, z&nbsp;p&oacute;\u017an. zm.) zmianie ulegnie brzmienie art. 9 &sect; 1, art. 50 &sect; 3, art. 51, art. 68, art. 89, art. 125, art. 126 &sect; 3, art. 128 &sect; 2, art. 129, art. 130, art. 130<sup>5<\/sup>, art.&nbsp;131<sup>1<\/sup>, art. 132, art. 133 &sect; 2a, art. 140, art. 142, art. 151, art. 158 &sect; 1 i&nbsp;1<sup>1<\/sup>, art. 235 &sect; 2,art. 244 &sect; 2, art. 245, art. 250 &sect; 1, art. 254, art. 308, art. 328 &sect; 1, art. 332, art. 398<sup>22<\/sup> &sect; 5, art. 398<sup>23<\/sup> &sect; 2, art. 472, art. 497<sup>1 <\/sup>&sect; 3, art. 505<sup>29<\/sup>, art. 505<sup>32<\/sup>, art. 610<sup>3<\/sup>, art.&nbsp;624, art.&nbsp;626<sup>12<\/sup> &sect; 1, art. 760, art. 767, art. 767<sup>3<\/sup>, art. 767<sup>3a<\/sup>, art. 768, art. 770, art.&nbsp;770<sup>1<\/sup>, art.&nbsp;773, art. 773<sup>2<\/sup>, art. 774, art. 775, art. 781 &sect; 1 i&nbsp;&sect; 1<sup>1<\/sup>, art. 782 &sect; 1, art. 783, art.&nbsp;794<sup>1<\/sup>, art. 794<sup>2<\/sup>, art. 795, art. 795<sup>5<\/sup> &sect; 1, art. 797 &sect; 1-3, art. 799 &sect; 1, art. 801, art.&nbsp;824, art. 827, art. 840 &sect; 1 pkt 2, art. 847 &sect; 2, art. 855, art. 864 &sect; 1, art. 866<sup>2<\/sup>, art.&nbsp;867, art. 867<sup>1<\/sup>, art. 868, art. 871, art. 872 &sect; 3, art. 882<sup>1<\/sup>, art. 889, art. 889<sup>1<\/sup>, art. 890 &sect; 1, art.&nbsp;891, art. 891<sup>1<\/sup> &sect; 1, art. 892, art. 893<sup>1<\/sup>, art. 893<sup>2<\/sup>, art. 893<sup>4<\/sup>, art. 896, art. 910, art. 911<sup>8<\/sup>, <\/span><\/p>\n<p class=\"Omwienie\" style=\"text-align: justify;\"><span style=\"font-family: 'Calibri',sans-serif; font-size: 12pt;\">art. 947 &sect; 2, art. 967, art, 968 &sect; 2, art. 972, art. 986, art. 1027 &sect; 2, art. 1035, art.&nbsp;1037&nbsp;&sect; 1 i&nbsp;2 art. 1040 &sect; 2, art. 1064, art. 1081 &sect; 1, art. 1086, art. 1153<sup>23<\/sup> &sect;2, dodany zostanie w&nbsp;art. 52 &sect; 3, art. 148<sup>1<\/sup>, art. 149<sup>1<\/sup>, art. 162<sup>1<\/sup>, w&nbsp;art. 165 &sect; 4, w&nbsp;art.&nbsp;177&nbsp;&sect; w&nbsp;&sect; 1 pkt 3<sup>1<\/sup>, art. 243<sup>1<\/sup>, art. 319<sup>1<\/sup>, w&nbsp;art. 324 &sect; 4, w&nbsp;art. 331 &sect; 1<sup>1<\/sup>, art.&nbsp;505<sup>13a<\/sup>, art. 505<sup>19a<\/sup>, w&nbsp;art. 505<sup>33 <\/sup>&sect; 3, w&nbsp;art. 505<sup>34 <\/sup>&sect; 3, art. 505<sup>35<\/sup> &ndash; 505<sup>37<\/sup>, art. 505<sup>38<\/sup>, w&nbsp;art. 509<sup>1<\/sup> &sect; 4, art. 679<sup>1<\/sup>, art. 679<sup>2<\/sup>, w&nbsp;art. 759 &sect; 1<sup>1<\/sup>, art. 759<sup>2<\/sup>, art. 795<sup>2a<\/sup>, art. 798<sup>1<\/sup>, art.&nbsp;801<sup>1<\/sup>, art. 801<sup>2<\/sup>, art. 804<sup>1<\/sup>, art. 867<sup>3<\/sup>, w&nbsp;cz\u0119\u015bci trzeciej w&nbsp;tytule II w&nbsp;dziale I&nbsp;dodaje si\u0119 rozdzia\u0142 3, art. 882<sup>1<\/sup>, art. 893<sup>2a<\/sup>, art. 902<sup>2<\/sup>, art. 948 &sect; 1<sup>1<\/sup>, art. 1024 &sect; 3, art. 1040<sup>1<\/sup>, uchylony zostanie w&nbsp;art. 353<sup>1<\/sup> &sect; 2, art. 397<sup>1<\/sup>, w&nbsp;art. 505<sup>6 <\/sup>&sect; 1, w&nbsp;art. 505<sup>30<\/sup> &sect; 1, w&nbsp;art.&nbsp;598<sup>1<\/sup> &sect; 2, w&nbsp;art. 669<sup>1<\/sup> uchyla si\u0119 &sect; 4, art. 773<sup>3<\/sup>, art. 797<sup>1<\/sup>, art. 823, art. 920<sup>2<\/sup>, art.&nbsp;985&nbsp;&sect; 2.<\/span><\/p>\n<p class=\"Omwienie\" style=\"text-align: justify;\"><span style=\"font-family: 'Calibri',sans-serif; font-size: 12pt;\">W ustawie z&nbsp;dnia 17 czerwca 1966 r. o&nbsp;post\u0119powaniu egzekucyjnym w&nbsp;administracji (Dz.&nbsp;U. z&nbsp;2014 r. poz. 1619, z&nbsp;p&oacute;\u017an. zm.) zmianie ulegnie brzmienie art. 8, art. 19, art.&nbsp;62, art. 63, art. 64, art. 64c, art. 67, art. 70 &sect; 5, art. 80 &sect; 1, art. 87, art. 115a, art.&nbsp;168c, art. 168d, dodany zostanie art. 62a-62f, art. 63a, w&nbsp;art. 64e &sect; 4c i&nbsp;&sect;4d, art.&nbsp;69a, art. 86b, art. 89a, uchylony zostanie art. 70a, art. 70b, art. 73, art. 82, art.&nbsp;94c, art. 96e, w&nbsp;art. 96h &sect; 5.<\/span><\/p>\n<p class=\"Omwienie\" style=\"text-align: justify;\"><span style=\"font-family: 'Calibri',sans-serif; font-size: 12pt;\">W ustawie z&nbsp;dnia 26 maja 1982 r. &#8211; Prawo o&nbsp;adwokaturze (Dz. U. z&nbsp;2015 r. poz. 615, z&nbsp;p&oacute;\u017an. zm.) zmianie ulegnie brzmienie art. 49, dodany zostanie art. 58a.<\/span><\/p>\n<p class=\"Omwienie\" style=\"text-align: justify;\"><span style=\"font-family: 'Calibri',sans-serif; font-size: 12pt;\">W ustawie z&nbsp;dnia 6 lipca 1982 r. o&nbsp;radcach prawnych (Dz. U. z&nbsp;2015 r. poz. 507, z&nbsp;p&oacute;\u017an. zm.) zmianie ulegnie brzmienie art. 52, dodany zostanie art. 60<sup>1<\/sup>.<\/span><\/p>\n<p class=\"Omwienie\" style=\"text-align: justify;\"><span style=\"font-family: 'Calibri',sans-serif; font-size: 12pt;\">W ustawie z&nbsp;dnia 20 czerwca 1985 r. o&nbsp;prokuraturze (Dz. U. z&nbsp;2011 r. Nr 270, poz. 1599, ze zm.) w&nbsp;art. 44b dodaje si\u0119 ust. 4-6.<\/span><\/p>\n<p class=\"Omwienie\" style=\"text-align: justify;\"><span style=\"font-family: 'Calibri',sans-serif; font-size: 12pt;\">W ustawie z&nbsp;dnia 14 lutego 1991 r. &#8211; Prawo o&nbsp;notariacie (Dz. U. z&nbsp;2014 r. poz. 164, z&nbsp;p&oacute;\u017an. zm.) zmianie ulegnie brzmienie art. 95f, art. 95h, art. 95i, art. 95k, art. 97, dodany zostanie art. 95ha.<\/span><\/p>\n<p class=\"Omwienie\" style=\"text-align: justify;\"><span style=\"font-family: 'Calibri',sans-serif; font-size: 12pt;\">W ustawie z&nbsp;dnia 29 sierpnia 1997 r. o&nbsp;komornikach s\u0105dowych i&nbsp;egzekucji (Dz.&nbsp;U.&nbsp;z&nbsp;2015&nbsp;r. poz. 790, 1045 i&nbsp;1224) zmianie ulegnie brzmienie art. 17b ust. 2, art.&nbsp;49 ust. 2, dodany zostanie art. 17c, w&nbsp;art. 39 w&nbsp;ust. 2 w&nbsp;pkt 8 kropk\u0119 zast\u0119puje si\u0119 \u015brednikiem i&nbsp;dodaje si\u0119 pkt 9, w&nbsp;art. 85 w&nbsp;ust. 1 w&nbsp;pkt 19 kropk\u0119 zast\u0119puje si\u0119 \u015brednikiem i&nbsp;dodaje si\u0119 pkt 20 i&nbsp;21.<\/span><\/p>\n<p class=\"Omwienie\" style=\"text-align: justify;\"><span style=\"font-family: 'Calibri',sans-serif; font-size: 12pt;\">W ustawie z&nbsp;dnia 29 sierpnia 1997 r. &#8211; Ordynacja podatkowa (Dz. U. z&nbsp;2015 r. poz. 613, z&nbsp;p&oacute;\u017an. zm.) zmianie ulegnie art. 299 &sect; 3 pkt 8, dodany zostanie w&nbsp;art. 76 &sect; 2a.<\/span><\/p>\n<p class=\"Omwienie\" style=\"text-align: justify;\"><span style=\"font-family: 'Calibri',sans-serif; font-size: 12pt;\">W ustawie z&nbsp;dnia 29 sierpnia 1997 r. &#8211; Prawo bankowe (Dz. U. z&nbsp;2015 r. poz. 128, z&nbsp;p&oacute;\u017an. zm.) zmianie ulegnie brzmienie art. 48k ust. 2, art. 54 ust. 1, art. 105 ust. 1 pkt 2 lit. \u0142, dodany zostanie art. 112c i&nbsp;art. 112d.<\/span><\/p>\n<p class=\"Omwienie\" style=\"text-align: justify;\"><span style=\"font-family: 'Calibri',sans-serif; font-size: 12pt;\">W ustawie z&nbsp;dnia 17 grudnia 1998 r. o&nbsp;emeryturach i&nbsp;rentach z&nbsp;Funduszu Ubezpiecze\u0144 Spo\u0142ecznych (Dz. U. z&nbsp;2015 r. poz. 748, 1240 i&nbsp;1302) w&nbsp;art. 140 ust. 2.<\/span><\/p>\n<p class=\"Omwienie\" style=\"text-align: justify;\"><span style=\"font-family: 'Calibri',sans-serif; font-size: 12pt;\">W ustawie z&nbsp;dnia 11 kwietnia 2001 r. o&nbsp;rzecznikach patentowych (Dz.&nbsp;U.&nbsp;z&nbsp;2011&nbsp;r.&nbsp;Nr&nbsp;155, poz. 925, z&nbsp;p&oacute;\u017an. zm.) dodany zostanie art. 25a,&nbsp;w&nbsp;art.&nbsp;29&nbsp;ust.&nbsp;7. <\/span><\/p>\n<p class=\"Omwienie\" style=\"text-align: justify;\"><span style=\"font-family: 'Calibri',sans-serif; font-size: 12pt;\">W ustawie z&nbsp;dnia 27 lipca 2001 r. &#8211; Prawo o&nbsp;ustroju s\u0105d&oacute;w powszechnych (Dz.&nbsp;U.&nbsp;z&nbsp;2015&nbsp;r. poz. 133, z&nbsp;p&oacute;\u017an. zm.) dodany zostanie art. 53a i&nbsp;art. 53b.<\/span><\/p>\n<p class=\"Omwienie\" style=\"text-align: justify;\"><span style=\"font-family: 'Calibri',sans-serif; font-size: 12pt;\">W ustawie z&nbsp;dnia 5 lipca 2002 r. o&nbsp;\u015bwiadczeniu przez prawnik&oacute;w zagranicznych pomocy prawnej w&nbsp;Rzeczypospolitej Polskiej (Dz. U. z&nbsp;2014 r. poz. 134) uchylony zostanie w&nbsp;art.&nbsp;4 ust. 3, w&nbsp;art. 39 dodany zostanie ust. 3. <\/span><\/p>\n<p class=\"Omwienie\" style=\"text-align: justify;\"><span style=\"font-family: 'Calibri',sans-serif; font-size: 12pt;\">W ustawie z&nbsp;dnia 30 sierpnia 2002 r. &#8211; Prawo o&nbsp;post\u0119powaniu przed s\u0105dami administracyjnymi (Dz. U. z&nbsp;2012 r. poz. 270, z&nbsp;p&oacute;\u017an. zm.) zmianie ulegnie brzmienie art. 83 &sect; 3, art. 299.<\/span><\/p>\n<p class=\"Omwienie\" style=\"text-align: justify;\"><span style=\"font-family: 'Calibri',sans-serif; font-size: 12pt;\">W ustawie z&nbsp;dnia 8 lipca 2005 r. o&nbsp;Prokuratorii Generalnej Skarbu Pa\u0144stwa (Dz.&nbsp;U.&nbsp;z&nbsp;2013&nbsp;r. poz. 1150, z&nbsp;p&oacute;\u017an. zm.) dodany zostanie art. 19a.<\/span><\/p>\n<p class=\"Omwienie\" style=\"text-align: justify;\"><span style=\"font-family: 'Calibri',sans-serif; font-size: 12pt;\">W ustawie z&nbsp;dnia 5 listopada 2009 r. o&nbsp;sp&oacute;\u0142dzielczych kasach oszcz\u0119dno\u015bciowo-kredytowych (Dz. U. z&nbsp;2013 r. poz. 1450 oraz z&nbsp;2015 r. poz. 978 i&nbsp;1259) dodany&nbsp;zostanie&nbsp;art. 28.<\/span><\/p>\n<p class=\"Omwienie\" style=\"text-align: justify;\"><span style=\"font-family: 'Calibri',sans-serif; font-size: 12pt;\">W ustawie z&nbsp;dnia 10 stycznia 2014 r. o&nbsp;zmianie ustawy o&nbsp;informatyzacji dzia\u0142alno\u015bci podmiot&oacute;w realizuj\u0105cych zadania publiczne oraz niekt&oacute;rych innych ustaw (Dz.&nbsp;U.&nbsp;poz.&nbsp;183) zmianie ulegnie brzmienie art. 4 pkt 18.<\/span><\/p>\n<p class=\"Omwienie\" style=\"text-align: justify;\"><span style=\"font-family: 'Calibri',sans-serif; font-size: 12pt;\">W ustawie z&nbsp;dnia 15 stycznia 2015 r. o&nbsp;zmianie ustawy &#8211; Kodeks post\u0119powania cywilnego oraz niekt&oacute;rych innych ustaw (Dz. U. poz. 218) zmianie ulegnie brzmienie art. 1 pkt 19, art. 13, uchylony zostanie art. 5.<\/span><\/p>\n<p class=\"Dziedzinaprawa\" style=\"text-align: justify;\"><span style=\"font-size: 12pt;\"><\/span><\/p>\n<p>&nbsp;<\/p>\n<p class=\"Dziedzinaprawa\" style=\"text-align: justify;\"><span style=\"font-size: 12pt;\"><strong><span style=\"font-family: 'Calibri',sans-serif;\">POST\u0118POWANIE PRZED S\u0104DAMI ADMINISTRACYJNYMI<\/span><\/strong><\/span><\/p>\n<p class=\"Tekstpraswki0\" style=\"text-align: justify;\"><span style=\"font-size: 12pt;\"><strong><span style=\"font-family: 'Calibri',sans-serif;\">Rozporz\u0105dzenie <\/span><\/strong><span style=\"font-family: 'Calibri',sans-serif;\">Rady Ministr&oacute;w<\/span><span style=\"font-family: 'Calibri',sans-serif;\">z dnia 19 sierpnia 2015 r.<\/span><span style=\"font-family: 'Calibri',sans-serif;\">w sprawie okre\u015blenia wzoru i<\/span><span style=\"font-family: 'Calibri',sans-serif;\">sposobu udost\u0119pniania urz\u0119dowego formularza wniosku o&nbsp;przyznanie prawa pomocy w<\/span><span style=\"font-family: 'Calibri',sans-serif;\">post\u0119powaniu przed s\u0105dami administracyjnymi oraz sposobu dokumentowania stanu maj\u0105tkowego, dochod&oacute;w lub stanu rodzinnego wnioskodawcy<\/span><span style=\"font-family: 'Calibri',sans-serif;\"> (Dz. U. z&nbsp;2015 r., poz.&nbsp;1257) <strong>&ndash; wejdzie w&nbsp;\u017cycie z&nbsp;dniem 29 sierpnia 2015 r. <\/strong><\/span><\/span><\/p>\n<p>&nbsp;<\/p>\n<p>&nbsp;<\/p>\n<p class=\"Dziedzinaprawa\" style=\"text-align: justify;\"><span style=\"font-size: 12pt;\"><strong><span style=\"font-family: 'Calibri',sans-serif;\">POST\u0118POWANIE EGZEKUCYJNE W&nbsp;ADMINISTRACJI<\/span><\/strong><\/span><\/p>\n<p class=\"Tekstpraswki0\" style=\"text-align: justify;\"><span style=\"font-size: 12pt;\"><strong><span style=\"font-family: 'Calibri',sans-serif;\">Rozporz\u0105dzenie <\/span><\/strong><span style=\"font-family: 'Calibri',sans-serif;\">Ministra Finans&oacute;w<\/span><span style=\"font-family: 'Calibri',sans-serif;\">z dnia 29 lipca 2015 r. w&nbsp;sprawie trybu zawiadamiania przez bank o&nbsp;zaj\u0119ciu wierzytelno\u015bci z&nbsp;rachunku bankowego <\/span><span style=\"font-family: 'Calibri',sans-serif;\">(<\/span><span style=\"font-family: 'Calibri',sans-serif;\">Dz.<\/span><span style=\"font-family: 'Calibri',sans-serif;\">U.<\/span><span style=\"font-family: 'Calibri',sans-serif;\">&nbsp;z&nbsp;<\/span><span style=\"font-family: 'Calibri',sans-serif;\">2015<\/span><span style=\"font-family: 'Calibri',sans-serif;\">&nbsp;r<\/span><span style=\"font-family: 'Calibri',sans-serif;\">.<\/span><span style=\"font-family: 'Calibri',sans-serif;\">, poz. <\/span><span style=\"font-family: 'Calibri',sans-serif;\">1278<\/span><span style=\"font-family: 'Calibri',sans-serif;\">) <strong>&ndash; wesz\u0142o w&nbsp;\u017cycie z&nbsp;dniem 16 wrze\u015bnia 2015 r. <\/strong><\/span><\/span><\/p>\n<p>&nbsp;<\/p>\n<p class=\"Dziedzinaprawa\" style=\"text-align: justify;\"><span style=\"font-size: 12pt;\"><\/span><\/p>\n<p class=\"Dziedzinaprawa\" style=\"text-align: justify;\"><span style=\"font-size: 12pt;\"><strong><span style=\"font-family: 'Calibri',sans-serif;\">ADMINISTRACJA PODATKOWA<\/span><\/strong><\/span><\/p>\n<p class=\"Tekstpraswki0\" style=\"text-align: justify;\"><span style=\"font-size: 12pt;\"><strong><span style=\"font-family: 'Calibri',sans-serif;\">U<\/span><\/strong><strong><span style=\"font-family: 'Calibri',sans-serif;\">stawa <\/span><\/strong><span style=\"font-family: 'Calibri',sans-serif;\">z dnia 10 lipca 2015 r.<\/span><span style=\"font-family: 'Calibri',sans-serif;\">o administracji podatkowej<\/span><span style=\"font-family: 'Calibri',sans-serif;\"> (Dz. U. z&nbsp;2015 r., poz. 1269) <strong>&ndash; wejdzie w&nbsp;\u017cycie z&nbsp;dniem 1 stycznia 2016 r., z&nbsp;wyj\u0105tkiem:<\/strong><\/span><\/span><\/p>\n<p class=\"Tekstpraswki0\" style=\"text-align: justify;\"><span style=\"font-size: 12pt;\"><strong><span style=\"font-family: 'Calibri',sans-serif;\">1) art. 13, kt&oacute;ry wchodzi w&nbsp;\u017cycie z&nbsp;dniem 1 kwietnia 2016 r.;<\/span><\/strong><\/span><\/p>\n<p class=\"Tekstpraswki0\" style=\"text-align: justify;\"><span style=\"font-size: 12pt;\"><strong><span style=\"font-family: 'Calibri',sans-serif;\">2) art. 14 ust. 7 i&nbsp;8, art. 15, art. 18, art. 40, art. 47, art. 52, art. 54, art. 66 oraz&nbsp;art. 74 ust. 3-5, kt&oacute;re wchodz\u0105 w&nbsp;\u017cycie z&nbsp;dniem 1 wrze\u015bnia 2015 r.<\/span><\/strong><\/span><\/p>\n<p class=\"Tekstpraswki0\" style=\"text-align: justify;\"><span style=\"font-size: 12pt;\"><strong><span style=\"font-family: 'Calibri',sans-serif;\">3) art. 57 ust. 2-4, kt&oacute;ry wchodzi w&nbsp;\u017cycie z&nbsp;dniem 1 wrze\u015bnia 2015 r.<\/span><\/strong><\/span><\/p>\n<p class=\"Dziedzinaprawa\" style=\"text-align: justify;\"><span style=\"font-size: 12pt;\"><\/span><\/p>\n<p>&nbsp;<\/p>\n<p class=\"Dziedzinaprawa\" style=\"text-align: justify;\"><span style=\"font-size: 12pt;\"><strong><span style=\"font-family: 'Calibri',sans-serif;\">PRAWO PRACY I&nbsp;UBEZPIECZE\u0143 SPO\u0141ECZNYCH<\/span><\/strong><\/span><\/p>\n<p class=\"Tekstpraswki0\" style=\"text-align: justify;\"><span style=\"font-size: 12pt;\"><strong><span style=\"font-family: 'Calibri',sans-serif;\">U<\/span><\/strong><strong><span style=\"font-family: 'Calibri',sans-serif;\">stawa <\/span><\/strong><span style=\"font-family: 'Calibri',sans-serif;\">z dnia 24 lipca 2015 r.<\/span><span style=\"font-family: 'Calibri',sans-serif;\">o zmianie ustawy &#8211; Kodeks pracy oraz niekt&oacute;rych innych ustaw<\/span><span style=\"font-family: 'Calibri',sans-serif;\"> (Dz. U. z&nbsp;2015 r., poz. 1268) <strong>&ndash; wejdzie w&nbsp;\u017cycie z&nbsp;dniem 2 stycznia 2016 r., z&nbsp;wyj\u0105tkiem art. 1 pkt 6, kt&oacute;ry wchodzi w&nbsp;\u017cycie z&nbsp;dniem 1 marca 2016 r.<\/strong><\/span><\/span><\/p>\n<p class=\"Omwienie\" style=\"text-align: justify;\"><span style=\"font-size: 12pt;\"><span style=\"font-family: 'Calibri',sans-serif;\">W ustawie z&nbsp;dnia 26 czerwca 1974 r. &#8211; Kodeks pracy (Dz. U. z&nbsp;2014 r. poz. 1502, z&nbsp;p&oacute;\u017an. zm.) <\/span><span style=\"font-family: 'Calibri',sans-serif;\">zmianie ulegnie brzmienie art. 179<sup>1<\/sup>, art. 180, art. 180<sup>1<\/sup> &sect; 2, art. 182, art. 182<sup>1a<\/sup>, art.&nbsp;182<sup>3<\/sup>, art. 182<sup>4<\/sup>, art. 183, art. 183<sup>2<\/sup>, art. 184, art. 186, art. 186<sup>7<\/sup> &sect; 2, art. 186<sup>8<\/sup>, art.&nbsp;188, art. 189<sup>1<\/sup>, dodany zostanie w&nbsp;dziale &oacute;smym art. 175<sup>1<\/sup>, art. 182 <sup>1b-1f<\/sup>, art. 186<sup>8a<\/sup>, uchylony zostanie art. 179<sup>2<\/sup> &ndash; 179<sup>5<\/sup>, art. 182<sup>1<\/sup>, art. 186<sup>1<\/sup>, w&nbsp;art. 186<sup>2<\/sup> &sect; 3, art. 186<sup>6<\/sup>.<\/span><\/span><\/p>\n<p class=\"Omwienie\" style=\"text-align: justify;\"><span style=\"font-family: 'Calibri',sans-serif; font-size: 12pt;\">W ustawie z&nbsp;dnia 26 stycznia 1982 r. &#8211; Karta Nauczyciela (Dz. U. z&nbsp;2014 r. poz. 191 i&nbsp;1198 oraz z&nbsp;2015 r. poz. 357) zmianie ulegnie brzmienie art. 66 ust. 1.<\/span><\/p>\n<p class=\"Omwienie\" style=\"text-align: justify;\"><span style=\"font-family: 'Calibri',sans-serif; font-size: 12pt;\">W ustawie z&nbsp;dnia 6 kwietnia 1990 r. o&nbsp;Policji (Dz. U. z&nbsp;2015 r. poz. 355, z&nbsp;p&oacute;\u017an. zm.) zmianie ulegnie brzmienie art. 44, art. 79a, art. 110 ust. 4 pkt 1, art. 121a.<\/span><\/p>\n<p class=\"Omwienie\" style=\"text-align: justify;\"><span style=\"font-family: 'Calibri',sans-serif; font-size: 12pt;\">W ustawie z&nbsp;dnia 12 pa\u017adziernika 1990 r. o&nbsp;Stra\u017cy Granicznej (Dz. U. z&nbsp;2014 r. poz.&nbsp;1402, z&nbsp;p&oacute;\u017an. zm.) zmianie ulegnie brzmienie art. 48, art. 83a, art. 125a.<\/span><\/p>\n<p class=\"Omwienie\" style=\"text-align: justify;\"><span style=\"font-family: 'Calibri',sans-serif; font-size: 12pt;\">W ustawie z&nbsp;dnia 20 grudnia 1990 r. o&nbsp;ubezpieczeniu spo\u0142ecznym rolnik&oacute;w (Dz.&nbsp;U.&nbsp;z&nbsp;2015&nbsp;r. poz. 704, 1066 i&nbsp;1217) zmianie ulegnie brzmienie art. 35a w&nbsp;ust. 6 pkt 1.<\/span><\/p>\n<p class=\"Omwienie\" style=\"text-align: justify;\"><span style=\"font-family: 'Calibri',sans-serif; font-size: 12pt;\">W ustawie z&nbsp;dnia 24 sierpnia 1991 r. o&nbsp;Pa\u0144stwowej Stra\u017cy Po\u017carnej (Dz. U. z&nbsp;2013 r. poz. 1340, z&nbsp;p&oacute;\u017an. zm.) zmianie ulegnie brzmienie art. 46, art. 69 ust. 2, art. 69a, art.&nbsp;71b&nbsp;ust. 1 pkt 3, art. 95 ust. 5 pkt 1, art. 105a.<\/span><\/p>\n<p class=\"Omwienie\" style=\"text-align: justify;\"><span style=\"font-family: 'Calibri',sans-serif; font-size: 12pt;\">W ustawie z&nbsp;dnia 18 lutego 1994 r. o&nbsp;zaopatrzeniu emerytalnym funkcjonariuszy Policji, Agencji Bezpiecze\u0144stwa Wewn\u0119trznego, Agencji Wywiadu, S\u0142u\u017cby Kontrwywiadu Wojskowego, S\u0142u\u017cby Wywiadu Wojskowego, Centralnego Biura Antykorupcyjnego, Stra\u017cy Granicznej, Biura Ochrony Rz\u0105du, Pa\u0144stwowej Stra\u017cy Po\u017carnej i&nbsp;S\u0142u\u017cby Wi\u0119ziennej oraz ich rodzin (Dz. U. z&nbsp;2015 r. poz. 900) zmianie ulegnie brzmienie art. 5 ust. 4.<\/span><\/p>\n<p class=\"Omwienie\" style=\"text-align: justify;\"><span style=\"font-family: 'Calibri',sans-serif; font-size: 12pt;\">W ustawie z&nbsp;dnia 12 grudnia 1997 r. o&nbsp;dodatkowym wynagrodzeniu rocznym dla&nbsp;pracownik&oacute;w jednostek sfery bud\u017cetowej (Dz. U. z&nbsp;2013 r. poz. 1144) zmianie&nbsp;ulegnie brzmienie art. 2 w&nbsp;ust. 3 w&nbsp;pkt 6 uchyla si\u0119 lit. ab i&nbsp;ae.<\/span><\/p>\n<p class=\"Omwienie\" style=\"text-align: justify;\"><span style=\"font-family: 'Calibri',sans-serif; font-size: 12pt;\">W ustawie z&nbsp;dnia 13 pa\u017adziernika 1998 r. o&nbsp;systemie ubezpiecze\u0144 spo\u0142ecznych (Dz.&nbsp;U.&nbsp;z&nbsp;2015 r. poz. 121, z&nbsp;p&oacute;\u017an. zm.) zmianie ulegnie brzmienie art. 4 pkt 17, art.&nbsp;9&nbsp;ust. 6b.<\/span><\/p>\n<p class=\"Omwienie\" style=\"text-align: justify;\"><span style=\"font-family: 'Calibri',sans-serif; font-size: 12pt;\">W ustawie z&nbsp;dnia 25 czerwca 1999 r. o&nbsp;\u015bwiadczeniach pieni\u0119\u017cnych z&nbsp;ubezpieczenia spo\u0142ecznego w&nbsp;razie choroby i&nbsp;macierzy\u0144stwa (Dz. U. z&nbsp;2014 r. poz. 159, z&nbsp;p&oacute;\u017an. zm.) zmianie ulegnie brzmienie art. 29, art. 29a, art. 31, art. 32a ust. 1, dodany zostanie art.&nbsp;30a.<\/span><\/p>\n<p class=\"Omwienie\" style=\"text-align: justify;\"><span style=\"font-family: 'Calibri',sans-serif; font-size: 12pt;\">W ustawie z&nbsp;dnia 16 marca 2001 r. o&nbsp;Biurze Ochrony Rz\u0105du (Dz. U. z&nbsp;2014 r. poz. 170, z&nbsp;p&oacute;\u017an. zm.) zmianie ulegnie brzmienie art. 30b, art. 38, art. 101 ust. 1e pkt 1, art.&nbsp;108a.<\/span><\/p>\n<p class=\"Omwienie\" style=\"text-align: justify;\"><span style=\"font-family: 'Calibri',sans-serif; font-size: 12pt;\">W ustawie z&nbsp;dnia 24 maja 2002 r. o&nbsp;Agencji Bezpiecze\u0144stwa Wewn\u0119trznego oraz Agencji Wywiadu (Dz. U. z&nbsp;2010 r. Nr 29, poz. 154, z&nbsp;p&oacute;\u017an. zm.) zmianie ulegnie brzmienie art.&nbsp;64 ust. 1 i&nbsp;2, art. 136a.<\/span><\/p>\n<p class=\"Omwienie\" style=\"text-align: justify;\"><span style=\"font-family: 'Calibri',sans-serif; font-size: 12pt;\">W ustawie z&nbsp;dnia 13 marca 2003 r. o&nbsp;szczeg&oacute;lnych zasadach rozwi\u0105zywania z&nbsp;pracownikami stosunk&oacute;w pracy z&nbsp;przyczyn niedotycz\u0105cych pracownik&oacute;w (Dz.&nbsp;U.&nbsp;z&nbsp;2015&nbsp;r. poz. 192 i&nbsp;1220) zmianie ulegnie brzmienie art. 5 ust. 5 pkt 1, art. 7. <\/span><\/p>\n<p class=\"Omwienie\" style=\"text-align: justify;\"><span style=\"font-family: 'Calibri',sans-serif; font-size: 12pt;\">W ustawie z&nbsp;dnia 11 wrze\u015bnia 2003 r. o&nbsp;s\u0142u\u017cbie wojskowej \u017co\u0142nierzy zawodowych (Dz.&nbsp;U.&nbsp;z 2014 r. poz. 1414, z&nbsp;p&oacute;\u017an. zm.) zmianie ulegnie brzmienie art. 65 ust. 1, art.&nbsp;90, art. 111a.<\/span><\/p>\n<p class=\"Omwienie\" style=\"text-align: justify;\"><span style=\"font-size: 12pt;\"><span style=\"font-family: 'Calibri',sans-serif;\">W ustawie z&nbsp;dnia 28 listopada 2003 r. o&nbsp;\u015bwiadczeniach rodzinnych (Dz.&nbsp;U.&nbsp;z&nbsp;2015&nbsp;r.&nbsp;poz.&nbsp;114, z&nbsp;p&oacute;\u017an. zm.) zmianie ulegnie brzmienie art. 17c w&nbsp;ust.&nbsp;9&nbsp;<\/span><span style=\"font-family: 'Calibri',sans-serif;\">pkt<\/span><span style=\"font-family: 'Calibri',sans-serif;\">1<\/span><span style=\"font-family: 'Calibri',sans-serif;\">.<\/span><\/span><\/p>\n<p class=\"Omwienie\" style=\"text-align: justify;\"><span style=\"font-family: 'Calibri',sans-serif; font-size: 12pt;\">W ustawie z&nbsp;dnia 20 kwietnia 2004 r. o&nbsp;promocji zatrudnienia i&nbsp;instytucjach rynku pracy (Dz. U. z&nbsp;2015 r. poz. 149, z&nbsp;p&oacute;\u017an. zm.) zmianie ulegnie brzmienie art. 33 ust. 4g, art.&nbsp;104a.<\/span><\/p>\n<p class=\"Omwienie\" style=\"text-align: justify;\"><span style=\"font-family: 'Calibri',sans-serif; font-size: 12pt;\">W ustawie z&nbsp;dnia 2 lipca 2004 r. o&nbsp;swobodzie dzia\u0142alno\u015bci gospodarczej (Dz.&nbsp;U.&nbsp;z&nbsp;2015&nbsp;r.&nbsp;poz. 584, z&nbsp;p&oacute;\u017an. zm.) zmianie ulegnie brzmienie art. 109 ust. 2. <\/span><\/p>\n<p class=\"Omwienie\" style=\"text-align: justify;\"><span style=\"font-family: 'Calibri',sans-serif; font-size: 12pt;\">W ustawie z&nbsp;dnia 27 lipca 2005 r. &#8211; Prawo o&nbsp;szkolnictwie wy\u017cszym (Dz.&nbsp;U.&nbsp;z&nbsp;2012&nbsp;r.&nbsp;poz.&nbsp;572, z&nbsp;p&oacute;\u017an. zm.) zmianie ulegnie brzmienie art. 120 ust. 2 pkt 1, art. 132 ust. 4, art. 151 ust. 1 pkt 7 lit. c, art. 201 ust 1 pkt 1. <\/span><\/p>\n<p class=\"Omwienie\" style=\"text-align: justify;\"><span style=\"font-family: 'Calibri',sans-serif; font-size: 12pt;\">W ustawie z&nbsp;dnia 9 czerwca 2006 r. o&nbsp;s\u0142u\u017cbie funkcjonariuszy S\u0142u\u017cby Kontrwywiadu Wojskowego oraz S\u0142u\u017cby Wywiadu Wojskowego (Dz. U. z&nbsp;2014 r. poz. 1106, z&nbsp;p&oacute;\u017an. zm.) zmianie ulegnie brzmienie art. 23 ust. 1 i&nbsp;2, art. 96a.<\/span><\/p>\n<p class=\"Omwienie\" style=\"text-align: justify;\"><span style=\"font-family: 'Calibri',sans-serif; font-size: 12pt;\">W ustawie z&nbsp;dnia 9 czerwca 2006 r. o&nbsp;Centralnym Biurze Antykorupcyjnym (Dz.&nbsp;U.&nbsp;z&nbsp;2014 r. poz. 1411, z&nbsp;p&oacute;\u017an. zm.) zmianie ulegnie brzmienie art. 68 ust. 1 i&nbsp;2, art. 102a.<\/span><\/p>\n<p class=\"Omwienie\" style=\"text-align: justify;\"><span style=\"font-family: 'Calibri',sans-serif; font-size: 12pt;\">W ustawie z&nbsp;dnia 13 lipca 2006 r. o&nbsp;ochronie roszcze\u0144 pracowniczych w&nbsp;razie niewyp\u0142acalno\u015bci pracodawcy (Dz. U. z&nbsp;2014 r. poz. 272, z&nbsp;p&oacute;\u017an. zm.) zmianie&nbsp;ulegnie&nbsp;brzmienie art. 9a.<\/span><\/p>\n<p class=\"Omwienie\" style=\"text-align: justify;\"><span style=\"font-family: 'Calibri',sans-serif; font-size: 12pt;\">W ustawie z&nbsp;dnia 27 sierpnia 2009 r. o&nbsp;S\u0142u\u017cbie Celnej (Dz. U. z&nbsp;2015 r. poz. 990, 1045 i&nbsp;1217) zmianie ulegnie brzmienie art. 105a, art. 137a, art. 152a.<\/span><\/p>\n<p class=\"Omwienie\" style=\"text-align: justify;\"><span style=\"font-family: 'Calibri',sans-serif; font-size: 12pt;\">W ustawie z&nbsp;dnia 9 kwietnia 2010 r. o&nbsp;S\u0142u\u017cbie Wi\u0119ziennej (Dz. U. z&nbsp;2014 r. poz. 1415, z&nbsp;p&oacute;\u017an. zm.) zmianie ulegnie brzmienie art. 60a, art. 60b, art. 89 ust. 3 pkt 3, art. 108 ust. 1, art. 143 ust. 1 pkt 3, art. 196 ust. 3 pkt 1.<\/span><\/p>\n<p class=\"Omwienie\" style=\"text-align: justify;\"><span style=\"font-family: 'Calibri',sans-serif; font-size: 12pt;\">W ustawie z&nbsp;dnia 30 kwietnia 2010 r. o&nbsp;Narodowym Centrum Nauki (Dz.&nbsp;U.&nbsp;z&nbsp;2015&nbsp;r.&nbsp;poz.&nbsp;839) zmianie ulegnie brzmienie art. 2 pkt 3.<\/span><\/p>\n<p class=\"Omwienie\" style=\"text-align: justify;\"><span style=\"font-family: 'Calibri',sans-serif; font-size: 12pt;\">W ustawie z&nbsp;dnia 30 kwietnia 2010 r. o&nbsp;Polskiej Akademii Nauk (Dz.&nbsp;U.&nbsp;z&nbsp;2015&nbsp;r.&nbsp;poz.&nbsp;1082) zmianie ulegnie brzmienie art. 92 ust. 2.<\/span><\/p>\n<p class=\"Omwienie\" style=\"text-align: justify;\"><span style=\"font-family: 'Calibri',sans-serif; font-size: 12pt;\">W ustawie z&nbsp;dnia 30 kwietnia 2010 r. o&nbsp;zasadach finansowania nauki (Dz.&nbsp;U.&nbsp;z&nbsp;2014&nbsp;r.&nbsp;poz. 1620 oraz z&nbsp;2015 r. poz. 249) zmianie ulegnie brzmienie art. 2 pkt 19, art. 28a ust. 2.<\/span><\/p>\n<p class=\"Omwienie\" style=\"text-align: justify;\"><span style=\"font-family: 'Calibri',sans-serif; font-size: 12pt;\">W ustawie z&nbsp;dnia 3 grudnia 2010 r. o&nbsp;wdro\u017ceniu niekt&oacute;rych przepis&oacute;w Unii Europejskiej w&nbsp;zakresie r&oacute;wnego traktowania (Dz. U. Nr 254, poz. 1700 oraz z&nbsp;2013 r. poz. 675) zmianie ulegnie brzmienie art. 12 ust. 1. <\/span><\/p>\n<p class=\"Tekstpraswki0\" style=\"text-align: justify;\"><span style=\"font-size: 12pt;\"><strong><span style=\"font-family: 'Calibri',sans-serif;\">Rozporz\u0105dzenie <\/span><\/strong><span style=\"font-family: 'Calibri',sans-serif;\">Rady Ministr&oacute;w<\/span><span style=\"font-family: 'Calibri',sans-serif;\">z dnia 11 wrze\u015bnia 2015 r.<\/span><span style=\"font-family: 'Calibri',sans-serif;\">w sprawie wysoko\u015bci minimalnego wynagrodzenia za prac\u0119 w&nbsp;2016 r.<\/span><span style=\"font-family: 'Calibri',sans-serif;\"> (Dz. U. z&nbsp;2015 r., poz. 1385) <strong>&ndash; wejdzie&nbsp;w \u017cycie z&nbsp;dniem 1 stycznia 2016 r.<\/strong><\/span><\/span><\/p>\n<p class=\"Tekstpraswki0\" style=\"text-align: justify;\"><span style=\"font-size: 12pt;\"><strong><span style=\"font-family: 'Calibri',sans-serif;\">U<\/span><\/strong><strong><span style=\"font-family: 'Calibri',sans-serif;\">stawa <\/span><\/strong><span style=\"font-family: 'Calibri',sans-serif;\">z dnia 24 lipca 2015 r.<\/span><span style=\"font-family: 'Calibri',sans-serif;\">o zmianie ustawy o&nbsp;pomocy osobom uprawnionym do<\/span><span style=\"font-family: 'Calibri',sans-serif;\">aliment&oacute;w, ustawy o&nbsp;emeryturach i&nbsp;rentach z&nbsp;Funduszu Ubezpiecze\u0144 Spo\u0142ecznych oraz ustawy o&nbsp;\u015bwiadczeniach rodzinnych<\/span><span style=\"font-family: 'Calibri',sans-serif;\"> (Dz. U. z&nbsp;2015 r., poz. 1302) <strong>&ndash; wchodzi&nbsp;w&nbsp;\u017cycie&nbsp;z&nbsp;dniem 18 wrze\u015bnia 2015 r., z&nbsp;wyj\u0105tkiem:<\/strong><\/span><\/span><\/p>\n<p class=\"Tekstpraswki0\" style=\"text-align: justify;\"><span style=\"font-size: 12pt;\"><strong><span style=\"font-family: 'Calibri',sans-serif;\">1) art. 1 pkt 1 lit. c i&nbsp;d, art. 3 pkt 1 i&nbsp;art. 4, kt&oacute;re wchodz\u0105 w&nbsp;\u017cycie z&nbsp;dniem 3&nbsp;wrze\u015bnia 2015 r., <\/span><\/strong><\/span><\/p>\n<p class=\"Tekstpraswki0\" style=\"text-align: justify;\"><span style=\"font-size: 12pt;\"><strong><span style=\"font-family: 'Calibri',sans-serif;\">2) art. 2 i&nbsp;art. 3 pkt 2, kt&oacute;re wchodz\u0105 w&nbsp;\u017cycie z&nbsp;dniem 6 marca 2015 r. <\/span><\/strong><\/span><\/p>\n<p class=\"Omwienie\" style=\"text-align: justify;\"><span style=\"font-size: 12pt;\"><span style=\"font-family: 'Calibri',sans-serif;\">W ustawie z&nbsp;dnia 7 wrze\u015bnia 2007 r. o&nbsp;pomocy osobom uprawnionym do aliment&oacute;w (Dz.<\/span><span style=\"font-family: 'Calibri',sans-serif;\">U. z&nbsp;2015 r. poz. 859 i&nbsp;1217)<\/span><span style=\"font-family: 'Calibri',sans-serif;\"> zmianie ulegnie brzmienie art. 2, art. 23, art. 24 ust.&nbsp;1, art. 27, art. 28, art. 31 ust. 4, dodany zostanie art. 5a, art. 23a.<\/span><\/span><\/p>\n<p class=\"Omwienie\" style=\"text-align: justify;\"><span style=\"font-family: 'Calibri',sans-serif; font-size: 12pt;\">W ustawie z&nbsp;dnia 17 grudnia 1998 r. o&nbsp;emeryturach i&nbsp;rentach z&nbsp;Funduszu Ubezpiecze\u0144 Spo\u0142ecznych (Dz. U. z&nbsp;2015 r. poz. 748 i&nbsp;1240) zmianie ulegnie brzmienie art. 139 w&nbsp;ust.&nbsp;1 pkt 6.<\/span><\/p>\n<p class=\"Omwienie\" style=\"text-align: justify;\"><span style=\"font-family: 'Calibri',sans-serif; font-size: 12pt;\">W ustawie z&nbsp;dnia 28 listopada 2003 r. o&nbsp;\u015bwiadczeniach rodzinnych (Dz. U. z&nbsp;2015 r. poz. 114, z&nbsp;p&oacute;\u017an. zm.) zmianie ulegnie brzmienie art. 3, art. 23a ust. 1 i&nbsp;2, art. 30, art.&nbsp;32&nbsp;ust. 1, dodany zostanie w&nbsp;art. 16 ust. 7 i&nbsp;8, art. 30a.<\/span><\/p>\n<p>&nbsp;<\/p>\n<p class=\"Dziedzinaprawa\" style=\"text-align: justify;\"><span style=\"font-size: 12pt;\"><\/span><\/p>\n<p class=\"Dziedzinaprawa\" style=\"text-align: justify;\"><span style=\"font-size: 12pt;\"><strong><span style=\"font-family: 'Calibri',sans-serif;\">\u015aWIADCZENIA RODZINNE ORAZ OPIEKI ZDROWOTNEJ<\/span><\/strong><\/span><\/p>\n<p class=\"Tekstpraswki0\" style=\"text-align: justify;\"><span style=\"font-size: 12pt;\"><strong><span style=\"font-family: 'Calibri',sans-serif;\">U<\/span><\/strong><strong><span style=\"font-family: 'Calibri',sans-serif;\">stawa <\/span><\/strong><span style=\"font-family: 'Calibri',sans-serif;\">z dnia 24 lipca 2015 r.<\/span><span style=\"font-family: 'Calibri',sans-serif;\">o zmianie ustawy o&nbsp;\u015bwiadczeniach opieki zdrowotnej finansowanych ze \u015brodk&oacute;w publicznych oraz ustawy o&nbsp;zapobieganiu oraz zwalczaniu zaka\u017ce\u0144 i&nbsp;chor&oacute;b zaka\u017anych u&nbsp;ludzi<\/span><span style=\"font-family: 'Calibri',sans-serif;\"> (Dz. U. z&nbsp;2015 r., poz. 1365) <strong>&ndash; wejdzie&nbsp;w&nbsp;\u017cycie&nbsp;z&nbsp;dniem z&nbsp;dniem 1 stycznia 2017 r., z&nbsp;wyj\u0105tkiem:<\/strong><\/span><\/span><\/p>\n<p class=\"Tekstpraswki0\" style=\"text-align: justify;\"><span style=\"font-size: 12pt;\"><strong><span style=\"font-family: 'Calibri',sans-serif;\">1) art. 1 pkt 1-3, kt&oacute;re wchodz\u0105 w&nbsp;\u017cycie z&nbsp;dniem 26 wrze\u015bnia 2015 r. <\/span><\/strong><\/span><\/p>\n<p class=\"Tekstpraswki0\" style=\"text-align: justify;\"><span style=\"font-size: 12pt;\"><strong><span style=\"font-family: 'Calibri',sans-serif;\">2) art. 2 pkt 1 i&nbsp;art. 3, kt&oacute;re wchodz\u0105 w&nbsp;\u017cycie z&nbsp;dniem 1 stycznia 2016 r.<\/span><\/strong><\/span><\/p>\n<p class=\"Omwienie\" style=\"text-align: justify;\"><span style=\"font-size: 12pt;\"><span style=\"font-family: 'Calibri',sans-serif;\">W ustawie z&nbsp;dnia 27 sierpnia 2004 r. o&nbsp;\u015bwiadczeniach opieki zdrowotnej finansowanych ze \u015brodk&oacute;w publicznych (Dz. U. z&nbsp;2015 r. poz. 581, 1240 i&nbsp;1269)<\/span><span style=\"font-family: 'Calibri',sans-serif;\"> dodany zostanie art. 31 ca, w&nbsp;art. 117 w&nbsp;ust. 1 dodaje si\u0119 pkt 3\u0430, art. 118 w&nbsp;ust. 2 w&nbsp;pkt 1 w&nbsp;lit. d \u015brednik zast\u0119puje si\u0119 przecinkiem i&nbsp;dodaje si\u0119 lit. e, w&nbsp;art. 31o w&nbsp;ust. 2 w&nbsp;pkt 5 w&nbsp;lit. a&nbsp;wyrazy&nbsp;&#8220;art. 25 pkt 9 lit. c oraz art. 26 pkt 2 lit. f&#8221; zast\u0119puje si\u0119 wyrazami &#8220;art. 25 pkt 14 lit. c oraz art. 26 pkt 2 lit. h oraz i&#8221;, w&nbsp;art. 64 w&nbsp;ust. 5b wyrazy &#8220;art. 5a&#8221; zast\u0119puje&nbsp;si\u0119&nbsp;wyrazami &#8220;ust. 5a&#8221;, zmianie ulegnie brzmienie art. 97.<\/span><\/span><\/p>\n<p class=\"Omwienie\" style=\"text-align: justify;\"><span style=\"font-family: 'Calibri',sans-serif; font-size: 12pt;\">W ustawie z&nbsp;dnia 5 grudnia 2008 r. o&nbsp;zapobieganiu oraz zwalczaniu zaka\u017ce\u0144 i&nbsp;chor&oacute;b&nbsp;zaka\u017anych u&nbsp;ludzi (Dz. U. z&nbsp;2013 r. poz. 947 oraz z&nbsp;2014 r. poz. 619 i&nbsp;1138) zmianie ulegnie nast\u0119puj\u0105ce brzmienie art. 17 ust. 11, art. 18, dodany zostanie art. 18a.<\/span><\/p>\n<p class=\"Tekstpraswki0\" style=\"text-align: justify;\"><span style=\"font-size: 12pt;\"><strong><span style=\"font-family: 'Calibri',sans-serif;\">Rozporz\u0105dzenie <\/span><\/strong><span style=\"font-family: 'Calibri',sans-serif;\">Ministra Zdrowia<\/span><span style=\"font-family: 'Calibri',sans-serif;\">z dnia 8 wrze\u015bnia 2015 r.<\/span><span style=\"font-family: 'Calibri',sans-serif;\">w sprawie og&oacute;lnych warunk&oacute;w um&oacute;w o&nbsp;udzielanie \u015bwiadcze\u0144 opieki zdrowotnej<\/span><span style=\"font-family: 'Calibri',sans-serif;\"> (Dz. U. z&nbsp;2015 r., poz. 1400) <strong>&#8211; wchodzi w&nbsp;\u017cycie z&nbsp;dniem 1 stycznia 2016 r., z&nbsp;wyj\u0105tkiem:<\/strong><\/span><\/span><\/p>\n<p class=\"Tekstpraswki0\" style=\"text-align: justify;\"><span style=\"font-size: 12pt;\"><strong><span style=\"font-family: 'Calibri',sans-serif;\">1) &sect; 2, kt&oacute;ry wchodzi w&nbsp;\u017cycie z&nbsp;dniem 16 wrze\u015bnia 2015 r., <\/span><\/strong><\/span><\/p>\n<p class=\"Tekstpraswki0\" style=\"text-align: justify;\"><span style=\"font-size: 12pt;\"><strong><span style=\"font-family: 'Calibri',sans-serif;\">2) 2&sect; 13 ust. 5 za\u0142\u0105cznika do rozporz\u0105dzenia, kt&oacute;ry wchodzi w&nbsp;\u017cycie z&nbsp;dniem 30&nbsp;wrze\u015bnia 2015 r. <\/span><\/strong><\/span><\/p>\n<p class=\"Tekstpraswki0\" style=\"text-align: justify;\"><span style=\"font-size: 12pt;\"><strong><span style=\"font-family: 'Calibri',sans-serif;\">Rozporz\u0105dzenie <\/span><\/strong><span style=\"font-family: 'Calibri',sans-serif;\">Rady Ministr&oacute;w z&nbsp;dnia 7 sierpnia 2015 r. w&nbsp;sprawie wysoko\u015bci dochodu rodziny albo dochodu osoby ucz\u0105cej si\u0119 stanowi\u0105cych podstaw\u0119 ubiegania si\u0119 o&nbsp;zasi\u0142ek rodzinny i&nbsp;specjalny zasi\u0142ek opieku\u0144czy, wysoko\u015bci \u015bwiadcze\u0144 rodzinnych oraz wysoko\u015bci zasi\u0142ku dla opiekuna<\/span><span style=\"font-family: 'Calibri',sans-serif;\"> (Dz. U. z&nbsp;2015 r., poz. 1238) <strong>&ndash; wesz\u0142o w&nbsp;\u017cycie z&nbsp;dniem 11&nbsp;wrze\u015bnia 2015 r. <\/strong><\/span><\/span><\/p>\n<p>&nbsp;<\/p>\n<p class=\"Dziedzinaprawa\" style=\"text-align: justify;\"><span style=\"font-size: 12pt;\"><\/span><\/p>\n<p class=\"Dziedzinaprawa\" style=\"text-align: justify;\"><span style=\"font-size: 12pt;\"><strong><span style=\"font-family: 'Calibri',sans-serif;\">PRAWO ENERGETYCZNE<\/span><\/strong><\/span><\/p>\n<p class=\"Tekstpraswki0\" style=\"text-align: justify;\"><span style=\"font-size: 12pt;\"><strong><span style=\"font-family: 'Calibri',sans-serif;\">Rozporz\u0105dzenie <\/span><\/strong><span style=\"font-family: 'Calibri',sans-serif;\">Ministra Gospodarki<\/span><span style=\"font-family: 'Calibri',sans-serif;\">z dnia 11 sierpnia 2015 r.<\/span><span style=\"font-family: 'Calibri',sans-serif;\">w sprawie ilo\u015bci i<\/span><span style=\"font-family: 'Calibri',sans-serif;\">warto\u015bci energii elektrycznej wytworzonej w&nbsp;instalacjach odnawialnego \u017ar&oacute;d\u0142a energii o<\/span><span style=\"font-family: 'Calibri',sans-serif;\">\u0142\u0105cznej mocy zainstalowanej elektrycznej nie wi\u0119kszej ni\u017c 1 MW, jaka powinna zosta\u0107 sprzedana w&nbsp;drodze aukcji w&nbsp;2016 r.<\/span><span style=\"font-family: 'Calibri',sans-serif;\"> (Dz. U. z&nbsp;2015 r., poz. 1396) <strong>&ndash; wejdzie w&nbsp;\u017cycie z&nbsp;dniem 1 stycznia 2016 r. <\/strong><\/span><\/span><\/p>\n<p class=\"Tekstpraswki0\" style=\"text-align: justify;\"><span style=\"font-size: 12pt;\"><strong><span style=\"font-family: 'Calibri',sans-serif;\">Rozporz\u0105dzenie <\/span><\/strong><span style=\"font-family: 'Calibri',sans-serif;\">Ministra Infrastruktury I&nbsp;Rozwoju z&nbsp;dnia 24 sierpnia 2015 r. zmieniaj\u0105ce rozporz\u0105dzenie w&nbsp;sprawie szczeg&oacute;\u0142owego sposobu weryfikacji audytu energetycznego i&nbsp;cz\u0119\u015bci audytu remontowego oraz szczeg&oacute;\u0142owych warunk&oacute;w, jakie powinny spe\u0142nia\u0107 podmioty, kt&oacute;rym Bank Gospodarstwa Krajowego mo\u017ce zleca\u0107 wykonanie weryfikacji audyt&oacute;w (Dz. U. z&nbsp;2015 r., poz. 1405) <strong>&ndash; wejdzie w&nbsp;\u017cycie z&nbsp;dniem 1 pa\u017adziernika 2015 r. <\/strong><\/span><\/span><\/p>\n<p class=\"Omwienie\" style=\"text-align: justify;\"><span style=\"font-size: 12pt;\"><span style=\"font-family: 'Calibri',sans-serif;\">W rozporz\u0105dzeniu Ministra Infrastruktury z&nbsp;dnia 17 marca 2009 r. w&nbsp;sprawie szczeg&oacute;\u0142owego sposobu weryfikacji audytu energetycznego i&nbsp;cz\u0119\u015bci audytu remontowego oraz szczeg&oacute;\u0142owych warunk&oacute;w, jakie powinny spe\u0142nia\u0107 podmioty, kt&oacute;rym Bank Gospodarstwa Krajowego mo\u017ce zleca\u0107 wykonanie weryfikacji audyt&oacute;w (Dz.<\/span><span style=\"font-family: 'Calibri',sans-serif;\">U.<\/span><span style=\"font-family: 'Calibri',sans-serif;\">Nr<\/span><span style=\"font-family: 'Calibri',sans-serif;\">43,<\/span><span style=\"font-family: 'Calibri',sans-serif;\">poz.<\/span><span style=\"font-family: 'Calibri',sans-serif;\">347)<\/span><span style=\"font-family: 'Calibri',sans-serif;\"> zmianie ulegnie brzmienie &sect; 3 w&nbsp;ust. 1 pkt 1, &sect; 4 w&nbsp;ust. 1 pkt 4. <\/span><\/span><\/p>\n<p>&nbsp;<\/p>\n<p class=\"Dziedzinaprawa\" style=\"text-align: justify;\"><span style=\"font-size: 12pt;\"><\/span><\/p>\n<p class=\"Dziedzinaprawa\" style=\"text-align: justify;\"><span style=\"font-size: 12pt;\"><strong><span style=\"font-family: 'Calibri',sans-serif;\">SYSTEM MONITOROWANIA I&nbsp;KONTROLOWANIA JAKO\u015aCI PALIW<\/span><\/strong><\/span><\/p>\n<p class=\"Tekstpraswki0\" style=\"text-align: justify;\"><span style=\"font-size: 12pt;\"><strong><span style=\"font-family: 'Calibri',sans-serif;\">U<\/span><\/strong><strong><span style=\"font-family: 'Calibri',sans-serif;\">stawa <\/span><\/strong><span style=\"font-family: 'Calibri',sans-serif;\">z dnia 24 lipca 2015 r.<\/span><span style=\"font-family: 'Calibri',sans-serif;\">o zmianie ustawy o&nbsp;systemie monitorowania i<\/span><span style=\"font-family: 'Calibri',sans-serif;\">kontrolowania jako\u015bci paliw<\/span><span style=\"font-family: 'Calibri',sans-serif;\"> (Dz. U. z&nbsp;2015 r., poz. 1361) <strong>&ndash; wejdzie w&nbsp;\u017cycie z&nbsp;dniem 12 pa\u017adziernika 2015 r. <\/strong><\/span><\/span><\/p>\n<p class=\"Omwienie\" style=\"text-align: justify;\"><span style=\"font-size: 12pt;\"><span style=\"font-family: 'Calibri',sans-serif;\">W ustawie z&nbsp;dnia 25 sierpnia 2006 r. o&nbsp;systemie monitorowania i&nbsp;kontrolowania jako\u015bci paliw (Dz. U. z&nbsp;2014 r. poz. 1728)<\/span><span style=\"font-family: 'Calibri',sans-serif;\"> zmianie ulegnie brzmienie odno\u015bnik nr 1 do tytu\u0142u ustawy, art. 2 ust. 1, art. 3, art. 19a, art. 26a, art. 30g ust. 2 i&nbsp;3, art. 30i ust. 1, w&nbsp;art.&nbsp;16 dodany zostanie ust. 6. <\/span><\/span><\/p>\n<p class=\"Tekstpraswki0\" style=\"text-align: justify;\"><span style=\"font-size: 12pt;\"><strong><span style=\"font-family: 'Calibri',sans-serif;\">Rozporz\u0105dzenie <\/span><\/strong><span style=\"font-family: 'Calibri',sans-serif;\">Ministra Zdrowia<\/span><span style=\"font-family: 'Calibri',sans-serif;\">z dnia 24 lipca 2015 r.<\/span><span style=\"font-family: 'Calibri',sans-serif;\">zmieniaj\u0105ce rozporz\u0105dzenie w<\/span><span style=\"font-family: 'Calibri',sans-serif;\">sprawie substancji chemicznych, ich mieszanin, czynnik&oacute;w lub proces&oacute;w technologicznych o&nbsp;dzia\u0142aniu rakotw&oacute;rczym lub mutagennym w&nbsp;\u015brodowisku pracy<\/span><span style=\"font-family: 'Calibri',sans-serif;\"> (Dz.&nbsp;U.&nbsp;z 2015 r., poz. 1090) <strong>&ndash; wesz\u0142o w&nbsp;\u017cycie z&nbsp;dniem 11 sierpnia 2015 r.<\/strong> <\/span><\/span><\/p>\n<p class=\"Omwienie\" style=\"text-align: justify;\"><span style=\"font-size: 12pt;\"><span style=\"font-family: 'Calibri',sans-serif;\">W rozporz\u0105dzeniu Ministra Zdrowia z&nbsp;dnia 24 lipca 2012 r. w&nbsp;sprawie substancji chemicznych, ich mieszanin, czynnik&oacute;w lub proces&oacute;w technologicznych o&nbsp;dzia\u0142aniu rakotw&oacute;rczym lub mutagennym w&nbsp;\u015brodowisku pracy (Dz. U. poz. 890) <\/span><span style=\"font-family: 'Calibri',sans-serif;\">zmianie uleg\u0142o brzmienie<\/span><span style=\"font-family: 'Calibri',sans-serif;\"> &sect; 2 pkt 1 i&nbsp;2<\/span><span style=\"font-family: 'Calibri',sans-serif;\">.<\/span><\/span><\/p>\n<p>&nbsp;<\/p>\n<p class=\"Dziedzinaprawa\" style=\"text-align: justify;\"><span style=\"font-size: 12pt;\"><\/span><\/p>\n<p class=\"Dziedzinaprawa\" style=\"text-align: justify;\"><span style=\"font-size: 12pt;\"><strong><span style=\"font-family: 'Calibri',sans-serif;\">PRAWO CELNE<\/span><\/strong><\/span><\/p>\n<p class=\"Tekstpraswki0\" style=\"text-align: justify;\"><span style=\"font-size: 12pt;\"><strong><span style=\"font-family: 'Calibri',sans-serif;\">Rozporz\u0105dzenie <\/span><\/strong><span style=\"font-family: 'Calibri',sans-serif;\">Ministra Finans&oacute;w<\/span><span style=\"font-family: 'Calibri',sans-serif;\">z dnia 11 wrze\u015bnia 2015 r.<\/span><span style=\"font-family: 'Calibri',sans-serif;\">w sprawie wzoru formularza wp\u0142aty got&oacute;wkowej oraz polecenia przelewu na rachunek organu celnego<\/span><span style=\"font-family: 'Calibri',sans-serif;\"> (Dz.&nbsp;U. z&nbsp;2015 r., poz. 1411) <strong>&ndash; wejdzie w&nbsp;\u017cycie z&nbsp;dniem 1 pa\u017adziernika 2015 r. <\/strong><\/span><\/span><\/p>\n<p>&nbsp;<\/p>\n<p class=\"Dziedzinaprawa\" style=\"text-align: justify;\"><span style=\"font-size: 12pt;\"><\/span><\/p>\n<p class=\"Dziedzinaprawa\" style=\"text-align: justify;\"><span style=\"font-size: 12pt;\"><strong><span style=\"font-family: 'Calibri',sans-serif;\">PRAWO W\u0141ASNO\u015aCI PRZEMYS\u0141OWEJ<\/span><\/strong><\/span><\/p>\n<p class=\"Tekstpraswki0\" style=\"text-align: justify;\"><span style=\"font-size: 12pt;\"><strong><span style=\"font-family: 'Calibri',sans-serif;\">U<\/span><\/strong><strong><span style=\"font-family: 'Calibri',sans-serif;\">stawa <\/span><\/strong><span style=\"font-family: 'Calibri',sans-serif;\">z dnia 24 lipca 2015 r.<\/span><span style=\"font-family: 'Calibri',sans-serif;\">o zmianie ustawy &#8211; Prawo w\u0142asno\u015bci przemys\u0142owej oraz niekt&oacute;rych innych ustaw<\/span><span style=\"font-family: 'Calibri',sans-serif;\"> (Dz. U. z&nbsp;2015 r., poz. 1266) <strong>&ndash; wejdzie w&nbsp;\u017cycie z&nbsp;dniem 1&nbsp;grudnia 2015 r. <\/strong><\/span><\/span><\/p>\n<p class=\"Omwienie\" style=\"text-align: justify;\"><span style=\"font-size: 12pt;\"><span style=\"font-family: 'Calibri',sans-serif;\">W ustawie z&nbsp;dnia 30 czerwca 2000 r. &#8211; Prawo w\u0142asno\u015bci przemys\u0142owej (Dz. U. z&nbsp;2013 r. poz. 1410)<\/span><span style=\"font-family: 'Calibri',sans-serif;\"> zmianie ulegnie brzmienie art. 3, art. 22, art. 25, art. 28, art. 33 ust. 3, art.&nbsp;38, art. 39 ust. 2 i&nbsp;3, art. 40, art. 42 ust. 2, art. 47, art. 49, art. 57 ust. 1, art.&nbsp;75<sup>4<\/sup>&nbsp;ust. 2, art. 75<sup>8<\/sup>, art. 75<sup>10<\/sup>, art. 89 ust. 1, art. 93<sup>2<\/sup>, art. 102, art. 108, art. 108<sup>1<\/sup>, art. 118 ust. 1, art. 122, art. 131, art. 132, art. 133-135, art. 145 ust. 2, art. 153 ust. 3 i&nbsp;4, art. 156 ust. 1, art. 226, art. 228, art. 231 ust. 1, art. 232 ust. 1, art. 237 ust. 5, art.&nbsp;243 ust. 1 i&nbsp;2, art. 245 ust. 1, art. 251, art. 264, art. 267, art. 268, art. 273 ust. 4 pkt 4, art. 274, art. 280 ust. 2, dodany zostanie w&nbsp;art. 39<sup>1<\/sup> ust. 3, w&nbsp;art. 67 ust. 5, art.&nbsp;117<sup>1<\/sup> &ndash; 117<sup>5<\/sup>, w&nbsp;art. 161 ust. 3, art. 162<sup>1<\/sup>, art. 231<sup>1<\/sup>, w&nbsp;art. 241<sup>1<\/sup> ust. 2<sup>1<\/sup>, art. 242<sup>1<\/sup>, art.&nbsp;253<sup>1<\/sup>, w&nbsp;art. 255 w&nbsp;ust. 1 pkt 3<sup>2<\/sup>, uchylony zostanie w&nbsp;art. 75<sup>5<\/sup> ust. 3, art. 116, w&nbsp;art.&nbsp;266 w&nbsp;ust. 2 pkt 6, w&nbsp;art. 272 ust. 4.<\/span><\/span><\/p>\n<p class=\"Omwienie\" style=\"text-align: justify;\"><span style=\"font-family: 'Calibri',sans-serif; font-size: 12pt;\">W ustawie z&nbsp;dnia 21 grudnia 1978 r. o&nbsp;odznakach i&nbsp;mundurach (Dz. U. Nr 31, poz. 130, z&nbsp;p&oacute;\u017an. zm.) dodany zostanie art. 6a.<\/span><\/p>\n<p class=\"Omwienie\" style=\"text-align: justify;\"><span style=\"font-family: 'Calibri',sans-serif; font-size: 12pt;\">W ustawie z&nbsp;dnia 16 pa\u017adziernika 1992 r. o&nbsp;orderach i&nbsp;odznaczeniach (Dz.&nbsp;U.&nbsp;z&nbsp;2015&nbsp;r.&nbsp;poz. 475) dodany zostanie art. 8a.<\/span><\/p>\n<p class=\"Omwienie\" style=\"text-align: justify;\"><span style=\"font-family: 'Calibri',sans-serif; font-size: 12pt;\">W ustawie z&nbsp;dnia 14 marca 2003 r. o&nbsp;dokonywaniu europejskich zg\u0142osze\u0144 patentowych oraz skutkach patentu europejskiego w&nbsp;Rzeczypospolitej Polskiej (Dz. U. Nr 65, poz. 598 oraz z&nbsp;2007 r. Nr 136, poz. 958) zmianie ulegnie brzmienie art. 3 ust. 2, art. 6 ust. 3.<\/span><\/p>\n<p>&nbsp;<\/p>\n<p class=\"Dziedzinaprawa\" style=\"text-align: justify;\"><span style=\"font-size: 12pt;\"><\/span><\/p>\n<p class=\"Dziedzinaprawa\" style=\"text-align: justify;\"><span style=\"font-size: 12pt;\"><strong><span style=\"font-family: 'Calibri',sans-serif;\">PRAWO O&nbsp;ODPADACH<\/span><\/strong><\/span><\/p>\n<p class=\"Tekstpraswki0\" style=\"text-align: justify;\"><span style=\"font-size: 12pt;\"><strong><span style=\"font-family: 'Calibri',sans-serif;\">Rozporz\u0105dzenie <\/span><\/strong><span style=\"font-family: 'Calibri',sans-serif;\">Ministra Gospodarki<\/span><span style=\"font-family: 'Calibri',sans-serif;\">z dnia 16 lipca 2015 r.<\/span><span style=\"font-family: 'Calibri',sans-serif;\">w sprawie dopuszczania odpad&oacute;w do sk\u0142adowania na sk\u0142adowiskach<\/span><span style=\"font-family: 'Calibri',sans-serif;\"> (Dz. U. z&nbsp;2015 r., poz. 1277) <strong>&ndash;wejdzie&nbsp;w&nbsp;\u017cycie z&nbsp;dniem 16 wrze\u015bnia 2015 r. z&nbsp;wyj\u0105tkiem &sect; 3 ust. 3, kt&oacute;ry&nbsp;wchodzi w&nbsp;\u017cycie z&nbsp;dniem 1 stycznia 2016 r.<\/strong><\/span><\/span><\/p>\n<p class=\"Tekstpraswki0\" style=\"text-align: justify;\"><span style=\"font-size: 12pt;\"><strong><span style=\"font-family: 'Calibri',sans-serif;\">Rozporz\u0105dzenie <\/span><\/strong><span style=\"font-family: 'Calibri',sans-serif;\">Ministra Zdrowia z&nbsp;dnia 24 lipca 2015 r. w&nbsp;sprawie rodzaj&oacute;w odpad&oacute;w medycznych i&nbsp;odpad&oacute;w weterynaryjnych, kt&oacute;rych odzysk jest dopuszczalny (Dz.&nbsp;U.&nbsp;z&nbsp;2015 r., poz. 1116) <strong>&ndash; wesz\u0142o w&nbsp;\u017cycie z&nbsp;dniem 22 sierpnia 2015 r.<\/strong> <\/span><\/span><\/p>\n<p class=\"Dziedzinaprawa\" style=\"text-align: justify;\"><span style=\"font-size: 12pt;\"><\/span><\/p>\n<p>&nbsp;<\/p>\n<p class=\"Dziedzinaprawa\" style=\"text-align: justify;\"><span style=\"font-size: 12pt;\"><strong><span style=\"font-family: 'Calibri',sans-serif;\">LISTY ZASTAWNE I&nbsp;BANKI HIPOTECZNE<\/span><\/strong><\/span><\/p>\n<p class=\"Tekstpraswki0\" style=\"text-align: justify;\"><span style=\"font-size: 12pt;\"><strong><span style=\"font-family: 'Calibri',sans-serif;\">U<\/span><\/strong><strong><span style=\"font-family: 'Calibri',sans-serif;\">stawa <\/span><\/strong><span style=\"font-family: 'Calibri',sans-serif;\">z dnia 24 lipca 2015 r.<\/span><span style=\"font-family: 'Calibri',sans-serif;\">o zmianie ustawy o&nbsp;listach zastawnych i&nbsp;bankach hipotecznych oraz niekt&oacute;rych innych ustaw<\/span><span style=\"font-family: 'Calibri',sans-serif;\"> (Dz. U. z&nbsp;2015 r., poz. 1259) <strong>&ndash; wejdzie w&nbsp;\u017cycie z&nbsp;dniem 1 stycznia 2016 r.<\/strong><\/span><\/span><\/p>\n<p class=\"Omwienie\" style=\"text-align: justify;\"><span style=\"font-size: 12pt;\"><span style=\"font-family: 'Calibri',sans-serif;\">W ustawie z&nbsp;dnia 29 sierpnia 1997 r. o&nbsp;listach zastawnych i&nbsp;bankach hipotecznych (Dz.<\/span><span style=\"font-family: 'Calibri',sans-serif;\">U.<\/span><span style=\"font-family: 'Calibri',sans-serif;\">z 2003 r. Nr 99, poz. 919, z&nbsp;p&oacute;\u017an. zm.)<\/span><span style=\"font-family: 'Calibri',sans-serif;\"> zmianie ulegnie brzmienie art. 8 ust. 1 pkt 3, art.&nbsp;13 ust. 2, art. 14, art. 18, art. 21 ust. 1, art. 24, art. 25, art. 27 ust. 1, art.&nbsp;30, dodany zostanie art. 7a, w&nbsp;art. 20 ust. 6, art. 30a, uchylony zostanie w&nbsp;art. 6 pkt 6, art. 7, dzia\u0142 V.<\/span><\/span><\/p>\n<p class=\"Omwienie\" style=\"text-align: justify;\"><span style=\"font-family: 'Calibri',sans-serif; font-size: 12pt;\">W ustawie z&nbsp;dnia 26 lipca 1991 r. o&nbsp;podatku dochodowym od os&oacute;b fizycznych (Dz.&nbsp;U.&nbsp;z&nbsp;2012 r. poz. 361, z&nbsp;p&oacute;\u017an. zm.) dodany zostanie w&nbsp;art. 21 w&nbsp;ust. 1 pkt 130a i&nbsp;130b.<\/span><\/p>\n<p class=\"Omwienie\" style=\"text-align: justify;\"><span style=\"font-family: 'Calibri',sans-serif; font-size: 12pt;\">W ustawie z&nbsp;dnia 15 lutego 1992 r. o&nbsp;podatku dochodowym od os&oacute;b prawnych (Dz.&nbsp;U.&nbsp;z&nbsp;2014 r. poz. 851, z&nbsp;p&oacute;\u017an. zm.) zmianie ulegnie brzmienie art. 16, art.&nbsp;17,&nbsp;art.&nbsp;38b.<\/span><\/p>\n<p class=\"Omwienie\" style=\"text-align: justify;\"><span style=\"font-family: 'Calibri',sans-serif; font-size: 12pt;\">W ustawie z&nbsp;dnia 28 sierpnia 1997 r. o&nbsp;organizacji i&nbsp;funkcjonowaniu funduszy emerytalnych (Dz. U. z&nbsp;2013 r. poz. 989, z&nbsp;p&oacute;\u017an. zm.) zmianie ulegnie brzmienie art.&nbsp;142.<\/span><\/p>\n<p class=\"Omwienie\" style=\"text-align: justify;\"><span style=\"font-family: 'Calibri',sans-serif; font-size: 12pt;\">W ustawie z&nbsp;dnia 28 lutego 2003 r. &#8211; Prawo upad\u0142o\u015bciowe (Dz. U. z&nbsp;2015 r. poz. 233, 978 i&nbsp;1166) zmianie ulegnie brzmienie art. 442, art. 444, art. 445, art. 446, art. 448, art.&nbsp;449.<\/span><\/p>\n<p class=\"Omwienie\" style=\"text-align: justify;\"><span style=\"font-family: 'Calibri',sans-serif; font-size: 12pt;\">W ustawie z&nbsp;dnia 5 listopada 2009 r. o&nbsp;sp&oacute;\u0142dzielczych kasach oszcz\u0119dno\u015bciowo-kredytowych (Dz. U. z&nbsp;2013 r. poz. 1450 oraz z&nbsp;2015 r. poz. 978) w&nbsp;art. 37 w&nbsp;ust.&nbsp;1&nbsp;dodany zostanie pkt 1a i&nbsp;1b.<\/span><\/p>\n<p class=\"Omwienie\" style=\"text-align: justify;\"><span style=\"font-size: 12pt;\"><span style=\"font-family: 'Calibri',sans-serif;\">W ustawie z&nbsp;dnia 15 maja 2015 r. &#8211; Prawo restrukturyzacyjne (Dz. U. poz. 978) zmianie ulegnie brzmienie art. 4 ust. 2 pkt 2, dodany zostanie art. 442a, art. 445a, art. 445b, art.&nbsp;446a-446d, uchylony zostanie art. 447, <\/span><span style=\"font-family: 'Calibri',sans-serif;\">w tytule IV w&nbsp;dziale III uchylony zostanie rozdzia\u0142 2.<\/span><\/span><\/p>\n<p>&nbsp;<\/p>\n<p class=\"Dziedzinaprawa\" style=\"text-align: justify;\"><span style=\"font-size: 12pt;\"><\/span><\/p>\n<p class=\"Dziedzinaprawa\" style=\"text-align: justify;\"><span style=\"font-size: 12pt;\"><strong><span style=\"font-family: 'Calibri',sans-serif;\">NIEODP\u0141ATNA POMOC PRAWNA<\/span><\/strong><\/span><\/p>\n<p class=\"Tekstpraswki0\" style=\"text-align: justify;\"><span style=\"font-size: 12pt;\"><strong><span style=\"font-family: 'Calibri',sans-serif;\">U<\/span><\/strong><strong><span style=\"font-family: 'Calibri',sans-serif;\">stawa<\/span><\/strong><span style=\"font-family: 'Calibri',sans-serif;\">z dnia 5 sierpnia 2015 r.<\/span><span style=\"font-family: 'Calibri',sans-serif;\">o nieodp\u0142atnej pomocy prawnej oraz edukacji prawnej<\/span><span style=\"font-family: 'Calibri',sans-serif;\"> (Dz. U. z&nbsp;2015 r., poz. 1255) <strong>&ndash; wejdzie w&nbsp;\u017cycie z&nbsp;dniem 1 stycznia 2016 r., z&nbsp;wyj\u0105tkiem art. 6, art. 8-11, art. 17, art. 18 i&nbsp;art. 20-28, kt&oacute;re wchodz\u0105 w&nbsp;\u017cycie z&nbsp;dniem 31 sierpnia 2015 r.<\/strong><\/span><\/span><\/p>\n<p>&nbsp;<\/p>\n<p class=\"Dziedzinaprawa\" style=\"text-align: justify;\"><span style=\"font-size: 12pt;\"><\/span><\/p>\n<p class=\"Dziedzinaprawa\" style=\"text-align: justify;\"><span style=\"font-size: 12pt;\"><strong><span style=\"font-family: 'Calibri',sans-serif;\">SIECI PRZESY\u0141OWE<\/span><\/strong><\/span><\/p>\n<p class=\"Tekstpraswki0\" style=\"text-align: justify;\"><span style=\"font-size: 12pt;\"><strong><span style=\"font-family: 'Calibri',sans-serif;\">U<\/span><\/strong><strong><span style=\"font-family: 'Calibri',sans-serif;\">stawa<\/span><\/strong><span style=\"font-family: 'Calibri',sans-serif;\">z dnia 24 lipca 2015 r.<\/span><span style=\"font-family: 'Calibri',sans-serif;\">o przygotowaniu i&nbsp;realizacji strategicznych inwestycji w<\/span><span style=\"font-family: 'Calibri',sans-serif;\">zakresie sieci przesy\u0142owych<\/span><span style=\"font-family: 'Calibri',sans-serif;\"> (Dz. U. z&nbsp;2015 r., poz. 1265) <strong>&ndash; wesz\u0142a w&nbsp;\u017cycie z&nbsp;dniem 15&nbsp;wrze\u015bnia 2015 r. <\/strong><\/span><\/span><\/p>\n<p>&nbsp;<\/p>\n<p class=\"Dziedzinaprawa\" style=\"text-align: justify;\"><span style=\"font-size: 12pt;\"><\/span><\/p>\n<p class=\"Dziedzinaprawa\" style=\"text-align: justify;\"><span style=\"font-size: 12pt;\"><strong><span style=\"font-family: 'Calibri',sans-serif;\">KONTROLA INWESTYCJI<\/span><\/strong><\/span><\/p>\n<p class=\"Tekstpraswki0\" style=\"text-align: justify;\"><span style=\"font-size: 12pt;\"><strong><span style=\"font-family: 'Calibri',sans-serif;\">U<\/span><\/strong><strong><span style=\"font-family: 'Calibri',sans-serif;\">stawa <\/span><\/strong><span style=\"font-family: 'Calibri',sans-serif;\">z dnia 24 lipca 2015 r.<\/span><span style=\"font-family: 'Calibri',sans-serif;\">o kontroli niekt&oacute;rych inwestycji <\/span><span style=\"font-family: 'Calibri',sans-serif;\">(<\/span><span style=\"font-family: 'Calibri',sans-serif;\">Dz.<\/span><span style=\"font-family: 'Calibri',sans-serif;\">U.<\/span><span style=\"font-family: 'Calibri',sans-serif;\"> z&nbsp;<\/span><span style=\"font-family: 'Calibri',sans-serif;\">2015<\/span><span style=\"font-family: 'Calibri',sans-serif;\"> r<\/span><span style=\"font-family: 'Calibri',sans-serif;\">.<\/span><span style=\"font-family: 'Calibri',sans-serif;\">, poz.&nbsp;<\/span><span style=\"font-family: 'Calibri',sans-serif;\">1272<\/span><span style=\"font-family: 'Calibri',sans-serif;\">) <strong>&ndash; wejdzie w&nbsp;\u017cycie z&nbsp;dniem 1 pa\u017adziernika 2015 r.<\/strong> <\/span><\/span><\/p>\n<p>&nbsp;<\/p>\n<p class=\"Dziedzinaprawa\" style=\"text-align: justify;\"><span style=\"font-size: 12pt;\"><\/span><\/p>\n<p class=\"Dziedzinaprawa\" style=\"text-align: justify;\"><span style=\"font-size: 12pt;\"><strong><span style=\"font-family: 'Calibri',sans-serif;\">SUBSTANCJE CHEMICZNE I&nbsp;ICH MIESZANINY<\/span><\/strong><\/span><\/p>\n<p class=\"Tekstpraswki0\" style=\"text-align: justify;\"><span style=\"font-size: 12pt;\"><strong><span style=\"font-family: 'Calibri',sans-serif;\">Rozporz\u0105dzenie <\/span><\/strong><span style=\"font-family: 'Calibri',sans-serif;\">Ministra Zdrowia<\/span><span style=\"font-family: 'Calibri',sans-serif;\">z dnia 25 sierpnia 2015 r.<\/span><span style=\"font-family: 'Calibri',sans-serif;\">w sprawie sposobu oznakowania miejsc, ruroci\u0105g&oacute;w oraz pojemnik&oacute;w i&nbsp;zbiornik&oacute;w s\u0142u\u017c\u0105cych do<\/span><span style=\"font-family: 'Calibri',sans-serif;\">przechowywania lub zawieraj\u0105cych substancje stwarzaj\u0105ce zagro\u017cenie lub mieszaniny stwarzaj\u0105ce zagro\u017cenie<\/span><span style=\"font-family: 'Calibri',sans-serif;\"> (Dz. U. z&nbsp;2015 r., poz. 1368) <strong>&ndash; wejdzie w&nbsp;\u017cycie z&nbsp;dniem 19&nbsp;wrze\u015bnia 2015 r. <\/strong><\/span><\/span><\/p>\n<p>&nbsp;<\/p>\n<p class=\"Dziedzinaprawa\" style=\"text-align: justify;\"><span style=\"font-size: 12pt;\"><\/span><\/p>\n<p class=\"Dziedzinaprawa\" style=\"text-align: justify;\"><span style=\"font-size: 12pt;\"><strong><span style=\"font-family: 'Calibri',sans-serif;\">OCHRONA GRUNT&Oacute;W ROLNYCH I&nbsp;LE\u015aNYCH<\/span><\/strong><\/span><\/p>\n<p class=\"Tekstpraswki0\" style=\"text-align: justify;\"><span style=\"font-size: 12pt;\"><strong><span style=\"font-family: 'Calibri',sans-serif;\">U<\/span><\/strong><strong><span style=\"font-family: 'Calibri',sans-serif;\">stawa <\/span><\/strong><span style=\"font-family: 'Calibri',sans-serif;\">z dnia 10 lipca 2015 r.<\/span><span style=\"font-family: 'Calibri',sans-serif;\">o zmianie ustawy o&nbsp;ochronie grunt&oacute;w rolnych i&nbsp;le\u015bnych<\/span><span style=\"font-family: 'Calibri',sans-serif;\"> (Dz. U. z&nbsp;2015 r., poz. 1338) <strong>&ndash; wejdzie w&nbsp;\u017cycie z&nbsp;dniem 10 pa\u017adziernika 2015 r. <\/strong><\/span><\/span><\/p>\n<p class=\"Omwienie\" style=\"text-align: justify;\"><span style=\"font-size: 12pt;\"><span style=\"font-family: 'Calibri',sans-serif;\">W ustawie z&nbsp;dnia 3 lutego 1995 r. o&nbsp;ochronie grunt&oacute;w rolnych i&nbsp;le\u015bnych (Dz.<\/span><span style=\"font-family: 'Calibri',sans-serif;\">U.<\/span><span style=\"font-family: 'Calibri',sans-serif;\">z<\/span><span style=\"font-family: 'Calibri',sans-serif;\">2015<\/span><span style=\"font-family: 'Calibri',sans-serif;\">r.<\/span><span style=\"font-family: 'Calibri',sans-serif;\">poz. 909)<\/span><span style=\"font-family: 'Calibri',sans-serif;\"> zmianie ulegnie brzmienie art. 7, w&nbsp;art. 4 w&nbsp;pkt 28 kropk\u0119 zast\u0119puje si\u0119 \u015brednikiem i&nbsp;dodaje si\u0119 pkt 29 i&nbsp;30.<\/span><\/span><\/p>\n<p>&nbsp;<\/p>\n<p class=\"Dziedzinaprawa\" style=\"text-align: justify;\"><span style=\"font-size: 12pt;\"><\/span><\/p>\n<p class=\"Dziedzinaprawa\" style=\"text-align: justify;\"><span style=\"font-size: 12pt;\"><strong><span style=\"font-family: 'Calibri',sans-serif;\">EWIDENCJA LUDNO\u015aCI<\/span><\/strong><\/span><\/p>\n<p class=\"Tekstpraswki0\" style=\"text-align: justify;\"><span style=\"font-size: 12pt;\"><strong><span style=\"font-family: 'Calibri',sans-serif;\">U<\/span><\/strong><strong><span style=\"font-family: 'Calibri',sans-serif;\">stawa <\/span><\/strong><span style=\"font-family: 'Calibri',sans-serif;\">z dnia 23 lipca 2015 r.<\/span><span style=\"font-family: 'Calibri',sans-serif;\">o zmianie ustawy o&nbsp;ewidencji ludno\u015bci<\/span><span style=\"font-family: 'Calibri',sans-serif;\"> (Dz. U. z&nbsp;2015 r., poz. 1337) <strong>&ndash; wejdzie w&nbsp;\u017cycie z&nbsp;dniem 24 wrze\u015bnia 2015 r.<\/strong> <\/span><\/span><\/p>\n<p class=\"Omwienie\" style=\"text-align: justify;\"><span style=\"font-size: 12pt;\"><span style=\"font-family: 'Calibri',sans-serif;\">W ustawie z&nbsp;dnia 24 wrze\u015bnia 2010 r. o&nbsp;ewidencji ludno\u015bci (Dz. U. z&nbsp;2015 r. poz. 388) u\u017cyte w&nbsp;art. 74-78 wyrazy &#8220;1 stycznia 2016 r.&#8221; zast\u0119puje si\u0119 wyrazami &#8220;1<\/span><span style=\"font-family: 'Calibri',sans-serif;\">stycznia<\/span><span style=\"font-family: 'Calibri',sans-serif;\">2018<\/span><span style=\"font-family: 'Calibri',sans-serif;\">r.&#8221;.<\/span><\/span><\/p>\n<p>&nbsp;<\/p>\n<p class=\"Dziedzinaprawa\" style=\"text-align: justify;\"><span style=\"font-size: 12pt;\"><\/span><\/p>\n<p class=\"Dziedzinaprawa\" style=\"text-align: justify;\"><span style=\"font-size: 12pt;\"><strong><span style=\"font-family: 'Calibri',sans-serif; font-style: normal;\">SPORT<\/span><\/strong><\/span><\/p>\n<p class=\"Tekstpraswki0\" style=\"text-align: justify;\"><span style=\"font-size: 12pt;\"><strong><span style=\"font-family: 'Calibri',sans-serif;\">U<\/span><\/strong><strong><span style=\"font-family: 'Calibri',sans-serif;\">stawa <\/span><\/strong><span style=\"font-family: 'Calibri',sans-serif;\">z dnia 23 lipca 2015 r.<\/span><span style=\"font-family: 'Calibri',sans-serif;\">o zmianie ustawy o&nbsp;sporcie oraz ustawy o&nbsp;podatku dochodowym od os&oacute;b fizycznych<\/span><span style=\"font-family: 'Calibri',sans-serif;\"> (Dz. U. z&nbsp;2015 r., poz. 1321) <strong>&ndash; wejdzie&nbsp;w&nbsp;\u017cycie&nbsp;z&nbsp;dniem 22 wrze\u015bnia 2015 r., z&nbsp;wyj\u0105tkiem:<\/strong><\/span><\/span><\/p>\n<p class=\"Tekstpraswki0\" style=\"text-align: justify;\"><span style=\"font-size: 12pt;\"><strong><span style=\"font-family: 'Calibri',sans-serif;\">1) art. 1 pkt 5 w&nbsp;zakresie art. 12b, pkt 12, 14 i&nbsp;15, kt&oacute;re wchodz\u0105 w&nbsp;\u017cycie z&nbsp;dniem 8 grudnia 2015 r.,<\/span><\/strong><\/span><\/p>\n<p class=\"Tekstpraswki0\" style=\"text-align: justify;\"><span style=\"font-size: 12pt;\"><strong><span style=\"font-family: 'Calibri',sans-serif;\">2) art. 1 pkt 10 i&nbsp;16, kt&oacute;re wchodz\u0105 w&nbsp;\u017cycie z&nbsp;dniem 6 wrze\u015bnia 2016 r.<\/span><\/strong><\/span><\/p>\n<p class=\"Tekstpraswki0\" style=\"text-align: justify;\"><span style=\"font-size: 12pt;\"><strong><span style=\"font-family: 'Calibri',sans-serif;\">3) art. 1 pkt 8 lit. b i&nbsp;pkt 9 oraz art. 2, kt&oacute;re wchodz\u0105 w&nbsp;\u017cycie z&nbsp;dniem 1 stycznia 2016 r.<\/span><\/strong><\/span><\/p>\n<p class=\"Omwienie\" style=\"text-align: justify;\"><span style=\"font-size: 12pt;\"><span style=\"font-family: 'Calibri',sans-serif;\">W ustawie z&nbsp;dnia 25 czerwca 2010 r. o&nbsp;sporcie (Dz. U. z&nbsp;2014 r. poz. 715)<\/span><span style=\"font-family: 'Calibri',sans-serif;\"> zmianie&nbsp;ulegnie brzmienie art. 4, art. 7 ust. 3, art. 15 ust. 2, art. 28 ust. 1, art. 29, art.&nbsp;36 ust. 3, art. 37 ust. 2, art. 43, art. 44 ust. 3, art. 46, art. 48 ust. 1 i&nbsp;2, dodany&nbsp;zostanie art. 12a, art. 12b, rozdzia\u0142 9a, w&nbsp;art. 82 ust. 3-6, art. 89a, uchylony&nbsp;zostanie w&nbsp;art. 11 w&nbsp;ust. 2 pkt 2.<\/span><\/span><\/p>\n<p class=\"Omwienie\" style=\"text-align: justify;\"><span style=\"font-family: 'Calibri',sans-serif; font-size: 12pt;\">W ustawie z&nbsp;dnia 26 lipca 1991 r. o&nbsp;podatku dochodowym od os&oacute;b fizycznych (Dz.&nbsp;U.&nbsp;z&nbsp;2012 r. poz. 361, z&nbsp;p&oacute;\u017an. zm.) zmianie ulegnie art. 21 w&nbsp;ust. 1.<\/span><\/p>\n<p>&nbsp;<\/p>\n<p class=\"NowePrawo\" style=\"text-align: justify;\"><span style=\"font-size: 12pt;\"><\/span><\/p>\n<p class=\"NowePrawo\" style=\"text-align: justify;\"><span style=\"font-size: 12pt;\"><strong><span style=\"font-family: 'Calibri',sans-serif;\">_____Orzecznictwo<\/span><\/strong><\/span><\/p>\n<p class=\"SdNajwyszy\" style=\"text-align: justify;\"><span style=\"font-size: 12pt;\"><strong><span style=\"font-family: 'Calibri',sans-serif;\">Trybuna\u0142 Konstytucyjny; Trybuna\u0142 Sprawiedliwo\u015bci Unii Europejskiej<\/span><\/strong><\/span><\/p>\n<p class=\"Dziedzinaprawa\" style=\"text-align: justify;\"><span style=\"font-size: 12pt;\"><strong><span style=\"font-family: 'Calibri',sans-serif;\">PRZETWARZANIE DANYCH PRZEZ G\u0141&Oacute;WNEGO INSPEKTORA TRANSPORTU DROGOWEGO<\/span><\/strong><\/span><\/p>\n<p class=\"Tekstpraswki0\" style=\"text-align: justify;\"><span style=\"font-family: 'Calibri',sans-serif; font-size: 12pt;\">Trybuna\u0142 Konstytucyjny stwierdzi\u0142, \u017ce przekazanie przez ustawodawc\u0119, na podstawie art.&nbsp;129g ust. 4 prawa o&nbsp;ruchu drogowym, do uregulowania w&nbsp;rozporz\u0105dzeniu materii sposobu, trybu i&nbsp;warunk&oacute;w technicznych udost\u0119pniania i&nbsp;usuwania przez G\u0142&oacute;wnego Inspektora Transportu Drogowego utrwalonych obraz&oacute;w i&nbsp;danych, pomimo \u017ce samo udost\u0119pnianie i&nbsp;usuwanie tych obraz&oacute;w i&nbsp;danych przez Inspekcj\u0119 Transportu Drogowego nie zosta\u0142o obj\u0119te tre\u015bci\u0105 regulacji ustawowej, jest niezgodne z&nbsp;Konstytucj\u0105 <strong>&ndash; Wyrok&nbsp;Trybuna\u0142u Konstytucyjnego z&nbsp;dnia 14 lipca 2015 r., sygn. akt K 2\/13.<\/strong><\/span><\/p>\n<p>&nbsp;<\/p>\n<p>&nbsp;<\/p>\n<p class=\"SdNajwyszy\" style=\"text-align: justify;\"><span style=\"font-size: 12pt;\"><strong><span style=\"font-family: 'Calibri',sans-serif;\">S\u0105d Najwy\u017cszy<\/span><\/strong><\/span><\/p>\n<p class=\"Dziedzinaprawa\" style=\"text-align: justify;\"><span style=\"font-size: 12pt;\"><strong><span style=\"font-family: 'Calibri',sans-serif;\">DELIKTY CZ\u0141ONK&Oacute;W ZARZ\u0104DU<\/span><\/strong><\/span><\/p>\n<p class=\"Tekstpraswki0\" style=\"text-align: justify;\"><span style=\"font-size: 12pt;\"><span style=\"font-family: 'Calibri',sans-serif;\">Artyku\u0142 594 k.s.h. reguluje odpowiedzialno\u015b\u0107 cywiln\u0105 za zaniechanie wykonania z<\/span><span style=\"font-family: 'Calibri',sans-serif;\">winy<\/span><span style=\"font-family: 'Calibri',sans-serif;\">umy\u015blnej wymienionych w&nbsp;nim obowi\u0105zk&oacute;w<\/span><strong><span style=\"font-family: 'Calibri',sans-serif;\">&ndash; Uchwa\u0142a S\u0105du Najwy\u017cszego z&nbsp;dnia 27 sierpnia 2015 r., sygn. akt III CZP 62\/15.<\/span><\/strong><\/span><\/p>\n<p>&nbsp;<\/p>\n<p class=\"Dziedzinaprawa\" style=\"text-align: justify;\"><span style=\"font-size: 12pt;\"><\/span><\/p>\n<p class=\"Dziedzinaprawa\" style=\"text-align: justify;\"><span style=\"font-size: 12pt;\"><strong><span style=\"font-family: 'Calibri',sans-serif;\">ZARZ\u0104D MAJ\u0104TKIEM MA\u0141OLETNIEGO<\/span><\/strong><\/span><\/p>\n<p class=\"Tekstpraswki0\" style=\"text-align: justify;\"><span style=\"font-size: 12pt;\"><span style=\"font-family: 'Calibri',sans-serif;\">Niedopuszczalne jest orzeczenie przysposobienia z&nbsp;jednoczesnym ograniczeniem zarz\u0105du maj\u0105tkiem ma\u0142oletniego przez ustanowienie kuratora do zarz\u0105du tym maj\u0105tkiem<\/span><strong><span style=\"font-family: 'Calibri',sans-serif;\">&ndash; Uchwa\u0142a S\u0105du Najwy\u017cszego z&nbsp;dnia 16 wrze\u015bnia 2015 r., sygn. akt III&nbsp;CZP&nbsp;47\/15.<\/span><\/strong><\/span><\/p>\n<p>&nbsp;<\/p>\n<p class=\"Dziedzinaprawa\" style=\"text-align: justify;\"><span style=\"font-size: 12pt;\"><\/span><\/p>\n<p class=\"Dziedzinaprawa\" style=\"text-align: justify;\"><span style=\"font-size: 12pt;\"><strong><span style=\"font-family: 'Calibri',sans-serif;\">UCHYLENIE UK\u0141ADU I&nbsp;OTWARCIE POST\u0118POWANIA UPAD\u0141O\u015aCIOWEGO<\/span><\/strong><\/span><\/p>\n<p class=\"Tekstpraswki0\" style=\"text-align: justify;\"><span style=\"font-family: 'Calibri',sans-serif; font-size: 12pt;\">W razie uchylenia uk\u0142adu i&nbsp;otwarcia przez s\u0105d zako\u0144czonego post\u0119powania upad\u0142o\u015bciowego, syndyk mo\u017ce \u017c\u0105da\u0107 uznania czynno\u015bci prawnej upad\u0142ego za&nbsp;bezskuteczn\u0105 w&nbsp;terminie dw&oacute;ch lat od dnia otwarcia post\u0119powania upad\u0142o\u015bciowego, chyba \u017ce na podstawie przepis&oacute;w Kodeksu cywilnego uprawnienie to wygas\u0142o wcze\u015bniej (art. 132 ust. 3 w&nbsp;zwi\u0105zku z&nbsp;art. 304 ust. 1 i&nbsp;2 ustawy z&nbsp;dnia 28 lutego 2003 r. Prawo upad\u0142o\u015bciowe i&nbsp;naprawcze, jedn. tekst: Dz.U. z&nbsp;2015 r., poz. 233, ze zm.) <strong>&ndash; Uchwa\u0142a&nbsp;S\u0105du Najwy\u017cszego z&nbsp;dnia 16 wrze\u015bnia 2015 r., sygn. akt III&nbsp;CZP&nbsp;48\/15.<\/strong><\/span><\/p>\n<p>&nbsp;<\/p>\n<p class=\"Dziedzinaprawa\" style=\"text-align: justify;\"><span style=\"font-size: 12pt;\"><\/span><\/p>\n<p class=\"Dziedzinaprawa\" style=\"text-align: justify;\"><span style=\"font-size: 12pt;\"><strong><span style=\"font-family: 'Calibri',sans-serif;\">ZAKWATEROWANIE SI\u0141 ZBROJNYCH<\/span><\/strong><\/span><\/p>\n<p class=\"Tekstpraswki0\" style=\"text-align: justify;\"><span style=\"font-size: 12pt;\"><span style=\"font-family: 'Calibri',sans-serif;\">Prawo do korzystania z&nbsp;osobnej kwatery sta\u0142ej przydzielonej \u017co\u0142nierzowi zawodowemu w<\/span><span style=\"font-family: 'Calibri',sans-serif;\">okresie obowi\u0105zywania ustawy z&nbsp;dnia 20 maja 1976 r. o&nbsp;zakwaterowaniu si\u0142 zbrojnych (Dz.U. Nr 19, poz. 121 ze zm.) w&nbsp;czasie trwania wsp&oacute;lno\u015bci maj\u0105tkowej ma\u0142\u017ce\u0144skiej, kt&oacute;ra usta\u0142a przed wej\u015bciem w&nbsp;\u017cycie ustawy z&nbsp;dnia 17 maja 1989 r. o&nbsp;zmianie ustawy o<\/span><span style=\"font-family: 'Calibri',sans-serif;\">zakwaterowaniu si\u0142 zbrojnych (Dz.U. Nr 30, poz. 162), stanowi sk\u0142adnik maj\u0105tku wsp&oacute;lnego ma\u0142\u017conk&oacute;w<\/span><strong><span style=\"font-family: 'Calibri',sans-serif;\">&ndash; Uchwa\u0142a S\u0105du Najwy\u017cszego z&nbsp;dnia 16 wrze\u015bnia 2015 r., sygn.&nbsp;akt III CZP 50\/15.<\/span><\/strong><\/span><\/p>\n<p class=\"Dziedzinaprawa\" style=\"text-align: justify;\"><span style=\"font-size: 12pt;\"><\/span><\/p>\n<p>&nbsp;<\/p>\n<p class=\"Dziedzinaprawa\" style=\"text-align: justify;\"><span style=\"font-size: 12pt;\"><strong><span style=\"font-family: 'Calibri',sans-serif;\">POST\u0118POWANI<\/span><span style=\"font-family: 'Calibri',sans-serif;\">E<\/span><span style=\"font-family: 'Calibri',sans-serif;\"> GRUPOW<\/span><span style=\"font-family: 'Calibri',sans-serif;\">E<\/span><span style=\"font-family: 'Calibri',sans-serif;\"> O&nbsp;USTALENIE ODPOWIEDZIALNO\u015aCI POZWANEGO<\/span><\/strong><\/span><\/p>\n<p class=\"Tekstpraswki0\" style=\"text-align: justify;\"><span style=\"font-size: 12pt;\"><span style=\"font-family: 'Calibri',sans-serif;\">W post\u0119powaniu grupowym o&nbsp;ustalenie odpowiedzialno\u015bci pozwanego (art.<\/span><span style=\"font-family: 'Calibri',sans-serif;\">2<\/span><span style=\"font-family: 'Calibri',sans-serif;\">ust.<\/span><span style=\"font-family: 'Calibri',sans-serif;\">3<\/span><span style=\"font-family: 'Calibri',sans-serif;\">ustawy z&nbsp;dnia 17 grudnia 2009 r. o&nbsp;dochodzeniu roszcze\u0144 w&nbsp;post\u0119powaniu grupowym, Dz.U. z&nbsp;2010 r., Nr 7, poz. 44) s\u0105d bada zarzut przedawnienia roszczenia pieni\u0119\u017cnego, je\u017celi dotyczy on wszystkich cz\u0142onk&oacute;w grupy i&nbsp;oparty jest na jednakowych okoliczno\u015bciach odnosz\u0105cych si\u0119 do nich wszystkich<\/span><strong><span style=\"font-family: 'Calibri',sans-serif;\">&ndash; Uchwa\u0142a S\u0105du Najwy\u017cszego z&nbsp;dnia 16 wrze\u015bnia 2015 r., sygn. akt III CZP 51\/15.<\/span><\/strong><\/span><\/p>\n<p>&nbsp;<\/p>\n<p class=\"Dziedzinaprawa\" style=\"text-align: justify;\"><span style=\"font-size: 12pt;\"><\/span><\/p>\n<p class=\"Dziedzinaprawa\" style=\"text-align: justify;\"><span style=\"font-size: 12pt;\"><strong><span style=\"font-family: 'Calibri',sans-serif;\">WYW\u0141ASZCZONA NIERUCHOMO\u015a\u0106<\/span><\/strong><\/span><\/p>\n<p class=\"Tekstpraswki0\" style=\"text-align: justify;\"><span style=\"font-size: 12pt;\"><span style=\"font-family: 'Calibri',sans-serif;\">Umowa sprzeda\u017cy wyw\u0142aszczonej nieruchomo\u015bci oraz umowa ustanowienia u\u017cytkowania wieczystego na takiej nieruchomo\u015bci nie s\u0105 niewa\u017cne z&nbsp;powodu ich zawarcia z<\/span><span style=\"font-family: 'Calibri',sans-serif;\">naruszeniem art. 69 ust. 1 i&nbsp;art. 47 ust. 4 ustawy z&nbsp;dnia 29 kwietnia 1985 r. o<\/span><span style=\"font-family: 'Calibri',sans-serif;\">gospodarce gruntami i&nbsp;wyw\u0142aszczaniu nieruchomo\u015bci (jedn. tekst: Dz.<\/span><span style=\"font-family: 'Calibri',sans-serif;\">U. z&nbsp;1991 r. Nr<\/span><span style=\"font-family: 'Calibri',sans-serif;\">30, poz. 127 ze zm.)<\/span><strong><span style=\"font-family: 'Calibri',sans-serif;\">&ndash; Uchwa\u0142a S\u0105du Najwy\u017cszego 7 s\u0119dzi&oacute;w z&nbsp;dnia 15&nbsp;wrze\u015bnia 2015 r., sygn. akt III CZP 107\/14.<\/span><\/strong><\/span><\/p>\n<p class=\"Dziedzinaprawa\" style=\"text-align: justify;\"><span style=\"font-size: 12pt;\"><\/span><\/p>\n<p>&nbsp;<\/p>\n<p class=\"Dziedzinaprawa\" style=\"text-align: justify;\"><span style=\"font-size: 12pt;\"><strong><span style=\"font-family: 'Calibri',sans-serif;\">W\u0141ASNO\u015a\u0106 I&nbsp;U\u017bYTKOWANIE GRUNT&Oacute;W NA OBSZARZE M. ST. WARSZAWY<\/span><\/strong><\/span><\/p>\n<p class=\"Tekstpraswki0\" style=\"text-align: justify;\"><span style=\"font-size: 12pt;\"><span style=\"font-family: 'Calibri',sans-serif;\">Je\u017celi stwierdzono wydanie z&nbsp;naruszeniem prawa decyzji odmawiaj\u0105cej by\u0142emu w\u0142a\u015bcicielowi przyznania prawa do gruntu na podstawie art. 7 ust. 1 dekretu z&nbsp;dnia 26<\/span><span style=\"font-family: 'Calibri',sans-serif;\">pa\u017adziernika 1945 r. o&nbsp;w\u0142asno\u015bci i&nbsp;u\u017cytkowaniu grunt&oacute;w na obszarze m.st. Warszawy (Dz.U. Nr 50, poz. 279 ze zm.), \u017ar&oacute;d\u0142em poniesionej przez niego (jego nast\u0119pc&oacute;w prawnych) szkody nie jest decyzja zezwalaj\u0105ca na sprzeda\u017c lokalu w&nbsp;budynku po\u0142o\u017conym na nieruchomo\u015bci, tak\u017ce w&nbsp;razie stwierdzenia jej wydania z&nbsp;naruszeniem prawa <strong>&ndash; Uchwa\u0142a<\/strong><\/span><strong><span style=\"font-family: 'Calibri',sans-serif;\">S\u0105du Najwy\u017cszego<\/span><\/strong><strong><span style=\"font-family: 'Calibri',sans-serif;\">7 s\u0119dzi&oacute;w<\/span><\/strong><strong><span style=\"font-family: 'Calibri',sans-serif;\">z dnia 3 wrze\u015bnia 2015 r.<\/span><\/strong><strong><span style=\"font-family: 'Calibri',sans-serif;\">, sygn.&nbsp;akt&nbsp;<\/span><\/strong><strong><span style=\"font-family: 'Calibri',sans-serif;\">III<\/span><\/strong><strong><span style=\"font-family: 'Calibri',sans-serif;\">CZP 22\/15<\/span><\/strong><strong><span style=\"font-family: 'Calibri',sans-serif;\">.<\/span><\/strong><\/span><\/p>\n<p>&nbsp;<\/p>\n<p class=\"Dziedzinaprawa\" style=\"text-align: justify;\"><span style=\"font-size: 12pt;\"><\/span><\/p>\n<p class=\"Dziedzinaprawa\" style=\"text-align: justify;\"><span style=\"font-size: 12pt;\"><strong><span style=\"font-family: 'Calibri',sans-serif;\">SP&Oacute;\u0141DZIELCZE <\/span><span style=\"font-family: 'Calibri',sans-serif;\">W\u0141ASNO\u015aCIOWE <\/span><span style=\"font-family: 'Calibri',sans-serif;\">PRAW<\/span><span style=\"font-family: 'Calibri',sans-serif;\">O<\/span><span style=\"font-family: 'Calibri',sans-serif;\"> DO LOKALU MIESZKALNEGO<\/span><\/strong><\/span><\/p>\n<p class=\"Tekstpraswki0\" style=\"text-align: justify;\"><span style=\"font-size: 12pt;\"><span style=\"font-family: 'Calibri',sans-serif;\">Dopuszczalna jest egzekucja \u015bwiadcze\u0144 pieni\u0119\u017cnych ze sp&oacute;\u0142dzielczego w\u0142asno\u015bciowego prawa do lokalu mieszkalnego, znajduj\u0105cego si\u0119 w&nbsp;zasobach sp&oacute;\u0142dzielni mieszkaniowej b\u0119d\u0105cej wierzycielem, bez uzyskania orzeczenia s\u0105du o&nbsp;jego sprzeda\u017cy w&nbsp;drodze licytacji na podstawie przepis&oacute;w Kodeksu post\u0119powania cywilnego o&nbsp;egzekucji z&nbsp;nieruchomo\u015bci, o<\/span><span style=\"font-family: 'Calibri',sans-serif;\">kt&oacute;rym mowa w&nbsp;art. 27 ust. 5 ustawy z&nbsp;dnia 15 grudnia 2000 r. o&nbsp;sp&oacute;\u0142dzielniach mieszkaniowych (jedn. tekst: Dz.U. z&nbsp;2013 r., poz. 1222 ze zm.) w&nbsp;zw. z&nbsp;art. 16 ust. 1 ustawy z&nbsp;dnia 24 czerwca 1994 r. o&nbsp;w\u0142asno\u015bci lokali (jedn. tekst: Dz.U. z&nbsp;2000 r. Nr 80, poz. 903 ze zm.)<\/span><strong><span style=\"font-family: 'Calibri',sans-serif;\">&ndash; Uchwa\u0142a S\u0105du Najwy\u017cszego z&nbsp;dnia 27 sierpnia 2015 r., sygn.&nbsp;akt III&nbsp;CZP 42\/15.<\/span><\/strong><\/span><\/p>\n<p class=\"Dziedzinaprawa\" style=\"text-align: justify;\"><span style=\"font-size: 12pt;\"><\/span><\/p>\n<p>&nbsp;<\/p>\n<p class=\"Dziedzinaprawa\" style=\"text-align: justify;\"><span style=\"font-size: 12pt;\"><strong><span style=\"font-family: 'Calibri',sans-serif;\">KORZYSTANIE PRZEZ ZAPISOBIERC\u0118 Z&nbsp;RZECZY OZNACZONEJ CO DO TO\u017bSAMO\u015aCI<\/span><\/strong><\/span><\/p>\n<p class=\"Tekstpraswki0\" style=\"text-align: justify;\"><span style=\"font-family: 'Calibri',sans-serif; font-size: 12pt;\">Spadkobiercom przys\u0142uguje roszczenie o&nbsp;wynagrodzenie za korzystanie przez&nbsp;zapisobierc\u0119 z&nbsp;rzeczy oznaczonej co do to\u017csamo\u015bci, stanowi\u0105cej przedmiot zapisu zwyk\u0142ego, za okres do wymagalno\u015bci roszczenia o&nbsp;wykonanie zapisu <strong>&ndash; Uchwa\u0142a S\u0105du Najwy\u017cszego z&nbsp;dnia 27 sierpnia 2015 r., sygn. akt III CZP 46\/15.<\/strong><\/span><\/p>\n","protected":false},"excerpt":{"rendered":"<p>We would like to present the next issue of legal bulletin of the Law Office of Adam Polowiec.What you will find here is some information about the new provisions of law and the projects of amendments to acts, but also case-laws including the case laws of Supreme Court, Constitutional Tribunal and European Court of Justice.<\/p>\n","protected":false},"author":3,"featured_media":0,"comment_status":"closed","ping_status":"open","sticky":false,"template":"","format":"standard","meta":{"footnotes":""},"categories":[2],"tags":[],"class_list":["post-587","post","type-post","status-publish","format-standard","hentry","category-wpisy"],"featured_image_src":{"landsacpe":false,"list":false,"medium":false,"full":false},"yoast_head":"<!-- This site is optimized with the Yoast SEO plugin v27.2 - https:\/\/yoast.com\/product\/yoast-seo-wordpress\/ -->\n<title>Legal Bulletin Of The Law Office Of Adam Polowiec (31 August - 20 September 2015) - Polowiec i Wsp\u00f3lnicy - Kancelaria prawna<\/title>\n<meta name=\"robots\" content=\"index, follow, max-snippet:-1, max-image-preview:large, max-video-preview:-1\" \/>\n<link rel=\"canonical\" href=\"https:\/\/polowiec.pl\/en\/legal-bulletin-of-the-law-office-of-adam-polowiec-31-august-20-september-2015\/\" \/>\n<meta property=\"og:locale\" content=\"en_US\" \/>\n<meta property=\"og:type\" content=\"article\" \/>\n<meta property=\"og:title\" content=\"Legal Bulletin Of The Law Office Of Adam Polowiec (31 August - 20 September 2015) - Polowiec i Wsp\u00f3lnicy - Kancelaria prawna\" \/>\n<meta property=\"og:description\" content=\"We would like to present the next issue of legal bulletin of the Law Office of Adam Polowiec.What you will find here is some information about the new provisions of law and the projects of amendments to acts, but also case-laws including the case laws of Supreme Court, Constitutional Tribunal and European Court of Justice.\" \/>\n<meta property=\"og:url\" content=\"https:\/\/polowiec.pl\/en\/legal-bulletin-of-the-law-office-of-adam-polowiec-31-august-20-september-2015\/\" \/>\n<meta property=\"og:site_name\" content=\"Polowiec i Wsp\u00f3lnicy - Kancelaria prawna\" \/>\n<meta property=\"article:publisher\" content=\"https:\/\/www.facebook.com\/polowieciwspolnicy\/\" \/>\n<meta property=\"article:published_time\" content=\"2016-05-25T18:10:54+00:00\" \/>\n<meta property=\"article:modified_time\" content=\"2019-04-18T15:46:41+00:00\" \/>\n<meta name=\"author\" content=\"Marcin Rusinek\" \/>\n<meta name=\"twitter:card\" content=\"summary_large_image\" \/>\n<meta name=\"twitter:label1\" content=\"Written by\" \/>\n\t<meta name=\"twitter:data1\" content=\"Marcin Rusinek\" \/>\n\t<meta name=\"twitter:label2\" content=\"Est. reading time\" \/>\n\t<meta name=\"twitter:data2\" content=\"38 minutes\" \/>\n<script type=\"application\/ld+json\" class=\"yoast-schema-graph\">{\"@context\":\"https:\/\/schema.org\",\"@graph\":[{\"@type\":\"Article\",\"@id\":\"https:\/\/polowiec.pl\/en\/legal-bulletin-of-the-law-office-of-adam-polowiec-31-august-20-september-2015\/#article\",\"isPartOf\":{\"@id\":\"https:\/\/polowiec.pl\/en\/legal-bulletin-of-the-law-office-of-adam-polowiec-31-august-20-september-2015\/\"},\"author\":{\"name\":\"Marcin Rusinek\",\"@id\":\"https:\/\/polowiec.pl\/en\/#\/schema\/person\/74c7526b6f52be5ae94031504f9ffec4\"},\"headline\":\"Legal Bulletin Of The Law Office Of Adam Polowiec (31 August &#8211; 20 September 2015)\",\"datePublished\":\"2016-05-25T18:10:54+00:00\",\"dateModified\":\"2019-04-18T15:46:41+00:00\",\"mainEntityOfPage\":{\"@id\":\"https:\/\/polowiec.pl\/en\/legal-bulletin-of-the-law-office-of-adam-polowiec-31-august-20-september-2015\/\"},\"wordCount\":7857,\"publisher\":{\"@id\":\"https:\/\/polowiec.pl\/en\/#organization\"},\"articleSection\":[\"Wpisy\"],\"inLanguage\":\"en-US\"},{\"@type\":\"WebPage\",\"@id\":\"https:\/\/polowiec.pl\/en\/legal-bulletin-of-the-law-office-of-adam-polowiec-31-august-20-september-2015\/\",\"url\":\"https:\/\/polowiec.pl\/en\/legal-bulletin-of-the-law-office-of-adam-polowiec-31-august-20-september-2015\/\",\"name\":\"Legal Bulletin Of The Law Office Of Adam Polowiec (31 August - 20 September 2015) - Polowiec i Wsp\u00f3lnicy - Kancelaria prawna\",\"isPartOf\":{\"@id\":\"https:\/\/polowiec.pl\/en\/#website\"},\"datePublished\":\"2016-05-25T18:10:54+00:00\",\"dateModified\":\"2019-04-18T15:46:41+00:00\",\"breadcrumb\":{\"@id\":\"https:\/\/polowiec.pl\/en\/legal-bulletin-of-the-law-office-of-adam-polowiec-31-august-20-september-2015\/#breadcrumb\"},\"inLanguage\":\"en-US\",\"potentialAction\":[{\"@type\":\"ReadAction\",\"target\":[\"https:\/\/polowiec.pl\/en\/legal-bulletin-of-the-law-office-of-adam-polowiec-31-august-20-september-2015\/\"]}]},{\"@type\":\"BreadcrumbList\",\"@id\":\"https:\/\/polowiec.pl\/en\/legal-bulletin-of-the-law-office-of-adam-polowiec-31-august-20-september-2015\/#breadcrumb\",\"itemListElement\":[{\"@type\":\"ListItem\",\"position\":1,\"name\":\"Strona g\u0142\u00f3wna\",\"item\":\"https:\/\/polowiec.pl\/en\/\"},{\"@type\":\"ListItem\",\"position\":2,\"name\":\"Legal Bulletin Of The Law Office Of Adam Polowiec (31 August &#8211; 20 September 2015)\"}]},{\"@type\":\"WebSite\",\"@id\":\"https:\/\/polowiec.pl\/en\/#website\",\"url\":\"https:\/\/polowiec.pl\/en\/\",\"name\":\"Polowiec i Wsp\u00f3lnicy - Kancelaria prawna\",\"description\":\"Obs\u0142uga prawna\",\"publisher\":{\"@id\":\"https:\/\/polowiec.pl\/en\/#organization\"},\"potentialAction\":[{\"@type\":\"SearchAction\",\"target\":{\"@type\":\"EntryPoint\",\"urlTemplate\":\"https:\/\/polowiec.pl\/en\/?s={search_term_string}\"},\"query-input\":{\"@type\":\"PropertyValueSpecification\",\"valueRequired\":true,\"valueName\":\"search_term_string\"}}],\"inLanguage\":\"en-US\"},{\"@type\":\"Organization\",\"@id\":\"https:\/\/polowiec.pl\/en\/#organization\",\"name\":\"Polowiec i Wsp\u00f3lnicy - Kancelaria prawna\",\"url\":\"https:\/\/polowiec.pl\/en\/\",\"logo\":{\"@type\":\"ImageObject\",\"inLanguage\":\"en-US\",\"@id\":\"https:\/\/polowiec.pl\/en\/#\/schema\/logo\/image\/\",\"url\":\"https:\/\/polowiec.pl\/wp-content\/uploads\/2018\/10\/polowiec_logo2-1.png\",\"contentUrl\":\"https:\/\/polowiec.pl\/wp-content\/uploads\/2018\/10\/polowiec_logo2-1.png\",\"width\":540,\"height\":381,\"caption\":\"Polowiec i Wsp\u00f3lnicy - Kancelaria prawna\"},\"image\":{\"@id\":\"https:\/\/polowiec.pl\/en\/#\/schema\/logo\/image\/\"},\"sameAs\":[\"https:\/\/www.facebook.com\/polowieciwspolnicy\/\",\"https:\/\/www.linkedin.com\/company\/polowiec-i-wsplnicy-sp.j.\/about\/\"]},{\"@type\":\"Person\",\"@id\":\"https:\/\/polowiec.pl\/en\/#\/schema\/person\/74c7526b6f52be5ae94031504f9ffec4\",\"name\":\"Marcin Rusinek\",\"image\":{\"@type\":\"ImageObject\",\"inLanguage\":\"en-US\",\"@id\":\"https:\/\/secure.gravatar.com\/avatar\/b50a0a5c3e71d904f5e57a757d39977d01c43e075c6bf5b4df909ffbbe004790?s=96&d=mm&r=g\",\"url\":\"https:\/\/secure.gravatar.com\/avatar\/b50a0a5c3e71d904f5e57a757d39977d01c43e075c6bf5b4df909ffbbe004790?s=96&d=mm&r=g\",\"contentUrl\":\"https:\/\/secure.gravatar.com\/avatar\/b50a0a5c3e71d904f5e57a757d39977d01c43e075c6bf5b4df909ffbbe004790?s=96&d=mm&r=g\",\"caption\":\"Marcin Rusinek\"}}]}<\/script>\n<!-- \/ Yoast SEO plugin. -->","yoast_head_json":{"title":"Legal Bulletin Of The Law Office Of Adam Polowiec (31 August - 20 September 2015) - Polowiec i Wsp\u00f3lnicy - Kancelaria prawna","robots":{"index":"index","follow":"follow","max-snippet":"max-snippet:-1","max-image-preview":"max-image-preview:large","max-video-preview":"max-video-preview:-1"},"canonical":"https:\/\/polowiec.pl\/en\/legal-bulletin-of-the-law-office-of-adam-polowiec-31-august-20-september-2015\/","og_locale":"en_US","og_type":"article","og_title":"Legal Bulletin Of The Law Office Of Adam Polowiec (31 August - 20 September 2015) - Polowiec i Wsp\u00f3lnicy - Kancelaria prawna","og_description":"We would like to present the next issue of legal bulletin of the Law Office of Adam Polowiec.What you will find here is some information about the new provisions of law and the projects of amendments to acts, but also case-laws including the case laws of Supreme Court, Constitutional Tribunal and European Court of Justice.","og_url":"https:\/\/polowiec.pl\/en\/legal-bulletin-of-the-law-office-of-adam-polowiec-31-august-20-september-2015\/","og_site_name":"Polowiec i Wsp\u00f3lnicy - Kancelaria prawna","article_publisher":"https:\/\/www.facebook.com\/polowieciwspolnicy\/","article_published_time":"2016-05-25T18:10:54+00:00","article_modified_time":"2019-04-18T15:46:41+00:00","author":"Marcin Rusinek","twitter_card":"summary_large_image","twitter_misc":{"Written by":"Marcin Rusinek","Est. reading time":"38 minutes"},"schema":{"@context":"https:\/\/schema.org","@graph":[{"@type":"Article","@id":"https:\/\/polowiec.pl\/en\/legal-bulletin-of-the-law-office-of-adam-polowiec-31-august-20-september-2015\/#article","isPartOf":{"@id":"https:\/\/polowiec.pl\/en\/legal-bulletin-of-the-law-office-of-adam-polowiec-31-august-20-september-2015\/"},"author":{"name":"Marcin Rusinek","@id":"https:\/\/polowiec.pl\/en\/#\/schema\/person\/74c7526b6f52be5ae94031504f9ffec4"},"headline":"Legal Bulletin Of The Law Office Of Adam Polowiec (31 August &#8211; 20 September 2015)","datePublished":"2016-05-25T18:10:54+00:00","dateModified":"2019-04-18T15:46:41+00:00","mainEntityOfPage":{"@id":"https:\/\/polowiec.pl\/en\/legal-bulletin-of-the-law-office-of-adam-polowiec-31-august-20-september-2015\/"},"wordCount":7857,"publisher":{"@id":"https:\/\/polowiec.pl\/en\/#organization"},"articleSection":["Wpisy"],"inLanguage":"en-US"},{"@type":"WebPage","@id":"https:\/\/polowiec.pl\/en\/legal-bulletin-of-the-law-office-of-adam-polowiec-31-august-20-september-2015\/","url":"https:\/\/polowiec.pl\/en\/legal-bulletin-of-the-law-office-of-adam-polowiec-31-august-20-september-2015\/","name":"Legal Bulletin Of The Law Office Of Adam Polowiec (31 August - 20 September 2015) - Polowiec i Wsp\u00f3lnicy - Kancelaria prawna","isPartOf":{"@id":"https:\/\/polowiec.pl\/en\/#website"},"datePublished":"2016-05-25T18:10:54+00:00","dateModified":"2019-04-18T15:46:41+00:00","breadcrumb":{"@id":"https:\/\/polowiec.pl\/en\/legal-bulletin-of-the-law-office-of-adam-polowiec-31-august-20-september-2015\/#breadcrumb"},"inLanguage":"en-US","potentialAction":[{"@type":"ReadAction","target":["https:\/\/polowiec.pl\/en\/legal-bulletin-of-the-law-office-of-adam-polowiec-31-august-20-september-2015\/"]}]},{"@type":"BreadcrumbList","@id":"https:\/\/polowiec.pl\/en\/legal-bulletin-of-the-law-office-of-adam-polowiec-31-august-20-september-2015\/#breadcrumb","itemListElement":[{"@type":"ListItem","position":1,"name":"Strona g\u0142\u00f3wna","item":"https:\/\/polowiec.pl\/en\/"},{"@type":"ListItem","position":2,"name":"Legal Bulletin Of The Law Office Of Adam Polowiec (31 August &#8211; 20 September 2015)"}]},{"@type":"WebSite","@id":"https:\/\/polowiec.pl\/en\/#website","url":"https:\/\/polowiec.pl\/en\/","name":"Polowiec i Wsp\u00f3lnicy - Kancelaria prawna","description":"Obs\u0142uga prawna","publisher":{"@id":"https:\/\/polowiec.pl\/en\/#organization"},"potentialAction":[{"@type":"SearchAction","target":{"@type":"EntryPoint","urlTemplate":"https:\/\/polowiec.pl\/en\/?s={search_term_string}"},"query-input":{"@type":"PropertyValueSpecification","valueRequired":true,"valueName":"search_term_string"}}],"inLanguage":"en-US"},{"@type":"Organization","@id":"https:\/\/polowiec.pl\/en\/#organization","name":"Polowiec i Wsp\u00f3lnicy - Kancelaria prawna","url":"https:\/\/polowiec.pl\/en\/","logo":{"@type":"ImageObject","inLanguage":"en-US","@id":"https:\/\/polowiec.pl\/en\/#\/schema\/logo\/image\/","url":"https:\/\/polowiec.pl\/wp-content\/uploads\/2018\/10\/polowiec_logo2-1.png","contentUrl":"https:\/\/polowiec.pl\/wp-content\/uploads\/2018\/10\/polowiec_logo2-1.png","width":540,"height":381,"caption":"Polowiec i Wsp\u00f3lnicy - Kancelaria prawna"},"image":{"@id":"https:\/\/polowiec.pl\/en\/#\/schema\/logo\/image\/"},"sameAs":["https:\/\/www.facebook.com\/polowieciwspolnicy\/","https:\/\/www.linkedin.com\/company\/polowiec-i-wsplnicy-sp.j.\/about\/"]},{"@type":"Person","@id":"https:\/\/polowiec.pl\/en\/#\/schema\/person\/74c7526b6f52be5ae94031504f9ffec4","name":"Marcin Rusinek","image":{"@type":"ImageObject","inLanguage":"en-US","@id":"https:\/\/secure.gravatar.com\/avatar\/b50a0a5c3e71d904f5e57a757d39977d01c43e075c6bf5b4df909ffbbe004790?s=96&d=mm&r=g","url":"https:\/\/secure.gravatar.com\/avatar\/b50a0a5c3e71d904f5e57a757d39977d01c43e075c6bf5b4df909ffbbe004790?s=96&d=mm&r=g","contentUrl":"https:\/\/secure.gravatar.com\/avatar\/b50a0a5c3e71d904f5e57a757d39977d01c43e075c6bf5b4df909ffbbe004790?s=96&d=mm&r=g","caption":"Marcin Rusinek"}}]}},"_links":{"self":[{"href":"https:\/\/polowiec.pl\/en\/wp-json\/wp\/v2\/posts\/587","targetHints":{"allow":["GET"]}}],"collection":[{"href":"https:\/\/polowiec.pl\/en\/wp-json\/wp\/v2\/posts"}],"about":[{"href":"https:\/\/polowiec.pl\/en\/wp-json\/wp\/v2\/types\/post"}],"author":[{"embeddable":true,"href":"https:\/\/polowiec.pl\/en\/wp-json\/wp\/v2\/users\/3"}],"replies":[{"embeddable":true,"href":"https:\/\/polowiec.pl\/en\/wp-json\/wp\/v2\/comments?post=587"}],"version-history":[{"count":0,"href":"https:\/\/polowiec.pl\/en\/wp-json\/wp\/v2\/posts\/587\/revisions"}],"wp:attachment":[{"href":"https:\/\/polowiec.pl\/en\/wp-json\/wp\/v2\/media?parent=587"}],"wp:term":[{"taxonomy":"category","embeddable":true,"href":"https:\/\/polowiec.pl\/en\/wp-json\/wp\/v2\/categories?post=587"},{"taxonomy":"post_tag","embeddable":true,"href":"https:\/\/polowiec.pl\/en\/wp-json\/wp\/v2\/tags?post=587"}],"curies":[{"name":"wp","href":"https:\/\/api.w.org\/{rel}","templated":true}]}}