{"id":591,"date":"2016-05-25T21:58:18","date_gmt":"2016-05-25T19:58:18","guid":{"rendered":"https:\/\/nowa.polowiec.pl\/legal-bulletin-of-the-law-office-of-adam-polowiec-12-october-1-november-2015\/"},"modified":"2019-04-18T17:44:51","modified_gmt":"2019-04-18T15:44:51","slug":"legal-bulletin-of-the-law-office-of-adam-polowiec-12-october-1-november-2015","status":"publish","type":"post","link":"https:\/\/polowiec.pl\/en\/legal-bulletin-of-the-law-office-of-adam-polowiec-12-october-1-november-2015\/","title":{"rendered":"Legal Bulletin Of The Law Office Of Adam Polowiec (12 October &#8211; 1 November 2015)"},"content":{"rendered":"<p>We would like to present the next issue of legal bulletin of the Law Office of Adam Polowiec.<br \/>What you will find here is some information about the new provisions of law and the projects of amendments to acts, but also case-laws including the case laws of Supreme Court, Constitutional Tribunal and European Court of Justice.<\/p>\n<p>  <!--more-->  <\/p>\n<p class=\"NowePrawo\" style=\"text-align: justify;\"><span style=\"font-size: 12pt;\"><strong><span style=\"font-family: 'Calibri',sans-serif;\">_____Nowe Prawo<\/span><\/strong><\/span><\/p>\n<p class=\"Dziedzinaprawa\" style=\"text-align: justify;\"><span style=\"font-size: 12pt;\"><strong><span style=\"font-family: 'Calibri',sans-serif;\">PRAWO ENERGETYCZNE<\/span><\/strong><\/span><\/p>\n<p class=\"Tekstpraswki0\" style=\"text-align: justify;\"><span style=\"font-size: 12pt;\"><strong><span style=\"font-family: 'Calibri',sans-serif;\">U<\/span><\/strong><strong><span style=\"font-family: 'Calibri',sans-serif;\">stawa <\/span><\/strong><span style=\"font-family: 'Calibri',sans-serif;\">z dnia 11 wrze\u015bnia 2015 r. <\/span><span style=\"font-family: 'Calibri',sans-serif;\">o zmianie ustawy &#8211; Prawo energetyczne oraz<\/span><span style=\"font-family: 'Calibri',sans-serif;\">niekt&oacute;rych innych ustaw<\/span><span style=\"font-family: 'Calibri',sans-serif;\"> (Dz. U. z&nbsp;2015 r., poz. 1618) <strong>&ndash; wejdzie w&nbsp;\u017cycie z&nbsp;dniem 30 pa\u017adziernika 2015 r. <\/strong><\/span><\/span><\/p>\n<p class=\"Omwienie\" style=\"text-align: justify;\"><span style=\"font-size: 12pt;\"><span style=\"font-family: 'Calibri',sans-serif;\">W ustawie z&nbsp;dnia 10 kwietnia 1997 r. &#8211; Prawo energetyczne (Dz. U. z&nbsp;2012 r. poz. 1059, z&nbsp;p&oacute;\u017an. zm.)<\/span><span style=\"font-family: 'Calibri',sans-serif;\"> zmianie ulegnie brzmienie art. 9t, art. 15e, art. 23 ust. 2, art. 44, art. 56, w&nbsp;art. 3 w&nbsp;pkt 49 kropk\u0119 zast\u0119puje si\u0119 \u015brednikiem i&nbsp;dodaje si\u0119 pkt 50-54, art. 23a-23p, art. 28b, art. 28c, art. 30a, art. 30b, art. 44a, w&nbsp;art. 54 ust. 4a, rozdzia\u0142 7a.<\/span><\/span><\/p>\n<p class=\"Omwienie\" style=\"text-align: justify;\"><span style=\"font-size: 12pt; font-family: 'Calibri',sans-serif;\">W ustawie z&nbsp;dnia 26 pa\u017adziernika 2000 r. o&nbsp;gie\u0142dach towarowych (Dz. U. z&nbsp;2014 r. poz.&nbsp;197, z&nbsp;p&oacute;\u017an. zm.) w&nbsp;art. 2 w&nbsp;pkt 20 kropk\u0119 zast\u0119puje si\u0119 \u015brednikiem i&nbsp;dodaje si\u0119 pkt&nbsp;21-23, art. 12a, art. 51a.<\/span><\/p>\n<p class=\"Omwienie\" style=\"text-align: justify;\"><span style=\"font-size: 12pt; font-family: 'Calibri',sans-serif;\">W ustawie z&nbsp;dnia 2 lipca 2004 r. o&nbsp;swobodzie dzia\u0142alno\u015bci gospodarczej (Dz.&nbsp;U.&nbsp;z&nbsp;2015&nbsp;r.&nbsp;poz. 584, z&nbsp;p&oacute;\u017an. zm.) w&nbsp;art. 79 w&nbsp;ust. 2 dodaje si\u0119 pkt 4b, w&nbsp;art. 82 w&nbsp;ust. 1 po pkt 3 dodaje si\u0119 pkt 3a, w&nbsp;art. 83 w&nbsp;ust. 2 dodaje si\u0119 pkt 3a.<\/span><\/p>\n<p class=\"Omwienie\" style=\"text-align: justify;\"><span style=\"font-size: 12pt; font-family: 'Calibri',sans-serif;\">W ustawie z&nbsp;dnia 21 lipca 2006 r. o&nbsp;nadzorze nad rynkiem finansowym (Dz. U. z&nbsp;2015 r. poz. 614, z&nbsp;p&oacute;\u017an. zm.) zmianie ulegnie brzmienie art. 1 ust. 2 pkt 4, w&nbsp;art. 17d dotychczasow\u0105 tre\u015b\u0107 oznacza si\u0119 jako ust. 1 i&nbsp;dodaje si\u0119 ust. 2.<\/span><\/p>\n<p class=\"Omwienie\" style=\"text-align: justify;\"><span style=\"font-size: 12pt; font-family: 'Calibri',sans-serif;\">W ustawie z&nbsp;dnia 16 lutego 2007 r. o&nbsp;ochronie konkurencji i&nbsp;konsument&oacute;w (Dz.&nbsp;U.&nbsp;z&nbsp;2015&nbsp;r. poz. 184) w&nbsp;art. 31 dodaje si\u0119 pkt 16a.<\/span><\/p>\n<p class=\"Tekstpraswki0\" style=\"text-align: justify;\"><span style=\"font-size: 12pt;\"><strong><span style=\"font-family: 'Calibri',sans-serif;\">Rozporz\u0105dzenie <\/span><\/strong><span style=\"font-family: 'Calibri',sans-serif;\">Ministra Gospodarki<\/span><span style=\"font-family: 'Calibri',sans-serif;\">z dnia 9 pa\u017adziernika 2015 r. <\/span><span style=\"font-family: 'Calibri',sans-serif;\">zmieniaj\u0105ce rozporz\u0105dzenie w&nbsp;sprawie metod badania jako\u015bci paliw ciek\u0142ych<\/span><span style=\"font-family: 'Calibri',sans-serif;\"> (Dz. U. z&nbsp;2015 r., poz.&nbsp;1679) <strong>&ndash; wejdzie w&nbsp;\u017cycie z&nbsp;dniem 7 listopada 2015 r.<\/strong> <\/span><\/span><\/p>\n<p class=\"Omwienie\" style=\"text-align: justify;\"><span style=\"font-size: 12pt;\"><span style=\"font-family: 'Calibri',sans-serif;\">W rozporz\u0105dzeniu Ministra Gospodarki z&nbsp;dnia 25 marca 2010 r. w&nbsp;sprawie metod badania jako\u015bci paliw ciek\u0142ych (Dz. U. Nr 55, poz. 332)<\/span><span style=\"font-family: 'Calibri',sans-serif;\"> zmianie ulegnie brzmienie &sect;1, za\u0142\u0105cznika&nbsp;do rozporz\u0105dzenia.<\/span><\/span><\/p>\n<p class=\"Tekstpraswki0\" style=\"text-align: justify;\"><span style=\"font-size: 12pt;\"><strong><span style=\"font-family: 'Calibri',sans-serif;\">Rozporz\u0105dzenie <\/span><\/strong><span style=\"font-family: 'Calibri',sans-serif;\">Ministra Gospodarki <\/span><span style=\"font-family: 'Calibri',sans-serif;\">z dnia 9 pa\u017adziernika 2015 r. <\/span><span style=\"font-family: 'Calibri',sans-serif;\">w sprawie wymaga\u0144 jako\u015bciowych dla paliw ciek\u0142ych<\/span><span style=\"font-family: 'Calibri',sans-serif;\">(Dz. U. z&nbsp;2015 r., poz. 1680) <strong>&ndash; wejdzie&nbsp;w&nbsp;\u017cycie&nbsp;z&nbsp;dniem 7 listopada 2015 r. <\/strong><\/span><\/span><\/p>\n<p class=\"Tekstpraswki0\" style=\"text-align: justify;\"><span style=\"font-size: 12pt;\"><strong><span style=\"font-family: 'Calibri',sans-serif;\">Rozporz\u0105dzenie <\/span><\/strong><span style=\"font-family: 'Calibri',sans-serif;\">Ministra Infrastruktury <\/span><span style=\"font-family: 'Calibri',sans-serif;\">i<\/span><span style=\"font-family: 'Calibri',sans-serif;\"> Rozwoju <\/span><span style=\"font-family: 'Calibri',sans-serif;\">z dnia 3 wrze\u015bnia 2015 r. <\/span><span style=\"font-family: 'Calibri',sans-serif;\">zmieniaj\u0105ce rozporz\u0105dzenie w&nbsp;sprawie szczeg&oacute;\u0142owego zakresu i&nbsp;form audytu energetycznego oraz<\/span><span style=\"font-family: 'Calibri',sans-serif;\">cz\u0119\u015bci audytu remontowego, wzor&oacute;w kart audyt&oacute;w, a&nbsp;tak\u017ce algorytmu oceny op\u0142acalno\u015bci przedsi\u0119wzi\u0119cia termomodernizacyjnego<\/span><span style=\"font-family: 'Calibri',sans-serif;\"> (Dz. U. z&nbsp;2015 r., poz. 1606) <strong>&ndash; wejdzie w&nbsp;\u017cycie z&nbsp;dniem 28 pa\u017adziernika 2015 r. <\/strong><\/span><\/span><\/p>\n<p class=\"Omwienie\" style=\"text-align: justify;\"><span style=\"font-size: 12pt;\"><span style=\"font-family: 'Calibri',sans-serif;\">W rozporz\u0105dzeniu Ministra Infrastruktury z&nbsp;dnia 17 marca 2009 r. w&nbsp;sprawie szczeg&oacute;\u0142owego zakresu i&nbsp;form audytu energetycznego oraz cz\u0119\u015bci audytu remontowego, wzor&oacute;w kart audyt&oacute;w, a&nbsp;tak\u017ce algorytmu oceny op\u0142acalno\u015bci przedsi\u0119wzi\u0119cia termomodernizacyjnego (Dz. U. Nr 43, poz. 346)<\/span><span style=\"font-family: 'Calibri',sans-serif;\"> zmianie ulegnie brzmienie &sect; 2, &sect;&nbsp;5&nbsp;pkt&nbsp;6, &sect; 12 pkt 5, za\u0142\u0105cznika nr 1, za\u0142\u0105cznika nr 4.<\/span><\/span><\/p>\n<p>&nbsp;<\/p>\n<p class=\"Dziedzinaprawa\" style=\"text-align: justify;\"><span style=\"font-size: 12pt;\"><strong><span style=\"font-family: 'Calibri',sans-serif;\">SYSTEM MONITOROWANIA I&nbsp;KONTROLOWANIA JAKO\u015aCI PALIW<\/span><\/strong><\/span><\/p>\n<p class=\"Tekstpraswki0\" style=\"text-align: justify;\"><span style=\"font-size: 12pt;\"><span style=\"font-family: 'Calibri',sans-serif;\">Rozporz\u0105dzenie <\/span><span style=\"font-family: 'Calibri',sans-serif;\">Ministra Gospodarki <\/span><span style=\"font-family: 'Calibri',sans-serif;\">z dnia 9 pa\u017adziernika 2015 r. <\/span><span style=\"font-family: 'Calibri',sans-serif;\">w sprawie wymaga\u0144 jako\u015bciowych dla paliw ciek\u0142ych<\/span><span style=\"font-family: 'Calibri',sans-serif;\"> (Dz. U. z&nbsp;2015 r., poz. 1680) <strong>&ndash; wejdzie w&nbsp;\u017cycie z&nbsp;dniem 7 listopada 2015 r. <\/strong><\/span><\/span><\/p>\n<p class=\"Tekstpraswki0\" style=\"text-align: justify;\"><span style=\"font-size: 12pt;\"><strong><span style=\"font-family: 'Calibri',sans-serif;\">Rozporz\u0105dzenie<\/span><\/strong><span style=\"font-family: 'Calibri',sans-serif;\"> Ministra Gospodarki z&nbsp;dnia 9 pa\u017adziernika 2015 r. zmieniaj\u0105ce&nbsp;rozporz\u0105dzenie w&nbsp;sprawie metod badania jako\u015bci paliw ciek\u0142ych (Dz.&nbsp;U.&nbsp;z&nbsp;2015 r., poz. 1679) <strong>&ndash; wejdzie w&nbsp;\u017cycie z&nbsp;dniem 7 listopada 2015 r.<\/strong> <\/span><\/span><\/p>\n<p>&nbsp;<\/p>\n<p class=\"Dziedzinaprawa\" style=\"text-align: justify;\"><span style=\"font-size: 12pt;\"><strong><span style=\"font-family: 'Calibri',sans-serif;\">OCHRONA \u015aRODOWISKA<\/span><\/strong><\/span><\/p>\n<p class=\"Tekstpraswki0\" style=\"text-align: justify;\"><span style=\"font-size: 12pt;\"><strong><span style=\"font-family: 'Calibri',sans-serif;\">U<\/span><\/strong><strong><span style=\"font-family: 'Calibri',sans-serif;\">stawa <\/span><\/strong><span style=\"font-family: 'Calibri',sans-serif;\">z dnia 10 wrze\u015bnia 2015 r. <\/span><span style=\"font-family: 'Calibri',sans-serif;\">o zmianie ustawy &#8211; Prawo ochrony \u015brodowiska<\/span><span style=\"font-family: 'Calibri',sans-serif;\"> (Dz.&nbsp;U. z&nbsp;2015 r., poz. 1593) <strong>&ndash; wejdzie w&nbsp;\u017cycie 12 listopada 2015 r.<\/strong> <\/span><\/span><\/p>\n<p class=\"Omwienie\" style=\"text-align: justify;\"><span style=\"font-size: 12pt;\"><span style=\"font-family: 'Calibri',sans-serif;\">W ustawie z&nbsp;dnia 27 kwietnia 2001 r. &#8211; Prawo ochrony \u015brodowiska (Dz. U. z&nbsp;2013 r. poz. 1232, z&nbsp;p&oacute;\u017an. zm.)<\/span><span style=\"font-family: 'Calibri',sans-serif;\"> zmianie ulegnie brzmienie art. 96, art. 113 ust. 1 i&nbsp;2, art. 114, art. 193 ust. 1 pkt 6, art. 225, art. 227 &ndash; 229, w&nbsp;art. 362 dodany zostanie art. 2a.<\/span><\/span><\/p>\n<p>&nbsp;<\/p>\n<p class=\"Dziedzinaprawa\" style=\"text-align: justify;\"><span style=\"font-size: 12pt;\"><strong><span style=\"font-family: 'Calibri',sans-serif;\">PODATKI I&nbsp;RACHUNKOWO\u015a\u0106<\/span><\/strong><\/span><\/p>\n<p class=\"Tekstpraswki0\" style=\"text-align: justify;\"><span style=\"font-size: 12pt;\"><strong><span style=\"font-family: 'Calibri',sans-serif;\">U<\/span><\/strong><strong><span style=\"font-family: 'Calibri',sans-serif;\">stawa <\/span><\/strong><span style=\"font-family: 'Calibri',sans-serif;\">z dnia 10 wrze\u015bnia 2015 r. <\/span><span style=\"font-family: 'Calibri',sans-serif;\">o zmianie ustawy &#8211; Ordynacja podatkowa oraz niekt&oacute;rych innych ustaw<\/span><span style=\"font-family: 'Calibri',sans-serif;\"> (Dz. U. z&nbsp;2015 r., poz. 1649) <strong>&ndash; wejdzie w&nbsp;\u017cycie z&nbsp;dniem 1&nbsp;stycznia 2016 r., z&nbsp;wyj\u0105tkiem:<\/strong><\/span><\/span><\/p>\n<p class=\"Tekstpraswki0\" style=\"text-align: justify;\"><span style=\"font-size: 12pt;\"><strong><span style=\"font-family: 'Calibri',sans-serif;\">1) art. 1 pkt 173 i&nbsp;art. 26, kt&oacute;re wchodz\u0105 w&nbsp;\u017cycie z&nbsp;dniem 21 pa\u017adziernika 2015&nbsp;r.,<\/span><\/strong><\/span><\/p>\n<p class=\"Tekstpraswki0\" style=\"text-align: justify;\"><span style=\"font-size: 12pt;\"><strong><span style=\"font-family: 'Calibri',sans-serif;\">2) art. 1 pkt 98 &#8211; w&nbsp;zakresie art. 138d, art. 138i &sect; 1, art. 138j &sect; 1 pkt 1 i&nbsp;art.&nbsp;138k, pkt 104, pkt 130, pkt 151 &#8211; w&nbsp;zakresie art. 274c &sect; 1 pkt 2 i&nbsp;&sect; 1b, pkt&nbsp;161 lit. a&nbsp;tiret drugie, art. 4 pkt 3 lit. a&nbsp;&#8211; w&nbsp;zakresie art. 13b ust. 1 pkt 2 oraz lit. b &#8211; w&nbsp;zakresie art. 13b ust. 1a, art. 14 oraz art. 29, kt&oacute;re wchodz\u0105 w&nbsp;\u017cycie z&nbsp;dniem 1 lipca 2016 r.;<\/span><\/strong><\/span><\/p>\n<p class=\"Tekstpraswki0\" style=\"text-align: justify;\"><span style=\"font-size: 12pt;\"><strong><span style=\"font-family: 'Calibri',sans-serif;\">3) art. 1 pkt 41 i&nbsp;42, art. 6, art. 7, art. 8 pkt 2, art. 17 oraz art. 18, kt&oacute;re&nbsp;wchodz\u0105 w&nbsp;\u017cycie z&nbsp;dniem 1 stycznia 2017 r.<\/span><\/strong><\/span><\/p>\n<p class=\"Omwienie\" style=\"text-align: justify;\"><span style=\"font-size: 12pt;\"><span style=\"font-family: 'Calibri',sans-serif;\">W ustawie z&nbsp;dnia 29 sierpnia 1997 r. &#8211; Ordynacja podatkowa (Dz. U. z&nbsp;2015 r. poz. 613, z&nbsp;p&oacute;\u017an. zm.) <\/span><span style=\"font-family: 'Calibri',sans-serif;\">zmianie ulegnie brzmienie art. 2 &sect; 2, art. 3, art. 12 w&nbsp;&sect; 6 pkt 2, art.&nbsp;13&nbsp;w&nbsp;&sect;&nbsp;2 pkt 4a, art. 14a, art. 14b, art. 14c &sect; 1, art. 14d, art. 14e, art. 14f, art.&nbsp;14g,&nbsp;art.&nbsp;14h, art. 14i, art. 14j, art. 14k, art. 14m, art. 14n, art. 20a-20c, art. 20e, art. 20f, art. 20h, art. 20i, art. 20j, art. 20k, art. 20l, art. 20m, art. 20p, art. 21 &sect;3-4, art. 21b, art. 23, art. 28, art. 30 &sect; 5, art. 33 b pkt 2 i&nbsp;3, art. 33c, art. 34 &sect; 4 pkt 1 i&nbsp;2, art. 42-46, art. 53, art. 54 &sect; 3, art. 57 &sect; 2, art. 59, art. 60, art. 61a, art. 62, art.67a &sect; 1 pkt 2, art. 67b, art. 67d, art. 70, art. 70a, art. 71, art. 72 &sect; 2, art. 73 w&nbsp;&sect; 2 pkt 4, art.&nbsp;74, art. 75, art. 76, art. 76b &sect; 1, art. 77, art. 77b, art. 78, art. 79, art. 80a, art. 81, art. 81b, art. 82 &sect; 3, art. 92, art. 93a, art. 98 &sect; 2 pkt 1, art. 100, art. 102, art. 105, art.&nbsp;106 &sect; 3, art. 108, art. 109, art. 115, art. 116, art. 130 &sect; 1 pkt 3, art. 131 &sect; 1, art.&nbsp;132 &sect; 2, art. 144, art. 144a, art. 145, art. 146, art. 154a, art. 155 &sect; 1, art. 156 &sect; 4, art. 157a, art. 159 pkt 4a, art. 165, art. 168, art. 178, art. 182, art. 183, art. 184, art.&nbsp;185, art. 200 &sect; 2 pkt 3, art. 201, art. 210, art. 213, art. 214, art. 240, art. 241 &sect; 2, art. 245 &sect; 1 pkt 3, art. 247 &sect; 2, art. 258, art. 259, art. 262, art. 265 &sect; 1, art. 266, art.&nbsp;267, art. 269, art. 272, art. 274, art. 274c, art. 280, art. 282a, art. 282b, art. 282c, art. 284, art. 284a, art. 285, art. 285a, art. 287, art. 289, art. 290, art. 291b, art. 292, art. 295 pkt 1, art. 295a, art. 297 &sect; 1 pkt 2, art. 299 &sect; 3 pkt 8, art. 306e, dodany&nbsp;zostanie art. 14r, art. 14s, art. 17b, w&nbsp;art. 18a &sect; 2, art. 18b, art. 18c, art. 18d, art. 38a, art. 46a-46i, art. 52a,art. 56a-56d, art. 62b, w&nbsp;art. 63 &sect; 3, art. 70d, art. 82b, art. 107 &sect; 3, art. 112c, art. 132a, rozdzia\u0142 3a, w&nbsp;art. 143 w&nbsp;&sect; 2 w&nbsp;pkt 5 kropk\u0119 zast\u0119puje&nbsp;si\u0119 \u015brednikiem i&nbsp;dodaje si\u0119 pkt 6, art. 146a, art. 148, art. 149, art. 150, art.&nbsp;151, art. 151a, art. 152a &sect; 5, art. 153 &sect; 1, w&nbsp;art. 159 &sect; 1 pkt 4a, w&nbsp;art. 180 &sect; 3 i&nbsp;4, art. 189 &sect; 3, art. 193a, art. 259a, art. 270b, art. 290b, art.&nbsp;291d, art. 299d, art. 305ja, w&nbsp;art. 306h &sect; 3 i&nbsp;4, w&nbsp;art. 306i &sect; 1a, uchylony zostanie w&nbsp;art. 56 &sect; 1a-3, art. 104, art.&nbsp;136, art. 137, w&nbsp;art. 138 &sect; 2, art. 147, w&nbsp;art. 154 &sect; 2, art. 281a.<\/span><\/span><\/p>\n<p class=\"Omwienie\" style=\"text-align: justify;\"><span style=\"font-size: 12pt; font-family: 'Calibri',sans-serif;\">W ustawie z&nbsp;dnia 17 czerwca 1966 r. o&nbsp;post\u0119powaniu egzekucyjnym w&nbsp;administracji (Dz.&nbsp;U. z&nbsp;2014 r. poz. 1619, z&nbsp;p&oacute;\u017an. zm.) zmianie ulegnie brzmienie art. 64, dodany&nbsp;zostanie w&nbsp;art. 155b &sect; 1a.<\/span><\/p>\n<p class=\"Omwienie\" style=\"text-align: justify;\"><span style=\"font-size: 12pt; font-family: 'Calibri',sans-serif;\">W ustawie z&nbsp;dnia 20 grudnia 1990 r. o&nbsp;ubezpieczeniu spo\u0142ecznym rolnik&oacute;w (Dz.&nbsp;U.&nbsp;z&nbsp;2015&nbsp;r. poz. 704, z&nbsp;p&oacute;\u017an. zm.) zmianie ulegnie brzmienie art. 52 w&nbsp;ust. 1 pkt 1.<\/span><\/p>\n<p class=\"Omwienie\" style=\"text-align: justify;\"><span style=\"font-size: 12pt; font-family: 'Calibri',sans-serif;\">W ustawie z&nbsp;dnia 28 wrze\u015bnia 1991 r. o&nbsp;kontroli skarbowej (Dz. U. z&nbsp;2015 r. poz. 553, z&nbsp;p&oacute;\u017an. zm.) zmianie ulegnie brzmienie art. 2, art. 13, art. 13b, art. 14c, art. 33, art.&nbsp;33a&nbsp;ust. 4, dodany zostanie art. 14d, w&nbsp;art. 43a ust. 1a.<\/span><\/p>\n<p class=\"Omwienie\" style=\"text-align: justify;\"><span style=\"font-size: 12pt; font-family: 'Calibri',sans-serif;\">W ustawie z&nbsp;dnia 13 pa\u017adziernika 1995 r. o&nbsp;zasadach ewidencji i&nbsp;identyfikacji podatnik&oacute;w i&nbsp;p\u0142atnik&oacute;w (Dz. U. z&nbsp;2012 r. poz. 1314, z&nbsp;p&oacute;\u017an. zm.) zmianie ulegnie brzmienie art. 4, art. 5 ust. 4a, art. 9, dodany zostanie w&nbsp;art. 10a ust. 1c.<\/span><\/p>\n<p class=\"Omwienie\" style=\"text-align: justify;\"><span style=\"font-size: 12pt; font-family: 'Calibri',sans-serif;\">W ustawie z&nbsp;dnia 20 czerwca 1997 r. &#8211; Prawo o&nbsp;ruchu drogowym (Dz. U. z&nbsp;2012 r. poz. 1137, z&nbsp;p&oacute;\u017an. zm.) w&nbsp;art. 80c w&nbsp;ust. 1 w&nbsp;pkt 29 kropk\u0119 zast\u0119puje si\u0119 \u015brednikiem i&nbsp;dodaje&nbsp;si\u0119 pkt 30.<\/span><\/p>\n<p class=\"Omwienie\" style=\"text-align: justify;\"><span style=\"font-size: 12pt; font-family: 'Calibri',sans-serif;\">W ustawie z&nbsp;dnia 27 sierpnia 1997 r. o&nbsp;rehabilitacji zawodowej i&nbsp;spo\u0142ecznej oraz zatrudnianiu os&oacute;b niepe\u0142nosprawnych (Dz. U. z&nbsp;2011 r. Nr 127, poz. 721, z&nbsp;p&oacute;\u017an. zm.) zmianie ulegnie art. 49b.<\/span><\/p>\n<p class=\"Omwienie\" style=\"text-align: justify;\"><span style=\"font-size: 12pt; font-family: 'Calibri',sans-serif;\">W ustawie z&nbsp;dnia 13 pa\u017adziernika 1998 r. o&nbsp;systemie ubezpiecze\u0144 spo\u0142ecznych (Dz.&nbsp;U.&nbsp;z&nbsp;2015 r. poz. 121, z&nbsp;p&oacute;\u017an. zm.) zmianie ulegnie brzmienie art. 26, art. 27, art.&nbsp;28, art. 31.<\/span><\/p>\n<p class=\"Omwienie\" style=\"text-align: justify;\"><span style=\"font-size: 12pt; font-family: 'Calibri',sans-serif;\">W ustawie z&nbsp;dnia 10 wrze\u015bnia 1999 r. &#8211; Kodeks karny skarbowy (Dz. U. z&nbsp;2013 r. poz.&nbsp;186, z&nbsp;p&oacute;\u017an. zm.) zmianie ulegnie brzmienie art. 16a.<\/span><\/p>\n<p class=\"Omwienie\" style=\"text-align: justify;\"><span style=\"font-size: 12pt; font-family: 'Calibri',sans-serif;\">W ustawie z&nbsp;dnia 11 marca 2004 r. o&nbsp;podatku od towar&oacute;w i&nbsp;us\u0142ug (Dz. U. z&nbsp;2011 r. Nr&nbsp;177, poz. 1054, z&nbsp;p&oacute;\u017an. zm.) zmianie ulegnie brzmienie art. 3, art. 37 ust. 1a, art. 39.<\/span><\/p>\n<p class=\"Omwienie\" style=\"text-align: justify;\"><span style=\"font-size: 12pt; font-family: 'Calibri',sans-serif;\">W ustawie z&nbsp;dnia 19 marca 2004 r. &#8211; Prawo celne (Dz. U. z&nbsp;2015 r. poz. 858) zmianie&nbsp;ulegnie brzmienie art. 57 ust. 1 i&nbsp;2, dodany zostanie art. 57b, w&nbsp;art. 65 ust. 6a i&nbsp;6b.<\/span><\/p>\n<p class=\"Omwienie\" style=\"text-align: justify;\"><span style=\"font-size: 12pt; font-family: 'Calibri',sans-serif;\">W ustawie z&nbsp;dnia 2 lipca 2004 r. o&nbsp;swobodzie dzia\u0142alno\u015bci gospodarczej (Dz. U. z&nbsp;2015 r. poz. 584, z&nbsp;p&oacute;\u017an. zm.) zmianie ulegnie brzmienie art. 79a ust. 1.<\/span><\/p>\n<p class=\"Omwienie\" style=\"text-align: justify;\"><span style=\"font-size: 12pt; font-family: 'Calibri',sans-serif;\">W ustawie z&nbsp;dnia 21 lipca 2006 r. o&nbsp;nadzorze nad rynkiem finansowym (Dz. U. z&nbsp;2015 r. poz. 614, z&nbsp;p&oacute;\u017an. zm.) zmianie ulegnie brzmienie art. 19.<\/span><\/p>\n<p class=\"Omwienie\" style=\"text-align: justify;\"><span style=\"font-size: 12pt; font-family: 'Calibri',sans-serif;\">W ustawie z&nbsp;dnia 16 listopada 2006 r. o&nbsp;op\u0142acie skarbowej (Dz. U. z&nbsp;2015 r. poz. 783, 1358 i&nbsp;1607) w&nbsp;za\u0142\u0105czniku do ustawy w&nbsp;cz\u0119\u015bci IV w&nbsp;kolumnie 4 dodaje si\u0119 pkt 6.<\/span><\/p>\n<p class=\"Omwienie\" style=\"text-align: justify;\"><span style=\"font-size: 12pt; font-family: 'Calibri',sans-serif;\">W ustawie z&nbsp;dnia 6 grudnia 2008 r. o&nbsp;podatku akcyzowym (Dz. U. z&nbsp;2014 r. poz. 752, z&nbsp;p&oacute;\u017an. zm.) zmianie ulegnie brzmienie art. 27 ust. 7.<\/span><\/p>\n<p class=\"Tekstpraswki0\" style=\"text-align: justify;\"><span style=\"font-size: 12pt;\"><strong><span style=\"font-family: 'Calibri',sans-serif;\">Rozporz\u0105dzenie <\/span><\/strong><span style=\"font-family: 'Calibri',sans-serif;\">Ministra Finans&oacute;w <\/span><span style=\"font-family: 'Calibri',sans-serif;\">z dnia 2 pa\u017adziernika 2015 r. <\/span><span style=\"font-family: 'Calibri',sans-serif;\">zmieniaj\u0105ce rozporz\u0105dzenie w&nbsp;sprawie oznaczania wyrob&oacute;w akcyzowych znakami akcyzy<\/span><span style=\"font-family: 'Calibri',sans-serif;\"> (Dz.&nbsp;U.&nbsp;z&nbsp;2015 r., poz. 1631) <strong>&ndash; wejdzie w&nbsp;\u017cycie z&nbsp;dniem 1 stycznia 2016 r.<\/strong><\/span><\/span><\/p>\n<p class=\"Omwienie\" style=\"text-align: justify;\"><span style=\"font-size: 12pt;\"><span style=\"font-family: 'Calibri',sans-serif;\">W rozporz\u0105dzeniu Ministra Finans&oacute;w z&nbsp;dnia 7 stycznia 2013 r. w&nbsp;sprawie oznaczania wyrob&oacute;w akcyzowych znakami akcyzy (Dz. U. z&nbsp;2015 r. poz. 129) wprowadza si\u0119 zmiany<\/span><span style=\"font-family: 'Calibri',sans-serif;\">w za\u0142\u0105czniku nr 1<\/span><span style=\"font-family: 'Calibri',sans-serif;\">, za\u0142\u0105czniku nr 2, za\u0142\u0105czniku nr 4, za\u0142\u0105czniku nr 7. <\/span><\/span><\/p>\n<p>&nbsp;<\/p>\n<p class=\"Dziedzinaprawa\" style=\"text-align: justify;\"><span style=\"font-size: 12pt;\"><strong><span style=\"font-family: 'Calibri',sans-serif;\">POST\u0118POWANIE CYWILNE<\/span><\/strong><\/span><\/p>\n<p class=\"Tekstpraswki0\" style=\"text-align: justify;\"><span style=\"font-size: 12pt;\"><strong><span style=\"font-family: 'Calibri',sans-serif;\">Rozporz\u0105dzenie <\/span><\/strong><span style=\"font-family: 'Calibri',sans-serif;\">Ministra Sprawiedliwo\u015bci <\/span><span style=\"font-family: 'Calibri',sans-serif;\">z dnia 15 pa\u017adziernika 2015 r. <\/span><span style=\"font-family: 'Calibri',sans-serif;\">w sprawie niekt&oacute;rych czynno\u015bci dokonywanych w&nbsp;ramach zabezpieczenia spadku<\/span><span style=\"font-family: 'Calibri',sans-serif;\"> (Dz. U. z&nbsp;2015 r., poz. 1643) <strong>&ndash; wesz\u0142o w&nbsp;\u017cycie z&nbsp;dniem 23 pa\u017adziernika 2015 r.<\/strong> <\/span><\/span><\/p>\n<p class=\"Dziedzinaprawa\" style=\"text-align: justify;\"><span style=\"font-size: 12pt;\"><strong><span style=\"font-family: 'Calibri',sans-serif;\">POST\u0118POWANIE KARNE I&nbsp;PRAWO KARNE WYKONAWCZE<\/span><\/strong><\/span><\/p>\n<p class=\"Tekstpraswki0\" style=\"text-align: justify;\"><span style=\"font-size: 12pt;\"><strong><span style=\"font-family: 'Calibri',sans-serif;\">U<\/span><\/strong><strong><span style=\"font-family: 'Calibri',sans-serif;\">stawa <\/span><\/strong><span style=\"font-family: 'Calibri',sans-serif;\">z dnia 10 wrze\u015bnia 2015 r. <\/span><span style=\"font-family: 'Calibri',sans-serif;\">o zmianie ustawy &#8211; Kodeks karny wykonawczy<\/span><span style=\"font-family: 'Calibri',sans-serif;\"> &ndash; <strong>wesz\u0142a w&nbsp;\u017cycie z&nbsp;dniem 24 pa\u017adziernika 2015 r. <\/strong><\/span><\/span><\/p>\n<p class=\"Omwienie\" style=\"text-align: justify;\"><span style=\"font-size: 12pt;\"><span style=\"font-family: 'Calibri',sans-serif;\">W ustawie z&nbsp;dnia 6 czerwca 1997 r. &#8211; Kodeks karny wykonawczy (Dz. U. Nr 90, poz. 557, z&nbsp;p&oacute;\u017an. zm.)<\/span><span style=\"font-family: 'Calibri',sans-serif;\">zmianie ulegnie brzmienie art., 76 &sect; 1 pkt 7, art. 88, art. 88a, art. 88b, art.&nbsp;88c, art. 100 &sect; 1 pkt 4, art. 212a, art. 212b.<\/span><\/span><\/p>\n<p class=\"Tekstpraswki0\" style=\"text-align: justify;\"><span style=\"font-size: 12pt;\"><strong><span style=\"font-family: 'Calibri',sans-serif;\">Rozporz\u0105dzenie <\/span><\/strong><span style=\"font-family: 'Calibri',sans-serif;\">Ministra Sprawiedliwo\u015bci <\/span><span style=\"font-family: 'Calibri',sans-serif;\">z dnia 25 wrze\u015bnia 2015 r.<\/span><span style=\"font-family: 'Calibri',sans-serif;\">w&nbsp; sprawie wysoko\u015bci op\u0142aty za wydanie kopii dokument&oacute;w oraz uwierzytelnionych odpis&oacute;w z<\/span><span style=\"font-family: 'Calibri',sans-serif;\">akt<\/span><span style=\"font-family: 'Calibri',sans-serif;\">sprawy<\/span><span style=\"font-family: 'Calibri',sans-serif;\"> (Dz. U. z&nbsp;2015 r., poz. 1566) <strong>&ndash; wesz\u0142o w&nbsp;\u017cycie z&nbsp;dniem 24 pa\u017adziernika 2015 r.<\/strong> <\/span><\/span><\/p>\n<p>&nbsp;<\/p>\n<p class=\"Dziedzinaprawa\" style=\"text-align: justify;\"><span style=\"font-size: 12pt;\"><strong><span style=\"font-family: 'Calibri',sans-serif;\">PRAWO O&nbsp;NOTARIACIE<\/span><\/strong><\/span><\/p>\n<p class=\"Tekstpraswki0\" style=\"text-align: justify;\"><span style=\"font-size: 12pt;\"><strong><span style=\"font-family: 'Calibri',sans-serif;\">Rozporz\u0105dzenie <\/span><\/strong><span style=\"font-family: 'Calibri',sans-serif;\">Ministra Sprawiedliwo\u015bci <\/span><span style=\"font-family: 'Calibri',sans-serif;\">z dnia 6 pa\u017adziernika 2015 r. <\/span><span style=\"font-family: 'Calibri',sans-serif;\">w sprawie pobierania przez notariuszy op\u0142at s\u0105dowych od wniosk&oacute;w o&nbsp;wpis w&nbsp;ksi\u0119dze wieczystej i<\/span><span style=\"font-family: 'Calibri',sans-serif;\">ich przekazywania s\u0105dom oraz prowadzenia ewidencji pobranych op\u0142at s\u0105dowych<\/span><span style=\"font-family: 'Calibri',sans-serif;\"> (Dz.&nbsp;U. z&nbsp;2015 r., poz. 1645) <strong>&ndash; wejdzie w&nbsp;\u017cycie z&nbsp;dniem 1 kwietnia 2016 r.<\/strong> <\/span><\/span><\/p>\n<p>&nbsp;<\/p>\n<p class=\"Dziedzinaprawa\" style=\"text-align: justify;\"><span style=\"font-size: 12pt;\"><strong><span style=\"font-family: 'Calibri',sans-serif;\">UBEZPIECZENIA OBOWI\u0104ZKOW<\/span><span style=\"font-family: 'Calibri',sans-serif;\">E<\/span><span style=\"font-family: 'Calibri',sans-serif;\">, UBEZPIECZENIOWY FUNDUSZ GWARANCYJNY<\/span><\/strong><\/span><\/p>\n<p class=\"Tekstpraswki0\" style=\"text-align: justify;\"><span style=\"font-size: 12pt;\"><strong><span style=\"font-family: 'Calibri',sans-serif;\">Ustawa <\/span><\/strong><span style=\"font-family: 'Calibri',sans-serif;\">z dnia 25 wrze\u015bnia 2015 r. <\/span><span style=\"font-family: 'Calibri',sans-serif;\">o zmianie ustawy o&nbsp;ubezpieczeniach obowi\u0105zkowych, Ubezpieczeniowym Funduszu Gwarancyjnym i&nbsp;Polskim Biurze Ubezpieczycieli Komunikacyjnych<\/span><span style=\"font-family: 'Calibri',sans-serif;\"> (Dz. U. z&nbsp;2015 r., poz. 1691) <strong>&ndash; wejdzie w&nbsp;\u017cycie z&nbsp;dniem 24&nbsp;stycznia 2016 r. <\/strong><\/span><\/span><\/p>\n<p class=\"Omwienie\" style=\"text-align: justify;\"><span style=\"font-size: 12pt;\"><span style=\"font-family: 'Calibri',sans-serif;\">W ustawie z&nbsp;dnia 22 maja 2003 r. o&nbsp;ubezpieczeniach obowi\u0105zkowych, Ubezpieczeniowym Funduszu Gwarancyjnym i&nbsp;Polskim Biurze Ubezpieczycieli Komunikacyjnych (Dz.<\/span><span style=\"font-family: 'Calibri',sans-serif;\">U.<\/span><span style=\"font-family: 'Calibri',sans-serif;\">z<\/span><span style=\"font-family: 'Calibri',sans-serif;\">2013 r. poz. 392, z&nbsp;2014 r. poz. 827 oraz z&nbsp;2015 r. poz. 1273)<\/span><span style=\"font-family: 'Calibri',sans-serif;\"> zmianie ulegnie brzmienie art. 20 ust. 1, dodany zostanie art. 34a.<\/span><\/span><\/p>\n<p>&nbsp;<\/p>\n<p class=\"Dziedzinaprawa\" style=\"text-align: justify;\"><span style=\"font-size: 12pt;\"><strong><span style=\"font-family: 'Calibri',sans-serif;\">PLANOWANIE I&nbsp;ZAGOSPODAROWANIE PRZESTRZENNE<\/span><\/strong><\/span><\/p>\n<p class=\"Tekstpraswki0\" style=\"text-align: justify;\"><span style=\"font-size: 12pt;\"><strong><span style=\"font-family: 'Calibri',sans-serif;\">U<\/span><\/strong><strong><span style=\"font-family: 'Calibri',sans-serif;\">stawa <\/span><\/strong><span style=\"font-family: 'Calibri',sans-serif;\">z dnia 25 wrze\u015bnia 2015 r. <\/span><span style=\"font-family: 'Calibri',sans-serif;\">o zmianie ustawy o&nbsp;planowaniu i&nbsp;zagospodarowaniu przestrzennym<\/span><span style=\"font-family: 'Calibri',sans-serif;\"> (Dz. U. z&nbsp;2015 r., poz. 1713) <strong>&ndash; wejdzie w&nbsp;\u017cycie z&nbsp;dniem 11 listopada 2015 r. <\/strong><\/span><\/span><\/p>\n<p class=\"Omwienie\" style=\"text-align: justify;\"><span style=\"font-size: 12pt;\"><span style=\"font-family: 'Calibri',sans-serif;\">W ustawie z&nbsp;dnia 27 marca 2003 r. o&nbsp;planowaniu i&nbsp;zagospodarowaniu przestrzennym (Dz.<\/span><span style=\"font-family: 'Calibri',sans-serif;\">U. z&nbsp;2015 r. poz. 199, z&nbsp;p&oacute;\u017an. zm.)<\/span><span style=\"font-family: 'Calibri',sans-serif;\"> zmianie ulegnie brzmienie art. 10, art. 15. <\/span><\/span><\/p>\n<p>&nbsp;<\/p>\n<p class=\"Dziedzinaprawa\" style=\"text-align: justify;\"><span style=\"font-size: 12pt;\"><strong><span style=\"font-family: 'Calibri',sans-serif;\">GRUNTY ROLNE I&nbsp;LE\u015aNE<\/span><\/strong><\/span><\/p>\n<p class=\"Tekstpraswki0\" style=\"text-align: justify;\"><span style=\"font-size: 12pt;\"><strong><span style=\"font-family: 'Calibri',sans-serif;\">U<\/span><\/strong><strong><span style=\"font-family: 'Calibri',sans-serif;\">stawa <\/span><\/strong><span style=\"font-family: 'Calibri',sans-serif;\">z dnia 25 wrze\u015bnia 2015 r. <\/span><span style=\"font-family: 'Calibri',sans-serif;\">o zmianie ustawy o&nbsp;ochronie grunt&oacute;w rolnych i&nbsp;<\/span><span style=\"font-family: 'Calibri',sans-serif;\">le\u015bnych<\/span><span style=\"font-family: 'Calibri',sans-serif;\"> (Dz. U. z&nbsp;2015 r., poz. 1695) <strong>&ndash; wejdzie w&nbsp;\u017cycie z&nbsp;dniem 23&nbsp;listopada&nbsp;2015&nbsp;r.<\/strong> <\/span><\/span><\/p>\n<p class=\"Omwienie\" style=\"text-align: justify;\"><span style=\"font-size: 12pt;\"><span style=\"font-family: 'Calibri',sans-serif;\">W ustawie z&nbsp;dnia 3 lutego 1995 r. o&nbsp;ochronie grunt&oacute;w rolnych i&nbsp;le\u015bnych (Dz. U. z&nbsp;2015 r. poz. 909 i&nbsp;1338) <\/span><span style=\"font-family: 'Calibri',sans-serif;\">zmianie ulegnie brzmienie<\/span><span style=\"font-family: 'Calibri',sans-serif;\"> art. 22b ust. 4<\/span><span style=\"font-family: 'Calibri',sans-serif;\">. <\/span><\/span><\/p>\n<p>&nbsp;<\/p>\n<p class=\"Dziedzinaprawa\" style=\"text-align: justify;\"><span style=\"font-size: 12pt;\"><strong><span style=\"font-family: 'Calibri',sans-serif;\">DZIA\u0141ALNO\u015a\u0106 LECZNICZA<\/span><\/strong><\/span><\/p>\n<p class=\"Tekstpraswki0\" style=\"text-align: justify;\"><span style=\"font-size: 12pt;\"><strong><span style=\"font-family: 'Calibri',sans-serif;\">U<\/span><\/strong><strong><span style=\"font-family: 'Calibri',sans-serif;\">stawa <\/span><\/strong><span style=\"font-family: 'Calibri',sans-serif;\">z dnia 25 wrze\u015bnia 2015 r. <\/span><span style=\"font-family: 'Calibri',sans-serif;\">o zmianie ustawy o&nbsp;dzia\u0142alno\u015bci leczniczej <\/span><span style=\"font-family: 'Calibri',sans-serif;\">(&nbsp;<\/span><span style=\"font-family: 'Calibri',sans-serif;\">Dz.<\/span><span style=\"font-family: 'Calibri',sans-serif;\">U.<\/span><span style=\"font-family: 'Calibri',sans-serif;\">&nbsp;z&nbsp;<\/span><span style=\"font-family: 'Calibri',sans-serif;\">2015<\/span><span style=\"font-family: 'Calibri',sans-serif;\"> r<\/span><span style=\"font-family: 'Calibri',sans-serif;\">.<\/span><span style=\"font-family: 'Calibri',sans-serif;\">, poz. <\/span><span style=\"font-family: 'Calibri',sans-serif;\">1697<\/span><span style=\"font-family: 'Calibri',sans-serif;\">) <strong>&ndash; wejdzie w&nbsp;\u017cycie z&nbsp;dniem 7 listopada 2015 r. <\/strong><\/span><\/span><\/p>\n<p class=\"Omwienie\" style=\"text-align: justify;\"><span style=\"font-size: 12pt;\"><span style=\"font-family: 'Calibri',sans-serif;\">W ustawie z&nbsp;dnia 15 kwietnia 2011 r. o&nbsp;dzia\u0142alno\u015bci leczniczej (Dz. U. z&nbsp;2015 r. poz. 618, z&nbsp;p&oacute;\u017an. zm.) <\/span><span style=\"font-family: 'Calibri',sans-serif;\">zmianie ulegnie brzmienie<\/span><span style=\"font-family: 'Calibri',sans-serif;\"> art. 37 ust. 3 i&nbsp;4<\/span><span style=\"font-family: 'Calibri',sans-serif;\">.<\/span><\/span><\/p>\n<p>&nbsp;<\/p>\n<p class=\"Dziedzinaprawa\" style=\"text-align: justify;\"><span style=\"font-size: 12pt;\"><strong><span style=\"font-family: 'Calibri',sans-serif;\">PRAWO W\u0141ASNO\u015aCI PRZEMYS\u0141OWEJ<\/span><\/strong><\/span><\/p>\n<p class=\"Tekstpraswki0\" style=\"text-align: justify;\"><span style=\"font-size: 12pt;\"><strong><span style=\"font-family: 'Calibri',sans-serif;\">U<\/span><\/strong><strong><span style=\"font-family: 'Calibri',sans-serif;\">stawa<\/span><\/strong><span style=\"font-family: 'Calibri',sans-serif;\">z dnia 11 wrze\u015bnia 2015 r. <\/span><span style=\"font-family: 'Calibri',sans-serif;\">o zmianie ustawy &#8211; Prawo w\u0142asno\u015bci przemys\u0142owej <\/span><span style=\"font-family: 'Calibri',sans-serif;\">(<\/span><span style=\"font-family: 'Calibri',sans-serif;\">Dz.<\/span><span style=\"font-family: 'Calibri',sans-serif;\">U.<\/span><span style=\"font-family: 'Calibri',sans-serif;\"> z&nbsp;<\/span><span style=\"font-family: 'Calibri',sans-serif;\">2015<\/span><span style=\"font-family: 'Calibri',sans-serif;\"> r<\/span><span style=\"font-family: 'Calibri',sans-serif;\">.<\/span><span style=\"font-family: 'Calibri',sans-serif;\">, poz. <\/span><span style=\"font-family: 'Calibri',sans-serif;\">1615<\/span><span style=\"font-family: 'Calibri',sans-serif;\">) <strong>&ndash; wejdzie w&nbsp;\u017cycie z&nbsp;dniem 15 kwietnia 2016 r.<\/strong> <\/span><\/span><\/p>\n<p class=\"Omwienie\" style=\"text-align: justify;\"><span style=\"font-size: 12pt;\"><span style=\"font-family: 'Calibri',sans-serif;\">W ustawie z&nbsp;dnia 30 czerwca 2000 r. &#8211; Prawo w\u0142asno\u015bci przemys\u0142owej (Dz.<\/span><span style=\"font-family: 'Calibri',sans-serif;\">U.<\/span><span style=\"font-family: 'Calibri',sans-serif;\">z<\/span><span style=\"font-family: 'Calibri',sans-serif;\">2013<\/span><span style=\"font-family: 'Calibri',sans-serif;\">r.<\/span><span style=\"font-family: 'Calibri',sans-serif;\">poz. 1410 oraz z&nbsp;2015 r. poz. 1266 i&nbsp;1505)<\/span><span style=\"font-family: 'Calibri',sans-serif;\"> zmianie ulegnie brzmienie art. 13 ust. 1, art. 17, art. 48, art. 106 ust. 2, art. 117<sup>3<\/sup>, art. 130, art. 133, art.&nbsp;140&nbsp;ust.&nbsp;1<sup>1<\/sup>,art. 145, art. 146, art. 147, art. 152, art. 152<sup>2<\/sup>, art. 152<sup>3<\/sup>, art. 152<sup>5<\/sup>, art.&nbsp;152<sup>6<\/sup>, art. 152<sup>7<\/sup>, rozdzia\u0142 4<sup>2<\/sup>, art. 162<sup>1<\/sup>, art. 164, art. 165, art. 169 ust. 2, art. 170 ust. 4, art. 174 ust. 3, art. 178 ust. 2, art. 233<sup>1<\/sup>, art. 245 ust. 1, art. 246, art. 247 ust. 2, art.&nbsp;255 ust. 1 pkt 9, art. 298, dodany zostanie art. 15<sup>1<\/sup>, art. 132<sup>1<\/sup>, art. 129<sup>1<\/sup>, art. 146<sup>1<\/sup>, art. 152<sup>6a<\/sup>, art. 152<sup>6b<\/sup>, art. 153 po ust. 1 dodaje si\u0119 ust. 1<sup>1<\/sup> &#8211; 1<sup>3<\/sup>, uchylony zostanie art. 15, art. 129, art. 131, art. 132, art. 134, art. 135, art. 143, art. 144, art. 149-151, art. 152<sup>4<\/sup>, art. 152<sup>8<\/sup> &ndash; 152<sup>11<\/sup>, w&nbsp;art. 152<sup>12<\/sup> uchyla si\u0119 ust. 2.<\/span><\/span><\/p>\n<p>&nbsp;<\/p>\n<p class=\"Dziedzinaprawa\" style=\"text-align: justify;\"><span style=\"font-size: 12pt;\"><strong><span style=\"font-family: 'Calibri',sans-serif;\">KOMORNICY ORAZ<\/span><span style=\"font-family: 'Calibri',sans-serif;\"> POSTEPOWANIE EGZEKUCYJNE W&nbsp;ADMINISTRACJI<\/span><\/strong><\/span><\/p>\n<p class=\"Tekstpraswki0\" style=\"text-align: justify;\"><span style=\"font-size: 12pt;\"><strong><span style=\"font-family: 'Calibri',sans-serif;\">Ustawa <\/span><\/strong><span style=\"font-family: 'Calibri',sans-serif;\">z dnia 10 wrze\u015bnia 2015 r. <\/span><span style=\"font-family: 'Calibri',sans-serif;\">o zmianie ustawy o&nbsp;komornikach s\u0105dowych i&nbsp;<\/span><span style=\"font-family: 'Calibri',sans-serif;\">egzekucji <\/span><span style=\"font-family: 'Calibri',sans-serif;\">(<\/span><span style=\"font-family: 'Calibri',sans-serif;\">Dz.<\/span><span style=\"font-family: 'Calibri',sans-serif;\">U.<\/span><span style=\"font-family: 'Calibri',sans-serif;\"> z&nbsp;<\/span><span style=\"font-family: 'Calibri',sans-serif;\">2015<\/span><span style=\"font-family: 'Calibri',sans-serif;\"> r<\/span><span style=\"font-family: 'Calibri',sans-serif;\">.<\/span><span style=\"font-family: 'Calibri',sans-serif;\">, poz. <\/span><span style=\"font-family: 'Calibri',sans-serif;\">1561<\/span><span style=\"font-family: 'Calibri',sans-serif;\">) <strong>&ndash; wejdzie w&nbsp;\u017cycie z&nbsp;dniem 9&nbsp;stycznia&nbsp;2016&nbsp;r.<\/strong> <\/span><\/span><\/p>\n<p class=\"Omwienie\" style=\"text-align: justify;\"><span style=\"font-size: 12pt;\"><span style=\"font-family: 'Calibri',sans-serif;\">W ustawie z&nbsp;dnia 29 sierpnia 1997 r. o&nbsp;komornikach s\u0105dowych i&nbsp;egzekucji (Dz.<\/span><span style=\"font-family: 'Calibri',sans-serif;\">U.<\/span><span style=\"font-family: 'Calibri',sans-serif;\">z<\/span><span style=\"font-family: 'Calibri',sans-serif;\">2015<\/span><span style=\"font-family: 'Calibri',sans-serif;\">r. poz. 790, z&nbsp;p&oacute;\u017an. zm.)<\/span><span style=\"font-family: 'Calibri',sans-serif;\"> zmianie ulegnie brzmienie art. 72, art. 72a, art.&nbsp;73, art. 74, art. 75a, art. 75d, art. 75f, art., 75h, art. 75i, art. 75m, art. 76, art.&nbsp;85&nbsp;ust. 1, dodany zostanie art. 75fa, art. 75 ga-75gf, 75ma, art. 75o, art. 78b, uchyla si\u0119 art. 78.<\/span><\/span><\/p>\n<p class=\"Tekstpraswki0\" style=\"text-align: justify;\"><span style=\"font-size: 12pt;\"><strong><span style=\"font-family: 'Calibri',sans-serif;\">Rozporz\u0105dzenie <\/span><\/strong><span style=\"font-family: 'Calibri',sans-serif;\">Rady Ministr&oacute;w <\/span><span style=\"font-family: 'Calibri',sans-serif;\">z dnia 12 pa\u017adziernika 2015 r. <\/span><span style=\"font-family: 'Calibri',sans-serif;\">zmieniaj\u0105ce rozporz\u0105dzenie w&nbsp;sprawie rozci\u0105gni\u0119cia stosowania przepis&oacute;w ustawy o&nbsp;post\u0119powaniu egzekucyjnym w&nbsp;administracji<\/span><span style=\"font-family: 'Calibri',sans-serif;\"> (Dz. U. z&nbsp;2015 r., poz. 1728) <strong>&ndash; wejdzie w&nbsp;\u017cycie z&nbsp;dniem 12&nbsp;listopada 2015 r. <\/strong><\/span><\/span><\/p>\n<p class=\"Omwienie\" style=\"text-align: justify;\"><span style=\"font-size: 12pt;\"><span style=\"font-family: 'Calibri',sans-serif;\">W rozporz\u0105dzeniu Rady Ministr&oacute;w z&nbsp;dnia 28 lutego 2011 r. w&nbsp;sprawie rozci\u0105gni\u0119cia stosowania przepis&oacute;w ustawy o&nbsp;post\u0119powaniu egzekucyjnym w&nbsp;administracji (Dz.<\/span><span style=\"font-family: 'Calibri',sans-serif;\">U.<\/span><span style=\"font-family: 'Calibri',sans-serif;\">Nr<\/span><span style=\"font-family: 'Calibri',sans-serif;\">46, poz. 237)<\/span><span style=\"font-family: 'Calibri',sans-serif;\"> zmianie ulegnie brzmienie &sect; 3, &sect; 4.<\/span><\/span><\/p>\n<p class=\"Tekstpraswki0\" style=\"text-align: justify;\"><span style=\"font-size: 12pt;\"><strong><span style=\"font-family: 'Calibri',sans-serif;\">Rozporz\u0105dzenie <\/span><\/strong><span style=\"font-family: 'Calibri',sans-serif;\">Ministra Finans&oacute;w <\/span><span style=\"font-family: 'Calibri',sans-serif;\">z dnia 11 wrze\u015bnia 2015 r. <\/span><span style=\"font-family: 'Calibri',sans-serif;\">w sprawie wysoko\u015bci koszt&oacute;w upomnienia skierowanego przez wierzyciela do zobowi\u0105zanego przed wszcz\u0119ciem egzekucji administracyjnej<\/span><span style=\"font-family: 'Calibri',sans-serif;\"> (Dz. U. z&nbsp;2015 r., poz. 1526) <strong>&ndash; wejdzie w&nbsp;\u017cycie z&nbsp;dniem 17&nbsp;pa\u017adziernika 2015 r. <\/strong><\/span><\/span><\/p>\n<p class=\"Tekstpraswki0\" style=\"text-align: justify;\"><span style=\"font-size: 12pt;\"><strong><span style=\"font-family: 'Calibri',sans-serif;\">Rozporz\u0105dzenie <\/span><\/strong><span style=\"font-family: 'Calibri',sans-serif;\">Ministra Sprawiedliwo\u015bci <\/span><span style=\"font-family: 'Calibri',sans-serif;\">z dnia 6 pa\u017adziernika 2015 r. <\/span><span style=\"font-family: 'Calibri',sans-serif;\">w sprawie pobierania przez komornik&oacute;w op\u0142at s\u0105dowych od wniosk&oacute;w o&nbsp;wpis w&nbsp;ksi\u0119dze wieczystej i<\/span><span style=\"font-family: 'Calibri',sans-serif;\">ich przekazywania s\u0105dom oraz prowadzenia ewidencji pobranych op\u0142at s\u0105dowych<\/span><span style=\"font-family: 'Calibri',sans-serif;\"> (Dz.&nbsp;U. z&nbsp;2015 r., poz. 1646) <strong>&ndash; wchodzi w&nbsp;\u017cycie z&nbsp;dniem 1 kwietnia 2016 r.<\/strong> <\/span><\/span><\/p>\n<p>&nbsp;<\/p>\n<p class=\"Dziedzinaprawa\" style=\"text-align: justify;\"><span style=\"font-size: 12pt;\"><strong><span style=\"font-family: 'Calibri',sans-serif;\">RADCOWIE PRAWNI<\/span><\/strong><\/span><\/p>\n<p class=\"Tekstpraswki0\" style=\"text-align: justify;\"><span style=\"font-size: 12pt;\"><strong><span style=\"font-family: 'Calibri',sans-serif;\">Rozporz\u0105dzenie <\/span><\/strong><span style=\"font-family: 'Calibri',sans-serif;\">Ministra Sprawiedliwo\u015bci <\/span><span style=\"font-family: 'Calibri',sans-serif;\">z dnia 14 pa\u017adziernika 2015 r. <\/span><span style=\"font-family: 'Calibri',sans-serif;\">zmieniaj\u0105ce rozporz\u0105dzenie w&nbsp;sprawie przeprowadzania egzaminu radcowskiego<\/span><span style=\"font-family: 'Calibri',sans-serif;\"> (Dz.&nbsp;U.&nbsp;z&nbsp;2015&nbsp;r.,&nbsp;poz. 1721) <strong>&ndash; wejdzie w&nbsp;\u017cycie z&nbsp;dniem 11 listopada 2015 r.<\/strong> <\/span><\/span><\/p>\n<p class=\"Omwienie\" style=\"text-align: justify;\"><span style=\"font-size: 12pt;\"><span style=\"font-family: 'Calibri',sans-serif;\">W rozporz\u0105dzeniu Ministra Sprawiedliwo\u015bci z&nbsp;dnia 17 grudnia 2013 r. w&nbsp;sprawie przeprowadzania egzaminu radcowskiego (Dz. U. poz. 1685 oraz z&nbsp;2014 r. poz. 1918)<\/span><span style=\"font-family: 'Calibri',sans-serif;\"> zmianie ulegnie brzmienie &sect; 4, w&nbsp;&sect; 9 dodaje si\u0119 ust. 5-9.<\/span><\/span><\/p>\n<p>&nbsp;<\/p>\n<p class=\"Dziedzinaprawa\" style=\"text-align: justify;\"><span style=\"font-size: 12pt;\"><strong><span style=\"font-family: 'Calibri',sans-serif;\">UBEZPIECZENIA SPO\u0141ECZNE I&nbsp;\u015aWIADCZENIA OPIEKI ZDROWOTNEJ<\/span><\/strong><\/span><\/p>\n<p class=\"Tekstpraswki0\" style=\"text-align: justify;\"><span style=\"font-size: 12pt;\"><strong><span style=\"font-family: 'Calibri',sans-serif;\">Rozporz\u0105dzenie <\/span><\/strong><span style=\"font-family: 'Calibri',sans-serif;\">Ministra Zdrowia <\/span><span style=\"font-family: 'Calibri',sans-serif;\">z dnia 14 pa\u017adziernika 2015 r. <\/span><span style=\"font-family: 'Calibri',sans-serif;\">zmieniaj\u0105ce rozporz\u0105dzenie w&nbsp;sprawie og&oacute;lnych warunk&oacute;w um&oacute;w o&nbsp;udzielanie \u015bwiadcze\u0144 opieki zdrowotnej<\/span><span style=\"font-family: 'Calibri',sans-serif;\"> (Dz. U. z&nbsp;2015 r., poz. 1628) <strong>&ndash; wesz\u0142o w&nbsp;\u017cycie z&nbsp;dniem 16 pa\u017adziernika 2015 r.<\/strong><\/span><\/span><\/p>\n<p class=\"Omwienie\" style=\"text-align: justify;\"><span style=\"font-size: 12pt;\"><span style=\"font-family: 'Calibri',sans-serif;\">W rozporz\u0105dzeniu Ministra Zdrowia z&nbsp;dnia 8 wrze\u015bnia 2015 r. w&nbsp;sprawie og&oacute;lnych warunk&oacute;w um&oacute;w o&nbsp;udzielanie \u015bwiadcze\u0144 opieki zdrowotnej (Dz. U. poz. 1400)<\/span><span style=\"font-family: 'Calibri',sans-serif;\"> zmianie&nbsp;ulegnie brzmienie &sect; 3, za\u0142\u0105cznika do rozporz\u0105dzenia.<\/span><\/span><\/p>\n<p class=\"Tekstpraswki0\" style=\"text-align: justify;\"><span style=\"font-size: 12pt;\"><strong><span style=\"font-family: 'Calibri',sans-serif;\">U<\/span><\/strong><strong><span style=\"font-family: 'Calibri',sans-serif;\">stawa <\/span><\/strong><span style=\"font-family: 'Calibri',sans-serif;\">z dnia 11 wrze\u015bnia 2015 r. <\/span><span style=\"font-family: 'Calibri',sans-serif;\">o zmianie ustawy o&nbsp;\u015bwiadczeniach opieki zdrowotnej finansowanych ze \u015brodk&oacute;w publicznych<\/span><span style=\"font-family: 'Calibri',sans-serif;\"> (Dz. U. z&nbsp;2015 r., poz. 1692) <strong>&ndash; wejdzie w&nbsp;\u017cycie z&nbsp;dniem 7 listopada 2015 r. <\/strong><\/span><\/span><\/p>\n<p class=\"Omwienie\" style=\"text-align: justify;\"><span style=\"font-size: 12pt;\"><span style=\"font-family: 'Calibri',sans-serif;\">W ustawie z&nbsp;dnia 27 sierpnia 2004 r. o&nbsp;\u015bwiadczeniach opieki zdrowotnej finansowanych ze \u015brodk&oacute;w publicznych (Dz. U. z&nbsp;2015 r. poz. 581, z&nbsp;p&oacute;\u017an. zm.) <\/span><span style=\"font-family: 'Calibri',sans-serif;\">zmianie ulegnie brzmienie<\/span><span style=\"font-family: 'Calibri',sans-serif;\"> art. 4<\/span><span style=\"font-family: 'Calibri',sans-serif;\">6.<\/span><\/span><\/p>\n<p class=\"Tekstpraswki0\" style=\"text-align: justify;\"><span style=\"font-size: 12pt;\"><strong><span style=\"font-family: 'Calibri',sans-serif;\">Rozporz\u0105dzenie <\/span><\/strong><span style=\"font-family: 'Calibri',sans-serif;\">Ministra Pracy<\/span><span style=\"font-family: 'Calibri',sans-serif;\"> i<\/span><span style=\"font-family: 'Calibri',sans-serif;\"> Polityki Spo\u0142ecznej <\/span><span style=\"font-family: 'Calibri',sans-serif;\">z dnia 8 pa\u017adziernika 2015 r. <\/span><span style=\"font-family: 'Calibri',sans-serif;\">w<\/span><span style=\"font-family: 'Calibri',sans-serif;\">sprawie wysoko\u015bci op\u0142aty pobieranej przez Zak\u0142ad Ubezpiecze\u0144 Spo\u0142ecznych za<\/span><span style=\"font-family: 'Calibri',sans-serif;\">udost\u0119pnienie danych komornikom s\u0105dowym oraz sposobu jej wnoszenia<\/span><span style=\"font-family: 'Calibri',sans-serif;\"> (Dz.&nbsp;U.&nbsp;z&nbsp;2015 r., poz. 1701) <strong>&ndash; wejdzie w&nbsp;\u017cycie z&nbsp;dniem 1 stycznia 2016 r.<\/strong> <\/span><\/span><\/p>\n<p>&nbsp;<\/p>\n<p class=\"Dziedzinaprawa\" style=\"text-align: justify;\"><span style=\"font-size: 12pt;\"><strong><span style=\"font-family: 'Calibri',sans-serif;\">PROKURATORIA GENERALNA SKARBU PA\u0143STWA<\/span><\/strong><\/span><\/p>\n<p class=\"Tekstpraswki0\" style=\"text-align: justify;\"><span style=\"font-size: 12pt;\"><strong><span style=\"font-family: 'Calibri',sans-serif;\">U<\/span><\/strong><strong><span style=\"font-family: 'Calibri',sans-serif;\">stawa<\/span><\/strong><span style=\"font-family: 'Calibri',sans-serif;\"> z&nbsp;dnia 5 sierpnia 2015 r. <\/span><span style=\"font-family: 'Calibri',sans-serif;\">o zmianie ustawy o&nbsp;Prokuratorii Generalnej Skarbu Pa\u0144stwa oraz niekt&oacute;rych innych ustaw<\/span><span style=\"font-family: 'Calibri',sans-serif;\"> (Dz. U. z&nbsp;2015 r., poz. 1635) <strong>&ndash; wejdzie w&nbsp;\u017cycie z&nbsp;dniem 10 pa\u017adziernika 2015 r. <\/strong><\/span><\/span><\/p>\n<p class=\"Omwienie\" style=\"text-align: justify;\"><span style=\"font-size: 12pt;\"><span style=\"font-family: 'Calibri',sans-serif;\">W ustawie z&nbsp;dnia 8 lipca 2005 r. o&nbsp;Prokuratorii Generalnej Skarbu Pa\u0144stwa (Dz.<\/span><span style=\"font-family: 'Calibri',sans-serif;\">U.<\/span><span style=\"font-family: 'Calibri',sans-serif;\">z<\/span><span style=\"font-family: 'Calibri',sans-serif;\">2013<\/span><span style=\"font-family: 'Calibri',sans-serif;\">r. poz. 1150, z&nbsp;p&oacute;\u017an. zm.)<\/span><span style=\"font-family: 'Calibri',sans-serif;\"> zmianie ulegnie brzmienie art. 4 ust. 5 pkt 1, art. 8b, art. 29 ust. 1 pkt 3, art. 34, art. 38, art. 42 ust. 7, art. 43 ust. 1a, art. 52 ust. 4 i&nbsp;5, art. 55a, art. 57, art. 58, art. 60, art. 61, art. 62, art. 64, art. 67, dodany&nbsp;zostanie&nbsp;art. 8c, w&nbsp;art. 11 ust. 5-7, w&nbsp;art. 32 ust. 3-7, art. 60a.<\/span><\/span><\/p>\n<p class=\"Omwienie\" style=\"text-align: justify;\"><span style=\"font-size: 12pt; font-family: 'Calibri',sans-serif;\">W ustawie z&nbsp;dnia 17 listopada 1964 r. &#8211; Kodeks post\u0119powania cywilnego (Dz.&nbsp;U.&nbsp;z&nbsp;2014&nbsp;r.&nbsp;poz. 101, z&nbsp;p&oacute;\u017an. zm.) zmianie ulegnie brzmienie art. . 67, art. 87<sup>1<\/sup> &sect; 3, art. 99.<\/span><\/p>\n<p class=\"Omwienie\" style=\"text-align: justify;\"><span style=\"font-size: 12pt; font-family: 'Calibri',sans-serif;\">W ustawie z&nbsp;dnia 21 sierpnia 1997 r. o&nbsp;ograniczeniu prowadzenia dzia\u0142alno\u015bci gospodarczej przez osoby pe\u0142ni\u0105ce funkcje publiczne (Dz. U. z&nbsp;2006 r. Nr 216, poz. 1584, z&nbsp;p&oacute;\u017an. zm.) zmianie ulegnie brzmienie art. 2 pkt 3a.<\/span><\/p>\n<p>&nbsp;<\/p>\n<p class=\"Dziedzinaprawa\" style=\"text-align: justify;\"><span style=\"font-size: 12pt;\"><strong><span style=\"font-family: 'Calibri',sans-serif;\">PRAWO AUTORSKIE I&nbsp;PRAWO POKREWNE<\/span><\/strong><\/span><\/p>\n<p class=\"Tekstpraswki0\" style=\"text-align: justify;\"><span style=\"font-size: 12pt;\"><strong><span style=\"font-family: 'Calibri',sans-serif;\">U<\/span><\/strong><strong><span style=\"font-family: 'Calibri',sans-serif;\">stawa <\/span><\/strong><span style=\"font-family: 'Calibri',sans-serif;\">z dnia 11 wrze\u015bnia 2015 r. <\/span><span style=\"font-family: 'Calibri',sans-serif;\">o zmianie ustawy o&nbsp;prawie autorskim i&nbsp;prawach pokrewnych oraz ustawy o&nbsp;grach hazardowych<\/span><span style=\"font-family: 'Calibri',sans-serif;\"> (Dz. U. z&nbsp;2015 r., poz. 1639) <strong>&ndash; wejdzie&nbsp;w \u017cycie z&nbsp;dniem 20 listopada 2015 r., z&nbsp;wyj\u0105tkiem art. 1 pkt 19, 21, 24 i&nbsp;25, kt&oacute;re wchodz\u0105 w&nbsp;\u017cycie z&nbsp;dniem 1 stycznia 2016 r.<\/strong><\/span><\/span><\/p>\n<p class=\"Omwienie\" style=\"text-align: justify;\"><span style=\"font-size: 12pt;\"><span style=\"font-family: 'Calibri',sans-serif;\">W ustawie z&nbsp;dnia 4 lutego 1994 r. o&nbsp;prawie autorskim i&nbsp;prawach pokrewnych (Dz.<\/span><span style=\"font-family: 'Calibri',sans-serif;\">U.<\/span><span style=\"font-family: 'Calibri',sans-serif;\">z<\/span><span style=\"font-family: 'Calibri',sans-serif;\">2006 r. Nr 90, poz. 631, z&nbsp;p&oacute;\u017an. zm.)<\/span><span style=\"font-family: 'Calibri',sans-serif;\"> zmianie ulegnie brzmienie art. 6, art. 18, art. 23<sup>1<\/sup>, <\/span><\/span><\/p>\n<p class=\"Omwienie\" style=\"text-align: justify;\"><span style=\"font-size: 12pt; font-family: 'Calibri',sans-serif;\">art. 25 ust. 1, art. 27, art. 28, art. 29, art. 31, art. 33<sup>3<\/sup>, art. 77, art. 79 ust. 2, art. 101, art. 115 ust. 3, dodany zostanie art. 23<sup>2<\/sup>, art. 26<sup>1<\/sup>, art. 27<sup>1<\/sup>, art. 29<sup>1<\/sup>, art. 30<sup>1<\/sup>, w&nbsp;rozdziale&nbsp;3 dodaje si\u0119 oddzia\u0142y 4-6, art. 99<sup>6<\/sup>, uchylony zostanie art. 22, art. 30, w&nbsp;art.&nbsp;33 pkt 2, art. 40, rozdzia\u0142 13.<\/span><\/p>\n<p class=\"Omwienie\" style=\"text-align: justify;\"><span style=\"font-size: 12pt; font-family: 'Calibri',sans-serif;\">W ustawie z&nbsp;dnia 19 listopada 2009 r. o&nbsp;grach hazardowych (Dz. U. z&nbsp;2015 r. poz. 612 i&nbsp;1201) zmianie ulegnie brzmienie art. 87.<\/span><\/p>\n<p>&nbsp;<\/p>\n<p class=\"Dziedzinaprawa\" style=\"text-align: justify;\"><span style=\"font-size: 12pt;\"><strong><span style=\"font-family: 'Calibri',sans-serif;\">OCHRONA KONKURENCJI I&nbsp;KONSUMENT&Oacute;W<\/span><\/strong><\/span><\/p>\n<p class=\"Tekstpraswki0\" style=\"text-align: justify;\"><span style=\"font-size: 12pt;\"><strong><span style=\"font-family: 'Calibri',sans-serif;\">U<\/span><\/strong><strong><span style=\"font-family: 'Calibri',sans-serif;\">stawa <\/span><\/strong><span style=\"font-family: 'Calibri',sans-serif;\">z dnia 5 sierpnia 2015 r. <\/span><span style=\"font-family: 'Calibri',sans-serif;\">o zmianie ustawy o&nbsp;ochronie konkurencji i&nbsp;<\/span><span style=\"font-family: 'Calibri',sans-serif;\">konsument&oacute;w oraz niekt&oacute;rych innych ustaw<\/span><span style=\"font-family: 'Calibri',sans-serif;\"> (Dz. U. z&nbsp;2015 r., poz. 1634)<strong> &ndash; wejdzie&nbsp;w&nbsp;\u017cycie z&nbsp;dniem 17 kwietnia 2016 r., z&nbsp;wyj\u0105tkiem art. 2 pkt 2 w&nbsp;zakresie uchylanego art. 479<sup>45<\/sup> oraz art. 3, kt&oacute;re wchodz\u0105 w&nbsp;\u017cycie z&nbsp;dniem 18&nbsp;kwietnia 2016 r.<\/strong><\/span><\/span><\/p>\n<p class=\"Omwienie\" style=\"text-align: justify;\"><span style=\"font-size: 12pt;\"><span style=\"font-family: 'Calibri',sans-serif;\">W ustawie z&nbsp;dnia 16 lutego 2007 r. o&nbsp;ochronie konkurencji i&nbsp;konsument&oacute;w (Dz.<\/span><span style=\"font-family: 'Calibri',sans-serif;\">U.<\/span><span style=\"font-family: 'Calibri',sans-serif;\">z<\/span><span style=\"font-family: 'Calibri',sans-serif;\">2015<\/span><span style=\"font-family: 'Calibri',sans-serif;\">r. poz. 184 i&nbsp;1618)<\/span><span style=\"font-family: 'Calibri',sans-serif;\"> zmianie ulegnie brzmienie art. 1 ust. 2, art. 24 ust. 2, art. 25, art. 26, art. 27 ust. 4, art. 28 ust. 2, art. 31, art. 47, art. 49 ust. 1, art. 69 ust. 5, art. 76, art. 89, art. 106, art. 107, art. 111, dodany zostanie dzia\u0142 IIIa, art. 31b-31d, w&nbsp;art. 48 w&nbsp;ust. 2, pkt 1a, art. 49a, rozdzia\u0142 3a, art. 10a, art. 105, art. 105ia.<\/span><\/span><\/p>\n<p class=\"Omwienie\" style=\"text-align: justify;\"><span style=\"font-size: 12pt; font-family: 'Calibri',sans-serif;\">W ustawie z&nbsp;dnia 17 listopada 1964 r. &#8211; Kodeks post\u0119powania cywilnego (Dz.&nbsp;U.&nbsp;z&nbsp;2014&nbsp;r.&nbsp;poz. 101, z&nbsp;p&oacute;\u017an. zm.) zmianie ulegnie brzmienie cz\u0119\u015bci pierwszej w&nbsp;ksi\u0119dze pierwszej w&nbsp;tytule VII tytu\u0142 dzia\u0142u IVa, w&nbsp;cz\u0119\u015bci pierwszej w&nbsp;ksi\u0119dze pierwszej w&nbsp;tytule VII uchyla si\u0119 dzia\u0142 IVb.<\/span><\/p>\n<p class=\"Omwienie\" style=\"text-align: justify;\"><span style=\"font-size: 12pt; font-family: 'Calibri',sans-serif;\">W ustawie z&nbsp;dnia 20 maja 1971 r. &#8211; Kodeks wykrocze\u0144 (Dz. U. z&nbsp;2015 r. poz. 1094 i&nbsp;1485) uchyla si\u0119 art. 138b.<\/span><\/p>\n<p class=\"Omwienie\" style=\"text-align: justify;\"><span style=\"font-size: 12pt; font-family: 'Calibri',sans-serif;\">W ustawie z&nbsp;dnia 29 sierpnia 1997 r. &#8211; Prawo bankowe (Dz. U. z&nbsp;2015 r. poz. 128, z&nbsp;p&oacute;\u017an. zm.) zmianie ulegnie brzmienie art. 105 w&nbsp;ust. 1 w&nbsp;pkt 2 lit. r.<\/span><\/p>\n<p class=\"Omwienie\" style=\"text-align: justify;\"><span style=\"font-size: 12pt; font-family: 'Calibri',sans-serif;\">W ustawie z&nbsp;dnia 27 maja 2004 r. o&nbsp;funduszach inwestycyjnych (Dz. U. z&nbsp;2014 r. poz.&nbsp;157, z&nbsp;p&oacute;\u017an. zm.) w&nbsp;art. 281 w&nbsp;ust. 1 w&nbsp;pkt 11 kropk\u0119 zast\u0119puje si\u0119 \u015brednikiem i&nbsp;dodaje si\u0119 pkt 12.<\/span><\/p>\n<p class=\"Omwienie\" style=\"text-align: justify;\"><span style=\"font-size: 12pt; font-family: 'Calibri',sans-serif;\">W ustawie z&nbsp;dnia 29 lipca 2005 r. o&nbsp;obrocie instrumentami finansowymi (Dz. U. z&nbsp;2014 r. poz. 94, z&nbsp;p&oacute;\u017an. zm.) w&nbsp;art. 149 po pkt 9 dodaje si\u0119 pkt 9a.<\/span><\/p>\n<p>&nbsp;<\/p>\n<p class=\"Dziedzinaprawa\" style=\"text-align: justify;\"><span style=\"font-size: 12pt;\"><strong><span style=\"font-family: 'Calibri',sans-serif;\">POLICJA<\/span><\/strong><\/span><\/p>\n<p class=\"Tekstpraswki0\" style=\"text-align: justify;\"><span style=\"font-size: 12pt;\"><strong><span style=\"font-family: 'Calibri',sans-serif;\">Rozporz\u0105dzenie <\/span><\/strong><span style=\"font-family: 'Calibri',sans-serif;\">Ministra Spraw Wewn\u0119trznych<\/span><span style=\"font-family: 'Calibri',sans-serif;\">z dnia 29 wrze\u015bnia 2015 r. <\/span><span style=\"font-family: 'Calibri',sans-serif;\">w sprawie przetwarzania informacji przez Policj\u0119<\/span><span style=\"font-family: 'Calibri',sans-serif;\"> (Dz. U. z&nbsp;2015 r., poz. 1564) <strong>&ndash; wesz\u0142o w&nbsp;\u017cycie z&nbsp;dniem 9 pa\u017adziernika 2015 r. <\/strong><\/span><\/span><\/p>\n<p>&nbsp;<\/p>\n<p class=\"Dziedzinaprawa\" style=\"text-align: justify;\"><span style=\"font-size: 12pt;\"><strong><span style=\"font-family: 'Calibri',sans-serif;\">KSI\u0118GI WIECZYSTE I&nbsp;HIPOTEKA<\/span><\/strong><\/span><\/p>\n<p class=\"Tekstpraswki0\" style=\"text-align: justify;\"><span style=\"font-size: 12pt;\"><strong><span style=\"font-family: 'Calibri',sans-serif;\">Rozporz\u0105dzenie <\/span><\/strong><span style=\"font-family: 'Calibri',sans-serif;\">Ministra Sprawiedliwo\u015bci <\/span><span style=\"font-family: 'Calibri',sans-serif;\">z dnia 30 wrze\u015bnia 2015 r. <\/span><span style=\"font-family: 'Calibri',sans-serif;\">zmieniaj\u0105ce rozporz\u0105dzenie w&nbsp;sprawie zak\u0142adania i&nbsp;prowadzenia ksi\u0105g wieczystych w&nbsp;systemie informatycznym<\/span><span style=\"font-family: 'Calibri',sans-serif;\"> (Dz. U. z&nbsp;2015 r., poz. 1613) <strong>&ndash; wejdzie w&nbsp;\u017cycie z&nbsp;dniem 1 stycznia 2016 r. <\/strong><\/span><\/span><\/p>\n<p class=\"Omwienie\" style=\"text-align: justify;\"><span style=\"font-size: 12pt;\"><span style=\"font-family: 'Calibri',sans-serif;\">W rozporz\u0105dzeniu Ministra Sprawiedliwo\u015bci z&nbsp;dnia 21 listopada 2013 r. w&nbsp;sprawie zak\u0142adania i&nbsp;prowadzenia ksi\u0105g wieczystych w&nbsp;systemie informatycznym (Dz.<\/span><span style=\"font-family: 'Calibri',sans-serif;\">U.<\/span><span style=\"font-family: 'Calibri',sans-serif;\">poz.<\/span><span style=\"font-family: 'Calibri',sans-serif;\">1411 oraz z&nbsp;2014 r. poz. 1400 i&nbsp;1696) za\u0142\u0105cznik nr 1 do rozporz\u0105dzenia otrzymuje brzmienie okre\u015blone w&nbsp;za\u0142\u0105czniku do niniejszego rozporz\u0105dzenia.<\/span><\/span><\/p>\n<p>&nbsp;<\/p>\n<p class=\"Dziedzinaprawa\" style=\"text-align: justify;\"><span style=\"font-size: 12pt;\"><strong><span style=\"font-family: 'Calibri',sans-serif;\">ELEKTRYKA I&nbsp;ELEKTRONIKA<\/span><\/strong><\/span><\/p>\n<p class=\"Tekstpraswki0\" style=\"text-align: justify;\"><span style=\"font-size: 12pt;\"><strong><span style=\"font-family: 'Calibri',sans-serif;\">U<\/span><\/strong><strong><span style=\"font-family: 'Calibri',sans-serif;\">stawa <\/span><\/strong><span style=\"font-family: 'Calibri',sans-serif;\">z dnia 11 wrze\u015bnia 2015 r. <\/span><span style=\"font-family: 'Calibri',sans-serif;\">o zu\u017cytym sprz\u0119cie elektrycznym i&nbsp;elektronicznym <\/span><span style=\"font-family: 'Calibri',sans-serif;\">(<\/span><span style=\"font-family: 'Calibri',sans-serif;\">Dz.<\/span><span style=\"font-family: 'Calibri',sans-serif;\">U.<\/span><span style=\"font-family: 'Calibri',sans-serif;\"> z&nbsp;<\/span><span style=\"font-family: 'Calibri',sans-serif;\">2015<\/span><span style=\"font-family: 'Calibri',sans-serif;\"> r<\/span><span style=\"font-family: 'Calibri',sans-serif;\">.<\/span><span style=\"font-family: 'Calibri',sans-serif;\">, poz. <\/span><span style=\"font-family: 'Calibri',sans-serif;\">1688<\/span><span style=\"font-family: 'Calibri',sans-serif;\">) <strong>&ndash; wejdzie w&nbsp;\u017cycie z&nbsp;dniem 1 stycznia 2016 r. z&nbsp;wyj\u0105tkiem:<\/strong><\/span><\/span><\/p>\n<p class=\"Tekstpraswki0\" style=\"text-align: justify;\"><span style=\"font-size: 12pt;\"><strong><span style=\"font-family: 'Calibri',sans-serif;\">1) art. 102 pkt 2-6 oraz art. 108 pkt 2 i&nbsp;3, kt&oacute;re wchodz\u0105 w&nbsp;\u017cycie 7&nbsp;listopada&nbsp;2015 r.<\/span><\/strong><\/span><\/p>\n<p class=\"Tekstpraswki0\" style=\"text-align: justify;\"><span style=\"font-size: 12pt;\"><strong><span style=\"font-family: 'Calibri',sans-serif;\">2) art. 110, kt&oacute;ry wchodzi w&nbsp;\u017cycie z&nbsp;dniem 10 wrze\u015bnia 2015 r.;<\/span><\/strong><\/span><\/p>\n<p class=\"Tekstpraswki0\" style=\"text-align: justify;\"><span style=\"font-size: 12pt;\"><strong><span style=\"font-family: 'Calibri',sans-serif;\">3) art. 66-71 i&nbsp;art. 91 pkt 46-48, kt&oacute;re wchodz\u0105 w&nbsp;\u017cycie z&nbsp;dniem 1&nbsp;stycznia&nbsp;2017&nbsp;r.;<\/span><\/strong><\/span><\/p>\n<p class=\"Tekstpraswki0\" style=\"text-align: justify;\"><span style=\"font-size: 12pt;\"><strong><span style=\"font-family: 'Calibri',sans-serif;\">4) art. 2 ust. 2 pkt 4-10, art. 5 ust. 2 i&nbsp;art. 104 pkt 1 lit. b, kt&oacute;re wchodz\u0105 w&nbsp;\u017cycie z&nbsp;dniem 1 stycznia 2018 r.<\/span><\/strong><\/span><\/p>\n<p>&nbsp;<\/p>\n<p class=\"Dziedzinaprawa\" style=\"text-align: justify;\"><span style=\"font-size: 12pt;\"><strong><span style=\"font-family: 'Calibri',sans-serif; font-style: normal;\">ODPADY<\/span><\/strong><\/span><\/p>\n<p class=\"Tekstpraswki0\" style=\"text-align: justify;\"><span style=\"font-size: 12pt;\"><strong><span style=\"font-family: 'Calibri',sans-serif;\">Rozporz\u0105dzenie <\/span><\/strong><span style=\"font-family: 'Calibri',sans-serif;\">Ministra Gospodarki <\/span><span style=\"font-family: 'Calibri',sans-serif;\">z dnia 5 pa\u017adziernika 2015 r. <\/span><span style=\"font-family: 'Calibri',sans-serif;\">w sprawie szczeg&oacute;\u0142owego sposobu post\u0119powania z&nbsp;olejami odpadowymi<\/span><span style=\"font-family: 'Calibri',sans-serif;\"> (Dz.&nbsp;U.&nbsp;z&nbsp;2015&nbsp;r.,&nbsp;poz.&nbsp;1694) <strong>&ndash; wejdzie w&nbsp;\u017cycie z&nbsp;dniem 1 stycznia 2016 r.<\/strong> <\/span><\/span><\/p>\n<p>&nbsp;<\/p>\n<p class=\"Dziedzinaprawa\" style=\"text-align: justify;\"><span style=\"font-size: 12pt;\"><strong><span style=\"font-family: 'Calibri',sans-serif;\">STATYSTYKA PUBLICZNA<\/span><\/strong><\/span><\/p>\n<p class=\"Tekstpraswki0\" style=\"text-align: justify;\"><span style=\"font-size: 12pt;\"><strong><span style=\"font-family: 'Calibri',sans-serif;\">Rozporz\u0105dzenie <\/span><\/strong><span style=\"font-family: 'Calibri',sans-serif;\">Rady Ministr&oacute;w <\/span><span style=\"font-family: 'Calibri',sans-serif;\">z dnia 4 wrze\u015bnia 2015 r.<\/span><span style=\"font-family: 'Calibri',sans-serif;\">w sprawie Polskiej Klasyfikacji Wyrob&oacute;w i&nbsp;Us\u0142ug (PKWiU)<\/span><span style=\"font-family: 'Calibri',sans-serif;\"> (Dz. U. z&nbsp;2015 r., poz. 1676) <strong>&ndash; wejdzie w&nbsp;\u017cycie z&nbsp;dniem 1 stycznia 2016 r. <\/strong><\/span><\/span><\/p>\n<p>&nbsp;<\/p>\n<p class=\"NowePrawo\" style=\"text-align: justify;\"><span style=\"font-size: 12pt;\"><strong><span style=\"font-family: 'Calibri',sans-serif;\">_____Orzecznictwo<\/span><\/strong><\/span><\/p>\n<p class=\"SdNajwyszy\" style=\"text-align: justify;\"><span style=\"font-size: 12pt;\"><strong><span style=\"font-family: 'Calibri',sans-serif;\">Trybuna\u0142 Konstytucyjny; Trybuna\u0142 Sprawiedliwo\u015bci Unii Europejskiej<\/span><\/strong><\/span><\/p>\n<p class=\"Dziedzinaprawa\" style=\"text-align: justify;\"><span style=\"font-size: 12pt;\"><strong><span style=\"font-family: 'Calibri',sans-serif;\">KOSZTY PROCESU<\/span><\/strong><\/span><\/p>\n<p class=\"Tekstpraswki0\" style=\"text-align: justify;\"><span style=\"font-size: 12pt; font-family: 'Calibri',sans-serif;\">Trybuna\u0142 Konstytucyjny stwierdzi\u0142, \u017ce odmienne potraktowanie stron post\u0119powania o&nbsp;wznowienie pod wzgl\u0119dem zaskar\u017calno\u015bci postanowienia o&nbsp;jego kosztach podyktowane jest przede wszystkim szczeg&oacute;ln\u0105 pozycj\u0105 ustrojow\u0105 S\u0105du Najwy\u017cszego jako najwy\u017cszej poza pewnymi \u015bci\u015ble okre\u015blonymi wyj\u0105tkami &ndash; w&nbsp;spos&oacute;b ostateczny, a&nbsp;od jego orzecze\u0144, co do zasady, nie przewiduje si\u0119 \u015brodk&oacute;w zaskar\u017cenia. Trybuna\u0142 Konstytucyjny orzek\u0142, \u017ce&nbsp;art. 3941 &sect; 3 ustawy z&nbsp;17 listopada 1964 r. &ndash; Kodeks post\u0119powania cywilnego w&nbsp;zakresie, w&nbsp;jakim nie przewiduje mo\u017cliwo\u015bci zaskar\u017cenia orzeczenia o&nbsp;kosztach post\u0119powania wydanego po raz pierwszy przez S\u0105d Najwy\u017cszy, jest zgodny z&nbsp;art. 45 ust. 1 w&nbsp;zwi\u0105zku z&nbsp;art. 78 i&nbsp;art. 32 ust. 1 konstytucji oraz nie jest niezgodny z&nbsp;art. 176 ust. 1 konstytucji. Trybuna\u0142 podkre\u015bli\u0142, \u017ce odmienne potraktowanie stron post\u0119powania o&nbsp;wznowienie pod wzgl\u0119dem zaskar\u017calno\u015bci postanowienia o&nbsp;jego kosztach podyktowane jest przede wszystkim szczeg&oacute;ln\u0105 pozycj\u0105 ustrojow\u0105 S\u0105du Najwy\u017cszego jako najwy\u017cszej instancji s\u0105downiczej w&nbsp;polskim systemie prawnym, kt&oacute;ry rozstrzyga sprawy &ndash; poza&nbsp;pewnymi \u015bci\u015ble okre\u015blonymi wyj\u0105tkami &ndash; w&nbsp;spos&oacute;b ostateczny, a&nbsp;od jego orzecze\u0144, co do zasady, nie przewiduje si\u0119 \u015brodk&oacute;w zaskar\u017cenia <strong>&ndash; Wyrok Trybuna\u0142u Konstytucyjnego z&nbsp;dnia 13 pa\u017adziernika 2015 r., sygn. akt SK 63\/12.<\/strong><\/span><\/p>\n<p>&nbsp;<\/p>\n<p class=\"Dziedzinaprawa\" style=\"text-align: justify;\"><span style=\"font-size: 12pt;\"><strong><span style=\"font-family: 'Calibri',sans-serif;\">ZASADY POBIERANIA OP\u0141ATY EGZEKUCYJNEJ PRZEZ KOMORNIKA<\/span><\/strong><\/span><\/p>\n<p class=\"Tekstpraswki0\" style=\"text-align: justify;\"><span style=\"font-size: 12pt; font-family: 'Calibri',sans-serif;\">Trybuna\u0142 Konstytucyjny stwierdzi\u0142, \u017ce ustalenie jednakowej op\u0142aty egzekucyjnej niezale\u017cnej od tego, czy obowi\u0105zek opr&oacute;\u017cnienia lokalu z&nbsp;rzeczy lub os&oacute;b zostanie spe\u0142niony dobrowolnie czy te\u017c przymusowo spe\u0142niony, oznacza r&oacute;wne traktowanie pod&nbsp;wzgl\u0119dem maj\u0105tkowym podmiot&oacute;w, kt&oacute;re nie posiadaj\u0105 wsp&oacute;lnej cechy istotnej, a&nbsp;tym samym ich sytuacja nie zas\u0142uguje na zr&oacute;wnanie. Zdaniem Trybuna\u0142u regulacja wynikaj\u0105ca z&nbsp;zakwestionowanych przepis&oacute;w jest nieadekwatna do cel&oacute;w unormowania, poniewa\u017c nie stawia w&nbsp;korzystniejszej sytuacji d\u0142u\u017cnik&oacute;w, kt&oacute;rzy dobrowolnie wykonuj\u0105 zobowi\u0105zania. Jednakowa op\u0142ata sta\u0142a z&nbsp;tytu\u0142u opr&oacute;\u017cnienia lokalu z&nbsp;rzeczy lub os&oacute;b zostanie bowiem pobrana zar&oacute;wno przy dobrowolnym, jak i&nbsp;przymusowym wykonaniu tego obowi\u0105zku. Ustalenie jednakowej op\u0142aty egzekucyjnej niezale\u017cnej od tego, czy&nbsp;obowi\u0105zek dobrowolnie czy te\u017c przymusowo zostanie spe\u0142niony, oznacza r&oacute;wne traktowanie pod wzgl\u0119dem maj\u0105tkowym podmiot&oacute;w, kt&oacute;re nie posiadaj\u0105 wsp&oacute;lnej cechy istotnej, a&nbsp;tym samym &ndash; zasadniczo &ndash; ich sytuacja nie zas\u0142uguje na zr&oacute;wnanie. Jest&nbsp;to&nbsp;argument za naruszeniem w&nbsp;kwestionowanych przepisach nie tylko zasady r&oacute;wno\u015bci (wyprowadzanej w&nbsp;niniejszej sprawie z&nbsp;art. 64 ust. 2 konstytucji) i&nbsp;sprawiedliwo\u015bci spo\u0142ecznej, ale tak\u017ce zasady proporcjonalno\u015bci ingerencji ustawodawczej w&nbsp;sfer\u0119 praw maj\u0105tkowych d\u0142u\u017cnika, kt&oacute;ry dobrowolnie wykona\u0142 w&nbsp;terminie obowi\u0105zek opr&oacute;\u017cnienia lokalu mieszkalnego z&nbsp;rzeczy lub os&oacute;b, po wezwaniu przez komornika <strong>&ndash; Wyrok&nbsp;Trybuna\u0142u Konstytucyjnego z&nbsp;dnia 13 pa\u017adziernika 2015&nbsp;r. sygn. akt P&nbsp;3\/14.<\/strong><\/span><\/p>\n<p>&nbsp;<\/p>\n<p class=\"Dziedzinaprawa\" style=\"text-align: justify;\"><span style=\"font-size: 12pt;\"><strong><span style=\"font-family: 'Calibri',sans-serif;\">PRAWO O&nbsp;USTROJU S\u0104D&Oacute;W POWSZECHNYCH<\/span><\/strong><\/span><\/p>\n<p class=\"Tekstpraswki0\" style=\"text-align: justify;\"><span style=\"font-size: 12pt;\"><span style=\"font-family: 'Calibri',sans-serif;\">Trybuna\u0142 Konstytucyjny stwierdzi\u0142, <\/span><span style=\"font-family: 'Calibri',sans-serif;\">\u017ce <\/span><span style=\"font-family: 'Calibri',sans-serif;\">przyznanie Ministrowi Sprawiedliwo\u015bci kompetencji do \u017c\u0105dania przes\u0142ania akt spraw s\u0105dowych ingeruje w&nbsp;istot\u0119 w\u0142adzy s\u0105downiczej oraz<\/span><span style=\"font-family: 'Calibri',sans-serif;\">narusza zasad\u0119 niezawis\u0142o\u015bci s\u0119dziowskiej<\/span><span style=\"font-family: 'Calibri',sans-serif;\">.<\/span><span style=\"font-family: 'Calibri',sans-serif;\">zakwestionowany przepis powoduje wkroczenie przez organ w\u0142adzy wykonawczej w&nbsp;sfer\u0119 kompetencyjn\u0105 zastrze\u017con\u0105 jedynie dla s\u0105d&oacute;w. Zasada niezawis\u0142o\u015bci odnosi si\u0119 do wszystkich dzia\u0142a\u0144 s\u0119dziego zwi\u0105zanych z&nbsp;zarz\u0105dzaniem procesem orzekania oraz dzia\u0142a\u0144 podejmowanych w&nbsp;zwi\u0105zku z&nbsp;procesem orzekania. S\u0119dzia powinien mie\u0107 zagwarantowan\u0105 swobod\u0119 podejmowania decyzji niezale\u017cnie od etapu post\u0119powania, na kt&oacute;rym jest ona podejmowana. Wyst\u0105pienie&nbsp;przez&nbsp;Ministra Sprawiedliwo\u015bci z&nbsp;\u017c\u0105daniem przes\u0142ania akt sprawy w&nbsp;toku zaburza tok rozpoznania okre\u015blonej sprawy, a&nbsp;ponadto mo\u017ce wywo\u0142ywa\u0107 presj\u0119 na&nbsp;s\u0119dziego, a&nbsp;tym samym oddzia\u0142ywa\u0107 na spos&oacute;b rozstrzygni\u0119cia sprawy. Trybuna\u0142&nbsp;Konstytucyjny zauwa\u017cy\u0142, \u017ce w&nbsp;obecnym stanie prawnym Minister Sprawiedliwo\u015bci dysponuje wystarczaj\u0105cymi narz\u0119dziami umo\u017cliwiaj\u0105cymi efektywne sprawowanie nadzoru nad sprawowaniem wewn\u0119trznego nadzoru administracyjnego przez prezes&oacute;w s\u0105d&oacute;w. Ustawodawca, w&nbsp;celu zapewnienia efektywnego sprawowania nadzoru zewn\u0119trznego, przyzna\u0142 ministrowi wiele zada\u0144, kompetencji i&nbsp;\u015brodk&oacute;w&nbsp;oddzia\u0142ywania. Kwestionowany przepis stanowi nadmiern\u0105 ingerencj\u0119 w&nbsp;zasad\u0119 niezale\u017cno\u015bci w\u0142adzy s\u0105downiczej oraz zasad\u0119 niezawis\u0142o\u015bci s\u0119dziowskiej, a&nbsp;tak\u017ce narusza wywodzony z&nbsp;art. 2 konstytucji zakaz nadmiernej ingerencji w\u0142adzy wykonawczej w&nbsp;dzia\u0142alno\u015b\u0107 w\u0142adzy s\u0105downiczej <strong>&ndash; Wyrok Trybuna\u0142u Konstytucyjnego z&nbsp;dnia 14&nbsp;pa\u017adziernika 2015 r., sygn. akt Kp 1\/15.<\/strong><\/span><\/span><\/p>\n<p>&nbsp;<\/p>\n<p class=\"Dziedzinaprawa\" style=\"text-align: justify;\"><span style=\"font-size: 12pt;\"><strong><span style=\"font-family: 'Calibri',sans-serif;\">STRA\u017b PO\u017bARNA<\/span><\/strong><\/span><\/p>\n<p class=\"Tekstpraswki0\" style=\"text-align: justify;\"><span style=\"font-size: 12pt;\"><span style=\"font-family: 'Calibri',sans-serif;\">Trybuna\u0142 Konstytucyjny stwierdzi\u0142, \u017ce b<\/span><span style=\"font-family: 'Calibri',sans-serif;\">rak prawa do rekompensaty finansowej za okres przed\u0142u\u017conej s\u0142u\u017cby odbytej przed 1 lipca 2010 r. nie narusza art. 66 ust. 2 konstytucji, skoro przepisy obowi\u0105zuj\u0105ce w&nbsp;tym okresie gwarantowa\u0142y stra\u017cakowi czas wolny od<\/span><span style=\"font-family: 'Calibri',sans-serif;\">pracy w&nbsp;postaci p\u0142atnego dodatkowego urlopu wypoczynkowego<\/span><span style=\"font-family: 'Calibri',sans-serif;\">. Pierwszy z&nbsp;zarzut&oacute;w zg\u0142oszony przez skar\u017c\u0105cego pod adresem art. 2 nowelizacji dotyczy\u0142 naruszenia istoty prawa do rekompensaty za przed\u0142u\u017cony czas s\u0142u\u017cby. Prawo to skar\u017c\u0105cy wywodzi\u0142 z&nbsp;art.&nbsp;66 ust. 2 konstytucji, kt&oacute;ry gwarantuje pracownikowi prawo do okre\u015blonych w&nbsp;ustawie dni wolnych od pracy, corocznych p\u0142atnych urlop&oacute;w oraz maksymalnych norm czasu pracy. W&nbsp;ocenie Trybuna\u0142u, istota prawa do rekompensaty za przed\u0142u\u017cony czas s\u0142u\u017cby nie zosta\u0142a naruszona. Trybuna\u0142 uzna\u0142 zatem, \u017ce brak prawa do rekompensaty finansowej za okres przed\u0142u\u017conej s\u0142u\u017cby odbytej przed 1 lipca 2010 r. nie narusza art.&nbsp;66&nbsp;ust. 2 konstytucji, skoro przepisy obowi\u0105zuj\u0105ce w&nbsp;tym okresie gwarantowa\u0142y stra\u017cakowi czas wolny od pracy w&nbsp;postaci p\u0142atnego dodatkowego urlopu wypoczynkowego. Drugi zarzut dotyczy\u0142 naruszenia prawa do r&oacute;wnej ochrony rekompensaty za przed\u0142u\u017cony czas s\u0142u\u017cby (art. 64 ust. 2 konstytucji). Skar\u017c\u0105cy&nbsp;podkre\u015bla\u0142 zr&oacute;\u017cnicowanie ochrony prawnej przyznanej stra\u017cakom znajduj\u0105cym si\u0119 w&nbsp;takiej jak on sytuacji prawnej oraz stra\u017cakom, kt&oacute;rym prze\u0142o\u017cony udzieli\u0142 czasu wolnego w&nbsp;zamian za przed\u0142u\u017cony czas s\u0142u\u017cby, a&nbsp;tak\u017ce funkcjonariuszom innych s\u0142u\u017cb mundurowych, kt&oacute;rzy mieli prawo do rekompensaty finansowej. Trybuna\u0142 orzek\u0142, \u017ce&nbsp;w&nbsp;\u017cadnej z&nbsp;tych sytuacji nie nast\u0105pi\u0142o naruszenie art. 64 ust. 2 konstytucji. S\u0142u\u017cby mundurowe s\u0105 kategori\u0105 zbiorcz\u0105, w&nbsp;sk\u0142ad kt&oacute;rej wchodz\u0105 grupy zawodowe o&nbsp;do\u015b\u0107 zr&oacute;\u017cnicowanej specyfice cel&oacute;w i&nbsp;zada\u0144, kompetencji i&nbsp;uprawnie\u0144 oraz trybu samej s\u0142u\u017cby. W&nbsp;konsekwencji, z&nbsp;samej przynale\u017cno\u015bci do omawianej kategorii nie mo\u017cna a&nbsp;priori wysnuwa\u0107 wniosku, \u017ce status prawny poszczeg&oacute;lnych profesji do niej zaliczanych powinien by\u0107 kszta\u0142towany przez ustawodawc\u0119 w&nbsp;spos&oacute;b identyczny. Trybuna\u0142 uzna\u0142, \u017ce&nbsp;odmienne uregulowanie prawa do rekompensaty za przed\u0142u\u017cony czas s\u0142u\u017cby w&nbsp;przypadku stra\u017cak&oacute;w i&nbsp;funkcjonariuszy innych s\u0142u\u017cb mundurowych nie narusza art.&nbsp;64&nbsp;ust. 2 konstytucji &ndash;<strong> Wyrok Trybuna\u0142u Konstytucyjnego z&nbsp;dnia 5&nbsp;pa\u017adziernika 2015 r., sygn. akt SK 39\/14.<\/strong><\/span><\/span><\/p>\n<p>&nbsp;<\/p>\n<p class=\"Dziedzinaprawa\" style=\"text-align: justify;\"><span style=\"font-size: 12pt;\"><strong><span style=\"font-family: 'Calibri',sans-serif;\">WOLNO\u015a\u0106 SUMIENIA I&nbsp;WYZNANIA<\/span><\/strong><\/span><\/p>\n<p class=\"Tekstpraswki0\" style=\"text-align: justify;\"><span style=\"font-size: 12pt; font-family: 'Calibri',sans-serif;\">Trybuna\u0142 Konstytucyjny uzna\u0142, \u017ce penalizacja obrazy uczu\u0107 religijnych nie narusza istoty wolno\u015bci wyra\u017cania swoich pogl\u0105d&oacute;w, ale wolno\u015b\u0107 t\u0119 ogranicza zgodnie z&nbsp;zasad\u0105 proporcjonalno\u015bci. W&nbsp;ocenie Trybuna\u0142u Konstytucyjnego, art. 196 k.k. nie narusza istoty wolno\u015bci wyra\u017cania pogl\u0105d&oacute;w, o&nbsp;kt&oacute;rej mowa w&nbsp;art. 54 ust. 1 konstytucji. Trudno&nbsp;bowiem&nbsp;uzna\u0107, \u017ce istota swobody wypowiedzi sprowadza si\u0119 do wyra\u017cania pogl\u0105d&oacute;w zniewa\u017caj\u0105cych czy obra\u017caj\u0105cych uczucia innych os&oacute;b, a&nbsp;wi\u0119c okazywania pogardy za pomoc\u0105 obra\u017aliwych lub poni\u017caj\u0105cych sformu\u0142owa\u0144, gest&oacute;w, kt&oacute;re&nbsp;nie&nbsp;podlegaj\u0105 kwalifikacji w&nbsp;kategoriach prawdy i&nbsp;fa\u0142szu. Zdaniem Trybuna\u0142u Konstytucyjnego nie ulega jednak w\u0105tpliwo\u015bci, \u017ce penalizacja obrazy uczu\u0107 religijnych stanowi ograniczenie konstytucyjnej wolno\u015bci wyra\u017cania swoich pogl\u0105d&oacute;w. Ma&nbsp;ona&nbsp;jednak&nbsp;przeciwdzia\u0142a\u0107 takiemu rodzajowi &bdquo;krytyki&rdquo;, kt&oacute;ry polega na&nbsp;zast\u0119powaniu, z&nbsp;powo\u0142aniem si\u0119 na wolno\u015b\u0107 s\u0142owa, argument&oacute;w merytorycznych &ndash; zniewagami, kt&oacute;re nie mog\u0105 by\u0107 standardem akceptowanym w&nbsp;demokratycznym pa\u0144stwie. Zdaniem TK, istota problemu tkwi w&nbsp;ustaleniu, czy mamy do czynienia z&nbsp;w\u0142a\u015bciwymi instrumentami prawnej ochrony oraz proporcjonalnymi ci\u0119\u017carami na\u0142o\u017conymi na obywateli &ndash; art. 31 ust. 3 konstytucji. W&nbsp;ocenie Trybuna\u0142u Konstytucyjnego, zagro\u017cenie grzywn\u0105 jest w&nbsp;przypadku obrazy uczu\u0107 religijnych z&nbsp;art.&nbsp;196 k.k. kar\u0105 adekwatn\u0105 i&nbsp;z ca\u0142\u0105 pewno\u015bci\u0105 nienadmiernie dolegliw\u0105, a&nbsp;wi\u0119c&nbsp;proporcjonalnym ci\u0119\u017carem na\u0142o\u017conym w&nbsp;tym wypadku na obywateli. To,&nbsp;czy&nbsp;dany&nbsp;czyn zabroniony jest \u015bcigany z&nbsp;oskar\u017cenia publicznego przez organ dzia\u0142aj\u0105cy z&nbsp;urz\u0119du, nie ma i&nbsp;nie powinno mie\u0107 wp\u0142ywu na zakres jego penalizacji, a&nbsp;co&nbsp;za&nbsp;tym idzie, na&nbsp;ograniczenie wolno\u015bci i&nbsp;praw sprawcy. W&nbsp;przeciwnym przypadku nale\u017ca\u0142oby uzna\u0107, \u017ce&nbsp;mamy do czynienia z&nbsp;r&oacute;\u017cnymi z&nbsp;punktu widzenia dolegliwo\u015bci dla sprawcy przest\u0119pstwa trybami \u015bcigania. Nie liczy\u0142aby si\u0119 zatem sama kryminalizacja czynu i&nbsp;zagro\u017cenie okre\u015blonymi sankcjami karnymi, ale tryb jego \u015bcigania &ndash; publicznoskargowy czy te\u017c prywatnoskargowy. Trybuna\u0142 Konstytucyjny uzna\u0142 tym samym, \u017ce zastosowane \u015brodki ograniczenia w&nbsp;art. 196 k.k. konstytucyjnej wolno\u015bci wyra\u017cania pogl\u0105d&oacute;w nie&nbsp;mo\u017cna uzna\u0107 za nieproporcjonalne, tj. nieprzydatne i&nbsp;nieprowadz\u0105ce do zamierzonego celu, czy te\u017c nadmiernie dolegliwe &ndash; art. 31 ust. 3 konstytucji <strong>&ndash; Wyrok Trybuna\u0142u Konstytucyjnego z&nbsp;dnia 6 pa\u017adziernika 2015 r. sygn. akt SK 54\/13<\/strong><\/span><\/p>\n<p>&nbsp;<\/p>\n<p class=\"Dziedzinaprawa\" style=\"text-align: justify;\"><span style=\"font-size: 12pt;\"><strong><span style=\"font-family: 'Calibri',sans-serif;\">ZASADY WYP\u0141ATY \u015aWIADCZE\u0143 Z&nbsp;POMOCY SPO\u0141ECZNEJ<\/span><\/strong><\/span><\/p>\n<p class=\"Tekstpraswki0\" style=\"text-align: justify;\"><span style=\"font-size: 12pt;\"><span style=\"font-family: 'Calibri',sans-serif;\">Trybuna\u0142 Konstytucyjny stwierdzi\u0142, \u017ce <\/span><span style=\"font-family: 'Calibri',sans-serif;\">ustalenie osobie charakteryzuj\u0105cej si\u0119 znacznym stopniem niepe\u0142nosprawno\u015bci prawa do zasi\u0142ku sta\u0142ego pocz\u0105wszy od miesi\u0105ca, w&nbsp;kt&oacute;rym wp\u0142yn\u0105\u0142 wniosek z&nbsp;prawid\u0142owo wype\u0142nionymi dokumentami jest niezgodne z&nbsp;konstytucj\u0105<\/span><span style=\"font-family: 'Calibri',sans-serif;\">. Z&nbsp;uwagi na prowadzenie przez r&oacute;\u017cne organy dw&oacute;ch odr\u0119bnych post\u0119powa\u0144 &#8211; pierwszego, w&nbsp;sprawie ustalenia stopnia niepe\u0142nosprawno\u015bci i&nbsp;drugiego, w&nbsp;sprawie przyznania zasi\u0142ku sta\u0142ego &#8211; osoba faktycznie spe\u0142niaj\u0105ca przes\u0142anki wskazane w&nbsp;art. 67 ust. 2 konstytucji mo\u017ce pozostawa\u0107 bez pomocy pa\u0144stwa. Ta specyficzna luka w&nbsp;nabyciu \u015bwiadczenia, powstaj\u0105ca mi\u0119dzy dat\u0105 ustalenia niepe\u0142nosprawno\u015bci a&nbsp;dat\u0105 z\u0142o\u017cenia wniosku o&nbsp;zasi\u0142ek sta\u0142y, w&nbsp;ocenie Trybuna\u0142u, prowadzi do niezgodno\u015bci z&nbsp;art. 67 ust. w&nbsp;zwi\u0105zku z&nbsp;art.&nbsp;2&nbsp;konstytucji. Cho\u0107 art. 67 ust. 2 konstytucji nie okre\u015bla bezpo\u015brednio wysoko\u015bci, charakteru, przes\u0142anek ani trybu przyznawania \u015bwiadcze\u0144 gwarantuj\u0105cych prawo do&nbsp;pomocy spo\u0142ecznej, to elementy te musz\u0105 by\u0107 ukszta\u0142towane w&nbsp;taki spos&oacute;b, by&nbsp;osoba&nbsp;niezdolna do pracy i&nbsp;pozostaj\u0105ca bez \u015brodk&oacute;w do \u017cycia, mog\u0142a naby\u0107 \u015bwiadczenia wchodz\u0105ce w&nbsp;zakres tego prawa. Na gruncie art. 106 ust. 3 zaskar\u017conej ustawy musz\u0105 wyst\u0105pi\u0107 dwie przes\u0142anki: niezdolno\u015b\u0107 do pracy osoby legitymuj\u0105cej si\u0119 orzeczeniem o&nbsp;znacznym lub umiarkowanym stopniu niepe\u0142nosprawno\u015bci oraz brak \u015brodk&oacute;w utrzymania <strong>&ndash; Wyrok Trybuna\u0142u Konstytucyjnego z&nbsp;dnia 6 pa\u017adziernika 2015 r., sygn. akt SK 19\/14<\/strong><\/span><\/span><\/p>\n<p>&nbsp;<\/p>\n<p class=\"Dziedzinaprawa\" style=\"text-align: justify;\"><span style=\"font-size: 12pt;\"><strong><span style=\"font-family: 'Calibri',sans-serif;\">PRAWO DO ODMOWY WYKONANIA \u015aWIADCZENIA ZDROWOTNEGO NIEZGODNEGO Z&nbsp;SUMIENIEM<\/span><\/strong><\/span><\/p>\n<p class=\"Tekstpraswki0\" style=\"text-align: justify;\"><span style=\"font-size: 12pt; font-family: 'Calibri',sans-serif;\">Trybuna\u0142 Konstytucyjny stwierdzi\u0142, \u017ce zakwestionowane przez Naczeln\u0105 Rad\u0119 Lekarsk\u0105 sformu\u0142owanie &bdquo;inne przypadki niecierpi\u0105ce zw\u0142oki&rdquo; jest zbyt og&oacute;lne. Nie pozwala bowiem na identyfikacj\u0119 warto\u015bci czy praw konstytucyjnych, wskazanych w&nbsp;art. 31 ust. 3 konstytucji, kt&oacute;rych realizacja mo\u017ce uzasadnia\u0107 ograniczenie wolno\u015bci sumienia. Zdaniem&nbsp;Trybuna\u0142u wolno\u015b\u0107 sumienia &ndash; w&nbsp;tym ten jej element, kt&oacute;rym jest sprzeciw sumienia &ndash; musi by\u0107 respektowana niezale\u017cnie od tego, czy istniej\u0105 przepisy ustawowe j\u0105&nbsp;potwierdzaj\u0105ce. Ustawodawca nie mo\u017ce wi\u0119c dowolnie kszta\u0142towa\u0107 albo znosi\u0107 tego &bdquo;przywileju&rdquo;, lecz musi respektowa\u0107 konstytucyjne warunki ustanawiania ogranicze\u0144 wolno\u015bci i&nbsp;praw cz\u0142owieka i&nbsp;obywatela. Trybuna\u0142 Konstytucyjny stwierdzi\u0142, \u017ce&nbsp;unormowanie, zgodnie z&nbsp;kt&oacute;rym to lekarz jest osobi\u015bcie zobowi\u0105zany do udzielenia pacjentowi informacji o&nbsp;realnych mo\u017cliwo\u015bciach uzyskania \u015bwiadczenia medycznego, jest narz\u0119dziem nieprzydatnym do osi\u0105gni\u0119cia celu za\u0142o\u017conego przez ustawodawc\u0119 &ndash; zapewnienia pacjentowi jak najszybszego uzyskania \u015bwiadczenia. Oceniana regulacja nie&nbsp;jest te\u017c konieczna dla zagwarantowania pacjentom dost\u0119pu do informacji publicznej oraz zachowania porz\u0105dku publicznego w&nbsp;demokratycznym pa\u0144stwie prawnym. Ustawodawca m&oacute;g\u0142 i&nbsp;powinien zastosowa\u0107 inne, bardziej efektywne, sposoby informowania pacjenta o&nbsp;realnej mo\u017cliwo\u015bci uzyskania \u015bwiadczenia zdrowotnego &ndash; <strong>Wyrok Trybuna\u0142u Konstytucyjnego z&nbsp;dnia 7 pa\u017adziernika 2015 r., sygn. akt K&nbsp;12\/14.<\/strong><\/span><\/p>\n<p>&nbsp;<\/p>\n<p class=\"Dziedzinaprawa\" style=\"text-align: justify;\"><span style=\"font-size: 12pt;\"><strong><span style=\"font-family: 'Calibri',sans-serif;\">SP&Oacute;\u0141DZIELNIE MIESZKANIOWE<\/span><\/strong><\/span><\/p>\n<p class=\"Tekstpraswki0\" style=\"text-align: justify;\"><span style=\"font-size: 12pt;\"><span style=\"font-family: 'Calibri',sans-serif;\">Trybuna\u0142 Konstytucyjny stwierdzi\u0142, \u017ce <\/span><span style=\"font-family: 'Calibri',sans-serif;\">mo\u017cliwo\u015b\u0107 wyst\u0105pienia przez sp&oacute;\u0142dzielni\u0119 mieszkaniow\u0105 z&nbsp;\u017c\u0105daniem przymusowej sprzeda\u017cy sp&oacute;\u0142dzielczego w\u0142asno\u015bciowego prawa do lokalu w&nbsp;przypadku d\u0142ugotrwa\u0142ych zaleg\u0142o\u015bci z&nbsp;zap\u0142at\u0105 op\u0142at eksploatacyjnych nie<\/span><span style=\"font-family: 'Calibri',sans-serif;\">narusza konstytucyjnych gwarancji ochrony praw maj\u0105tkowych<\/span><span style=\"font-family: 'Calibri',sans-serif;\">. Zdaniem Trybuna\u0142u, ustawodawca &ndash; ze wzgl\u0119du na potrzeb\u0119 ochrony praw maj\u0105tkowych innych os&oacute;b &ndash; by\u0142&nbsp;uprawniony do ustanowienia mechanizmu, kt&oacute;ry pozwoli uwolni\u0107 si\u0119 sp&oacute;\u0142dzielni od&nbsp;stosunku prawnego z&nbsp;osob\u0105, kt&oacute;ra zajmuje lokal bez ponoszenia koszt&oacute;w jego&nbsp;eksploatacji i&nbsp;utrzymania. Przymusowa sprzeda\u017c sp&oacute;\u0142dzielczego prawa do lokalu jest&nbsp;swoist\u0105 sankcj\u0105 organizacyjn\u0105 za naruszenie obowi\u0105zk&oacute;w przez cz\u0142onka sp&oacute;\u0142dzielni, stosowan\u0105 w&nbsp;razie konieczno\u015bci rozwi\u0105zania powa\u017cnego konfliktu interes&oacute;w w&nbsp;ramach zbiorowo\u015bci cz\u0142onk&oacute;w sp&oacute;\u0142dzielni oraz zapewnienia jej warunk&oacute;w do normalnego, harmonijnego funkcjonowania. Cel ten jest uzasadniony tak\u017ce z&nbsp;uwagi na konstytucyjn\u0105 powinno\u015b\u0107 ochrony porz\u0105dku publicznego.<\/span><span style=\"font-family: 'Calibri',sans-serif;\">Trybuna\u0142 uzna\u0142, \u017ce ograniczenie ochrony praw maj\u0105tkowych osoby d\u0142ugotrwale zalegaj\u0105cej z&nbsp;zap\u0142at\u0105 nale\u017cnych op\u0142at ze wzgl\u0119du na&nbsp;ochron\u0119 praw maj\u0105tkowych sp&oacute;\u0142dzielni i&nbsp;pozosta\u0142ych os&oacute;b uprawnionych do lokali sp&oacute;\u0142dzielczych nie ma charakteru nieproporcjonalnego.<\/span><span style=\"font-family: 'Calibri',sans-serif;\">Trybuna\u0142 uwzgl\u0119dni\u0142 r&oacute;wnie\u017c to, \u017ce sp&oacute;\u0142dzielcze w\u0142asno\u015bciowe prawo do lokalu, b\u0119d\u0105ce ograniczonym prawem rzeczowym, jest prawem s\u0142abszym w&nbsp;stosunku do prawa w\u0142asno\u015bci. Skoro w&nbsp;wyroku o&nbsp;sygn. SK&nbsp;12\/12 Trybuna\u0142 nie dopatrzy\u0142 si\u0119 nieproporcjonalno\u015bci ingerencji w&nbsp;prawo odr\u0119bnej w\u0142asno\u015bci lokalu, to tym bardziej nie ma podstaw do uznania nieproporcjonalno\u015bci ingerencji w&nbsp;sp&oacute;\u0142dzielcze w\u0142asno\u015bciowe prawo do lokalu <strong>&ndash; Wyrok Trybuna\u0142u Konstytucyjnego z&nbsp;dnia 8 pa\u017adziernika 2015 r. sygn. akt SK 11\/13.<\/strong><\/span><\/span><\/p>\n<p>&nbsp;<\/p>\n<p class=\"SdNajwyszy\" style=\"text-align: justify;\"><span style=\"font-size: 12pt;\"><strong><span style=\"font-family: 'Calibri',sans-serif;\">S\u0105d Najwy\u017cszy<\/span><\/strong><\/span><\/p>\n<p class=\"Dziedzinaprawa\" style=\"text-align: justify;\"><span style=\"font-size: 12pt;\"><strong><span style=\"font-family: 'Calibri',sans-serif;\">KOSZTY S\u0104DOWE W&nbsp;SPRAWACH CYWILNYCH<\/span><\/strong><\/span><\/p>\n<p class=\"Tekstpraswki0\" style=\"text-align: justify;\"><span style=\"font-size: 12pt;\"><span style=\"font-family: 'Calibri',sans-serif;\">Podstaw\u0105 wynagrodzenia przyznanego za opini\u0119 sporz\u0105dzon\u0105 na zlecenie s\u0105du przez instytut naukowy s\u0105 stawki stosowane w&nbsp;tym instytucie. S\u0105d ustala ostateczn\u0105 wysoko\u015b\u0107 wynagrodzenia stosuj\u0105c odpowiednio art. 89 ust. 2 ustawy z&nbsp;dnia 28 lipca 2005 r. o<\/span><span style=\"font-family: 'Calibri',sans-serif;\">kosztach s\u0105dowych w&nbsp;sprawach cywilnych (t. jedn.: Dz.U. z&nbsp;2014 r., poz. 1025 ze zm.)<\/span><strong><span style=\"font-family: 'Calibri',sans-serif;\">&ndash; Uchwa\u0142a S\u0105du Najwy\u017cszego z&nbsp;dnia 21 pa\u017adziernika 2015 r., sygn. akt III&nbsp;CZP&nbsp;59\/15.<\/span><\/strong><\/span><\/p>\n<p>&nbsp;<\/p>\n<p class=\"Dziedzinaprawa\" style=\"text-align: justify;\"><span style=\"font-size: 12pt;\"><strong><span style=\"font-family: 'Calibri',sans-serif;\">NIEDOPUSZCZALNA OP\u0141ATA ZA UDZIELENIE INFORMACJI<\/span><\/strong><\/span><\/p>\n<p class=\"Tekstpraswki0\" style=\"text-align: justify;\"><span style=\"font-size: 12pt; font-family: 'Calibri',sans-serif;\">Niedopuszczalna jest droga s\u0105dowa w&nbsp;sprawie z&nbsp;pow&oacute;dztwa sp&oacute;\u0142dzielni mieszkaniowej przeciwko komornikowi s\u0105dowemu o&nbsp;zas\u0105dzenie op\u0142aty za udzielenie mu na podstawie art. 2 pkt 5 ustawy z&nbsp;dnia 29 sierpnia 1997 r. o&nbsp;komornikach s\u0105dowych i&nbsp;egzekucji (tekst&nbsp;jedn. Dz.U. z&nbsp;2015 r., poz. 790) informacji niezb\u0119dnych do prawid\u0142owego prowadzenia post\u0119powania egzekucyjnego <strong>&ndash; Uchwa\u0142a S\u0105du Najwy\u017cszego z&nbsp;dnia&nbsp;21&nbsp;pa\u017adziernika 2015 r., sygn. akt III CZP 66\/15.<\/strong><\/span><\/p>\n<p>&nbsp;<\/p>\n<p class=\"Dziedzinaprawa\" style=\"text-align: justify;\"><span style=\"font-size: 12pt;\"><strong><span style=\"font-family: 'Calibri',sans-serif;\">PRZEDAWNIENIE OP\u0141ATY ZA STUDIA<\/span><\/strong><\/span><\/p>\n<p class=\"Tekstpraswki0\" style=\"text-align: justify;\"><span style=\"font-size: 12pt;\"><span style=\"font-family: 'Calibri',sans-serif;\">Do przedawnienia roszczenia o&nbsp;op\u0142at\u0119 za studia okre\u015blon\u0105 w&nbsp;umowie zawartej na<\/span><span style=\"font-family: 'Calibri',sans-serif;\">podstawie art. 160 ust. 3 ustawy z&nbsp;dnia 27 lipca 2005 roku Prawo o&nbsp;szkolnictwie wy\u017cszym w&nbsp;brzmieniu obowi\u0105zuj\u0105cym w&nbsp;dniu 1 pa\u017adziernika 2009 roku (Dz. U. z&nbsp;2005 r., Nr 164, poz. 1365), w&nbsp;okresie przed dniem wej\u015bcia w&nbsp;\u017cycie ustawy z&nbsp;dnia 11 lipca 2014<\/span><span style=\"font-family: 'Calibri',sans-serif;\">roku o&nbsp;zmianie ustawy Prawo o&nbsp;szkolnictwie wy\u017cszym oraz niekt&oacute;rych innych ustaw (Dz.<\/span><span style=\"font-family: 'Calibri',sans-serif;\">U. 2014, poz. 1198), mia\u0142 zastosowanie dziesi\u0119cioletni termin przewidziany w<\/span><span style=\"font-family: 'Calibri',sans-serif;\">art.<\/span><span style=\"font-family: 'Calibri',sans-serif;\">118 k.c.<\/span><strong><span style=\"font-family: 'Calibri',sans-serif;\">&ndash; Uchwa\u0142a S\u0105du Najwy\u017cszego z&nbsp;dnia 21 pa\u017adziernika 2015 r., sygn. akt III CZP 67\/15.<\/span><\/strong><\/span><\/p>\n<p>&nbsp;<\/p>\n<p class=\"Dziedzinaprawa\" style=\"text-align: justify;\"><span style=\"font-size: 12pt;\"><strong><span style=\"font-family: 'Calibri',sans-serif;\">OBOWI\u0104ZEK ZWROTU KOSZT&Oacute;W PE\u0141NOMOCNIKOWI Z&nbsp;URZ\u0118DU<\/span><\/strong><\/span><\/p>\n<p class=\"Tekstpraswki0\" style=\"text-align: justify;\"><span style=\"font-size: 12pt; font-family: 'Calibri',sans-serif;\">Je\u017celi osoba zobowi\u0105zana do aliment&oacute;w nie zosta\u0142a obci\u0105\u017cona obowi\u0105zkiem zwrotu koszt&oacute;w, adwokatowi ustanowionemu z&nbsp;urz\u0119du dla strony uprawnionej do aliment&oacute;w przyznaje si\u0119 od Skarbu Pa\u0144stwa wynagrodzenie ustalone na podstawie &sect; 7 ust. 4 rozporz\u0105dzenia Ministra Sprawiedliwo\u015bci z&nbsp;dnia 28 wrze\u015bnia 2002 r. w&nbsp;sprawie op\u0142at za&nbsp;czynno\u015bci adwokackie oraz ponoszenia przez Skarb Pa\u0144stwa koszt&oacute;w nieop\u0142aconej pomocy prawnej udzielonej z&nbsp;urz\u0119du (t. jedn.: Dz.U. z&nbsp;2013 r., poz. 461 ze zm.) <strong>&ndash; Uchwa\u0142a S\u0105du Najwy\u017cszego z&nbsp;dnia 21 pa\u017adziernika 2015 r., sygn. akt III&nbsp;CZP&nbsp;68\/15.<\/strong><\/span><\/p>\n<p>&nbsp;<\/p>\n<p class=\"Dziedzinaprawa\" style=\"text-align: justify;\"><span style=\"font-size: 12pt;\"><strong><span style=\"font-family: 'Calibri',sans-serif;\">ODPOWIEDZIALNO\u015a\u0106 SOLIDARNA<\/span><\/strong><\/span><\/p>\n<p class=\"Tekstpraswki0\" style=\"text-align: justify;\"><span style=\"font-size: 12pt;\"><span style=\"font-family: 'Calibri',sans-serif;\">Odpowiedzialno\u015b\u0107 odszkodowawcza os&oacute;b zajmuj\u0105cych lokal bez tytu\u0142u prawnego, przewidziana w&nbsp;art. 18 ust. 1 ustawy z&nbsp;dnia 21 czerwca 2001 r. o&nbsp;ochronie praw lokator&oacute;w, mieszkaniowym zasobie gminy i&nbsp;o zmianie Kodeksu cywilnego (jedn.<\/span><span style=\"font-family: 'Calibri',sans-serif;\">tekst<\/span><span style=\"font-family: 'Calibri',sans-serif;\">Dz.U. z&nbsp;2014 r., poz. 150 ze zm.), ma charakter odpowiedzialno\u015bci in<\/span><span style=\"font-family: 'Calibri',sans-serif;\">solidum<\/span><span style=\"font-family: 'Calibri',sans-serif;\"> &ndash; <strong>Uchwa\u0142a S\u0105du Najwy\u017cszego z&nbsp;dnia 21 pa\u017adziernika 2015 r., sygn.&nbsp;akt&nbsp;III CZP 70\/15.<\/strong><\/span><\/span><\/p>\n<p>&nbsp;<\/p>\n<p class=\"Dziedzinaprawa\" style=\"text-align: justify;\"><span style=\"font-size: 12pt;\"><strong><span style=\"font-family: 'Calibri',sans-serif;\">UMY\u015aLNE POZBAWIENIE WOLNO\u015aCI<\/span><\/strong><\/span><\/p>\n<p class=\"Tekstpraswki0\" style=\"text-align: justify;\"><span style=\"font-size: 12pt; font-family: 'Calibri',sans-serif;\">Umy\u015blne pozbawienie wolno\u015bci innej osoby &#8211; po spe\u0142nieniu szczeg&oacute;lnych warunk&oacute;w &#8211; mo\u017ce by\u0107 uznane za zbrodni\u0119 przeciwko ludzko\u015bci, kt&oacute;rej karalno\u015b\u0107 nie ulega przedawnieniu, nawet je\u017celi nie realizuje znamion czynu zabronionego okre\u015blonego w&nbsp;art.&nbsp;118a &sect; 2 pkt 2 k.k. <strong>&ndash; Uchwa\u0142a S\u0105du Najwy\u017cszego 7 s\u0119dzi&oacute;w z&nbsp;dnia 14&nbsp;pa\u017adziernika 2015 r., sygn. akt I&nbsp;KZP 7\/15.<\/strong><\/span><\/p>\n<p>&nbsp;<\/p>\n<p class=\"Dziedzinaprawa\" style=\"text-align: justify;\"><span style=\"font-size: 12pt;\"><strong><span style=\"font-family: 'Calibri',sans-serif;\">OP\u0141ATA ROCZNA ZA U\u017bYTKOWANIE WIECZYSTE<\/span><\/strong><\/span><\/p>\n<p class=\"Tekstpraswki0\" style=\"text-align: justify;\"><span style=\"font-size: 12pt; font-family: 'Calibri',sans-serif;\">Wprowadzony ustaw\u0105 z&nbsp;dnia 24 sierpnia 2007 roku o&nbsp;zmianie ustawy o&nbsp;gospodarce nieruchomo\u015bciami oraz o&nbsp;zmianie niekt&oacute;rych innych ustaw (Dz. U. Nr 173, poz. 1218) art.&nbsp;73 ust. 2a pkt 1 u.g.n. stanowi podstaw\u0119 do zmiany stawki op\u0142aty rocznej za&nbsp;u\u017cytkowanie wieczyste nieruchomo\u015bci gruntowej tak\u017ce wtedy, gdy ustanowienie odr\u0119bnej w\u0142asno\u015bci lokalu u\u017cytkowego w&nbsp;budynku wzniesionym na tej nieruchomo\u015bci nast\u0105pi\u0142o przed dniem wej\u015bcia tego przepisu w&nbsp;\u017cycie <strong>&ndash; Uchwa\u0142a S\u0105du Najwy\u017cszego z&nbsp;dnia 8 pa\u017adziernika 2015 r., sygn. akt III CZP 53\/15.<\/strong><\/span><\/p>\n<p>&nbsp;<\/p>\n<p class=\"Dziedzinaprawa\" style=\"text-align: justify;\"><span style=\"font-size: 12pt;\"><strong><span style=\"font-family: 'Calibri',sans-serif;\">WYNAGRODZENIE TYMCZASOWE NADZORCY S\u0104DOWEGO<\/span><\/strong><\/span><\/p>\n<p class=\"Tekstpraswki0\" style=\"text-align: justify;\"><span style=\"font-size: 12pt; font-family: 'Calibri',sans-serif;\">Zobowi\u0105zania z&nbsp;tytu\u0142u wynagrodzenia tymczasowego nadzorcy s\u0105dowego, niewyegzekwowane od sp&oacute;\u0142ki z&nbsp;ograniczon\u0105 odpowiedzialno\u015bci\u0105, co do kt&oacute;rej oddalono wniosek o&nbsp;og\u0142oszenie upad\u0142o\u015bci na podstawie art. 13 ust. 1 Prawa upad\u0142o\u015bciowego i&nbsp;naprawczego, s\u0105 obj\u0119te przewidzian\u0105 w&nbsp;art. 299 &sect; 1 k.s.h. odpowiedzialno\u015bci\u0105 cz\u0142onk&oacute;w zarz\u0105du <strong>&ndash; Uchwa\u0142a S\u0105du Najwy\u017cszego z&nbsp;dnia 8 pa\u017adziernika 2015 r., sygn. akt III CZP 54\/15.<\/strong><\/span><\/p>\n<p>&nbsp;<\/p>\n<p class=\"Dziedzinaprawa\" style=\"text-align: justify;\"><span style=\"font-size: 12pt;\"><strong><span style=\"font-family: 'Calibri',sans-serif;\">WIERZYTELNO\u015a\u0106 ZABEZPIECZONA HIPOTEK\u0104<\/span><\/strong><\/span><\/p>\n<p class=\"Tekstpraswki0\" style=\"text-align: justify;\"><span style=\"font-size: 12pt; font-family: 'Calibri',sans-serif;\">Wierzytelno\u015b\u0107 nabywcy licytacyjnego zabezpieczona na nieruchomo\u015bci d\u0142u\u017cnika hipotek\u0105 ujawnion\u0105 w&nbsp;opisie i&nbsp;oszacowaniu, przedstawiona do zaliczenia na poczet ceny nabycia nieruchomo\u015bci, powinna by\u0107 stwierdzona tytu\u0142em wykonawczym (art. 968 &sect; 1 w&nbsp;zwi\u0105zku z&nbsp;art. 1036 &sect; 2 k.p.c.). Dotyczy to tak\u017ce wierzytelno\u015bci zabezpieczonej hipotek\u0105 zwyk\u0142\u0105 powsta\u0142\u0105 przed dniem wej\u015bcia w&nbsp;\u017cycie ustawy z&nbsp;dnia 26 czerwca 2009 r. o&nbsp;zmianie ustawy o&nbsp;ksi\u0119gach wieczystych i&nbsp;hipotece oraz niekt&oacute;rych innych ustaw (Dz.U.&nbsp;Nr&nbsp;131,&nbsp;poz. 1075), je\u017celi post\u0119powanie egzekucyjne zosta\u0142o wszcz\u0119te po tej dacie (art. 13 ust. 1 powy\u017cszej ustawy) <strong>&ndash; Uchwa\u0142a S\u0105du Najwy\u017cszego z&nbsp;dnia 8&nbsp;pa\u017adziernika 2015 r., sygn. akt III CZP 55\/15.<\/strong><\/span><\/p>\n<p>&nbsp;<\/p>\n<p class=\"Dziedzinaprawa\" style=\"text-align: justify;\"><span style=\"font-size: 12pt;\"><strong><span style=\"font-family: 'Calibri',sans-serif;\">OCHRONA WIERZYCIELA W&nbsp;RAZIE NIEWYP\u0141ACALNO\u015aCI D\u0141U\u017bNIKA<\/span><\/strong><\/span><\/p>\n<p class=\"Tekstpraswki0\" style=\"text-align: justify;\"><span style=\"font-size: 12pt; font-family: 'Calibri',sans-serif;\">Przedmiotem pow&oacute;dztwa okre\u015blonego w&nbsp;art. 527 &sect; 1 k.c. mo\u017ce by\u0107 czynno\u015b\u0107 procesowa d\u0142u\u017cnika w&nbsp;postaci zgody wyra\u017conej w&nbsp;post\u0119powaniu o&nbsp;zniesienie wsp&oacute;\u0142w\u0142asno\u015bci rzeczy wsp&oacute;lnej na przyznanie w\u0142asno\u015bci rzeczy drugiemu wsp&oacute;\u0142w\u0142a\u015bcicielowi bez ekwiwalentu z&nbsp;jego strony <strong>&ndash; Uchwa\u0142a S\u0105du Najwy\u017cszego z&nbsp;dnia 8 pa\u017adziernika 2015 r., sygn.&nbsp;akt&nbsp;III CZP 56\/15.<\/strong><\/span><\/p>\n<p>&nbsp;<\/p>\n<p class=\"Dziedzinaprawa\" style=\"text-align: justify;\"><span style=\"font-size: 12pt;\"><strong><span style=\"font-family: 'Calibri',sans-serif;\">SPRAWA O&nbsp;USTALENIE NIEISTNIENIA UCHWA\u0141Y WSP&Oacute;LNOTY MIESZKANIOWEJ<\/span><\/strong><\/span><\/p>\n<p class=\"Tekstpraswki0\" style=\"text-align: justify;\"><span style=\"font-size: 12pt;\"><span style=\"font-family: 'Calibri',sans-serif;\">W sprawie o&nbsp;ustalenie nieistnienia uchwa\u0142y wsp&oacute;lnoty mieszkaniowej pozwana wsp&oacute;lnota mieszkaniowa nie mo\u017ce by\u0107 reprezentowana przez cz\u0142onka jej jednoosobowego zarz\u0105du b\u0119d\u0105cego jednocze\u015bnie cz\u0142onkiem zarz\u0105du osoby prawnej, kt&oacute;ra zaskar\u017cy\u0142a uchwa\u0142\u0119. W<\/span><span style=\"font-family: 'Calibri',sans-serif;\">takiej sytuacji wsp&oacute;lnot\u0119 mieszkaniow\u0105 reprezentuje pe\u0142nomocnik powo\u0142any uchwa\u0142\u0105 w\u0142a\u015bcicieli lokali<\/span><strong><span style=\"font-family: 'Calibri',sans-serif;\">&ndash; Uchwa\u0142a S\u0105du Najwy\u017cszego z&nbsp;dnia 8 pa\u017adziernika 2015 r., sygn.&nbsp;akt III&nbsp;CZP 57\/15.<\/span><\/strong><\/span><\/p>\n<p>&nbsp;<\/p>\n<p class=\"Dziedzinaprawa\" style=\"text-align: justify;\"><span style=\"font-size: 12pt;\"><strong><span style=\"font-family: 'Calibri',sans-serif;\">WSP&Oacute;\u0141UCZESTNICTWO FORMALNE<\/span><\/strong><\/span><\/p>\n<p class=\"Tekstpraswki0\" style=\"text-align: justify;\"><span style=\"font-size: 12pt; font-family: 'Calibri',sans-serif;\">Wsp&oacute;\u0142uczestnikom formalnym (art. 72 &sect; 1 pkt 2 k.p.c.), reprezentowanym przez jednego pe\u0142nomocnika b\u0119d\u0105cego adwokatem lub radc\u0105 prawnym, nale\u017cy si\u0119 zwrot koszt&oacute;w procesu obejmuj\u0105cych jego wynagrodzenie ustalone odr\u0119bnie w&nbsp;stosunku do ka\u017cdego wsp&oacute;\u0142uczestnika. S\u0105d powinien jednak obni\u017cy\u0107 to wynagrodzenie, je\u017celi przemawia za&nbsp;tym nak\u0142ad pracy pe\u0142nomocnika, podj\u0119te przez niego czynno\u015bci oraz charakter sprawy (art. 109 &sect; 2 k.p.c.) <strong>&ndash; Uchwa\u0142a S\u0105du Najwy\u017cszego z&nbsp;dnia 8 pa\u017adziernika 2015 r., sygn. akt III CZP 58\/15.<\/strong><\/span><\/p>\n","protected":false},"excerpt":{"rendered":"<p>We would like to present the next issue of legal bulletin of the Law Office of Adam Polowiec.What you will find here is some information about the new provisions of law and the projects of amendments to acts, but also case-laws including the case laws of Supreme Court, Constitutional Tribunal and European Court of Justice.<\/p>\n","protected":false},"author":3,"featured_media":0,"comment_status":"closed","ping_status":"open","sticky":false,"template":"","format":"standard","meta":{"footnotes":""},"categories":[2],"tags":[],"class_list":["post-591","post","type-post","status-publish","format-standard","hentry","category-wpisy"],"featured_image_src":{"landsacpe":false,"list":false,"medium":false,"full":false},"yoast_head":"<!-- This site is optimized with the Yoast SEO plugin v27.2 - https:\/\/yoast.com\/product\/yoast-seo-wordpress\/ -->\n<title>Legal Bulletin Of The Law Office Of Adam Polowiec (12 October - 1 November 2015) - Polowiec i Wsp\u00f3lnicy - Kancelaria prawna<\/title>\n<meta name=\"robots\" content=\"index, follow, max-snippet:-1, max-image-preview:large, max-video-preview:-1\" \/>\n<link rel=\"canonical\" href=\"https:\/\/polowiec.pl\/en\/legal-bulletin-of-the-law-office-of-adam-polowiec-12-october-1-november-2015\/\" \/>\n<meta property=\"og:locale\" content=\"en_US\" \/>\n<meta property=\"og:type\" content=\"article\" \/>\n<meta property=\"og:title\" content=\"Legal Bulletin Of The Law Office Of Adam Polowiec (12 October - 1 November 2015) - Polowiec i Wsp\u00f3lnicy - Kancelaria prawna\" \/>\n<meta property=\"og:description\" content=\"We would like to present the next issue of legal bulletin of the Law Office of Adam Polowiec.What you will find here is some information about the new provisions of law and the projects of amendments to acts, but also case-laws including the case laws of Supreme Court, Constitutional Tribunal and European Court of Justice.\" \/>\n<meta property=\"og:url\" content=\"https:\/\/polowiec.pl\/en\/legal-bulletin-of-the-law-office-of-adam-polowiec-12-october-1-november-2015\/\" \/>\n<meta property=\"og:site_name\" content=\"Polowiec i Wsp\u00f3lnicy - Kancelaria prawna\" \/>\n<meta property=\"article:publisher\" content=\"https:\/\/www.facebook.com\/polowieciwspolnicy\/\" \/>\n<meta property=\"article:published_time\" content=\"2016-05-25T19:58:18+00:00\" \/>\n<meta property=\"article:modified_time\" content=\"2019-04-18T15:44:51+00:00\" \/>\n<meta name=\"author\" content=\"Marcin Rusinek\" \/>\n<meta name=\"twitter:card\" content=\"summary_large_image\" \/>\n<meta name=\"twitter:label1\" content=\"Written by\" \/>\n\t<meta name=\"twitter:data1\" content=\"Marcin Rusinek\" \/>\n\t<meta name=\"twitter:label2\" content=\"Est. reading time\" \/>\n\t<meta name=\"twitter:data2\" content=\"41 minutes\" \/>\n<script type=\"application\/ld+json\" class=\"yoast-schema-graph\">{\"@context\":\"https:\/\/schema.org\",\"@graph\":[{\"@type\":\"Article\",\"@id\":\"https:\/\/polowiec.pl\/en\/legal-bulletin-of-the-law-office-of-adam-polowiec-12-october-1-november-2015\/#article\",\"isPartOf\":{\"@id\":\"https:\/\/polowiec.pl\/en\/legal-bulletin-of-the-law-office-of-adam-polowiec-12-october-1-november-2015\/\"},\"author\":{\"name\":\"Marcin Rusinek\",\"@id\":\"https:\/\/polowiec.pl\/en\/#\/schema\/person\/74c7526b6f52be5ae94031504f9ffec4\"},\"headline\":\"Legal Bulletin Of The Law Office Of Adam Polowiec (12 October &#8211; 1 November 2015)\",\"datePublished\":\"2016-05-25T19:58:18+00:00\",\"dateModified\":\"2019-04-18T15:44:51+00:00\",\"mainEntityOfPage\":{\"@id\":\"https:\/\/polowiec.pl\/en\/legal-bulletin-of-the-law-office-of-adam-polowiec-12-october-1-november-2015\/\"},\"wordCount\":8167,\"publisher\":{\"@id\":\"https:\/\/polowiec.pl\/en\/#organization\"},\"articleSection\":[\"Wpisy\"],\"inLanguage\":\"en-US\"},{\"@type\":\"WebPage\",\"@id\":\"https:\/\/polowiec.pl\/en\/legal-bulletin-of-the-law-office-of-adam-polowiec-12-october-1-november-2015\/\",\"url\":\"https:\/\/polowiec.pl\/en\/legal-bulletin-of-the-law-office-of-adam-polowiec-12-october-1-november-2015\/\",\"name\":\"Legal Bulletin Of The Law Office Of Adam Polowiec (12 October - 1 November 2015) - Polowiec i Wsp\u00f3lnicy - Kancelaria prawna\",\"isPartOf\":{\"@id\":\"https:\/\/polowiec.pl\/en\/#website\"},\"datePublished\":\"2016-05-25T19:58:18+00:00\",\"dateModified\":\"2019-04-18T15:44:51+00:00\",\"breadcrumb\":{\"@id\":\"https:\/\/polowiec.pl\/en\/legal-bulletin-of-the-law-office-of-adam-polowiec-12-october-1-november-2015\/#breadcrumb\"},\"inLanguage\":\"en-US\",\"potentialAction\":[{\"@type\":\"ReadAction\",\"target\":[\"https:\/\/polowiec.pl\/en\/legal-bulletin-of-the-law-office-of-adam-polowiec-12-october-1-november-2015\/\"]}]},{\"@type\":\"BreadcrumbList\",\"@id\":\"https:\/\/polowiec.pl\/en\/legal-bulletin-of-the-law-office-of-adam-polowiec-12-october-1-november-2015\/#breadcrumb\",\"itemListElement\":[{\"@type\":\"ListItem\",\"position\":1,\"name\":\"Strona g\u0142\u00f3wna\",\"item\":\"https:\/\/polowiec.pl\/en\/\"},{\"@type\":\"ListItem\",\"position\":2,\"name\":\"Legal Bulletin Of The Law Office Of Adam Polowiec (12 October &#8211; 1 November 2015)\"}]},{\"@type\":\"WebSite\",\"@id\":\"https:\/\/polowiec.pl\/en\/#website\",\"url\":\"https:\/\/polowiec.pl\/en\/\",\"name\":\"Polowiec i Wsp\u00f3lnicy - Kancelaria prawna\",\"description\":\"Obs\u0142uga prawna\",\"publisher\":{\"@id\":\"https:\/\/polowiec.pl\/en\/#organization\"},\"potentialAction\":[{\"@type\":\"SearchAction\",\"target\":{\"@type\":\"EntryPoint\",\"urlTemplate\":\"https:\/\/polowiec.pl\/en\/?s={search_term_string}\"},\"query-input\":{\"@type\":\"PropertyValueSpecification\",\"valueRequired\":true,\"valueName\":\"search_term_string\"}}],\"inLanguage\":\"en-US\"},{\"@type\":\"Organization\",\"@id\":\"https:\/\/polowiec.pl\/en\/#organization\",\"name\":\"Polowiec i Wsp\u00f3lnicy - Kancelaria prawna\",\"url\":\"https:\/\/polowiec.pl\/en\/\",\"logo\":{\"@type\":\"ImageObject\",\"inLanguage\":\"en-US\",\"@id\":\"https:\/\/polowiec.pl\/en\/#\/schema\/logo\/image\/\",\"url\":\"https:\/\/polowiec.pl\/wp-content\/uploads\/2018\/10\/polowiec_logo2-1.png\",\"contentUrl\":\"https:\/\/polowiec.pl\/wp-content\/uploads\/2018\/10\/polowiec_logo2-1.png\",\"width\":540,\"height\":381,\"caption\":\"Polowiec i Wsp\u00f3lnicy - Kancelaria prawna\"},\"image\":{\"@id\":\"https:\/\/polowiec.pl\/en\/#\/schema\/logo\/image\/\"},\"sameAs\":[\"https:\/\/www.facebook.com\/polowieciwspolnicy\/\",\"https:\/\/www.linkedin.com\/company\/polowiec-i-wsplnicy-sp.j.\/about\/\"]},{\"@type\":\"Person\",\"@id\":\"https:\/\/polowiec.pl\/en\/#\/schema\/person\/74c7526b6f52be5ae94031504f9ffec4\",\"name\":\"Marcin Rusinek\",\"image\":{\"@type\":\"ImageObject\",\"inLanguage\":\"en-US\",\"@id\":\"https:\/\/secure.gravatar.com\/avatar\/b50a0a5c3e71d904f5e57a757d39977d01c43e075c6bf5b4df909ffbbe004790?s=96&d=mm&r=g\",\"url\":\"https:\/\/secure.gravatar.com\/avatar\/b50a0a5c3e71d904f5e57a757d39977d01c43e075c6bf5b4df909ffbbe004790?s=96&d=mm&r=g\",\"contentUrl\":\"https:\/\/secure.gravatar.com\/avatar\/b50a0a5c3e71d904f5e57a757d39977d01c43e075c6bf5b4df909ffbbe004790?s=96&d=mm&r=g\",\"caption\":\"Marcin Rusinek\"}}]}<\/script>\n<!-- \/ Yoast SEO plugin. -->","yoast_head_json":{"title":"Legal Bulletin Of The Law Office Of Adam Polowiec (12 October - 1 November 2015) - Polowiec i Wsp\u00f3lnicy - Kancelaria prawna","robots":{"index":"index","follow":"follow","max-snippet":"max-snippet:-1","max-image-preview":"max-image-preview:large","max-video-preview":"max-video-preview:-1"},"canonical":"https:\/\/polowiec.pl\/en\/legal-bulletin-of-the-law-office-of-adam-polowiec-12-october-1-november-2015\/","og_locale":"en_US","og_type":"article","og_title":"Legal Bulletin Of The Law Office Of Adam Polowiec (12 October - 1 November 2015) - Polowiec i Wsp\u00f3lnicy - Kancelaria prawna","og_description":"We would like to present the next issue of legal bulletin of the Law Office of Adam Polowiec.What you will find here is some information about the new provisions of law and the projects of amendments to acts, but also case-laws including the case laws of Supreme Court, Constitutional Tribunal and European Court of Justice.","og_url":"https:\/\/polowiec.pl\/en\/legal-bulletin-of-the-law-office-of-adam-polowiec-12-october-1-november-2015\/","og_site_name":"Polowiec i Wsp\u00f3lnicy - Kancelaria prawna","article_publisher":"https:\/\/www.facebook.com\/polowieciwspolnicy\/","article_published_time":"2016-05-25T19:58:18+00:00","article_modified_time":"2019-04-18T15:44:51+00:00","author":"Marcin Rusinek","twitter_card":"summary_large_image","twitter_misc":{"Written by":"Marcin Rusinek","Est. reading time":"41 minutes"},"schema":{"@context":"https:\/\/schema.org","@graph":[{"@type":"Article","@id":"https:\/\/polowiec.pl\/en\/legal-bulletin-of-the-law-office-of-adam-polowiec-12-october-1-november-2015\/#article","isPartOf":{"@id":"https:\/\/polowiec.pl\/en\/legal-bulletin-of-the-law-office-of-adam-polowiec-12-october-1-november-2015\/"},"author":{"name":"Marcin Rusinek","@id":"https:\/\/polowiec.pl\/en\/#\/schema\/person\/74c7526b6f52be5ae94031504f9ffec4"},"headline":"Legal Bulletin Of The Law Office Of Adam Polowiec (12 October &#8211; 1 November 2015)","datePublished":"2016-05-25T19:58:18+00:00","dateModified":"2019-04-18T15:44:51+00:00","mainEntityOfPage":{"@id":"https:\/\/polowiec.pl\/en\/legal-bulletin-of-the-law-office-of-adam-polowiec-12-october-1-november-2015\/"},"wordCount":8167,"publisher":{"@id":"https:\/\/polowiec.pl\/en\/#organization"},"articleSection":["Wpisy"],"inLanguage":"en-US"},{"@type":"WebPage","@id":"https:\/\/polowiec.pl\/en\/legal-bulletin-of-the-law-office-of-adam-polowiec-12-october-1-november-2015\/","url":"https:\/\/polowiec.pl\/en\/legal-bulletin-of-the-law-office-of-adam-polowiec-12-october-1-november-2015\/","name":"Legal Bulletin Of The Law Office Of Adam Polowiec (12 October - 1 November 2015) - Polowiec i Wsp\u00f3lnicy - Kancelaria prawna","isPartOf":{"@id":"https:\/\/polowiec.pl\/en\/#website"},"datePublished":"2016-05-25T19:58:18+00:00","dateModified":"2019-04-18T15:44:51+00:00","breadcrumb":{"@id":"https:\/\/polowiec.pl\/en\/legal-bulletin-of-the-law-office-of-adam-polowiec-12-october-1-november-2015\/#breadcrumb"},"inLanguage":"en-US","potentialAction":[{"@type":"ReadAction","target":["https:\/\/polowiec.pl\/en\/legal-bulletin-of-the-law-office-of-adam-polowiec-12-october-1-november-2015\/"]}]},{"@type":"BreadcrumbList","@id":"https:\/\/polowiec.pl\/en\/legal-bulletin-of-the-law-office-of-adam-polowiec-12-october-1-november-2015\/#breadcrumb","itemListElement":[{"@type":"ListItem","position":1,"name":"Strona g\u0142\u00f3wna","item":"https:\/\/polowiec.pl\/en\/"},{"@type":"ListItem","position":2,"name":"Legal Bulletin Of The Law Office Of Adam Polowiec (12 October &#8211; 1 November 2015)"}]},{"@type":"WebSite","@id":"https:\/\/polowiec.pl\/en\/#website","url":"https:\/\/polowiec.pl\/en\/","name":"Polowiec i Wsp\u00f3lnicy - Kancelaria prawna","description":"Obs\u0142uga prawna","publisher":{"@id":"https:\/\/polowiec.pl\/en\/#organization"},"potentialAction":[{"@type":"SearchAction","target":{"@type":"EntryPoint","urlTemplate":"https:\/\/polowiec.pl\/en\/?s={search_term_string}"},"query-input":{"@type":"PropertyValueSpecification","valueRequired":true,"valueName":"search_term_string"}}],"inLanguage":"en-US"},{"@type":"Organization","@id":"https:\/\/polowiec.pl\/en\/#organization","name":"Polowiec i Wsp\u00f3lnicy - Kancelaria prawna","url":"https:\/\/polowiec.pl\/en\/","logo":{"@type":"ImageObject","inLanguage":"en-US","@id":"https:\/\/polowiec.pl\/en\/#\/schema\/logo\/image\/","url":"https:\/\/polowiec.pl\/wp-content\/uploads\/2018\/10\/polowiec_logo2-1.png","contentUrl":"https:\/\/polowiec.pl\/wp-content\/uploads\/2018\/10\/polowiec_logo2-1.png","width":540,"height":381,"caption":"Polowiec i Wsp\u00f3lnicy - Kancelaria prawna"},"image":{"@id":"https:\/\/polowiec.pl\/en\/#\/schema\/logo\/image\/"},"sameAs":["https:\/\/www.facebook.com\/polowieciwspolnicy\/","https:\/\/www.linkedin.com\/company\/polowiec-i-wsplnicy-sp.j.\/about\/"]},{"@type":"Person","@id":"https:\/\/polowiec.pl\/en\/#\/schema\/person\/74c7526b6f52be5ae94031504f9ffec4","name":"Marcin Rusinek","image":{"@type":"ImageObject","inLanguage":"en-US","@id":"https:\/\/secure.gravatar.com\/avatar\/b50a0a5c3e71d904f5e57a757d39977d01c43e075c6bf5b4df909ffbbe004790?s=96&d=mm&r=g","url":"https:\/\/secure.gravatar.com\/avatar\/b50a0a5c3e71d904f5e57a757d39977d01c43e075c6bf5b4df909ffbbe004790?s=96&d=mm&r=g","contentUrl":"https:\/\/secure.gravatar.com\/avatar\/b50a0a5c3e71d904f5e57a757d39977d01c43e075c6bf5b4df909ffbbe004790?s=96&d=mm&r=g","caption":"Marcin Rusinek"}}]}},"_links":{"self":[{"href":"https:\/\/polowiec.pl\/en\/wp-json\/wp\/v2\/posts\/591","targetHints":{"allow":["GET"]}}],"collection":[{"href":"https:\/\/polowiec.pl\/en\/wp-json\/wp\/v2\/posts"}],"about":[{"href":"https:\/\/polowiec.pl\/en\/wp-json\/wp\/v2\/types\/post"}],"author":[{"embeddable":true,"href":"https:\/\/polowiec.pl\/en\/wp-json\/wp\/v2\/users\/3"}],"replies":[{"embeddable":true,"href":"https:\/\/polowiec.pl\/en\/wp-json\/wp\/v2\/comments?post=591"}],"version-history":[{"count":0,"href":"https:\/\/polowiec.pl\/en\/wp-json\/wp\/v2\/posts\/591\/revisions"}],"wp:attachment":[{"href":"https:\/\/polowiec.pl\/en\/wp-json\/wp\/v2\/media?parent=591"}],"wp:term":[{"taxonomy":"category","embeddable":true,"href":"https:\/\/polowiec.pl\/en\/wp-json\/wp\/v2\/categories?post=591"},{"taxonomy":"post_tag","embeddable":true,"href":"https:\/\/polowiec.pl\/en\/wp-json\/wp\/v2\/tags?post=591"}],"curies":[{"name":"wp","href":"https:\/\/api.w.org\/{rel}","templated":true}]}}