{"id":597,"date":"2016-05-26T11:00:21","date_gmt":"2016-05-26T09:00:21","guid":{"rendered":"https:\/\/nowa.polowiec.pl\/legal-bulletin-of-the-law-office-of-adam-polowiec-23-29-november-2015\/"},"modified":"2019-04-18T17:42:36","modified_gmt":"2019-04-18T15:42:36","slug":"legal-bulletin-of-the-law-office-of-adam-polowiec-23-29-november-2015","status":"publish","type":"post","link":"https:\/\/polowiec.pl\/en\/legal-bulletin-of-the-law-office-of-adam-polowiec-23-29-november-2015\/","title":{"rendered":"Legal Bulletin Of The Law Office Of Adam Polowiec (23 &#8211; 29 November 2015)"},"content":{"rendered":"<p>We would like to present the next issue of legal bulletin of the Law Office of Adam Polowiec.<br \/>What you will find here is some information about the new provisions of law and the projects of amendments to acts, but also case-laws including the case laws of Supreme Court, Constitutional Tribunal and European Court of Justice.<\/p>\n<p>  <!--more-->  <\/p>\n<p class=\"NowePrawo\" style=\"text-align: justify;\"><span style=\"font-size: 12pt;\"><strong><span style=\"font-family: 'Calibri',sans-serif;\">_____Nowe Prawo<\/span><\/strong><\/span><\/p>\n<p class=\"Dziedzinaprawa\" style=\"text-align: justify;\"><span style=\"font-size: 12pt;\"><strong><span style=\"font-family: 'Calibri',sans-serif;\">WYROBY MEDYCZNE<\/span><\/strong><\/span><\/p>\n<p class=\"Tekstpraswki0\" style=\"text-align: justify;\"><span style=\"font-size: 12pt;\"><strong><span style=\"font-family: 'Calibri',sans-serif;\">Ustawa <\/span><\/strong><span style=\"font-family: 'Calibri',sans-serif;\">z dnia 11 wrze\u015bnia 2015 r. o&nbsp;zmianie ustawy o&nbsp;wyrobach medycznych oraz niekt&oacute;rych innych ustaw (Dz. U. z&nbsp;2015 r., poz. 1918) &ndash; <strong>wejdzie w&nbsp;\u017cycie z&nbsp;dniem 20&nbsp;lutego 2016 r.,<\/strong> <strong>z wyj\u0105tkiem art. 1 pkt 60 w&nbsp;zakresie art. 100 pkt 2, kt&oacute;ry wchodzi w&nbsp;\u017cycie z&nbsp;dniem 20 marca 2016 r.<\/strong><\/span><\/span><\/p>\n<p class=\"Omwienie\" style=\"text-align: justify;\"><span style=\"font-size: 12pt;\"><span style=\"font-family: 'Calibri',sans-serif;\">W ustawie z&nbsp;dnia 20 maja 2010 r. o&nbsp;wyrobach medycznych (Dz. U. z&nbsp;2015 r. poz. 876) w<\/span><span style=\"font-family: 'Calibri',sans-serif;\">tytule w&nbsp;odno\u015bniku nr 1 uchyla si\u0119 pkt 7<\/span><span style=\"font-family: 'Calibri',sans-serif;\"> oraz<\/span><span style=\"font-family: 'Calibri',sans-serif;\"> dodaje si\u0119 odno\u015bnik nr 2, zmianie ulegnie brzmienie art.<\/span><span style=\"font-family: 'Calibri',sans-serif;\">2, art. 3, art. 4 ust. 7, art. 11, art. 14, art. 15 ust. 1, art. 19, art. 22 ust.<\/span><span style=\"font-family: 'Calibri',sans-serif;\">2, <\/span><span style=\"font-family: 'Calibri',sans-serif; background: white none repeat scroll 0% 0%;\">art. 26, art. 29, art. 30 ust. 1, art. 33, art. 34, art. 35ust. 1 i&nbsp;2, art. 37, art.<\/span><span style=\"font-family: 'Calibri',sans-serif; background: white none repeat scroll 0% 0%;\">38, <\/span><span style=\"font-family: 'Calibri',sans-serif;\"><a href=\"http:\/\/sip.lex.pl\/#\/dokument\/17625064\/2016-02-19#art%2839%29\"><span style=\"background: white none repeat scroll 0% 0%;\">art.<\/span><span style=\"background: white none repeat scroll 0% 0%;\">39<\/span><\/a><\/span><span style=\"font-family: 'Calibri',sans-serif; background: white none repeat scroll 0% 0%;\">ust. 1,<\/span><span style=\"font-family: 'Calibri',sans-serif;\"><a href=\"http:\/\/sip.lex.pl\/#\/dokument\/17625064\/2016-02-19#art%2840%29\"><span style=\"background: white none repeat scroll 0% 0%;\">art. 40<\/span><\/a><\/span><span style=\"font-family: 'Calibri',sans-serif; background: white none repeat scroll 0% 0%;\">ust. 3, art. 41ust. 4, art. 44, art. 45ust. 2 zdanie pierwsze,art.<\/span><span style=\"font-family: 'Calibri',sans-serif; background: white none repeat scroll 0% 0%;\">48ust. 2, art. 50,<\/span><span style=\"font-family: 'Calibri',sans-serif;\"><a href=\"http:\/\/sip.lex.pl\/#\/dokument\/17625064\/2016-02-19#art%2851%29\"><span style=\"background: white none repeat scroll 0% 0%;\">art. 51<\/span><\/a><\/span><span style=\"font-family: 'Calibri',sans-serif; background: white none repeat scroll 0% 0%;\">ust. 2 i&nbsp;3,<\/span><span style=\"font-family: 'Calibri',sans-serif;\"><a href=\"http:\/\/sip.lex.pl\/#\/dokument\/17625064\/2016-02-19#art%2853%29\"><span style=\"background: white none repeat scroll 0% 0%;\">art. 53<\/span><\/a><\/span><span style=\"font-family: 'Calibri',sans-serif; background: white none repeat scroll 0% 0%;\">ust. 1 i&nbsp;2, art. 58, art. 59, art.<\/span><span style=\"font-family: 'Calibri',sans-serif; background: white none repeat scroll 0% 0%;\">60, art. 61, art. 62, art. 63, art. 64,<\/span><span style=\"font-family: 'Calibri',sans-serif;\"><a href=\"http:\/\/sip.lex.pl\/#\/dokument\/17625064\/2016-02-19#art%2865%29\"><span style=\"background: white none repeat scroll 0% 0%;\">art. 65<\/span><\/a><\/span><span style=\"font-family: 'Calibri',sans-serif; background: white none repeat scroll 0% 0%;\"> ust. 2, art. 66ust. 1 i&nbsp;2, art. 67, art. 68, <\/span><span style=\"font-family: 'Calibri',sans-serif;\"><a href=\"http:\/\/sip.lex.pl\/#\/dokument\/17625064\/2016-02-19#art%2870%29\"><span style=\"background: white none repeat scroll 0% 0%;\">art. 70<\/span><\/a><\/span><span style=\"font-family: 'Calibri',sans-serif; background: white none repeat scroll 0% 0%;\">ust. 5<\/span><span class=\"apple-converted-space\"><span style=\"font-family: 'Calibri',sans-serif; background: white none repeat scroll 0% 0%;\">, art. 71, art. 74, art. 80, <\/span><\/span><span style=\"font-family: 'Calibri',sans-serif; background: white none repeat scroll 0% 0%;\">art. 81ust. 7, art. 82, <\/span><span style=\"font-family: 'Calibri',sans-serif;\"><a href=\"http:\/\/sip.lex.pl\/#\/dokument\/17625064\/2016-02-19#art%2883%29\"><span style=\"background: white none repeat scroll 0% 0%;\">art. 83<\/span><\/a><\/span><span style=\"font-family: 'Calibri',sans-serif; background: white none repeat scroll 0% 0%;\"> ust. 1 pkt 2, art. 84, art. 87, art. 91, art. 92ust. 1 i&nbsp;2<\/span><span class=\"apple-converted-space\"><span style=\"font-family: 'Calibri',sans-serif; background: white none repeat scroll 0% 0%;\">, <\/span><\/span><span style=\"font-family: 'Calibri',sans-serif;\"><a href=\"http:\/\/sip.lex.pl\/#\/dokument\/17625064\/2016-02-19#art%2896%29\"><span style=\"background: white none repeat scroll 0% 0%;\">art. 96<\/span><\/a><\/span><span class=\"apple-converted-space\"><span style=\"font-family: 'Calibri',sans-serif; background: white none repeat scroll 0% 0%;\">,<\/span><\/span><span style=\"font-family: 'Calibri',sans-serif; background: white none repeat scroll 0% 0%;\">art. 97<\/span><span style=\"font-family: 'Calibri',sans-serif;\">, art. 100, art. 103<\/span><span style=\"font-family: 'Calibri',sans-serif;\">, <\/span><span style=\"font-family: 'Calibri',sans-serif; background: white none repeat scroll 0% 0%;\">w<\/span><span style=\"font-family: 'Calibri',sans-serif;\"><a href=\"http:\/\/sip.lex.pl\/#\/dokument\/17625064\/2016-02-19#art%2823%29\"><span style=\"background: white none repeat scroll 0% 0%;\">art.<\/span><span style=\"background: white none repeat scroll 0% 0%;\">23<\/span><\/a><\/span><span style=\"font-family: 'Calibri',sans-serif; background: white none repeat scroll 0% 0%;\">ust.<\/span><span style=\"font-family: 'Calibri',sans-serif; background: white none repeat scroll 0% 0%;\">2<\/span><span style=\"font-family: 'Calibri',sans-serif; background: white none repeat scroll 0% 0%;\">uchyla si\u0119 pkt 3<\/span><span style=\"font-family: 'Calibri',sans-serif; background: white none repeat scroll 0% 0%;\">,<\/span><span style=\"font-family: 'Calibri',sans-serif; background: white none repeat scroll 0% 0%;\">dodaje si\u0119 art. 25a, art.<\/span><span style=\"font-family: 'Calibri',sans-serif; background: white none repeat scroll 0% 0%;\">38a<\/span><span class=\"apple-converted-space\"><span style=\"font-family: 'Calibri',sans-serif; background: white none repeat scroll 0% 0%;\">, w&nbsp;<\/span><\/span><span style=\"font-family: 'Calibri',sans-serif;\"><a href=\"http:\/\/sip.lex.pl\/#\/dokument\/17625064\/2016-02-19#art%2854%29\"><span style=\"background: white none repeat scroll 0% 0%;\">art. 54<\/span><\/a><\/span><span style=\"font-family: 'Calibri',sans-serif; background: white none repeat scroll 0% 0%;\">dodaje si\u0119 ust. 5<\/span><span class=\"apple-converted-space\"><span style=\"font-family: 'Calibri',sans-serif; background: white none repeat scroll 0% 0%;\">, <\/span><\/span><span style=\"font-family: 'Calibri',sans-serif; background: white none repeat scroll 0% 0%;\">art.<\/span><span style=\"font-family: 'Calibri',sans-serif; background: white none repeat scroll 0% 0%;\">73a, <\/span><span style=\"font-family: 'Calibri',sans-serif; background: white none repeat scroll 0% 0%;\">w<\/span><span style=\"font-family: 'Calibri',sans-serif; background: white none repeat scroll 0% 0%;\">art. 77dodaje si\u0119 ust. 3-5<\/span><span class=\"apple-converted-space\"><span style=\"font-family: 'Calibri',sans-serif; background: white none repeat scroll 0% 0%;\">, <\/span><\/span><span style=\"font-family: 'Calibri',sans-serif; background: white none repeat scroll 0% 0%;\">art. 79a, w<\/span><span style=\"font-family: 'Calibri',sans-serif;\"><a href=\"http:\/\/sip.lex.pl\/#\/dokument\/17625064\/2016-02-19#art%2885%29\"><span style=\"background: white none repeat scroll 0% 0%;\">art. 85<\/span><\/a><\/span><span style=\"font-family: 'Calibri',sans-serif; background: white none repeat scroll 0% 0%;\"> dodaje si\u0119 pkt 5a-5c, art.<\/span><span style=\"font-family: 'Calibri',sans-serif; background: white none repeat scroll 0% 0%;\">91a<\/span><span style=\"font-family: 'Calibri',sans-serif; background: white none repeat scroll 0% 0%;\">.<\/span><\/span><\/p>\n<p class=\"Omwienie\" style=\"text-align: justify;\"><span style=\"font-size: 12pt;\"><span style=\"font-family: 'Calibri',sans-serif; background: white none repeat scroll 0% 0%;\">W ustawie z&nbsp;dnia 6 wrze\u015bnia 2001 r. &#8211; Prawo farmaceutyczne (Dz. U. z&nbsp;2008 r. Nr 45, poz. 271, z&nbsp;p&oacute;\u017an. zm.) w<\/span><span style=\"font-family: 'Calibri',sans-serif;\"><a href=\"http:\/\/sip.lex.pl\/#\/dokument\/16915922\/2016-02-19#art%2837%28k%29%29\"><span style=\"background: white none repeat scroll 0% 0%;\">art. 37k<\/span><\/a><\/span><span style=\"font-family: 'Calibri',sans-serif; background: white none repeat scroll 0% 0%;\"> dodaje si\u0119 ust. 3a<\/span><span class=\"apple-converted-space\"><span style=\"font-family: 'Calibri',sans-serif; background: white none repeat scroll 0% 0%;\">.<\/span><\/span><\/span><\/p>\n<p class=\"Omwienie\" style=\"text-align: justify;\"><span style=\"font-size: 12pt;\"><span style=\"font-family: 'Calibri',sans-serif; background: white none repeat scroll 0% 0%;\">W ustawie z&nbsp;dnia 30 sierpnia 2002 r. o&nbsp;systemie oceny zgodno\u015bci (Dz.<\/span><span style=\"font-family: 'Calibri',sans-serif; background: white none repeat scroll 0% 0%;\">U.<\/span><span style=\"font-family: 'Calibri',sans-serif; background: white none repeat scroll 0% 0%;\">z<\/span><span style=\"font-family: 'Calibri',sans-serif; background: white none repeat scroll 0% 0%;\">2014<\/span><span style=\"font-family: 'Calibri',sans-serif; background: white none repeat scroll 0% 0%;\">r.<\/span><span style=\"font-family: 'Calibri',sans-serif; background: white none repeat scroll 0% 0%;\">poz.<\/span><span style=\"font-family: 'Calibri',sans-serif; background: white none repeat scroll 0% 0%;\">1645 i&nbsp;1662 oraz z&nbsp;2015 r. poz. 1223) zmianie ulegnie brzmienie<\/span><span style=\"font-family: 'Calibri',sans-serif;\"><a href=\"http:\/\/sip.lex.pl\/#\/dokument\/16985520\/2016-02-19#art%281%29\"><span style=\"background: white none repeat scroll 0% 0%;\">art. 1<\/span><\/a><\/span><span style=\"font-family: 'Calibri',sans-serif; background: white none repeat scroll 0% 0%;\">ust. 2<\/span><span class=\"apple-converted-space\"><span style=\"font-family: 'Calibri',sans-serif; background: white none repeat scroll 0% 0%;\">.<\/span><\/span><\/span><\/p>\n<p class=\"Omwienie\" style=\"text-align: justify;\"><span style=\"font-size: 12pt;\"><span style=\"font-family: 'Calibri',sans-serif; background: white none repeat scroll 0% 0%;\">W ustawie z&nbsp;dnia 29 stycznia 2004 r. o&nbsp;Inspekcji Weterynaryjnej (Dz.<\/span><span style=\"font-family: 'Calibri',sans-serif; background: white none repeat scroll 0% 0%;\">U.<\/span><span style=\"font-family: 'Calibri',sans-serif; background: white none repeat scroll 0% 0%;\">z<\/span><span style=\"font-family: 'Calibri',sans-serif; background: white none repeat scroll 0% 0%;\">2015<\/span><span style=\"font-family: 'Calibri',sans-serif; background: white none repeat scroll 0% 0%;\">r.<\/span><span style=\"font-family: 'Calibri',sans-serif; background: white none repeat scroll 0% 0%;\">poz.<\/span><span style=\"font-family: 'Calibri',sans-serif; background: white none repeat scroll 0% 0%;\">1482) zmianie ulegnie brzmienie <\/span><span style=\"font-family: 'Calibri',sans-serif;\"><a href=\"http:\/\/sip.lex.pl\/#\/dokument\/17079072\/2016-02-19#art%2830%29\"><span style=\"background: white none repeat scroll 0% 0%;\">art. 30<\/span><\/a><\/span><span style=\"font-family: 'Calibri',sans-serif; background: white none repeat scroll 0% 0%;\"> ust. 2 pkt 2.<\/span><\/span><\/p>\n<p class=\"Omwienie\" style=\"text-align: justify;\"><span style=\"font-size: 12pt;\"><span style=\"font-family: 'Calibri',sans-serif; background: white none repeat scroll 0% 0%;\">W <\/span><span style=\"font-family: 'Calibri',sans-serif;\"><a href=\"http:\/\/sip.lex.pl\/#\/dokument\/17699744\/2016-02-19\"><span style=\"background: white none repeat scroll 0% 0%;\">ustawie<\/span><\/a><\/span><span style=\"font-family: 'Calibri',sans-serif; background: white none repeat scroll 0% 0%;\"> z dnia 18 marca 2011 r. o&nbsp;Urz\u0119dzie Rejestracji Produkt&oacute;w Leczniczych, Wyrob&oacute;w Medycznych i&nbsp;Produkt&oacute;w Biob&oacute;jczych (Dz. U. Nr 82, poz. 451, z&nbsp;2012 r. poz. 95 oraz z&nbsp;2013 r. poz. 1245)<\/span><span class=\"apple-converted-space\"><span style=\"font-family: 'Calibri',sans-serif; background: white none repeat scroll 0% 0%;\">zmianie ulegnie brzmienie <\/span><\/span><span style=\"font-family: 'Calibri',sans-serif;\"><a href=\"http:\/\/sip.lex.pl\/#\/dokument\/17699744\/2016-02-19#art%282%29\"><span style=\"background: white none repeat scroll 0% 0%;\">art. 2<\/span><\/a><\/span><span style=\"font-family: 'Calibri',sans-serif; background: white none repeat scroll 0% 0%;\"> ust. 1 pkt<\/span><span style=\"font-family: 'Calibri',sans-serif; background: white none repeat scroll 0% 0%;\">3,art.<\/span><span style=\"font-family: 'Calibri',sans-serif; background: white none repeat scroll 0% 0%;\">4<\/span><span style=\"font-family: 'Calibri',sans-serif; background: white none repeat scroll 0% 0%;\">ust.<\/span><span style=\"font-family: 'Calibri',sans-serif; background: white none repeat scroll 0% 0%;\">1<\/span><span style=\"font-family: 'Calibri',sans-serif; background: white none repeat scroll 0% 0%;\">pkt<\/span><span style=\"font-family: 'Calibri',sans-serif; background: white none repeat scroll 0% 0%;\">3<\/span><span class=\"apple-converted-space\"><span style=\"font-family: 'Calibri',sans-serif; background: white none repeat scroll 0% 0%;\">, art. 7, <\/span><\/span><span style=\"font-family: 'Calibri',sans-serif;\"><a href=\"http:\/\/sip.lex.pl\/#\/dokument\/17699744\/2016-02-19#art%289%29\"><span style=\"background: white none repeat scroll 0% 0%;\">art. 9<\/span><\/a><\/span><span style=\"font-family: 'Calibri',sans-serif; background: white none repeat scroll 0% 0%;\"> ust. 1 pkt 1 lit. c<\/span><span style=\"font-family: 'Calibri',sans-serif; background: white none repeat scroll 0% 0%;\">.<\/span><\/span><\/p>\n<p class=\"Omwienie\" style=\"text-align: justify;\"><span style=\"font-size: 12pt;\"><span class=\"apple-converted-space\"><span style=\"font-family: 'Calibri',sans-serif; background: white none repeat scroll 0% 0%;\">W<\/span><\/span><span style=\"font-family: 'Calibri',sans-serif; background: white none repeat scroll 0% 0%;\">ustawie z&nbsp;dnia 15 kwietnia 2011 r. o&nbsp;dzia\u0142alno\u015bci leczniczej (Dz. U. z&nbsp;2015 r. poz. 618, z&nbsp;p&oacute;\u017an. zm.) zmi<\/span><span style=\"font-family: 'Calibri',sans-serif; background: white none repeat scroll 0% 0%;\">a<\/span><span style=\"font-family: 'Calibri',sans-serif; background: white none repeat scroll 0% 0%;\">nie ulegnie brzmienie<\/span><span style=\"font-family: 'Calibri',sans-serif;\"><a href=\"http:\/\/sip.lex.pl\/#\/dokument\/17709549\/2016-02-19#art%2817%29\"><span style=\"background: white none repeat scroll 0% 0%;\">art. 17<\/span><\/a><\/span><span style=\"font-family: 'Calibri',sans-serif; background: white none repeat scroll 0% 0%;\">ust. 1 pkt 2<\/span><span class=\"apple-converted-space\"><span style=\"font-family: 'Calibri',sans-serif; background: white none repeat scroll 0% 0%;\">.<\/span><\/span><\/span><\/p>\n<p class=\"Omwienie\" style=\"text-align: justify;\"><span style=\"font-size: 12pt;\"><span style=\"font-family: 'Calibri',sans-serif; background: white none repeat scroll 0% 0%;\">W <\/span><span style=\"font-family: 'Calibri',sans-serif;\"><a href=\"http:\/\/sip.lex.pl\/#\/dokument\/17710006\/2016-02-19\"><span style=\"background: white none repeat scroll 0% 0%;\">ustawie <\/span><\/a><\/span><span style=\"font-family: 'Calibri',sans-serif; background: white none repeat scroll 0% 0%;\">z dnia 28 kwietnia 2011 r. o&nbsp;systemie informacji w&nbsp;ochronie zdrowia (Dz.<\/span><span style=\"font-family: 'Calibri',sans-serif; background: white none repeat scroll 0% 0%;\">U.<\/span><span style=\"font-family: 'Calibri',sans-serif; background: white none repeat scroll 0% 0%;\">z<\/span><span style=\"font-family: 'Calibri',sans-serif; background: white none repeat scroll 0% 0%;\">2015 r. poz. 636, z&nbsp;p&oacute;\u017an. zm.) zmianie ulegnie brzmienie art. 2pkt 1<\/span><span style=\"font-family: 'Calibri',sans-serif; background: white none repeat scroll 0% 0%;\">7.<\/span><\/span><\/p>\n<p>&nbsp;<\/p>\n<p class=\"Dziedzinaprawa\" style=\"text-align: justify;\"><span style=\"font-size: 12pt;\"><strong><span style=\"font-family: 'Calibri',sans-serif;\">ZDROWIE PUBLICZNE<\/span><\/strong><\/span><\/p>\n<p class=\"Tekstpraswki0\" style=\"text-align: justify;\"><span style=\"font-size: 12pt;\"><strong><span style=\"font-family: 'Calibri',sans-serif;\">Ustawa <\/span><\/strong><span style=\"font-family: 'Calibri',sans-serif;\">z dnia 11 wrze\u015bnia 2015 r. <\/span><span style=\"font-family: 'Calibri',sans-serif;\">o zdrowiu publicznym<\/span><span style=\"font-family: 'Calibri',sans-serif;\"> (Dz. U. z&nbsp;2015 r., poz. 1916) &ndash; <strong>wejdzie w&nbsp;\u017cycie z&nbsp;dniem 3 grudnia 2015 r., z&nbsp;wyj\u0105tkiem:<\/strong><\/span><\/span><\/p>\n<p class=\"Tekstpraswki0\" style=\"text-align: justify;\"><span style=\"font-size: 12pt;\"><strong><span style=\"font-family: 'Calibri',sans-serif;\">1) art. 4 ust. 2 pkt 7, kt&oacute;ry wchodzi w&nbsp;\u017cycie z&nbsp;dniem 1 pa\u017adziernika 2017 r., <\/span><\/strong><\/span><\/p>\n<p class=\"Tekstpraswki0\" style=\"text-align: justify;\"><span style=\"font-size: 12pt;\"><strong><span style=\"font-family: 'Calibri',sans-serif;\">2) art. 9, art. 19 pkt 1, 3, 4 i&nbsp;6, art. 20, art. 23 i&nbsp;art. 25 pkt 1, kt&oacute;re&nbsp;wchodz\u0105&nbsp;w&nbsp;\u017cycie z&nbsp;dniem 1 stycznia 2016 r., <\/span><\/strong><\/span><\/p>\n<p class=\"Tekstpraswki0\" style=\"text-align: justify;\"><span style=\"font-size: 12pt;\"><strong><span style=\"font-family: 'Calibri',sans-serif;\">3) art. 12 i&nbsp;art. 22, kt&oacute;re wchodz\u0105 w&nbsp;\u017cycie z&nbsp;dniem 1 stycznia 2017 r., <\/span><\/strong><\/span><\/p>\n<p class=\"Tekstpraswki0\" style=\"text-align: justify;\"><span style=\"font-size: 12pt;\"><strong><span style=\"font-family: 'Calibri',sans-serif;\">4) art. 21, kt&oacute;ry wchodzi w&nbsp;\u017cycie z&nbsp;dniem 1 stycznia 2018 r.<\/span><\/strong><\/span><\/p>\n<p>&nbsp;<\/p>\n<p class=\"Dziedzinaprawa\" style=\"text-align: justify;\"><span style=\"font-size: 12pt;\"><strong><span style=\"font-family: 'Calibri',sans-serif;\">PRODUKTY LECZNICZE<\/span><\/strong><\/span><\/p>\n<p class=\"Tekstpraswki0\" style=\"text-align: justify;\"><span style=\"font-size: 12pt;\"><strong><span style=\"font-family: 'Calibri',sans-serif;\">Rozporz\u0105dzenie<\/span><\/strong><span style=\"font-family: 'Calibri',sans-serif;\"> Ministra Zdrowia z&nbsp;dnia 9 listopada 2015 r.<\/span><span style=\"font-family: 'Calibri',sans-serif;\">zmieniaj\u0105ce rozporz\u0105dzenie w&nbsp;sprawie kryteri&oacute;w zaliczenia produktu leczniczego do poszczeg&oacute;lnych kategorii dost\u0119pno\u015bci<\/span><span style=\"font-family: 'Calibri',sans-serif;\"> (Dz.U. z&nbsp;2015 r., poz. 1949) <strong>&ndash; wejdzie w&nbsp;\u017cycie 10 grudnia 2015 r.<\/strong><\/span><\/span><\/p>\n<p class=\"Omwienie\" style=\"text-align: justify;\"><span style=\"font-size: 12pt;\"><span style=\"font-family: 'Calibri',sans-serif;\">W rozporz\u0105dzeniu Ministra Zdrowia z&nbsp;dnia 14 listopada 2008 r. w&nbsp;sprawie kryteri&oacute;w zaliczenia produktu leczniczego do poszczeg&oacute;lnych kategorii dost\u0119pno\u015bci (Dz.<\/span><span style=\"font-family: 'Calibri',sans-serif;\">U.<\/span><span style=\"font-family: 'Calibri',sans-serif;\">Nr<\/span><span style=\"font-family: 'Calibri',sans-serif;\">206,<\/span><span style=\"font-family: 'Calibri',sans-serif;\">poz. 1292) w&nbsp;&sect; 1 uchyla si\u0119 ust. 2.<\/span><\/span><\/p>\n<p>&nbsp;<\/p>\n<p class=\"Dziedzinaprawa\" style=\"text-align: justify;\"><span style=\"font-size: 12pt;\"><strong><span style=\"font-family: 'Calibri',sans-serif;\">STOWARZYSZENIA<\/span><\/strong><\/span><\/p>\n<p class=\"Tekstpraswki0\" style=\"text-align: justify;\"><span style=\"font-size: 12pt;\"><strong><span style=\"font-family: 'Calibri',sans-serif;\">Ustawa <\/span><\/strong><span style=\"font-family: 'Calibri',sans-serif;\">z dnia 25 wrze\u015bnia 2015 r. o&nbsp;zmianie ustawy &#8211; Prawo o&nbsp;stowarzyszeniach oraz niekt&oacute;rych innych ustaw (Dz. U. z&nbsp;2015 r., poz. 1923) <strong>&ndash; wejdzie w&nbsp;\u017cycie z&nbsp;dniem 20&nbsp;maja 2016 r.<\/strong><\/span><strong><span style=\"font-family: 'Calibri',sans-serif;\">z wyj\u0105tkiem:<\/span><\/strong><\/span><\/p>\n<p class=\"Tekstpraswki0\" style=\"text-align: justify;\"><span style=\"font-size: 12pt;\"><strong><span style=\"font-family: 'Calibri',sans-serif;\">1) art. 1 pkt 22, art. 3, art. 4 pkt 3 oraz art. 5 pkt 1, kt&oacute;re&nbsp;wchodz\u0105&nbsp;w&nbsp;\u017cycie&nbsp;z&nbsp;dniem 1 stycznia 2017 r.,<\/span><\/strong><\/span><\/p>\n<p class=\"Tekstpraswki0\" style=\"text-align: justify;\"><span style=\"font-size: 12pt;\"><strong><span style=\"font-family: 'Calibri',sans-serif;\">2) art. 4 pkt 1 i&nbsp;2, kt&oacute;ry wejdzie w&nbsp;\u017cycie 5 grudnia 2015 r.<\/span><\/strong><\/span><\/p>\n<p class=\"Omwienie\" style=\"text-align: justify;\"><span style=\"font-size: 12pt;\"><span style=\"font-family: 'Calibri',sans-serif;\">W ustawie z&nbsp;dnia 7 kwietnia 1989 r. &#8211; Prawo o&nbsp;stowarzyszeniach (Dz.<\/span><span style=\"font-family: 'Calibri',sans-serif;\">U.<\/span><span style=\"font-family: 'Calibri',sans-serif;\">z<\/span><span style=\"font-family: 'Calibri',sans-serif;\">2015<\/span><span style=\"font-family: 'Calibri',sans-serif;\">r.<\/span><span style=\"font-family: 'Calibri',sans-serif;\">poz.<\/span><span style=\"font-family: 'Calibri',sans-serif;\">1393) zmianie ulegnie brzmienie art. 1 ust. 2, art. 2 ust. 3, art.<\/span><span style=\"font-family: 'Calibri',sans-serif;\">9,<\/span><span style=\"font-family: 'Calibri',sans-serif;\">art. 10, art. 12, art. 16, art. 17, art. 21, art. 25, art. 26, art. 28, art. 31, art.<\/span><span style=\"font-family: 'Calibri',sans-serif;\">32,<\/span><span style=\"font-family: 'Calibri',sans-serif;\">art. 40, art. 41, art. 42, art. 43 pkt 1, art. 44, art. 45, doda<\/span><span style=\"font-family: 'Calibri',sans-serif;\">ny&nbsp;zostanie&nbsp;<\/span><span style=\"font-family: 'Calibri',sans-serif;\">art.<\/span><span style=\"font-family: 'Calibri',sans-serif;\">10a<\/span><span style=\"font-family: 'Calibri',sans-serif;\">oraz<\/span><span style=\"font-family: 'Calibri',sans-serif;\">art. 10b, w<\/span><span style=\"font-family: 'Calibri',sans-serif;\">art.<\/span><span style=\"font-family: 'Calibri',sans-serif;\">11 ust. 4, w&nbsp;art. 30 ust. 2a, art.<\/span><span style=\"font-family: 'Calibri',sans-serif;\">40a<\/span><span style=\"font-family: 'Calibri',sans-serif;\">, <\/span><span style=\"font-family: 'Calibri',sans-serif;\">art.<\/span><span style=\"font-family: 'Calibri',sans-serif;\">40b, art. 41a, art.<\/span><span style=\"font-family: 'Calibri',sans-serif;\">42a-42e, uchyl<\/span><span style=\"font-family: 'Calibri',sans-serif;\">ony zostanie<\/span><span style=\"font-family: 'Calibri',sans-serif;\"> art. 13-15.<\/span><\/span><\/p>\n<p class=\"Omwienie\" style=\"text-align: justify;\"><span style=\"font-size: 12pt;\"><span style=\"font-family: 'Calibri',sans-serif;\">W&nbsp;<a href=\"http:\/\/sip.lex.pl\/#\/dokument\/16795787\/2016-05-19\"><span style=\"color: windowtext; text-decoration: none;\">ustawie<\/span><\/a>&nbsp;z dnia 4 lutego 1994 r. o&nbsp;prawie autorskim i&nbsp;prawach pokrewnych (Dz.<\/span><span style=\"font-family: 'Calibri',sans-serif;\">U.<\/span><span style=\"font-family: 'Calibri',sans-serif;\">z<\/span><span style=\"font-family: 'Calibri',sans-serif;\">2006 r. Nr 90, poz. 631, z&nbsp;p&oacute;\u017an. zm.)<\/span><span style=\"font-family: 'Calibri',sans-serif;\"> w&nbsp;art. 104 ust. 2 w&nbsp;pkt 3 kropk\u0119 zast\u0119puje si\u0119 \u015brednikiem i&nbsp;dodaje si\u0119 pkt 4 i&nbsp;5 oraz ust. 2<sup>1<\/sup>.<\/span><\/span><\/p>\n<p class=\"Omwienie\" style=\"text-align: justify;\"><span style=\"font-size: 12pt; font-family: 'Calibri',sans-serif;\">W ustawie z&nbsp;dnia 13 pa\u017adziernika 1995 r. o&nbsp;zasadach ewidencji i&nbsp;identyfikacji podatnik&oacute;w i&nbsp;p\u0142atnik&oacute;w (Dz. U. z&nbsp;2012 r. poz. 1314, z&nbsp;p&oacute;\u017an. zm.) w&nbsp;art. 12 ust. 1 w&nbsp;pkt 2 kropk\u0119 zast\u0119puje si\u0119 \u015brednikiem i&nbsp;dodaje si\u0119 pkt 3.<\/span><\/p>\n<p class=\"Omwienie\" style=\"text-align: justify;\"><span style=\"font-size: 12pt; font-family: 'Calibri',sans-serif;\">W ustawie z&nbsp;dnia 20 sierpnia 1997 r. o&nbsp;Krajowym Rejestrze S\u0105dowym (Dz.&nbsp;U.&nbsp;z&nbsp;2015&nbsp;r.&nbsp;poz. 1142 i&nbsp;1893) dodany zostanie w&nbsp;art. 25b ust. 5, w&nbsp;art. 25d ust. 5, w&nbsp;art. 52 ust. 4a.<\/span><\/p>\n<p class=\"Omwienie\" style=\"text-align: justify;\"><span style=\"font-size: 12pt; font-family: 'Calibri',sans-serif;\">W&nbsp;<a href=\"http:\/\/sip.lex.pl\/#\/dokument\/16799056\/2016-05-19\"><span style=\"color: windowtext; text-decoration: none;\">ustawie<\/span><\/a>&nbsp;z dnia 29 sierpnia 1997 r. &#8211; Ordynacja podatkowa (Dz.&nbsp;U.&nbsp;z&nbsp;2015&nbsp;r.&nbsp;poz.&nbsp;613,&nbsp;z p&oacute;\u017an. zm.) w&nbsp;art. 93a w&nbsp;&sect; 2 w&nbsp;pkt 2 kropk\u0119 zast\u0119puje si\u0119 \u015brednikiem i&nbsp;dodaje si\u0119 pkt 3, zmianie ulegnie brzmienie art. 116a.<\/span><\/p>\n<p class=\"Omwienie\" style=\"text-align: justify;\"><span style=\"font-size: 12pt; font-family: 'Calibri',sans-serif;\">W ustawie z&nbsp;dnia 27 lipca 2005 r. &#8211; Prawo o&nbsp;szkolnictwie wy\u017cszym (Dz.&nbsp;U.&nbsp;z&nbsp;2012&nbsp;r.&nbsp;poz.&nbsp;572, z&nbsp;p&oacute;\u017an. zm.) zmianie ulegnie brzmienie art. 54 ust. 3.<\/span><\/p>\n<p class=\"Omwienie\" style=\"text-align: justify;\"><span style=\"font-size: 12pt; font-family: 'Calibri',sans-serif;\">W ustawie z&nbsp;dnia 5 stycznia 2011 r. &#8211; Kodeks wyborczy (Dz. U. Nr 21, poz.&nbsp;112,&nbsp;z&nbsp;p&oacute;\u017an.&nbsp;zm.) zmianie ulegnie brzmienie art. 130 &sect; 3 pkt 1, art. 402 &sect; 3 pkt 2.<\/span><\/p>\n<p>&nbsp;<\/p>\n<p class=\"Dziedzinaprawa\" style=\"text-align: justify;\"><span style=\"font-size: 12pt;\"><strong><span style=\"font-family: 'Calibri',sans-serif;\">SWOBODA DZIA\u0141ALNO\u015aCI GOSPODARCZEJ<\/span><\/strong><\/span><\/p>\n<p class=\"Tekstpraswki0\" style=\"text-align: justify;\"><span style=\"font-size: 12pt;\"><strong><span style=\"font-family: 'Calibri',sans-serif;\">Ustawa<\/span><\/strong><span style=\"font-family: 'Calibri',sans-serif;\"> z&nbsp;dnia 25 wrze\u015bnia 2015 r. o&nbsp;zmianie ustawy o&nbsp;swobodzie dzia\u0142alno\u015bci gospodarczej oraz niekt&oacute;rych innych ustaw (Dz. U. z&nbsp;2015 r., poz. 1893) <strong>&ndash; wejdzie&nbsp;w&nbsp;\u017cycie z&nbsp;dniem 19 maja 2016 r., z&nbsp;wyj\u0105tkiem art. 8 pkt 1 i&nbsp;2, art.&nbsp;22&nbsp;pkt 1, art.&nbsp;27 oraz art. 58 pkt 1, kt&oacute;re&nbsp;wesz\u0142y&nbsp;w&nbsp;\u017cycie&nbsp;19&nbsp;listopada 2015&nbsp;r.<\/strong><\/span><\/span><\/p>\n<p class=\"Omwienie\" style=\"text-align: justify;\"><span style=\"font-size: 12pt;\"><span style=\"font-family: 'Calibri',sans-serif;\">W ustawie z&nbsp;dnia 2 lipca 2004 r. o&nbsp;swobodzie dzia\u0142alno\u015bci gospodarczej (Dz.<\/span><span style=\"font-family: 'Calibri',sans-serif;\">U.<\/span><span style=\"font-family: 'Calibri',sans-serif;\">z<\/span><span style=\"font-family: 'Calibri',sans-serif;\">2015<\/span><span style=\"font-family: 'Calibri',sans-serif;\">r.<\/span><span style=\"font-family: 'Calibri',sans-serif;\">poz. 584, z&nbsp;p&oacute;\u017an. zm.)<\/span><span style=\"font-family: 'Calibri',sans-serif;\"> zmianie ulegnie brzmienie art. 10 ust. 4 pkt 4, art.&nbsp;22a ust. 3, art.&nbsp;25, art. 26, art. 27, art. 28, art. 30 ust. 1 i&nbsp;2, art. 31, art.&nbsp;32,&nbsp;art.&nbsp;33, art. 34, art.&nbsp;35, art. 37, art. 38, art. 39, art. 49 ust. 1 pkt 2, art. 73, <\/span><span style=\"font-family: 'Calibri',sans-serif;\">dodan<\/span><span style=\"font-family: 'Calibri',sans-serif;\">y zostanie <\/span><span style=\"font-family: 'Calibri',sans-serif;\">art.<\/span><span style=\"font-family: 'Calibri',sans-serif;\">16a<\/span><span style=\"font-family: 'Calibri',sans-serif;\">, w&nbsp;art. 24 ust. 2a, art. 26a, art. 29a, art. 33a, art. 36a, art.&nbsp;39a&nbsp;i art. 39b.<\/span><\/span><\/p>\n<p class=\"Omwienie\" style=\"text-align: justify;\"><span style=\"font-size: 12pt; font-family: 'Calibri',sans-serif;\">W ustawie z&nbsp;dnia 26 pa\u017adziernika 1982 r. o&nbsp;wychowaniu w&nbsp;trze\u017awo\u015bci i&nbsp;przeciwdzia\u0142aniu alkoholizmowi (Dz. U. z&nbsp;2015 r. poz. 1286) zmianie ulegnie brzmienie art. 18 ust.&nbsp;5&nbsp;pkt&nbsp;3.<\/span><\/p>\n<p class=\"Omwienie\" style=\"text-align: justify;\"><span style=\"font-size: 12pt; font-family: 'Calibri',sans-serif;\">W ustawie z&nbsp;dnia 26 lipca 1991 r. o&nbsp;podatku dochodowym od os&oacute;b fizycznych (Dz.&nbsp;U.&nbsp;z&nbsp;2012 r. poz. 361, z&nbsp;p&oacute;\u017an. zm.) zmianie ulegnie brzmienie art. 9a, art. 24a, art.&nbsp;44.<\/span><\/p>\n<p class=\"Omwienie\" style=\"text-align: justify;\"><span style=\"font-size: 12pt; font-family: 'Calibri',sans-serif;\">W ustawie z&nbsp;dnia 29 wrze\u015bnia 1994 r. o&nbsp;rachunkowo\u015bci (Dz. U. z&nbsp;2013 r. poz. 330, z&nbsp;p&oacute;\u017an. zm.) w&nbsp;art. 2 ust. 2 dodaje si\u0119 zdanie trzecie.<\/span><\/p>\n<p class=\"Omwienie\" style=\"text-align: justify;\"><span style=\"font-size: 12pt; font-family: 'Calibri',sans-serif;\">W ustawie z&nbsp;dnia 29 czerwca 1995 r. o&nbsp;statystyce publicznej (Dz. U. z&nbsp;2012 r. poz. 591, z&nbsp;p&oacute;\u017an. zm.) zmianie ulegnie brzmienie art. 42 ust. 3.<\/span><\/p>\n<p class=\"Omwienie\" style=\"text-align: justify;\"><span style=\"font-size: 12pt; font-family: 'Calibri',sans-serif;\">W ustawie z&nbsp;dnia 13 pa\u017adziernika 1995 r. o&nbsp;zasadach ewidencji i&nbsp;identyfikacji podatnik&oacute;w i&nbsp;p\u0142atnik&oacute;w (Dz. U. z&nbsp;2012 r. poz. 1314, z&nbsp;p&oacute;\u017an. zm.) w&nbsp;art. 15 ust. 1b dodaje si\u0119 zdanie drugie.<\/span><\/p>\n<p class=\"Omwienie\" style=\"text-align: justify;\"><span style=\"font-size: 12pt; font-family: 'Calibri',sans-serif;\">W ustawie z&nbsp;dnia 5 grudnia 1996 r. o&nbsp;zawodach lekarza i&nbsp;lekarza dentysty (Dz.&nbsp;U.&nbsp;z&nbsp;2015&nbsp;r. poz. 464 i&nbsp;1633) zmianie ulegnie brzmienie art. 19c ust. 3 pkt 7.<\/span><\/p>\n<p class=\"Omwienie\" style=\"text-align: justify;\"><span style=\"font-size: 12pt;\"><span style=\"font-family: 'Calibri',sans-serif;\">W ustawie z&nbsp;dnia 10 kwietnia 1997 r. &#8211; Prawo energetyczne (Dz.&nbsp;U.&nbsp;z&nbsp;2012&nbsp;r.&nbsp;poz.&nbsp;1059,&nbsp;z p&oacute;\u017an. zm.) zmianie ulegnie brzmienie<\/span><span style=\"font-family: 'Calibri',sans-serif;\">art. 9a ust. 5 pkt&nbsp;2,&nbsp;art. 9e<sup>1<\/sup> pkt&nbsp;2,&nbsp;art. 33 ust.&nbsp;1 pkt 1, art. 35 ust. 1 pkt 6, art. 37 ust. 1 pkt 7.<\/span><\/span><\/p>\n<p class=\"Omwienie\" style=\"text-align: justify;\"><span style=\"font-size: 12pt; font-family: 'Calibri',sans-serif;\">W ustawie z&nbsp;dnia 20 czerwca 1997 r. &#8211; Prawo o&nbsp;ruchu drogowym (Dz.&nbsp;U.&nbsp;z&nbsp;2012&nbsp;r.&nbsp;poz.&nbsp;1137, z&nbsp;p&oacute;\u017an. zm.) zmianie ulegnie brzmienie art. 75ab ust. 1 pkt&nbsp;2, art. 83a ust.&nbsp;3&nbsp;pkt&nbsp;2.<\/span><\/p>\n<p class=\"Omwienie\" style=\"text-align: justify;\"><span style=\"font-size: 12pt; font-family: 'Calibri',sans-serif;\">W ustawie z&nbsp;dnia 20 sierpnia 1997 r. o&nbsp;Krajowym Rejestrze S\u0105dowym (Dz.&nbsp;U.&nbsp;z&nbsp;2015&nbsp;r.&nbsp;poz. 1142) zmianie ulegnie brzmienie art. 38 w&nbsp;pkt 1 lit. e.<\/span><\/p>\n<p class=\"Omwienie\" style=\"text-align: justify;\"><span style=\"font-size: 12pt; font-family: 'Calibri',sans-serif;\">ustawie z&nbsp;dnia 13 pa\u017adziernika 1998 r. o&nbsp;systemie ubezpiecze\u0144 spo\u0142ecznych (Dz.&nbsp;U.&nbsp;z&nbsp;2015 r. poz. 121, z&nbsp;p&oacute;\u017an. zm.) dodany zostanie art. 36b.<\/span><\/p>\n<p class=\"Omwienie\" style=\"text-align: justify;\"><span style=\"font-size: 12pt; font-family: 'Calibri',sans-serif;\">W ustawie z&nbsp;dnia 20 listopada 1998 r. o&nbsp;zrycza\u0142towanym podatku dochodowym od&nbsp;niekt&oacute;rych przychod&oacute;w osi\u0105ganych przez osoby fizyczne (Dz. U. Nr 144, poz. 930, z&nbsp;p&oacute;\u017an. zm.) zmianie ulega brzmienie art. 9, art. 29, dodane zostanie w&nbsp;art. 15 ust. 4 zdanie trzecie, w&nbsp;art. 21 ust. 1c zdanie trzecie.<\/span><\/p>\n<p class=\"Omwienie\" style=\"text-align: justify;\"><span style=\"font-size: 12pt; font-family: 'Calibri',sans-serif;\">W ustawie z&nbsp;dnia 29 listopada 2000 r. &#8211; Prawo atomowe (Dz. U. z&nbsp;2014 r. poz. 1512 oraz&nbsp;z 2015 r. poz. 1505) zmianie ulegnie brzmienie art. 5 ust. 1 pkt 2.<\/span><\/p>\n<p class=\"Omwienie\" style=\"text-align: justify;\"><span style=\"font-size: 12pt; font-family: 'Calibri',sans-serif;\">W ustawie z&nbsp;dnia 21 grudnia 2000 r. o&nbsp;jako\u015bci handlowej artyku\u0142&oacute;w rolno-spo\u017cywczych (Dz. U. z&nbsp;2015 r. poz. 678 i&nbsp;1505) zmianie ulegnie brzmienie art. 12 ust. 3 pkt 1a.<\/span><\/p>\n<p class=\"Omwienie\" style=\"text-align: justify;\"><span style=\"font-size: 12pt; font-family: 'Calibri',sans-serif;\">W ustawie z&nbsp;dnia 18 stycznia 2001 r. o&nbsp;wy\u015bcigach konnych (Dz. U. z&nbsp;2015 r. poz. 642) zmianie ulegnie brzmienie art. 16.<\/span><\/p>\n<p class=\"Omwienie\" style=\"text-align: justify;\"><span style=\"font-size: 12pt; font-family: 'Calibri',sans-serif;\">W ustawie z&nbsp;dnia 2 marca 2001 r. o&nbsp;wyrobie alkoholu etylowego oraz wytwarzaniu wyrob&oacute;w tytoniowych (Dz. U. z&nbsp;2015 r. poz. 103) zmianie ulegnie brzmienie art. 5 ust.&nbsp;2&nbsp;pkt 2.<\/span><\/p>\n<p class=\"Omwienie\" style=\"text-align: justify;\"><span style=\"font-size: 12pt; font-family: 'Calibri',sans-serif;\">W ustawie z&nbsp;dnia 7 czerwca 2001 r. o&nbsp;le\u015bnym materiale rozmno\u017ceniowym (Dz.&nbsp;U.&nbsp;z&nbsp;2015&nbsp;r. poz. 1092) zmianie ulegnie brzmienie art. 45 ust. 2 pkt 6.<\/span><\/p>\n<p class=\"Omwienie\" style=\"text-align: justify;\"><span style=\"font-size: 12pt; font-family: 'Calibri',sans-serif;\">W ustawie z&nbsp;dnia 7 czerwca 2001 r. o&nbsp;zbiorowym zaopatrzeniu w&nbsp;wod\u0119 i&nbsp;zbiorowym odprowadzaniu \u015bciek&oacute;w (Dz. U. z&nbsp;2015 r. poz. 139) zmianie ulegnie brzmienie art.&nbsp;17&nbsp;ust.&nbsp;1 pkt 8.<\/span><\/p>\n<p class=\"Omwienie\" style=\"text-align: justify;\"><span style=\"font-size: 12pt; font-family: 'Calibri',sans-serif;\">W ustawie z&nbsp;dnia 22 czerwca 2001 r. o&nbsp;wykonywaniu dzia\u0142alno\u015bci gospodarczej w&nbsp;zakresie wytwarzania i&nbsp;obrotu materia\u0142ami wybuchowymi, broni\u0105, amunicj\u0105 oraz wyrobami i&nbsp;technologi\u0105 o&nbsp;przeznaczeniu wojskowym lub policyjnym (Dz. U. z&nbsp;2012 r. poz. 1017 oraz z&nbsp;2013 r. poz. 1650) zmianie ulegnie brzmienie art. 12 ust. 1 pkt 2, art.&nbsp;14&nbsp;ust.&nbsp;1&nbsp;pkt 3.<\/span><\/p>\n<p class=\"Omwienie\" style=\"text-align: justify;\"><span style=\"font-size: 12pt; font-family: 'Calibri',sans-serif;\">W ustawie z&nbsp;dnia 6 lipca 2001 r. o&nbsp;us\u0142ugach detektywistycznych (Dz.&nbsp;U.&nbsp;z&nbsp;2014&nbsp;r.&nbsp;poz.&nbsp;273 i&nbsp;822) zmianie ulegnie brzmienie art. 16 ust. 1 pkt 2, art.&nbsp;19&nbsp;pkt 5.<\/span><\/p>\n<p class=\"Omwienie\" style=\"text-align: justify;\"><span style=\"font-size: 12pt; font-family: 'Calibri',sans-serif;\">W ustawie z&nbsp;dnia 27 lipca 2001 r. o&nbsp;diagnostyce laboratoryjnej (Dz.&nbsp;U.&nbsp;z&nbsp;2014&nbsp;r.&nbsp;poz.&nbsp;1384 i&nbsp;1491 oraz z&nbsp;2015 r. poz. 1087) zmianie ulegnie brzmienie art.&nbsp;19 ust. 3 pkt 2.<\/span><\/p>\n<p class=\"Omwienie\" style=\"text-align: justify;\"><span style=\"font-size: 12pt; font-family: 'Calibri',sans-serif;\">W ustawie z&nbsp;dnia 6 wrze\u015bnia 2001 r. o&nbsp;transporcie drogowym (Dz.&nbsp;U.&nbsp;z&nbsp;2013&nbsp;r.&nbsp;poz.&nbsp;1414, z&nbsp;p&oacute;\u017an. zm.) zmianie ulegnie brzmienie art. 21 ust. 3, art.&nbsp;33 ust. 3, art. 39g ust.&nbsp;4&nbsp;pkt 2, art. 80 ust. 2 w&nbsp;pkt 2 lit. c.<\/span><\/p>\n<p class=\"Omwienie\" style=\"text-align: justify;\"><span style=\"font-size: 12pt; font-family: 'Calibri',sans-serif;\">W ustawie z&nbsp;dnia 18 wrze\u015bnia 2001 r. o&nbsp;podpisie elektronicznym (Dz.&nbsp;U.&nbsp;z&nbsp;2013&nbsp;r.&nbsp;poz.&nbsp;262 oraz z&nbsp;2014 r. poz. 1662) zmianie ulega brzmienie art.&nbsp;24&nbsp;ust.&nbsp;2 pkt 4, art. 26 ust.&nbsp;1 pkt 2.<\/span><\/p>\n<p class=\"Omwienie\" style=\"text-align: justify;\"><span style=\"font-size: 12pt; font-family: 'Calibri',sans-serif;\">W ustawie z&nbsp;dnia 21 czerwca 2002 r. o&nbsp;materia\u0142ach wybuchowych przeznaczonych do u\u017cytku cywilnego (Dz. U. z&nbsp;2015 r. poz. 1100) zmianie ulegnie brzmienie art.&nbsp;14&nbsp;ust.&nbsp;1&nbsp;pkt&nbsp;2a.<\/span><\/p>\n<p class=\"Omwienie\" style=\"text-align: justify;\"><span style=\"font-size: 12pt; font-family: 'Calibri',sans-serif;\">W ustawie z&nbsp;dnia 3 lipca 2002 r. &#8211; Prawo lotnicze (Dz. U. z&nbsp;2013 r. poz. 1393, z&nbsp;p&oacute;\u017an.&nbsp;zm.) zmianie ulegnie brzmienie art. 95a ust. 3 pkt 2, art. 166 ust. 2 pkt 2, art.&nbsp;175 ust.&nbsp;1&nbsp;pkt 2.<\/span><\/p>\n<p class=\"Omwienie\" style=\"text-align: justify;\"><span style=\"font-size: 12pt; font-family: 'Calibri',sans-serif;\">W ustawie z&nbsp;dnia 27 lipca 2002 r. &#8211; Prawo dewizowe (Dz. U. z&nbsp;2012 r. poz. 826, z&nbsp;2013 r. poz. 1036 oraz z&nbsp;2015 r. poz. 855) zmianie ulegnie brzmienie art. 17 ust. 1 pkt 2.<\/span><\/p>\n<p class=\"Omwienie\" style=\"text-align: justify;\"><span style=\"font-size: 12pt; font-family: 'Calibri',sans-serif;\">W ustawie z&nbsp;dnia 23 listopada 2002 r. o&nbsp;S\u0105dzie Najwy\u017cszym (Dz.&nbsp;U.&nbsp;z&nbsp;2013&nbsp;r.&nbsp;poz.&nbsp;499,&nbsp;z&nbsp;p&oacute;\u017an. zm.) zmianie ulegnie brzmienie art. 60 &sect; 2.<\/span><\/p>\n<p class=\"Omwienie\" style=\"text-align: justify;\"><span style=\"font-size: 12pt; font-family: 'Calibri',sans-serif;\">W ustawie z&nbsp;dnia 28 marca 2003 r. o&nbsp;transporcie kolejowym (Dz.&nbsp;U.&nbsp;z&nbsp;2015&nbsp;r.&nbsp;poz.&nbsp;1297,&nbsp;z p&oacute;\u017an. zm.) zmianie ulega brzmienie art. 48 ust. 2 pkt 2.<\/span><\/p>\n<p class=\"Omwienie\" style=\"text-align: justify;\"><span style=\"font-size: 12pt; font-family: 'Calibri',sans-serif;\">W ustawie z&nbsp;dnia 22 maja 2003 r. o&nbsp;po\u015brednictwie ubezpieczeniowym (Dz.&nbsp;U.&nbsp;z&nbsp;2014&nbsp;r.&nbsp;poz. 1450 oraz z&nbsp;2015 r. poz. 1844) zmianie ulegnie brzmienie art.&nbsp;28&nbsp;ust. 4 pkt 2.<\/span><\/p>\n<p class=\"Omwienie\" style=\"text-align: justify;\"><span style=\"font-size: 12pt; font-family: 'Calibri',sans-serif;\">W ustawie z&nbsp;dnia 18 grudnia 2003 r. o&nbsp;zak\u0142adach leczniczych dla zwierz\u0105t (Dz.&nbsp;U.&nbsp;z&nbsp;2015&nbsp;r. poz. 1047) zmianie ulegnie brzmienie art. 17.<\/span><\/p>\n<p class=\"Omwienie\" style=\"text-align: justify;\"><span style=\"font-size: 12pt; font-family: 'Calibri',sans-serif;\">W ustawie z&nbsp;dnia 11 marca 2004 r. o&nbsp;Agencji Rynku Rolnego i&nbsp;organizacji niekt&oacute;rych rynk&oacute;w rolnych (Dz. U. z&nbsp;2012 r. poz. 633, z&nbsp;p&oacute;\u017an. zm.) zmianie ulegnie brzmienie art.&nbsp;22 ust. 5 pkt 4, art. 31 ust. 10e pkt 3.<\/span><\/p>\n<p class=\"Omwienie\" style=\"text-align: justify;\"><span style=\"font-size: 12pt; font-family: 'Calibri',sans-serif;\">W ustawie z&nbsp;dnia&nbsp;12 marca 2004 r. o&nbsp;pomocy spo\u0142ecznej (Dz. U. z&nbsp;2015&nbsp;r. poz. 163, z&nbsp;p&oacute;\u017an. zm.) zmianie ulegnie brzmienie art. 57.<\/span><\/p>\n<p class=\"Omwienie\" style=\"text-align: justify;\"><span style=\"font-size: 12pt; font-family: 'Calibri',sans-serif;\">W&nbsp;ustawie&nbsp;z&nbsp;dnia&nbsp;19 marca 2004 r. &#8211; Prawo celne (Dz. U. z&nbsp;2015&nbsp;r. poz. 858, 1649 i&nbsp;1844) zmianie ulega brzmienie art. 26&nbsp;ust. 7.<\/span><\/p>\n<p class=\"Omwienie\" style=\"text-align: justify;\"><span style=\"font-size: 12pt; font-family: 'Calibri',sans-serif;\">W&nbsp;<a href=\"http:\/\/sip.lex.pl\/#\/dokument\/17091376\/2016-05-18\"><span style=\"color: windowtext; text-decoration: none;\">ustawie<\/span><\/a>&nbsp;z&nbsp;dnia&nbsp;2 kwietnia 2004 r. o&nbsp;systemie identyfikacji i&nbsp;rejestracji zwierz\u0105t (Dz.&nbsp;U.&nbsp;z&nbsp;2015&nbsp;r. poz. 1172) zmianie ulega brzmienie&nbsp;art. 26 ust. 2a pkt 3.<\/span><\/p>\n<p class=\"Omwienie\" style=\"text-align: justify;\"><span style=\"font-size: 12pt; font-family: 'Calibri',sans-serif;\">W&nbsp;<a href=\"http:\/\/sip.lex.pl\/#\/dokument\/17091680\/2016-05-18\"><span style=\"color: windowtext; text-decoration: none;\">ustawie<\/span><\/a>&nbsp;z&nbsp;dnia&nbsp;20 kwietnia 2004 r. o&nbsp;organizacji rynku mleka i&nbsp;przetwor&oacute;w mlecznych (Dz. U. z&nbsp;2013 r. poz. 50, z&nbsp;p&oacute;\u017an. zm.) zmianie ulega brzmienie&nbsp;art. 4&nbsp;ust. 3 pkt 1a.<\/span><\/p>\n<p class=\"Omwienie\" style=\"text-align: justify;\"><span style=\"font-size: 12pt; font-family: 'Calibri',sans-serif;\">W&nbsp;<a href=\"http:\/\/sip.lex.pl\/#\/dokument\/17116702\/2016-05-18\"><span style=\"color: windowtext; text-decoration: none;\">ustawie<\/span><\/a>&nbsp;z&nbsp;dnia&nbsp;16 lipca 2004 r. &#8211; Prawo telekomunikacyjne (Dz. U. z&nbsp;2014 r. poz. 243, z&nbsp;p&oacute;\u017an. zm.) zmianie ulega brzmienie&nbsp;art. 10&nbsp;ust. 4 pkt 3 i&nbsp;4, art. 60a&nbsp;ust. 1a pkt 2 lit. b.<\/span><\/p>\n<p class=\"Omwienie\" style=\"text-align: justify;\"><span style=\"font-size: 12pt; font-family: 'Calibri',sans-serif;\">W&nbsp;<a href=\"http:\/\/sip.lex.pl\/#\/dokument\/17127716\/2016-05-18\"><span style=\"color: windowtext; text-decoration: none;\">ustawie<\/span><\/a>&nbsp;z&nbsp;dnia&nbsp;27 sierpnia 2004 r. o&nbsp;\u015bwiadczeniach opieki zdrowotnej finansowanych ze \u015brodk&oacute;w publicznych (Dz. U. z&nbsp;2015&nbsp;r. poz. 581, z&nbsp;p&oacute;\u017an. zm.) w&nbsp;art. 74&nbsp;dodany zostanie ust.&nbsp;3.<\/span><\/p>\n<p class=\"Omwienie\" style=\"text-align: justify;\"><span style=\"font-size: 12pt; font-family: 'Calibri',sans-serif;\">W&nbsp;<a href=\"http:\/\/sip.lex.pl\/#\/dokument\/17216810\/2016-05-18\"><span style=\"color: windowtext; text-decoration: none;\">ustawie<\/span><\/a>&nbsp;z&nbsp;dnia&nbsp;1 lipca 2005 r. o&nbsp;pobieraniu, przechowywaniu i&nbsp;przeszczepianiu kom&oacute;rek, tkanek i&nbsp;narz\u0105d&oacute;w (Dz. U. z&nbsp;2015&nbsp;r. poz. 793) zmianie ulegnie brzmienie art.&nbsp;40&nbsp;ust. 3 pkt 2.<\/span><\/p>\n<p class=\"Omwienie\" style=\"text-align: justify;\"><span style=\"font-size: 12pt; font-family: 'Calibri',sans-serif;\">W&nbsp;<a href=\"http:\/\/sip.lex.pl\/#\/dokument\/17216878\/2016-05-18\"><span style=\"color: windowtext; text-decoration: none;\">ustawie<\/span><\/a>&nbsp;z&nbsp;dnia&nbsp;7 lipca 2005 r. o&nbsp;dzia\u0142alno\u015bci&nbsp;lobbingowej w&nbsp;procesie stanowienia prawa (Dz. U. Nr 169, poz. 1414, z&nbsp;p&oacute;\u017an. zm.) zmianie ulegnie brzmienie&nbsp;art. 10&nbsp; ust. 3 pkt 2, &nbsp;art. 11 ust. 2 pkt 2.<\/span><\/p>\n<p class=\"Omwienie\" style=\"text-align: justify;\"><span style=\"font-size: 12pt; font-family: 'Calibri',sans-serif;\">W&nbsp;<a href=\"http:\/\/sip.lex.pl\/#\/dokument\/17219704\/2016-05-18\"><span style=\"color: windowtext; text-decoration: none;\">ustawie<\/span><\/a>&nbsp;z&nbsp;dnia&nbsp;29 lipca 2005 r. o&nbsp;systemie tachograf&oacute;w cyfrowych (Dz.&nbsp;U.&nbsp;Nr&nbsp;180,&nbsp;poz.&nbsp;1494, z&nbsp;p&oacute;\u017an. zm.) zmianie ulegnie brzmienie art. 6&nbsp;ust. 3 pkt 1a.<\/span><\/p>\n<p class=\"Omwienie\" style=\"text-align: justify;\"><span style=\"font-size: 12pt; font-family: 'Calibri',sans-serif;\">W&nbsp;<a href=\"http:\/\/sip.lex.pl\/#\/dokument\/17219465\/2016-05-18\"><span style=\"color: windowtext; text-decoration: none;\">ustawie<\/span><\/a>&nbsp;z&nbsp;dnia&nbsp;29 lipca 2005 r. o&nbsp;przeciwdzia\u0142aniu narkomanii (Dz.&nbsp;U.&nbsp;z&nbsp;2012&nbsp;r.&nbsp;poz.&nbsp;124 oraz z&nbsp;2015&nbsp;r. poz. 28 i&nbsp;875) zmianie ulegnie brzmienie&nbsp;art. 27 ust. 2 pkt 3.&nbsp;<\/span><\/p>\n<p class=\"Omwienie\" style=\"text-align: justify;\"><span style=\"font-size: 12pt; font-family: 'Calibri',sans-serif;\">W&nbsp;<a href=\"http:\/\/sip.lex.pl\/#\/dokument\/17247209\/2016-05-18\"><span style=\"color: windowtext; text-decoration: none;\">ustawie<\/span><\/a>&nbsp;z&nbsp;dnia&nbsp;16 grudnia 2005 r. o&nbsp;produktach pochodzenia zwierz\u0119cego (Dz.&nbsp;U.&nbsp;z&nbsp;2014 r. poz. 1577) zmianie ulegnie brzmienie art. 21.<\/span><\/p>\n<p class=\"Omwienie\" style=\"text-align: justify;\"><span style=\"font-size: 12pt; font-family: 'Calibri',sans-serif;\">W&nbsp;<a href=\"http:\/\/sip.lex.pl\/#\/dokument\/17294230\/2016-05-18\"><span style=\"color: windowtext; text-decoration: none;\">ustawie<\/span><\/a>&nbsp;z&nbsp;dnia&nbsp;22 lipca 2006 r. o&nbsp;paszach (Dz. U. z&nbsp;2014 r. poz. 398) zmianie&nbsp;ulegnie&nbsp;brzmienie art. 10 ust. 2 pkt 1a, &nbsp;art. 20 ust. 3 pkt 1a.<\/span><\/p>\n<p class=\"Omwienie\" style=\"text-align: justify;\"><span style=\"font-size: 12pt; font-family: 'Calibri',sans-serif;\">W&nbsp;<a href=\"http:\/\/sip.lex.pl\/#\/dokument\/17302608\/2016-05-18\"><span style=\"color: windowtext; text-decoration: none;\">ustawie<\/span><\/a>&nbsp;z&nbsp;dnia 25&nbsp;sierpnia 2006 r. o&nbsp;bezpiecze\u0144stwie \u017cywno\u015bci i&nbsp;\u017cywienia (Dz.&nbsp;U.&nbsp;z&nbsp;2015&nbsp;r. poz. 594)&nbsp;zmianie ulegnie brzmienie &nbsp;art. 35 ust. 2 pkt 1a, &nbsp;art.&nbsp;64&nbsp;ust.&nbsp;2 pkt 1a.<\/span><\/p>\n<p class=\"Omwienie\" style=\"text-align: justify;\"><span style=\"font-size: 12pt; font-family: 'Calibri',sans-serif;\">W&nbsp;<a href=\"http:\/\/sip.lex.pl\/#\/dokument\/17313214\/2016-05-18\"><span style=\"color: windowtext; text-decoration: none;\">ustawie<\/span><\/a>&nbsp;z&nbsp;dnia&nbsp;18 pa\u017adziernika 2006 r. o&nbsp;wyrobie napoj&oacute;w spirytusowych oraz&nbsp;o&nbsp;rejestracji i&nbsp;ochronie oznacze\u0144 geograficznych napoj&oacute;w spirytusowych (Dz.&nbsp;U.&nbsp;z&nbsp;2013 r. poz. 144 oraz z&nbsp;2015&nbsp;r. poz. 978) zmianie ulegnie brzmienie&nbsp;art.&nbsp;6&nbsp;ust.&nbsp;2 pkt 2.&nbsp;<\/span><\/p>\n<p class=\"Omwienie\" style=\"text-align: justify;\"><span style=\"font-size: 12pt;\"><span style=\"font-family: 'Calibri',sans-serif;\">W&nbsp;<a href=\"http:\/\/sip.lex.pl\/#\/dokument\/17316423\/2016-05-18\"><span style=\"color: windowtext; text-decoration: none;\">ustawie<\/span><\/a>&nbsp;z&nbsp;dnia&nbsp;16 listopada 2006 r. o&nbsp;op\u0142acie skarbowej (Dz. U. z&nbsp;2015&nbsp;r. poz. 783, z&nbsp;p&oacute;\u017an. zm.) zmianie ulegnie brzmienie&nbsp;za\u0142\u0105cznika&nbsp;do&nbsp;ustawy cz\u0119\u015b\u0107 I&nbsp;ust. 35 kolumna 4 pkt&nbsp;1<\/span><span style=\"font-family: 'Calibri',sans-serif;\">.<\/span><\/span><\/p>\n<p class=\"Omwienie\" style=\"text-align: justify;\"><span style=\"font-size: 12pt;\"><span style=\"font-family: 'Calibri',sans-serif;\">W&nbsp;<a href=\"http:\/\/sip.lex.pl\/#\/dokument\/17370471\/2016-05-18\"><span style=\"color: windowtext; text-decoration: none;\">ustawie<\/span><\/a>&nbsp;z&nbsp;dnia&nbsp;10 lipca 2007 r. o&nbsp;nawozach i&nbsp;nawo\u017ceniu (Dz. U. z&nbsp;2015&nbsp;r. poz. 625) zmianie ulega brzmienie&nbsp;art. 4<\/span><span style=\"font-family: 'Calibri',sans-serif;\">ust. 3a pkt 4.<\/span><\/span><\/p>\n<p class=\"Omwienie\" style=\"text-align: justify;\"><span style=\"font-size: 12pt; font-family: 'Calibri',sans-serif;\">W&nbsp;<a href=\"http:\/\/sip.lex.pl\/#\/dokument\/17511034\/2016-05-18\"><span style=\"color: windowtext; text-decoration: none;\">ustawie<\/span><\/a>&nbsp;z&nbsp;dnia&nbsp;6 grudnia 2008 r. o&nbsp;podatku akcyzowym (Dz. U. z&nbsp;2014 r. poz. 752, z&nbsp;p&oacute;\u017an. zm.)&nbsp;zmianie ulega brzmienie &nbsp;art. 49&nbsp;ust. 3 i&nbsp;4, &nbsp;art. 54&nbsp;ust. 2, &nbsp;art. 56&nbsp;ust. 2, art. 57, art. 62a ust. 2 pkt 1, &nbsp;art. 81&nbsp;ust. 2. <\/span><\/p>\n<p class=\"Omwienie\" style=\"text-align: justify;\"><span style=\"font-size: 12pt;\"><span style=\"font-family: 'Calibri',sans-serif;\">W&nbsp;<a href=\"http:\/\/sip.lex.pl\/#\/dokument\/17608354\/2016-05-18\"><span style=\"color: windowtext; text-decoration: none;\">ustawie<\/span><\/a>&nbsp;z&nbsp;dnia&nbsp;4 marca 2010 r. o&nbsp;\u015bwiadczeniu us\u0142ug na terytorium Rzeczypospolitej Polskiej (Dz. U. Nr 47, poz. 278, z&nbsp;p&oacute;\u017an. zm.) &nbsp;<\/span><span style=\"font-family: 'Calibri',sans-serif;\">zmianie uleg<\/span><span style=\"font-family: 'Calibri',sans-serif;\">nie<\/span><span style=\"font-family: 'Calibri',sans-serif;\"> brzmienie <\/span><span style=\"font-family: 'Calibri',sans-serif;\">art. 4&nbsp;ust. 1, &nbsp;art.&nbsp;10&nbsp;ust. 1 pkt 2.<\/span><\/span><\/p>\n<p class=\"Omwienie\" style=\"text-align: justify;\"><span style=\"font-size: 12pt; font-family: 'Calibri',sans-serif;\">W&nbsp;<a href=\"http:\/\/sip.lex.pl\/#\/dokument\/17673497\/2016-05-18\"><span style=\"color: windowtext; text-decoration: none;\">ustawie<\/span><\/a>&nbsp;z&nbsp;dnia&nbsp;16 grudnia 2010 r. o&nbsp;publicznym transporcie zbiorowym (Dz.&nbsp;U.&nbsp;z&nbsp;2015&nbsp;r. poz. 1440, 1753 i&nbsp;1890)&nbsp;zmianie ulega brzmienie art. 28, art. 30 ust. 3 pkt 5, &nbsp;art. 34 ust. 3 pkt 2, art. 40 ust. 1 pkt 1 lit. c, &nbsp;art. 64 ust. 1 pkt 1.<\/span><\/p>\n<p class=\"Omwienie\" style=\"text-align: justify;\"><span style=\"font-size: 12pt; font-family: 'Calibri',sans-serif;\">W&nbsp;<a href=\"http:\/\/sip.lex.pl\/#\/dokument\/17683547\/2016-05-18\"><span style=\"color: windowtext; text-decoration: none;\">ustawie<\/span><\/a>&nbsp;z&nbsp;dnia&nbsp;5 stycznia 2011 r. o&nbsp;kieruj\u0105cych pojazdami (Dz. U. z&nbsp;2015&nbsp;r. poz. 155, z&nbsp;p&oacute;\u017an. zm.)&nbsp;zmianie ulegnie brzmienie art. 28&nbsp;ust. 4 pkt 2, art. 85 ust. 4 pkt 2, &nbsp;art. 115 ust. 2 pkt 2.<\/span><\/p>\n<p class=\"Omwienie\" style=\"text-align: justify;\"><span style=\"font-size: 12pt;\"><span style=\"font-family: 'Calibri',sans-serif;\">W&nbsp;<a href=\"http:\/\/sip.lex.pl\/#\/dokument\/17703377\/2016-05-18\"><span style=\"color: windowtext; text-decoration: none;\">ustawie<\/span><\/a>&nbsp;z&nbsp;dnia&nbsp;1 kwietnia 2011 r. &#8211; Prawo probiercze (Dz. U. Nr 92, poz. 529) zmianie&nbsp;ulega brzmienie art. 19 ust. 4 pkt 4, art. 20 ust. 1 pkt 5,&nbsp;art. 34 ust. 4 pkt 4<\/span><span style=\"font-family: 'Calibri',sans-serif;\">.<\/span><\/span><\/p>\n<p class=\"Omwienie\" style=\"text-align: justify;\"><span style=\"font-size: 12pt; font-family: 'Calibri',sans-serif;\">W&nbsp;<a href=\"http:\/\/sip.lex.pl\/#\/dokument\/17712020\/2016-05-18\"><span style=\"color: windowtext; text-decoration: none;\">ustawie<\/span><\/a>&nbsp;z&nbsp;dnia&nbsp;12 maja 2011 r. o&nbsp;wyrobie i&nbsp;rozlewie wyrob&oacute;w winiarskich, obrocie tymi wyrobami i&nbsp;organizacji rynku wina (Dz. U. z&nbsp;2014 r. poz. 1104 oraz z2015&nbsp;r. poz. 1419) zmianie ulegnie brzmienie art. 20 ust. 3 pkt 2 lit. a.<\/span><\/p>\n<p class=\"Omwienie\" style=\"text-align: justify;\"><span style=\"font-size: 12pt; font-family: 'Calibri',sans-serif;\">W&nbsp;<a href=\"http:\/\/sip.lex.pl\/#\/dokument\/17716352\/2016-05-18\"><span style=\"color: windowtext; text-decoration: none;\">ustawie<\/span><\/a>&nbsp;z&nbsp;dnia&nbsp;29 czerwca 2011 r. o&nbsp;przygotowaniu i&nbsp;realizacji inwestycji w&nbsp;zakresie obiekt&oacute;w energetyki j\u0105drowej oraz inwestycji towarzysz\u0105cych (Dz. U. Nr 135, poz. 789, z&nbsp;p&oacute;\u017an. zm.) zmianie ulegnie brzmienie&nbsp;art. 45&nbsp;ust. 2 pkt 2.<\/span><\/p>\n<p class=\"Omwienie\" style=\"text-align: justify;\"><span style=\"font-size: 12pt; font-family: 'Calibri',sans-serif;\">W&nbsp;<a href=\"http:\/\/sip.lex.pl\/#\/dokument\/17727643\/2016-05-18\"><span style=\"color: windowtext; text-decoration: none;\">ustawie<\/span><\/a>&nbsp;z&nbsp;dnia&nbsp;15 lipca 2011 r. o&nbsp;zawodach piel\u0119gniarki i&nbsp;po\u0142o\u017cnej (Dz.&nbsp;U.&nbsp;z&nbsp;2014&nbsp;r.&nbsp;poz. 1435, z&nbsp;p&oacute;\u017an. zm.) zmianie ulega brzmienie&nbsp;art. 76 ust. 1 pkt 3.&nbsp;<\/span><\/p>\n<p class=\"Omwienie\" style=\"text-align: justify;\"><span style=\"font-size: 12pt; font-family: 'Calibri',sans-serif;\">W&nbsp;<a href=\"http:\/\/sip.lex.pl\/#\/dokument\/17734563\/2016-05-18\"><span style=\"color: windowtext; text-decoration: none;\">ustawie<\/span><\/a>&nbsp;z&nbsp;dnia&nbsp;19 sierpnia 2011 r. o&nbsp;us\u0142ugach p\u0142atniczych (Dz. U. z&nbsp;2014 r. poz. 873, z&nbsp;p&oacute;\u017an. zm.) zmianie ulega brzmienie &nbsp;art. 12a ust. 2 pkt 2 lit. b, &nbsp;art. 122 ust. 1 pkt 1 lit. b, &nbsp;art. 136&nbsp;pkt 2 lit. b.&nbsp;<\/span><\/p>\n<p class=\"Omwienie\" style=\"text-align: justify;\"><span style=\"font-size: 12pt; font-family: 'Calibri',sans-serif;\">W&nbsp;<a href=\"http:\/\/sip.lex.pl\/#\/dokument\/17740666\/2016-05-18\"><span style=\"color: windowtext; text-decoration: none;\">ustawie<\/span><\/a>&nbsp;z&nbsp;dnia&nbsp;19 sierpnia 2011 r. o&nbsp;przewozie towar&oacute;w niebezpiecznych (Dz.&nbsp;U.&nbsp;Nr&nbsp;227, poz. 1367 i&nbsp;Nr 244, poz. 1454 oraz z&nbsp;2015&nbsp;r. poz. 1273) zmianie&nbsp;ulegnie&nbsp;brzmienie &nbsp;art. 50 ust. 7 pkt 2, &nbsp;art. 52 ust. 6 pkt 2.<\/span><\/p>\n<p class=\"Omwienie\" style=\"text-align: justify;\"><span style=\"font-size: 12pt;\"><span style=\"font-family: 'Calibri',sans-serif;\">W&nbsp;<a href=\"http:\/\/sip.lex.pl\/#\/dokument\/17742751\/2016-05-18\"><span style=\"color: windowtext; text-decoration: none;\">ustawie<\/span><\/a>&nbsp;z&nbsp;dnia&nbsp;16&nbsp;wrze\u015bnia&nbsp;2011 r. o&nbsp;szczeg&oacute;lnych rozwi\u0105zaniach zwi\u0105zanych z&nbsp;usuwaniem skutk&oacute;w powodzi (Dz. U. z&nbsp;2015&nbsp;r. poz. 1401 i&nbsp;1830) zmianie&nbsp;ulegnie&nbsp;brzmienie art. 1 ust. 2 pkt 3, &nbsp;art. 4&nbsp;ust. 3 zdanie drugie<\/span><span style=\"font-family: 'Calibri',sans-serif;\">.<\/span><\/span><\/p>\n<p class=\"Omwienie\" style=\"text-align: justify;\"><span style=\"font-size: 12pt;\"><span style=\"font-family: 'Calibri',sans-serif;\">W&nbsp;<a href=\"http:\/\/sip.lex.pl\/#\/dokument\/17937960\/2016-05-18\"><span style=\"color: windowtext; text-decoration: none;\">ustawie<\/span><\/a>&nbsp;z&nbsp;dnia&nbsp;9 listopada 2012 r. o&nbsp;nasiennictw<\/span><span style=\"font-family: 'Calibri',sans-serif; background: white none repeat scroll 0% 0%;\">ie (Dz. U. poz. 1512 oraz z&nbsp;2013 r. poz. 865) zmianie uleg<\/span><span style=\"font-family: 'Calibri',sans-serif; background: white none repeat scroll 0% 0%;\">nie<\/span><span style=\"font-family: 'Calibri',sans-serif; background: white none repeat scroll 0% 0%;\"> brzmienie<\/span><span style=\"font-family: 'Calibri',sans-serif;\">art. 84<span style=\"background: white none repeat scroll 0% 0%;\"> ust. 3 pkt <\/span><\/span><span style=\"font-family: 'Calibri',sans-serif; background: white none repeat scroll 0% 0%;\">2.<\/span><\/span><\/p>\n<p>&nbsp;<\/p>\n<p class=\"Dziedzinaprawa\" style=\"text-align: justify;\"><span style=\"font-size: 12pt;\"><strong><span style=\"font-family: 'Calibri',sans-serif;\">OCHRONA \u015aRODOWISKA<\/span><\/strong><\/span><\/p>\n<p class=\"Tekstpraswki0\" style=\"text-align: justify;\"><span style=\"font-size: 12pt;\"><strong><span style=\"font-family: 'Calibri',sans-serif;\">U<\/span><\/strong><strong><span style=\"font-family: 'Calibri',sans-serif;\">stawa <\/span><\/strong><span style=\"font-family: 'Calibri',sans-serif;\">z dnia 9 pa\u017adziernika 2015 r. <\/span><span style=\"font-family: 'Calibri',sans-serif;\">o zmianie ustawy o&nbsp;udost\u0119pnianiu informacji o<\/span><span style=\"font-family: 'Calibri',sans-serif;\">\u015brodowisku i&nbsp;jego ochronie, udziale spo\u0142ecze\u0144stwa w&nbsp;ochronie \u015brodowiska oraz<\/span><span style=\"font-family: 'Calibri',sans-serif;\">o<\/span><span style=\"font-family: 'Calibri',sans-serif;\">ocenach oddzia\u0142ywania na \u015brodowisko oraz niekt&oacute;rych innych ustaw<\/span><span style=\"font-family: 'Calibri',sans-serif;\"> (Dz.&nbsp;U.&nbsp;z&nbsp;2015&nbsp;r.,&nbsp;poz. 1936)<strong> &ndash; wejdzie w&nbsp;\u017cycie z&nbsp;dniem 1 stycznia 2017 r., z&nbsp;wyj\u0105tkiem art. 1 pkt 34 lit. a-f, pkt 35 lit. a, pkt 38, 45 i&nbsp;53, art. 3 pkt 2-6 oraz&nbsp;art. 7 ust. 1, kt&oacute;re wchodz\u0105 w&nbsp;\u017cycie z&nbsp;dniem 24 grudnia 2015 r.<\/strong><\/span><\/span><\/p>\n<p class=\"Omwienie\" style=\"text-align: justify;\"><span style=\"font-size: 12pt;\"><span style=\"font-family: 'Calibri',sans-serif;\">W ustawie z&nbsp;dnia 3 pa\u017adziernika 2008 r. o&nbsp;udost\u0119pnianiu informacji o&nbsp;\u015brodowisku i<\/span><span style=\"font-family: 'Calibri',sans-serif;\">jego<\/span><span style=\"font-family: 'Calibri',sans-serif;\">ochronie, udziale spo\u0142ecze\u0144stwa w&nbsp;ochronie \u015brodowiska oraz o&nbsp;ocenach oddzia\u0142ywania na<\/span><span style=\"font-family: 'Calibri',sans-serif;\">\u015brodowisko (Dz. U. z&nbsp;2013 r. poz. 1235, z&nbsp;p&oacute;\u017an. zm.)<\/span><span style=\"font-family: 'Calibri',sans-serif;\"> zmianie ulegnie brzmienie art. 1, art. 3 ust. 1, art. 8, art. 9 ust. 3,<\/span><span style=\"font-family: 'Calibri',sans-serif;\">art. 10, art. 11, art. 12, art. 14, art.&nbsp;15, art. 16, art.&nbsp;18 wprowadzenie do wyliczenia, art. 19, art. 21, art. 22, art. 23 ust. 1 zdanie drugie, art.&nbsp;25&nbsp;ust. 1 pkt 2, art. 26, art. 33 ust. 1 pkt 7, art. 49 wprowadzenie do wyliczenia, art.&nbsp;59 ust. 2 pkt 2, art. 61, art. 62, art. 63, art. 64, art. 66, art. 67, art.&nbsp;70, art. 72, art.&nbsp;74, art. 75, art. 77, art. 82, art. 85 ust. 3, art. 86, art. 88 ust. 1a, art. 89, art. 90, art. 92, art. 93, art. 94 ust. 1, art. 95 ust. 1, art. 96, art. 97, art. 101, art. 102, art. 112, art. 119 ust. 1, art. 128, art. 129, dodany zostanie w&nbsp;art. 48 ust.&nbsp;3a, w&nbsp;art. 51 ust.&nbsp;2&nbsp;w&nbsp;pkt 1 w&nbsp;lit. e \u015brednik zast\u0119puje si\u0119 przecinkiem i&nbsp;dodaje si\u0119 lit. f, dodany&nbsp;zostanie art. 62a, art. 68 ust. 2 w&nbsp;pkt 2 lit. b, art. 74a, w&nbsp;art. 76 ust. 1b, w&nbsp;art.&nbsp;84 ust. 1a, art. 86b i&nbsp;art. 86c, w&nbsp;art. 98 ust. 7a, dodany zostanie dzia\u0142 VIIa, uchylony zostanie w&nbsp;art. 2 ust. 1, art. 17, w&nbsp;art. 20 ust. 3.<\/span><\/span><\/p>\n<p class=\"Omwienie\" style=\"text-align: justify;\"><span style=\"font-size: 12pt; font-family: 'Calibri',sans-serif;\">W ustawie z&nbsp;dnia 27 kwietnia 2001 r. &#8211; Prawo ochrony \u015brodowiska (Dz.&nbsp;U.&nbsp;z&nbsp;2013&nbsp;r.&nbsp;poz.&nbsp;1232, z&nbsp;p&oacute;\u017an. zm.) zmianie ulegnie brzmienie art. 135.<\/span><\/p>\n<p class=\"Omwienie\" style=\"text-align: justify;\"><span style=\"font-size: 12pt; font-family: 'Calibri',sans-serif;\">W ustawie z&nbsp;dnia 16 kwietnia 2004 r. o&nbsp;ochronie przyrody (Dz. U. z&nbsp;2015 r. poz. 1651 i&nbsp;1688) zmianie ulegnie brzmienie art. 37 ust. 2, art. 52, art. 56, art. 104a ust. 1, w&nbsp;art.&nbsp;15 dodaje si\u0119 ust. 9, w&nbsp;art. 52a uchyla si\u0119 ust. 1 i&nbsp;3.<\/span><\/p>\n<p class=\"Omwienie\" style=\"text-align: justify;\"><span style=\"font-size: 12pt; font-family: 'Calibri',sans-serif;\">W ustawie z&nbsp;dnia 29 czerwca 2011 r. o&nbsp;przygotowaniu i&nbsp;realizacji inwestycji w&nbsp;zakresie obiekt&oacute;w energetyki j\u0105drowej oraz inwestycji towarzysz\u0105cych (Dz. U. Nr 135, poz. 789, z&nbsp;p&oacute;\u017an. zm.) w&nbsp;art. 17 ust. 2 w&nbsp;pkt 3 kropk\u0119 zast\u0119puje si\u0119 \u015brednikiem i&nbsp;dodaje si\u0119 pkt&nbsp;4.<\/span><\/p>\n<p class=\"Omwienie\" style=\"text-align: justify;\"><span style=\"font-size: 12pt; font-family: 'Calibri',sans-serif;\">W ustawie z&nbsp;dnia 14 grudnia 2012 r. o&nbsp;odpadach (Dz. U. z&nbsp;2013 r. poz. 21, z&nbsp;p&oacute;\u017an. zm.) w&nbsp;art. 42 uchyla si\u0119 ust. 4.<\/span><\/p>\n<p>&nbsp;<\/p>\n<p class=\"Dziedzinaprawa\" style=\"text-align: justify;\"><span style=\"font-size: 12pt;\"><strong><span style=\"font-family: 'Calibri',sans-serif;\">PODATKI<\/span><\/strong><\/span><\/p>\n<p class=\"Tekstpraswki0\" style=\"text-align: justify;\"><span style=\"font-size: 12pt;\"><strong><span style=\"font-family: 'Calibri',sans-serif;\">U<\/span><\/strong><strong><span style=\"font-family: 'Calibri',sans-serif;\">stawa <\/span><\/strong><span style=\"font-family: 'Calibri',sans-serif;\">z dnia 9 pa\u017adziernika 2015 r. <\/span><span style=\"font-family: 'Calibri',sans-serif;\">o zmianie ustawy o&nbsp;podatku dochodowym od os&oacute;b fizycznych, ustawy o&nbsp;podatku dochodowym od os&oacute;b prawnych oraz niekt&oacute;rych innych ustaw<\/span><span style=\"font-family: 'Calibri',sans-serif;\"> (Dz.U. z&nbsp;2015 r., poz. 1932) <strong>&ndash; wejdzie w&nbsp;\u017cycie z&nbsp;dniem 31 grudnia 2015 r.,<\/strong><\/span><strong><span style=\"font-family: 'Calibri',sans-serif;\">z&nbsp;wyj\u0105tkiem:<\/span><\/strong><\/span><\/p>\n<p class=\"Tekstpraswki0\" style=\"text-align: justify;\"><span style=\"font-size: 12pt;\"><strong><span style=\"font-family: 'Calibri',sans-serif;\">1) art. 6 i&nbsp;art. 7, kt&oacute;re wesz\u0142y w&nbsp;\u017cycie z&nbsp;dniem 24 listopada 2015 r.,<\/span><\/strong><\/span><\/p>\n<p class=\"Tekstpraswki0\" style=\"text-align: justify;\"><span style=\"font-size: 12pt;\"><strong><span style=\"font-family: 'Calibri',sans-serif;\">2) art. 1 pkt 1 i&nbsp;2, art. 2 pkt 6 w&nbsp;zakresie dotycz\u0105cym art. 27 ust. 6, 7 i&nbsp;9, art.&nbsp;8&nbsp;oraz art. 12, kt&oacute;re wchodz\u0105 w&nbsp;\u017cycie z&nbsp;dniem 1 stycznia 2016 r.,<\/span><\/strong><\/span><\/p>\n<p class=\"Tekstpraswki0\" style=\"text-align: justify;\"><span style=\"font-size: 12pt;\"><strong><span style=\"font-family: 'Calibri',sans-serif;\">3) art. 1 pkt 3, 4, 7 i&nbsp;11, art. 2 pkt 1, 2, 3 i&nbsp;6 w&nbsp;zakresie dotycz\u0105cym art.&nbsp;27&nbsp;ust.&nbsp;5 i&nbsp;8, art. 4, art. 10 oraz art. 11, kt&oacute;re wchodz\u0105 w&nbsp;\u017cycie z&nbsp;dniem 1 stycznia 2017 r.<\/span><\/strong><\/span><\/p>\n<p class=\"Omwienie\" style=\"text-align: justify;\"><span style=\"font-size: 12pt;\"><span style=\"font-family: 'Calibri',sans-serif;\">W ustawie z&nbsp;dnia 26 lipca 1991 r. o&nbsp;podatku dochodowym od os&oacute;b fizycznych (Dz.<\/span><span style=\"font-family: 'Calibri',sans-serif;\">U.<\/span><span style=\"font-family: 'Calibri',sans-serif;\">z<\/span><span style=\"font-family: 'Calibri',sans-serif;\">2012 r. poz. 361, z&nbsp;p&oacute;\u017an. zm.)<\/span><span style=\"font-family: 'Calibri',sans-serif;\"> zmianie ulega brzmienie art. 17, art. 21 ust.&nbsp;1, art. 25 ust. 5a, art. 25a, art. 25 ust. 5a, art. 30b ust. 5c, art. 30d ust. 1, art.&nbsp;42 ust. 7, uchyla si\u0119 art. 42c oraz art. 42d, po rozdziale 7 dodaje si\u0119 rozdzia\u0142 7a, w&nbsp;art. 45 dodaje si\u0119 ust. 9-11.<\/span><\/span><\/p>\n<p class=\"Omwienie\" style=\"text-align: justify;\"><span style=\"font-size: 12pt;\"><span style=\"font-family: 'Calibri',sans-serif;\">W ustawie z&nbsp;dnia 15 lutego 1992 r. o&nbsp;podatku dochodowym od os&oacute;b prawnych (Dz.&nbsp;U.&nbsp;z&nbsp;2014 r. poz. 851, z&nbsp;p&oacute;\u017an. zm.) zmianie ulegnie brzmienie art. 9a, art. 11 ust. 5a, art. 19 ust. 4, <\/span><span style=\"font-family: 'Calibri',sans-serif;\">doda<\/span><span style=\"font-family: 'Calibri',sans-serif;\">ny<\/span><span style=\"font-family: 'Calibri',sans-serif;\">zostanie<\/span><span style=\"font-family: 'Calibri',sans-serif;\"> art. 22c, w&nbsp;art. 26 ust. 3aa, w<\/span><span style=\"font-family: 'Calibri',sans-serif;\">art. 27 ust. 5-9<\/span><span style=\"font-family: 'Calibri',sans-serif;\">, <\/span><span style=\"font-family: 'Calibri',sans-serif;\">w<\/span><span style=\"font-family: 'Calibri',sans-serif;\">za\u0142\u0105czniku nr 4 zmianie uleg<\/span><span style=\"font-family: 'Calibri',sans-serif;\">nie<\/span><span style=\"font-family: 'Calibri',sans-serif;\"> brzmienie lp. 27.<\/span><\/span><\/p>\n<p class=\"Omwienie\" style=\"text-align: justify;\"><span style=\"font-size: 12pt; font-family: 'Calibri',sans-serif;\">W ustawie z&nbsp;dnia 13 pa\u017adziernika 1995 r. o&nbsp;zasadach ewidencji i&nbsp;identyfikacji podatnik&oacute;w i&nbsp;p\u0142atnik&oacute;w (Dz. U. z&nbsp;2012 r. poz. 1314, z&nbsp;p&oacute;\u017an. zm.) w&nbsp;art. 11 uchyla si\u0119 ust. 5.<\/span><\/p>\n<p class=\"Omwienie\" style=\"text-align: justify;\"><span style=\"font-size: 12pt;\"><span style=\"font-family: 'Calibri',sans-serif;\">W ustawie z&nbsp;dnia 29 sierpnia 1997 r. &#8211; Ordynacja podatkowa (Dz. U. z&nbsp;2015 r. poz. 613, z&nbsp;p&oacute;\u017an. zm.) w&nbsp;art. 82 dodaje si\u0119 &sect; 1a<\/span><span style=\"font-family: 'Calibri',sans-serif;\">.<\/span><\/span><\/p>\n<p class=\"Omwienie\" style=\"text-align: justify;\"><span style=\"font-size: 12pt; font-family: 'Calibri',sans-serif;\">W ustawie z&nbsp;dnia 10 wrze\u015bnia 1999 r. &#8211; Kodeks karny skarbowy (Dz.&nbsp;U.&nbsp;z&nbsp;2013&nbsp;r.&nbsp;poz.&nbsp;186, z&nbsp;p&oacute;\u017an. zm.) zmianie ulega brzmienie art. 53 &sect; 30b, art.&nbsp;80&nbsp;&sect;&nbsp;2.<\/span><\/p>\n<p class=\"Omwienie\" style=\"text-align: justify;\"><span style=\"font-size: 12pt; font-family: 'Calibri',sans-serif;\">W ustawie z&nbsp;dnia 23 lipca 2015 r. o&nbsp;zmianie ustawy o&nbsp;sporcie oraz ustawy o&nbsp;podatku dochodowym od os&oacute;b fizycznych (Dz. U. poz. 1321) zmianie ulegnie brzmienie art.&nbsp;2&nbsp;pkt&nbsp;3.<\/span><\/p>\n<p class=\"Omwienie\" style=\"text-align: justify;\"><span style=\"font-size: 12pt; font-family: 'Calibri',sans-serif;\">W ustawie z&nbsp;dnia 24 lipca 2015 r. o&nbsp;zmianie ustawy o&nbsp;podatku akcyzowym oraz niekt&oacute;rych innych ustaw (Dz. U. poz. 1479) zmianie ulegnie brzmienie art. 1 w&nbsp;pkt 80, art.&nbsp;138s pkt 2.<\/span><\/p>\n<p>&nbsp;<\/p>\n<p class=\"Dziedzinaprawa\" style=\"text-align: justify;\"><span style=\"font-size: 12pt;\"><strong><span style=\"font-family: 'Calibri',sans-serif;\">PRODUKTY BIOB&Oacute;JCZE<\/span><\/strong><\/span><\/p>\n<p class=\"Tekstpraswki0\" style=\"text-align: justify;\"><span style=\"font-size: 12pt;\"><strong><span style=\"font-family: 'Calibri',sans-serif;\">U<\/span><\/strong><strong><span style=\"font-family: 'Calibri',sans-serif;\">stawa <\/span><\/strong><span style=\"font-family: 'Calibri',sans-serif;\">z dnia 9 pa\u017adziernika 2015 r.<\/span><span style=\"font-family: 'Calibri',sans-serif;\">o produktach biob&oacute;jczych<\/span><span style=\"font-family: 'Calibri',sans-serif;\"> (Dz.U.&nbsp;z&nbsp;2015&nbsp;r.,&nbsp;poz.&nbsp;1926) <strong>&ndash; wejdzie w&nbsp;\u017cycie z&nbsp;dniem 5 grudnia 2015 r.<\/strong><\/span><\/span><\/p>\n<p>&nbsp;<\/p>\n<p class=\"Dziedzinaprawa\" style=\"text-align: justify;\"><span style=\"font-size: 12pt;\"><strong><span style=\"font-family: 'Calibri',sans-serif;\">POWIATOWA I&nbsp;KRAJOWA BAZA GESUT<\/span><\/strong><\/span><\/p>\n<p class=\"Tekstpraswki0\" style=\"text-align: justify;\"><span style=\"font-size: 12pt;\"><strong><span style=\"font-family: 'Calibri',sans-serif;\">Rozporz\u0105dzenie<\/span><\/strong><span style=\"font-family: 'Calibri',sans-serif;\"> Ministra Administracji i&nbsp;Cyfryzacji z&nbsp;dnia 21 pa\u017adziernika 2015 r.<\/span><span style=\"font-family: 'Calibri',sans-serif;\">w<\/span><span style=\"font-family: 'Calibri',sans-serif;\">sprawie powiatowej bazy GESUT i&nbsp;krajowej bazy GESUT<\/span><span style=\"font-family: 'Calibri',sans-serif;\"> (Dz. U. z&nbsp;2015 r., poz. 1938) <strong>&ndash; wejdzie w&nbsp;\u017cycie dnia 8 grudnia 2015 r.<\/strong><\/span><\/span><\/p>\n<p>&nbsp;<\/p>\n<p class=\"Dziedzinaprawa\" style=\"text-align: justify;\"><span style=\"font-size: 12pt;\"><strong><span style=\"font-family: 'Calibri',sans-serif;\">DOBRA PRAKTYKA DYSTRYBUCYJNA<\/span><\/strong><\/span><\/p>\n<p class=\"Tekstpraswki0\" style=\"text-align: justify;\"><span style=\"font-size: 12pt;\"><strong><span style=\"font-family: 'Calibri',sans-serif;\">R<\/span><\/strong><strong><span style=\"font-family: 'Calibri',sans-serif;\">ozporz\u0105dzenie<\/span><\/strong><span style=\"font-family: 'Calibri',sans-serif;\"> Ministra Zdrowia <\/span><span style=\"font-family: 'Calibri',sans-serif;\">z dnia 28 pa\u017adziernika 2015 r.<\/span><span style=\"font-family: 'Calibri',sans-serif;\">w sprawie wymaga\u0144 Dobrej Praktyki Dystrybucyjnej produkt&oacute;w leczniczych weterynaryjnych<\/span><span style=\"font-family: 'Calibri',sans-serif;\"> (Dz.&nbsp;U.&nbsp;z&nbsp;2015&nbsp;r.,&nbsp;poz. 1952) <strong>&ndash; wejdzie w&nbsp;\u017cycie dnia 10 grudnia 2015 r., z&nbsp;wyj\u0105tkiem &sect; 2 ust. 3 pkt 3, kt&oacute;ry wchodzi w&nbsp;\u017cycie z&nbsp;dniem 1 stycznia 2016 r.<\/strong><\/span><\/span><\/p>\n<p>&nbsp;<\/p>\n<p class=\"Dziedzinaprawa\" style=\"text-align: justify;\"><span style=\"font-size: 12pt;\"><strong><span style=\"font-family: 'Calibri',sans-serif;\">SPRAWOZDANIA FINANSOWE GRUP KAPITA\u0141OWYCH<\/span><\/strong><\/span><\/p>\n<p class=\"Tekstpraswki0\" style=\"text-align: justify;\"><span style=\"font-size: 12pt;\"><strong><span style=\"font-family: 'Calibri',sans-serif;\">R<\/span><\/strong><strong><span style=\"font-family: 'Calibri',sans-serif;\">ozporz\u0105dzenie<\/span><\/strong><span style=\"font-family: 'Calibri',sans-serif;\"> Ministra Finans&oacute;w <\/span><span style=\"font-family: 'Calibri',sans-serif;\">z dnia 3 listopada 2015 r.<\/span><span style=\"font-family: 'Calibri',sans-serif;\">zmieniaj\u0105ce rozporz\u0105dzenie w&nbsp;sprawie szczeg&oacute;\u0142owych zasad sporz\u0105dzania przez jednostki inne ni\u017c banki, zak\u0142ady ubezpiecze\u0144 i&nbsp;zak\u0142ady reasekuracji skonsolidowanych sprawozda\u0144 finansowych grup kapita\u0142owych<\/span><span style=\"font-family: 'Calibri',sans-serif;\"> (Dz. U. z&nbsp;2015 r., poz. 1957) <strong>&ndash; wejdzie w&nbsp;\u017cycie z&nbsp;dniem 10 grudnia 2015 r.<\/strong><\/span><\/span><\/p>\n<p class=\"Omwienie\" style=\"text-align: justify;\"><span style=\"font-size: 12pt; font-family: 'Calibri',sans-serif;\">W rozporz\u0105dzeniu Ministra Finans&oacute;w z&nbsp;dnia 25 wrze\u015bnia 2009 r. w&nbsp;sprawie szczeg&oacute;\u0142owych zasad sporz\u0105dzania przez jednostki inne ni\u017c banki, zak\u0142ady ubezpiecze\u0144 i&nbsp;zak\u0142ady reasekuracji skonsolidowanych sprawozda\u0144 finansowych grup kapita\u0142owych (Dz.&nbsp;U.&nbsp;Nr&nbsp;169, poz. 1327) zmianie ulegnie brzmienie &sect; 3, &sect; 8 ust. 1, &sect; 11 ust. 2 zdanie drugie, &sect; 13 ust. 5, &sect; 17 wprowadzenie do wyliczenia, za\u0142\u0105cznik&oacute;w nr 1-3, za\u0142\u0105cznika&nbsp;nr&nbsp;5, za\u0142\u0105cznika nr 6.<\/span><\/p>\n<p>&nbsp;<\/p>\n<p class=\"Dziedzinaprawa\" style=\"text-align: justify;\"><span style=\"font-size: 12pt;\"><strong><span style=\"font-family: 'Calibri',sans-serif;\">OP\u0141ATY PA\u0143STWOWEJ INSPEKCJI OCHRONY RO\u015aLIN I&nbsp;NASIENNICTWA<\/span><\/strong><\/span><\/p>\n<p class=\"Tekstpraswki0\" style=\"text-align: justify;\"><span style=\"font-size: 12pt;\"><strong><span style=\"font-family: 'Calibri',sans-serif;\">R<\/span><\/strong><strong><span style=\"font-family: 'Calibri',sans-serif;\">ozporz\u0105dzenie<\/span><\/strong><span style=\"font-family: 'Calibri',sans-serif;\"> Ministra Rolnictwa i&nbsp;Rozwoju Wsi <\/span><span style=\"font-family: 'Calibri',sans-serif;\">z dnia 3 listopada 2015 r.<\/span><span style=\"font-family: 'Calibri',sans-serif;\">zmieniaj\u0105ce rozporz\u0105dzenie w&nbsp;sprawie stawek op\u0142at za us\u0142ugi \u015bwiadczone przez Pa\u0144stwow\u0105 Inspekcj\u0119 Ochrony Ro\u015blin i&nbsp;Nasiennictwa oraz za wydawanie paszport&oacute;w ro\u015blin i&nbsp;formularzy paszport&oacute;w ro\u015blin<\/span><span style=\"font-family: 'Calibri',sans-serif;\"> (Dz. U. z&nbsp;2015 r., poz. 1944) <strong>&ndash; wejdzie w&nbsp;\u017cycie z&nbsp;dniem 2 grudnia 2015 r.<\/strong><\/span><\/span><\/p>\n<p class=\"Omwienie\" style=\"text-align: justify;\"><span style=\"font-size: 12pt;\"><span style=\"font-family: 'Calibri',sans-serif;\">W rozporz\u0105dzeniu Ministra Rolnictwa i&nbsp;Rozwoju Wsi z&nbsp;dnia 24 czerwca 2008 r. w&nbsp;sprawie stawek op\u0142at za us\u0142ugi \u015bwiadczone przez Pa\u0144stwow\u0105 Inspekcj\u0119 Ochrony Ro\u015blin i<\/span><span style=\"font-family: 'Calibri',sans-serif;\">Nasiennictwa oraz za wydawanie paszport&oacute;w ro\u015blin i&nbsp;formularzy paszport&oacute;w ro\u015blin (Dz.<\/span><span style=\"font-family: 'Calibri',sans-serif;\">U. Nr 122, poz. 789, z&nbsp;p&oacute;\u017an. zm.) <\/span><span style=\"font-family: 'Calibri',sans-serif;\">zmianie ulega brzmienie<\/span><span style=\"font-family: 'Calibri',sans-serif;\"> za\u0142\u0105cznik<\/span><span style=\"font-family: 'Calibri',sans-serif;\">a<\/span><span style=\"font-family: 'Calibri',sans-serif;\"> nr 1 w&nbsp;cz\u0119\u015bci II<\/span><span style=\"font-family: 'Calibri',sans-serif;\">.<\/span><\/span><\/p>\n<p>&nbsp;<\/p>\n<p class=\"Dziedzinaprawa\" style=\"text-align: justify;\"><span style=\"font-size: 12pt;\"><strong><span style=\"font-family: 'Calibri',sans-serif;\">OBOWI\u0104ZKOWE SZCZEPIENIA OCHRONNE<\/span><\/strong><\/span><\/p>\n<p class=\"Tekstpraswki0\" style=\"text-align: justify;\"><span style=\"font-size: 12pt;\"><strong><span style=\"font-family: 'Calibri',sans-serif;\">R<\/span><\/strong><strong><span style=\"font-family: 'Calibri',sans-serif;\">ozporz\u0105dzenie<\/span><\/strong><span style=\"font-family: 'Calibri',sans-serif;\"> Ministra Zdrowia <\/span><span style=\"font-family: 'Calibri',sans-serif;\">z dnia 9 listopada 2015 r.<\/span><span style=\"font-family: 'Calibri',sans-serif;\">zmieniaj\u0105ce rozporz\u0105dzenie w&nbsp;sprawie obowi\u0105zkowych szczepie\u0144 ochronnych<\/span><span style=\"font-family: 'Calibri',sans-serif;\"> (Dz.U. z&nbsp;2015 r., poz. 1947) <strong>&ndash; wejdzie&nbsp;w \u017cycie z&nbsp;dniem 1 stycznia 2016 r. <\/strong><\/span><\/span><\/p>\n<p class=\"Omwienie\" style=\"text-align: justify;\"><span style=\"font-size: 12pt;\"><span style=\"font-family: 'Calibri',sans-serif;\">W rozporz\u0105dzeniu Ministra Zdrowia z&nbsp;dnia 18 sierpnia 2011 r. w&nbsp;sprawie obowi\u0105zkowych szczepie\u0144 ochronnych (Dz. U. Nr 182, poz. 1086 oraz z&nbsp;2015 r. poz. 182) <\/span><span style=\"font-family: 'Calibri',sans-serif;\">zmianie&nbsp;ulegnie&nbsp;brzmienie <\/span><span style=\"font-family: 'Calibri',sans-serif;\">&sect; 6<\/span><span style=\"font-family: 'Calibri',sans-serif;\">.<\/span><\/span><\/p>\n<p>&nbsp;<\/p>\n<p class=\"Dziedzinaprawa\" style=\"text-align: justify;\"><span style=\"font-size: 14pt;\"><strong><span style=\"font-size: 12pt; font-family: 'Calibri',sans-serif;\">\u015a<\/span><\/strong><span style=\"font-size: 12pt;\"><strong><span style=\"font-family: 'Calibri',sans-serif;\"><strong>R<\/strong>ODKI ODURZAJ\u0104CE, SUBSTANCJE PSYCHOTROPOWE LUB PREKURSORY KATEGORII 1<\/span><\/strong><\/span><\/span><\/p>\n<p class=\"Tekstpraswki0\" style=\"text-align: justify;\"><span style=\"font-size: 12pt;\"><strong><span style=\"font-family: 'Calibri',sans-serif;\">R<\/span><\/strong><strong><span style=\"font-family: 'Calibri',sans-serif;\">ozporz\u0105dzenie<\/span><\/strong><span style=\"font-family: 'Calibri',sans-serif;\"> Ministra Zdrowia <\/span><span style=\"font-family: 'Calibri',sans-serif;\">z dnia 9 listopada 2015 r.<\/span><span style=\"font-family: 'Calibri',sans-serif;\">w sprawie wydawania zezwole\u0144 na wytwarzanie, przetwarzanie, przerabianie, przyw&oacute;z, dystrybucj\u0119 albo<\/span><span style=\"font-family: 'Calibri',sans-serif;\">stosowanie w&nbsp;celu prowadzenia bada\u0144 naukowych \u015brodk&oacute;w odurzaj\u0105cych, substancji psychotropowych lub prekursor&oacute;w kategorii 1<\/span><span style=\"font-family: 'Calibri',sans-serif;\"> (Dz. U. z&nbsp;2015 r., poz. 1951) <strong>&ndash; wesz\u0142o&nbsp;w&nbsp;\u017cycie z&nbsp;dniem 26 listopada 2015 r.<\/strong><\/span><\/span><\/p>\n<p>&nbsp;<\/p>\n<p class=\"Dziedzinaprawa\" style=\"text-align: justify;\"><span style=\"font-size: 12pt;\"><strong><span style=\"font-family: 'Calibri',sans-serif;\">\u015aWIADCZENI<\/span><span style=\"font-family: 'Calibri',sans-serif;\">A<\/span><span style=\"font-family: 'Calibri',sans-serif;\"> OPIEKI ZDROWOTNEJ<\/span><\/strong><\/span><\/p>\n<p class=\"Tekstpraswki0\" style=\"text-align: justify;\"><span style=\"font-size: 12pt;\"><strong><span style=\"font-family: 'Calibri',sans-serif;\">R<\/span><\/strong><strong><span style=\"font-family: 'Calibri',sans-serif;\">ozporz\u0105dzenie<\/span><\/strong><span style=\"font-family: 'Calibri',sans-serif;\"> Ministra Zdrowia <\/span><span style=\"font-family: 'Calibri',sans-serif;\">z dnia 9 listopada 2015 r.<\/span><span style=\"font-family: 'Calibri',sans-serif;\">w sprawie sposobu i<\/span><span style=\"font-family: 'Calibri',sans-serif;\">kryteri&oacute;w ustalania dopuszczalnego czasu oczekiwania na wybrane zakresy \u015bwiadcze\u0144 opieki zdrowotnej<\/span><span style=\"font-family: 'Calibri',sans-serif;\"> (Dz. U. z&nbsp;2015 r., poz. 1948) <strong>&ndash; wejdzie w&nbsp;\u017cycie z&nbsp;dniem 1&nbsp;stycznia&nbsp;2016 r.<\/strong><\/span><\/span><\/p>\n<p>&nbsp;<\/p>\n<p class=\"Dziedzinaprawa\" style=\"text-align: justify;\"><span style=\"font-size: 12pt;\"><strong><span style=\"font-family: 'Calibri',sans-serif;\">CENTRALNA EWIDENCJA POJAZD&Oacute;W<\/span><\/strong><\/span><\/p>\n<p class=\"Tekstpraswki0\" style=\"text-align: justify;\"><span style=\"font-size: 12pt;\"><strong><span style=\"font-family: 'Calibri',sans-serif;\">R<\/span><\/strong><strong><span style=\"font-family: 'Calibri',sans-serif;\">ozporz\u0105dzenie<\/span><\/strong><span style=\"font-family: 'Calibri',sans-serif;\"> Ministra Spraw Wewn\u0119trznych <\/span><span style=\"font-family: 'Calibri',sans-serif;\">z dnia 9 listopada 2015 r.<\/span><span style=\"font-family: 'Calibri',sans-serif;\">w sprawie op\u0142aty za udost\u0119pnienie danych z&nbsp;centralnej ewidencji pojazd&oacute;w<\/span><span style=\"font-family: 'Calibri',sans-serif;\"> (Dz.&nbsp;U.&nbsp;z&nbsp;2015&nbsp;r.,&nbsp;poz.&nbsp;1937) <strong>&ndash; wejdzie w&nbsp;\u017cycie z&nbsp;dniem 4 stycznia 2016 r.<\/strong><\/span><\/span><\/p>\n<p>&nbsp;<\/p>\n<p class=\"Dziedzinaprawa\" style=\"text-align: justify;\"><span style=\"font-size: 12pt;\"><strong><span style=\"font-family: 'Calibri',sans-serif;\">CENTRALNA EWIDENCJA KIEROWC&Oacute;W<\/span><\/strong><\/span><\/p>\n<p class=\"Tekstpraswki0\" style=\"text-align: justify;\"><span style=\"font-size: 12pt;\"><strong><span style=\"font-family: 'Calibri',sans-serif;\">Rozporz\u0105dzenie<\/span><\/strong><span style=\"font-family: 'Calibri',sans-serif;\"> Ministra Spraw Wewn\u0119trznych z&nbsp;dnia 9 listopada 2015 r. w&nbsp;sprawie op\u0142aty za udost\u0119pnienie danych z&nbsp;centralnej ewidencji kierowc&oacute;w (Dz. U. z&nbsp;2015 r., poz.&nbsp;1933) <strong>&ndash; wejdzie w&nbsp;\u017cycie z&nbsp;dniem 4 stycznia 2016 r.<\/strong><\/span><\/span><\/p>\n<p>&nbsp;<\/p>\n<p class=\"Dziedzinaprawa\" style=\"text-align: justify;\"><span style=\"font-size: 12pt;\"><strong><span style=\"font-family: 'Calibri',sans-serif;\">\u015aWIADCZENIA GWARANTOWANE<\/span><\/strong><\/span><\/p>\n<p class=\"Tekstpraswki0\" style=\"text-align: justify;\"><span style=\"font-size: 12pt;\"><strong><span style=\"font-family: 'Calibri',sans-serif;\">R<\/span><\/strong><strong><span style=\"font-family: 'Calibri',sans-serif;\">ozporz\u0105dzenie<\/span><\/strong><span style=\"font-family: 'Calibri',sans-serif;\"> Ministra Zdrowia <\/span><span style=\"font-family: 'Calibri',sans-serif;\">z dnia 12 listopada 2015 r.<\/span><span style=\"font-family: 'Calibri',sans-serif;\">w sprawie \u015bwiadcze\u0144 gwarantowanych z&nbsp;zakresu \u015bwiadcze\u0144 wysokospecjalistycznych oraz warunk&oacute;w ich realizacji<\/span><span style=\"font-family: 'Calibri',sans-serif;\"> (Dz. U. z&nbsp;2015 r., poz. 1958) <strong>&ndash; wejdzie w&nbsp;\u017cycie z&nbsp;dniem 10 grudnia 2015 r.<\/strong><\/span><\/span><\/p>\n<p>&nbsp;<\/p>\n<p class=\"Dziedzinaprawa\" style=\"text-align: justify;\"><span style=\"font-size: 12pt;\"><strong><span style=\"font-family: 'Calibri',sans-serif;\">TRYBUNA\u0141 KONSTYTUCYJNY<\/span><\/strong><\/span><\/p>\n<p class=\"Tekstpraswki0\" style=\"text-align: justify;\"><span style=\"font-size: 12pt;\"><strong><span style=\"font-family: 'Calibri',sans-serif;\">U<\/span><\/strong><strong><span style=\"font-family: 'Calibri',sans-serif;\">stawa <\/span><\/strong><span style=\"font-family: 'Calibri',sans-serif;\">z dnia 19 listopada 2015 r.<\/span><span style=\"font-family: 'Calibri',sans-serif;\">o zmianie ustawy o&nbsp;Trybunale Konstytucyjnym<\/span><span style=\"font-family: 'Calibri',sans-serif;\"> (Dz.U. z&nbsp;2015 r., poz. 1928) <strong>&ndash; wejdzie w&nbsp;\u017cycie z&nbsp;dniem 5 grudnia 2015 r.<\/strong><\/span><\/span><\/p>\n<p class=\"Omwienie\" style=\"text-align: justify;\"><span style=\"font-size: 12pt; font-family: 'Calibri',sans-serif;\">W ustawie z&nbsp;dnia 25 czerwca 2015 r. o&nbsp;Trybunale Konstytucyjnym (Dz. U. poz. 1064) zmianie ulegnie brzmienie art. 12 ust. 1 i&nbsp;2, art. 18, art. 19 ust. 2, art. 21, dodany zostanie art. 137a, uchylony zostanie art. 136 i&nbsp;art. 137.<\/span><\/p>\n<p>&nbsp;<\/p>\n<p class=\"NowePrawo\" style=\"text-align: justify;\"><span style=\"font-size: 12pt;\"><strong><span style=\"font-family: 'Calibri',sans-serif;\">_____Orzecznictwo<\/span><\/strong><\/span><\/p>\n<p class=\"SdNajwyszy\" style=\"text-align: justify;\"><span style=\"font-size: 12pt;\"><strong><span style=\"font-family: 'Calibri',sans-serif;\">Trybuna\u0142 Konstytucyjny<\/span><\/strong><\/span><\/p>\n<p class=\"Dziedzinaprawa\" style=\"text-align: justify;\"><span style=\"font-size: 12pt;\"><strong><span style=\"font-family: 'Calibri',sans-serif;\">OTWARTE FUNDUSZE EMERYTALNE<\/span><\/strong><\/span><\/p>\n<p class=\"Tekstpraswki0\" style=\"text-align: justify;\"><span style=\"font-size: 12pt;\"><span style=\"font-family: 'Calibri',sans-serif;\">Trybuna\u0142 <\/span><span style=\"font-family: 'Calibri',sans-serif;\">Konstytucyjny stwierdzi\u0142, \u017ce <\/span><span style=\"font-family: 'Calibri',sans-serif;\">\u015b<\/span><span style=\"font-family: 'Calibri',sans-serif;\">rodki pochodz\u0105ce ze sk\u0142adek ubezpieczeniowych, r&oacute;wnie\u017c zgromadzone w&nbsp;otwartych funduszach emerytalnych, s\u0105 &ndash; w&nbsp;sensie konstytucyjnym &ndash; \u015brodkami publicznymi, a&nbsp;nie prywatnymi oszcz\u0119dno\u015bciami ubezpieczonych. Pochodz\u0105 one bowiem z&nbsp;przymusowej i&nbsp;powszechnej sk\u0142adki emerytalnej, kt&oacute;ra ma charakter daniny publicznej. Ustawodawca dysponuje stosunkowo szerok\u0105 swobod\u0105 rozporz\u0105dzania takimi \u015brodkami w&nbsp;celu zapewnienia ubezpieczonym realizacji prawa do emerytury. To bowiem pa\u0144stwo odpowiada wobec obywateli za organizacj\u0119 systemu emerytalnego i&nbsp;wyp\u0142at\u0119 \u015bwiadcze\u0144. Nie mo\u017cna jednocze\u015bnie zak\u0142ada\u0107 niezmienno\u015bci unormowa\u0144 okre\u015blaj\u0105cych warunki nabywania tego prawa, zw\u0142aszcza je\u015bli zmieniaj\u0105 si\u0119 warunki spo\u0142eczno-ekonomiczne. Zdaniem Trybuna\u0142u Konstytucyjnego ustawa o&nbsp;zmianie niekt&oacute;rych ustaw w&nbsp;zwi\u0105zku z&nbsp;okre\u015bleniem zasad wyp\u0142aty emerytur ze \u015brodk&oacute;w zgromadzonych w&nbsp;otwartych funduszach emerytalnych (dalej: ustawa nowelizuj\u0105ca) zosta\u0142a wprowadzona z&nbsp;zachowaniem wystarczaj\u0105cego okresu dostosowawczego. Ustawodawca pos\u0142u\u017cy\u0142 si\u0119 licznymi rozwi\u0105zaniami o<\/span><span style=\"font-family: 'Calibri',sans-serif;\">charakterze przej\u015bciowym, kt&oacute;re umo\u017cliwia\u0142y elastyczn\u0105 zmian\u0119 polityki inwestycyjnej OFE z&nbsp;zachowaniem wymaga\u0144 bezpiecznego inwestowania<\/span><span style=\"font-family: 'Calibri',sans-serif;\">&ndash;<\/span><strong><span style=\"font-family: 'Calibri',sans-serif;\">Wyrok<\/span><\/strong><strong><span style=\"font-family: 'Calibri',sans-serif;\">Trybuna\u0142u Konstytucyjnego<\/span><\/strong><strong><span style=\"font-family: 'Calibri',sans-serif;\">z dnia 4 listopada 2015 r.<\/span><\/strong><strong><span style=\"font-family: 'Calibri',sans-serif;\">, <\/span><\/strong><strong><span style=\"font-family: 'Calibri',sans-serif;\">sygn. akt K 1\/14<\/span><\/strong><strong><span style=\"font-family: 'Calibri',sans-serif;\">.<\/span><\/strong><\/span><\/p>\n<p>&nbsp;<\/p>\n<p class=\"SdNajwyszy\" style=\"text-align: justify;\"><span style=\"font-size: 12pt;\"><strong><span style=\"font-family: 'Calibri',sans-serif;\">S\u0105d Najwy\u017cszy<\/span><\/strong><\/span><\/p>\n<p class=\"Dziedzinaprawa\" style=\"text-align: justify;\"><span style=\"font-size: 12pt;\"><strong><span style=\"font-family: 'Calibri',sans-serif;\">NIEDOZWOLONE POSTANOWIENIA WZORCA UMOWY<\/span><\/strong><\/span><\/p>\n<p class=\"Tekstpraswki0\" style=\"text-align: justify;\"><span style=\"font-size: 12pt;\"><span style=\"font-family: 'Calibri',sans-serif;\">Prawomocno\u015b\u0107 materialna wyroku uznaj\u0105cego postanowienie wzorca umowy za niedozwolone wy\u0142\u0105cza pow&oacute;dztwo o&nbsp;uznanie za niedozwolone postanowienia tej samej tre\u015bci normatywnej, stosowanego przez przedsi\u0119biorc\u0119 pozwanego w&nbsp;sprawie, w&nbsp;kt&oacute;rej wydano ten wyrok (art. 365 i&nbsp;366 k.p.c.).<\/span><span style=\"font-family: 'Calibri',sans-serif;\">Prawomocno\u015b\u0107 materialna wyroku uznaj\u0105cego postanowienie wzorca umowy za niedozwolone &#8211; tak\u017ce po wpisaniu tego postanowienia do rejestru (art. 47<\/span><span style=\"font-family: 'Calibri',sans-serif;\">9<sup>45<\/sup><\/span><span style=\"font-family: 'Calibri',sans-serif;\">&sect; 2 k.p.c.) &#8211; nie wy\u0142\u0105cza pow&oacute;dztwa o&nbsp;uznanie za niedozwolone postanowienia tej samej tre\u015bci normatywnej, stosowanego przez przedsi\u0119biorc\u0119 nieb\u0119d\u0105cego pozwanym w&nbsp;sprawie, w&nbsp;kt&oacute;rej wydano ten wyrok (art. 365 i&nbsp;366 w&nbsp;zwi\u0105zku z&nbsp;art. 47<\/span><span style=\"font-family: 'Calibri',sans-serif;\">9<sup>43<\/sup><\/span><span style=\"font-family: 'Calibri',sans-serif;\">k.p.c.)<\/span><strong><span style=\"font-family: 'Calibri',sans-serif;\">&ndash; Uchwa\u0142a S\u0105du Najwy\u017cszego <\/span><\/strong><strong><span style=\"font-family: 'Calibri',sans-serif;\">z dnia&nbsp;20 listopada 2015&nbsp;r.<\/span><\/strong><strong><span style=\"font-family: 'Calibri',sans-serif;\">, sygn. akt <\/span><\/strong><strong><span style=\"font-family: 'Calibri',sans-serif;\">III CZP 17\/15<\/span><\/strong><strong><span style=\"font-family: 'Calibri',sans-serif;\">.<\/span><\/strong><\/span><\/p>\n<p>&nbsp;<\/p>\n","protected":false},"excerpt":{"rendered":"<p>We would like to present the next issue of legal bulletin of the Law Office of Adam Polowiec.What you will find here is some information about the new provisions of law and the projects of amendments to acts, but also case-laws including the case laws of Supreme Court, Constitutional Tribunal and European Court of Justice.<\/p>\n","protected":false},"author":3,"featured_media":0,"comment_status":"closed","ping_status":"open","sticky":false,"template":"","format":"standard","meta":{"footnotes":""},"categories":[2],"tags":[],"class_list":["post-597","post","type-post","status-publish","format-standard","hentry","category-wpisy"],"featured_image_src":{"landsacpe":false,"list":false,"medium":false,"full":false},"yoast_head":"<!-- This site is optimized with the Yoast SEO plugin v27.2 - https:\/\/yoast.com\/product\/yoast-seo-wordpress\/ -->\n<title>Legal Bulletin Of The Law Office Of Adam Polowiec (23 - 29 November 2015) - Polowiec i Wsp\u00f3lnicy - Kancelaria prawna<\/title>\n<meta name=\"robots\" content=\"index, follow, max-snippet:-1, max-image-preview:large, max-video-preview:-1\" \/>\n<link rel=\"canonical\" href=\"https:\/\/polowiec.pl\/en\/legal-bulletin-of-the-law-office-of-adam-polowiec-23-29-november-2015\/\" \/>\n<meta property=\"og:locale\" content=\"en_US\" \/>\n<meta property=\"og:type\" content=\"article\" \/>\n<meta property=\"og:title\" content=\"Legal Bulletin Of The Law Office Of Adam Polowiec (23 - 29 November 2015) - Polowiec i Wsp\u00f3lnicy - Kancelaria prawna\" \/>\n<meta property=\"og:description\" content=\"We would like to present the next issue of legal bulletin of the Law Office of Adam Polowiec.What you will find here is some information about the new provisions of law and the projects of amendments to acts, but also case-laws including the case laws of Supreme Court, Constitutional Tribunal and European Court of Justice.\" \/>\n<meta property=\"og:url\" content=\"https:\/\/polowiec.pl\/en\/legal-bulletin-of-the-law-office-of-adam-polowiec-23-29-november-2015\/\" \/>\n<meta property=\"og:site_name\" content=\"Polowiec i Wsp\u00f3lnicy - Kancelaria prawna\" \/>\n<meta property=\"article:publisher\" content=\"https:\/\/www.facebook.com\/polowieciwspolnicy\/\" \/>\n<meta property=\"article:published_time\" content=\"2016-05-26T09:00:21+00:00\" \/>\n<meta property=\"article:modified_time\" content=\"2019-04-18T15:42:36+00:00\" \/>\n<meta name=\"author\" content=\"Marcin Rusinek\" \/>\n<meta name=\"twitter:card\" content=\"summary_large_image\" \/>\n<meta name=\"twitter:label1\" content=\"Written by\" \/>\n\t<meta name=\"twitter:data1\" content=\"Marcin Rusinek\" \/>\n\t<meta name=\"twitter:label2\" content=\"Est. reading time\" \/>\n\t<meta name=\"twitter:data2\" content=\"28 minutes\" \/>\n<script type=\"application\/ld+json\" class=\"yoast-schema-graph\">{\"@context\":\"https:\/\/schema.org\",\"@graph\":[{\"@type\":\"Article\",\"@id\":\"https:\/\/polowiec.pl\/en\/legal-bulletin-of-the-law-office-of-adam-polowiec-23-29-november-2015\/#article\",\"isPartOf\":{\"@id\":\"https:\/\/polowiec.pl\/en\/legal-bulletin-of-the-law-office-of-adam-polowiec-23-29-november-2015\/\"},\"author\":{\"name\":\"Marcin Rusinek\",\"@id\":\"https:\/\/polowiec.pl\/en\/#\/schema\/person\/74c7526b6f52be5ae94031504f9ffec4\"},\"headline\":\"Legal Bulletin Of The Law Office Of Adam Polowiec (23 &#8211; 29 November 2015)\",\"datePublished\":\"2016-05-26T09:00:21+00:00\",\"dateModified\":\"2019-04-18T15:42:36+00:00\",\"mainEntityOfPage\":{\"@id\":\"https:\/\/polowiec.pl\/en\/legal-bulletin-of-the-law-office-of-adam-polowiec-23-29-november-2015\/\"},\"wordCount\":5660,\"publisher\":{\"@id\":\"https:\/\/polowiec.pl\/en\/#organization\"},\"articleSection\":[\"Wpisy\"],\"inLanguage\":\"en-US\"},{\"@type\":\"WebPage\",\"@id\":\"https:\/\/polowiec.pl\/en\/legal-bulletin-of-the-law-office-of-adam-polowiec-23-29-november-2015\/\",\"url\":\"https:\/\/polowiec.pl\/en\/legal-bulletin-of-the-law-office-of-adam-polowiec-23-29-november-2015\/\",\"name\":\"Legal Bulletin Of The Law Office Of Adam Polowiec (23 - 29 November 2015) - Polowiec i Wsp\u00f3lnicy - Kancelaria prawna\",\"isPartOf\":{\"@id\":\"https:\/\/polowiec.pl\/en\/#website\"},\"datePublished\":\"2016-05-26T09:00:21+00:00\",\"dateModified\":\"2019-04-18T15:42:36+00:00\",\"breadcrumb\":{\"@id\":\"https:\/\/polowiec.pl\/en\/legal-bulletin-of-the-law-office-of-adam-polowiec-23-29-november-2015\/#breadcrumb\"},\"inLanguage\":\"en-US\",\"potentialAction\":[{\"@type\":\"ReadAction\",\"target\":[\"https:\/\/polowiec.pl\/en\/legal-bulletin-of-the-law-office-of-adam-polowiec-23-29-november-2015\/\"]}]},{\"@type\":\"BreadcrumbList\",\"@id\":\"https:\/\/polowiec.pl\/en\/legal-bulletin-of-the-law-office-of-adam-polowiec-23-29-november-2015\/#breadcrumb\",\"itemListElement\":[{\"@type\":\"ListItem\",\"position\":1,\"name\":\"Strona g\u0142\u00f3wna\",\"item\":\"https:\/\/polowiec.pl\/en\/\"},{\"@type\":\"ListItem\",\"position\":2,\"name\":\"Legal Bulletin Of The Law Office Of Adam Polowiec (23 &#8211; 29 November 2015)\"}]},{\"@type\":\"WebSite\",\"@id\":\"https:\/\/polowiec.pl\/en\/#website\",\"url\":\"https:\/\/polowiec.pl\/en\/\",\"name\":\"Polowiec i Wsp\u00f3lnicy - Kancelaria prawna\",\"description\":\"Obs\u0142uga prawna\",\"publisher\":{\"@id\":\"https:\/\/polowiec.pl\/en\/#organization\"},\"potentialAction\":[{\"@type\":\"SearchAction\",\"target\":{\"@type\":\"EntryPoint\",\"urlTemplate\":\"https:\/\/polowiec.pl\/en\/?s={search_term_string}\"},\"query-input\":{\"@type\":\"PropertyValueSpecification\",\"valueRequired\":true,\"valueName\":\"search_term_string\"}}],\"inLanguage\":\"en-US\"},{\"@type\":\"Organization\",\"@id\":\"https:\/\/polowiec.pl\/en\/#organization\",\"name\":\"Polowiec i Wsp\u00f3lnicy - Kancelaria prawna\",\"url\":\"https:\/\/polowiec.pl\/en\/\",\"logo\":{\"@type\":\"ImageObject\",\"inLanguage\":\"en-US\",\"@id\":\"https:\/\/polowiec.pl\/en\/#\/schema\/logo\/image\/\",\"url\":\"https:\/\/polowiec.pl\/wp-content\/uploads\/2018\/10\/polowiec_logo2-1.png\",\"contentUrl\":\"https:\/\/polowiec.pl\/wp-content\/uploads\/2018\/10\/polowiec_logo2-1.png\",\"width\":540,\"height\":381,\"caption\":\"Polowiec i Wsp\u00f3lnicy - Kancelaria prawna\"},\"image\":{\"@id\":\"https:\/\/polowiec.pl\/en\/#\/schema\/logo\/image\/\"},\"sameAs\":[\"https:\/\/www.facebook.com\/polowieciwspolnicy\/\",\"https:\/\/www.linkedin.com\/company\/polowiec-i-wsplnicy-sp.j.\/about\/\"]},{\"@type\":\"Person\",\"@id\":\"https:\/\/polowiec.pl\/en\/#\/schema\/person\/74c7526b6f52be5ae94031504f9ffec4\",\"name\":\"Marcin Rusinek\",\"image\":{\"@type\":\"ImageObject\",\"inLanguage\":\"en-US\",\"@id\":\"https:\/\/secure.gravatar.com\/avatar\/b50a0a5c3e71d904f5e57a757d39977d01c43e075c6bf5b4df909ffbbe004790?s=96&d=mm&r=g\",\"url\":\"https:\/\/secure.gravatar.com\/avatar\/b50a0a5c3e71d904f5e57a757d39977d01c43e075c6bf5b4df909ffbbe004790?s=96&d=mm&r=g\",\"contentUrl\":\"https:\/\/secure.gravatar.com\/avatar\/b50a0a5c3e71d904f5e57a757d39977d01c43e075c6bf5b4df909ffbbe004790?s=96&d=mm&r=g\",\"caption\":\"Marcin Rusinek\"}}]}<\/script>\n<!-- \/ Yoast SEO plugin. -->","yoast_head_json":{"title":"Legal Bulletin Of The Law Office Of Adam Polowiec (23 - 29 November 2015) - Polowiec i Wsp\u00f3lnicy - Kancelaria prawna","robots":{"index":"index","follow":"follow","max-snippet":"max-snippet:-1","max-image-preview":"max-image-preview:large","max-video-preview":"max-video-preview:-1"},"canonical":"https:\/\/polowiec.pl\/en\/legal-bulletin-of-the-law-office-of-adam-polowiec-23-29-november-2015\/","og_locale":"en_US","og_type":"article","og_title":"Legal Bulletin Of The Law Office Of Adam Polowiec (23 - 29 November 2015) - Polowiec i Wsp\u00f3lnicy - Kancelaria prawna","og_description":"We would like to present the next issue of legal bulletin of the Law Office of Adam Polowiec.What you will find here is some information about the new provisions of law and the projects of amendments to acts, but also case-laws including the case laws of Supreme Court, Constitutional Tribunal and European Court of Justice.","og_url":"https:\/\/polowiec.pl\/en\/legal-bulletin-of-the-law-office-of-adam-polowiec-23-29-november-2015\/","og_site_name":"Polowiec i Wsp\u00f3lnicy - Kancelaria prawna","article_publisher":"https:\/\/www.facebook.com\/polowieciwspolnicy\/","article_published_time":"2016-05-26T09:00:21+00:00","article_modified_time":"2019-04-18T15:42:36+00:00","author":"Marcin Rusinek","twitter_card":"summary_large_image","twitter_misc":{"Written by":"Marcin Rusinek","Est. reading time":"28 minutes"},"schema":{"@context":"https:\/\/schema.org","@graph":[{"@type":"Article","@id":"https:\/\/polowiec.pl\/en\/legal-bulletin-of-the-law-office-of-adam-polowiec-23-29-november-2015\/#article","isPartOf":{"@id":"https:\/\/polowiec.pl\/en\/legal-bulletin-of-the-law-office-of-adam-polowiec-23-29-november-2015\/"},"author":{"name":"Marcin Rusinek","@id":"https:\/\/polowiec.pl\/en\/#\/schema\/person\/74c7526b6f52be5ae94031504f9ffec4"},"headline":"Legal Bulletin Of The Law Office Of Adam Polowiec (23 &#8211; 29 November 2015)","datePublished":"2016-05-26T09:00:21+00:00","dateModified":"2019-04-18T15:42:36+00:00","mainEntityOfPage":{"@id":"https:\/\/polowiec.pl\/en\/legal-bulletin-of-the-law-office-of-adam-polowiec-23-29-november-2015\/"},"wordCount":5660,"publisher":{"@id":"https:\/\/polowiec.pl\/en\/#organization"},"articleSection":["Wpisy"],"inLanguage":"en-US"},{"@type":"WebPage","@id":"https:\/\/polowiec.pl\/en\/legal-bulletin-of-the-law-office-of-adam-polowiec-23-29-november-2015\/","url":"https:\/\/polowiec.pl\/en\/legal-bulletin-of-the-law-office-of-adam-polowiec-23-29-november-2015\/","name":"Legal Bulletin Of The Law Office Of Adam Polowiec (23 - 29 November 2015) - Polowiec i Wsp\u00f3lnicy - Kancelaria prawna","isPartOf":{"@id":"https:\/\/polowiec.pl\/en\/#website"},"datePublished":"2016-05-26T09:00:21+00:00","dateModified":"2019-04-18T15:42:36+00:00","breadcrumb":{"@id":"https:\/\/polowiec.pl\/en\/legal-bulletin-of-the-law-office-of-adam-polowiec-23-29-november-2015\/#breadcrumb"},"inLanguage":"en-US","potentialAction":[{"@type":"ReadAction","target":["https:\/\/polowiec.pl\/en\/legal-bulletin-of-the-law-office-of-adam-polowiec-23-29-november-2015\/"]}]},{"@type":"BreadcrumbList","@id":"https:\/\/polowiec.pl\/en\/legal-bulletin-of-the-law-office-of-adam-polowiec-23-29-november-2015\/#breadcrumb","itemListElement":[{"@type":"ListItem","position":1,"name":"Strona g\u0142\u00f3wna","item":"https:\/\/polowiec.pl\/en\/"},{"@type":"ListItem","position":2,"name":"Legal Bulletin Of The Law Office Of Adam Polowiec (23 &#8211; 29 November 2015)"}]},{"@type":"WebSite","@id":"https:\/\/polowiec.pl\/en\/#website","url":"https:\/\/polowiec.pl\/en\/","name":"Polowiec i Wsp\u00f3lnicy - Kancelaria prawna","description":"Obs\u0142uga prawna","publisher":{"@id":"https:\/\/polowiec.pl\/en\/#organization"},"potentialAction":[{"@type":"SearchAction","target":{"@type":"EntryPoint","urlTemplate":"https:\/\/polowiec.pl\/en\/?s={search_term_string}"},"query-input":{"@type":"PropertyValueSpecification","valueRequired":true,"valueName":"search_term_string"}}],"inLanguage":"en-US"},{"@type":"Organization","@id":"https:\/\/polowiec.pl\/en\/#organization","name":"Polowiec i Wsp\u00f3lnicy - Kancelaria prawna","url":"https:\/\/polowiec.pl\/en\/","logo":{"@type":"ImageObject","inLanguage":"en-US","@id":"https:\/\/polowiec.pl\/en\/#\/schema\/logo\/image\/","url":"https:\/\/polowiec.pl\/wp-content\/uploads\/2018\/10\/polowiec_logo2-1.png","contentUrl":"https:\/\/polowiec.pl\/wp-content\/uploads\/2018\/10\/polowiec_logo2-1.png","width":540,"height":381,"caption":"Polowiec i Wsp\u00f3lnicy - Kancelaria prawna"},"image":{"@id":"https:\/\/polowiec.pl\/en\/#\/schema\/logo\/image\/"},"sameAs":["https:\/\/www.facebook.com\/polowieciwspolnicy\/","https:\/\/www.linkedin.com\/company\/polowiec-i-wsplnicy-sp.j.\/about\/"]},{"@type":"Person","@id":"https:\/\/polowiec.pl\/en\/#\/schema\/person\/74c7526b6f52be5ae94031504f9ffec4","name":"Marcin Rusinek","image":{"@type":"ImageObject","inLanguage":"en-US","@id":"https:\/\/secure.gravatar.com\/avatar\/b50a0a5c3e71d904f5e57a757d39977d01c43e075c6bf5b4df909ffbbe004790?s=96&d=mm&r=g","url":"https:\/\/secure.gravatar.com\/avatar\/b50a0a5c3e71d904f5e57a757d39977d01c43e075c6bf5b4df909ffbbe004790?s=96&d=mm&r=g","contentUrl":"https:\/\/secure.gravatar.com\/avatar\/b50a0a5c3e71d904f5e57a757d39977d01c43e075c6bf5b4df909ffbbe004790?s=96&d=mm&r=g","caption":"Marcin Rusinek"}}]}},"_links":{"self":[{"href":"https:\/\/polowiec.pl\/en\/wp-json\/wp\/v2\/posts\/597","targetHints":{"allow":["GET"]}}],"collection":[{"href":"https:\/\/polowiec.pl\/en\/wp-json\/wp\/v2\/posts"}],"about":[{"href":"https:\/\/polowiec.pl\/en\/wp-json\/wp\/v2\/types\/post"}],"author":[{"embeddable":true,"href":"https:\/\/polowiec.pl\/en\/wp-json\/wp\/v2\/users\/3"}],"replies":[{"embeddable":true,"href":"https:\/\/polowiec.pl\/en\/wp-json\/wp\/v2\/comments?post=597"}],"version-history":[{"count":0,"href":"https:\/\/polowiec.pl\/en\/wp-json\/wp\/v2\/posts\/597\/revisions"}],"wp:attachment":[{"href":"https:\/\/polowiec.pl\/en\/wp-json\/wp\/v2\/media?parent=597"}],"wp:term":[{"taxonomy":"category","embeddable":true,"href":"https:\/\/polowiec.pl\/en\/wp-json\/wp\/v2\/categories?post=597"},{"taxonomy":"post_tag","embeddable":true,"href":"https:\/\/polowiec.pl\/en\/wp-json\/wp\/v2\/tags?post=597"}],"curies":[{"name":"wp","href":"https:\/\/api.w.org\/{rel}","templated":true}]}}