{"id":599,"date":"2016-05-26T11:11:00","date_gmt":"2016-05-26T09:11:00","guid":{"rendered":"https:\/\/nowa.polowiec.pl\/legal-bulletin-of-the-law-office-of-adam-polowiec-30-november-6-december-2015\/"},"modified":"2019-04-18T17:41:33","modified_gmt":"2019-04-18T15:41:33","slug":"legal-bulletin-of-the-law-office-of-adam-polowiec-30-november-6-december-2015","status":"publish","type":"post","link":"https:\/\/polowiec.pl\/en\/legal-bulletin-of-the-law-office-of-adam-polowiec-30-november-6-december-2015\/","title":{"rendered":"Legal Bulletin Of The Law Office Of Adam Polowiec (30 November &#8211; 6 December 2015)"},"content":{"rendered":"<p>We would like to present the next issue of legal bulletin of the Law Office of Adam Polowiec.<br \/>What you will find here is some information about the new provisions of law and the projects of amendments to acts, but also case-laws including the case laws of Supreme Court, Constitutional Tribunal and European Court of Justice.<\/p>\n<p>  <!--more-->  <\/p>\n<p class=\"NowePrawo\" style=\"text-align: justify;\"><span style=\"font-size: 12pt;\"><strong><span style=\"font-family: 'Calibri',sans-serif;\">_____Nowe Prawo<\/span><\/strong><\/span><\/p>\n<p class=\"Dziedzinaprawa\" style=\"text-align: justify;\"><span style=\"font-size: 12pt;\"><strong><span style=\"font-family: 'Calibri',sans-serif;\">OCHRONA ZDROWIA<\/span><\/strong><\/span><\/p>\n<p class=\"Tekstpraswki\" style=\"text-align: justify;\"><span style=\"font-size: 12pt;\"><strong><span style=\"font-family: 'Calibri',sans-serif;\">U<\/span><\/strong><strong><span style=\"font-family: 'Calibri',sans-serif;\">stawa <\/span><\/strong><span style=\"font-family: 'Calibri',sans-serif;\">z dnia 9 pa\u017adziernika 2015 r.<\/span><span style=\"font-family: 'Calibri',sans-serif;\">o zmianie ustawy o&nbsp;systemie informacji w&nbsp;ochronie zdrowia oraz niekt&oacute;rych innych ustaw<\/span><span style=\"font-family: 'Calibri',sans-serif;\"> (Dz. U. z&nbsp;2015 r., poz. 1991) <strong>&ndash; wejdzie w&nbsp;\u017cycie z&nbsp;dniem 12 grudnia 2015 r., z&nbsp;wyj\u0105tkiem:<\/strong><\/span><\/span><\/p>\n<p class=\"Tekstpraswki\" style=\"text-align: justify;\"><span style=\"font-size: 12pt;\"><strong><span style=\"font-family: 'Calibri',sans-serif;\">1) art. 6 pkt 8, kt&oacute;ry wchodzi w&nbsp;\u017cycie z&nbsp;dniem 1 stycznia 2016 r.,<\/span><\/strong><\/span><\/p>\n<p class=\"Tekstpraswki\" style=\"text-align: justify;\"><span style=\"font-size: 12pt;\"><strong><span style=\"font-family: 'Calibri',sans-serif;\">2) art. 6 pkt 7 lit. b i&nbsp;c oraz pkt 13 lit. c i&nbsp;d, kt&oacute;re wchodz\u0105 w&nbsp;\u017cycie z&nbsp;dniem 1&nbsp;kwietnia 2016 r.,<\/span><\/strong><\/span><\/p>\n<p class=\"Tekstpraswki\" style=\"text-align: justify;\"><span style=\"font-size: 12pt;\"><strong><span style=\"font-family: 'Calibri',sans-serif;\">3) art. 3 pkt 2, art. 4 pkt 2 lit. b, pkt 3-32, art. 5, art. 6 pkt 16, art. 9 pkt 1-4, 10&nbsp;i 11, art. 15 pkt 8-17 i&nbsp;art. 19-44, kt&oacute;re wchodz\u0105 w&nbsp;\u017cycie z&nbsp;dniem 1&nbsp;maja&nbsp;2016 r.,<\/span><\/strong><\/span><\/p>\n<p class=\"Tekstpraswki\" style=\"text-align: justify;\"><span style=\"font-size: 12pt;\"><strong><span style=\"font-family: 'Calibri',sans-serif;\">4) art. 1 pkt 15 w&nbsp;zakresie art. 17a ust. 2 pkt 4 i&nbsp;art. 6 pkt 1, kt&oacute;re wchodz\u0105 w&nbsp;\u017cycie z&nbsp;dniem 1 lipca 2016 r.,<\/span><\/strong><\/span><\/p>\n<p class=\"Tekstpraswki\" style=\"text-align: justify;\"><span style=\"font-size: 12pt;\"><strong><span style=\"font-family: 'Calibri',sans-serif;\">5) art. 1 pkt 28, art. 6 pkt 3 i&nbsp;art. 13 pkt 2-10, kt&oacute;re wchodz\u0105 w&nbsp;\u017cycie z&nbsp;dniem 1&nbsp;stycznia 2017 r.,<\/span><\/strong><\/span><\/p>\n<p class=\"Tekstpraswki\" style=\"text-align: justify;\"><span style=\"font-size: 12pt;\"><strong><span style=\"font-family: 'Calibri',sans-serif;\">6) art. 7 pkt 23 w&nbsp;zakresie art. 188c ust. 3, ust. 4 pkt 2 i&nbsp;ust. 6, kt&oacute;re wchodz\u0105 w&nbsp;\u017cycie z&nbsp;dniem 1 lipca 2017 r.,<\/span><\/strong><\/span><\/p>\n<p class=\"Tekstpraswki\" style=\"text-align: justify;\"><span style=\"font-size: 12pt;\"><strong><span style=\"font-family: 'Calibri',sans-serif;\">7) art. 9 pkt 7 i&nbsp;8, kt&oacute;re wchodz\u0105 w&nbsp;\u017cycie z&nbsp;dniem 1 sierpnia 2017 r.<\/span><\/strong><\/span><\/p>\n<p class=\"Omwienie\" style=\"text-align: justify;\"><span style=\"font-size: 12pt;\"><span style=\"font-family: 'Calibri',sans-serif;\">W ustawie z&nbsp;dnia 28 kwietnia 2011 r. o&nbsp;systemie informacji w&nbsp;ochronie zdrowia (Dz.<\/span><span style=\"font-family: 'Calibri',sans-serif;\">U.<\/span><span style=\"font-family: 'Calibri',sans-serif;\">z<\/span><span style=\"font-family: 'Calibri',sans-serif;\">2015 r. poz. 636, z&nbsp;p&oacute;\u017an. zm.)<\/span><span style=\"font-family: 'Calibri',sans-serif;\"> zmianie ulegnie brzmienie art. 2, art.&nbsp;4&nbsp;ust.&nbsp;3&nbsp;pkt 1, art. 5, art. 7, art. 10, art. 11, art. 12 ust. 3-5, art. 14, art. 15, art.&nbsp;16, art. 17, art. 18, art. 19, art. 20, art. 22, art. 23 ust. 2, art. 26, art. 27, art. 28, art. 30, art. 31, art. 35, art. 36 ust. 1, art. 56, art. 58, dodany zostanie w&nbsp;art. 1 ust. 4, art. 8a, art. 9a, art. 17a-17c, w&nbsp;art. 24 ust. 2 pkt 4 kropk\u0119 zast\u0119puje si\u0119 \u015brednikiem i&nbsp;dodaje si\u0119 pkt 5, w&nbsp;art. 29 dodaje si\u0119 ust. 8, art. 30a, w&nbsp;art. 40 dodaje si\u0119 ust. 5 i&nbsp;6, uchylony zostanie art. 25.<\/span><\/span><\/p>\n<p class=\"Omwienie\" style=\"text-align: justify;\"><span style=\"font-size: 12pt; font-family: 'Calibri',sans-serif;\">W ustawie z&nbsp;dnia 20 lipca 1950 r. o&nbsp;zawodzie felczera (Dz. U. z&nbsp;2012 r. poz. 1133 oraz&nbsp;z&nbsp;2013 r. poz. 1245) zmianie ulegnie brzmienie art. 4 ust. 1a.<\/span><\/p>\n<p class=\"Omwienie\" style=\"text-align: justify;\"><span style=\"font-size: 12pt; font-family: 'Calibri',sans-serif;\">W ustawie z&nbsp;dnia 19 kwietnia 1991 r. o&nbsp;izbach aptekarskich (Dz. U. z&nbsp;2014 r. poz. 1429 i&nbsp;1491) zmianie ulegnie brzmienie art. 8, w&nbsp;art. 2a dodaje si\u0119 ust. 2a.<\/span><\/p>\n<p class=\"Omwienie\" style=\"text-align: justify;\"><span style=\"font-size: 12pt; font-family: 'Calibri',sans-serif;\">W ustawie z&nbsp;dnia 5 grudnia 1996 r. o&nbsp;zawodach lekarza i&nbsp;lekarza dentysty (Dz.&nbsp;U.&nbsp;z&nbsp;2015&nbsp;r. poz. 464, 1633 i&nbsp;1893) zmianie ulegnie brzmienie art. 3, art.&nbsp;14a&nbsp;ust.&nbsp;2-10, art. 14b, art. 14c-14e, art. 16, art. 16c, art. 16e, art. 16f, art.&nbsp;16h,&nbsp;art. 16i ust. 2&nbsp;pkt 1, art. 16l, art. 16m, art. 16o, art. 16p ust. 1 i&nbsp;2, art. 16r, art. 16s, art. 16t, art. 16u ust. 6-8, art. 16w, art. 16x, art. 19f, art. 19g, art. 19i ust. 12, art. 42, art. 45, art. 45a, w&nbsp;art. 2 dodaje si\u0119 ust. 4, dodany zostanie art. 4a, art. 7b, w&nbsp;rozdziale 2a dodaje si\u0119 art. 14f, w&nbsp;art. 16g dodaje si\u0119 ust. 5, art. 16j dodaje si\u0119 ust.&nbsp;2a, w&nbsp;art. 16n dodaje si\u0119 ust. 15, art. 16ra-16rc, w&nbsp;art. 18 dodaje si\u0119 ust. 1a.<\/span><\/p>\n<p class=\"Omwienie\" style=\"text-align: justify;\"><span style=\"font-size: 12pt; font-family: 'Calibri',sans-serif;\">W ustawie z&nbsp;dnia 27 lipca 2001 r. o&nbsp;diagnostyce laboratoryjnej (Dz.&nbsp;U.&nbsp;z&nbsp;2014&nbsp;r.&nbsp;poz.&nbsp;1384, z&nbsp;p&oacute;\u017an. zm.) zmianie ulegnie brzmienie art. 30a-30d, dodany zostanie art. 2a, w&nbsp;art. 8 ust. 2 pkt 4 kropk\u0119 zast\u0119puje si\u0119 \u015brednikiem i&nbsp;dodaje si\u0119 pkt 5, w&nbsp;rozdziale 4 dodaje si\u0119 art. 30e-30zf.<\/span><\/p>\n<p class=\"Omwienie\" style=\"text-align: justify;\"><span style=\"font-size: 12pt; font-family: 'Calibri',sans-serif;\">W ustawie z&nbsp;dnia 6 wrze\u015bnia 2001 r. &#8211; Prawo farmaceutyczne (Dz. U. z&nbsp;2008 r. Nr 45, poz. 271, z&nbsp;p&oacute;\u017an. zm.) zmianie ulegnie brzmienie art. 28 ust. 3, art. 65, art. 75, art. 83, art. 96, art. 100, art. 102 pkt 1, art. 107, dodany zostanie art. 4d, art. 4e, w&nbsp;art. 36z ust. 2 pkt 3 na ko\u0144cu dodaje si\u0119 przecinek i&nbsp;dodaje si\u0119 pkt 4, art. 41a, w&nbsp;art. 70 dodaje si\u0119 ust. 5a, art. 95b, art. 96a-96c, rozdzia\u0142 7a, uchylony zostanie art. 89-89e.<\/span><\/p>\n<p class=\"Omwienie\" style=\"text-align: justify;\"><span style=\"font-size: 12pt; font-family: 'Calibri',sans-serif;\">W ustawie z&nbsp;dnia 27 sierpnia 2004 r. o&nbsp;\u015bwiadczeniach opieki zdrowotnej finansowanych ze \u015brodk&oacute;w publicznych (Dz. U. z&nbsp;2015 r. poz. 581, z&nbsp;p&oacute;\u017an. zm.) zmianie ulegnie brzmienie art. 5, art. 20, art. 35, art. 40, art. 42b ust. 11 pkt 2, art. 43 ust. 3, art.&nbsp;44,&nbsp;art. 45 ust. 5a, art. 46 ust. 6, art. 47, tytu\u0142u Rozdzia\u0142u 5, art. 53 ust. 1a, art.&nbsp;56,&nbsp;art. 64 ust. 1 pkt 3, art. 87 ust. 10d, art. 102 ust. 5, art. 107 ust. 5, art. 108 ust. 1 pkt 2, art. 159 ust. 1 pkt 3, art. 188, art. 188a, art. 191 ust. 2 pkt 3, art.&nbsp;192&nbsp;ust.&nbsp;2, dodany zostanie art. 59b, art. 188c.<\/span><\/p>\n<p class=\"Omwienie\" style=\"text-align: justify;\"><span style=\"font-size: 12pt; font-family: 'Calibri',sans-serif;\">W ustawie z&nbsp;dnia 1 lipca 2005 r. o&nbsp;pobieraniu, przechowywaniu i&nbsp;przeszczepianiu kom&oacute;rek, tkanek i&nbsp;narz\u0105d&oacute;w (Dz. U. z&nbsp;2015 r. poz. 793 i&nbsp;1893) w&nbsp;art. 7 dodaje si\u0119 ust.&nbsp;7a, dodany zostanie art. 19a.<\/span><\/p>\n<p class=\"Omwienie\" style=\"text-align: justify;\"><span style=\"font-size: 12pt; font-family: 'Calibri',sans-serif;\">W ustawie z&nbsp;dnia 8 wrze\u015bnia 2006 r. o&nbsp;Pa\u0144stwowym Ratownictwie Medycznym (Dz.&nbsp;U.&nbsp;2013 r. poz. 757, z&nbsp;p&oacute;\u017an. zm.) zmianie ulegnie brzmienie art. 10, art. 12, art.&nbsp;17,&nbsp;art. 21 ust. 4 pkt 3, art. 23, art. 24a ust. 4, art. 26, dodany zostanie art.&nbsp;10a,&nbsp;10h, art. 12a-12h, art. 23a, art. 23b, w&nbsp;art. 31 ust. 1 w&nbsp;pkt 3 kropk\u0119 zast\u0119puje si\u0119 \u015brednikiem i&nbsp;dodaje si\u0119 pkt 4.<\/span><\/p>\n<p class=\"Omwienie\" style=\"text-align: justify;\"><span style=\"font-size: 12pt; font-family: 'Calibri',sans-serif;\">W ustawie z&nbsp;dnia 6 listopada 2008 r. o&nbsp;prawach pacjenta i&nbsp;Rzeczniku Praw Pacjenta (Dz.&nbsp;U. z&nbsp;2012 r. poz. 159, z&nbsp;p&oacute;\u017an. zm.) zmianie ulegnie brzmienie art. 24, art. 27, art.&nbsp;28, art. 30a, w&nbsp;art. 26 dodaje si\u0119 ust. 5.<\/span><\/p>\n<p class=\"Omwienie\" style=\"text-align: justify;\"><span style=\"font-size: 12pt; font-family: 'Calibri',sans-serif;\">W ustawie z&nbsp;dnia 5 grudnia 2008 r. o&nbsp;zapobieganiu oraz zwalczaniu zaka\u017ce\u0144 i&nbsp;chor&oacute;b zaka\u017anych u&nbsp;ludzi (Dz. U. z&nbsp;2013 r. poz. 947, z&nbsp;p&oacute;\u017an. zm.) zmianie ulegnie brzmienie art.&nbsp;27, art. 29.<\/span><\/p>\n<p class=\"Omwienie\" style=\"text-align: justify;\"><span style=\"font-size: 12pt; font-family: 'Calibri',sans-serif;\">W ustawie z&nbsp;dnia 2 grudnia 2009 r. o&nbsp;izbach lekarskich (Dz. U. z&nbsp;2015 r. poz. 651 i&nbsp;1066) <\/span><\/p>\n<p class=\"Omwienie\" style=\"text-align: justify;\"><span style=\"font-size: 12pt; font-family: 'Calibri',sans-serif;\">w art. 39 dodaje si\u0119 ust. 6 i&nbsp;7, w&nbsp;art. 49 ust. 5 dodaje si\u0119 pkt 44a.<\/span><\/p>\n<p class=\"Omwienie\" style=\"text-align: justify;\"><span style=\"font-size: 12pt; font-family: 'Calibri',sans-serif;\">W ustawie z&nbsp;dnia 12 maja 2011 r. o&nbsp;refundacji lek&oacute;w, \u015brodk&oacute;w spo\u017cywczych specjalnego przeznaczenia \u017cywieniowego oraz wyrob&oacute;w medycznych (Dz. U. z&nbsp;2015 r. poz. 345 i&nbsp;1830) zmianie ulegnie brzmienie art. 2 pkt 14, art. 18 ust. 3, art. 19, art. 24, art.&nbsp;25,&nbsp;art. 26, art. 27, art. 35, art. 36, art. 38, art. 44 ust. 2, art. 48, art. 53, dodany&nbsp;zostanie art. 32a, w&nbsp;art. 37 ust. 8, art. 38a, art. 38b, w&nbsp;art.&nbsp;41&nbsp;dodaje&nbsp;si\u0119 ust.&nbsp;4a, w&nbsp;art. 47 ust. 7 dodaje si\u0119 pkt 2a, art. 52a.<\/span><\/p>\n<p class=\"Omwienie\" style=\"text-align: justify;\"><span style=\"font-size: 12pt; font-family: 'Calibri',sans-serif;\">W ustawie z&nbsp;dnia 15 kwietnia 2011 r. o&nbsp;dzia\u0142alno\u015bci leczniczej (Dz. U. z&nbsp;2015 r. poz. 618, z&nbsp;p&oacute;\u017an. zm.) zmianie ulegnie brzmienie art. 3, art. 24, art. 106, w&nbsp;art. 22 dodaje&nbsp;si\u0119&nbsp;ust.&nbsp;3a i&nbsp;3b, w&nbsp;art. 107 dodaje si\u0119 ust. 1a.<\/span><\/p>\n<p class=\"Omwienie\" style=\"text-align: justify;\"><span style=\"font-size: 12pt; font-family: 'Calibri',sans-serif;\">W ustawie z&nbsp;dnia 15 lipca 2011 r. o&nbsp;zawodach piel\u0119gniarki i&nbsp;po\u0142o\u017cnej (Dz.&nbsp;U.&nbsp;z&nbsp;2014&nbsp;r.&nbsp;poz. 1435, z&nbsp;p&oacute;\u017an. zm.) zmianie ulegnie brzmienie art. 4 ust. 2 pkt 7, art. 11 ust. 1, art. 15a, art. 16 pkt 3, art. 61 ust. 5, art. 67, art. 71, art. 72, art. 73, art.&nbsp;76, art. 77 ust. 5 i&nbsp;6, art. 78 ust. 5, art. 79 ust. 1, art. 80, art. 82, w&nbsp;art. 44 ust.&nbsp;1&nbsp;pkt 26 kropk\u0119 zast\u0119puje si\u0119 \u015brednikiem i&nbsp;dodaje si\u0119 pkt 27, w&nbsp;art. 45 dodaje si\u0119 ust. 5.<\/span><\/p>\n<p class=\"Tekstpraswki\" style=\"text-align: justify;\"><span style=\"font-size: 12pt;\"><strong><span style=\"font-family: 'Calibri',sans-serif;\">Rozporz\u0105dzenie <\/span><\/strong><span style=\"font-family: 'Calibri',sans-serif;\">Ministra Zdrowia z&nbsp;dnia 9 listopada 2015 r. w&nbsp;sprawie standard&oacute;w post\u0119powania medycznego w&nbsp;\u0142agodzeniu b&oacute;lu porodowego (Dz. U. z&nbsp;2015 r., poz. 1997) <strong>&ndash; wejdzie w&nbsp;\u017cycie z&nbsp;dniem 31 sierpnia 2016 r.<\/strong><\/span><\/span><\/p>\n<p class=\"Tekstpraswki\" style=\"text-align: justify;\"><span style=\"font-size: 12pt;\"><strong><span style=\"font-family: 'Calibri',sans-serif;\">Rozporz\u0105dzenie <\/span><\/strong><span style=\"font-family: 'Calibri',sans-serif;\">Ministra Zdrowia z&nbsp;dnia 9 listopada 2015 r.<\/span><span style=\"font-family: 'Calibri',sans-serif;\">w sprawie standard&oacute;w post\u0119powania medycznego przy udzielaniu \u015bwiadcze\u0144 zdrowotnych w&nbsp;dziedzinie po\u0142o\u017cnictwa i&nbsp;ginekologii z&nbsp;zakresu oko\u0142oporodowej opieki po\u0142o\u017cniczo-ginekologicznej, sprawowanej nad kobiet\u0105 w&nbsp;okresie ci\u0105\u017cy, porodu, po\u0142ogu, w&nbsp;przypadkach wyst\u0119powania okre\u015blonych powik\u0142a\u0144 oraz opieki nad kobiet\u0105 w&nbsp;sytuacji niepowodze\u0144 po\u0142o\u017cniczych<\/span><span style=\"font-family: 'Calibri',sans-serif;\"> (Dz.&nbsp;U. z&nbsp;2015 r., poz. 2007) <strong>&ndash; wejdzie w&nbsp;\u017cycie z&nbsp;dniem 2 czerwca 2016 r.<\/strong><\/span><\/span><\/p>\n<p class=\"Tekstpraswki\" style=\"text-align: justify;\"><span style=\"font-size: 12pt;\"><strong><span style=\"font-family: 'Calibri',sans-serif;\">Rozporz\u0105dzenie <\/span><\/strong><span style=\"font-family: 'Calibri',sans-serif;\">Ministra Zdrowia z&nbsp;dnia 9 listopada 2015 r.<\/span><span style=\"font-family: 'Calibri',sans-serif;\">w sprawie oceny producenta substancji pomocniczych oraz substancji pomocniczych<\/span><span style=\"font-family: 'Calibri',sans-serif;\"> (Dz.&nbsp;U.&nbsp;z&nbsp;2015&nbsp;r.,&nbsp;poz. 1975)<strong> &ndash; wejdzie w&nbsp;\u017cycie z&nbsp;dniem 21 marca 2016 r.<\/strong><\/span><\/span><\/p>\n<p>&nbsp;<\/p>\n<p class=\"Dziedzinaprawa\" style=\"text-align: justify;\"><span style=\"font-size: 12pt;\"><strong><span style=\"font-family: 'Calibri',sans-serif;\">DOBRA PRAKTYKA WYTWARZANIA<\/span><\/strong><\/span><\/p>\n<p class=\"Tekstpraswki\" style=\"text-align: justify;\"><span style=\"font-size: 12pt;\"><strong><span style=\"font-family: 'Calibri',sans-serif;\">R<\/span><\/strong><strong><span style=\"font-family: 'Calibri',sans-serif;\">ozporz\u0105dzenie <\/span><\/strong><span style=\"font-family: 'Calibri',sans-serif;\">Ministra Zdrowia <\/span><span style=\"font-family: 'Calibri',sans-serif;\">z dnia 9 listopada 2015 r.<\/span><span style=\"font-family: 'Calibri',sans-serif;\">w sprawie wymaga\u0144 Dobrej Praktyki Wytwarzania<\/span><span style=\"font-family: 'Calibri',sans-serif;\"> (Dz. U. z&nbsp;2015 r., poz. 1979) <strong>&ndash; wejdzie w&nbsp;\u017cycie z&nbsp;dniem 12&nbsp;grudnia 2015 r. z&nbsp;wyj\u0105tkiem pkt 3.6 i&nbsp;5.20 za\u0142\u0105cznika nr 2 do rozporz\u0105dzenia, w&nbsp;zakresie dotycz\u0105cym oceny toksykologicznej, kt&oacute;re wchodz\u0105 w&nbsp;\u017cycie z&nbsp;dniem:<\/strong><\/span><\/span><\/p>\n<p class=\"Tekstpraswki\" style=\"text-align: justify;\"><span style=\"font-size: 12pt;\"><strong><span style=\"font-family: 'Calibri',sans-serif;\">1) 30 listopada 2015 r., w&nbsp;przypadku produkt&oacute;w leczniczych wytwarzanych dotychczas w&nbsp;pomieszczeniach, w&nbsp;kt&oacute;rych wytwarza si\u0119 tak\u017ce inne produkty lecznicze,<\/span><\/strong><\/span><\/p>\n<p class=\"Tekstpraswki\" style=\"text-align: justify;\"><span style=\"font-size: 12pt;\"><strong><span style=\"font-family: 'Calibri',sans-serif;\">2) 31 maja 2016 r., w&nbsp;przypadku produkt&oacute;w leczniczych weterynaryjnych wytwarzanych dotychczas w&nbsp;pomieszczeniach, w&nbsp;kt&oacute;rych wytwarza si\u0119 wy\u0142\u0105cznie produkty lecznicze weterynaryjne.<\/span><\/strong><\/span><\/p>\n<p>&nbsp;<\/p>\n<p class=\"Dziedzinaprawa\" style=\"text-align: justify;\"><span style=\"font-size: 12pt;\"><strong><span style=\"font-family: 'Calibri',sans-serif;\">POJAZDY MECHANICZN<\/span><span style=\"font-family: 'Calibri',sans-serif;\">E<\/span><\/strong><\/span><\/p>\n<p class=\"Tekstpraswki\" style=\"text-align: justify;\"><span style=\"font-size: 12pt;\"><strong><span style=\"font-family: 'Calibri',sans-serif;\">Rozporz\u0105dzenie<\/span><\/strong><span style=\"font-family: 'Calibri',sans-serif;\"> Ministra Infrastruktury i&nbsp;Rozwoju z&nbsp;dnia 3 listopada 2015 r. zmieniaj\u0105ce&nbsp;rozporz\u0105dzenie w&nbsp;sprawie warunk&oacute;w technicznych pojazd&oacute;w oraz zakresu ich&nbsp;niezb\u0119dnego wyposa\u017cenia (Dz. U. z&nbsp;2015 r., poz. 1966) <strong>&ndash; wejdzie w&nbsp;\u017cycie z&nbsp;dniem 1&nbsp;stycznia 2016 r.<\/strong><\/span><\/span><\/p>\n<p class=\"Omwienie\" style=\"text-align: justify;\"><span style=\"font-size: 12pt;\"><span style=\"font-family: 'Calibri',sans-serif;\">W rozporz\u0105dzeniu Ministra Infrastruktury z&nbsp;dnia 31 grudnia 2002 r. w&nbsp;sprawie warunk&oacute;w technicznych pojazd&oacute;w oraz zakresu ich niezb\u0119dnego wyposa\u017cenia (Dz.<\/span><span style=\"font-family: 'Calibri',sans-serif;\">U.<\/span><span style=\"font-family: 'Calibri',sans-serif;\">z<\/span><span style=\"font-family: 'Calibri',sans-serif;\">2015<\/span><span style=\"font-family: 'Calibri',sans-serif;\">r.<\/span><span style=\"font-family: 'Calibri',sans-serif;\">poz.<\/span><span style=\"font-family: 'Calibri',sans-serif;\">305 i&nbsp;1077) w&nbsp;&sect; 7 dodaje si\u0119 ust. 8a<\/span><span style=\"font-family: 'Calibri',sans-serif;\">.<\/span><\/span><\/p>\n<p class=\"Tekstpraswki\" style=\"text-align: justify;\"><span style=\"font-size: 12pt;\"><strong><span style=\"font-family: 'Calibri',sans-serif;\">R<\/span><\/strong><strong><span style=\"font-family: 'Calibri',sans-serif;\">ozporz\u0105dzenie <\/span><\/strong><span style=\"font-family: 'Calibri',sans-serif;\">Ministra Infrastruktury i&nbsp;Rozwoju <\/span><span style=\"font-family: 'Calibri',sans-serif;\">z dnia 10 listopada 2015 r.<\/span><span style=\"font-family: 'Calibri',sans-serif;\">zmieniaj\u0105ce rozporz\u0105dzenie w&nbsp;sprawie certyfikat&oacute;w potwierdzaj\u0105cych spe\u0142nienie przez pojazd odpowiednich wymog&oacute;w bezpiecze\u0144stwa lub warunk&oacute;w dopuszczenia do ruchu<\/span><span style=\"font-family: 'Calibri',sans-serif;\"> (Dz. U. z&nbsp;2015 r., poz. 1968) <strong>&ndash; wejdzie w&nbsp;\u017cycie z&nbsp;dniem 11 grudnia 2015 r.<\/strong><\/span><\/span><\/p>\n<p class=\"Omwienie\" style=\"text-align: justify;\"><span style=\"font-size: 12pt;\"><span style=\"font-family: 'Calibri',sans-serif;\">W rozporz\u0105dzeniu Ministra Infrastruktury i&nbsp;Rozwoju z&nbsp;dnia 18 grudnia 2013 r. w&nbsp;sprawie certyfikat&oacute;w potwierdzaj\u0105cych spe\u0142nienie przez pojazd odpowiednich wymog&oacute;w bezpiecze\u0144stwa lub warunk&oacute;w dopuszczenia do ruchu (Dz. U. poz. 1679)<\/span><span style=\"font-family: 'Calibri',sans-serif;\"> zmianie ulegnie brzmienie &sect; 5, w&nbsp;&sect; 6 uchylony zostanie pkt 2.<\/span><\/span><\/p>\n<p class=\"Tekstpraswki\" style=\"text-align: justify;\"><span style=\"font-size: 12pt;\"><strong><span style=\"font-family: 'Calibri',sans-serif;\">Rozporz\u0105dzenie<\/span><\/strong><span style=\"font-family: 'Calibri',sans-serif;\"> Ministra Infrastruktury i&nbsp;Rozwoju z&nbsp;dnia 5 listopada 2015 r. zmieniaj\u0105ce rozporz\u0105dzenie w&nbsp;sprawie \u015bwiadectwa dopuszczenia pojazdu ADR<\/span><span style=\"font-family: 'Calibri',sans-serif;\"> (Dz.&nbsp;U.&nbsp;z&nbsp;2015&nbsp;r.,&nbsp;poz.&nbsp;1965)<strong>&ndash; wejdzie w&nbsp;\u017cycie 11 grudnia 2015 r.<\/strong><\/span><\/span><\/p>\n<p class=\"Omwienie\" style=\"text-align: justify;\"><span style=\"font-size: 12pt;\"><span style=\"font-family: 'Calibri',sans-serif;\">W rozporz\u0105dzeniu Ministra Transportu, Budownictwa i&nbsp;Gospodarki Morskiej z&nbsp;dnia 15<\/span><span style=\"font-family: 'Calibri',sans-serif;\">lutego 2012 r. w&nbsp;sprawie \u015bwiadectwa dopuszczenia pojazdu ADR (Dz.<\/span><span style=\"font-family: 'Calibri',sans-serif;\">U.<\/span><span style=\"font-family: 'Calibri',sans-serif;\">z<\/span><span style=\"font-family: 'Calibri',sans-serif;\">2015<\/span><span style=\"font-family: 'Calibri',sans-serif;\">r.<\/span><span style=\"font-family: 'Calibri',sans-serif;\">poz. 320) <\/span><span style=\"font-family: 'Calibri',sans-serif;\">zmianie ulegnie brzmienie <\/span><span style=\"font-family: 'Calibri',sans-serif;\">za\u0142\u0105cznik<\/span><span style=\"font-family: 'Calibri',sans-serif;\">a<\/span><span style=\"font-family: 'Calibri',sans-serif;\"> do rozporz\u0105dzenia<\/span><span style=\"font-family: 'Calibri',sans-serif;\">odno\u015bnik nr 1<\/span><span style=\"font-family: 'Calibri',sans-serif;\">.<\/span><\/span><\/p>\n<p class=\"Tekstpraswki\" style=\"text-align: justify;\"><span style=\"font-size: 12pt;\"><strong><span style=\"font-family: 'Calibri',sans-serif;\">R<\/span><\/strong><strong><span style=\"font-family: 'Calibri',sans-serif;\">ozporz\u0105dzenie <\/span><\/strong><span style=\"font-family: 'Calibri',sans-serif;\">Ministra Infrastruktury i&nbsp;Rozwoju z&nbsp;dnia 10 listopada 2015 r. w&nbsp;sprawie podmiotu odpowiedzialnego za prowadzenie katalogu marek i&nbsp;typ&oacute;w pojazd&oacute;w homologowanych oraz dopuszczonych do ruchu na terytorium Rzeczypospolitej Polskiej, w&nbsp;tym gromadzenie danych w&nbsp;katalogu oraz ich weryfikacj\u0119 (Dz. U. z&nbsp;2015 r., poz. 1967) <strong>&ndash; wejdzie w&nbsp;\u017cycie z&nbsp;dniem 4 stycznia 2016 r.<\/strong><\/span><\/span><\/p>\n<p>&nbsp;<\/p>\n<p class=\"Dziedzinaprawa\" style=\"text-align: justify;\"><span style=\"font-size: 12pt;\"><strong><span style=\"font-family: 'Calibri',sans-serif;\">PRAWO BUDOWLANE<\/span><\/strong><\/span><\/p>\n<p class=\"Tekstpraswki\" style=\"text-align: justify;\"><span style=\"font-size: 12pt;\"><strong><span style=\"font-family: 'Calibri',sans-serif;\">Rozporz\u0105dzenie<\/span><\/strong><span style=\"font-family: 'Calibri',sans-serif;\"> Ministra Infrastruktury i&nbsp;Rozwoju <\/span><span style=\"font-family: 'Calibri',sans-serif;\">z dnia 5 listopada 2015 r.<\/span><span style=\"font-family: 'Calibri',sans-serif;\">zmieniaj\u0105ce<\/span><span style=\"font-family: 'Calibri',sans-serif;\">rozporz\u0105dzenie w&nbsp;sprawie wzor&oacute;w: wniosku o&nbsp;pozwolenie na budow\u0119, o\u015bwiadczenia o<\/span><span style=\"font-family: 'Calibri',sans-serif;\">posiadanym prawie do dysponowania nieruchomo\u015bci\u0105 na cele budowlane, decyzji o<\/span><span style=\"font-family: 'Calibri',sans-serif;\">pozwoleniu na budow\u0119, oraz zg\u0142oszenia budowy i&nbsp;przebudowy budynku mieszkalnego jednorodzinnego<\/span><span style=\"font-family: 'Calibri',sans-serif;\"> (Dz. U. z&nbsp;2015 r. poz. 1961) <strong>&ndash; wejdzie w&nbsp;\u017cycie z&nbsp;dniem 4&nbsp;grudnia&nbsp;2015 r.<\/strong><\/span><\/span><\/p>\n<p class=\"Omwienie\" style=\"text-align: justify;\"><span style=\"font-size: 12pt;\"><span style=\"font-family: 'Calibri',sans-serif;\">W rozporz\u0105dzeniu Ministra Infrastruktury i&nbsp;Rozwoju z&nbsp;dnia 24 lipca 2015 r. w<\/span><span style=\"font-family: 'Calibri',sans-serif;\">sprawie<\/span><span style=\"font-family: 'Calibri',sans-serif;\">wzor&oacute;w: wniosku o&nbsp;pozwolenie na budow\u0119, o\u015bwiadczenia o&nbsp;posiadanym prawie do dysponowania nieruchomo\u015bci\u0105 na cele budowlane, decyzji o&nbsp;pozwoleniu na budow\u0119, oraz zg\u0142oszenia budowy i&nbsp;przebudowy budynku mieszkalnego jednorodzinnego (Dz.<\/span><span style=\"font-family: 'Calibri',sans-serif;\">U.<\/span><span style=\"font-family: 'Calibri',sans-serif;\">poz.<\/span><span style=\"font-family: 'Calibri',sans-serif;\">1146) <\/span><span style=\"font-family: 'Calibri',sans-serif;\">zmianie ulegnie brzmienie <\/span><span style=\"font-family: 'Calibri',sans-serif;\">za\u0142\u0105cznik<\/span><span style=\"font-family: 'Calibri',sans-serif;\">a<\/span><span style=\"font-family: 'Calibri',sans-serif;\"> nr 4<\/span><span style=\"font-family: 'Calibri',sans-serif;\">.<\/span><\/span><\/p>\n<p>&nbsp;<\/p>\n<p class=\"Dziedzinaprawa\" style=\"text-align: justify;\"><span style=\"font-size: 12pt;\"><strong><span style=\"font-family: 'Calibri',sans-serif;\">PRAWO PRACY I&nbsp;UBEZPIECZE\u0143 SPO\u0141ECZNYCH<\/span><\/strong><\/span><\/p>\n<p class=\"Tekstpraswki\" style=\"text-align: justify;\"><span style=\"font-size: 12pt;\"><strong><span style=\"font-family: 'Calibri',sans-serif;\">Rozporz\u0105dzenie <\/span><\/strong><span style=\"font-family: 'Calibri',sans-serif;\">Ministra Pracy i&nbsp;Polityki Spo\u0142ecznej z&nbsp;dnia 10 listopada 2015 r. zmieniaj\u0105ce rozporz\u0105dzenie w&nbsp;sprawie zakresu prowadzenia przez pracodawc&oacute;w dokumentacji w&nbsp;sprawach zwi\u0105zanych ze stosunkiem pracy oraz sposobu prowadzenia akt osobowych pracownika (Dz. U. z&nbsp;2015 r., poz. 2005) <strong>&ndash; wejdzie w&nbsp;\u017cycie z&nbsp;dniem 2&nbsp;stycznia 2016 r., z&nbsp;wyj\u0105tkiem &sect; 1 pkt 2, kt&oacute;ry wchodzi w&nbsp;\u017cycie z&nbsp;dniem 22&nbsp;lutego 2016 r.<\/strong><\/span><\/span><\/p>\n<p class=\"Omwienie\" style=\"text-align: justify;\"><span style=\"font-size: 12pt;\"><span style=\"font-family: 'Calibri',sans-serif;\">W rozporz\u0105dzeniu Ministra Pracy i&nbsp;Polityki Socjalnej z&nbsp;dnia 28 maja 1996 r. w&nbsp;sprawie zakresu prowadzenia przez pracodawc&oacute;w dokumentacji w&nbsp;sprawach zwi\u0105zanych ze stosunkiem pracy oraz sposobu prowadzenia akt osobowych pracownika (Dz.<\/span><span style=\"font-family: 'Calibri',sans-serif;\">U.<\/span><span style=\"font-family: 'Calibri',sans-serif;\">Nr<\/span><span style=\"font-family: 'Calibri',sans-serif;\">62,<\/span><span style=\"font-family: 'Calibri',sans-serif;\">poz.<\/span><span style=\"font-family: 'Calibri',sans-serif;\">286, z&nbsp;p&oacute;\u017an. zm.)<\/span><span style=\"font-family: 'Calibri',sans-serif;\"> zmianie ulegnie brzmienie &sect; 6 ust. 2 pkt 2, za\u0142\u0105cznika nr 2.<\/span><\/span><\/p>\n<p class=\"Tekstpraswki\" style=\"text-align: justify;\"><span style=\"font-size: 12pt;\"><strong><span style=\"font-family: 'Calibri',sans-serif;\">Rozporz\u0105dzenie <\/span><\/strong><span style=\"font-family: 'Calibri',sans-serif;\">Ministra Pracy i&nbsp;Polityki Spo\u0142ecznej <\/span><span style=\"font-family: 'Calibri',sans-serif;\">z dnia 10 listopada 2015 r.<\/span><span style=\"font-family: 'Calibri',sans-serif;\">zmieniaj\u0105ce rozporz\u0105dzenie w&nbsp;sprawie sposobu ustalania wynagrodzenia w&nbsp;okresie niewykonywania pracy oraz wynagrodzenia stanowi\u0105cego podstaw\u0119 obliczania odszkodowa\u0144, odpraw, dodatk&oacute;w wyr&oacute;wnawczych do wynagrodzenia oraz innych nale\u017cno\u015bci przewidzianych w&nbsp;Kodeksie pracy<\/span><span style=\"font-family: 'Calibri',sans-serif;\"> (Dz. U. z&nbsp;2015 r., poz. 2000) <strong>&ndash; wejdzie&nbsp;w&nbsp;\u017cycie z&nbsp;dniem 22 lutego 2016 r.<\/strong><\/span><\/span><\/p>\n<p class=\"Omwienie\" style=\"text-align: justify;\"><span style=\"font-size: 12pt;\"><span style=\"font-family: 'Calibri',sans-serif;\">W rozporz\u0105dzeniu Ministra Pracy i&nbsp;Polityki Socjalnej z&nbsp;dnia 29 maja 1996 r. w&nbsp;sprawie sposobu ustalania wynagrodzenia w&nbsp;okresie niewykonywania pracy oraz wynagrodzenia stanowi\u0105cego podstaw\u0119 obliczania odszkodowa\u0144, odpraw, dodatk&oacute;w wyr&oacute;wnawczych do wynagrodzenia oraz innych nale\u017cno\u015bci przewidzianych w&nbsp;Kodeksie pracy (Dz.<\/span><span style=\"font-family: 'Calibri',sans-serif;\">U.<\/span><span style=\"font-family: 'Calibri',sans-serif;\">Nr<\/span><span style=\"font-family: 'Calibri',sans-serif;\">62,<\/span><span style=\"font-family: 'Calibri',sans-serif;\">poz. 289, z&nbsp;p&oacute;\u017an. zm.)<\/span><span style=\"font-family: 'Calibri',sans-serif;\">w &sect; 5 dotychczasow\u0105 tre\u015b\u0107 oznacza si\u0119 jako ust.&nbsp;1&nbsp;i&nbsp;dodaje si\u0119 ust. 2, zmianie ulegnie brzmienie &sect; 5a.<\/span><\/span><\/p>\n<p class=\"Tekstpraswki\" style=\"text-align: justify;\"><span style=\"font-size: 12pt;\"><strong><span style=\"font-family: 'Calibri',sans-serif;\">Rozporz\u0105dzenie <\/span><\/strong><span style=\"font-family: 'Calibri',sans-serif;\">Ministra Pracy i&nbsp;Polityki Spo\u0142ecznej <\/span><span style=\"font-family: 'Calibri',sans-serif;\">z dnia 10 listopada 2015 r.<\/span><span style=\"font-family: 'Calibri',sans-serif;\">zmieniaj\u0105ce rozporz\u0105dzenie w&nbsp;sprawie okre\u015blenia wzor&oacute;w zg\u0142osze\u0144 do ubezpiecze\u0144 spo\u0142ecznych i&nbsp;ubezpieczenia zdrowotnego, imiennych raport&oacute;w miesi\u0119cznych i&nbsp;imiennych raport&oacute;w miesi\u0119cznych koryguj\u0105cych, zg\u0142osze\u0144 p\u0142atnika, deklaracji rozliczeniowych i<\/span><span style=\"font-family: 'Calibri',sans-serif;\">deklaracji rozliczeniowych koryguj\u0105cych, zg\u0142osze\u0144 danych o&nbsp;pracy w&nbsp;szczeg&oacute;lnych warunkach lub o&nbsp;szczeg&oacute;lnym charakterze oraz innych dokument&oacute;w<\/span><span style=\"font-family: 'Calibri',sans-serif;\"> (Dz.&nbsp;U.&nbsp;z&nbsp;2015&nbsp;r.,&nbsp;poz. 1996) <strong>&ndash; wejdzie w&nbsp;\u017cycie z&nbsp;dniem 1 stycznia 2016 r., z&nbsp;wyj\u0105tkiem &sect; 1 pkt 1 i&nbsp;pkt 2 lit. b, kt&oacute;re wchodz\u0105 w&nbsp;\u017cycie z&nbsp;dniem 1&nbsp;kwietnia&nbsp;2016 r.<\/strong><\/span><\/span><\/p>\n<p class=\"Omwienie\" style=\"text-align: justify;\"><span style=\"font-size: 12pt;\"><span style=\"font-family: 'Calibri',sans-serif;\">W rozporz\u0105dzeniu Ministra Pracy i&nbsp;Polityki Spo\u0142ecznej z&nbsp;dnia 23 pa\u017adziernika 2009 r. w<\/span><span style=\"font-family: 'Calibri',sans-serif;\">sprawie okre\u015blenia wzor&oacute;w zg\u0142osze\u0144 do ubezpiecze\u0144 spo\u0142ecznych i&nbsp;ubezpieczenia zdrowotnego, imiennych raport&oacute;w miesi\u0119cznych i&nbsp;imiennych raport&oacute;w miesi\u0119cznych koryguj\u0105cych, zg\u0142osze\u0144 p\u0142atnika, deklaracji rozliczeniowych i&nbsp;deklaracji rozliczeniowych koryguj\u0105cych, zg\u0142osze\u0144 danych o&nbsp;pracy w&nbsp;szczeg&oacute;lnych warunkach lub o&nbsp;szczeg&oacute;lnym charakterze oraz innych dokument&oacute;w (Dz. U. z&nbsp;2014 r. poz. 1844 i&nbsp;1957)<\/span><span style=\"font-family: 'Calibri',sans-serif;\"> zmianie ulegnie brzmienie za\u0142\u0105cznika nr 15, za\u0142\u0105cznika nr 18.<\/span><\/span><\/p>\n<p class=\"Tekstpraswki\" style=\"text-align: justify;\"><span style=\"font-size: 12pt;\"><strong><span style=\"font-family: 'Calibri',sans-serif;\">Rozporz\u0105dzenie <\/span><\/strong><span style=\"font-family: 'Calibri',sans-serif;\">Ministra Pracy i&nbsp;Polityki Spo\u0142ecznej <\/span><span style=\"font-family: 'Calibri',sans-serif;\">z dnia 10 listopada 2015 r.<\/span><span style=\"font-family: 'Calibri',sans-serif;\">w<\/span><span style=\"font-family: 'Calibri',sans-serif;\">sprawie trybu i&nbsp;sposobu orzekania o&nbsp;czasowej niezdolno\u015bci do pracy, wystawiania za\u015bwiadczenia lekarskiego oraz trybu i&nbsp;sposobu sprostowania b\u0142\u0119du w&nbsp;za\u015bwiadczeniu lekarskim<\/span><span style=\"font-family: 'Calibri',sans-serif;\"> (Dz. U. z&nbsp;2015 r., poz. 2013) <strong>&ndash; wejdzie w&nbsp;\u017cycie z&nbsp;dniem 1 stycznia 2016 r.<\/strong><\/span><\/span><\/p>\n<p class=\"Tekstpraswki\" style=\"text-align: justify;\"><span style=\"font-size: 12pt;\"><strong><span style=\"font-family: 'Calibri',sans-serif;\">Rozporz\u0105dzenie<\/span><\/strong><span style=\"font-family: 'Calibri',sans-serif;\"> Ministra Kultury i&nbsp;Ochrony Dziedzictwa Narodowego z&nbsp;dnia 9&nbsp;listopada&nbsp;2015 r. zmieniaj\u0105ce rozporz\u0105dzenie w&nbsp;sprawie bezpiecze\u0144stwa i&nbsp;higieny pracy przy organizacji i&nbsp;realizacji widowisk (Dz. U. z&nbsp;2015 r., poz. 2006) <strong>&ndash; wejdzie w&nbsp;\u017cycie z&nbsp;dniem 16 grudnia 2015 r.<\/strong><\/span><\/span><\/p>\n<p class=\"Omwienie\" style=\"text-align: justify;\"><span style=\"font-size: 12pt;\"><span style=\"font-family: 'Calibri',sans-serif;\">W rozporz\u0105dzeniu Ministra Kultury i&nbsp;Dziedzictwa Narodowego z&nbsp;dnia 15 wrze\u015bnia 2010 r. w&nbsp;sprawie bezpiecze\u0144stwa i&nbsp;higieny pracy przy organizacji i&nbsp;realizacji widowisk (Dz.<\/span><span style=\"font-family: 'Calibri',sans-serif;\">U.<\/span><span style=\"font-family: 'Calibri',sans-serif;\">Nr<\/span><span style=\"font-family: 'Calibri',sans-serif;\">184, poz. 1240)<\/span><span style=\"font-family: 'Calibri',sans-serif;\"> zmianie ulegnie brzmienie &sect; 5, &sect; 22.<\/span><\/span><\/p>\n<p>&nbsp;<\/p>\n<p class=\"Dziedzinaprawa\" style=\"text-align: justify;\"><span style=\"font-size: 12pt;\"><strong><span style=\"font-family: 'Calibri',sans-serif;\">UDZIELANIE POMOCY PUBLICZNEJ<\/span><\/strong><\/span><\/p>\n<p class=\"Tekstpraswki\" style=\"text-align: justify;\"><span style=\"font-size: 12pt;\"><strong><span style=\"font-family: 'Calibri',sans-serif;\">Rozporz\u0105dzenie <\/span><\/strong><span style=\"font-family: 'Calibri',sans-serif;\">Ministra Infrastruktury i&nbsp;Rozwoju z&nbsp;dnia 10 listopada 2015 r. zmieniaj\u0105ce rozporz\u0105dzenie w&nbsp;sprawie udzielania pomocy publicznej w&nbsp;ramach Programu Operacyjnego Kapita\u0142 Ludzki (Dz. U. z&nbsp;2015 r., poz. 1986) <strong>&ndash; wejdzie w&nbsp;\u017cycie z&nbsp;dniem 12 grudnia 2015 r.<\/strong><\/span><\/span><\/p>\n<p class=\"Omwienie\" style=\"text-align: justify;\"><span style=\"font-size: 12pt;\"><span style=\"font-family: 'Calibri',sans-serif;\">W rozporz\u0105dzeniu Ministra Rozwoju Regionalnego z&nbsp;dnia 15 grudnia 2010 r. w&nbsp;sprawie udzielania pomocy publicznej w&nbsp;ramach Programu Operacyjnego Kapita\u0142 Ludzki (Dz.<\/span><span style=\"font-family: 'Calibri',sans-serif;\">U.<\/span><span style=\"font-family: 'Calibri',sans-serif;\">z<\/span><span style=\"font-family: 'Calibri',sans-serif;\">2015 r. poz. 1959)<\/span><span style=\"font-family: 'Calibri',sans-serif;\">w &sect; 41 po wyrazach &#8220;obj\u0119tych pomoc\u0105 de minimis&#8221; kropk\u0119&nbsp;zast\u0119puje si\u0119 przecinkiem i&nbsp;dodaje si\u0119 wyrazy &#8220;z zastrze\u017ceniem &sect; 41a.&#8221;, dodany&nbsp;zostanie &sect; 41a.<\/span><\/span><\/p>\n<p>&nbsp;<\/p>\n<p class=\"Dziedzinaprawa\" style=\"text-align: justify;\"><span style=\"font-size: 12pt;\"><strong><span style=\"font-family: 'Calibri',sans-serif;\">PRAWO PODATKOWE<\/span><\/strong><\/span><\/p>\n<p class=\"Tekstpraswki\" style=\"text-align: justify;\"><span style=\"font-size: 12pt;\"><strong><span style=\"font-family: 'Calibri',sans-serif;\">Ustawa <\/span><\/strong><span style=\"font-family: 'Calibri',sans-serif;\">z dnia 25 listopada 2015 r. o&nbsp;zmianie ustawy o&nbsp;podatku dochodowym od os&oacute;b fizycznych (Dz. U. z&nbsp;2015 r., poz. 1992) <strong>&ndash; wejdzie w&nbsp;\u017cycie z&nbsp;dniem 1&nbsp;stycznia&nbsp;2016&nbsp;r.<\/strong><\/span><\/span><\/p>\n<p class=\"Omwienie\" style=\"text-align: justify;\"><span style=\"font-size: 12pt;\"><span style=\"font-family: 'Calibri',sans-serif;\">W ustawie z&nbsp;dnia 26 lipca 1991 r. o&nbsp;podatku dochodowym od os&oacute;b fizycznych (Dz.<\/span><span style=\"font-family: 'Calibri',sans-serif;\">U.<\/span><span style=\"font-family: 'Calibri',sans-serif;\">z<\/span><span style=\"font-family: 'Calibri',sans-serif;\">2012 r. poz. 361, z&nbsp;p&oacute;\u017an. zm.)<\/span><span style=\"font-family: 'Calibri',sans-serif;\"> zmianie ulegnie brzmienie art. 30, art. 41 ust. 4.<\/span><\/span><\/p>\n<p class=\"Tekstpraswki\" style=\"text-align: justify;\"><span style=\"font-size: 12pt;\"><strong><span style=\"font-family: 'Calibri',sans-serif;\">Rozporz\u0105dzenie <\/span><\/strong><span style=\"font-family: 'Calibri',sans-serif;\">Ministra Finans&oacute;w z&nbsp;dnia 12 listopada 2015 r. zmieniaj\u0105ce rozporz\u0105dzenie w&nbsp;sprawie szczeg&oacute;\u0142owej klasyfikacji dochod&oacute;w, wydatk&oacute;w, przychod&oacute;w i&nbsp;rozchod&oacute;w oraz \u015brodk&oacute;w pochodz\u0105cych ze \u017ar&oacute;de\u0142 zagranicznych (Dz.&nbsp;U.&nbsp;z&nbsp;2015&nbsp;r.,&nbsp;poz.&nbsp;1978) <strong>&ndash; wesz\u0142o w&nbsp;\u017cycie z&nbsp;dniem 28 listopada 2015 r., z&nbsp;wyj\u0105tkiem rozporz\u0105dzenia zmienianego w&nbsp;&sect; 1, kt&oacute;re wejdzie w&nbsp;\u017cycie z&nbsp;dniem 1 stycznia 2016 r.<\/strong><\/span><\/span><\/p>\n<p class=\"Omwienie\" style=\"text-align: justify;\"><span style=\"font-size: 12pt;\"><span style=\"font-family: 'Calibri',sans-serif;\">W rozporz\u0105dzeniu Ministra Finans&oacute;w z&nbsp;dnia 2 marca 2010 r. w&nbsp;sprawie szczeg&oacute;\u0142owej klasyfikacji dochod&oacute;w, wydatk&oacute;w, przychod&oacute;w i&nbsp;rozchod&oacute;w oraz \u015brodk&oacute;w pochodz\u0105cych ze \u017ar&oacute;de\u0142 zagranicznych (Dz. U. z&nbsp;2014 r. poz. 1053, z&nbsp;p&oacute;\u017an. zm.)<\/span><span style=\"font-family: 'Calibri',sans-serif;\"> zmianie&nbsp;ulegnie&nbsp;brzmienie za\u0142\u0105cznika nr 2, za\u0142\u0105cznika nr 4, w&nbsp;za\u0142\u0105czniku nr 3 dodaje si\u0119 paragraf 038, w&nbsp;za\u0142\u0105czniku nr 7 do rozporz\u0105dzenia w&nbsp;paragrafie &#8220;430 Zakup us\u0142ug pozosta\u0142ych&rdquo; dodaje si\u0119 pozycj\u0119 430019, w&nbsp;za\u0142\u0105czniku nr 8 do rozporz\u0105dzenia w&nbsp;paragrafie &#8220;430 Zakup us\u0142ug pozosta\u0142ych&#8221; dodaje si\u0119 pozycj\u0119 430025.<\/span><\/span><\/p>\n<p class=\"Tekstpraswki\" style=\"text-align: justify;\"><span style=\"font-size: 12pt;\"><strong><span style=\"font-family: 'Calibri',sans-serif;\">Rozporz\u0105dzenie<\/span><\/strong><span style=\"font-family: 'Calibri',sans-serif;\"> Ministra Finans&oacute;w z&nbsp;dnia 12 listopada 2015 r.<\/span><span style=\"font-family: 'Calibri',sans-serif;\">w sprawie okre\u015blenia wzoru zeznania o&nbsp;wysoko\u015bci dochodu z&nbsp;zagranicznej sp&oacute;\u0142ki kontrolowanej obowi\u0105zuj\u0105cego w&nbsp;zakresie podatku dochodowego od os&oacute;b prawnych<\/span><span style=\"font-family: 'Calibri',sans-serif;\"> (Dz. U. z&nbsp;2015 r., poz. 1980)<strong> &ndash;wejdzie w&nbsp;\u017cycie z&nbsp;dniem 1 stycznia 2016 r.<\/strong><\/span><\/span><\/p>\n<p class=\"Tekstpraswki\" style=\"text-align: justify;\"><span style=\"font-size: 12pt;\"><strong><span style=\"font-family: 'Calibri',sans-serif;\">Rozporz\u0105dzenie<\/span><\/strong><span style=\"font-family: 'Calibri',sans-serif;\"> Ministra Finans&oacute;w z&nbsp;dnia 13 listopada 2015 r.<\/span><span style=\"font-family: 'Calibri',sans-serif;\">w sprawie w\u0142a\u015bciwo\u015bci miejscowej naczelnika urz\u0119du skarbowego uprawnionego do poboru nale\u017cno\u015bci wynikaj\u0105cych z&nbsp;grzywien na\u0142o\u017conych w&nbsp;drodze mandatu karnego<\/span><span style=\"font-family: 'Calibri',sans-serif;\"> (Dz. U. z&nbsp;2015 r, poz. 1977) <strong>&ndash; wejdzie w&nbsp;\u017cycie z&nbsp;dniem 1 stycznia 2016 r.<\/strong><\/span><\/span><\/p>\n<p class=\"Tekstpraswki\" style=\"text-align: justify;\"><span style=\"font-size: 12pt;\"><strong><span style=\"font-family: 'Calibri',sans-serif;\">Rozporz\u0105dzenie<\/span><\/strong><span style=\"font-family: 'Calibri',sans-serif;\"> Ministra Finans&oacute;w <\/span><span style=\"font-family: 'Calibri',sans-serif;\">z dnia 13 listopada 2015 r. w&nbsp;sprawie okre\u015blenia wzoru wniosku o&nbsp;zastosowanie opodatkowania w&nbsp;formie karty podatkowej (Dz. U. z&nbsp;2015 r., poz. 1972) <strong>&ndash; wejdzie w&nbsp;\u017cycie z&nbsp;dniem 1 stycznia 2016 r.<\/strong><\/span><\/span><\/p>\n<p class=\"Tekstpraswki\" style=\"text-align: justify;\"><span style=\"font-size: 12pt;\"><strong><span style=\"font-family: 'Calibri',sans-serif;\">R<\/span><\/strong><strong><span style=\"font-family: 'Calibri',sans-serif;\">ozporz\u0105dzenie<\/span><\/strong><span style=\"font-family: 'Calibri',sans-serif;\"> Ministra Finans&oacute;w <\/span><span style=\"font-family: 'Calibri',sans-serif;\">z dnia 23 listopada 2015 r.<\/span><span style=\"font-family: 'Calibri',sans-serif;\">w sprawie okre\u015blenia niekt&oacute;rych wzor&oacute;w o\u015bwiadcze\u0144, deklaracji i&nbsp;informacji podatkowych obowi\u0105zuj\u0105cych w<\/span><span style=\"font-family: 'Calibri',sans-serif;\">zakresie podatku dochodowego od os&oacute;b fizycznych<\/span><span style=\"font-family: 'Calibri',sans-serif;\"> (Dz. U. z&nbsp;2015 r., poz. 1998)<strong> &ndash; wejdzie w&nbsp;\u017cycie z&nbsp;dniem 1 stycznia 2016 r.<\/strong><\/span><\/span><\/p>\n<p class=\"Tekstpraswki\" style=\"text-align: justify;\"><span style=\"font-size: 12pt;\"><strong><span style=\"font-family: 'Calibri',sans-serif;\">R<\/span><\/strong><strong><span style=\"font-family: 'Calibri',sans-serif;\">ozporz\u0105dzenie<\/span><\/strong><span style=\"font-family: 'Calibri',sans-serif;\"> Ministra Finans&oacute;w z&nbsp;dnia 24 listopada 2015 r. w&nbsp;sprawie okre\u015blenia wzor&oacute;w zeznania, deklaracji i&nbsp;informacji podatkowych obowi\u0105zuj\u0105cych w&nbsp;zakresie zrycza\u0142towanego podatku dochodowego od niekt&oacute;rych przychod&oacute;w osi\u0105ganych przez osoby fizyczne (Dz. U. z&nbsp;2015 r., poz. 1993) <strong>&ndash; wejdzie w&nbsp;\u017cycie z&nbsp;dniem 1 stycznia 2016 r.<\/strong><\/span><\/span><\/p>\n<p class=\"Tekstpraswki\" style=\"text-align: justify;\"><span style=\"font-size: 12pt;\"><strong><span style=\"font-family: 'Calibri',sans-serif;\">R<\/span><\/strong><strong><span style=\"font-family: 'Calibri',sans-serif;\">ozporz\u0105dzenie<\/span><\/strong><span style=\"font-family: 'Calibri',sans-serif;\"> Ministra Finans&oacute;w z&nbsp;dnia 24 listopada 2015 r. w&nbsp;sprawie okre\u015blenia wzor&oacute;w deklaracji, zeznania, o\u015bwiadczenia oraz informacji podatkowych obowi\u0105zuj\u0105cych w&nbsp;zakresie podatku dochodowego od os&oacute;b prawnych (Dz. U. z&nbsp;2015 r., poz. 1995) <strong>&ndash; wejdzie w&nbsp;\u017cycie z&nbsp;dniem 1 stycznia 2016 r.<\/strong><\/span><\/span><\/p>\n<p class=\"Tekstpraswki\" style=\"text-align: justify;\"><span style=\"font-size: 12pt;\"><strong><span style=\"font-family: 'Calibri',sans-serif;\">R<\/span><\/strong><strong><span style=\"font-family: 'Calibri',sans-serif;\">ozporz\u0105dzenie<\/span><\/strong><span style=\"font-family: 'Calibri',sans-serif;\"> Ministra Finans&oacute;w z&nbsp;dnia 25 listopada 2015 r. w&nbsp;sprawie sposobu pobierania i&nbsp;zwrotu podatku od czynno\u015bci cywilnoprawnych (Dz. U. 2015 r., poz. 1999)<strong> &ndash; wejdzie w&nbsp;\u017cycie z&nbsp;dniem 1 stycznia 2016 r.<\/strong><\/span><\/span><\/p>\n<p class=\"Tekstpraswki\" style=\"text-align: justify;\"><span style=\"font-size: 12pt;\"><strong><span style=\"font-family: 'Calibri',sans-serif;\">R<\/span><\/strong><strong><span style=\"font-family: 'Calibri',sans-serif;\">ozporz\u0105dzenie<\/span><\/strong><span style=\"font-family: 'Calibri',sans-serif;\"> Ministra Finans&oacute;w z&nbsp;dnia 25 listopada 2015 r. w&nbsp;sprawie pobierania przez p\u0142atnik&oacute;w podatku od spadk&oacute;w i&nbsp;darowizn (Dz. U. z&nbsp;2015 r., poz. 2004)<strong> &ndash; wejdzie&nbsp;w \u017cycie z&nbsp;dniem 1 stycznia 2016 r.<\/strong><\/span><\/span><\/p>\n<p class=\"Tekstpraswki\" style=\"text-align: justify;\"><span style=\"font-size: 12pt;\"><strong><span style=\"font-family: 'Calibri',sans-serif;\">R<\/span><\/strong><strong><span style=\"font-family: 'Calibri',sans-serif;\">ozporz\u0105dzenie<\/span><\/strong><span style=\"font-family: 'Calibri',sans-serif;\"> Ministra Finans&oacute;w z&nbsp;dnia 26 listopada 2015 r. w&nbsp;sprawie okre\u015blenia wzor&oacute;w rocznego obliczenia podatku oraz zezna\u0144 podatkowych obowi\u0105zuj\u0105cych w&nbsp;zakresie podatku dochodowego od os&oacute;b fizycznych (Dz. U. z&nbsp;2015 r., poz. 2001)<strong> &ndash; wejdzie w&nbsp;\u017cycie z&nbsp;dniem 1 stycznia 2016 r.<\/strong><\/span><\/span><\/p>\n<p>&nbsp;<\/p>\n<p class=\"Dziedzinaprawa\" style=\"text-align: justify;\"><span style=\"font-size: 12pt;\"><strong><span style=\"font-family: 'Calibri',sans-serif;\">ADMINISTRACJA RZ\u0104DOWA<\/span><\/strong><\/span><\/p>\n<p class=\"Tekstpraswki\" style=\"text-align: justify;\"><span style=\"font-size: 12pt;\"><strong><span style=\"font-family: 'Calibri',sans-serif;\">Ustawa<\/span><\/strong><span style=\"font-family: 'Calibri',sans-serif;\"> z&nbsp;dnia 19 listopada 2015 r. o&nbsp;zmianie ustawy o&nbsp;dzia\u0142ach administracji rz\u0105dowej oraz niekt&oacute;rych innych ustaw (Dz. U. z&nbsp;2015 r., poz. 1960)<strong> &ndash; wesz\u0142a w&nbsp;\u017cycie z&nbsp;dniem 27 listopada 2015 r.<\/strong><\/span><\/span><\/p>\n<p class=\"Omwienie\" style=\"text-align: justify;\"><span style=\"font-size: 12pt;\"><span style=\"font-family: 'Calibri',sans-serif;\">W ustawie z&nbsp;dnia 4 wrze\u015bnia 1997 r. o&nbsp;dzia\u0142ach administracji rz\u0105dowej (Dz.<\/span><span style=\"font-family: 'Calibri',sans-serif;\">U.<\/span><span style=\"font-family: 'Calibri',sans-serif;\">z<\/span><span style=\"font-family: 'Calibri',sans-serif;\">2015<\/span><span style=\"font-family: 'Calibri',sans-serif;\">r.<\/span><span style=\"font-family: 'Calibri',sans-serif;\">poz. 812, 1255 i&nbsp;1269)<\/span><span style=\"font-family: 'Calibri',sans-serif;\"> zmianie uleg\u0142o brzmienie art. 5, art. 6, art. 9, art. 9a, art. 10, art. 11 ust. 1 pkt 3, art. 12a, art.16, art. 27, art. 28 ust. 3, dodany&nbsp;zosta\u0142 art. 7a, art. 10a, 11a, w&nbsp;art. 23c dodaje si\u0119 ust. 3, w&nbsp;art.&nbsp;4&nbsp;uchylony&nbsp;zosta\u0142&nbsp;ust. 5.<\/span><\/span><\/p>\n<p class=\"Omwienie\" style=\"text-align: justify;\"><span style=\"font-size: 12pt; font-family: 'Calibri',sans-serif;\">W ustawie z&nbsp;dnia 31 lipca 1981 r. o&nbsp;wynagrodzeniu os&oacute;b zajmuj\u0105cych kierownicze stanowiska pa\u0144stwowe (Dz. U. z&nbsp;2011 r. Nr 79, poz. 430 i&nbsp;Nr 112, poz. 654 oraz&nbsp;z&nbsp;2015&nbsp;r. poz. 1348) zmianie uleg\u0142o brzmienie art. 4.<\/span><\/p>\n<p class=\"Omwienie\" style=\"text-align: justify;\"><span style=\"font-size: 12pt; font-family: 'Calibri',sans-serif;\">W ustawie z&nbsp;dnia 10 kwietnia 1997 r. &#8211; Prawo energetyczne (Dz. U. z&nbsp;2012 r. poz. 1059, z&nbsp;p&oacute;\u017an. zm.) w&nbsp;art. 4f ust. 3, art. 5c ust. 4, art. 5e ust. 2, art. 6 ust. 8, art. 9 ust. 1, 3, 7&nbsp;i 9, art. 9a ust. 16, art. 9c ust. 9 i&nbsp;9a, art. 9i ust. 12, art. 9n ust. 1-3, art. 10 ust. 6, art. 11 ust. 7 i&nbsp;9, art. 11c ust. 3, 4 i&nbsp;6, art. 11r, art. 11s ust. 5, art. 15a ust. 1 i&nbsp;2, art.&nbsp;15b ust. 1, 3, 7 i&nbsp;8, art. 15e, art. 15f ust. 1 i&nbsp;2, art. 16a ust. 1 i&nbsp;8, art.&nbsp;23&nbsp;ust.&nbsp;2&nbsp;pkt&nbsp;19 i&nbsp;ust. 2c, art. 24 ust. 1, art. 32 ust. 3, art. 33 ust. 5, art. 35 ust. 1a i&nbsp;1b, art. 43 ust. 6, art. 46 ust. 1, 3 i&nbsp;5, art. 49a ust. 12, art. 52 ust. 4, 5 i&nbsp;6 oraz&nbsp;art.&nbsp;54&nbsp;ust. 6 i&nbsp;7 u\u017cyte w&nbsp;r&oacute;\u017cnych przypadkach wyrazy &#8220;minister w\u0142a\u015bciwy do&nbsp;spraw&nbsp;gospodarki&#8221; zosta\u0142y zast\u0105pione u\u017cytymi w&nbsp;odpowiednich przypadkach wyrazami &#8220;minister w\u0142a\u015bciwy do spraw energii&#8221;, zmianie uleg\u0142o brzmienie art.12, art. 12a, dodany&nbsp;zosta\u0142 art.&nbsp;12b.<\/span><\/p>\n<p class=\"Omwienie\" style=\"text-align: justify;\"><span style=\"font-size: 12pt; font-family: 'Calibri',sans-serif;\">W ustawie z&nbsp;dnia 21 grudnia 2000 r. o&nbsp;\u017cegludze \u015br&oacute;dl\u0105dowej (Dz. U. z&nbsp;2013 r. poz.&nbsp;1458&nbsp;oraz z&nbsp;2015 r. poz. 1690) w&nbsp;art. 6 ust. 1 pkt 1, ust. 1a, 2 i&nbsp;3, art. 7, art.&nbsp;8&nbsp;ust.&nbsp;2, 3 i&nbsp;4, art. 9 ust. 2b, 2d i&nbsp;2f, art. 10 ust. 4, art. 12 ust. 2, art. 13 ust. 3, art.&nbsp;15&nbsp;ust.&nbsp;2&nbsp;pkt&nbsp;1&nbsp;i&nbsp;ust. 8, art. 15a ust. 1, art. 16 ust. 4, art. 17 ust. 7 i&nbsp;9, art.&nbsp;21&nbsp;ust.&nbsp;3, art. 24, art. 24a, art. 26 ust. 7, art. 26a ust. 3 i&nbsp;4, art. 29 ust. 3, art.&nbsp;34&nbsp;ust. 2, art. 34b ust. 3 i&nbsp;6, art. 34c ust. 4, art. 34d ust. 3 i&nbsp;4, art. 34h ust. 3, art.&nbsp;34j ust.&nbsp;5, art. 34l ust. 2, art. 35 ust. 6, art. 37 ust. 1, art. 37a ust. 5 i&nbsp;14, art. 37b ust.&nbsp;8,&nbsp;art. 40, art. 46, art. 47 ust. 3, art. 47a ust. 3, art. 47d ust. 2, art. 52, art. 57, art.&nbsp;63a ust. 4, art. 69 ust. 4 oraz w&nbsp;art. 72 ust. 2 u\u017cyte w&nbsp;r&oacute;\u017cnych przypadkach wyraz&nbsp;&#8220;minister w\u0142a\u015bciwy do spraw transportu&#8221; zosta\u0142y zast\u0105pione u\u017cytymi w&nbsp;odpowiednich przypadkach wyrazami &#8220;minister w\u0142a\u015bciwy do spraw \u017ceglugi \u015br&oacute;dl\u0105dowej&#8221;, zmianie uleg\u0142o brzmienie art. 37 ust. 2 wprowadzenie do wyliczenia.<\/span><\/p>\n<p class=\"Omwienie\" style=\"text-align: justify;\"><span style=\"font-size: 12pt;\"><span style=\"font-family: 'Calibri',sans-serif;\">W ustawie z&nbsp;dnia 7 wrze\u015bnia 2007 r. o&nbsp;funkcjonowaniu g&oacute;rnictwa w\u0119gla kamiennego (Dz.&nbsp;U. z&nbsp;2015 r. poz. 410)<\/span><span style=\"font-family: 'Calibri',sans-serif;\">w art. 3, art. 8 ust. 5, art. 9 ust. 2, art. 11c ust. 5, art.&nbsp;11f&nbsp;ust. 4 i&nbsp;6-9, art. 11h ust. 1, art. 12 ust. 9, art. 15, art. 16 ust. 1 i&nbsp;2, art.&nbsp;17&nbsp;ust.&nbsp;2 i&nbsp;3, art. 18 ust. 3, art. 19, art. 24 ust. 1 i&nbsp;2, art. 25 ust. 1, art. 26 ust. 1 we&nbsp;wprowadzeniu do wyliczenia i&nbsp;pkt 8 oraz ust. 2-5 u\u017cyte w&nbsp;r&oacute;\u017cnych przypadkach wyrazy &#8220;minister w\u0142a\u015bciwy do spraw gospodarki&#8221; zosta\u0142y zast\u0105pione u\u017cytymi w&nbsp;odpowiednich przypadkach wyrazami &#8220;minister w\u0142a\u015bciwy do spraw energii&#8221;, dodany&nbsp;zostanie art. 20a.<\/span><\/span><\/p>\n<p class=\"Omwienie\" style=\"text-align: justify;\"><span style=\"font-size: 12pt; font-family: 'Calibri',sans-serif;\">W ustawie z&nbsp;dnia 23 stycznia 2009 r. o&nbsp;wojewodzie i&nbsp;administracji rz\u0105dowej w&nbsp;wojew&oacute;dztwie (Dz. U. z&nbsp;2015 r. poz. 525) zmianie ulegnie brzmienie art. 6 ust. 2 pkt 3.<\/span><\/p>\n<p>&nbsp;<\/p>\n<p class=\"Dziedzinaprawa\" style=\"text-align: justify;\"><span style=\"font-size: 12pt;\"><strong><span style=\"font-family: 'Calibri',sans-serif;\">SUBSTANCJE PSYCHOAKTYWNE<\/span><\/strong><\/span><\/p>\n<p class=\"Tekstpraswki\" style=\"text-align: justify;\"><span style=\"font-size: 12pt;\"><strong><span style=\"font-family: 'Calibri',sans-serif;\">R<\/span><\/strong><strong><span style=\"font-family: 'Calibri',sans-serif;\">ozporz\u0105dzenie<\/span><\/strong><span style=\"font-family: 'Calibri',sans-serif;\"> Ministra Zdrowia z&nbsp;dnia 27 listopada 2015 r. w&nbsp;sprawie wykazu nowych substancji psychoaktywnych (Dz. U. z&nbsp;2015 r., poz. 2017) <strong>&ndash; wejdzie w&nbsp;\u017cycie z&nbsp;dniem 17 grudnia 2015 r.<\/strong><\/span><\/span><\/p>\n<p>&nbsp;<\/p>\n<p class=\"Dziedzinaprawa\" style=\"text-align: justify;\"><span style=\"font-size: 12pt;\"><strong><span style=\"font-family: 'Calibri',sans-serif;\">KRAJOWY REJESTR URZ\u0118DOWY<\/span><span style=\"font-family: 'Calibri',sans-serif;\"> PODMIOT&Oacute;W GOSPODARKI NARODOWEJ<\/span><\/strong><\/span><\/p>\n<p class=\"Tekstpraswki\" style=\"text-align: justify;\"><span style=\"font-size: 12pt;\"><strong><span style=\"font-family: 'Calibri',sans-serif;\">Rozporz\u0105dzenie <\/span><\/strong><span style=\"font-family: 'Calibri',sans-serif;\">Rady Ministr&oacute;w z&nbsp;dnia 30 listopada 2015 r. w&nbsp;sprawie sposobu i&nbsp;metodologii prowadzenia i&nbsp;aktualizacji krajowego rejestru urz\u0119dowego podmiot&oacute;w gospodarki narodowej, wzor&oacute;w wniosk&oacute;w, ankiet i&nbsp;za\u015bwiadcze\u0144 (Dz.&nbsp;U.&nbsp;z&nbsp;2015&nbsp;r.,&nbsp;poz.&nbsp;2009)<strong> &ndash; wejdzie w&nbsp;\u017cycie z&nbsp;dniem 1 grudnia 2015 r.<\/strong><\/span><\/span><\/p>\n<p>&nbsp;<\/p>\n<p class=\"NowePrawo\" style=\"text-align: justify;\"><span style=\"font-size: 12pt;\"><strong><span style=\"font-family: 'Calibri',sans-serif;\">_____Orzecznictwo<\/span><\/strong><\/span><\/p>\n<p class=\"SdNajwyszy\" style=\"text-align: justify;\"><span style=\"font-size: 12pt;\"><strong><span style=\"font-family: 'Calibri',sans-serif;\">Trybuna\u0142 Konstytucyjny<\/span><\/strong><\/span><\/p>\n<p class=\"Dziedzinaprawa\" style=\"text-align: justify;\"><span style=\"font-size: 12pt;\"><strong><span style=\"font-family: 'Calibri',sans-serif;\">PRZECIWDZIA\u0141ANIE NARKOMANII<\/span><span style=\"font-family: 'Calibri',sans-serif;\">;<\/span><span style=\"font-family: 'Calibri',sans-serif;\"> PRZEPADEK PRZEDMIOTU PRZEST\u0118PSTWA ORAZ PRZEDMIOT&Oacute;W I&nbsp;NARZ\u0118DZI, KT&Oacute;RE S\u0141U\u017bY\u0141Y LUB BY\u0141Y PRZEZNACZONE DO JEGO POPE\u0141NIENIA<\/span><\/strong><\/span><\/p>\n<p class=\"Tekstpraswki\" style=\"text-align: justify;\"><span style=\"font-size: 12pt;\"><span style=\"font-family: 'Calibri',sans-serif;\">Trybuna\u0142 <\/span><span style=\"font-family: 'Calibri',sans-serif;\">Konstytucyjny stwierdzi\u0142, \u017ce<\/span><span style=\"font-family: 'Calibri',sans-serif;\"> poddanie skar\u017c\u0105cego represji &ndash; przez orzeczenie \u015brodka karnego przepadku rzeczy &ndash; za czyn pope\u0142niony przez inn\u0105 osob\u0119, narusza elementarne poczucie sprawiedliwo\u015bci. Tak d\u0142ugo, jak w\u0142a\u015bciciel korzysta z&nbsp;prawa w\u0142asno\u015bci w&nbsp;spos&oacute;b zgodny z&nbsp;obowi\u0105zuj\u0105cym prawem, w\u0142adze publiczne nie powinny ingerowa\u0107 w&nbsp;to prawo. S\u0105dy, opieraj\u0105c swoje rozstrzygni\u0119cia na zaskar\u017conym przepisie, korzystaj\u0105 z&nbsp;umocowania do pozbawiania w\u0142a\u015bciciela prawa w\u0142asno\u015bci bez konieczno\u015bci wykazania, \u017ce korzysta\u0142 on z&nbsp;tej w\u0142asno\u015bci w&nbsp;spos&oacute;b niezgodny z&nbsp;prawem, i&nbsp;swoim nagannym post\u0119powaniem zwi\u0105zanym z&nbsp;udost\u0119pnieniem przedmiotu w\u0142a\u015bciwemu sprawcy, umo\u017cliwi\u0142 lub u\u0142atwi\u0142 pope\u0142nienie przez niego przest\u0119pstwa. Dla&nbsp;pozbawienia&nbsp;prawa w\u0142asno\u015bci, na podstawie art. 70 ust. 1 ustawy o&nbsp;przeciwdzia\u0142aniu narkomanii, nie jest bowiem konieczne udowodnienie istnienia zale\u017cno\u015bci pomi\u0119dzy przest\u0119pczym wykorzystaniem przedmiotu nale\u017c\u0105cego do osoby trzeciej a&nbsp;jej nagannym zachowaniem, kt&oacute;re umo\u017cliwi\u0142o bezprawne wykorzystanie przedmiotu przez sprawc\u0119 przest\u0119pstwa. Prowadzi to do wniosku, \u017ce zaskar\u017cony przepis nie spe\u0142nia wymog&oacute;w konstytucyjnych standardu ochrony prawa w\u0142asno\u015bci, ustanowionych w&nbsp;art. 64 ust. 1 i&nbsp;3 w&nbsp;zw.&nbsp;z&nbsp;art.&nbsp;31&nbsp;ust. 3 ustawy zasadniczej <\/span><span style=\"font-family: 'Calibri',sans-serif;\">&ndash;<\/span><strong><span style=\"font-family: 'Calibri',sans-serif;\">Wyrok Trybuna\u0142u Konstytucyjnego z&nbsp;dnia&nbsp;28&nbsp;pa\u017adziernika 2015 r., sygn. akt SK 59\/13.<\/span><\/strong><\/span><\/p>\n<p>&nbsp;<\/p>\n<p class=\"Dziedzinaprawa\" style=\"text-align: justify;\"><span style=\"font-size: 12pt;\"><strong><span style=\"font-family: 'Calibri',sans-serif;\">KORPUS S\u0141U\u017bBY CYWILNEJ<\/span><span style=\"font-family: 'Calibri',sans-serif;\">,<\/span><span style=\"font-family: 'Calibri',sans-serif;\"> UK\u0141AD ZBIOROWY PRACY<\/span><\/strong><\/span><\/p>\n<p class=\"Tekstpraswki\" style=\"text-align: justify;\"><span style=\"font-size: 12pt;\"><span style=\"font-family: 'Calibri',sans-serif;\">Trybuna\u0142 <\/span><span style=\"font-family: 'Calibri',sans-serif;\">Konstytucyjny stwierdzi\u0142, \u017ce<\/span><span style=\"font-family: 'Calibri',sans-serif;\"> ograniczenie dzia\u0142alno\u015bci zwi\u0105zk&oacute;w zawodowych polegaj\u0105ce na wy\u0142\u0105czeniu mo\u017cliwo\u015bci zawierania przez nie uk\u0142ad&oacute;w zbiorowych pracy na&nbsp;rzecz cz\u0142onk&oacute;w korpusu s\u0142u\u017cby cywilnej jest dopuszczalne na tle um&oacute;w mi\u0119dzynarodowych. Wpisuje si\u0119 te\u017c w&nbsp;porz\u0105dek publiczny, kt&oacute;rego elementem s\u0105: ustalanie warunk&oacute;w pracy cz\u0142onk&oacute;w korpusu s\u0142u\u017cby cywilnej w&nbsp;drodze akt&oacute;w normatywnych, przy udziale (konsultacji) zwi\u0105zk&oacute;w zawodowych w&nbsp;ich tworzeniu, a&nbsp;tak\u017ce prawo urz\u0119dnik&oacute;w do przynale\u017cno\u015bci do zwi\u0105zk&oacute;w zawodowych (wolno\u015b\u0107 koalicji) i&nbsp;uprawnienia zwi\u0105zk&oacute;w zawodowych do prowadzenia rokowa\u0144 innych ni\u017c zmierzaj\u0105ce do&nbsp;zawarcia uk\u0142adu zbiorowego pracy <strong>&#8211; Wyrok Trybuna\u0142u Konstytucyjnego z&nbsp;dnia&nbsp;17&nbsp;listopada 2015 r., sygn. akt K 5\/15.<\/strong><\/span><\/span><\/p>\n<p>&nbsp;<\/p>\n<p class=\"Dziedzinaprawa\" style=\"text-align: justify;\"><span style=\"font-size: 12pt;\"><strong><span style=\"font-family: 'Calibri',sans-serif;\">BEZPIECZE\u0143STW<\/span><span style=\"font-family: 'Calibri',sans-serif;\">O<\/span><span style=\"font-family: 'Calibri',sans-serif;\"> I&nbsp;HIGIEN<\/span><span style=\"font-family: 'Calibri',sans-serif;\">A<\/span><span style=\"font-family: 'Calibri',sans-serif;\"> PRACY S\u0141U\u017bB MUNDUROWYCH<\/span><\/strong><\/span><\/p>\n<p class=\"Tekstpraswki\" style=\"text-align: justify;\"><span style=\"font-size: 12pt; font-family: 'Calibri',sans-serif;\">Trybuna\u0142 Konstytucyjny stwierdzi\u0142, i\u017c brak okre\u015blenia na poziomie ustawowym prawa podmiotowego funkcjonariuszy do bezpiecznych i&nbsp;higienicznych warunk&oacute;w s\u0142u\u017cby oraz&nbsp;odpowiadaj\u0105cych temu prawu obowi\u0105zk&oacute;w podmiotu zatrudniaj\u0105cego powoduje, \u017ce&nbsp;art.&nbsp;66 ust. 1 Konstytucji traci sw&oacute;j gwarancyjny charakter <strong>&#8211; Wyrok Trybuna\u0142u Konstytucyjnego z&nbsp;dnia 24 listopada 2015 r., sygn. akt K 18\/14.<\/strong><\/span><\/p>\n","protected":false},"excerpt":{"rendered":"<p>We would like to present the next issue of legal bulletin of the Law Office of Adam Polowiec.What you will find here is some information about the new provisions of law and the projects of amendments to acts, but also case-laws including the case laws of Supreme Court, Constitutional Tribunal and European Court of Justice.<\/p>\n","protected":false},"author":3,"featured_media":0,"comment_status":"closed","ping_status":"open","sticky":false,"template":"","format":"standard","meta":{"footnotes":""},"categories":[2],"tags":[],"class_list":["post-599","post","type-post","status-publish","format-standard","hentry","category-wpisy"],"featured_image_src":{"landsacpe":false,"list":false,"medium":false,"full":false},"yoast_head":"<!-- This site is optimized with the Yoast SEO plugin v27.2 - https:\/\/yoast.com\/product\/yoast-seo-wordpress\/ -->\n<title>Legal Bulletin Of The Law Office Of Adam Polowiec (30 November - 6 December 2015) - Polowiec i Wsp\u00f3lnicy - Kancelaria prawna<\/title>\n<meta name=\"robots\" content=\"index, follow, max-snippet:-1, max-image-preview:large, max-video-preview:-1\" \/>\n<link rel=\"canonical\" href=\"https:\/\/polowiec.pl\/en\/legal-bulletin-of-the-law-office-of-adam-polowiec-30-november-6-december-2015\/\" \/>\n<meta property=\"og:locale\" content=\"en_US\" \/>\n<meta property=\"og:type\" content=\"article\" \/>\n<meta property=\"og:title\" content=\"Legal Bulletin Of The Law Office Of Adam Polowiec (30 November - 6 December 2015) - Polowiec i Wsp\u00f3lnicy - Kancelaria prawna\" \/>\n<meta property=\"og:description\" content=\"We would like to present the next issue of legal bulletin of the Law Office of Adam Polowiec.What you will find here is some information about the new provisions of law and the projects of amendments to acts, but also case-laws including the case laws of Supreme Court, Constitutional Tribunal and European Court of Justice.\" \/>\n<meta property=\"og:url\" content=\"https:\/\/polowiec.pl\/en\/legal-bulletin-of-the-law-office-of-adam-polowiec-30-november-6-december-2015\/\" \/>\n<meta property=\"og:site_name\" content=\"Polowiec i Wsp\u00f3lnicy - Kancelaria prawna\" \/>\n<meta property=\"article:publisher\" content=\"https:\/\/www.facebook.com\/polowieciwspolnicy\/\" \/>\n<meta property=\"article:published_time\" content=\"2016-05-26T09:11:00+00:00\" \/>\n<meta property=\"article:modified_time\" content=\"2019-04-18T15:41:33+00:00\" \/>\n<meta name=\"author\" content=\"Marcin Rusinek\" \/>\n<meta name=\"twitter:card\" content=\"summary_large_image\" \/>\n<meta name=\"twitter:label1\" content=\"Written by\" \/>\n\t<meta name=\"twitter:data1\" content=\"Marcin Rusinek\" \/>\n\t<meta name=\"twitter:label2\" content=\"Est. reading time\" \/>\n\t<meta name=\"twitter:data2\" content=\"25 minutes\" \/>\n<script type=\"application\/ld+json\" class=\"yoast-schema-graph\">{\"@context\":\"https:\/\/schema.org\",\"@graph\":[{\"@type\":\"Article\",\"@id\":\"https:\/\/polowiec.pl\/en\/legal-bulletin-of-the-law-office-of-adam-polowiec-30-november-6-december-2015\/#article\",\"isPartOf\":{\"@id\":\"https:\/\/polowiec.pl\/en\/legal-bulletin-of-the-law-office-of-adam-polowiec-30-november-6-december-2015\/\"},\"author\":{\"name\":\"Marcin Rusinek\",\"@id\":\"https:\/\/polowiec.pl\/en\/#\/schema\/person\/74c7526b6f52be5ae94031504f9ffec4\"},\"headline\":\"Legal Bulletin Of The Law Office Of Adam Polowiec (30 November &#8211; 6 December 2015)\",\"datePublished\":\"2016-05-26T09:11:00+00:00\",\"dateModified\":\"2019-04-18T15:41:33+00:00\",\"mainEntityOfPage\":{\"@id\":\"https:\/\/polowiec.pl\/en\/legal-bulletin-of-the-law-office-of-adam-polowiec-30-november-6-december-2015\/\"},\"wordCount\":4942,\"publisher\":{\"@id\":\"https:\/\/polowiec.pl\/en\/#organization\"},\"articleSection\":[\"Wpisy\"],\"inLanguage\":\"en-US\"},{\"@type\":\"WebPage\",\"@id\":\"https:\/\/polowiec.pl\/en\/legal-bulletin-of-the-law-office-of-adam-polowiec-30-november-6-december-2015\/\",\"url\":\"https:\/\/polowiec.pl\/en\/legal-bulletin-of-the-law-office-of-adam-polowiec-30-november-6-december-2015\/\",\"name\":\"Legal Bulletin Of The Law Office Of Adam Polowiec (30 November - 6 December 2015) - Polowiec i Wsp\u00f3lnicy - Kancelaria prawna\",\"isPartOf\":{\"@id\":\"https:\/\/polowiec.pl\/en\/#website\"},\"datePublished\":\"2016-05-26T09:11:00+00:00\",\"dateModified\":\"2019-04-18T15:41:33+00:00\",\"breadcrumb\":{\"@id\":\"https:\/\/polowiec.pl\/en\/legal-bulletin-of-the-law-office-of-adam-polowiec-30-november-6-december-2015\/#breadcrumb\"},\"inLanguage\":\"en-US\",\"potentialAction\":[{\"@type\":\"ReadAction\",\"target\":[\"https:\/\/polowiec.pl\/en\/legal-bulletin-of-the-law-office-of-adam-polowiec-30-november-6-december-2015\/\"]}]},{\"@type\":\"BreadcrumbList\",\"@id\":\"https:\/\/polowiec.pl\/en\/legal-bulletin-of-the-law-office-of-adam-polowiec-30-november-6-december-2015\/#breadcrumb\",\"itemListElement\":[{\"@type\":\"ListItem\",\"position\":1,\"name\":\"Strona g\u0142\u00f3wna\",\"item\":\"https:\/\/polowiec.pl\/en\/\"},{\"@type\":\"ListItem\",\"position\":2,\"name\":\"Legal Bulletin Of The Law Office Of Adam Polowiec (30 November &#8211; 6 December 2015)\"}]},{\"@type\":\"WebSite\",\"@id\":\"https:\/\/polowiec.pl\/en\/#website\",\"url\":\"https:\/\/polowiec.pl\/en\/\",\"name\":\"Polowiec i Wsp\u00f3lnicy - Kancelaria prawna\",\"description\":\"Obs\u0142uga prawna\",\"publisher\":{\"@id\":\"https:\/\/polowiec.pl\/en\/#organization\"},\"potentialAction\":[{\"@type\":\"SearchAction\",\"target\":{\"@type\":\"EntryPoint\",\"urlTemplate\":\"https:\/\/polowiec.pl\/en\/?s={search_term_string}\"},\"query-input\":{\"@type\":\"PropertyValueSpecification\",\"valueRequired\":true,\"valueName\":\"search_term_string\"}}],\"inLanguage\":\"en-US\"},{\"@type\":\"Organization\",\"@id\":\"https:\/\/polowiec.pl\/en\/#organization\",\"name\":\"Polowiec i Wsp\u00f3lnicy - Kancelaria prawna\",\"url\":\"https:\/\/polowiec.pl\/en\/\",\"logo\":{\"@type\":\"ImageObject\",\"inLanguage\":\"en-US\",\"@id\":\"https:\/\/polowiec.pl\/en\/#\/schema\/logo\/image\/\",\"url\":\"https:\/\/polowiec.pl\/wp-content\/uploads\/2018\/10\/polowiec_logo2-1.png\",\"contentUrl\":\"https:\/\/polowiec.pl\/wp-content\/uploads\/2018\/10\/polowiec_logo2-1.png\",\"width\":540,\"height\":381,\"caption\":\"Polowiec i Wsp\u00f3lnicy - Kancelaria prawna\"},\"image\":{\"@id\":\"https:\/\/polowiec.pl\/en\/#\/schema\/logo\/image\/\"},\"sameAs\":[\"https:\/\/www.facebook.com\/polowieciwspolnicy\/\",\"https:\/\/www.linkedin.com\/company\/polowiec-i-wsplnicy-sp.j.\/about\/\"]},{\"@type\":\"Person\",\"@id\":\"https:\/\/polowiec.pl\/en\/#\/schema\/person\/74c7526b6f52be5ae94031504f9ffec4\",\"name\":\"Marcin Rusinek\",\"image\":{\"@type\":\"ImageObject\",\"inLanguage\":\"en-US\",\"@id\":\"https:\/\/secure.gravatar.com\/avatar\/b50a0a5c3e71d904f5e57a757d39977d01c43e075c6bf5b4df909ffbbe004790?s=96&d=mm&r=g\",\"url\":\"https:\/\/secure.gravatar.com\/avatar\/b50a0a5c3e71d904f5e57a757d39977d01c43e075c6bf5b4df909ffbbe004790?s=96&d=mm&r=g\",\"contentUrl\":\"https:\/\/secure.gravatar.com\/avatar\/b50a0a5c3e71d904f5e57a757d39977d01c43e075c6bf5b4df909ffbbe004790?s=96&d=mm&r=g\",\"caption\":\"Marcin Rusinek\"}}]}<\/script>\n<!-- \/ Yoast SEO plugin. -->","yoast_head_json":{"title":"Legal Bulletin Of The Law Office Of Adam Polowiec (30 November - 6 December 2015) - Polowiec i Wsp\u00f3lnicy - Kancelaria prawna","robots":{"index":"index","follow":"follow","max-snippet":"max-snippet:-1","max-image-preview":"max-image-preview:large","max-video-preview":"max-video-preview:-1"},"canonical":"https:\/\/polowiec.pl\/en\/legal-bulletin-of-the-law-office-of-adam-polowiec-30-november-6-december-2015\/","og_locale":"en_US","og_type":"article","og_title":"Legal Bulletin Of The Law Office Of Adam Polowiec (30 November - 6 December 2015) - Polowiec i Wsp\u00f3lnicy - Kancelaria prawna","og_description":"We would like to present the next issue of legal bulletin of the Law Office of Adam Polowiec.What you will find here is some information about the new provisions of law and the projects of amendments to acts, but also case-laws including the case laws of Supreme Court, Constitutional Tribunal and European Court of Justice.","og_url":"https:\/\/polowiec.pl\/en\/legal-bulletin-of-the-law-office-of-adam-polowiec-30-november-6-december-2015\/","og_site_name":"Polowiec i Wsp\u00f3lnicy - Kancelaria prawna","article_publisher":"https:\/\/www.facebook.com\/polowieciwspolnicy\/","article_published_time":"2016-05-26T09:11:00+00:00","article_modified_time":"2019-04-18T15:41:33+00:00","author":"Marcin Rusinek","twitter_card":"summary_large_image","twitter_misc":{"Written by":"Marcin Rusinek","Est. reading time":"25 minutes"},"schema":{"@context":"https:\/\/schema.org","@graph":[{"@type":"Article","@id":"https:\/\/polowiec.pl\/en\/legal-bulletin-of-the-law-office-of-adam-polowiec-30-november-6-december-2015\/#article","isPartOf":{"@id":"https:\/\/polowiec.pl\/en\/legal-bulletin-of-the-law-office-of-adam-polowiec-30-november-6-december-2015\/"},"author":{"name":"Marcin Rusinek","@id":"https:\/\/polowiec.pl\/en\/#\/schema\/person\/74c7526b6f52be5ae94031504f9ffec4"},"headline":"Legal Bulletin Of The Law Office Of Adam Polowiec (30 November &#8211; 6 December 2015)","datePublished":"2016-05-26T09:11:00+00:00","dateModified":"2019-04-18T15:41:33+00:00","mainEntityOfPage":{"@id":"https:\/\/polowiec.pl\/en\/legal-bulletin-of-the-law-office-of-adam-polowiec-30-november-6-december-2015\/"},"wordCount":4942,"publisher":{"@id":"https:\/\/polowiec.pl\/en\/#organization"},"articleSection":["Wpisy"],"inLanguage":"en-US"},{"@type":"WebPage","@id":"https:\/\/polowiec.pl\/en\/legal-bulletin-of-the-law-office-of-adam-polowiec-30-november-6-december-2015\/","url":"https:\/\/polowiec.pl\/en\/legal-bulletin-of-the-law-office-of-adam-polowiec-30-november-6-december-2015\/","name":"Legal Bulletin Of The Law Office Of Adam Polowiec (30 November - 6 December 2015) - Polowiec i Wsp\u00f3lnicy - Kancelaria prawna","isPartOf":{"@id":"https:\/\/polowiec.pl\/en\/#website"},"datePublished":"2016-05-26T09:11:00+00:00","dateModified":"2019-04-18T15:41:33+00:00","breadcrumb":{"@id":"https:\/\/polowiec.pl\/en\/legal-bulletin-of-the-law-office-of-adam-polowiec-30-november-6-december-2015\/#breadcrumb"},"inLanguage":"en-US","potentialAction":[{"@type":"ReadAction","target":["https:\/\/polowiec.pl\/en\/legal-bulletin-of-the-law-office-of-adam-polowiec-30-november-6-december-2015\/"]}]},{"@type":"BreadcrumbList","@id":"https:\/\/polowiec.pl\/en\/legal-bulletin-of-the-law-office-of-adam-polowiec-30-november-6-december-2015\/#breadcrumb","itemListElement":[{"@type":"ListItem","position":1,"name":"Strona g\u0142\u00f3wna","item":"https:\/\/polowiec.pl\/en\/"},{"@type":"ListItem","position":2,"name":"Legal Bulletin Of The Law Office Of Adam Polowiec (30 November &#8211; 6 December 2015)"}]},{"@type":"WebSite","@id":"https:\/\/polowiec.pl\/en\/#website","url":"https:\/\/polowiec.pl\/en\/","name":"Polowiec i Wsp\u00f3lnicy - Kancelaria prawna","description":"Obs\u0142uga prawna","publisher":{"@id":"https:\/\/polowiec.pl\/en\/#organization"},"potentialAction":[{"@type":"SearchAction","target":{"@type":"EntryPoint","urlTemplate":"https:\/\/polowiec.pl\/en\/?s={search_term_string}"},"query-input":{"@type":"PropertyValueSpecification","valueRequired":true,"valueName":"search_term_string"}}],"inLanguage":"en-US"},{"@type":"Organization","@id":"https:\/\/polowiec.pl\/en\/#organization","name":"Polowiec i Wsp\u00f3lnicy - Kancelaria prawna","url":"https:\/\/polowiec.pl\/en\/","logo":{"@type":"ImageObject","inLanguage":"en-US","@id":"https:\/\/polowiec.pl\/en\/#\/schema\/logo\/image\/","url":"https:\/\/polowiec.pl\/wp-content\/uploads\/2018\/10\/polowiec_logo2-1.png","contentUrl":"https:\/\/polowiec.pl\/wp-content\/uploads\/2018\/10\/polowiec_logo2-1.png","width":540,"height":381,"caption":"Polowiec i Wsp\u00f3lnicy - Kancelaria prawna"},"image":{"@id":"https:\/\/polowiec.pl\/en\/#\/schema\/logo\/image\/"},"sameAs":["https:\/\/www.facebook.com\/polowieciwspolnicy\/","https:\/\/www.linkedin.com\/company\/polowiec-i-wsplnicy-sp.j.\/about\/"]},{"@type":"Person","@id":"https:\/\/polowiec.pl\/en\/#\/schema\/person\/74c7526b6f52be5ae94031504f9ffec4","name":"Marcin Rusinek","image":{"@type":"ImageObject","inLanguage":"en-US","@id":"https:\/\/secure.gravatar.com\/avatar\/b50a0a5c3e71d904f5e57a757d39977d01c43e075c6bf5b4df909ffbbe004790?s=96&d=mm&r=g","url":"https:\/\/secure.gravatar.com\/avatar\/b50a0a5c3e71d904f5e57a757d39977d01c43e075c6bf5b4df909ffbbe004790?s=96&d=mm&r=g","contentUrl":"https:\/\/secure.gravatar.com\/avatar\/b50a0a5c3e71d904f5e57a757d39977d01c43e075c6bf5b4df909ffbbe004790?s=96&d=mm&r=g","caption":"Marcin Rusinek"}}]}},"_links":{"self":[{"href":"https:\/\/polowiec.pl\/en\/wp-json\/wp\/v2\/posts\/599","targetHints":{"allow":["GET"]}}],"collection":[{"href":"https:\/\/polowiec.pl\/en\/wp-json\/wp\/v2\/posts"}],"about":[{"href":"https:\/\/polowiec.pl\/en\/wp-json\/wp\/v2\/types\/post"}],"author":[{"embeddable":true,"href":"https:\/\/polowiec.pl\/en\/wp-json\/wp\/v2\/users\/3"}],"replies":[{"embeddable":true,"href":"https:\/\/polowiec.pl\/en\/wp-json\/wp\/v2\/comments?post=599"}],"version-history":[{"count":0,"href":"https:\/\/polowiec.pl\/en\/wp-json\/wp\/v2\/posts\/599\/revisions"}],"wp:attachment":[{"href":"https:\/\/polowiec.pl\/en\/wp-json\/wp\/v2\/media?parent=599"}],"wp:term":[{"taxonomy":"category","embeddable":true,"href":"https:\/\/polowiec.pl\/en\/wp-json\/wp\/v2\/categories?post=599"},{"taxonomy":"post_tag","embeddable":true,"href":"https:\/\/polowiec.pl\/en\/wp-json\/wp\/v2\/tags?post=599"}],"curies":[{"name":"wp","href":"https:\/\/api.w.org\/{rel}","templated":true}]}}