{"id":605,"date":"2016-05-26T16:18:23","date_gmt":"2016-05-26T14:18:23","guid":{"rendered":"https:\/\/nowa.polowiec.pl\/legal-bulletin-of-the-law-office-of-adam-polowiec-21-december-2015-3-january-2016\/"},"modified":"2019-04-18T17:37:20","modified_gmt":"2019-04-18T15:37:20","slug":"legal-bulletin-of-the-law-office-of-adam-polowiec-21-december-2015-3-january-2016","status":"publish","type":"post","link":"https:\/\/polowiec.pl\/en\/legal-bulletin-of-the-law-office-of-adam-polowiec-21-december-2015-3-january-2016\/","title":{"rendered":"Legal Bulletin Of The Law Office Of Adam Polowiec (21 December 2015 &#8211; 3 January 2016)"},"content":{"rendered":"<p>We would like to present the next issue of legal bulletin of the Law Office of Adam Polowiec.<br \/>What you will find here is some information about the new provisions of law and the projects of amendments to acts, but also case-laws including the case laws of Supreme Court, Constitutional Tribunal and European Court of Justice.<\/p>\n<p>  <!--more-->  <\/p>\n<p class=\"NowePrawo\" style=\"text-align: justify;\"><span style=\"font-size: 12pt;\"><strong><span style=\"font-family: &quot;Calibri&quot;,sans-serif;\">_____Nowe Prawo<\/span><\/strong><\/span><\/p>\n<p class=\"Dziedzinaprawa\" style=\"text-align: justify;\"><span style=\"font-size: 12pt;\"><strong><span style=\"font-family: &quot;Calibri&quot;,sans-serif;\">NIEODP\u0141ATNA POMOC PRAWNA<\/span><\/strong><\/span><\/p>\n<p class=\"Tekstpraswki\" style=\"text-align: justify;\"><span style=\"font-size: 12pt;\"><strong><span style=\"font-family: &quot;Calibri&quot;,sans-serif;\">Rozporz\u0105dzenie<\/span><\/strong><span style=\"font-family: &quot;Calibri&quot;,sans-serif;\"> Ministra Sprawiedliwo\u015bci z&nbsp;dnia 15 grudnia 2015 r. w&nbsp;sprawie sposobu udzielania i&nbsp;dokumentowania nieodp\u0142atnej pomocy prawnej (Dz. U. z&nbsp;2015 r., poz. 2186) <strong>&#8211;<\/strong> <strong>wejdzie w&nbsp;\u017cycie z&nbsp;dniem 1 stycznia 2016 r.<\/strong><\/span><\/span><\/p>\n<p>&nbsp;<\/p>\n<p class=\"Dziedzinaprawa\" style=\"text-align: justify;\"><span style=\"font-size: 12pt;\"><strong><span style=\"font-family: &quot;Calibri&quot;,sans-serif;\">TRYBUNA\u0141 KONSTYTUCYJNY<\/span><\/strong><\/span><\/p>\n<p class=\"Tekstpraswki\" style=\"text-align: justify;\"><span style=\"font-size: 12pt;\"><strong><span style=\"font-family: &quot;Calibri&quot;,sans-serif;\">Ustawa <\/span><\/strong><span style=\"font-family: &quot;Calibri&quot;,sans-serif;\">z dnia 22 grudnia 2015 r. o&nbsp;zmianie ustawy o&nbsp;Trybunale Konstytucyjnym (Dz.&nbsp;U.&nbsp;z 2015 r., poz. 2217) <strong>&ndash; wesz\u0142a w&nbsp;\u017cycie z&nbsp;dniem 28 grudnia 2015 r.<\/strong><\/span><\/span><\/p>\n<p class=\"Omwienie\" style=\"text-align: justify;\"><span style=\"font-size: 12pt;\"><span style=\"font-family: &quot;Calibri&quot;,sans-serif;\">W ustawie z&nbsp;dnia 25 czerwca 2015 r. o&nbsp;Trybunale Konstytucyjnym (Dz.<\/span><span style=\"font-family: &quot;Calibri&quot;,sans-serif;\">U.<\/span><span style=\"font-family: &quot;Calibri&quot;,sans-serif;\">poz.<\/span><span style=\"font-family: &quot;Calibri&quot;,sans-serif;\">1064,<\/span><span style=\"font-family: &quot;Calibri&quot;,sans-serif;\">z<\/span><span style=\"font-family: &quot;Calibri&quot;,sans-serif;\">p&oacute;\u017an. zm.)<\/span><span style=\"font-family: &quot;Calibri&quot;,sans-serif;\"> zmianie uleg\u0142o brzmienie art. 1, art. 8 pkt 4, art.&nbsp;10&nbsp;ust.&nbsp;1, art. 12, art. 36<\/span><span style=\"font-family: &quot;Calibri&quot;,sans-serif;\">, <\/span><span style=\"font-family: &quot;Calibri&quot;,sans-serif;\">art. 44 ust. 1-3<\/span><span style=\"font-family: &quot;Calibri&quot;,sans-serif;\">, <\/span><span style=\"font-family: &quot;Calibri&quot;,sans-serif;\">art. 81<\/span><span style=\"font-family: &quot;Calibri&quot;,sans-serif;\">, art. 87, art.&nbsp;93&nbsp;ust.&nbsp;1&nbsp;<\/span><span style=\"font-family: &quot;Calibri&quot;,sans-serif;\">wprowadzenie do wyliczenia<\/span><span style=\"font-family: &quot;Calibri&quot;,sans-serif;\">, <\/span><span style=\"font-family: &quot;Calibri&quot;,sans-serif;\">art. 99 ust. 1<\/span><span style=\"font-family: &quot;Calibri&quot;,sans-serif;\">, d<\/span><span style=\"font-family: &quot;Calibri&quot;,sans-serif;\">od<\/span><span style=\"font-family: &quot;Calibri&quot;,sans-serif;\">any zostanie<\/span><span style=\"font-family: &quot;Calibri&quot;,sans-serif;\"> art. 28a<\/span><span style=\"font-family: &quot;Calibri&quot;,sans-serif;\">, <\/span><span style=\"font-family: &quot;Calibri&quot;,sans-serif;\">art.&nbsp;31a<\/span><span style=\"font-family: &quot;Calibri&quot;,sans-serif;\">, <\/span><span style=\"font-family: &quot;Calibri&quot;,sans-serif;\">w art. 80 dotychczasow\u0105 tre\u015b\u0107 oznacza si\u0119 jako ust. 1 i&nbsp;dodaje si\u0119 ust. 2<\/span><span style=\"font-family: &quot;Calibri&quot;,sans-serif;\">, w<\/span><span style=\"font-family: &quot;Calibri&quot;,sans-serif;\">&nbsp;art.&nbsp;31 <\/span><span style=\"font-family: &quot;Calibri&quot;,sans-serif;\">uchylony zostanie<\/span><span style=\"font-family: &quot;Calibri&quot;,sans-serif;\"> pkt 3<\/span><span style=\"font-family: &quot;Calibri&quot;,sans-serif;\">, uchylony zostanie <\/span><span style=\"font-family: &quot;Calibri&quot;,sans-serif;\">rozdzia\u0142 10<\/span><span style=\"font-family: &quot;Calibri&quot;,sans-serif;\">, <\/span><span style=\"font-family: &quot;Calibri&quot;,sans-serif;\">art. 16, art. 17 ust. 1, art. 17 ust. 2 zdanie drugie, art. 19, art. 20, art. 28 ust. 2, art. 30, art. 45 ust. 2, art.&nbsp;70&nbsp;ust. 2, art. 82 ust. 5, art. <\/span><span style=\"font-family: &quot;Calibri&quot;,sans-serif;\">112 ust. 2, art. 125 ust. 2-4 <\/span><span style=\"font-family: &quot;Calibri&quot;,sans-serif;\">art. 137a<\/span><span style=\"font-family: &quot;Calibri&quot;,sans-serif;\">.<\/span><\/span><\/p>\n<p>&nbsp;<\/p>\n<p class=\"Dziedzinaprawa\" style=\"text-align: justify;\"><span style=\"font-size: 12pt;\"><strong><span style=\"font-family: &quot;Calibri&quot;,sans-serif;\">PODATKI ORAZ RACHUNKOWO\u015a\u0106<\/span><\/strong><\/span><\/p>\n<p class=\"Tekstpraswki\" style=\"text-align: justify;\"><span style=\"font-size: 12pt;\"><strong><span style=\"font-family: &quot;Calibri&quot;,sans-serif;\">Rozporz\u0105dzenie <\/span><\/strong><span style=\"font-family: &quot;Calibri&quot;,sans-serif;\">Ministra Finans&oacute;w z&nbsp;dnia 21 grudnia 2015 r. zmieniaj\u0105ce rozporz\u0105dzenie w&nbsp;sprawie zwolnie\u0144 od podatku akcyzowego (Dz. U. z&nbsp;2015 r., poz. 2176) <strong>&ndash; wejdzie w&nbsp;\u017cycie z&nbsp;dniem 1 stycznia 2016 r., z&nbsp;wyj\u0105tkiem &sect; 1 pkt 3 lit. a, kt&oacute;ry&nbsp;wchodzi w&nbsp;\u017cycie z&nbsp;dniem 1 lipca 2016 r.<\/strong><\/span><\/span><\/p>\n<p class=\"Omwienie\" style=\"text-align: justify;\"><span style=\"font-size: 12pt;\"><span style=\"font-family: &quot;Calibri&quot;,sans-serif;\">W rozporz\u0105dzeniu Ministra Finans&oacute;w z&nbsp;dnia 8 lutego 2013 r. w&nbsp;sprawie zwolnie\u0144 od podatku akcyzowego (Dz. U. z&nbsp;2015 r. poz. 195, 216 i&nbsp;1285)<\/span><span style=\"font-family: &quot;Calibri&quot;,sans-serif;\"> zmianie ulegnie brzmienie &sect;&nbsp;2 pkt 15, &sect; 5, &sect; 6, &sect; 10 ust. 1 wprowadzenie do wyliczenia, &sect; 11 pkt 2, &sect; 12, &sect; 14, &sect;&nbsp;16, &sect; 18 ust. 1 wprowadzenie do wyliczenia, &sect; 28 ust. 1, &sect; 29, &sect; 37, dodanyzostanie&nbsp;&sect;&nbsp;17a.<\/span><\/span><\/p>\n<p class=\"Tekstpraswki\" style=\"text-align: justify;\"><span style=\"font-size: 12pt;\"><strong><span style=\"font-family: &quot;Calibri&quot;,sans-serif;\">Rozporz\u0105dzenie <\/span><\/strong><span style=\"font-family: &quot;Calibri&quot;,sans-serif;\">Ministra Finans&oacute;w <\/span><span style=\"font-family: &quot;Calibri&quot;,sans-serif;\">z dnia 18 grudnia 2015 r.<\/span><span style=\"font-family: &quot;Calibri&quot;,sans-serif;\">w sprawie prowadzenia uproszczonej ewidencji przychod&oacute;w i&nbsp;koszt&oacute;w przez niekt&oacute;re organizacje pozarz\u0105dowe oraz stowarzyszenia jednostek samorz\u0105du terytorialnego<\/span><span style=\"font-family: &quot;Calibri&quot;,sans-serif;\"> (Dz. U. z&nbsp;2015 r., poz. 2178) <strong>&ndash; wejdzie w&nbsp;\u017cycie z&nbsp;dniem 1 stycznia 2016 r.<\/strong><\/span><\/span><\/p>\n<p class=\"Tekstpraswki\" style=\"text-align: justify;\"><span style=\"font-size: 12pt;\"><strong><span style=\"font-family: &quot;Calibri&quot;,sans-serif;\">Rozporz\u0105dzenie <\/span><\/strong><span style=\"font-family: &quot;Calibri&quot;,sans-serif;\">Ministra Finans&oacute;w z&nbsp;dnia 18 grudnia 2015 r. w&nbsp;sprawie wysoko\u015bci op\u0142aty za sporz\u0105dzenie kopii oraz odpisu dokument&oacute;w (Dz. U. z&nbsp;2015 r., poz. 2182) <strong>&#8211; wejdzie w&nbsp;\u017cycie z&nbsp;dniem 1 stycznia 2016 r.<\/strong><\/span><\/span><\/p>\n<p class=\"Tekstpraswki\" style=\"text-align: justify;\"><span style=\"font-size: 12pt;\"><strong><span style=\"font-family: &quot;Calibri&quot;,sans-serif;\">Rozporz\u0105dzenie <\/span><\/strong><span style=\"font-family: &quot;Calibri&quot;,sans-serif;\">Ministra Finans&oacute;w z&nbsp;dnia 17 grudnia 2015 r. w&nbsp;sprawie sposobu okre\u015blania zakresu wykorzystywania nabywanych towar&oacute;w i&nbsp;us\u0142ug do cel&oacute;w dzia\u0142alno\u015bci gospodarczej w&nbsp;przypadku niekt&oacute;rych podatnik&oacute;w (Dz. U. z&nbsp;2015 r., poz. 2193) <strong>&ndash; wejdzie w&nbsp;\u017cycie z&nbsp;dniem 1 stycznia 2016 r.<\/strong><\/span><\/span><\/p>\n<p class=\"Tekstpraswki\" style=\"text-align: justify;\"><span style=\"font-size: 12pt;\"><strong><span style=\"font-family: &quot;Calibri&quot;,sans-serif;\">Rozporz\u0105dzenie <\/span><\/strong><span style=\"font-family: &quot;Calibri&quot;,sans-serif;\">Ministra Finans&oacute;w z&nbsp;dnia 15 grudnia 2015 r.<\/span><span style=\"font-family: &quot;Calibri&quot;,sans-serif;\">w sprawie norm dopuszczalnych ubytk&oacute;w niekt&oacute;rych wyrob&oacute;w akcyzowych<\/span><span style=\"font-family: &quot;Calibri&quot;,sans-serif;\"> (Dz. U. z&nbsp;2015 r., poz. 2181)<strong> &#8211;<\/strong> <strong>wejdzie w&nbsp;\u017cycie z&nbsp;dniem 1 stycznia 2016 r.<\/strong><\/span><\/span><\/p>\n<p class=\"Tekstpraswki\" style=\"text-align: justify;\"><span style=\"font-size: 12pt;\"><strong><span style=\"font-family: &quot;Calibri&quot;,sans-serif;\">Rozporz\u0105dzenie <\/span><\/strong><span style=\"font-family: &quot;Calibri&quot;,sans-serif;\">Ministra Finans&oacute;w <\/span><span style=\"font-family: &quot;Calibri&quot;,sans-serif;\">z dnia 15 grudnia 2015 r. w&nbsp;sprawie warunk&oacute;w stosowania niekt&oacute;rych zwolnie\u0144 od podatku akcyzowego (Dz. U. z&nbsp;2015 r., poz. 2162) <strong>&#8211;<\/strong> <strong>wejdzie w&nbsp;\u017cycie z&nbsp;dniem 1 stycznia 2016 r.<\/strong><\/span><\/span><\/p>\n<p class=\"Tekstpraswki\" style=\"text-align: justify;\"><span style=\"font-size: 12pt;\"><strong><span style=\"font-family: &quot;Calibri&quot;,sans-serif;\">Rozporz\u0105dzenie<\/span><\/strong><span style=\"font-family: &quot;Calibri&quot;,sans-serif;\"> Ministra Finans&oacute;w z&nbsp;dnia 11 grudnia 2015 r. w&nbsp;sprawie maksymalnych norm dopuszczalnych ubytk&oacute;w i&nbsp;dopuszczalnych norm zu\u017cycia wyrob&oacute;w akcyzowych (Dz.&nbsp;U. z&nbsp;2015 r., poz. 2175) &#8211; <strong>wejdzie w&nbsp;\u017cycie z&nbsp;dniem 1 stycznia 2016 r.<\/strong><\/span><\/span><\/p>\n<p class=\"Tekstpraswki\" style=\"text-align: justify;\"><span style=\"font-size: 12pt;\"><strong><span style=\"font-family: &quot;Calibri&quot;,sans-serif;\">Rozporz\u0105dzenie<\/span><\/strong><span style=\"font-family: &quot;Calibri&quot;,sans-serif;\"> Ministra Finans&oacute;w z&nbsp;dnia 11 grudnia 2015 r. w&nbsp;sprawie wzoru deklaracji uproszczonej dla podatku akcyzowego (Dz. U. z&nbsp;2015 r., poz. 2138) &#8211; <strong>wejdzie w&nbsp;\u017cycie z&nbsp;dniem 1 stycznia 2016 r.<\/strong><\/span><\/span><\/p>\n<p class=\"Tekstpraswki\" style=\"text-align: justify;\"><span style=\"font-size: 12pt;\"><strong><span style=\"font-family: &quot;Calibri&quot;,sans-serif;\">Rozporz\u0105dzenie<\/span><\/strong><span style=\"font-family: &quot;Calibri&quot;,sans-serif;\"> Ministra Finans&oacute;w z&nbsp;dnia 4 grudnia 2015 r. w&nbsp;sprawie listy podmiot&oacute;w i&nbsp;przedsi\u0119wzi\u0119\u0107, kt&oacute;re uznaje si\u0119 za niepodlegaj\u0105ce faktycznemu opodatkowaniu (Dz.&nbsp;U.&nbsp;z&nbsp;2015 r., poz. 2124) &#8211; <strong>wejdzie w&nbsp;\u017cycie z&nbsp;dniem 31 grudnia 2015 r.<\/strong><\/span><\/span><\/p>\n<p class=\"Tekstpraswki\" style=\"text-align: justify;\"><span style=\"font-size: 12pt;\"><strong><span style=\"font-family: &quot;Calibri&quot;,sans-serif;\">Rozporz\u0105dzenie<\/span><\/strong><span style=\"font-family: &quot;Calibri&quot;,sans-serif;\"> Ministra Finans&oacute;w <\/span><span style=\"font-family: &quot;Calibri&quot;,sans-serif;\">z dnia 11 grudnia 2015 r.<\/span><span style=\"font-family: &quot;Calibri&quot;,sans-serif;\">zmieniaj\u0105ce rozporz\u0105dzenie w&nbsp;sprawie w\u0142a\u015bciwo\u015bci organ&oacute;w podatkowych<\/span><span style=\"font-family: &quot;Calibri&quot;,sans-serif;\"> (Dz.&nbsp;U.&nbsp;z&nbsp;2015&nbsp;r.,&nbsp;poz.&nbsp;2157) &#8211; <strong>wejdzie w&nbsp;\u017cycie z&nbsp;dniem 1 stycznia 2016 r.<\/strong><\/span><\/span><\/p>\n<p class=\"Omwienie\" style=\"text-align: justify;\"><span style=\"font-size: 12pt;\"><span style=\"font-family: &quot;Calibri&quot;,sans-serif;\">W rozporz\u0105dzeniu Ministra Finans&oacute;w z&nbsp;dnia 22 sierpnia 2005 r. w&nbsp;sprawie w\u0142a\u015bciwo\u015bci organ&oacute;w podatkowych (Dz. U. Nr 165, poz. 1371, z&nbsp;p&oacute;\u017an. zm.)<\/span><span style=\"font-family: &quot;Calibri&quot;,sans-serif;\"> zmianie ulegnie brzmienie &sect; 4 ust. 3 wprowadzenie do wyliczenia, &sect; 10, &sect; 13, dodany zostanie &sect; 9a, &sect; 13a, uchylony zostanie &sect; 3.<\/span><\/span><\/p>\n<p class=\"Tekstpraswki\" style=\"text-align: justify;\"><span style=\"font-size: 12pt;\"><strong><span style=\"font-family: &quot;Calibri&quot;,sans-serif;\">Rozporz\u0105dzenie<\/span><\/strong><span style=\"font-family: &quot;Calibri&quot;,sans-serif;\"> Ministra Finans&oacute;w z&nbsp;dnia 10 grudnia 2015 r. w&nbsp;sprawie wynagrodzenia p\u0142atnik&oacute;w i&nbsp;inkasent&oacute;w pobieraj\u0105cych podatki na rzecz bud\u017cetu pa\u0144stwa (Dz.&nbsp;U.&nbsp;z&nbsp;2015&nbsp;r., poz. 2154) &#8211; <strong>wejdzie w&nbsp;\u017cycie z&nbsp;dniem 1 stycznia 2016 r.<\/strong><\/span><\/span><\/p>\n<p>&nbsp;<\/p>\n<p class=\"Dziedzinaprawa\" style=\"text-align: justify;\"><span style=\"font-size: 12pt;\"><strong><span style=\"font-family: &quot;Calibri&quot;,sans-serif;\">PRAWO PRACY I&nbsp;UBEZPIECZE\u0143 SPO\u0141ECZNYCH<\/span><\/strong><\/span><\/p>\n<p class=\"Tekstpraswki\" style=\"text-align: justify;\"><span style=\"font-size: 12pt;\"><strong><span style=\"font-family: &quot;Calibri&quot;,sans-serif;\">Rozporz\u0105dzenie<\/span><\/strong><span style=\"font-family: &quot;Calibri&quot;,sans-serif;\"> Ministra Rodziny, Pracy i&nbsp;Polityki Spo\u0142ecznej z&nbsp;dnia 11 grudnia 2015 r. zmieniaj\u0105ce rozporz\u0105dzenie w&nbsp;sprawie szczeg&oacute;\u0142owego zakresu informacji zawartych we wniosku marsza\u0142ka wojew&oacute;dztwa o&nbsp;okre\u015blenie warunk&oacute;w zwrotu, odst\u0105pienie od dochodzenia zwrotu lub umorzenie nale\u017cno\u015bci Funduszu Gwarantowanych \u015awiadcze\u0144 Pracowniczych (Dz. U. z&nbsp;2015 r., poz. 2146) &#8211; <strong>wejdzie w&nbsp;\u017cycie z&nbsp;dniem 1 stycznia 2016 r. <\/strong><\/span><\/span><\/p>\n<p class=\"Omwienie\" style=\"text-align: justify;\"><span style=\"font-size: 12pt;\"><span style=\"font-family: &quot;Calibri&quot;,sans-serif;\">W rozporz\u0105dzeniu Ministra Pracy i&nbsp;Polityki Spo\u0142ecznej z&nbsp;dnia 16 grudnia 2011 r. w&nbsp;sprawie szczeg&oacute;\u0142owego zakresu informacji zawartych we wniosku marsza\u0142ka wojew&oacute;dztwa o<\/span><span style=\"font-family: &quot;Calibri&quot;,sans-serif;\">okre\u015blenie warunk&oacute;w zwrotu, odst\u0105pienie od dochodzenia zwrotu lub umorzenie nale\u017cno\u015bci Funduszu Gwarantowanych \u015awiadcze\u0144 Pracowniczych (Dz. U. Nr 278, poz. 1636 oraz z&nbsp;2015 r. poz. 183)<\/span><span style=\"font-family: &quot;Calibri&quot;,sans-serif;\"> zmianie ulegnie brzmienie &sect; 2, &sect; 3 pkt 5, &sect; 4 pkt 1 lit. c, &sect; 7 pkt 1, &sect; 8 pkt 1, &sect; 13, &sect; 16, &sect; 17.<\/span><\/span><\/p>\n<p class=\"Tekstpraswki\" style=\"text-align: justify;\"><span style=\"font-size: 12pt;\"><strong><span style=\"font-family: &quot;Calibri&quot;,sans-serif;\">Rozporz\u0105dzenie <\/span><\/strong><span style=\"font-family: &quot;Calibri&quot;,sans-serif;\">Ministra Finans&oacute;w z&nbsp;dnia 16 grudnia 2015 r. w&nbsp;sprawie informacji zamieszczanych we wzorcach um&oacute;w stosowanych przez zak\u0142ad ubezpiecze\u0144 (Dz.&nbsp;U.&nbsp;z&nbsp;2015 r., poz. 2189) <strong>&ndash; wejdzie w&nbsp;\u017cycie z&nbsp;dniem 1 stycznia 2016 r.<\/strong><\/span><\/span><\/p>\n<p>&nbsp;<\/p>\n<p class=\"Dziedzinaprawa\" style=\"text-align: justify;\"><span style=\"font-size: 12pt;\"><strong><span style=\"font-family: &quot;Calibri&quot;,sans-serif;\">PRZEKAZANIE <\/span><span style=\"font-family: &quot;Calibri&quot;,sans-serif;\">ROZPOZNAWANI<\/span><span style=\"font-family: &quot;Calibri&quot;,sans-serif;\">A<\/span><span style=\"font-family: &quot;Calibri&quot;,sans-serif;\"> SPRAW GOSPODARCZYCH<\/span><\/strong><\/span><\/p>\n<p class=\"Tekstpraswki\" style=\"text-align: justify;\"><span style=\"font-size: 12pt;\"><strong><span style=\"font-family: &quot;Calibri&quot;,sans-serif;\">Rozporz\u0105dzenie<\/span><\/strong><span style=\"font-family: &quot;Calibri&quot;,sans-serif;\"> Ministra Sprawiedliwo\u015bci z&nbsp;dnia 18 grudnia 2015 r. zmieniaj\u0105ce rozporz\u0105dzenie w&nbsp;sprawie przekazania niekt&oacute;rym s\u0105dom okr\u0119gowym i&nbsp;s\u0105dom rejonowym rozpoznawania spraw gospodarczych z&nbsp;obszar&oacute;w w\u0142a\u015bciwo\u015bci innych s\u0105d&oacute;w okr\u0119gowych i&nbsp;s\u0105d&oacute;w rejonowych (Dz. U. z&nbsp;2015 r., poz. 2185) <strong>&ndash; wejdzie w&nbsp;\u017cycie z&nbsp;dniem 1&nbsp;stycznia 2016 r.<\/strong><\/span><\/span><\/p>\n<p class=\"Omwienie\" style=\"text-align: justify;\"><span style=\"font-size: 12pt;\"><span style=\"font-family: &quot;Calibri&quot;,sans-serif;\">W rozporz\u0105dzeniu Ministra Sprawiedliwo\u015bci z&nbsp;dnia 7 pa\u017adziernika 2014 r. w&nbsp;sprawie przekazania niekt&oacute;rym s\u0105dom okr\u0119gowym i&nbsp;s\u0105dom rejonowym rozpoznawania spraw gospodarczych z&nbsp;obszar&oacute;w w\u0142a\u015bciwo\u015bci innych s\u0105d&oacute;w okr\u0119gowych i&nbsp;s\u0105d&oacute;w rejonowych (Dz. U. poz. 1397, z&nbsp;p&oacute;\u017an. zm.) <\/span><span style=\"font-family: &quot;Calibri&quot;,sans-serif;\">zmianie ulegnie brzmienie <\/span><span style=\"font-family: &quot;Calibri&quot;,sans-serif;\">&sect; 2<\/span><span style=\"font-family: &quot;Calibri&quot;,sans-serif;\">.<\/span><\/span><\/p>\n<p>&nbsp;<\/p>\n<p class=\"Dziedzinaprawa\" style=\"text-align: justify;\"><span style=\"font-size: 12pt;\"><strong><span style=\"font-family: &quot;Calibri&quot;,sans-serif;\">LICENCJA DORADCY RESTRUKTURYZACYJNEGO<\/span><\/strong><\/span><\/p>\n<p class=\"Tekstpraswki\" style=\"text-align: justify;\"><span style=\"font-size: 12pt;\"><strong><span style=\"font-family: &quot;Calibri&quot;,sans-serif;\">Rozporz\u0105dzenie<\/span><\/strong><span style=\"font-family: &quot;Calibri&quot;,sans-serif;\"> Ministra Sprawiedliwo\u015bci z&nbsp;dnia 17 grudnia 2015 r. w&nbsp;sprawie egzaminu dla os&oacute;b ubiegaj\u0105cych si\u0119 o&nbsp;licencj\u0119 doradcy restrukturyzacyjnego oraz op\u0142aty egzaminacyjnej (Dz. U. z&nbsp;2015 r., poz. 2188) <strong>&ndash; wejdzie w&nbsp;\u017cycie z&nbsp;dniem 1 stycznia 2016 r.<\/strong><\/span><\/span><\/p>\n<p class=\"Tekstpraswki\" style=\"text-align: justify;\"><span style=\"font-size: 12pt;\"><strong><span style=\"font-family: &quot;Calibri&quot;,sans-serif;\">Rozporz\u0105dzenie<\/span><\/strong><span style=\"font-family: &quot;Calibri&quot;,sans-serif;\"> Ministra Sprawiedliwo\u015bci z&nbsp;dnia 17 grudnia 2015 r. w&nbsp;sprawie wzoru dokumentu licencji doradcy restrukturyzacyjnego oraz wysoko\u015bci i&nbsp;sposobu wnoszenia op\u0142aty za jego wydanie (Dz. U. z&nbsp;2015 r., poz. 2187) <strong>&ndash; wejdzie w&nbsp;\u017cycie z&nbsp;dniem 1&nbsp;stycznia 2016 r.<\/strong><\/span><\/span><\/p>\n<p>&nbsp;<\/p>\n<p class=\"Dziedzinaprawa\" style=\"text-align: justify;\"><span style=\"font-size: 12pt;\"><strong><span style=\"font-family: &quot;Calibri&quot;,sans-serif;\">PRODUKTY BIOB&Oacute;JCZE<\/span><\/strong><\/span><\/p>\n<p class=\"Tekstpraswki\" style=\"text-align: justify;\"><span style=\"font-size: 12pt;\"><strong><span style=\"font-family: &quot;Calibri&quot;,sans-serif;\">Rozporz\u0105dzenie<\/span><\/strong><span style=\"font-family: &quot;Calibri&quot;,sans-serif;\"> Ministra Zdrowia z&nbsp;dnia 17 grudnia 2015 r. w&nbsp;sprawie op\u0142at za czynno\u015bci zwi\u0105zane z&nbsp;dopuszczeniem produktu biob&oacute;jczego do obrotu (Dz.&nbsp;U.&nbsp;z&nbsp;2015&nbsp;r.,&nbsp;poz. 2192) <strong>&ndash; wesz\u0142o w&nbsp;\u017cycie z&nbsp;dniem 29 grudnia 2015 r. <\/strong><\/span><\/span><\/p>\n<p>&nbsp;<\/p>\n<p class=\"Dziedzinaprawa\" style=\"text-align: justify;\"><span style=\"font-size: 12pt;\"><strong><span style=\"font-family: &quot;Calibri&quot;,sans-serif;\">CERTYFIKAT DLA PRZEDSI\u0118BIORC&Oacute;W<\/span><\/strong><\/span><\/p>\n<p class=\"Tekstpraswki\" style=\"text-align: justify;\"><span style=\"font-size: 12pt;\"><strong><span style=\"font-family: &quot;Calibri&quot;,sans-serif;\">Rozporz\u0105dzenie<\/span><\/strong><span style=\"font-family: &quot;Calibri&quot;,sans-serif;\"> Ministra Rozwoju z&nbsp;dnia 16 grudnia 2015 r. w&nbsp;sprawie sposobu przeprowadzania kontroli spe\u0142niania warunk&oacute;w uzyskania certyfikatu dla przedsi\u0119biorc&oacute;w (Dz. U. z&nbsp;2015 r., poz. 2149) <strong>&ndash; wejdzie w&nbsp;\u017cycie z&nbsp;dniem 2 stycznia 2016 r.<\/strong><\/span><\/span><\/p>\n<p>&nbsp;<\/p>\n<p class=\"Dziedzinaprawa\" style=\"text-align: justify;\"><span style=\"font-size: 12pt;\"><strong><span style=\"font-family: &quot;Calibri&quot;,sans-serif;\">PRAWO ROLNE<\/span><\/strong><\/span><\/p>\n<p class=\"Tekstpraswki\" style=\"text-align: justify;\"><span style=\"font-size: 12pt;\"><strong><span style=\"font-family: &quot;Calibri&quot;,sans-serif;\">Ustawa <\/span><\/strong><span style=\"font-family: &quot;Calibri&quot;,sans-serif;\">z dnia 16 grudnia 2015 r. o&nbsp;zmianie ustawy o&nbsp;kszta\u0142towaniu ustroju rolnego (Dz.&nbsp;U. z&nbsp;2015 r., poz. 2179) <strong>&ndash; wejdzie w&nbsp;\u017cycie z&nbsp;dniem 31 grudnia 2015 r.<\/strong><\/span><\/span><\/p>\n<p class=\"Omwienie\" style=\"text-align: justify;\"><span style=\"font-size: 12pt;\"><span style=\"font-family: &quot;Calibri&quot;,sans-serif;\">W ustawie z&nbsp;dnia 5 sierpnia 2015 r. o&nbsp;kszta\u0142towaniu ustroju rolnego (Dz. U. poz. 1433) <\/span><span style=\"font-family: &quot;Calibri&quot;,sans-serif;\">zmianie ulegnie brzmienie <\/span><span style=\"font-family: &quot;Calibri&quot;,sans-serif;\">art. 26<\/span><span style=\"font-family: &quot;Calibri&quot;,sans-serif;\">.<\/span><\/span><\/p>\n<p class=\"Tekstpraswki\" style=\"text-align: justify;\"><span style=\"font-size: 12pt;\"><strong><span style=\"font-family: &quot;Calibri&quot;,sans-serif;\">Rozporz\u0105dzenie <\/span><\/strong><span style=\"font-family: &quot;Calibri&quot;,sans-serif;\">Ministra Rolnictwa i&nbsp;Rozwoju Wsi z&nbsp;dnia 15 grudnia 2015 r. w&nbsp;sprawie op\u0142at zwi\u0105zanych z&nbsp;badaniem odmian i&nbsp;prowadzeniem rejestru odmian (Dz.&nbsp;U.&nbsp;z&nbsp;2015&nbsp;r.,&nbsp;poz. 2169) <strong>&#8211;<\/strong> <strong>wejdzie w&nbsp;\u017cycie z&nbsp;dniem 1 stycznia 2016 r.<\/strong><\/span><\/span><\/p>\n<p class=\"Tekstpraswki\" style=\"text-align: justify;\"><span style=\"font-size: 12pt;\"><strong><span style=\"font-family: &quot;Calibri&quot;,sans-serif;\">Rozporz\u0105dzenie <\/span><\/strong><span style=\"font-family: &quot;Calibri&quot;,sans-serif;\">Ministra Rolnictwa i&nbsp;Rozwoju Wsi z&nbsp;dnia 15 grudnia 2015 r. zmieniaj\u0105ce rozporz\u0105dzenie w&nbsp;sprawie op\u0142at za z\u0142o\u017cenie wniosku o&nbsp;przyznanie prawa do ochrony wyhodowanej albo odkrytej i&nbsp;wyprowadzonej odmiany, a&nbsp;tak\u017ce zarobkowego korzystania z&nbsp;niej, badanie odr\u0119bno\u015bci, wyr&oacute;wnania i&nbsp;trwa\u0142o\u015bci, przyznanie i&nbsp;utrzymywanie wy\u0142\u0105cznego prawa (Dz. U. 2015 r., poz. 2166) &#8211; <strong>wejdzie w&nbsp;\u017cycie z&nbsp;dniem 1 stycznia 2016 r.<\/strong><\/span><\/span><\/p>\n<p class=\"Omwienie\" style=\"text-align: justify;\"><span style=\"font-size: 12pt;\"><span style=\"font-family: &quot;Calibri&quot;,sans-serif;\">W za\u0142\u0105czniku do rozporz\u0105dzenia Ministra Rolnictwa i&nbsp;Rozwoju Wsi z&nbsp;dnia 17 lutego 2004 r. w&nbsp;sprawie op\u0142at za z\u0142o\u017cenie wniosku o&nbsp;przyznanie prawa do ochrony wyhodowanej albo odkrytej i&nbsp;wyprowadzonej odmiany, a&nbsp;tak\u017ce zarobkowego korzystania z&nbsp;niej, badanie odr\u0119bno\u015bci, wyr&oacute;wnania i&nbsp;trwa\u0142o\u015bci, przyznanie i&nbsp;utrzymywanie wy\u0142\u0105cznego prawa (Dz.<\/span><span style=\"font-family: &quot;Calibri&quot;,sans-serif;\">U.<\/span><span style=\"font-family: &quot;Calibri&quot;,sans-serif;\">Nr 60, poz. 567)<\/span><span style=\"font-family: &quot;Calibri&quot;,sans-serif;\"> zmianie ulegnie brzmienie<\/span><span style=\"font-family: &quot;Calibri&quot;,sans-serif;\"> ust. 2<\/span><span style=\"font-family: &quot;Calibri&quot;,sans-serif;\">.<\/span><\/span><\/p>\n<p class=\"Tekstpraswki\" style=\"text-align: justify;\"><span style=\"font-size: 12pt;\"><strong><span style=\"font-family: &quot;Calibri&quot;,sans-serif;\">Rozporz\u0105dzenie<\/span><\/strong><span style=\"font-family: &quot;Calibri&quot;,sans-serif;\"> Ministra Rolnictwa i&nbsp;Rozwoju Wsi z&nbsp;dnia 17 grudnia 2015 r. w&nbsp;sprawie wprowadzenia programu zwalczania g\u0105bczastej encefalopatii byd\u0142a na 2016 r. (Dz.&nbsp;U.&nbsp;z&nbsp;2015 r., poz. 2191)<strong>&ndash; wejdzie w&nbsp;\u017cycie z&nbsp;dniem 1 stycznia 2016 r.<\/strong><\/span><\/span><\/p>\n<p class=\"Tekstpraswki\" style=\"text-align: justify;\"><span style=\"font-size: 12pt;\"><strong><span style=\"font-family: &quot;Calibri&quot;,sans-serif;\">Rozporz\u0105dzenie <\/span><\/strong><span style=\"font-family: &quot;Calibri&quot;,sans-serif;\">Ministra Rolnictwa i&nbsp;Rozwoju Wsi <\/span><span style=\"font-family: &quot;Calibri&quot;,sans-serif;\">z dnia 10 grudnia 2015 r.<\/span><span style=\"font-family: &quot;Calibri&quot;,sans-serif;\">w sprawie zmian do zatwierdzonych plan&oacute;w dochodzenia do uznania wst\u0119pnie uznanej grupy producent&oacute;w owoc&oacute;w i&nbsp;warzyw za organizacj\u0119 producent&oacute;w owoc&oacute;w i&nbsp;warzyw, kt&oacute;re nie wymagaj\u0105 wydania decyzji w&nbsp;sprawie zmian do zatwierdzonych plan&oacute;w<\/span><span style=\"font-family: &quot;Calibri&quot;,sans-serif;\"> (Dz.&nbsp;U.&nbsp;z&nbsp;2015&nbsp;r.,&nbsp;poz. 2151) &#8211; <strong>wejdzie w&nbsp;\u017cycie z&nbsp;dniem 5 stycznia 2016 r.<\/strong> <\/span><\/span><\/p>\n<p>&nbsp;<\/p>\n<p class=\"Dziedzinaprawa\" style=\"text-align: justify;\"><span style=\"font-size: 12pt;\"><strong><span style=\"font-family: &quot;Calibri&quot;,sans-serif;\">PRZEPROWADZENIE DOWODU Z&nbsp;OPINII ZESPO\u0141U S\u0104DOWYCH SPECJALIST&Oacute;W<\/span><\/strong><\/span><\/p>\n<p class=\"Tekstpraswki\" style=\"text-align: justify;\"><span style=\"font-size: 12pt;\"><strong><span style=\"font-family: &quot;Calibri&quot;,sans-serif;\">Rozporz\u0105dzenie<\/span><\/strong><span style=\"font-family: &quot;Calibri&quot;,sans-serif;\"> Ministra Sprawiedliwo\u015bci z&nbsp;dnia 15 grudnia 2015 r. w&nbsp;sprawie wysoko\u015bci zrycza\u0142towanych koszt&oacute;w przeprowadzenia dowodu z&nbsp;opinii opiniodawczego zespo\u0142u s\u0105dowych specjalist&oacute;w (Dz. U. z&nbsp;2015 r., poz. 2190) <strong>&#8211;<\/strong> <strong>wejdzie w&nbsp;\u017cycie z&nbsp;dniem 1 stycznia 2016 r.<\/strong><\/span><\/span><\/p>\n<p>&nbsp;<\/p>\n<p class=\"Dziedzinaprawa\" style=\"text-align: justify;\"><span style=\"font-size: 12pt;\"><strong><span style=\"font-family: &quot;Calibri&quot;,sans-serif;\">APLIKACJA KOMORNICZA<\/span><\/strong><\/span><\/p>\n<p class=\"Tekstpraswki\" style=\"text-align: justify;\"><span style=\"font-size: 12pt;\"><strong><span style=\"font-family: &quot;Calibri&quot;,sans-serif;\">Rozporz\u0105dzenie<\/span><\/strong><span style=\"font-family: &quot;Calibri&quot;,sans-serif;\"> Ministra Sprawiedliwo\u015bci <\/span><span style=\"font-family: &quot;Calibri&quot;,sans-serif;\">z dnia 15 grudnia 2015 r.<\/span><span style=\"font-family: &quot;Calibri&quot;,sans-serif;\">zmieniaj\u0105ce rozporz\u0105dzenie w&nbsp;sprawie organizacji i&nbsp;przebiegu aplikacji komorniczej<\/span><span style=\"font-family: &quot;Calibri&quot;,sans-serif;\"> (Dz.&nbsp;U.&nbsp;z&nbsp;2015&nbsp;r.,&nbsp;poz. 2165) &#8211; <strong>wesz\u0142o w&nbsp;\u017cycie z&nbsp;dniem 23 grudnia 2015 r.<\/strong><\/span><\/span><\/p>\n<p class=\"Omwienie\" style=\"text-align: justify;\"><span style=\"font-size: 12pt;\"><span style=\"font-family: &quot;Calibri&quot;,sans-serif;\">W rozporz\u0105dzeniu Ministra Sprawiedliwo\u015bci z&nbsp;dnia 21 grudnia 2007 r. w&nbsp;sprawie organizacji i&nbsp;przebiegu aplikacji komorniczej (Dz. U. Nr 244, poz. 1804 oraz z&nbsp;2008 r. <\/span><span style=\"font-family: &quot;Calibri&quot;,sans-serif;\">n<\/span><span style=\"font-family: &quot;Calibri&quot;,sans-serif;\">r<\/span><span style=\"font-family: &quot;Calibri&quot;,sans-serif;\">166, poz. 1035)<\/span><span style=\"font-family: &quot;Calibri&quot;,sans-serif;\"> zmianie uleg\u0142o brzmienie &sect; 4 ust. 1, dodany zosta\u0142 &sect; 8a.<\/span><\/span><\/p>\n<p>&nbsp;<\/p>\n<p class=\"Dziedzinaprawa\" style=\"text-align: justify;\"><span style=\"font-size: 12pt;\"><strong><span style=\"font-family: &quot;Calibri&quot;,sans-serif;\">JEDNOSTKA PROWADZ\u0104CA PERSONEL ORAZ SZKOLENIA<\/span><\/strong><\/span><\/p>\n<p class=\"Tekstpraswki\" style=\"text-align: justify;\"><span style=\"font-size: 12pt;\"><strong><span style=\"font-family: &quot;Calibri&quot;,sans-serif;\">Rozporz\u0105dzenie<\/span><\/strong><span style=\"font-family: &quot;Calibri&quot;,sans-serif;\"> Ministra Rozwoju <\/span><span style=\"font-family: &quot;Calibri&quot;,sans-serif;\">z dnia 14 grudnia 2015 r.<\/span><span style=\"font-family: &quot;Calibri&quot;,sans-serif;\">w sprawie wzoru zg\u0142oszenia podmiotu zamierzaj\u0105cego pe\u0142ni\u0107 funkcj\u0119 jednostki oceniaj\u0105cej personel oraz wzoru zg\u0142oszenia podmiotu zamierzaj\u0105cego pe\u0142ni\u0107 funkcj\u0119 jednostki prowadz\u0105cej szkolenia<\/span><span style=\"font-family: &quot;Calibri&quot;,sans-serif;\"> (Dz.&nbsp;U. z&nbsp;2015 r., poz. 2148) &#8211; <strong>wejdzie w&nbsp;\u017cycie z&nbsp;dniem 2 stycznia 2016 r.<\/strong><\/span><\/span><\/p>\n<p class=\"Tekstpraswki\" style=\"text-align: justify;\"><span style=\"font-size: 12pt;\"><strong><span style=\"font-family: &quot;Calibri&quot;,sans-serif;\">Rozporz\u0105dzenie<\/span><\/strong><span style=\"font-family: &quot;Calibri&quot;,sans-serif;\"> Ministra Rozwoju z&nbsp;dnia 11 grudnia 2015 r. w&nbsp;sprawie wymaga\u0144 dotycz\u0105cych wyposa\u017cenia technicznego jednostek prowadz\u0105cych szkolenia w&nbsp;zakresie odzysku substancji kontrolowanych oraz fluorowanych gaz&oacute;w cieplarnianych z&nbsp;system&oacute;w klimatyzacji w&nbsp;niekt&oacute;rych pojazdach silnikowych, minimalnych wymaga\u0144 dotycz\u0105cych wiedzy teoretycznej i&nbsp;do\u015bwiadczenia praktycznego os&oacute;b prowadz\u0105cych szkolenia, wzoru za\u015bwiadczenia o&nbsp;odbytym szkoleniu i&nbsp;wysoko\u015bci jednostkowych stawek op\u0142at (Dz.&nbsp;U.&nbsp;z&nbsp;2015 r., poz. 2137) &#8211; <strong>wejdzie w&nbsp;\u017cycie z&nbsp;dniem 1 stycznia 2016 r.<\/strong><\/span><\/span><\/p>\n<p>&nbsp;<\/p>\n<p class=\"Dziedzinaprawa\" style=\"text-align: justify;\"><span style=\"font-size: 12pt;\"><strong><span style=\"font-family: &quot;Calibri&quot;,sans-serif;\">OCHRONA ZDROWIA<\/span><\/strong><\/span><\/p>\n<p class=\"Tekstpraswki\" style=\"text-align: justify;\"><span style=\"font-size: 12pt;\"><strong><span style=\"font-family: &quot;Calibri&quot;,sans-serif;\">Rozporz\u0105dzenie<\/span><\/strong><span style=\"font-family: &quot;Calibri&quot;,sans-serif;\"> Ministra Zdrowia z&nbsp;dnia 11 grudnia 2015 r. w&nbsp;sprawie bada\u0144 na zawarto\u015b\u0107 alkoholu w&nbsp;organizmie (Dz. U. z&nbsp;2015 r., poz. 2153) &#8211; <strong>wejdzie w&nbsp;\u017cycie z&nbsp;dniem 5 stycznia 2016 r.<\/strong><\/span><\/span><\/p>\n<p>&nbsp;<\/p>\n<p class=\"Dziedzinaprawa\" style=\"text-align: justify;\"><span style=\"font-size: 12pt;\"><strong><span style=\"font-family: &quot;Calibri&quot;,sans-serif;\">NIERUCHOMO\u015aCI<\/span><\/strong><\/span><\/p>\n<p class=\"Tekstpraswki\" style=\"text-align: justify;\"><span style=\"font-size: 12pt;\"><strong><span style=\"font-family: &quot;Calibri&quot;,sans-serif;\">Rozporz\u0105dzenie<\/span><\/strong><span style=\"font-family: &quot;Calibri&quot;,sans-serif;\"> Ministra Finans&oacute;w z&nbsp;dnia 11 grudnia 2015 r. w&nbsp;sprawie wzoru o\u015bwiadczenia o&nbsp;nieruchomo\u015bciach oraz prawach maj\u0105tkowych, kt&oacute;re mog\u0105 by\u0107 przedmiotem hipoteki przymusowej, i&nbsp;rzeczach ruchomych oraz zbywalnych prawach maj\u0105tkowych, kt&oacute;re mog\u0105 by\u0107 przedmiotem zastawu skarbowego (Dz. U. z&nbsp;2015 r., poz. 2163) &#8211; <strong>wejdzie w&nbsp;\u017cycie z&nbsp;dniem 1 stycznia 2016 r.<\/strong><\/span><\/span><\/p>\n<p>&nbsp;<\/p>\n<p class=\"Dziedzinaprawa\" style=\"text-align: justify;\"><span style=\"font-size: 12pt;\"><strong><span style=\"font-family: &quot;Calibri&quot;,sans-serif;\">RESTRUKTURYZACJA SEKTOROWA<\/span><\/strong><\/span><\/p>\n<p class=\"Tekstpraswki\" style=\"text-align: justify;\"><span style=\"font-size: 12pt;\"><strong><span style=\"font-family: &quot;Calibri&quot;,sans-serif;\">Rozporz\u0105dzenie<\/span><\/strong><span style=\"font-family: &quot;Calibri&quot;,sans-serif;\"> Rady Ministr&oacute;w <\/span><span style=\"font-family: &quot;Calibri&quot;,sans-serif;\">z dnia 11 grudnia 2015 r.<\/span><span style=\"font-family: &quot;Calibri&quot;,sans-serif;\">zmieniaj\u0105ce rozporz\u0105dzenie w&nbsp;sprawie ustanowienia Pe\u0142nomocnika Rz\u0105du do spraw restrukturyzacji g&oacute;rnictwa w\u0119gla kamiennego (Dz. U. z&nbsp;2015 r., poz. 2136) &#8211; <strong>wesz\u0142o w&nbsp;\u017cycie z&nbsp;dniem 16 grudnia 2016&nbsp;r.<\/strong><\/span><\/span><\/p>\n<p class=\"Omwienie\" style=\"text-align: justify;\"><span style=\"font-size: 12pt;\"><span style=\"font-family: &quot;Calibri&quot;,sans-serif;\">W rozporz\u0105dzeniu Rady Ministr&oacute;w z&nbsp;dnia 18 listopada 2014 r. w&nbsp;sprawie ustanowienia Pe\u0142nomocnika Rz\u0105du do spraw restrukturyzacji g&oacute;rnictwa w\u0119gla kamiennego (Dz.<\/span><span style=\"font-family: &quot;Calibri&quot;,sans-serif;\">U.<\/span><span style=\"font-family: &quot;Calibri&quot;,sans-serif;\">poz.<\/span><span style=\"font-family: &quot;Calibri&quot;,sans-serif;\">1606 oraz z&nbsp;2015 r. poz. 207)<\/span><span style=\"font-family: &quot;Calibri&quot;,sans-serif;\"> zmianie uleg\u0142o brzmienie &sect; 1 ust. 2, &sect; 4, &sect; 6, &sect; 7.<\/span><\/span><\/p>\n<p class=\"Tekstpraswki\" style=\"text-align: justify;\"><span style=\"font-size: 12pt;\"><strong><span style=\"font-family: &quot;Calibri&quot;,sans-serif;\">Rozporz\u0105dzenie<\/span><\/strong><span style=\"font-family: &quot;Calibri&quot;,sans-serif;\"> Ministra \u015arodowiska <\/span><span style=\"font-family: &quot;Calibri&quot;,sans-serif;\">z dnia 30 pa\u017adziernika 2015 r.<\/span><span style=\"font-family: &quot;Calibri&quot;,sans-serif;\">w sprawie zabezpieczenia finansowego i&nbsp;zabezpieczenia \u015brodk&oacute;w zwi\u0105zanych z&nbsp;podziemnym sk\u0142adowaniem dwutlenku w\u0119gla<\/span><span style=\"font-family: &quot;Calibri&quot;,sans-serif;\"> (Dz. U. z&nbsp;2015 r., poz. 2144) &#8211; <strong>wejdzie w&nbsp;\u017cycie z&nbsp;dniem 2 stycznia 2016 r.<\/strong><\/span><\/span><\/p>\n<p>&nbsp;<\/p>\n<p class=\"Dziedzinaprawa\" style=\"text-align: justify;\"><span style=\"font-size: 12pt;\"><strong><span style=\"font-family: &quot;Calibri&quot;,sans-serif;\">OCHRONA \u015aRODOWISKA<\/span><\/strong><\/span><\/p>\n<p class=\"Tekstpraswki\" style=\"text-align: justify;\"><span style=\"font-size: 12pt;\"><strong><span style=\"font-family: &quot;Calibri&quot;,sans-serif;\">Rozporz\u0105dzenie<\/span><\/strong><span style=\"font-family: &quot;Calibri&quot;,sans-serif;\"> Ministra \u015arodowiska z&nbsp;dnia 10 grudnia 2015 r. w&nbsp;sprawie wzoru sprawozdania dotycz\u0105cego nielegalnego przywozu i&nbsp;wywozu substancji kontrolowanych (Dz. U. z&nbsp;2015 r., poz. 2155) &#8211; <strong>wejdzie w&nbsp;\u017cycie z&nbsp;dniem 5 stycznia 2016 r.<\/strong><\/span><\/span><\/p>\n<p class=\"Tekstpraswki\" style=\"text-align: justify;\"><span style=\"font-size: 12pt;\"><strong><span style=\"font-family: &quot;Calibri&quot;,sans-serif;\">Rozporz\u0105dzenie<\/span><\/strong><span style=\"font-family: &quot;Calibri&quot;,sans-serif;\"> Ministra Rozwoju z&nbsp;dnia 10 grudnia 2015 r.<\/span><span style=\"font-family: &quot;Calibri&quot;,sans-serif;\">w sprawie minimalnych wymaga\u0144 dotycz\u0105cych wyposa\u017cenia technicznego przedsi\u0119biorcy prowadz\u0105cego dzia\u0142alno\u015b\u0107 polegaj\u0105c\u0105 na instalacji, konserwacji lub serwisowaniu urz\u0105dze\u0144 ch\u0142odniczych, klimatyzacyjnych lub pomp ciep\u0142a i&nbsp;system&oacute;w ochrony przeciwpo\u017carowej, zawieraj\u0105cych fluorowane gazy cieplarniane<\/span><span style=\"font-family: &quot;Calibri&quot;,sans-serif;\"> (Dz. U. z&nbsp;2015 r., poz. 2125) &#8211; <strong>wejdzie w&nbsp;\u017cycie z&nbsp;dniem 30 grudnia 2015 r.<\/strong><\/span><\/span><\/p>\n<p>&nbsp;<\/p>\n<p class=\"Dziedzinaprawa\" style=\"text-align: justify;\"><span style=\"font-size: 12pt;\"><strong><span style=\"font-family: &quot;Calibri&quot;,sans-serif;\">FINANSE PUBLICZNE<\/span><\/strong><\/span><\/p>\n<p class=\"Tekstpraswki\" style=\"text-align: justify;\"><span style=\"font-size: 12pt;\"><strong><span style=\"font-family: &quot;Calibri&quot;,sans-serif;\">Ustawa <\/span><\/strong><span style=\"font-family: &quot;Calibri&quot;,sans-serif;\">z dnia 10 grudnia 2015 r. o&nbsp;zmianie ustawy o&nbsp;finansach publicznych (Dz.&nbsp;U.&nbsp;z&nbsp;2015 r., poz. 2150) &#8211; <strong>wesz\u0142a w&nbsp;\u017cycie z&nbsp;dniem 20 grudnia 2015 r.<\/strong><\/span><\/span><\/p>\n<p class=\"Omwienie\" style=\"text-align: justify;\"><span style=\"font-size: 12pt;\"><span style=\"font-family: &quot;Calibri&quot;,sans-serif;\">W ustawie z&nbsp;dnia 27 sierpnia 2009 r. o&nbsp;finansach publicznych (Dz.<\/span><span style=\"font-family: &quot;Calibri&quot;,sans-serif;\">U.<\/span><span style=\"font-family: &quot;Calibri&quot;,sans-serif;\">z<\/span><span style=\"font-family: &quot;Calibri&quot;,sans-serif;\">2013<\/span><span style=\"font-family: &quot;Calibri&quot;,sans-serif;\">r.<\/span><span style=\"font-family: &quot;Calibri&quot;,sans-serif;\">poz.<\/span><span style=\"font-family: &quot;Calibri&quot;,sans-serif;\">885,<\/span><span style=\"font-family: &quot;Calibri&quot;,sans-serif;\">z p&oacute;\u017an. zm.)<\/span><span style=\"font-family: &quot;Calibri&quot;,sans-serif;\"> zmianie uleg\u0142o brzmienie art. 112aa, art.&nbsp;142&nbsp;pkt 6b.<\/span><\/span><\/p>\n<p>&nbsp;<\/p>\n<p class=\"Dziedzinaprawa\" style=\"text-align: justify;\"><span style=\"font-size: 12pt;\"><strong><span style=\"font-family: &quot;Calibri&quot;,sans-serif;\">PRAWO WOJSKOWE<\/span><\/strong><\/span><\/p>\n<p class=\"Tekstpraswki\" style=\"text-align: justify;\"><span style=\"font-size: 12pt;\"><strong><span style=\"font-family: &quot;Calibri&quot;,sans-serif;\">Rozporz\u0105dzenie<\/span><\/strong><span style=\"font-family: &quot;Calibri&quot;,sans-serif;\"> Ministra Obrony Narodowej z&nbsp;dnia 8 grudnia 2015 r. w&nbsp;sprawie wykazu operator&oacute;w urz\u0105dze\u0144 i&nbsp;system&oacute;w ochrony przeciwpo\u017carowej, b\u0119d\u0105cych na wyposa\u017ceniu jednostek organizacyjnych Si\u0142 Zbrojnych Rzeczypospolitej Polskiej (Dz.&nbsp;U.&nbsp;z&nbsp;2015&nbsp;r.,&nbsp;poz.&nbsp;2141) &#8211; <strong>wejdzie w&nbsp;\u017cycie z&nbsp;dniem 2 stycznia 2016 r.<\/strong> <\/span><\/span><\/p>\n<p class=\"Tekstpraswki\" style=\"text-align: justify;\"><span style=\"font-size: 12pt;\"><strong><span style=\"font-family: &quot;Calibri&quot;,sans-serif;\">Rozporz\u0105dzenie<\/span><\/strong><span style=\"font-family: &quot;Calibri&quot;,sans-serif;\"> Ministra Obrony Narodowej z&nbsp;dnia 4 grudnia 2015 r. zmieniaj\u0105ce rozporz\u0105dzenie w&nbsp;sprawie wojew&oacute;dzkich sztab&oacute;w wojskowych i&nbsp;wojskowych komend uzupe\u0142nie\u0144 (Dz. U. z&nbsp;2015 r., poz. 2131) &#8211; <strong>wejdzie w&nbsp;\u017cycie z&nbsp;dniem 1&nbsp;stycznia&nbsp;2016&nbsp;r.<\/strong><\/span><\/span><\/p>\n<p class=\"Omwienie\" style=\"text-align: justify;\"><span style=\"font-size: 12pt;\"><span style=\"font-family: &quot;Calibri&quot;,sans-serif;\">W rozporz\u0105dzeniu Ministra Obrony Narodowej z&nbsp;dnia 4 marca 2010 r. w&nbsp;sprawie wojew&oacute;dzkich sztab&oacute;w wojskowych i&nbsp;wojskowych komend uzupe\u0142nie\u0144 (Dz. U. z&nbsp;2014 r. poz. 1433 oraz z&nbsp;2015 r. poz. 709) <\/span><span style=\"font-family: &quot;Calibri&quot;,sans-serif;\">zmianie ulegnie brzmienie<\/span><span style=\"font-family: &quot;Calibri&quot;,sans-serif;\"> &sect; 3 pkt 16 lit. c<\/span><span style=\"font-family: &quot;Calibri&quot;,sans-serif;\">.<\/span><\/span><\/p>\n<p class=\"Tekstpraswki\" style=\"text-align: justify;\"><span style=\"font-size: 12pt;\"><strong><span style=\"font-family: &quot;Calibri&quot;,sans-serif;\">Rozporz\u0105dzenie<\/span><\/strong><span style=\"font-family: &quot;Calibri&quot;,sans-serif;\"> Ministra Obrony Narodowej z&nbsp;dnia 1 grudnia 2015 r. zmieniaj\u0105ce rozporz\u0105dzenie w&nbsp;sprawie prowadzenia ewidencji wojskowej<\/span><span style=\"font-family: &quot;Calibri&quot;,sans-serif;\"> (Dz. U. z&nbsp;2015 r., poz. 2152) &#8211; <strong>wejdzie w&nbsp;\u017cycie z&nbsp;dniem 5 stycznia 2016 r.<\/strong><\/span><\/span><\/p>\n<p class=\"Omwienie\" style=\"text-align: justify;\"><span style=\"font-size: 12pt;\"><span style=\"font-family: &quot;Calibri&quot;,sans-serif;\">W rozporz\u0105dzeniu Ministra Obrony Narodowej z&nbsp;dnia 8 pa\u017adziernika 2010 r. w&nbsp;sprawie prowadzenia ewidencji wojskowej (Dz. U. Nr 199, poz. 1321 oraz z&nbsp;2013 r. poz. 1526)<\/span><span style=\"font-family: &quot;Calibri&quot;,sans-serif;\"> zmianie ulegnie brzmienie &sect; 2, &sect; 4, &sect; 13, &sect; 14 ust. 2, &sect; 26 ust. 1, &sect; 29 ust. 1, &sect;&nbsp;31&nbsp;ust.&nbsp;1, &sect; 37 ust. 1, &sect; 40 ust. 1, &sect; 50 ust. 1 pkt 3 oraz 4, &sect; 56 pkt 4 oraz 5, &sect; 57 pkt 1, &sect; 62 ust. 1, &sect; 65 ust. 1, &sect; 71, &sect; 72, &sect; 73, &sect; 75, &sect; 78 ust. 1, dodany zostanie &sect; 9a,<\/span><span style=\"font-family: &quot;Calibri&quot;,sans-serif;\">w&nbsp;&sect;&nbsp;18 w&nbsp;ust. 1 w&nbsp;pkt 4 kropk\u0119 zast\u0119puje si\u0119 \u015brednikiem i&nbsp;dodaje si\u0119 pkt 5, dodany&nbsp;zostanie &sect;&nbsp;34a, &sect; 34b, w&nbsp;&sect; 42 dodaje si\u0119 ust. 4, u\u017cyty w&nbsp;&sect; 13 w&nbsp;pkt 13, w&nbsp;&sect; 35 w&nbsp;ust. 4 i&nbsp;5, w&nbsp;&sect;&nbsp;38 w&nbsp;ust. 3, w&nbsp;&sect; 42 w&nbsp;ust. 3, w&nbsp;&sect; 47 w&nbsp;ust. 5, w&nbsp;&sect; 56 w&nbsp;pkt 3 lit. a, w&nbsp;&sect;&nbsp;59, w&nbsp;&sect; 60 oraz w&nbsp;&sect; 70 w&nbsp;r&oacute;\u017cnej liczbie i&nbsp;przypadku wyraz &#8220;uniewa\u017cnienie&#8221; zast\u0105piony zostanie u\u017cytym w&nbsp;odpowiedniej liczbie i&nbsp;przypadku wyrazem &#8220;uchylenie&#8221;, w&nbsp;&sect;&nbsp;76 uchyla si\u0119 ust. 1.<\/span><\/span><\/p>\n<p>&nbsp;<\/p>\n<p class=\"Dziedzinaprawa\" style=\"text-align: justify;\"><span style=\"font-size: 12pt;\"><strong><span style=\"font-family: &quot;Calibri&quot;,sans-serif;\">PRAWO TELEKOMUNIKACYJNE<\/span><\/strong><\/span><\/p>\n<p class=\"Tekstpraswki\" style=\"text-align: justify;\"><span style=\"font-size: 12pt;\"><strong><span style=\"font-family: &quot;Calibri&quot;,sans-serif;\">Rozporz\u0105dzenie<\/span><\/strong><span style=\"font-family: &quot;Calibri&quot;,sans-serif;\"> Ministra Cyfryzacji z&nbsp;dnia 3 grudnia 2015 r. zmieniaj\u0105ce rozporz\u0105dzenie w&nbsp;sprawie wysoko\u015bci, sposobu ustalania, termin&oacute;w i&nbsp;sposobu uiszczania rocznej op\u0142aty telekomunikacyjnej (Dz. U. z&nbsp;2015 r., poz. 2140) &#8211; <strong>wejdzie w&nbsp;\u017cycie z&nbsp;dniem 1&nbsp;stycznia 2016 r.<\/strong><\/span><\/span><\/p>\n<p class=\"Omwienie\" style=\"text-align: justify;\"><span style=\"font-size: 12pt;\"><span style=\"font-family: &quot;Calibri&quot;,sans-serif;\">W rozporz\u0105dzeniu Ministra Infrastruktury z&nbsp;dnia 27 grudnia 2004 r. w&nbsp;sprawie wysoko\u015bci, sposobu ustalania, termin&oacute;w i&nbsp;sposobu uiszczania rocznej op\u0142aty telekomunikacyjnej (Dz.<\/span><span style=\"font-family: &quot;Calibri&quot;,sans-serif;\">U. z&nbsp;2015 r. poz. 162) po &sect; 3j <\/span><span style=\"font-family: &quot;Calibri&quot;,sans-serif;\">dodany zostanie<\/span><span style=\"font-family: &quot;Calibri&quot;,sans-serif;\"> &sect; 3k<\/span><span style=\"font-family: &quot;Calibri&quot;,sans-serif;\">.<\/span><\/span><\/p>\n<p class=\"Tekstpraswki\" style=\"text-align: justify;\"><span style=\"font-size: 12pt;\"><strong><span style=\"font-family: &quot;Calibri&quot;,sans-serif;\">Rozporz\u0105dzenie <\/span><\/strong><span style=\"font-family: &quot;Calibri&quot;,sans-serif;\">Ministra Cyfryzacji z&nbsp;dnia 26 listopada 2015 r.<\/span><span style=\"font-family: &quot;Calibri&quot;,sans-serif;\">zmieniaj\u0105ce rozporz\u0105dzenie w&nbsp;sprawie urz\u0105dze\u0144 radiowych nadawczych lub nadawczo-odbiorczych, kt&oacute;re mog\u0105 by\u0107 u\u017cywane bez pozwolenia radiowego (Dz. U. z&nbsp;2015 r., poz. 2174)<\/span><span style=\"font-family: &quot;Calibri&quot;,sans-serif;\"> &#8211; <strong>wejdzie w&nbsp;\u017cycie z&nbsp;dniem 1 stycznia 2016 r.<\/strong><\/span><\/span><\/p>\n<p class=\"Omwienie\" style=\"text-align: justify;\"><span style=\"font-size: 12pt;\"><span style=\"font-family: &quot;Calibri&quot;,sans-serif;\">W rozporz\u0105dzeniu Ministra Administracji i&nbsp;Cyfryzacji z&nbsp;dnia 12 grudnia 2014 r. w&nbsp;sprawie urz\u0105dze\u0144 radiowych nadawczych lub nadawczo-odbiorczych, kt&oacute;re mog\u0105 by\u0107 u\u017cywane bez pozwolenia radiowego (Dz. U. poz. 1843)<\/span><span style=\"font-family: &quot;Calibri&quot;,sans-serif;\"> zmianie ulegnie brzmienie &sect; 3 ust. 1, za\u0142\u0105cznika nr 1, za\u0142\u0105cznika nr 3 pozycji 2, za\u0142\u0105cznika nr 4, za\u0142\u0105cznika nr 5, za\u0142\u0105cznika&nbsp;nr&nbsp;8, za\u0142\u0105cznika nr 10, za\u0142\u0105cznika nr 16, w&nbsp;&sect; 2 dodaje si\u0119 pkt 32a, dodany&nbsp;zostanie za\u0142\u0105cznik nr 11a uchylony zostanie za\u0142\u0105cznik nr 2, w&nbsp;za\u0142\u0105czniku nr 6 uchyla si\u0119 pozycj\u0119 9.<\/span><\/span><\/p>\n<p>&nbsp;<\/p>\n<p class=\"NowePrawo\" style=\"text-align: justify;\"><span style=\"font-size: 12pt;\"><strong><span style=\"font-family: &quot;Calibri&quot;,sans-serif;\">_____Orzecznictwo<\/span><\/strong><\/span><\/p>\n<p class=\"SdNajwyszy\" style=\"text-align: justify;\"><span style=\"font-size: 12pt;\"><strong><span style=\"font-family: &quot;Calibri&quot;,sans-serif;\">Trybuna\u0142 Konstytucyjny<\/span><\/strong><\/span><\/p>\n<p class=\"Dziedzinaprawa\" style=\"text-align: justify;\"><span style=\"font-size: 12pt;\"><strong><span style=\"font-family: &quot;Calibri&quot;,sans-serif;\">USTAWA O&nbsp;TRYBUNALE KONSTYTUCYJNYM<\/span><\/strong><\/span><\/p>\n<p class=\"Tekstpraswki\" style=\"text-align: justify;\"><span style=\"font-size: 12pt;\"><span style=\"font-family: &quot;Calibri&quot;,sans-serif;\">Trybuna\u0142<\/span><span style=\"font-family: &quot;Calibri&quot;,sans-serif;\">Konstytucyjny uzna\u0142, \u017ce procedura obsadzania stanowisk kierowniczych w&nbsp;Trybunale, w&nbsp;kt&oacute;rej dopuszczono mo\u017cliwo\u015b\u0107 ubiegania si\u0119 o&nbsp;reelekcj\u0119, stwarza organowi w\u0142adzy wykonawczej pole do nieuprawnionego oddzia\u0142ywania na&nbsp;funkcjonowanie s\u0105du konstytucyjnego. Dopuszczony przez ustawodawc\u0119 zakres ingerencji organu w\u0142adzy wykonawczej w&nbsp;sfer\u0119 w\u0142adzy s\u0105downiczej mo\u017ce poddawa\u0107 w&nbsp;w\u0105tpliwo\u015b\u0107 kwesti\u0119 niezawis\u0142o\u015bci s\u0119dzi&oacute;w Trybuna\u0142u, godzi w&nbsp;zasad\u0119 niezale\u017cno\u015bci TK&nbsp;i&nbsp;rzutuje na zewn\u0119trzny obraz s\u0105downictwa konstytucyjnego. W&nbsp;ocenie Trybuna\u0142u wprowadzenie trzydziestodniowego terminu na z\u0142o\u017cenie \u015blubowania narusza zasad\u0119, \u017ce s\u0119dzia TK wybrany przez Sejm powinien mie\u0107 mo\u017cliwo\u015b\u0107 z\u0142o\u017cenia \u015blubowania niezw\u0142ocznie po wyborze. Taka mo\u017cliwo\u015b\u0107 powinna zosta\u0107 stworzona przez Prezydenta. Zaskar\u017cony przepis, przyznaj\u0105c Prezydentowi kompetencj\u0119 do wsp&oacute;\u0142uczestniczenia w&nbsp;procedurze obsadzania sk\u0142adu Trybuna\u0142u, naruszy\u0142 art. 194 ust. 1 konstytucji, zgodnie z&nbsp;kt&oacute;rym s\u0119dzi&oacute;w TK wybiera Sejm.<\/span><span style=\"font-family: &quot;Calibri&quot;,sans-serif;\">Trybuna\u0142 przyj\u0105\u0142, \u017ce wcze\u015bniejsze zastosowanie art.&nbsp;137 ustawy o&nbsp;TK z&nbsp;2015 r. w&nbsp;zakresie uznanym w&nbsp;wyroku z&nbsp;3 grudnia 2015 r. (sygn.&nbsp;K 34\/15) jest zgodne z&nbsp;konstytucj\u0105 oraz \u017ce zastosowanie art. 137a prowadzi\u0142oby do obsadzenia stanowisk s\u0119dziowskich w&nbsp;liczbie wi\u0119kszej ni\u017c przewidziana w&nbsp;art.&nbsp;194&nbsp;ust.&nbsp;1 konstytucji. <strong>&ndash; Wyrok Trybuna\u0142u Konstytucyjnego z&nbsp;dnia 9 grudnia 2015 r., sygn. akt K 35\/15.<\/strong><\/span><\/span><\/p>\n<p>&nbsp;<\/p>\n<p class=\"SdNajwyszy\" style=\"text-align: justify;\"><span style=\"font-size: 12pt;\"><strong><span style=\"font-family: &quot;Calibri&quot;,sans-serif;\">S\u0105d Najwy\u017cszy<\/span><\/strong><\/span><\/p>\n<p class=\"Dziedzinaprawa\" style=\"text-align: justify;\"><span style=\"font-size: 12pt;\"><strong><span style=\"font-family: &quot;Calibri&quot;,sans-serif;\">ROSZCZENIE Z&nbsp;<\/span><span style=\"font-family: &quot;Calibri&quot;,sans-serif;\">ART<\/span><span style=\"font-family: &quot;Calibri&quot;,sans-serif;\">. 140 &sect; 1 <\/span><span style=\"font-family: &quot;Calibri&quot;,sans-serif;\">USTAWY KODEKS RODZINNY I&nbsp;OPIEKU\u0143CZY<\/span><\/strong><\/span><\/p>\n<p class=\"Tekstpraswki\" style=\"text-align: justify;\"><span style=\"font-family: &quot;Calibri&quot;,sans-serif; font-size: 12pt;\">Roszczenie przewidziane w&nbsp;art. 140 &sect; 1 k.r.o. nie jest roszczeniem o&nbsp;\u015bwiadczenie alimentacyjne<strong> &ndash; Uchwa\u0142a S\u0105du Najwy\u017cszego z&nbsp;dnia 10 grudnia 2015 r., sygn.&nbsp;akt&nbsp;III UZP 14\/15.<\/strong><\/span><\/p>\n<p>&nbsp;<\/p>\n<p class=\"Dziedzinaprawa\" style=\"text-align: justify;\"><span style=\"font-size: 12pt;\"><strong><span style=\"font-family: &quot;Calibri&quot;,sans-serif;\">ZWROT KOSZT&Oacute;W PRZEJAZD&Oacute;W S\u0118DZIEMU S\u0104DU POWSZECHNEGO<\/span><\/strong><\/span><\/p>\n<p class=\"Tekstpraswki\" style=\"text-align: justify;\"><span style=\"font-family: &quot;Calibri&quot;,sans-serif; font-size: 12pt;\">S\u0119dziemu s\u0105du powszechnego, kt&oacute;ry uzyska\u0142 zgod\u0119 prezesa s\u0105du na zamieszkiwanie w&nbsp;innej miejscowo\u015bci ni\u017c siedziba tego s\u0105du oraz na korzystanie z&nbsp;prywatnego samochodu osobowego na przejazdy z&nbsp;miejsca zamieszkania do siedziby s\u0105du, nie przys\u0142uguje zwrot koszt&oacute;w przejazd&oacute;w ponad kwot\u0119 ustalon\u0105 przez pracodawc\u0119 w&nbsp;wysoko\u015bci ni\u017cszej od stawek maksymalnych rycza\u0142t&oacute;w obowi\u0105zuj\u0105cych przy ustalaniu wysoko\u015bci nale\u017cno\u015bci przys\u0142uguj\u0105cych z&nbsp;tytu\u0142u podr&oacute;\u017cy s\u0142u\u017cbowych, chyba \u017ce ustalona stawka rycza\u0142tu nie gwarantuje zwrotu koszt&oacute;w przejazdu w&nbsp;wysoko\u015bci obejmuj\u0105cej cen\u0119 biletu na okre\u015blone \u015brodki transportu (art. 95 &sect; 3 ustawy z&nbsp;dnia 27 lipca 2001 r. &#8211; Prawo o&nbsp;ustroju s\u0105d&oacute;w powszechnych, jednolity tekst: Dz. U. z&nbsp;2015 r., poz. 133 ze zm. w&nbsp;zwi\u0105zku z&nbsp;&sect; 5 ust. 2 i&nbsp;3 rozporz\u0105dzenia Ministra Pracy i&nbsp;Polityki Spo\u0142ecznej z&nbsp;dnia 19&nbsp;grudnia 2002 r. w&nbsp;sprawie wysoko\u015bci oraz warunk&oacute;w ustalania nale\u017cno\u015bci przys\u0142uguj\u0105cych pracownikowi zatrudnionemu w&nbsp;pa\u0144stwowej lub samorz\u0105dowej jednostce sfery bud\u017cetowej z&nbsp;tytu\u0142u podr&oacute;\u017cy s\u0142u\u017cbowej na terenie kraju Dz. U. Nr 236, poz. 1990 ze&nbsp;zm.) <strong>&ndash; Uchwa\u0142a S\u0105du Najwy\u017cszego z&nbsp;dnia 17 grudnia 2015 r., sygn. akt III PZP 5\/15.<\/strong><\/span><\/p>\n<p>&nbsp;<\/p>\n<p class=\"Dziedzinaprawa\" style=\"text-align: justify;\"><span style=\"font-size: 12pt;\"><strong><span style=\"font-family: &quot;Calibri&quot;,sans-serif;\">DZIA\u0141ALNO\u015a\u0106 ZARZ\u0104DU SP&Oacute;\u0141KI Z&nbsp;OGRANICZON\u0104 ODPOWIEDZIALNO\u015aCI\u0104<\/span><\/strong><\/span><\/p>\n<p class=\"Tekstpraswki\" style=\"text-align: justify;\"><span style=\"font-family: &quot;Calibri&quot;,sans-serif; font-size: 12pt;\">Zarz\u0105d nie mo\u017ce dzia\u0142a\u0107 za sp&oacute;\u0142k\u0119 z&nbsp;ograniczon\u0105 odpowiedzialno\u015bci\u0105 w&nbsp;post\u0119powaniu o&nbsp;udzielenie zabezpieczenia, kt&oacute;rego przedmiotem jest roszczenie osoby odwo\u0142anej z&nbsp;zarz\u0105du o&nbsp;uchylenie lub stwierdzenie niewa\u017cno\u015bci uchwa\u0142 zgromadzenia wsp&oacute;lnik&oacute;w o&nbsp;zmianach w&nbsp;sk\u0142adzie zarz\u0105du. W&nbsp;takim przypadku ma zastosowanie art. 253 &sect; 2 k.s.h. <strong>&#8211; Uchwa\u0142a S\u0105du Najwy\u017cszego z&nbsp;dnia 17 grudnia 2015 r., sygn. akt III&nbsp;CZP&nbsp;91\/15.<\/strong><\/span><\/p>\n<p>&nbsp;<\/p>\n","protected":false},"excerpt":{"rendered":"<p>We would like to present the next issue of legal bulletin of the Law Office of Adam Polowiec.What you will find here is some information about the new provisions of law and the projects of amendments to acts, but also case-laws including the case laws of Supreme Court, Constitutional Tribunal and European Court of Justice.<\/p>\n","protected":false},"author":3,"featured_media":0,"comment_status":"closed","ping_status":"open","sticky":false,"template":"","format":"standard","meta":{"footnotes":""},"categories":[2],"tags":[],"class_list":["post-605","post","type-post","status-publish","format-standard","hentry","category-wpisy"],"featured_image_src":{"landsacpe":false,"list":false,"medium":false,"full":false},"yoast_head":"<!-- This site is optimized with the Yoast SEO plugin v27.2 - https:\/\/yoast.com\/product\/yoast-seo-wordpress\/ -->\n<title>Legal Bulletin Of The Law Office Of Adam Polowiec (21 December 2015 - 3 January 2016) - Polowiec i Wsp\u00f3lnicy - Kancelaria prawna<\/title>\n<meta name=\"robots\" content=\"index, follow, max-snippet:-1, max-image-preview:large, max-video-preview:-1\" \/>\n<link rel=\"canonical\" href=\"https:\/\/polowiec.pl\/en\/legal-bulletin-of-the-law-office-of-adam-polowiec-21-december-2015-3-january-2016\/\" \/>\n<meta property=\"og:locale\" content=\"en_US\" \/>\n<meta property=\"og:type\" content=\"article\" \/>\n<meta property=\"og:title\" content=\"Legal Bulletin Of The Law Office Of Adam Polowiec (21 December 2015 - 3 January 2016) - Polowiec i Wsp\u00f3lnicy - Kancelaria prawna\" \/>\n<meta property=\"og:description\" content=\"We would like to present the next issue of legal bulletin of the Law Office of Adam Polowiec.What you will find here is some information about the new provisions of law and the projects of amendments to acts, but also case-laws including the case laws of Supreme Court, Constitutional Tribunal and European Court of Justice.\" \/>\n<meta property=\"og:url\" content=\"https:\/\/polowiec.pl\/en\/legal-bulletin-of-the-law-office-of-adam-polowiec-21-december-2015-3-january-2016\/\" \/>\n<meta property=\"og:site_name\" content=\"Polowiec i Wsp\u00f3lnicy - Kancelaria prawna\" \/>\n<meta property=\"article:publisher\" content=\"https:\/\/www.facebook.com\/polowieciwspolnicy\/\" \/>\n<meta property=\"article:published_time\" content=\"2016-05-26T14:18:23+00:00\" \/>\n<meta property=\"article:modified_time\" content=\"2019-04-18T15:37:20+00:00\" \/>\n<meta name=\"author\" content=\"Marcin Rusinek\" \/>\n<meta name=\"twitter:card\" content=\"summary_large_image\" \/>\n<meta name=\"twitter:label1\" content=\"Written by\" \/>\n\t<meta name=\"twitter:data1\" content=\"Marcin Rusinek\" \/>\n\t<meta name=\"twitter:label2\" content=\"Est. reading time\" \/>\n\t<meta name=\"twitter:data2\" content=\"19 minutes\" \/>\n<script type=\"application\/ld+json\" class=\"yoast-schema-graph\">{\"@context\":\"https:\/\/schema.org\",\"@graph\":[{\"@type\":\"Article\",\"@id\":\"https:\/\/polowiec.pl\/en\/legal-bulletin-of-the-law-office-of-adam-polowiec-21-december-2015-3-january-2016\/#article\",\"isPartOf\":{\"@id\":\"https:\/\/polowiec.pl\/en\/legal-bulletin-of-the-law-office-of-adam-polowiec-21-december-2015-3-january-2016\/\"},\"author\":{\"name\":\"Marcin Rusinek\",\"@id\":\"https:\/\/polowiec.pl\/en\/#\/schema\/person\/74c7526b6f52be5ae94031504f9ffec4\"},\"headline\":\"Legal Bulletin Of The Law Office Of Adam Polowiec (21 December 2015 &#8211; 3 January 2016)\",\"datePublished\":\"2016-05-26T14:18:23+00:00\",\"dateModified\":\"2019-04-18T15:37:20+00:00\",\"mainEntityOfPage\":{\"@id\":\"https:\/\/polowiec.pl\/en\/legal-bulletin-of-the-law-office-of-adam-polowiec-21-december-2015-3-january-2016\/\"},\"wordCount\":3845,\"publisher\":{\"@id\":\"https:\/\/polowiec.pl\/en\/#organization\"},\"articleSection\":[\"Wpisy\"],\"inLanguage\":\"en-US\"},{\"@type\":\"WebPage\",\"@id\":\"https:\/\/polowiec.pl\/en\/legal-bulletin-of-the-law-office-of-adam-polowiec-21-december-2015-3-january-2016\/\",\"url\":\"https:\/\/polowiec.pl\/en\/legal-bulletin-of-the-law-office-of-adam-polowiec-21-december-2015-3-january-2016\/\",\"name\":\"Legal Bulletin Of The Law Office Of Adam Polowiec (21 December 2015 - 3 January 2016) - Polowiec i Wsp\u00f3lnicy - Kancelaria prawna\",\"isPartOf\":{\"@id\":\"https:\/\/polowiec.pl\/en\/#website\"},\"datePublished\":\"2016-05-26T14:18:23+00:00\",\"dateModified\":\"2019-04-18T15:37:20+00:00\",\"breadcrumb\":{\"@id\":\"https:\/\/polowiec.pl\/en\/legal-bulletin-of-the-law-office-of-adam-polowiec-21-december-2015-3-january-2016\/#breadcrumb\"},\"inLanguage\":\"en-US\",\"potentialAction\":[{\"@type\":\"ReadAction\",\"target\":[\"https:\/\/polowiec.pl\/en\/legal-bulletin-of-the-law-office-of-adam-polowiec-21-december-2015-3-january-2016\/\"]}]},{\"@type\":\"BreadcrumbList\",\"@id\":\"https:\/\/polowiec.pl\/en\/legal-bulletin-of-the-law-office-of-adam-polowiec-21-december-2015-3-january-2016\/#breadcrumb\",\"itemListElement\":[{\"@type\":\"ListItem\",\"position\":1,\"name\":\"Strona g\u0142\u00f3wna\",\"item\":\"https:\/\/polowiec.pl\/en\/\"},{\"@type\":\"ListItem\",\"position\":2,\"name\":\"Legal Bulletin Of The Law Office Of Adam Polowiec (21 December 2015 &#8211; 3 January 2016)\"}]},{\"@type\":\"WebSite\",\"@id\":\"https:\/\/polowiec.pl\/en\/#website\",\"url\":\"https:\/\/polowiec.pl\/en\/\",\"name\":\"Polowiec i Wsp\u00f3lnicy - Kancelaria prawna\",\"description\":\"Obs\u0142uga prawna\",\"publisher\":{\"@id\":\"https:\/\/polowiec.pl\/en\/#organization\"},\"potentialAction\":[{\"@type\":\"SearchAction\",\"target\":{\"@type\":\"EntryPoint\",\"urlTemplate\":\"https:\/\/polowiec.pl\/en\/?s={search_term_string}\"},\"query-input\":{\"@type\":\"PropertyValueSpecification\",\"valueRequired\":true,\"valueName\":\"search_term_string\"}}],\"inLanguage\":\"en-US\"},{\"@type\":\"Organization\",\"@id\":\"https:\/\/polowiec.pl\/en\/#organization\",\"name\":\"Polowiec i Wsp\u00f3lnicy - Kancelaria prawna\",\"url\":\"https:\/\/polowiec.pl\/en\/\",\"logo\":{\"@type\":\"ImageObject\",\"inLanguage\":\"en-US\",\"@id\":\"https:\/\/polowiec.pl\/en\/#\/schema\/logo\/image\/\",\"url\":\"https:\/\/polowiec.pl\/wp-content\/uploads\/2018\/10\/polowiec_logo2-1.png\",\"contentUrl\":\"https:\/\/polowiec.pl\/wp-content\/uploads\/2018\/10\/polowiec_logo2-1.png\",\"width\":540,\"height\":381,\"caption\":\"Polowiec i Wsp\u00f3lnicy - Kancelaria prawna\"},\"image\":{\"@id\":\"https:\/\/polowiec.pl\/en\/#\/schema\/logo\/image\/\"},\"sameAs\":[\"https:\/\/www.facebook.com\/polowieciwspolnicy\/\",\"https:\/\/www.linkedin.com\/company\/polowiec-i-wsplnicy-sp.j.\/about\/\"]},{\"@type\":\"Person\",\"@id\":\"https:\/\/polowiec.pl\/en\/#\/schema\/person\/74c7526b6f52be5ae94031504f9ffec4\",\"name\":\"Marcin Rusinek\",\"image\":{\"@type\":\"ImageObject\",\"inLanguage\":\"en-US\",\"@id\":\"https:\/\/secure.gravatar.com\/avatar\/b50a0a5c3e71d904f5e57a757d39977d01c43e075c6bf5b4df909ffbbe004790?s=96&d=mm&r=g\",\"url\":\"https:\/\/secure.gravatar.com\/avatar\/b50a0a5c3e71d904f5e57a757d39977d01c43e075c6bf5b4df909ffbbe004790?s=96&d=mm&r=g\",\"contentUrl\":\"https:\/\/secure.gravatar.com\/avatar\/b50a0a5c3e71d904f5e57a757d39977d01c43e075c6bf5b4df909ffbbe004790?s=96&d=mm&r=g\",\"caption\":\"Marcin Rusinek\"}}]}<\/script>\n<!-- \/ Yoast SEO plugin. -->","yoast_head_json":{"title":"Legal Bulletin Of The Law Office Of Adam Polowiec (21 December 2015 - 3 January 2016) - Polowiec i Wsp\u00f3lnicy - Kancelaria prawna","robots":{"index":"index","follow":"follow","max-snippet":"max-snippet:-1","max-image-preview":"max-image-preview:large","max-video-preview":"max-video-preview:-1"},"canonical":"https:\/\/polowiec.pl\/en\/legal-bulletin-of-the-law-office-of-adam-polowiec-21-december-2015-3-january-2016\/","og_locale":"en_US","og_type":"article","og_title":"Legal Bulletin Of The Law Office Of Adam Polowiec (21 December 2015 - 3 January 2016) - Polowiec i Wsp\u00f3lnicy - Kancelaria prawna","og_description":"We would like to present the next issue of legal bulletin of the Law Office of Adam Polowiec.What you will find here is some information about the new provisions of law and the projects of amendments to acts, but also case-laws including the case laws of Supreme Court, Constitutional Tribunal and European Court of Justice.","og_url":"https:\/\/polowiec.pl\/en\/legal-bulletin-of-the-law-office-of-adam-polowiec-21-december-2015-3-january-2016\/","og_site_name":"Polowiec i Wsp\u00f3lnicy - Kancelaria prawna","article_publisher":"https:\/\/www.facebook.com\/polowieciwspolnicy\/","article_published_time":"2016-05-26T14:18:23+00:00","article_modified_time":"2019-04-18T15:37:20+00:00","author":"Marcin Rusinek","twitter_card":"summary_large_image","twitter_misc":{"Written by":"Marcin Rusinek","Est. reading time":"19 minutes"},"schema":{"@context":"https:\/\/schema.org","@graph":[{"@type":"Article","@id":"https:\/\/polowiec.pl\/en\/legal-bulletin-of-the-law-office-of-adam-polowiec-21-december-2015-3-january-2016\/#article","isPartOf":{"@id":"https:\/\/polowiec.pl\/en\/legal-bulletin-of-the-law-office-of-adam-polowiec-21-december-2015-3-january-2016\/"},"author":{"name":"Marcin Rusinek","@id":"https:\/\/polowiec.pl\/en\/#\/schema\/person\/74c7526b6f52be5ae94031504f9ffec4"},"headline":"Legal Bulletin Of The Law Office Of Adam Polowiec (21 December 2015 &#8211; 3 January 2016)","datePublished":"2016-05-26T14:18:23+00:00","dateModified":"2019-04-18T15:37:20+00:00","mainEntityOfPage":{"@id":"https:\/\/polowiec.pl\/en\/legal-bulletin-of-the-law-office-of-adam-polowiec-21-december-2015-3-january-2016\/"},"wordCount":3845,"publisher":{"@id":"https:\/\/polowiec.pl\/en\/#organization"},"articleSection":["Wpisy"],"inLanguage":"en-US"},{"@type":"WebPage","@id":"https:\/\/polowiec.pl\/en\/legal-bulletin-of-the-law-office-of-adam-polowiec-21-december-2015-3-january-2016\/","url":"https:\/\/polowiec.pl\/en\/legal-bulletin-of-the-law-office-of-adam-polowiec-21-december-2015-3-january-2016\/","name":"Legal Bulletin Of The Law Office Of Adam Polowiec (21 December 2015 - 3 January 2016) - Polowiec i Wsp\u00f3lnicy - Kancelaria prawna","isPartOf":{"@id":"https:\/\/polowiec.pl\/en\/#website"},"datePublished":"2016-05-26T14:18:23+00:00","dateModified":"2019-04-18T15:37:20+00:00","breadcrumb":{"@id":"https:\/\/polowiec.pl\/en\/legal-bulletin-of-the-law-office-of-adam-polowiec-21-december-2015-3-january-2016\/#breadcrumb"},"inLanguage":"en-US","potentialAction":[{"@type":"ReadAction","target":["https:\/\/polowiec.pl\/en\/legal-bulletin-of-the-law-office-of-adam-polowiec-21-december-2015-3-january-2016\/"]}]},{"@type":"BreadcrumbList","@id":"https:\/\/polowiec.pl\/en\/legal-bulletin-of-the-law-office-of-adam-polowiec-21-december-2015-3-january-2016\/#breadcrumb","itemListElement":[{"@type":"ListItem","position":1,"name":"Strona g\u0142\u00f3wna","item":"https:\/\/polowiec.pl\/en\/"},{"@type":"ListItem","position":2,"name":"Legal Bulletin Of The Law Office Of Adam Polowiec (21 December 2015 &#8211; 3 January 2016)"}]},{"@type":"WebSite","@id":"https:\/\/polowiec.pl\/en\/#website","url":"https:\/\/polowiec.pl\/en\/","name":"Polowiec i Wsp\u00f3lnicy - Kancelaria prawna","description":"Obs\u0142uga prawna","publisher":{"@id":"https:\/\/polowiec.pl\/en\/#organization"},"potentialAction":[{"@type":"SearchAction","target":{"@type":"EntryPoint","urlTemplate":"https:\/\/polowiec.pl\/en\/?s={search_term_string}"},"query-input":{"@type":"PropertyValueSpecification","valueRequired":true,"valueName":"search_term_string"}}],"inLanguage":"en-US"},{"@type":"Organization","@id":"https:\/\/polowiec.pl\/en\/#organization","name":"Polowiec i Wsp\u00f3lnicy - Kancelaria prawna","url":"https:\/\/polowiec.pl\/en\/","logo":{"@type":"ImageObject","inLanguage":"en-US","@id":"https:\/\/polowiec.pl\/en\/#\/schema\/logo\/image\/","url":"https:\/\/polowiec.pl\/wp-content\/uploads\/2018\/10\/polowiec_logo2-1.png","contentUrl":"https:\/\/polowiec.pl\/wp-content\/uploads\/2018\/10\/polowiec_logo2-1.png","width":540,"height":381,"caption":"Polowiec i Wsp\u00f3lnicy - Kancelaria prawna"},"image":{"@id":"https:\/\/polowiec.pl\/en\/#\/schema\/logo\/image\/"},"sameAs":["https:\/\/www.facebook.com\/polowieciwspolnicy\/","https:\/\/www.linkedin.com\/company\/polowiec-i-wsplnicy-sp.j.\/about\/"]},{"@type":"Person","@id":"https:\/\/polowiec.pl\/en\/#\/schema\/person\/74c7526b6f52be5ae94031504f9ffec4","name":"Marcin Rusinek","image":{"@type":"ImageObject","inLanguage":"en-US","@id":"https:\/\/secure.gravatar.com\/avatar\/b50a0a5c3e71d904f5e57a757d39977d01c43e075c6bf5b4df909ffbbe004790?s=96&d=mm&r=g","url":"https:\/\/secure.gravatar.com\/avatar\/b50a0a5c3e71d904f5e57a757d39977d01c43e075c6bf5b4df909ffbbe004790?s=96&d=mm&r=g","contentUrl":"https:\/\/secure.gravatar.com\/avatar\/b50a0a5c3e71d904f5e57a757d39977d01c43e075c6bf5b4df909ffbbe004790?s=96&d=mm&r=g","caption":"Marcin Rusinek"}}]}},"_links":{"self":[{"href":"https:\/\/polowiec.pl\/en\/wp-json\/wp\/v2\/posts\/605","targetHints":{"allow":["GET"]}}],"collection":[{"href":"https:\/\/polowiec.pl\/en\/wp-json\/wp\/v2\/posts"}],"about":[{"href":"https:\/\/polowiec.pl\/en\/wp-json\/wp\/v2\/types\/post"}],"author":[{"embeddable":true,"href":"https:\/\/polowiec.pl\/en\/wp-json\/wp\/v2\/users\/3"}],"replies":[{"embeddable":true,"href":"https:\/\/polowiec.pl\/en\/wp-json\/wp\/v2\/comments?post=605"}],"version-history":[{"count":0,"href":"https:\/\/polowiec.pl\/en\/wp-json\/wp\/v2\/posts\/605\/revisions"}],"wp:attachment":[{"href":"https:\/\/polowiec.pl\/en\/wp-json\/wp\/v2\/media?parent=605"}],"wp:term":[{"taxonomy":"category","embeddable":true,"href":"https:\/\/polowiec.pl\/en\/wp-json\/wp\/v2\/categories?post=605"},{"taxonomy":"post_tag","embeddable":true,"href":"https:\/\/polowiec.pl\/en\/wp-json\/wp\/v2\/tags?post=605"}],"curies":[{"name":"wp","href":"https:\/\/api.w.org\/{rel}","templated":true}]}}