{"id":611,"date":"2016-05-26T17:05:08","date_gmt":"2016-05-26T15:05:08","guid":{"rendered":"https:\/\/nowa.polowiec.pl\/legal-bulletin-of-the-law-office-of-adam-polowiec-18-24-january-2016\/"},"modified":"2019-04-18T17:34:26","modified_gmt":"2019-04-18T15:34:26","slug":"legal-bulletin-of-the-law-office-of-adam-polowiec-18-24-january-2016","status":"publish","type":"post","link":"https:\/\/polowiec.pl\/en\/legal-bulletin-of-the-law-office-of-adam-polowiec-18-24-january-2016\/","title":{"rendered":"Legal Bulletin Of The Law Office Of Adam Polowiec (18 &#8211; 24 January 2016)"},"content":{"rendered":"<p>We would like to present the next issue of legal bulletin of the Law Office of Adam Polowiec.<br \/>What you will find here is some information about the new provisions of law and the projects of amendments to acts, but also case-laws including the case laws of Supreme Court, Constitutional Tribunal and European Court of Justice.<\/p>\n<p>  <!--more-->  <\/p>\n<p class=\"NowePrawo\" style=\"text-align: justify;\"><span style=\"font-size: 12pt;\"><strong><span style=\"font-family: &quot;Calibri&quot;,sans-serif;\">_____Nowe Prawo<\/span><\/strong><\/span><\/p>\n<p class=\"Dziedzinaprawa\" style=\"text-align: justify;\"><span style=\"font-size: 12pt;\"><strong><span style=\"font-family: &quot;Calibri&quot;,sans-serif;\">PRAWO WOJSKOWE<\/span><\/strong><\/span><\/p>\n<p class=\"Tekstpraswki\" style=\"text-align: justify;\"><span style=\"font-size: 12pt;\"><strong><span style=\"font-family: &quot;Calibri&quot;,sans-serif;\">Rozporz\u0105dzenie <\/span><\/strong><span style=\"font-family: &quot;Calibri&quot;,sans-serif;\">Ministra Obrony Narodowej z&nbsp;dnia 9 listopada 2015 r. w&nbsp;sprawie wysoko\u015bci wynagrodzenia przewodnicz\u0105cego i&nbsp;cz\u0142onk&oacute;w Rady Nadzorczej Agencji Mienia Wojskowego (Dz. U. z&nbsp;2016 r., poz. 76) <strong>&ndash; wesz\u0142o w&nbsp;\u017cycie z&nbsp;dniem 19&nbsp;stycznia&nbsp;2016&nbsp;r.<\/strong><\/span><\/span><\/p>\n<p class=\"Tekstpraswki\" style=\"text-align: justify;\"><span style=\"font-size: 12pt;\"><strong><span style=\"font-family: &quot;Calibri&quot;,sans-serif;\">Rozporz\u0105dzenie <\/span><\/strong><span style=\"font-family: &quot;Calibri&quot;,sans-serif;\">Rady Ministr&oacute;w z&nbsp;dnia 11 stycznia 2016 r. zmieniaj\u0105ce rozporz\u0105dzenie w&nbsp;sprawie szczeg&oacute;\u0142owych zasad i&nbsp;trybu finansowania przygotowania i&nbsp;dzia\u0142ania jednostek wojskowych poza granicami pa\u0144stwa (Dz. U. z&nbsp;2016 r., poz. 81) <strong>&ndash; wejdzie w&nbsp;\u017cycie z&nbsp;dniem 3 lutego&nbsp;2016&nbsp;r.<\/strong> <\/span><\/span><\/p>\n<p class=\"Omwienie\" style=\"text-align: justify;\"><span style=\"font-size: 12pt;\"><span style=\"font-family: &quot;Calibri&quot;,sans-serif;\">W rozporz\u0105dzeniu Rady Ministr&oacute;w z&nbsp;dnia 8 kwietnia 2008 r. w&nbsp;sprawie szczeg&oacute;\u0142owych zasad i&nbsp;trybu finansowania przygotowania i&nbsp;dzia\u0142ania jednostek wojskowych poza granicami pa\u0144stwa (Dz. U. z&nbsp;2015 r. poz. 84) w&nbsp;&sect; 5 dotychczasow\u0105 tre\u015b\u0107 oznacza si\u0119 jako ust. 1 i&nbsp;dodaje si\u0119 ust. 2<\/span><span style=\"font-family: &quot;Calibri&quot;,sans-serif;\">.<\/span><\/span><\/p>\n<p>&nbsp;<\/p>\n<p class=\"Dziedzinaprawa\" style=\"text-align: justify;\"><span style=\"font-size: 12pt;\"><strong><span style=\"font-family: &quot;Calibri&quot;,sans-serif;\">OCHRONA \u015aRODOWISKA<\/span><\/strong><\/span><\/p>\n<p class=\"Tekstpraswki\" style=\"text-align: justify;\"><span style=\"font-size: 12pt;\"><strong><span style=\"font-family: &quot;Calibri&quot;,sans-serif;\">Rozporz\u0105dzenie<\/span><\/strong><span style=\"font-family: &quot;Calibri&quot;,sans-serif;\"> Ministra \u015arodowiska <\/span><span style=\"font-family: &quot;Calibri&quot;,sans-serif;\">z dnia 10 listopada 2015 r. <\/span><span style=\"font-family: &quot;Calibri&quot;,sans-serif;\">w sprawie listy rodzaj&oacute;w odpad&oacute;w, kt&oacute;re osoby fizyczne lub jednostki organizacyjne nieb\u0119d\u0105ce przedsi\u0119biorcami mog\u0105 poddawa\u0107 odzyskowi na potrzeby w\u0142asne, oraz dopuszczalnych metod ich odzysku<\/span><span style=\"font-family: &quot;Calibri&quot;,sans-serif;\"> (Dz. U. z&nbsp;2016 r., poz. 93) <strong>&ndash; wejdzie w&nbsp;\u017cycie z&nbsp;dniem 24&nbsp;stycznia&nbsp;2016 r.<\/strong><\/span><\/span><\/p>\n<p class=\"Tekstpraswki\" style=\"text-align: justify;\"><span style=\"font-size: 12pt;\"><strong><span style=\"font-family: &quot;Calibri&quot;,sans-serif;\">Rozporz\u0105dzenie<\/span><\/strong><span style=\"font-family: &quot;Calibri&quot;,sans-serif;\"> Ministra \u015arodowiska z&nbsp;dnia 16 grudnia 2015 r. w&nbsp;sprawie wzoru sprawozdania dla podmiot&oacute;w u\u017cytkuj\u0105cych systemy ochrony przeciwpo\u017carowej i&nbsp;ga\u015bnice zawieraj\u0105ce halony i&nbsp;przeznaczone do zastosowa\u0144 krytycznych (Dz. U. z&nbsp;2016 r., poz. 67)<strong> &ndash; wejdzie w&nbsp;\u017cycie z&nbsp;dniem 30 stycznia 2016 r.<\/strong><\/span><\/span><\/p>\n<p class=\"Tekstpraswki\" style=\"text-align: justify;\"><span style=\"font-size: 12pt;\"><strong><span style=\"font-family: &quot;Calibri&quot;,sans-serif;\">Rozporz\u0105dzenie<\/span><\/strong><span style=\"font-family: &quot;Calibri&quot;,sans-serif;\"> Ministra \u015arodowiska z&nbsp;dnia 14 stycznia 2016 r. w&nbsp;sprawie wzoru Karty Urz\u0105dzenia i&nbsp;wzoru Karty Systemu Ochrony Przeciwpo\u017carowej oraz sposobu ich sporz\u0105dzania i&nbsp;prowadzenia (Dz. U. z&nbsp;2016 r., poz. 73)<strong> &ndash; wejdzie w&nbsp;\u017cycie z&nbsp;dniem 2&nbsp;lutego 2016 r.<\/strong><\/span><\/span><\/p>\n<p class=\"Tekstpraswki\" style=\"text-align: justify;\"><span style=\"font-size: 12pt;\"><strong><span style=\"font-family: &quot;Calibri&quot;,sans-serif;\">Rozporz\u0105dzenie <\/span><\/strong><span style=\"font-family: &quot;Calibri&quot;,sans-serif;\">Ministra Rozwoju z&nbsp;dnia 11 stycznia 2016 r. w&nbsp;sprawie sprawdzania pod wzgl\u0119dem wyciek&oacute;w urz\u0105dze\u0144 ch\u0142odniczych, klimatyzacyjnych i&nbsp;pomp ciep\u0142a oraz system&oacute;w ochrony przeciwpo\u017carowej zawieraj\u0105cych substancje kontrolowane (Dz.&nbsp;U.&nbsp;z&nbsp;2016 r., poz. 89) <strong>&ndash; wejdzie w&nbsp;\u017cycie z&nbsp;dniem 4 lutego 2016 r.<\/strong><\/span><\/span><\/p>\n<p class=\"Tekstpraswki\" style=\"text-align: justify;\"><span style=\"font-size: 12pt;\"><strong><span style=\"font-family: &quot;Calibri&quot;,sans-serif;\">Rozporz\u0105dzenie<\/span><\/strong><span style=\"font-family: &quot;Calibri&quot;,sans-serif;\"> Ministra \u015arodowiska z&nbsp;dnia 19 stycznia 2016 r. w&nbsp;sprawie sprawozda\u0144 dotycz\u0105cych substancji zubo\u017caj\u0105cych warstw\u0119 ozonow\u0105 lub fluorowanych gaz&oacute;w cieplarnianych (Dz. U. z&nbsp;2016 r., poz. 88) <strong>&ndash; wejdzie w&nbsp;\u017cycie z&nbsp;dniem 23&nbsp;stycznia&nbsp;2016 r.<\/strong><\/span><\/span><\/p>\n<p>&nbsp;<\/p>\n<p class=\"Dziedzinaprawa\" style=\"text-align: justify;\"><span style=\"font-size: 12pt;\"><strong><span style=\"font-family: &quot;Calibri&quot;,sans-serif;\">PRAWO WODNE<\/span><\/strong><\/span><\/p>\n<p class=\"Tekstpraswki\" style=\"text-align: justify;\"><span style=\"font-size: 12pt;\"><strong><span style=\"font-family: &quot;Calibri&quot;,sans-serif;\">Rozporz\u0105dzenie<\/span><\/strong><span style=\"font-family: &quot;Calibri&quot;,sans-serif;\"> Ministra \u015arodowiska <\/span><span style=\"font-family: &quot;Calibri&quot;,sans-serif;\">z dnia 21 grudnia 2015 r. <\/span><span style=\"font-family: &quot;Calibri&quot;,sans-serif;\">w sprawie kryteri&oacute;w i<\/span><span style=\"font-family: &quot;Calibri&quot;,sans-serif;\">sposobu oceny stanu jednolitych cz\u0119\u015bci w&oacute;d podziemnych<\/span><span style=\"font-family: &quot;Calibri&quot;,sans-serif;\"> (Dz. U. z&nbsp;2016 r., poz. 85) <strong>&ndash; wejdzie w&nbsp;\u017cycie z&nbsp;dniem 2 lutego 2016 r.<\/strong><\/span><\/span><\/p>\n<p>&nbsp;<\/p>\n<p class=\"Dziedzinaprawa\" style=\"text-align: justify;\"><span style=\"font-size: 12pt;\"><strong><span style=\"font-family: &quot;Calibri&quot;,sans-serif;\">ZINTEGROWANY SYSTEM KWALIFIKACJI<\/span><\/strong><\/span><\/p>\n<p class=\"Tekstpraswki\" style=\"text-align: justify;\"><span style=\"font-size: 12pt;\"><strong><span style=\"font-family: &quot;Calibri&quot;,sans-serif;\">Ustawa <\/span><\/strong><span style=\"font-family: &quot;Calibri&quot;,sans-serif;\">z dnia 22 grudnia 2015 r. <\/span><span style=\"font-family: &quot;Calibri&quot;,sans-serif;\">o Zintegrowanym Systemie Kwalifikacji<\/span><span style=\"font-family: &quot;Calibri&quot;,sans-serif;\"> (Dz.&nbsp;U.&nbsp;z&nbsp;2016&nbsp;r., poz. 64) <strong>&ndash; wesz\u0142a w&nbsp;\u017cycie z&nbsp;dniem 15 stycznia 2016 r., z&nbsp;wyj\u0105tkiem:<\/strong><\/span><\/span><\/p>\n<p class=\"Tekstpraswki\" style=\"text-align: justify;\"><span style=\"font-size: 12pt;\"><strong><span style=\"font-family: &quot;Calibri&quot;,sans-serif;\">1) art. 7 i&nbsp;85, kt&oacute;re wchodz\u0105 w&nbsp;\u017cycie po up\u0142ywie 3 miesi\u0119cy od dnia og\u0142oszenia;<\/span><\/strong><\/span><\/p>\n<p class=\"Tekstpraswki\" style=\"text-align: justify;\"><span style=\"font-size: 12pt;\"><strong><span style=\"font-family: &quot;Calibri&quot;,sans-serif;\">2) art. 10, 21, 60, art. 83 ust. 4 i&nbsp;art. 110, kt&oacute;re wchodz\u0105 w&nbsp;\u017cycie po up\u0142ywie 6&nbsp;miesi\u0119cy od dnia og\u0142oszenia.<\/span><\/strong><\/span><\/p>\n<p>&nbsp;<\/p>\n<p class=\"Dziedzinaprawa\" style=\"text-align: justify;\"><span style=\"font-size: 12pt;\"><strong><span style=\"font-family: &quot;Calibri&quot;,sans-serif;\">UZNAWANIE KWALIFIKACJI ZAWODOWYCH<\/span><\/strong><\/span><\/p>\n<p class=\"Tekstpraswki\" style=\"text-align: justify;\"><span style=\"font-size: 12pt;\"><strong><span style=\"font-family: &quot;Calibri&quot;,sans-serif;\">Ustawa <\/span><\/strong><span style=\"font-family: &quot;Calibri&quot;,sans-serif;\">z dnia 22 grudnia 2015 r. o&nbsp;zasadach uznawania kwalifikacji zawodowych nabytych w&nbsp;pa\u0144stwach cz\u0142onkowskich Unii Europejskiej (Dz. U. z&nbsp;2016 r., poz. 65)<strong> &ndash; wesz\u0142a w&nbsp;\u017cycie z&nbsp;dniem 18 stycznia 2016 r.<\/strong><\/span><\/span><\/p>\n<p>&nbsp;<\/p>\n<p class=\"Dziedzinaprawa\" style=\"text-align: justify;\"><span style=\"font-size: 12pt;\"><strong><span style=\"font-family: &quot;Calibri&quot;,sans-serif;\">INFRASTRUKTURA I&nbsp;BUDOWNICTWO<\/span><\/strong><\/span><\/p>\n<p class=\"Tekstpraswki\" style=\"text-align: justify;\"><span style=\"font-size: 12pt;\"><strong><span style=\"font-family: &quot;Calibri&quot;,sans-serif;\">Rozporz\u0105dzenie <\/span><\/strong><span style=\"font-family: &quot;Calibri&quot;,sans-serif;\">Ministra Infrastruktury i&nbsp;Budownictwa z&nbsp;dnia 4 stycznia 2016 r. w&nbsp;sprawie krajowego rejestru infrastruktury kolejowej (Dz. U. z&nbsp;2016 r., poz. 63) <strong>&ndash; wejdzie w&nbsp;\u017cycie z&nbsp;dniem 29 stycznia 2016 r.<\/strong><\/span><\/span><\/p>\n<p>&nbsp;<\/p>\n<p class=\"Dziedzinaprawa\" style=\"text-align: justify;\"><span style=\"font-size: 12pt;\"><strong><span style=\"font-family: &quot;Calibri&quot;,sans-serif;\">PRAWO ROLNE<\/span><\/strong><\/span><\/p>\n<p class=\"Tekstpraswki\" style=\"text-align: justify;\"><span style=\"font-size: 12pt;\"><strong><span style=\"font-family: &quot;Calibri&quot;,sans-serif;\">Rozporz\u0105dzenie<\/span><\/strong><span style=\"font-family: &quot;Calibri&quot;,sans-serif;\"> Ministra Rolnictwa i&nbsp;Rozwoju Wsi z&nbsp;dnia 7 stycznia 2016 r. w&nbsp;sprawie wprowadzenia w&nbsp;2016 r. na terytorium Rzeczypospolitej Polskiej &#8220;Programu maj\u0105cego na celu wczesne wykrycie zaka\u017ce\u0144 wirusem wywo\u0142uj\u0105cym afryka\u0144ski pom&oacute;r \u015bwi\u0144 i&nbsp;poszerzenie wiedzy na temat tej choroby oraz jej zwalczanie&#8221; (Dz. U. z&nbsp;2016 r., poz. 70) <strong>&ndash; wesz\u0142o w&nbsp;\u017cycie z&nbsp;dniem 19 stycznia 2016 r.<\/strong><\/span><\/span><\/p>\n<p class=\"Tekstpraswki\" style=\"text-align: justify;\"><span style=\"font-size: 12pt;\"><strong><span style=\"font-family: &quot;Calibri&quot;,sans-serif;\">Rozporz\u0105dzenie<\/span><\/strong><span style=\"font-family: &quot;Calibri&quot;,sans-serif;\"> Ministra Rolnictwa i&nbsp;Rozwoju Wsi z&nbsp;dnia 7 stycznia 2016 r. w&nbsp;sprawie uznawania organizacji producent&oacute;w i&nbsp;zrzesze\u0144 organizacji producent&oacute;w oraz organizacji mi\u0119dzybran\u017cowych funkcjonuj\u0105cych na rynkach rolnych innych ni\u017c rynki mleka i&nbsp;przetwor&oacute;w mlecznych oraz owoc&oacute;w i&nbsp;warzyw (Dz. U. z&nbsp;2016 r., poz. 87) <strong>&ndash; wejdzie w&nbsp;\u017cycie z&nbsp;dniem 3 lutego 2016 r.<\/strong><\/span><\/span><\/p>\n<p>&nbsp;<\/p>\n<p class=\"Dziedzinaprawa\" style=\"text-align: justify;\"><span style=\"font-size: 12pt;\"><strong><span style=\"font-family: &quot;Calibri&quot;,sans-serif;\">STATYSTYKA PUBLICZNA<\/span><\/strong><\/span><\/p>\n<p class=\"Tekstpraswki\" style=\"text-align: justify;\"><span style=\"font-size: 12pt;\"><strong><span style=\"font-family: &quot;Calibri&quot;,sans-serif;\">Rozporz\u0105dzenie <\/span><\/strong><span style=\"font-family: &quot;Calibri&quot;,sans-serif;\">Rady Ministr&oacute;w z&nbsp;dnia 8 stycznia 2016 r. zmieniaj\u0105ce rozporz\u0105dzenie w&nbsp;sprawie programu bada\u0144 statystycznych statystyki publicznej na rok 2015 (Dz.&nbsp;U.&nbsp;z&nbsp;2016 r., poz. 84) <strong>&ndash; wejdzie w&nbsp;\u017cycie z&nbsp;dniem 23 stycznia 2016 r.<\/strong><\/span><\/span><\/p>\n<p class=\"Omwienie\" style=\"text-align: justify;\"><span style=\"font-size: 12pt;\"><span style=\"font-family: &quot;Calibri&quot;,sans-serif;\">W rozporz\u0105dzeniu Rady Ministr&oacute;w z&nbsp;dnia 27 sierpnia 2014 r. w&nbsp;sprawie programu bada\u0144 statystycznych statystyki publicznej na rok 2015 (Dz. U. poz. 1330, z&nbsp;p&oacute;\u017an. zm.) <\/span><span style=\"font-family: &quot;Calibri&quot;,sans-serif;\">zmianie ulegnie brzmienie z<\/span><span style=\"font-family: &quot;Calibri&quot;,sans-serif;\">a\u0142\u0105cznik<\/span><span style=\"font-family: &quot;Calibri&quot;,sans-serif;\">a<\/span><span style=\"font-family: &quot;Calibri&quot;,sans-serif;\"> do rozporz\u0105dzenia &#8220;Program bada\u0144 statystycznych statystyki publicznej na rok 2015&#8221;<\/span><span style=\"font-family: &quot;Calibri&quot;,sans-serif;\">.<\/span><\/span><\/p>\n<p>&nbsp;<\/p>\n<p class=\"Dziedzinaprawa\" style=\"text-align: justify;\"><span style=\"font-size: 12pt;\"><strong><span style=\"font-family: &quot;Calibri&quot;,sans-serif;\">PRAWO FINANSOWE I&nbsp;PODATKOWE<\/span><\/strong><\/span><\/p>\n<p class=\"Tekstpraswki\" style=\"text-align: justify;\"><span style=\"font-size: 12pt;\"><strong><span style=\"font-family: &quot;Calibri&quot;,sans-serif;\">Rozporz\u0105dzenie <\/span><\/strong><span style=\"font-family: &quot;Calibri&quot;,sans-serif;\">Ministra Finans&oacute;w <\/span><span style=\"font-family: &quot;Calibri&quot;,sans-serif;\">z dnia 14 stycznia 2016 r. <\/span><span style=\"font-family: &quot;Calibri&quot;,sans-serif;\">w sprawie pozas\u0105dowego post\u0119powania przed Rzecznikiem Finansowym<\/span><span style=\"font-family: &quot;Calibri&quot;,sans-serif;\"> (Dz. U. z&nbsp;2016 r., poz. 92)<strong> &ndash; wesz\u0142o w&nbsp;\u017cycie z&nbsp;dniem 21 stycznia 2016 r.<\/strong><\/span><\/span><\/p>\n<p class=\"Tekstpraswki\" style=\"text-align: justify;\"><span style=\"font-size: 12pt;\"><strong><span style=\"font-family: &quot;Calibri&quot;,sans-serif;\">Ustawa <\/span><\/strong><span style=\"font-family: &quot;Calibri&quot;,sans-serif;\">z dnia 15 stycznia 2016 r. o&nbsp;podatku od niekt&oacute;rych instytucji finansowych (Dz.&nbsp;U. z&nbsp;2016 r., poz. 68) <strong>&ndash; wejdzie w&nbsp;\u017cycie z&nbsp;dniem 1 lutego 2016 r.<\/strong> <\/span><\/span><\/p>\n<p>&nbsp;<\/p>\n<p class=\"Dziedzinaprawa\" style=\"text-align: justify;\"><span style=\"font-size: 12pt;\"><strong><span style=\"font-family: &quot;Calibri&quot;,sans-serif;\">PRAWO O&nbsp;SZKOLNICTWIE WY\u017bSZYM<\/span><\/strong><\/span><\/p>\n<p class=\"Tekstpraswki\" style=\"text-align: justify;\"><span style=\"font-size: 12pt;\"><strong><span style=\"font-family: &quot;Calibri&quot;,sans-serif;\">Rozporz\u0105dzenie<\/span><\/strong><span style=\"font-family: &quot;Calibri&quot;,sans-serif;\"> Ministra Nauki i&nbsp;Szkolnictwa Wy\u017cszego <\/span><span style=\"font-family: &quot;Calibri&quot;,sans-serif;\">z dnia 15 stycznia 2016 r. <\/span><span style=\"font-family: &quot;Calibri&quot;,sans-serif;\">zmieniaj\u0105ce rozporz\u0105dzenie w&nbsp;sprawie sposobu podzia\u0142u dotacji z&nbsp;bud\u017cetu pa\u0144stwa dla uczelni publicznych i&nbsp;niepublicznych oraz jednostek naukowych na pomoc materialn\u0105 dla student&oacute;w i&nbsp;doktorant&oacute;w<\/span><span style=\"font-family: &quot;Calibri&quot;,sans-serif;\"> (Dz. U. z&nbsp;2016 r., poz. 74) <strong>&ndash; wesz\u0142o w&nbsp;\u017cycie z&nbsp;dniem 19&nbsp;stycznia 2016 r.<\/strong><\/span><\/span><\/p>\n<p class=\"Omwienie\" style=\"text-align: justify;\"><span style=\"font-size: 12pt;\"><span style=\"font-family: &quot;Calibri&quot;,sans-serif;\">W rozporz\u0105dzeniu Ministra Nauki i&nbsp;Szkolnictwa Wy\u017cszego z&nbsp;dnia 19 lutego 2015 r. w<\/span><span style=\"font-family: &quot;Calibri&quot;,sans-serif;\">sprawie sposobu podzia\u0142u dotacji z&nbsp;bud\u017cetu pa\u0144stwa dla uczelni publicznych i<\/span><span style=\"font-family: &quot;Calibri&quot;,sans-serif;\">niepublicznych oraz jednostek naukowych na pomoc materialn\u0105 dla student&oacute;w i<\/span><span style=\"font-family: &quot;Calibri&quot;,sans-serif;\">doktorant&oacute;w (Dz. U. poz. 260) w&nbsp;&sect; 2 uchyla si\u0119 ust. 3.<\/span><\/span><\/p>\n<p>&nbsp;<\/p>\n","protected":false},"excerpt":{"rendered":"<p>We would like to present the next issue of legal bulletin of the Law Office of Adam Polowiec.What you will find here is some information about the new provisions of law and the projects of amendments to acts, but also case-laws including the case laws of Supreme Court, Constitutional Tribunal and European Court of Justice.<\/p>\n","protected":false},"author":3,"featured_media":0,"comment_status":"closed","ping_status":"open","sticky":false,"template":"","format":"standard","meta":{"footnotes":""},"categories":[2],"tags":[],"class_list":["post-611","post","type-post","status-publish","format-standard","hentry","category-wpisy"],"featured_image_src":{"landsacpe":false,"list":false,"medium":false,"full":false},"yoast_head":"<!-- This site is optimized with the Yoast SEO plugin v27.2 - https:\/\/yoast.com\/product\/yoast-seo-wordpress\/ -->\n<title>Legal Bulletin Of The Law Office Of Adam Polowiec (18 - 24 January 2016) - Polowiec i Wsp\u00f3lnicy - Kancelaria prawna<\/title>\n<meta name=\"robots\" content=\"index, follow, max-snippet:-1, max-image-preview:large, max-video-preview:-1\" \/>\n<link rel=\"canonical\" href=\"https:\/\/polowiec.pl\/en\/legal-bulletin-of-the-law-office-of-adam-polowiec-18-24-january-2016\/\" \/>\n<meta property=\"og:locale\" content=\"en_US\" \/>\n<meta property=\"og:type\" content=\"article\" \/>\n<meta property=\"og:title\" content=\"Legal Bulletin Of The Law Office Of Adam Polowiec (18 - 24 January 2016) - Polowiec i Wsp\u00f3lnicy - Kancelaria prawna\" \/>\n<meta property=\"og:description\" content=\"We would like to present the next issue of legal bulletin of the Law Office of Adam Polowiec.What you will find here is some information about the new provisions of law and the projects of amendments to acts, but also case-laws including the case laws of Supreme Court, Constitutional Tribunal and European Court of Justice.\" \/>\n<meta property=\"og:url\" content=\"https:\/\/polowiec.pl\/en\/legal-bulletin-of-the-law-office-of-adam-polowiec-18-24-january-2016\/\" \/>\n<meta property=\"og:site_name\" content=\"Polowiec i Wsp\u00f3lnicy - Kancelaria prawna\" \/>\n<meta property=\"article:publisher\" content=\"https:\/\/www.facebook.com\/polowieciwspolnicy\/\" \/>\n<meta property=\"article:published_time\" content=\"2016-05-26T15:05:08+00:00\" \/>\n<meta property=\"article:modified_time\" content=\"2019-04-18T15:34:26+00:00\" \/>\n<meta name=\"author\" content=\"Marcin Rusinek\" \/>\n<meta name=\"twitter:card\" content=\"summary_large_image\" \/>\n<meta name=\"twitter:label1\" content=\"Written by\" \/>\n\t<meta name=\"twitter:data1\" content=\"Marcin Rusinek\" \/>\n\t<meta name=\"twitter:label2\" content=\"Est. reading time\" \/>\n\t<meta name=\"twitter:data2\" content=\"6 minutes\" \/>\n<script type=\"application\/ld+json\" class=\"yoast-schema-graph\">{\"@context\":\"https:\/\/schema.org\",\"@graph\":[{\"@type\":\"Article\",\"@id\":\"https:\/\/polowiec.pl\/en\/legal-bulletin-of-the-law-office-of-adam-polowiec-18-24-january-2016\/#article\",\"isPartOf\":{\"@id\":\"https:\/\/polowiec.pl\/en\/legal-bulletin-of-the-law-office-of-adam-polowiec-18-24-january-2016\/\"},\"author\":{\"name\":\"Marcin Rusinek\",\"@id\":\"https:\/\/polowiec.pl\/en\/#\/schema\/person\/74c7526b6f52be5ae94031504f9ffec4\"},\"headline\":\"Legal Bulletin Of The Law Office Of Adam Polowiec (18 &#8211; 24 January 2016)\",\"datePublished\":\"2016-05-26T15:05:08+00:00\",\"dateModified\":\"2019-04-18T15:34:26+00:00\",\"mainEntityOfPage\":{\"@id\":\"https:\/\/polowiec.pl\/en\/legal-bulletin-of-the-law-office-of-adam-polowiec-18-24-january-2016\/\"},\"wordCount\":1145,\"publisher\":{\"@id\":\"https:\/\/polowiec.pl\/en\/#organization\"},\"articleSection\":[\"Wpisy\"],\"inLanguage\":\"en-US\"},{\"@type\":\"WebPage\",\"@id\":\"https:\/\/polowiec.pl\/en\/legal-bulletin-of-the-law-office-of-adam-polowiec-18-24-january-2016\/\",\"url\":\"https:\/\/polowiec.pl\/en\/legal-bulletin-of-the-law-office-of-adam-polowiec-18-24-january-2016\/\",\"name\":\"Legal Bulletin Of The Law Office Of Adam Polowiec (18 - 24 January 2016) - Polowiec i Wsp\u00f3lnicy - Kancelaria prawna\",\"isPartOf\":{\"@id\":\"https:\/\/polowiec.pl\/en\/#website\"},\"datePublished\":\"2016-05-26T15:05:08+00:00\",\"dateModified\":\"2019-04-18T15:34:26+00:00\",\"breadcrumb\":{\"@id\":\"https:\/\/polowiec.pl\/en\/legal-bulletin-of-the-law-office-of-adam-polowiec-18-24-january-2016\/#breadcrumb\"},\"inLanguage\":\"en-US\",\"potentialAction\":[{\"@type\":\"ReadAction\",\"target\":[\"https:\/\/polowiec.pl\/en\/legal-bulletin-of-the-law-office-of-adam-polowiec-18-24-january-2016\/\"]}]},{\"@type\":\"BreadcrumbList\",\"@id\":\"https:\/\/polowiec.pl\/en\/legal-bulletin-of-the-law-office-of-adam-polowiec-18-24-january-2016\/#breadcrumb\",\"itemListElement\":[{\"@type\":\"ListItem\",\"position\":1,\"name\":\"Strona g\u0142\u00f3wna\",\"item\":\"https:\/\/polowiec.pl\/en\/\"},{\"@type\":\"ListItem\",\"position\":2,\"name\":\"Legal Bulletin Of The Law Office Of Adam Polowiec (18 &#8211; 24 January 2016)\"}]},{\"@type\":\"WebSite\",\"@id\":\"https:\/\/polowiec.pl\/en\/#website\",\"url\":\"https:\/\/polowiec.pl\/en\/\",\"name\":\"Polowiec i Wsp\u00f3lnicy - Kancelaria prawna\",\"description\":\"Obs\u0142uga prawna\",\"publisher\":{\"@id\":\"https:\/\/polowiec.pl\/en\/#organization\"},\"potentialAction\":[{\"@type\":\"SearchAction\",\"target\":{\"@type\":\"EntryPoint\",\"urlTemplate\":\"https:\/\/polowiec.pl\/en\/?s={search_term_string}\"},\"query-input\":{\"@type\":\"PropertyValueSpecification\",\"valueRequired\":true,\"valueName\":\"search_term_string\"}}],\"inLanguage\":\"en-US\"},{\"@type\":\"Organization\",\"@id\":\"https:\/\/polowiec.pl\/en\/#organization\",\"name\":\"Polowiec i Wsp\u00f3lnicy - Kancelaria prawna\",\"url\":\"https:\/\/polowiec.pl\/en\/\",\"logo\":{\"@type\":\"ImageObject\",\"inLanguage\":\"en-US\",\"@id\":\"https:\/\/polowiec.pl\/en\/#\/schema\/logo\/image\/\",\"url\":\"https:\/\/polowiec.pl\/wp-content\/uploads\/2018\/10\/polowiec_logo2-1.png\",\"contentUrl\":\"https:\/\/polowiec.pl\/wp-content\/uploads\/2018\/10\/polowiec_logo2-1.png\",\"width\":540,\"height\":381,\"caption\":\"Polowiec i Wsp\u00f3lnicy - Kancelaria prawna\"},\"image\":{\"@id\":\"https:\/\/polowiec.pl\/en\/#\/schema\/logo\/image\/\"},\"sameAs\":[\"https:\/\/www.facebook.com\/polowieciwspolnicy\/\",\"https:\/\/www.linkedin.com\/company\/polowiec-i-wsplnicy-sp.j.\/about\/\"]},{\"@type\":\"Person\",\"@id\":\"https:\/\/polowiec.pl\/en\/#\/schema\/person\/74c7526b6f52be5ae94031504f9ffec4\",\"name\":\"Marcin Rusinek\",\"image\":{\"@type\":\"ImageObject\",\"inLanguage\":\"en-US\",\"@id\":\"https:\/\/secure.gravatar.com\/avatar\/b50a0a5c3e71d904f5e57a757d39977d01c43e075c6bf5b4df909ffbbe004790?s=96&d=mm&r=g\",\"url\":\"https:\/\/secure.gravatar.com\/avatar\/b50a0a5c3e71d904f5e57a757d39977d01c43e075c6bf5b4df909ffbbe004790?s=96&d=mm&r=g\",\"contentUrl\":\"https:\/\/secure.gravatar.com\/avatar\/b50a0a5c3e71d904f5e57a757d39977d01c43e075c6bf5b4df909ffbbe004790?s=96&d=mm&r=g\",\"caption\":\"Marcin Rusinek\"}}]}<\/script>\n<!-- \/ Yoast SEO plugin. -->","yoast_head_json":{"title":"Legal Bulletin Of The Law Office Of Adam Polowiec (18 - 24 January 2016) - Polowiec i Wsp\u00f3lnicy - Kancelaria prawna","robots":{"index":"index","follow":"follow","max-snippet":"max-snippet:-1","max-image-preview":"max-image-preview:large","max-video-preview":"max-video-preview:-1"},"canonical":"https:\/\/polowiec.pl\/en\/legal-bulletin-of-the-law-office-of-adam-polowiec-18-24-january-2016\/","og_locale":"en_US","og_type":"article","og_title":"Legal Bulletin Of The Law Office Of Adam Polowiec (18 - 24 January 2016) - Polowiec i Wsp\u00f3lnicy - Kancelaria prawna","og_description":"We would like to present the next issue of legal bulletin of the Law Office of Adam Polowiec.What you will find here is some information about the new provisions of law and the projects of amendments to acts, but also case-laws including the case laws of Supreme Court, Constitutional Tribunal and European Court of Justice.","og_url":"https:\/\/polowiec.pl\/en\/legal-bulletin-of-the-law-office-of-adam-polowiec-18-24-january-2016\/","og_site_name":"Polowiec i Wsp\u00f3lnicy - Kancelaria prawna","article_publisher":"https:\/\/www.facebook.com\/polowieciwspolnicy\/","article_published_time":"2016-05-26T15:05:08+00:00","article_modified_time":"2019-04-18T15:34:26+00:00","author":"Marcin Rusinek","twitter_card":"summary_large_image","twitter_misc":{"Written by":"Marcin Rusinek","Est. reading time":"6 minutes"},"schema":{"@context":"https:\/\/schema.org","@graph":[{"@type":"Article","@id":"https:\/\/polowiec.pl\/en\/legal-bulletin-of-the-law-office-of-adam-polowiec-18-24-january-2016\/#article","isPartOf":{"@id":"https:\/\/polowiec.pl\/en\/legal-bulletin-of-the-law-office-of-adam-polowiec-18-24-january-2016\/"},"author":{"name":"Marcin Rusinek","@id":"https:\/\/polowiec.pl\/en\/#\/schema\/person\/74c7526b6f52be5ae94031504f9ffec4"},"headline":"Legal Bulletin Of The Law Office Of Adam Polowiec (18 &#8211; 24 January 2016)","datePublished":"2016-05-26T15:05:08+00:00","dateModified":"2019-04-18T15:34:26+00:00","mainEntityOfPage":{"@id":"https:\/\/polowiec.pl\/en\/legal-bulletin-of-the-law-office-of-adam-polowiec-18-24-january-2016\/"},"wordCount":1145,"publisher":{"@id":"https:\/\/polowiec.pl\/en\/#organization"},"articleSection":["Wpisy"],"inLanguage":"en-US"},{"@type":"WebPage","@id":"https:\/\/polowiec.pl\/en\/legal-bulletin-of-the-law-office-of-adam-polowiec-18-24-january-2016\/","url":"https:\/\/polowiec.pl\/en\/legal-bulletin-of-the-law-office-of-adam-polowiec-18-24-january-2016\/","name":"Legal Bulletin Of The Law Office Of Adam Polowiec (18 - 24 January 2016) - Polowiec i Wsp\u00f3lnicy - Kancelaria prawna","isPartOf":{"@id":"https:\/\/polowiec.pl\/en\/#website"},"datePublished":"2016-05-26T15:05:08+00:00","dateModified":"2019-04-18T15:34:26+00:00","breadcrumb":{"@id":"https:\/\/polowiec.pl\/en\/legal-bulletin-of-the-law-office-of-adam-polowiec-18-24-january-2016\/#breadcrumb"},"inLanguage":"en-US","potentialAction":[{"@type":"ReadAction","target":["https:\/\/polowiec.pl\/en\/legal-bulletin-of-the-law-office-of-adam-polowiec-18-24-january-2016\/"]}]},{"@type":"BreadcrumbList","@id":"https:\/\/polowiec.pl\/en\/legal-bulletin-of-the-law-office-of-adam-polowiec-18-24-january-2016\/#breadcrumb","itemListElement":[{"@type":"ListItem","position":1,"name":"Strona g\u0142\u00f3wna","item":"https:\/\/polowiec.pl\/en\/"},{"@type":"ListItem","position":2,"name":"Legal Bulletin Of The Law Office Of Adam Polowiec (18 &#8211; 24 January 2016)"}]},{"@type":"WebSite","@id":"https:\/\/polowiec.pl\/en\/#website","url":"https:\/\/polowiec.pl\/en\/","name":"Polowiec i Wsp\u00f3lnicy - Kancelaria prawna","description":"Obs\u0142uga prawna","publisher":{"@id":"https:\/\/polowiec.pl\/en\/#organization"},"potentialAction":[{"@type":"SearchAction","target":{"@type":"EntryPoint","urlTemplate":"https:\/\/polowiec.pl\/en\/?s={search_term_string}"},"query-input":{"@type":"PropertyValueSpecification","valueRequired":true,"valueName":"search_term_string"}}],"inLanguage":"en-US"},{"@type":"Organization","@id":"https:\/\/polowiec.pl\/en\/#organization","name":"Polowiec i Wsp\u00f3lnicy - Kancelaria prawna","url":"https:\/\/polowiec.pl\/en\/","logo":{"@type":"ImageObject","inLanguage":"en-US","@id":"https:\/\/polowiec.pl\/en\/#\/schema\/logo\/image\/","url":"https:\/\/polowiec.pl\/wp-content\/uploads\/2018\/10\/polowiec_logo2-1.png","contentUrl":"https:\/\/polowiec.pl\/wp-content\/uploads\/2018\/10\/polowiec_logo2-1.png","width":540,"height":381,"caption":"Polowiec i Wsp\u00f3lnicy - Kancelaria prawna"},"image":{"@id":"https:\/\/polowiec.pl\/en\/#\/schema\/logo\/image\/"},"sameAs":["https:\/\/www.facebook.com\/polowieciwspolnicy\/","https:\/\/www.linkedin.com\/company\/polowiec-i-wsplnicy-sp.j.\/about\/"]},{"@type":"Person","@id":"https:\/\/polowiec.pl\/en\/#\/schema\/person\/74c7526b6f52be5ae94031504f9ffec4","name":"Marcin Rusinek","image":{"@type":"ImageObject","inLanguage":"en-US","@id":"https:\/\/secure.gravatar.com\/avatar\/b50a0a5c3e71d904f5e57a757d39977d01c43e075c6bf5b4df909ffbbe004790?s=96&d=mm&r=g","url":"https:\/\/secure.gravatar.com\/avatar\/b50a0a5c3e71d904f5e57a757d39977d01c43e075c6bf5b4df909ffbbe004790?s=96&d=mm&r=g","contentUrl":"https:\/\/secure.gravatar.com\/avatar\/b50a0a5c3e71d904f5e57a757d39977d01c43e075c6bf5b4df909ffbbe004790?s=96&d=mm&r=g","caption":"Marcin Rusinek"}}]}},"_links":{"self":[{"href":"https:\/\/polowiec.pl\/en\/wp-json\/wp\/v2\/posts\/611","targetHints":{"allow":["GET"]}}],"collection":[{"href":"https:\/\/polowiec.pl\/en\/wp-json\/wp\/v2\/posts"}],"about":[{"href":"https:\/\/polowiec.pl\/en\/wp-json\/wp\/v2\/types\/post"}],"author":[{"embeddable":true,"href":"https:\/\/polowiec.pl\/en\/wp-json\/wp\/v2\/users\/3"}],"replies":[{"embeddable":true,"href":"https:\/\/polowiec.pl\/en\/wp-json\/wp\/v2\/comments?post=611"}],"version-history":[{"count":0,"href":"https:\/\/polowiec.pl\/en\/wp-json\/wp\/v2\/posts\/611\/revisions"}],"wp:attachment":[{"href":"https:\/\/polowiec.pl\/en\/wp-json\/wp\/v2\/media?parent=611"}],"wp:term":[{"taxonomy":"category","embeddable":true,"href":"https:\/\/polowiec.pl\/en\/wp-json\/wp\/v2\/categories?post=611"},{"taxonomy":"post_tag","embeddable":true,"href":"https:\/\/polowiec.pl\/en\/wp-json\/wp\/v2\/tags?post=611"}],"curies":[{"name":"wp","href":"https:\/\/api.w.org\/{rel}","templated":true}]}}