{"id":615,"date":"2016-05-26T17:25:39","date_gmt":"2016-05-26T15:25:39","guid":{"rendered":"https:\/\/nowa.polowiec.pl\/legal-bulletin-of-the-law-office-of-adam-polowiec-1-7-february-2016\/"},"modified":"2019-04-18T17:32:01","modified_gmt":"2019-04-18T15:32:01","slug":"legal-bulletin-of-the-law-office-of-adam-polowiec-1-7-february-2016","status":"publish","type":"post","link":"https:\/\/polowiec.pl\/en\/legal-bulletin-of-the-law-office-of-adam-polowiec-1-7-february-2016\/","title":{"rendered":"Legal Bulletin Of The Law Office Of Adam Polowiec (1 &#8211; 7 February 2016)"},"content":{"rendered":"<p>We would like to present the next issue of legal bulletin of the Law Office of Adam Polowiec.<br \/>What you will find here is some information about the new provisions of law and the projects of amendments to acts, but also case-laws including the case laws of Supreme Court, Constitutional Tribunal and European Court of Justice.<\/p>\n<p>  <!--more-->  <\/p>\n<p class=\"NowePrawo\" style=\"text-align: justify;\"><span style=\"font-size: 12pt;\"><strong><span style=\"font-family: 'Calibri',sans-serif;\">_____Nowe Prawo<\/span><\/strong><\/span><\/p>\n<p class=\"Dziedzinaprawa\" style=\"text-align: justify;\"><span style=\"font-size: 12pt;\"><strong><span style=\"font-family: 'Calibri',sans-serif;\">PRAWO FINANSOWE<\/span><\/strong><\/span><\/p>\n<p class=\"Tekstpraswki\" style=\"text-align: justify;\"><span style=\"font-size: 12pt;\"><strong><span style=\"font-family: 'Calibri',sans-serif;\">Rozporz\u0105dzenie<\/span><\/strong><span style=\"font-family: 'Calibri',sans-serif;\"> Ministra Finans&oacute;w <\/span><span style=\"font-family: 'Calibri',sans-serif;\">z dnia 14 stycznia 2016 r.<\/span><span style=\"font-family: 'Calibri',sans-serif;\">w sprawie szczeg&oacute;\u0142owych warunk&oacute;w, jakie musi spe\u0142nia\u0107 rynek regulowany oraz platforma aukcyjna<\/span><span style=\"font-family: 'Calibri',sans-serif;\"> (Dz.&nbsp;U.&nbsp;z&nbsp;2016&nbsp;r., poz. 139)<strong> &ndash; wejdzie w&nbsp;\u017cycie z&nbsp;dniem 18 lutego 2016 r.<\/strong><\/span><\/span><\/p>\n<p>&nbsp;<\/p>\n<p class=\"Dziedzinaprawa\" style=\"text-align: justify;\"><span style=\"font-size: 12pt;\"><strong><span style=\"font-family: 'Calibri',sans-serif;\">OCHRONA OS&Oacute;B I&nbsp;MIENIA<\/span><\/strong><\/span><\/p>\n<p class=\"Tekstpraswki\" style=\"text-align: justify;\"><span style=\"font-size: 12pt;\"><strong><span style=\"font-family: 'Calibri',sans-serif;\">Rozporz\u0105dzenie <\/span><\/strong><span style=\"font-family: 'Calibri',sans-serif;\">Ministra Spraw Wewn\u0119trznych i&nbsp;Administracji z&nbsp;dnia 20&nbsp;stycznia&nbsp;2016&nbsp;r. zmieniaj\u0105ce rozporz\u0105dzenie w&nbsp;sprawie wymaga\u0144, jakim powinna odpowiada\u0107 ochrona warto\u015bci pieni\u0119\u017cnych przechowywanych i&nbsp;transportowanych przez przedsi\u0119biorc&oacute;w i&nbsp;inne jednostki organizacyjne (Dz. U. z&nbsp;2016 r., poz. 136) <strong>&ndash; wejdzie&nbsp;w&nbsp;\u017cycie z&nbsp;dniem 17 lutego 2016 r.<\/strong><\/span><\/span><\/p>\n<p class=\"Omwienie\" style=\"text-align: justify;\"><span style=\"font-size: 12pt;\"><span style=\"font-family: 'Calibri',sans-serif;\">W rozporz\u0105dzeniu Ministra Spraw Wewn\u0119trznych i&nbsp;Administracji z&nbsp;dnia 7 wrze\u015bnia 2010 r. w&nbsp;sprawie wymaga\u0144, jakim powinna odpowiada\u0107 ochrona warto\u015bci pieni\u0119\u017cnych przechowywanych i&nbsp;transportowanych przez przedsi\u0119biorc&oacute;w i&nbsp;inne jednostki organizacyjne (Dz. U. Nr 166, poz. 1128, z&nbsp;2012 r. poz. 1262 oraz z&nbsp;2013 r. poz. 1652) <\/span><span style=\"font-family: 'Calibri',sans-serif;\">zmianie ulegnie brzmienie<\/span><span style=\"font-family: 'Calibri',sans-serif;\"> &sect; 12 ust. 1<\/span><span style=\"font-family: 'Calibri',sans-serif;\">.<\/span><\/span><\/p>\n<p>&nbsp;<\/p>\n<p class=\"Dziedzinaprawa\" style=\"text-align: justify;\"><span style=\"font-size: 12pt;\"><strong><span style=\"font-family: 'Calibri',sans-serif;\">PRAWO HANDLOWE<\/span><\/strong><\/span><\/p>\n<p class=\"Tekstpraswki\" style=\"text-align: justify;\"><span style=\"font-size: 12pt;\"><strong><span style=\"font-family: 'Calibri',sans-serif;\">Rozporz\u0105dzenie<\/span><\/strong><span style=\"font-family: 'Calibri',sans-serif;\"> Ministra Sprawiedliwo\u015bci <\/span><span style=\"font-family: 'Calibri',sans-serif;\">z dnia 20 stycznia 2016 r.<\/span><span style=\"font-family: 'Calibri',sans-serif;\">zmieniaj\u0105ce rozporz\u0105dzenie w&nbsp;sprawie okre\u015blenia wzorc&oacute;w dotycz\u0105cych sp&oacute;\u0142ki z&nbsp;ograniczon\u0105 odpowiedzialno\u015bci\u0105 udost\u0119pnionych w&nbsp;systemie teleinformatycznym<\/span><span style=\"font-family: 'Calibri',sans-serif;\"> (Dz.&nbsp;U.&nbsp;z&nbsp;2016&nbsp;r.,&nbsp;poz. 133)<strong> &ndash; wejdzie w&nbsp;\u017cycie z&nbsp;dniem 1 kwietnia 2016 r.<\/strong><\/span><\/span><\/p>\n<p class=\"Omwienie\" style=\"text-align: justify;\"><span style=\"font-size: 12pt;\"><span style=\"font-family: 'Calibri',sans-serif;\">W rozporz\u0105dzeniu Ministra Sprawiedliwo\u015bci z&nbsp;dnia 14 stycznia 2015 r. w&nbsp;sprawie okre\u015blenia wzorc&oacute;w dotycz\u0105cych sp&oacute;\u0142ki z&nbsp;ograniczon\u0105 odpowiedzialno\u015bci\u0105 udost\u0119pnionych w&nbsp;systemie teleinformatycznym (Dz. U. poz. 69)<\/span><span style=\"font-family: 'Calibri',sans-serif;\"> zmianie ulegnie brzmienie &sect; 6, za\u0142\u0105cznika nr 5, za\u0142\u0105cznika nr 6, w&nbsp;&sect; 1 w&nbsp;ust. 1 w&nbsp;pkt 12 kropk\u0119 zast\u0119puje si\u0119 \u015brednikiem i&nbsp;dodaje si\u0119 pkt 13-19, dodany zostanie za\u0142\u0105cznik nr 13, za\u0142\u0105cznik nr 14, za\u0142\u0105cznik nr&nbsp;15&nbsp;za\u0142\u0105cznik nr 16, za\u0142\u0105cznik nr 17, za\u0142\u0105cznik nr 18, za\u0142\u0105cznik nr 19.<\/span><\/span><\/p>\n<p>&nbsp;<\/p>\n<p class=\"Dziedzinaprawa\" style=\"text-align: justify;\"><span style=\"font-size: 12pt;\"><strong><span style=\"font-family: 'Calibri',sans-serif;\">PRAWO O&nbsp;USTROJU S\u0104D&Oacute;W POWSZECHNYCH<\/span><\/strong><\/span><\/p>\n<p class=\"Tekstpraswki\" style=\"text-align: justify;\"><span style=\"font-size: 12pt;\"><strong><span style=\"font-family: 'Calibri',sans-serif;\">Rozporz\u0105dzenie <\/span><\/strong><span style=\"font-family: 'Calibri',sans-serif;\">Ministra Sprawiedliwo\u015bci z&nbsp;dnia 20 stycznia 2016 r. w&nbsp;sprawie prowadzenia listy sta\u0142ych mediator&oacute;w (Dz. U. z&nbsp;2016 r., poz. 122) <\/span><strong><span style=\"font-family: 'Calibri',sans-serif;\">&ndash; wesz\u0142o w&nbsp;\u017cycie z<\/span><\/strong><strong><span style=\"font-family: 'Calibri',sans-serif;\">dniem 29 stycznia 2016 r.<\/span><\/strong><\/span><\/p>\n<p>&nbsp;<\/p>\n<p class=\"Dziedzinaprawa\" style=\"text-align: justify;\"><span style=\"font-size: 12pt;\"><strong><span style=\"font-family: 'Calibri',sans-serif;\">WSPARCIE KREDYTOBIORC&Oacute;W<\/span><\/strong><\/span><\/p>\n<p class=\"Tekstpraswki\" style=\"text-align: justify;\"><span style=\"font-size: 12pt;\"><strong><span style=\"font-family: 'Calibri',sans-serif;\">Rozporz\u0105dzenie<\/span><\/strong><span style=\"font-family: 'Calibri',sans-serif;\"> Ministra <\/span><span style=\"font-family: 'Calibri',sans-serif;\">Finans&oacute;w z&nbsp;dnia 21 stycznia 2016 r.<\/span><span style=\"font-family: 'Calibri',sans-serif;\">w sprawie wynagrodzenia prowizyjnego dla Banku Gospodarstwa Krajowego z&nbsp;tytu\u0142u realizacji zada\u0144 wynikaj\u0105cych z&nbsp;ustawy o&nbsp;wsparciu kredytobiorc&oacute;w znajduj\u0105cych si\u0119 w&nbsp;trudnej sytuacji finansowej, kt&oacute;rzy zaci\u0105gn\u0119li kredyt mieszkaniowy<\/span><span style=\"font-family: 'Calibri',sans-serif;\"> (Dz. U. z&nbsp;2016 r., poz. 134) <strong>&ndash; wejdzie w&nbsp;\u017cycie z&nbsp;dniem 17 lutego 2016 r.<\/strong><\/span><\/span><\/p>\n<p>&nbsp;<\/p>\n<p class=\"Dziedzinaprawa\" style=\"text-align: justify;\"><span style=\"font-size: 12pt;\"><strong><span style=\"font-family: 'Calibri',sans-serif;\">PRAWO ROLNE<\/span><\/strong><\/span><\/p>\n<p class=\"Tekstpraswki\" style=\"text-align: justify;\"><span style=\"font-size: 12pt;\"><strong><span style=\"font-family: 'Calibri',sans-serif;\">Rozporz\u0105dzenie<\/span><\/strong><span style=\"font-family: 'Calibri',sans-serif;\"> Rady Ministr&oacute;w z&nbsp;dnia 22 stycznia 2016 r. w&nbsp;sprawie realizacji przez Agencj\u0119 Rynku Rolnego zada\u0144 zwi\u0105zanych z&nbsp;ustanowieniem tymczasowej nadzwyczajnej pomocy dla rolnik&oacute;w w&nbsp;sektorach hodowlanych (Dz. U. z&nbsp;2016 r., poz. 141) <strong>&ndash; wejdzie&nbsp;w&nbsp;\u017cycie z&nbsp;dniem 18 lutego 2016 r.<\/strong><\/span><\/span><\/p>\n<p class=\"Tekstpraswki\" style=\"text-align: justify;\"><span style=\"font-size: 12pt;\"><strong><span style=\"font-family: 'Calibri',sans-serif;\">Rozporz\u0105dzenie<\/span><\/strong><span style=\"font-family: 'Calibri',sans-serif;\"> Ministra <\/span><span style=\"font-family: 'Calibri',sans-serif;\">Finans&oacute;w <\/span><span style=\"font-family: 'Calibri',sans-serif;\">z dnia 28 stycznia 2016 r. w&nbsp;sprawie przyznania Agencji Rynku Rolnego akredytacji jako agencji p\u0142atniczej, w&nbsp;zakresie uruchamiania \u015brodk&oacute;w pochodz\u0105cych z&nbsp;Europejskiego Funduszu Rolniczego Gwarancji (Dz.&nbsp;U.&nbsp;z&nbsp;2016&nbsp;r.,&nbsp;poz. 135)<strong> &ndash; wesz\u0142o w&nbsp;\u017cycie z&nbsp;dniem 3 lutego 2016 r., z&nbsp;moc\u0105&nbsp;od&nbsp;dnia 20 stycznia 2016 r.<\/strong><\/span><\/span><\/p>\n<p>&nbsp;<\/p>\n<p class=\"Dziedzinaprawa\" style=\"text-align: justify;\"><span style=\"font-size: 12pt;\"><strong><span style=\"font-family: 'Calibri',sans-serif;\">PRAWO OCHRONY <\/span><span style=\"font-family: 'Calibri',sans-serif;\">\u015a<\/span><span style=\"font-family: 'Calibri',sans-serif;\">RODOWISKA<\/span><\/strong><\/span><\/p>\n<p class=\"Tekstpraswki\" style=\"text-align: justify;\"><span style=\"font-size: 12pt;\"><strong><span style=\"font-family: 'Calibri',sans-serif;\">Rozporz\u0105dzenie<\/span><\/strong><span style=\"font-family: 'Calibri',sans-serif;\"> Ministra Rozwoju z&nbsp;dnia 29 stycznia 2016 r. w&nbsp;sprawie rodzaj&oacute;w i&nbsp;ilo\u015bci znajduj\u0105cych si\u0119 w&nbsp;zak\u0142adzie substancji niebezpiecznych, decyduj\u0105cych o&nbsp;zaliczeniu zak\u0142adu do zak\u0142adu o&nbsp;zwi\u0119kszonym lub du\u017cym ryzyku wyst\u0105pienia powa\u017cnej awarii przemys\u0142owej (Dz. U. z&nbsp;2016 r., poz. 138) <strong>&ndash; wejdzie w&nbsp;\u017cycie z&nbsp;dniem 17&nbsp;lutego&nbsp;2016&nbsp;r.<\/strong><\/span><\/span><\/p>\n<p>&nbsp;<\/p>\n<p class=\"Dziedzinaprawa\" style=\"text-align: justify;\"><span style=\"font-size: 12pt;\"><strong><span style=\"font-family: 'Calibri',sans-serif;\">PRAWO ADMINISTRACYJNE<\/span><\/strong><\/span><\/p>\n<p class=\"Tekstpraswki\" style=\"text-align: justify;\"><span style=\"font-size: 12pt;\"><strong><span style=\"font-family: 'Calibri',sans-serif;\">Rozporz\u0105dzenie<\/span><\/strong><span style=\"font-family: 'Calibri',sans-serif;\"> Rady Ministr&oacute;w <\/span><span style=\"font-family: 'Calibri',sans-serif;\">z dnia 25 stycznia 2016 r.<\/span><span style=\"font-family: 'Calibri',sans-serif;\">zmieniaj\u0105ce rozporz\u0105dzenie w&nbsp;sprawie okre\u015blenia wzoru i&nbsp;sposobu udost\u0119pniania urz\u0119dowego formularza wniosku o<\/span><span style=\"font-family: 'Calibri',sans-serif;\">przyznanie prawa pomocy w&nbsp;post\u0119powaniu przed s\u0105dami administracyjnymi oraz sposobu dokumentowania stanu maj\u0105tkowego, dochod&oacute;w lub stanu rodzinnego wnioskodawcy<\/span><span style=\"font-family: 'Calibri',sans-serif;\"> (Dz. U. z&nbsp;2016 r., poz. 142) <strong>&ndash; wejdzie w&nbsp;\u017cycie z&nbsp;dniem 11&nbsp;lutego&nbsp;2016 r.<\/strong><\/span><\/span><\/p>\n<p class=\"Omwienie\" style=\"text-align: justify;\"><span style=\"font-size: 12pt;\"><span style=\"font-family: 'Calibri',sans-serif;\">W rozporz\u0105dzeniu Rady Ministr&oacute;w z&nbsp;dnia 19 sierpnia 2015 r. w&nbsp;sprawie okre\u015blenia wzoru i<\/span><span style=\"font-family: 'Calibri',sans-serif;\">sposobu udost\u0119pniania urz\u0119dowego formularza wniosku o&nbsp;przyznanie prawa pomocy w<\/span><span style=\"font-family: 'Calibri',sans-serif;\">post\u0119powaniu przed s\u0105dami administracyjnymi oraz sposobu dokumentowania stanu maj\u0105tkowego, dochod&oacute;w lub stanu rodzinnego wnioskodawcy (Dz. U. poz. 1257)<\/span><span style=\"font-family: 'Calibri',sans-serif;\"> zmianie ulegnie brzmienie pkt 7 za\u0142\u0105cznika nr 1 do rozporz\u0105dzenia w&nbsp;cz\u0119\u015bci oznaczonej &#8220;POUCZENIE&#8221;, pkt 7 za\u0142\u0105cznika nr 2 do rozporz\u0105dzenia w&nbsp;cz\u0119\u015bci oznaczonej &#8220;POUCZENIE&#8221;.<\/span><\/span><\/p>\n<p>&nbsp;<\/p>\n<p class=\"Dziedzinaprawa\" style=\"text-align: justify;\"><span style=\"font-size: 12pt;\"><strong><span style=\"font-family: 'Calibri',sans-serif;\">PRAWO MI\u0118DZYNARODOWE<\/span><\/strong><\/span><\/p>\n<p class=\"Tekstpraswki\" style=\"text-align: justify;\"><span style=\"font-size: 12pt;\"><strong><span style=\"font-family: 'Calibri',sans-serif;\">Rozporz\u0105dzenie <\/span><\/strong><span style=\"font-family: 'Calibri',sans-serif;\">Ministra Finans&oacute;w <\/span><span style=\"font-family: 'Calibri',sans-serif;\">z dnia 26 stycznia 2016 r.<\/span><span style=\"font-family: 'Calibri',sans-serif;\">w sprawie szczeg&oacute;\u0142owych warunk&oacute;w stosowania procedur sprawdzaj\u0105cych oraz przypadk&oacute;w, w&nbsp;kt&oacute;rych mo\u017cliwy jest wyb&oacute;r okre\u015blonych sposob&oacute;w post\u0119powania na podstawie Umowy FATCA<\/span><span style=\"font-family: 'Calibri',sans-serif;\"> (Dz.&nbsp;U.&nbsp;z&nbsp;2016&nbsp;r., poz. 123)<\/span><strong><span style=\"font-family: 'Calibri',sans-serif;\"> &ndash; wesz\u0142o w&nbsp;\u017cycie z&nbsp;dniem <\/span><\/strong><strong><span style=\"font-family: 'Calibri',sans-serif;\">30<\/span><\/strong><strong><span style=\"font-family: 'Calibri',sans-serif;\"> stycznia 2016 r.<\/span><\/strong><\/span><\/p>\n<p>&nbsp;<\/p>\n<p class=\"Dziedzinaprawa\" style=\"text-align: justify;\"><span style=\"font-size: 12pt;\"><strong><span style=\"font-family: 'Calibri',sans-serif; background: white none repeat scroll 0% 0%;\">DZIA\u0141ALNO\u015a<\/span><span style=\"font-family: 'Calibri',sans-serif; background: white none repeat scroll 0% 0%;\">\u0106<\/span><span style=\"font-family: 'Calibri',sans-serif; background: white none repeat scroll 0% 0%;\"> UBEZPIECZENIOW<\/span><span style=\"font-family: 'Calibri',sans-serif; background: white none repeat scroll 0% 0%;\">A<\/span><span style=\"font-family: 'Calibri',sans-serif; background: white none repeat scroll 0% 0%;\"> I&nbsp;REASEKURACYJN<\/span><span style=\"font-family: 'Calibri',sans-serif; background: white none repeat scroll 0% 0%;\">A<\/span><\/strong><\/span><\/p>\n<p class=\"Tekstpraswki\" style=\"text-align: justify;\"><span style=\"font-size: 12pt;\"><strong><span style=\"font-family: 'Calibri',sans-serif;\">Rozporz\u0105dzenie <\/span><\/strong><span style=\"font-family: 'Calibri',sans-serif;\">Ministra Finans&oacute;w z&nbsp;dnia 26 stycznia 2016 r. w&nbsp;sprawie sk\u0142adki cz\u0142onkowskiej p\u0142aconej na rzecz Polskiej Izby Ubezpiecze\u0144 (<\/span><span style=\"font-family: 'Calibri',sans-serif;\">Dz.<\/span><span style=\"font-family: 'Calibri',sans-serif;\">U.<\/span><span style=\"font-family: 'Calibri',sans-serif;\"> z&nbsp;<\/span><span style=\"font-family: 'Calibri',sans-serif;\">2016<\/span><span style=\"font-family: 'Calibri',sans-serif;\"> r<\/span><span style=\"font-family: 'Calibri',sans-serif;\">.<\/span><span style=\"font-family: 'Calibri',sans-serif;\">, poz. <\/span><span style=\"font-family: 'Calibri',sans-serif;\">126<\/span><span style=\"font-family: 'Calibri',sans-serif;\">) <strong>&ndash; wesz\u0142o w&nbsp;\u017cycie z&nbsp;dniem 2 lutego 2016 r.<\/strong><\/span><\/span><\/p>\n<p>&nbsp;<\/p>\n<p class=\"Dziedzinaprawa\" style=\"text-align: justify;\"><span style=\"font-size: 12pt;\"><strong><span style=\"font-family: 'Calibri',sans-serif;\">S\u0141U\u017bBA CYWILNA<\/span><\/strong><\/span><\/p>\n<p class=\"Tekstpraswki\" style=\"text-align: justify;\"><span style=\"font-size: 12pt;\"><strong><span style=\"font-family: 'Calibri',sans-serif;\">Rozporz\u0105dzenie <\/span><\/strong><span style=\"font-family: 'Calibri',sans-serif;\">Prezesa Rady Ministr&oacute;w z&nbsp;dnia 29 stycznia 2016 r. w&nbsp;sprawie okre\u015blenia stanowisk urz\u0119dniczych, wymaganych kwalifikacji zawodowych, stopni s\u0142u\u017cbowych urz\u0119dnik&oacute;w s\u0142u\u017cby cywilnej, mno\u017cnik&oacute;w do ustalania wynagrodzenia oraz szczeg&oacute;\u0142owych zasad ustalania i&nbsp;wyp\u0142acania innych \u015bwiadcze\u0144 przys\u0142uguj\u0105cych cz\u0142onkom korpusu s\u0142u\u017cby cywilnej (Dz. U. z&nbsp;2016 r., poz. 125)<strong> &ndash; wesz\u0142o w&nbsp;\u017cycie z&nbsp;dniem 2&nbsp;lutego 2016 r.<\/strong><\/span><\/span><\/p>\n<p>&nbsp;<\/p>\n<p class=\"NowePrawo\" style=\"text-align: justify;\"><span style=\"font-size: 12pt;\"><strong><span style=\"font-family: 'Calibri',sans-serif;\">_____Orzecznictwo<\/span><\/strong><\/span><\/p>\n<p class=\"SdNajwyszy\" style=\"text-align: justify;\"><span style=\"font-size: 12pt;\"><strong><span style=\"font-family: 'Calibri',sans-serif;\">S\u0105d Najwy\u017cszy<\/span><\/strong><\/span><\/p>\n<p class=\"Dziedzinaprawa\" style=\"text-align: justify;\"><span style=\"font-size: 12pt;\"><strong><span style=\"font-family: 'Calibri',sans-serif;\">WYDATKI ZWI\u0104ZANE Z&nbsp;OSKAR\u017bENIEM<\/span><\/strong><\/span><\/p>\n<p class=\"Tekstpraswki\" style=\"text-align: justify;\"><span style=\"font-size: 12pt; font-family: 'Calibri',sans-serif;\">Wydatki zwi\u0105zane z&nbsp;oskar\u017ceniem, o&nbsp;kt&oacute;rych mowa w&nbsp;art. 630 k.p.k. to tak\u017ce wydatki poniesione przez oskar\u017conego w&nbsp;zwi\u0105zku z&nbsp;ustanowieniem w&nbsp;sprawie jednego obro\u0144cy z&nbsp;wyboru. W&nbsp;wypadku cz\u0119\u015bciowego uniewinnienia oskar\u017conego lub cz\u0119\u015bciowego umorzenia prowadzonego przeciwko niemu post\u0119powania mo\u017ce on zatem domaga\u0107 si\u0119 od Skarbu Pa\u0144stwa w&nbsp;tej cz\u0119\u015bci zwrotu tych koszt&oacute;w <strong>&ndash; Uchwa\u0142a S\u0105du Najwy\u017cszego z&nbsp;dnia 28 stycznia 2016 r., sygn. akt I&nbsp;KZP 16\/15.<\/strong><\/span><\/p>\n<p>&nbsp;<\/p>\n<p class=\"Dziedzinaprawa\" style=\"text-align: justify;\"><span style=\"font-size: 12pt;\"><strong><span style=\"font-family: 'Calibri',sans-serif;\">PRZECIWDZIA\u0141ANIE NARKOMANII<\/span><\/strong><\/span><\/p>\n<p class=\"Tekstpraswki\" style=\"text-align: justify;\"><span style=\"font-size: 12pt; font-family: 'Calibri',sans-serif;\">Do przest\u0119pstw z&nbsp;art. 56 ust. 1 i&nbsp;3 ustawy z&nbsp;dnia 29 lipca 2005 roku o&nbsp;przeciwdzia\u0142aniu narkomanii (Dz.U. Nr 179 poz. 1485) pope\u0142nionych przez sprawc\u0119, kt&oacute;ry dzia\u0142a wy\u0142\u0105cznie poza granicami Polski ma zastosowanie art. 113 k.k. <strong>&ndash; Uchwa\u0142a S\u0105du Najwy\u017cszego z&nbsp;dnia 28 stycznia 2016 r., sygn. akt I&nbsp;KZP 15\/15.<\/strong><\/span><\/p>\n<p>&nbsp;<\/p>\n<p class=\"Dziedzinaprawa\" style=\"text-align: justify;\"><span style=\"font-size: 12pt;\"><strong><span style=\"font-family: 'Calibri',sans-serif;\">PRZED\u0141U\u017bENIE DOCHODZENIA W&nbsp;SPRAWIE O&nbsp;PRZEST\u0118PSTWO SKARBOWE<\/span><\/strong><\/span><\/p>\n<p class=\"Tekstpraswki\" style=\"text-align: justify;\"><span style=\"font-size: 12pt; font-family: 'Calibri',sans-serif;\">Przed\u0142u\u017cenie przez w\u0142a\u015bciwego prokuratora, na podstawie art. 153 &sect; 1 zdanie trzecie k.&nbsp;k.&nbsp;s., na okres powy\u017cej 6 miesi\u0119cy, dochodzenia w&nbsp;sprawie o&nbsp;przest\u0119pstwo skarbowe, prowadzonego przez finansowy organ post\u0119powania przygotowawczego i&nbsp;nadzorowanego przez organ nadrz\u0119dny nad tym organem, oznacza obj\u0119cie przez prokuratora nadzorem tego dochodzenia, obliguj\u0105c go do realizowania swoich uprawnie\u0144 p\u0142yn\u0105cych z&nbsp;art.&nbsp;298&nbsp;&sect;&nbsp;1 i&nbsp;art. 326 k.p.k. w&nbsp;zw. z&nbsp;art. 113 &sect; 1 k. k. s. Dopiero z&nbsp;chwil\u0105 takiego przed\u0142u\u017cenia mo\u017cna m&oacute;wi\u0107 o&nbsp;spe\u0142nieniu si\u0119, przewidzianego w&nbsp;art. 1 ust. 1 ustawy z&nbsp;dnia 17 czerwca 2004 r. o&nbsp;skardze na naruszenie prawa strony do rozpoznania sprawy w&nbsp;post\u0119powaniu przygotowawczym prowadzonym lub nadzorowanym przez prokuratora i&nbsp;post\u0119powaniu s\u0105dowym bez nieuzasadnionej zw\u0142oki, wymogu co najmniej nadzorowania przez prokuratora takiego dochodzenia, jako warunku dopuszczalno\u015bci skargi na przewlek\u0142o\u015b\u0107 post\u0119powania, je\u017celi przewlek\u0142o\u015b\u0107 ta zaistnieje w&nbsp;czasie sprawowania takiego nadzoru <strong>&ndash; Uchwa\u0142a S\u0105du Najwy\u017cszego z&nbsp;dnia 28 stycznia 2016 r., sygn.&nbsp;akt I&nbsp;KZP 13\/15.<\/strong><\/span><\/p>\n<p>&nbsp;<\/p>\n<p class=\"Dziedzinaprawa\" style=\"text-align: justify;\"><span style=\"font-size: 12pt;\"><strong><span style=\"font-family: 'Calibri',sans-serif;\">BEZKUTECZNO\u015a\u0106 CZYNNO\u015aCI PRAWNEJ D\u0141U\u017bNIKA Z&nbsp;OSOB\u0104 TRZECI\u0104<\/span><\/strong><\/span><\/p>\n<p class=\"Tekstpraswki\" style=\"text-align: justify;\"><span style=\"font-size: 12pt; font-family: 'Calibri',sans-serif;\">Po uznaniu przez s\u0105d bezskuteczno\u015bci czynno\u015bci prawnej d\u0142u\u017cnika z&nbsp;osob\u0105 trzeci\u0105 z&nbsp;powodu pokrzywdzenia wierzyciela, termin do wyst\u0105pienia z&nbsp;\u017c\u0105daniem uznania bezskuteczno\u015bci czynno\u015bci rozporz\u0105dzaj\u0105cej korzy\u015bci\u0105 mi\u0119dzy osob\u0105 trzeci\u0105, a&nbsp;osob\u0105 czwart\u0105 (art. 534 k.c.) liczy si\u0119 od daty jej dokonania<strong> &#8211; Uchwa\u0142a S\u0105du Najwy\u017cszego z&nbsp;dnia 28 stycznia 2016 r., sygn. akt III CZP 99\/15.<\/strong><\/span><\/p>\n<p>&nbsp;<\/p>\n<p class=\"Dziedzinaprawa\" style=\"text-align: justify;\"><span style=\"font-size: 12pt;\"><strong><span style=\"font-family: 'Calibri',sans-serif;\">OBNI\u017bENIE SK\u0141\u0104DKI NA UBEZPIECZENIE ZDROWOTNE<\/span><\/strong><\/span><\/p>\n<p class=\"Tekstpraswki\" style=\"text-align: justify;\"><span style=\"font-size: 12pt; font-family: 'Calibri',sans-serif;\">Sk\u0142adka na ubezpieczenie zdrowotne podlega obni\u017ceniu do wysoko\u015bci zaliczki na podatek dochodowy od os&oacute;b fizycznych w&nbsp;tej cz\u0119\u015bci, kt&oacute;r\u0105 oblicza si\u0119 od przychodu stanowi\u0105cego podstaw\u0119 wymiaru sk\u0142adki (art. 83 ust. 1 w&nbsp;zwi\u0105zku z&nbsp;art. 82 ust. 2 ustawy z&nbsp;dnia 27&nbsp;sierpnia 2004 r. o&nbsp;\u015bwiadczeniach opieki zdrowotnej finansowanych ze \u015brodk&oacute;w publicznych; jednolity tekst: Dz.U. z&nbsp;2015 r., poz. 581 ze zm.) <strong>&ndash; Uchwa\u0142a S\u0105du Najwy\u017cszego z&nbsp;dnia 2 lutego 2016 r., sygn. akt III UZP 18\/15.<\/strong><\/span><\/p>\n<p>&nbsp;<\/p>\n<p class=\"Dziedzinaprawa\" style=\"text-align: justify;\"><span style=\"font-size: 12pt;\"><strong><span style=\"font-family: 'Calibri',sans-serif;\">\u015aWIADCZENIE REHABILITACYJNE<\/span><\/strong><\/span><\/p>\n<p class=\"Tekstpraswki\" style=\"text-align: justify;\"><span style=\"font-size: 12pt; font-family: 'Calibri',sans-serif;\">Przes\u0142ank\u0105 przys\u0142ugiwania \u015bwiadczenia rehabilitacyjnego jest ustalenie, \u017ce dalsze leczenie lub rehabilitacja lecznicza rokuj\u0105 odzyskanie zdolno\u015bci do pracy, bez konieczno\u015bci stwierdzenia, \u017ce nast\u0105pi to w&nbsp;terminie 12 miesi\u0119cy od wyczerpania zasi\u0142ku chorobowego (art. 18 ust. 1 i&nbsp;2 ustawy z&nbsp;dnia 25 czerwca 1999 r. o&nbsp;\u015bwiadczeniach pieni\u0119\u017cnych z&nbsp;ubezpieczenia spo\u0142ecznego w&nbsp;razie choroby i&nbsp;macierzy\u0144stwa, jednolity tekst: Dz.U.&nbsp;z&nbsp;2014 r., poz. 159 ze zm.) <strong>&ndash; Uchwa\u0142a S\u0105du Najwy\u017cszego z&nbsp;dnia 2&nbsp;lutego&nbsp;2016 r., sygn. akt III UZP 16\/15.<\/strong><\/span><\/p>\n","protected":false},"excerpt":{"rendered":"<p>We would like to present the next issue of legal bulletin of the Law Office of Adam Polowiec.What you will find here is some information about the new provisions of law and the projects of amendments to acts, but also case-laws including the case laws of Supreme Court, Constitutional Tribunal and European Court of Justice.<\/p>\n","protected":false},"author":3,"featured_media":0,"comment_status":"closed","ping_status":"open","sticky":false,"template":"","format":"standard","meta":{"footnotes":""},"categories":[2],"tags":[],"class_list":["post-615","post","type-post","status-publish","format-standard","hentry","category-wpisy"],"featured_image_src":{"landsacpe":false,"list":false,"medium":false,"full":false},"yoast_head":"<!-- This site is optimized with the Yoast SEO plugin v27.2 - https:\/\/yoast.com\/product\/yoast-seo-wordpress\/ -->\n<title>Legal Bulletin Of The Law Office Of Adam Polowiec (1 - 7 February 2016) - Polowiec i Wsp\u00f3lnicy - Kancelaria prawna<\/title>\n<meta name=\"robots\" content=\"index, follow, max-snippet:-1, max-image-preview:large, max-video-preview:-1\" \/>\n<link rel=\"canonical\" href=\"https:\/\/polowiec.pl\/en\/legal-bulletin-of-the-law-office-of-adam-polowiec-1-7-february-2016\/\" \/>\n<meta property=\"og:locale\" content=\"en_US\" \/>\n<meta property=\"og:type\" content=\"article\" \/>\n<meta property=\"og:title\" content=\"Legal Bulletin Of The Law Office Of Adam Polowiec (1 - 7 February 2016) - Polowiec i Wsp\u00f3lnicy - Kancelaria prawna\" \/>\n<meta property=\"og:description\" content=\"We would like to present the next issue of legal bulletin of the Law Office of Adam Polowiec.What you will find here is some information about the new provisions of law and the projects of amendments to acts, but also case-laws including the case laws of Supreme Court, Constitutional Tribunal and European Court of Justice.\" \/>\n<meta property=\"og:url\" content=\"https:\/\/polowiec.pl\/en\/legal-bulletin-of-the-law-office-of-adam-polowiec-1-7-february-2016\/\" \/>\n<meta property=\"og:site_name\" content=\"Polowiec i Wsp\u00f3lnicy - Kancelaria prawna\" \/>\n<meta property=\"article:publisher\" content=\"https:\/\/www.facebook.com\/polowieciwspolnicy\/\" \/>\n<meta property=\"article:published_time\" content=\"2016-05-26T15:25:39+00:00\" \/>\n<meta property=\"article:modified_time\" content=\"2019-04-18T15:32:01+00:00\" \/>\n<meta name=\"author\" content=\"Marcin Rusinek\" \/>\n<meta name=\"twitter:card\" content=\"summary_large_image\" \/>\n<meta name=\"twitter:label1\" content=\"Written by\" \/>\n\t<meta name=\"twitter:data1\" content=\"Marcin Rusinek\" \/>\n\t<meta name=\"twitter:label2\" content=\"Est. reading time\" \/>\n\t<meta name=\"twitter:data2\" content=\"9 minutes\" \/>\n<script type=\"application\/ld+json\" class=\"yoast-schema-graph\">{\"@context\":\"https:\/\/schema.org\",\"@graph\":[{\"@type\":\"Article\",\"@id\":\"https:\/\/polowiec.pl\/en\/legal-bulletin-of-the-law-office-of-adam-polowiec-1-7-february-2016\/#article\",\"isPartOf\":{\"@id\":\"https:\/\/polowiec.pl\/en\/legal-bulletin-of-the-law-office-of-adam-polowiec-1-7-february-2016\/\"},\"author\":{\"name\":\"Marcin Rusinek\",\"@id\":\"https:\/\/polowiec.pl\/en\/#\/schema\/person\/74c7526b6f52be5ae94031504f9ffec4\"},\"headline\":\"Legal Bulletin Of The Law Office Of Adam Polowiec (1 &#8211; 7 February 2016)\",\"datePublished\":\"2016-05-26T15:25:39+00:00\",\"dateModified\":\"2019-04-18T15:32:01+00:00\",\"mainEntityOfPage\":{\"@id\":\"https:\/\/polowiec.pl\/en\/legal-bulletin-of-the-law-office-of-adam-polowiec-1-7-february-2016\/\"},\"wordCount\":1756,\"publisher\":{\"@id\":\"https:\/\/polowiec.pl\/en\/#organization\"},\"articleSection\":[\"Wpisy\"],\"inLanguage\":\"en-US\"},{\"@type\":\"WebPage\",\"@id\":\"https:\/\/polowiec.pl\/en\/legal-bulletin-of-the-law-office-of-adam-polowiec-1-7-february-2016\/\",\"url\":\"https:\/\/polowiec.pl\/en\/legal-bulletin-of-the-law-office-of-adam-polowiec-1-7-february-2016\/\",\"name\":\"Legal Bulletin Of The Law Office Of Adam Polowiec (1 - 7 February 2016) - Polowiec i Wsp\u00f3lnicy - Kancelaria prawna\",\"isPartOf\":{\"@id\":\"https:\/\/polowiec.pl\/en\/#website\"},\"datePublished\":\"2016-05-26T15:25:39+00:00\",\"dateModified\":\"2019-04-18T15:32:01+00:00\",\"breadcrumb\":{\"@id\":\"https:\/\/polowiec.pl\/en\/legal-bulletin-of-the-law-office-of-adam-polowiec-1-7-february-2016\/#breadcrumb\"},\"inLanguage\":\"en-US\",\"potentialAction\":[{\"@type\":\"ReadAction\",\"target\":[\"https:\/\/polowiec.pl\/en\/legal-bulletin-of-the-law-office-of-adam-polowiec-1-7-february-2016\/\"]}]},{\"@type\":\"BreadcrumbList\",\"@id\":\"https:\/\/polowiec.pl\/en\/legal-bulletin-of-the-law-office-of-adam-polowiec-1-7-february-2016\/#breadcrumb\",\"itemListElement\":[{\"@type\":\"ListItem\",\"position\":1,\"name\":\"Strona g\u0142\u00f3wna\",\"item\":\"https:\/\/polowiec.pl\/en\/\"},{\"@type\":\"ListItem\",\"position\":2,\"name\":\"Legal Bulletin Of The Law Office Of Adam Polowiec (1 &#8211; 7 February 2016)\"}]},{\"@type\":\"WebSite\",\"@id\":\"https:\/\/polowiec.pl\/en\/#website\",\"url\":\"https:\/\/polowiec.pl\/en\/\",\"name\":\"Polowiec i Wsp\u00f3lnicy - Kancelaria prawna\",\"description\":\"Obs\u0142uga prawna\",\"publisher\":{\"@id\":\"https:\/\/polowiec.pl\/en\/#organization\"},\"potentialAction\":[{\"@type\":\"SearchAction\",\"target\":{\"@type\":\"EntryPoint\",\"urlTemplate\":\"https:\/\/polowiec.pl\/en\/?s={search_term_string}\"},\"query-input\":{\"@type\":\"PropertyValueSpecification\",\"valueRequired\":true,\"valueName\":\"search_term_string\"}}],\"inLanguage\":\"en-US\"},{\"@type\":\"Organization\",\"@id\":\"https:\/\/polowiec.pl\/en\/#organization\",\"name\":\"Polowiec i Wsp\u00f3lnicy - Kancelaria prawna\",\"url\":\"https:\/\/polowiec.pl\/en\/\",\"logo\":{\"@type\":\"ImageObject\",\"inLanguage\":\"en-US\",\"@id\":\"https:\/\/polowiec.pl\/en\/#\/schema\/logo\/image\/\",\"url\":\"https:\/\/polowiec.pl\/wp-content\/uploads\/2018\/10\/polowiec_logo2-1.png\",\"contentUrl\":\"https:\/\/polowiec.pl\/wp-content\/uploads\/2018\/10\/polowiec_logo2-1.png\",\"width\":540,\"height\":381,\"caption\":\"Polowiec i Wsp\u00f3lnicy - Kancelaria prawna\"},\"image\":{\"@id\":\"https:\/\/polowiec.pl\/en\/#\/schema\/logo\/image\/\"},\"sameAs\":[\"https:\/\/www.facebook.com\/polowieciwspolnicy\/\",\"https:\/\/www.linkedin.com\/company\/polowiec-i-wsplnicy-sp.j.\/about\/\"]},{\"@type\":\"Person\",\"@id\":\"https:\/\/polowiec.pl\/en\/#\/schema\/person\/74c7526b6f52be5ae94031504f9ffec4\",\"name\":\"Marcin Rusinek\",\"image\":{\"@type\":\"ImageObject\",\"inLanguage\":\"en-US\",\"@id\":\"https:\/\/secure.gravatar.com\/avatar\/b50a0a5c3e71d904f5e57a757d39977d01c43e075c6bf5b4df909ffbbe004790?s=96&d=mm&r=g\",\"url\":\"https:\/\/secure.gravatar.com\/avatar\/b50a0a5c3e71d904f5e57a757d39977d01c43e075c6bf5b4df909ffbbe004790?s=96&d=mm&r=g\",\"contentUrl\":\"https:\/\/secure.gravatar.com\/avatar\/b50a0a5c3e71d904f5e57a757d39977d01c43e075c6bf5b4df909ffbbe004790?s=96&d=mm&r=g\",\"caption\":\"Marcin Rusinek\"}}]}<\/script>\n<!-- \/ Yoast SEO plugin. -->","yoast_head_json":{"title":"Legal Bulletin Of The Law Office Of Adam Polowiec (1 - 7 February 2016) - Polowiec i Wsp\u00f3lnicy - Kancelaria prawna","robots":{"index":"index","follow":"follow","max-snippet":"max-snippet:-1","max-image-preview":"max-image-preview:large","max-video-preview":"max-video-preview:-1"},"canonical":"https:\/\/polowiec.pl\/en\/legal-bulletin-of-the-law-office-of-adam-polowiec-1-7-february-2016\/","og_locale":"en_US","og_type":"article","og_title":"Legal Bulletin Of The Law Office Of Adam Polowiec (1 - 7 February 2016) - Polowiec i Wsp\u00f3lnicy - Kancelaria prawna","og_description":"We would like to present the next issue of legal bulletin of the Law Office of Adam Polowiec.What you will find here is some information about the new provisions of law and the projects of amendments to acts, but also case-laws including the case laws of Supreme Court, Constitutional Tribunal and European Court of Justice.","og_url":"https:\/\/polowiec.pl\/en\/legal-bulletin-of-the-law-office-of-adam-polowiec-1-7-february-2016\/","og_site_name":"Polowiec i Wsp\u00f3lnicy - Kancelaria prawna","article_publisher":"https:\/\/www.facebook.com\/polowieciwspolnicy\/","article_published_time":"2016-05-26T15:25:39+00:00","article_modified_time":"2019-04-18T15:32:01+00:00","author":"Marcin Rusinek","twitter_card":"summary_large_image","twitter_misc":{"Written by":"Marcin Rusinek","Est. reading time":"9 minutes"},"schema":{"@context":"https:\/\/schema.org","@graph":[{"@type":"Article","@id":"https:\/\/polowiec.pl\/en\/legal-bulletin-of-the-law-office-of-adam-polowiec-1-7-february-2016\/#article","isPartOf":{"@id":"https:\/\/polowiec.pl\/en\/legal-bulletin-of-the-law-office-of-adam-polowiec-1-7-february-2016\/"},"author":{"name":"Marcin Rusinek","@id":"https:\/\/polowiec.pl\/en\/#\/schema\/person\/74c7526b6f52be5ae94031504f9ffec4"},"headline":"Legal Bulletin Of The Law Office Of Adam Polowiec (1 &#8211; 7 February 2016)","datePublished":"2016-05-26T15:25:39+00:00","dateModified":"2019-04-18T15:32:01+00:00","mainEntityOfPage":{"@id":"https:\/\/polowiec.pl\/en\/legal-bulletin-of-the-law-office-of-adam-polowiec-1-7-february-2016\/"},"wordCount":1756,"publisher":{"@id":"https:\/\/polowiec.pl\/en\/#organization"},"articleSection":["Wpisy"],"inLanguage":"en-US"},{"@type":"WebPage","@id":"https:\/\/polowiec.pl\/en\/legal-bulletin-of-the-law-office-of-adam-polowiec-1-7-february-2016\/","url":"https:\/\/polowiec.pl\/en\/legal-bulletin-of-the-law-office-of-adam-polowiec-1-7-february-2016\/","name":"Legal Bulletin Of The Law Office Of Adam Polowiec (1 - 7 February 2016) - Polowiec i Wsp\u00f3lnicy - Kancelaria prawna","isPartOf":{"@id":"https:\/\/polowiec.pl\/en\/#website"},"datePublished":"2016-05-26T15:25:39+00:00","dateModified":"2019-04-18T15:32:01+00:00","breadcrumb":{"@id":"https:\/\/polowiec.pl\/en\/legal-bulletin-of-the-law-office-of-adam-polowiec-1-7-february-2016\/#breadcrumb"},"inLanguage":"en-US","potentialAction":[{"@type":"ReadAction","target":["https:\/\/polowiec.pl\/en\/legal-bulletin-of-the-law-office-of-adam-polowiec-1-7-february-2016\/"]}]},{"@type":"BreadcrumbList","@id":"https:\/\/polowiec.pl\/en\/legal-bulletin-of-the-law-office-of-adam-polowiec-1-7-february-2016\/#breadcrumb","itemListElement":[{"@type":"ListItem","position":1,"name":"Strona g\u0142\u00f3wna","item":"https:\/\/polowiec.pl\/en\/"},{"@type":"ListItem","position":2,"name":"Legal Bulletin Of The Law Office Of Adam Polowiec (1 &#8211; 7 February 2016)"}]},{"@type":"WebSite","@id":"https:\/\/polowiec.pl\/en\/#website","url":"https:\/\/polowiec.pl\/en\/","name":"Polowiec i Wsp\u00f3lnicy - Kancelaria prawna","description":"Obs\u0142uga prawna","publisher":{"@id":"https:\/\/polowiec.pl\/en\/#organization"},"potentialAction":[{"@type":"SearchAction","target":{"@type":"EntryPoint","urlTemplate":"https:\/\/polowiec.pl\/en\/?s={search_term_string}"},"query-input":{"@type":"PropertyValueSpecification","valueRequired":true,"valueName":"search_term_string"}}],"inLanguage":"en-US"},{"@type":"Organization","@id":"https:\/\/polowiec.pl\/en\/#organization","name":"Polowiec i Wsp\u00f3lnicy - Kancelaria prawna","url":"https:\/\/polowiec.pl\/en\/","logo":{"@type":"ImageObject","inLanguage":"en-US","@id":"https:\/\/polowiec.pl\/en\/#\/schema\/logo\/image\/","url":"https:\/\/polowiec.pl\/wp-content\/uploads\/2018\/10\/polowiec_logo2-1.png","contentUrl":"https:\/\/polowiec.pl\/wp-content\/uploads\/2018\/10\/polowiec_logo2-1.png","width":540,"height":381,"caption":"Polowiec i Wsp\u00f3lnicy - Kancelaria prawna"},"image":{"@id":"https:\/\/polowiec.pl\/en\/#\/schema\/logo\/image\/"},"sameAs":["https:\/\/www.facebook.com\/polowieciwspolnicy\/","https:\/\/www.linkedin.com\/company\/polowiec-i-wsplnicy-sp.j.\/about\/"]},{"@type":"Person","@id":"https:\/\/polowiec.pl\/en\/#\/schema\/person\/74c7526b6f52be5ae94031504f9ffec4","name":"Marcin Rusinek","image":{"@type":"ImageObject","inLanguage":"en-US","@id":"https:\/\/secure.gravatar.com\/avatar\/b50a0a5c3e71d904f5e57a757d39977d01c43e075c6bf5b4df909ffbbe004790?s=96&d=mm&r=g","url":"https:\/\/secure.gravatar.com\/avatar\/b50a0a5c3e71d904f5e57a757d39977d01c43e075c6bf5b4df909ffbbe004790?s=96&d=mm&r=g","contentUrl":"https:\/\/secure.gravatar.com\/avatar\/b50a0a5c3e71d904f5e57a757d39977d01c43e075c6bf5b4df909ffbbe004790?s=96&d=mm&r=g","caption":"Marcin Rusinek"}}]}},"_links":{"self":[{"href":"https:\/\/polowiec.pl\/en\/wp-json\/wp\/v2\/posts\/615","targetHints":{"allow":["GET"]}}],"collection":[{"href":"https:\/\/polowiec.pl\/en\/wp-json\/wp\/v2\/posts"}],"about":[{"href":"https:\/\/polowiec.pl\/en\/wp-json\/wp\/v2\/types\/post"}],"author":[{"embeddable":true,"href":"https:\/\/polowiec.pl\/en\/wp-json\/wp\/v2\/users\/3"}],"replies":[{"embeddable":true,"href":"https:\/\/polowiec.pl\/en\/wp-json\/wp\/v2\/comments?post=615"}],"version-history":[{"count":0,"href":"https:\/\/polowiec.pl\/en\/wp-json\/wp\/v2\/posts\/615\/revisions"}],"wp:attachment":[{"href":"https:\/\/polowiec.pl\/en\/wp-json\/wp\/v2\/media?parent=615"}],"wp:term":[{"taxonomy":"category","embeddable":true,"href":"https:\/\/polowiec.pl\/en\/wp-json\/wp\/v2\/categories?post=615"},{"taxonomy":"post_tag","embeddable":true,"href":"https:\/\/polowiec.pl\/en\/wp-json\/wp\/v2\/tags?post=615"}],"curies":[{"name":"wp","href":"https:\/\/api.w.org\/{rel}","templated":true}]}}