{"id":617,"date":"2016-05-26T17:38:45","date_gmt":"2016-05-26T15:38:45","guid":{"rendered":"https:\/\/nowa.polowiec.pl\/legal-bulletin-of-the-law-office-of-adam-polowiec-9-14-february-2016\/"},"modified":"2019-04-18T17:31:06","modified_gmt":"2019-04-18T15:31:06","slug":"legal-bulletin-of-the-law-office-of-adam-polowiec-9-14-february-2016","status":"publish","type":"post","link":"https:\/\/polowiec.pl\/en\/legal-bulletin-of-the-law-office-of-adam-polowiec-9-14-february-2016\/","title":{"rendered":"Legal Bulletin Of The Law Office Of Adam Polowiec (8 &#8211; 14 February 2016)"},"content":{"rendered":"<p>We would like to present the next issue of legal bulletin of the Law Office of Adam Polowiec.<br \/>What you will find here is some information about the new provisions of law and the projects of amendments to acts, but also case-laws including the case laws of Supreme Court, Constitutional Tribunal and European Court of Justice.<\/p>\n<p>  <!--more-->  <\/p>\n<p class=\"NowePrawo\" style=\"text-align: justify;\"><span style=\"font-size: 12pt;\"><strong><span style=\"font-family: 'Calibri',sans-serif;\">_____Nowe Prawo<\/span><\/strong><\/span><\/p>\n<p class=\"Dziedzinaprawa\" style=\"text-align: justify;\"><span style=\"font-size: 12pt;\"><strong><span style=\"font-family: 'Calibri',sans-serif;\">POST\u0118POWANIE W&nbsp;SPRAWACH O&nbsp;WYKROCZENIA<\/span><\/strong><\/span><\/p>\n<p class=\"Tekstpraswki\" style=\"text-align: justify;\"><span style=\"font-size: 12pt;\"><strong><span style=\"font-family: 'Calibri',sans-serif;\">Rozporz\u0105dzenie<\/span><\/strong><span style=\"font-family: 'Calibri',sans-serif;\"> Rady Ministr&oacute;w <\/span><span style=\"font-family: 'Calibri',sans-serif;\">z dnia 26 stycznia 2016 r.<\/span><span style=\"font-family: 'Calibri',sans-serif;\">w sprawie post\u0119powania w<\/span><span style=\"font-family: 'Calibri',sans-serif;\">zakresie formularzy mandatu karnego, mandat&oacute;w karnych generowanych przy wykorzystaniu systemu teleinformatycznego, grzywien nak\u0142adanych w&nbsp;drodze mandatu karnego oraz podmiot&oacute;w nabywaj\u0105cych odp\u0142atnie formularze mandatu karnego<\/span><span style=\"font-family: 'Calibri',sans-serif;\"> (Dz.&nbsp;U.&nbsp;z&nbsp;2016 r., poz. 151) <strong>&ndash; wesz\u0142o w&nbsp;\u017cycie z&nbsp;dniem 5 lutego 2016 r.<\/strong><\/span><\/span><\/p>\n<p>&nbsp;<\/p>\n<p class=\"Dziedzinaprawa\" style=\"text-align: justify;\"><span style=\"font-size: 12pt;\"><strong><span style=\"font-family: 'Calibri',sans-serif;\">DZIA\u0141ALNO\u015a\u0106 UBEZPIECZENIOWA I&nbsp;REASEKURACYJNA<\/span><\/strong><\/span><\/p>\n<p class=\"Tekstpraswki\" style=\"text-align: justify;\"><span style=\"font-size: 12pt;\"><strong><span style=\"font-family: 'Calibri',sans-serif;\">Rozporz\u0105dzenie<\/span><\/strong><span style=\"font-family: 'Calibri',sans-serif;\"> Ministra Finans&oacute;w <\/span><span style=\"font-family: 'Calibri',sans-serif;\">z dnia 2 lutego 2016 r.<\/span><span style=\"font-family: 'Calibri',sans-serif;\">w sprawie minimalnego zakresu danych zamieszczanych w&nbsp;ankiecie dotycz\u0105cej potrzeb ubezpieczaj\u0105cego lub ubezpieczonego<\/span><span style=\"font-family: 'Calibri',sans-serif;\"> (Dz. U. z&nbsp;2016 r., poz. 167) <strong>&ndash; wejdzie w&nbsp;\u017cycie z&nbsp;dniem 1&nbsp;kwietnia&nbsp;2016 r.<\/strong><\/span><\/span><\/p>\n<p>&nbsp;<\/p>\n<p class=\"Dziedzinaprawa\" style=\"text-align: justify;\"><span style=\"font-size: 12pt;\"><strong><span style=\"font-family: 'Calibri',sans-serif;\">OCHRONA OS&Oacute;B I&nbsp;MIENIA<\/span><\/strong><\/span><\/p>\n<p class=\"Tekstpraswki\" style=\"text-align: justify;\"><span style=\"font-size: 12pt;\"><strong><span style=\"font-family: 'Calibri',sans-serif;\">Ustawa<\/span><\/strong><span style=\"font-family: 'Calibri',sans-serif;\">z dnia 15 stycznia 2016 r.<\/span><span style=\"font-family: 'Calibri',sans-serif;\">o zmianie ustawy o&nbsp;Policji oraz niekt&oacute;rych innych ustaw<\/span><span style=\"font-family: 'Calibri',sans-serif;\"> (Dz. U. z&nbsp;2016 r., poz. 147) <strong>&ndash; wesz\u0142a w&nbsp;\u017cycie z&nbsp;dniem 7 lutego 2016 r.<\/strong><\/span><\/span><\/p>\n<p class=\"Omwienie\" style=\"text-align: justify;\"><span style=\"font-size: 12pt;\"><span style=\"font-family: 'Calibri',sans-serif;\">W ustawie z&nbsp;dnia 6 kwietnia 1990 r. o&nbsp;Policji (Dz. U. z&nbsp;2015 r. poz. 355, z&nbsp;p&oacute;\u017an. zm.)<\/span><span style=\"font-family: 'Calibri',sans-serif;\"> zmianie uleg\u0142o brzmienie art. 19, art. 20c, art. 20da ust. 1, dodany zosta\u0142 art. 20ca i&nbsp;art.&nbsp;20cb, uchylony zosta\u0142 art. 20d.<\/span><\/span><\/p>\n<p class=\"Omwienie\" style=\"text-align: justify;\"><span style=\"font-size: 12pt; font-family: 'Calibri',sans-serif;\">W ustawie z&nbsp;dnia 12 pa\u017adziernika 1990 r. o&nbsp;Stra\u017cy Granicznej (Dz.&nbsp;U.&nbsp;z&nbsp;2014&nbsp;r.&nbsp;poz.&nbsp;1402, z&nbsp;p&oacute;\u017an. zm.) zmianie uleg\u0142o brzmienie art. 9e, art. 10b, dodany zosta\u0142 art. 10ba i&nbsp;art. 10bb.<\/span><\/p>\n<p class=\"Omwienie\" style=\"text-align: justify;\"><span style=\"font-size: 12pt; font-family: 'Calibri',sans-serif;\">W ustawie z&nbsp;dnia 28 wrze\u015bnia 1991 r. o&nbsp;kontroli skarbowej (Dz.&nbsp;U.&nbsp;z&nbsp;2015&nbsp;r.&nbsp;poz.&nbsp;553,&nbsp;z&nbsp;p&oacute;\u017an. zm.) zmianie uleg\u0142o brzmienie art. 36b, art. 36c, art.&nbsp;36d, dodany zosta\u0142 art. 36ba i&nbsp;art. 36bb.<\/span><\/p>\n<p class=\"Omwienie\" style=\"text-align: justify;\"><span style=\"font-size: 12pt; font-family: 'Calibri',sans-serif;\">W ustawie z&nbsp;dnia 21 sierpnia 1997 r. &#8211; Prawo o&nbsp;ustroju s\u0105d&oacute;w wojskowych (Dz.&nbsp;U.&nbsp;z&nbsp;2015&nbsp;r. poz. 1198 i&nbsp;1890) dodany zosta\u0142 art. 6a.<\/span><\/p>\n<p class=\"Omwienie\" style=\"text-align: justify;\"><span style=\"font-size: 12pt; font-family: 'Calibri',sans-serif;\">W ustawie z&nbsp;dnia 27 lipca 2001 r. &#8211; Prawo o&nbsp;ustroju s\u0105d&oacute;w powszechnych (Dz.&nbsp;U.&nbsp;z&nbsp;2015&nbsp;r. poz. 133, z&nbsp;p&oacute;\u017an. zm.) zmianie uleg\u0142o brzmienie tytu\u0142 dzia\u0142u IVa, dodany zosta\u0142 art. 175b, w&nbsp;art. 16 w&nbsp;&sect; 4a w&nbsp;pkt 2 kropk\u0119 zast\u0105pi\u0142 \u015brednik i&nbsp;dodany zosta\u0142 pkt 3.<\/span><\/p>\n<p class=\"Omwienie\" style=\"text-align: justify;\"><span style=\"font-size: 12pt; font-family: 'Calibri',sans-serif;\">W ustawie z&nbsp;dnia 24 sierpnia 2001 r. o&nbsp;\u017bandarmerii Wojskowej i&nbsp;wojskowych organach porz\u0105dkowych (Dz. U. z&nbsp;2016 r. poz. 96) zmianie uleg\u0142o brzmienie art. 30, art. 31, dodany zosta\u0142 art. 30b i&nbsp;art. 30c.<\/span><\/p>\n<p class=\"Omwienie\" style=\"text-align: justify;\"><span style=\"font-size: 12pt; font-family: 'Calibri',sans-serif;\">W ustawie z&nbsp;dnia 24 maja 2002 r. o&nbsp;Agencji Bezpiecze\u0144stwa Wewn\u0119trznego oraz Agencji Wywiadu (Dz. U. z&nbsp;2015 r. poz. 1929 i&nbsp;2023) zmianie uleg\u0142o brzmienie art. 19 ust. 2, art.&nbsp;27, art. 28, dodany zosta\u0142 art. 28a i&nbsp;art. 28b.<\/span><\/p>\n<p class=\"Omwienie\" style=\"text-align: justify;\"><span style=\"font-size: 12pt; font-family: 'Calibri',sans-serif;\">W ustawie z&nbsp;dnia 18 lipca 2002 r. o&nbsp;\u015bwiadczeniu us\u0142ug drog\u0105 elektroniczn\u0105 (Dz.&nbsp;U.&nbsp;z&nbsp;2013&nbsp;r. poz. 1422 oraz z&nbsp;2015 r. poz. 1844) zmianie uleg\u0142o brzmienie art. 18 ust. 6.<\/span><\/p>\n<p class=\"Omwienie\" style=\"text-align: justify;\"><span style=\"font-size: 12pt; font-family: 'Calibri',sans-serif;\">W ustawie z&nbsp;dnia 16 lipca 2004 r. &#8211; Prawo telekomunikacyjne (Dz.&nbsp;U.&nbsp;z&nbsp;2014&nbsp;r.&nbsp;poz.&nbsp;243,&nbsp;z p&oacute;\u017an. zm.) w&nbsp;art. 179 po ust. 4c dodany zosta\u0142 ust. 4d, uchylony zosta\u0142 art. 180g, w&nbsp;art. 209 w&nbsp;ust. 1 uchylony zosta\u0142 pkt 28.<\/span><\/p>\n<p class=\"Omwienie\" style=\"text-align: justify;\"><span style=\"font-size: 12pt; font-family: 'Calibri',sans-serif;\">W ustawie z&nbsp;dnia 9 czerwca 2006 r. o&nbsp;S\u0142u\u017cbie Kontrwywiadu Wojskowego oraz S\u0142u\u017cbie Wywiadu Wojskowego (Dz. U. z&nbsp;2014 r. poz. 253, z&nbsp;p&oacute;\u017an. zm.) zmianie uleg\u0142o brzmienie art. 20 ust. 2, art. 31, art. 32, dodany zosta\u0142 art. 32a i&nbsp;art. 32b.<\/span><\/p>\n<p class=\"Omwienie\" style=\"text-align: justify;\"><span style=\"font-size: 12pt; font-family: 'Calibri',sans-serif;\">W ustawie z&nbsp;dnia 9 czerwca 2006 r. o&nbsp;Centralnym Biurze Antykorupcyjnym (Dz.&nbsp;U.&nbsp;z&nbsp;2014 r. poz. 1411, z&nbsp;p&oacute;\u017an. zm.) zmianie uleg\u0142o brzmienie art. 10 ust. 2, art. 17, art. 18, dodany zosta\u0142 art. 18a i&nbsp;art. 18b.<\/span><\/p>\n<p class=\"Omwienie\" style=\"text-align: justify;\"><span style=\"font-size: 12pt; font-family: 'Calibri',sans-serif;\">W ustawie z&nbsp;dnia 27 sierpnia 2009 r. o&nbsp;S\u0142u\u017cbie Celnej (Dz. U. z&nbsp;2015 r. poz. 990, z&nbsp;p&oacute;\u017an.&nbsp;zm.) zmianie uleg\u0142o brzmienie art. 75d, dodany zosta\u0142 art. 75da i&nbsp;art. 75db.<\/span><\/p>\n<p>&nbsp;<\/p>\n<p class=\"Dziedzinaprawa\" style=\"text-align: justify;\"><span style=\"font-size: 12pt;\"><strong><span style=\"font-family: 'Calibri',sans-serif;\">KONTROLA NIEKT&Oacute;RYCH INWESTYCJI<\/span><\/strong><\/span><\/p>\n<p class=\"Tekstpraswki\" style=\"text-align: justify;\"><span style=\"font-size: 12pt;\"><strong><span style=\"font-family: 'Calibri',sans-serif;\">Ustawa<\/span><\/strong><span style=\"font-family: 'Calibri',sans-serif;\"> z&nbsp;dnia 29 stycznia 2016 r. o&nbsp;zmianie ustawy o&nbsp;kontroli niekt&oacute;rych inwestycji (Dz.&nbsp;U. z&nbsp;2016 r., poz. 149) <strong>&ndash; wesz\u0142a w&nbsp;\u017cycie z&nbsp;dniem 6 lutego 2016 r.<\/strong><\/span><\/span><\/p>\n<p class=\"Omwienie\" style=\"text-align: justify;\"><span style=\"font-size: 12pt;\"><span style=\"font-family: 'Calibri',sans-serif;\">W ustawie z&nbsp;dnia 24 lipca 2015 r. o&nbsp;kontroli niekt&oacute;rych inwestycji (Dz.<\/span><span style=\"font-family: 'Calibri',sans-serif;\">U.<\/span><span style=\"font-family: 'Calibri',sans-serif;\">poz.<\/span><span style=\"font-family: 'Calibri',sans-serif;\">1272<\/span><span style=\"font-family: 'Calibri',sans-serif;\">i<\/span><span style=\"font-family: 'Calibri',sans-serif;\">2281)<\/span><span style=\"font-family: 'Calibri',sans-serif;\"> zmianie uleg\u0142o brzmienie art. 4 ust. 1, art. 10 ust. 1, art.&nbsp;11&nbsp;ust. 1, art. 13, art. 14 ust. 2.<\/span><\/span><\/p>\n<p>&nbsp;<\/p>\n<p class=\"Dziedzinaprawa\" style=\"text-align: justify;\"><span style=\"font-size: 12pt;\"><strong><span style=\"font-family: 'Calibri',sans-serif;\">PRAWO LOTNICZE<\/span><\/strong><\/span><\/p>\n<p class=\"Tekstpraswki\" style=\"text-align: justify;\"><span style=\"font-size: 12pt;\"><strong><span style=\"font-family: 'Calibri',sans-serif;\">Rozporz\u0105dzenie<\/span><\/strong><span style=\"font-family: 'Calibri',sans-serif;\"> Minister Obrony Narodowej <\/span><span style=\"font-family: 'Calibri',sans-serif;\">z dnia 4 lutego 2016 r.<\/span><span style=\"font-family: 'Calibri',sans-serif;\">zmieniaj\u0105ce rozporz\u0105dzenie w&nbsp;sprawie organizacji oraz dzia\u0142ania Komisji Badania Wypadk&oacute;w Lotniczych Lotnictwa Pa\u0144stwowego<\/span><span style=\"font-family: 'Calibri',sans-serif;\"> (Dz. U. z&nbsp;2016 r., poz. 148) <strong>&ndash; wesz\u0142o w&nbsp;\u017cycie z&nbsp;dniem 5 lutego 2016 r.<\/strong><\/span><\/span><\/p>\n<p class=\"Omwienie\" style=\"text-align: justify;\"><span style=\"font-size: 12pt;\"><span style=\"font-family: 'Calibri',sans-serif;\">W rozporz\u0105dzeniu Ministra Obrony Narodowej z&nbsp;dnia 14 czerwca 2012 r. w&nbsp;sprawie organizacji oraz dzia\u0142ania Komisji Badania Wypadk&oacute;w Lotniczych Lotnictwa Pa\u0144stwowego (Dz. U. z&nbsp;2015 r. poz. 1294)<\/span><span style=\"font-family: 'Calibri',sans-serif;\"> zmianie uleg\u0142o brzmienie &sect; 3, &sect; 4, &sect; 5, &sect; 11 pkt 3, &sect; 19 pkt 4, &sect; 28.<\/span><\/span><\/p>\n<p>&nbsp;<\/p>\n<p class=\"Dziedzinaprawa\" style=\"text-align: justify;\"><span style=\"font-size: 12pt;\"><strong><span style=\"font-family: 'Calibri',sans-serif;\">RATOWNICTWO MEDYCZNE<\/span><\/strong><\/span><\/p>\n<p class=\"Tekstpraswki\" style=\"text-align: justify;\"><span style=\"font-size: 12pt;\"><strong><span style=\"font-family: 'Calibri',sans-serif;\">Rozporz\u0105dzenie<\/span><\/strong><span style=\"font-family: 'Calibri',sans-serif;\"> Ministra Zdrowia <\/span><span style=\"font-family: 'Calibri',sans-serif;\">z dnia 25 stycznia 2016 r.<\/span><span style=\"font-family: 'Calibri',sans-serif;\">w sprawie centrum urazowego dla dzieci<\/span><span style=\"font-family: 'Calibri',sans-serif;\"> (Dz. U. z&nbsp;2016 r., poz. 145) <strong>&ndash; wejdzie w&nbsp;\u017cycie z&nbsp;dniem 1&nbsp;czerwca 2016 r., z&nbsp;wyj\u0105tkiem &sect; 2 ust. 1 pkt 5, kt&oacute;ry wchodzi w&nbsp;\u017cycie z&nbsp;dniem 1&nbsp;stycznia 2019 r.<\/strong><\/span><\/span><\/p>\n<p>&nbsp;<\/p>\n<p class=\"Dziedzinaprawa\" style=\"text-align: justify;\"><span style=\"font-size: 12pt;\"><strong><span style=\"font-family: 'Calibri',sans-serif;\">PRAWO ROLNE<\/span><\/strong><\/span><\/p>\n<p class=\"Tekstpraswki\" style=\"text-align: justify;\"><span style=\"font-size: 12pt;\"><strong><span style=\"font-family: 'Calibri',sans-serif;\">Rozporz\u0105dzenie<\/span><\/strong><span style=\"font-family: 'Calibri',sans-serif;\"> Ministra Rolnictwa i&nbsp;Rozwoju Wsi <\/span><span style=\"font-family: 'Calibri',sans-serif;\">z dnia 2 lutego 2016 r.<\/span><span style=\"font-family: 'Calibri',sans-serif;\">zmieniaj\u0105ce rozporz\u0105dzenie w&nbsp;sprawie szczeg&oacute;\u0142owego zakresu danych zamieszczanych w&nbsp;rejestrze zwierz\u0105t gospodarskich oznakowanych<\/span><span style=\"font-family: 'Calibri',sans-serif;\"> (Dz. U. z&nbsp;2016 r., poz. 164)<strong> &ndash; wejdzie w&nbsp;\u017cycie z&nbsp;dniem 25 lutego 2015 r.<\/strong><\/span><\/span><\/p>\n<p class=\"Omwienie\" style=\"text-align: justify;\"><span style=\"font-size: 12pt;\"><span style=\"font-family: 'Calibri',sans-serif;\">W rozporz\u0105dzeniu Ministra Rolnictwa i&nbsp;Rozwoju Wsi z&nbsp;dnia 16 czerwca 2004 r. w&nbsp;sprawie szczeg&oacute;\u0142owego zakresu danych zamieszczanych w&nbsp;rejestrze zwierz\u0105t gospodarskich oznakowanych (Dz. U. Nr 152, poz. 1605)<\/span><span style=\"font-family: 'Calibri',sans-serif;\"> zmianie ulegnie brzmienie &sect; 1, &sect; 2.<\/span><\/span><\/p>\n<p class=\"Tekstpraswki\" style=\"text-align: justify;\"><span style=\"font-size: 12pt;\"><strong><span style=\"font-family: 'Calibri',sans-serif;\">Rozporz\u0105dzenie<\/span><\/strong><span style=\"font-family: 'Calibri',sans-serif;\"> Ministra Finans&oacute;w z&nbsp;dnia 2 lutego 2016 r. w&nbsp;sprawie \u015brodk&oacute;w na realizacj\u0119 wsp&oacute;lnej polityki rolnej (Dz. U. z&nbsp;2016 r., poz. 158) <strong>&ndash; wejdzie w&nbsp;\u017cycie z&nbsp;dniem 24 lutego 2015 r.<\/strong><\/span><\/span><\/p>\n<p class=\"Tekstpraswki\" style=\"text-align: justify;\"><span style=\"font-size: 12pt;\"><strong><span style=\"font-family: 'Calibri',sans-serif;\">Rozporz\u0105dzenie<\/span><\/strong><span style=\"font-family: 'Calibri',sans-serif;\"> Ministra Finans&oacute;w <\/span><span style=\"font-family: 'Calibri',sans-serif;\">z dnia 1 lutego 2016 r.<\/span><span style=\"font-family: 'Calibri',sans-serif;\">w sprawie przyznania Agencji Restrukturyzacji i&nbsp;Modernizacji Rolnictwa akredytacji jako agencji p\u0142atniczej, w&nbsp;zakresie uruchamiania \u015brodk&oacute;w pochodz\u0105cych z&nbsp;Europejskiego Funduszu Rolniczego Gwarancji<\/span><span style=\"font-family: 'Calibri',sans-serif;\"> (Dz. U. z&nbsp;2016 r., poz. 144) <strong>&ndash; wesz\u0142o w&nbsp;\u017cycie z&nbsp;dniem 5 lutego 2016 r., z&nbsp;moc\u0105 od dnia 20 stycznia 2016 r.<\/strong><\/span><\/span><\/p>\n<p>&nbsp;<\/p>\n","protected":false},"excerpt":{"rendered":"<p>We would like to present the next issue of legal bulletin of the Law Office of Adam Polowiec.What you will find here is some information about the new provisions of law and the projects of amendments to acts, but also case-laws including the case laws of Supreme Court, Constitutional Tribunal and European Court of Justice.<\/p>\n","protected":false},"author":3,"featured_media":0,"comment_status":"closed","ping_status":"open","sticky":false,"template":"","format":"standard","meta":{"footnotes":""},"categories":[2],"tags":[],"class_list":["post-617","post","type-post","status-publish","format-standard","hentry","category-wpisy"],"featured_image_src":{"landsacpe":false,"list":false,"medium":false,"full":false},"yoast_head":"<!-- This site is optimized with the Yoast SEO plugin v27.2 - https:\/\/yoast.com\/product\/yoast-seo-wordpress\/ -->\n<title>Legal Bulletin Of The Law Office Of Adam Polowiec (8 - 14 February 2016) - Polowiec i Wsp\u00f3lnicy - Kancelaria prawna<\/title>\n<meta name=\"robots\" content=\"index, follow, max-snippet:-1, max-image-preview:large, max-video-preview:-1\" \/>\n<link rel=\"canonical\" href=\"https:\/\/polowiec.pl\/en\/legal-bulletin-of-the-law-office-of-adam-polowiec-9-14-february-2016\/\" \/>\n<meta property=\"og:locale\" content=\"en_US\" \/>\n<meta property=\"og:type\" content=\"article\" \/>\n<meta property=\"og:title\" content=\"Legal Bulletin Of The Law Office Of Adam Polowiec (8 - 14 February 2016) - Polowiec i Wsp\u00f3lnicy - Kancelaria prawna\" \/>\n<meta property=\"og:description\" content=\"We would like to present the next issue of legal bulletin of the Law Office of Adam Polowiec.What you will find here is some information about the new provisions of law and the projects of amendments to acts, but also case-laws including the case laws of Supreme Court, Constitutional Tribunal and European Court of Justice.\" \/>\n<meta property=\"og:url\" content=\"https:\/\/polowiec.pl\/en\/legal-bulletin-of-the-law-office-of-adam-polowiec-9-14-february-2016\/\" \/>\n<meta property=\"og:site_name\" content=\"Polowiec i Wsp\u00f3lnicy - Kancelaria prawna\" \/>\n<meta property=\"article:publisher\" content=\"https:\/\/www.facebook.com\/polowieciwspolnicy\/\" \/>\n<meta property=\"article:published_time\" content=\"2016-05-26T15:38:45+00:00\" \/>\n<meta property=\"article:modified_time\" content=\"2019-04-18T15:31:06+00:00\" \/>\n<meta name=\"author\" content=\"Marcin Rusinek\" \/>\n<meta name=\"twitter:card\" content=\"summary_large_image\" \/>\n<meta name=\"twitter:label1\" content=\"Written by\" \/>\n\t<meta name=\"twitter:data1\" content=\"Marcin Rusinek\" \/>\n\t<meta name=\"twitter:label2\" content=\"Est. reading time\" \/>\n\t<meta name=\"twitter:data2\" content=\"6 minutes\" \/>\n<script type=\"application\/ld+json\" class=\"yoast-schema-graph\">{\"@context\":\"https:\/\/schema.org\",\"@graph\":[{\"@type\":\"Article\",\"@id\":\"https:\/\/polowiec.pl\/en\/legal-bulletin-of-the-law-office-of-adam-polowiec-9-14-february-2016\/#article\",\"isPartOf\":{\"@id\":\"https:\/\/polowiec.pl\/en\/legal-bulletin-of-the-law-office-of-adam-polowiec-9-14-february-2016\/\"},\"author\":{\"name\":\"Marcin Rusinek\",\"@id\":\"https:\/\/polowiec.pl\/en\/#\/schema\/person\/74c7526b6f52be5ae94031504f9ffec4\"},\"headline\":\"Legal Bulletin Of The Law Office Of Adam Polowiec (8 &#8211; 14 February 2016)\",\"datePublished\":\"2016-05-26T15:38:45+00:00\",\"dateModified\":\"2019-04-18T15:31:06+00:00\",\"mainEntityOfPage\":{\"@id\":\"https:\/\/polowiec.pl\/en\/legal-bulletin-of-the-law-office-of-adam-polowiec-9-14-february-2016\/\"},\"wordCount\":1180,\"publisher\":{\"@id\":\"https:\/\/polowiec.pl\/en\/#organization\"},\"articleSection\":[\"Wpisy\"],\"inLanguage\":\"en-US\"},{\"@type\":\"WebPage\",\"@id\":\"https:\/\/polowiec.pl\/en\/legal-bulletin-of-the-law-office-of-adam-polowiec-9-14-february-2016\/\",\"url\":\"https:\/\/polowiec.pl\/en\/legal-bulletin-of-the-law-office-of-adam-polowiec-9-14-february-2016\/\",\"name\":\"Legal Bulletin Of The Law Office Of Adam Polowiec (8 - 14 February 2016) - Polowiec i Wsp\u00f3lnicy - Kancelaria prawna\",\"isPartOf\":{\"@id\":\"https:\/\/polowiec.pl\/en\/#website\"},\"datePublished\":\"2016-05-26T15:38:45+00:00\",\"dateModified\":\"2019-04-18T15:31:06+00:00\",\"breadcrumb\":{\"@id\":\"https:\/\/polowiec.pl\/en\/legal-bulletin-of-the-law-office-of-adam-polowiec-9-14-february-2016\/#breadcrumb\"},\"inLanguage\":\"en-US\",\"potentialAction\":[{\"@type\":\"ReadAction\",\"target\":[\"https:\/\/polowiec.pl\/en\/legal-bulletin-of-the-law-office-of-adam-polowiec-9-14-february-2016\/\"]}]},{\"@type\":\"BreadcrumbList\",\"@id\":\"https:\/\/polowiec.pl\/en\/legal-bulletin-of-the-law-office-of-adam-polowiec-9-14-february-2016\/#breadcrumb\",\"itemListElement\":[{\"@type\":\"ListItem\",\"position\":1,\"name\":\"Strona g\u0142\u00f3wna\",\"item\":\"https:\/\/polowiec.pl\/en\/\"},{\"@type\":\"ListItem\",\"position\":2,\"name\":\"Legal Bulletin Of The Law Office Of Adam Polowiec (8 &#8211; 14 February 2016)\"}]},{\"@type\":\"WebSite\",\"@id\":\"https:\/\/polowiec.pl\/en\/#website\",\"url\":\"https:\/\/polowiec.pl\/en\/\",\"name\":\"Polowiec i Wsp\u00f3lnicy - Kancelaria prawna\",\"description\":\"Obs\u0142uga prawna\",\"publisher\":{\"@id\":\"https:\/\/polowiec.pl\/en\/#organization\"},\"potentialAction\":[{\"@type\":\"SearchAction\",\"target\":{\"@type\":\"EntryPoint\",\"urlTemplate\":\"https:\/\/polowiec.pl\/en\/?s={search_term_string}\"},\"query-input\":{\"@type\":\"PropertyValueSpecification\",\"valueRequired\":true,\"valueName\":\"search_term_string\"}}],\"inLanguage\":\"en-US\"},{\"@type\":\"Organization\",\"@id\":\"https:\/\/polowiec.pl\/en\/#organization\",\"name\":\"Polowiec i Wsp\u00f3lnicy - Kancelaria prawna\",\"url\":\"https:\/\/polowiec.pl\/en\/\",\"logo\":{\"@type\":\"ImageObject\",\"inLanguage\":\"en-US\",\"@id\":\"https:\/\/polowiec.pl\/en\/#\/schema\/logo\/image\/\",\"url\":\"https:\/\/polowiec.pl\/wp-content\/uploads\/2018\/10\/polowiec_logo2-1.png\",\"contentUrl\":\"https:\/\/polowiec.pl\/wp-content\/uploads\/2018\/10\/polowiec_logo2-1.png\",\"width\":540,\"height\":381,\"caption\":\"Polowiec i Wsp\u00f3lnicy - Kancelaria prawna\"},\"image\":{\"@id\":\"https:\/\/polowiec.pl\/en\/#\/schema\/logo\/image\/\"},\"sameAs\":[\"https:\/\/www.facebook.com\/polowieciwspolnicy\/\",\"https:\/\/www.linkedin.com\/company\/polowiec-i-wsplnicy-sp.j.\/about\/\"]},{\"@type\":\"Person\",\"@id\":\"https:\/\/polowiec.pl\/en\/#\/schema\/person\/74c7526b6f52be5ae94031504f9ffec4\",\"name\":\"Marcin Rusinek\",\"image\":{\"@type\":\"ImageObject\",\"inLanguage\":\"en-US\",\"@id\":\"https:\/\/secure.gravatar.com\/avatar\/b50a0a5c3e71d904f5e57a757d39977d01c43e075c6bf5b4df909ffbbe004790?s=96&d=mm&r=g\",\"url\":\"https:\/\/secure.gravatar.com\/avatar\/b50a0a5c3e71d904f5e57a757d39977d01c43e075c6bf5b4df909ffbbe004790?s=96&d=mm&r=g\",\"contentUrl\":\"https:\/\/secure.gravatar.com\/avatar\/b50a0a5c3e71d904f5e57a757d39977d01c43e075c6bf5b4df909ffbbe004790?s=96&d=mm&r=g\",\"caption\":\"Marcin Rusinek\"}}]}<\/script>\n<!-- \/ Yoast SEO plugin. -->","yoast_head_json":{"title":"Legal Bulletin Of The Law Office Of Adam Polowiec (8 - 14 February 2016) - Polowiec i Wsp\u00f3lnicy - Kancelaria prawna","robots":{"index":"index","follow":"follow","max-snippet":"max-snippet:-1","max-image-preview":"max-image-preview:large","max-video-preview":"max-video-preview:-1"},"canonical":"https:\/\/polowiec.pl\/en\/legal-bulletin-of-the-law-office-of-adam-polowiec-9-14-february-2016\/","og_locale":"en_US","og_type":"article","og_title":"Legal Bulletin Of The Law Office Of Adam Polowiec (8 - 14 February 2016) - Polowiec i Wsp\u00f3lnicy - Kancelaria prawna","og_description":"We would like to present the next issue of legal bulletin of the Law Office of Adam Polowiec.What you will find here is some information about the new provisions of law and the projects of amendments to acts, but also case-laws including the case laws of Supreme Court, Constitutional Tribunal and European Court of Justice.","og_url":"https:\/\/polowiec.pl\/en\/legal-bulletin-of-the-law-office-of-adam-polowiec-9-14-february-2016\/","og_site_name":"Polowiec i Wsp\u00f3lnicy - Kancelaria prawna","article_publisher":"https:\/\/www.facebook.com\/polowieciwspolnicy\/","article_published_time":"2016-05-26T15:38:45+00:00","article_modified_time":"2019-04-18T15:31:06+00:00","author":"Marcin Rusinek","twitter_card":"summary_large_image","twitter_misc":{"Written by":"Marcin Rusinek","Est. reading time":"6 minutes"},"schema":{"@context":"https:\/\/schema.org","@graph":[{"@type":"Article","@id":"https:\/\/polowiec.pl\/en\/legal-bulletin-of-the-law-office-of-adam-polowiec-9-14-february-2016\/#article","isPartOf":{"@id":"https:\/\/polowiec.pl\/en\/legal-bulletin-of-the-law-office-of-adam-polowiec-9-14-february-2016\/"},"author":{"name":"Marcin Rusinek","@id":"https:\/\/polowiec.pl\/en\/#\/schema\/person\/74c7526b6f52be5ae94031504f9ffec4"},"headline":"Legal Bulletin Of The Law Office Of Adam Polowiec (8 &#8211; 14 February 2016)","datePublished":"2016-05-26T15:38:45+00:00","dateModified":"2019-04-18T15:31:06+00:00","mainEntityOfPage":{"@id":"https:\/\/polowiec.pl\/en\/legal-bulletin-of-the-law-office-of-adam-polowiec-9-14-february-2016\/"},"wordCount":1180,"publisher":{"@id":"https:\/\/polowiec.pl\/en\/#organization"},"articleSection":["Wpisy"],"inLanguage":"en-US"},{"@type":"WebPage","@id":"https:\/\/polowiec.pl\/en\/legal-bulletin-of-the-law-office-of-adam-polowiec-9-14-february-2016\/","url":"https:\/\/polowiec.pl\/en\/legal-bulletin-of-the-law-office-of-adam-polowiec-9-14-february-2016\/","name":"Legal Bulletin Of The Law Office Of Adam Polowiec (8 - 14 February 2016) - Polowiec i Wsp\u00f3lnicy - Kancelaria prawna","isPartOf":{"@id":"https:\/\/polowiec.pl\/en\/#website"},"datePublished":"2016-05-26T15:38:45+00:00","dateModified":"2019-04-18T15:31:06+00:00","breadcrumb":{"@id":"https:\/\/polowiec.pl\/en\/legal-bulletin-of-the-law-office-of-adam-polowiec-9-14-february-2016\/#breadcrumb"},"inLanguage":"en-US","potentialAction":[{"@type":"ReadAction","target":["https:\/\/polowiec.pl\/en\/legal-bulletin-of-the-law-office-of-adam-polowiec-9-14-february-2016\/"]}]},{"@type":"BreadcrumbList","@id":"https:\/\/polowiec.pl\/en\/legal-bulletin-of-the-law-office-of-adam-polowiec-9-14-february-2016\/#breadcrumb","itemListElement":[{"@type":"ListItem","position":1,"name":"Strona g\u0142\u00f3wna","item":"https:\/\/polowiec.pl\/en\/"},{"@type":"ListItem","position":2,"name":"Legal Bulletin Of The Law Office Of Adam Polowiec (8 &#8211; 14 February 2016)"}]},{"@type":"WebSite","@id":"https:\/\/polowiec.pl\/en\/#website","url":"https:\/\/polowiec.pl\/en\/","name":"Polowiec i Wsp\u00f3lnicy - Kancelaria prawna","description":"Obs\u0142uga prawna","publisher":{"@id":"https:\/\/polowiec.pl\/en\/#organization"},"potentialAction":[{"@type":"SearchAction","target":{"@type":"EntryPoint","urlTemplate":"https:\/\/polowiec.pl\/en\/?s={search_term_string}"},"query-input":{"@type":"PropertyValueSpecification","valueRequired":true,"valueName":"search_term_string"}}],"inLanguage":"en-US"},{"@type":"Organization","@id":"https:\/\/polowiec.pl\/en\/#organization","name":"Polowiec i Wsp\u00f3lnicy - Kancelaria prawna","url":"https:\/\/polowiec.pl\/en\/","logo":{"@type":"ImageObject","inLanguage":"en-US","@id":"https:\/\/polowiec.pl\/en\/#\/schema\/logo\/image\/","url":"https:\/\/polowiec.pl\/wp-content\/uploads\/2018\/10\/polowiec_logo2-1.png","contentUrl":"https:\/\/polowiec.pl\/wp-content\/uploads\/2018\/10\/polowiec_logo2-1.png","width":540,"height":381,"caption":"Polowiec i Wsp\u00f3lnicy - Kancelaria prawna"},"image":{"@id":"https:\/\/polowiec.pl\/en\/#\/schema\/logo\/image\/"},"sameAs":["https:\/\/www.facebook.com\/polowieciwspolnicy\/","https:\/\/www.linkedin.com\/company\/polowiec-i-wsplnicy-sp.j.\/about\/"]},{"@type":"Person","@id":"https:\/\/polowiec.pl\/en\/#\/schema\/person\/74c7526b6f52be5ae94031504f9ffec4","name":"Marcin Rusinek","image":{"@type":"ImageObject","inLanguage":"en-US","@id":"https:\/\/secure.gravatar.com\/avatar\/b50a0a5c3e71d904f5e57a757d39977d01c43e075c6bf5b4df909ffbbe004790?s=96&d=mm&r=g","url":"https:\/\/secure.gravatar.com\/avatar\/b50a0a5c3e71d904f5e57a757d39977d01c43e075c6bf5b4df909ffbbe004790?s=96&d=mm&r=g","contentUrl":"https:\/\/secure.gravatar.com\/avatar\/b50a0a5c3e71d904f5e57a757d39977d01c43e075c6bf5b4df909ffbbe004790?s=96&d=mm&r=g","caption":"Marcin Rusinek"}}]}},"_links":{"self":[{"href":"https:\/\/polowiec.pl\/en\/wp-json\/wp\/v2\/posts\/617","targetHints":{"allow":["GET"]}}],"collection":[{"href":"https:\/\/polowiec.pl\/en\/wp-json\/wp\/v2\/posts"}],"about":[{"href":"https:\/\/polowiec.pl\/en\/wp-json\/wp\/v2\/types\/post"}],"author":[{"embeddable":true,"href":"https:\/\/polowiec.pl\/en\/wp-json\/wp\/v2\/users\/3"}],"replies":[{"embeddable":true,"href":"https:\/\/polowiec.pl\/en\/wp-json\/wp\/v2\/comments?post=617"}],"version-history":[{"count":0,"href":"https:\/\/polowiec.pl\/en\/wp-json\/wp\/v2\/posts\/617\/revisions"}],"wp:attachment":[{"href":"https:\/\/polowiec.pl\/en\/wp-json\/wp\/v2\/media?parent=617"}],"wp:term":[{"taxonomy":"category","embeddable":true,"href":"https:\/\/polowiec.pl\/en\/wp-json\/wp\/v2\/categories?post=617"},{"taxonomy":"post_tag","embeddable":true,"href":"https:\/\/polowiec.pl\/en\/wp-json\/wp\/v2\/tags?post=617"}],"curies":[{"name":"wp","href":"https:\/\/api.w.org\/{rel}","templated":true}]}}