{"id":619,"date":"2016-05-26T17:51:39","date_gmt":"2016-05-26T15:51:39","guid":{"rendered":"https:\/\/nowa.polowiec.pl\/legal-bulletin-of-the-law-office-of-adam-polowiec-15-21-february-2016\/"},"modified":"2019-04-18T17:28:19","modified_gmt":"2019-04-18T15:28:19","slug":"legal-bulletin-of-the-law-office-of-adam-polowiec-15-21-february-2016","status":"publish","type":"post","link":"https:\/\/polowiec.pl\/en\/legal-bulletin-of-the-law-office-of-adam-polowiec-15-21-february-2016\/","title":{"rendered":"Legal Bulletin Of The Law Office Of Adam Polowiec (15 &#8211; 21 February 2016)"},"content":{"rendered":"<p>We would like to present the next issue of legal bulletin of the Law Office of Adam Polowiec.<br \/>What you will find here is some information about the new provisions of law and the projects of amendments to acts, but also case-laws including the case laws of Supreme Court, Constitutional Tribunal and European Court of Justice.<\/p>\n<p>  <!--more-->  <\/p>\n<p class=\"NowePrawo\" style=\"text-align: justify;\"><span style=\"font-size: 12pt;\"><strong><span style=\"font-family: 'Calibri',sans-serif;\">_____Nowe Prawo<\/span><\/strong><\/span><\/p>\n<p class=\"Dziedzinaprawa\" style=\"text-align: justify;\"><span style=\"font-size: 12pt;\"><strong><span style=\"font-family: 'Calibri',sans-serif;\">PRAWO KARNE<\/span><\/strong><\/span><\/p>\n<p class=\"Tekstpraswki\" style=\"text-align: justify;\"><span style=\"font-size: 12pt;\"><strong><span style=\"font-family: 'Calibri',sans-serif;\">Ustawa<\/span><\/strong><span style=\"font-family: 'Calibri',sans-serif;\">z dnia 15 stycznia 2016 r.<\/span><span style=\"font-family: 'Calibri',sans-serif;\">o zmianie ustawy &ndash; Kodeks karny<\/span><span style=\"font-family: 'Calibri',sans-serif;\"> (Dz.&nbsp;U.&nbsp;z&nbsp;2016&nbsp;r.,&nbsp;poz. 189) <strong>&ndash; wejdzie w&nbsp;\u017cycie z&nbsp;dniem 2 marca 2016 r.<\/strong><\/span><\/span><\/p>\n<p class=\"Omwienie\" style=\"text-align: justify;\"><span style=\"font-size: 12pt;\"><span style=\"font-family: 'Calibri',sans-serif;\">W ustawie z&nbsp;dnia 6 czerwca 1997 r. &#8211; Kodeks karny (Dz. U. Nr 88, poz. 553, z&nbsp;p&oacute;\u017an. zm.) <\/span><span style=\"font-family: 'Calibri',sans-serif;\">zmianie ulegnie brzmienie <\/span><span style=\"font-family: 'Calibri',sans-serif;\">art. 102<\/span><span style=\"font-family: 'Calibri',sans-serif;\">.<\/span><\/span><\/p>\n<p>&nbsp;<\/p>\n<p class=\"Dziedzinaprawa\" style=\"text-align: justify;\"><span style=\"font-size: 12pt;\"><strong><span style=\"font-family: 'Calibri',sans-serif;\">PRAWO O&nbsp;PROKURATURZE<\/span><\/strong><\/span><\/p>\n<p class=\"Tekstpraswki\" style=\"text-align: justify;\"><span style=\"font-size: 12pt;\"><strong><span style=\"font-family: 'Calibri',sans-serif;\">Ustawa<\/span><\/strong><span style=\"font-family: 'Calibri',sans-serif;\">z dnia 28 stycznia 2016 r.<\/span><span style=\"font-family: 'Calibri',sans-serif;\"> Prawo o&nbsp;prokuraturze<\/span><span style=\"font-family: 'Calibri',sans-serif;\"> (Dz. U. z&nbsp;2016 r., poz. 177) <strong>&ndash; wejdzie w&nbsp;\u017cycie z&nbsp;dniem 4&nbsp;marca&nbsp;2016&nbsp;r.<\/strong><\/span><\/span><\/p>\n<p class=\"Tekstpraswki\" style=\"text-align: justify;\"><span style=\"font-size: 12pt;\"><strong><span style=\"font-family: 'Calibri',sans-serif;\">Ustawa<\/span><\/strong><span style=\"font-family: 'Calibri',sans-serif;\">z dnia 28 stycznia 2016 r.<\/span><span style=\"font-family: 'Calibri',sans-serif;\">Przepisy wprowadzaj\u0105ce ustaw\u0119 &#8211; Prawo o<\/span><span style=\"font-family: 'Calibri',sans-serif;\">prokuraturze<\/span><span style=\"font-family: 'Calibri',sans-serif;\"> (Dz. U. z&nbsp;2016 r., poz. 178) <strong>&ndash; wejdzie w&nbsp;\u017cycie z&nbsp;dniem 4&nbsp;marca&nbsp;2016&nbsp;r., z&nbsp;wyj\u0105tkiem:<\/strong><\/span><\/span><\/p>\n<p class=\"Tekstpraswki\" style=\"text-align: justify;\"><span style=\"font-size: 12pt;\"><strong><span style=\"font-family: 'Calibri',sans-serif;\">1) art. 2, art. 6 pkt 1, art. 7 pkt 3, art. 19 pkt 1 w&nbsp;zakresie prokuratora do&nbsp;spraw wojskowych,<\/span><\/strong><\/span><\/p>\n<p class=\"Tekstpraswki\" style=\"text-align: justify;\"><span style=\"font-size: 12pt;\"><strong><span style=\"font-family: 'Calibri',sans-serif;\">2) art. 3, art. 4 pkt 5-9, art. 6 pkt 2 lit. b i&nbsp;d, pkt 4, art. 9, art. 10, art. 13-16, art. 19 pkt 3, art. 20 pkt 10 lit. b i&nbsp;c, art. 21, art. 31-33, art. 45 &sect; 3, art. 46, art.&nbsp;50, art. 62 &sect; 4, 6 i&nbsp;7, art. 64 &sect; 3, 5 i&nbsp;6 oraz art. 66<\/span><\/strong><\/span><\/p>\n<p class=\"Tekstpraswki\" style=\"text-align: justify;\"><span style=\"font-size: 12pt;\"><strong><span style=\"font-family: 'Calibri',sans-serif;\">&#8211; kt&oacute;re wchodz\u0105 w&nbsp;\u017cycie z&nbsp;dniem 4 kwietnia 2016 r.<\/span><\/strong><\/span><\/p>\n<p class=\"Omwienie\" style=\"text-align: justify;\"><span style=\"font-size: 12pt;\"><span style=\"font-family: 'Calibri',sans-serif;\">W ustawie z&nbsp;dnia 1 grudnia 1961 r. o&nbsp;izbach morskich (Dz. U. z&nbsp;2015 r. poz. 735 i&nbsp;1320) <\/span><span style=\"font-family: 'Calibri',sans-serif;\">zmianie ulegnie brzmienie<\/span><span style=\"font-family: 'Calibri',sans-serif;\"> art. 21 ust. 4<\/span><span style=\"font-family: 'Calibri',sans-serif;\">.<\/span><\/span><\/p>\n<p class=\"Omwienie\" style=\"text-align: justify;\"><span style=\"font-size: 12pt; font-family: 'Calibri',sans-serif;\">W ustawie z&nbsp;dnia 21 listopada 1967 r. o&nbsp;powszechnym obowi\u0105zku obrony Rzeczypospolitej Polskiej (Dz. U. z&nbsp;2015 r. poz. 827, z&nbsp;p&oacute;\u017an. zm.) zmianie ulegnie brzmienie art. 49 ust. 1d pkt 3.<\/span><\/p>\n<p class=\"Omwienie\" style=\"text-align: justify;\"><span style=\"font-size: 12pt; font-family: 'Calibri',sans-serif;\">W ustawie z&nbsp;dnia 6 czerwca 1997 r. &#8211; Kodeks post\u0119powania karnego (Dz.&nbsp;U.&nbsp;Nr&nbsp;89,&nbsp;poz.&nbsp;555, z&nbsp;p&oacute;\u017an. zm.) zmianie ulegnie brzmienie art. 521 &sect; 1, art.&nbsp;524&nbsp;&sect;&nbsp;2, art. 526 &sect; 2, art. 647, art. 650, art. 657, art. 672a, w&nbsp;art. 45 uchyla si\u0119 &sect;&nbsp;1b, uchylony zostanie art. 670.<\/span><\/p>\n<p class=\"Omwienie\" style=\"text-align: justify;\"><span style=\"font-size: 12pt; font-family: 'Calibri',sans-serif;\">W ustawie z&nbsp;dnia 25 czerwca 1997 r. o&nbsp;\u015bwiadku koronnym (Dz. U. z&nbsp;2014 r. poz. 1801) zmianie ulegnie brzmienie art. 5 ust. 1, w&nbsp;art. 24 uchyla si\u0119 ust. 2<\/span><\/p>\n<p class=\"Omwienie\" style=\"text-align: justify;\"><span style=\"font-size: 12pt; font-family: 'Calibri',sans-serif;\">W ustawie z&nbsp;dnia 18 grudnia 1998 r. o&nbsp;pracownikach s\u0105d&oacute;w i&nbsp;prokuratury (Dz.&nbsp;U.&nbsp;z&nbsp;2015&nbsp;r. poz. 1241) zmianie ulegnie brzmienie art. 1 pkt 2, art. 5, art. 11b, art.&nbsp;14 ust. 1.<\/span><\/p>\n<p class=\"Omwienie\" style=\"text-align: justify;\"><span style=\"font-size: 12pt; font-family: 'Calibri',sans-serif;\">W ustawie z&nbsp;dnia 18 grudnia 1998 r. o&nbsp;Instytucie Pami\u0119ci Narodowej &#8211; Komisji \u015acigania Zbrodni przeciwko Narodowi Polskiemu (Dz. U. z&nbsp;2016 r. poz. 152) zmianie ulegnie brzmienie art. 15 ust. 4, art. 19, art. 25, art. 47 ust. 5 i&nbsp;6, art. 51 ust. 1.<\/span><\/p>\n<p class=\"Omwienie\" style=\"text-align: justify;\"><span style=\"font-size: 12pt; font-family: 'Calibri',sans-serif;\">W ustawie z&nbsp;dnia 21 stycznia 1999 r. o&nbsp;sejmowej komisji \u015bledczej (Dz.&nbsp;U.&nbsp;z&nbsp;2009&nbsp;r.&nbsp;Nr&nbsp;151, poz. 1218 oraz z&nbsp;2010 r. Nr 182, poz. 1228) zmianie ulegnie brzmienie art. 15 ust. 3.<\/span><\/p>\n<p class=\"Omwienie\" style=\"text-align: justify;\"><span style=\"font-size: 12pt; font-family: 'Calibri',sans-serif;\">W ustawie z&nbsp;dnia 10 wrze\u015bnia 1999 r. &#8211; Kodeks karny skarbowy (Dz.&nbsp;U.&nbsp;z&nbsp;2013&nbsp;r.&nbsp;poz.&nbsp;186, z&nbsp;p&oacute;\u017an. zm.) zmianie ulegnie brzmienie art. 53 &sect; 39a, art.&nbsp;116, art. 121 &sect; 3, art. 134 &sect; 3, art. 167 &sect; 2, art. 167a.<\/span><\/p>\n<p class=\"Omwienie\" style=\"text-align: justify;\"><span style=\"font-size: 12pt; font-family: 'Calibri',sans-serif;\">W ustawie z&nbsp;dnia 23 wrze\u015bnia 1999 r. o&nbsp;zasadach pobytu wojsk obcych na terytorium Rzeczypospolitej Polskiej oraz zasadach ich przemieszczania si\u0119 przez to terytorium (Dz.&nbsp;U. z&nbsp;2014 r. poz. 1077 oraz z&nbsp;2015 r. poz. 1844) zmianie ulegnie brzmienie art.&nbsp;8&nbsp;ust. 2.<\/span><\/p>\n<p class=\"Omwienie\" style=\"text-align: justify;\"><span style=\"font-size: 12pt; font-family: 'Calibri',sans-serif;\">W ustawie z&nbsp;dnia 23 grudnia 1999 r. o&nbsp;kszta\u0142towaniu wynagrodze\u0144 w&nbsp;pa\u0144stwowej sferze bud\u017cetowej oraz o&nbsp;zmianie niekt&oacute;rych ustaw (Dz. U. z&nbsp;2015 r. poz. 2030 i&nbsp;2199) zmianie ulegnie brzmienie art. 6 ust. 2.<\/span><\/p>\n<p class=\"Omwienie\" style=\"text-align: justify;\"><span style=\"font-size: 12pt; font-family: 'Calibri',sans-serif;\">W ustawie z&nbsp;dnia 26 pa\u017adziernika 2000 r. o&nbsp;gie\u0142dach towarowych (Dz.&nbsp;U.&nbsp;z&nbsp;2014&nbsp;r.&nbsp;poz.&nbsp;197, z&nbsp;p&oacute;\u017an. zm.) uchylony zostanie art. 61a.<\/span><\/p>\n<p class=\"Omwienie\" style=\"text-align: justify;\"><span style=\"font-size: 12pt; font-family: 'Calibri',sans-serif;\">W ustawie z&nbsp;dnia 24 sierpnia 2001 r. &#8211; Kodeks post\u0119powania w&nbsp;sprawach o&nbsp;wykroczenia (Dz. U. z&nbsp;2013 r. poz. 395, z&nbsp;p&oacute;\u017an. zm.) zmianie ulegnie brzmienie art. 32 &sect; 4, art.&nbsp;39&nbsp;&sect;&nbsp;3, art. 85 &sect; 1, art. 86 &sect; 1, art. 87 &sect; 3, art. 110 &sect; 1.<\/span><\/p>\n<p class=\"Omwienie\" style=\"text-align: justify;\"><span style=\"font-size: 12pt; font-family: 'Calibri',sans-serif;\">W ustawie z&nbsp;dnia 24 sierpnia 2001 r. o&nbsp;\u017bandarmerii Wojskowej i&nbsp;wojskowych organach porz\u0105dkowych (Dz. U. z&nbsp;2016 r. poz. 96 i&nbsp;147) zmianie ulegnie brzmienie art. 4, art.&nbsp;17&nbsp;ust. 1 pkt 7, art. 20, art. 24 ust. 1, art. 26a ust. 3 pkt 1, art. 28, art. 31, art. 32, art. 33, art. 44 ust. 1, art. 52 ust. 1.<\/span><\/p>\n<p class=\"Omwienie\" style=\"text-align: justify;\"><span style=\"font-size: 12pt; font-family: 'Calibri',sans-serif;\">W ustawie z&nbsp;dnia 23 listopada 2002 r. o&nbsp;S\u0105dzie Najwy\u017cszym (Dz. U. z&nbsp;2013 r. poz.&nbsp;499,&nbsp;z&nbsp;p&oacute;\u017an. zm.) zmianie ulegnie brzmienie art. 61 &sect; 3.<\/span><\/p>\n<p class=\"Omwienie\" style=\"text-align: justify;\"><span style=\"font-size: 12pt; font-family: 'Calibri',sans-serif;\">W ustawie z&nbsp;dnia 11 wrze\u015bnia 2003 r. o&nbsp;s\u0142u\u017cbie wojskowej \u017co\u0142nierzy zawodowych (Dz.&nbsp;U.&nbsp;z 2014 r. poz. 1414, z&nbsp;p&oacute;\u017an. zm.) zmianie ulegnie brzmienie art. 6 ust. 1 pkt 16, art. 22, art. 23, art. 25 ust. 1 i&nbsp;1a, art. 26 ust. 18, art. 32 ust. 2a, art. 34 ust. 3, art.&nbsp;37&nbsp;ust. 8, art. 40 ust. 7, art. 45 ust. 4, art. 47 ust. 3, art. 58 ust. 1, art. 62 ust. 5, art. 80, art. 85 ust. 3, art. 142, art. 151 ust. 1, w&nbsp;art. 130 dodaje si\u0119 ust. 2a.<\/span><\/p>\n<p class=\"Omwienie\" style=\"text-align: justify;\"><span style=\"font-size: 12pt; font-family: 'Calibri',sans-serif;\">W ustawie z&nbsp;dnia 17 czerwca 2004 r. o&nbsp;skardze na naruszenie prawa strony do rozpoznania sprawy w&nbsp;post\u0119powaniu przygotowawczym prowadzonym lub nadzorowanym przez prokuratora i&nbsp;post\u0119powaniu s\u0105dowym bez nieuzasadnionej zw\u0142oki (Dz.&nbsp;U.&nbsp;Nr&nbsp;179,&nbsp;poz. 1843 oraz z&nbsp;2009 r. Nr 61, poz. 498) zmianie ulegnie brzmienie art.&nbsp;13 ust. 3.<\/span><\/p>\n<p class=\"Omwienie\" style=\"text-align: justify;\"><span style=\"font-size: 12pt; font-family: 'Calibri',sans-serif;\">W ustawie z&nbsp;dnia 13 lipca 2006 r. o&nbsp;dokumentach paszportowych (Dz. U. z&nbsp;2013 r. poz.&nbsp;268, z&nbsp;p&oacute;\u017an. zm.) w&nbsp;art. 26 w&nbsp;ust. 1 w&nbsp;pkt 10 kropk\u0119 zast\u0119puje si\u0119 \u015brednikiem i&nbsp;dodaje si\u0119 pkt 11.<\/span><\/p>\n<p class=\"Omwienie\" style=\"text-align: justify;\"><span style=\"font-size: 12pt; font-family: 'Calibri',sans-serif;\">W ustawie z&nbsp;dnia 18 pa\u017adziernika 2006 r. o&nbsp;ujawnianiu informacji o&nbsp;dokumentach organ&oacute;w bezpiecze\u0144stwa pa\u0144stwa z&nbsp;lat 1944-1990 oraz tre\u015bci tych dokument&oacute;w (Dz.&nbsp;U.&nbsp;z&nbsp;2013 r. poz. 1388) zmianie ulegnie brzmienie art. 4 pkt 15, art. 8 pkt 13 lit. e, art. 22 ust. 1 pkt 15.<\/span><\/p>\n<p class=\"Omwienie\" style=\"text-align: justify;\"><span style=\"font-size: 12pt; font-family: 'Calibri',sans-serif;\">W ustawie z&nbsp;dnia 23 stycznia 2009 r. o&nbsp;Krajowej Szkole S\u0105downictwa i&nbsp;Prokuratury (Dz.&nbsp;U. z&nbsp;2016 r. poz. 150) zmianie ulegnie brzmienie art. 6, art. 12, art. 14 ust. 1, art.&nbsp;15a ust. 3, art. 15b, art. 17 ust. 1, art. 19 ust. 2 pkt 4, art. 20, art. 34, art. 35.<\/span><\/p>\n<p class=\"Omwienie\" style=\"text-align: justify;\"><span style=\"font-size: 12pt; font-family: 'Calibri',sans-serif;\">W ustawie z&nbsp;dnia 9 pa\u017adziernika 2009 r. o&nbsp;dyscyplinie wojskowej (Dz.&nbsp;U.&nbsp;Nr&nbsp;190,&nbsp;poz.&nbsp;1474, z&nbsp;2012 r. poz. 1529 oraz z&nbsp;2015 r. poz. 1830) zmianie ulegnie brzmienie art. 18 ust. 2, art. 50, art. 71 ust. 1 pkt 1, art. 76 ust. 5, art. 79 pkt 2.<\/span><\/p>\n<p class=\"Omwienie\" style=\"text-align: justify;\"><span style=\"font-size: 12pt; font-family: 'Calibri',sans-serif;\">W ustawie z&nbsp;dnia 20 stycznia 2011 r. o&nbsp;odpowiedzialno\u015bci maj\u0105tkowej funkcjonariuszy publicznych za ra\u017c\u0105ce naruszenie prawa (Dz. U. Nr 34, poz. 173) zmianie ulegnie brzmienie art. 7 ust. 3.<\/span><\/p>\n<p class=\"Omwienie\" style=\"text-align: justify;\"><span style=\"font-size: 12pt; font-family: 'Calibri',sans-serif;\">W ustawie z&nbsp;dnia 12 maja 2011 r. o&nbsp;Krajowej Radzie S\u0105downictwa (Dz.&nbsp;U.&nbsp;Nr&nbsp;126,&nbsp;poz.&nbsp;714, z&nbsp;p&oacute;\u017an. zm.) zmianie ulegnie brzmienie art. 36, art. 44 ust. 1, w&nbsp;art. 3 w&nbsp;ust. 2 uchyla si\u0119 pkt 6.<\/span><\/p>\n<p class=\"Omwienie\" style=\"text-align: justify;\"><span style=\"font-size: 12pt; font-family: 'Calibri',sans-serif;\">W ustawie z&nbsp;dnia 25 czerwca 2015 r. o&nbsp;Trybunale Konstytucyjnym (Dz.&nbsp;U.&nbsp;poz.&nbsp;1064,&nbsp;z&nbsp;p&oacute;\u017an. zm.) zmianie ulegnie brzmienie art. 6 ust. 3, art. 56 pkt 5, art.&nbsp;57 ust. 3.<\/span><\/p>\n<p class=\"Omwienie\" style=\"text-align: justify;\"><span style=\"font-size: 12pt; font-family: 'Calibri',sans-serif;\">W ustawie z&nbsp;dnia 10 lipca 2015 r. o&nbsp;zmianie ustawy &#8211; Kodeks cywilny, ustawy &#8211; Kodeks post\u0119powania cywilnego oraz niekt&oacute;rych innych ustaw (Dz. U. poz. 1311 i&nbsp;1513) uchylony zostanie art. 6.<\/span><\/p>\n<p>&nbsp;<\/p>\n<p class=\"Dziedzinaprawa\" style=\"text-align: justify;\"><span style=\"font-size: 12pt;\"><strong><span style=\"font-family: 'Calibri',sans-serif;\">PRAWO PODATKOWE<\/span><\/strong><\/span><\/p>\n<p class=\"Tekstpraswki\" style=\"text-align: justify;\"><span style=\"font-size: 12pt;\"><strong><span style=\"font-family: 'Calibri',sans-serif;\">Rozporz\u0105dzenie<\/span><\/strong><span style=\"font-family: 'Calibri',sans-serif;\"> Ministra Finans&oacute;w <\/span><span style=\"font-family: 'Calibri',sans-serif;\">z dnia 15 lutego 2016 r.<\/span><span style=\"font-family: 'Calibri',sans-serif;\">w sprawie zaniechania poboru podatku dochodowego od os&oacute;b fizycznych od niekt&oacute;rych dochod&oacute;w (przychod&oacute;w) otrzymanych na podstawie przepis&oacute;w o&nbsp;promocji zatrudnienia i&nbsp;instytucjach rynku pracy<\/span><span style=\"font-family: 'Calibri',sans-serif;\"> (Dz. U. z&nbsp;2016 r., poz. 194)<strong> &ndash; wesz\u0142o w&nbsp;\u017cycie z&nbsp;dniem 18 lutego 2016 r.<\/strong><\/span><\/span><\/p>\n<p class=\"Tekstpraswki\" style=\"text-align: justify;\"><span style=\"font-size: 12pt;\"><strong><span style=\"font-family: 'Calibri',sans-serif;\">Rozporz\u0105dzenie<\/span><\/strong><span style=\"font-family: 'Calibri',sans-serif;\"> Ministra Finans&oacute;w z&nbsp;dnia 16 lutego 2016 r. w&nbsp;sprawie okre\u015blenia wzoru deklaracji w&nbsp;zakresie podatku od niekt&oacute;rych instytucji finansowych (Dz.&nbsp;U.&nbsp;z&nbsp;2016&nbsp;r.,&nbsp;poz.&nbsp;193) <strong>&ndash; wesz\u0142o w&nbsp;\u017cycie z&nbsp;dniem 18 lutego 2016 r.<\/strong><\/span><\/span><\/p>\n<p>&nbsp;<\/p>\n<p class=\"Dziedzinaprawa\" style=\"text-align: justify;\"><span style=\"font-size: 12pt;\"><strong><span style=\"font-family: 'Calibri',sans-serif;\">PRODUKTY LECZNICZE I&nbsp;WYROBY MEDYCZNE<\/span><\/strong><\/span><\/p>\n<p class=\"Tekstpraswki\" style=\"text-align: justify;\"><span style=\"font-size: 12pt;\"><strong><span style=\"font-family: 'Calibri',sans-serif;\">Rozporz\u0105dzenie<\/span><\/strong><span style=\"font-family: 'Calibri',sans-serif;\"> Ministra Obrony Narodowej <\/span><span style=\"font-family: 'Calibri',sans-serif;\">z dnia 30 pa\u017adziernika 2015 r. <\/span><span style=\"font-family: 'Calibri',sans-serif;\">zmieniaj\u0105ce rozporz\u0105dzenie w&nbsp;sprawie warunk&oacute;w i&nbsp;trybu ubiegania si\u0119 o&nbsp;dofinansowanie koszt&oacute;w zaopatrzenia w&nbsp;wyroby medyczne stosowane w&nbsp;leczeniu uraz&oacute;w i&nbsp;chor&oacute;b nabytych przez weterana poszkodowanego<\/span><span style=\"font-family: 'Calibri',sans-serif;\">&#8211;<\/span><span style=\"font-family: 'Calibri',sans-serif;\">\u017co\u0142nierza podczas wykonywania zada\u0144 poza granicami pa\u0144stwa<\/span><span style=\"font-family: 'Calibri',sans-serif;\"> (Dz. U. z&nbsp;2016 r., poz. 179) <strong>&ndash; wejdzie w&nbsp;\u017cycie z&nbsp;dniem 1 marca 2016 r.<\/strong><\/span><\/span><\/p>\n<p class=\"Omwienie\" style=\"text-align: justify;\"><span style=\"font-size: 12pt;\"><span style=\"font-family: 'Calibri',sans-serif;\">W rozporz\u0105dzeniu Ministra Obrony Narodowej z&nbsp;dnia 21 marca 2012 r. w&nbsp;sprawie warunk&oacute;w i&nbsp;trybu ubiegania si\u0119 o&nbsp;dofinansowanie koszt&oacute;w zaopatrzenia w&nbsp;wyroby medyczne stosowane w&nbsp;leczeniu uraz&oacute;w i&nbsp;chor&oacute;b nabytych przez weterana poszkodowanego<\/span><span style=\"font-family: 'Calibri',sans-serif;\">&#8211;<\/span><span style=\"font-family: 'Calibri',sans-serif;\">\u017co\u0142nierza podczas wykonywania zada\u0144 poza granicami pa\u0144stwa (Dz.<\/span><span style=\"font-family: 'Calibri',sans-serif;\">U. poz. 342)<\/span><span style=\"font-family: 'Calibri',sans-serif;\"> zmianie ulegnie brzmienie &sect; 4 ust. 1, &sect; 5 ust. 2 pkt 1, &sect; 6 &sect; 7.<\/span><\/span><\/p>\n<p class=\"Tekstpraswki\" style=\"text-align: justify;\"><span style=\"font-size: 12pt;\"><strong><span style=\"font-family: 'Calibri',sans-serif;\">Rozporz\u0105dzenie<\/span><\/strong><span style=\"font-family: 'Calibri',sans-serif;\"> Ministra Obrony Narodowej <\/span><span style=\"font-family: 'Calibri',sans-serif;\">z dnia 9 listopada 2015 r.<\/span><span style=\"font-family: 'Calibri',sans-serif;\">zmieniaj\u0105ce rozporz\u0105dzenie w&nbsp;sprawie wyznaczenia organ&oacute;w wojskowych sprawuj\u0105cych nadz&oacute;r nad wytwarzaniem i&nbsp;obrotem produktami leczniczymi i&nbsp;wyrobami medycznymi<\/span><span style=\"font-family: 'Calibri',sans-serif;\"> (Dz.&nbsp;U.&nbsp;z&nbsp;2016&nbsp;r., poz. 180) <strong>&ndash; wejdzie w&nbsp;\u017cycie z&nbsp;dniem 2 marca 2016 r.<\/strong><\/span><\/span><\/p>\n<p class=\"Omwienie\" style=\"text-align: justify;\"><span style=\"font-size: 12pt;\"><span style=\"font-family: 'Calibri',sans-serif;\">W rozporz\u0105dzeniu Ministra Obrony Narodowej z&nbsp;dnia 15 maja 2013 r. w&nbsp;sprawie wyznaczenia organ&oacute;w wojskowych sprawuj\u0105cych nadz&oacute;r nad wytwarzaniem i&nbsp;obrotem produktami leczniczymi i&nbsp;wyrobami medycznymi (Dz. U. poz. 698)<\/span><span style=\"font-family: 'Calibri',sans-serif;\"> zmianie ulegnie brzmienie &sect; 3 ust. 2, &sect; 4 ust. 1, &sect; 5 ust. 1, &sect; 6 ust. 1, &sect; 11, &sect; 13, za\u0142\u0105cznika nr 2 do rozporz\u0105dzenia pkt 5.2 ppkt 2, za\u0142\u0105cznika nr 3 do rozporz\u0105dzenia, w&nbsp;&sect; 1 w&nbsp;ust. 5 uchyla si\u0119 pkt 6.<\/span><\/span><\/p>\n<p>&nbsp;<\/p>\n<p class=\"Dziedzinaprawa\" style=\"text-align: justify;\"><span style=\"font-size: 12pt;\"><strong><span style=\"font-family: 'Calibri',sans-serif;\">PRAWO O&nbsp;USTROJU S\u0104D&Oacute;W POWSZECHNYCH<\/span><\/strong><\/span><\/p>\n<p class=\"Tekstpraswki\" style=\"text-align: justify;\"><span style=\"font-size: 12pt;\"><strong><span style=\"font-family: 'Calibri',sans-serif;\">Rozporz\u0105dzenie<\/span><\/strong><span style=\"font-family: 'Calibri',sans-serif;\"> Ministra Sprawiedliwo\u015bci <\/span><span style=\"font-family: 'Calibri',sans-serif;\">z dnia 28 stycznia 2016 r.<\/span><span style=\"font-family: 'Calibri',sans-serif;\">w sprawie bada\u0144 lekarskich i&nbsp;psychologicznych kandydat&oacute;w do obj\u0119cia urz\u0119du asesora s\u0105dowego<\/span><span style=\"font-family: 'Calibri',sans-serif;\"> (Dz.&nbsp;U.&nbsp;z&nbsp;2016 r., poz. 171) <strong>&ndash; wesz\u0142o w&nbsp;\u017cycie z&nbsp;dniem 12 lutego&nbsp;2016&nbsp;r.<\/strong><\/span><\/span><\/p>\n<p class=\"Tekstpraswki\" style=\"text-align: justify;\"><span style=\"font-size: 12pt;\"><strong><span style=\"font-family: 'Calibri',sans-serif;\">Rozporz\u0105dzenie<\/span><\/strong><span style=\"font-family: 'Calibri',sans-serif;\"> Ministra Sprawiedliwo\u015bci z&nbsp;dnia 9 lutego 2016 r. w&nbsp;sprawie wzoru arkusza oceny pracy asesora s\u0105dowego (Dz. U. z&nbsp;2016 r., poz. 184) <strong>&ndash; wesz\u0142o w&nbsp;\u017cycie z&nbsp;dniem 17 lutego&nbsp;2016&nbsp;r.<\/strong><\/span><\/span><\/p>\n<p>&nbsp;<\/p>\n<p class=\"Dziedzinaprawa\" style=\"text-align: justify;\"><span style=\"font-size: 12pt;\"><strong><span style=\"font-family: 'Calibri',sans-serif;\">PRAWO ROLNE<\/span><\/strong><\/span><\/p>\n<p class=\"Tekstpraswki\" style=\"text-align: justify;\"><span style=\"font-size: 12pt;\"><strong><span style=\"font-family: 'Calibri',sans-serif;\">Rozporz\u0105dzenie<\/span><\/strong><span style=\"font-family: 'Calibri',sans-serif;\"> Rady Ministr&oacute;w <\/span><span style=\"font-family: 'Calibri',sans-serif;\">z dnia 1 lutego 2016 r.<\/span><span style=\"font-family: 'Calibri',sans-serif;\">zmieniaj\u0105ce rozporz\u0105dzenie w<\/span><span style=\"font-family: 'Calibri',sans-serif;\">sprawie szczeg&oacute;\u0142owego zakresu i&nbsp;sposob&oacute;w realizacji niekt&oacute;rych zada\u0144 Agencji Restrukturyzacji i&nbsp;Modernizacji Rolnictwa<\/span><span style=\"font-family: 'Calibri',sans-serif;\"> (Dz. U. z&nbsp;2016 r., poz. 170)<strong> &ndash; wejdzie w&nbsp;\u017cycie z&nbsp;dniem 26 lutego&nbsp;2016&nbsp;r.<\/strong><\/span><\/span><\/p>\n<p class=\"Omwienie\" style=\"text-align: justify;\"><span style=\"font-size: 12pt;\"><span style=\"font-family: 'Calibri',sans-serif;\">W rozporz\u0105dzeniu Rady Ministr&oacute;w z&nbsp;dnia 27 stycznia 2015 r. w&nbsp;sprawie szczeg&oacute;\u0142owego zakresu i&nbsp;sposob&oacute;w realizacji niekt&oacute;rych zada\u0144 Agencji Restrukturyzacji i&nbsp;Modernizacji Rolnictwa (Dz. U. poz. 187, z&nbsp;p&oacute;\u017an. zm.)<\/span><span style=\"font-family: 'Calibri',sans-serif;\"> zmianie ulegnie brzmienie &sect; 7 ust. 1, dodany zostanie &sect; 13g.<\/span><\/span><\/p>\n<p class=\"Tekstpraswki\" style=\"text-align: justify;\"><span style=\"font-size: 12pt;\"><strong><span style=\"font-family: 'Calibri',sans-serif;\">Rozporz\u0105dzenie <\/span><\/strong><span style=\"font-family: 'Calibri',sans-serif;\">Ministra Rolnictwa i&nbsp;Rozwoju Wsi<\/span><span style=\"font-family: 'Calibri',sans-serif;\"> z&nbsp;dnia 1 lutego 2016 r.<\/span><span style=\"font-family: 'Calibri',sans-serif;\">w sprawie wykazu przej\u015b\u0107 granicznych, na kt&oacute;rych organy celne przeprowadzaj\u0105 kontrol\u0119 przemieszczanych w&nbsp;celach niehandlowych zwierz\u0105t domowych towarzysz\u0105cych podr&oacute;\u017cnym<\/span><span style=\"font-family: 'Calibri',sans-serif;\"> (Dz. U. z&nbsp;2016 r., poz. 190)<strong> &ndash; wejdzie w&nbsp;\u017cycie z&nbsp;dniem 3 marca 2016 r.<\/strong><\/span><\/span><\/p>\n<p class=\"Tekstpraswki\" style=\"text-align: justify;\"><span style=\"font-size: 12pt;\"><strong><span style=\"font-family: 'Calibri',sans-serif;\">Rozporz\u0105dzenie <\/span><\/strong><span style=\"font-family: 'Calibri',sans-serif;\">Ministra Rolnictwa i&nbsp;Rozwoju Wsi <\/span><span style=\"font-family: 'Calibri',sans-serif;\">z dnia 10 lutego 2016 r. zmieniaj\u0105ce rozporz\u0105dzenie w&nbsp;sprawie nadania statutu Agencji Restrukturyzacji i&nbsp;Modernizacji Rolnictwa (Dz. U. z&nbsp;2016 r., poz. 175)<strong> &ndash; wejdzie w&nbsp;\u017cycie z&nbsp;dniem 1 marca 2016 r.<\/strong><\/span><\/span><\/p>\n<p class=\"Omwienie\" style=\"text-align: justify;\"><span style=\"font-size: 12pt;\"><span style=\"font-family: 'Calibri',sans-serif;\">W rozporz\u0105dzeniu Ministra Rolnictwa i&nbsp;Rozwoju Wsi z&nbsp;dnia 15 czerwca 2009 r. w&nbsp;sprawie nadania statutu Agencji Restrukturyzacji i&nbsp;Modernizacji Rolnictwa (Dz.<\/span><span style=\"font-family: 'Calibri',sans-serif;\">U.<\/span><span style=\"font-family: 'Calibri',sans-serif;\">z<\/span><span style=\"font-family: 'Calibri',sans-serif;\">2015<\/span><span style=\"font-family: 'Calibri',sans-serif;\">r.<\/span><span style=\"font-family: 'Calibri',sans-serif;\">poz.<\/span><span style=\"font-family: 'Calibri',sans-serif;\">877) <\/span><span style=\"font-family: 'Calibri',sans-serif;\">zmianie ulegnie brzmienie<\/span><span style=\"font-family: 'Calibri',sans-serif;\"> &sect; 3<\/span><span style=\"font-family: 'Calibri',sans-serif;\">za\u0142\u0105cznik<\/span><span style=\"font-family: 'Calibri',sans-serif;\">a.<\/span><\/span><\/p>\n<p>&nbsp;<\/p>\n<p class=\"Dziedzinaprawa\" style=\"text-align: justify;\"><span style=\"font-size: 12pt;\"><strong><span style=\"font-family: 'Calibri',sans-serif;\">ODPADY<\/span><\/strong><\/span><\/p>\n<p class=\"Tekstpraswki\" style=\"text-align: justify;\"><span style=\"font-size: 12pt;\"><strong><span style=\"font-family: 'Calibri',sans-serif;\">Rozporz\u0105dzenie<\/span><\/strong><span style=\"font-family: 'Calibri',sans-serif;\"> Ministra \u015arodowiska <\/span><span style=\"font-family: 'Calibri',sans-serif;\">z dnia 10 lutego 2016 r.<\/span><span style=\"font-family: 'Calibri',sans-serif;\">w sprawie wzoru formularza sprawozdania za rok 2015 i&nbsp;za rok 2016<\/span><span style=\"font-family: 'Calibri',sans-serif;\"> (Dz. U. z&nbsp;2016 r., poz. 182) <strong>&ndash; wesz\u0142o w&nbsp;\u017cycie z&nbsp;dniem 17 lutego 2016 r.<\/strong><\/span><\/span><\/p>\n<p>&nbsp;<\/p>\n<p class=\"Dziedzinaprawa\" style=\"text-align: justify;\"><span style=\"font-size: 12pt;\"><strong><span style=\"font-family: 'Calibri',sans-serif;\">JEDNORAZOWY DODATEK PIENI\u0118\u017bNY<\/span><\/strong><\/span><\/p>\n<p class=\"Tekstpraswki\" style=\"text-align: justify;\"><span style=\"font-size: 12pt;\"><strong><span style=\"font-family: 'Calibri',sans-serif;\">Ustawa<\/span><\/strong><span style=\"font-family: 'Calibri',sans-serif;\">z dnia 15 stycznia 2016 r. o&nbsp;jednorazowym dodatku pieni\u0119\u017cnym dla niekt&oacute;rych emeryt&oacute;w, rencist&oacute;w i&nbsp;os&oacute;b pobieraj\u0105cych \u015bwiadczenia przedemerytalne, zasi\u0142ki przedemerytalne, emerytury pomostowe albo nauczycielskie \u015bwiadczenia kompensacyjne w&nbsp;2016 r.<\/span><span style=\"font-family: 'Calibri',sans-serif;\"> (Dz. U. z&nbsp;2016 r., poz. 188) <strong>&ndash; wejdzie w&nbsp;\u017cycie z&nbsp;dniem 1 marca 2016 r.<\/strong><\/span><\/span><\/p>\n<p>&nbsp;<\/p>\n<p class=\"Dziedzinaprawa\" style=\"text-align: justify;\"><span style=\"font-size: 12pt;\"><strong><span style=\"font-family: 'Calibri',sans-serif;\">\u015aWIADCZENIE WYCHOWAWCZE<\/span><\/strong><\/span><\/p>\n<p class=\"Tekstpraswki\" style=\"text-align: justify;\"><span style=\"font-size: 12pt;\"><strong><span style=\"font-family: 'Calibri',sans-serif;\">Ustawa <\/span><\/strong><span style=\"font-family: 'Calibri',sans-serif;\">z dnia 11 lutego 2016 r.<\/span><span style=\"font-family: 'Calibri',sans-serif;\">o pomocy pa\u0144stwa w&nbsp;wychowywaniu dzieci<\/span><span style=\"font-family: 'Calibri',sans-serif;\"> (Dz.&nbsp;U.&nbsp;z&nbsp;2016 r., poz. 195)<strong> &ndash; wejdzie w&nbsp;\u017cycie z&nbsp;dniem 1 kwietnia 2016 r., z&nbsp;wyj\u0105tkiem art. 53, kt&oacute;ry wszed\u0142 w&nbsp;\u017cycie 17 lutego 2016 r.<\/strong><\/span><\/span><\/p>\n<p>&nbsp;<\/p>\n<p class=\"Dziedzinaprawa\" style=\"text-align: justify;\"><span style=\"font-size: 12pt;\"><strong><span style=\"font-family: 'Calibri',sans-serif;\">PRAWO WOJSKOWE<\/span><\/strong><\/span><\/p>\n<p class=\"Tekstpraswki\" style=\"text-align: justify;\"><span style=\"font-size: 12pt;\"><strong><span style=\"font-family: 'Calibri',sans-serif;\">Rozporz\u0105dzenie<\/span><\/strong><span style=\"font-family: 'Calibri',sans-serif;\"> Ministra Obrony Narodowej <\/span><span style=\"font-family: 'Calibri',sans-serif;\">z dnia 30 pa\u017adziernika 2015 r.<\/span><span style=\"font-family: 'Calibri',sans-serif;\">w sprawie wcze\u015bniejszego zwalniania \u017co\u0142nierzy z&nbsp;zasadniczej s\u0142u\u017cby wojskowej<\/span><span style=\"font-family: 'Calibri',sans-serif;\"> (Dz.&nbsp;U.&nbsp;z&nbsp;2016&nbsp;r.,&nbsp;poz. 181) <strong>&ndash; wejdzie w&nbsp;\u017cycie z&nbsp;dniem 2 marca 2016 r.<\/strong><\/span><\/span><\/p>\n<p class=\"Tekstpraswki\" style=\"text-align: justify;\"><span style=\"font-size: 12pt;\"><strong><span style=\"font-family: 'Calibri',sans-serif;\">Rozporz\u0105dzenie<\/span><\/strong><span style=\"font-family: 'Calibri',sans-serif;\"> Ministra Obrony Narodowej z&nbsp;dnia 3 listopada 2015 r. w&nbsp;sprawie wyp\u0142aty \u015bwiadczenia mieszkaniowego (Dz. U. z&nbsp;2016 r., poz. 185) <strong>&ndash; wejdzie w&nbsp;\u017cycie z&nbsp;dniem 2 marca 2016 r.<\/strong><\/span><\/span><\/p>\n<p>&nbsp;<\/p>\n<p class=\"Dziedzinaprawa\" style=\"text-align: justify;\"><span style=\"font-size: 12pt;\"><strong><span style=\"font-family: 'Calibri',sans-serif;\">PRAWO BUDOWLANE<\/span><\/strong><\/span><\/p>\n<p class=\"Tekstpraswki\" style=\"text-align: justify;\"><span style=\"font-size: 12pt;\"><strong><span style=\"font-family: 'Calibri',sans-serif;\">Rozporz\u0105dzenie<\/span><\/strong><span style=\"font-family: 'Calibri',sans-serif;\"> Ministra Obrony Narodowej <\/span><span style=\"font-family: 'Calibri',sans-serif;\">z dnia 13 listopada 2015 r.<\/span><span style=\"font-family: 'Calibri',sans-serif;\">zmieniaj\u0105ce rozporz\u0105dzenie w&nbsp;sprawie warunk&oacute;w technicznych, jakim powinny odpowiada\u0107 obiekty budowlane nieb\u0119d\u0105ce budynkami, s\u0142u\u017c\u0105ce obronno\u015bci Pa\u0144stwa oraz ich usytuowanie<\/span><span style=\"font-family: 'Calibri',sans-serif;\"> (Dz.&nbsp;U. z&nbsp;2016 r., poz. 183) <strong>&ndash; wejdzie w&nbsp;\u017cycie z&nbsp;dniem 18 marca 2016 r.<\/strong><\/span><\/span><\/p>\n<p class=\"Omwienie\" style=\"text-align: justify;\"><span style=\"font-size: 12pt;\"><span style=\"font-family: 'Calibri',sans-serif;\">W rozporz\u0105dzeniu Ministra Obrony Narodowej z&nbsp;dnia 2 sierpnia 1996 r. w&nbsp;sprawie warunk&oacute;w technicznych, jakim powinny odpowiada\u0107 obiekty budowlane nieb\u0119d\u0105ce budynkami, s\u0142u\u017c\u0105ce obronno\u015bci Pa\u0144stwa oraz ich usytuowanie (Dz. U. Nr 103, poz. 477 oraz z&nbsp;2001 r. Nr 120, poz. 1291)<\/span><span style=\"font-family: 'Calibri',sans-serif;\"> zmianie ulegnie brzmienie &sect; 4, &sect; 8, &sect; 9 ust. 1, &sect; 10, &sect;&nbsp;17 pkt 3, &sect; 19 ust. 1, &sect; 20 ust. 1, &sect; 22.<\/span><\/span><\/p>\n<p>&nbsp;<\/p>\n<p class=\"Dziedzinaprawa\" style=\"text-align: justify;\"><span style=\"font-size: 12pt;\"><strong><span style=\"font-family: 'Calibri',sans-serif;\">ZARZ\u0104DZENIA PREZESA NARODOWEGO FUNDUSZU ZDROWIA<\/span><\/strong><\/span><\/p>\n<p class=\"Tekstpraswki\" style=\"text-align: justify;\"><span style=\"font-size: 12pt;\"><strong><span style=\"font-family: 'Calibri',sans-serif;\">Zarz\u0105dzenie<\/span><\/strong><span style=\"font-family: 'Calibri',sans-serif;\"> Nr 110\/2015\/BP<\/span><span style=\"font-family: 'Calibri',sans-serif;\"> Prezesa Narodowego Funduszu Zdrowia <\/span><span style=\"font-family: 'Calibri',sans-serif;\">z dnia 31<\/span><span style=\"font-family: 'Calibri',sans-serif;\">grudnia<\/span><span style=\"font-family: 'Calibri',sans-serif;\">2015 r.<\/span><span style=\"font-family: 'Calibri',sans-serif;\">w sprawie og\u0142oszenia jednolitego tekstu zarz\u0105dzenia Prezesa Narodowego Funduszu Zdrowia w&nbsp;sprawie okre\u015blenia warunk&oacute;w zawierania i&nbsp;realizacji um&oacute;w w&nbsp;rodzaju: leczenie szpitalne<\/span><strong><span style=\"font-family: 'Calibri',sans-serif;\">&ndash; wesz\u0142o w&nbsp;\u017cycie z&nbsp;dniem 1 stycznia 2016 r., z&nbsp;moc\u0105 obowi\u0105zuj\u0105c\u0105 od dnia 1 listopada 2015 r., z&nbsp;wyj\u0105tkiem &sect; 1:<\/span><\/strong><\/span><\/p>\n<p class=\"Tekstpraswki\" style=\"text-align: justify;\"><span style=\"font-size: 12pt;\"><strong><span style=\"font-family: 'Calibri',sans-serif;\">1) pkt 7 odnosz\u0105cego si\u0119 do za\u0142\u0105cznika nr 1 do zarz\u0105dzenia w&nbsp;zakresie:<\/span><\/strong><\/span><\/p>\n<p class=\"Tekstpraswki\" style=\"text-align: justify;\"><span style=\"font-size: 12pt;\"><strong><span style=\"font-family: 'Calibri',sans-serif;\">a) lp. 48 i&nbsp;49,<\/span><\/strong><\/span><\/p>\n<p class=\"Tekstpraswki\" style=\"text-align: justify;\"><span style=\"font-size: 12pt;\"><strong><span style=\"font-family: 'Calibri',sans-serif;\">b) lp. 67 kolumna 12 &#8211; Uwagi;<\/span><\/strong><\/span><\/p>\n<p class=\"Tekstpraswki\" style=\"text-align: justify;\"><span style=\"font-size: 12pt;\"><strong><span style=\"font-family: 'Calibri',sans-serif;\">2) pkt 10, 11, 14 lit. a&nbsp;i 15 lit. b<\/span><\/strong><\/span><\/p>\n<p class=\"Tekstpraswki\" style=\"text-align: justify;\"><span style=\"font-size: 12pt;\"><strong><span style=\"font-family: 'Calibri',sans-serif;\">&#8211; kt&oacute;re wesz\u0142y w&nbsp;\u017cycie z&nbsp;dniem 1 stycznia 2016 r.<\/span><\/strong><\/span><\/p>\n<p class=\"Tekstpraswki\" style=\"text-align: justify;\"><span style=\"font-size: 12pt;\"><strong><span style=\"font-family: 'Calibri',sans-serif;\">Zarz\u0105dzenie <\/span><\/strong><span style=\"font-family: 'Calibri',sans-serif;\">Nr 2\/2016\/DSOZ Prezesa Narodowego Funduszu Zdrowia z&nbsp;dnia&nbsp;12&nbsp;stycznia 2016 r. zmieniaj\u0105ce zarz\u0105dzenie w&nbsp;sprawie okre\u015blenia warunk&oacute;w zawierania i&nbsp;realizacji um&oacute;w o&nbsp;udzielanie \u015bwiadcze\u0144 w&nbsp;rodzaju: podstawowa opieka zdrowotna <strong>&ndash; wesz\u0142o w&nbsp;\u017cycie z&nbsp;dniem podpisania, z&nbsp;moc\u0105 obowi\u0105zuj\u0105c\u0105 od dnia 1&nbsp;stycznia 2016 r.<\/strong><\/span><\/span><\/p>\n<p class=\"Omwienie\" style=\"text-align: justify;\"><span style=\"font-size: 12pt;\"><span style=\"font-family: 'Calibri',sans-serif;\">W zarz\u0105dzeniu Nr 77\/2015\/DSOZ Prezesa Narodowego Funduszu Zdrowia z&nbsp;dnia 19<\/span><span style=\"font-family: 'Calibri',sans-serif;\">listopada 2015 r. w&nbsp;sprawie okre\u015blenia warunk&oacute;w zawierania i&nbsp;realizacji um&oacute;w o<\/span><span style=\"font-family: 'Calibri',sans-serif;\">udzielanie \u015bwiadcze\u0144 opieki zdrowotnej w&nbsp;rodzaju: podstawowa opieka zdrowotna<\/span><span style=\"font-family: 'Calibri',sans-serif;\"> zmianie uleg\u0142o brzmienie &sect; 9, &sect; 10, &sect; 16 ust. 2 pkt 4, za\u0142\u0105cznika nr 2 do zarz\u0105dzenia.<\/span><\/span><\/p>\n<p class=\"Tekstpraswki\" style=\"text-align: justify;\"><span style=\"font-size: 12pt;\"><strong><span style=\"font-family: 'Calibri',sans-serif;\">Zarz\u0105dzenie<\/span><\/strong><span style=\"font-family: 'Calibri',sans-serif;\"> NR 3\/2016\/DGL<\/span><span style=\"font-family: 'Calibri',sans-serif;\"> Prezesa Narodowego Funduszu Zdrowia <\/span><span style=\"font-family: 'Calibri',sans-serif;\">z dnia 26<\/span><span style=\"font-family: 'Calibri',sans-serif;\">stycznia<\/span><span style=\"font-family: 'Calibri',sans-serif;\">2016 r.<\/span><span style=\"font-family: 'Calibri',sans-serif;\">zmieniaj\u0105ce zarz\u0105dzenie w&nbsp;sprawie warunk&oacute;w realizacji um&oacute;w w<\/span><span style=\"font-family: 'Calibri',sans-serif;\">rodzaju leczenie szpitalne w&nbsp;zakresie terapeutyczne programy zdrowotne &ndash; program leczenia w&nbsp;ramach \u015bwiadczenia chemioterapii niestandardowej<\/span><strong><span style=\"font-family: 'Calibri',sans-serif;\">&#8211; wesz\u0142o w&nbsp;\u017cycie z&nbsp;dniem nast\u0119puj\u0105cym po dniu podpisania, z&nbsp;moc\u0105 obowi\u0105zuj\u0105c\u0105 od dnia 1&nbsp;stycznia 2016 r.<\/span><\/strong><\/span><\/p>\n<p class=\"Omwienie\" style=\"text-align: justify;\"><span style=\"font-size: 12pt;\"><span style=\"font-family: 'Calibri',sans-serif;\">W zarz\u0105dzeniu Nr 85\/2014\/DGL Prezesa Narodowego Funduszu Zdrowia z&nbsp;dnia 16<\/span><span style=\"font-family: 'Calibri',sans-serif;\">grudnia 2014 r. w&nbsp;sprawie warunk&oacute;w realizacji um&oacute;w w&nbsp;rodzaju leczenie szpitalne w<\/span><span style=\"font-family: 'Calibri',sans-serif;\">zakresie terapeutyczne programy zdrowotne &ndash; program leczenia w&nbsp;ramach \u015bwiadczenia chemioterapii niestandardowej zmienionym zarz\u0105dzeniem Nr 61\/2015\/DSOZ Prezesa Narodowego Funduszu Zdrowia z&nbsp;dnia 16 wrze\u015bnia 2015 r., zarz\u0105dzeniem Nr<\/span><span style=\"font-family: 'Calibri',sans-serif;\">62\/2015\/DSOZ Prezesa Narodowego Funduszu Zdrowia z&nbsp;dnia 29 wrze\u015bnia 2015 r. oraz zarz\u0105dzeniem Nr 70\/2015\/DSOZ Prezesa Narodowego Funduszu Zdrowia z&nbsp;dnia 16<\/span><span style=\"font-family: 'Calibri',sans-serif;\">pa\u017adziernika 2015 r. zmieniaj\u0105cym zarz\u0105dzenia Prezesa Narodowego Funduszu Zdrowia okre\u015blaj\u0105ce warunki zawierania i&nbsp;realizacji um&oacute;w w&nbsp;poszczeg&oacute;lnych rodzajach \u015bwiadcze\u0144, w&nbsp;zwi\u0105zku z&nbsp;wej\u015bciem w&nbsp;\u017cycie rozporz\u0105dzenia zmieniaj\u0105cego rozporz\u0105dzenie w&nbsp;sprawie og&oacute;lnych warunk&oacute;w, <\/span><span style=\"font-family: 'Calibri',sans-serif;\">zmianie uleg\u0142o brzmienie <\/span><span style=\"font-family: 'Calibri',sans-serif;\">za\u0142\u0105cznik<\/span><span style=\"font-family: 'Calibri',sans-serif;\">a<\/span><span style=\"font-family: 'Calibri',sans-serif;\"> nr 2<\/span><span style=\"font-family: 'Calibri',sans-serif;\">.<\/span><\/span><\/p>\n<p>&nbsp;<\/p>\n<p class=\"NowePrawo\" style=\"text-align: justify;\"><span style=\"font-size: 12pt;\"><strong><span style=\"font-family: 'Calibri',sans-serif;\">_____Orzecznictwo<\/span><\/strong><\/span><\/p>\n<p class=\"SdNajwyszy\" style=\"text-align: justify;\"><span style=\"font-size: 12pt;\"><strong><span style=\"font-family: 'Calibri',sans-serif;\">S\u0105d Najwy\u017cszy<\/span><\/strong><\/span><\/p>\n<p class=\"Dziedzinaprawa\" style=\"text-align: justify;\"><span style=\"font-size: 12pt;\"><strong><span style=\"font-family: 'Calibri',sans-serif;\">\u015aWIADCZENIE PIENI\u0118\u017bNE Z&nbsp;UBEZPIECZENIA SPO\u0141ECZNEGO<\/span><\/strong><\/span><\/p>\n<p class=\"Tekstpraswki\" style=\"text-align: justify;\"><span style=\"font-size: 12pt;\"><span style=\"font-family: 'Calibri',sans-serif;\">Przepis art. 17 ust. 1 ustawy z&nbsp;dnia 25 czerwca 1999 r. o&nbsp;\u015bwiadczeniach pieni\u0119\u017cnych z<\/span><span style=\"font-family: 'Calibri',sans-serif;\">ubezpieczenia spo\u0142ecznego w&nbsp;razie choroby i&nbsp;macierzy\u0144stwa (jednolity tekst: Dz.<\/span><span style=\"font-family: 'Calibri',sans-serif;\">U.<\/span><span style=\"font-family: 'Calibri',sans-serif;\">z<\/span><span style=\"font-family: 'Calibri',sans-serif;\">2014 r., poz. 159 ze zm.) nie ma zastosowania do ubezpieczonego, kt&oacute;ry w<\/span><span style=\"font-family: 'Calibri',sans-serif;\">okresie orzeczonej niezdolno\u015bci do pracy uzyska\u0142 za\u015bwiadczenie w\u0142a\u015bciwego lekarza o<\/span><span style=\"font-family: 'Calibri',sans-serif;\">odzyskaniu zdolno\u015bci do pracy i&nbsp;w zwi\u0105zku z&nbsp;tym za\u015bwiadczeniem podj\u0105\u0142 prac\u0119 zarobkow\u0105, o&nbsp;czym zawiadomiono organ rentowy<\/span><strong><span style=\"font-family: 'Calibri',sans-serif;\"> &ndash; Uchwa\u0142a S\u0105du Najwy\u017cszego z&nbsp;dnia 17 lutego 2016 r., sygn. akt III UZP 15\/15.<\/span><\/strong><\/span><\/p>\n<p>&nbsp;<\/p>\n<p class=\"Dziedzinaprawa\" style=\"text-align: justify;\"><span style=\"font-size: 12pt;\"><strong><span style=\"font-family: 'Calibri',sans-serif;\">KARA PIENI\u0118\u017bNA NA\u0141O\u017bONA NA PRZEDSI\u0118BIORC\u0118 TELEKOMUNIKACYJNEGO<\/span><\/strong><\/span><\/p>\n<p class=\"Tekstpraswki\" style=\"text-align: justify;\"><span style=\"font-size: 12pt; font-family: 'Calibri',sans-serif;\">Art. 209 ust. 1 pkt 25 ustawy z&nbsp;dnia 16 lipca 2004 r. &#8211; Prawo telekomunikacyjne (Dz.&nbsp;U.&nbsp;Nr 171, poz. 1800 ze zm.) w&nbsp;zwi\u0105zku z&nbsp;art. 172 ust. 1 i&nbsp;art. 174 pkt 1 tej ustawy mo\u017ce stanowi\u0107 podstaw\u0119 prawn\u0105 na\u0142o\u017cenia kary pieni\u0119\u017cnej na przedsi\u0119biorc\u0119 telekomunikacyjnego, kt&oacute;ry zleci\u0142 innemu podmiotowi wykorzystanie automatycznych system&oacute;w wywo\u0142uj\u0105cych dla cel&oacute;w marketingu bezpo\u015bredniego us\u0142ug tego przedsi\u0119biorcy telekomunikacyjnego w\u015br&oacute;d jego abonent&oacute;w lub u\u017cytkownik&oacute;w ko\u0144cowych na podstawie bazy przekazanych numer&oacute;w telefonicznych <strong>&ndash; Uchwa\u0142a S\u0105du Najwy\u017cszego z&nbsp;dnia 17&nbsp;lutego 2016 r., sygn. akt III SZP 7\/15.<\/strong><\/span><\/p>\n<p>&nbsp;<\/p>\n<p class=\"Dziedzinaprawa\" style=\"text-align: justify;\"><span style=\"font-size: 12pt;\"><strong><span style=\"font-family: 'Calibri',sans-serif;\">SKARGA OD WYROKU KRAJOWEJ IZBY ODWO\u0141AWCZEJ<\/span><\/strong><\/span><\/p>\n<p class=\"Tekstpraswki\" style=\"text-align: justify;\"><span style=\"font-size: 12pt; font-family: 'Calibri',sans-serif;\">Dopuszczalna jest skarga do s\u0105du od wyroku Krajowej Izby Odwo\u0142awczej dotycz\u0105ca zarzut&oacute;w oddalonych w&nbsp;uzasadnieniu tego orzeczenia a&nbsp;nierozstrzygni\u0119tych w&nbsp;sentencji <strong>&ndash; Uchwa\u0142a S\u0105du Najwy\u017cszego z&nbsp;dnia 17 lutego 2016 r., sygn. akt III CZP 111\/15.<\/strong><\/span><\/p>\n<p>&nbsp;<\/p>\n<p class=\"Dziedzinaprawa\" style=\"text-align: justify;\"><span style=\"font-size: 12pt;\"><strong><span style=\"font-family: 'Calibri',sans-serif;\">ZGODA INWESTORA NA ZAWARCIE PRZEZ WYKONAWC\u0118 UMOWY O&nbsp;ROBOTY BUDOWLANE Z&nbsp;PODWYKONAWC\u0104<\/span><\/strong><\/span><\/p>\n<p class=\"Tekstpraswki\" style=\"text-align: justify;\"><span style=\"font-size: 12pt; font-family: 'Calibri',sans-serif;\">Skuteczno\u015b\u0107 wyra\u017conej w&nbsp;spos&oacute;b dorozumiany (art. 60 k.c.) zgody inwestora na zawarcie przez wykonawc\u0119 umowy o&nbsp;roboty budowlane z&nbsp;podwykonawc\u0105 jest uzale\u017cniona od zapewnienia mu mo\u017cliwo\u015bci zapoznania si\u0119 z&nbsp;postanowieniami tej umowy, kt&oacute;re wyznaczaj\u0105 zakres jego odpowiedzialno\u015bci przewidzianej w&nbsp;art. 647<sup>1<\/sup> &sect; 5 k.c. Podstaw\u0119 prawn\u0105 oceny \u017c\u0105da\u0144 podwykonawcy kierowanych przeciwko inwestorowi wyznaczaj\u0105 przytoczone przez powoda okoliczno\u015bci faktyczne. Je\u017celi pow&oacute;d wskaza\u0142 podstaw\u0119 prawn\u0105 roszczenia, s\u0105d przewiduj\u0105c mo\u017cliwo\u015b\u0107 orzeczenia na innej podstawie powinien uprzedzi\u0107 o&nbsp;tym strony<strong> &ndash; Uchwa\u0142a S\u0105du Najwy\u017cszego z&nbsp;dnia 17 lutego 2016 r., sygn.&nbsp;akt&nbsp;III&nbsp;CZP 108\/15.<\/strong><\/span><\/p>\n<p>&nbsp;<\/p>\n<p class=\"Dziedzinaprawa\" style=\"text-align: justify;\"><span style=\"font-size: 12pt; font-family: 'Calibri',sans-serif;\"><strong>UPOWA\u017bNIENIE DO WYKONANIA CZYNNO\u015aCI NA KOSZT D\u0141U\u017bNIKA<\/strong><\/span><\/p>\n<p class=\"Tekstpraswki\" style=\"text-align: justify;\"><span style=\"font-size: 12pt; font-family: 'Calibri',sans-serif;\">Wierzyciel, kt&oacute;ry w&nbsp;post\u0119powaniu s\u0105dowym otrzyma\u0142 upowa\u017cnienie do wykonania czynno\u015bci na koszt d\u0142u\u017cnika (art. 480 &sect; 1 k.c.), mo\u017ce &#8211; na podstawie art. 1049 &sect; 1 zd. drugie k.p.c. &#8211; \u017c\u0105da\u0107 przyznania mu przez s\u0105d sumy potrzebnej do wykonania tej czynno\u015bci <strong>&ndash; Uchwa\u0142a S\u0105du Najwy\u017cszego z&nbsp;dnia 17 lutego 2016 r., sygn.&nbsp;akt&nbsp;III&nbsp;CZP 106\/15.<\/strong><\/span><\/p>\n<p>&nbsp;<\/p>\n","protected":false},"excerpt":{"rendered":"<p>We would like to present the next issue of legal bulletin of the Law Office of Adam Polowiec.What you will find here is some information about the new provisions of law and the projects of amendments to acts, but also case-laws including the case laws of Supreme Court, Constitutional Tribunal and European Court of Justice.<\/p>\n","protected":false},"author":3,"featured_media":0,"comment_status":"closed","ping_status":"open","sticky":false,"template":"","format":"standard","meta":{"footnotes":""},"categories":[2],"tags":[],"class_list":["post-619","post","type-post","status-publish","format-standard","hentry","category-wpisy"],"featured_image_src":{"landsacpe":false,"list":false,"medium":false,"full":false},"yoast_head":"<!-- This site is optimized with the Yoast SEO plugin v27.2 - https:\/\/yoast.com\/product\/yoast-seo-wordpress\/ -->\n<title>Legal Bulletin Of The Law Office Of Adam Polowiec (15 - 21 February 2016) - Polowiec i Wsp\u00f3lnicy - Kancelaria prawna<\/title>\n<meta name=\"robots\" content=\"index, follow, max-snippet:-1, max-image-preview:large, max-video-preview:-1\" \/>\n<link rel=\"canonical\" href=\"https:\/\/polowiec.pl\/en\/legal-bulletin-of-the-law-office-of-adam-polowiec-15-21-february-2016\/\" \/>\n<meta property=\"og:locale\" content=\"en_US\" \/>\n<meta property=\"og:type\" content=\"article\" \/>\n<meta property=\"og:title\" content=\"Legal Bulletin Of The Law Office Of Adam Polowiec (15 - 21 February 2016) - Polowiec i Wsp\u00f3lnicy - Kancelaria prawna\" \/>\n<meta property=\"og:description\" content=\"We would like to present the next issue of legal bulletin of the Law Office of Adam Polowiec.What you will find here is some information about the new provisions of law and the projects of amendments to acts, but also case-laws including the case laws of Supreme Court, Constitutional Tribunal and European Court of Justice.\" \/>\n<meta property=\"og:url\" content=\"https:\/\/polowiec.pl\/en\/legal-bulletin-of-the-law-office-of-adam-polowiec-15-21-february-2016\/\" \/>\n<meta property=\"og:site_name\" content=\"Polowiec i Wsp\u00f3lnicy - Kancelaria prawna\" \/>\n<meta property=\"article:publisher\" content=\"https:\/\/www.facebook.com\/polowieciwspolnicy\/\" \/>\n<meta property=\"article:published_time\" content=\"2016-05-26T15:51:39+00:00\" \/>\n<meta property=\"article:modified_time\" content=\"2019-04-18T15:28:19+00:00\" \/>\n<meta name=\"author\" content=\"Marcin Rusinek\" \/>\n<meta name=\"twitter:card\" content=\"summary_large_image\" \/>\n<meta name=\"twitter:label1\" content=\"Written by\" \/>\n\t<meta name=\"twitter:data1\" content=\"Marcin Rusinek\" \/>\n\t<meta name=\"twitter:label2\" content=\"Est. reading time\" \/>\n\t<meta name=\"twitter:data2\" content=\"17 minutes\" \/>\n<script type=\"application\/ld+json\" class=\"yoast-schema-graph\">{\"@context\":\"https:\/\/schema.org\",\"@graph\":[{\"@type\":\"Article\",\"@id\":\"https:\/\/polowiec.pl\/en\/legal-bulletin-of-the-law-office-of-adam-polowiec-15-21-february-2016\/#article\",\"isPartOf\":{\"@id\":\"https:\/\/polowiec.pl\/en\/legal-bulletin-of-the-law-office-of-adam-polowiec-15-21-february-2016\/\"},\"author\":{\"name\":\"Marcin Rusinek\",\"@id\":\"https:\/\/polowiec.pl\/en\/#\/schema\/person\/74c7526b6f52be5ae94031504f9ffec4\"},\"headline\":\"Legal Bulletin Of The Law Office Of Adam Polowiec (15 &#8211; 21 February 2016)\",\"datePublished\":\"2016-05-26T15:51:39+00:00\",\"dateModified\":\"2019-04-18T15:28:19+00:00\",\"mainEntityOfPage\":{\"@id\":\"https:\/\/polowiec.pl\/en\/legal-bulletin-of-the-law-office-of-adam-polowiec-15-21-february-2016\/\"},\"wordCount\":3330,\"publisher\":{\"@id\":\"https:\/\/polowiec.pl\/en\/#organization\"},\"articleSection\":[\"Wpisy\"],\"inLanguage\":\"en-US\"},{\"@type\":\"WebPage\",\"@id\":\"https:\/\/polowiec.pl\/en\/legal-bulletin-of-the-law-office-of-adam-polowiec-15-21-february-2016\/\",\"url\":\"https:\/\/polowiec.pl\/en\/legal-bulletin-of-the-law-office-of-adam-polowiec-15-21-february-2016\/\",\"name\":\"Legal Bulletin Of The Law Office Of Adam Polowiec (15 - 21 February 2016) - Polowiec i Wsp\u00f3lnicy - Kancelaria prawna\",\"isPartOf\":{\"@id\":\"https:\/\/polowiec.pl\/en\/#website\"},\"datePublished\":\"2016-05-26T15:51:39+00:00\",\"dateModified\":\"2019-04-18T15:28:19+00:00\",\"breadcrumb\":{\"@id\":\"https:\/\/polowiec.pl\/en\/legal-bulletin-of-the-law-office-of-adam-polowiec-15-21-february-2016\/#breadcrumb\"},\"inLanguage\":\"en-US\",\"potentialAction\":[{\"@type\":\"ReadAction\",\"target\":[\"https:\/\/polowiec.pl\/en\/legal-bulletin-of-the-law-office-of-adam-polowiec-15-21-february-2016\/\"]}]},{\"@type\":\"BreadcrumbList\",\"@id\":\"https:\/\/polowiec.pl\/en\/legal-bulletin-of-the-law-office-of-adam-polowiec-15-21-february-2016\/#breadcrumb\",\"itemListElement\":[{\"@type\":\"ListItem\",\"position\":1,\"name\":\"Strona g\u0142\u00f3wna\",\"item\":\"https:\/\/polowiec.pl\/en\/\"},{\"@type\":\"ListItem\",\"position\":2,\"name\":\"Legal Bulletin Of The Law Office Of Adam Polowiec (15 &#8211; 21 February 2016)\"}]},{\"@type\":\"WebSite\",\"@id\":\"https:\/\/polowiec.pl\/en\/#website\",\"url\":\"https:\/\/polowiec.pl\/en\/\",\"name\":\"Polowiec i Wsp\u00f3lnicy - Kancelaria prawna\",\"description\":\"Obs\u0142uga prawna\",\"publisher\":{\"@id\":\"https:\/\/polowiec.pl\/en\/#organization\"},\"potentialAction\":[{\"@type\":\"SearchAction\",\"target\":{\"@type\":\"EntryPoint\",\"urlTemplate\":\"https:\/\/polowiec.pl\/en\/?s={search_term_string}\"},\"query-input\":{\"@type\":\"PropertyValueSpecification\",\"valueRequired\":true,\"valueName\":\"search_term_string\"}}],\"inLanguage\":\"en-US\"},{\"@type\":\"Organization\",\"@id\":\"https:\/\/polowiec.pl\/en\/#organization\",\"name\":\"Polowiec i Wsp\u00f3lnicy - Kancelaria prawna\",\"url\":\"https:\/\/polowiec.pl\/en\/\",\"logo\":{\"@type\":\"ImageObject\",\"inLanguage\":\"en-US\",\"@id\":\"https:\/\/polowiec.pl\/en\/#\/schema\/logo\/image\/\",\"url\":\"https:\/\/polowiec.pl\/wp-content\/uploads\/2018\/10\/polowiec_logo2-1.png\",\"contentUrl\":\"https:\/\/polowiec.pl\/wp-content\/uploads\/2018\/10\/polowiec_logo2-1.png\",\"width\":540,\"height\":381,\"caption\":\"Polowiec i Wsp\u00f3lnicy - Kancelaria prawna\"},\"image\":{\"@id\":\"https:\/\/polowiec.pl\/en\/#\/schema\/logo\/image\/\"},\"sameAs\":[\"https:\/\/www.facebook.com\/polowieciwspolnicy\/\",\"https:\/\/www.linkedin.com\/company\/polowiec-i-wsplnicy-sp.j.\/about\/\"]},{\"@type\":\"Person\",\"@id\":\"https:\/\/polowiec.pl\/en\/#\/schema\/person\/74c7526b6f52be5ae94031504f9ffec4\",\"name\":\"Marcin Rusinek\",\"image\":{\"@type\":\"ImageObject\",\"inLanguage\":\"en-US\",\"@id\":\"https:\/\/secure.gravatar.com\/avatar\/b50a0a5c3e71d904f5e57a757d39977d01c43e075c6bf5b4df909ffbbe004790?s=96&d=mm&r=g\",\"url\":\"https:\/\/secure.gravatar.com\/avatar\/b50a0a5c3e71d904f5e57a757d39977d01c43e075c6bf5b4df909ffbbe004790?s=96&d=mm&r=g\",\"contentUrl\":\"https:\/\/secure.gravatar.com\/avatar\/b50a0a5c3e71d904f5e57a757d39977d01c43e075c6bf5b4df909ffbbe004790?s=96&d=mm&r=g\",\"caption\":\"Marcin Rusinek\"}}]}<\/script>\n<!-- \/ Yoast SEO plugin. -->","yoast_head_json":{"title":"Legal Bulletin Of The Law Office Of Adam Polowiec (15 - 21 February 2016) - Polowiec i Wsp\u00f3lnicy - Kancelaria prawna","robots":{"index":"index","follow":"follow","max-snippet":"max-snippet:-1","max-image-preview":"max-image-preview:large","max-video-preview":"max-video-preview:-1"},"canonical":"https:\/\/polowiec.pl\/en\/legal-bulletin-of-the-law-office-of-adam-polowiec-15-21-february-2016\/","og_locale":"en_US","og_type":"article","og_title":"Legal Bulletin Of The Law Office Of Adam Polowiec (15 - 21 February 2016) - Polowiec i Wsp\u00f3lnicy - Kancelaria prawna","og_description":"We would like to present the next issue of legal bulletin of the Law Office of Adam Polowiec.What you will find here is some information about the new provisions of law and the projects of amendments to acts, but also case-laws including the case laws of Supreme Court, Constitutional Tribunal and European Court of Justice.","og_url":"https:\/\/polowiec.pl\/en\/legal-bulletin-of-the-law-office-of-adam-polowiec-15-21-february-2016\/","og_site_name":"Polowiec i Wsp\u00f3lnicy - Kancelaria prawna","article_publisher":"https:\/\/www.facebook.com\/polowieciwspolnicy\/","article_published_time":"2016-05-26T15:51:39+00:00","article_modified_time":"2019-04-18T15:28:19+00:00","author":"Marcin Rusinek","twitter_card":"summary_large_image","twitter_misc":{"Written by":"Marcin Rusinek","Est. reading time":"17 minutes"},"schema":{"@context":"https:\/\/schema.org","@graph":[{"@type":"Article","@id":"https:\/\/polowiec.pl\/en\/legal-bulletin-of-the-law-office-of-adam-polowiec-15-21-february-2016\/#article","isPartOf":{"@id":"https:\/\/polowiec.pl\/en\/legal-bulletin-of-the-law-office-of-adam-polowiec-15-21-february-2016\/"},"author":{"name":"Marcin Rusinek","@id":"https:\/\/polowiec.pl\/en\/#\/schema\/person\/74c7526b6f52be5ae94031504f9ffec4"},"headline":"Legal Bulletin Of The Law Office Of Adam Polowiec (15 &#8211; 21 February 2016)","datePublished":"2016-05-26T15:51:39+00:00","dateModified":"2019-04-18T15:28:19+00:00","mainEntityOfPage":{"@id":"https:\/\/polowiec.pl\/en\/legal-bulletin-of-the-law-office-of-adam-polowiec-15-21-february-2016\/"},"wordCount":3330,"publisher":{"@id":"https:\/\/polowiec.pl\/en\/#organization"},"articleSection":["Wpisy"],"inLanguage":"en-US"},{"@type":"WebPage","@id":"https:\/\/polowiec.pl\/en\/legal-bulletin-of-the-law-office-of-adam-polowiec-15-21-february-2016\/","url":"https:\/\/polowiec.pl\/en\/legal-bulletin-of-the-law-office-of-adam-polowiec-15-21-february-2016\/","name":"Legal Bulletin Of The Law Office Of Adam Polowiec (15 - 21 February 2016) - Polowiec i Wsp\u00f3lnicy - Kancelaria prawna","isPartOf":{"@id":"https:\/\/polowiec.pl\/en\/#website"},"datePublished":"2016-05-26T15:51:39+00:00","dateModified":"2019-04-18T15:28:19+00:00","breadcrumb":{"@id":"https:\/\/polowiec.pl\/en\/legal-bulletin-of-the-law-office-of-adam-polowiec-15-21-february-2016\/#breadcrumb"},"inLanguage":"en-US","potentialAction":[{"@type":"ReadAction","target":["https:\/\/polowiec.pl\/en\/legal-bulletin-of-the-law-office-of-adam-polowiec-15-21-february-2016\/"]}]},{"@type":"BreadcrumbList","@id":"https:\/\/polowiec.pl\/en\/legal-bulletin-of-the-law-office-of-adam-polowiec-15-21-february-2016\/#breadcrumb","itemListElement":[{"@type":"ListItem","position":1,"name":"Strona g\u0142\u00f3wna","item":"https:\/\/polowiec.pl\/en\/"},{"@type":"ListItem","position":2,"name":"Legal Bulletin Of The Law Office Of Adam Polowiec (15 &#8211; 21 February 2016)"}]},{"@type":"WebSite","@id":"https:\/\/polowiec.pl\/en\/#website","url":"https:\/\/polowiec.pl\/en\/","name":"Polowiec i Wsp\u00f3lnicy - Kancelaria prawna","description":"Obs\u0142uga prawna","publisher":{"@id":"https:\/\/polowiec.pl\/en\/#organization"},"potentialAction":[{"@type":"SearchAction","target":{"@type":"EntryPoint","urlTemplate":"https:\/\/polowiec.pl\/en\/?s={search_term_string}"},"query-input":{"@type":"PropertyValueSpecification","valueRequired":true,"valueName":"search_term_string"}}],"inLanguage":"en-US"},{"@type":"Organization","@id":"https:\/\/polowiec.pl\/en\/#organization","name":"Polowiec i Wsp\u00f3lnicy - Kancelaria prawna","url":"https:\/\/polowiec.pl\/en\/","logo":{"@type":"ImageObject","inLanguage":"en-US","@id":"https:\/\/polowiec.pl\/en\/#\/schema\/logo\/image\/","url":"https:\/\/polowiec.pl\/wp-content\/uploads\/2018\/10\/polowiec_logo2-1.png","contentUrl":"https:\/\/polowiec.pl\/wp-content\/uploads\/2018\/10\/polowiec_logo2-1.png","width":540,"height":381,"caption":"Polowiec i Wsp\u00f3lnicy - Kancelaria prawna"},"image":{"@id":"https:\/\/polowiec.pl\/en\/#\/schema\/logo\/image\/"},"sameAs":["https:\/\/www.facebook.com\/polowieciwspolnicy\/","https:\/\/www.linkedin.com\/company\/polowiec-i-wsplnicy-sp.j.\/about\/"]},{"@type":"Person","@id":"https:\/\/polowiec.pl\/en\/#\/schema\/person\/74c7526b6f52be5ae94031504f9ffec4","name":"Marcin Rusinek","image":{"@type":"ImageObject","inLanguage":"en-US","@id":"https:\/\/secure.gravatar.com\/avatar\/b50a0a5c3e71d904f5e57a757d39977d01c43e075c6bf5b4df909ffbbe004790?s=96&d=mm&r=g","url":"https:\/\/secure.gravatar.com\/avatar\/b50a0a5c3e71d904f5e57a757d39977d01c43e075c6bf5b4df909ffbbe004790?s=96&d=mm&r=g","contentUrl":"https:\/\/secure.gravatar.com\/avatar\/b50a0a5c3e71d904f5e57a757d39977d01c43e075c6bf5b4df909ffbbe004790?s=96&d=mm&r=g","caption":"Marcin Rusinek"}}]}},"_links":{"self":[{"href":"https:\/\/polowiec.pl\/en\/wp-json\/wp\/v2\/posts\/619","targetHints":{"allow":["GET"]}}],"collection":[{"href":"https:\/\/polowiec.pl\/en\/wp-json\/wp\/v2\/posts"}],"about":[{"href":"https:\/\/polowiec.pl\/en\/wp-json\/wp\/v2\/types\/post"}],"author":[{"embeddable":true,"href":"https:\/\/polowiec.pl\/en\/wp-json\/wp\/v2\/users\/3"}],"replies":[{"embeddable":true,"href":"https:\/\/polowiec.pl\/en\/wp-json\/wp\/v2\/comments?post=619"}],"version-history":[{"count":0,"href":"https:\/\/polowiec.pl\/en\/wp-json\/wp\/v2\/posts\/619\/revisions"}],"wp:attachment":[{"href":"https:\/\/polowiec.pl\/en\/wp-json\/wp\/v2\/media?parent=619"}],"wp:term":[{"taxonomy":"category","embeddable":true,"href":"https:\/\/polowiec.pl\/en\/wp-json\/wp\/v2\/categories?post=619"},{"taxonomy":"post_tag","embeddable":true,"href":"https:\/\/polowiec.pl\/en\/wp-json\/wp\/v2\/tags?post=619"}],"curies":[{"name":"wp","href":"https:\/\/api.w.org\/{rel}","templated":true}]}}