{"id":621,"date":"2016-05-26T17:59:59","date_gmt":"2016-05-26T15:59:59","guid":{"rendered":"https:\/\/nowa.polowiec.pl\/legal-bulletin-of-the-law-office-of-adam-polowiec-22-28-february-2016\/"},"modified":"2019-04-18T17:27:28","modified_gmt":"2019-04-18T15:27:28","slug":"legal-bulletin-of-the-law-office-of-adam-polowiec-22-28-february-2016","status":"publish","type":"post","link":"https:\/\/polowiec.pl\/en\/legal-bulletin-of-the-law-office-of-adam-polowiec-22-28-february-2016\/","title":{"rendered":"Legal Bulletin Of The Law Office Of Adam Polowiec (22 &#8211; 28 February 2016)"},"content":{"rendered":"<p>We would like to present the next issue of legal bulletin of the Law Office of Adam Polowiec.<br \/>What you will find here is some information about the new provisions of law and the projects of amendments to acts, but also case-laws including the case laws of Supreme Court, Constitutional Tribunal and European Court of Justice.<\/p>\n<p>  <!--more-->  <\/p>\n<p class=\"NowePrawo\" style=\"text-align: justify;\"><span style=\"font-size: 12pt;\"><strong><span style=\"font-family: 'Calibri',sans-serif;\">_____Nowe Prawo<\/span><\/strong><\/span><\/p>\n<p class=\"Dziedzinaprawa\" style=\"text-align: justify;\"><span style=\"font-size: 12pt;\"><strong><span style=\"font-family: 'Calibri',sans-serif;\">WYROBY MEDYCZNE<\/span><\/strong><\/span><\/p>\n<p class=\"Tekstpraswki\" style=\"text-align: justify;\"><span style=\"font-size: 12pt;\"><strong><span style=\"font-family: 'Calibri',sans-serif;\">Rozporz\u0105dzenie<\/span><\/strong><span style=\"font-family: 'Calibri',sans-serif;\"> Ministra Zdrowia <\/span><span style=\"font-family: 'Calibri',sans-serif;\">z dnia 16 lutego 2016 r.<\/span><span style=\"font-family: 'Calibri',sans-serif;\">w sprawie wysoko\u015bci op\u0142at za z\u0142o\u017cenie zg\u0142osze\u0144 dotycz\u0105cych wyrob&oacute;w oraz wysoko\u015bci op\u0142aty za z\u0142o\u017cenie wniosku o<\/span><span style=\"font-family: 'Calibri',sans-serif;\">wydanie \u015bwiadectwa wolnej sprzeda\u017cy<\/span><span style=\"font-family: 'Calibri',sans-serif;\"> (Dz. U. z&nbsp;2016 r., poz. 202)<strong> &ndash; wesz\u0142o w&nbsp;\u017cycie z&nbsp;dniem 20 lutego 2016 r.<\/strong><\/span><\/span><\/p>\n<p class=\"Tekstpraswki\" style=\"text-align: justify;\"><span style=\"font-size: 12pt;\"><strong><span style=\"font-family: 'Calibri',sans-serif;\">Rozporz\u0105dzenie<\/span><\/strong><span style=\"font-family: 'Calibri',sans-serif;\"> Ministra Zdrowia z&nbsp;dnia 16 lutego 2016 r. w&nbsp;sprawie udzielania autoryzacji jednostkom w&nbsp;celu ich notyfikacji w&nbsp;zakresie wyrob&oacute;w, wysoko\u015bci op\u0142at za z\u0142o\u017cenie wniosk&oacute;w w&nbsp;tym zakresie oraz prowadzenia kontroli jednostek ubiegaj\u0105cych si\u0119 o&nbsp;autoryzacj\u0119 i&nbsp;jednostek notyfikowanych (Dz. U. z&nbsp;2016 r., poz. 204)<strong> &ndash; wesz\u0142o w&nbsp;\u017cycie z&nbsp;dniem 20 lutego 2016 r.<\/strong><\/span><\/span><\/p>\n<p class=\"Tekstpraswki\" style=\"text-align: justify;\"><span style=\"font-size: 12pt;\"><strong><span style=\"font-family: 'Calibri',sans-serif;\">Rozporz\u0105dzenie<\/span><\/strong><span style=\"font-family: 'Calibri',sans-serif;\"> Ministra Zdrowia z&nbsp;dnia 16 lutego 2016 r. w&nbsp;sprawie szczeg&oacute;\u0142owych wymaga\u0144 dotycz\u0105cych planowania, prowadzenia, monitorowania i&nbsp;dokumentowania badania klinicznego wyrobu medycznego (Dz. U. z&nbsp;2016 r., poz. 209)<strong> &ndash; wesz\u0142o w&nbsp;\u017cycie z&nbsp;dniem 20 lutego 2016 r.<\/strong><\/span><\/span><\/p>\n<p class=\"Tekstpraswki\" style=\"text-align: justify;\"><span style=\"font-size: 12pt;\"><strong><span style=\"font-family: 'Calibri',sans-serif;\">Rozporz\u0105dzenie<\/span><\/strong><span style=\"font-family: 'Calibri',sans-serif;\"> Ministra Zdrowia z&nbsp;dnia 16 lutego 2016 r. w&nbsp;sprawie kryteri&oacute;w raportowania zdarze\u0144 z&nbsp;wyrobami, sposobu zg\u0142aszania incydent&oacute;w medycznych i&nbsp;dzia\u0142a\u0144 z&nbsp;zakresu bezpiecze\u0144stwa wyrob&oacute;w (Dz. U. z&nbsp;2016 r., poz. 201)<strong> &ndash; wesz\u0142o w&nbsp;\u017cycie z&nbsp;dniem 20 lutego 2016 r.<\/strong><\/span><\/span><\/p>\n<p class=\"Tekstpraswki\" style=\"text-align: justify;\"><span style=\"font-size: 12pt;\"><strong><span style=\"font-family: 'Calibri',sans-serif;\">Rozporz\u0105dzenie<\/span><\/strong><span style=\"font-family: 'Calibri',sans-serif;\"> Ministra Zdrowia z&nbsp;dnia 17 lutego 2016 r. zmieniaj\u0105ce rozporz\u0105dzenie w&nbsp;sprawie wymaga\u0144 zasadniczych oraz procedur oceny zgodno\u015bci aktywnych wyrob&oacute;w medycznych do implantacji (Dz. U. z&nbsp;2016 r., poz. 206)<strong> &ndash; wesz\u0142o w&nbsp;\u017cycie z&nbsp;dniem 20&nbsp;lutego 2016 r.<\/strong><\/span><\/span><\/p>\n<p class=\"Omwienie\" style=\"text-align: justify;\"><span style=\"font-size: 12pt;\"><span style=\"font-family: 'Calibri',sans-serif;\">W rozporz\u0105dzeniu Ministra Zdrowia z&nbsp;dnia 12 stycznia 2011 r. w&nbsp;sprawie wymaga\u0144 zasadniczych oraz procedur oceny zgodno\u015bci aktywnych wyrob&oacute;w medycznych do<\/span><span style=\"font-family: 'Calibri',sans-serif;\">implantacji (Dz. U. Nr 16, poz. 76)<\/span><span style=\"font-family: 'Calibri',sans-serif;\"> zmianie uleg\u0142o brzmienie &sect; 3 ust. 2, &sect; 4, &sect; 7 pkt 12 i&nbsp;13, za\u0142\u0105cznika nr 1 do rozporz\u0105dzenia, za\u0142\u0105cznika nr 2 do rozporz\u0105dzenia, za\u0142\u0105cznika nr 3 do rozporz\u0105dzenia, za\u0142\u0105cznika nr 4 do rozporz\u0105dzenia, za\u0142\u0105cznika nr 5 do rozporz\u0105dzenia,<\/span><span style=\"font-family: 'Calibri',sans-serif;\">za\u0142\u0105cznika nr 6 do rozporz\u0105dzenia.<\/span><\/span><\/p>\n<p class=\"Tekstpraswki\" style=\"text-align: justify;\"><span style=\"font-size: 12pt;\"><strong><span style=\"font-family: 'Calibri',sans-serif;\">Rozporz\u0105dzenie<\/span><\/strong><span style=\"font-family: 'Calibri',sans-serif;\"> Ministra Zdrowia z&nbsp;dnia 17 lutego 2016 r.<\/span><span style=\"font-family: 'Calibri',sans-serif;\">w sprawie wzor&oacute;w wniosk&oacute;w zwi\u0105zanych z&nbsp;badaniem klinicznym wyrobu medycznego lub aktywnego wyrobu medycznego do implantacji oraz wysoko\u015bci op\u0142at za z\u0142o\u017cenie tych wniosk&oacute;w<\/span><span style=\"font-family: 'Calibri',sans-serif;\"> (Dz.&nbsp;U.&nbsp;z&nbsp;2016 r., poz. 208)<strong> &ndash; wesz\u0142o w&nbsp;\u017cycie z&nbsp;dniem 20 lutego 2016 r.<\/strong><\/span><\/span><\/p>\n<p class=\"Tekstpraswki\" style=\"text-align: justify;\"><span style=\"font-size: 12pt;\"><strong><span style=\"font-family: 'Calibri',sans-serif;\">Rozporz\u0105dzenie<\/span><\/strong><span style=\"font-family: 'Calibri',sans-serif;\"> Ministra Zdrowia <\/span><span style=\"font-family: 'Calibri',sans-serif;\">z dnia 17 lutego 2016 r. w&nbsp;sprawie wymaga\u0144 zasadniczych oraz procedur oceny zgodno\u015bci wyrob&oacute;w medycznych (Dz.&nbsp;U.&nbsp;z&nbsp;2016&nbsp;r.,&nbsp;poz. 211)<strong> &ndash; wesz\u0142o w&nbsp;\u017cycie z&nbsp;dniem 20 lutego 2016 r.<\/strong><\/span><\/span><\/p>\n<p class=\"Tekstpraswki\" style=\"text-align: justify;\"><span style=\"font-size: 12pt;\"><strong><span style=\"font-family: 'Calibri',sans-serif;\">Rozporz\u0105dzenie<\/span><\/strong><span style=\"font-family: 'Calibri',sans-serif;\"> Ministra Zdrowia<\/span><span style=\"font-family: 'Calibri',sans-serif;\"> z&nbsp;dnia 17 lutego 2016 r. w&nbsp;sprawie sposobu dokonywania zg\u0142osze\u0144 i&nbsp;powiadomie\u0144 dotycz\u0105cych wyrob&oacute;w (Dz. U. z&nbsp;2016 r., poz. 210)<strong> &ndash; wesz\u0142o w&nbsp;\u017cycie z&nbsp;dniem 20 lutego 2016 r.<\/strong><\/span><\/span><\/p>\n<p>&nbsp;<\/p>\n<p class=\"Dziedzinaprawa\" style=\"text-align: justify;\"><span style=\"font-size: 12pt;\"><strong><span style=\"font-family: 'Calibri',sans-serif;\">PRACOWNICY URZ\u0118D&Oacute;W PA\u0143STWOWYCH<\/span><\/strong><\/span><\/p>\n<p class=\"Tekstpraswki\" style=\"text-align: justify;\"><span style=\"font-size: 12pt;\"><strong><span style=\"font-family: 'Calibri',sans-serif;\">Rozporz\u0105dzenie<\/span><\/strong><span style=\"font-family: 'Calibri',sans-serif;\"> Rady Ministr&oacute;w <\/span><span style=\"font-family: 'Calibri',sans-serif;\">z dnia 11 lutego 2016 r.<\/span><span style=\"font-family: 'Calibri',sans-serif;\">zmieniaj\u0105ce rozporz\u0105dzenie w<\/span><span style=\"font-family: 'Calibri',sans-serif;\">sprawie zasad wynagradzania pracownik&oacute;w nieb\u0119d\u0105cych cz\u0142onkami korpusu s\u0142u\u017cby cywilnej zatrudnionych w&nbsp;urz\u0119dach administracji rz\u0105dowej i&nbsp;pracownik&oacute;w innych jednostek<\/span><span style=\"font-family: 'Calibri',sans-serif;\"> (Dz. U. z&nbsp;2016 r., poz. 227) &#8211; <strong>wejdzie w&nbsp;\u017cycie z&nbsp;dniem 1 kwietnia 2016 r.<\/strong><\/span><\/span><\/p>\n<p class=\"Omwienie\" style=\"text-align: justify;\"><span style=\"font-size: 12pt;\"><span style=\"font-family: 'Calibri',sans-serif;\">W rozporz\u0105dzeniu Rady Ministr&oacute;w z&nbsp;dnia 2 lutego 2010 r. w&nbsp;sprawie zasad wynagradzania pracownik&oacute;w nieb\u0119d\u0105cych cz\u0142onkami korpusu s\u0142u\u017cby cywilnej zatrudnionych w&nbsp;urz\u0119dach administracji rz\u0105dowej i&nbsp;pracownik&oacute;w innych jednostek (Dz. U. Nr 27, poz. 134, z&nbsp;p&oacute;\u017an. zm.) <\/span><span style=\"font-family: 'Calibri',sans-serif;\">zmianie ulegnie brzmienie <\/span><span style=\"font-family: 'Calibri',sans-serif;\">za\u0142\u0105cznik<\/span><span style=\"font-family: 'Calibri',sans-serif;\">a<\/span><span style=\"font-family: 'Calibri',sans-serif;\"> nr 3 tabela X<\/span><span style=\"font-family: 'Calibri',sans-serif;\">.<\/span><\/span><\/p>\n<p>&nbsp;<\/p>\n<p class=\"Dziedzinaprawa\" style=\"text-align: justify;\"><span style=\"font-size: 12pt;\"><strong><span style=\"font-family: 'Calibri',sans-serif;\">DZIA\u0141ALNO\u015a\u0106 UBEZPIECZENIOWA I&nbsp;REASEKURACYJNA<\/span><\/strong><\/span><\/p>\n<p class=\"Tekstpraswki\" style=\"text-align: justify;\"><span style=\"font-size: 12pt;\"><strong><span style=\"font-family: 'Calibri',sans-serif;\">Rozporz\u0105dzenie<\/span><\/strong><span style=\"font-family: 'Calibri',sans-serif;\"> Ministra Finans&oacute;w <\/span><span style=\"font-family: 'Calibri',sans-serif;\">z dnia 22 lutego 2016 r.<\/span><span style=\"font-family: 'Calibri',sans-serif;\">w sprawie formy oraz sposobu sporz\u0105dzenia przez zak\u0142ady ubezpiecze\u0144 i&nbsp;zak\u0142ady reasekuracji danych i<\/span><span style=\"font-family: 'Calibri',sans-serif;\">informacji do cel&oacute;w nadzoru<\/span><span style=\"font-family: 'Calibri',sans-serif;\"> (Dz. U. z&nbsp;2016 r., poz. 236) &#8211; <strong>wesz\u0142o w&nbsp;\u017cycie z&nbsp;dniem 26&nbsp;lutego 2016 r.<\/strong><\/span><\/span><\/p>\n<p>&nbsp;<\/p>\n<p class=\"Dziedzinaprawa\" style=\"text-align: justify;\"><span style=\"font-size: 12pt;\"><strong><span style=\"font-family: 'Calibri',sans-serif;\">POLITYKA SP&Oacute;JNO\u015aCI<\/span><\/strong><\/span><\/p>\n<p class=\"Tekstpraswki\" style=\"text-align: justify;\"><span style=\"font-size: 12pt;\"><strong><span style=\"font-family: 'Calibri',sans-serif;\">Rozporz\u0105dzenie<\/span><\/strong><span style=\"font-family: 'Calibri',sans-serif;\"> Ministra Rozwoju z&nbsp;dnia 29 stycznia 2016 r. w&nbsp;sprawie warunk&oacute;w obni\u017cania warto\u015bci korekt finansowych oraz wydatk&oacute;w poniesionych nieprawid\u0142owo zwi\u0105zanych z&nbsp;udzielaniem zam&oacute;wie\u0144 (Dz. U. z&nbsp;2016 r., poz. 200) <strong>&ndash; wejdzie w&nbsp;\u017cycie z&nbsp;dniem 4 marca 2016 r.<\/strong><\/span><\/span><\/p>\n<p>&nbsp;<\/p>\n<p class=\"Dziedzinaprawa\" style=\"text-align: justify;\"><span style=\"font-size: 12pt;\"><strong><span style=\"font-family: 'Calibri',sans-serif;\">POMOC PUBLICZNA<\/span><\/strong><\/span><\/p>\n<p class=\"Tekstpraswki\" style=\"text-align: justify;\"><span style=\"font-size: 12pt;\"><strong><span style=\"font-family: 'Calibri',sans-serif;\">Rozporz\u0105dzenie<\/span><\/strong><span style=\"font-family: 'Calibri',sans-serif;\"> Rady Ministr&oacute;w <\/span><span style=\"font-family: 'Calibri',sans-serif;\">z dnia 2 lutego 2016 r.<\/span><span style=\"font-family: 'Calibri',sans-serif;\">zmieniaj\u0105ce rozporz\u0105dzenie w<\/span><span style=\"font-family: 'Calibri',sans-serif;\">sprawie zakresu informacji przedstawianych przez podmiot ubiegaj\u0105cy si\u0119 o&nbsp;pomoc inn\u0105 ni\u017c pomoc de minimis lub pomoc de minimis w&nbsp;rolnictwie lub rybo\u0142&oacute;wstwie<\/span><span style=\"font-family: 'Calibri',sans-serif;\"> (Dz.&nbsp;U.&nbsp;z&nbsp;2016 r., poz. 238)<strong> &ndash; wejdzie w&nbsp;\u017cycie z&nbsp;dniem 11 marca 2016 r.<\/strong><\/span><\/span><\/p>\n<p class=\"Omwienie\" style=\"text-align: justify;\"><span style=\"font-size: 12pt;\"><span style=\"font-family: 'Calibri',sans-serif;\">W rozporz\u0105dzeniu Rady Ministr&oacute;w z&nbsp;dnia 29 marca 2010 r. w&nbsp;sprawie zakresu informacji przedstawianych przez podmiot ubiegaj\u0105cy si\u0119 o&nbsp;pomoc inn\u0105 ni\u017c pomoc de minimis lub pomoc de minimis w&nbsp;rolnictwie lub rybo\u0142&oacute;wstwie (Dz. U. Nr 53, poz. 312 i&nbsp;Nr 254, poz. 1704)<\/span><span style=\"font-family: 'Calibri',sans-serif;\"> zmianie ulegnie brzmienie &sect; 2, &sect; 3, &sect; 4, za\u0142\u0105cznika nr 1 do rozporz\u0105dzenia.<\/span><\/span><\/p>\n<p>&nbsp;<\/p>\n<p class=\"Dziedzinaprawa\" style=\"text-align: justify;\"><span style=\"font-size: 12pt;\"><strong><span style=\"font-family: 'Calibri',sans-serif;\">PRAWO ROLNE<\/span><\/strong><\/span><\/p>\n<p class=\"Tekstpraswki\" style=\"text-align: justify;\"><span style=\"font-size: 12pt;\"><strong><span style=\"font-family: 'Calibri',sans-serif;\">Rozporz\u0105dzenie <\/span><\/strong><span style=\"font-family: 'Calibri',sans-serif;\">Ministra Rolnictwa i&nbsp;Rozwoju Wsi z&nbsp;dnia 2 lutego 2016 r. w&nbsp;sprawie sposobu oznaczania i&nbsp;zabezpieczenia owoc&oacute;w i&nbsp;warzyw nieprzeznaczonych do sprzeda\u017cy (Dz. U. z&nbsp;2016 r., poz. 203) <strong>&ndash; wejdzie w&nbsp;\u017cycie z&nbsp;dniem 5 marca 2016 r.<\/strong><\/span><\/span><\/p>\n<p class=\"Tekstpraswki\" style=\"text-align: justify;\"><span style=\"font-size: 12pt;\"><strong><span style=\"font-family: 'Calibri',sans-serif;\">Rozporz\u0105dzenie<\/span><\/strong><span style=\"font-family: 'Calibri',sans-serif;\"> Ministra Rolnictwa i&nbsp;Rozwoju Wsi z&nbsp;dnia 5 lutego 2016 r. w&nbsp;sprawie informacji, jakie powinien zawiera\u0107 wniosek o&nbsp;uznanie organizacji producent&oacute;w, zrzesze\u0144 organizacji producent&oacute;w i&nbsp;organizacji mi\u0119dzybran\u017cowych na rynku mleka i&nbsp;przetwor&oacute;w mlecznych oraz rodzaju i&nbsp;zakresu dokument&oacute;w potwierdzaj\u0105cych spe\u0142nienie przez te podmioty warunk&oacute;w uznania (Dz. U. z&nbsp;2016 r., poz. 216)<strong> &#8211;<\/strong> <strong>wejdzie w&nbsp;\u017cycie z&nbsp;dniem 8&nbsp;marca 2016 r.<\/strong><\/span><\/span><\/p>\n<p class=\"Tekstpraswki\" style=\"text-align: justify;\"><span style=\"font-size: 12pt;\"><strong><span style=\"font-family: 'Calibri',sans-serif;\">Rozporz\u0105dzenie<\/span><\/strong><span style=\"font-family: 'Calibri',sans-serif;\"> Ministra Rolnictwa i&nbsp;Rozwoju Wsi z&nbsp;dnia 10 lutego 2016 r. w&nbsp;sprawie wsp&oacute;\u0142czynnik&oacute;w r&oacute;wnowa\u017cno\u015bci okre\u015blaj\u0105cych ilo\u015bci mleka wykorzystywanego do wyprodukowania podstawowych przetwor&oacute;w mlecznych (Dz. U. z&nbsp;2016 r., poz. 219) &#8211; <strong>wejdzie w&nbsp;\u017cycie z&nbsp;dniem 8 marca 2016 r.<\/strong><\/span><\/span><\/p>\n<p class=\"Tekstpraswki\" style=\"text-align: justify;\"><span style=\"font-size: 12pt;\"><strong><span style=\"font-family: 'Calibri',sans-serif;\">Rozporz\u0105dzenie<\/span><\/strong><span style=\"font-family: 'Calibri',sans-serif;\"> Ministra Rolnictwa i&nbsp;Rozwoju Wsi z&nbsp;dnia 18 lutego 2016 r. w&nbsp;sprawie wymaga\u0144, jakie powinien spe\u0142nia\u0107 plan biznesowy grupy producent&oacute;w rolnych (Dz.&nbsp;U.&nbsp;z&nbsp;2016 r., poz. 237) &#8211; <strong>wesz\u0142o w&nbsp;\u017cycie z&nbsp;dniem 26 lutego 2016 r.<\/strong><\/span><\/span><\/p>\n<p class=\"Tekstpraswki\" style=\"text-align: justify;\"><span style=\"font-size: 12pt;\"><strong><span style=\"font-family: 'Calibri',sans-serif;\">Rozporz\u0105dzenie<\/span><\/strong><span style=\"font-family: 'Calibri',sans-serif;\"> Ministra Rolnictwa i&nbsp;Rozwoju Wsi z&nbsp;dnia 19 lutego 2016 r. zmieniaj\u0105ce rozporz\u0105dzenie w&nbsp;sprawie wymaga\u0144 weterynaryjnych przy produkcji mi\u0119sa przeznaczonego na u\u017cytek w\u0142asny (Dz. U. z&nbsp;2016 r., poz. 230) &#8211; <strong>wesz\u0142o w&nbsp;\u017cycie z&nbsp;dniem 25 lutego 2016 r.<\/strong><\/span><\/span><\/p>\n<p class=\"Omwienie\" style=\"text-align: justify;\"><span style=\"font-size: 12pt;\"><span style=\"font-family: 'Calibri',sans-serif;\">W rozporz\u0105dzeniu Ministra Rolnictwa i&nbsp;Rozwoju Wsi z&nbsp;dnia 21 pa\u017adziernika 2010 r. w<\/span><span style=\"font-family: 'Calibri',sans-serif;\">sprawie wymaga\u0144 weterynaryjnych przy produkcji mi\u0119sa przeznaczonego na u\u017cytek w\u0142asny (Dz. U. z&nbsp;2015 r. poz. 392, 973 i&nbsp;1271) <\/span><span style=\"font-family: 'Calibri',sans-serif;\">dodany zostaje<\/span><span style=\"font-family: 'Calibri',sans-serif;\"> &sect; 2b<\/span><span style=\"font-family: 'Calibri',sans-serif;\">.<\/span><\/span><\/p>\n<p class=\"Tekstpraswki\" style=\"text-align: justify;\"><span style=\"font-size: 12pt;\"><strong><span style=\"font-family: 'Calibri',sans-serif;\">Rozporz\u0105dzenie<\/span><\/strong><span style=\"font-family: 'Calibri',sans-serif;\"> Ministra Rolnictwa i&nbsp;Rozwoju Wsi <\/span><span style=\"font-family: 'Calibri',sans-serif;\">z dnia 19 lutego 2016 r.<\/span><span style=\"font-family: 'Calibri',sans-serif;\">w sprawie zarz\u0105dzenia odstrza\u0142u sanitarnego dzik&oacute;w<\/span><span style=\"font-family: 'Calibri',sans-serif;\"> (Dz. U. z&nbsp;2016 r., poz. 229) &#8211; <strong>wesz\u0142o w&nbsp;\u017cycie z&nbsp;dniem 25 lutego 2016 r.<\/strong><\/span><\/span><\/p>\n<p>&nbsp;<\/p>\n<p class=\"Dziedzinaprawa\" style=\"text-align: justify;\"><span style=\"font-size: 12pt;\"><strong><span style=\"font-family: 'Calibri',sans-serif;\">POJAZDY MECHANICZNE<\/span><\/strong><\/span><\/p>\n<p class=\"Tekstpraswki\" style=\"text-align: justify;\"><span style=\"font-size: 12pt;\"><strong><span style=\"font-family: 'Calibri',sans-serif;\">Rozporz\u0105dzenie<\/span><\/strong><span style=\"font-family: 'Calibri',sans-serif;\"> Ministra Infrastruktury i&nbsp;Budownictwa <\/span><span style=\"font-family: 'Calibri',sans-serif;\">z dnia 24 lutego 2016 r.<\/span><span style=\"font-family: 'Calibri',sans-serif;\">w<\/span><span style=\"font-family: 'Calibri',sans-serif;\">sprawie wydawania dokument&oacute;w stwierdzaj\u0105cych uprawnienia do kierowania pojazdami<\/span><span style=\"font-family: 'Calibri',sans-serif;\"> (Dz. U. z&nbsp;2016 r., poz. 231) &#8211; <strong>wesz\u0142o w&nbsp;\u017cycie z&nbsp;dniem 25 lutego 2016 r., z&nbsp;wyj\u0105tkiem &sect; 19 ust. 3 i&nbsp;4, kt&oacute;re wchodz\u0105 w&nbsp;\u017cycie 26 maja 2016 r.<\/strong><\/span><\/span><\/p>\n<p class=\"Tekstpraswki\" style=\"text-align: justify;\"><span style=\"font-size: 12pt;\"><strong><span style=\"font-family: 'Calibri',sans-serif;\">Rozporz\u0105dzenie<\/span><\/strong><span style=\"font-family: 'Calibri',sans-serif;\"> Ministra Infrastruktury i&nbsp;Budownictwa z&nbsp;dnia 24 lutego 2016 r. w&nbsp;sprawie egzaminowania os&oacute;b ubiegaj\u0105cych si\u0119 o&nbsp;uprawnienia do kierowania pojazdami, szkolenia, egzaminowania i&nbsp;uzyskiwania uprawnie\u0144 przez egzaminator&oacute;w oraz wzor&oacute;w dokument&oacute;w stosowanych w&nbsp;tych sprawach (Dz. U. z&nbsp;2016 r., poz. 232) &#8211; <strong>wesz\u0142o w&nbsp;\u017cycie z&nbsp;dniem 25 lutego 2016 r.<\/strong><\/span><\/span><\/p>\n<p>&nbsp;<\/p>\n<p class=\"Dziedzinaprawa\" style=\"text-align: justify;\"><span style=\"font-size: 12pt;\"><strong><span style=\"font-family: 'Calibri',sans-serif;\">PRAWO MORSKIE<\/span><\/strong><\/span><\/p>\n<p class=\"Tekstpraswki\" style=\"text-align: justify;\"><span style=\"font-size: 12pt;\"><strong><span style=\"font-family: 'Calibri',sans-serif;\">Rozporz\u0105dzenie<\/span><\/strong><span style=\"font-family: 'Calibri',sans-serif;\"> Ministra Gospodarki Morskiej i&nbsp;\u017beglugi \u015ar&oacute;dl\u0105dowej <\/span><span style=\"font-family: 'Calibri',sans-serif;\">z dnia 4 lutego 2016 r.<\/span><span style=\"font-family: 'Calibri',sans-serif;\">w sprawie uznania egzaminu dyplomowego w&nbsp;uznanych uczelniach za r&oacute;wnowa\u017cny z&nbsp;egzaminem kwalifikacyjnym na poziomie operacyjnym<\/span><span style=\"font-family: 'Calibri',sans-serif;\"> (Dz.&nbsp;U.&nbsp;z&nbsp;2016&nbsp;r.,&nbsp;poz. 220) <strong>&#8211;<\/strong> <strong>wesz\u0142o w&nbsp;\u017cycie z&nbsp;dniem 23 lutego 2016 r.<\/strong><\/span><\/span><\/p>\n<p>&nbsp;<\/p>\n<p class=\"Dziedzinaprawa\" style=\"text-align: justify;\"><span style=\"font-size: 12pt;\"><strong><span style=\"font-family: 'Calibri',sans-serif;\">SPECJALNE STREFY EKONOMICZNE<\/span><\/strong><\/span><\/p>\n<p class=\"Tekstpraswki\" style=\"text-align: justify;\"><span style=\"font-size: 12pt;\"><strong><span style=\"font-family: 'Calibri',sans-serif;\">Rozporz\u0105dzenie<\/span><\/strong><span style=\"font-family: 'Calibri',sans-serif;\"> Rady Ministr&oacute;w <\/span><span style=\"font-family: 'Calibri',sans-serif;\">z dnia 5 lutego 2016 r.<\/span><span style=\"font-family: 'Calibri',sans-serif;\">zmieniaj\u0105ce rozporz\u0105dzenie w<\/span><span style=\"font-family: 'Calibri',sans-serif;\">sprawie s\u0142upskiej specjalnej strefy ekonomicznej<\/span><span style=\"font-family: 'Calibri',sans-serif;\"> (Dz. U. z&nbsp;2016 r., poz. 218) <strong>&#8211;<\/strong> <strong>wejdzie w&nbsp;\u017cycie z&nbsp;dniem 9 marca 2016 r.<\/strong><\/span><\/span><\/p>\n<p class=\"Omwienie\" style=\"text-align: justify;\"><span style=\"font-size: 12pt;\"><span style=\"font-family: 'Calibri',sans-serif;\">W rozporz\u0105dzeniu Rady Ministr&oacute;w z&nbsp;dnia 15 grudnia 2008 r. w&nbsp;sprawie s\u0142upskiej specjalnej strefy ekonomicznej (Dz. U. z&nbsp;2014 r. poz. 1659 oraz z&nbsp;2015 r. poz. 166)<\/span><span style=\"font-family: 'Calibri',sans-serif;\"> zmianie ulegnie brzmienie &sect; 1 ust. 2, za\u0142\u0105cznika do rozporz\u0105dzenia SZCZEG&Oacute;\u0141OWY OPIS GRANIC I&nbsp;TERENU S\u0141UPSKIEJ SPECJALNEJ STREFY EKONOMICZNEJ.<\/span><\/span><\/p>\n<p>&nbsp;<\/p>\n<p class=\"Dziedzinaprawa\" style=\"text-align: justify;\"><span style=\"font-size: 12pt;\"><strong><span style=\"font-family: 'Calibri',sans-serif;\">PRAWO MI\u0118DZYNARODOWE<\/span><\/strong><\/span><\/p>\n<p class=\"Tekstpraswki\" style=\"text-align: justify;\"><span style=\"font-size: 12pt;\"><strong><span style=\"font-family: 'Calibri',sans-serif;\">Rozporz\u0105dzenie <\/span><\/strong><span style=\"font-family: 'Calibri',sans-serif;\">Ministra Spraw Zagranicznych <\/span><span style=\"font-family: 'Calibri',sans-serif;\">z dnia 9 lutego 2016 r.<\/span><span style=\"font-family: 'Calibri',sans-serif;\">w sprawie Rejestru Europejskich Ugrupowa\u0144 Wsp&oacute;\u0142pracy Terytorialnej<\/span><span style=\"font-family: 'Calibri',sans-serif;\"> (Dz. U. z&nbsp;2016 r., poz. 199)<strong> &ndash; wesz\u0142o w&nbsp;\u017cycie z&nbsp;dniem 19 lutego 2016 r.<\/strong><\/span><\/span><\/p>\n<p>&nbsp;<\/p>\n<p class=\"Dziedzinaprawa\" style=\"text-align: justify;\"><span style=\"font-size: 12pt;\"><strong><span style=\"font-family: 'Calibri',sans-serif;\">WSPARCIE KREDYTOBIORC&Oacute;W<\/span><\/strong><\/span><\/p>\n<p class=\"Tekstpraswki\" style=\"text-align: justify;\"><span style=\"font-size: 12pt;\"><strong><span style=\"font-family: 'Calibri',sans-serif;\">Rozporz\u0105dzenie<\/span><\/strong><span style=\"font-family: 'Calibri',sans-serif;\"> Ministra Finans&oacute;w <\/span><span style=\"font-family: 'Calibri',sans-serif;\">z dnia 10 lutego 2016 r.<\/span><span style=\"font-family: 'Calibri',sans-serif;\">w sprawie wzoru wniosku o<\/span><span style=\"font-family: 'Calibri',sans-serif;\">udzielenie wsparcia kredytobiorcom znajduj\u0105cym si\u0119 w&nbsp;trudnej sytuacji finansowej, kt&oacute;rzy zaci\u0105gn\u0119li kredyt mieszkaniowy<\/span><span style=\"font-family: 'Calibri',sans-serif;\"> (Dz. U. z&nbsp;2016 r., poz. 196)<strong> &ndash; wesz\u0142o w&nbsp;\u017cycie z&nbsp;dniem 19 lutego 2016 r.<\/strong><\/span><\/span><\/p>\n<p>&nbsp;<\/p>\n<p class=\"Dziedzinaprawa\" style=\"text-align: justify;\"><span style=\"font-size: 12pt;\"><strong><span style=\"font-family: 'Calibri',sans-serif;\">WSPIERANIE RODZINY I&nbsp;SYSTEM PIECZY ZAST\u0118PCZEJ<\/span><\/strong><\/span><\/p>\n<p class=\"Tekstpraswki\" style=\"text-align: justify;\"><span style=\"font-size: 12pt;\"><strong><span style=\"font-family: 'Calibri',sans-serif;\">Rozporz\u0105dzenie<\/span><\/strong><span style=\"font-family: 'Calibri',sans-serif;\"> Ministra Rodziny, Pracy i&nbsp;Polityki Spo\u0142ecznej <\/span><span style=\"font-family: 'Calibri',sans-serif;\">z dnia 18 lutego 2016 r.<\/span><span style=\"font-family: 'Calibri',sans-serif;\">w<\/span><span style=\"font-family: 'Calibri',sans-serif;\">sprawie sprawozda\u0144 rzeczowo-finansowych z&nbsp;wykonywania zada\u0144 z&nbsp;zakresu wspierania rodziny i&nbsp;systemu pieczy zast\u0119pczej<\/span><span style=\"font-family: 'Calibri',sans-serif;\"> (Dz. U. z&nbsp;2016 r., poz. 213)<strong> &ndash; wejdzie w&nbsp;\u017cycie z&nbsp;dniem 1 kwietnia 2016 r.<\/strong><\/span><\/span><\/p>\n<p class=\"Tekstpraswki\" style=\"text-align: justify;\"><span style=\"font-size: 12pt;\"><strong><span style=\"font-family: 'Calibri',sans-serif;\">Rozporz\u0105dzenie<\/span><\/strong><span style=\"font-family: 'Calibri',sans-serif;\"> Ministra Rodziny, Pracy i&nbsp;Polityki Spo\u0142ecznej z&nbsp;dnia 18 lutego 2016 r. w&nbsp;sprawie sprawozda\u0144 rzeczowo-finansowych z&nbsp;wykonywania zada\u0144 z&nbsp;zakresu \u015bwiadczenia wychowawczego (Dz. U. z&nbsp;2016 r., poz. 212)<strong> &ndash; wejdzie w&nbsp;\u017cycie z&nbsp;dniem 1&nbsp;kwietnia 2016 r.<\/strong><\/span><\/span><\/p>\n<p class=\"Tekstpraswki\" style=\"text-align: justify;\"><span style=\"font-size: 12pt;\"><strong><span style=\"font-family: 'Calibri',sans-serif;\">Rozporz\u0105dzenie<\/span><\/strong><span style=\"font-family: 'Calibri',sans-serif;\"> Ministra Rodziny, Pracy i&nbsp;Polityki Spo\u0142ecznej z&nbsp;dnia 18 lutego 2016 r. w&nbsp;sprawie sposobu i&nbsp;trybu post\u0119powania w&nbsp;sprawach o&nbsp;\u015bwiadczenie wychowawcze (Dz.&nbsp;U.&nbsp;z 2016 r., poz. 214)<strong> &ndash; wejdzie w&nbsp;\u017cycie z&nbsp;dniem 1 kwietnia 2016 r.<\/strong><\/span><\/span><\/p>\n<p>&nbsp;<\/p>\n<p class=\"Dziedzinaprawa\" style=\"text-align: justify;\"><span style=\"font-size: 12pt;\"><strong><span style=\"font-family: 'Calibri',sans-serif;\">ZARZ\u0104DZENIA PREZESA NARODOWEGO FUNDUSZU ZDROWIA<\/span><\/strong><\/span><\/p>\n<p class=\"Tekstpraswki\" style=\"text-align: justify;\"><span style=\"font-size: 12pt;\"><strong><span style=\"font-family: 'Calibri',sans-serif;\">Zarz\u0105dzenie <\/span><\/strong><span style=\"font-family: 'Calibri',sans-serif;\">nr 10\/2016\/DGL Prezesa Narodowego Funduszu Zdrowia z&nbsp;dnia 18 lutego 2016 r. zmieniaj\u0105ce zarz\u0105dzenie w&nbsp;sprawie okre\u015blenia warunk&oacute;w zawierania i&nbsp;realizacji um&oacute;w w&nbsp;rodzaju leczenie szpitalne w&nbsp;zakresie programy zdrowotne (lekowe) <strong>&ndash; wesz\u0142o w&nbsp;\u017cycie z&nbsp;dniem nast\u0119puj\u0105cym po dniu podpisania, z&nbsp;moc\u0105 obowi\u0105zuj\u0105c\u0105 od dnia 1 stycznia 2016 r.<\/strong><\/span><\/span><\/p>\n<p class=\"Omwienie\" style=\"text-align: justify;\"><span style=\"font-size: 12pt;\"><span style=\"font-family: 'Calibri',sans-serif;\">W zarz\u0105dzeniu Nr 27\/2012\/DGL Prezesa Narodowego Funduszu Zdrowia z&nbsp;dnia 10 maja 2012 r. w&nbsp;sprawie okre\u015blenia warunk&oacute;w zawierania i&nbsp;realizacji um&oacute;w w&nbsp;rodzaju leczenie szpitalne w&nbsp;zakresie programy zdrowotne (lekowe), zmienionym zarz\u0105dzeniem Nr<\/span><span style=\"font-family: 'Calibri',sans-serif;\">42\/2012\/DGL Prezesa Narodowego Funduszu Zdrowia z&nbsp;dnia 10 lipca 2012 r., zarz\u0105dzeniem Nr 59\/2012\/DSOZ Prezesa Narodowego Funduszu Zdrowia z&nbsp;dnia 10<\/span><span style=\"font-family: 'Calibri',sans-serif;\">pa\u017adziernika 2012 r., zarz\u0105dzeniem Nr 66\/2012\/DGL Prezesa Narodowego Funduszu Zdrowia z&nbsp;dnia 19 pa\u017adziernika 2012 r., zarz\u0105dzeniem Nr 95\/2012\/DGL Prezesa Narodowego Funduszu Zdrowia z&nbsp;dnia 18 grudnia 2012 r., zarz\u0105dzeniem Nr 3\/2013\/DGL Prezesa Narodowego Funduszu Zdrowia z&nbsp;dnia 19 lutego 2013 r., zarz\u0105dzeniem Nr<\/span><span style=\"font-family: 'Calibri',sans-serif;\">8\/2013\/DGL Prezesa Narodowego Funduszu Zdrowia z&nbsp;dnia 5 marca 2013 r., zarz\u0105dzeniem Nr 19\/2013\/DGL Prezesa Narodowego Funduszu Zdrowia z&nbsp;dnia 10<\/span><span style=\"font-family: 'Calibri',sans-serif;\">kwietnia 2013 r., zarz\u0105dzeniem Nr 29\/2013\/DGL Prezesa Narodowego Funduszu Zdrowia z&nbsp;dnia 15 maja 2013 r., zarz\u0105dzeniem Nr 42\/2013\/DGL Prezesa Narodowego Funduszu Zdrowia z&nbsp;dnia 9 sierpnia 2013 r., zarz\u0105dzeniem Nr 48\/2013\/DGL Prezesa Narodowego Funduszu Zdrowia z&nbsp;dnia 6 wrze\u015bnia 2013 r., zarz\u0105dzeniem Nr 59\/2013\/DGL Prezesa Narodowego Funduszu Zdrowia z&nbsp;dnia 15 pa\u017adziernika 2013 r., zarz\u0105dzeniem Nr<\/span><span style=\"font-family: 'Calibri',sans-serif;\">78\/2013\/DGL Prezesa Narodowego Funduszu Zdrowia z&nbsp;dnia 13 grudnia 2013 r., zarz\u0105dzeniem Nr 5\/2014\/DGL Prezesa Narodowego Funduszu Zdrowia z&nbsp;dnia 12 lutego 2014 r., zarz\u0105dzeniem Nr 15\/2014\/DGL Prezesa Narodowego Funduszu Zdrowia z&nbsp;dnia 7<\/span><span style=\"font-family: 'Calibri',sans-serif;\">kwietnia 2014 r., zarz\u0105dzeniem Nr 37\/2014\/DGL Prezesa Narodowego Funduszu Zdrowia z&nbsp;dnia 4 lipca 2014 r., zarz\u0105dzeniem Nr 57\/2014\/DGL Prezesa Narodowego Funduszu Zdrowia z&nbsp;dnia 29 sierpnia 2014 r., zarz\u0105dzeniem Nr 74\/2014\/DGL Prezesa Narodowego Funduszu Zdrowia z&nbsp;dnia 20 listopada 2014 r., zarz\u0105dzeniem Nr<\/span><span style=\"font-family: 'Calibri',sans-serif;\">2\/2015\/DGL Prezesa Narodowego Funduszu Zdrowia z&nbsp;dnia 2 stycznia 2015 r., zarz\u0105dzeniem Nr 14\/2015\/DGL Prezesa Narodowego Funduszu Zdrowia z&nbsp;dnia 11 marca 2015 r., zarz\u0105dzeniem Nr 21\/2015\/DGL Prezesa Narodowego Funduszu Zdrowia z&nbsp;dnia 30<\/span><span style=\"font-family: 'Calibri',sans-serif;\">kwietnia 2015 r., zarz\u0105dzeniem Nr 36\/2015\/DGL Prezesa Narodowego Funduszu Zdrowia z&nbsp;dnia 10 lipca 2015 r., zarz\u0105dzeniem Nr 48\/2015\/DGL Prezesa Narodowego Funduszu Zdrowia z&nbsp;dnia 19 sierpnia 2015 r., zarz\u0105dzeniem Nr 61\/2015\/DSOZ Prezesa Narodowego Funduszu Zdrowia z&nbsp;dnia 16 wrze\u015bnia 2015 r., zarz\u0105dzeniem Nr<\/span><span style=\"font-family: 'Calibri',sans-serif;\">62\/2015\/DSOZ Prezesa Narodowego Funduszu Zdrowia z&nbsp;dnia 29 wrze\u015bnia 2015 r., zarz\u0105dzeniem Nr 70\/2015\/DSOZ Prezesa Narodowego Funduszu Zdrowia z&nbsp;dnia<\/span><span style=\"font-family: 'Calibri',sans-serif;\">16<\/span><span style=\"font-family: 'Calibri',sans-serif;\">pa\u017adziernika 2015 r., zarz\u0105dzeniem Nr 71\/2015\/DGL Prezesa Narodowego Funduszu Zdrowia z&nbsp;dnia 20 pa\u017adziernika 2015 r. oraz zarz\u0105dzeniem Nr 85\/2015\/DGL Prezesa Narodowego Funduszu Zdrowia z&nbsp;dnia 8 grudnia 2015 r. zmieniaj\u0105cym zarz\u0105dzenie w<\/span><span style=\"font-family: 'Calibri',sans-serif;\">sprawie okre\u015blenia warunk&oacute;w zawierania i&nbsp;realizacji um&oacute;w w&nbsp;rodzaju leczenie szpitalne w&nbsp;zakresie programy zdrowotne (lekowe)<\/span><span style=\"font-family: 'Calibri',sans-serif;\"> zmianie uleg\u0142o brzmienie za\u0142\u0105cznika nr 1k do zarz\u0105dzenia, za\u0142\u0105cznika nr 1l do zarz\u0105dzenia, za\u0142\u0105cznika nr 1m do zarz\u0105dzenia, za\u0142\u0105cznika nr 3 do zarz\u0105dzenia, za\u0142\u0105cznika nr 4 do zarz\u0105dzenia, za\u0142\u0105cznika nr 5 do zarz\u0105dzenia, za\u0142\u0105cznika nr 7 do zarz\u0105dzenia.<\/span><\/span><\/p>\n<p class=\"Tekstpraswki\" style=\"text-align: justify;\"><span style=\"font-size: 12pt;\"><strong><span style=\"font-family: 'Calibri',sans-serif;\">Zarz\u0105dzenie<\/span><\/strong><span style=\"font-family: 'Calibri',sans-serif;\"> Nr 12\/2016\/DGL Prezesa Narodowego Funduszu Zdrowia z&nbsp;dnia 25 lutego 2016 r. zmieniaj\u0105ce zarz\u0105dzenie w&nbsp;sprawie okre\u015blenia warunk&oacute;w zawierania i&nbsp;realizacji um&oacute;w w&nbsp;rodzaju leczenie szpitalne w&nbsp;zakresie chemioterapia <strong>&#8211;<\/strong><\/span><strong><span style=\"font-family: 'Calibri',sans-serif;\">wesz\u0142o w&nbsp;\u017cycie z&nbsp;dniem podpisania, z&nbsp;moc\u0105 obowi\u0105zuj\u0105c\u0105 od dnia 1 stycznia 2016 r.<\/span><\/strong><\/span><\/p>\n<p class=\"Omwienie\" style=\"text-align: justify;\"><span style=\"font-size: 12pt;\"><span style=\"font-family: 'Calibri',sans-serif;\">W zarz\u0105dzeniu Nr 80\/2014\/DGL Prezesa Narodowego Funduszu Zdrowia z&nbsp;dnia 5 grudnia 2014 r. w&nbsp;sprawie okre\u015blenia warunk&oacute;w zawierania i&nbsp;realizacji um&oacute;w w&nbsp;rodzaju leczenie szpitalne w&nbsp;zakresie chemioterapia, zmienionym zarz\u0105dzeniem Nr 7\/2015\/DGL Prezesa Narodowego Funduszu Zdrowia z&nbsp;dnia 27 stycznia 2015 r., zarz\u0105dzeniem Nr 19\/2015\/DGL Prezesa Narodowego Funduszu Zdrowia z&nbsp;dnia 24 kwietnia 2015 r., zarz\u0105dzeniem Nr 25\/2015\/DGL Prezesa Narodowego Funduszu Zdrowia z&nbsp;dnia 25 maja 2015 r., zarz\u0105dzeniem Nr 37\/2015\/DGL Prezesa Narodowego Funduszu Zdrowia z&nbsp;dnia 13 lipca 2015 r., zarz\u0105dzeniem Nr 58\/2015\/DGL Prezesa Narodowego Funduszu Zdrowia z&nbsp;dnia 11 wrze\u015bnia 2015 r., zarz\u0105dzeniem Nr 61\/2015\/DSOZ Prezesa Narodowego Funduszu Zdrowia z&nbsp;dnia 16 wrze\u015bnia 2015 r., zarz\u0105dzeniem Nr 62\/2015\/DSOZ Prezesa Narodowego Funduszu Zdrowia z&nbsp;dnia 29 wrze\u015bnia 2015 r., zarz\u0105dzeniem Nr 70\/2015\/DSOZ Prezesa Narodowego Funduszu Zdrowia z&nbsp;dnia 16 pa\u017adziernika 2015 r. oraz zarz\u0105dzeniem Nr 87\/2015\/DGL Prezesa Narodowego Funduszu Zdrowia z&nbsp;dnia 8 grudnia 2015 r. zmieniaj\u0105cym zarz\u0105dzenie w&nbsp;sprawie okre\u015blenia warunk&oacute;w zawierania i&nbsp;realizacji um&oacute;w w&nbsp;rodzaju leczenie szpitalne w&nbsp;zakresie chemioterapia, <\/span><span style=\"font-family: 'Calibri',sans-serif;\">zmianie uleg\u0142o brzmienie <\/span><span style=\"font-family: 'Calibri',sans-serif;\">za\u0142\u0105cznik<\/span><span style=\"font-family: 'Calibri',sans-serif;\">a<\/span><span style=\"font-family: 'Calibri',sans-serif;\"> nr 1n do zarz\u0105dzenia<\/span><span style=\"font-family: 'Calibri',sans-serif;\">.<\/span><\/span><\/p>\n<p>&nbsp;<\/p>\n<p class=\"NowePrawo\" style=\"text-align: justify;\"><span style=\"font-size: 12pt;\"><strong><span style=\"font-family: 'Calibri',sans-serif;\">_____Orzecznictwo<\/span><\/strong><\/span><\/p>\n<p class=\"SdNajwyszy\" style=\"text-align: justify;\"><span style=\"font-size: 12pt;\"><strong><span style=\"font-family: 'Calibri',sans-serif;\">S\u0105d Najwy\u017cszy<\/span><\/strong><\/span><\/p>\n<p class=\"Dziedzinaprawa\" style=\"text-align: justify;\"><span style=\"font-size: 12pt;\"><strong><span style=\"font-family: 'Calibri',sans-serif;\">&bdquo;OSOBA POZOSTAJ\u0104CA WE WSP&Oacute;LNYM PO\u017bYCIU&rdquo; (art. 115 &sect; 11 k.k.)<\/span><\/strong><\/span><\/p>\n<p class=\"Tekstpraswki\" style=\"text-align: justify;\"><span style=\"font-size: 12pt; font-family: 'Calibri',sans-serif;\">Zawarty w&nbsp;art. 115 &sect; 11 k.k. zwrot &#8220;osoba pozostaj\u0105ca we wsp&oacute;lnym po\u017cyciu&#8221; okre\u015bla osob\u0119, kt&oacute;ra pozostaje z&nbsp;inn\u0105 osob\u0105 w&nbsp;takiej relacji faktycznej, w&nbsp;kt&oacute;rej pomi\u0119dzy nimi istniej\u0105 jednocze\u015bnie wi\u0119zi duchowe (emocjonalne), fizyczne oraz gospodarcze (wsp&oacute;lne gospodarstwo domowe). Ustalenie istnienia takiej relacji, tj. &#8220;pozostawania we wsp&oacute;lnym po\u017cyciu&#8221;, jest mo\u017cliwe tak\u017ce wtedy, gdy brak okre\u015blonego rodzaju wi\u0119zi jest obiektywnie usprawiedliwiony. Odmienno\u015b\u0107 p\u0142ci os&oacute;b pozostaj\u0105cych w&nbsp;takiej relacji nie jest warunkiem uznania ich za pozostaj\u0105cych we wsp&oacute;lnym po\u017cyciu w&nbsp;rozumieniu art. 115 &sect; 11 k.k. <strong>&ndash; Uchwa\u0142a S\u0105du Najwy\u017cszego z&nbsp;dnia 25 lutego 2016 r., sygn. akt I&nbsp;KZP 20\/15.<\/strong><\/span><\/p>\n<p>&nbsp;<\/p>\n<p class=\"Dziedzinaprawa\" style=\"text-align: justify;\"><span style=\"font-size: 12pt;\"><strong><span style=\"font-family: 'Calibri',sans-serif;\">WSTRZYMANIE BIEGU TERMINU PRZEDAWNIENIA KARALNO\u015aCI<\/span><\/strong><\/span><\/p>\n<p class=\"Tekstpraswki\" style=\"text-align: justify;\"><span style=\"font-size: 12pt; font-family: 'Calibri',sans-serif;\">Wstrzymanie biegu terminu przedawnienia karalno\u015bci (art. 104 &sect; 1 k.k.) nast\u0119puje z&nbsp;dniem skierowania do s\u0105du dyscyplinarnego wniosku o&nbsp;zezwolenie na poci\u0105gni\u0119cie s\u0119dziego albo prokuratora do odpowiedzialno\u015bci karnej <strong>&ndash; Uchwa\u0142a S\u0105du Najwy\u017cszego z&nbsp;dnia 25 lutego 2016 r., sygn. akt I&nbsp;KZP 14\/15.<\/strong><\/span><\/p>\n<p>&nbsp;<\/p>\n","protected":false},"excerpt":{"rendered":"<p>We would like to present the next issue of legal bulletin of the Law Office of Adam Polowiec.What you will find here is some information about the new provisions of law and the projects of amendments to acts, but also case-laws including the case laws of Supreme Court, Constitutional Tribunal and European Court of Justice.<\/p>\n","protected":false},"author":3,"featured_media":0,"comment_status":"closed","ping_status":"open","sticky":false,"template":"","format":"standard","meta":{"footnotes":""},"categories":[2],"tags":[],"class_list":["post-621","post","type-post","status-publish","format-standard","hentry","category-wpisy"],"featured_image_src":{"landsacpe":false,"list":false,"medium":false,"full":false},"yoast_head":"<!-- This site is optimized with the Yoast SEO plugin v27.2 - https:\/\/yoast.com\/product\/yoast-seo-wordpress\/ -->\n<title>Legal Bulletin Of The Law Office Of Adam Polowiec (22 - 28 February 2016) - Polowiec i Wsp\u00f3lnicy - Kancelaria prawna<\/title>\n<meta name=\"robots\" content=\"index, follow, max-snippet:-1, max-image-preview:large, max-video-preview:-1\" \/>\n<link rel=\"canonical\" href=\"https:\/\/polowiec.pl\/en\/legal-bulletin-of-the-law-office-of-adam-polowiec-22-28-february-2016\/\" \/>\n<meta property=\"og:locale\" content=\"en_US\" \/>\n<meta property=\"og:type\" content=\"article\" \/>\n<meta property=\"og:title\" content=\"Legal Bulletin Of The Law Office Of Adam Polowiec (22 - 28 February 2016) - Polowiec i Wsp\u00f3lnicy - Kancelaria prawna\" \/>\n<meta property=\"og:description\" content=\"We would like to present the next issue of legal bulletin of the Law Office of Adam Polowiec.What you will find here is some information about the new provisions of law and the projects of amendments to acts, but also case-laws including the case laws of Supreme Court, Constitutional Tribunal and European Court of Justice.\" \/>\n<meta property=\"og:url\" content=\"https:\/\/polowiec.pl\/en\/legal-bulletin-of-the-law-office-of-adam-polowiec-22-28-february-2016\/\" \/>\n<meta property=\"og:site_name\" content=\"Polowiec i Wsp\u00f3lnicy - Kancelaria prawna\" \/>\n<meta property=\"article:publisher\" content=\"https:\/\/www.facebook.com\/polowieciwspolnicy\/\" \/>\n<meta property=\"article:published_time\" content=\"2016-05-26T15:59:59+00:00\" \/>\n<meta property=\"article:modified_time\" content=\"2019-04-18T15:27:28+00:00\" \/>\n<meta name=\"author\" content=\"Marcin Rusinek\" \/>\n<meta name=\"twitter:card\" content=\"summary_large_image\" \/>\n<meta name=\"twitter:label1\" content=\"Written by\" \/>\n\t<meta name=\"twitter:data1\" content=\"Marcin Rusinek\" \/>\n\t<meta name=\"twitter:label2\" content=\"Est. reading time\" \/>\n\t<meta name=\"twitter:data2\" content=\"14 minutes\" \/>\n<script type=\"application\/ld+json\" class=\"yoast-schema-graph\">{\"@context\":\"https:\/\/schema.org\",\"@graph\":[{\"@type\":\"Article\",\"@id\":\"https:\/\/polowiec.pl\/en\/legal-bulletin-of-the-law-office-of-adam-polowiec-22-28-february-2016\/#article\",\"isPartOf\":{\"@id\":\"https:\/\/polowiec.pl\/en\/legal-bulletin-of-the-law-office-of-adam-polowiec-22-28-february-2016\/\"},\"author\":{\"name\":\"Marcin Rusinek\",\"@id\":\"https:\/\/polowiec.pl\/en\/#\/schema\/person\/74c7526b6f52be5ae94031504f9ffec4\"},\"headline\":\"Legal Bulletin Of The Law Office Of Adam Polowiec (22 &#8211; 28 February 2016)\",\"datePublished\":\"2016-05-26T15:59:59+00:00\",\"dateModified\":\"2019-04-18T15:27:28+00:00\",\"mainEntityOfPage\":{\"@id\":\"https:\/\/polowiec.pl\/en\/legal-bulletin-of-the-law-office-of-adam-polowiec-22-28-february-2016\/\"},\"wordCount\":2880,\"publisher\":{\"@id\":\"https:\/\/polowiec.pl\/en\/#organization\"},\"articleSection\":[\"Wpisy\"],\"inLanguage\":\"en-US\"},{\"@type\":\"WebPage\",\"@id\":\"https:\/\/polowiec.pl\/en\/legal-bulletin-of-the-law-office-of-adam-polowiec-22-28-february-2016\/\",\"url\":\"https:\/\/polowiec.pl\/en\/legal-bulletin-of-the-law-office-of-adam-polowiec-22-28-february-2016\/\",\"name\":\"Legal Bulletin Of The Law Office Of Adam Polowiec (22 - 28 February 2016) - Polowiec i Wsp\u00f3lnicy - Kancelaria prawna\",\"isPartOf\":{\"@id\":\"https:\/\/polowiec.pl\/en\/#website\"},\"datePublished\":\"2016-05-26T15:59:59+00:00\",\"dateModified\":\"2019-04-18T15:27:28+00:00\",\"breadcrumb\":{\"@id\":\"https:\/\/polowiec.pl\/en\/legal-bulletin-of-the-law-office-of-adam-polowiec-22-28-february-2016\/#breadcrumb\"},\"inLanguage\":\"en-US\",\"potentialAction\":[{\"@type\":\"ReadAction\",\"target\":[\"https:\/\/polowiec.pl\/en\/legal-bulletin-of-the-law-office-of-adam-polowiec-22-28-february-2016\/\"]}]},{\"@type\":\"BreadcrumbList\",\"@id\":\"https:\/\/polowiec.pl\/en\/legal-bulletin-of-the-law-office-of-adam-polowiec-22-28-february-2016\/#breadcrumb\",\"itemListElement\":[{\"@type\":\"ListItem\",\"position\":1,\"name\":\"Strona g\u0142\u00f3wna\",\"item\":\"https:\/\/polowiec.pl\/en\/\"},{\"@type\":\"ListItem\",\"position\":2,\"name\":\"Legal Bulletin Of The Law Office Of Adam Polowiec (22 &#8211; 28 February 2016)\"}]},{\"@type\":\"WebSite\",\"@id\":\"https:\/\/polowiec.pl\/en\/#website\",\"url\":\"https:\/\/polowiec.pl\/en\/\",\"name\":\"Polowiec i Wsp\u00f3lnicy - Kancelaria prawna\",\"description\":\"Obs\u0142uga prawna\",\"publisher\":{\"@id\":\"https:\/\/polowiec.pl\/en\/#organization\"},\"potentialAction\":[{\"@type\":\"SearchAction\",\"target\":{\"@type\":\"EntryPoint\",\"urlTemplate\":\"https:\/\/polowiec.pl\/en\/?s={search_term_string}\"},\"query-input\":{\"@type\":\"PropertyValueSpecification\",\"valueRequired\":true,\"valueName\":\"search_term_string\"}}],\"inLanguage\":\"en-US\"},{\"@type\":\"Organization\",\"@id\":\"https:\/\/polowiec.pl\/en\/#organization\",\"name\":\"Polowiec i Wsp\u00f3lnicy - Kancelaria prawna\",\"url\":\"https:\/\/polowiec.pl\/en\/\",\"logo\":{\"@type\":\"ImageObject\",\"inLanguage\":\"en-US\",\"@id\":\"https:\/\/polowiec.pl\/en\/#\/schema\/logo\/image\/\",\"url\":\"https:\/\/polowiec.pl\/wp-content\/uploads\/2018\/10\/polowiec_logo2-1.png\",\"contentUrl\":\"https:\/\/polowiec.pl\/wp-content\/uploads\/2018\/10\/polowiec_logo2-1.png\",\"width\":540,\"height\":381,\"caption\":\"Polowiec i Wsp\u00f3lnicy - Kancelaria prawna\"},\"image\":{\"@id\":\"https:\/\/polowiec.pl\/en\/#\/schema\/logo\/image\/\"},\"sameAs\":[\"https:\/\/www.facebook.com\/polowieciwspolnicy\/\",\"https:\/\/www.linkedin.com\/company\/polowiec-i-wsplnicy-sp.j.\/about\/\"]},{\"@type\":\"Person\",\"@id\":\"https:\/\/polowiec.pl\/en\/#\/schema\/person\/74c7526b6f52be5ae94031504f9ffec4\",\"name\":\"Marcin Rusinek\",\"image\":{\"@type\":\"ImageObject\",\"inLanguage\":\"en-US\",\"@id\":\"https:\/\/secure.gravatar.com\/avatar\/b50a0a5c3e71d904f5e57a757d39977d01c43e075c6bf5b4df909ffbbe004790?s=96&d=mm&r=g\",\"url\":\"https:\/\/secure.gravatar.com\/avatar\/b50a0a5c3e71d904f5e57a757d39977d01c43e075c6bf5b4df909ffbbe004790?s=96&d=mm&r=g\",\"contentUrl\":\"https:\/\/secure.gravatar.com\/avatar\/b50a0a5c3e71d904f5e57a757d39977d01c43e075c6bf5b4df909ffbbe004790?s=96&d=mm&r=g\",\"caption\":\"Marcin Rusinek\"}}]}<\/script>\n<!-- \/ Yoast SEO plugin. -->","yoast_head_json":{"title":"Legal Bulletin Of The Law Office Of Adam Polowiec (22 - 28 February 2016) - Polowiec i Wsp\u00f3lnicy - Kancelaria prawna","robots":{"index":"index","follow":"follow","max-snippet":"max-snippet:-1","max-image-preview":"max-image-preview:large","max-video-preview":"max-video-preview:-1"},"canonical":"https:\/\/polowiec.pl\/en\/legal-bulletin-of-the-law-office-of-adam-polowiec-22-28-february-2016\/","og_locale":"en_US","og_type":"article","og_title":"Legal Bulletin Of The Law Office Of Adam Polowiec (22 - 28 February 2016) - Polowiec i Wsp\u00f3lnicy - Kancelaria prawna","og_description":"We would like to present the next issue of legal bulletin of the Law Office of Adam Polowiec.What you will find here is some information about the new provisions of law and the projects of amendments to acts, but also case-laws including the case laws of Supreme Court, Constitutional Tribunal and European Court of Justice.","og_url":"https:\/\/polowiec.pl\/en\/legal-bulletin-of-the-law-office-of-adam-polowiec-22-28-february-2016\/","og_site_name":"Polowiec i Wsp\u00f3lnicy - Kancelaria prawna","article_publisher":"https:\/\/www.facebook.com\/polowieciwspolnicy\/","article_published_time":"2016-05-26T15:59:59+00:00","article_modified_time":"2019-04-18T15:27:28+00:00","author":"Marcin Rusinek","twitter_card":"summary_large_image","twitter_misc":{"Written by":"Marcin Rusinek","Est. reading time":"14 minutes"},"schema":{"@context":"https:\/\/schema.org","@graph":[{"@type":"Article","@id":"https:\/\/polowiec.pl\/en\/legal-bulletin-of-the-law-office-of-adam-polowiec-22-28-february-2016\/#article","isPartOf":{"@id":"https:\/\/polowiec.pl\/en\/legal-bulletin-of-the-law-office-of-adam-polowiec-22-28-february-2016\/"},"author":{"name":"Marcin Rusinek","@id":"https:\/\/polowiec.pl\/en\/#\/schema\/person\/74c7526b6f52be5ae94031504f9ffec4"},"headline":"Legal Bulletin Of The Law Office Of Adam Polowiec (22 &#8211; 28 February 2016)","datePublished":"2016-05-26T15:59:59+00:00","dateModified":"2019-04-18T15:27:28+00:00","mainEntityOfPage":{"@id":"https:\/\/polowiec.pl\/en\/legal-bulletin-of-the-law-office-of-adam-polowiec-22-28-february-2016\/"},"wordCount":2880,"publisher":{"@id":"https:\/\/polowiec.pl\/en\/#organization"},"articleSection":["Wpisy"],"inLanguage":"en-US"},{"@type":"WebPage","@id":"https:\/\/polowiec.pl\/en\/legal-bulletin-of-the-law-office-of-adam-polowiec-22-28-february-2016\/","url":"https:\/\/polowiec.pl\/en\/legal-bulletin-of-the-law-office-of-adam-polowiec-22-28-february-2016\/","name":"Legal Bulletin Of The Law Office Of Adam Polowiec (22 - 28 February 2016) - Polowiec i Wsp\u00f3lnicy - Kancelaria prawna","isPartOf":{"@id":"https:\/\/polowiec.pl\/en\/#website"},"datePublished":"2016-05-26T15:59:59+00:00","dateModified":"2019-04-18T15:27:28+00:00","breadcrumb":{"@id":"https:\/\/polowiec.pl\/en\/legal-bulletin-of-the-law-office-of-adam-polowiec-22-28-february-2016\/#breadcrumb"},"inLanguage":"en-US","potentialAction":[{"@type":"ReadAction","target":["https:\/\/polowiec.pl\/en\/legal-bulletin-of-the-law-office-of-adam-polowiec-22-28-february-2016\/"]}]},{"@type":"BreadcrumbList","@id":"https:\/\/polowiec.pl\/en\/legal-bulletin-of-the-law-office-of-adam-polowiec-22-28-february-2016\/#breadcrumb","itemListElement":[{"@type":"ListItem","position":1,"name":"Strona g\u0142\u00f3wna","item":"https:\/\/polowiec.pl\/en\/"},{"@type":"ListItem","position":2,"name":"Legal Bulletin Of The Law Office Of Adam Polowiec (22 &#8211; 28 February 2016)"}]},{"@type":"WebSite","@id":"https:\/\/polowiec.pl\/en\/#website","url":"https:\/\/polowiec.pl\/en\/","name":"Polowiec i Wsp\u00f3lnicy - Kancelaria prawna","description":"Obs\u0142uga prawna","publisher":{"@id":"https:\/\/polowiec.pl\/en\/#organization"},"potentialAction":[{"@type":"SearchAction","target":{"@type":"EntryPoint","urlTemplate":"https:\/\/polowiec.pl\/en\/?s={search_term_string}"},"query-input":{"@type":"PropertyValueSpecification","valueRequired":true,"valueName":"search_term_string"}}],"inLanguage":"en-US"},{"@type":"Organization","@id":"https:\/\/polowiec.pl\/en\/#organization","name":"Polowiec i Wsp\u00f3lnicy - Kancelaria prawna","url":"https:\/\/polowiec.pl\/en\/","logo":{"@type":"ImageObject","inLanguage":"en-US","@id":"https:\/\/polowiec.pl\/en\/#\/schema\/logo\/image\/","url":"https:\/\/polowiec.pl\/wp-content\/uploads\/2018\/10\/polowiec_logo2-1.png","contentUrl":"https:\/\/polowiec.pl\/wp-content\/uploads\/2018\/10\/polowiec_logo2-1.png","width":540,"height":381,"caption":"Polowiec i Wsp\u00f3lnicy - Kancelaria prawna"},"image":{"@id":"https:\/\/polowiec.pl\/en\/#\/schema\/logo\/image\/"},"sameAs":["https:\/\/www.facebook.com\/polowieciwspolnicy\/","https:\/\/www.linkedin.com\/company\/polowiec-i-wsplnicy-sp.j.\/about\/"]},{"@type":"Person","@id":"https:\/\/polowiec.pl\/en\/#\/schema\/person\/74c7526b6f52be5ae94031504f9ffec4","name":"Marcin Rusinek","image":{"@type":"ImageObject","inLanguage":"en-US","@id":"https:\/\/secure.gravatar.com\/avatar\/b50a0a5c3e71d904f5e57a757d39977d01c43e075c6bf5b4df909ffbbe004790?s=96&d=mm&r=g","url":"https:\/\/secure.gravatar.com\/avatar\/b50a0a5c3e71d904f5e57a757d39977d01c43e075c6bf5b4df909ffbbe004790?s=96&d=mm&r=g","contentUrl":"https:\/\/secure.gravatar.com\/avatar\/b50a0a5c3e71d904f5e57a757d39977d01c43e075c6bf5b4df909ffbbe004790?s=96&d=mm&r=g","caption":"Marcin Rusinek"}}]}},"_links":{"self":[{"href":"https:\/\/polowiec.pl\/en\/wp-json\/wp\/v2\/posts\/621","targetHints":{"allow":["GET"]}}],"collection":[{"href":"https:\/\/polowiec.pl\/en\/wp-json\/wp\/v2\/posts"}],"about":[{"href":"https:\/\/polowiec.pl\/en\/wp-json\/wp\/v2\/types\/post"}],"author":[{"embeddable":true,"href":"https:\/\/polowiec.pl\/en\/wp-json\/wp\/v2\/users\/3"}],"replies":[{"embeddable":true,"href":"https:\/\/polowiec.pl\/en\/wp-json\/wp\/v2\/comments?post=621"}],"version-history":[{"count":0,"href":"https:\/\/polowiec.pl\/en\/wp-json\/wp\/v2\/posts\/621\/revisions"}],"wp:attachment":[{"href":"https:\/\/polowiec.pl\/en\/wp-json\/wp\/v2\/media?parent=621"}],"wp:term":[{"taxonomy":"category","embeddable":true,"href":"https:\/\/polowiec.pl\/en\/wp-json\/wp\/v2\/categories?post=621"},{"taxonomy":"post_tag","embeddable":true,"href":"https:\/\/polowiec.pl\/en\/wp-json\/wp\/v2\/tags?post=621"}],"curies":[{"name":"wp","href":"https:\/\/api.w.org\/{rel}","templated":true}]}}