{"id":625,"date":"2016-05-26T18:13:42","date_gmt":"2016-05-26T16:13:42","guid":{"rendered":"https:\/\/nowa.polowiec.pl\/legal-bulletin-of-the-law-office-of-adam-polowiec-7-13-march-2016\/"},"modified":"2019-04-18T19:36:29","modified_gmt":"2019-04-18T17:36:29","slug":"legal-bulletin-of-the-law-office-of-adam-polowiec-7-13-march-2016","status":"publish","type":"post","link":"https:\/\/polowiec.pl\/en\/legal-bulletin-of-the-law-office-of-adam-polowiec-7-13-march-2016\/","title":{"rendered":"Legal Bulletin Of The Law Office Of Adam Polowiec (7 &#8211; 13 March 2016)"},"content":{"rendered":"<p>We would like to present the next issue of legal bulletin of the Law Office of Adam Polowiec.<br \/>What you will find here is some information about the new provisions of law and the projects of amendments to acts, but also case-laws including the case laws of Supreme Court, Constitutional Tribunal and European Court of Justice.<\/p>\n<p>  <!--more-->  <\/p>\n<p class=\"NowePrawo\" style=\"text-align: justify;\"><span style=\"font-size: 12pt;\"><strong><span style=\"font-family: 'Calibri',sans-serif;\">_____Nowe Prawo<\/span><\/strong><\/span><\/p>\n<p class=\"Dziedzinaprawa\" style=\"text-align: justify;\"><span style=\"font-size: 12pt;\"><strong><span style=\"font-family: 'Calibri',sans-serif;\">POST\u0118POWANIE CYWILNE<\/span><\/strong><\/span><\/p>\n<p class=\"Tekstpraswki\" style=\"text-align: justify;\"><span style=\"font-size: 12pt;\"><strong><span style=\"font-family: 'Calibri',sans-serif;\">Rozporz\u0105dzenie<\/span><\/strong><span style=\"font-family: 'Calibri',sans-serif;\"> Ministra Sprawiedliwo\u015bci <\/span><span style=\"font-family: 'Calibri',sans-serif;\">z dnia 15 lutego 2016 r.<\/span><span style=\"font-family: 'Calibri',sans-serif;\">zmieniaj\u0105ce rozporz\u0105dzenie w&nbsp;sprawie okre\u015blenia wzor&oacute;w i&nbsp;sposobu udost\u0119pniania urz\u0119dowych formularzy pism procesowych w&nbsp;post\u0119powaniu cywilnym<\/span><span style=\"font-family: 'Calibri',sans-serif;\"> (Dz. U. z&nbsp;2016 r., poz. 269) <strong>&ndash; wejdzie w&nbsp;\u017cycie z&nbsp;dniem 1 kwietnia 2016 r.<\/strong><\/span><\/span><\/p>\n<p class=\"Omwienie\" style=\"text-align: justify;\"><span style=\"font-size: 12pt;\"><span style=\"font-family: 'Calibri',sans-serif;\">W rozporz\u0105dzeniu Ministra Sprawiedliwo\u015bci z&nbsp;dnia 5 kwietnia 2012 r. w&nbsp;sprawie okre\u015blenia wzor&oacute;w i&nbsp;sposobu udost\u0119pniania urz\u0119dowych formularzy pism procesowych w<\/span><span style=\"font-family: 'Calibri',sans-serif;\">post\u0119powaniu cywilnym (Dz. U. z&nbsp;2015 r. poz. 723) <\/span><span style=\"font-family: 'Calibri',sans-serif;\">zmianie ulegnie brzmienie <\/span><span style=\"font-family: 'Calibri',sans-serif;\">za\u0142\u0105cznik<\/span><span style=\"font-family: 'Calibri',sans-serif;\">&oacute;w<\/span><span style=\"font-family: 'Calibri',sans-serif;\"> nr 7-9 i&nbsp;11<\/span><span style=\"font-family: 'Calibri',sans-serif;\">.<\/span><\/span><\/p>\n<p>&nbsp;<\/p>\n<p class=\"Dziedzinaprawa\" style=\"text-align: justify;\"><span style=\"font-size: 12pt;\"><strong><span style=\"font-family: 'Calibri',sans-serif;\">ADMINISTRACJA RZ\u0104DOWA<\/span><\/strong><\/span><\/p>\n<p class=\"Tekstpraswki\" style=\"text-align: justify;\"><span style=\"font-size: 12pt;\"><strong><span style=\"font-family: 'Calibri',sans-serif;\">U<\/span><\/strong><strong><span style=\"font-family: 'Calibri',sans-serif;\">stawa<\/span><\/strong><span style=\"font-family: 'Calibri',sans-serif;\">z dnia 11 lutego 2016 r.<\/span><span style=\"font-family: 'Calibri',sans-serif;\">o zmianie ustawy o&nbsp;dzia\u0142ach administracji rz\u0105dowej oraz niekt&oacute;rych innych ustaw<\/span><span style=\"font-family: 'Calibri',sans-serif;\"> (Dz. U. z&nbsp;2016 r., poz. 266) <strong>&ndash; wejdzie w&nbsp;\u017cycie z&nbsp;dniem 17&nbsp;marca 2016 r., z&nbsp;wyj\u0105tkiem:<\/strong><\/span><\/span><\/p>\n<p class=\"Tekstpraswki\" style=\"text-align: justify;\"><span style=\"font-size: 12pt;\"><strong><span style=\"font-family: 'Calibri',sans-serif;\">1) art. 15 i&nbsp;art. 26, kt&oacute;re wchodz\u0105 w&nbsp;\u017cycie z&nbsp;dniem nast\u0119puj\u0105cym po&nbsp;dniu&nbsp;og\u0142oszenia;<\/span><\/strong><\/span><\/p>\n<p class=\"Tekstpraswki\" style=\"text-align: justify;\"><span style=\"font-size: 12pt;\"><strong><span style=\"font-family: 'Calibri',sans-serif;\">2) art. 3 pkt 2, w&nbsp;zakresie art. 12b pkt 1, kt&oacute;ry wchodzi w&nbsp;\u017cycie z&nbsp;dniem&nbsp;1&nbsp;kwietnia 2016 r.;<\/span><\/strong><\/span><\/p>\n<p class=\"Tekstpraswki\" style=\"text-align: justify;\"><span style=\"font-size: 12pt;\"><strong><span style=\"font-family: 'Calibri',sans-serif;\">3) art. 3 pkt 2, w&nbsp;zakresie art. 12b pkt 2, kt&oacute;ry wchodzi w&nbsp;\u017cycie z&nbsp;dniem&nbsp;1&nbsp;lipca&nbsp;2016 r.<\/span><\/strong><\/span><\/p>\n<p class=\"Omwienie\" style=\"text-align: justify;\"><span style=\"font-size: 12pt;\"><span style=\"font-family: 'Calibri',sans-serif;\">W ustawie z&nbsp;dnia 4 wrze\u015bnia 1997 r. o&nbsp;dzia\u0142ach administracji rz\u0105dowej (Dz.<\/span><span style=\"font-family: 'Calibri',sans-serif;\">U.<\/span><span style=\"font-family: 'Calibri',sans-serif;\">z<\/span><span style=\"font-family: 'Calibri',sans-serif;\">2015<\/span><span style=\"font-family: 'Calibri',sans-serif;\">r.<\/span><span style=\"font-family: 'Calibri',sans-serif;\">poz. 812, z&nbsp;p&oacute;\u017an. zm.)<\/span><span style=\"font-family: 'Calibri',sans-serif;\"> zmianie ulegnie brzmienie art. 11a, w&nbsp;art. 7a dodaje si\u0119 ust. 4.<\/span><\/span><\/p>\n<p class=\"Omwienie\" style=\"text-align: justify;\"><span style=\"font-size: 12pt; font-family: 'Calibri',sans-serif;\">W ustawie z&nbsp;dnia 21 marca 1991 r. o&nbsp;obszarach morskich Rzeczypospolitej Polskiej i&nbsp;administracji morskiej (Dz. U. z&nbsp;2013 r. poz. 934 i&nbsp;1014 oraz z&nbsp;2015 r. poz. 1642) zmianie ulegnie brzmienie art. 23 ust. 2, art. 27 ust. 1.<\/span><\/p>\n<p class=\"Omwienie\" style=\"text-align: justify;\"><span style=\"font-size: 12pt; font-family: 'Calibri',sans-serif;\">W ustawie z&nbsp;dnia 10 kwietnia 1997 r. &#8211; Prawo energetyczne (Dz. U. z&nbsp;2012 r. poz. 1059, z&nbsp;p&oacute;\u017an. zm.) zmianie ulegnie brzmienie art. 12a ust. 2, art. 12b.<\/span><\/p>\n<p class=\"Omwienie\" style=\"text-align: justify;\"><span style=\"font-size: 12pt; font-family: 'Calibri',sans-serif;\">W ustawie z&nbsp;dnia 20 czerwca 1997 r. &#8211; Prawo o&nbsp;ruchu drogowym (Dz.&nbsp;U.&nbsp;z&nbsp;2012&nbsp;r.&nbsp;poz.&nbsp;1137, z&nbsp;p&oacute;\u017an. zm.) w&nbsp;art. 20 w&nbsp;ust. 5a wyrazy &#8220;ministra w\u0142a\u015bciwego do spraw gospodarki&#8221; zast\u0119puje si\u0119 wyrazami &#8220;ministra w\u0142a\u015bciwego do spraw energii&#8221;.<\/span><\/p>\n<p class=\"Omwienie\" style=\"text-align: justify;\"><span style=\"font-size: 12pt; font-family: 'Calibri',sans-serif;\">W ustawie z&nbsp;dnia 14 lipca 2000 r. o&nbsp;restrukturyzacji finansowej g&oacute;rnictwa siarki (Dz.&nbsp;U.&nbsp;poz. 856 oraz z&nbsp;2003 r. poz. 1693) w&nbsp;art. 7 w&nbsp;ust. 1 wyrazy &#8220;Minister w\u0142a\u015bciwy do spraw gospodarki&#8221; zast\u0119puje si\u0119 wyrazami &#8220;Minister w\u0142a\u015bciwy do spraw gospodarki z\u0142o\u017cami kopalin&#8221;.<\/span><\/p>\n<p class=\"Omwienie\" style=\"text-align: justify;\"><span style=\"font-size: 12pt; font-family: 'Calibri',sans-serif;\">W ustawie z&nbsp;dnia 29 listopada 2000 r. &#8211; Prawo atomowe (Dz. U. z&nbsp;2014 r. poz. 1512 oraz z&nbsp;2015 r. poz. 1505 i&nbsp;1893) zmianie ulegnie brzmienie art. 73 ust. 1, art. 74 pkt&nbsp;1,&nbsp;w&nbsp;art.&nbsp;33 w&nbsp;ust. 1, 6, 8, 10 i&nbsp;w ust. 21 w&nbsp;pkt 2, w&nbsp;art. 39n w&nbsp;ust. 9, w&nbsp;art. 57b w&nbsp;ust. 2 i&nbsp;3, w&nbsp;art. 57c w&nbsp;ust. 1, w&nbsp;art. 57d w&nbsp;ust. 1, w&nbsp;art. 57e, w&nbsp;art. 57f, w&nbsp;art. 57g, w&nbsp;art. 103 w&nbsp;ust. 10 we wprowadzeniu do wyliczenia, w&nbsp;art. 108a we wprowadzeniu do wyliczenia, w&nbsp;art. 108b w&nbsp;ust. 2, w&nbsp;art. 108d w&nbsp;ust. 1 i&nbsp;3, w&nbsp;art. 108e, w&nbsp;art. 116, w&nbsp;art.&nbsp;117 w&nbsp;ust. 2, w&nbsp;art. 119 w&nbsp;ust. 3 oraz w&nbsp;art. 121 w&nbsp;ust. 3 u\u017cyte w&nbsp;r&oacute;\u017cnych przypadkach wyrazy &#8220;minister w\u0142a\u015bciwy do spraw gospodarki&#8221; zast\u0119puje si\u0119 u\u017cytymi w&nbsp;odpowiednich przypadkach wyrazami &#8220;minister w\u0142a\u015bciwy do spraw energii&#8221;.<\/span><\/p>\n<p class=\"Omwienie\" style=\"text-align: justify;\"><span style=\"font-size: 12pt; font-family: 'Calibri',sans-serif;\">W ustawie z&nbsp;dnia 27 kwietnia 2001 r. &#8211; Prawo ochrony \u015brodowiska (Dz.&nbsp;U.&nbsp;z&nbsp;2013&nbsp;r.&nbsp;poz.&nbsp;1232, z&nbsp;p&oacute;\u017an. zm.) zmianie ulegnie brzmienie art. 400d ust.&nbsp;2&nbsp;pkt&nbsp;3, art. 400k ust. 2 pkt 1, art. 411 ust. 2, w&nbsp;art. 401c w&nbsp;ust. 5 w&nbsp;pkt 5&nbsp;w&nbsp;lit.&nbsp;b&nbsp;kropk\u0119 zast\u0119puje si\u0119 \u015brednikiem i&nbsp;dodaje si\u0119 pkt 6-8, w&nbsp;art. 146 w&nbsp;ust. 3 we wprowadzeniu do wyliczenia, w&nbsp;art. 146h we wprowadzeniu do wyliczenia oraz w&nbsp;art. 146i wyrazy &#8220;ministrem w\u0142a\u015bciwym do spraw gospodarki&#8221; zast\u0119puje si\u0119 wyrazami &#8220;ministrem w\u0142a\u015bciwym do spraw energii&#8221;.<\/span><\/p>\n<p class=\"Omwienie\" style=\"text-align: justify;\"><span style=\"font-size: 12pt; font-family: 'Calibri',sans-serif;\">W ustawie z&nbsp;dnia 14 lutego 2003 r. o&nbsp;stopniach g&oacute;rniczych, honorowych szpadach g&oacute;rniczych i&nbsp;mundurach g&oacute;rniczych (Dz. U. poz. 449) zmianie ulegnie brzmienie art. 6, w&nbsp;art. 7 w&nbsp;ust. 1 we wprowadzeniu do wyliczenia oraz w&nbsp;art. 15 we wprowadzeniu do wyliczenia u\u017cyte w&nbsp;r&oacute;\u017cnych przypadkach wyrazy &#8220;minister w\u0142a\u015bciwy do spraw gospodarki&#8221; zast\u0119puje si\u0119 u\u017cytymi w&nbsp;odpowiednich przypadkach wyrazami &#8220;minister w\u0142a\u015bciwy do spraw energii&#8221;.<\/span><\/p>\n<p class=\"Omwienie\" style=\"text-align: justify;\"><span style=\"font-size: 12pt; font-family: 'Calibri',sans-serif;\">W ustawie z&nbsp;dnia 14 marca 2003 r. o&nbsp;Banku Gospodarstwa Krajowego (Dz.&nbsp;U.&nbsp;z&nbsp;2014&nbsp;r.&nbsp;poz. 510 i&nbsp;1146 oraz z&nbsp;2015 r. poz. 1513) zmianie ulegnie brzmienie art. 8 ust. 4 pkt 2.<\/span><\/p>\n<p class=\"Omwienie\" style=\"text-align: justify;\"><span style=\"font-size: 12pt; font-family: 'Calibri',sans-serif;\">W ustawie z&nbsp;dnia 25 sierpnia 2006 r. o&nbsp;systemie monitorowania i&nbsp;kontrolowania jako\u015bci paliw (Dz. U. z&nbsp;2014 r. poz. 1728 oraz z&nbsp;2015 r. poz. 1361) w&nbsp;art. 3 w&nbsp;ust. 2 we wprowadzeniu do wyliczenia, w&nbsp;art. 3a w&nbsp;ust. 2, w&nbsp;art. 4 w&nbsp;ust. 2, w&nbsp;art. 5 w&nbsp;ust. 2 we wprowadzeniu do wyliczenia, w&nbsp;art. 6, w&nbsp;art. 8 w&nbsp;ust. 3, w&nbsp;art. 9b w&nbsp;ust. 4, w&nbsp;art. 19 we wprowadzeniu do wyliczenia, w&nbsp;art. 19a we wprowadzeniu do wyliczenia, w&nbsp;art. 19b, w&nbsp;art. 26 we wprowadzeniu do wyliczenia, w&nbsp;art. 26a we wprowadzeniu do wyliczenia, w&nbsp;art. 26b, w&nbsp;art. 30 we wprowadzeniu do wyliczenia, w&nbsp;art. 30g w&nbsp;ust. 4, w&nbsp;art. 30h we wprowadzeniu do wyliczenia oraz w&nbsp;art. 30i w&nbsp;ust. 3 u\u017cyte w&nbsp;r&oacute;\u017cnych przypadkach wyrazy &#8220;minister w\u0142a\u015bciwy do spraw gospodarki&#8221; zast\u0119puje si\u0119 u\u017cytymi w&nbsp;odpowiednich przypadkach wyrazami &#8220;minister w\u0142a\u015bciwy do spraw energii&#8221;.<\/span><\/p>\n<p class=\"Omwienie\" style=\"text-align: justify;\"><span style=\"font-size: 12pt; font-family: 'Calibri',sans-serif;\">W ustawie z&nbsp;dnia 25 sierpnia 2006 r. o&nbsp;biokomponentach i&nbsp;biopaliwach ciek\u0142ych (Dz.&nbsp;U.&nbsp;z&nbsp;2015 r. poz. 775) zmianie ulegnie brzmienie art. 30 ust. 4 i&nbsp;4a, art. 31 ust. 3, w&nbsp;art. 22 w&nbsp;ust. 4-6, w&nbsp;art. 23 w&nbsp;ust. 3 i&nbsp;4c, w&nbsp;art. 25 w&nbsp;ust. 3, w&nbsp;art. 28h w&nbsp;ust. 2, w&nbsp;art. 30 w&nbsp;ust. 2d oraz w&nbsp;art. 37a w&nbsp;ust. 1 i&nbsp;3 u\u017cyte w&nbsp;r&oacute;\u017cnych przypadkach wyrazy &#8220;minister w\u0142a\u015bciwy do spraw gospodarki&#8221; zast\u0119puje si\u0119 u\u017cytymi w&nbsp;odpowiednich przypadkach wyrazami &#8220;minister w\u0142a\u015bciwy do spraw energii&#8221;.<\/span><\/p>\n<p class=\"Omwienie\" style=\"text-align: justify;\"><span style=\"font-size: 12pt; font-family: 'Calibri',sans-serif;\">W ustawie z&nbsp;dnia 16 lutego 2007 r. o&nbsp;zapasach ropy naftowej, produkt&oacute;w naftowych i&nbsp;gazu ziemnego oraz zasadach post\u0119powania w&nbsp;sytuacjach zagro\u017cenia bezpiecze\u0144stwa paliwowego pa\u0144stwa i&nbsp;zak\u0142&oacute;ce\u0144 na rynku naftowym (Dz. U. z&nbsp;2014 r. poz. 1695) w&nbsp;art.&nbsp;3&nbsp;w ust. 5 we wprowadzeniu do wyliczenia, w&nbsp;art. 4 we wprowadzeniu do wyliczenia, w&nbsp;art. 5 w&nbsp;ust. 6a, w&nbsp;art. 11a w&nbsp;ust. 8 i&nbsp;w ust. 9 we wprowadzeniu do wyliczenia, w&nbsp;art. 13 w&nbsp;ust. 5 we wprowadzeniu do wyliczenia, w&nbsp;art. 17 w&nbsp;ust. 2, w&nbsp;art.&nbsp;21b w&nbsp;ust. 9, w&nbsp;ust. 10 we wprowadzeniu do wyliczenia, w&nbsp;ust. 11 we wprowadzeniu do wyliczenia i&nbsp;w ust. 14, w&nbsp;art. 21e w&nbsp;ust. 1, 2, 4, 6 i&nbsp;8, w&nbsp;art. 22 w&nbsp;ust.&nbsp;2, w&nbsp;art. 22a, w&nbsp;art. 23, w&nbsp;art. 24 w&nbsp;ust. 5, w&nbsp;ust. 5c w&nbsp;pkt 1, w&nbsp;pkt 2 we wprowadzeniu do wyliczenia, w&nbsp;art. 26 w&nbsp;ust. 1, 2 i&nbsp;4, w&nbsp;art. 27 w&nbsp;ust. 1 we wprowadzeniu do wyliczenia i&nbsp;w ust. 2, w&nbsp;art. 28d w&nbsp;ust. 3 i&nbsp;4, w&nbsp;art. 28e we wprowadzeniu do wyliczenia, w&nbsp;art. 28f, w&nbsp;art. 29b w&nbsp;ust. 2, w&nbsp;art. 31 w&nbsp;ust. 2 w&nbsp;pkt 3&nbsp;i&nbsp;4, w&nbsp;ust. 4 we wprowadzeniu do wyliczenia, w&nbsp;ust. 5 i&nbsp;w ust. 6 we wprowadzeniu do wyliczenia, w&nbsp;art. 33 w&nbsp;ust. 1 we wprowadzeniu do wyliczenia, w&nbsp;art. 34 we wprowadzeniu do wyliczenia, w&nbsp;art. 35 w&nbsp;ust. 1 i&nbsp;4, w&nbsp;art. 36, w&nbsp;art. 37 we wprowadzeniu do wyliczenia, w&nbsp;art. 38 w&nbsp;ust. 2, w&nbsp;art. 39 w&nbsp;ust. 1, w&nbsp;art. 40 w&nbsp;ust. 1 we wprowadzeniu do wyliczenia, w&nbsp;art. 41 w&nbsp;ust. 1 we wprowadzeniu do wyliczenia, w&nbsp;art.&nbsp;44 w&nbsp;ust. 2, w&nbsp;art. 44a, w&nbsp;art. 46 we wprowadzeniu do wyliczenia, w&nbsp;art. 47 w&nbsp;ust.&nbsp;1 i&nbsp;3, w&nbsp;art. 48 w&nbsp;ust. 1, w&nbsp;art. 48a w&nbsp;ust. 1-3, w&nbsp;art. 52 w&nbsp;ust. 7, w&nbsp;art. 53, w&nbsp;art. 55 w&nbsp;ust. 3, w&nbsp;art. 56, w&nbsp;art. 61 w&nbsp;ust. 1 i&nbsp;w ust. 3 we wprowadzeniu do&nbsp;wyliczenia, w&nbsp;art. 64 w&nbsp;ust. 1 w&nbsp;pkt 7 i&nbsp;w ust. 2 u\u017cyte w&nbsp;r&oacute;\u017cnych przypadkach wyrazy &#8220;minister w\u0142a\u015bciwy do spraw gospodarki&#8221; zast\u0119puje si\u0119 u\u017cytymi w&nbsp;odpowiednich przypadkach wyrazami &#8220;minister w\u0142a\u015bciwy do spraw energii&#8221;.<\/span><\/p>\n<p class=\"Omwienie\" style=\"text-align: justify;\"><span style=\"font-size: 12pt; font-family: 'Calibri',sans-serif;\">W ustawie z&nbsp;dnia 26 kwietnia 2007 r. o&nbsp;zarz\u0105dzaniu kryzysowym (Dz.&nbsp;U.&nbsp;z&nbsp;2013&nbsp;r.&nbsp;poz.&nbsp;1166 oraz z&nbsp;2015 r. poz. 1485) w&nbsp;art. 8 w&nbsp;ust. 3&nbsp;w&nbsp;pkt&nbsp;1&nbsp;w&nbsp;lit.&nbsp;s&nbsp;\u015brednik zast\u0119puje si\u0119 przecinkiem i&nbsp;dodaje si\u0119 lit. t i&nbsp;u.<\/span><\/p>\n<p class=\"Omwienie\" style=\"text-align: justify;\"><span style=\"font-size: 12pt; font-family: 'Calibri',sans-serif;\">W ustawie z&nbsp;dnia 29 czerwca 2007 r. o&nbsp;zasadach pokrywania koszt&oacute;w powsta\u0142ych u&nbsp;wytw&oacute;rc&oacute;w w&nbsp;zwi\u0105zku z&nbsp;przedterminowym rozwi\u0105zaniem um&oacute;w d\u0142ugoterminowych sprzeda\u017cy mocy i&nbsp;energii elektrycznej (Dz. U. poz. 905, z&nbsp;2008 r. poz. 357, z&nbsp;2009 r. poz. 817 oraz z&nbsp;2011 r. poz. 551 i&nbsp;1381) w&nbsp;art. 21 w&nbsp;ust. 2-4, w&nbsp;art. 29 w&nbsp;ust. 1 i&nbsp;3, w&nbsp;art.&nbsp;49&nbsp;w ust. 1 w&nbsp;pkt 4 w&nbsp;lit. b, w&nbsp;art. 55 w&nbsp;ust. 1 w&nbsp;pkt 2 oraz w&nbsp;art. 57 u\u017cyte w&nbsp;r&oacute;\u017cnych przypadkach wyrazy &#8220;minister w\u0142a\u015bciwy do spraw gospodarki&#8221; zast\u0119puje si\u0119 u\u017cytymi w&nbsp;odpowiednich przypadkach wyrazami &#8220;minister w\u0142a\u015bciwy do spraw energii&#8221;.<\/span><\/p>\n<p class=\"Omwienie\" style=\"text-align: justify;\"><span style=\"font-size: 12pt; font-family: 'Calibri',sans-serif;\">W ustawie z&nbsp;dnia 6 lipca 2007 r. o&nbsp;ekwiwalencie pieni\u0119\u017cnym z&nbsp;tytu\u0142u prawa do bezp\u0142atnego w\u0119gla dla os&oacute;b uprawnionych z&nbsp;przedsi\u0119biorstw rob&oacute;t g&oacute;rniczych (Dz.&nbsp;U.&nbsp;z&nbsp;2015 r. poz. 1797) w&nbsp;art. 5 w&nbsp;ust. 3, w&nbsp;art. 11 w&nbsp;ust. 3 i&nbsp;4 oraz w&nbsp;art. 12 u\u017cyte w&nbsp;r&oacute;\u017cnych przypadkach wyrazy &#8220;minister w\u0142a\u015bciwy do spraw gospodarki&#8221; zast\u0119puje si\u0119 u\u017cytymi w&nbsp;odpowiednich przypadkach wyrazami &#8220;minister w\u0142a\u015bciwy do spraw gospodarki z\u0142o\u017cami kopalin&#8221;.<\/span><\/p>\n<p class=\"Omwienie\" style=\"text-align: justify;\"><span style=\"font-size: 12pt; font-family: 'Calibri',sans-serif;\">W ustawie z&nbsp;dnia 7 wrze\u015bnia 2007 r. o&nbsp;funkcjonowaniu g&oacute;rnictwa w\u0119gla kamiennego (Dz.&nbsp;U. z&nbsp;2015 r. poz. 410, 1960 i&nbsp;2300) zmianie ulegnie brzmienie art. 20a.<\/span><\/p>\n<p class=\"Omwienie\" style=\"text-align: justify;\"><span style=\"font-size: 12pt; font-family: 'Calibri',sans-serif;\">W ustawie z&nbsp;dnia 24 kwietnia 2009 r. o&nbsp;inwestycjach w&nbsp;zakresie terminalu regazyfikacyjnego skroplonego gazu ziemnego w&nbsp;\u015awinouj\u015bciu (Dz. U. z&nbsp;2014 r. poz. 1501 oraz z&nbsp;2015 r. poz. 1045 i&nbsp;1777) zmianie ulegnie brzmienie art. 6 ust. 3 pkt 2, w&nbsp;art.&nbsp;2&nbsp;w&nbsp;ust. 4 i&nbsp;7 oraz w&nbsp;art. 3 u\u017cyte w&nbsp;r&oacute;\u017cnych przypadkach wyrazy &#8220;minister w\u0142a\u015bciwy do spraw Skarbu Pa\u0144stwa&#8221; zast\u0119puje si\u0119 u\u017cytymi w&nbsp;odpowiednich przypadkach wyrazami &#8220;Pe\u0142nomocnik Rz\u0105du do spraw Strategicznej Infrastruktury Energetycznej&#8221;.<\/span><\/p>\n<p class=\"Omwienie\" style=\"text-align: justify;\"><span style=\"font-size: 12pt; font-family: 'Calibri',sans-serif;\">W ustawie z&nbsp;dnia 17 lipca 2009 r. o&nbsp;systemie zarz\u0105dzania emisjami gaz&oacute;w cieplarnianych i&nbsp;innych substancji (Dz. U. z&nbsp;2015 r. poz. 2273 i&nbsp;2278) zmianie ulegnie brzmienie art.&nbsp;16&nbsp;ust. 1, art. 24 w&nbsp;ust. 4 dodaje si\u0119 pkt 2a.<\/span><\/p>\n<p class=\"Omwienie\" style=\"text-align: justify;\"><span style=\"font-size: 12pt; font-family: 'Calibri',sans-serif;\">W ustawie z&nbsp;dnia 18 marca 2010 r. o&nbsp;szczeg&oacute;lnych uprawnieniach ministra w\u0142a\u015bciwego do spraw Skarbu Pa\u0144stwa oraz ich wykonywaniu w&nbsp;niekt&oacute;rych sp&oacute;\u0142kach kapita\u0142owych lub grupach kapita\u0142owych prowadz\u0105cych dzia\u0142alno\u015b\u0107 w&nbsp;sektorach energii elektrycznej, ropy naftowej oraz paliw gazowych (Dz. U. Nr 65, poz. 404) zmianie ulegnie brzmienie art.&nbsp;1&nbsp;ust. 3.<\/span><\/p>\n<p class=\"Omwienie\" style=\"text-align: justify;\"><span style=\"font-size: 12pt; font-family: 'Calibri',sans-serif;\">W ustawie z&nbsp;dnia 29 pa\u017adziernika 2010 r. o&nbsp;rezerwach strategicznych (Dz.&nbsp;U.&nbsp;z&nbsp;2015&nbsp;r.&nbsp;poz. 1229 i&nbsp;1926) zmianie ulegnie brzmienie art. 38 ust. 6 zdanie drugie, w&nbsp;art. 8 w&nbsp;ust. 2 dodaje si\u0119 pkt 7a, w&nbsp;art. 7, w&nbsp;art. 8 w&nbsp;ust. 2 we wprowadzeniu do wyliczenia, w&nbsp;ust. 3 we wprowadzeniu do wyliczenia i&nbsp;w ust. 4 we wprowadzeniu do wyliczenia, w&nbsp;art. 9 w&nbsp;ust. 3, w&nbsp;art. 10, w&nbsp;art. 12 w&nbsp;ust. 1 we wprowadzeniu do wyliczenia, w&nbsp;art. 13 w&nbsp;ust. 1, w&nbsp;art. 14 we wprowadzeniu do wyliczenia, w&nbsp;art.&nbsp;18&nbsp;w&nbsp;ust.&nbsp;1, w&nbsp;ust. 2 we wprowadzeniu do wyliczenia oraz w&nbsp;ust. 5-7, w&nbsp;art. 20 w&nbsp;ust. 1, w&nbsp;art. 21, w&nbsp;art. 22 w&nbsp;ust. 1 i&nbsp;2, w&nbsp;art. 24, w&nbsp;art. 25 w&nbsp;ust. 1 we wprowadzeniu do wyliczenia, w&nbsp;art. 26 w&nbsp;ust. 5, w&nbsp;art. 27 w&nbsp;pkt 2 we wprowadzeniu do wyliczenia, w&nbsp;art. 28 w&nbsp;ust. 2, w&nbsp;art. 29 w&nbsp;ust. 2 i&nbsp;5, w&nbsp;art. 30 w&nbsp;ust. 4 i&nbsp;7, w&nbsp;art. 37 w&nbsp;ust. 6, w&nbsp;art.&nbsp;38 w&nbsp;ust. 2 i&nbsp;5, w&nbsp;art. 39 w&nbsp;ust. 1 oraz w&nbsp;art. 42 w&nbsp;ust. 1 w&nbsp;pkt 2 u\u017cyte w&nbsp;r&oacute;\u017cnych przypadkach wyrazy &#8220;minister w\u0142a\u015bciwy do spraw gospodarki&#8221; zast\u0119puje si\u0119 u\u017cytymi w&nbsp;odpowiednich przypadkach wyrazami &#8220;minister w\u0142a\u015bciwy do spraw energii&rdquo;.<\/span><\/p>\n<p class=\"Omwienie\" style=\"text-align: justify;\"><span style=\"font-size: 12pt; font-family: 'Calibri',sans-serif;\">ustawie z&nbsp;dnia 15 kwietnia 2011 r. o&nbsp;efektywno\u015bci energetycznej (Dz.&nbsp;U.&nbsp;z&nbsp;2015&nbsp;r.&nbsp;poz.&nbsp;2167 i&nbsp;2359) zmianie ulegnie brzmienie art. 11 ust.&nbsp;2&nbsp;pkt&nbsp;2&nbsp;wprowadzenie do wyliczenia, w&nbsp;art. 6 w&nbsp;ust. 1 i&nbsp;3, w&nbsp;art. 7 w&nbsp;ust. 2, w&nbsp;art. 8, w&nbsp;art. 9, w&nbsp;art. 11, w&nbsp;art. 15, w&nbsp;art. 17 w&nbsp;ust. 2, w&nbsp;art. 19 w&nbsp;ust. 4 we wprowadzeniu do wyliczenia, w&nbsp;art. 20 w&nbsp;ust. 1 i&nbsp;4 oraz w&nbsp;art. 28 w&nbsp;ust. 6 we wprowadzeniu do wyliczenia u\u017cyte w&nbsp;r&oacute;\u017cnych przypadkach wyrazy &#8220;minister w\u0142a\u015bciwy do spraw gospodarki&#8221; zast\u0119puje si\u0119 u\u017cytymi w&nbsp;odpowiednich przypadkach wyrazami &#8220;minister w\u0142a\u015bciwy do spraw energii&#8221;.<\/span><\/p>\n<p class=\"Omwienie\" style=\"text-align: justify;\"><span style=\"font-size: 12pt; font-family: 'Calibri',sans-serif;\">W ustawie z&nbsp;dnia 9 czerwca 2011 r. &#8211; Prawo geologiczne i&nbsp;g&oacute;rnicze (Dz.&nbsp;U.&nbsp;z&nbsp;2015&nbsp;r.&nbsp;poz.&nbsp;196, 1272 i&nbsp;1505) zmianie ulegnie brzmienie art. 23 ust. 1 pkt 3, w&nbsp;art. 120 w&nbsp;ust. 1 i&nbsp;2 oraz w&nbsp;art. 124 we wprowadzeniu do wyliczenia u\u017cyte w&nbsp;r&oacute;\u017cnych przypadkach wyrazy &#8220;minister w\u0142a\u015bciwy do spraw gospodarki&#8221; zast\u0119puje si\u0119 u\u017cytymi w&nbsp;odpowiednich przypadkach wyrazami &#8220;minister w\u0142a\u015bciwy do spraw energii&#8221;, w&nbsp;art. 165 w&nbsp;ust. 1, 2, 6, 9 i&nbsp;13, w&nbsp;art. 166 w&nbsp;ust. 4 oraz w&nbsp;art. 167 w&nbsp;ust. 7 u\u017cyte w&nbsp;r&oacute;\u017cnych przypadkach wyrazy &#8220;minister w\u0142a\u015bciwy do spraw \u015brodowiska&#8221; zast\u0119puje si\u0119 u\u017cytymi w&nbsp;odpowiednich przypadkach wyrazami &#8220;minister w\u0142a\u015bciwy do spraw energii&#8221;.<\/span><\/p>\n<p class=\"Omwienie\" style=\"text-align: justify;\"><span style=\"font-size: 12pt; font-family: 'Calibri',sans-serif;\">W ustawie z&nbsp;dnia 29 czerwca 2011 r. o&nbsp;przygotowaniu i&nbsp;realizacji inwestycji w&nbsp;zakresie obiekt&oacute;w energetyki j\u0105drowej oraz inwestycji towarzysz\u0105cych (Dz. U. poz. 789, z&nbsp;p&oacute;\u017an. zm.) w&nbsp;art. 5 w&nbsp;ust. 1 w&nbsp;pkt 12 w&nbsp;lit. b, w&nbsp;art. 22 w&nbsp;ust. 2, w&nbsp;art. 52 w&nbsp;ust. 1 oraz w&nbsp;art. 58 w&nbsp;ust. 2 i&nbsp;4 u\u017cyte w&nbsp;r&oacute;\u017cnych przypadkach wyrazy &#8220;minister w\u0142a\u015bciwy do spraw gospodarki&#8221; zast\u0119puje si\u0119 u\u017cytymi w&nbsp;odpowiednich przypadkach wyrazami &#8220;minister w\u0142a\u015bciwy do spraw energii&#8221;.<\/span><\/p>\n<p class=\"Omwienie\" style=\"text-align: justify;\"><span style=\"font-size: 12pt; font-family: 'Calibri',sans-serif;\">W ustawie z&nbsp;dnia 16 wrze\u015bnia 2011 r. o&nbsp;wsp&oacute;\u0142pracy rozwojowej (Dz.&nbsp;U.&nbsp;z&nbsp;2015&nbsp;r.&nbsp;poz.&nbsp;2012) zmianie ulegnie brzmienie art. 17.<\/span><\/p>\n<p class=\"Omwienie\" style=\"text-align: justify;\"><span style=\"font-size: 12pt; font-family: 'Calibri',sans-serif;\">W ustawie z&nbsp;dnia 14 wrze\u015bnia 2012 r. o&nbsp;informowaniu o&nbsp;zu\u017cyciu energii przez produkty wykorzystuj\u0105ce energi\u0119 oraz o&nbsp;kontroli realizacji programu znakowania urz\u0105dze\u0144 biurowych (Dz. U. poz. 1203 oraz z&nbsp;2015 r. poz. 1069) w&nbsp;art. 2 w&nbsp;ust. 2 oraz w&nbsp;art.&nbsp;8&nbsp;u\u017cyte w&nbsp;r&oacute;\u017cnych przypadkach wyrazy &#8220;minister w\u0142a\u015bciwy do spraw gospodarki&#8221; zast\u0119puje si\u0119 u\u017cytymi w&nbsp;odpowiednich przypadkach wyrazami &#8220;minister w\u0142a\u015bciwy do spraw energii&#8221;.<\/span><\/p>\n<p class=\"Omwienie\" style=\"text-align: justify;\"><span style=\"font-size: 12pt; font-family: 'Calibri',sans-serif;\">W ustawie z&nbsp;dnia 30 sierpnia 2013 r. o&nbsp;dotacji przeznaczonej dla niekt&oacute;rych podmiot&oacute;w (Dz. U. poz. 1160) w&nbsp;art. 5 w&nbsp;ust. 1 w&nbsp;pkt 2 we wprowadzeniu do wyliczenia, w&nbsp;ust. 2 i&nbsp;3, w&nbsp;art. 6 w&nbsp;ust. 1, w&nbsp;art. 9 w&nbsp;ust. 1, w&nbsp;art. 10 w&nbsp;ust. 1, w&nbsp;ust. 3 we wprowadzeniu do wyliczenia, w&nbsp;ust. 4, w&nbsp;art. 11 oraz w&nbsp;art. 12 u\u017cyte w&nbsp;r&oacute;\u017cnych przypadkach wyrazy &#8220;minister w\u0142a\u015bciwy do spraw gospodarki&#8221; zast\u0119puje si\u0119 u\u017cytymi w&nbsp;odpowiednich przypadkach wyrazami &#8220;minister w\u0142a\u015bciwy do spraw energii&#8221;, dodaje si\u0119 art. 12a.<\/span><\/p>\n<p class=\"Omwienie\" style=\"text-align: justify;\"><span style=\"font-size: 12pt; font-family: 'Calibri',sans-serif;\">W ustawie z&nbsp;dnia 12 czerwca 2015 r. o&nbsp;systemie handlu uprawnieniami do emisji gaz&oacute;w cieplarnianych (Dz. U. poz. 1223) zmianie ulegnie brzmienie art. 29 ust. 2, art. 30 ust. 1, art. 36 ust. 6 wprowadzenie do wyliczenia, art. 42 ust. 2.<\/span><\/p>\n<p class=\"Omwienie\" style=\"text-align: justify;\"><span style=\"font-size: 12pt; font-family: 'Calibri',sans-serif;\">W ustawie z&nbsp;dnia 24 lipca 2015 r. o&nbsp;przygotowaniu i&nbsp;realizacji strategicznych inwestycji w&nbsp;zakresie sieci przesy\u0142owych (Dz. U. poz. 1265 i&nbsp;1753) zmianie ulegnie brzmienie art.&nbsp;4&nbsp;ust. 2 pkt 2.<\/span><\/p>\n<p class=\"Omwienie\" style=\"text-align: justify;\"><span style=\"font-size: 12pt; font-family: 'Calibri',sans-serif;\">W ustawie z&nbsp;dnia 24 lipca 2015 r. o&nbsp;kontroli niekt&oacute;rych inwestycji (Dz.&nbsp;U.&nbsp;poz.&nbsp;1272&nbsp;i&nbsp;2281 oraz z&nbsp;2016 r. poz. 149) zmianie ulegnie brzmienie art.&nbsp;3&nbsp;ust.&nbsp;1&nbsp;pkt 6, art. 13 ust. 5, art. 14 ust. 5.<\/span><\/p>\n<p>&nbsp;<\/p>\n<p class=\"Dziedzinaprawa\" style=\"text-align: justify;\"><span style=\"font-size: 12pt;\"><strong><span style=\"font-family: 'Calibri',sans-serif;\">CUDZOZIEMCY<\/span><\/strong><\/span><\/p>\n<p class=\"Tekstpraswki\" style=\"text-align: justify;\"><span style=\"font-size: 12pt;\"><strong><span style=\"font-family: 'Calibri',sans-serif;\">Rozporz\u0105dzenie<\/span><\/strong><span style=\"font-family: 'Calibri',sans-serif;\"> Ministra Spraw Wewn\u0119trznych i&nbsp;Administracji <\/span><span style=\"font-family: 'Calibri',sans-serif;\">z dnia 19 lutego 2016 r.<\/span><span style=\"font-family: 'Calibri',sans-serif;\">zmieniaj\u0105ce rozporz\u0105dzenie w&nbsp;sprawie wzoru zaproszenia, wzoru formularza wniosku o<\/span><span style=\"font-family: 'Calibri',sans-serif;\">wpisanie zaproszenia do ewidencji zaprosze\u0144 oraz wysoko\u015bci \u015brodk&oacute;w, kt&oacute;re powinien posiada\u0107 zapraszaj\u0105cy<\/span><span style=\"font-family: 'Calibri',sans-serif;\"> (Dz. U. z&nbsp;2016 r., poz. 289)<strong> &ndash; wejdzie w&nbsp;\u017cycie z&nbsp;dniem 23&nbsp;marca 2016 r.<\/strong><\/span><\/span><\/p>\n<p class=\"Omwienie\" style=\"text-align: justify;\"><span style=\"font-size: 12pt;\"><span style=\"font-family: 'Calibri',sans-serif;\">W rozporz\u0105dzeniu Ministra Spraw Wewn\u0119trznych z&nbsp;dnia 23 kwietnia 2014 r. w&nbsp;sprawie wzoru zaproszenia, wzoru formularza wniosku o&nbsp;wpisanie zaproszenia do ewidencji zaprosze\u0144 oraz wysoko\u015bci \u015brodk&oacute;w, kt&oacute;re powinien posiada\u0107 zapraszaj\u0105cy (Dz.<\/span><span style=\"font-family: 'Calibri',sans-serif;\">U.<\/span><span style=\"font-family: 'Calibri',sans-serif;\">poz.<\/span><span style=\"font-family: 'Calibri',sans-serif;\">546 oraz z&nbsp;2015 r. poz. 741) <\/span><span style=\"font-family: 'Calibri',sans-serif;\">zmianie ulegnie brzmienie<\/span><span style=\"font-family: 'Calibri',sans-serif;\"> &sect; 2 ust. 1<\/span><span style=\"font-family: 'Calibri',sans-serif;\">.<\/span><\/span><\/p>\n<p class=\"Tekstpraswki\" style=\"text-align: justify;\"><span style=\"font-size: 12pt;\"><strong><span style=\"font-family: 'Calibri',sans-serif;\">Rozporz\u0105dzenie<\/span><\/strong><span style=\"font-family: 'Calibri',sans-serif;\"> Ministra Spraw Wewn\u0119trznych i&nbsp;Administracji <\/span><span style=\"font-family: 'Calibri',sans-serif;\">z dnia 19 lutego 2016 r.<\/span><span style=\"font-family: 'Calibri',sans-serif;\">zmieniaj\u0105ce rozporz\u0105dzenie w&nbsp;sprawie \u015brodk&oacute;w finansowych wymaganych od cudzoziemca wje\u017cd\u017caj\u0105cego na terytorium Rzeczypospolitej Polskiej oraz dokument&oacute;w, kt&oacute;re mog\u0105 potwierdzi\u0107 mo\u017cliwo\u015b\u0107 uzyskania takich \u015brodk&oacute;w, a&nbsp;tak\u017ce cel i&nbsp;czas trwania planowanego pobytu<\/span><span style=\"font-family: 'Calibri',sans-serif;\"> (Dz. U. z&nbsp;2016 r., poz. 282)<strong> &ndash; wejdzie w&nbsp;\u017cycie z&nbsp;dniem 22&nbsp;marca 2016 r.<\/strong><\/span><\/span><\/p>\n<p class=\"Omwienie\" style=\"text-align: justify;\"><span style=\"font-size: 12pt;\"><span style=\"font-family: 'Calibri',sans-serif;\">W rozporz\u0105dzeniu Ministra Spraw Wewn\u0119trznych z&nbsp;dnia 23 lutego 2015 r. w&nbsp;sprawie \u015brodk&oacute;w finansowych wymaganych od cudzoziemca wje\u017cd\u017caj\u0105cego na terytorium Rzeczypospolitej Polskiej oraz dokument&oacute;w, kt&oacute;re mog\u0105 potwierdzi\u0107 mo\u017cliwo\u015b\u0107 uzyskania takich \u015brodk&oacute;w, a&nbsp;tak\u017ce cel i&nbsp;czas trwania planowanego pobytu (Dz. U. poz. 326) <\/span><span style=\"font-family: 'Calibri',sans-serif;\">zmianie ulegnie brzmienie<\/span><span style=\"font-family: 'Calibri',sans-serif;\"> &sect; 2 ust. 3<\/span><span style=\"font-family: 'Calibri',sans-serif;\">.<\/span><\/span><\/p>\n<p class=\"Tekstpraswki\" style=\"text-align: justify;\"><span style=\"font-size: 12pt;\"><strong><span style=\"font-family: 'Calibri',sans-serif;\">Rozporz\u0105dzenie<\/span><\/strong><span style=\"font-family: 'Calibri',sans-serif;\"> Rady Ministr&oacute;w <\/span><span style=\"font-family: 'Calibri',sans-serif;\">z dnia 24 lutego 2016 r.<\/span><span style=\"font-family: 'Calibri',sans-serif;\">zmieniaj\u0105ce rozporz\u0105dzenie w<\/span><span style=\"font-family: 'Calibri',sans-serif;\">sprawie minimalnej wysoko\u015bci \u015brodk&oacute;w finansowych, jakie musi posiada\u0107 cudzoziemiec prowadz\u0105cy na terytorium Rzeczypospolitej Polskiej badania naukowe lub prace rozwojowe, oraz dokument&oacute;w, kt&oacute;re mog\u0105 potwierdzi\u0107 mo\u017cliwo\u015b\u0107 uzyskania takich \u015brodk&oacute;w<\/span><span style=\"font-family: 'Calibri',sans-serif;\"> (Dz. U. z&nbsp;2016 r., poz. 288)<strong> &ndash; wejdzie w&nbsp;\u017cycie z&nbsp;dniem 23&nbsp;marca 2016 r.<\/strong><\/span><\/span><\/p>\n<p class=\"Omwienie\" style=\"text-align: justify;\"><span style=\"font-size: 12pt;\"><span style=\"font-family: 'Calibri',sans-serif;\">W rozporz\u0105dzeniu Rady Ministr&oacute;w z&nbsp;dnia 19 maja 2014 r. w&nbsp;sprawie minimalnej wysoko\u015bci \u015brodk&oacute;w finansowych, jakie musi posiada\u0107 cudzoziemiec prowadz\u0105cy na terytorium Rzeczypospolitej Polskiej badania naukowe lub prace rozwojowe, oraz dokument&oacute;w, kt&oacute;re mog\u0105 potwierdzi\u0107 mo\u017cliwo\u015b\u0107 uzyskania takich \u015brodk&oacute;w (Dz.<\/span><span style=\"font-family: 'Calibri',sans-serif;\">U.<\/span><span style=\"font-family: 'Calibri',sans-serif;\">poz.<\/span><span style=\"font-family: 'Calibri',sans-serif;\">677) <\/span><span style=\"font-family: 'Calibri',sans-serif;\">zmianie ulegnie brzmienie<\/span><span style=\"font-family: 'Calibri',sans-serif;\"> &sect; 2 ust. 1 i&nbsp;2<\/span><span style=\"font-family: 'Calibri',sans-serif;\">.<\/span><\/span><\/p>\n<p class=\"Tekstpraswki\" style=\"text-align: justify;\"><span style=\"font-size: 12pt;\"><strong><span style=\"font-family: 'Calibri',sans-serif;\">Rozporz\u0105dzenie<\/span><\/strong><span style=\"font-family: 'Calibri',sans-serif;\"> Rady Ministr&oacute;w <\/span><span style=\"font-family: 'Calibri',sans-serif;\">z dnia 24 lutego 2016 r.<\/span><span style=\"font-family: 'Calibri',sans-serif;\">zmieniaj\u0105ce rozporz\u0105dzenie w<\/span><span style=\"font-family: 'Calibri',sans-serif;\">sprawie minimalnej wysoko\u015bci \u015brodk&oacute;w finansowych, jakie musi posiada\u0107 cudzoziemiec podejmuj\u0105cy lub kontynuuj\u0105cy studia na terytorium Rzeczypospolitej Polskiej, oraz dokument&oacute;w mog\u0105cych potwierdzi\u0107 mo\u017cliwo\u015b\u0107 uzyskania takich \u015brodk&oacute;w<\/span><span style=\"font-family: 'Calibri',sans-serif;\"> (Dz.&nbsp;U.&nbsp;z&nbsp;2016&nbsp;r., poz. 285) <strong>&ndash; wejdzie w&nbsp;\u017cycie z&nbsp;dniem 22&nbsp;marca 2016 r.<\/strong><\/span><\/span><\/p>\n<p class=\"Omwienie\" style=\"text-align: justify;\"><span style=\"font-size: 12pt;\"><span style=\"font-family: 'Calibri',sans-serif;\">W rozporz\u0105dzeniu Rady Ministr&oacute;w z&nbsp;dnia 19 maja 2014 r. w&nbsp;sprawie minimalnej wysoko\u015bci \u015brodk&oacute;w finansowych, jakie musi posiada\u0107 cudzoziemiec podejmuj\u0105cy lub kontynuuj\u0105cy studia na terytorium Rzeczypospolitej Polskiej, oraz dokument&oacute;w mog\u0105cych potwierdzi\u0107 mo\u017cliwo\u015b\u0107 uzyskania takich \u015brodk&oacute;w (Dz. U. poz. 681) zmianie ulegnie brzmienie<\/span><span style=\"font-family: 'Calibri',sans-serif;\"> &sect; 2 ust. 1 i&nbsp;2<\/span><span style=\"font-family: 'Calibri',sans-serif;\">.<\/span><\/span><\/p>\n<p>&nbsp;<\/p>\n<p class=\"Dziedzinaprawa\" style=\"text-align: justify;\"><span style=\"font-size: 12pt;\"><strong><span style=\"font-family: 'Calibri',sans-serif;\">PRAWO PODATKOWE<\/span><\/strong><\/span><\/p>\n<p class=\"Tekstpraswki\" style=\"text-align: justify;\"><span style=\"font-size: 12pt;\"><strong><span style=\"font-family: 'Calibri',sans-serif;\">Rozporz\u0105dzenie<\/span><\/strong><span style=\"font-family: 'Calibri',sans-serif;\"> Rady Ministr&oacute;w <\/span><span style=\"font-family: 'Calibri',sans-serif;\">z dnia 25 lutego 2016 r.<\/span><span style=\"font-family: 'Calibri',sans-serif;\">zmieniaj\u0105ce rozporz\u0105dzenie w<\/span><span style=\"font-family: 'Calibri',sans-serif;\">sprawie okre\u015blenia wzor&oacute;w deklaracji, zeznania, o\u015bwiadczenia oraz informacji podatkowych obowi\u0105zuj\u0105cych w&nbsp;zakresie podatku dochodowego od os&oacute;b prawnych<\/span><span style=\"font-family: 'Calibri',sans-serif;\"> (Dz.&nbsp;U. z&nbsp;2016 r., poz. 273)<strong> &ndash; wesz\u0142o w&nbsp;\u017cycie z&nbsp;dniem 5&nbsp;marca 2016 r.<\/strong><\/span><\/span><\/p>\n<p class=\"Omwienie\" style=\"text-align: justify;\"><span style=\"font-size: 12pt;\"><span style=\"font-family: 'Calibri',sans-serif;\">W rozporz\u0105dzeniu Ministra Finans&oacute;w z&nbsp;dnia 24 listopada 2015 r. w&nbsp;sprawie okre\u015blenia wzor&oacute;w deklaracji, zeznania, o\u015bwiadczenia oraz informacji podatkowych obowi\u0105zuj\u0105cych w&nbsp;zakresie podatku dochodowego od os&oacute;b prawnych (Dz. U. poz. 1995)<\/span><span style=\"font-family: 'Calibri',sans-serif;\"> zmianie uleg\u0142o brzmienie za\u0142\u0105cznik&oacute;w nr 6-8 i&nbsp;10 do rozporz\u0105dzenia, w&nbsp;&sect; 1 w&nbsp;pkt 13 kropk\u0119 zast\u0119puje si\u0119 \u015brednikiem i&nbsp;dodaje si\u0119 pkt 14, dodaje si\u0119 za\u0142\u0105cznik nr 14 do rozporz\u0105dzenia.<\/span><\/span><\/p>\n<p>&nbsp;<\/p>\n<p class=\"Dziedzinaprawa\" style=\"text-align: justify;\"><span style=\"font-size: 12pt;\"><strong><span style=\"font-family: 'Calibri',sans-serif;\">BUD\u017bET PA\u0143STWA<\/span><\/strong><\/span><\/p>\n<p class=\"Tekstpraswki\" style=\"text-align: justify;\"><span style=\"font-size: 12pt;\"><strong><span style=\"font-family: 'Calibri',sans-serif;\">U<\/span><\/strong><strong><span style=\"font-family: 'Calibri',sans-serif;\">stawa <\/span><\/strong><span style=\"font-family: 'Calibri',sans-serif;\">Bud\u017cetowa na rok 2016 <\/span><span style=\"font-family: 'Calibri',sans-serif;\">z dnia 25 lutego 2016 r.<\/span><span style=\"font-family: 'Calibri',sans-serif;\"> (Dz. U. z&nbsp;2016 r., poz. 278) <strong>&ndash; wesz\u0142a w&nbsp;\u017cycie z&nbsp;dniem 4 marca 2016 r., z&nbsp;moc\u0105 od dnia 1 stycznia 2016 r.<\/strong><\/span><\/span><\/p>\n<p>&nbsp;<\/p>\n<p class=\"Dziedzinaprawa\" style=\"text-align: justify;\"><span style=\"font-size: 12pt;\"><strong><span style=\"font-family: 'Calibri',sans-serif;\">KOMERCJALIZACJA I&nbsp;PRYWATYZACJA<\/span><\/strong><\/span><\/p>\n<p class=\"Tekstpraswki\" style=\"text-align: justify;\"><span style=\"font-size: 12pt;\"><strong><span style=\"font-family: 'Calibri',sans-serif;\">Rozporz\u0105dzenie<\/span><\/strong><span style=\"font-family: 'Calibri',sans-serif;\"> Rady Ministr&oacute;w <\/span><span style=\"font-family: 'Calibri',sans-serif;\">z dnia 26 lutego 2016 r.<\/span><span style=\"font-family: 'Calibri',sans-serif;\">zmieniaj\u0105ce rozporz\u0105dzenie w<\/span><span style=\"font-family: 'Calibri',sans-serif;\">sprawie szczeg&oacute;\u0142owego trybu sprzeda\u017cy przedsi\u0119biorstwa<\/span><span style=\"font-family: 'Calibri',sans-serif;\"> (Dz. U. z&nbsp;2016 r., poz. 284)<strong> &ndash; wejdzie w&nbsp;\u017cycie z&nbsp;dniem 22&nbsp;marca 2016 r.<\/strong><\/span><\/span><\/p>\n<p class=\"Omwienie\" style=\"text-align: justify;\"><span style=\"font-size: 12pt;\"><span style=\"font-family: 'Calibri',sans-serif;\">W rozporz\u0105dzeniu Rady Ministr&oacute;w z&nbsp;dnia 14 grudnia 2004 r. w&nbsp;sprawie szczeg&oacute;\u0142owego trybu sprzeda\u017cy przedsi\u0119biorstwa (Dz. U. Nr 277, poz. 2744)<\/span><span style=\"font-family: 'Calibri',sans-serif;\"> zmianie ulegnie brzmienie &sect; 3 ust. 3, u\u017cyty w&nbsp;&sect; 3 w&nbsp;ust. 1, w&nbsp;&sect; 4 w&nbsp;ust. 1, w&nbsp;&sect; 5, w&nbsp;tytule rozdzia\u0142u 3, w&nbsp;&sect;&nbsp;15&nbsp;w&nbsp;ust. 1 we wprowadzeniu do wyliczenia i&nbsp;w pkt 3-6 oraz w&nbsp;ust. 2, w&nbsp;&sect; 16, w&nbsp;&sect; 17 w&nbsp;ust.&nbsp;1, w&nbsp;&sect; 18 w&nbsp;ust. 1 i&nbsp;2 oraz 4-7 oraz w&nbsp;&sect; 19 w&nbsp;ust. 1-4 i&nbsp;6 w&nbsp;r&oacute;\u017cnej liczbie i&nbsp;przypadku wyraz &#8220;rokowania&#8221; zast\u0119puje si\u0119 u\u017cytym w&nbsp;odpowiedniej liczbie i&nbsp;przypadku wyrazem &#8220;negocjacje&#8221;.<\/span><\/span><\/p>\n<p class=\"Tekstpraswki\" style=\"text-align: justify;\"><span style=\"font-size: 12pt;\"><strong><span style=\"font-family: 'Calibri',sans-serif;\">Rozporz\u0105dzenie<\/span><\/strong><span style=\"font-family: 'Calibri',sans-serif;\"> Rady Ministr&oacute;w <\/span><span style=\"font-family: 'Calibri',sans-serif;\">z dnia 26 lutego 2016 r.<\/span><span style=\"font-family: 'Calibri',sans-serif;\">zmieniaj\u0105ce rozporz\u0105dzenie w<\/span><span style=\"font-family: 'Calibri',sans-serif;\">sprawie analizy przedsi\u0119biorstwa pa\u0144stwowego dokonywanej przed wydaniem zarz\u0105dzenia o&nbsp;prywatyzacji bezpo\u015bredniej<\/span><span style=\"font-family: 'Calibri',sans-serif;\"> (Dz. U. z&nbsp;2016 r., poz. 301)<strong> &ndash; wejdzie w&nbsp;\u017cycie z&nbsp;dniem 24&nbsp;marca 2016 r.<\/strong><\/span><\/span><\/p>\n<p class=\"Omwienie\" style=\"text-align: justify;\"><span style=\"font-size: 12pt;\"><span style=\"font-family: 'Calibri',sans-serif;\">W rozporz\u0105dzeniu Rady Ministr&oacute;w z&nbsp;dnia 17 lutego 2009 r. w&nbsp;sprawie analizy przedsi\u0119biorstwa pa\u0144stwowego dokonywanej przed wydaniem zarz\u0105dzenia o&nbsp;prywatyzacji bezpo\u015bredniej (Dz. U. poz. 265) <\/span><span style=\"font-family: 'Calibri',sans-serif;\">zmianie ulegnie brzmienie<\/span><span style=\"font-family: 'Calibri',sans-serif;\"> &sect; 8 ust. 1<\/span><span style=\"font-family: 'Calibri',sans-serif;\">.<\/span><\/span><\/p>\n<p>&nbsp;<\/p>\n<p class=\"Dziedzinaprawa\" style=\"text-align: justify;\"><span style=\"font-size: 12pt;\"><strong><span style=\"font-family: 'Calibri',sans-serif;\">SKARB PA\u0143STWA<\/span><\/strong><\/span><\/p>\n<p class=\"Tekstpraswki\" style=\"text-align: justify;\"><span style=\"font-size: 12pt;\"><strong><span style=\"font-family: 'Calibri',sans-serif;\">Rozporz\u0105dzenie<\/span><\/strong><span style=\"font-family: 'Calibri',sans-serif;\"> Rady Ministr&oacute;w <\/span><span style=\"font-family: 'Calibri',sans-serif;\">z dnia 26 lutego 2016 r.<\/span><span style=\"font-family: 'Calibri',sans-serif;\">zmieniaj\u0105ce rozporz\u0105dzenie w<\/span><span style=\"font-family: 'Calibri',sans-serif;\">sprawie sposobu i&nbsp;trybu gospodarowania sk\u0142adnikami rzeczowymi maj\u0105tku ruchomego, w&nbsp;kt&oacute;ry wyposa\u017cone s\u0105 jednostki bud\u017cetowe<\/span><span style=\"font-family: 'Calibri',sans-serif;\"> (Dz. U. z&nbsp;2016 r., poz. 300)<strong> &ndash; wejdzie w&nbsp;\u017cycie z&nbsp;dniem 24&nbsp;marca 2016 r.<\/strong><\/span><\/span><\/p>\n<p class=\"Omwienie\" style=\"text-align: justify;\"><span style=\"font-size: 12pt;\"><span style=\"font-family: 'Calibri',sans-serif;\">W rozporz\u0105dzeniu Rady Ministr&oacute;w z&nbsp;dnia 21 maja 2010 r. w&nbsp;sprawie sposobu i&nbsp;trybu gospodarowania sk\u0142adnikami rzeczowymi maj\u0105tku ruchomego, w&nbsp;kt&oacute;ry wyposa\u017cone s\u0105 jednostki bud\u017cetowe (Dz. U. poz. 761)<\/span><span style=\"font-family: 'Calibri',sans-serif;\"> zmianie ulegnie brzmienie &sect; 14 ust. 2, &sect; 35, &sect;&nbsp;36&nbsp;ust. 1.<\/span><\/span><\/p>\n<p>&nbsp;<\/p>\n<p class=\"Dziedzinaprawa\" style=\"text-align: justify;\"><span style=\"font-size: 12pt;\"><strong><span style=\"font-family: 'Calibri',sans-serif;\">PRAWO O&nbsp;PROKURATURZE<\/span><\/strong><\/span><\/p>\n<p class=\"Tekstpraswki\" style=\"text-align: justify;\"><span style=\"font-size: 12pt;\"><strong><span style=\"font-family: 'Calibri',sans-serif;\">Rozporz\u0105dzenie<\/span><\/strong><span style=\"font-family: 'Calibri',sans-serif;\"> Ministra Sprawiedliwo\u015bci <\/span><span style=\"font-family: 'Calibri',sans-serif;\">z dnia 19 lutego 2016 r.<\/span><span style=\"font-family: 'Calibri',sans-serif;\">w sprawie utworzenia Wydzia\u0142&oacute;w Zamiejscowych Departamentu do Spraw Przest\u0119pczo\u015bci Zorganizowanej i<\/span><span style=\"font-family: 'Calibri',sans-serif;\">Korupcji Prokuratury Krajowej, prokuratur regionalnych, okr\u0119gowych i&nbsp;rejonowych oraz ustalenia ich siedzib i&nbsp;obszar&oacute;w w\u0142a\u015bciwo\u015bci<\/span><span style=\"font-family: 'Calibri',sans-serif;\"> (Dz. U. z&nbsp;2016 r., poz. 270)<strong> &ndash; wesz\u0142o w&nbsp;\u017cycie z&nbsp;dniem 4 marca 2016 r.<\/strong><\/span><\/span><\/p>\n<p class=\"Tekstpraswki\" style=\"text-align: justify;\"><span style=\"font-size: 12pt;\"><strong><span style=\"font-family: 'Calibri',sans-serif;\">Rozporz\u0105dzenie<\/span><\/strong><span style=\"font-family: 'Calibri',sans-serif;\"> Ministra Sprawiedliwo\u015bci z&nbsp;dnia 19 lutego 2016 r. w&nbsp;sprawie utworzenia, ustalenia siedzib i&nbsp;obszar&oacute;w w\u0142a\u015bciwo\u015bci o\u015brodk&oacute;w zamiejscowych prokuratur regionalnych, okr\u0119gowych i&nbsp;rejonowych poza siedzib\u0105 prokuratury (Dz.&nbsp;U.&nbsp;z&nbsp;2016&nbsp;r.,&nbsp;poz.&nbsp;268) <strong>&ndash; wesz\u0142o w&nbsp;\u017cycie z&nbsp;dniem 4 marca 2016 r.<\/strong><\/span><\/span><\/p>\n<p class=\"Tekstpraswki\" style=\"text-align: justify;\"><span style=\"font-size: 12pt;\"><strong><span style=\"font-family: 'Calibri',sans-serif;\">Rozporz\u0105dzenie <\/span><\/strong><span style=\"font-family: 'Calibri',sans-serif;\">Rady Ministr&oacute;w z&nbsp;dnia 29 lutego 2016 r. w&nbsp;sprawie wynagrodzenia zasadniczego prokurator&oacute;w oraz wysoko\u015bci dodatk&oacute;w funkcyjnych przys\u0142uguj\u0105cych prokuratorom (Dz. U. z&nbsp;2016 r., poz. 271)<strong> &ndash; wesz\u0142o w&nbsp;\u017cycie z&nbsp;dniem 4 marca 2016 r.<\/strong><\/span><\/span><\/p>\n<p>&nbsp;<\/p>\n<p class=\"Dziedzinaprawa\" style=\"text-align: justify;\"><span style=\"font-size: 12pt;\"><strong><span style=\"font-family: 'Calibri',sans-serif;\">PRAWO OCHRONY \u015aRODOWISKA<\/span><\/strong><\/span><\/p>\n<p class=\"Tekstpraswki\" style=\"text-align: justify;\"><span style=\"font-size: 12pt;\"><strong><span style=\"font-family: 'Calibri',sans-serif;\">Rozporz\u0105dzenie<\/span><\/strong><span style=\"font-family: 'Calibri',sans-serif;\"> Ministra Rozwoju <\/span><span style=\"font-family: 'Calibri',sans-serif;\">z dnia 23 lutego 2016 r.<\/span><span style=\"font-family: 'Calibri',sans-serif;\">w sprawie raportu o<\/span><span style=\"font-family: 'Calibri',sans-serif;\">bezpiecze\u0144stwie zak\u0142adu o&nbsp;du\u017cym ryzyku<\/span><span style=\"font-family: 'Calibri',sans-serif;\"> (Dz. U. z&nbsp;2016 r., poz. 287)<strong> &ndash; wejdzie w&nbsp;\u017cycie z&nbsp;dniem 22 marca 2016 r.<\/strong><\/span><\/span><\/p>\n<p>&nbsp;<\/p>\n<p class=\"Dziedzinaprawa\" style=\"text-align: justify;\"><span style=\"font-size: 12pt;\"><strong><span style=\"font-family: 'Calibri',sans-serif;\">PRAWO KARNE WYKONAWCZE<\/span><\/strong><\/span><\/p>\n<p class=\"Tekstpraswki\" style=\"text-align: justify;\"><span style=\"font-size: 12pt;\"><strong><span style=\"font-family: 'Calibri',sans-serif;\">Rozporz\u0105dzenie<\/span><\/strong><span style=\"font-family: 'Calibri',sans-serif;\"> Ministra Sprawiedliwo\u015bci<\/span><span style=\"font-family: 'Calibri',sans-serif;\"> z&nbsp;dnia 19 lutego 2016 r.<\/span><span style=\"font-family: 'Calibri',sans-serif;\">w sprawie wy\u017cywienia osadzonych w&nbsp;zak\u0142adach karnych i&nbsp;aresztach \u015bledczych<\/span><span style=\"font-family: 'Calibri',sans-serif;\"> (Dz.&nbsp;U.&nbsp;z&nbsp;2016&nbsp;r.,&nbsp;poz. 302) <strong>&ndash; wejdzie w&nbsp;\u017cycie z&nbsp;dniem 24 marca 2016 r.<\/strong><\/span><\/span><\/p>\n<p>&nbsp;<\/p>\n<p class=\"Dziedzinaprawa\" style=\"text-align: justify;\"><span style=\"font-size: 12pt;\"><strong><span style=\"font-family: 'Calibri',sans-serif;\">AGENCJA MIENIA WOJSKOWEGO<\/span><\/strong><\/span><\/p>\n<p class=\"Tekstpraswki\" style=\"text-align: justify;\"><span style=\"font-size: 12pt;\"><strong><span style=\"font-family: 'Calibri',sans-serif;\">Rozporz\u0105dzenie<\/span><\/strong><span style=\"font-family: 'Calibri',sans-serif;\"> Ministra Obrony Narodowej z&nbsp;dnia 9 lutego 2016 r. w&nbsp;sprawie szczeg&oacute;\u0142owego trybu przekazywania mienia ruchomego Skarbu Pa\u0144stwa b\u0119d\u0105cego we w\u0142adaniu jednostek organizacyjnych podleg\u0142ych Ministrowi Obrony Narodowej lub przez niego nadzorowanych (Dz. U. z&nbsp;2016 r., poz. 267) <strong>&ndash; wejdzie w&nbsp;\u017cycie z&nbsp;dniem 17&nbsp;marca 2016 r.<\/strong><\/span><\/span><\/p>\n<p class=\"Tekstpraswki\" style=\"text-align: justify;\"><span style=\"font-size: 12pt;\"><strong><span style=\"font-family: 'Calibri',sans-serif;\">Rozporz\u0105dzenie<\/span><\/strong><span style=\"font-family: 'Calibri',sans-serif;\"> Ministra Obrony Narodowej z&nbsp;dnia 12 lutego 2016 r. w&nbsp;sprawie gospodarowania lokalami mieszkalnymi przez Agencj\u0119 Mienia Wojskowego (Dz.&nbsp;U.&nbsp;z&nbsp;2016&nbsp;r., poz. 275) <strong>&ndash; wejdzie w&nbsp;\u017cycie z&nbsp;dniem 19&nbsp;marca 2016 r.<\/strong><\/span><\/span><\/p>\n<p>&nbsp;<\/p>\n<p class=\"Dziedzinaprawa\" style=\"text-align: justify;\"><span style=\"font-size: 12pt;\"><strong><span style=\"font-family: 'Calibri',sans-serif;\">TRANSPORT<\/span><\/strong><\/span><\/p>\n<p class=\"Tekstpraswki\" style=\"text-align: justify;\"><span style=\"font-size: 12pt;\"><strong><span style=\"font-family: 'Calibri',sans-serif;\">Rozporz\u0105dzenie<\/span><\/strong><span style=\"font-family: 'Calibri',sans-serif;\"> Ministra Infrastruktury i&nbsp;Budownictwa z&nbsp;dnia 10 lutego 2016 r. zmieniaj\u0105ce rozporz\u0105dzenie w&nbsp;sprawie okre\u015blenia umundurowania, legitymacji, dystynkcji i&nbsp;znak&oacute;w identyfikacyjnych funkcjonariuszy stra\u017cy ochrony kolei (Dz.&nbsp;U.&nbsp;z&nbsp;2016&nbsp;r.,&nbsp;poz.&nbsp;274)<strong> &ndash; wejdzie w&nbsp;\u017cycie z&nbsp;dniem 19&nbsp;marca 2016 r.<\/strong><\/span><\/span><\/p>\n<p class=\"Omwienie\" style=\"text-align: justify;\"><span style=\"font-size: 12pt;\"><span style=\"font-family: 'Calibri',sans-serif;\">W rozporz\u0105dzeniu Ministra Infrastruktury i&nbsp;Rozwoju z&nbsp;dnia 11 wrze\u015bnia 2014 r. w&nbsp;sprawie okre\u015blenia umundurowania, legitymacji, dystynkcji i&nbsp;znak&oacute;w identyfikacyjnych funkcjonariuszy stra\u017cy ochrony kolei (Dz. U. poz. 1593)<\/span><span style=\"font-family: 'Calibri',sans-serif;\"> zmianie ulegnie brzmienie &sect;&nbsp;3&nbsp;ust. 1 pkt 5 i&nbsp;6, &sect; 11 ust. 1, za\u0142\u0105cznika nr 1-3, za\u0142\u0105cznika nr 5, za\u0142\u0105cznika nr 6, za\u0142\u0105cznika nr 9, za\u0142\u0105cznika nr 10, za\u0142\u0105cznika nr 12.<\/span><\/span><\/p>\n<p class=\"Tekstpraswki\" style=\"text-align: justify;\"><span style=\"font-size: 12pt;\"><strong><span style=\"font-family: 'Calibri',sans-serif;\">Rozporz\u0105dzenie<\/span><\/strong><span style=\"font-family: 'Calibri',sans-serif;\"> Ministra Infrastruktury i&nbsp;Budownictwa z&nbsp;dnia 4 marca 2016 r.<\/span><span style=\"font-family: 'Calibri',sans-serif;\">w<\/span><span style=\"font-family: 'Calibri',sans-serif;\">sprawie szkolenia os&oacute;b ubiegaj\u0105cych si\u0119 o&nbsp;uprawnienia do kierowania pojazdami, instruktor&oacute;w i&nbsp;wyk\u0142adowc&oacute;w<\/span><span style=\"font-family: 'Calibri',sans-serif;\"> (Dz. U. z&nbsp;2016 r., poz. 280)<strong> &ndash; wesz\u0142o w&nbsp;\u017cycie z&nbsp;dniem 5&nbsp;marca 2016 r., z&nbsp;wyj\u0105tkiem przepis&oacute;w &sect; 3 ust. 4 i&nbsp;5, &sect; 6 ust. 2 pkt 4 oraz &sect; 7, kt&oacute;re wchodz\u0105 w&nbsp;\u017cycie z&nbsp;dniem 1 czerwca 2016 r.<\/strong><\/span><\/span><\/p>\n<p class=\"Tekstpraswki\" style=\"text-align: justify;\"><span style=\"font-size: 12pt;\"><strong><span style=\"font-family: 'Calibri',sans-serif;\">Rozporz\u0105dzenie <\/span><\/strong><span style=\"font-family: 'Calibri',sans-serif;\">Ministra Obrony Narodowej z&nbsp;dnia 29 lutego 2016 r. zmieniaj\u0105ce rozporz\u0105dzenie w&nbsp;sprawie sposobu i&nbsp;trybu wydawania zezwole\u0144 wojskowych na przejazd drogowy oraz sposobu organizacji i&nbsp;oznakowania kolumn pojazd&oacute;w Si\u0142 Zbrojnych Rzeczypospolitej Polskiej (Dz. U. z&nbsp;2016 r., poz. 279) <strong>&ndash; wesz\u0142o w&nbsp;\u017cycie z&nbsp;dniem 5&nbsp;marca 2016 r.<\/strong><\/span><\/span><\/p>\n<p class=\"Omwienie\" style=\"text-align: justify;\"><span style=\"font-size: 12pt;\"><span style=\"font-family: 'Calibri',sans-serif;\">W rozporz\u0105dzeniu Ministra Obrony Narodowej z&nbsp;dnia 21 listopada 2012 r. w&nbsp;sprawie sposobu i&nbsp;trybu wydawania zezwole\u0144 wojskowych na przejazd drogowy oraz sposobu organizacji i&nbsp;oznakowania kolumn pojazd&oacute;w Si\u0142 Zbrojnych Rzeczypospolitej Polskiej (Dz.<\/span><span style=\"font-family: 'Calibri',sans-serif;\">U. poz. 1368 i&nbsp;1450)<\/span><span style=\"font-family: 'Calibri',sans-serif;\"> zmianie ulegnie brzmienie &sect; 6 ust. 1, &sect; 9 wprowadzenie do wyliczenia, &sect; 23 ust. 8, &sect; 2 w&nbsp;pkt 9 kropk\u0119 zast\u0119puje si\u0119 \u015brednikiem i&nbsp;dodaje si\u0119 pkt 10.<\/span><\/span><\/p>\n<p>&nbsp;<\/p>\n<p class=\"Dziedzinaprawa\" style=\"text-align: justify;\"><span style=\"font-size: 12pt;\"><strong><span style=\"font-family: 'Calibri',sans-serif;\">PRAWO ROLNE<\/span><\/strong><\/span><\/p>\n<p class=\"Tekstpraswki\" style=\"text-align: justify;\"><span style=\"font-size: 12pt;\"><strong><span style=\"font-family: 'Calibri',sans-serif;\">Rozporz\u0105dzenie<\/span><\/strong><span style=\"font-family: 'Calibri',sans-serif;\"> Ministra Rolnictwa i&nbsp;Rozwoju Wsi <\/span><span style=\"font-family: 'Calibri',sans-serif;\">z dnia 18 lutego 2016 r.<\/span><span style=\"font-family: 'Calibri',sans-serif;\">zmieniaj\u0105ce rozporz\u0105dzenie w&nbsp;sprawie okre\u015blenia spraw rozstrzyganych w&nbsp;drodze decyzji administracyjnych przez powiatowego lekarza weterynarii albo urz\u0119dowego lekarza weterynarii z&nbsp;upowa\u017cnienia powiatowego lekarza weterynarii<\/span><span style=\"font-family: 'Calibri',sans-serif;\"> (Dz. U. z&nbsp;2016 r., poz. 272) <strong>&ndash; wejdzie w&nbsp;\u017cycie z&nbsp;dniem 19&nbsp;marca 2016 r., z&nbsp;wyj\u0105tkiem &sect; 1 pkt 2, kt&oacute;ry wchodzi w&nbsp;\u017cycie z&nbsp;dniem 5 marca 2016 r.<\/strong><\/span><\/span><\/p>\n<p class=\"Omwienie\" style=\"text-align: justify;\"><span style=\"font-size: 12pt;\"><span style=\"font-family: 'Calibri',sans-serif;\">W rozporz\u0105dzeniu Ministra Rolnictwa i&nbsp;Rozwoju Wsi z&nbsp;dnia 9 pa\u017adziernika 2006 r. w<\/span><span style=\"font-family: 'Calibri',sans-serif;\">sprawie okre\u015blenia spraw rozstrzyganych w&nbsp;drodze decyzji administracyjnych przez powiatowego lekarza weterynarii albo urz\u0119dowego lekarza weterynarii z&nbsp;upowa\u017cnienia powiatowego lekarza weterynarii (Dz. U. z&nbsp;2014 r. poz. 1472 oraz z&nbsp;2015 r. poz. 213)<\/span><span style=\"font-family: 'Calibri',sans-serif;\"> zmianie ulegnie brzmienie &sect; 5 wprowadzenie do wyliczenia, w&nbsp;&sect; 1 dodaje si\u0119 pkt 7a.<\/span><\/span><\/p>\n<p>&nbsp;<\/p>\n","protected":false},"excerpt":{"rendered":"<p>We would like to present the next issue of legal bulletin of the Law Office of Adam Polowiec.What you will find here is some information about the new provisions of law and the projects of amendments to acts, but also case-laws including the case laws of Supreme Court, Constitutional Tribunal and European Court of Justice.<\/p>\n","protected":false},"author":3,"featured_media":0,"comment_status":"closed","ping_status":"open","sticky":false,"template":"","format":"standard","meta":{"footnotes":""},"categories":[2],"tags":[],"class_list":["post-625","post","type-post","status-publish","format-standard","hentry","category-wpisy"],"featured_image_src":{"landsacpe":false,"list":false,"medium":false,"full":false},"yoast_head":"<!-- This site is optimized with the Yoast SEO plugin v27.2 - https:\/\/yoast.com\/product\/yoast-seo-wordpress\/ -->\n<title>Legal Bulletin Of The Law Office Of Adam Polowiec (7 - 13 March 2016) - Polowiec i Wsp\u00f3lnicy - Kancelaria prawna<\/title>\n<meta name=\"robots\" content=\"index, follow, max-snippet:-1, max-image-preview:large, max-video-preview:-1\" \/>\n<link rel=\"canonical\" href=\"https:\/\/polowiec.pl\/en\/legal-bulletin-of-the-law-office-of-adam-polowiec-7-13-march-2016\/\" \/>\n<meta property=\"og:locale\" content=\"en_US\" \/>\n<meta property=\"og:type\" content=\"article\" \/>\n<meta property=\"og:title\" content=\"Legal Bulletin Of The Law Office Of Adam Polowiec (7 - 13 March 2016) - Polowiec i Wsp\u00f3lnicy - Kancelaria prawna\" \/>\n<meta property=\"og:description\" content=\"We would like to present the next issue of legal bulletin of the Law Office of Adam Polowiec.What you will find here is some information about the new provisions of law and the projects of amendments to acts, but also case-laws including the case laws of Supreme Court, Constitutional Tribunal and European Court of Justice.\" \/>\n<meta property=\"og:url\" content=\"https:\/\/polowiec.pl\/en\/legal-bulletin-of-the-law-office-of-adam-polowiec-7-13-march-2016\/\" \/>\n<meta property=\"og:site_name\" content=\"Polowiec i Wsp\u00f3lnicy - Kancelaria prawna\" \/>\n<meta property=\"article:publisher\" content=\"https:\/\/www.facebook.com\/polowieciwspolnicy\/\" \/>\n<meta property=\"article:published_time\" content=\"2016-05-26T16:13:42+00:00\" \/>\n<meta property=\"article:modified_time\" content=\"2019-04-18T17:36:29+00:00\" \/>\n<meta name=\"author\" content=\"Marcin Rusinek\" \/>\n<meta name=\"twitter:card\" content=\"summary_large_image\" \/>\n<meta name=\"twitter:label1\" content=\"Written by\" \/>\n\t<meta name=\"twitter:data1\" content=\"Marcin Rusinek\" \/>\n\t<meta name=\"twitter:label2\" content=\"Est. reading time\" \/>\n\t<meta name=\"twitter:data2\" content=\"25 minutes\" \/>\n<script type=\"application\/ld+json\" class=\"yoast-schema-graph\">{\"@context\":\"https:\/\/schema.org\",\"@graph\":[{\"@type\":\"Article\",\"@id\":\"https:\/\/polowiec.pl\/en\/legal-bulletin-of-the-law-office-of-adam-polowiec-7-13-march-2016\/#article\",\"isPartOf\":{\"@id\":\"https:\/\/polowiec.pl\/en\/legal-bulletin-of-the-law-office-of-adam-polowiec-7-13-march-2016\/\"},\"author\":{\"name\":\"Marcin Rusinek\",\"@id\":\"https:\/\/polowiec.pl\/en\/#\/schema\/person\/74c7526b6f52be5ae94031504f9ffec4\"},\"headline\":\"Legal Bulletin Of The Law Office Of Adam Polowiec (7 &#8211; 13 March 2016)\",\"datePublished\":\"2016-05-26T16:13:42+00:00\",\"dateModified\":\"2019-04-18T17:36:29+00:00\",\"mainEntityOfPage\":{\"@id\":\"https:\/\/polowiec.pl\/en\/legal-bulletin-of-the-law-office-of-adam-polowiec-7-13-march-2016\/\"},\"wordCount\":5069,\"publisher\":{\"@id\":\"https:\/\/polowiec.pl\/en\/#organization\"},\"articleSection\":[\"Wpisy\"],\"inLanguage\":\"en-US\"},{\"@type\":\"WebPage\",\"@id\":\"https:\/\/polowiec.pl\/en\/legal-bulletin-of-the-law-office-of-adam-polowiec-7-13-march-2016\/\",\"url\":\"https:\/\/polowiec.pl\/en\/legal-bulletin-of-the-law-office-of-adam-polowiec-7-13-march-2016\/\",\"name\":\"Legal Bulletin Of The Law Office Of Adam Polowiec (7 - 13 March 2016) - Polowiec i Wsp\u00f3lnicy - Kancelaria prawna\",\"isPartOf\":{\"@id\":\"https:\/\/polowiec.pl\/en\/#website\"},\"datePublished\":\"2016-05-26T16:13:42+00:00\",\"dateModified\":\"2019-04-18T17:36:29+00:00\",\"breadcrumb\":{\"@id\":\"https:\/\/polowiec.pl\/en\/legal-bulletin-of-the-law-office-of-adam-polowiec-7-13-march-2016\/#breadcrumb\"},\"inLanguage\":\"en-US\",\"potentialAction\":[{\"@type\":\"ReadAction\",\"target\":[\"https:\/\/polowiec.pl\/en\/legal-bulletin-of-the-law-office-of-adam-polowiec-7-13-march-2016\/\"]}]},{\"@type\":\"BreadcrumbList\",\"@id\":\"https:\/\/polowiec.pl\/en\/legal-bulletin-of-the-law-office-of-adam-polowiec-7-13-march-2016\/#breadcrumb\",\"itemListElement\":[{\"@type\":\"ListItem\",\"position\":1,\"name\":\"Strona g\u0142\u00f3wna\",\"item\":\"https:\/\/polowiec.pl\/en\/\"},{\"@type\":\"ListItem\",\"position\":2,\"name\":\"Legal Bulletin Of The Law Office Of Adam Polowiec (7 &#8211; 13 March 2016)\"}]},{\"@type\":\"WebSite\",\"@id\":\"https:\/\/polowiec.pl\/en\/#website\",\"url\":\"https:\/\/polowiec.pl\/en\/\",\"name\":\"Polowiec i Wsp\u00f3lnicy - Kancelaria prawna\",\"description\":\"Obs\u0142uga prawna\",\"publisher\":{\"@id\":\"https:\/\/polowiec.pl\/en\/#organization\"},\"potentialAction\":[{\"@type\":\"SearchAction\",\"target\":{\"@type\":\"EntryPoint\",\"urlTemplate\":\"https:\/\/polowiec.pl\/en\/?s={search_term_string}\"},\"query-input\":{\"@type\":\"PropertyValueSpecification\",\"valueRequired\":true,\"valueName\":\"search_term_string\"}}],\"inLanguage\":\"en-US\"},{\"@type\":\"Organization\",\"@id\":\"https:\/\/polowiec.pl\/en\/#organization\",\"name\":\"Polowiec i Wsp\u00f3lnicy - Kancelaria prawna\",\"url\":\"https:\/\/polowiec.pl\/en\/\",\"logo\":{\"@type\":\"ImageObject\",\"inLanguage\":\"en-US\",\"@id\":\"https:\/\/polowiec.pl\/en\/#\/schema\/logo\/image\/\",\"url\":\"https:\/\/polowiec.pl\/wp-content\/uploads\/2018\/10\/polowiec_logo2-1.png\",\"contentUrl\":\"https:\/\/polowiec.pl\/wp-content\/uploads\/2018\/10\/polowiec_logo2-1.png\",\"width\":540,\"height\":381,\"caption\":\"Polowiec i Wsp\u00f3lnicy - Kancelaria prawna\"},\"image\":{\"@id\":\"https:\/\/polowiec.pl\/en\/#\/schema\/logo\/image\/\"},\"sameAs\":[\"https:\/\/www.facebook.com\/polowieciwspolnicy\/\",\"https:\/\/www.linkedin.com\/company\/polowiec-i-wsplnicy-sp.j.\/about\/\"]},{\"@type\":\"Person\",\"@id\":\"https:\/\/polowiec.pl\/en\/#\/schema\/person\/74c7526b6f52be5ae94031504f9ffec4\",\"name\":\"Marcin Rusinek\",\"image\":{\"@type\":\"ImageObject\",\"inLanguage\":\"en-US\",\"@id\":\"https:\/\/secure.gravatar.com\/avatar\/b50a0a5c3e71d904f5e57a757d39977d01c43e075c6bf5b4df909ffbbe004790?s=96&d=mm&r=g\",\"url\":\"https:\/\/secure.gravatar.com\/avatar\/b50a0a5c3e71d904f5e57a757d39977d01c43e075c6bf5b4df909ffbbe004790?s=96&d=mm&r=g\",\"contentUrl\":\"https:\/\/secure.gravatar.com\/avatar\/b50a0a5c3e71d904f5e57a757d39977d01c43e075c6bf5b4df909ffbbe004790?s=96&d=mm&r=g\",\"caption\":\"Marcin Rusinek\"}}]}<\/script>\n<!-- \/ Yoast SEO plugin. -->","yoast_head_json":{"title":"Legal Bulletin Of The Law Office Of Adam Polowiec (7 - 13 March 2016) - Polowiec i Wsp\u00f3lnicy - Kancelaria prawna","robots":{"index":"index","follow":"follow","max-snippet":"max-snippet:-1","max-image-preview":"max-image-preview:large","max-video-preview":"max-video-preview:-1"},"canonical":"https:\/\/polowiec.pl\/en\/legal-bulletin-of-the-law-office-of-adam-polowiec-7-13-march-2016\/","og_locale":"en_US","og_type":"article","og_title":"Legal Bulletin Of The Law Office Of Adam Polowiec (7 - 13 March 2016) - Polowiec i Wsp\u00f3lnicy - Kancelaria prawna","og_description":"We would like to present the next issue of legal bulletin of the Law Office of Adam Polowiec.What you will find here is some information about the new provisions of law and the projects of amendments to acts, but also case-laws including the case laws of Supreme Court, Constitutional Tribunal and European Court of Justice.","og_url":"https:\/\/polowiec.pl\/en\/legal-bulletin-of-the-law-office-of-adam-polowiec-7-13-march-2016\/","og_site_name":"Polowiec i Wsp\u00f3lnicy - Kancelaria prawna","article_publisher":"https:\/\/www.facebook.com\/polowieciwspolnicy\/","article_published_time":"2016-05-26T16:13:42+00:00","article_modified_time":"2019-04-18T17:36:29+00:00","author":"Marcin Rusinek","twitter_card":"summary_large_image","twitter_misc":{"Written by":"Marcin Rusinek","Est. reading time":"25 minutes"},"schema":{"@context":"https:\/\/schema.org","@graph":[{"@type":"Article","@id":"https:\/\/polowiec.pl\/en\/legal-bulletin-of-the-law-office-of-adam-polowiec-7-13-march-2016\/#article","isPartOf":{"@id":"https:\/\/polowiec.pl\/en\/legal-bulletin-of-the-law-office-of-adam-polowiec-7-13-march-2016\/"},"author":{"name":"Marcin Rusinek","@id":"https:\/\/polowiec.pl\/en\/#\/schema\/person\/74c7526b6f52be5ae94031504f9ffec4"},"headline":"Legal Bulletin Of The Law Office Of Adam Polowiec (7 &#8211; 13 March 2016)","datePublished":"2016-05-26T16:13:42+00:00","dateModified":"2019-04-18T17:36:29+00:00","mainEntityOfPage":{"@id":"https:\/\/polowiec.pl\/en\/legal-bulletin-of-the-law-office-of-adam-polowiec-7-13-march-2016\/"},"wordCount":5069,"publisher":{"@id":"https:\/\/polowiec.pl\/en\/#organization"},"articleSection":["Wpisy"],"inLanguage":"en-US"},{"@type":"WebPage","@id":"https:\/\/polowiec.pl\/en\/legal-bulletin-of-the-law-office-of-adam-polowiec-7-13-march-2016\/","url":"https:\/\/polowiec.pl\/en\/legal-bulletin-of-the-law-office-of-adam-polowiec-7-13-march-2016\/","name":"Legal Bulletin Of The Law Office Of Adam Polowiec (7 - 13 March 2016) - Polowiec i Wsp\u00f3lnicy - Kancelaria prawna","isPartOf":{"@id":"https:\/\/polowiec.pl\/en\/#website"},"datePublished":"2016-05-26T16:13:42+00:00","dateModified":"2019-04-18T17:36:29+00:00","breadcrumb":{"@id":"https:\/\/polowiec.pl\/en\/legal-bulletin-of-the-law-office-of-adam-polowiec-7-13-march-2016\/#breadcrumb"},"inLanguage":"en-US","potentialAction":[{"@type":"ReadAction","target":["https:\/\/polowiec.pl\/en\/legal-bulletin-of-the-law-office-of-adam-polowiec-7-13-march-2016\/"]}]},{"@type":"BreadcrumbList","@id":"https:\/\/polowiec.pl\/en\/legal-bulletin-of-the-law-office-of-adam-polowiec-7-13-march-2016\/#breadcrumb","itemListElement":[{"@type":"ListItem","position":1,"name":"Strona g\u0142\u00f3wna","item":"https:\/\/polowiec.pl\/en\/"},{"@type":"ListItem","position":2,"name":"Legal Bulletin Of The Law Office Of Adam Polowiec (7 &#8211; 13 March 2016)"}]},{"@type":"WebSite","@id":"https:\/\/polowiec.pl\/en\/#website","url":"https:\/\/polowiec.pl\/en\/","name":"Polowiec i Wsp\u00f3lnicy - Kancelaria prawna","description":"Obs\u0142uga prawna","publisher":{"@id":"https:\/\/polowiec.pl\/en\/#organization"},"potentialAction":[{"@type":"SearchAction","target":{"@type":"EntryPoint","urlTemplate":"https:\/\/polowiec.pl\/en\/?s={search_term_string}"},"query-input":{"@type":"PropertyValueSpecification","valueRequired":true,"valueName":"search_term_string"}}],"inLanguage":"en-US"},{"@type":"Organization","@id":"https:\/\/polowiec.pl\/en\/#organization","name":"Polowiec i Wsp\u00f3lnicy - Kancelaria prawna","url":"https:\/\/polowiec.pl\/en\/","logo":{"@type":"ImageObject","inLanguage":"en-US","@id":"https:\/\/polowiec.pl\/en\/#\/schema\/logo\/image\/","url":"https:\/\/polowiec.pl\/wp-content\/uploads\/2018\/10\/polowiec_logo2-1.png","contentUrl":"https:\/\/polowiec.pl\/wp-content\/uploads\/2018\/10\/polowiec_logo2-1.png","width":540,"height":381,"caption":"Polowiec i Wsp\u00f3lnicy - Kancelaria prawna"},"image":{"@id":"https:\/\/polowiec.pl\/en\/#\/schema\/logo\/image\/"},"sameAs":["https:\/\/www.facebook.com\/polowieciwspolnicy\/","https:\/\/www.linkedin.com\/company\/polowiec-i-wsplnicy-sp.j.\/about\/"]},{"@type":"Person","@id":"https:\/\/polowiec.pl\/en\/#\/schema\/person\/74c7526b6f52be5ae94031504f9ffec4","name":"Marcin Rusinek","image":{"@type":"ImageObject","inLanguage":"en-US","@id":"https:\/\/secure.gravatar.com\/avatar\/b50a0a5c3e71d904f5e57a757d39977d01c43e075c6bf5b4df909ffbbe004790?s=96&d=mm&r=g","url":"https:\/\/secure.gravatar.com\/avatar\/b50a0a5c3e71d904f5e57a757d39977d01c43e075c6bf5b4df909ffbbe004790?s=96&d=mm&r=g","contentUrl":"https:\/\/secure.gravatar.com\/avatar\/b50a0a5c3e71d904f5e57a757d39977d01c43e075c6bf5b4df909ffbbe004790?s=96&d=mm&r=g","caption":"Marcin Rusinek"}}]}},"_links":{"self":[{"href":"https:\/\/polowiec.pl\/en\/wp-json\/wp\/v2\/posts\/625","targetHints":{"allow":["GET"]}}],"collection":[{"href":"https:\/\/polowiec.pl\/en\/wp-json\/wp\/v2\/posts"}],"about":[{"href":"https:\/\/polowiec.pl\/en\/wp-json\/wp\/v2\/types\/post"}],"author":[{"embeddable":true,"href":"https:\/\/polowiec.pl\/en\/wp-json\/wp\/v2\/users\/3"}],"replies":[{"embeddable":true,"href":"https:\/\/polowiec.pl\/en\/wp-json\/wp\/v2\/comments?post=625"}],"version-history":[{"count":0,"href":"https:\/\/polowiec.pl\/en\/wp-json\/wp\/v2\/posts\/625\/revisions"}],"wp:attachment":[{"href":"https:\/\/polowiec.pl\/en\/wp-json\/wp\/v2\/media?parent=625"}],"wp:term":[{"taxonomy":"category","embeddable":true,"href":"https:\/\/polowiec.pl\/en\/wp-json\/wp\/v2\/categories?post=625"},{"taxonomy":"post_tag","embeddable":true,"href":"https:\/\/polowiec.pl\/en\/wp-json\/wp\/v2\/tags?post=625"}],"curies":[{"name":"wp","href":"https:\/\/api.w.org\/{rel}","templated":true}]}}